{"id":53500,"date":"2026-03-10T17:51:08","date_gmt":"2026-03-10T23:51:08","guid":{"rendered":"https:\/\/soymigrante.com\/revista\/?p=53500"},"modified":"2026-03-10T18:17:19","modified_gmt":"2026-03-11T00:17:19","slug":"horario-de-verano-2026-en-usa-cuando-comenzo-y-hasta-cuando-dura","status":"publish","type":"post","link":"https:\/\/soymigrante.com\/revista\/horario-de-verano-2026-en-usa-cuando-comenzo-y-hasta-cuando-dura\/","title":{"rendered":"Horario de verano 2026 en USA: \u00bfCu\u00e1ndo comenz\u00f3 y hasta cuando dura?"},"content":{"rendered":"\t\t<div data-elementor-type=\"wp-post\" data-elementor-id=\"53500\" class=\"elementor elementor-53500\" data-elementor-post-type=\"post\">\n\t\t\t\t<div data-particle_enable=\"false\" data-particle-mobile-disabled=\"false\" class=\"elementor-element elementor-element-c6d3fcf e-flex e-con-boxed e-con e-parent\" data-id=\"c6d3fcf\" data-element_type=\"container\" data-e-type=\"container\">\n\t\t\t\t\t<div class=\"e-con-inner\">\n\t\t\t\t<div class=\"elementor-element elementor-element-075fb3d elementor-widget elementor-widget-heading\" data-id=\"075fb3d\" data-element_type=\"widget\" data-e-type=\"widget\" data-widget_type=\"heading.default\">\n\t\t\t\t\t<h2 class=\"elementor-heading-title elementor-size-default\">El horario de verano en Estados Unidos es un cambio semestral para aprovechar mejor la luz del d\u00eda: pero entre eso y las zonas horarias de ese pa\u00eds, es bueno tener ayuda. Te tenemos un mapa interactivo y la explicaci\u00f3n del summer time. <\/h2>\t\t\t\t<\/div>\n\t\t\t\t\t<\/div>\n\t\t\t\t<\/div>\n\t\t<div data-particle_enable=\"false\" data-particle-mobile-disabled=\"false\" class=\"elementor-element elementor-element-bffdeaf e-flex e-con-boxed e-con e-parent\" data-id=\"bffdeaf\" data-element_type=\"container\" data-e-type=\"container\">\n\t\t\t\t\t<div class=\"e-con-inner\">\n\t\t\t\t<div class=\"elementor-element elementor-element-6ebe6fa elementor-widget elementor-widget-text-editor\" data-id=\"6ebe6fa\" data-element_type=\"widget\" data-e-type=\"widget\" data-widget_type=\"text-editor.default\">\n\t\t\t\t\t\t\t\t\t<p>El horario de verano en<a href=\"https:\/\/soymigrante.com\/revista\/y-alla-que-hora-es-las-zonas-horarias-en-ee-uu-y-su-equivalencia-con-guatemala\/\" target=\"_blank\" rel=\"noopener\"> Estados Unidos para 2026 comenz\u00f3 el domingo 8 de marzo<\/a>\u00a0y en todo Estados Unidos, los relojes se atrasaron UNA hora.<\/p><p>Este ajuste, conocido como \u201cDaylight Saving Time\u201d (DST) o Tiempo de ahorro con luz de d\u00eda, se mantendr\u00e1 vigente hasta el domingo 1 de noviembre, cuando se retornar\u00e1 al horario est\u00e1ndar adelantando los relojes una hora.<\/p>\t\t\t\t\t\t\t\t<\/div>\n\t\t\t\t\t<\/div>\n\t\t\t\t<\/div>\n\t\t<div data-particle_enable=\"false\" data-particle-mobile-disabled=\"false\" class=\"elementor-element elementor-element-790ef55 e-flex e-con-boxed e-con e-parent\" data-id=\"790ef55\" data-element_type=\"container\" data-e-type=\"container\">\n\t\t\t\t\t<div class=\"e-con-inner\">\n\t\t\t\t<div class=\"elementor-element elementor-element-af47337 elementor-widget elementor-widget-heading\" data-id=\"af47337\" data-element_type=\"widget\" data-e-type=\"widget\" data-widget_type=\"heading.default\">\n\t\t\t\t\t<h3 class=\"elementor-heading-title elementor-size-default\">Consulta aqu\u00ed: Reloj interactivo de horarios en Estados Unidos<\/h3>\t\t\t\t<\/div>\n\t\t\t\t\t<\/div>\n\t\t\t\t<\/div>\n\t\t<div data-particle_enable=\"false\" data-particle-mobile-disabled=\"false\" class=\"elementor-element elementor-element-c084fa2 e-flex e-con-boxed e-con e-parent\" data-id=\"c084fa2\" data-element_type=\"container\" data-e-type=\"container\">\n\t\t\t\t\t<div class=\"e-con-inner\">\n\t\t\t\t<div class=\"elementor-element elementor-element-9aeaf7e elementor-widget elementor-widget-text-editor\" data-id=\"9aeaf7e\" data-element_type=\"widget\" data-e-type=\"widget\" data-widget_type=\"text-editor.default\">\n\t\t\t\t\t\t\t\t\t<div><a href=\"https:\/\/soymigrante.com\/revista\/y-alla-que-hora-es-las-zonas-horarias-en-ee-uu-y-su-equivalencia-con-guatemala\/\" target=\"_blank\" rel=\"noopener\">Para adaptarse sin contratiempos al inicio del horario de verano<\/a>\u00a0y tambi\u00e9n para saber qu\u00e9 hora es en las diferentes zonas de tiempo de Estados Unidos, presentamos este reloj interactivo, en el que se presenta la hora vigente por Estados y Regiones.<\/div>\t\t\t\t\t\t\t\t<\/div>\n\t\t\t\t\t<\/div>\n\t\t\t\t<\/div>\n\t\t<div data-particle_enable=\"false\" data-particle-mobile-disabled=\"false\" class=\"elementor-element elementor-element-f5e68a0 e-flex e-con-boxed e-con e-parent\" data-id=\"f5e68a0\" data-element_type=\"container\" data-e-type=\"container\">\n\t\t\t\t\t<div class=\"e-con-inner\">\n\t\t\t\t<div class=\"elementor-element elementor-element-977ee02 elementor-widget elementor-widget-html\" data-id=\"977ee02\" data-element_type=\"widget\" data-e-type=\"widget\" data-widget_type=\"html.default\">\n\t\t\t\t\t<iframe \r\n  src=\"https:\/\/www.time-zones-map.com\/\" \r\n  width=\"100%\" \r\n  height=\"700\" \r\n  style=\"border:0;\">\r\n<\/iframe>\t\t\t\t<\/div>\n\t\t\t\t\t<\/div>\n\t\t\t\t<\/div>\n\t\t<div data-particle_enable=\"false\" data-particle-mobile-disabled=\"false\" class=\"elementor-element elementor-element-b1bfd5d e-flex e-con-boxed e-con e-parent\" data-id=\"b1bfd5d\" data-element_type=\"container\" data-e-type=\"container\">\n\t\t\t\t\t<div class=\"e-con-inner\">\n\t\t\t\t<div class=\"elementor-element elementor-element-f80bdfa elementor-widget elementor-widget-heading\" data-id=\"f80bdfa\" data-element_type=\"widget\" data-e-type=\"widget\" data-widget_type=\"heading.default\">\n\t\t\t\t\t<h3 class=\"elementor-heading-title elementor-size-default\">Excepciones al horario de verano<\/h3>\t\t\t\t<\/div>\n\t\t\t\t\t<\/div>\n\t\t\t\t<\/div>\n\t\t<div data-particle_enable=\"false\" data-particle-mobile-disabled=\"false\" class=\"elementor-element elementor-element-d6162d3 e-flex e-con-boxed e-con e-parent\" data-id=\"d6162d3\" data-element_type=\"container\" data-e-type=\"container\">\n\t\t\t\t\t<div class=\"e-con-inner\">\n\t\t\t\t<div class=\"elementor-element elementor-element-a684a31 elementor-widget elementor-widget-text-editor\" data-id=\"a684a31\" data-element_type=\"widget\" data-e-type=\"widget\" data-widget_type=\"text-editor.default\">\n\t\t\t\t\t\t\t\t\t<p>No todos los estados y territorios de EE.UU. observan el horario de verano. Haw\u00e1i, la mayor parte de Arizona (excepto la Naci\u00f3n Navajo), Puerto Rico, Guam, Samoa Americana, las Islas V\u00edrgenes y las Islas Marianas del Norte mantienen <a href=\"https:\/\/soymigrante.com\/revista\/y-alla-que-hora-es-las-zonas-horarias-en-ee-uu-y-su-equivalencia-con-guatemala\/\" target=\"_blank\" rel=\"noopener\">un horario constante durante todo el a\u00f1o debido a sus caracter\u00edsticas geogr\u00e1ficas y clim\u00e1ticas.<\/a><\/p>\t\t\t\t\t\t\t\t<\/div>\n\t\t\t\t\t<\/div>\n\t\t\t\t<\/div>\n\t\t<div data-particle_enable=\"false\" data-particle-mobile-disabled=\"false\" class=\"elementor-element elementor-element-3baeb49 e-flex e-con-boxed e-con e-parent\" data-id=\"3baeb49\" data-element_type=\"container\" data-e-type=\"container\">\n\t\t\t\t\t<div class=\"e-con-inner\">\n\t\t\t\t<div class=\"elementor-element elementor-element-fe1a0cc elementor-widget elementor-widget-heading\" data-id=\"fe1a0cc\" data-element_type=\"widget\" data-e-type=\"widget\" data-widget_type=\"heading.default\">\n\t\t\t\t\t<h3 class=\"elementor-heading-title elementor-size-default\">Propuesta de abolici\u00f3n del horario de verano bajo la administraci\u00f3n Trump no prosper\u00f3<\/h3>\t\t\t\t<\/div>\n\t\t\t\t\t<\/div>\n\t\t\t\t<\/div>\n\t\t<div data-particle_enable=\"false\" data-particle-mobile-disabled=\"false\" class=\"elementor-element elementor-element-6c49615 e-flex e-con-boxed e-con e-parent\" data-id=\"6c49615\" data-element_type=\"container\" data-e-type=\"container\">\n\t\t\t\t\t<div class=\"e-con-inner\">\n\t\t\t\t<div class=\"elementor-element elementor-element-29e90f7 elementor-widget elementor-widget-text-editor\" data-id=\"29e90f7\" data-element_type=\"widget\" data-e-type=\"widget\" data-widget_type=\"text-editor.default\">\n\t\t\t\t\t\t\t\t\t<p>El debate sobre la continuidad del horario de verano ha resurgido recientemente. En diciembre de 2024, el presidente Donald Trump expres\u00f3 en su red social, Truth Social, que considera el ajuste de los relojes como \u201cuna medida innecesaria\u201d y abog\u00f3 por su eliminaci\u00f3n total.<\/p><p>Sin embargo, <a href=\"https:\/\/soymigrante.com\/revista\/y-alla-que-hora-es-las-zonas-horarias-en-ee-uu-y-su-equivalencia-con-guatemala\/\" target=\"_blank\" rel=\"noopener\">la facultad para abolir el horario de verano no recae \u00fanicamente en el presidente.<\/a><\/p><p>La legislaci\u00f3n vigente requiere que cualquier modificaci\u00f3n en la aplicaci\u00f3n del DST sea aprobada por el Congreso de Estados Unidos. Aunque Trump ha manifestado su intenci\u00f3n de impulsar esta iniciativa, su implementaci\u00f3n depender\u00e1 del consenso legislativo.<\/p>\t\t\t\t\t\t\t\t<\/div>\n\t\t\t\t\t<\/div>\n\t\t\t\t<\/div>\n\t\t<div data-particle_enable=\"false\" data-particle-mobile-disabled=\"false\" class=\"elementor-element elementor-element-4ec55ee e-flex e-con-boxed e-con e-parent\" data-id=\"4ec55ee\" data-element_type=\"container\" data-e-type=\"container\">\n\t\t\t\t\t<div class=\"e-con-inner\">\n\t\t\t\t<div class=\"elementor-element elementor-element-148f359 elementor-widget elementor-widget-image\" data-id=\"148f359\" data-element_type=\"widget\" data-e-type=\"widget\" data-widget_type=\"image.default\">\n\t\t\t\t\t\t\t\t\t\t\t\t<figure class=\"wp-caption\">\n\t\t\t\t\t\t\t\t\t\t<img fetchpriority=\"high\" decoding=\"async\" width=\"1024\" height=\"681\" src=\"https:\/\/soymigrante.com\/revista\/wp-content\/uploads\/2025\/02\/Horario-de-verano-2025-Cua\u0301ndo-inicia-el-cambio-de-hora2-1024x681.jpg\" class=\"attachment-large size-large wp-image-26504\" alt=\"Horario de verano 2025: \u00bfCu\u00e1ndo inicia el cambio de hora?\" srcset=\"https:\/\/soymigrante.com\/revista\/wp-content\/uploads\/2025\/02\/Horario-de-verano-2025-Cua\u0301ndo-inicia-el-cambio-de-hora2-1024x681.jpg 1024w, https:\/\/soymigrante.com\/revista\/wp-content\/uploads\/2025\/02\/Horario-de-verano-2025-Cua\u0301ndo-inicia-el-cambio-de-hora2-300x200.jpg 300w, https:\/\/soymigrante.com\/revista\/wp-content\/uploads\/2025\/02\/Horario-de-verano-2025-Cua\u0301ndo-inicia-el-cambio-de-hora2-768x511.jpg 768w, https:\/\/soymigrante.com\/revista\/wp-content\/uploads\/2025\/02\/Horario-de-verano-2025-Cua\u0301ndo-inicia-el-cambio-de-hora2-1536x1021.jpg 1536w, https:\/\/soymigrante.com\/revista\/wp-content\/uploads\/2025\/02\/Horario-de-verano-2025-Cua\u0301ndo-inicia-el-cambio-de-hora2-2048x1362.jpg 2048w, https:\/\/soymigrante.com\/revista\/wp-content\/uploads\/2025\/02\/Horario-de-verano-2025-Cua\u0301ndo-inicia-el-cambio-de-hora2-750x499.webp 750w, https:\/\/soymigrante.com\/revista\/wp-content\/uploads\/2025\/02\/Horario-de-verano-2025-Cua\u0301ndo-inicia-el-cambio-de-hora2-1140x758.webp 1140w, https:\/\/soymigrante.com\/revista\/wp-content\/uploads\/2025\/02\/Horario-de-verano-2025-Cua\u0301ndo-inicia-el-cambio-de-hora2-scaled.webp 1920w\" sizes=\"(max-width: 1024px) 100vw, 1024px\" title=\"Horario de verano 2025 Cua\u0301ndo inicia el cambio de hora2 \u2013 SoyMigrante.com REVISTA\" \/>\t\t\t\t\t\t\t\t\t\t\t<figcaption class=\"widget-image-caption wp-caption-text\">En alg\u00fan momento, el presidente Trump, pens\u00f3 en eliminar el cambio de hora, pero actualmente est\u00e1 vigente. (Foto: Pexels)<\/figcaption>\n\t\t\t\t\t\t\t\t\t\t<\/figure>\n\t\t\t\t\t\t\t\t\t<\/div>\n\t\t\t\t\t<\/div>\n\t\t\t\t<\/div>\n\t\t<div data-particle_enable=\"false\" data-particle-mobile-disabled=\"false\" class=\"elementor-element elementor-element-0ceec29 e-flex e-con-boxed e-con e-parent\" data-id=\"0ceec29\" data-element_type=\"container\" data-e-type=\"container\">\n\t\t\t\t\t<div class=\"e-con-inner\">\n\t\t\t\t<div class=\"elementor-element elementor-element-c7097bc elementor-widget elementor-widget-text-editor\" data-id=\"c7097bc\" data-element_type=\"widget\" data-e-type=\"widget\" data-widget_type=\"text-editor.default\">\n\t\t\t\t\t\t\t\t\t<p>Mientras tanto, los ciudadanos deben prepararse para adelantar sus relojes el pr\u00f3ximo 9 de marzo de 2025, marcando el inicio de un nuevo per\u00edodo de horario de verano.<\/p><p><a href=\"https:\/\/soymigrante.com\/revista\/y-alla-que-hora-es-las-zonas-horarias-en-ee-uu-y-su-equivalencia-con-guatemala\/\" target=\"_blank\" rel=\"noopener\">El horario de verano ha sido objeto de debate durante a\u00f1os,<\/a> con argumentos a favor y en contra relacionados con el ahorro energ\u00e9tico, la salud p\u00fablica y la econom\u00eda.<\/p>\t\t\t\t\t\t\t\t<\/div>\n\t\t\t\t\t<\/div>\n\t\t\t\t<\/div>\n\t\t<div data-particle_enable=\"false\" data-particle-mobile-disabled=\"false\" class=\"elementor-element elementor-element-cecf3c0 e-flex e-con-boxed e-con e-parent\" data-id=\"cecf3c0\" data-element_type=\"container\" data-e-type=\"container\">\n\t\t\t\t\t<div class=\"e-con-inner\">\n\t\t\t\t<div class=\"elementor-element elementor-element-823be71 elementor-widget elementor-widget-text-editor\" data-id=\"823be71\" data-element_type=\"widget\" data-e-type=\"widget\" data-widget_type=\"text-editor.default\">\n\t\t\t\t\t\t\t\t\t<p>La discusi\u00f3n sobre su posible abolici\u00f3n contin\u00faa, y cualquier cambio significativo requerir\u00e1 un proceso legislativo formal.<\/p>\t\t\t\t\t\t\t\t<\/div>\n\t\t\t\t\t<\/div>\n\t\t\t\t<\/div>\n\t\t<div data-particle_enable=\"false\" data-particle-mobile-disabled=\"false\" class=\"elementor-element elementor-element-f99d6a0 e-flex e-con-boxed e-con e-parent\" data-id=\"f99d6a0\" data-element_type=\"container\" data-e-type=\"container\">\n\t\t\t\t\t<div class=\"e-con-inner\">\n\t\t\t\t<div class=\"elementor-element elementor-element-3bce6d2 elementor-widget elementor-widget-heading\" data-id=\"3bce6d2\" data-element_type=\"widget\" data-e-type=\"widget\" data-widget_type=\"heading.default\">\n\t\t\t\t\t<h2 class=\"elementor-heading-title elementor-size-default\">Conoce otros temas que te pueden interesar...<\/h2>\t\t\t\t<\/div>\n\t\t\t\t\t<\/div>\n\t\t\t\t<\/div>\n\t\t<div data-particle_enable=\"false\" data-particle-mobile-disabled=\"false\" class=\"elementor-element elementor-element-c1b4020 e-flex e-con-boxed e-con e-parent\" data-id=\"c1b4020\" data-element_type=\"container\" data-e-type=\"container\">\n\t\t\t\t\t<div class=\"e-con-inner\">\n\t\t\t\t<div class=\"elementor-element elementor-element-3d50718 elementor-grid-eael-col-3 elementor-grid-tablet-eael-col-2 elementor-grid-mobile-eael-col-1 elementor-widget elementor-widget-eael-post-grid\" data-id=\"3d50718\" data-element_type=\"widget\" data-e-type=\"widget\" data-settings=\"{&quot;eael_post_grid_columns&quot;:&quot;eael-col-3&quot;,&quot;eael_post_grid_columns_tablet&quot;:&quot;eael-col-2&quot;,&quot;eael_post_grid_columns_mobile&quot;:&quot;eael-col-1&quot;}\" data-widget_type=\"eael-post-grid.default\">\n\t\t\t\t\t<div id=\"eael-post-grid-3d50718\" class=\"eael-post-grid-container\">\n            <div class=\"eael-post-grid eael-post-appender eael-post-appender-3d50718 eael-post-grid-style-one\" data-layout-mode=\"masonry\"><article class=\"eael-grid-post  eael-post-grid-column eael-pg-post-50435 category-bienestar-salud-emocional tags-manual-gratuito-de-metas\" data-id=\"50435\">\n        <div class=\"eael-grid-post-holder\">\n            <div class=\"eael-grid-post-holder-inner\"><div class=\"eael-entry-media\"><div class=\"eael-entry-overlay fade-in\"><i class=\"far fa-hand-pointer\" aria-hidden=\"true\"><\/i><a href=\"https:\/\/soymigrante.com\/revista\/manual-gratuito-de-metas-quitar-antes-de-agregar-optimizara-tu-esfuerzo\/\"><\/a><\/div><div class=\"eael-entry-thumbnail \">\n                <img decoding=\"async\" width=\"421\" height=\"416\" src=\"https:\/\/soymigrante.com\/revista\/wp-content\/uploads\/2025\/12\/manual-gratuito-de-metas.png\" class=\"attachment-large size-large wp-image-50436\" alt=\"manual gratuito de metas numero 3. Quitar antes de agregar\" srcset=\"https:\/\/soymigrante.com\/revista\/wp-content\/uploads\/2025\/12\/manual-gratuito-de-metas.png 421w, https:\/\/soymigrante.com\/revista\/wp-content\/uploads\/2025\/12\/manual-gratuito-de-metas-300x296.png 300w, https:\/\/soymigrante.com\/revista\/wp-content\/uploads\/2025\/12\/manual-gratuito-de-metas-75x75.png 75w\" sizes=\"(max-width: 421px) 100vw, 421px\" \/>\n            <\/div>\n        <\/div><div class=\"eael-entry-wrapper\"><header class=\"eael-entry-header\"><h2 class=\"eael-entry-title\"><a class=\"eael-grid-post-link\" href=\"https:\/\/soymigrante.com\/revista\/manual-gratuito-de-metas-quitar-antes-de-agregar-optimizara-tu-esfuerzo\/\" title=\"Manual gratuito de metas: Quitar antes de agregar optimizar\u00e1 tu esfuerzo\">Manual gratuito de metas: Quitar antes de agregar optimizar\u00e1 tu esfuerzo<\/a><\/h2><\/header><div class=\"eael-entry-content\">\n                        <div class=\"eael-grid-post-excerpt\"><a href=\"https:\/\/soymigrante.com\/revista\/manual-gratuito-de-metas-quitar-antes-de-agregar-optimizara-tu-esfuerzo\/\" class=\"eael-post-elements-readmore-btn\">CONOCE SU HISTORIA <\/a><\/div>\n                    <\/div><\/div><\/div>\n        <\/div>\n    <\/article><article class=\"eael-grid-post  eael-post-grid-column eael-pg-post-2949 category-recursos-migratorios\" data-id=\"2949\">\n        <div class=\"eael-grid-post-holder\">\n            <div class=\"eael-grid-post-holder-inner\"><div class=\"eael-entry-media\"><div class=\"eael-entry-overlay fade-in\"><i class=\"far fa-hand-pointer\" aria-hidden=\"true\"><\/i><a href=\"https:\/\/soymigrante.com\/revista\/como-tramitar-el-pasaporte-guatemalteco-en-estados-unidos\/\"><\/a><\/div><div class=\"eael-entry-thumbnail \">\n                <img decoding=\"async\" width=\"1024\" height=\"460\" src=\"https:\/\/soymigrante.com\/revista\/wp-content\/uploads\/2023\/10\/El-pasaporte-se-puede-tramitar-desde-las-embajadas-y-consulados-oficiales-en-Estados-Unidos-1024x460.webp\" class=\"attachment-large size-large wp-image-2961\" alt=\"El pasaporte se puede tramitar desde las embajadas y consulados oficiales en Estados Unidos\" srcset=\"https:\/\/soymigrante.com\/revista\/wp-content\/uploads\/2023\/10\/El-pasaporte-se-puede-tramitar-desde-las-embajadas-y-consulados-oficiales-en-Estados-Unidos-1024x460.webp 1024w, https:\/\/soymigrante.com\/revista\/wp-content\/uploads\/2023\/10\/El-pasaporte-se-puede-tramitar-desde-las-embajadas-y-consulados-oficiales-en-Estados-Unidos-300x135.webp 300w, https:\/\/soymigrante.com\/revista\/wp-content\/uploads\/2023\/10\/El-pasaporte-se-puede-tramitar-desde-las-embajadas-y-consulados-oficiales-en-Estados-Unidos-768x345.webp 768w, https:\/\/soymigrante.com\/revista\/wp-content\/uploads\/2023\/10\/El-pasaporte-se-puede-tramitar-desde-las-embajadas-y-consulados-oficiales-en-Estados-Unidos-1536x690.webp 1536w, https:\/\/soymigrante.com\/revista\/wp-content\/uploads\/2023\/10\/El-pasaporte-se-puede-tramitar-desde-las-embajadas-y-consulados-oficiales-en-Estados-Unidos-scaled.webp 1920w, https:\/\/soymigrante.com\/revista\/wp-content\/uploads\/2023\/10\/El-pasaporte-se-puede-tramitar-desde-las-embajadas-y-consulados-oficiales-en-Estados-Unidos-750x337.webp 750w, https:\/\/soymigrante.com\/revista\/wp-content\/uploads\/2023\/10\/El-pasaporte-se-puede-tramitar-desde-las-embajadas-y-consulados-oficiales-en-Estados-Unidos-1140x512.webp 1140w\" sizes=\"(max-width: 1024px) 100vw, 1024px\" \/>\n            <\/div>\n        <\/div><div class=\"eael-entry-wrapper\"><header class=\"eael-entry-header\"><h2 class=\"eael-entry-title\"><a class=\"eael-grid-post-link\" href=\"https:\/\/soymigrante.com\/revista\/como-tramitar-el-pasaporte-guatemalteco-en-estados-unidos\/\" title=\"\u00bfC\u00f3mo tramitar el pasaporte guatemalteco en Estados Unidos?\">\u00bfC\u00f3mo tramitar el pasaporte guatemalteco en Estados Unidos?<\/a><\/h2><\/header><div class=\"eael-entry-content\">\n                        <div class=\"eael-grid-post-excerpt\"><a href=\"https:\/\/soymigrante.com\/revista\/como-tramitar-el-pasaporte-guatemalteco-en-estados-unidos\/\" class=\"eael-post-elements-readmore-btn\">CONOCE SU HISTORIA <\/a><\/div>\n                    <\/div><\/div><\/div>\n        <\/div>\n    <\/article><article class=\"eael-grid-post  eael-post-grid-column eael-pg-post-1650 category-estamos-unidos tags-remesas-migrantes\" data-id=\"1650\">\n        <div class=\"eael-grid-post-holder\">\n            <div class=\"eael-grid-post-holder-inner\"><div class=\"eael-entry-media\"><div class=\"eael-entry-overlay fade-in\"><i class=\"far fa-hand-pointer\" aria-hidden=\"true\"><\/i><a href=\"https:\/\/soymigrante.com\/revista\/impacto-remesas-guatemala-desde-eeuu\/\"><\/a><\/div><div class=\"eael-entry-thumbnail \">\n                <img loading=\"lazy\" decoding=\"async\" width=\"1024\" height=\"700\" src=\"https:\/\/soymigrante.com\/revista\/wp-content\/uploads\/2023\/06\/Captura-de-pantalla-2023-06-28-124853-1024x700.webp\" class=\"attachment-large size-large wp-image-1651\" alt=\"Ilustraci\u00f3n de d\u00f3lares para ilustrar tema de remesas migrantes de Estados Unidos a Guatemala\" \/>\n            <\/div>\n        <\/div><div class=\"eael-entry-wrapper\"><header class=\"eael-entry-header\"><h2 class=\"eael-entry-title\"><a class=\"eael-grid-post-link\" href=\"https:\/\/soymigrante.com\/revista\/impacto-remesas-guatemala-desde-eeuu\/\" title=\"\u00bfA d\u00f3nde van las remesas enviadas por migrantes guatemaltecos desde Estados Unidos?\">\u00bfA d\u00f3nde van las remesas enviadas por migrantes guatemaltecos desde Estados Unidos?<\/a><\/h2><\/header><div class=\"eael-entry-content\">\n                        <div class=\"eael-grid-post-excerpt\"><a href=\"https:\/\/soymigrante.com\/revista\/impacto-remesas-guatemala-desde-eeuu\/\" class=\"eael-post-elements-readmore-btn\">CONOCE SU HISTORIA <\/a><\/div>\n                    <\/div><\/div><\/div>\n        <\/div>\n    <\/article><\/div>\n            <div class=\"clearfix\"><\/div>\n        <\/div>\t\t\t\t<\/div>\n\t\t\t\t\t<\/div>\n\t\t\t\t<\/div>\n\t\t\t\t<\/div>\n\t\t","protected":false},"excerpt":{"rendered":"<p>El horario de verano en Estados Unidos es un cambio semestral para aprovechar mejor la luz del d\u00eda: pero entre eso y las zonas horarias de ese pa\u00eds, es bueno tener ayuda. Te tenemos un mapa interactivo y la explicaci\u00f3n del summer time. El horario de verano en Estados Unidos para 2026 comenz\u00f3 el domingo [&hellip;]<\/p>\n","protected":false},"author":1,"featured_media":53501,"comment_status":"open","ping_status":"open","sticky":false,"template":"","format":"standard","meta":{"_acf_changed":false,"_eb_attr":"","footnotes":""},"categories":[55],"tags":[],"class_list":["post-53500","post","type-post","status-publish","format-standard","has-post-thumbnail","hentry","category-bienestar"],"acf":[],"aioseo_notices":[],"aioseo_head":"\n\t\t<!-- All in One SEO Pro 4.9.6.2 - aioseo.com -->\n\t<meta name=\"description\" content=\"Las remesas de migrantes guatemaltecos en EE.UU. juegan un papel crucial en la econom\u00eda de Guatemala.\" \/>\n\t<meta name=\"robots\" content=\"max-snippet:-1, max-image-preview:large, max-video-preview:-1\" \/>\n\t<meta name=\"author\" content=\"Gustavo Montenegro\"\/>\n\t<link rel=\"canonical\" href=\"https:\/\/soymigrante.com\/revista\/impacto-remesas-guatemala-desde-eeuu\/\" \/>\n\t<meta name=\"generator\" content=\"All in One SEO Pro (AIOSEO) 4.9.6.2\" \/>\n\n\t\t<link rel=\"preconnect\" href=\"https:\/\/fonts.googleapis.com\" crossorigin>\n<link rel=\"preconnect\" href=\"https:\/\/fonts.gstatic.com\" crossorigin>\n\t\t<meta property=\"og:locale\" content=\"es_ES\" \/>\n\t\t<meta property=\"og:site_name\" content=\"SoyMigrante.com REVISTA \u2013 Nuestra misi\u00f3n es reconocer y dignificar al migrante.\" \/>\n\t\t<meta property=\"og:type\" content=\"article\" \/>\n\t\t<meta property=\"og:title\" content=\"Migrantes guatemaltecos en EE.UU.: El poder econ\u00f3mico de las remesas\" \/>\n\t\t<meta property=\"og:description\" content=\"Las remesas de migrantes guatemaltecos en EE.UU. juegan un papel crucial en la econom\u00eda de Guatemala.\" \/>\n\t\t<meta property=\"og:url\" content=\"https:\/\/soymigrante.com\/revista\/impacto-remesas-guatemala-desde-eeuu\/\" \/>\n\t\t<meta property=\"og:image\" content=\"https:\/\/soymigrante.com\/revista\/wp-content\/uploads\/2023\/06\/Captura-de-pantalla-2023-06-28-124853-e1732033990885.webp\" \/>\n\t\t<meta property=\"og:image:secure_url\" content=\"https:\/\/soymigrante.com\/revista\/wp-content\/uploads\/2023\/06\/Captura-de-pantalla-2023-06-28-124853-e1732033990885.webp\" \/>\n\t\t<meta property=\"og:image:width\" content=\"890\" \/>\n\t\t<meta property=\"og:image:height\" content=\"890\" \/>\n\t\t<meta property=\"article:published_time\" content=\"2023-06-28T20:08:14+00:00\" \/>\n\t\t<meta property=\"article:modified_time\" content=\"2024-07-31T18:32:02+00:00\" \/>\n\t\t<meta property=\"article:publisher\" content=\"https:\/\/www.facebook.com\/soymigrantecom\" \/>\n\t\t<meta name=\"twitter:card\" content=\"summary_large_image\" \/>\n\t\t<meta name=\"twitter:site\" content=\"@SoyMigrante_com\" \/>\n\t\t<meta name=\"twitter:title\" content=\"Migrantes guatemaltecos en EE.UU.: El poder econ\u00f3mico de las remesas\" \/>\n\t\t<meta name=\"twitter:description\" content=\"Las remesas de migrantes guatemaltecos en EE.UU. juegan un papel crucial en la econom\u00eda de Guatemala.\" \/>\n\t\t<meta name=\"twitter:creator\" content=\"@SoyMigrante_com\" \/>\n\t\t<meta name=\"twitter:image\" content=\"https:\/\/soymigrante.com\/revista\/wp-content\/uploads\/2023\/06\/Captura-de-pantalla-2023-06-28-124853-e1732033990885.webp\" \/>\n\t\t<!-- All in One SEO Pro -->\r\n\t\t<title>Migrantes guatemaltecos en EE.UU.: El poder econ\u00f3mico de las remesas<\/title>\n\n","aioseo_head_json":{"title":"Migrantes guatemaltecos en EE.UU.: El poder econ\u00f3mico de las remesas","description":"Las remesas de migrantes guatemaltecos en EE.UU. juegan un papel crucial en la econom\u00eda de Guatemala.","canonical_url":"https:\/\/soymigrante.com\/revista\/impacto-remesas-guatemala-desde-eeuu\/","robots":"max-snippet:-1, max-image-preview:large, max-video-preview:-1","keywords":"","webmasterTools":{"miscellaneous":"&lt;link rel=\"preconnect\" href=\"https:\/\/fonts.googleapis.com\" crossorigin&gt;\n&lt;link rel=\"preconnect\" href=\"https:\/\/fonts.gstatic.com\" crossorigin&gt;"},"schema":null,"og:locale":"es_ES","og:site_name":"SoyMigrante.com REVISTA \u2013 Nuestra misi\u00f3n es reconocer y dignificar al migrante.","og:type":"article","og:title":"Migrantes guatemaltecos en EE.UU.: El poder econ\u00f3mico de las remesas","og:description":"Las remesas de migrantes guatemaltecos en EE.UU. juegan un papel crucial en la econom\u00eda de Guatemala.","og:url":"https:\/\/soymigrante.com\/revista\/impacto-remesas-guatemala-desde-eeuu\/","og:image":"https:\/\/soymigrante.com\/revista\/wp-content\/uploads\/2023\/06\/Captura-de-pantalla-2023-06-28-124853-e1732033990885.webp","og:image:secure_url":"https:\/\/soymigrante.com\/revista\/wp-content\/uploads\/2023\/06\/Captura-de-pantalla-2023-06-28-124853-e1732033990885.webp","og:image:width":890,"og:image:height":890,"article:published_time":"2023-06-28T20:08:14+00:00","article:modified_time":"2024-07-31T18:32:02+00:00","article:publisher":"https:\/\/www.facebook.com\/soymigrantecom","twitter:card":"summary_large_image","twitter:site":"@SoyMigrante_com","twitter:title":"Migrantes guatemaltecos en EE.UU.: El poder econ\u00f3mico de las remesas","twitter:description":"Las remesas de migrantes guatemaltecos en EE.UU. juegan un papel crucial en la econom\u00eda de Guatemala.","twitter:creator":"@SoyMigrante_com","twitter:image":"https:\/\/soymigrante.com\/revista\/wp-content\/uploads\/2023\/06\/Captura-de-pantalla-2023-06-28-124853-e1732033990885.webp"},"aioseo_meta_data":{"post_id":"53500","title":"\u00bfCu\u00e1ndo inici\u00f3 y cu\u00e1ndo termina horario de verano USA 2026?","description":"Cambio de horario en Estados Unidos busca aprovechar al m\u00e1ximo la luz natural diurna. El Horario de Verano inici\u00f3 8 de marzo. Mapa interactivo de horas USA","keywords":null,"keyphrases":{"focus":{"keyphrase":"Horario de verano","score":100,"analysis":{"keyphraseInTitle":{"score":9,"maxScore":9,"error":0},"keyphraseInDescription":{"score":9,"maxScore":9,"error":0},"keyphraseLength":{"score":9,"maxScore":9,"error":0,"length":3},"keyphraseInURL":{"score":5,"maxScore":5,"error":0},"keyphraseInIntroduction":{"score":9,"maxScore":9,"error":0},"keyphraseInSubHeadings":{"score":9,"maxScore":9,"error":0},"keyphraseInImageAlt":{"score":9,"maxScore":9,"error":0},"keywordDensity":{"type":"best","score":9,"maxScore":9,"error":0}}},"additional":[{"keyphrase":"Summer Time","score":40,"analysis":{"keyphraseInDescription":{"score":3,"maxScore":9,"error":1},"keyphraseLength":{"score":9,"maxScore":9,"error":0,"length":2},"keyphraseInIntroduction":{"score":3,"maxScore":9,"error":1},"keyphraseInImageAlt":{"score":3,"maxScore":9,"error":1},"keywordDensity":{"score":0,"type":"low","maxScore":9,"error":1}}},{"keyphrase":"Hora USA","score":40,"analysis":{"keyphraseInDescription":{"score":3,"maxScore":9,"error":1},"keyphraseLength":{"score":9,"maxScore":9,"error":0,"length":2},"keyphraseInIntroduction":{"score":3,"maxScore":9,"error":1},"keyphraseInImageAlt":{"score":3,"maxScore":9,"error":1},"keywordDensity":{"score":0,"type":"low","maxScore":9,"error":1}}}]},"primary_term":null,"canonical_url":null,"og_title":null,"og_description":null,"og_object_type":"default","og_image_type":"default","og_image_url":null,"og_image_width":null,"og_image_height":null,"og_image_custom_url":null,"og_image_custom_fields":null,"og_video":"","og_custom_url":null,"og_article_section":null,"og_article_tags":null,"twitter_use_og":false,"twitter_card":"default","twitter_image_type":"default","twitter_image_url":null,"twitter_image_custom_url":null,"twitter_image_custom_fields":null,"twitter_title":null,"twitter_description":null,"schema":{"blockGraphs":[],"customGraphs":[],"default":{"data":{"Article":[],"Course":[],"Dataset":[],"FAQPage":[],"Movie":[],"Person":[],"Product":[],"ProductReview":[],"Car":[],"Recipe":[],"Service":[],"SoftwareApplication":[],"WebPage":[]},"graphName":"NewsArticle","isEnabled":true},"graphs":[]},"schema_type":"default","schema_type_options":null,"pillar_content":false,"robots_default":true,"robots_noindex":false,"robots_noarchive":false,"robots_nosnippet":false,"robots_nofollow":false,"robots_noimageindex":false,"robots_noodp":false,"robots_notranslate":false,"robots_max_snippet":"-1","robots_max_videopreview":"-1","robots_max_imagepreview":"large","priority":null,"frequency":"default","local_seo":null,"seo_analyzer_scan_date":null,"breadcrumb_settings":null,"limit_modified_date":false,"reviewed_by":"0","open_ai":null,"ai":{"faqs":[],"keyPoints":[],"titles":[],"descriptions":[],"socialPosts":{"email":[],"linkedin":[],"twitter":[],"facebook":[],"instagram":[]}},"created":"2026-03-10 23:26:16","updated":"2026-03-11 01:10:46"},"aioseo_breadcrumb":"<div class=\"aioseo-breadcrumbs\"><span class=\"aioseo-breadcrumb\">\n\t<a href=\"https:\/\/soymigrante.com\/revista\" title=\"Home\">Home<\/a>\n<\/span><span class=\"aioseo-breadcrumb-separator\">\u00bb<\/span><span class=\"aioseo-breadcrumb\">\n\t<a href=\"https:\/\/soymigrante.com\/revista\/category\/bienestar\/\" title=\"Bienestar\">Bienestar<\/a>\n<\/span><span class=\"aioseo-breadcrumb-separator\">\u00bb<\/span><span class=\"aioseo-breadcrumb\">\n\tHorario de verano 2026 en USA: \u00bfCu\u00e1ndo comenz\u00f3 y hasta cuando dura?\n<\/span><\/div>","aioseo_breadcrumb_json":[{"label":"Home","link":"https:\/\/soymigrante.com\/revista"},{"label":"Bienestar","link":"https:\/\/soymigrante.com\/revista\/category\/bienestar\/"},{"label":"Horario de verano 2026 en USA: \u00bfCu\u00e1ndo comenz\u00f3 y hasta cuando dura?","link":"https:\/\/soymigrante.com\/revista\/horario-de-verano-2026-en-usa-cuando-comenzo-y-hasta-cuando-dura\/"}],"_links":{"self":[{"href":"https:\/\/soymigrante.com\/revista\/wp-json\/wp\/v2\/posts\/53500","targetHints":{"allow":["GET"]}}],"collection":[{"href":"https:\/\/soymigrante.com\/revista\/wp-json\/wp\/v2\/posts"}],"about":[{"href":"https:\/\/soymigrante.com\/revista\/wp-json\/wp\/v2\/types\/post"}],"author":[{"embeddable":true,"href":"https:\/\/soymigrante.com\/revista\/wp-json\/wp\/v2\/users\/1"}],"replies":[{"embeddable":true,"href":"https:\/\/soymigrante.com\/revista\/wp-json\/wp\/v2\/comments?post=53500"}],"version-history":[{"count":8,"href":"https:\/\/soymigrante.com\/revista\/wp-json\/wp\/v2\/posts\/53500\/revisions"}],"predecessor-version":[{"id":53511,"href":"https:\/\/soymigrante.com\/revista\/wp-json\/wp\/v2\/posts\/53500\/revisions\/53511"}],"wp:featuredmedia":[{"embeddable":true,"href":"https:\/\/soymigrante.com\/revista\/wp-json\/wp\/v2\/media\/53501"}],"wp:attachment":[{"href":"https:\/\/soymigrante.com\/revista\/wp-json\/wp\/v2\/media?parent=53500"}],"wp:term":[{"taxonomy":"category","embeddable":true,"href":"https:\/\/soymigrante.com\/revista\/wp-json\/wp\/v2\/categories?post=53500"},{"taxonomy":"post_tag","embeddable":true,"href":"https:\/\/soymigrante.com\/revista\/wp-json\/wp\/v2\/tags?post=53500"}],"curies":[{"name":"wp","href":"https:\/\/api.w.org\/{rel}","templated":true}]}}