{"id":53484,"date":"2026-03-10T16:06:23","date_gmt":"2026-03-10T22:06:23","guid":{"rendered":"https:\/\/soymigrante.com\/revista\/?p=53484"},"modified":"2026-03-11T07:26:46","modified_gmt":"2026-03-11T13:26:46","slug":"juez-federal-bloquea-reduccion-de-plazo-para-apelar-deportaciones-que-significa-esto-para-los-migrantes","status":"publish","type":"post","link":"https:\/\/soymigrante.com\/revista\/juez-federal-bloquea-reduccion-de-plazo-para-apelar-deportaciones-que-significa-esto-para-los-migrantes\/","title":{"rendered":"Juez federal bloquea reducci\u00f3n de plazo para apelar deportaciones \u00bfQu\u00e9 significa esto para los migrantes?"},"content":{"rendered":"\t\t<div data-elementor-type=\"wp-post\" data-elementor-id=\"53484\" class=\"elementor elementor-53484\" data-elementor-post-type=\"post\">\n\t\t\t\t<div data-particle_enable=\"false\" data-particle-mobile-disabled=\"false\" class=\"elementor-element elementor-element-69ef215 e-flex e-con-boxed e-con e-parent\" data-id=\"69ef215\" data-element_type=\"container\" data-e-type=\"container\">\n\t\t\t\t\t<div class=\"e-con-inner\">\n\t\t\t\t<div class=\"elementor-element elementor-element-b5a0940 elementor-widget elementor-widget-heading\" data-id=\"b5a0940\" data-element_type=\"widget\" data-e-type=\"widget\" data-widget_type=\"heading.default\">\n\t\t\t\t\t<h3 class=\"elementor-heading-title elementor-size-default\">Corte federal suspendi\u00f3 parte de un reglamento que reduc\u00eda de 30 a 10 d\u00edas el tiempo para apelar casos migratorios de deportaci\u00f3n. Fallo mantiene plazo actual de un mes para defensa de migrantes.<\/h3>\t\t\t\t<\/div>\n\t\t\t\t\t<\/div>\n\t\t\t\t<\/div>\n\t\t<div data-particle_enable=\"false\" data-particle-mobile-disabled=\"false\" class=\"elementor-element elementor-element-d7bdda4 e-flex e-con-boxed e-con e-parent\" data-id=\"d7bdda4\" data-element_type=\"container\" data-e-type=\"container\">\n\t\t\t\t\t<div class=\"e-con-inner\">\n\t\t\t\t<div class=\"elementor-element elementor-element-fcfcc6a elementor-widget elementor-widget-text-editor\" data-id=\"fcfcc6a\" data-element_type=\"widget\" data-e-type=\"widget\" data-widget_type=\"text-editor.default\">\n\t\t\t\t\t\t\t\t\t<p><span style=\"color: #7a7a7a;\">Un juez federal en Washington bloque\u00f3 partes clave de un reglamento impulsado por el Departamento de Justicia que pretend\u00eda acelerar el proceso de apelaciones en casos migratorios. La decisi\u00f3n evita que entren en vigor cambios que <a href=\"https:\/\/soymigrante.com\/revista\/primer-ano-segundo-periodo-trump-agresivo-giro-politicas-antimigrantes-migration-policy-institute-analisis-2025\/\">habr\u00edan reducido dr\u00e1sticamente<\/a> el tiempo disponible para impugnar decisiones de deportaci\u00f3n.<\/span><\/p><p>El fallo fue emitido por el juez federal <a href=\"https:\/\/en.wikipedia.org\/wiki\/Randolph_D._Moss\" target=\"_blank\" rel=\"noopener\">Randolph D. Moss<\/a>, quien anul\u00f3 parcialmente la llamada Norma Final Provisional (IFR) sobre los procedimientos de apelaci\u00f3n ante la <a href=\"https:\/\/en.wikipedia.org\/wiki\/Board_of_Immigration_Appeals\" target=\"_blank\" rel=\"noopener\">Board of Immigration Appeals (BIA)<\/a>, el principal tribunal administrativo que revisa las decisiones de los jueces de inmigraci\u00f3n en Estados Unidos.<\/p><p>La norma deb\u00eda entrar en vigor el 9 de marzo y propon\u00eda varios cambios para<a href=\"https:\/\/soymigrante.com\/revista\/primer-ano-segundo-periodo-trump-agresivo-giro-politicas-antimigrantes-migration-policy-institute-analisis-2025\/\"> acelerar los procesos <\/a>de expulsi\u00f3n. Sin embargo, el tribunal determin\u00f3 que algunas de sus disposiciones fueron aprobadas sin cumplir con el procedimiento legal requerido, en particular el proceso de notificaci\u00f3n p\u00fablica y otras exigencias.<\/p>\t\t\t\t\t\t\t\t<\/div>\n\t\t\t\t\t<\/div>\n\t\t\t\t<\/div>\n\t\t<div data-particle_enable=\"false\" data-particle-mobile-disabled=\"false\" class=\"elementor-element elementor-element-127bd20 e-flex e-con-boxed e-con e-parent\" data-id=\"127bd20\" data-element_type=\"container\" data-e-type=\"container\">\n\t\t\t\t\t<div class=\"e-con-inner\">\n\t\t\t\t<div class=\"elementor-element elementor-element-c10be44 elementor-widget elementor-widget-image\" data-id=\"c10be44\" data-element_type=\"widget\" data-e-type=\"widget\" data-widget_type=\"image.default\">\n\t\t\t\t\t\t\t\t\t\t\t\t<figure class=\"wp-caption\">\n\t\t\t\t\t\t\t\t\t\t<img fetchpriority=\"high\" decoding=\"async\" width=\"1024\" height=\"1024\" src=\"https:\/\/soymigrante.com\/revista\/wp-content\/uploads\/2026\/03\/orden-de-juez-mantiene-plazo-1024x1024.jpg\" class=\"attachment-large size-large wp-image-53494\" alt=\"La orden del juez suspendiendo el recorte de plazo a apelaciones de deportaci\u00f3n fue emitida el 8 de marzo, porque dichos cambios entraban en vigencia el 9 de marzo. Gracias al fallo del juez, algunas partes de la norma no cobraron vigencia y quedaron sus pendidas.\" srcset=\"https:\/\/soymigrante.com\/revista\/wp-content\/uploads\/2026\/03\/orden-de-juez-mantiene-plazo-1024x1024.jpg 1024w, https:\/\/soymigrante.com\/revista\/wp-content\/uploads\/2026\/03\/orden-de-juez-mantiene-plazo-300x300.jpg 300w, https:\/\/soymigrante.com\/revista\/wp-content\/uploads\/2026\/03\/orden-de-juez-mantiene-plazo-150x150.jpg 150w, https:\/\/soymigrante.com\/revista\/wp-content\/uploads\/2026\/03\/orden-de-juez-mantiene-plazo-768x768.jpg 768w, https:\/\/soymigrante.com\/revista\/wp-content\/uploads\/2026\/03\/orden-de-juez-mantiene-plazo-75x75.jpg 75w, https:\/\/soymigrante.com\/revista\/wp-content\/uploads\/2026\/03\/orden-de-juez-mantiene-plazo-750x750.jpg 750w, https:\/\/soymigrante.com\/revista\/wp-content\/uploads\/2026\/03\/orden-de-juez-mantiene-plazo-1140x1140.jpg 1140w, https:\/\/soymigrante.com\/revista\/wp-content\/uploads\/2026\/03\/orden-de-juez-mantiene-plazo.jpg 1200w\" sizes=\"(max-width: 1024px) 100vw, 1024px\" title=\"La orden del juez suspendiendo el recorte de plazo a apelaciones de deportaci\u00f3n fue emitida el 8 de marzo, porque dichos cambios entraban en vigencia el 9 de marzo. Gracias al fallo del juez, algunas partes de la norma no cobraron vigencia y quedaron sus pendidas. \u2013 SoyMigrante.com REVISTA\" \/>\t\t\t\t\t\t\t\t\t\t\t<figcaption class=\"widget-image-caption wp-caption-text\">La orden del juez suspendiendo el recorte de plazo a apelaciones de deportaci\u00f3n fue emitida el 8 de marzo, porque dichos cambios entraban en vigencia el 9 de marzo. Gracias al fallo del juez, algunas partes de la norma no cobraron vigencia y quedaron sus pendidas.<\/figcaption>\n\t\t\t\t\t\t\t\t\t\t<\/figure>\n\t\t\t\t\t\t\t\t\t<\/div>\n\t\t\t\t\t<\/div>\n\t\t\t\t<\/div>\n\t\t<div data-particle_enable=\"false\" data-particle-mobile-disabled=\"false\" class=\"elementor-element elementor-element-d764045 e-flex e-con-boxed e-con e-parent\" data-id=\"d764045\" data-element_type=\"container\" data-e-type=\"container\">\n\t\t\t\t\t<div class=\"e-con-inner\">\n\t\t\t\t<div class=\"elementor-element elementor-element-79d9995 elementor-widget elementor-widget-text-editor\" data-id=\"79d9995\" data-element_type=\"widget\" data-e-type=\"widget\" data-widget_type=\"text-editor.default\">\n\t\t\t\t\t\t\t\t\t<p><span style=\"color: #000000; font-family: Mulish, sans-serif; font-size: 31px; font-weight: bold;\">Qu\u00e9 cambios pretend\u00eda introducir el reglamento<\/span><\/p><p>El reglamento planteaba una transformaci\u00f3n profunda en el sistema de apelaciones migratorias. Entre sus medidas principales estaban:<\/p><ul><li><strong>Reducir el plazo para apelar<\/strong> una decisi\u00f3n de deportaci\u00f3n de <strong>30 a solo 10 d\u00edas<\/strong>.<\/li><li>Permitir que la BIA <strong>rechazara apelaciones en un m\u00e1ximo de 15 d\u00edas<\/strong> si no eran aceptadas formalmente.<\/li><li>Obligar a las partes a <strong>presentar sus argumentos al mismo tiempo<\/strong>, eliminando la posibilidad de que el inmigrante respondiera despu\u00e9s a los argumentos del gobierno.<\/li><li>Eliminar la revisi\u00f3n obligatoria de <strong>transcripciones de las decisiones orales de los jueces de inmigraci\u00f3n<\/strong>, lo que seg\u00fan cr\u00edticos podr\u00eda dejar errores sin corregir.<\/li><\/ul><p>Organizaciones de defensa legal advirtieron que estas medidas pod\u00edan provocar deportaciones aceleradas incluso en casos donde existieran errores en las decisiones iniciales y por lo tanto amenazaban <a href=\"https:\/\/soymigrante.com\/revista\/todo-migrante-tiene-derechos-la-union-americana-de-libertades-civiles-recomienda\/\">derechos.<\/a><\/p>\t\t\t\t\t\t\t\t<\/div>\n\t\t\t\t\t<\/div>\n\t\t\t\t<\/div>\n\t\t<div data-particle_enable=\"false\" data-particle-mobile-disabled=\"false\" class=\"elementor-element elementor-element-5637259 e-flex e-con-boxed e-con e-parent\" data-id=\"5637259\" data-element_type=\"container\" data-e-type=\"container\">\n\t\t\t\t\t<div class=\"e-con-inner\">\n\t\t\t\t<div class=\"elementor-element elementor-element-05f936c elementor-widget elementor-widget-image\" data-id=\"05f936c\" data-element_type=\"widget\" data-e-type=\"widget\" data-widget_type=\"image.default\">\n\t\t\t\t\t\t\t\t\t\t\t\t<figure class=\"wp-caption\">\n\t\t\t\t\t\t\t\t\t\t<img decoding=\"async\" width=\"200\" height=\"280\" src=\"https:\/\/soymigrante.com\/revista\/wp-content\/uploads\/2026\/03\/Moss052616.jpg\" class=\"attachment-large size-large wp-image-53495\" alt=\"El juez federal de Columbia Randolph D. Moss fue quien suspendi\u00f3 varios art\u00edculos de la ley que pretend\u00eda acelerar deportaciones, en abierto desaf\u00edo a normas vigentes.\" title=\"El juez federal de Columbia Randolph D. Moss fue quien suspendi\u00f3 varios art\u00edculos de la ley que pretend\u00eda acelerar deportaciones, en abierto desaf\u00edo a normas vigentes. \u2013 SoyMigrante.com REVISTA\" \/>\t\t\t\t\t\t\t\t\t\t\t<figcaption class=\"widget-image-caption wp-caption-text\">El juez federal de Columbia Randolph D. Moss fue quien suspendi\u00f3 varios art\u00edculos de la ley que pretend\u00eda acelerar deportaciones, en abierto desaf\u00edo a normas vigentes. <\/figcaption>\n\t\t\t\t\t\t\t\t\t\t<\/figure>\n\t\t\t\t\t\t\t\t\t<\/div>\n\t\t\t\t\t<\/div>\n\t\t\t\t<\/div>\n\t\t<div data-particle_enable=\"false\" data-particle-mobile-disabled=\"false\" class=\"elementor-element elementor-element-8854dcf e-flex e-con-boxed e-con e-parent\" data-id=\"8854dcf\" data-element_type=\"container\" data-e-type=\"container\">\n\t\t\t\t\t<div class=\"e-con-inner\">\n\t\t\t\t<div class=\"elementor-element elementor-element-1bb09a6 elementor-widget elementor-widget-text-editor\" data-id=\"1bb09a6\" data-element_type=\"widget\" data-e-type=\"widget\" data-widget_type=\"text-editor.default\">\n\t\t\t\t\t\t\t\t\t<p><span style=\"color: #000000; font-family: Mulish, sans-serif; font-size: 31px; font-weight: bold;\">Qu\u00e9 significa el fallo de juez para los migrantes<\/span><\/p><p>El fallo judicial mantiene vigentes varias reglas actuales que son consideradas parte del debido proceso en el sistema migratorio.<\/p><p>En la pr\u00e1ctica significa que:<\/p><ul><li><strong>Se mantiene el plazo de 30 d\u00edas para apelar.<\/strong> Los inmigrantes seguir\u00e1n teniendo un mes para presentar una apelaci\u00f3n ante la BIA, en lugar de los 10 d\u00edas que propon\u00eda la nueva norma.<\/li><li><strong>Se evita el rechazo acelerado de apelaciones.<\/strong> La junta no estar\u00e1 obligada a descartar casos r\u00e1pidamente si no decide aceptarlos en plazos muy cortos.<\/li><li><strong>Se preserva la revisi\u00f3n completa de los casos.<\/strong> Las apelaciones no podr\u00e1n descartarse antes de que existan registros y transcripciones del proceso.<\/li><\/ul>\t\t\t\t\t\t\t\t<\/div>\n\t\t\t\t\t<\/div>\n\t\t\t\t<\/div>\n\t\t<div data-particle_enable=\"false\" data-particle-mobile-disabled=\"false\" class=\"elementor-element elementor-element-4c7f98d e-flex e-con-boxed e-con e-parent\" data-id=\"4c7f98d\" data-element_type=\"container\" data-e-type=\"container\">\n\t\t\t\t\t<div class=\"e-con-inner\">\n\t\t\t\t<div class=\"elementor-element elementor-element-094e206 elementor-grid-eael-col-1 elementor-grid-tablet-eael-col-2 elementor-grid-mobile-eael-col-1 elementor-widget elementor-widget-eael-post-grid\" data-id=\"094e206\" data-element_type=\"widget\" data-e-type=\"widget\" data-settings=\"{&quot;eael_post_grid_columns&quot;:&quot;eael-col-1&quot;,&quot;eael_post_grid_columns_tablet&quot;:&quot;eael-col-2&quot;,&quot;eael_post_grid_columns_mobile&quot;:&quot;eael-col-1&quot;}\" data-widget_type=\"eael-post-grid.default\">\n\t\t\t\t\t<div id=\"eael-post-grid-094e206\" class=\"eael-post-grid-container\">\n            <div class=\"eael-post-grid eael-post-appender eael-post-appender-094e206 eael-post-grid-style-one\" data-layout-mode=\"masonry\"><article class=\"eael-grid-post  eael-post-grid-column eael-pg-post-50514 category-noticias\" data-id=\"50514\">\n        <div class=\"eael-grid-post-holder\">\n            <div class=\"eael-grid-post-holder-inner\"><div class=\"eael-entry-media\"><div class=\"eael-entry-overlay fade-in\"><i class=\"far fa-hand-pointer\" aria-hidden=\"true\"><\/i><a href=\"https:\/\/soymigrante.com\/revista\/madre-migrante-guatemalteca-volvio-a-su-hogar-en-chicago-despues-de-7-meses-detenida\/\"><\/a><\/div><div class=\"eael-entry-thumbnail eael-image-ratio\">\n                <img decoding=\"async\" width=\"379\" height=\"379\" src=\"https:\/\/soymigrante.com\/revista\/wp-content\/uploads\/2026\/01\/marina-lopez-migrante-guatemalteca-liberada-texas.png\" class=\"attachment-large size-large wp-image-50515\" alt=\"marina lopez migrante guatemalteca liberada texas\" srcset=\"https:\/\/soymigrante.com\/revista\/wp-content\/uploads\/2026\/01\/marina-lopez-migrante-guatemalteca-liberada-texas.png 379w, https:\/\/soymigrante.com\/revista\/wp-content\/uploads\/2026\/01\/marina-lopez-migrante-guatemalteca-liberada-texas-300x300.png 300w, https:\/\/soymigrante.com\/revista\/wp-content\/uploads\/2026\/01\/marina-lopez-migrante-guatemalteca-liberada-texas-150x150.png 150w, https:\/\/soymigrante.com\/revista\/wp-content\/uploads\/2026\/01\/marina-lopez-migrante-guatemalteca-liberada-texas-75x75.png 75w\" sizes=\"(max-width: 379px) 100vw, 379px\" \/>\n            <\/div>\n        <\/div><div class=\"eael-entry-wrapper\"><header class=\"eael-entry-header\"><h2 class=\"eael-entry-title\"><a class=\"eael-grid-post-link\" href=\"https:\/\/soymigrante.com\/revista\/madre-migrante-guatemalteca-volvio-a-su-hogar-en-chicago-despues-de-7-meses-detenida\/\" title=\"Madre migrante guatemalteca volvi\u00f3 a su hogar en Chicago despu\u00e9s de 7 meses detenida\">Madre migrante guatemalteca volvi\u00f3 a su hogar en Chicago despu\u00e9s de 7 meses detenida<\/a><\/h2><\/header><div class=\"eael-entry-content\">\n                        <div class=\"eael-grid-post-excerpt\"><a href=\"https:\/\/soymigrante.com\/revista\/madre-migrante-guatemalteca-volvio-a-su-hogar-en-chicago-despues-de-7-meses-detenida\/\" class=\"eael-post-elements-readmore-btn\">CONOCE SU HISTORIA <\/a><\/div>\n                    <\/div><\/div><\/div>\n        <\/div>\n    <\/article><\/div>\n            <div class=\"clearfix\"><\/div>\n        <\/div>\t\t\t\t<\/div>\n\t\t\t\t\t<\/div>\n\t\t\t\t<\/div>\n\t\t<div data-particle_enable=\"false\" data-particle-mobile-disabled=\"false\" class=\"elementor-element elementor-element-4414534 e-flex e-con-boxed e-con e-parent\" data-id=\"4414534\" data-element_type=\"container\" data-e-type=\"container\">\n\t\t\t\t\t<div class=\"e-con-inner\">\n\t\t\t\t<div class=\"elementor-element elementor-element-e9d4969 elementor-widget elementor-widget-text-editor\" data-id=\"e9d4969\" data-element_type=\"widget\" data-e-type=\"widget\" data-widget_type=\"text-editor.default\">\n\t\t\t\t\t\t\t\t\t<p><span style=\"color: #000000; font-family: Mulish, sans-serif; font-size: 31px; font-weight: bold;\">Un rev\u00e9s a la pol\u00edtica de deportaciones &#8220;r\u00e1pidas&#8221;<\/span><\/p><p>La decisi\u00f3n tambi\u00e9n podr\u00eda tener efectos en los esfuerzos del gobierno por acelerar las deportaciones en Estados Unidos. Al mantenerse los plazos actuales de apelaci\u00f3n, las personas que enfrentan \u00f3rdenes de expulsi\u00f3n conservan m\u00e1s tiempo para solicitar revisiones judiciales o presentar argumentos legales adicionales.<\/p><p>Para las organizaciones que presentaron la demanda, el fallo preserva una garant\u00eda fundamental del sistema judicial migratorio: la posibilidad de que una decisi\u00f3n de deportaci\u00f3n sea revisada por una instancia superior antes de ejecutarse.<\/p>\t\t\t\t\t\t\t\t<\/div>\n\t\t\t\t\t<\/div>\n\t\t\t\t<\/div>\n\t\t<div data-particle_enable=\"false\" data-particle-mobile-disabled=\"false\" class=\"elementor-element elementor-element-e2b8236 e-flex e-con-boxed e-con e-parent\" data-id=\"e2b8236\" data-element_type=\"container\" data-e-type=\"container\">\n\t\t\t\t\t<div class=\"e-con-inner\">\n\t\t\t\t<div class=\"elementor-element elementor-element-3a63f8b elementor-grid-eael-col-1 elementor-grid-tablet-eael-col-2 elementor-grid-mobile-eael-col-1 elementor-widget elementor-widget-eael-post-grid\" data-id=\"3a63f8b\" data-element_type=\"widget\" data-e-type=\"widget\" data-settings=\"{&quot;eael_post_grid_columns&quot;:&quot;eael-col-1&quot;,&quot;eael_post_grid_columns_tablet&quot;:&quot;eael-col-2&quot;,&quot;eael_post_grid_columns_mobile&quot;:&quot;eael-col-1&quot;}\" data-widget_type=\"eael-post-grid.default\">\n\t\t\t\t\t<div id=\"eael-post-grid-3a63f8b\" class=\"eael-post-grid-container\">\n            <div class=\"eael-post-grid eael-post-appender eael-post-appender-3a63f8b eael-post-grid-style-one\" data-layout-mode=\"masonry\"><article class=\"eael-grid-post  eael-post-grid-column eael-pg-post-35884 category-exitos-guatemala\" data-id=\"35884\">\n        <div class=\"eael-grid-post-holder\">\n            <div class=\"eael-grid-post-holder-inner\"><div class=\"eael-entry-media\"><div class=\"eael-entry-overlay fade-in\"><i class=\"far fa-hand-pointer\" aria-hidden=\"true\"><\/i><a href=\"https:\/\/soymigrante.com\/revista\/abogada-guatemalteca-ana-gabriela-urizar-orienta-defiende-y-dignifica-a-migrantes-hispanos\/\"><\/a><\/div><div class=\"eael-entry-thumbnail eael-image-ratio\">\n                <img loading=\"lazy\" decoding=\"async\" width=\"1024\" height=\"1024\" src=\"https:\/\/soymigrante.com\/revista\/wp-content\/uploads\/2025\/06\/ana-gabriela-urizar-abogada-migratoria-guatemalteca-ny-1024x1024.png\" class=\"attachment-large size-large wp-image-35886\" alt=\"Migrante mujer profesional en oficina, libertad y empoderamiento, homenaje a la comunidad migrante en revista SoyMigrante.com.\" srcset=\"https:\/\/soymigrante.com\/revista\/wp-content\/uploads\/2025\/06\/ana-gabriela-urizar-abogada-migratoria-guatemalteca-ny-1024x1024.png 1024w, https:\/\/soymigrante.com\/revista\/wp-content\/uploads\/2025\/06\/ana-gabriela-urizar-abogada-migratoria-guatemalteca-ny-300x300.png 300w, https:\/\/soymigrante.com\/revista\/wp-content\/uploads\/2025\/06\/ana-gabriela-urizar-abogada-migratoria-guatemalteca-ny-150x150.png 150w, https:\/\/soymigrante.com\/revista\/wp-content\/uploads\/2025\/06\/ana-gabriela-urizar-abogada-migratoria-guatemalteca-ny-768x768.png 768w, https:\/\/soymigrante.com\/revista\/wp-content\/uploads\/2025\/06\/ana-gabriela-urizar-abogada-migratoria-guatemalteca-ny-75x75.webp 75w, https:\/\/soymigrante.com\/revista\/wp-content\/uploads\/2025\/06\/ana-gabriela-urizar-abogada-migratoria-guatemalteca-ny-750x750.webp 750w, https:\/\/soymigrante.com\/revista\/wp-content\/uploads\/2025\/06\/ana-gabriela-urizar-abogada-migratoria-guatemalteca-ny.webp 1120w\" sizes=\"(max-width: 1024px) 100vw, 1024px\" \/>\n            <\/div>\n        <\/div><div class=\"eael-entry-wrapper\"><header class=\"eael-entry-header\"><h2 class=\"eael-entry-title\"><a class=\"eael-grid-post-link\" href=\"https:\/\/soymigrante.com\/revista\/abogada-guatemalteca-ana-gabriela-urizar-orienta-defiende-y-dignifica-a-migrantes-hispanos\/\" title=\"Abogada guatemalteca Ana Gabriela Ur\u00edzar orienta, defiende y dignifica a migrantes hispanos\">Abogada guatemalteca Ana Gabriela Ur\u00edzar orienta, defiende y dignifica a migrantes hispanos<\/a><\/h2><\/header><div class=\"eael-entry-content\">\n                        <div class=\"eael-grid-post-excerpt\"><a href=\"https:\/\/soymigrante.com\/revista\/abogada-guatemalteca-ana-gabriela-urizar-orienta-defiende-y-dignifica-a-migrantes-hispanos\/\" class=\"eael-post-elements-readmore-btn\">CONOCE SU HISTORIA <\/a><\/div>\n                    <\/div><\/div><\/div>\n        <\/div>\n    <\/article><\/div>\n            <div class=\"clearfix\"><\/div>\n        <\/div>\t\t\t\t<\/div>\n\t\t\t\t\t<\/div>\n\t\t\t\t<\/div>\n\t\t<div data-particle_enable=\"false\" data-particle-mobile-disabled=\"false\" class=\"elementor-element elementor-element-2c87172 e-flex e-con-boxed e-con e-parent\" data-id=\"2c87172\" data-element_type=\"container\" data-e-type=\"container\">\n\t\t\t\t\t<div class=\"e-con-inner\">\n\t\t\t\t<div class=\"elementor-element elementor-element-22c708c elementor-widget elementor-widget-text-editor\" data-id=\"22c708c\" data-element_type=\"widget\" data-e-type=\"widget\" data-widget_type=\"text-editor.default\">\n\t\t\t\t\t\t\t\t\t<h1><span style=\"font-family: Mulish, sans-serif; font-size: 31px; font-weight: bold;\">Las organizaciones que impulsaron la demanda<\/span><\/h1><p>La acci\u00f3n judicial fue presentada por varias organizaciones que brindan defensa legal a inmigrantes:<\/p><ul><li><a href=\"https:\/\/amicacenter.org\/\" target=\"_blank\" rel=\"noopener\">Amica Center for Immigrant Rights<\/a><\/li><li><a href=\"https:\/\/bds.org\/\" target=\"_blank\" rel=\"noopener\">Brooklyn Defender Services<\/a><\/li><li><a href=\"https:\/\/firrp.org\/\" target=\"_blank\" rel=\"noopener\">Florence Immigrant &amp; Refugee Rights Project<\/a><\/li><li><a href=\"https:\/\/hias.org\/\" target=\"_blank\" rel=\"noopener\">HIAS<\/a><\/li><li><a href=\"https:\/\/immigrantjustice.org\/\" target=\"_blank\" rel=\"noopener\">National Immigrant Justice Center<\/a><\/li><\/ul><p>Estas organizaciones fueron representadas en la corte por <a href=\"https:\/\/democracyforward.org\/\" target=\"_blank\" rel=\"noopener\">Democracy Forward<\/a>, junto con el <a href=\"https:\/\/www.americanimmigrationcouncil.org\/\" target=\"_blank\" rel=\"noopener\">American Immigration Council<\/a>.<\/p><p>Seg\u00fan los demandantes, el reglamento del gobierno habr\u00eda hecho extremadamente dif\u00edcil que los inmigrantes obtuvieran una revisi\u00f3n real de sus casos antes de ser deportados.<\/p>\t\t\t\t\t\t\t\t<\/div>\n\t\t\t\t\t<\/div>\n\t\t\t\t<\/div>\n\t\t<div data-particle_enable=\"false\" data-particle-mobile-disabled=\"false\" class=\"elementor-element elementor-element-272c893 e-flex e-con-boxed e-con e-parent\" data-id=\"272c893\" data-element_type=\"container\" data-e-type=\"container\">\n\t\t\t\t\t<div class=\"e-con-inner\">\n\t\t\t\t<div class=\"elementor-element elementor-element-a1a649c elementor-widget elementor-widget-global elementor-global-52097 elementor-widget-heading\" data-id=\"a1a649c\" data-element_type=\"widget\" data-e-type=\"widget\" data-widget_type=\"heading.default\">\n\t\t\t\t\t<h2 class=\"elementor-heading-title elementor-size-default\">Quiz\u00e1 tambi\u00e9n te podr\u00eda interesar<\/h2>\t\t\t\t<\/div>\n\t\t\t\t\t<\/div>\n\t\t\t\t<\/div>\n\t\t<div data-particle_enable=\"false\" data-particle-mobile-disabled=\"false\" class=\"elementor-element elementor-element-c605f4d e-flex e-con-boxed e-con e-parent\" data-id=\"c605f4d\" data-element_type=\"container\" data-e-type=\"container\">\n\t\t\t\t\t<div class=\"e-con-inner\">\n\t\t\t\t<div class=\"elementor-element elementor-element-6cbe11c elementor-grid-eael-col-3 elementor-grid-tablet-eael-col-2 elementor-grid-mobile-eael-col-1 elementor-widget elementor-widget-eael-post-grid\" data-id=\"6cbe11c\" data-element_type=\"widget\" data-e-type=\"widget\" data-settings=\"{&quot;eael_post_grid_columns&quot;:&quot;eael-col-3&quot;,&quot;eael_post_grid_columns_tablet&quot;:&quot;eael-col-2&quot;,&quot;eael_post_grid_columns_mobile&quot;:&quot;eael-col-1&quot;}\" data-widget_type=\"eael-post-grid.default\">\n\t\t\t\t\t<div id=\"eael-post-grid-6cbe11c\" class=\"eael-post-grid-container\">\n            <div class=\"eael-post-grid eael-post-appender eael-post-appender-6cbe11c eael-post-grid-style-one\" data-layout-mode=\"masonry\"><article class=\"eael-grid-post  eael-post-grid-column eael-pg-post-25952 category-recursos-migratorios\" data-id=\"25952\">\n        <div class=\"eael-grid-post-holder\">\n            <div class=\"eael-grid-post-holder-inner\"><div class=\"eael-entry-media\"><div class=\"eael-entry-overlay fade-in\"><i class=\"far fa-hand-pointer\" aria-hidden=\"true\"><\/i><a href=\"https:\/\/soymigrante.com\/revista\/como-hallar-un-abogado-experto-en-migracion-aila-puede-ser-de-utilidad\/\"><\/a><\/div><div class=\"eael-entry-thumbnail eael-image-ratio\">\n                <img loading=\"lazy\" decoding=\"async\" width=\"1024\" height=\"1024\" src=\"https:\/\/soymigrante.com\/revista\/wp-content\/uploads\/2025\/02\/envato-labs-ai-60370ae9-72ee-41ea-8b19-12573c5ba9e3.webp\" class=\"attachment-large size-large wp-image-25953\" alt=\"Atractivo de un hombre profesional en una oficina moderna, vestido con traje y mostrando confianza.\" srcset=\"https:\/\/soymigrante.com\/revista\/wp-content\/uploads\/2025\/02\/envato-labs-ai-60370ae9-72ee-41ea-8b19-12573c5ba9e3.webp 1024w, https:\/\/soymigrante.com\/revista\/wp-content\/uploads\/2025\/02\/envato-labs-ai-60370ae9-72ee-41ea-8b19-12573c5ba9e3-300x300.png 300w, https:\/\/soymigrante.com\/revista\/wp-content\/uploads\/2025\/02\/envato-labs-ai-60370ae9-72ee-41ea-8b19-12573c5ba9e3-150x150.png 150w, https:\/\/soymigrante.com\/revista\/wp-content\/uploads\/2025\/02\/envato-labs-ai-60370ae9-72ee-41ea-8b19-12573c5ba9e3-768x768.png 768w, https:\/\/soymigrante.com\/revista\/wp-content\/uploads\/2025\/02\/envato-labs-ai-60370ae9-72ee-41ea-8b19-12573c5ba9e3-75x75.webp 75w, https:\/\/soymigrante.com\/revista\/wp-content\/uploads\/2025\/02\/envato-labs-ai-60370ae9-72ee-41ea-8b19-12573c5ba9e3-750x750.webp 750w\" sizes=\"(max-width: 1024px) 100vw, 1024px\" \/>\n            <\/div>\n        <\/div><div class=\"eael-entry-wrapper\"><header class=\"eael-entry-header\"><h2 class=\"eael-entry-title\"><a class=\"eael-grid-post-link\" href=\"https:\/\/soymigrante.com\/revista\/como-hallar-un-abogado-experto-en-migracion-aila-puede-ser-de-utilidad\/\" title=\"\u00bfC\u00f3mo hallar un abogado experto en migraci\u00f3n? AILA puede ser de utilidad\">\u00bfC\u00f3mo hallar un abogado experto en migraci\u00f3n? AILA puede ser de utilidad<\/a><\/h2><\/header><div class=\"eael-entry-content\">\n                        <div class=\"eael-grid-post-excerpt\"><a href=\"https:\/\/soymigrante.com\/revista\/como-hallar-un-abogado-experto-en-migracion-aila-puede-ser-de-utilidad\/\" class=\"eael-post-elements-readmore-btn\">CONOCE SU HISTORIA <\/a><\/div>\n                    <\/div><\/div><\/div>\n        <\/div>\n    <\/article><article class=\"eael-grid-post  eael-post-grid-column eael-pg-post-48433 category-exitos-guatemala\" data-id=\"48433\">\n        <div class=\"eael-grid-post-holder\">\n            <div class=\"eael-grid-post-holder-inner\"><div class=\"eael-entry-media\"><div class=\"eael-entry-overlay fade-in\"><i class=\"far fa-hand-pointer\" aria-hidden=\"true\"><\/i><a href=\"https:\/\/soymigrante.com\/revista\/defiendo-a-mi-gente-cynthia-m-fernandez-abogada-migratoria-de-raiz-guatemalteca\/\"><\/a><\/div><div class=\"eael-entry-thumbnail eael-image-ratio\">\n                <img loading=\"lazy\" decoding=\"async\" width=\"822\" height=\"822\" src=\"https:\/\/soymigrante.com\/revista\/wp-content\/uploads\/2025\/11\/abogada-cinthia-mazariegos-guatemalteca-en-chicago-reu-law-firm-11.jpg\" class=\"attachment-large size-large wp-image-48434\" alt=\"abogada cinthia mazariegos guatemalteca en chicago reu law firm 11\" srcset=\"https:\/\/soymigrante.com\/revista\/wp-content\/uploads\/2025\/11\/abogada-cinthia-mazariegos-guatemalteca-en-chicago-reu-law-firm-11.jpg 822w, https:\/\/soymigrante.com\/revista\/wp-content\/uploads\/2025\/11\/abogada-cinthia-mazariegos-guatemalteca-en-chicago-reu-law-firm-11-300x300.jpg 300w, https:\/\/soymigrante.com\/revista\/wp-content\/uploads\/2025\/11\/abogada-cinthia-mazariegos-guatemalteca-en-chicago-reu-law-firm-11-150x150.jpg 150w, https:\/\/soymigrante.com\/revista\/wp-content\/uploads\/2025\/11\/abogada-cinthia-mazariegos-guatemalteca-en-chicago-reu-law-firm-11-768x768.jpg 768w, https:\/\/soymigrante.com\/revista\/wp-content\/uploads\/2025\/11\/abogada-cinthia-mazariegos-guatemalteca-en-chicago-reu-law-firm-11-75x75.jpg 75w, https:\/\/soymigrante.com\/revista\/wp-content\/uploads\/2025\/11\/abogada-cinthia-mazariegos-guatemalteca-en-chicago-reu-law-firm-11-750x750.jpg 750w\" sizes=\"(max-width: 822px) 100vw, 822px\" \/>\n            <\/div>\n        <\/div><div class=\"eael-entry-wrapper\"><header class=\"eael-entry-header\"><h2 class=\"eael-entry-title\"><a class=\"eael-grid-post-link\" href=\"https:\/\/soymigrante.com\/revista\/defiendo-a-mi-gente-cynthia-m-fernandez-abogada-migratoria-de-raiz-guatemalteca\/\" title=\"&#8220;Defiendo a mi gente&#8221;: Cynthia M. Fern\u00e1ndez, abogada migratoria en Chicago, de padres guatemaltecos.\">&#8220;Defiendo a mi gente&#8221;: Cynthia M. Fern\u00e1ndez, abogada migratoria en Chicago, de padres guatemaltecos.<\/a><\/h2><\/header><div class=\"eael-entry-content\">\n                        <div class=\"eael-grid-post-excerpt\"><a href=\"https:\/\/soymigrante.com\/revista\/defiendo-a-mi-gente-cynthia-m-fernandez-abogada-migratoria-de-raiz-guatemalteca\/\" class=\"eael-post-elements-readmore-btn\">CONOCE SU HISTORIA <\/a><\/div>\n                    <\/div><\/div><\/div>\n        <\/div>\n    <\/article><article class=\"eael-grid-post  eael-post-grid-column eael-pg-post-53167 category-estamos-unidos\" data-id=\"53167\">\n        <div class=\"eael-grid-post-holder\">\n            <div class=\"eael-grid-post-holder-inner\"><div class=\"eael-entry-media\"><div class=\"eael-entry-overlay fade-in\"><i class=\"far fa-hand-pointer\" aria-hidden=\"true\"><\/i><a href=\"https:\/\/soymigrante.com\/revista\/el-sueno-guatemalteco-de-gloria-florece-en-san-jose-poaquil-con-huevos-cafe-y-una-familia-reunida\/\"><\/a><\/div><div class=\"eael-entry-thumbnail eael-image-ratio\">\n                <img loading=\"lazy\" decoding=\"async\" width=\"1024\" height=\"1024\" src=\"https:\/\/soymigrante.com\/revista\/wp-content\/uploads\/2026\/03\/emprendedora-gloria-gonzalez-jorge-san-jose-poaquil-chimaltenango-cria-gallinas-cultiva-cafe-su-esposo-fue-migrante-57-1024x1024.jpeg\" class=\"attachment-large size-large wp-image-53168\" alt=\"emprendedora gloria gonzalez jorge san jose poaquil chimaltenango cria gallinas cultiva cafe su esposo fue migrante 57\" srcset=\"https:\/\/soymigrante.com\/revista\/wp-content\/uploads\/2026\/03\/emprendedora-gloria-gonzalez-jorge-san-jose-poaquil-chimaltenango-cria-gallinas-cultiva-cafe-su-esposo-fue-migrante-57-1024x1024.jpeg 1024w, https:\/\/soymigrante.com\/revista\/wp-content\/uploads\/2026\/03\/emprendedora-gloria-gonzalez-jorge-san-jose-poaquil-chimaltenango-cria-gallinas-cultiva-cafe-su-esposo-fue-migrante-57-300x300.jpeg 300w, https:\/\/soymigrante.com\/revista\/wp-content\/uploads\/2026\/03\/emprendedora-gloria-gonzalez-jorge-san-jose-poaquil-chimaltenango-cria-gallinas-cultiva-cafe-su-esposo-fue-migrante-57-150x150.jpeg 150w, https:\/\/soymigrante.com\/revista\/wp-content\/uploads\/2026\/03\/emprendedora-gloria-gonzalez-jorge-san-jose-poaquil-chimaltenango-cria-gallinas-cultiva-cafe-su-esposo-fue-migrante-57-768x768.jpeg 768w, https:\/\/soymigrante.com\/revista\/wp-content\/uploads\/2026\/03\/emprendedora-gloria-gonzalez-jorge-san-jose-poaquil-chimaltenango-cria-gallinas-cultiva-cafe-su-esposo-fue-migrante-57-75x75.jpeg 75w, https:\/\/soymigrante.com\/revista\/wp-content\/uploads\/2026\/03\/emprendedora-gloria-gonzalez-jorge-san-jose-poaquil-chimaltenango-cria-gallinas-cultiva-cafe-su-esposo-fue-migrante-57-750x750.jpeg 750w, https:\/\/soymigrante.com\/revista\/wp-content\/uploads\/2026\/03\/emprendedora-gloria-gonzalez-jorge-san-jose-poaquil-chimaltenango-cria-gallinas-cultiva-cafe-su-esposo-fue-migrante-57.jpeg 1076w\" sizes=\"(max-width: 1024px) 100vw, 1024px\" \/>\n            <\/div>\n        <\/div><div class=\"eael-entry-wrapper\"><header class=\"eael-entry-header\"><h2 class=\"eael-entry-title\"><a class=\"eael-grid-post-link\" href=\"https:\/\/soymigrante.com\/revista\/el-sueno-guatemalteco-de-gloria-florece-en-san-jose-poaquil-con-huevos-cafe-y-una-familia-reunida\/\" title=\"El sue\u00f1o guatemalteco de Gloria florece en San Jos\u00e9 Poaquil con huevos, caf\u00e9 y una familia reunida\">El sue\u00f1o guatemalteco de Gloria florece en San Jos\u00e9 Poaquil con huevos, caf\u00e9 y una familia reunida<\/a><\/h2><\/header><div class=\"eael-entry-content\">\n                        <div class=\"eael-grid-post-excerpt\"><a href=\"https:\/\/soymigrante.com\/revista\/el-sueno-guatemalteco-de-gloria-florece-en-san-jose-poaquil-con-huevos-cafe-y-una-familia-reunida\/\" class=\"eael-post-elements-readmore-btn\">CONOCE SU HISTORIA <\/a><\/div>\n                    <\/div><\/div><\/div>\n        <\/div>\n    <\/article><\/div>\n            <div class=\"clearfix\"><\/div>\n        <\/div>\t\t\t\t<\/div>\n\t\t\t\t\t<\/div>\n\t\t\t\t<\/div>\n\t\t\t\t<\/div>\n\t\t","protected":false},"excerpt":{"rendered":"<p>Corte federal suspendi\u00f3 parte de un reglamento que reduc\u00eda de 30 a 10 d\u00edas el tiempo para apelar casos migratorios de deportaci\u00f3n. Fallo mantiene plazo actual de un mes para defensa de migrantes. Un juez federal en Washington bloque\u00f3 partes clave de un reglamento impulsado por el Departamento de Justicia que pretend\u00eda acelerar el proceso [&hellip;]<\/p>\n","protected":false},"author":1,"featured_media":53486,"comment_status":"open","ping_status":"open","sticky":false,"template":"","format":"standard","meta":{"_acf_changed":false,"_eb_attr":"","footnotes":""},"categories":[280],"tags":[],"class_list":["post-53484","post","type-post","status-publish","format-standard","has-post-thumbnail","hentry","category-noticias"],"acf":[],"aioseo_notices":[],"aioseo_head":"\n\t\t<!-- All in One SEO Pro 4.9.6.2 - aioseo.com -->\n\t<meta name=\"description\" content=\"Gloria Gonzales trabaja en su emprendimiento av\u00edcola con el apoyo de su familia. Su esposo fue migrante pero volvi\u00f3 para trabajar con ella. Esta es su historia.\" \/>\n\t<meta name=\"robots\" content=\"max-snippet:-1, max-image-preview:large, max-video-preview:-1\" \/>\n\t<meta name=\"author\" content=\"Gustavo Montenegro\"\/>\n\t<link rel=\"canonical\" href=\"https:\/\/soymigrante.com\/revista\/el-sueno-guatemalteco-de-gloria-florece-en-san-jose-poaquil-con-huevos-cafe-y-una-familia-reunida\/\" \/>\n\t<meta name=\"generator\" content=\"All in One SEO Pro (AIOSEO) 4.9.6.2\" \/>\n\n\t\t<link rel=\"preconnect\" href=\"https:\/\/fonts.googleapis.com\" crossorigin>\n<link rel=\"preconnect\" href=\"https:\/\/fonts.gstatic.com\" crossorigin>\n\t\t<meta property=\"og:locale\" content=\"es_ES\" \/>\n\t\t<meta property=\"og:site_name\" content=\"SoyMigrante.com REVISTA \u2013 Nuestra misi\u00f3n es reconocer y dignificar al migrante.\" \/>\n\t\t<meta property=\"og:type\" content=\"article\" \/>\n\t\t<meta property=\"og:title\" content=\"El sue\u00f1o de Gloria cosecha huevos y caf\u00e9 en San Jos\u00e9 Poaquil\" \/>\n\t\t<meta property=\"og:description\" content=\"Gloria Gonzales trabaja en su emprendimiento av\u00edcola con el apoyo de su familia. Su esposo fue migrante pero volvi\u00f3 para trabajar con ella. Esta es su historia.\" \/>\n\t\t<meta property=\"og:url\" content=\"https:\/\/soymigrante.com\/revista\/el-sueno-guatemalteco-de-gloria-florece-en-san-jose-poaquil-con-huevos-cafe-y-una-familia-reunida\/\" \/>\n\t\t<meta property=\"og:image\" content=\"https:\/\/soymigrante.com\/revista\/wp-content\/uploads\/2026\/03\/emprendedora-gloria-gonzalez-jorge-san-jose-poaquil-chimaltenango-cria-gallinas-cultiva-cafe-su-esposo-fue-migrante-57.jpeg\" \/>\n\t\t<meta property=\"og:image:secure_url\" content=\"https:\/\/soymigrante.com\/revista\/wp-content\/uploads\/2026\/03\/emprendedora-gloria-gonzalez-jorge-san-jose-poaquil-chimaltenango-cria-gallinas-cultiva-cafe-su-esposo-fue-migrante-57.jpeg\" \/>\n\t\t<meta property=\"og:image:width\" content=\"1076\" \/>\n\t\t<meta property=\"og:image:height\" content=\"1076\" \/>\n\t\t<meta property=\"article:published_time\" content=\"2026-03-05T17:29:38+00:00\" \/>\n\t\t<meta property=\"article:modified_time\" content=\"2026-03-09T21:20:24+00:00\" \/>\n\t\t<meta property=\"article:publisher\" content=\"https:\/\/www.facebook.com\/soymigrantecom\" \/>\n\t\t<meta name=\"twitter:card\" content=\"summary_large_image\" \/>\n\t\t<meta name=\"twitter:site\" content=\"@SoyMigrante_com\" \/>\n\t\t<meta name=\"twitter:title\" content=\"El sue\u00f1o de Gloria cosecha huevos y caf\u00e9 en San Jos\u00e9 Poaquil\" \/>\n\t\t<meta name=\"twitter:description\" content=\"Gloria Gonzales trabaja en su emprendimiento av\u00edcola con el apoyo de su familia. Su esposo fue migrante pero volvi\u00f3 para trabajar con ella. Esta es su historia.\" \/>\n\t\t<meta name=\"twitter:creator\" content=\"@SoyMigrante_com\" \/>\n\t\t<meta name=\"twitter:image\" content=\"https:\/\/soymigrante.com\/revista\/wp-content\/uploads\/2026\/03\/emprendedora-gloria-gonzalez-jorge-san-jose-poaquil-chimaltenango-cria-gallinas-cultiva-cafe-su-esposo-fue-migrante-57.jpeg\" \/>\n\t\t<!-- All in One SEO Pro -->\r\n\t\t<title>El sue\u00f1o de Gloria cosecha huevos y caf\u00e9 en San Jos\u00e9 Poaquil<\/title>\n\n","aioseo_head_json":{"title":"El sue\u00f1o de Gloria cosecha huevos y caf\u00e9 en San Jos\u00e9 Poaquil","description":"Gloria Gonzales trabaja en su emprendimiento av\u00edcola con el apoyo de su familia. Su esposo fue migrante pero volvi\u00f3 para trabajar con ella. Esta es su historia.","canonical_url":"https:\/\/soymigrante.com\/revista\/el-sueno-guatemalteco-de-gloria-florece-en-san-jose-poaquil-con-huevos-cafe-y-una-familia-reunida\/","robots":"max-snippet:-1, max-image-preview:large, max-video-preview:-1","keywords":"","webmasterTools":{"miscellaneous":"&lt;link rel=\"preconnect\" href=\"https:\/\/fonts.googleapis.com\" crossorigin&gt;\n&lt;link rel=\"preconnect\" href=\"https:\/\/fonts.gstatic.com\" crossorigin&gt;"},"schema":null,"og:locale":"es_ES","og:site_name":"SoyMigrante.com REVISTA \u2013 Nuestra misi\u00f3n es reconocer y dignificar al migrante.","og:type":"article","og:title":"El sue\u00f1o de Gloria cosecha huevos y caf\u00e9 en San Jos\u00e9 Poaquil","og:description":"Gloria Gonzales trabaja en su emprendimiento av\u00edcola con el apoyo de su familia. Su esposo fue migrante pero volvi\u00f3 para trabajar con ella. Esta es su historia.","og:url":"https:\/\/soymigrante.com\/revista\/el-sueno-guatemalteco-de-gloria-florece-en-san-jose-poaquil-con-huevos-cafe-y-una-familia-reunida\/","og:image":"https:\/\/soymigrante.com\/revista\/wp-content\/uploads\/2026\/03\/emprendedora-gloria-gonzalez-jorge-san-jose-poaquil-chimaltenango-cria-gallinas-cultiva-cafe-su-esposo-fue-migrante-57.jpeg","og:image:secure_url":"https:\/\/soymigrante.com\/revista\/wp-content\/uploads\/2026\/03\/emprendedora-gloria-gonzalez-jorge-san-jose-poaquil-chimaltenango-cria-gallinas-cultiva-cafe-su-esposo-fue-migrante-57.jpeg","og:image:width":1076,"og:image:height":1076,"article:published_time":"2026-03-05T17:29:38+00:00","article:modified_time":"2026-03-09T21:20:24+00:00","article:publisher":"https:\/\/www.facebook.com\/soymigrantecom","twitter:card":"summary_large_image","twitter:site":"@SoyMigrante_com","twitter:title":"El sue\u00f1o de Gloria cosecha huevos y caf\u00e9 en San Jos\u00e9 Poaquil","twitter:description":"Gloria Gonzales trabaja en su emprendimiento av\u00edcola con el apoyo de su familia. Su esposo fue migrante pero volvi\u00f3 para trabajar con ella. Esta es su historia.","twitter:creator":"@SoyMigrante_com","twitter:image":"https:\/\/soymigrante.com\/revista\/wp-content\/uploads\/2026\/03\/emprendedora-gloria-gonzalez-jorge-san-jose-poaquil-chimaltenango-cria-gallinas-cultiva-cafe-su-esposo-fue-migrante-57.jpeg"},"aioseo_meta_data":{"post_id":"53484","title":"Juez protege plazo para apelar deportaciones migrantes","description":"Reducci\u00f3n de 30 a 10 d\u00edas para presentar apelaciones a \u00f3rdenes de deportaci\u00f3n fue impulsada por el gobierno de Trump. \u00bfQu\u00e9 fue lo que dictamin\u00f3 el juez federal?","keywords":null,"keyphrases":{"focus":{"keyphrase":"Deportacion","score":51,"analysis":{"keyphraseInTitle":{"score":3,"maxScore":9,"error":1},"keyphraseInDescription":{"score":3,"maxScore":9,"error":1},"keyphraseLength":{"score":9,"maxScore":9,"error":0,"length":1},"keyphraseInURL":{"score":5,"maxScore":5,"error":0},"keyphraseInIntroduction":{"score":3,"maxScore":9,"error":1},"keyphraseInSubHeadings":{"score":3,"maxScore":9,"error":1},"keyphraseInImageAlt":{"score":9,"maxScore":9,"error":0},"keywordDensity":{"score":0,"type":"low","maxScore":9,"error":1}}},"additional":[{"keyphrase":"deportaciones","score":53,"analysis":{"keyphraseInDescription":{"score":3,"maxScore":9,"error":1},"keyphraseLength":{"score":9,"maxScore":9,"error":0,"length":1},"keyphraseInIntroduction":{"score":3,"maxScore":9,"error":1},"keyphraseInImageAlt":{"score":9,"maxScore":9,"error":0},"keywordDensity":{"score":0,"type":"low","maxScore":9,"error":1}}},{"keyphrase":"juez","score":100,"analysis":{"keyphraseInDescription":{"score":9,"maxScore":9,"error":0},"keyphraseLength":{"score":9,"maxScore":9,"error":0,"length":1},"keyphraseInIntroduction":{"score":9,"maxScore":9,"error":0},"keyphraseInImageAlt":{"score":9,"maxScore":9,"error":0},"keywordDensity":{"type":"best","score":9,"maxScore":9,"error":0}}},{"keyphrase":"migrantes","score":60,"analysis":{"keyphraseInDescription":{"score":3,"maxScore":9,"error":1},"keyphraseLength":{"score":9,"maxScore":9,"error":0,"length":1},"keyphraseInIntroduction":{"score":3,"maxScore":9,"error":1},"keyphraseInImageAlt":{"score":3,"maxScore":9,"error":1},"keywordDensity":{"type":"best","score":9,"maxScore":9,"error":0}}}]},"primary_term":null,"canonical_url":null,"og_title":null,"og_description":null,"og_object_type":"default","og_image_type":"default","og_image_url":null,"og_image_width":null,"og_image_height":null,"og_image_custom_url":null,"og_image_custom_fields":null,"og_video":"","og_custom_url":null,"og_article_section":null,"og_article_tags":null,"twitter_use_og":false,"twitter_card":"default","twitter_image_type":"default","twitter_image_url":null,"twitter_image_custom_url":null,"twitter_image_custom_fields":null,"twitter_title":null,"twitter_description":null,"schema":{"blockGraphs":[],"customGraphs":[],"default":{"data":{"Article":[],"Course":[],"Dataset":[],"FAQPage":[],"Movie":[],"Person":[],"Product":[],"ProductReview":[],"Car":[],"Recipe":[],"Service":[],"SoftwareApplication":[],"WebPage":[]},"graphName":"NewsArticle","isEnabled":true},"graphs":[]},"schema_type":"default","schema_type_options":null,"pillar_content":false,"robots_default":true,"robots_noindex":false,"robots_noarchive":false,"robots_nosnippet":false,"robots_nofollow":false,"robots_noimageindex":false,"robots_noodp":false,"robots_notranslate":false,"robots_max_snippet":"-1","robots_max_videopreview":"-1","robots_max_imagepreview":"large","priority":null,"frequency":"default","local_seo":null,"seo_analyzer_scan_date":null,"breadcrumb_settings":null,"limit_modified_date":false,"reviewed_by":"0","open_ai":null,"ai":{"faqs":[],"keyPoints":[],"titles":[],"descriptions":[],"socialPosts":{"email":[],"linkedin":[],"twitter":[],"facebook":[],"instagram":[]}},"created":"2026-03-10 21:10:55","updated":"2026-03-11 14:15:05"},"aioseo_breadcrumb":"<div class=\"aioseo-breadcrumbs\"><span class=\"aioseo-breadcrumb\">\n\t<a href=\"https:\/\/soymigrante.com\/revista\" title=\"Home\">Home<\/a>\n<\/span><span class=\"aioseo-breadcrumb-separator\">\u00bb<\/span><span class=\"aioseo-breadcrumb\">\n\t<a href=\"https:\/\/soymigrante.com\/revista\/category\/noticias\/\" title=\"Noticias\">Noticias<\/a>\n<\/span><span class=\"aioseo-breadcrumb-separator\">\u00bb<\/span><span class=\"aioseo-breadcrumb\">\n\tJuez federal bloquea reducci\u00f3n de plazo para apelar deportaciones \u00bfQu\u00e9 significa esto para los migrantes?\n<\/span><\/div>","aioseo_breadcrumb_json":[{"label":"Home","link":"https:\/\/soymigrante.com\/revista"},{"label":"Noticias","link":"https:\/\/soymigrante.com\/revista\/category\/noticias\/"},{"label":"Juez federal bloquea reducci\u00f3n de plazo para apelar deportaciones \u00bfQu\u00e9 significa esto para los migrantes?","link":"https:\/\/soymigrante.com\/revista\/juez-federal-bloquea-reduccion-de-plazo-para-apelar-deportaciones-que-significa-esto-para-los-migrantes\/"}],"_links":{"self":[{"href":"https:\/\/soymigrante.com\/revista\/wp-json\/wp\/v2\/posts\/53484","targetHints":{"allow":["GET"]}}],"collection":[{"href":"https:\/\/soymigrante.com\/revista\/wp-json\/wp\/v2\/posts"}],"about":[{"href":"https:\/\/soymigrante.com\/revista\/wp-json\/wp\/v2\/types\/post"}],"author":[{"embeddable":true,"href":"https:\/\/soymigrante.com\/revista\/wp-json\/wp\/v2\/users\/1"}],"replies":[{"embeddable":true,"href":"https:\/\/soymigrante.com\/revista\/wp-json\/wp\/v2\/comments?post=53484"}],"version-history":[{"count":8,"href":"https:\/\/soymigrante.com\/revista\/wp-json\/wp\/v2\/posts\/53484\/revisions"}],"predecessor-version":[{"id":53513,"href":"https:\/\/soymigrante.com\/revista\/wp-json\/wp\/v2\/posts\/53484\/revisions\/53513"}],"wp:featuredmedia":[{"embeddable":true,"href":"https:\/\/soymigrante.com\/revista\/wp-json\/wp\/v2\/media\/53486"}],"wp:attachment":[{"href":"https:\/\/soymigrante.com\/revista\/wp-json\/wp\/v2\/media?parent=53484"}],"wp:term":[{"taxonomy":"category","embeddable":true,"href":"https:\/\/soymigrante.com\/revista\/wp-json\/wp\/v2\/categories?post=53484"},{"taxonomy":"post_tag","embeddable":true,"href":"https:\/\/soymigrante.com\/revista\/wp-json\/wp\/v2\/tags?post=53484"}],"curies":[{"name":"wp","href":"https:\/\/api.w.org\/{rel}","templated":true}]}}