{"id":53478,"date":"2026-03-10T12:11:41","date_gmt":"2026-03-10T18:11:41","guid":{"rendered":"https:\/\/soymigrante.com\/revista\/?p=53478"},"modified":"2026-04-10T08:53:54","modified_gmt":"2026-04-10T14:53:54","slug":"que-significan-nombres-de-lugares-de-guatemala-letra-j","status":"publish","type":"post","link":"https:\/\/soymigrante.com\/revista\/que-significan-nombres-de-lugares-de-guatemala-letra-j\/","title":{"rendered":"\u00bfQu\u00e9 significan  nombres de lugares de Guatemala? Letra J"},"content":{"rendered":"\t\t<div data-elementor-type=\"wp-post\" data-elementor-id=\"53478\" class=\"elementor elementor-53478\" data-elementor-post-type=\"post\">\n\t\t\t\t<div data-particle_enable=\"false\" data-particle-mobile-disabled=\"false\" class=\"elementor-element elementor-element-2d6c13c e-flex e-con-boxed e-con e-parent\" data-id=\"2d6c13c\" data-element_type=\"container\" data-e-type=\"container\">\n\t\t\t\t\t<div class=\"e-con-inner\">\n\t\t\t\t<div class=\"elementor-element elementor-element-c245a45 elementor-widget elementor-widget-heading\" data-id=\"c245a45\" data-element_type=\"widget\" data-e-type=\"widget\" data-widget_type=\"heading.default\">\n\t\t\t\t\t<h3 class=\"elementor-heading-title elementor-size-default\">Los nombres de lugares de Guatemala tienen historias, significados y detalles que forman parte de la identidad multicultural. Estos son algunos con la letra inicial J<\/h3>\t\t\t\t<\/div>\n\t\t\t\t\t<\/div>\n\t\t\t\t<\/div>\n\t\t<div data-particle_enable=\"false\" data-particle-mobile-disabled=\"false\" class=\"elementor-element elementor-element-d75bc97 e-flex e-con-boxed e-con e-parent\" data-id=\"d75bc97\" data-element_type=\"container\" data-e-type=\"container\">\n\t\t\t\t\t<div class=\"e-con-inner\">\n\t\t\t\t<div class=\"elementor-element elementor-element-709b663 elementor-widget elementor-widget-text-editor\" data-id=\"709b663\" data-element_type=\"widget\" data-e-type=\"widget\" data-widget_type=\"text-editor.default\">\n\t\t\t\t\t\t\t\t\t<p data-start=\"0\" data-end=\"414\">En esta serie de significados de nombres de lugares de Guatemala, hay algunos relacionados con caracter\u00edsticas geogr\u00e1ficas, t\u00e9rminos prehisp\u00e1nicos o significados intencionales colocados por autoridades a lo largo del tiempo, seg\u00fan el Diccionario de Voces de Jorge Luis Arriola y el Diccionario Geogr\u00e1fico de Guatemala.<\/p><p data-start=\"0\" data-end=\"414\">Es valioso estudiarlos porque forman parte de la identidad regional y nacional. Estos son algunos nombres con la letra inicial I. <br \/>Vale mencionar que\u00a0<a href=\"https:\/\/soymigrante.com\/revista\/que-significa-el-nombre-guatemala\/\">el principal nombre a revisar en este recorrido etimol\u00f3gico es el de Guatemala, que podr\u00e1s encontrar desarrollado en este link.<\/a><\/p><h3 style=\"font-style: normal; font-variant-ligatures: normal; font-variant-caps: normal;\" data-start=\"4668\" data-end=\"4694\">\u00a0<\/h3>\t\t\t\t\t\t\t\t<\/div>\n\t\t\t\t\t<\/div>\n\t\t\t\t<\/div>\n\t\t<div data-particle_enable=\"false\" data-particle-mobile-disabled=\"false\" class=\"elementor-element elementor-element-6d1ed1d e-flex e-con-boxed e-con e-parent\" data-id=\"6d1ed1d\" data-element_type=\"container\" data-e-type=\"container\">\n\t\t\t\t\t<div class=\"e-con-inner\">\n\t\t\t\t<div class=\"elementor-element elementor-element-0f0a76d elementor-widget elementor-widget-heading\" data-id=\"0f0a76d\" data-element_type=\"widget\" data-e-type=\"widget\" data-widget_type=\"heading.default\">\n\t\t\t\t\t<h3 class=\"elementor-heading-title elementor-size-default\">Jutiapa<\/h3>\t\t\t\t<\/div>\n\t\t\t\t\t<\/div>\n\t\t\t\t<\/div>\n\t\t<div data-particle_enable=\"false\" data-particle-mobile-disabled=\"false\" class=\"elementor-element elementor-element-234d836 e-flex e-con-boxed e-con e-parent\" data-id=\"234d836\" data-element_type=\"container\" data-e-type=\"container\">\n\t\t\t\t\t<div class=\"e-con-inner\">\n\t\t\t\t<div class=\"elementor-element elementor-element-3ff358e elementor-widget elementor-widget-text-editor\" data-id=\"3ff358e\" data-element_type=\"widget\" data-e-type=\"widget\" data-widget_type=\"text-editor.default\">\n\t\t\t\t\t\t\t\t\t<p>Cabecera y departamento del oriente guatemalteca. El nombre proviene del n\u00e1huatl: Xutl, jute (especie de caracol comestible) y Apam (R\u00edo): es decir, r\u00edo donde abundan los caracoles.<\/p>\t\t\t\t\t\t\t\t<\/div>\n\t\t\t\t\t<\/div>\n\t\t\t\t<\/div>\n\t\t<div data-particle_enable=\"false\" data-particle-mobile-disabled=\"false\" class=\"elementor-element elementor-element-2c0e2cf e-flex e-con-boxed e-con e-parent\" data-id=\"2c0e2cf\" data-element_type=\"container\" data-e-type=\"container\">\n\t\t\t\t\t<div class=\"e-con-inner\">\n\t\t\t\t<div class=\"elementor-element elementor-element-adae722 elementor-grid-eael-col-1 elementor-grid-tablet-eael-col-2 elementor-grid-mobile-eael-col-1 elementor-widget elementor-widget-eael-post-grid\" data-id=\"adae722\" data-element_type=\"widget\" data-e-type=\"widget\" data-settings=\"{&quot;eael_post_grid_columns&quot;:&quot;eael-col-1&quot;,&quot;eael_post_grid_columns_tablet&quot;:&quot;eael-col-2&quot;,&quot;eael_post_grid_columns_mobile&quot;:&quot;eael-col-1&quot;}\" data-widget_type=\"eael-post-grid.default\">\n\t\t\t\t\t<div id=\"eael-post-grid-adae722\" class=\"eael-post-grid-container\">\n            <div class=\"eael-post-grid eael-post-appender eael-post-appender-adae722 eael-post-grid-style-one\" data-layout-mode=\"masonry\"><article class=\"eael-grid-post  eael-post-grid-column eael-pg-post-22451 category-guate-nuestra tags-departamentos-de-guatemala\" data-id=\"22451\">\n        <div class=\"eael-grid-post-holder\">\n            <div class=\"eael-grid-post-holder-inner\"><div class=\"eael-entry-media\"><div class=\"eael-entry-overlay fade-in\"><i class=\"far fa-hand-pointer\" aria-hidden=\"true\"><\/i><a href=\"https:\/\/soymigrante.com\/revista\/departamentos-de-guatemala-jutiapa-es-cuna-del-sol-entre-playas-y-montanas\/\"><\/a><\/div><div class=\"eael-entry-thumbnail eael-image-ratio\">\n                <img fetchpriority=\"high\" decoding=\"async\" width=\"1024\" height=\"1024\" src=\"https:\/\/soymigrante.com\/revista\/wp-content\/uploads\/2025\/01\/JUTIAPA-LAGUNA-OBRAJUELO-1024x1024.jpg\" class=\"attachment-large size-large wp-image-22735\" alt=\"Puerto y paisaje natural con reflejo en el agua, monta\u00f1as verdes y cielo con nubes, en un entorno tranquilo ideal para la conservaci\u00f3n del medio ambiente y el turismo ecol\u00f3gico.\" srcset=\"https:\/\/soymigrante.com\/revista\/wp-content\/uploads\/2025\/01\/JUTIAPA-LAGUNA-OBRAJUELO-1024x1024.jpg 1024w, https:\/\/soymigrante.com\/revista\/wp-content\/uploads\/2025\/01\/JUTIAPA-LAGUNA-OBRAJUELO-300x300.jpg 300w, https:\/\/soymigrante.com\/revista\/wp-content\/uploads\/2025\/01\/JUTIAPA-LAGUNA-OBRAJUELO-150x150.jpg 150w, https:\/\/soymigrante.com\/revista\/wp-content\/uploads\/2025\/01\/JUTIAPA-LAGUNA-OBRAJUELO-768x768.jpg 768w, https:\/\/soymigrante.com\/revista\/wp-content\/uploads\/2025\/01\/JUTIAPA-LAGUNA-OBRAJUELO-75x75.webp 75w, https:\/\/soymigrante.com\/revista\/wp-content\/uploads\/2025\/01\/JUTIAPA-LAGUNA-OBRAJUELO-750x750.webp 750w, https:\/\/soymigrante.com\/revista\/wp-content\/uploads\/2025\/01\/JUTIAPA-LAGUNA-OBRAJUELO-1140x1140.webp 1140w, https:\/\/soymigrante.com\/revista\/wp-content\/uploads\/2025\/01\/JUTIAPA-LAGUNA-OBRAJUELO.webp 1364w\" sizes=\"(max-width: 1024px) 100vw, 1024px\" \/>\n            <\/div>\n        <\/div><div class=\"eael-entry-wrapper\"><header class=\"eael-entry-header\"><h2 class=\"eael-entry-title\"><a class=\"eael-grid-post-link\" href=\"https:\/\/soymigrante.com\/revista\/departamentos-de-guatemala-jutiapa-es-cuna-del-sol-entre-playas-y-montanas\/\" title=\"Departamentos de Guatemala: Jutiapa es cuna del sol entre playas y monta\u00f1as\">Departamentos de Guatemala: Jutiapa es cuna del sol entre playas y monta\u00f1as<\/a><\/h2><\/header><div class=\"eael-entry-content\">\n                        <div class=\"eael-grid-post-excerpt\"><a href=\"https:\/\/soymigrante.com\/revista\/departamentos-de-guatemala-jutiapa-es-cuna-del-sol-entre-playas-y-montanas\/\" class=\"eael-post-elements-readmore-btn\">CONOCE SU HISTORIA <\/a><\/div>\n                    <\/div><\/div><\/div>\n        <\/div>\n    <\/article><\/div>\n            <div class=\"clearfix\"><\/div>\n        <\/div>\t\t\t\t<\/div>\n\t\t\t\t\t<\/div>\n\t\t\t\t<\/div>\n\t\t<div data-particle_enable=\"false\" data-particle-mobile-disabled=\"false\" class=\"elementor-element elementor-element-73e7912 e-flex e-con-boxed e-con e-parent\" data-id=\"73e7912\" data-element_type=\"container\" data-e-type=\"container\">\n\t\t\t\t\t<div class=\"e-con-inner\">\n\t\t\t\t<div class=\"elementor-element elementor-element-62016a9 elementor-widget elementor-widget-text-editor\" data-id=\"62016a9\" data-element_type=\"widget\" data-e-type=\"widget\" data-widget_type=\"text-editor.default\">\n\t\t\t\t\t\t\t\t\t<h3>Jacaltenango<\/h3><p>Municipio del departamento de Huehuetenango. Su nombre suele relacionarse con la forma n\u00e1huatl <em>Xacal-tenan-co<\/em>, interpretada como \u201clugar de jacales o caba\u00f1as amuralladas\u201d, a partir de <em>xacalli<\/em>, caba\u00f1a o rancho de materiales ligeros. Otras interpretaciones hist\u00f3ricas lo traducen como \u201ccasa de agua\u201d o \u201ccerro de agua\u201d. En la tradici\u00f3n jacalteca tambi\u00e9n se han identificado elementos como <em>jacal<\/em> (galera o rancho de techo de paja), combinados con t\u00e9rminos que aluden a \u00e1rboles o distribuci\u00f3n del asentamiento.<\/p><h3>Jalapa<\/h3><p>Ciudad cabecera y departamento del mismo nombre en el oriente de Guatemala. El top\u00f3nimo <a href=\"https:\/\/soymigrante.com\/revista\/departamentos-de-guatemala-jalapa-es-un-corazon-de-montana-en-el-oriente\/\">Jalapa<\/a> se asocia con el vocablo de origen n\u00e1huatl <em>xalli<\/em>, que significa \u201carena\u201d, por lo que suele interpretarse como \u201clugar arenoso\u201d o \u201csitio donde abunda la arena\u201d. Otra hip\u00f3tesis menciona la posible existencia de un \u00e1rbol llamado jalapa en \u00e9pocas remotas, lo cual tambi\u00e9n pudo influir en la denominaci\u00f3n del lugar.<\/p>\t\t\t\t\t\t\t\t<\/div>\n\t\t\t\t\t<\/div>\n\t\t\t\t<\/div>\n\t\t<div data-particle_enable=\"false\" data-particle-mobile-disabled=\"false\" class=\"elementor-element elementor-element-316c997 e-flex e-con-boxed e-con e-parent\" data-id=\"316c997\" data-element_type=\"container\" data-e-type=\"container\">\n\t\t\t\t\t<div class=\"e-con-inner\">\n\t\t\t\t<div class=\"elementor-element elementor-element-338cc72 elementor-widget elementor-widget-html\" data-id=\"338cc72\" data-element_type=\"widget\" data-e-type=\"widget\" data-widget_type=\"html.default\">\n\t\t\t\t\t<iframe width=\"560\" height=\"415\" src=\"https:\/\/www.youtube.com\/embed\/Rho_akLbF2M?si=VpocZ72lxL4av9Ag\" title=\"YouTube video player\" frameborder=\"0\" allow=\"accelerometer; autoplay; clipboard-write; encrypted-media; gyroscope; picture-in-picture; web-share\" referrerpolicy=\"strict-origin-when-cross-origin\" allowfullscreen><\/iframe>\t\t\t\t<\/div>\n\t\t\t\t\t<\/div>\n\t\t\t\t<\/div>\n\t\t<div data-particle_enable=\"false\" data-particle-mobile-disabled=\"false\" class=\"elementor-element elementor-element-2a3c59e e-flex e-con-boxed e-con e-parent\" data-id=\"2a3c59e\" data-element_type=\"container\" data-e-type=\"container\">\n\t\t\t\t\t<div class=\"e-con-inner\">\n\t\t\t\t<div class=\"elementor-element elementor-element-651d67e elementor-widget elementor-widget-text-editor\" data-id=\"651d67e\" data-element_type=\"widget\" data-e-type=\"widget\" data-widget_type=\"text-editor.default\">\n\t\t\t\t\t\t\t\t\t<h3><span style=\"font-family: Mulish, sans-serif; font-size: 29px; font-weight: bold;\">Jalpatagua<\/span><\/h3><p>Municipio del departamento de Jutiapa. Su nombre procede de una forma del n\u00e1huatl <em>jalpatlaguac<\/em>, compuesta por <em>jal<\/em>, aspiraci\u00f3n de <em>atl<\/em> (agua), y <em>patlaguac<\/em>, que significa ancho. La interpretaci\u00f3n m\u00e1s aceptada es \u201cr\u00edo ancho\u201d, en referencia a las caracter\u00edsticas del curso de agua que atraviesa la regi\u00f3n.<\/p><h3>J\u00edcaro<\/h3><p>Municipio del departamento de <a href=\"https:\/\/soymigrante.com\/revista\/departamentos-de-guatemala-preguntas-y-respuestas-sobre-el-progreso\/\">El Progreso.<\/a> El nombre deriva del t\u00e9rmino n\u00e1huatl <em>xicalli<\/em>, que designa la j\u00edcara, recipiente elaborado tradicionalmente con el fruto del \u00e1rbol del j\u00edcaro. Este vocablo dio origen a varios top\u00f3nimos en Guatemala asociados a la presencia del \u00e1rbol o al uso de sus frutos en la vida cotidiana.<\/p><h3>Jilotepeque<\/h3><p>Nombre presente en municipios como San Luis Jilotepeque, en <a href=\"https:\/\/soymigrante.com\/revista\/departamentos-de-guatemala-jalapa-es-un-corazon-de-montana-en-el-oriente\/\">Jalapa, y<\/a> San Mart\u00edn Jilotepeque, en <a href=\"https:\/\/soymigrante.com\/revista\/departamentos-de-guatemala-chimaltenango-tiene-montanas-tradicion-y-la-primera-capital-de-guatemala\/\">Chimaltenango<\/a>.\u00a0<\/p><p>Proviene del n\u00e1huatl <em>xilotl<\/em>, que significa mazorca tierna o jilote, y <em>tepetl<\/em>, cerro. El significado m\u00e1s difundido es \u201ccerro de ma\u00edz tierno\u201d o \u201ccerro de elotes\u201d. Otra interpretaci\u00f3n lo relaciona con la diosa agr\u00edcola Xilonen, asociada a las mieses en la tradici\u00f3n mesoamericana.<\/p>\t\t\t\t\t\t\t\t<\/div>\n\t\t\t\t\t<\/div>\n\t\t\t\t<\/div>\n\t\t<div data-particle_enable=\"false\" data-particle-mobile-disabled=\"false\" class=\"elementor-element elementor-element-2393fc8 e-flex e-con-boxed e-con e-parent\" data-id=\"2393fc8\" data-element_type=\"container\" data-e-type=\"container\">\n\t\t\t\t\t<div class=\"e-con-inner\">\n\t\t\t\t<div class=\"elementor-element elementor-element-fb12e40 elementor-widget elementor-widget-html\" data-id=\"fb12e40\" data-element_type=\"widget\" data-e-type=\"widget\" data-widget_type=\"html.default\">\n\t\t\t\t\t<iframe src=\"https:\/\/www.google.com\/maps\/embed?pb=!4v1773165794864!6m8!1m7!1sTXnluMjNTYwAdE5tl7hCHw!2m2!1d14.57428689965148!2d-90.74070398813036!3f110.14437765978856!4f-10.334250988573828!5f0.4000000000000002\" width=\"600\" height=\"450\" style=\"border:0;\" allowfullscreen=\"\" loading=\"lazy\" referrerpolicy=\"no-referrer-when-downgrade\"><\/iframe>\t\t\t\t<\/div>\n\t\t\t\t\t<\/div>\n\t\t\t\t<\/div>\n\t\t<div data-particle_enable=\"false\" data-particle-mobile-disabled=\"false\" class=\"elementor-element elementor-element-51fa10d e-con-full e-flex e-con e-parent\" data-id=\"51fa10d\" data-element_type=\"container\" data-e-type=\"container\">\n\t\t\t\t<div class=\"elementor-element elementor-element-ca0f908 elementor-widget elementor-widget-text-editor\" data-id=\"ca0f908\" data-element_type=\"widget\" data-e-type=\"widget\" data-widget_type=\"text-editor.default\">\n\t\t\t\t\t\t\t\t\t<h3><span style=\"font-family: Mulish, sans-serif; font-size: 29px; font-weight: bold;\">Jocot\u00e1n<\/span><\/h3><p>Municipio del departamento de Chiquimula. Su nombre se considera una forma sincopada de <em>Jocotl\u00e1n<\/em>. El t\u00e9rmino se relaciona con la ra\u00edz n\u00e1huatl <em>xocotl<\/em>, que designa ciertos frutos, especialmente el jocote. Por ello suele interpretarse como \u201clugar de jocotes\u201d o \u201clugar donde abundan los \u00e1rboles frutales\u201d.<\/p><h3>Jocotenango<\/h3><p>Municipio del departamento de <a href=\"https:\/\/soymigrante.com\/revista\/el-legendario-baile-de-gigantes-siempre-encanta-en-la-antigua-guatemala-sumpango-y-otros-municipios\/\">Sacatep\u00e9quez<\/a>. El top\u00f3nimo deriva del n\u00e1huatl <em>xocotl<\/em>, fruta, junto con el sufijo abundancial <em>-tlan<\/em>, que indica lugar donde algo abunda. Su significado se interpreta como \u201clugar donde abundan los \u00e1rboles frutales\u201d o, de forma popular, \u201clugar de jocotes\u201d. En este municipio naci\u00f3 <a href=\"https:\/\/soymigrante.com\/revista\/asi-vivieron-migrantes-guatemaltecos-y-latinoamericanos-en-chicago-el-primer-concierto-de-ricardo-arjona-en-gira-usa\/\">el cantautor guatemalteco Ricardo Arjona.\u00a0<\/a><\/p><h3>Jocopilas<\/h3><p>Municipio del departamento de Quich\u00e9. Existen diversas interpretaciones sobre su origen. Una de las m\u00e1s citadas lo vincula con el n\u00e1huatl <em>Xocotla<\/em>, relacionado con la abundancia de frutos, por lo que se interpreta como \u201clugar de muchos jocotes\u201d o \u201clugar de mucha fruta\u201d. Otra versi\u00f3n lo asocia con <em>Jocobal<\/em>, nombre de un raspador utilizado tradicionalmente en la elaboraci\u00f3n de vasijas de barro.<\/p><h3>Joyabaj<\/h3><p>Municipio y cabecera del departamento de Quich\u00e9. Una de las etimolog\u00edas m\u00e1s aceptadas proviene de las voces mayas <em>xol<\/em>, entre, y <em>abaj<\/em>, piedra, lo que se traduce como \u201centre piedras\u201d, en referencia al terreno pedregoso de la regi\u00f3n. Otra interpretaci\u00f3n lo relaciona con <em>choy<\/em>, laguna, y <em>abaj<\/em>, piedra, aludiendo a una peque\u00f1a laguna cercana a antiguas ruinas ind\u00edgenas ubicadas al norte del municipio.<\/p><h3>Juchit\u00e1n<\/h3><p>Top\u00f3nimo de origen n\u00e1huatl derivado de <em>Xochitl\u00e1n<\/em>, compuesto por <em>xochitl<\/em>, flor, y el sufijo locativo <em>-tlan<\/em>. El significado general es \u201clugar de flores\u201d o \u201centre flores\u201d, expresi\u00f3n com\u00fan en la toponimia mesoamericana asociada a paisajes f\u00e9rtiles o floridos. Este t\u00e9rmino podr\u00eda ser el origen de Suchit\u00e1n, nombre de un volc\u00e1n en el oriente de Guatemala.<\/p>\t\t\t\t\t\t\t\t<\/div>\n\t\t\t\t<\/div>\n\t\t<div data-particle_enable=\"false\" data-particle-mobile-disabled=\"false\" class=\"elementor-element elementor-element-f39ba47 e-flex e-con-boxed e-con e-parent\" data-id=\"f39ba47\" data-element_type=\"container\" data-e-type=\"container\">\n\t\t\t\t\t<div class=\"e-con-inner\">\n\t\t\t\t<div class=\"elementor-element elementor-element-88c66a6 elementor-widget elementor-widget-html\" data-id=\"88c66a6\" data-element_type=\"widget\" data-e-type=\"widget\" data-widget_type=\"html.default\">\n\t\t\t\t\t<iframe src=\"https:\/\/www.google.com\/maps\/embed?pb=!1m18!1m12!1m3!1d71518.49915714198!2d-90.2878456805199!3d14.341079075301607!2m3!1f0!2f0!3f0!3m2!1i1024!2i768!4f13.1!3m3!1m2!1s0x8589ca57071b6eab%3A0xc2f942a2ba579ae9!2sVolc%C3%A1n%20Jumaytepeque!5e1!3m2!1ses!2sgt!4v1773165989090!5m2!1ses!2sgt\" width=\"600\" height=\"450\" style=\"border:0;\" allowfullscreen=\"\" loading=\"lazy\" referrerpolicy=\"no-referrer-when-downgrade\"><\/iframe>\t\t\t\t<\/div>\n\t\t\t\t\t<\/div>\n\t\t\t\t<\/div>\n\t\t<div data-particle_enable=\"false\" data-particle-mobile-disabled=\"false\" class=\"elementor-element elementor-element-d56a0f6 e-flex e-con-boxed e-con e-parent\" data-id=\"d56a0f6\" data-element_type=\"container\" data-e-type=\"container\">\n\t\t\t\t\t<div class=\"e-con-inner\">\n\t\t\t\t<div class=\"elementor-element elementor-element-659eb69 elementor-widget elementor-widget-text-editor\" data-id=\"659eb69\" data-element_type=\"widget\" data-e-type=\"widget\" data-widget_type=\"text-editor.default\">\n\t\t\t\t\t\t\t\t\t<h3><span style=\"font-family: Mulish, sans-serif; font-size: 29px; font-weight: bold;\">Jumay y Jumaytepeque<\/span><\/h3><p>Jumay es el nombre de un volc\u00e1n en <a href=\"https:\/\/soymigrante.com\/revista\/departamentos-de-guatemala-jalapa-es-un-corazon-de-montana-en-el-oriente\/\">Jalapa <\/a>y Jumaytepeque es el nombre de otro volc\u00e1n en <a href=\"https:\/\/soymigrante.com\/revista\/cafe-zamora-florece-en-oregon-con-grano-migrante-de-santa-rosa-guatemala\/\">Santa Rosa<\/a>, as\u00ed como del municipio en el que se encuentra. El nombre proviene del n\u00e1huatl <em>xomatl<\/em> o <em>xumatl<\/em>, que se refiere a una planta medicinal, y el elemento <em>tepetl<\/em>, cerro. El significado se interpreta como \u201ccerro de la planta medicinal\u201d. La forma tambi\u00e9n aparece escrita como Jumaytepeque.<\/p><h3>Jumulco<\/h3><p>Top\u00f3nimo de origen n\u00e1huatl derivado de <em>xomulco<\/em>, compuesto por <em>xomulli<\/em> o <em>xumilli<\/em>, que puede referirse a un rinc\u00f3n o lugar apartado, junto con el sufijo locativo <em>-co<\/em>. El significado general es \u201cen el rinc\u00f3n\u201d o \u201clugar en el rinc\u00f3n\u201d. Este elemento aparece en otras denominaciones geogr\u00e1ficas de Guatemala.<\/p>\t\t\t\t\t\t\t\t<\/div>\n\t\t\t\t\t<\/div>\n\t\t\t\t<\/div>\n\t\t<div data-particle_enable=\"false\" data-particle-mobile-disabled=\"false\" class=\"elementor-element elementor-element-dfd9eee e-flex e-con-boxed e-con e-parent\" data-id=\"dfd9eee\" data-element_type=\"container\" data-e-type=\"container\">\n\t\t\t\t\t<div class=\"e-con-inner\">\n\t\t\t\t<div class=\"elementor-element elementor-element-fad87f8 elementor-widget elementor-widget-heading\" data-id=\"fad87f8\" data-element_type=\"widget\" data-e-type=\"widget\" data-widget_type=\"heading.default\">\n\t\t\t\t\t<h2 class=\"elementor-heading-title elementor-size-default\">Quiz\u00e1 tambi\u00e9n te podr\u00eda interesar<\/h2>\t\t\t\t<\/div>\n\t\t\t\t\t<\/div>\n\t\t\t\t<\/div>\n\t\t<div data-particle_enable=\"false\" data-particle-mobile-disabled=\"false\" class=\"elementor-element elementor-element-0f18a43 e-flex e-con-boxed e-con e-parent\" data-id=\"0f18a43\" data-element_type=\"container\" data-e-type=\"container\">\n\t\t\t\t\t<div class=\"e-con-inner\">\n\t\t\t\t<div class=\"elementor-element elementor-element-f9c3d2d elementor-grid-eael-col-3 elementor-grid-tablet-eael-col-2 elementor-grid-mobile-eael-col-1 elementor-widget elementor-widget-eael-post-grid\" data-id=\"f9c3d2d\" data-element_type=\"widget\" data-e-type=\"widget\" data-settings=\"{&quot;eael_post_grid_columns&quot;:&quot;eael-col-3&quot;,&quot;eael_post_grid_columns_tablet&quot;:&quot;eael-col-2&quot;,&quot;eael_post_grid_columns_mobile&quot;:&quot;eael-col-1&quot;}\" data-widget_type=\"eael-post-grid.default\">\n\t\t\t\t\t<div id=\"eael-post-grid-f9c3d2d\" class=\"eael-post-grid-container\">\n            <div class=\"eael-post-grid eael-post-appender eael-post-appender-f9c3d2d eael-post-grid-style-one\" data-layout-mode=\"masonry\"><article class=\"eael-grid-post  eael-post-grid-column eael-pg-post-43829 category-arte-cultura-guate-nuestra\" data-id=\"43829\">\n        <div class=\"eael-grid-post-holder\">\n            <div class=\"eael-grid-post-holder-inner\"><div class=\"eael-entry-media\"><div class=\"eael-entry-overlay fade-in\"><i class=\"far fa-hand-pointer\" aria-hidden=\"true\"><\/i><a href=\"https:\/\/soymigrante.com\/revista\/juan-sisay-arte-guatemalteco-maya-tzutujil-atitlan\/\"><\/a><\/div><div class=\"eael-entry-thumbnail eael-image-ratio\">\n                <img decoding=\"async\" width=\"485\" height=\"485\" src=\"https:\/\/soymigrante.com\/revista\/wp-content\/uploads\/2025\/09\/Juan-Sisay1-e1757021856514.jpeg\" class=\"attachment-large size-large wp-image-43830\" alt=\"Juan Sisay: el artista guatemalteco que retrat\u00f3 la identidad tz&#039;utuj&#039;il desde dentro. El artista fue asesinado en abril de 1989 despu\u00e9s de haber pintado acerca de una masacre cometida en Santiago Atitl\u00e1n durante el conflicto armado interno. (Retrato por Miguel Ch\u00e1vez)\" srcset=\"https:\/\/soymigrante.com\/revista\/wp-content\/uploads\/2025\/09\/Juan-Sisay1-e1757021856514.jpeg 485w, https:\/\/soymigrante.com\/revista\/wp-content\/uploads\/2025\/09\/Juan-Sisay1-e1757021856514-300x300.jpeg 300w, https:\/\/soymigrante.com\/revista\/wp-content\/uploads\/2025\/09\/Juan-Sisay1-e1757021856514-150x150.jpeg 150w, https:\/\/soymigrante.com\/revista\/wp-content\/uploads\/2025\/09\/Juan-Sisay1-e1757021856514-75x75.jpeg 75w\" sizes=\"(max-width: 485px) 100vw, 485px\" \/>\n            <\/div>\n        <\/div><div class=\"eael-entry-wrapper\"><header class=\"eael-entry-header\"><h2 class=\"eael-entry-title\"><a class=\"eael-grid-post-link\" href=\"https:\/\/soymigrante.com\/revista\/juan-sisay-arte-guatemalteco-maya-tzutujil-atitlan\/\" title=\"Mira arte guatemalteco: Pintor tz&#8217;utuj&#8217;il Juan Sisay origin\u00f3 la pintura popular de Atitl\u00e1n\">Mira arte guatemalteco: Pintor tz&#8217;utuj&#8217;il Juan Sisay origin\u00f3 la pintura popular de Atitl\u00e1n<\/a><\/h2><\/header><div class=\"eael-entry-content\">\n                        <div class=\"eael-grid-post-excerpt\"><a href=\"https:\/\/soymigrante.com\/revista\/juan-sisay-arte-guatemalteco-maya-tzutujil-atitlan\/\" class=\"eael-post-elements-readmore-btn\">CONOCE SU HISTORIA <\/a><\/div>\n                    <\/div><\/div><\/div>\n        <\/div>\n    <\/article><article class=\"eael-grid-post  eael-post-grid-column eael-pg-post-52920 category-nombres-de-guatemala tags-abc-de-nombres-de-lugares-de-guatemala\" data-id=\"52920\">\n        <div class=\"eael-grid-post-holder\">\n            <div class=\"eael-grid-post-holder-inner\"><div class=\"eael-entry-media\"><div class=\"eael-entry-overlay fade-in\"><i class=\"far fa-hand-pointer\" aria-hidden=\"true\"><\/i><a href=\"https:\/\/soymigrante.com\/revista\/que-significan-nombres-de-lugares-de-guatemala-etimologias-letra-c\/\"><\/a><\/div><div class=\"eael-entry-thumbnail eael-image-ratio\">\n                <img decoding=\"async\" width=\"895\" height=\"884\" src=\"https:\/\/soymigrante.com\/revista\/wp-content\/uploads\/2026\/02\/nombres-de-lugares-de-guatemala-letra-C.png\" class=\"attachment-large size-large wp-image-52921\" alt=\"nombres de lugares de guatemala letra C\" srcset=\"https:\/\/soymigrante.com\/revista\/wp-content\/uploads\/2026\/02\/nombres-de-lugares-de-guatemala-letra-C.png 895w, https:\/\/soymigrante.com\/revista\/wp-content\/uploads\/2026\/02\/nombres-de-lugares-de-guatemala-letra-C-300x296.png 300w, https:\/\/soymigrante.com\/revista\/wp-content\/uploads\/2026\/02\/nombres-de-lugares-de-guatemala-letra-C-768x759.png 768w, https:\/\/soymigrante.com\/revista\/wp-content\/uploads\/2026\/02\/nombres-de-lugares-de-guatemala-letra-C-75x75.png 75w, https:\/\/soymigrante.com\/revista\/wp-content\/uploads\/2026\/02\/nombres-de-lugares-de-guatemala-letra-C-750x741.png 750w\" sizes=\"(max-width: 895px) 100vw, 895px\" \/>\n            <\/div>\n        <\/div><div class=\"eael-entry-wrapper\"><header class=\"eael-entry-header\"><h2 class=\"eael-entry-title\"><a class=\"eael-grid-post-link\" href=\"https:\/\/soymigrante.com\/revista\/que-significan-nombres-de-lugares-de-guatemala-etimologias-letra-c\/\" title=\"\u00bfQu\u00e9 significan  nombres de lugares de Guatemala? &#8211; Letra C &#8211;\">\u00bfQu\u00e9 significan  nombres de lugares de Guatemala? &#8211; Letra C &#8211;<\/a><\/h2><\/header><div class=\"eael-entry-content\">\n                        <div class=\"eael-grid-post-excerpt\"><a href=\"https:\/\/soymigrante.com\/revista\/que-significan-nombres-de-lugares-de-guatemala-etimologias-letra-c\/\" class=\"eael-post-elements-readmore-btn\">CONOCE SU HISTORIA <\/a><\/div>\n                    <\/div><\/div><\/div>\n        <\/div>\n    <\/article><article class=\"eael-grid-post  eael-post-grid-column eael-pg-post-3568 category-guate-nuestra\" data-id=\"3568\">\n        <div class=\"eael-grid-post-holder\">\n            <div class=\"eael-grid-post-holder-inner\"><div class=\"eael-entry-media\"><div class=\"eael-entry-overlay fade-in\"><i class=\"far fa-hand-pointer\" aria-hidden=\"true\"><\/i><a href=\"https:\/\/soymigrante.com\/revista\/guatemaltequismos-que-superan-fronteras\/\"><\/a><\/div><div class=\"eael-entry-thumbnail eael-image-ratio\">\n                <img loading=\"lazy\" decoding=\"async\" width=\"1024\" height=\"768\" src=\"https:\/\/soymigrante.com\/revista\/wp-content\/uploads\/2023\/11\/20230329_113556-1024x768.webp\" class=\"attachment-large size-large wp-image-3569\" alt=\"20 palabras chapinas que no conocen fronteras\" srcset=\"https:\/\/soymigrante.com\/revista\/wp-content\/uploads\/2023\/11\/20230329_113556-1024x768.webp 1024w, https:\/\/soymigrante.com\/revista\/wp-content\/uploads\/2023\/11\/20230329_113556-300x225.webp 300w, https:\/\/soymigrante.com\/revista\/wp-content\/uploads\/2023\/11\/20230329_113556-768x576.jpg 768w, https:\/\/soymigrante.com\/revista\/wp-content\/uploads\/2023\/11\/20230329_113556-1536x1152.jpg 1536w, https:\/\/soymigrante.com\/revista\/wp-content\/uploads\/2023\/11\/20230329_113556-2048x1536.jpg 2048w, https:\/\/soymigrante.com\/revista\/wp-content\/uploads\/2023\/11\/20230329_113556-750x563.jpg 750w, https:\/\/soymigrante.com\/revista\/wp-content\/uploads\/2023\/11\/20230329_113556-1140x855.jpg 1140w, https:\/\/soymigrante.com\/revista\/wp-content\/uploads\/2023\/11\/20230329_113556-scaled.webp 1920w\" sizes=\"(max-width: 1024px) 100vw, 1024px\" \/>\n            <\/div>\n        <\/div><div class=\"eael-entry-wrapper\"><header class=\"eael-entry-header\"><h2 class=\"eael-entry-title\"><a class=\"eael-grid-post-link\" href=\"https:\/\/soymigrante.com\/revista\/guatemaltequismos-que-superan-fronteras\/\" title=\"20 palabras chapinas que no conocen fronteras\">20 palabras chapinas que no conocen fronteras<\/a><\/h2><\/header><div class=\"eael-entry-content\">\n                        <div class=\"eael-grid-post-excerpt\"><a href=\"https:\/\/soymigrante.com\/revista\/guatemaltequismos-que-superan-fronteras\/\" class=\"eael-post-elements-readmore-btn\">CONOCE SU HISTORIA <\/a><\/div>\n                    <\/div><\/div><\/div>\n        <\/div>\n    <\/article><\/div>\n            <div class=\"clearfix\"><\/div>\n        <\/div>\t\t\t\t<\/div>\n\t\t\t\t\t<\/div>\n\t\t\t\t<\/div>\n\t\t\t\t<\/div>\n\t\t","protected":false},"excerpt":{"rendered":"<p>Los nombres de lugares de Guatemala tienen historias, significados y detalles que forman parte de la identidad multicultural. Estos son algunos con la letra inicial J En esta serie de significados de nombres de lugares de Guatemala, hay algunos relacionados con caracter\u00edsticas geogr\u00e1ficas, t\u00e9rminos prehisp\u00e1nicos o significados intencionales colocados por autoridades a lo largo del [&hellip;]<\/p>\n","protected":false},"author":1,"featured_media":53477,"comment_status":"open","ping_status":"open","sticky":false,"template":"","format":"standard","meta":{"_acf_changed":false,"_eb_attr":"","footnotes":""},"categories":[306],"tags":[305],"class_list":["post-53478","post","type-post","status-publish","format-standard","has-post-thumbnail","hentry","category-nombres-de-guatemala","tag-abc-de-nombres-de-lugares-de-guatemala"],"acf":[],"aioseo_notices":[],"aioseo_head":"\n\t\t<!-- All in One SEO Pro 4.9.6.2 - aioseo.com -->\n\t<meta name=\"description\" content=\"Estas son palabras chapinas que se van junto con los migrantes a Estados Unidos. Quiz\u00e1 lejos de su tierra, los guatemaltecos saben exactamente su significado\" \/>\n\t<meta name=\"robots\" content=\"max-snippet:-1, max-image-preview:large, max-video-preview:-1\" \/>\n\t<meta name=\"author\" content=\"Gustavo Montenegro\"\/>\n\t<link rel=\"canonical\" href=\"https:\/\/soymigrante.com\/revista\/guatemaltequismos-que-superan-fronteras\/\" \/>\n\t<meta name=\"generator\" content=\"All in One SEO Pro (AIOSEO) 4.9.6.2\" \/>\n\n\t\t<link rel=\"preconnect\" href=\"https:\/\/fonts.googleapis.com\" crossorigin>\n<link rel=\"preconnect\" href=\"https:\/\/fonts.gstatic.com\" crossorigin>\n\t\t<meta property=\"og:locale\" content=\"es_ES\" \/>\n\t\t<meta property=\"og:site_name\" content=\"SoyMigrante.com REVISTA \u2013 Nuestra misi\u00f3n es reconocer y dignificar al migrante.\" \/>\n\t\t<meta property=\"og:type\" content=\"article\" \/>\n\t\t<meta property=\"og:title\" content=\"20 palabras chapinas que no conocen fronteras\" \/>\n\t\t<meta property=\"og:description\" content=\"Estas son palabras chapinas que se van junto con los migrantes a Estados Unidos. Quiz\u00e1 lejos de su tierra, los guatemaltecos saben exactamente su significado\" \/>\n\t\t<meta property=\"og:url\" content=\"https:\/\/soymigrante.com\/revista\/guatemaltequismos-que-superan-fronteras\/\" \/>\n\t\t<meta property=\"og:image\" content=\"https:\/\/soymigrante.com\/revista\/wp-content\/uploads\/2023\/11\/20230329_113556-scaled.webp\" \/>\n\t\t<meta property=\"og:image:secure_url\" content=\"https:\/\/soymigrante.com\/revista\/wp-content\/uploads\/2023\/11\/20230329_113556-scaled.webp\" \/>\n\t\t<meta property=\"og:image:width\" content=\"1920\" \/>\n\t\t<meta property=\"og:image:height\" content=\"1440\" \/>\n\t\t<meta property=\"article:published_time\" content=\"2023-11-28T22:06:44+00:00\" \/>\n\t\t<meta property=\"article:modified_time\" content=\"2025-09-16T13:57:41+00:00\" \/>\n\t\t<meta property=\"article:publisher\" content=\"https:\/\/www.facebook.com\/soymigrantecom\" \/>\n\t\t<meta name=\"twitter:card\" content=\"summary_large_image\" \/>\n\t\t<meta name=\"twitter:site\" content=\"@SoyMigrante_com\" \/>\n\t\t<meta name=\"twitter:title\" content=\"20 palabras chapinas que no conocen fronteras\" \/>\n\t\t<meta name=\"twitter:description\" content=\"Estas son palabras chapinas que se van junto con los migrantes a Estados Unidos. Quiz\u00e1 lejos de su tierra, los guatemaltecos saben exactamente su significado\" \/>\n\t\t<meta name=\"twitter:creator\" content=\"@SoyMigrante_com\" \/>\n\t\t<meta name=\"twitter:image\" content=\"https:\/\/soymigrante.com\/revista\/wp-content\/uploads\/2023\/11\/20230329_113556-scaled.webp\" \/>\n\t\t<!-- All in One SEO Pro -->\r\n\t\t<title>20 palabras chapinas que no conocen fronteras<\/title>\n\n","aioseo_head_json":{"title":"20 palabras chapinas que no conocen fronteras","description":"Estas son palabras chapinas que se van junto con los migrantes a Estados Unidos. Quiz\u00e1 lejos de su tierra, los guatemaltecos saben exactamente su significado","canonical_url":"https:\/\/soymigrante.com\/revista\/guatemaltequismos-que-superan-fronteras\/","robots":"max-snippet:-1, max-image-preview:large, max-video-preview:-1","keywords":"","webmasterTools":{"miscellaneous":"&lt;link rel=\"preconnect\" href=\"https:\/\/fonts.googleapis.com\" crossorigin&gt;\n&lt;link rel=\"preconnect\" href=\"https:\/\/fonts.gstatic.com\" crossorigin&gt;"},"schema":null,"og:locale":"es_ES","og:site_name":"SoyMigrante.com REVISTA \u2013 Nuestra misi\u00f3n es reconocer y dignificar al migrante.","og:type":"article","og:title":"20 palabras chapinas que no conocen fronteras","og:description":"Estas son palabras chapinas que se van junto con los migrantes a Estados Unidos. Quiz\u00e1 lejos de su tierra, los guatemaltecos saben exactamente su significado","og:url":"https:\/\/soymigrante.com\/revista\/guatemaltequismos-que-superan-fronteras\/","og:image":"https:\/\/soymigrante.com\/revista\/wp-content\/uploads\/2023\/11\/20230329_113556-scaled.webp","og:image:secure_url":"https:\/\/soymigrante.com\/revista\/wp-content\/uploads\/2023\/11\/20230329_113556-scaled.webp","og:image:width":1920,"og:image:height":1440,"article:published_time":"2023-11-28T22:06:44+00:00","article:modified_time":"2025-09-16T13:57:41+00:00","article:publisher":"https:\/\/www.facebook.com\/soymigrantecom","twitter:card":"summary_large_image","twitter:site":"@SoyMigrante_com","twitter:title":"20 palabras chapinas que no conocen fronteras","twitter:description":"Estas son palabras chapinas que se van junto con los migrantes a Estados Unidos. Quiz\u00e1 lejos de su tierra, los guatemaltecos saben exactamente su significado","twitter:creator":"@SoyMigrante_com","twitter:image":"https:\/\/soymigrante.com\/revista\/wp-content\/uploads\/2023\/11\/20230329_113556-scaled.webp"},"aioseo_meta_data":{"post_id":"53478","title":"\u00bfQu\u00e9 significan nombres de Guatemala? Letra J","description":"Significados y detalles detr\u00e1s de los nombres de lugares de Guatemala. Historia, etimolog\u00eda y cultura se reflejan al nombrarlos. Conoce m\u00e1s. Letra J","keywords":null,"keyphrases":{"focus":{"keyphrase":"Nombres","score":78,"analysis":{"keyphraseInTitle":{"score":9,"maxScore":9,"error":0},"keyphraseInDescription":{"score":9,"maxScore":9,"error":0},"keyphraseLength":{"score":9,"maxScore":9,"error":0,"length":1},"keyphraseInURL":{"score":5,"maxScore":5,"error":0},"keyphraseInIntroduction":{"score":9,"maxScore":9,"error":0},"keyphraseInSubHeadings":{"score":3,"maxScore":9,"error":1},"keyphraseInImageAlt":{"score":9,"maxScore":9,"error":0},"keywordDensity":{"score":0,"type":"low","maxScore":9,"error":1}}},"additional":[{"keyphrase":"Guatemala","score":100,"analysis":{"keyphraseInDescription":{"score":9,"maxScore":9,"error":0},"keyphraseLength":{"score":9,"maxScore":9,"error":0,"length":1},"keyphraseInIntroduction":{"score":9,"maxScore":9,"error":0},"keyphraseInImageAlt":{"score":9,"maxScore":9,"error":0},"keywordDensity":{"type":"best","score":9,"maxScore":9,"error":0}}},{"keyphrase":"Etimologia","score":40,"analysis":{"keyphraseInDescription":{"score":3,"maxScore":9,"error":1},"keyphraseLength":{"score":9,"maxScore":9,"error":0,"length":1},"keyphraseInIntroduction":{"score":3,"maxScore":9,"error":1},"keyphraseInImageAlt":{"score":3,"maxScore":9,"error":1},"keywordDensity":{"score":0,"type":"low","maxScore":9,"error":1}}}]},"primary_term":null,"canonical_url":null,"og_title":null,"og_description":null,"og_object_type":"default","og_image_type":"default","og_image_url":null,"og_image_width":null,"og_image_height":null,"og_image_custom_url":null,"og_image_custom_fields":null,"og_video":"","og_custom_url":null,"og_article_section":null,"og_article_tags":null,"twitter_use_og":false,"twitter_card":"default","twitter_image_type":"default","twitter_image_url":null,"twitter_image_custom_url":null,"twitter_image_custom_fields":null,"twitter_title":null,"twitter_description":null,"schema":{"blockGraphs":[],"customGraphs":[],"default":{"data":{"Article":[],"Course":[],"Dataset":[],"FAQPage":[],"Movie":[],"Person":[],"Product":[],"ProductReview":[],"Car":[],"Recipe":[],"Service":[],"SoftwareApplication":[],"WebPage":[]},"graphName":"NewsArticle","isEnabled":true},"graphs":[]},"schema_type":"default","schema_type_options":null,"pillar_content":false,"robots_default":true,"robots_noindex":false,"robots_noarchive":false,"robots_nosnippet":false,"robots_nofollow":false,"robots_noimageindex":false,"robots_noodp":false,"robots_notranslate":false,"robots_max_snippet":"-1","robots_max_videopreview":"-1","robots_max_imagepreview":"large","priority":null,"frequency":"default","local_seo":null,"seo_analyzer_scan_date":null,"breadcrumb_settings":null,"limit_modified_date":false,"reviewed_by":"0","open_ai":null,"ai":{"faqs":[],"keyPoints":[],"titles":[],"descriptions":[],"socialPosts":{"email":[],"linkedin":[],"twitter":[],"facebook":[],"instagram":[]}},"created":"2026-03-10 17:48:11","updated":"2026-04-10 15:41:02"},"aioseo_breadcrumb":"<div class=\"aioseo-breadcrumbs\"><span class=\"aioseo-breadcrumb\">\n\t<a href=\"https:\/\/soymigrante.com\/revista\" title=\"Home\">Home<\/a>\n<\/span><span class=\"aioseo-breadcrumb-separator\">\u00bb<\/span><span class=\"aioseo-breadcrumb\">\n\t<a href=\"https:\/\/soymigrante.com\/revista\/category\/guate-nuestra\/\" title=\"Guate Nuestra\">Guate Nuestra<\/a>\n<\/span><span class=\"aioseo-breadcrumb-separator\">\u00bb<\/span><span class=\"aioseo-breadcrumb\">\n\t<a href=\"https:\/\/soymigrante.com\/revista\/category\/guate-nuestra\/nombres-de-guatemala\/\" title=\"Nombres de Guatemala\">Nombres de Guatemala<\/a>\n<\/span><span class=\"aioseo-breadcrumb-separator\">\u00bb<\/span><span class=\"aioseo-breadcrumb\">\n\t\u00bfQu\u00e9 significan  nombres de lugares de Guatemala? Letra J\n<\/span><\/div>","aioseo_breadcrumb_json":[{"label":"Home","link":"https:\/\/soymigrante.com\/revista"},{"label":"Guate Nuestra","link":"https:\/\/soymigrante.com\/revista\/category\/guate-nuestra\/"},{"label":"Nombres de Guatemala","link":"https:\/\/soymigrante.com\/revista\/category\/guate-nuestra\/nombres-de-guatemala\/"},{"label":"\u00bfQu\u00e9 significan  nombres de lugares de Guatemala? Letra J","link":"https:\/\/soymigrante.com\/revista\/que-significan-nombres-de-lugares-de-guatemala-letra-j\/"}],"_links":{"self":[{"href":"https:\/\/soymigrante.com\/revista\/wp-json\/wp\/v2\/posts\/53478","targetHints":{"allow":["GET"]}}],"collection":[{"href":"https:\/\/soymigrante.com\/revista\/wp-json\/wp\/v2\/posts"}],"about":[{"href":"https:\/\/soymigrante.com\/revista\/wp-json\/wp\/v2\/types\/post"}],"author":[{"embeddable":true,"href":"https:\/\/soymigrante.com\/revista\/wp-json\/wp\/v2\/users\/1"}],"replies":[{"embeddable":true,"href":"https:\/\/soymigrante.com\/revista\/wp-json\/wp\/v2\/comments?post=53478"}],"version-history":[{"count":5,"href":"https:\/\/soymigrante.com\/revista\/wp-json\/wp\/v2\/posts\/53478\/revisions"}],"predecessor-version":[{"id":53483,"href":"https:\/\/soymigrante.com\/revista\/wp-json\/wp\/v2\/posts\/53478\/revisions\/53483"}],"wp:featuredmedia":[{"embeddable":true,"href":"https:\/\/soymigrante.com\/revista\/wp-json\/wp\/v2\/media\/53477"}],"wp:attachment":[{"href":"https:\/\/soymigrante.com\/revista\/wp-json\/wp\/v2\/media?parent=53478"}],"wp:term":[{"taxonomy":"category","embeddable":true,"href":"https:\/\/soymigrante.com\/revista\/wp-json\/wp\/v2\/categories?post=53478"},{"taxonomy":"post_tag","embeddable":true,"href":"https:\/\/soymigrante.com\/revista\/wp-json\/wp\/v2\/tags?post=53478"}],"curies":[{"name":"wp","href":"https:\/\/api.w.org\/{rel}","templated":true}]}}