{"id":53458,"date":"2026-03-10T11:02:59","date_gmt":"2026-03-10T17:02:59","guid":{"rendered":"https:\/\/soymigrante.com\/revista\/?p=53458"},"modified":"2026-03-10T11:39:19","modified_gmt":"2026-03-10T17:39:19","slug":"artista-guatemalteco-expone-en-nueva-york-museo-de-arte-moderno-guerra-guatemala-naufus-ramirez-figueroa","status":"publish","type":"post","link":"https:\/\/soymigrante.com\/revista\/artista-guatemalteco-expone-en-nueva-york-museo-de-arte-moderno-guerra-guatemala-naufus-ramirez-figueroa\/","title":{"rendered":"Artista guatemalteco Naufus Ram\u00edrez-Figueroa expone obra sobre la guerra en el Museo de Arte Moderno de NY"},"content":{"rendered":"\t\t<div data-elementor-type=\"wp-post\" data-elementor-id=\"53458\" class=\"elementor elementor-53458\" data-elementor-post-type=\"post\">\n\t\t\t\t<div data-particle_enable=\"false\" data-particle-mobile-disabled=\"false\" class=\"elementor-element elementor-element-a96d950 e-flex e-con-boxed e-con e-parent\" data-id=\"a96d950\" data-element_type=\"container\" data-e-type=\"container\">\n\t\t\t\t\t<div class=\"e-con-inner\">\n\t\t\t\t<div class=\"elementor-element elementor-element-c72605e elementor-widget elementor-widget-heading\" data-id=\"c72605e\" data-element_type=\"widget\" data-e-type=\"widget\" data-widget_type=\"heading.default\">\n\t\t\t\t\t<h3 class=\"elementor-heading-title elementor-size-default\">Artista guatemalteco Naufus Ram\u00edrez-Figueroa analiza y cuestiona el terror del conflicto armado interno con una propuesta visual que homenajea la obra teatral El Coraz\u00f3n del Espantap\u00e1jaros, del dramaturgo Hugo Carrillo. <\/h3>\t\t\t\t<\/div>\n\t\t\t\t\t<\/div>\n\t\t\t\t<\/div>\n\t\t<div data-particle_enable=\"false\" data-particle-mobile-disabled=\"false\" class=\"elementor-element elementor-element-f3c85ba e-flex e-con-boxed e-con e-parent\" data-id=\"f3c85ba\" data-element_type=\"container\" data-e-type=\"container\">\n\t\t\t\t\t<div class=\"e-con-inner\">\n\t\t\t\t<div class=\"elementor-element elementor-element-3a62b16 elementor-widget elementor-widget-text-editor\" data-id=\"3a62b16\" data-element_type=\"widget\" data-e-type=\"widget\" data-widget_type=\"text-editor.default\">\n\t\t\t\t\t\t\t\t\t<p>El\u00a0\u00a0<strong>28 de marzo de 2026<\/strong>, el artista guatemalteco\u00a0<a href=\"https:\/\/en.wikipedia.org\/wiki\/Naufus_Ram%C3%ADrez-Figueroa\" target=\"_blank\" rel=\"noopener\">Naufus Ram\u00edrez-Figueroa<\/a>\u00a0inaugurar\u00e1 en el\u00a0<a href=\"https:\/\/www.moma.org\/\" target=\"_blank\" rel=\"noopener\">Museum of Modern Art (MoMA)<\/a><br \/>de <a href=\"https:\/\/soymigrante.com\/revista\/nueva-york-proclamara-el-dia-de-guatemala-para-honrar-aporte-de-la-comunidad-migrante\/\">Nueva York<\/a> la exposici\u00f3n <em>Lugar de Consuelo (Place of Solace)<\/em>, una propuesta multidisciplinaria que revisita la memoria pol\u00edtica y personal de la\u00a0<a href=\"https:\/\/en.wikipedia.org\/wiki\/Guatemalan_Civil_War\" target=\"_blank\" rel=\"noopener\">guerra civil guatemalteca<\/a>\u00a0(1960\u20131996) a trav\u00e9s del arte contempor\u00e1neo.<\/p><p>La muestra de Naufus re\u00fane grabados, dibujos, vestuarios, escultura, video y performance, combinando lenguajes visuales y esc\u00e9nicos para reflexionar sobre la censura, la represi\u00f3n pol\u00edtica y la forma en que el arte puede preservar y transformar la memoria colectiva. El proyecto se sustenta en a\u00f1os de investigaci\u00f3n del artista sobre las tradiciones teatrales latinoamericanas y su represi\u00f3n durante periodos autoritarios.<\/p><p>Se inaugura el 28 de marzo y dura hasta julio, por lo cual <a href=\"https:\/\/soymigrante.com\/revista\/hermanas-migrantes-brenda-y-ana-triunfan-con-la-fuerza-del-jaguar-en-ny\/\">migrantes guatemaltecos en Nueva York <\/a>podr\u00edan visitarla.<\/p>\t\t\t\t\t\t\t\t<\/div>\n\t\t\t\t\t<\/div>\n\t\t\t\t<\/div>\n\t\t<div data-particle_enable=\"false\" data-particle-mobile-disabled=\"false\" class=\"elementor-element elementor-element-8eaecf1 e-flex e-con-boxed e-con e-parent\" data-id=\"8eaecf1\" data-element_type=\"container\" data-e-type=\"container\">\n\t\t\t\t\t<div class=\"e-con-inner\">\n\t\t\t\t<div class=\"elementor-element elementor-element-ab95c35 elementor-widget elementor-widget-image\" data-id=\"ab95c35\" data-element_type=\"widget\" data-e-type=\"widget\" data-widget_type=\"image.default\">\n\t\t\t\t\t\t\t\t\t\t\t\t<figure class=\"wp-caption\">\n\t\t\t\t\t\t\t\t\t\t\t<a href=\"https:\/\/www.moma.org\/calendar\/exhibitions\/5866\">\n\t\t\t\t\t\t\t<img fetchpriority=\"high\" decoding=\"async\" width=\"1140\" height=\"676\" src=\"https:\/\/soymigrante.com\/revista\/wp-content\/uploads\/2026\/03\/pagina-moma-screenshot-1140x676.png\" class=\"attachment-large size-large wp-image-53462\" alt=\"La p\u00e1gina del Museo de Arte Moderno de Nueva York destaca la apertura de la exposici\u00f3n del guatemalteco Naufus Ram\u00edrez-Figueroa, el pr\u00f3ximo 28 de marzo. Quedar\u00e1 abierta hasta el 5 de julio. Para ir al sitio del Moma, clic en la imagen. Captura de pantalla.\" srcset=\"https:\/\/soymigrante.com\/revista\/wp-content\/uploads\/2026\/03\/pagina-moma-screenshot-1140x676.png 1140w, https:\/\/soymigrante.com\/revista\/wp-content\/uploads\/2026\/03\/pagina-moma-screenshot-300x178.png 300w, https:\/\/soymigrante.com\/revista\/wp-content\/uploads\/2026\/03\/pagina-moma-screenshot-768x455.png 768w, https:\/\/soymigrante.com\/revista\/wp-content\/uploads\/2026\/03\/pagina-moma-screenshot-750x445.png 750w, https:\/\/soymigrante.com\/revista\/wp-content\/uploads\/2026\/03\/pagina-moma-screenshot.png 1250w\" sizes=\"(max-width: 1140px) 100vw, 1140px\" title=\"La p\u00e1gina del Museo de Arte Moderno de Nueva York destaca la apertura de la exposici\u00f3n del guatemalteco Naufus Ram\u00edrez-Figueroa, el pr\u00f3ximo 28 de marzo. Quedar\u00e1 abierta hasta el 5 de julio. Para ir al sitio del Moma, clic en la imagen. Captura de pantalla. \u2013 SoyMigrante.com REVISTA\" \/>\t\t\t\t\t\t\t\t<\/a>\n\t\t\t\t\t\t\t\t\t\t\t<figcaption class=\"widget-image-caption wp-caption-text\">La p\u00e1gina del Museo de Arte Moderno de Nueva York destaca la apertura de la exposici\u00f3n del guatemalteco Naufus Ram\u00edrez-Figueroa, el pr\u00f3ximo 28 de marzo. Quedar\u00e1 abierta hasta el 5 de julio. Para ir al sitio del Moma, clic en la imagen. Captura de pantalla.<\/figcaption>\n\t\t\t\t\t\t\t\t\t\t<\/figure>\n\t\t\t\t\t\t\t\t\t<\/div>\n\t\t\t\t\t<\/div>\n\t\t\t\t<\/div>\n\t\t<div data-particle_enable=\"false\" data-particle-mobile-disabled=\"false\" class=\"elementor-element elementor-element-27def72 e-flex e-con-boxed e-con e-parent\" data-id=\"27def72\" data-element_type=\"container\" data-e-type=\"container\">\n\t\t\t\t\t<div class=\"e-con-inner\">\n\t\t\t\t<div class=\"elementor-element elementor-element-28787ca elementor-widget elementor-widget-text-editor\" data-id=\"28787ca\" data-element_type=\"widget\" data-e-type=\"widget\" data-widget_type=\"text-editor.default\">\n\t\t\t\t\t\t\t\t\t<p><span style=\"color: #000000; font-family: Mulish, sans-serif; font-size: 31px; font-weight: bold;\">Episodio censurado\u00a0<\/span><\/p><p>El punto de partida de la exposici\u00f3n es la obra <em>El Coraz\u00f3n del espantap\u00e1jaros<\/em>, escrita en 1962 por el dramaturgo guatemalteco<br \/><a href=\"https:\/\/en.wikipedia.org\/wiki\/Hugo_Carrillo_(playwright)\" target=\"_blank\" rel=\"noopener\">Hugo Carrillo<\/a>.\u00a0Durante los a\u00f1os del conflicto armado interno, una puesta en escena estudiantil de esta obra fue violentamente reprimida por el gobierno, y el montaje termin\u00f3 siendo censurado.<\/p><p>Ram\u00edrez-Figueroa conoci\u00f3 este episodio a trav\u00e9s de un relato familiar: su t\u00edo particip\u00f3 como actor en aquella producci\u00f3n. Esa conexi\u00f3n personal impuls\u00f3 una investigaci\u00f3n que se apoya principalmente en <a href=\"https:\/\/soymigrante.com\/revista\/el-sueno-guatemalteco-de-gloria-florece-en-san-jose-poaquil-con-huevos-cafe-y-una-familia-reunida\/\">testimonios orales<\/a>, m\u00e1s que en documentos de archivo, para reconstruir \u2014o m\u00e1s bien reinterpretar\u2014 lo ocurrido.<\/p><p>A partir de esos relatos, el artista desarroll\u00f3 una serie de grabados, dibujos y vestuarios que no buscan reproducir el hecho hist\u00f3rico de manera documental, sino ofrecer interpretaciones simb\u00f3licas y teatrales que reflejan la naturaleza fragmentaria e inestable de la memoria en sociedades marcadas por la violencia pol\u00edtica.<\/p>\t\t\t\t\t\t\t\t<\/div>\n\t\t\t\t\t<\/div>\n\t\t\t\t<\/div>\n\t\t<div data-particle_enable=\"false\" data-particle-mobile-disabled=\"false\" class=\"elementor-element elementor-element-24ad155 e-flex e-con-boxed e-con e-parent\" data-id=\"24ad155\" data-element_type=\"container\" data-e-type=\"container\">\n\t\t\t\t\t<div class=\"e-con-inner\">\n\t\t\t\t<div class=\"elementor-element elementor-element-022ce10 elementor-widget elementor-widget-html\" data-id=\"022ce10\" data-element_type=\"widget\" data-e-type=\"widget\" data-widget_type=\"html.default\">\n\t\t\t\t\t<iframe width=\"560\" height=\"415\" src=\"https:\/\/www.youtube.com\/embed\/4kbi5qGCU8I?si=R793k69ApS-F4MUo\" title=\"YouTube video player\" frameborder=\"0\" allow=\"accelerometer; autoplay; clipboard-write; encrypted-media; gyroscope; picture-in-picture; web-share\" referrerpolicy=\"strict-origin-when-cross-origin\" allowfullscreen><\/iframe>\t\t\t\t<\/div>\n\t\t\t\t\t<\/div>\n\t\t\t\t<\/div>\n\t\t<div data-particle_enable=\"false\" data-particle-mobile-disabled=\"false\" class=\"elementor-element elementor-element-3bbb9b2 e-flex e-con-boxed e-con e-parent\" data-id=\"3bbb9b2\" data-element_type=\"container\" data-e-type=\"container\">\n\t\t\t\t\t<div class=\"e-con-inner\">\n\t\t\t\t<div class=\"elementor-element elementor-element-facf0b8 elementor-widget elementor-widget-heading\" data-id=\"facf0b8\" data-element_type=\"widget\" data-e-type=\"widget\" data-widget_type=\"heading.default\">\n\t\t\t\t\t<h3 class=\"elementor-heading-title elementor-size-default\">Ecos de la guerra guatemalteca en Nueva York<\/h3>\t\t\t\t<\/div>\n\t\t\t\t\t<\/div>\n\t\t\t\t<\/div>\n\t\t<div data-particle_enable=\"false\" data-particle-mobile-disabled=\"false\" class=\"elementor-element elementor-element-ff3c5a9 e-flex e-con-boxed e-con e-parent\" data-id=\"ff3c5a9\" data-element_type=\"container\" data-e-type=\"container\">\n\t\t\t\t\t<div class=\"e-con-inner\">\n\t\t\t\t<div class=\"elementor-element elementor-element-8f056a7 elementor-widget elementor-widget-text-editor\" data-id=\"8f056a7\" data-element_type=\"widget\" data-e-type=\"widget\" data-widget_type=\"text-editor.default\">\n\t\t\t\t\t\t\t\t\t<p>La exposici\u00f3n incluir\u00e1 una instalaci\u00f3n en el Kravis Studio del Museo de Arte Moderno de Nueva York, con vestuarios y utiler\u00eda creados por el artista, bocetos en acuarela y una pel\u00edcula que documenta una performance previa realizada en la\u00a0<a href=\"https:\/\/es.wikipedia.org\/wiki\/Universidad_Popular_de_Guatemala\" target=\"_blank\" rel=\"noopener\">Universidad Popular de Guatemala<\/a>, el mismo lugar donde se present\u00f3 originalmente la obra censurada.<\/p><p>El proyecto culminar\u00e1 con <strong>las primeras presentaciones en Nueva York de <em>Lugar de Consuelo<\/em><\/strong>, una pieza esc\u00e9nica basada en los cinco personajes arquet\u00edpicos de la obra de Carrillo: un oligarca, un presidente, un soldado, un sacerdote y un espantap\u00e1jaros. El nuevo guion fue escrito por Ram\u00edrez-Figueroa en colaboraci\u00f3n con el poeta guatemalteco<br \/><a href=\"https:\/\/es.wikipedia.org\/wiki\/Wingston_Gonz%C3%A1lez\" target=\"_blank\" rel=\"noopener\">Wingston Gonz\u00e1lez<\/a>\u00a0y propone una narrativa m\u00edtica sobre el poder, la violencia y la resistencia.<\/p><p>Las presentaciones se realizar\u00e1n <strong>tanto en ingl\u00e9s como en espa\u00f1ol<\/strong>, ampliando el alcance del relato a p\u00fablicos diversos. Es una buena ocasi\u00f3n para que migrantes guatemaltecos radicados en <a href=\"https:\/\/soymigrante.com\/revista\/wendy-dgi-cantautora-migrante-guatemalteca-en-nueva-york-sueno-que-mis-letras-emocionen-y-compartan-historias\/\">Nueva York<\/a> puedan acudir a admirar, reflexionar y discutir acerca de la tem\u00e1tica planteada por el compatriota.\u00a0<\/p>\t\t\t\t\t\t\t\t<\/div>\n\t\t\t\t\t<\/div>\n\t\t\t\t<\/div>\n\t\t<div data-particle_enable=\"false\" data-particle-mobile-disabled=\"false\" class=\"elementor-element elementor-element-0043185 e-flex e-con-boxed e-con e-parent\" data-id=\"0043185\" data-element_type=\"container\" data-e-type=\"container\">\n\t\t\t\t\t<div class=\"e-con-inner\">\n\t\t\t\t<div class=\"elementor-element elementor-element-545dbd9 elementor-widget elementor-widget-image\" data-id=\"545dbd9\" data-element_type=\"widget\" data-e-type=\"widget\" data-widget_type=\"image.default\">\n\t\t\t\t\t\t\t\t\t\t\t\t<figure class=\"wp-caption\">\n\t\t\t\t\t\t\t\t\t\t<img decoding=\"async\" width=\"497\" height=\"507\" src=\"https:\/\/soymigrante.com\/revista\/wp-content\/uploads\/2026\/03\/Captura-de-pantalla-2026-03-10-095940.png\" class=\"attachment-large size-large wp-image-53463\" alt=\"Los personajes del montaje teatral, incluido en la programaci\u00f3n de la exposici\u00f3n, refleja bocetos de Naufus Ram\u00edrez-Figueroa basados en la obra teatral El coraz\u00f3n del espantap\u00e1jaros, de Hugo Carrillo, cuyas presentaciones fueron violentamente reprimidas durante los a\u00f1os del conflicto armado guatemalteco.\" srcset=\"https:\/\/soymigrante.com\/revista\/wp-content\/uploads\/2026\/03\/Captura-de-pantalla-2026-03-10-095940.png 497w, https:\/\/soymigrante.com\/revista\/wp-content\/uploads\/2026\/03\/Captura-de-pantalla-2026-03-10-095940-294x300.png 294w\" sizes=\"(max-width: 497px) 100vw, 497px\" title=\"Los personajes del montaje teatral, incluido en la programaci\u00f3n de la exposici\u00f3n, refleja bocetos de Naufus Ram\u00edrez-Figueroa basados en la obra teatral El coraz\u00f3n del espantap\u00e1jaros, de Hugo Carrillo, cuyas presentaciones fueron violentamente reprimidas durante los a\u00f1os del conflicto armado guatemalteco. \u2013 SoyMigrante.com REVISTA\" \/>\t\t\t\t\t\t\t\t\t\t\t<figcaption class=\"widget-image-caption wp-caption-text\">Los personajes del montaje teatral, incluido en la programaci\u00f3n de la exposici\u00f3n, refleja bocetos de Naufus Ram\u00edrez-Figueroa basados en la obra teatral El coraz\u00f3n del espantap\u00e1jaros, de Hugo Carrillo, cuyas presentaciones fueron violentamente reprimidas durante los a\u00f1os del conflicto armado guatemalteco. <\/figcaption>\n\t\t\t\t\t\t\t\t\t\t<\/figure>\n\t\t\t\t\t\t\t\t\t<\/div>\n\t\t\t\t\t<\/div>\n\t\t\t\t<\/div>\n\t\t<div data-particle_enable=\"false\" data-particle-mobile-disabled=\"false\" class=\"elementor-element elementor-element-c219b45 e-flex e-con-boxed e-con e-parent\" data-id=\"c219b45\" data-element_type=\"container\" data-e-type=\"container\">\n\t\t\t\t\t<div class=\"e-con-inner\">\n\t\t\t\t<div class=\"elementor-element elementor-element-52676f2 elementor-widget elementor-widget-text-editor\" data-id=\"52676f2\" data-element_type=\"widget\" data-e-type=\"widget\" data-widget_type=\"text-editor.default\">\n\t\t\t\t\t\t\t\t\t<p><span style=\"color: #000000; font-family: Mulish, sans-serif; font-size: 31px; font-weight: bold;\">Un artista marcado por la memoria del conflicto<\/span><\/p><p>Nacido en <a href=\"https:\/\/es.wikipedia.org\/wiki\/Ciudad_de_Guatemala\" target=\"_blank\" rel=\"noopener\">Ciudad de Guatemala<\/a> en 1978, Ram\u00edrez-Figueroa ha construido una obra que mezcla escultura, instalaci\u00f3n y performance, inspirada en rituales, leyendas, literatura, cuentos de hadas y recuerdos personales del periodo de la guerra civil.<\/p><p>No es la primera vez que el guatemalteco Naufus Ram\u00edrez-Figueroa presenta su obra en Estados Unidos, de hecho estudi\u00f3 en Chicago y ha presentado exposiciones desde 2017.<\/p><p>Sus esculturas suelen funcionar como escenograf\u00edas o utiler\u00eda teatral, creando ambientes que evocan los miedos y las crueldades hist\u00f3ricas del pasado reciente. Sin embargo, su aproximaci\u00f3n no es solemne: el artista incorpora humor, est\u00e9tica de ciencia ficci\u00f3n, fantas\u00eda y teatro de t\u00edteres, en una pr\u00e1ctica que \u00e9l mismo describe como una relaci\u00f3n entre <em>experimentaci\u00f3n art\u00edstica y protesta<\/em>.<\/p><p>Con <em>Lugar de Consuelo<\/em>, el MoMA presenta una obra que dialoga con la <a href=\"https:\/\/soymigrante.com\/revista\/el-portal-del-comercio-historia-viva-en-el-corazon-de-la-ciudad-de-guatemala\/\">historia <\/a>de Guatemala desde el lenguaje del arte contempor\u00e1neo, recordando que la memoria cultural tambi\u00e9n se construye desde el escenario, la imaginaci\u00f3n y la reinterpretaci\u00f3n art\u00edstica.<\/p>\t\t\t\t\t\t\t\t<\/div>\n\t\t\t\t\t<\/div>\n\t\t\t\t<\/div>\n\t\t<div data-particle_enable=\"false\" data-particle-mobile-disabled=\"false\" class=\"elementor-element elementor-element-e648715 e-flex e-con-boxed e-con e-parent\" data-id=\"e648715\" data-element_type=\"container\" data-e-type=\"container\">\n\t\t\t\t\t<div class=\"e-con-inner\">\n\t\t\t\t<div class=\"elementor-element elementor-element-9776bd3 elementor-widget elementor-widget-html\" data-id=\"9776bd3\" data-element_type=\"widget\" data-e-type=\"widget\" data-widget_type=\"html.default\">\n\t\t\t\t\t<iframe width=\"560\" height=\"315\" src=\"https:\/\/www.youtube.com\/embed\/ME7-yzdyMpw?si=_t1lK_-LMUxb-H-8&amp;start=1497\" title=\"YouTube video player\" frameborder=\"0\" allow=\"accelerometer; autoplay; clipboard-write; encrypted-media; gyroscope; picture-in-picture; web-share\" referrerpolicy=\"strict-origin-when-cross-origin\" allowfullscreen><\/iframe>\t\t\t\t<\/div>\n\t\t\t\t\t<\/div>\n\t\t\t\t<\/div>\n\t\t<div data-particle_enable=\"false\" data-particle-mobile-disabled=\"false\" class=\"elementor-element elementor-element-cd343d6 e-flex e-con-boxed e-con e-parent\" data-id=\"cd343d6\" data-element_type=\"container\" data-e-type=\"container\">\n\t\t\t\t\t<div class=\"e-con-inner\">\n\t\t\t\t<div class=\"elementor-element elementor-element-b1a8a12 elementor-widget elementor-widget-heading\" data-id=\"b1a8a12\" data-element_type=\"widget\" data-e-type=\"widget\" data-widget_type=\"heading.default\">\n\t\t\t\t\t<h3 class=\"elementor-heading-title elementor-size-default\">Acerca de Naufus Ram\u00edrez-Figueroa<\/h3>\t\t\t\t<\/div>\n\t\t\t\t\t<\/div>\n\t\t\t\t<\/div>\n\t\t<div data-particle_enable=\"false\" data-particle-mobile-disabled=\"false\" class=\"elementor-element elementor-element-d0824a8 e-flex e-con-boxed e-con e-parent\" data-id=\"d0824a8\" data-element_type=\"container\" data-e-type=\"container\">\n\t\t\t\t\t<div class=\"e-con-inner\">\n\t\t\t\t<div class=\"elementor-element elementor-element-377c412 elementor-widget elementor-widget-text-editor\" data-id=\"377c412\" data-element_type=\"widget\" data-e-type=\"widget\" data-widget_type=\"text-editor.default\">\n\t\t\t\t\t\t\t\t\t<p data-start=\"82\" data-end=\"480\"><strong data-start=\"82\" data-end=\"109\">Naufus Ram\u00edrez-Figueroa<\/strong> (Ciudad de Guatemala, 1978) es un artista contempor\u00e1neo guatemalteco que trabaja con performance, instalaci\u00f3n, video, escultura y dibujo. Estudi\u00f3 en <strong data-start=\"259\" data-end=\"300\">Emily Carr University of Art + Design<\/strong> en Vancouver y obtuvo una maestr\u00eda en el <strong data-start=\"342\" data-end=\"384\" data-is-only-node=\"\">School of the Art Institute of Chicago<\/strong>, adem\u00e1s de realizar estudios de posgrado en la <strong data-start=\"432\" data-end=\"457\">Jan van Eyck Academie<\/strong> en los Pa\u00edses Bajos.<\/p><p data-start=\"482\" data-end=\"870\" data-is-last-node=\"\" data-is-only-node=\"\">A lo largo de su carrera ha presentado exposiciones y performances en importantes instituciones internacionales, entre ellas <strong data-start=\"607\" data-end=\"622\">Tate Modern<\/strong>, el <strong data-start=\"627\" data-end=\"655\">New Museum de Nueva York<\/strong> y diversas bienales y espacios de arte contempor\u00e1neo en Europa y Am\u00e9rica. Su obra forma parte de colecciones y programas de museos y centros de arte que han consolidado su presencia en el circuito art\u00edstico global.<\/p>\t\t\t\t\t\t\t\t<\/div>\n\t\t\t\t\t<\/div>\n\t\t\t\t<\/div>\n\t\t<div data-particle_enable=\"false\" data-particle-mobile-disabled=\"false\" class=\"elementor-element elementor-element-14aa95d e-flex e-con-boxed e-con e-parent\" data-id=\"14aa95d\" data-element_type=\"container\" data-e-type=\"container\">\n\t\t\t\t\t<div class=\"e-con-inner\">\n\t\t\t\t<div class=\"elementor-element elementor-element-e0dd616 elementor-widget elementor-widget-image\" data-id=\"e0dd616\" data-element_type=\"widget\" data-e-type=\"widget\" data-widget_type=\"image.default\">\n\t\t\t\t\t\t\t\t\t\t\t\t<figure class=\"wp-caption\">\n\t\t\t\t\t\t\t\t\t\t<img decoding=\"async\" width=\"985\" height=\"873\" src=\"https:\/\/soymigrante.com\/revista\/wp-content\/uploads\/2026\/03\/Captura-de-pantalla-2026-03-10-101140.png\" class=\"attachment-large size-large wp-image-53464\" alt=\"Naufus Ram\u00edrez Figueroa (1978) es uno de los artistas guatemaltecos con mayor proyecci\u00f3n internacional en la \u00faltima d\u00e9cada: su creatividad abarca el dibujo, la pintura, la instalaci\u00f3n, el performance, dirigidos hacia un an\u00e1lisis critico de la identidad y la historia guatemalteca y latinoamericana.\" srcset=\"https:\/\/soymigrante.com\/revista\/wp-content\/uploads\/2026\/03\/Captura-de-pantalla-2026-03-10-101140.png 985w, https:\/\/soymigrante.com\/revista\/wp-content\/uploads\/2026\/03\/Captura-de-pantalla-2026-03-10-101140-300x266.png 300w, https:\/\/soymigrante.com\/revista\/wp-content\/uploads\/2026\/03\/Captura-de-pantalla-2026-03-10-101140-768x681.png 768w, https:\/\/soymigrante.com\/revista\/wp-content\/uploads\/2026\/03\/Captura-de-pantalla-2026-03-10-101140-750x665.png 750w\" sizes=\"(max-width: 985px) 100vw, 985px\" title=\"Naufus Ram\u00edrez Figueroa (1978) es uno de los artistas guatemaltecos con mayor proyecci\u00f3n internacional en la \u00faltima d\u00e9cada: su creatividad abarca el dibujo, la pintura, la instalaci\u00f3n, el performance, dirigidos hacia un an\u00e1lisis critico de la identidad y la historia guatemalteca y latinoamericana. \u2013 SoyMigrante.com REVISTA\" \/>\t\t\t\t\t\t\t\t\t\t\t<figcaption class=\"widget-image-caption wp-caption-text\">Naufus Ram\u00edrez Figueroa (1978) es uno de los artistas guatemaltecos con mayor proyecci\u00f3n internacional en la \u00faltima d\u00e9cada: su creatividad abarca el dibujo, la pintura, la instalaci\u00f3n, el performance, dirigidos hacia un an\u00e1lisis critico de la identidad y la historia guatemalteca y latinoamericana.<\/figcaption>\n\t\t\t\t\t\t\t\t\t\t<\/figure>\n\t\t\t\t\t\t\t\t\t<\/div>\n\t\t\t\t\t<\/div>\n\t\t\t\t<\/div>\n\t\t<div data-particle_enable=\"false\" data-particle-mobile-disabled=\"false\" class=\"elementor-element elementor-element-fb4f5cf e-flex e-con-boxed e-con e-parent\" data-id=\"fb4f5cf\" data-element_type=\"container\" data-e-type=\"container\">\n\t\t\t\t\t<div class=\"e-con-inner\">\n\t\t\t\t<div class=\"elementor-element elementor-element-7fa8264 elementor-widget elementor-widget-heading\" data-id=\"7fa8264\" data-element_type=\"widget\" data-e-type=\"widget\" data-widget_type=\"heading.default\">\n\t\t\t\t\t<h3 class=\"elementor-heading-title elementor-size-default\">Guatemaltecos triunfan en Nueva York<\/h3>\t\t\t\t<\/div>\n\t\t\t\t\t<\/div>\n\t\t\t\t<\/div>\n\t\t<div data-particle_enable=\"false\" data-particle-mobile-disabled=\"false\" class=\"elementor-element elementor-element-a434258 e-flex e-con-boxed e-con e-parent\" data-id=\"a434258\" data-element_type=\"container\" data-e-type=\"container\">\n\t\t\t\t\t<div class=\"e-con-inner\">\n\t\t\t\t<div class=\"elementor-element elementor-element-5842d0f elementor-grid-eael-col-3 elementor-grid-tablet-eael-col-2 elementor-grid-mobile-eael-col-1 elementor-widget elementor-widget-eael-post-grid\" data-id=\"5842d0f\" data-element_type=\"widget\" data-e-type=\"widget\" data-settings=\"{&quot;eael_post_grid_columns&quot;:&quot;eael-col-3&quot;,&quot;eael_post_grid_columns_tablet&quot;:&quot;eael-col-2&quot;,&quot;eael_post_grid_columns_mobile&quot;:&quot;eael-col-1&quot;}\" data-widget_type=\"eael-post-grid.default\">\n\t\t\t\t\t<div id=\"eael-post-grid-5842d0f\" class=\"eael-post-grid-container\">\n            <div class=\"eael-post-grid eael-post-appender eael-post-appender-5842d0f eael-post-grid-style-one\" data-layout-mode=\"masonry\"><article class=\"eael-grid-post  eael-post-grid-column eael-pg-post-6399 category-exitos\" data-id=\"6399\">\n        <div class=\"eael-grid-post-holder\">\n            <div class=\"eael-grid-post-holder-inner\"><div class=\"eael-entry-media\"><div class=\"eael-entry-overlay fade-in\"><i class=\"far fa-hand-pointer\" aria-hidden=\"true\"><\/i><a href=\"https:\/\/soymigrante.com\/revista\/el-chef-yovany-quisquina-fusiona-sabor-y-exito-en-brooklyn-ny\/\"><\/a><\/div><div class=\"eael-entry-thumbnail eael-image-ratio\">\n                <img loading=\"lazy\" decoding=\"async\" width=\"1024\" height=\"961\" src=\"https:\/\/soymigrante.com\/revista\/wp-content\/uploads\/2024\/05\/Chef-guatemalteco-Yovany-Quisquina-alcanza-exito-en-Estados-Unidos-6-e1715874690942-1024x961.webp\" class=\"attachment-large size-large wp-image-6400\" alt=\"Reconocimiento de chefs hispanos en Nueva York en SoyMigrante.com REVISTA.\" srcset=\"https:\/\/soymigrante.com\/revista\/wp-content\/uploads\/2024\/05\/Chef-guatemalteco-Yovany-Quisquina-alcanza-exito-en-Estados-Unidos-6-e1715874690942-1024x961.webp 1024w, https:\/\/soymigrante.com\/revista\/wp-content\/uploads\/2024\/05\/Chef-guatemalteco-Yovany-Quisquina-alcanza-exito-en-Estados-Unidos-6-e1715874690942-300x282.webp 300w, https:\/\/soymigrante.com\/revista\/wp-content\/uploads\/2024\/05\/Chef-guatemalteco-Yovany-Quisquina-alcanza-exito-en-Estados-Unidos-6-e1715874690942-768x721.webp 768w, https:\/\/soymigrante.com\/revista\/wp-content\/uploads\/2024\/05\/Chef-guatemalteco-Yovany-Quisquina-alcanza-exito-en-Estados-Unidos-6-e1715874690942-750x704.webp 750w, https:\/\/soymigrante.com\/revista\/wp-content\/uploads\/2024\/05\/Chef-guatemalteco-Yovany-Quisquina-alcanza-exito-en-Estados-Unidos-6-e1715874690942-1140x1070.webp 1140w, https:\/\/soymigrante.com\/revista\/wp-content\/uploads\/2024\/05\/Chef-guatemalteco-Yovany-Quisquina-alcanza-exito-en-Estados-Unidos-6-e1715874690942.webp 1450w\" sizes=\"(max-width: 1024px) 100vw, 1024px\" \/>\n            <\/div>\n        <\/div><div class=\"eael-entry-wrapper\"><header class=\"eael-entry-header\"><h2 class=\"eael-entry-title\"><a class=\"eael-grid-post-link\" href=\"https:\/\/soymigrante.com\/revista\/el-chef-yovany-quisquina-fusiona-sabor-y-exito-en-brooklyn-ny\/\" title=\"El chef Yovany Quisquin\u00e1 fusiona sabor y \u00e9xito en Brooklyn, NY\">El chef Yovany Quisquin\u00e1 fusiona sabor y \u00e9xito en Brooklyn, NY<\/a><\/h2><\/header><div class=\"eael-entry-content\">\n                        <div class=\"eael-grid-post-excerpt\"><a href=\"https:\/\/soymigrante.com\/revista\/el-chef-yovany-quisquina-fusiona-sabor-y-exito-en-brooklyn-ny\/\" class=\"eael-post-elements-readmore-btn\">CONOCE SU HISTORIA <\/a><\/div>\n                    <\/div><\/div><\/div>\n        <\/div>\n    <\/article><article class=\"eael-grid-post  eael-post-grid-column eael-pg-post-31636 category-estamos-unidos\" data-id=\"31636\">\n        <div class=\"eael-grid-post-holder\">\n            <div class=\"eael-grid-post-holder-inner\"><div class=\"eael-entry-media\"><div class=\"eael-entry-overlay fade-in\"><i class=\"far fa-hand-pointer\" aria-hidden=\"true\"><\/i><a href=\"https:\/\/soymigrante.com\/revista\/cuatro-trajes-tres-personajes-y-un-corazon-en-nueva-york-late-por-su-pueblo-momostenango\/\"><\/a><\/div><div class=\"eael-entry-thumbnail eael-image-ratio\">\n                <img loading=\"lazy\" decoding=\"async\" width=\"1024\" height=\"1024\" src=\"https:\/\/soymigrante.com\/revista\/wp-content\/uploads\/2025\/04\/roldan-wix-momostenango-trajes-ny-11-1024x1024.jpg\" class=\"attachment-large size-large wp-image-31637\" alt=\"Hombre disfrazado de jaguar y otro con m\u00e1scara de payaso en celebraci\u00f3n tradicional mexicana en una plaza p\u00fablica al atardecer. Personas y espacios abiertos en el fondo, ambiente festivo y cultural.\" srcset=\"https:\/\/soymigrante.com\/revista\/wp-content\/uploads\/2025\/04\/roldan-wix-momostenango-trajes-ny-11-1024x1024.jpg 1024w, https:\/\/soymigrante.com\/revista\/wp-content\/uploads\/2025\/04\/roldan-wix-momostenango-trajes-ny-11-300x300.jpg 300w, https:\/\/soymigrante.com\/revista\/wp-content\/uploads\/2025\/04\/roldan-wix-momostenango-trajes-ny-11-150x150.jpg 150w, https:\/\/soymigrante.com\/revista\/wp-content\/uploads\/2025\/04\/roldan-wix-momostenango-trajes-ny-11-768x768.jpg 768w, https:\/\/soymigrante.com\/revista\/wp-content\/uploads\/2025\/04\/roldan-wix-momostenango-trajes-ny-11-75x75.jpg 75w, https:\/\/soymigrante.com\/revista\/wp-content\/uploads\/2025\/04\/roldan-wix-momostenango-trajes-ny-11-750x750.jpg 750w, https:\/\/soymigrante.com\/revista\/wp-content\/uploads\/2025\/04\/roldan-wix-momostenango-trajes-ny-11-1140x1140.jpg 1140w, https:\/\/soymigrante.com\/revista\/wp-content\/uploads\/2025\/04\/roldan-wix-momostenango-trajes-ny-11.jpg 1390w\" sizes=\"(max-width: 1024px) 100vw, 1024px\" \/>\n            <\/div>\n        <\/div><div class=\"eael-entry-wrapper\"><header class=\"eael-entry-header\"><h2 class=\"eael-entry-title\"><a class=\"eael-grid-post-link\" href=\"https:\/\/soymigrante.com\/revista\/cuatro-trajes-tres-personajes-y-un-corazon-en-nueva-york-late-por-su-pueblo-momostenango\/\" title=\"Cuatro trajes, tres personajes y un coraz\u00f3n en Nueva York late por su pueblo Momostenango\">Cuatro trajes, tres personajes y un coraz\u00f3n en Nueva York late por su pueblo Momostenango<\/a><\/h2><\/header><div class=\"eael-entry-content\">\n                        <div class=\"eael-grid-post-excerpt\"><a href=\"https:\/\/soymigrante.com\/revista\/cuatro-trajes-tres-personajes-y-un-corazon-en-nueva-york-late-por-su-pueblo-momostenango\/\" class=\"eael-post-elements-readmore-btn\">CONOCE SU HISTORIA <\/a><\/div>\n                    <\/div><\/div><\/div>\n        <\/div>\n    <\/article><article class=\"eael-grid-post  eael-post-grid-column eael-pg-post-7408 category-exitos\" data-id=\"7408\">\n        <div class=\"eael-grid-post-holder\">\n            <div class=\"eael-grid-post-holder-inner\"><div class=\"eael-entry-media\"><div class=\"eael-entry-overlay fade-in\"><i class=\"far fa-hand-pointer\" aria-hidden=\"true\"><\/i><a href=\"https:\/\/soymigrante.com\/revista\/guatemalteco-lidera-a-miles-de-trabajadores-de-entrega-a-domicilio-en-ny\/\"><\/a><\/div><div class=\"eael-entry-thumbnail eael-image-ratio\">\n                <img loading=\"lazy\" decoding=\"async\" width=\"333\" height=\"333\" src=\"https:\/\/soymigrante.com\/revista\/wp-content\/uploads\/2024\/07\/gustavo-ajche-2-1.webp\" class=\"attachment-large size-large wp-image-7461\" alt=\"Hombre joven con casco de bicicleta en calle urbana, mostrando actitud positiva y segura, promoviendo la movilidad y el activismo social en comunidades urbanas en Am\u00e9rica Latina.\" srcset=\"https:\/\/soymigrante.com\/revista\/wp-content\/uploads\/2024\/07\/gustavo-ajche-2-1.webp 333w, https:\/\/soymigrante.com\/revista\/wp-content\/uploads\/2024\/07\/gustavo-ajche-2-1-300x300.webp 300w, https:\/\/soymigrante.com\/revista\/wp-content\/uploads\/2024\/07\/gustavo-ajche-2-1-150x150.webp 150w, https:\/\/soymigrante.com\/revista\/wp-content\/uploads\/2024\/07\/gustavo-ajche-2-1-75x75.webp 75w\" sizes=\"(max-width: 333px) 100vw, 333px\" \/>\n            <\/div>\n        <\/div><div class=\"eael-entry-wrapper\"><header class=\"eael-entry-header\"><h2 class=\"eael-entry-title\"><a class=\"eael-grid-post-link\" href=\"https:\/\/soymigrante.com\/revista\/guatemalteco-lidera-a-miles-de-trabajadores-de-entrega-a-domicilio-en-ny\/\" title=\"Guatemalteco Gustavo Ajch\u00e9 lidera a miles de trabajadores de entrega a domicilio en New York\">Guatemalteco Gustavo Ajch\u00e9 lidera a miles de trabajadores de entrega a domicilio en New York<\/a><\/h2><\/header><div class=\"eael-entry-content\">\n                        <div class=\"eael-grid-post-excerpt\"><a href=\"https:\/\/soymigrante.com\/revista\/guatemalteco-lidera-a-miles-de-trabajadores-de-entrega-a-domicilio-en-ny\/\" class=\"eael-post-elements-readmore-btn\">CONOCE SU HISTORIA <\/a><\/div>\n                    <\/div><\/div><\/div>\n        <\/div>\n    <\/article><\/div>\n            <div class=\"clearfix\"><\/div>\n        <\/div>\t\t\t\t<\/div>\n\t\t\t\t\t<\/div>\n\t\t\t\t<\/div>\n\t\t\t\t<\/div>\n\t\t","protected":false},"excerpt":{"rendered":"<p>Artista guatemalteco Naufus Ram\u00edrez-Figueroa analiza y cuestiona el terror del conflicto armado interno con una propuesta visual que homenajea la obra teatral El Coraz\u00f3n del Espantap\u00e1jaros, del dramaturgo Hugo Carrillo. El\u00a0\u00a028 de marzo de 2026, el artista guatemalteco\u00a0Naufus Ram\u00edrez-Figueroa\u00a0inaugurar\u00e1 en el\u00a0Museum of Modern Art (MoMA)de Nueva York la exposici\u00f3n Lugar de Consuelo (Place of Solace), [&hellip;]<\/p>\n","protected":false},"author":1,"featured_media":53459,"comment_status":"open","ping_status":"open","sticky":false,"template":"","format":"standard","meta":{"_acf_changed":false,"_eb_attr":"","footnotes":""},"categories":[54],"tags":[],"class_list":["post-53458","post","type-post","status-publish","format-standard","has-post-thumbnail","hentry","category-estamos-unidos"],"acf":[],"aioseo_notices":[],"aioseo_head":"\n\t\t<!-- All in One SEO Pro 4.9.6.2 - aioseo.com -->\n\t<meta name=\"description\" content=\"El migrante Gustavo Ajch\u00e9 comenz\u00f3 a repartir comida a domicilio en Nueva York en 2004. Ha logrado mejoras para este sector a trav\u00e9s de Deliveristas Unidos, organizaci\u00f3n con 5 mil miembros.\" \/>\n\t<meta name=\"robots\" content=\"max-snippet:-1, max-image-preview:large, max-video-preview:-1\" \/>\n\t<meta name=\"author\" content=\"Gustavo Montenegro\"\/>\n\t<link rel=\"canonical\" href=\"https:\/\/soymigrante.com\/revista\/guatemalteco-lidera-a-miles-de-trabajadores-de-entrega-a-domicilio-en-ny\/\" \/>\n\t<meta name=\"generator\" content=\"All in One SEO Pro (AIOSEO) 4.9.6.2\" \/>\n\n\t\t<link rel=\"preconnect\" href=\"https:\/\/fonts.googleapis.com\" crossorigin>\n<link rel=\"preconnect\" href=\"https:\/\/fonts.gstatic.com\" crossorigin>\n\t\t<meta property=\"og:locale\" content=\"es_ES\" \/>\n\t\t<meta property=\"og:site_name\" content=\"SoyMigrante.com REVISTA \u2013 Nuestra misi\u00f3n es reconocer y dignificar al migrante.\" \/>\n\t\t<meta property=\"og:type\" content=\"article\" \/>\n\t\t<meta property=\"og:title\" content=\"Guatemalteco lidera a miles de deliveristas organizados en NY\" \/>\n\t\t<meta property=\"og:description\" content=\"El migrante Gustavo Ajch\u00e9 comenz\u00f3 a repartir comida a domicilio en Nueva York en 2004. Ha logrado mejoras para este sector a trav\u00e9s de Deliveristas Unidos, organizaci\u00f3n con 5 mil miembros.\" \/>\n\t\t<meta property=\"og:url\" content=\"https:\/\/soymigrante.com\/revista\/guatemalteco-lidera-a-miles-de-trabajadores-de-entrega-a-domicilio-en-ny\/\" \/>\n\t\t<meta property=\"og:image\" content=\"https:\/\/soymigrante.com\/revista\/wp-content\/uploads\/2024\/07\/gustavo-ajche-2-1.webp\" \/>\n\t\t<meta property=\"og:image:secure_url\" content=\"https:\/\/soymigrante.com\/revista\/wp-content\/uploads\/2024\/07\/gustavo-ajche-2-1.webp\" \/>\n\t\t<meta property=\"og:image:width\" content=\"333\" \/>\n\t\t<meta property=\"og:image:height\" content=\"333\" \/>\n\t\t<meta property=\"article:published_time\" content=\"2024-07-12T00:52:29+00:00\" \/>\n\t\t<meta property=\"article:modified_time\" content=\"2025-05-20T18:43:15+00:00\" \/>\n\t\t<meta property=\"article:publisher\" content=\"https:\/\/www.facebook.com\/soymigrantecom\" \/>\n\t\t<meta name=\"twitter:card\" content=\"summary_large_image\" \/>\n\t\t<meta name=\"twitter:site\" content=\"@SoyMigrante_com\" \/>\n\t\t<meta name=\"twitter:title\" content=\"Guatemalteco lidera a miles de deliveristas organizados en NY\" \/>\n\t\t<meta name=\"twitter:description\" content=\"El migrante Gustavo Ajch\u00e9 comenz\u00f3 a repartir comida a domicilio en Nueva York en 2004. Ha logrado mejoras para este sector a trav\u00e9s de Deliveristas Unidos, organizaci\u00f3n con 5 mil miembros.\" \/>\n\t\t<meta name=\"twitter:creator\" content=\"@SoyMigrante_com\" \/>\n\t\t<meta name=\"twitter:image\" content=\"https:\/\/soymigrante.com\/revista\/wp-content\/uploads\/2024\/07\/gustavo-ajche-2-1.webp\" \/>\n\t\t<!-- All in One SEO Pro -->\r\n\t\t<title>Guatemalteco lidera a miles de deliveristas organizados en NY<\/title>\n\n","aioseo_head_json":{"title":"Guatemalteco lidera a miles de deliveristas organizados en NY","description":"El migrante Gustavo Ajch\u00e9 comenz\u00f3 a repartir comida a domicilio en Nueva York en 2004. Ha logrado mejoras para este sector a trav\u00e9s de Deliveristas Unidos, organizaci\u00f3n con 5 mil miembros.","canonical_url":"https:\/\/soymigrante.com\/revista\/guatemalteco-lidera-a-miles-de-trabajadores-de-entrega-a-domicilio-en-ny\/","robots":"max-snippet:-1, max-image-preview:large, max-video-preview:-1","keywords":"","webmasterTools":{"miscellaneous":"&lt;link rel=\"preconnect\" href=\"https:\/\/fonts.googleapis.com\" crossorigin&gt;\n&lt;link rel=\"preconnect\" href=\"https:\/\/fonts.gstatic.com\" crossorigin&gt;"},"schema":null,"og:locale":"es_ES","og:site_name":"SoyMigrante.com REVISTA \u2013 Nuestra misi\u00f3n es reconocer y dignificar al migrante.","og:type":"article","og:title":"Guatemalteco lidera a miles de deliveristas organizados en NY","og:description":"El migrante Gustavo Ajch\u00e9 comenz\u00f3 a repartir comida a domicilio en Nueva York en 2004. Ha logrado mejoras para este sector a trav\u00e9s de Deliveristas Unidos, organizaci\u00f3n con 5 mil miembros.","og:url":"https:\/\/soymigrante.com\/revista\/guatemalteco-lidera-a-miles-de-trabajadores-de-entrega-a-domicilio-en-ny\/","og:image":"https:\/\/soymigrante.com\/revista\/wp-content\/uploads\/2024\/07\/gustavo-ajche-2-1.webp","og:image:secure_url":"https:\/\/soymigrante.com\/revista\/wp-content\/uploads\/2024\/07\/gustavo-ajche-2-1.webp","og:image:width":333,"og:image:height":333,"article:published_time":"2024-07-12T00:52:29+00:00","article:modified_time":"2025-05-20T18:43:15+00:00","article:publisher":"https:\/\/www.facebook.com\/soymigrantecom","twitter:card":"summary_large_image","twitter:site":"@SoyMigrante_com","twitter:title":"Guatemalteco lidera a miles de deliveristas organizados en NY","twitter:description":"El migrante Gustavo Ajch\u00e9 comenz\u00f3 a repartir comida a domicilio en Nueva York en 2004. Ha logrado mejoras para este sector a trav\u00e9s de Deliveristas Unidos, organizaci\u00f3n con 5 mil miembros.","twitter:creator":"@SoyMigrante_com","twitter:image":"https:\/\/soymigrante.com\/revista\/wp-content\/uploads\/2024\/07\/gustavo-ajche-2-1.webp"},"aioseo_meta_data":{"post_id":"53458","title":"Artista guatemalteco Naufus Ram\u00edrez-Figueroa expone en NY","description":"Place of Solace es una obra sobre el horror del conflicto armado guatemalteco: se expondr\u00e1 de marzo a julio 2026 en el Museo de Arte Moderno, New York","keywords":null,"keyphrases":{"focus":{"keyphrase":"Guatemalteco","score":91,"analysis":{"keyphraseInTitle":{"score":9,"maxScore":9,"error":0},"keyphraseInDescription":{"score":9,"maxScore":9,"error":0},"keyphraseLength":{"score":9,"maxScore":9,"error":0,"length":1},"keyphraseInURL":{"score":5,"maxScore":5,"error":0},"keyphraseInIntroduction":{"score":9,"maxScore":9,"error":0},"keyphraseInSubHeadings":{"score":3,"maxScore":9,"error":1},"keyphraseInImageAlt":{"score":9,"maxScore":9,"error":0},"keywordDensity":{"type":"best","score":9,"maxScore":9,"error":0}}},"additional":[{"keyphrase":"New York","score":53,"analysis":{"keyphraseInDescription":{"score":9,"maxScore":9,"error":0},"keyphraseLength":{"score":9,"maxScore":9,"error":0,"length":2},"keyphraseInIntroduction":{"score":3,"maxScore":9,"error":1},"keyphraseInImageAlt":{"score":3,"maxScore":9,"error":1},"keywordDensity":{"score":0,"type":"low","maxScore":9,"error":1}}},{"keyphrase":"Moma","score":67,"analysis":{"keyphraseInDescription":{"score":3,"maxScore":9,"error":1},"keyphraseLength":{"score":9,"maxScore":9,"error":0,"length":1},"keyphraseInIntroduction":{"score":9,"maxScore":9,"error":0},"keyphraseInImageAlt":{"score":9,"maxScore":9,"error":0},"keywordDensity":{"score":0,"type":"low","maxScore":9,"error":1}}}]},"primary_term":null,"canonical_url":null,"og_title":null,"og_description":null,"og_object_type":"default","og_image_type":"default","og_image_url":null,"og_image_width":null,"og_image_height":null,"og_image_custom_url":null,"og_image_custom_fields":null,"og_video":"","og_custom_url":null,"og_article_section":null,"og_article_tags":null,"twitter_use_og":false,"twitter_card":"default","twitter_image_type":"default","twitter_image_url":null,"twitter_image_custom_url":null,"twitter_image_custom_fields":null,"twitter_title":null,"twitter_description":null,"schema":{"blockGraphs":[],"customGraphs":[],"default":{"data":{"Article":[],"Course":[],"Dataset":[],"FAQPage":[],"Movie":[],"Person":[],"Product":[],"ProductReview":[],"Car":[],"Recipe":[],"Service":[],"SoftwareApplication":[],"WebPage":[]},"graphName":"NewsArticle","isEnabled":true},"graphs":[]},"schema_type":"default","schema_type_options":null,"pillar_content":false,"robots_default":true,"robots_noindex":false,"robots_noarchive":false,"robots_nosnippet":false,"robots_nofollow":false,"robots_noimageindex":false,"robots_noodp":false,"robots_notranslate":false,"robots_max_snippet":"-1","robots_max_videopreview":"-1","robots_max_imagepreview":"large","priority":null,"frequency":"default","local_seo":null,"seo_analyzer_scan_date":null,"breadcrumb_settings":null,"limit_modified_date":false,"reviewed_by":"0","open_ai":null,"ai":{"faqs":[],"keyPoints":[],"titles":[],"descriptions":[],"socialPosts":{"email":[],"linkedin":[],"twitter":[],"facebook":[],"instagram":[]}},"created":"2026-03-10 16:28:39","updated":"2026-03-10 18:03:53"},"aioseo_breadcrumb":"<div class=\"aioseo-breadcrumbs\"><span class=\"aioseo-breadcrumb\">\n\t<a href=\"https:\/\/soymigrante.com\/revista\" title=\"Home\">Home<\/a>\n<\/span><span class=\"aioseo-breadcrumb-separator\">\u00bb<\/span><span class=\"aioseo-breadcrumb\">\n\t<a href=\"https:\/\/soymigrante.com\/revista\/category\/estamos-unidos\/\" title=\"Estamos Unidos\">Estamos Unidos<\/a>\n<\/span><span class=\"aioseo-breadcrumb-separator\">\u00bb<\/span><span class=\"aioseo-breadcrumb\">\n\tArtista guatemalteco Naufus Ram\u00edrez-Figueroa expone obra sobre la guerra en el Museo de Arte Moderno de NY\n<\/span><\/div>","aioseo_breadcrumb_json":[{"label":"Home","link":"https:\/\/soymigrante.com\/revista"},{"label":"Estamos Unidos","link":"https:\/\/soymigrante.com\/revista\/category\/estamos-unidos\/"},{"label":"Artista guatemalteco Naufus Ram\u00edrez-Figueroa expone obra sobre la guerra en el Museo de Arte Moderno de NY","link":"https:\/\/soymigrante.com\/revista\/artista-guatemalteco-expone-en-nueva-york-museo-de-arte-moderno-guerra-guatemala-naufus-ramirez-figueroa\/"}],"_links":{"self":[{"href":"https:\/\/soymigrante.com\/revista\/wp-json\/wp\/v2\/posts\/53458","targetHints":{"allow":["GET"]}}],"collection":[{"href":"https:\/\/soymigrante.com\/revista\/wp-json\/wp\/v2\/posts"}],"about":[{"href":"https:\/\/soymigrante.com\/revista\/wp-json\/wp\/v2\/types\/post"}],"author":[{"embeddable":true,"href":"https:\/\/soymigrante.com\/revista\/wp-json\/wp\/v2\/users\/1"}],"replies":[{"embeddable":true,"href":"https:\/\/soymigrante.com\/revista\/wp-json\/wp\/v2\/comments?post=53458"}],"version-history":[{"count":6,"href":"https:\/\/soymigrante.com\/revista\/wp-json\/wp\/v2\/posts\/53458\/revisions"}],"predecessor-version":[{"id":53474,"href":"https:\/\/soymigrante.com\/revista\/wp-json\/wp\/v2\/posts\/53458\/revisions\/53474"}],"wp:featuredmedia":[{"embeddable":true,"href":"https:\/\/soymigrante.com\/revista\/wp-json\/wp\/v2\/media\/53459"}],"wp:attachment":[{"href":"https:\/\/soymigrante.com\/revista\/wp-json\/wp\/v2\/media?parent=53458"}],"wp:term":[{"taxonomy":"category","embeddable":true,"href":"https:\/\/soymigrante.com\/revista\/wp-json\/wp\/v2\/categories?post=53458"},{"taxonomy":"post_tag","embeddable":true,"href":"https:\/\/soymigrante.com\/revista\/wp-json\/wp\/v2\/tags?post=53458"}],"curies":[{"name":"wp","href":"https:\/\/api.w.org\/{rel}","templated":true}]}}