{"id":53441,"date":"2026-03-09T16:45:33","date_gmt":"2026-03-09T22:45:33","guid":{"rendered":"https:\/\/soymigrante.com\/revista\/?p=53441"},"modified":"2026-03-09T16:45:42","modified_gmt":"2026-03-09T22:45:42","slug":"aumentan-recursos-ante-cortes-de-luisiana-por-detenciones-migratorias-consideradas-ilegales","status":"publish","type":"post","link":"https:\/\/soymigrante.com\/revista\/aumentan-recursos-ante-cortes-de-luisiana-por-detenciones-migratorias-consideradas-ilegales\/","title":{"rendered":"Aumentan recursos ante cortes de Luisiana por detenciones migratorias consideradas ilegales"},"content":{"rendered":"\t\t<div data-elementor-type=\"wp-post\" data-elementor-id=\"53441\" class=\"elementor elementor-53441\" data-elementor-post-type=\"post\">\n\t\t\t\t<div data-particle_enable=\"false\" data-particle-mobile-disabled=\"false\" class=\"elementor-element elementor-element-d16a3d9 e-flex e-con-boxed e-con e-parent\" data-id=\"d16a3d9\" data-element_type=\"container\" data-e-type=\"container\">\n\t\t\t\t\t<div class=\"e-con-inner\">\n\t\t\t\t<div class=\"elementor-element elementor-element-5a4b8e8 elementor-widget elementor-widget-heading\" data-id=\"5a4b8e8\" data-element_type=\"widget\" data-e-type=\"widget\" data-widget_type=\"heading.default\">\n\t\t\t\t\t<h3 class=\"elementor-heading-title elementor-size-default\">Uni\u00f3n Americana de Libertades Civiles (ACLU) analiza ofensiva contra migrantes y apoya en la presentaci\u00f3n de recursos judiciales por detenciones de ICE que podr\u00edan estar infringiendo leyes y derechos, reporta medio Verit\u00e9 News.<\/h3>\t\t\t\t<\/div>\n\t\t\t\t\t<\/div>\n\t\t\t\t<\/div>\n\t\t<div data-particle_enable=\"false\" data-particle-mobile-disabled=\"false\" class=\"elementor-element elementor-element-a9c2030 e-flex e-con-boxed e-con e-parent\" data-id=\"a9c2030\" data-element_type=\"container\" data-e-type=\"container\">\n\t\t\t\t\t<div class=\"e-con-inner\">\n\t\t\t\t<div class=\"elementor-element elementor-element-5d3d0c2 elementor-widget elementor-widget-text-editor\" data-id=\"5d3d0c2\" data-element_type=\"widget\" data-e-type=\"widget\" data-widget_type=\"text-editor.default\">\n\t\t\t\t\t\t\t\t\t<p><a href=\"https:\/\/veritenews.org\/2026\/03\/09\/immigration-detention-lawsuits-skyrocket\/\" target=\"_blank\">Nota originalmente publicada en ingl\u00e9s, en Verit\u00e9 News<\/a><\/p>\t\t\t\t\t\t\t\t<\/div>\n\t\t\t\t\t<\/div>\n\t\t\t\t<\/div>\n\t\t<div data-particle_enable=\"false\" data-particle-mobile-disabled=\"false\" class=\"elementor-element elementor-element-41d83b2 e-flex e-con-boxed e-con e-parent\" data-id=\"41d83b2\" data-element_type=\"container\" data-e-type=\"container\">\n\t\t\t\t\t<div class=\"e-con-inner\">\n\t\t\t\t<div class=\"elementor-element elementor-element-8844a66 elementor-widget elementor-widget-text-editor\" data-id=\"8844a66\" data-element_type=\"widget\" data-e-type=\"widget\" data-widget_type=\"text-editor.default\">\n\t\t\t\t\t\t\t\t\t<p><a href=\"https:\/\/veritenews.org\/2026\/03\/09\/immigration-detention-lawsuits-skyrocket\/\" target=\"_blank\" rel=\"noopener\">Por Bobbi-Jeanne Misick. Reproducido bajo licencia Creative Commons.<\/a><\/p>\t\t\t\t\t\t\t\t<\/div>\n\t\t\t\t\t<\/div>\n\t\t\t\t<\/div>\n\t\t<div data-particle_enable=\"false\" data-particle-mobile-disabled=\"false\" class=\"elementor-element elementor-element-130f5cf e-flex e-con-boxed e-con e-parent\" data-id=\"130f5cf\" data-element_type=\"container\" data-e-type=\"container\">\n\t\t\t\t\t<div class=\"e-con-inner\">\n\t\t\t\t<div class=\"elementor-element elementor-element-571e1f3 elementor-widget elementor-widget-text-editor\" data-id=\"571e1f3\" data-element_type=\"widget\" data-e-type=\"widget\" data-widget_type=\"text-editor.default\">\n\t\t\t\t\t\t\t\t\t<p>Mientras el n\u00famero de personas recluidas en centros de detenci\u00f3n migratoria en Estados Unidos alcanza niveles r\u00e9cord bajo la administraci\u00f3n de <a href=\"https:\/\/es.wikipedia.org\/wiki\/Donald_Trump\" target=\"_blank\" rel=\"noopener\">Donald Trump<\/a>, tambi\u00e9n ha aumentado el n\u00famero de casos presentados en tribunales federales por inmigrantes que afirman que su detenci\u00f3n es ilegal.<\/p><p>En el Estado de\u00a0<a href=\"https:\/\/es.wikipedia.org\/wiki\/Luisiana\" target=\"_blank\" rel=\"noopener\">Luisiana<\/a> \u2014que durante los \u00faltimos a\u00f1os ha mantenido una de las mayores poblaciones de inmigrantes detenidos en el pa\u00eds\u2014 el n\u00famero de demandas por detenci\u00f3n indebida presentadas en tribunales federales se ha disparado desde que la agenda de detenci\u00f3n y deportaci\u00f3n masiva del presidente Trump comenz\u00f3 en enero de 2025.\u00a0<\/p><p>El enfoque de la administraci\u00f3n para la aplicaci\u00f3n de las leyes migratorias ha provocado que muchas personas que en a\u00f1os anteriores no habr\u00edan sido prioridad para el <a href=\"https:\/\/es.wikipedia.org\/wiki\/Departamento_de_Seguridad_Nacional_de_los_Estados_Unidos\" target=\"_blank\" rel=\"noopener\">Departamento de Seguridad Nacional de Estados Unidos<\/a> permanezcan durante largos periodos en detenci\u00f3n civil migratoria.<\/p><p>Datos recopilados por <a href=\"https:\/\/www.propublica.org\/\" target=\"_blank\" rel=\"noopener\">ProPublica<\/a> muestran que las solicitudes de <a href=\"https:\/\/es.wikipedia.org\/wiki\/Habeas_corpus\" target=\"_blank\" rel=\"noopener\">habeas corpus<\/a> \u2014que permiten a una persona argumentar que ha sido encarcelada ilegalmente\u2014<a href=\"https:\/\/soymigrante.com\/revista\/aumentan-los-recursos-de-habeas-corpus-ante-cortes-federales-por-detencion-de-migrantes\/\"> en tribunales federales de todo el pa\u00eds aumentaron a aproximadamente 2,000 peticiones por semana <\/a>en febrero, en comparaci\u00f3n con poco m\u00e1s de 20 casos semanales registrados en ese mismo mes del a\u00f1o anterior.<\/p>\t\t\t\t\t\t\t\t<\/div>\n\t\t\t\t\t<\/div>\n\t\t\t\t<\/div>\n\t\t<div data-particle_enable=\"false\" data-particle-mobile-disabled=\"false\" class=\"elementor-element elementor-element-f4708ce e-flex e-con-boxed e-con e-parent\" data-id=\"f4708ce\" data-element_type=\"container\" data-e-type=\"container\">\n\t\t\t\t\t<div class=\"e-con-inner\">\n\t\t\t\t<div class=\"elementor-element elementor-element-5625482 elementor-widget elementor-widget-image\" data-id=\"5625482\" data-element_type=\"widget\" data-e-type=\"widget\" data-widget_type=\"image.default\">\n\t\t\t\t\t\t\t\t\t\t\t\t<figure class=\"wp-caption\">\n\t\t\t\t\t\t\t\t\t\t\t<a href=\"https:\/\/veritenews.org\/2026\/03\/09\/immigration-detention-lawsuits-skyrocket\/\">\n\t\t\t\t\t\t\t<img fetchpriority=\"high\" decoding=\"async\" width=\"1075\" height=\"902\" src=\"https:\/\/soymigrante.com\/revista\/wp-content\/uploads\/2026\/03\/nora-ahmed-de-aclu-publicacion-de-verite-news.png\" class=\"attachment-large size-large wp-image-53447\" alt=\"nora ahmed de aclu publicaci\u00f3n de verite news\" srcset=\"https:\/\/soymigrante.com\/revista\/wp-content\/uploads\/2026\/03\/nora-ahmed-de-aclu-publicacion-de-verite-news.png 1075w, https:\/\/soymigrante.com\/revista\/wp-content\/uploads\/2026\/03\/nora-ahmed-de-aclu-publicacion-de-verite-news-300x252.png 300w, https:\/\/soymigrante.com\/revista\/wp-content\/uploads\/2026\/03\/nora-ahmed-de-aclu-publicacion-de-verite-news-768x644.png 768w, https:\/\/soymigrante.com\/revista\/wp-content\/uploads\/2026\/03\/nora-ahmed-de-aclu-publicacion-de-verite-news-750x629.png 750w\" sizes=\"(max-width: 1075px) 100vw, 1075px\" title=\"nora ahmed de aclu publicaci\u00f3n de verite news \u2013 SoyMigrante.com REVISTA\" \/>\t\t\t\t\t\t\t\t<\/a>\n\t\t\t\t\t\t\t\t\t\t\t<figcaption class=\"widget-image-caption wp-caption-text\">Publicaci\u00f3n Verit\u00e9 News, dedicada a presentar la actualidad de Luisiana. En este art\u00edculo entrevistan a Nora Ahmed, directora para Luisiana de la Uni\u00f3n Americana de Libertades Civile, ACLU. (Fotograf\u00eda captura de pantalla)  Si desea ir al sitio Verit\u00e9 News en ingl\u00e9s, clic en la imagen.<\/figcaption>\n\t\t\t\t\t\t\t\t\t\t<\/figure>\n\t\t\t\t\t\t\t\t\t<\/div>\n\t\t\t\t\t<\/div>\n\t\t\t\t<\/div>\n\t\t<div data-particle_enable=\"false\" data-particle-mobile-disabled=\"false\" class=\"elementor-element elementor-element-23a89b3 e-flex e-con-boxed e-con e-parent\" data-id=\"23a89b3\" data-element_type=\"container\" data-e-type=\"container\">\n\t\t\t\t\t<div class=\"e-con-inner\">\n\t\t\t\t<div class=\"elementor-element elementor-element-91c8a5a elementor-widget elementor-widget-text-editor\" data-id=\"91c8a5a\" data-element_type=\"widget\" data-e-type=\"widget\" data-widget_type=\"text-editor.default\">\n\t\t\t\t\t\t\t\t\t<p><span style=\"color: #000000; font-family: Mulish, sans-serif; font-size: 29px; font-weight: bold;\">Aumento acelerado de peticiones de habeas corpus<\/span><\/p><p>Los tribunales federales de Luisiana tambi\u00e9n <a href=\"https:\/\/soymigrante.com\/revista\/aumentan-los-recursos-de-habeas-corpus-ante-cortes-federales-por-detencion-de-migrantes\/\">han registrado un fuerte incremento en los casos de habeas corpus presentados por inmigrantes<\/a>. Un an\u00e1lisis de <a href=\"https:\/\/veritenews.org\/\" target=\"_blank\" rel=\"noopener\">Verite News<\/a> sobre registros judiciales encontr\u00f3 que los inmigrantes han presentado al menos 752 casos de este tipo desde el inicio del segundo mandato de Trump, de los cuales 378 se interpusieron solamente en los primeros dos meses de 2026. En contraste, durante todo 2024 \u2014el \u00faltimo a\u00f1o de la presidencia de <a href=\"https:\/\/es.wikipedia.org\/wiki\/Joe_Biden\" target=\"_blank\" rel=\"noopener\">Joe Biden<\/a>\u2014 se presentaron apenas 29 casos.<\/p><p>\u201cTenemos miles de casos que est\u00e1n siendo decididos sobre nuevas cuestiones que encajan claramente dentro del \u00e1mbito del habeas corpus\u201d, afirm\u00f3 Nora Ahmed, directora legal de la <a href=\"https:\/\/www.aclu.org\/\" target=\"_blank\" rel=\"noopener\">Uni\u00f3n Americana de Libertades Civiles (ACLU)<\/a> de Luisiana.<\/p><p>Casi todos esos casos se han presentado en el Distrito Oeste de Luisiana, que abarca 42 de las 64 parroquias del estado, desde <a href=\"https:\/\/es.wikipedia.org\/wiki\/Shreveport\" target=\"_blank\" rel=\"noopener\">Shreveport<\/a> en el norte hasta la parroquia de <a href=\"https:\/\/es.wikipedia.org\/wiki\/St._Mary_Parish\" target=\"_blank\" rel=\"noopener\">St. Mary<\/a> en el sur. All\u00ed se encuentran la mayor\u00eda de los centros de detenci\u00f3n migratoria del estado. Este distrito federal, considerado el m\u00e1s conservador de Luisiana, no incluye el centro de detenci\u00f3n recientemente abierto en el campus de la <a href=\"https:\/\/es.wikipedia.org\/wiki\/Penitenciar%C3%ADa_estatal_de_Luisiana\" target=\"_blank\" rel=\"noopener\">Penitenciar\u00eda Estatal de Luisiana<\/a> en <a href=\"https:\/\/es.wikipedia.org\/wiki\/Angola_(prisi%C3%B3n)\" target=\"_blank\" rel=\"noopener\">Angola<\/a>, conocido como \u201cLouisiana Lockup\u201d.<\/p><p>En febrero, despu\u00e9s de que jueces del Distrito Medio de Luisiana fallaran a favor de inmigrantes detenidos en Angola en varios casos, el gobernador <a href=\"https:\/\/es.wikipedia.org\/wiki\/Jeff_Landry\" target=\"_blank\" rel=\"noopener\">Jeff Landry<\/a> \u2014aliado de Trump y defensor de pol\u00edticas migratorias m\u00e1s duras\u2014 impuls\u00f3 que la parroquia de West Feliciana, donde se encuentra esa prisi\u00f3n, fuera trasladada al Distrito Oeste. La congresista <a href=\"https:\/\/en.wikipedia.org\/wiki\/Julia_Letlow\" target=\"_blank\" rel=\"noopener\">Julia Letlow<\/a>, quien compite contra el senador <a href=\"https:\/\/es.wikipedia.org\/wiki\/Bill_Cassidy\" target=\"_blank\" rel=\"noopener\">Bill Cassidy<\/a> en las primarias republicanas de mayo, anunci\u00f3 que impulsar\u00eda una iniciativa legislativa para concretar ese cambio.<\/p>\t\t\t\t\t\t\t\t<\/div>\n\t\t\t\t\t<\/div>\n\t\t\t\t<\/div>\n\t\t<div data-particle_enable=\"false\" data-particle-mobile-disabled=\"false\" class=\"elementor-element elementor-element-f9f8382 e-flex e-con-boxed e-con e-parent\" data-id=\"f9f8382\" data-element_type=\"container\" data-e-type=\"container\">\n\t\t\t\t\t<div class=\"e-con-inner\">\n\t\t\t\t<div class=\"elementor-element elementor-element-207061a elementor-grid-eael-col-1 elementor-grid-tablet-eael-col-2 elementor-grid-mobile-eael-col-1 elementor-widget elementor-widget-eael-post-grid\" data-id=\"207061a\" data-element_type=\"widget\" data-e-type=\"widget\" data-settings=\"{&quot;eael_post_grid_columns&quot;:&quot;eael-col-1&quot;,&quot;eael_post_grid_columns_tablet&quot;:&quot;eael-col-2&quot;,&quot;eael_post_grid_columns_mobile&quot;:&quot;eael-col-1&quot;}\" data-widget_type=\"eael-post-grid.default\">\n\t\t\t\t\t<div id=\"eael-post-grid-207061a\" class=\"eael-post-grid-container\">\n            <div class=\"eael-post-grid eael-post-appender eael-post-appender-207061a eael-post-grid-style-one\" data-layout-mode=\"masonry\"><article class=\"eael-grid-post  eael-post-grid-column eael-pg-post-52579 category-noticias\" data-id=\"52579\">\n        <div class=\"eael-grid-post-holder\">\n            <div class=\"eael-grid-post-holder-inner\"><div class=\"eael-entry-media\"><div class=\"eael-entry-overlay fade-in\"><i class=\"far fa-hand-pointer\" aria-hidden=\"true\"><\/i><a href=\"https:\/\/soymigrante.com\/revista\/aumentan-los-recursos-de-habeas-corpus-ante-cortes-federales-por-detencion-de-migrantes\/\"><\/a><\/div><div class=\"eael-entry-thumbnail eael-image-ratio\">\n                <img decoding=\"async\" width=\"414\" height=\"414\" src=\"https:\/\/soymigrante.com\/revista\/wp-content\/uploads\/2026\/02\/o9perativos-migrtanters.png\" class=\"attachment-large size-large wp-image-52580\" alt=\"o9perativos migrtanters\" srcset=\"https:\/\/soymigrante.com\/revista\/wp-content\/uploads\/2026\/02\/o9perativos-migrtanters.png 414w, https:\/\/soymigrante.com\/revista\/wp-content\/uploads\/2026\/02\/o9perativos-migrtanters-300x300.png 300w, https:\/\/soymigrante.com\/revista\/wp-content\/uploads\/2026\/02\/o9perativos-migrtanters-150x150.png 150w, https:\/\/soymigrante.com\/revista\/wp-content\/uploads\/2026\/02\/o9perativos-migrtanters-75x75.png 75w\" sizes=\"(max-width: 414px) 100vw, 414px\" \/>\n            <\/div>\n        <\/div><div class=\"eael-entry-wrapper\"><header class=\"eael-entry-header\"><h2 class=\"eael-entry-title\"><a class=\"eael-grid-post-link\" href=\"https:\/\/soymigrante.com\/revista\/aumentan-los-recursos-de-habeas-corpus-ante-cortes-federales-por-detencion-de-migrantes\/\" title=\"Aumentan los recursos de Habeas Corpus ante cortes federales por detenci\u00f3n de migrantes\">Aumentan los recursos de Habeas Corpus ante cortes federales por detenci\u00f3n de migrantes<\/a><\/h2><\/header><div class=\"eael-entry-content\">\n                        <div class=\"eael-grid-post-excerpt\"><a href=\"https:\/\/soymigrante.com\/revista\/aumentan-los-recursos-de-habeas-corpus-ante-cortes-federales-por-detencion-de-migrantes\/\" class=\"eael-post-elements-readmore-btn\">CONOCE SU HISTORIA <\/a><\/div>\n                    <\/div><\/div><\/div>\n        <\/div>\n    <\/article><\/div>\n            <div class=\"clearfix\"><\/div>\n        <\/div>\t\t\t\t<\/div>\n\t\t\t\t\t<\/div>\n\t\t\t\t<\/div>\n\t\t<div data-particle_enable=\"false\" data-particle-mobile-disabled=\"false\" class=\"elementor-element elementor-element-989d87e e-flex e-con-boxed e-con e-parent\" data-id=\"989d87e\" data-element_type=\"container\" data-e-type=\"container\">\n\t\t\t\t\t<div class=\"e-con-inner\">\n\t\t\t\t<div class=\"elementor-element elementor-element-b8199cd elementor-widget elementor-widget-text-editor\" data-id=\"b8199cd\" data-element_type=\"widget\" data-e-type=\"widget\" data-widget_type=\"text-editor.default\">\n\t\t\t\t\t\t\t\t\t<p><span style=\"color: #000000; font-family: Mulish, sans-serif; font-size: 29px; font-weight: bold;\">Desaf\u00edos legales a la detenci\u00f3n prolongada<\/span><\/p><p>Desde 2022, Ahmed y una coalici\u00f3n de abogados y defensores de derechos de los inmigrantes han ingresado a centros de detenci\u00f3n en Luisiana para impartir capacitaciones sobre el habeas corpus y otros recursos legales disponibles para personas bajo custodia del <a href=\"https:\/\/es.wikipedia.org\/wiki\/Servicio_de_Inmigraci%C3%B3n_y_Control_de_Aduanas_de_los_Estados_Unidos\" target=\"_blank\" rel=\"noopener\">Servicio de Inmigraci\u00f3n y Control de Aduanas (ICE)<\/a>. Seg\u00fan explic\u00f3, los casos en los que inmigrantes alegan detenciones inconstitucionalmente prolongadas siempre han existido, pero la pol\u00edtica migratoria m\u00e1s agresiva ha acelerado el fen\u00f3meno.<\/p><p>El mes pasado, la ACLU de Luisiana lanz\u00f3 una nueva iniciativa dentro de su programa Justice Lab para reclutar<a href=\"https:\/\/soymigrante.com\/revista\/aumentan-los-recursos-de-habeas-corpus-ante-cortes-federales-por-detencion-de-migrantes\/\"> abogados de todo el pa\u00eds que ayuden a presentar peticiones de habeas corpus,<\/a> ante la falta de suficientes abogados de derechos civiles en el estado para atender el creciente n\u00famero de casos.<\/p><p>Anteriormente, explic\u00f3 Ahmed, la mayor\u00eda de las peticiones de habeas corpus en Luisiana proven\u00edan de solicitantes de <a href=\"https:\/\/es.wikipedia.org\/wiki\/Derecho_de_asilo\" target=\"_blank\" rel=\"noopener\">asilo<\/a> que, tras cruzar la frontera entre Estados Unidos y M\u00e9xico, eran colocados directamente en detenci\u00f3n mientras avanzaban sus procesos de deportaci\u00f3n.\u00a0<\/p><p>Muchos de ellos presentaban estas peticiones despu\u00e9s de permanecer detenidos m\u00e1s de seis meses, umbral a partir del cual \u2014seg\u00fan precedentes de la <a href=\"https:\/\/es.wikipedia.org\/wiki\/Corte_Suprema_de_los_Estados_Unidos\" target=\"_blank\" rel=\"noopener\">Corte Suprema de Estados Unidos<\/a>\u2014 la detenci\u00f3n puede considerarse prolongada o indefinida si parece poco probable que el gobierno logre deportar a la persona.<\/p><p>Ahora, agreg\u00f3 Ahmed, hay m\u00e1s casos que alegan que la detenci\u00f3n misma es inconstitucional, no solo su duraci\u00f3n, debido a que el gobierno est\u00e1 arrestando a personas que han vivido durante largos periodos en Estados Unidos y que en muchos casos cuentan con protecciones humanitarias que impiden su deportaci\u00f3n.<\/p>\t\t\t\t\t\t\t\t<\/div>\n\t\t\t\t\t<\/div>\n\t\t\t\t<\/div>\n\t\t<div data-particle_enable=\"false\" data-particle-mobile-disabled=\"false\" class=\"elementor-element elementor-element-5bc8196 e-flex e-con-boxed e-con e-parent\" data-id=\"5bc8196\" data-element_type=\"container\" data-e-type=\"container\">\n\t\t\t\t\t<div class=\"e-con-inner\">\n\t\t\t\t<div class=\"elementor-element elementor-element-746176a elementor-grid-eael-col-1 elementor-grid-tablet-eael-col-2 elementor-grid-mobile-eael-col-1 elementor-widget elementor-widget-eael-post-grid\" data-id=\"746176a\" data-element_type=\"widget\" data-e-type=\"widget\" data-settings=\"{&quot;eael_post_grid_columns&quot;:&quot;eael-col-1&quot;,&quot;eael_post_grid_columns_tablet&quot;:&quot;eael-col-2&quot;,&quot;eael_post_grid_columns_mobile&quot;:&quot;eael-col-1&quot;}\" data-widget_type=\"eael-post-grid.default\">\n\t\t\t\t\t<div id=\"eael-post-grid-746176a\" class=\"eael-post-grid-container\">\n            <div class=\"eael-post-grid eael-post-appender eael-post-appender-746176a eael-post-grid-style-one\" data-layout-mode=\"masonry\"><article class=\"eael-grid-post  eael-post-grid-column eael-pg-post-49603 category-noticias\" data-id=\"49603\">\n        <div class=\"eael-grid-post-holder\">\n            <div class=\"eael-grid-post-holder-inner\"><div class=\"eael-entry-media\"><div class=\"eael-entry-overlay fade-in\"><i class=\"far fa-hand-pointer\" aria-hidden=\"true\"><\/i><a href=\"https:\/\/soymigrante.com\/revista\/mas-de-73-mil-detenidos-por-ice-no-tienen-ningun-record-criminal-senala-analisis-de-datos-oficiales\/\"><\/a><\/div><div class=\"eael-entry-thumbnail eael-image-ratio\">\n                <img decoding=\"async\" width=\"826\" height=\"826\" src=\"https:\/\/soymigrante.com\/revista\/wp-content\/uploads\/2025\/12\/capturas-redadas-migrantes-1.jpg\" class=\"attachment-large size-large wp-image-49617\" alt=\"redadas ice\" srcset=\"https:\/\/soymigrante.com\/revista\/wp-content\/uploads\/2025\/12\/capturas-redadas-migrantes-1.jpg 826w, https:\/\/soymigrante.com\/revista\/wp-content\/uploads\/2025\/12\/capturas-redadas-migrantes-1-300x300.jpg 300w, https:\/\/soymigrante.com\/revista\/wp-content\/uploads\/2025\/12\/capturas-redadas-migrantes-1-150x150.jpg 150w, https:\/\/soymigrante.com\/revista\/wp-content\/uploads\/2025\/12\/capturas-redadas-migrantes-1-768x768.jpg 768w, https:\/\/soymigrante.com\/revista\/wp-content\/uploads\/2025\/12\/capturas-redadas-migrantes-1-75x75.jpg 75w, https:\/\/soymigrante.com\/revista\/wp-content\/uploads\/2025\/12\/capturas-redadas-migrantes-1-750x750.jpg 750w\" sizes=\"(max-width: 826px) 100vw, 826px\" \/>\n            <\/div>\n        <\/div><div class=\"eael-entry-wrapper\"><header class=\"eael-entry-header\"><h2 class=\"eael-entry-title\"><a class=\"eael-grid-post-link\" href=\"https:\/\/soymigrante.com\/revista\/mas-de-73-mil-detenidos-por-ice-no-tienen-ningun-record-criminal-senala-analisis-de-datos-oficiales\/\" title=\"M\u00e1s de 73 mil detenidos por ICE no tienen ning\u00fan r\u00e9cord criminal, se\u00f1ala an\u00e1lisis de datos oficiales\">M\u00e1s de 73 mil detenidos por ICE no tienen ning\u00fan r\u00e9cord criminal, se\u00f1ala an\u00e1lisis de datos oficiales<\/a><\/h2><\/header><div class=\"eael-entry-content\">\n                        <div class=\"eael-grid-post-excerpt\"><a href=\"https:\/\/soymigrante.com\/revista\/mas-de-73-mil-detenidos-por-ice-no-tienen-ningun-record-criminal-senala-analisis-de-datos-oficiales\/\" class=\"eael-post-elements-readmore-btn\">CONOCE SU HISTORIA <\/a><\/div>\n                    <\/div><\/div><\/div>\n        <\/div>\n    <\/article><\/div>\n            <div class=\"clearfix\"><\/div>\n        <\/div>\t\t\t\t<\/div>\n\t\t\t\t\t<\/div>\n\t\t\t\t<\/div>\n\t\t<div data-particle_enable=\"false\" data-particle-mobile-disabled=\"false\" class=\"elementor-element elementor-element-b82828f e-flex e-con-boxed e-con e-parent\" data-id=\"b82828f\" data-element_type=\"container\" data-e-type=\"container\">\n\t\t\t\t\t<div class=\"e-con-inner\">\n\t\t\t\t<div class=\"elementor-element elementor-element-4b40984 elementor-widget elementor-widget-heading\" data-id=\"4b40984\" data-element_type=\"widget\" data-e-type=\"widget\" data-widget_type=\"heading.default\">\n\t\t\t\t\t<h3 class=\"elementor-heading-title elementor-size-default\">Ejemplos de casos cuestionables<\/h3>\t\t\t\t<\/div>\n\t\t\t\t\t<\/div>\n\t\t\t\t<\/div>\n\t\t<div data-particle_enable=\"false\" data-particle-mobile-disabled=\"false\" class=\"elementor-element elementor-element-601a24f e-flex e-con-boxed e-con e-parent\" data-id=\"601a24f\" data-element_type=\"container\" data-e-type=\"container\">\n\t\t\t\t\t<div class=\"e-con-inner\">\n\t\t\t\t<div class=\"elementor-element elementor-element-5017b33 elementor-widget elementor-widget-text-editor\" data-id=\"5017b33\" data-element_type=\"widget\" data-e-type=\"widget\" data-widget_type=\"text-editor.default\">\n\t\t\t\t\t\t\t\t\t<p>Entre los casos citados por la ACLU se encuentra el de un hombre hondure\u00f1o que vive en Estados Unidos desde 2005 y que recibi\u00f3 protecci\u00f3n contra la deportaci\u00f3n bajo la <a href=\"https:\/\/es.wikipedia.org\/wiki\/Convenci%C3%B3n_contra_la_Tortura\" target=\"_blank\" rel=\"noopener\">Convenci\u00f3n contra la Tortura<\/a>. A pesar de ello, fue trasladado al centro de detenci\u00f3n conocido como Louisiana Lockup.<\/p><p>Otro caso involucr\u00f3 a un joven de 18 a\u00f1os originario de <a href=\"https:\/\/es.wikipedia.org\/wiki\/Guatemala\" target=\"_blank\" rel=\"noopener\">Guatemala<\/a>, quien hab\u00eda recibido <a href=\"https:\/\/en.wikipedia.org\/wiki\/Special_Immigrant_Juvenile_Status\" target=\"_blank\" rel=\"noopener\">Estatus Especial para Inmigrantes Juveniles<\/a> y autorizaci\u00f3n de trabajo. Fue detenido por agentes de ICE mientras se dirig\u00eda a su empleo en <a href=\"https:\/\/es.wikipedia.org\/wiki\/Nueva_York\" target=\"_blank\" rel=\"noopener\">Nueva York<\/a> y trasladado a un centro de detenci\u00f3n en Luisiana. Posteriormente, un juez federal orden\u00f3 su liberaci\u00f3n inmediata mediante una orden de restricci\u00f3n temporal.<\/p><p>Ahmed afirm\u00f3 que las t\u00e1cticas utilizadas en los operativos migratorios \u2014como agentes que usan m\u00e1scaras o no se identifican durante los arrestos\u2014 contribuyen a que el p\u00fablico confunda el sistema migratorio con el sistema penal. \u201cNo es lo mismo\u201d, dijo. <b>\u201cSe trata de detenci\u00f3n civil, donde muchas personas pr\u00e1cticamente no tienen acceso a representaci\u00f3n legal\u201d.<\/b><\/p><p>Aunque algunos inmigrantes han logrado recuperar su libertad mediante estas acciones judiciales, los abogados se\u00f1alan que estos casos siguen representando solo una peque\u00f1a fracci\u00f3n del total de personas detenidas en el sistema migratorio estadounidense. \u201cSigue siendo apenas una gota en el oc\u00e9ano\u201d, concluy\u00f3 Ahmed.<\/p>\t\t\t\t\t\t\t\t<\/div>\n\t\t\t\t\t<\/div>\n\t\t\t\t<\/div>\n\t\t<div data-particle_enable=\"false\" data-particle-mobile-disabled=\"false\" class=\"elementor-element elementor-element-5f0ea13 e-flex e-con-boxed e-con e-parent\" data-id=\"5f0ea13\" data-element_type=\"container\" data-e-type=\"container\">\n\t\t\t\t\t<div class=\"e-con-inner\">\n\t\t\t\t<div class=\"elementor-element elementor-element-cd91baf elementor-widget elementor-widget-heading\" data-id=\"cd91baf\" data-element_type=\"widget\" data-e-type=\"widget\" data-widget_type=\"heading.default\">\n\t\t\t\t\t<h2 class=\"elementor-heading-title elementor-size-default\">Quiz\u00e1 tambi\u00e9n te podr\u00eda interesar<\/h2>\t\t\t\t<\/div>\n\t\t\t\t\t<\/div>\n\t\t\t\t<\/div>\n\t\t<div data-particle_enable=\"false\" data-particle-mobile-disabled=\"false\" class=\"elementor-element elementor-element-b01435e e-flex e-con-boxed e-con e-parent\" data-id=\"b01435e\" data-element_type=\"container\" data-e-type=\"container\">\n\t\t\t\t\t<div class=\"e-con-inner\">\n\t\t\t\t<div class=\"elementor-element elementor-element-1a3736f elementor-grid-eael-col-3 elementor-grid-tablet-eael-col-2 elementor-grid-mobile-eael-col-1 elementor-widget elementor-widget-eael-post-grid\" data-id=\"1a3736f\" data-element_type=\"widget\" data-e-type=\"widget\" data-settings=\"{&quot;eael_post_grid_columns&quot;:&quot;eael-col-3&quot;,&quot;eael_post_grid_columns_tablet&quot;:&quot;eael-col-2&quot;,&quot;eael_post_grid_columns_mobile&quot;:&quot;eael-col-1&quot;}\" data-widget_type=\"eael-post-grid.default\">\n\t\t\t\t\t<div id=\"eael-post-grid-1a3736f\" class=\"eael-post-grid-container\">\n            <div class=\"eael-post-grid eael-post-appender eael-post-appender-1a3736f eael-post-grid-style-one\" data-layout-mode=\"masonry\"><article class=\"eael-grid-post  eael-post-grid-column eael-pg-post-47607 category-noticias\" data-id=\"47607\">\n        <div class=\"eael-grid-post-holder\">\n            <div class=\"eael-grid-post-holder-inner\"><div class=\"eael-entry-media\"><div class=\"eael-entry-overlay fade-in\"><i class=\"far fa-hand-pointer\" aria-hidden=\"true\"><\/i><a href=\"https:\/\/soymigrante.com\/revista\/congreso-y-senado-de-usa-investigan-detenciones-ilegales-de-latinos-ciudadanos-por-ice\/\"><\/a><\/div><div class=\"eael-entry-thumbnail eael-image-ratio\">\n                <img loading=\"lazy\" decoding=\"async\" width=\"581\" height=\"581\" src=\"https:\/\/soymigrante.com\/revista\/wp-content\/uploads\/2025\/10\/detencion-ilegal-ciudadanos-video-propublica.png\" class=\"attachment-large size-large wp-image-47617\" alt=\"detencion ilegal ciudadanos video propublica\" srcset=\"https:\/\/soymigrante.com\/revista\/wp-content\/uploads\/2025\/10\/detencion-ilegal-ciudadanos-video-propublica.png 581w, https:\/\/soymigrante.com\/revista\/wp-content\/uploads\/2025\/10\/detencion-ilegal-ciudadanos-video-propublica-300x300.png 300w, https:\/\/soymigrante.com\/revista\/wp-content\/uploads\/2025\/10\/detencion-ilegal-ciudadanos-video-propublica-150x150.png 150w, https:\/\/soymigrante.com\/revista\/wp-content\/uploads\/2025\/10\/detencion-ilegal-ciudadanos-video-propublica-75x75.png 75w\" sizes=\"(max-width: 581px) 100vw, 581px\" \/>\n            <\/div>\n        <\/div><div class=\"eael-entry-wrapper\"><header class=\"eael-entry-header\"><h2 class=\"eael-entry-title\"><a class=\"eael-grid-post-link\" href=\"https:\/\/soymigrante.com\/revista\/congreso-y-senado-de-usa-investigan-detenciones-ilegales-de-latinos-ciudadanos-por-ice\/\" title=\"Congreso y Senado de USA investigan detenciones ilegales de latinos ciudadanos por ICE\">Congreso y Senado de USA investigan detenciones ilegales de latinos ciudadanos por ICE<\/a><\/h2><\/header><div class=\"eael-entry-content\">\n                        <div class=\"eael-grid-post-excerpt\"><a href=\"https:\/\/soymigrante.com\/revista\/congreso-y-senado-de-usa-investigan-detenciones-ilegales-de-latinos-ciudadanos-por-ice\/\" class=\"eael-post-elements-readmore-btn\">CONOCE SU HISTORIA <\/a><\/div>\n                    <\/div><\/div><\/div>\n        <\/div>\n    <\/article><article class=\"eael-grid-post  eael-post-grid-column eael-pg-post-50514 category-noticias\" data-id=\"50514\">\n        <div class=\"eael-grid-post-holder\">\n            <div class=\"eael-grid-post-holder-inner\"><div class=\"eael-entry-media\"><div class=\"eael-entry-overlay fade-in\"><i class=\"far fa-hand-pointer\" aria-hidden=\"true\"><\/i><a href=\"https:\/\/soymigrante.com\/revista\/madre-migrante-guatemalteca-volvio-a-su-hogar-en-chicago-despues-de-7-meses-detenida\/\"><\/a><\/div><div class=\"eael-entry-thumbnail eael-image-ratio\">\n                <img loading=\"lazy\" decoding=\"async\" width=\"379\" height=\"379\" src=\"https:\/\/soymigrante.com\/revista\/wp-content\/uploads\/2026\/01\/marina-lopez-migrante-guatemalteca-liberada-texas.png\" class=\"attachment-large size-large wp-image-50515\" alt=\"marina lopez migrante guatemalteca liberada texas\" srcset=\"https:\/\/soymigrante.com\/revista\/wp-content\/uploads\/2026\/01\/marina-lopez-migrante-guatemalteca-liberada-texas.png 379w, https:\/\/soymigrante.com\/revista\/wp-content\/uploads\/2026\/01\/marina-lopez-migrante-guatemalteca-liberada-texas-300x300.png 300w, https:\/\/soymigrante.com\/revista\/wp-content\/uploads\/2026\/01\/marina-lopez-migrante-guatemalteca-liberada-texas-150x150.png 150w, https:\/\/soymigrante.com\/revista\/wp-content\/uploads\/2026\/01\/marina-lopez-migrante-guatemalteca-liberada-texas-75x75.png 75w\" sizes=\"(max-width: 379px) 100vw, 379px\" \/>\n            <\/div>\n        <\/div><div class=\"eael-entry-wrapper\"><header class=\"eael-entry-header\"><h2 class=\"eael-entry-title\"><a class=\"eael-grid-post-link\" href=\"https:\/\/soymigrante.com\/revista\/madre-migrante-guatemalteca-volvio-a-su-hogar-en-chicago-despues-de-7-meses-detenida\/\" title=\"Madre migrante guatemalteca volvi\u00f3 a su hogar en Chicago despu\u00e9s de 7 meses detenida\">Madre migrante guatemalteca volvi\u00f3 a su hogar en Chicago despu\u00e9s de 7 meses detenida<\/a><\/h2><\/header><div class=\"eael-entry-content\">\n                        <div class=\"eael-grid-post-excerpt\"><a href=\"https:\/\/soymigrante.com\/revista\/madre-migrante-guatemalteca-volvio-a-su-hogar-en-chicago-despues-de-7-meses-detenida\/\" class=\"eael-post-elements-readmore-btn\">CONOCE SU HISTORIA <\/a><\/div>\n                    <\/div><\/div><\/div>\n        <\/div>\n    <\/article><article class=\"eael-grid-post  eael-post-grid-column eael-pg-post-16944 category-recursos-migratorios\" data-id=\"16944\">\n        <div class=\"eael-grid-post-holder\">\n            <div class=\"eael-grid-post-holder-inner\"><div class=\"eael-entry-media\"><div class=\"eael-entry-overlay fade-in\"><i class=\"far fa-hand-pointer\" aria-hidden=\"true\"><\/i><a href=\"https:\/\/soymigrante.com\/revista\/todo-migrante-tiene-derechos-la-union-americana-de-libertades-civiles-recomienda\/\"><\/a><\/div><div class=\"eael-entry-thumbnail eael-image-ratio\">\n                <img loading=\"lazy\" decoding=\"async\" width=\"1024\" height=\"1024\" src=\"https:\/\/soymigrante.com\/revista\/wp-content\/uploads\/2024\/12\/migrantes-ruta-1-1024x1024.jpg\" class=\"attachment-large size-large wp-image-17020\" alt=\"Camino con peatones en carretera lluviosa, se\u00f1al de obra vial y l\u00edmite de velocidad de 30 km\/h, en un entorno natural y monta\u00f1oso, en la publicaci\u00f3n de SoyMigrante.com REVISTA.\" srcset=\"https:\/\/soymigrante.com\/revista\/wp-content\/uploads\/2024\/12\/migrantes-ruta-1-1024x1024.jpg 1024w, https:\/\/soymigrante.com\/revista\/wp-content\/uploads\/2024\/12\/migrantes-ruta-1-300x300.jpg 300w, https:\/\/soymigrante.com\/revista\/wp-content\/uploads\/2024\/12\/migrantes-ruta-1-150x150.jpg 150w, https:\/\/soymigrante.com\/revista\/wp-content\/uploads\/2024\/12\/migrantes-ruta-1-768x768.jpg 768w, https:\/\/soymigrante.com\/revista\/wp-content\/uploads\/2024\/12\/migrantes-ruta-1-1536x1536.jpg 1536w, https:\/\/soymigrante.com\/revista\/wp-content\/uploads\/2024\/12\/migrantes-ruta-1-2048x2048.jpg 2048w, https:\/\/soymigrante.com\/revista\/wp-content\/uploads\/2024\/12\/migrantes-ruta-1-75x75.webp 75w, https:\/\/soymigrante.com\/revista\/wp-content\/uploads\/2024\/12\/migrantes-ruta-1-750x750.webp 750w, https:\/\/soymigrante.com\/revista\/wp-content\/uploads\/2024\/12\/migrantes-ruta-1-1140x1140.webp 1140w, https:\/\/soymigrante.com\/revista\/wp-content\/uploads\/2024\/12\/migrantes-ruta-1-scaled.webp 1920w\" sizes=\"(max-width: 1024px) 100vw, 1024px\" \/>\n            <\/div>\n        <\/div><div class=\"eael-entry-wrapper\"><header class=\"eael-entry-header\"><h2 class=\"eael-entry-title\"><a class=\"eael-grid-post-link\" href=\"https:\/\/soymigrante.com\/revista\/todo-migrante-tiene-derechos-la-union-americana-de-libertades-civiles-recomienda\/\" title=\"Todo migrante tiene derechos: la Uni\u00f3n Americana de Libertades Civiles recomienda&#8230;\">Todo migrante tiene derechos: la Uni\u00f3n Americana de Libertades Civiles recomienda&#8230;<\/a><\/h2><\/header><div class=\"eael-entry-content\">\n                        <div class=\"eael-grid-post-excerpt\"><a href=\"https:\/\/soymigrante.com\/revista\/todo-migrante-tiene-derechos-la-union-americana-de-libertades-civiles-recomienda\/\" class=\"eael-post-elements-readmore-btn\">CONOCE SU HISTORIA <\/a><\/div>\n                    <\/div><\/div><\/div>\n        <\/div>\n    <\/article><\/div>\n            <div class=\"clearfix\"><\/div>\n        <\/div>\t\t\t\t<\/div>\n\t\t\t\t\t<\/div>\n\t\t\t\t<\/div>\n\t\t\t\t<\/div>\n\t\t","protected":false},"excerpt":{"rendered":"<p>Uni\u00f3n Americana de Libertades Civiles (ACLU) analiza ofensiva contra migrantes y apoya en la presentaci\u00f3n de recursos judiciales por detenciones de ICE que podr\u00edan estar infringiendo leyes y derechos, reporta medio Verit\u00e9 News. Nota originalmente publicada en ingl\u00e9s, en Verit\u00e9 News Por Bobbi-Jeanne Misick. Reproducido bajo licencia Creative Commons. Mientras el n\u00famero de personas recluidas [&hellip;]<\/p>\n","protected":false},"author":1,"featured_media":53443,"comment_status":"open","ping_status":"open","sticky":false,"template":"","format":"standard","meta":{"_acf_changed":false,"_eb_attr":"","footnotes":""},"categories":[280],"tags":[],"class_list":["post-53441","post","type-post","status-publish","format-standard","has-post-thumbnail","hentry","category-noticias"],"acf":[],"aioseo_notices":[],"aioseo_head":"\n\t\t<!-- All in One SEO Pro 4.9.6.2 - aioseo.com -->\n\t<meta name=\"description\" content=\"En USA, los migrantes enfrentan desaf\u00edos legales y sociales que pueden poner en riesgo su seguridad y estabilidad. Conocer sus derechos es fundamental.\" \/>\n\t<meta name=\"robots\" content=\"max-snippet:-1, max-image-preview:large, max-video-preview:-1\" \/>\n\t<meta name=\"author\" content=\"Beatriz Tercero\"\/>\n\t<link rel=\"canonical\" href=\"https:\/\/soymigrante.com\/revista\/todo-migrante-tiene-derechos-la-union-americana-de-libertades-civiles-recomienda\/\" \/>\n\t<meta name=\"generator\" content=\"All in One SEO Pro (AIOSEO) 4.9.6.2\" \/>\n\n\t\t<link rel=\"preconnect\" href=\"https:\/\/fonts.googleapis.com\" crossorigin>\n<link rel=\"preconnect\" href=\"https:\/\/fonts.gstatic.com\" crossorigin>\n\t\t<meta property=\"og:locale\" content=\"es_ES\" \/>\n\t\t<meta property=\"og:site_name\" content=\"SoyMigrante.com REVISTA \u2013 Nuestra misi\u00f3n es reconocer y dignificar al migrante.\" \/>\n\t\t<meta property=\"og:type\" content=\"article\" \/>\n\t\t<meta property=\"og:title\" content=\"Los derechos de los migrantes: Una gu\u00eda para protegerte y actuar\" \/>\n\t\t<meta property=\"og:description\" content=\"En USA, los migrantes enfrentan desaf\u00edos legales y sociales que pueden poner en riesgo su seguridad y estabilidad. Conocer sus derechos es fundamental.\" \/>\n\t\t<meta property=\"og:url\" content=\"https:\/\/soymigrante.com\/revista\/todo-migrante-tiene-derechos-la-union-americana-de-libertades-civiles-recomienda\/\" \/>\n\t\t<meta property=\"og:image\" content=\"https:\/\/soymigrante.com\/revista\/wp-content\/uploads\/2024\/12\/migrantes-ruta-1-scaled.webp\" \/>\n\t\t<meta property=\"og:image:secure_url\" content=\"https:\/\/soymigrante.com\/revista\/wp-content\/uploads\/2024\/12\/migrantes-ruta-1-scaled.webp\" \/>\n\t\t<meta property=\"og:image:width\" content=\"1920\" \/>\n\t\t<meta property=\"og:image:height\" content=\"1920\" \/>\n\t\t<meta property=\"article:published_time\" content=\"2025-01-22T19:08:00+00:00\" \/>\n\t\t<meta property=\"article:modified_time\" content=\"2025-01-29T02:52:50+00:00\" \/>\n\t\t<meta property=\"article:publisher\" content=\"https:\/\/www.facebook.com\/soymigrantecom\" \/>\n\t\t<meta name=\"twitter:card\" content=\"summary_large_image\" \/>\n\t\t<meta name=\"twitter:site\" content=\"@SoyMigrante_com\" \/>\n\t\t<meta name=\"twitter:title\" content=\"Los derechos de los migrantes: Una gu\u00eda para protegerte y actuar\" \/>\n\t\t<meta name=\"twitter:description\" content=\"En USA, los migrantes enfrentan desaf\u00edos legales y sociales que pueden poner en riesgo su seguridad y estabilidad. Conocer sus derechos es fundamental.\" \/>\n\t\t<meta name=\"twitter:creator\" content=\"@SoyMigrante_com\" \/>\n\t\t<meta name=\"twitter:image\" content=\"https:\/\/soymigrante.com\/revista\/wp-content\/uploads\/2024\/12\/migrantes-ruta-1-scaled.webp\" \/>\n\t\t<!-- All in One SEO Pro -->\r\n\t\t<title>Los derechos de los migrantes: Una gu\u00eda para protegerte y actuar<\/title>\n\n","aioseo_head_json":{"title":"Los derechos de los migrantes: Una gu\u00eda para protegerte y actuar","description":"En USA, los migrantes enfrentan desaf\u00edos legales y sociales que pueden poner en riesgo su seguridad y estabilidad. Conocer sus derechos es fundamental.","canonical_url":"https:\/\/soymigrante.com\/revista\/todo-migrante-tiene-derechos-la-union-americana-de-libertades-civiles-recomienda\/","robots":"max-snippet:-1, max-image-preview:large, max-video-preview:-1","keywords":"","webmasterTools":{"miscellaneous":"&lt;link rel=\"preconnect\" href=\"https:\/\/fonts.googleapis.com\" crossorigin&gt;\n&lt;link rel=\"preconnect\" href=\"https:\/\/fonts.gstatic.com\" crossorigin&gt;"},"schema":null,"og:locale":"es_ES","og:site_name":"SoyMigrante.com REVISTA \u2013 Nuestra misi\u00f3n es reconocer y dignificar al migrante.","og:type":"article","og:title":"Los derechos de los migrantes: Una gu\u00eda para protegerte y actuar","og:description":"En USA, los migrantes enfrentan desaf\u00edos legales y sociales que pueden poner en riesgo su seguridad y estabilidad. Conocer sus derechos es fundamental.","og:url":"https:\/\/soymigrante.com\/revista\/todo-migrante-tiene-derechos-la-union-americana-de-libertades-civiles-recomienda\/","og:image":"https:\/\/soymigrante.com\/revista\/wp-content\/uploads\/2024\/12\/migrantes-ruta-1-scaled.webp","og:image:secure_url":"https:\/\/soymigrante.com\/revista\/wp-content\/uploads\/2024\/12\/migrantes-ruta-1-scaled.webp","og:image:width":1920,"og:image:height":1920,"article:published_time":"2025-01-22T19:08:00+00:00","article:modified_time":"2025-01-29T02:52:50+00:00","article:publisher":"https:\/\/www.facebook.com\/soymigrantecom","twitter:card":"summary_large_image","twitter:site":"@SoyMigrante_com","twitter:title":"Los derechos de los migrantes: Una gu\u00eda para protegerte y actuar","twitter:description":"En USA, los migrantes enfrentan desaf\u00edos legales y sociales que pueden poner en riesgo su seguridad y estabilidad. Conocer sus derechos es fundamental.","twitter:creator":"@SoyMigrante_com","twitter:image":"https:\/\/soymigrante.com\/revista\/wp-content\/uploads\/2024\/12\/migrantes-ruta-1-scaled.webp"},"aioseo_meta_data":{"post_id":"53441","title":"M\u00e1s recursos en cortes contra detenciones migratorias ilegales","description":"Impugnaciones legales contra detenciones de migrantes consideradas ilegales aumentan en Los Angeles y otros lugares, reporta el medio Verit\u00e9 News","keywords":null,"keyphrases":{"focus":{"keyphrase":"Migrantes","score":59,"analysis":{"keyphraseInTitle":{"score":3,"maxScore":9,"error":1},"keyphraseInDescription":{"score":9,"maxScore":9,"error":0},"keyphraseLength":{"score":9,"maxScore":9,"error":0,"length":1},"keyphraseInURL":{"score":1,"maxScore":5,"error":1},"keyphraseInIntroduction":{"score":3,"maxScore":9,"error":1},"keyphraseInSubHeadings":{"score":3,"maxScore":9,"error":1},"keyphraseInImageAlt":{"score":3,"maxScore":9,"error":1},"keywordDensity":{"type":"best","score":9,"maxScore":9,"error":0}}},"additional":[{"keyphrase":"Detenciones","score":53,"analysis":{"keyphraseInDescription":{"score":9,"maxScore":9,"error":0},"keyphraseLength":{"score":9,"maxScore":9,"error":0,"length":1},"keyphraseInIntroduction":{"score":3,"maxScore":9,"error":1},"keyphraseInImageAlt":{"score":3,"maxScore":9,"error":1},"keywordDensity":{"score":0,"type":"low","maxScore":9,"error":1}}}]},"primary_term":null,"canonical_url":null,"og_title":null,"og_description":null,"og_object_type":"default","og_image_type":"default","og_image_url":null,"og_image_width":null,"og_image_height":null,"og_image_custom_url":null,"og_image_custom_fields":null,"og_video":"","og_custom_url":null,"og_article_section":null,"og_article_tags":null,"twitter_use_og":false,"twitter_card":"default","twitter_image_type":"default","twitter_image_url":null,"twitter_image_custom_url":null,"twitter_image_custom_fields":null,"twitter_title":null,"twitter_description":null,"schema":{"blockGraphs":[],"customGraphs":[],"default":{"data":{"Article":[],"Course":[],"Dataset":[],"FAQPage":[],"Movie":[],"Person":[],"Product":[],"ProductReview":[],"Car":[],"Recipe":[],"Service":[],"SoftwareApplication":[],"WebPage":[]},"graphName":"NewsArticle","isEnabled":true},"graphs":[]},"schema_type":"default","schema_type_options":null,"pillar_content":false,"robots_default":true,"robots_noindex":false,"robots_noarchive":false,"robots_nosnippet":false,"robots_nofollow":false,"robots_noimageindex":false,"robots_noodp":false,"robots_notranslate":false,"robots_max_snippet":"-1","robots_max_videopreview":"-1","robots_max_imagepreview":"large","priority":null,"frequency":"default","local_seo":null,"seo_analyzer_scan_date":null,"breadcrumb_settings":null,"limit_modified_date":false,"reviewed_by":"0","open_ai":null,"ai":{"faqs":[],"keyPoints":[],"titles":[],"descriptions":[],"socialPosts":{"email":[],"linkedin":[],"twitter":[],"facebook":[],"instagram":[]}},"created":"2026-03-09 22:12:26","updated":"2026-03-09 23:06:06"},"aioseo_breadcrumb":"<div class=\"aioseo-breadcrumbs\"><span class=\"aioseo-breadcrumb\">\n\t<a href=\"https:\/\/soymigrante.com\/revista\" title=\"Home\">Home<\/a>\n<\/span><span class=\"aioseo-breadcrumb-separator\">\u00bb<\/span><span class=\"aioseo-breadcrumb\">\n\t<a href=\"https:\/\/soymigrante.com\/revista\/category\/noticias\/\" title=\"Noticias\">Noticias<\/a>\n<\/span><span class=\"aioseo-breadcrumb-separator\">\u00bb<\/span><span class=\"aioseo-breadcrumb\">\n\tAumentan recursos ante cortes de Luisiana por detenciones migratorias consideradas ilegales\n<\/span><\/div>","aioseo_breadcrumb_json":[{"label":"Home","link":"https:\/\/soymigrante.com\/revista"},{"label":"Noticias","link":"https:\/\/soymigrante.com\/revista\/category\/noticias\/"},{"label":"Aumentan recursos ante cortes de Luisiana por detenciones migratorias consideradas ilegales","link":"https:\/\/soymigrante.com\/revista\/aumentan-recursos-ante-cortes-de-luisiana-por-detenciones-migratorias-consideradas-ilegales\/"}],"_links":{"self":[{"href":"https:\/\/soymigrante.com\/revista\/wp-json\/wp\/v2\/posts\/53441","targetHints":{"allow":["GET"]}}],"collection":[{"href":"https:\/\/soymigrante.com\/revista\/wp-json\/wp\/v2\/posts"}],"about":[{"href":"https:\/\/soymigrante.com\/revista\/wp-json\/wp\/v2\/types\/post"}],"author":[{"embeddable":true,"href":"https:\/\/soymigrante.com\/revista\/wp-json\/wp\/v2\/users\/1"}],"replies":[{"embeddable":true,"href":"https:\/\/soymigrante.com\/revista\/wp-json\/wp\/v2\/comments?post=53441"}],"version-history":[{"count":6,"href":"https:\/\/soymigrante.com\/revista\/wp-json\/wp\/v2\/posts\/53441\/revisions"}],"predecessor-version":[{"id":53451,"href":"https:\/\/soymigrante.com\/revista\/wp-json\/wp\/v2\/posts\/53441\/revisions\/53451"}],"wp:featuredmedia":[{"embeddable":true,"href":"https:\/\/soymigrante.com\/revista\/wp-json\/wp\/v2\/media\/53443"}],"wp:attachment":[{"href":"https:\/\/soymigrante.com\/revista\/wp-json\/wp\/v2\/media?parent=53441"}],"wp:term":[{"taxonomy":"category","embeddable":true,"href":"https:\/\/soymigrante.com\/revista\/wp-json\/wp\/v2\/categories?post=53441"},{"taxonomy":"post_tag","embeddable":true,"href":"https:\/\/soymigrante.com\/revista\/wp-json\/wp\/v2\/tags?post=53441"}],"curies":[{"name":"wp","href":"https:\/\/api.w.org\/{rel}","templated":true}]}}