{"id":53397,"date":"2026-03-09T13:28:13","date_gmt":"2026-03-09T19:28:13","guid":{"rendered":"https:\/\/soymigrante.com\/revista\/?p=53397"},"modified":"2026-03-09T13:41:17","modified_gmt":"2026-03-09T19:41:17","slug":"via-crucis-viviente-en-el-cerro-del-carmen-experiencia-de-fe-en-cuaresma-guatemalteca","status":"publish","type":"post","link":"https:\/\/soymigrante.com\/revista\/via-crucis-viviente-en-el-cerro-del-carmen-experiencia-de-fe-en-cuaresma-guatemalteca\/","title":{"rendered":"V\u00eda Crucis viviente en el Cerro del Carmen: experiencia de fe en Cuaresma guatemalteca"},"content":{"rendered":"\t\t<div data-elementor-type=\"wp-post\" data-elementor-id=\"53397\" class=\"elementor elementor-53397\" data-elementor-post-type=\"post\">\n\t\t\t\t<div data-particle_enable=\"false\" data-particle-mobile-disabled=\"false\" class=\"elementor-element elementor-element-dc69259 e-flex e-con-boxed e-con e-parent\" data-id=\"dc69259\" data-element_type=\"container\" data-e-type=\"container\">\n\t\t\t\t\t<div class=\"e-con-inner\">\n\t\t\t\t<div class=\"elementor-element elementor-element-ba97321 elementor-widget elementor-widget-heading\" data-id=\"ba97321\" data-element_type=\"widget\" data-e-type=\"widget\" data-widget_type=\"heading.default\">\n\t\t\t\t\t<h3 class=\"elementor-heading-title elementor-size-default\">El V\u00eda Crucis es un recorrido de oraci\u00f3n por la pasi\u00f3n de Cristo: la representaci\u00f3n en vivo busca a\u00f1adir dramatismo y motivar la reflexi\u00f3n. En Guatemala se efect\u00faan varios. Uno de ellos, fue presentado por j\u00f3venes en el Cerro del Carmen. <\/h3>\t\t\t\t<\/div>\n\t\t\t\t\t<\/div>\n\t\t\t\t<\/div>\n\t\t<div data-particle_enable=\"false\" data-particle-mobile-disabled=\"false\" class=\"elementor-element elementor-element-50d7c6d e-flex e-con-boxed e-con e-parent\" data-id=\"50d7c6d\" data-element_type=\"container\" data-e-type=\"container\">\n\t\t\t\t\t<div class=\"e-con-inner\">\n\t\t\t\t<div class=\"elementor-element elementor-element-0d8b81a elementor-widget elementor-widget-text-editor\" data-id=\"0d8b81a\" data-element_type=\"widget\" data-e-type=\"widget\" data-widget_type=\"text-editor.default\">\n\t\t\t\t\t\t\t\t\t<p>Durante la <a href=\"https:\/\/soymigrante.com\/revista\/algunas-sugerencias-para-que-devotos-migrantes-vivan-mejor-la-cuaresma-y-semana-santa\/\">Cuaresma y la Semana Santa en Guatemala<\/a>, hay m\u00e1s que procesiones y una de las expresiones m\u00e1s conmovedoras de fe se da en los <a href=\"https:\/\/soymigrante.com\/revista\/semana-santa-guatemalteca-via-crucis-infantil-huehuetenango\/\">V\u00eda Crucis vivientes<\/a> o en vivo, una representaci\u00f3n de la Pasi\u00f3n de Cristo realizada por fieles que asumen los distintos personajes del relato evang\u00e9lico.\u00a0<\/p><p>No es un espect\u00e1culo, se trata de un acto de devoci\u00f3n y evangelizaci\u00f3n en el que la comunidad revive espiritualmente el camino de Jes\u00fas hacia el Calvario. En Guatemala son especialmente tradicionales los V\u00eda Crucis en Vivo de<a href=\"https:\/\/soymigrante.com\/revista\/semana-santa-guatemalteca-via-crucis-infantil-huehuetenango\/\"> Chiantla, Huehuetenango<\/a> y el de Villa Nueva, efectuados cada Viernes Santo. Pero hay grupos que efect\u00faan tal representaci\u00f3n<\/p><p>En el hist\u00f3rico <a href=\"https:\/\/soymigrante.com\/revista\/el-cerrito-del-carmen-el-corazon-espiritual-de-la-ciudad-de-guatemala\/\">Cerrito del Carmen<\/a>, j\u00f3venes de diversas pastorales de la Arquidi\u00f3cesis de Guatemala realizaron el 6 de marzo de 2026 una emotiva representaci\u00f3n que reuni\u00f3 a grupos juveniles de varias parroquias. La actividad destac\u00f3 por su sentido comunitario y por la profunda vivencia espiritual de quienes participaron en cada escena del camino de la cruz.<\/p>\t\t\t\t\t\t\t\t<\/div>\n\t\t\t\t\t<\/div>\n\t\t\t\t<\/div>\n\t\t<div data-particle_enable=\"false\" data-particle-mobile-disabled=\"false\" class=\"elementor-element elementor-element-7d708c1 e-flex e-con-boxed e-con e-parent\" data-id=\"7d708c1\" data-element_type=\"container\" data-e-type=\"container\">\n\t\t\t\t\t<div class=\"e-con-inner\">\n\t\t\t\t<div class=\"elementor-element elementor-element-dd93c2d elementor-widget elementor-widget-image\" data-id=\"dd93c2d\" data-element_type=\"widget\" data-e-type=\"widget\" data-widget_type=\"image.default\">\n\t\t\t\t\t\t\t\t\t\t\t\t<figure class=\"wp-caption\">\n\t\t\t\t\t\t\t\t\t\t<img fetchpriority=\"high\" decoding=\"async\" width=\"1140\" height=\"855\" src=\"https:\/\/soymigrante.com\/revista\/wp-content\/uploads\/2026\/03\/via-crucis-viviente-en-cerro-del-carmen-2026-fotos-roberto-vasquez-12-1140x855.jpg\" class=\"attachment-large size-large wp-image-53406\" alt=\"La devoci\u00f3n domin\u00f3 cada instante de la representaci\u00f3n del camino de Jes\u00fas hacia el Monte Calvario, en el V\u00eda Crucis viviente representado por j\u00f3venes de pastorales juveniles de la Arquidi\u00f3cesis de Guatemala, bajo la coordinaci\u00f3n de monse\u00f1or Edwin Garc\u00eda Arandi y con el apoyo log\u00edstico de Roberto V\u00e1squez y las hermandades de La Recolecci\u00f3n. (Foto cortes\u00eda Roberto V\u00e1squez)\" srcset=\"https:\/\/soymigrante.com\/revista\/wp-content\/uploads\/2026\/03\/via-crucis-viviente-en-cerro-del-carmen-2026-fotos-roberto-vasquez-12-1140x855.jpg 1140w, https:\/\/soymigrante.com\/revista\/wp-content\/uploads\/2026\/03\/via-crucis-viviente-en-cerro-del-carmen-2026-fotos-roberto-vasquez-12-300x225.jpg 300w, https:\/\/soymigrante.com\/revista\/wp-content\/uploads\/2026\/03\/via-crucis-viviente-en-cerro-del-carmen-2026-fotos-roberto-vasquez-12-768x576.jpg 768w, https:\/\/soymigrante.com\/revista\/wp-content\/uploads\/2026\/03\/via-crucis-viviente-en-cerro-del-carmen-2026-fotos-roberto-vasquez-12-1536x1152.jpg 1536w, https:\/\/soymigrante.com\/revista\/wp-content\/uploads\/2026\/03\/via-crucis-viviente-en-cerro-del-carmen-2026-fotos-roberto-vasquez-12-750x563.jpg 750w, https:\/\/soymigrante.com\/revista\/wp-content\/uploads\/2026\/03\/via-crucis-viviente-en-cerro-del-carmen-2026-fotos-roberto-vasquez-12.jpg 1600w\" sizes=\"(max-width: 1140px) 100vw, 1140px\" title=\"La devoci\u00f3n domin\u00f3 cada instante de la representaci\u00f3n del camino de Jes\u00fas hacia el Monte Calvario, en el V\u00eda Crucis viviente representado por j\u00f3venes de pastorales juveniles de la Arquidi\u00f3cesis de Guatemala, bajo la coordinaci\u00f3n de monse\u00f1or Edwin Garc\u00eda Arandi y con el apoyo log\u00edstico de Roberto V\u00e1squez y las hermandades de La Recolecci\u00f3n. (Foto cortes\u00eda Roberto V\u00e1squez) \u2013 SoyMigrante.com REVISTA\" \/>\t\t\t\t\t\t\t\t\t\t\t<figcaption class=\"widget-image-caption wp-caption-text\">La devoci\u00f3n domin\u00f3 cada instante de la representaci\u00f3n del camino de Jes\u00fas hacia el Monte Calvario, en el V\u00eda Crucis viviente representado por j\u00f3venes de pastorales juveniles de la Arquidi\u00f3cesis de Guatemala, bajo la coordinaci\u00f3n de monse\u00f1or Edwin Garc\u00eda Arandi y con el apoyo log\u00edstico de Roberto V\u00e1squez y el grupo Nosotros lo Hicimos, de  hermandades de La Recolecci\u00f3n. (Foto cortes\u00eda Roberto V\u00e1squez)<\/figcaption>\n\t\t\t\t\t\t\t\t\t\t<\/figure>\n\t\t\t\t\t\t\t\t\t<\/div>\n\t\t\t\t\t<\/div>\n\t\t\t\t<\/div>\n\t\t<div data-particle_enable=\"false\" data-particle-mobile-disabled=\"false\" class=\"elementor-element elementor-element-7a63f02 e-flex e-con-boxed e-con e-parent\" data-id=\"7a63f02\" data-element_type=\"container\" data-e-type=\"container\">\n\t\t\t\t\t<div class=\"e-con-inner\">\n\t\t\t\t<div class=\"elementor-element elementor-element-336326d elementor-widget elementor-widget-text-editor\" data-id=\"336326d\" data-element_type=\"widget\" data-e-type=\"widget\" data-widget_type=\"text-editor.default\">\n\t\t\t\t\t\t\t\t\t<p><span style=\"color: #000000; font-family: Mulish, sans-serif; font-size: 29px; font-weight: bold;\">Una iniciativa que uni\u00f3 a varias parroquias<\/span><\/p>\n<p>El proyecto cont\u00f3 con la participaci\u00f3n de j\u00f3venes vinculados a diferentes comunidades parroquiales. Roberto V\u00e1squez, periodista, director de teatro y miembro de la Hermandad de Cruzados del Santo Sepulcro del templo La Recolecci\u00f3n, explica:&nbsp;<\/p>\n<p>\u201cPara este V\u00eda Crucis viviente, la idea naci\u00f3 del decanato, desde la pastoral del Se\u00f1or de la Capilla y otros grupos juveniles. El grupo de teatro Nosotros lo Hicimos y pastoral de La Recolecci\u00f3n proporcion\u00f3 vestuario y trajes para los romanos. No ten\u00edamos cascos y los adquirimos para tenerlos en existencia. Fue una bonita experiencia espiritual\u201d, coment\u00f3.<\/p>\t\t\t\t\t\t\t\t<\/div>\n\t\t\t\t\t<\/div>\n\t\t\t\t<\/div>\n\t\t<div data-particle_enable=\"false\" data-particle-mobile-disabled=\"false\" class=\"elementor-element elementor-element-90a93ea e-flex e-con-boxed e-con e-parent\" data-id=\"90a93ea\" data-element_type=\"container\" data-e-type=\"container\">\n\t\t\t\t\t<div class=\"e-con-inner\">\n\t\t\t\t<div class=\"elementor-element elementor-element-03e8533 elementor-widget elementor-widget-image\" data-id=\"03e8533\" data-element_type=\"widget\" data-e-type=\"widget\" data-widget_type=\"image.default\">\n\t\t\t\t\t\t\t\t\t\t\t\t<figure class=\"wp-caption\">\n\t\t\t\t\t\t\t\t\t\t<img decoding=\"async\" width=\"1140\" height=\"855\" src=\"https:\/\/soymigrante.com\/revista\/wp-content\/uploads\/2026\/03\/via-crucis-viviente-cerrito-del-carmen-1140x855.jpg\" class=\"attachment-large size-large wp-image-53407\" alt=\"En la parroquia de Nuestra Se\u00f1ora de Candelaria se prepararon los devotos que interpretaron los papeles del V\u00eda Crucis Viviente. El joven Jes\u00fas Lancerio interpret\u00f3 a Cristo. Junto a \u00e9l figuran en esta foto, poco antes de comenzar, San Juan, la Virgen Mar\u00eda y Mar\u00eda Magdalena. (Foto Roberto V\u00e1squez)\" srcset=\"https:\/\/soymigrante.com\/revista\/wp-content\/uploads\/2026\/03\/via-crucis-viviente-cerrito-del-carmen-1140x855.jpg 1140w, https:\/\/soymigrante.com\/revista\/wp-content\/uploads\/2026\/03\/via-crucis-viviente-cerrito-del-carmen-300x225.jpg 300w, https:\/\/soymigrante.com\/revista\/wp-content\/uploads\/2026\/03\/via-crucis-viviente-cerrito-del-carmen-768x576.jpg 768w, https:\/\/soymigrante.com\/revista\/wp-content\/uploads\/2026\/03\/via-crucis-viviente-cerrito-del-carmen-1536x1152.jpg 1536w, https:\/\/soymigrante.com\/revista\/wp-content\/uploads\/2026\/03\/via-crucis-viviente-cerrito-del-carmen-750x563.jpg 750w, https:\/\/soymigrante.com\/revista\/wp-content\/uploads\/2026\/03\/via-crucis-viviente-cerrito-del-carmen.jpg 2048w\" sizes=\"(max-width: 1140px) 100vw, 1140px\" title=\"En la parroquia de Nuestra Se\u00f1ora de Candelaria se prepararon los devotos que interpretaron los papeles del V\u00eda Crucis Viviente. El joven Jes\u00fas Lancerio interpret\u00f3 a Cristo. Junto a \u00e9l figuran en esta foto, poco antes de comenzar, San Juan, la Virgen Mar\u00eda y Mar\u00eda Magdalena. (Foto Roberto V\u00e1squez) \u2013 SoyMigrante.com REVISTA\" \/>\t\t\t\t\t\t\t\t\t\t\t<figcaption class=\"widget-image-caption wp-caption-text\">En la parroquia de Nuestra Se\u00f1ora de Candelaria se prepararon los devotos que interpretaron los papeles del V\u00eda Crucis Viviente. El joven Jes\u00fas Lancerio interpret\u00f3 a Cristo. Junto a \u00e9l figuran en esta foto, poco antes de comenzar, San Juan, la Virgen Mar\u00eda y Mar\u00eda Magdalena. (Foto Roberto V\u00e1squez)<\/figcaption>\n\t\t\t\t\t\t\t\t\t\t<\/figure>\n\t\t\t\t\t\t\t\t\t<\/div>\n\t\t\t\t\t<\/div>\n\t\t\t\t<\/div>\n\t\t<div data-particle_enable=\"false\" data-particle-mobile-disabled=\"false\" class=\"elementor-element elementor-element-d3da119 e-flex e-con-boxed e-con e-parent\" data-id=\"d3da119\" data-element_type=\"container\" data-e-type=\"container\">\n\t\t\t\t\t<div class=\"e-con-inner\">\n\t\t\t\t<div class=\"elementor-element elementor-element-df1a7ae elementor-widget elementor-widget-text-editor\" data-id=\"df1a7ae\" data-element_type=\"widget\" data-e-type=\"widget\" data-widget_type=\"text-editor.default\">\n\t\t\t\t\t\t\t\t\t<p>\u201cRecibimos el apoyo de la <a href=\"https:\/\/soymigrante.com\/revista\/2-estamos-unidos-nazareno-de-candelaria\/\">iglesia de Candelaria<\/a> para el espacio de vestuario. Nos prestaron las lanzas. Monse\u00f1or Edwin Garc\u00eda Arandi est\u00e1 a cargo de la pastoral juvenil y acompa\u00f1\u00f3 el recorrido. Fue algo novedoso trabajar con diferentes parroquias; fue muy bonito ver c\u00f3mo los j\u00f3venes se metieron mucho en sus personajes de la Pasi\u00f3n\u201d, agreg\u00f3.<\/p><p>Fue impactante para los asistenter ver la entrega del joven que represent\u00f3 a Jes\u00fas. \u201cCuando Jes\u00fas iba con la cruz iba tan concentrado que cuando ca\u00eda temblaba, para levantarse. Sent\u00edamos que no iba a llegar. Los dem\u00e1s grupos quedaron agradecidos y sorprendidos. Y coincidentemente, el nombre de este joven es Jes\u00fas Lancerio\u201d, relat\u00f3 V\u00e1squez.<\/p>\t\t\t\t\t\t\t\t<\/div>\n\t\t\t\t\t<\/div>\n\t\t\t\t<\/div>\n\t\t<div data-particle_enable=\"false\" data-particle-mobile-disabled=\"false\" class=\"elementor-element elementor-element-6c5fe53 e-flex e-con-boxed e-con e-parent\" data-id=\"6c5fe53\" data-element_type=\"container\" data-e-type=\"container\">\n\t\t\t\t\t<div class=\"e-con-inner\">\n\t\t\t\t<div class=\"elementor-element elementor-element-2a0d24e elementor-widget elementor-widget-image\" data-id=\"2a0d24e\" data-element_type=\"widget\" data-e-type=\"widget\" data-widget_type=\"image.default\">\n\t\t\t\t\t\t\t\t\t\t\t\t<figure class=\"wp-caption\">\n\t\t\t\t\t\t\t\t\t\t<img decoding=\"async\" width=\"1140\" height=\"855\" src=\"https:\/\/soymigrante.com\/revista\/wp-content\/uploads\/2026\/03\/via-crucis-viviente-en-cerro-del-carmen-2026-fotos-roberto-vasquez-11-1140x855.jpg\" class=\"attachment-large size-large wp-image-53408\" alt=\"Cada una de las 15 estaciones del V\u00eda Crucis se fue viviendo con gran fervor. Esta es una de las tres ca\u00eddas de Jes\u00fas en ruta al monte Calvario o G\u00f3lgota. El empedrado del Cerro del Carmen brind\u00f3 un marco muy adecuado para este acto de fe, impulsado por pastorales juveniles de la Arquidi\u00f3cesis de Guatemala. (Foto cortes\u00eda Roberto V\u00e1squez)\" srcset=\"https:\/\/soymigrante.com\/revista\/wp-content\/uploads\/2026\/03\/via-crucis-viviente-en-cerro-del-carmen-2026-fotos-roberto-vasquez-11-1140x855.jpg 1140w, https:\/\/soymigrante.com\/revista\/wp-content\/uploads\/2026\/03\/via-crucis-viviente-en-cerro-del-carmen-2026-fotos-roberto-vasquez-11-300x225.jpg 300w, https:\/\/soymigrante.com\/revista\/wp-content\/uploads\/2026\/03\/via-crucis-viviente-en-cerro-del-carmen-2026-fotos-roberto-vasquez-11-768x576.jpg 768w, https:\/\/soymigrante.com\/revista\/wp-content\/uploads\/2026\/03\/via-crucis-viviente-en-cerro-del-carmen-2026-fotos-roberto-vasquez-11-1536x1152.jpg 1536w, https:\/\/soymigrante.com\/revista\/wp-content\/uploads\/2026\/03\/via-crucis-viviente-en-cerro-del-carmen-2026-fotos-roberto-vasquez-11-750x563.jpg 750w, https:\/\/soymigrante.com\/revista\/wp-content\/uploads\/2026\/03\/via-crucis-viviente-en-cerro-del-carmen-2026-fotos-roberto-vasquez-11.jpg 1600w\" sizes=\"(max-width: 1140px) 100vw, 1140px\" title=\"Cada una de las 15 estaciones del V\u00eda Crucis se fue viviendo con gran fervor. Esta es una de las tres ca\u00eddas de Jes\u00fas en ruta al monte Calvario o G\u00f3lgota. El empedrado del Cerro del Carmen brind\u00f3 un marco muy adecuado para este acto de fe, impulsado por pastorales juveniles de la Arquidi\u00f3cesis de Guatemala. (Foto cortes\u00eda Roberto V\u00e1squez) \u2013 SoyMigrante.com REVISTA\" \/>\t\t\t\t\t\t\t\t\t\t\t<figcaption class=\"widget-image-caption wp-caption-text\">Cada una de las 15 estaciones del V\u00eda Crucis se fue viviendo con gran fervor. Esta es una de las tres ca\u00eddas de Jes\u00fas en ruta al monte Calvario o G\u00f3lgota. El empedrado del Cerro del Carmen brind\u00f3 un marco muy adecuado para este acto de fe, impulsado por pastorales juveniles de la Arquidi\u00f3cesis de Guatemala. (Foto cortes\u00eda Roberto V\u00e1squez)<\/figcaption>\n\t\t\t\t\t\t\t\t\t\t<\/figure>\n\t\t\t\t\t\t\t\t\t<\/div>\n\t\t\t\t\t<\/div>\n\t\t\t\t<\/div>\n\t\t<div data-particle_enable=\"false\" data-particle-mobile-disabled=\"false\" class=\"elementor-element elementor-element-4f358f6 e-flex e-con-boxed e-con e-parent\" data-id=\"4f358f6\" data-element_type=\"container\" data-e-type=\"container\">\n\t\t\t\t\t<div class=\"e-con-inner\">\n\t\t\t\t<div class=\"elementor-element elementor-element-198f0a4 elementor-widget elementor-widget-image\" data-id=\"198f0a4\" data-element_type=\"widget\" data-e-type=\"widget\" data-widget_type=\"image.default\">\n\t\t\t\t\t\t\t\t\t\t\t\t<figure class=\"wp-caption\">\n\t\t\t\t\t\t\t\t\t\t<img loading=\"lazy\" decoding=\"async\" width=\"945\" height=\"1024\" src=\"https:\/\/soymigrante.com\/revista\/wp-content\/uploads\/2026\/03\/via-crucis-viviente-en-cerro-del-carmen-2026-fotos-roberto-vasquez-9-945x1024.jpg\" class=\"attachment-large size-large wp-image-53409\" alt=\"La crucifixi\u00f3n de Jes\u00fas (interpretado por el joven Jes\u00fas Lancerio) en la cima del Cerro del Carmen fue un instante que conmovi\u00f3 a todos los presentes. (Foto Roberto V\u00e1squez)\" srcset=\"https:\/\/soymigrante.com\/revista\/wp-content\/uploads\/2026\/03\/via-crucis-viviente-en-cerro-del-carmen-2026-fotos-roberto-vasquez-9-945x1024.jpg 945w, https:\/\/soymigrante.com\/revista\/wp-content\/uploads\/2026\/03\/via-crucis-viviente-en-cerro-del-carmen-2026-fotos-roberto-vasquez-9-277x300.jpg 277w, https:\/\/soymigrante.com\/revista\/wp-content\/uploads\/2026\/03\/via-crucis-viviente-en-cerro-del-carmen-2026-fotos-roberto-vasquez-9-768x833.jpg 768w, https:\/\/soymigrante.com\/revista\/wp-content\/uploads\/2026\/03\/via-crucis-viviente-en-cerro-del-carmen-2026-fotos-roberto-vasquez-9-750x813.jpg 750w, https:\/\/soymigrante.com\/revista\/wp-content\/uploads\/2026\/03\/via-crucis-viviente-en-cerro-del-carmen-2026-fotos-roberto-vasquez-9-1140x1236.jpg 1140w, https:\/\/soymigrante.com\/revista\/wp-content\/uploads\/2026\/03\/via-crucis-viviente-en-cerro-del-carmen-2026-fotos-roberto-vasquez-9.jpg 1200w\" sizes=\"(max-width: 945px) 100vw, 945px\" title=\"La crucifixi\u00f3n de Jes\u00fas (interpretado por el joven Jes\u00fas Lancerio) en la cima del Cerro del Carmen fue un instante que conmovi\u00f3 a todos los presentes. (Foto Roberto V\u00e1squez) \u2013 SoyMigrante.com REVISTA\" \/>\t\t\t\t\t\t\t\t\t\t\t<figcaption class=\"widget-image-caption wp-caption-text\">La crucifixi\u00f3n de Jes\u00fas (interpretado por el joven Jes\u00fas Lancerio) en la cima del Cerro del Carmen fue un instante que conmovi\u00f3 a todos los presentes. (Foto Roberto V\u00e1squez)<\/figcaption>\n\t\t\t\t\t\t\t\t\t\t<\/figure>\n\t\t\t\t\t\t\t\t\t<\/div>\n\t\t\t\t\t<\/div>\n\t\t\t\t<\/div>\n\t\t<div data-particle_enable=\"false\" data-particle-mobile-disabled=\"false\" class=\"elementor-element elementor-element-48f37c0 e-flex e-con-boxed e-con e-parent\" data-id=\"48f37c0\" data-element_type=\"container\" data-e-type=\"container\">\n\t\t\t\t\t<div class=\"e-con-inner\">\n\t\t\t\t<div class=\"elementor-element elementor-element-7f3dd39 elementor-widget elementor-widget-image\" data-id=\"7f3dd39\" data-element_type=\"widget\" data-e-type=\"widget\" data-widget_type=\"image.default\">\n\t\t\t\t\t\t\t\t\t\t\t\t<figure class=\"wp-caption\">\n\t\t\t\t\t\t\t\t\t\t<img loading=\"lazy\" decoding=\"async\" width=\"1140\" height=\"855\" src=\"https:\/\/soymigrante.com\/revista\/wp-content\/uploads\/2026\/03\/via-crucis-viviente-en-cerro-del-carmen-2026-fotos-roberto-vasquez-6-1140x855.jpg\" class=\"attachment-large size-large wp-image-53410\" alt=\"Durante siglos, el V\u00eda Crucis tuvo 14 estaciones, que finalizaban en la sepultura de Jes\u00fas. Sin embargo, hace 35 a\u00f1os, en 1991, el papa San Juan Pablo II agreg\u00f3 la n\u00famero 15: La Resurrecci\u00f3n de Jes\u00fas, que fue representada en la Ermita del Cerro, dedicada a la Virgen del Carmen desde hace m\u00e1s de cuatro siglos en Guatemala. Fue un momento emotivo de esperanza y fe. (Foto Roberto V\u00e1squez)\" srcset=\"https:\/\/soymigrante.com\/revista\/wp-content\/uploads\/2026\/03\/via-crucis-viviente-en-cerro-del-carmen-2026-fotos-roberto-vasquez-6-1140x855.jpg 1140w, https:\/\/soymigrante.com\/revista\/wp-content\/uploads\/2026\/03\/via-crucis-viviente-en-cerro-del-carmen-2026-fotos-roberto-vasquez-6-300x225.jpg 300w, https:\/\/soymigrante.com\/revista\/wp-content\/uploads\/2026\/03\/via-crucis-viviente-en-cerro-del-carmen-2026-fotos-roberto-vasquez-6-768x576.jpg 768w, https:\/\/soymigrante.com\/revista\/wp-content\/uploads\/2026\/03\/via-crucis-viviente-en-cerro-del-carmen-2026-fotos-roberto-vasquez-6-1536x1152.jpg 1536w, https:\/\/soymigrante.com\/revista\/wp-content\/uploads\/2026\/03\/via-crucis-viviente-en-cerro-del-carmen-2026-fotos-roberto-vasquez-6-750x563.jpg 750w, https:\/\/soymigrante.com\/revista\/wp-content\/uploads\/2026\/03\/via-crucis-viviente-en-cerro-del-carmen-2026-fotos-roberto-vasquez-6.jpg 1600w\" sizes=\"(max-width: 1140px) 100vw, 1140px\" title=\"Durante siglos, el V\u00eda Crucis tuvo 14 estaciones, que finalizaban en la sepultura de Jes\u00fas. Sin embargo, hace 35 a\u00f1os, en 1991, el papa San Juan Pablo II agreg\u00f3 la n\u00famero 15: La Resurrecci\u00f3n de Jes\u00fas, que fue representada en la Ermita del Cerro, dedicada a la Virgen del Carmen desde hace m\u00e1s de cuatro siglos en Guatemala. Fue un momento emotivo de esperanza y fe. (Foto Roberto V\u00e1squez) \u2013 SoyMigrante.com REVISTA\" \/>\t\t\t\t\t\t\t\t\t\t\t<figcaption class=\"widget-image-caption wp-caption-text\">Durante siglos, el V\u00eda Crucis tuvo 14 estaciones, que finalizaban en la sepultura de Jes\u00fas. Sin embargo, hace 35 a\u00f1os, en 1991, el papa San Juan Pablo II agreg\u00f3 la n\u00famero 15: La Resurrecci\u00f3n de Jes\u00fas, que fue representada en la Ermita del Cerro, dedicada a la Virgen del Carmen desde hace m\u00e1s de cuatro siglos en Guatemala. Fue un momento emotivo de esperanza y fe. (Foto Roberto V\u00e1squez)<\/figcaption>\n\t\t\t\t\t\t\t\t\t\t<\/figure>\n\t\t\t\t\t\t\t\t\t<\/div>\n\t\t\t\t\t<\/div>\n\t\t\t\t<\/div>\n\t\t<div data-particle_enable=\"false\" data-particle-mobile-disabled=\"false\" class=\"elementor-element elementor-element-3a52f78 e-flex e-con-boxed e-con e-parent\" data-id=\"3a52f78\" data-element_type=\"container\" data-e-type=\"container\">\n\t\t\t\t\t<div class=\"e-con-inner\">\n\t\t\t\t<div class=\"elementor-element elementor-element-b21e6bf elementor-widget elementor-widget-text-editor\" data-id=\"b21e6bf\" data-element_type=\"widget\" data-e-type=\"widget\" data-widget_type=\"text-editor.default\">\n\t\t\t\t\t\t\t\t\t<p><span style=\"color: #000000; font-family: Mulish, sans-serif; font-size: 29px; font-weight: bold;\">Un acto de devoci\u00f3n y evangelizaci\u00f3n<\/span><\/p><p>El V\u00eda Crucis en vivo forma parte de la espiritualidad popular cat\u00f3lica y busca ayudar a los fieles a meditar las catorce estaciones del camino de Jes\u00fas hacia la crucifixi\u00f3n. Por esta raz\u00f3n, la representaci\u00f3n no se concibe como un espect\u00e1culo teatral, sino como una expresi\u00f3n de fe que invita a la oraci\u00f3n, la reflexi\u00f3n y el encuentro con el mensaje del Evangelio.<\/p><p>Quienes participan en estas <a href=\"https:\/\/soymigrante.com\/revista\/tag\/patrimonio-cuaresma-y-semana-santa\/\">actividades de Cuaresma <\/a>suelen prepararse con una actitud espiritual que incluye momentos de oraci\u00f3n, reflexi\u00f3n b\u00edblica sobre la Pasi\u00f3n de Cristo y formaci\u00f3n pastoral para comprender el sentido de cada escena. Los ensayos se realizan procurando mantener un ambiente de respeto y recogimiento, recordando que el objetivo principal es transmitir el mensaje de amor, sacrificio y esperanza que representa la cruz.<\/p><p>En distintas regiones del pa\u00eds existen representaciones que se han convertido en parte importante de <a href=\"https:\/\/soymigrante.com\/revista\/tag\/patrimonio-cuaresma-y-semana-santa\/\">la tradici\u00f3n devocional de Semana Santa. <\/a>Entre las m\u00e1s conocidas se encuentran el V\u00eda Crucis en vivo de Chiantla, Huehuetenango, y el que se realiza cada Viernes Santo en Villa Nueva, ambos con una larga trayectoria de participaci\u00f3n comunitaria.<\/p>\t\t\t\t\t\t\t\t<\/div>\n\t\t\t\t\t<\/div>\n\t\t\t\t<\/div>\n\t\t<div data-particle_enable=\"false\" data-particle-mobile-disabled=\"false\" class=\"elementor-element elementor-element-993f7b9 e-flex e-con-boxed e-con e-parent\" data-id=\"993f7b9\" data-element_type=\"container\" data-e-type=\"container\">\n\t\t\t\t\t<div class=\"e-con-inner\">\n\t\t\t\t<div class=\"elementor-element elementor-element-f555568 elementor-widget elementor-widget-heading\" data-id=\"f555568\" data-element_type=\"widget\" data-e-type=\"widget\" data-widget_type=\"heading.default\">\n\t\t\t\t\t<h5 class=\"elementor-heading-title elementor-size-default\">Otros instantes del solemne V\u00eda Crucis viviente en el Cerrito del Carmen, Guatemala. Clic para detalles<\/h5>\t\t\t\t<\/div>\n\t\t\t\t\t<\/div>\n\t\t\t\t<\/div>\n\t\t<div data-particle_enable=\"false\" data-particle-mobile-disabled=\"false\" class=\"elementor-element elementor-element-136161d e-flex e-con-boxed e-con e-parent\" data-id=\"136161d\" data-element_type=\"container\" data-e-type=\"container\">\n\t\t\t\t\t<div class=\"e-con-inner\">\n\t\t\t\t<div class=\"elementor-element elementor-element-2f9a8b6 elementor-widget elementor-widget-image-gallery\" data-id=\"2f9a8b6\" data-element_type=\"widget\" data-e-type=\"widget\" data-widget_type=\"image-gallery.default\">\n\t\t\t\t\t\t\t<div class=\"elementor-image-gallery\">\n\t\t\t<div id='gallery-10' class='gallery galleryid-53397 gallery-columns-1 gallery-size-large'><figure class='gallery-item'>\n\t\t\t<div class='gallery-icon portrait'>\n\t\t\t\t<a data-elementor-open-lightbox=\"yes\" data-elementor-lightbox-slideshow=\"2f9a8b6\" data-elementor-lightbox-title=\"V\u00eda Crucis viviente en el Cerro del Carmen, Guatemala (Fotos Roberto V\u00e1squez)\" data-elementor-lightbox-description=\"La Parroquia de Nuestra Se\u00f1ora de Candelaria a trav\u00e9s de la Hermandad de Jes\u00fas Nazareno Cristo Rey prest\u00f3 las lanzas a los soldados romanos  (foto Roberto V\u00e1squez)\" data-e-action-hash=\"#elementor-action%3Aaction%3Dlightbox%26settings%3DeyJpZCI6NTM0MTIsInVybCI6Imh0dHBzOlwvXC9zb3ltaWdyYW50ZS5jb21cL3JldmlzdGFcL3dwLWNvbnRlbnRcL3VwbG9hZHNcLzIwMjZcLzAzXC92aWEtY3J1Y2lzLXZpdmllbnRlLWVuLWNlcnJvLWRlbC1jYXJtZW4tMjAyNi1mb3Rvcy1yb2JlcnRvLXZhc3F1ZXotMi5qcGciLCJzbGlkZXNob3ciOiIyZjlhOGI2In0%3D\" href='https:\/\/soymigrante.com\/revista\/wp-content\/uploads\/2026\/03\/via-crucis-viviente-en-cerro-del-carmen-2026-fotos-roberto-vasquez-2.jpg'><img loading=\"lazy\" decoding=\"async\" width=\"768\" height=\"1024\" src=\"https:\/\/soymigrante.com\/revista\/wp-content\/uploads\/2026\/03\/via-crucis-viviente-en-cerro-del-carmen-2026-fotos-roberto-vasquez-2-768x1024.jpg\" class=\"attachment-large size-large\" alt=\"V\u00eda Crucis viviente en el Cerro del Carmen, Guatemala\" aria-describedby=\"gallery-10-53412\" srcset=\"https:\/\/soymigrante.com\/revista\/wp-content\/uploads\/2026\/03\/via-crucis-viviente-en-cerro-del-carmen-2026-fotos-roberto-vasquez-2-768x1024.jpg 768w, https:\/\/soymigrante.com\/revista\/wp-content\/uploads\/2026\/03\/via-crucis-viviente-en-cerro-del-carmen-2026-fotos-roberto-vasquez-2-225x300.jpg 225w, https:\/\/soymigrante.com\/revista\/wp-content\/uploads\/2026\/03\/via-crucis-viviente-en-cerro-del-carmen-2026-fotos-roberto-vasquez-2-1152x1536.jpg 1152w, https:\/\/soymigrante.com\/revista\/wp-content\/uploads\/2026\/03\/via-crucis-viviente-en-cerro-del-carmen-2026-fotos-roberto-vasquez-2-750x1000.jpg 750w, https:\/\/soymigrante.com\/revista\/wp-content\/uploads\/2026\/03\/via-crucis-viviente-en-cerro-del-carmen-2026-fotos-roberto-vasquez-2-1140x1520.jpg 1140w, https:\/\/soymigrante.com\/revista\/wp-content\/uploads\/2026\/03\/via-crucis-viviente-en-cerro-del-carmen-2026-fotos-roberto-vasquez-2.jpg 1536w\" sizes=\"(max-width: 768px) 100vw, 768px\" title=\"V\u00eda Crucis viviente en el Cerro del Carmen, Guatemala (Fotos Roberto V\u00e1squez) \u2013 SoyMigrante.com REVISTA\" \/><\/a>\n\t\t\t<\/div>\n\t\t\t\t<figcaption class='wp-caption-text gallery-caption' id='gallery-10-53412'>\n\t\t\t\tV\u00eda Crucis viviente en el Cerro del Carmen, Guatemala (Fotos Roberto V\u00e1squez)\n\t\t\t\t<\/figcaption><\/figure><figure class='gallery-item'>\n\t\t\t<div class='gallery-icon landscape'>\n\t\t\t\t<a data-elementor-open-lightbox=\"yes\" data-elementor-lightbox-slideshow=\"2f9a8b6\" data-elementor-lightbox-title=\"V\u00eda Crucis viviente en el Cerro del Carmen, Guatemala\" data-elementor-lightbox-description=\"V\u00eda Crucis viviente en el Cerro del Carmen, Guatemala\" data-e-action-hash=\"#elementor-action%3Aaction%3Dlightbox%26settings%3DeyJpZCI6NTM0MTcsInVybCI6Imh0dHBzOlwvXC9zb3ltaWdyYW50ZS5jb21cL3JldmlzdGFcL3dwLWNvbnRlbnRcL3VwbG9hZHNcLzIwMjZcLzAzXC92aWEtY3J1Y2lzLXZpdmllbnRlLWVuLWNlcnJvLWRlbC1jYXJtZW4tMjAyNi1mb3Rvcy1yb2JlcnRvLXZhc3F1ZXotMTItMS5qcGciLCJzbGlkZXNob3ciOiIyZjlhOGI2In0%3D\" href='https:\/\/soymigrante.com\/revista\/wp-content\/uploads\/2026\/03\/via-crucis-viviente-en-cerro-del-carmen-2026-fotos-roberto-vasquez-12-1.jpg'><img loading=\"lazy\" decoding=\"async\" width=\"1140\" height=\"855\" src=\"https:\/\/soymigrante.com\/revista\/wp-content\/uploads\/2026\/03\/via-crucis-viviente-en-cerro-del-carmen-2026-fotos-roberto-vasquez-12-1-1140x855.jpg\" class=\"attachment-large size-large\" alt=\"V\u00eda Crucis viviente en el Cerro del Carmen, Guatemala\" aria-describedby=\"gallery-10-53417\" srcset=\"https:\/\/soymigrante.com\/revista\/wp-content\/uploads\/2026\/03\/via-crucis-viviente-en-cerro-del-carmen-2026-fotos-roberto-vasquez-12-1-1140x855.jpg 1140w, https:\/\/soymigrante.com\/revista\/wp-content\/uploads\/2026\/03\/via-crucis-viviente-en-cerro-del-carmen-2026-fotos-roberto-vasquez-12-1-300x225.jpg 300w, https:\/\/soymigrante.com\/revista\/wp-content\/uploads\/2026\/03\/via-crucis-viviente-en-cerro-del-carmen-2026-fotos-roberto-vasquez-12-1-768x576.jpg 768w, https:\/\/soymigrante.com\/revista\/wp-content\/uploads\/2026\/03\/via-crucis-viviente-en-cerro-del-carmen-2026-fotos-roberto-vasquez-12-1-1536x1152.jpg 1536w, https:\/\/soymigrante.com\/revista\/wp-content\/uploads\/2026\/03\/via-crucis-viviente-en-cerro-del-carmen-2026-fotos-roberto-vasquez-12-1-750x563.jpg 750w, https:\/\/soymigrante.com\/revista\/wp-content\/uploads\/2026\/03\/via-crucis-viviente-en-cerro-del-carmen-2026-fotos-roberto-vasquez-12-1.jpg 1600w\" sizes=\"(max-width: 1140px) 100vw, 1140px\" title=\"V\u00eda Crucis viviente en el Cerro del Carmen, Guatemala \u2013 SoyMigrante.com REVISTA\" \/><\/a>\n\t\t\t<\/div>\n\t\t\t\t<figcaption class='wp-caption-text gallery-caption' id='gallery-10-53417'>\n\t\t\t\tV\u00eda Crucis viviente en el Cerro del Carmen, Guatemala\n\t\t\t\t<\/figcaption><\/figure><figure class='gallery-item'>\n\t\t\t<div class='gallery-icon landscape'>\n\t\t\t\t<a data-elementor-open-lightbox=\"yes\" data-elementor-lightbox-slideshow=\"2f9a8b6\" data-elementor-lightbox-title=\"V\u00eda Crucis viviente en el Cerro del Carmen, Guatemala\" data-elementor-lightbox-description=\"El G\u00f3lgota fue a un costado de la Ermita del Cerro donde se venera a la Virgen del Carmen (Foto Roberto V\u00e1squez)\" data-e-action-hash=\"#elementor-action%3Aaction%3Dlightbox%26settings%3DeyJpZCI6NTM0MTEsInVybCI6Imh0dHBzOlwvXC9zb3ltaWdyYW50ZS5jb21cL3JldmlzdGFcL3dwLWNvbnRlbnRcL3VwbG9hZHNcLzIwMjZcLzAzXC92aWEtY3J1Y2lzLXZpdmllbnRlLWVuLWNlcnJvLWRlbC1jYXJtZW4tMjAyNi1mb3Rvcy1yb2JlcnRvLXZhc3F1ZXotMS5qcGciLCJzbGlkZXNob3ciOiIyZjlhOGI2In0%3D\" href='https:\/\/soymigrante.com\/revista\/wp-content\/uploads\/2026\/03\/via-crucis-viviente-en-cerro-del-carmen-2026-fotos-roberto-vasquez-1.jpg'><img loading=\"lazy\" decoding=\"async\" width=\"1140\" height=\"855\" src=\"https:\/\/soymigrante.com\/revista\/wp-content\/uploads\/2026\/03\/via-crucis-viviente-en-cerro-del-carmen-2026-fotos-roberto-vasquez-1-1140x855.jpg\" class=\"attachment-large size-large\" alt=\"V\u00eda Crucis viviente en el Cerro del Carmen, Guatemala\" aria-describedby=\"gallery-10-53411\" srcset=\"https:\/\/soymigrante.com\/revista\/wp-content\/uploads\/2026\/03\/via-crucis-viviente-en-cerro-del-carmen-2026-fotos-roberto-vasquez-1-1140x855.jpg 1140w, https:\/\/soymigrante.com\/revista\/wp-content\/uploads\/2026\/03\/via-crucis-viviente-en-cerro-del-carmen-2026-fotos-roberto-vasquez-1-300x225.jpg 300w, https:\/\/soymigrante.com\/revista\/wp-content\/uploads\/2026\/03\/via-crucis-viviente-en-cerro-del-carmen-2026-fotos-roberto-vasquez-1-768x576.jpg 768w, https:\/\/soymigrante.com\/revista\/wp-content\/uploads\/2026\/03\/via-crucis-viviente-en-cerro-del-carmen-2026-fotos-roberto-vasquez-1-1536x1152.jpg 1536w, https:\/\/soymigrante.com\/revista\/wp-content\/uploads\/2026\/03\/via-crucis-viviente-en-cerro-del-carmen-2026-fotos-roberto-vasquez-1-750x563.jpg 750w, https:\/\/soymigrante.com\/revista\/wp-content\/uploads\/2026\/03\/via-crucis-viviente-en-cerro-del-carmen-2026-fotos-roberto-vasquez-1.jpg 1600w\" sizes=\"(max-width: 1140px) 100vw, 1140px\" title=\"V\u00eda Crucis viviente en el Cerro del Carmen, Guatemala \u2013 SoyMigrante.com REVISTA\" \/><\/a>\n\t\t\t<\/div>\n\t\t\t\t<figcaption class='wp-caption-text gallery-caption' id='gallery-10-53411'>\n\t\t\t\tV\u00eda Crucis viviente en el Cerro del Carmen, Guatemala\n\t\t\t\t<\/figcaption><\/figure><figure class='gallery-item'>\n\t\t\t<div class='gallery-icon landscape'>\n\t\t\t\t<a data-elementor-open-lightbox=\"yes\" data-elementor-lightbox-slideshow=\"2f9a8b6\" data-elementor-lightbox-title=\"V\u00eda Crucis viviente en el Cerro del Carmen, Guatemala\" data-elementor-lightbox-description=\"Jes\u00fas Lancerio interpret\u00f3 con gran seriedad y piedad el papel de Jes\u00fas. Momento de la Crucifixi\u00f3n enmedio de un silencio conmovedor. (Foto Roberto V\u00e1squez)\" data-e-action-hash=\"#elementor-action%3Aaction%3Dlightbox%26settings%3DeyJpZCI6NTM0MTYsInVybCI6Imh0dHBzOlwvXC9zb3ltaWdyYW50ZS5jb21cL3JldmlzdGFcL3dwLWNvbnRlbnRcL3VwbG9hZHNcLzIwMjZcLzAzXC92aWEtY3J1Y2lzLXZpdmllbnRlLWVuLWNlcnJvLWRlbC1jYXJtZW4tMjAyNi1mb3Rvcy1yb2JlcnRvLXZhc3F1ZXotMTAuanBnIiwic2xpZGVzaG93IjoiMmY5YThiNiJ9\" href='https:\/\/soymigrante.com\/revista\/wp-content\/uploads\/2026\/03\/via-crucis-viviente-en-cerro-del-carmen-2026-fotos-roberto-vasquez-10.jpg'><img loading=\"lazy\" decoding=\"async\" width=\"1140\" height=\"855\" src=\"https:\/\/soymigrante.com\/revista\/wp-content\/uploads\/2026\/03\/via-crucis-viviente-en-cerro-del-carmen-2026-fotos-roberto-vasquez-10-1140x855.jpg\" class=\"attachment-large size-large\" alt=\"V\u00eda Crucis viviente en el Cerro del Carmen, Guatemala\" aria-describedby=\"gallery-10-53416\" srcset=\"https:\/\/soymigrante.com\/revista\/wp-content\/uploads\/2026\/03\/via-crucis-viviente-en-cerro-del-carmen-2026-fotos-roberto-vasquez-10-1140x855.jpg 1140w, https:\/\/soymigrante.com\/revista\/wp-content\/uploads\/2026\/03\/via-crucis-viviente-en-cerro-del-carmen-2026-fotos-roberto-vasquez-10-300x225.jpg 300w, https:\/\/soymigrante.com\/revista\/wp-content\/uploads\/2026\/03\/via-crucis-viviente-en-cerro-del-carmen-2026-fotos-roberto-vasquez-10-768x576.jpg 768w, https:\/\/soymigrante.com\/revista\/wp-content\/uploads\/2026\/03\/via-crucis-viviente-en-cerro-del-carmen-2026-fotos-roberto-vasquez-10-1536x1152.jpg 1536w, https:\/\/soymigrante.com\/revista\/wp-content\/uploads\/2026\/03\/via-crucis-viviente-en-cerro-del-carmen-2026-fotos-roberto-vasquez-10-750x563.jpg 750w, https:\/\/soymigrante.com\/revista\/wp-content\/uploads\/2026\/03\/via-crucis-viviente-en-cerro-del-carmen-2026-fotos-roberto-vasquez-10.jpg 1600w\" sizes=\"(max-width: 1140px) 100vw, 1140px\" title=\"V\u00eda Crucis viviente en el Cerro del Carmen, Guatemala \u2013 SoyMigrante.com REVISTA\" \/><\/a>\n\t\t\t<\/div>\n\t\t\t\t<figcaption class='wp-caption-text gallery-caption' id='gallery-10-53416'>\n\t\t\t\tV\u00eda Crucis viviente en el Cerro del Carmen, Guatemala\n\t\t\t\t<\/figcaption><\/figure><figure class='gallery-item'>\n\t\t\t<div class='gallery-icon landscape'>\n\t\t\t\t<a data-elementor-open-lightbox=\"yes\" data-elementor-lightbox-slideshow=\"2f9a8b6\" data-elementor-lightbox-title=\"V\u00eda Crucis viviente en el Cerro del Carmen, Guatemala\" data-elementor-lightbox-description=\"No pod\u00eda faltar la escena de La Piedad, en la cual la Virgen Mar\u00eda recibe el cuerpo de Jes\u00fas, antes de ser sepultado. (Foto Roberto V\u00e1squez)\" data-e-action-hash=\"#elementor-action%3Aaction%3Dlightbox%26settings%3DeyJpZCI6NTM0MTUsInVybCI6Imh0dHBzOlwvXC9zb3ltaWdyYW50ZS5jb21cL3JldmlzdGFcL3dwLWNvbnRlbnRcL3VwbG9hZHNcLzIwMjZcLzAzXC92aWEtY3J1Y2lzLXZpdmllbnRlLWVuLWNlcnJvLWRlbC1jYXJtZW4tMjAyNi1mb3Rvcy1yb2JlcnRvLXZhc3F1ZXotNy5qcGciLCJzbGlkZXNob3ciOiIyZjlhOGI2In0%3D\" href='https:\/\/soymigrante.com\/revista\/wp-content\/uploads\/2026\/03\/via-crucis-viviente-en-cerro-del-carmen-2026-fotos-roberto-vasquez-7.jpg'><img loading=\"lazy\" decoding=\"async\" width=\"1140\" height=\"855\" src=\"https:\/\/soymigrante.com\/revista\/wp-content\/uploads\/2026\/03\/via-crucis-viviente-en-cerro-del-carmen-2026-fotos-roberto-vasquez-7-1140x855.jpg\" class=\"attachment-large size-large\" alt=\"V\u00eda Crucis viviente en el Cerro del Carmen, Guatemala\" aria-describedby=\"gallery-10-53415\" srcset=\"https:\/\/soymigrante.com\/revista\/wp-content\/uploads\/2026\/03\/via-crucis-viviente-en-cerro-del-carmen-2026-fotos-roberto-vasquez-7-1140x855.jpg 1140w, https:\/\/soymigrante.com\/revista\/wp-content\/uploads\/2026\/03\/via-crucis-viviente-en-cerro-del-carmen-2026-fotos-roberto-vasquez-7-300x225.jpg 300w, https:\/\/soymigrante.com\/revista\/wp-content\/uploads\/2026\/03\/via-crucis-viviente-en-cerro-del-carmen-2026-fotos-roberto-vasquez-7-768x576.jpg 768w, https:\/\/soymigrante.com\/revista\/wp-content\/uploads\/2026\/03\/via-crucis-viviente-en-cerro-del-carmen-2026-fotos-roberto-vasquez-7-1536x1152.jpg 1536w, https:\/\/soymigrante.com\/revista\/wp-content\/uploads\/2026\/03\/via-crucis-viviente-en-cerro-del-carmen-2026-fotos-roberto-vasquez-7-750x563.jpg 750w, https:\/\/soymigrante.com\/revista\/wp-content\/uploads\/2026\/03\/via-crucis-viviente-en-cerro-del-carmen-2026-fotos-roberto-vasquez-7.jpg 1600w\" sizes=\"(max-width: 1140px) 100vw, 1140px\" title=\"V\u00eda Crucis viviente en el Cerro del Carmen, Guatemala \u2013 SoyMigrante.com REVISTA\" \/><\/a>\n\t\t\t<\/div>\n\t\t\t\t<figcaption class='wp-caption-text gallery-caption' id='gallery-10-53415'>\n\t\t\t\tV\u00eda Crucis viviente en el Cerro del Carmen, Guatemala\n\t\t\t\t<\/figcaption><\/figure><figure class='gallery-item'>\n\t\t\t<div class='gallery-icon landscape'>\n\t\t\t\t<a data-elementor-open-lightbox=\"yes\" data-elementor-lightbox-slideshow=\"2f9a8b6\" data-elementor-lightbox-title=\"V\u00eda Crucis viviente en el Cerro del Carmen, Guatemala\" data-elementor-lightbox-description=\"Al final de la actividad, se elev\u00f3 una oraci\u00f3n de gratitud frente a la Ermita de la Virgen del Carmen. Monse\u00f1or Ervin Garc\u00eda Arandi dirigi\u00f3 palabras de esperanza a todos los  participantes y colaboradores. \" data-e-action-hash=\"#elementor-action%3Aaction%3Dlightbox%26settings%3DeyJpZCI6NTM0MTQsInVybCI6Imh0dHBzOlwvXC9zb3ltaWdyYW50ZS5jb21cL3JldmlzdGFcL3dwLWNvbnRlbnRcL3VwbG9hZHNcLzIwMjZcLzAzXC92aWEtY3J1Y2lzLXZpdmllbnRlLWVuLWNlcnJvLWRlbC1jYXJtZW4tMjAyNi1mb3Rvcy1yb2JlcnRvLXZhc3F1ZXotNC5qcGciLCJzbGlkZXNob3ciOiIyZjlhOGI2In0%3D\" href='https:\/\/soymigrante.com\/revista\/wp-content\/uploads\/2026\/03\/via-crucis-viviente-en-cerro-del-carmen-2026-fotos-roberto-vasquez-4.jpg'><img loading=\"lazy\" decoding=\"async\" width=\"1140\" height=\"855\" src=\"https:\/\/soymigrante.com\/revista\/wp-content\/uploads\/2026\/03\/via-crucis-viviente-en-cerro-del-carmen-2026-fotos-roberto-vasquez-4-1140x855.jpg\" class=\"attachment-large size-large\" alt=\"V\u00eda Crucis viviente en el Cerro del Carmen, Guatemala\" aria-describedby=\"gallery-10-53414\" srcset=\"https:\/\/soymigrante.com\/revista\/wp-content\/uploads\/2026\/03\/via-crucis-viviente-en-cerro-del-carmen-2026-fotos-roberto-vasquez-4-1140x855.jpg 1140w, https:\/\/soymigrante.com\/revista\/wp-content\/uploads\/2026\/03\/via-crucis-viviente-en-cerro-del-carmen-2026-fotos-roberto-vasquez-4-300x225.jpg 300w, https:\/\/soymigrante.com\/revista\/wp-content\/uploads\/2026\/03\/via-crucis-viviente-en-cerro-del-carmen-2026-fotos-roberto-vasquez-4-768x576.jpg 768w, https:\/\/soymigrante.com\/revista\/wp-content\/uploads\/2026\/03\/via-crucis-viviente-en-cerro-del-carmen-2026-fotos-roberto-vasquez-4-1536x1152.jpg 1536w, https:\/\/soymigrante.com\/revista\/wp-content\/uploads\/2026\/03\/via-crucis-viviente-en-cerro-del-carmen-2026-fotos-roberto-vasquez-4-750x563.jpg 750w, https:\/\/soymigrante.com\/revista\/wp-content\/uploads\/2026\/03\/via-crucis-viviente-en-cerro-del-carmen-2026-fotos-roberto-vasquez-4.jpg 1600w\" sizes=\"(max-width: 1140px) 100vw, 1140px\" title=\"V\u00eda Crucis viviente en el Cerro del Carmen, Guatemala \u2013 SoyMigrante.com REVISTA\" \/><\/a>\n\t\t\t<\/div>\n\t\t\t\t<figcaption class='wp-caption-text gallery-caption' id='gallery-10-53414'>\n\t\t\t\tAl final de la actividad, se elev\u00f3 una oraci\u00f3n de gratitud frente a la Ermita de la Virgen del Carmen. Monse\u00f1or Ervin Garc\u00eda Arandi dirigi\u00f3 palabras de esperanza a todos los  participantes y colaboradores. \n\t\t\t\t<\/figcaption><\/figure><figure class='gallery-item'>\n\t\t\t<div class='gallery-icon landscape'>\n\t\t\t\t<a data-elementor-open-lightbox=\"yes\" data-elementor-lightbox-slideshow=\"2f9a8b6\" data-elementor-lightbox-title=\"V\u00eda Crucis viviente en el Cerro del Carmen, Guatemala\" data-elementor-lightbox-description=\"Felicitaciones, sonrisas y nuevos compromisos de evangelizar con testimonio de obras qued\u00f3 al final del V\u00eda Crucis Viviente de las pastorales juveniles. Gracias a Roberto V\u00e1squez, de camisa blanca, por sus impresionantes fotograf\u00edas.\n\" data-e-action-hash=\"#elementor-action%3Aaction%3Dlightbox%26settings%3DeyJpZCI6NTM0MTMsInVybCI6Imh0dHBzOlwvXC9zb3ltaWdyYW50ZS5jb21cL3JldmlzdGFcL3dwLWNvbnRlbnRcL3VwbG9hZHNcLzIwMjZcLzAzXC92aWEtY3J1Y2lzLXZpdmllbnRlLWVuLWNlcnJvLWRlbC1jYXJtZW4tMjAyNi1mb3Rvcy1yb2JlcnRvLXZhc3F1ZXotMy5qcGciLCJzbGlkZXNob3ciOiIyZjlhOGI2In0%3D\" href='https:\/\/soymigrante.com\/revista\/wp-content\/uploads\/2026\/03\/via-crucis-viviente-en-cerro-del-carmen-2026-fotos-roberto-vasquez-3.jpg'><img loading=\"lazy\" decoding=\"async\" width=\"1140\" height=\"855\" src=\"https:\/\/soymigrante.com\/revista\/wp-content\/uploads\/2026\/03\/via-crucis-viviente-en-cerro-del-carmen-2026-fotos-roberto-vasquez-3-1140x855.jpg\" class=\"attachment-large size-large\" alt=\"V\u00eda Crucis viviente en el Cerro del Carmen, Guatemala\" aria-describedby=\"gallery-10-53413\" srcset=\"https:\/\/soymigrante.com\/revista\/wp-content\/uploads\/2026\/03\/via-crucis-viviente-en-cerro-del-carmen-2026-fotos-roberto-vasquez-3-1140x855.jpg 1140w, https:\/\/soymigrante.com\/revista\/wp-content\/uploads\/2026\/03\/via-crucis-viviente-en-cerro-del-carmen-2026-fotos-roberto-vasquez-3-300x225.jpg 300w, https:\/\/soymigrante.com\/revista\/wp-content\/uploads\/2026\/03\/via-crucis-viviente-en-cerro-del-carmen-2026-fotos-roberto-vasquez-3-768x576.jpg 768w, https:\/\/soymigrante.com\/revista\/wp-content\/uploads\/2026\/03\/via-crucis-viviente-en-cerro-del-carmen-2026-fotos-roberto-vasquez-3-1536x1152.jpg 1536w, https:\/\/soymigrante.com\/revista\/wp-content\/uploads\/2026\/03\/via-crucis-viviente-en-cerro-del-carmen-2026-fotos-roberto-vasquez-3-750x563.jpg 750w, https:\/\/soymigrante.com\/revista\/wp-content\/uploads\/2026\/03\/via-crucis-viviente-en-cerro-del-carmen-2026-fotos-roberto-vasquez-3.jpg 2048w\" sizes=\"(max-width: 1140px) 100vw, 1140px\" title=\"V\u00eda Crucis viviente en el Cerro del Carmen, Guatemala \u2013 SoyMigrante.com REVISTA\" \/><\/a>\n\t\t\t<\/div>\n\t\t\t\t<figcaption class='wp-caption-text gallery-caption' id='gallery-10-53413'>\n\t\t\t\tV\u00eda Crucis viviente en el Cerro del Carmen, Guatemala\n\t\t\t\t<\/figcaption><\/figure>\n\t\t<\/div>\n\t\t<\/div>\n\t\t\t\t\t\t<\/div>\n\t\t\t\t\t<\/div>\n\t\t\t\t<\/div>\n\t\t<div data-particle_enable=\"false\" data-particle-mobile-disabled=\"false\" class=\"elementor-element elementor-element-d45b4dc e-flex e-con-boxed e-con e-parent\" data-id=\"d45b4dc\" data-element_type=\"container\" data-e-type=\"container\">\n\t\t\t\t\t<div class=\"e-con-inner\">\n\t\t\t\t<div class=\"elementor-element elementor-element-bc34fda elementor-widget elementor-widget-global elementor-global-52097 elementor-widget-heading\" data-id=\"bc34fda\" data-element_type=\"widget\" data-e-type=\"widget\" data-widget_type=\"heading.default\">\n\t\t\t\t\t<h2 class=\"elementor-heading-title elementor-size-default\">Quiz\u00e1 tambi\u00e9n te podr\u00eda interesar<\/h2>\t\t\t\t<\/div>\n\t\t\t\t\t<\/div>\n\t\t\t\t<\/div>\n\t\t<div data-particle_enable=\"false\" data-particle-mobile-disabled=\"false\" class=\"elementor-element elementor-element-d010a99 e-flex e-con-boxed e-con e-parent\" data-id=\"d010a99\" data-element_type=\"container\" data-e-type=\"container\">\n\t\t\t\t\t<div class=\"e-con-inner\">\n\t\t\t\t<div class=\"elementor-element elementor-element-ebdf555 elementor-grid-eael-col-3 elementor-grid-tablet-eael-col-2 elementor-grid-mobile-eael-col-1 elementor-widget elementor-widget-eael-post-grid\" data-id=\"ebdf555\" data-element_type=\"widget\" data-e-type=\"widget\" data-settings=\"{&quot;eael_post_grid_columns&quot;:&quot;eael-col-3&quot;,&quot;eael_post_grid_columns_tablet&quot;:&quot;eael-col-2&quot;,&quot;eael_post_grid_columns_mobile&quot;:&quot;eael-col-1&quot;}\" data-widget_type=\"eael-post-grid.default\">\n\t\t\t\t\t<div id=\"eael-post-grid-ebdf555\" class=\"eael-post-grid-container\">\n            <div class=\"eael-post-grid eael-post-appender eael-post-appender-ebdf555 eael-post-grid-style-one\" data-layout-mode=\"masonry\"><article class=\"eael-grid-post  eael-post-grid-column eael-pg-post-22099 category-guate-nuestra\" data-id=\"22099\">\n        <div class=\"eael-grid-post-holder\">\n            <div class=\"eael-grid-post-holder-inner\"><div class=\"eael-entry-media\"><div class=\"eael-entry-overlay fade-in\"><i class=\"far fa-hand-pointer\" aria-hidden=\"true\"><\/i><a href=\"https:\/\/soymigrante.com\/revista\/ciudadanos-apoyan-idea-de-que-trabajadores-migrantes-sigan-en-usa-segun-estudio-del-pew-center\/\"><\/a><\/div><div class=\"eael-entry-thumbnail eael-image-ratio\">\n                <img loading=\"lazy\" decoding=\"async\" width=\"1024\" height=\"768\" src=\"https:\/\/soymigrante.com\/revista\/wp-content\/uploads\/2025\/01\/Razones-para-permitir-que-muchos-migrantes-se-queden-sen\u0303ala-estudio-del-Pew-Center-2-1024x768.jpg\" class=\"attachment-large size-large wp-image-22100\" alt=\"Razones para permitir que muchos migrantes se queden, se\u00f1ala estudio del Pew Center\" \/>\n            <\/div>\n        <\/div><div class=\"eael-entry-wrapper\"><header class=\"eael-entry-header\"><h2 class=\"eael-entry-title\"><a class=\"eael-grid-post-link\" href=\"https:\/\/soymigrante.com\/revista\/ciudadanos-apoyan-idea-de-que-trabajadores-migrantes-sigan-en-usa-segun-estudio-del-pew-center\/\" title=\"Ciudadanos apoyan idea de que trabajadores migrantes sigan en USA, seg\u00fan estudio del Pew Center\">Ciudadanos apoyan idea de que trabajadores migrantes sigan en USA, seg\u00fan estudio del Pew Center<\/a><\/h2><\/header><div class=\"eael-entry-content\">\n                        <div class=\"eael-grid-post-excerpt\"><a href=\"https:\/\/soymigrante.com\/revista\/ciudadanos-apoyan-idea-de-que-trabajadores-migrantes-sigan-en-usa-segun-estudio-del-pew-center\/\" class=\"eael-post-elements-readmore-btn\">CONOCE SU HISTORIA <\/a><\/div>\n                    <\/div><\/div><\/div>\n        <\/div>\n    <\/article><article class=\"eael-grid-post  eael-post-grid-column eael-pg-post-21465 category-guate-nuestra\" data-id=\"21465\">\n        <div class=\"eael-grid-post-holder\">\n            <div class=\"eael-grid-post-holder-inner\"><div class=\"eael-entry-media\"><div class=\"eael-entry-overlay fade-in\"><i class=\"far fa-hand-pointer\" aria-hidden=\"true\"><\/i><a href=\"https:\/\/soymigrante.com\/revista\/sabias-que-bajo-las-aguas-del-lago-atitlan-esta-el-sitio-maya-samabaj\/\"><\/a><\/div><div class=\"eael-entry-thumbnail eael-image-ratio\">\n                <img loading=\"lazy\" decoding=\"async\" width=\"1024\" height=\"1024\" src=\"https:\/\/soymigrante.com\/revista\/wp-content\/uploads\/2025\/01\/samabaj-atitaln-3-1024x1024.jpg\" class=\"attachment-large size-large wp-image-21510\" alt=\"Cr\u00e1ter del volc\u00e1n cerca de un lago en Indonesia con paisaje natural y vegetaci\u00f3n en primer plano.\" srcset=\"https:\/\/soymigrante.com\/revista\/wp-content\/uploads\/2025\/01\/samabaj-atitaln-3-1024x1024.jpg 1024w, https:\/\/soymigrante.com\/revista\/wp-content\/uploads\/2025\/01\/samabaj-atitaln-3-300x300.jpg 300w, https:\/\/soymigrante.com\/revista\/wp-content\/uploads\/2025\/01\/samabaj-atitaln-3-150x150.jpg 150w, https:\/\/soymigrante.com\/revista\/wp-content\/uploads\/2025\/01\/samabaj-atitaln-3-768x768.jpg 768w, https:\/\/soymigrante.com\/revista\/wp-content\/uploads\/2025\/01\/samabaj-atitaln-3-1536x1536.jpg 1536w, https:\/\/soymigrante.com\/revista\/wp-content\/uploads\/2025\/01\/samabaj-atitaln-3-2048x2048.jpg 2048w, https:\/\/soymigrante.com\/revista\/wp-content\/uploads\/2025\/01\/samabaj-atitaln-3-75x75.webp 75w, https:\/\/soymigrante.com\/revista\/wp-content\/uploads\/2025\/01\/samabaj-atitaln-3-750x750.webp 750w, https:\/\/soymigrante.com\/revista\/wp-content\/uploads\/2025\/01\/samabaj-atitaln-3-1140x1140.webp 1140w, https:\/\/soymigrante.com\/revista\/wp-content\/uploads\/2025\/01\/samabaj-atitaln-3-scaled.webp 1920w\" sizes=\"(max-width: 1024px) 100vw, 1024px\" \/>\n            <\/div>\n        <\/div><div class=\"eael-entry-wrapper\"><header class=\"eael-entry-header\"><h2 class=\"eael-entry-title\"><a class=\"eael-grid-post-link\" href=\"https:\/\/soymigrante.com\/revista\/sabias-que-bajo-las-aguas-del-lago-atitlan-esta-el-sitio-maya-samabaj\/\" title=\"\u00bfPor qu\u00e9 al sitio prehisp\u00e1nico Samabaj en Atitl\u00e1n le dicen la Atl\u00e1ntida maya?\">\u00bfPor qu\u00e9 al sitio prehisp\u00e1nico Samabaj en Atitl\u00e1n le dicen la Atl\u00e1ntida maya?<\/a><\/h2><\/header><div class=\"eael-entry-content\">\n                        <div class=\"eael-grid-post-excerpt\"><a href=\"https:\/\/soymigrante.com\/revista\/sabias-que-bajo-las-aguas-del-lago-atitlan-esta-el-sitio-maya-samabaj\/\" class=\"eael-post-elements-readmore-btn\">CONOCE SU HISTORIA <\/a><\/div>\n                    <\/div><\/div><\/div>\n        <\/div>\n    <\/article><article class=\"eael-grid-post  eael-post-grid-column eael-pg-post-12040 category-guate-nuestra\" data-id=\"12040\">\n        <div class=\"eael-grid-post-holder\">\n            <div class=\"eael-grid-post-holder-inner\"><div class=\"eael-entry-media\"><div class=\"eael-entry-overlay fade-in\"><i class=\"far fa-hand-pointer\" aria-hidden=\"true\"><\/i><a href=\"https:\/\/soymigrante.com\/revista\/joyas-mayas-migrantes-copia-del-codice-de-madrid-esta-ahora-en-solola-miralo-de-cerca\/\"><\/a><\/div><div class=\"eael-entry-thumbnail eael-image-ratio\">\n                <img loading=\"lazy\" decoding=\"async\" width=\"682\" height=\"682\" src=\"https:\/\/soymigrante.com\/revista\/wp-content\/uploads\/2024\/11\/codice-maya-joyas-solola-3.webp\" class=\"attachment-large size-large wp-image-12547\" alt=\"\u00c1rbol geneal\u00f3gico ind\u00edgena en exhibici\u00f3n en revista SoyMigrante.com, resaltando la cultura y ra\u00edces ancestrales de las comunidades originarias en M\u00e9xico.\" srcset=\"https:\/\/soymigrante.com\/revista\/wp-content\/uploads\/2024\/11\/codice-maya-joyas-solola-3.webp 682w, https:\/\/soymigrante.com\/revista\/wp-content\/uploads\/2024\/11\/codice-maya-joyas-solola-3-300x300.webp 300w, https:\/\/soymigrante.com\/revista\/wp-content\/uploads\/2024\/11\/codice-maya-joyas-solola-3-150x150.webp 150w, https:\/\/soymigrante.com\/revista\/wp-content\/uploads\/2024\/11\/codice-maya-joyas-solola-3-75x75.webp 75w\" sizes=\"(max-width: 682px) 100vw, 682px\" \/>\n            <\/div>\n        <\/div><div class=\"eael-entry-wrapper\"><header class=\"eael-entry-header\"><h2 class=\"eael-entry-title\"><a class=\"eael-grid-post-link\" href=\"https:\/\/soymigrante.com\/revista\/joyas-mayas-migrantes-copia-del-codice-de-madrid-esta-ahora-en-solola-miralo-de-cerca\/\" title=\"Joyas mayas migrantes: C\u00f3dice de Madrid se expone en San Pedro La Laguna. M\u00edralo de cerca aqu\u00ed.\">Joyas mayas migrantes: C\u00f3dice de Madrid se expone en San Pedro La Laguna. M\u00edralo de cerca aqu\u00ed.<\/a><\/h2><\/header><div class=\"eael-entry-content\">\n                        <div class=\"eael-grid-post-excerpt\"><a href=\"https:\/\/soymigrante.com\/revista\/joyas-mayas-migrantes-copia-del-codice-de-madrid-esta-ahora-en-solola-miralo-de-cerca\/\" class=\"eael-post-elements-readmore-btn\">CONOCE SU HISTORIA <\/a><\/div>\n                    <\/div><\/div><\/div>\n        <\/div>\n    <\/article><\/div>\n            <div class=\"clearfix\"><\/div>\n        <\/div>            <div class=\"eael-load-more-button-wrap eael-force-hide\">\n                <button class=\"eael-load-more-button\" id=\"eael-load-more-btn-ebdf555\" data-widget-id=\"ebdf555\" data-widget=\"ebdf555\" data-page-id=\"53397\" data-template=\"{&quot;dir&quot;:&quot;lite&quot;,&quot;file_name&quot;:&quot;one.php&quot;,&quot;name&quot;:&quot;Post-Grid&quot;}\" data-class=\"Essential_Addons_Elementor\\Elements\\Post_Grid\" data-layout=\"masonry\" data-page=\"1\" data-args=\"orderby=rand&amp;order=desc&amp;ignore_sticky_posts=1&amp;post_status=publish&amp;posts_per_page=3&amp;offset=0&amp;post_type=post&amp;tax_query%5B0%5D%5Btaxonomy%5D=category&amp;tax_query%5B0%5D%5Bfield%5D=term_id&amp;tax_query%5B0%5D%5Bterms%5D%5B0%5D=58&amp;tax_query%5Brelation%5D=AND\" data-max-page=\"288\">\n                    <span class=\"eael-btn-loader button__loader\"><\/span>\n                    <span class=\"eael_load_more_text\">Load More<\/span>\n                <\/button>\n            <\/div>\n            \t\t\t\t<\/div>\n\t\t\t\t\t<\/div>\n\t\t\t\t<\/div>\n\t\t\t\t<\/div>\n\t\t","protected":false},"excerpt":{"rendered":"<p>El V\u00eda Crucis es un recorrido de oraci\u00f3n por la pasi\u00f3n de Cristo: la representaci\u00f3n en vivo busca a\u00f1adir dramatismo y motivar la reflexi\u00f3n. En Guatemala se efect\u00faan varios. Uno de ellos, fue presentado por j\u00f3venes en el Cerro del Carmen. Durante la Cuaresma y la Semana Santa en Guatemala, hay m\u00e1s que procesiones y [&hellip;]<\/p>\n","protected":false},"author":7,"featured_media":53398,"comment_status":"open","ping_status":"open","sticky":false,"template":"","format":"standard","meta":{"_acf_changed":false,"_eb_attr":"","footnotes":""},"categories":[91,58],"tags":[],"class_list":["post-53397","post","type-post","status-publish","format-standard","has-post-thumbnail","hentry","category-arte-cultura","category-guate-nuestra"],"acf":[],"aioseo_notices":[],"aioseo_head":"\n\t\t<!-- All in One SEO Pro 4.9.6.2 - aioseo.com -->\n\t<meta name=\"description\" content=\"Facs\u00edmil del C\u00f3dice Maya de Madrid o Trocortesiano se exhibe en San Pedro La Laguna. \u00bfCu\u00e1l es su origen? \u00bfC\u00f3mo lleg\u00f3 a Espa\u00f1a? \u00bfC\u00f3mo lleg\u00f3 a Solol\u00e1? \u00bfPuedo verlo?\" \/>\n\t<meta name=\"robots\" content=\"max-snippet:-1, max-image-preview:large, max-video-preview:-1\" \/>\n\t<meta name=\"author\" content=\"Gustavo Montenegro\"\/>\n\t<link rel=\"canonical\" href=\"https:\/\/soymigrante.com\/revista\/joyas-mayas-migrantes-copia-del-codice-de-madrid-esta-ahora-en-solola-miralo-de-cerca\/\" \/>\n\t<meta name=\"generator\" content=\"All in One SEO Pro (AIOSEO) 4.9.6.2\" \/>\n\n\t\t<link rel=\"preconnect\" href=\"https:\/\/fonts.googleapis.com\" crossorigin>\n<link rel=\"preconnect\" href=\"https:\/\/fonts.gstatic.com\" crossorigin>\n\t\t<meta property=\"og:locale\" content=\"es_ES\" \/>\n\t\t<meta property=\"og:site_name\" content=\"SoyMigrante.com REVISTA \u2013 Nuestra misi\u00f3n es reconocer y dignificar al migrante.\" \/>\n\t\t<meta property=\"og:type\" content=\"article\" \/>\n\t\t<meta property=\"og:title\" content=\"Joyas mayas migrantes: copia del C\u00f3dice de Madrid en Solol\u00e1\" \/>\n\t\t<meta property=\"og:description\" content=\"Facs\u00edmil del C\u00f3dice Maya de Madrid o Trocortesiano se exhibe en San Pedro La Laguna. \u00bfCu\u00e1l es su origen? \u00bfC\u00f3mo lleg\u00f3 a Espa\u00f1a? \u00bfC\u00f3mo lleg\u00f3 a Solol\u00e1? \u00bfPuedo verlo?\" \/>\n\t\t<meta property=\"og:url\" content=\"https:\/\/soymigrante.com\/revista\/joyas-mayas-migrantes-copia-del-codice-de-madrid-esta-ahora-en-solola-miralo-de-cerca\/\" \/>\n\t\t<meta property=\"og:image\" content=\"https:\/\/soymigrante.com\/revista\/wp-content\/uploads\/2024\/11\/codice-maya-joyas-solola-3.webp\" \/>\n\t\t<meta property=\"og:image:secure_url\" content=\"https:\/\/soymigrante.com\/revista\/wp-content\/uploads\/2024\/11\/codice-maya-joyas-solola-3.webp\" \/>\n\t\t<meta property=\"og:image:width\" content=\"682\" \/>\n\t\t<meta property=\"og:image:height\" content=\"682\" \/>\n\t\t<meta property=\"article:published_time\" content=\"2024-11-07T17:00:00+00:00\" \/>\n\t\t<meta property=\"article:modified_time\" content=\"2025-05-19T07:21:56+00:00\" \/>\n\t\t<meta property=\"article:publisher\" content=\"https:\/\/www.facebook.com\/soymigrantecom\" \/>\n\t\t<meta name=\"twitter:card\" content=\"summary_large_image\" \/>\n\t\t<meta name=\"twitter:site\" content=\"@SoyMigrante_com\" \/>\n\t\t<meta name=\"twitter:title\" content=\"Joyas mayas migrantes: copia del C\u00f3dice de Madrid en Solol\u00e1\" \/>\n\t\t<meta name=\"twitter:description\" content=\"Facs\u00edmil del C\u00f3dice Maya de Madrid o Trocortesiano se exhibe en San Pedro La Laguna. \u00bfCu\u00e1l es su origen? \u00bfC\u00f3mo lleg\u00f3 a Espa\u00f1a? \u00bfC\u00f3mo lleg\u00f3 a Solol\u00e1? \u00bfPuedo verlo?\" \/>\n\t\t<meta name=\"twitter:creator\" content=\"@SoyMigrante_com\" \/>\n\t\t<meta name=\"twitter:image\" content=\"https:\/\/soymigrante.com\/revista\/wp-content\/uploads\/2024\/11\/codice-maya-joyas-solola-3.webp\" \/>\n\t\t<!-- All in One SEO Pro -->\r\n\t\t<title>Joyas mayas migrantes: copia del C\u00f3dice de Madrid en Solol\u00e1<\/title>\n\n","aioseo_head_json":{"title":"Joyas mayas migrantes: copia del C\u00f3dice de Madrid en Solol\u00e1","description":"Facs\u00edmil del C\u00f3dice Maya de Madrid o Trocortesiano se exhibe en San Pedro La Laguna. \u00bfCu\u00e1l es su origen? \u00bfC\u00f3mo lleg\u00f3 a Espa\u00f1a? \u00bfC\u00f3mo lleg\u00f3 a Solol\u00e1? \u00bfPuedo verlo?","canonical_url":"https:\/\/soymigrante.com\/revista\/joyas-mayas-migrantes-copia-del-codice-de-madrid-esta-ahora-en-solola-miralo-de-cerca\/","robots":"max-snippet:-1, max-image-preview:large, max-video-preview:-1","keywords":"","webmasterTools":{"miscellaneous":"&lt;link rel=\"preconnect\" href=\"https:\/\/fonts.googleapis.com\" crossorigin&gt;\n&lt;link rel=\"preconnect\" href=\"https:\/\/fonts.gstatic.com\" crossorigin&gt;"},"schema":null,"og:locale":"es_ES","og:site_name":"SoyMigrante.com REVISTA \u2013 Nuestra misi\u00f3n es reconocer y dignificar al migrante.","og:type":"article","og:title":"Joyas mayas migrantes: copia del C\u00f3dice de Madrid en Solol\u00e1","og:description":"Facs\u00edmil del C\u00f3dice Maya de Madrid o Trocortesiano se exhibe en San Pedro La Laguna. \u00bfCu\u00e1l es su origen? \u00bfC\u00f3mo lleg\u00f3 a Espa\u00f1a? \u00bfC\u00f3mo lleg\u00f3 a Solol\u00e1? \u00bfPuedo verlo?","og:url":"https:\/\/soymigrante.com\/revista\/joyas-mayas-migrantes-copia-del-codice-de-madrid-esta-ahora-en-solola-miralo-de-cerca\/","og:image":"https:\/\/soymigrante.com\/revista\/wp-content\/uploads\/2024\/11\/codice-maya-joyas-solola-3.webp","og:image:secure_url":"https:\/\/soymigrante.com\/revista\/wp-content\/uploads\/2024\/11\/codice-maya-joyas-solola-3.webp","og:image:width":682,"og:image:height":682,"article:published_time":"2024-11-07T17:00:00+00:00","article:modified_time":"2025-05-19T07:21:56+00:00","article:publisher":"https:\/\/www.facebook.com\/soymigrantecom","twitter:card":"summary_large_image","twitter:site":"@SoyMigrante_com","twitter:title":"Joyas mayas migrantes: copia del C\u00f3dice de Madrid en Solol\u00e1","twitter:description":"Facs\u00edmil del C\u00f3dice Maya de Madrid o Trocortesiano se exhibe en San Pedro La Laguna. \u00bfCu\u00e1l es su origen? \u00bfC\u00f3mo lleg\u00f3 a Espa\u00f1a? \u00bfC\u00f3mo lleg\u00f3 a Solol\u00e1? \u00bfPuedo verlo?","twitter:creator":"@SoyMigrante_com","twitter:image":"https:\/\/soymigrante.com\/revista\/wp-content\/uploads\/2024\/11\/codice-maya-joyas-solola-3.webp"},"aioseo_meta_data":{"post_id":"53397","title":"V\u00eda Crucis viviente en el Cerro del Carmen: testimonio de fe","description":"La pasi\u00f3n de Cristo fue representada con devoci\u00f3n por pastorales juveniles de Guatemala en el Cerro del Carmen: una tradici\u00f3n de fe en Cuaresma y Semana SAnta","keywords":null,"keyphrases":{"focus":{"keyphrase":"V\u00eda Crucis","score":81,"analysis":{"keyphraseInTitle":{"score":9,"maxScore":9,"error":0},"keyphraseInDescription":{"score":3,"maxScore":9,"error":1},"keyphraseLength":{"score":9,"maxScore":9,"error":0,"length":3},"keyphraseInURL":{"score":5,"maxScore":5,"error":0}}},"additional":[{"keyphrase":"Pasi\u00f3n","score":100,"analysis":{"keyphraseInDescription":{"score":9,"maxScore":9,"error":0},"keyphraseLength":{"score":9,"maxScore":9,"error":0,"length":2}}},{"keyphrase":"Guatemala","score":100,"analysis":{"keyphraseInDescription":{"score":9,"maxScore":9,"error":0},"keyphraseLength":{"score":9,"maxScore":9,"error":0,"length":1}}},{"keyphrase":"Fe","score":100,"analysis":{"keyphraseInDescription":{"score":9,"maxScore":9,"error":0},"keyphraseLength":{"score":9,"maxScore":9,"error":0,"length":1}}},{"keyphrase":"Cuaresma","score":100,"analysis":{"keyphraseInDescription":{"score":9,"maxScore":9,"error":0},"keyphraseLength":{"score":9,"maxScore":9,"error":0,"length":1}}},{"keyphrase":"Semana Santa","score":100,"analysis":{"keyphraseInDescription":{"score":9,"maxScore":9,"error":0},"keyphraseLength":{"score":9,"maxScore":9,"error":0,"length":2}}},{"keyphrase":"Semana Santa Guatemalteca","score":67,"analysis":{"keyphraseInDescription":{"score":3,"maxScore":9,"error":1},"keyphraseLength":{"score":9,"maxScore":9,"error":0,"length":3}}}]},"primary_term":null,"canonical_url":null,"og_title":null,"og_description":null,"og_object_type":"default","og_image_type":"default","og_image_url":null,"og_image_width":null,"og_image_height":null,"og_image_custom_url":null,"og_image_custom_fields":null,"og_video":"","og_custom_url":null,"og_article_section":null,"og_article_tags":null,"twitter_use_og":false,"twitter_card":"default","twitter_image_type":"default","twitter_image_url":null,"twitter_image_custom_url":null,"twitter_image_custom_fields":null,"twitter_title":null,"twitter_description":null,"schema":{"blockGraphs":[],"customGraphs":[],"default":{"data":{"Article":[],"Course":[],"Dataset":[],"FAQPage":[],"Movie":[],"Person":[],"Product":[],"ProductReview":[],"Car":[],"Recipe":[],"Service":[],"SoftwareApplication":[],"WebPage":[]},"graphName":"NewsArticle","isEnabled":true},"graphs":[]},"schema_type":"default","schema_type_options":null,"pillar_content":false,"robots_default":true,"robots_noindex":false,"robots_noarchive":false,"robots_nosnippet":false,"robots_nofollow":false,"robots_noimageindex":false,"robots_noodp":false,"robots_notranslate":false,"robots_max_snippet":"-1","robots_max_videopreview":"-1","robots_max_imagepreview":"large","priority":null,"frequency":"default","local_seo":null,"seo_analyzer_scan_date":null,"breadcrumb_settings":null,"limit_modified_date":false,"reviewed_by":"0","open_ai":null,"ai":{"faqs":[],"keyPoints":[],"titles":[],"descriptions":[],"socialPosts":{"email":[],"linkedin":[],"twitter":[],"facebook":[],"instagram":[]}},"created":"2026-03-09 18:14:29","updated":"2026-03-09 19:49:11"},"aioseo_breadcrumb":"<div class=\"aioseo-breadcrumbs\"><span class=\"aioseo-breadcrumb\">\n\t<a href=\"https:\/\/soymigrante.com\/revista\" title=\"Home\">Home<\/a>\n<\/span><span class=\"aioseo-breadcrumb-separator\">\u00bb<\/span><span class=\"aioseo-breadcrumb\">\n\t<a href=\"https:\/\/soymigrante.com\/revista\/category\/guate-nuestra\/\" title=\"Guate Nuestra\">Guate Nuestra<\/a>\n<\/span><span class=\"aioseo-breadcrumb-separator\">\u00bb<\/span><span class=\"aioseo-breadcrumb\">\n\t<a href=\"https:\/\/soymigrante.com\/revista\/category\/guate-nuestra\/arte-cultura\/\" title=\"Cultura de Guatemala\">Cultura de Guatemala<\/a>\n<\/span><span class=\"aioseo-breadcrumb-separator\">\u00bb<\/span><span class=\"aioseo-breadcrumb\">\n\tV\u00eda Crucis viviente en el Cerro del Carmen: experiencia de fe en Cuaresma guatemalteca\n<\/span><\/div>","aioseo_breadcrumb_json":[{"label":"Home","link":"https:\/\/soymigrante.com\/revista"},{"label":"Guate Nuestra","link":"https:\/\/soymigrante.com\/revista\/category\/guate-nuestra\/"},{"label":"Cultura de Guatemala","link":"https:\/\/soymigrante.com\/revista\/category\/guate-nuestra\/arte-cultura\/"},{"label":"V\u00eda Crucis viviente en el Cerro del Carmen: experiencia de fe en Cuaresma guatemalteca","link":"https:\/\/soymigrante.com\/revista\/via-crucis-viviente-en-el-cerro-del-carmen-experiencia-de-fe-en-cuaresma-guatemalteca\/"}],"_links":{"self":[{"href":"https:\/\/soymigrante.com\/revista\/wp-json\/wp\/v2\/posts\/53397","targetHints":{"allow":["GET"]}}],"collection":[{"href":"https:\/\/soymigrante.com\/revista\/wp-json\/wp\/v2\/posts"}],"about":[{"href":"https:\/\/soymigrante.com\/revista\/wp-json\/wp\/v2\/types\/post"}],"author":[{"embeddable":true,"href":"https:\/\/soymigrante.com\/revista\/wp-json\/wp\/v2\/users\/7"}],"replies":[{"embeddable":true,"href":"https:\/\/soymigrante.com\/revista\/wp-json\/wp\/v2\/comments?post=53397"}],"version-history":[{"count":23,"href":"https:\/\/soymigrante.com\/revista\/wp-json\/wp\/v2\/posts\/53397\/revisions"}],"predecessor-version":[{"id":53436,"href":"https:\/\/soymigrante.com\/revista\/wp-json\/wp\/v2\/posts\/53397\/revisions\/53436"}],"wp:featuredmedia":[{"embeddable":true,"href":"https:\/\/soymigrante.com\/revista\/wp-json\/wp\/v2\/media\/53398"}],"wp:attachment":[{"href":"https:\/\/soymigrante.com\/revista\/wp-json\/wp\/v2\/media?parent=53397"}],"wp:term":[{"taxonomy":"category","embeddable":true,"href":"https:\/\/soymigrante.com\/revista\/wp-json\/wp\/v2\/categories?post=53397"},{"taxonomy":"post_tag","embeddable":true,"href":"https:\/\/soymigrante.com\/revista\/wp-json\/wp\/v2\/tags?post=53397"}],"curies":[{"name":"wp","href":"https:\/\/api.w.org\/{rel}","templated":true}]}}