{"id":53387,"date":"2026-03-09T10:48:08","date_gmt":"2026-03-09T16:48:08","guid":{"rendered":"https:\/\/soymigrante.com\/revista\/?p=53387"},"modified":"2026-04-10T09:17:12","modified_gmt":"2026-04-10T15:17:12","slug":"que-significan-nombres-de-lugares-de-guatemala-letra-i","status":"publish","type":"post","link":"https:\/\/soymigrante.com\/revista\/que-significan-nombres-de-lugares-de-guatemala-letra-i\/","title":{"rendered":"\u00bfQu\u00e9 significan  nombres de lugares de Guatemala? Letra I"},"content":{"rendered":"\t\t<div data-elementor-type=\"wp-post\" data-elementor-id=\"53387\" class=\"elementor elementor-53387\" data-elementor-post-type=\"post\">\n\t\t\t\t<div data-particle_enable=\"false\" data-particle-mobile-disabled=\"false\" class=\"elementor-element elementor-element-2d6c13c e-flex e-con-boxed e-con e-parent\" data-id=\"2d6c13c\" data-element_type=\"container\" data-e-type=\"container\">\n\t\t\t\t\t<div class=\"e-con-inner\">\n\t\t\t\t<div class=\"elementor-element elementor-element-c245a45 elementor-widget elementor-widget-heading\" data-id=\"c245a45\" data-element_type=\"widget\" data-e-type=\"widget\" data-widget_type=\"heading.default\">\n\t\t\t\t\t<h3 class=\"elementor-heading-title elementor-size-default\">Los nombres de lugares de Guatemala tienen historias, significados y detalles que forman parte de la identidad multicultural. Estos son algunos con la letra inicial I<\/h3>\t\t\t\t<\/div>\n\t\t\t\t\t<\/div>\n\t\t\t\t<\/div>\n\t\t<div data-particle_enable=\"false\" data-particle-mobile-disabled=\"false\" class=\"elementor-element elementor-element-d75bc97 e-flex e-con-boxed e-con e-parent\" data-id=\"d75bc97\" data-element_type=\"container\" data-e-type=\"container\">\n\t\t\t\t\t<div class=\"e-con-inner\">\n\t\t\t\t<div class=\"elementor-element elementor-element-709b663 elementor-widget elementor-widget-text-editor\" data-id=\"709b663\" data-element_type=\"widget\" data-e-type=\"widget\" data-widget_type=\"text-editor.default\">\n\t\t\t\t\t\t\t\t\t<p data-start=\"0\" data-end=\"414\">En esta serie de significados de nombres de lugares de Guatemala, hay algunos relacionados con caracter\u00edsticas geogr\u00e1ficas, t\u00e9rminos prehisp\u00e1nicos o significados intencionales colocados por autoridades a lo largo del tiempo.\u00a0<\/p><p data-start=\"0\" data-end=\"414\">Es valioso estudiarlos porque forman parte de la identidad regional y nacional. Estos son algunos nombres con la letra inicial I. <br \/>Vale mencionar que\u00a0<a href=\"https:\/\/soymigrante.com\/revista\/que-significa-el-nombre-guatemala\/\">el principal nombre a revisar en este recorrido etimol\u00f3gico es el de Guatemala, que podr\u00e1s encontrar desarrollado en este link.<\/a><\/p><h3 style=\"font-style: normal; font-variant-ligatures: normal; font-variant-caps: normal;\" data-start=\"4668\" data-end=\"4694\">\u00a0<\/h3>\t\t\t\t\t\t\t\t<\/div>\n\t\t\t\t\t<\/div>\n\t\t\t\t<\/div>\n\t\t<div data-particle_enable=\"false\" data-particle-mobile-disabled=\"false\" class=\"elementor-element elementor-element-6d1ed1d e-flex e-con-boxed e-con e-parent\" data-id=\"6d1ed1d\" data-element_type=\"container\" data-e-type=\"container\">\n\t\t\t\t\t<div class=\"e-con-inner\">\n\t\t\t\t<div class=\"elementor-element elementor-element-0f0a76d elementor-widget elementor-widget-heading\" data-id=\"0f0a76d\" data-element_type=\"widget\" data-e-type=\"widget\" data-widget_type=\"heading.default\">\n\t\t\t\t\t<h3 class=\"elementor-heading-title elementor-size-default\">Iximch\u00e9<\/h3>\t\t\t\t<\/div>\n\t\t\t\t\t<\/div>\n\t\t\t\t<\/div>\n\t\t<div data-particle_enable=\"false\" data-particle-mobile-disabled=\"false\" class=\"elementor-element elementor-element-234d836 e-flex e-con-boxed e-con e-parent\" data-id=\"234d836\" data-element_type=\"container\" data-e-type=\"container\">\n\t\t\t\t\t<div class=\"e-con-inner\">\n\t\t\t\t<div class=\"elementor-element elementor-element-3ff358e elementor-widget elementor-widget-text-editor\" data-id=\"3ff358e\" data-element_type=\"widget\" data-e-type=\"widget\" data-widget_type=\"text-editor.default\">\n\t\t\t\t\t\t\t\t\t<p><a href=\"https:\/\/soymigrante.com\/revista\/en-iximche-se-fundo-la-primera-capital-de-guatemala-hace-500-anos\/\">Antigua capital de los K&#8217;aqchik&#8217;el y sitio donde Pedro de Alvarado fund\u00f3 la primera capital de Guatemala en 1524<\/a>. El nombre proviene del quich\u00e9 ixim, \u201cma\u00edz\u201d, y ch\u00e9, \u201c\u00e1rbol o planta\u201d, por lo que se interpreta como \u201clugar de \u00e1rboles de ma\u00edz\u201d o &#8220;lugar de maizales&#8221;.\u00a0<\/p>\t\t\t\t\t\t\t\t<\/div>\n\t\t\t\t\t<\/div>\n\t\t\t\t<\/div>\n\t\t<div data-particle_enable=\"false\" data-particle-mobile-disabled=\"false\" class=\"elementor-element elementor-element-2c0e2cf e-flex e-con-boxed e-con e-parent\" data-id=\"2c0e2cf\" data-element_type=\"container\" data-e-type=\"container\">\n\t\t\t\t\t<div class=\"e-con-inner\">\n\t\t\t\t<div class=\"elementor-element elementor-element-adae722 elementor-grid-eael-col-1 elementor-grid-tablet-eael-col-2 elementor-grid-mobile-eael-col-1 elementor-widget elementor-widget-eael-post-grid\" data-id=\"adae722\" data-element_type=\"widget\" data-e-type=\"widget\" data-settings=\"{&quot;eael_post_grid_columns&quot;:&quot;eael-col-1&quot;,&quot;eael_post_grid_columns_tablet&quot;:&quot;eael-col-2&quot;,&quot;eael_post_grid_columns_mobile&quot;:&quot;eael-col-1&quot;}\" data-widget_type=\"eael-post-grid.default\">\n\t\t\t\t\t<div id=\"eael-post-grid-adae722\" class=\"eael-post-grid-container\">\n            <div class=\"eael-post-grid eael-post-appender eael-post-appender-adae722 eael-post-grid-style-one\" data-layout-mode=\"masonry\"><article class=\"eael-grid-post  eael-post-grid-column eael-pg-post-25361 category-guate-nuestra tags-volcanes-de-guatemala\" data-id=\"25361\">\n        <div class=\"eael-grid-post-holder\">\n            <div class=\"eael-grid-post-holder-inner\"><div class=\"eael-entry-media\"><div class=\"eael-entry-overlay fade-in\"><i class=\"far fa-hand-pointer\" aria-hidden=\"true\"><\/i><a href=\"https:\/\/soymigrante.com\/revista\/el-volcan-y-laguna-de-ipala-ubicacion-caracteristicas-y-consejos-para-su-ascenso\/\"><\/a><\/div><div class=\"eael-entry-thumbnail eael-image-ratio\">\n                <img fetchpriority=\"high\" decoding=\"async\" width=\"775\" height=\"775\" src=\"https:\/\/soymigrante.com\/revista\/wp-content\/uploads\/2025\/02\/laguna-de-ipala-chiquimula-1.webp\" class=\"attachment-large size-large wp-image-25828\" alt=\"Reflexi\u00f3n, paz y naturaleza en el lago, mujer sentada en muelle de madera disfrutando del paisaje, s\u00edmbolo de bienestar y conexi\u00f3n con el entorno natural en un entorno tranquilo y hermoso.\" srcset=\"https:\/\/soymigrante.com\/revista\/wp-content\/uploads\/2025\/02\/laguna-de-ipala-chiquimula-1.webp 775w, https:\/\/soymigrante.com\/revista\/wp-content\/uploads\/2025\/02\/laguna-de-ipala-chiquimula-1-300x300.jpg 300w, https:\/\/soymigrante.com\/revista\/wp-content\/uploads\/2025\/02\/laguna-de-ipala-chiquimula-1-150x150.jpg 150w, https:\/\/soymigrante.com\/revista\/wp-content\/uploads\/2025\/02\/laguna-de-ipala-chiquimula-1-768x768.jpg 768w, https:\/\/soymigrante.com\/revista\/wp-content\/uploads\/2025\/02\/laguna-de-ipala-chiquimula-1-75x75.webp 75w, https:\/\/soymigrante.com\/revista\/wp-content\/uploads\/2025\/02\/laguna-de-ipala-chiquimula-1-750x750.webp 750w\" sizes=\"(max-width: 775px) 100vw, 775px\" \/>\n            <\/div>\n        <\/div><div class=\"eael-entry-wrapper\"><header class=\"eael-entry-header\"><h2 class=\"eael-entry-title\"><a class=\"eael-grid-post-link\" href=\"https:\/\/soymigrante.com\/revista\/el-volcan-y-laguna-de-ipala-ubicacion-caracteristicas-y-consejos-para-su-ascenso\/\" title=\"Ipala: la laguna dentro de un volc\u00e1n con el mismo nombre en Chiquimula\">Ipala: la laguna dentro de un volc\u00e1n con el mismo nombre en Chiquimula<\/a><\/h2><\/header><div class=\"eael-entry-content\">\n                        <div class=\"eael-grid-post-excerpt\"><a href=\"https:\/\/soymigrante.com\/revista\/el-volcan-y-laguna-de-ipala-ubicacion-caracteristicas-y-consejos-para-su-ascenso\/\" class=\"eael-post-elements-readmore-btn\">CONOCE SU HISTORIA <\/a><\/div>\n                    <\/div><\/div><\/div>\n        <\/div>\n    <\/article><\/div>\n            <div class=\"clearfix\"><\/div>\n        <\/div>\t\t\t\t<\/div>\n\t\t\t\t\t<\/div>\n\t\t\t\t<\/div>\n\t\t<div data-particle_enable=\"false\" data-particle-mobile-disabled=\"false\" class=\"elementor-element elementor-element-ae47d83 e-flex e-con-boxed e-con e-parent\" data-id=\"ae47d83\" data-element_type=\"container\" data-e-type=\"container\">\n\t\t\t\t\t<div class=\"e-con-inner\">\n\t\t\t\t<div class=\"elementor-element elementor-element-3a7552f elementor-widget elementor-widget-text-editor\" data-id=\"3a7552f\" data-element_type=\"widget\" data-e-type=\"widget\" data-widget_type=\"text-editor.default\">\n\t\t\t\t\t\t\t\t\t<h3>Ipala<\/h3><p>Municipio del departamento de <a href=\"https:\/\/soymigrante.com\/revista\/departamentos-de-guatemala-chiquimula-la-perla-de-oriente-cumple-200-anos-este-2025\/\">Chiquimula<\/a>, Guatemala, situado al pie del volc\u00e1n del mismo nombre.\u00a0<\/p><p>Su etimolog\u00eda probablemente deriva del n\u00e1huatl <em>icpalli<\/em>, que significa \u201csilla\u201d o \u201casiento ceremonial utilizado por gobernantes\u201d. El top\u00f3nimo podr\u00eda aludir a un \u201clugar de mando\u201d o \u201casiento de gobierno\u201d.<\/p><h3><span style=\"font-family: Mulish, sans-serif; font-size: 29px; font-weight: bold;\">Iscuintl\u00e1n o Izcuintl\u00e1n<\/span><\/h3><p>Top\u00f3nimo de origen n\u00e1huatl derivado de <em>itzcuintli<\/em>, que significa \u201cperro\u201d. El nombre funciona como colectivo y puede interpretarse como \u201clugar de perros\u201d. Dio origen al t\u00e9rmino <a href=\"https:\/\/soymigrante.com\/revista\/departamentos-de-guatemala-escuintla-es-corredor-economico-destino-turistico-y-puerta-al-pacifico\/\">Escuintla<\/a>, nombre de municipio y departamento.<\/p><h3>Itz\u00e1<\/h3><p>Nombre de una comunidad ling\u00fc\u00edstica maya guatemalteca y tambi\u00e9n del lago en el que se asienta la cabecera de Pet\u00e9n, Flores: el lago Pet\u00e9n Itz\u00e1.\u00a0\u00a0<\/p><p>Una interpretaci\u00f3n etimol\u00f3gica deriva el t\u00e9rmino de <em>itz<\/em> (roc\u00edo o esencia) y <em>h\u00e1<\/em> (agua), por lo que podr\u00eda significar \u201cagua de roc\u00edo\u201d. Otra interpretaci\u00f3n propone el origen n\u00e1huatl <em>itzli<\/em>, \u201cobsidiana\u201d o instrumento cortante empleado en rituales. Estudios filol\u00f3gicos tambi\u00e9n lo interpretan como \u201cbrujo del agua\u201d.\u00a0<\/p>\t\t\t\t\t\t\t\t<\/div>\n\t\t\t\t\t<\/div>\n\t\t\t\t<\/div>\n\t\t<div data-particle_enable=\"false\" data-particle-mobile-disabled=\"false\" class=\"elementor-element elementor-element-7accd91 e-flex e-con-boxed e-con e-parent\" data-id=\"7accd91\" data-element_type=\"container\" data-e-type=\"container\">\n\t\t\t\t\t<div class=\"e-con-inner\">\n\t\t\t\t<div class=\"elementor-element elementor-element-f8ce9d1 elementor-grid-eael-col-1 elementor-grid-tablet-eael-col-2 elementor-grid-mobile-eael-col-1 elementor-widget elementor-widget-eael-post-grid\" data-id=\"f8ce9d1\" data-element_type=\"widget\" data-e-type=\"widget\" data-settings=\"{&quot;eael_post_grid_columns&quot;:&quot;eael-col-1&quot;,&quot;eael_post_grid_columns_tablet&quot;:&quot;eael-col-2&quot;,&quot;eael_post_grid_columns_mobile&quot;:&quot;eael-col-1&quot;}\" data-widget_type=\"eael-post-grid.default\">\n\t\t\t\t\t<div id=\"eael-post-grid-f8ce9d1\" class=\"eael-post-grid-container\">\n            <div class=\"eael-post-grid eael-post-appender eael-post-appender-f8ce9d1 eael-post-grid-style-one\" data-layout-mode=\"masonry\"><article class=\"eael-grid-post  eael-post-grid-column eael-pg-post-10243 category-guate-nuestra\" data-id=\"10243\">\n        <div class=\"eael-grid-post-holder\">\n            <div class=\"eael-grid-post-holder-inner\"><div class=\"eael-entry-media\"><div class=\"eael-entry-overlay fade-in\"><i class=\"far fa-hand-pointer\" aria-hidden=\"true\"><\/i><a href=\"https:\/\/soymigrante.com\/revista\/10-cosas-que-ya-conocias-o-quiza-no-del-lago-peten-itza\/\"><\/a><\/div><div class=\"eael-entry-thumbnail eael-image-ratio\">\n                <img decoding=\"async\" width=\"1024\" height=\"1024\" src=\"https:\/\/soymigrante.com\/revista\/wp-content\/uploads\/2024\/10\/peten-itza-erick-suarez-1024x1024.webp\" class=\"attachment-large size-large wp-image-10278\" alt=\"Puerto en el r\u00edo con estructura de muelle y vista al agua, ideal para publicaciones sobre migrantes, viajes y cultura en Am\u00e9rica Latina.\" srcset=\"https:\/\/soymigrante.com\/revista\/wp-content\/uploads\/2024\/10\/peten-itza-erick-suarez-1024x1024.webp 1024w, https:\/\/soymigrante.com\/revista\/wp-content\/uploads\/2024\/10\/peten-itza-erick-suarez-300x300.webp 300w, https:\/\/soymigrante.com\/revista\/wp-content\/uploads\/2024\/10\/peten-itza-erick-suarez-150x150.webp 150w, https:\/\/soymigrante.com\/revista\/wp-content\/uploads\/2024\/10\/peten-itza-erick-suarez-768x768.webp 768w, https:\/\/soymigrante.com\/revista\/wp-content\/uploads\/2024\/10\/peten-itza-erick-suarez-75x75.webp 75w, https:\/\/soymigrante.com\/revista\/wp-content\/uploads\/2024\/10\/peten-itza-erick-suarez-750x750.webp 750w, https:\/\/soymigrante.com\/revista\/wp-content\/uploads\/2024\/10\/peten-itza-erick-suarez.webp 1080w\" sizes=\"(max-width: 1024px) 100vw, 1024px\" \/>\n            <\/div>\n        <\/div><div class=\"eael-entry-wrapper\"><header class=\"eael-entry-header\"><h2 class=\"eael-entry-title\"><a class=\"eael-grid-post-link\" href=\"https:\/\/soymigrante.com\/revista\/10-cosas-que-ya-conocias-o-quiza-no-del-lago-peten-itza\/\" title=\"10 cosas que ya conoc\u00edas (o quiz\u00e1 no) del Lago Pet\u00e9n Itz\u00e1\">10 cosas que ya conoc\u00edas (o quiz\u00e1 no) del Lago Pet\u00e9n Itz\u00e1<\/a><\/h2><\/header><div class=\"eael-entry-content\">\n                        <div class=\"eael-grid-post-excerpt\"><a href=\"https:\/\/soymigrante.com\/revista\/10-cosas-que-ya-conocias-o-quiza-no-del-lago-peten-itza\/\" class=\"eael-post-elements-readmore-btn\">CONOCE SU HISTORIA <\/a><\/div>\n                    <\/div><\/div><\/div>\n        <\/div>\n    <\/article><\/div>\n            <div class=\"clearfix\"><\/div>\n        <\/div>\t\t\t\t<\/div>\n\t\t\t\t\t<\/div>\n\t\t\t\t<\/div>\n\t\t<div data-particle_enable=\"false\" data-particle-mobile-disabled=\"false\" class=\"elementor-element elementor-element-30f6966 e-flex e-con-boxed e-con e-parent\" data-id=\"30f6966\" data-element_type=\"container\" data-e-type=\"container\">\n\t\t\t\t\t<div class=\"e-con-inner\">\n\t\t\t\t<div class=\"elementor-element elementor-element-b7f1a8c elementor-widget elementor-widget-text-editor\" data-id=\"b7f1a8c\" data-element_type=\"widget\" data-e-type=\"widget\" data-widget_type=\"text-editor.default\">\n\t\t\t\t\t\t\t\t\t<h3><span style=\"font-family: Mulish, sans-serif; font-size: 29px; font-weight: 700;\">Itzapa<\/span><\/h3>\n<p>Top\u00f3nimo probablemente derivado del n\u00e1huatl <em>itzli<\/em>, \u201cobsidiana\u201d o \u201cpedernal\u201d, y el sufijo locativo <em>-pan<\/em>, que indica lugar. El nombre puede interpretarse como \u201clugar de obsidiana\u201d. Da nombre al municipio de San Andr\u00e9s Itzapa, en el departamento de Chimaltenango.<\/p>\n<h3>Ixc\u00e1n<\/h3>\n<p>Municipio del departamento de Quich\u00e9. El nombre es una forma castellanizada del t\u00e9rmino maya q\u2019anjob\u2019al <em>Yichq\u2019an<\/em>, interpretado como \u201clugar profundo\u201d o \u201cpunto de convergencia\u201d. Otras interpretaciones, seg\u00fan diferentes pueblos mayas, lo relacionan con significados como \u201cmujer serpiente\u201d o \u201cmujer amarilla\u201d, asociados a rasgos geogr\u00e1ficos o simb\u00f3licos de la regi\u00f3n.<\/p>\t\t\t\t\t\t\t\t<\/div>\n\t\t\t\t\t<\/div>\n\t\t\t\t<\/div>\n\t\t<div data-particle_enable=\"false\" data-particle-mobile-disabled=\"false\" class=\"elementor-element elementor-element-79d4db2 e-flex e-con-boxed e-con e-parent\" data-id=\"79d4db2\" data-element_type=\"container\" data-e-type=\"container\">\n\t\t\t\t\t<div class=\"e-con-inner\">\n\t\t\t\t<div class=\"elementor-element elementor-element-6ba107f elementor-widget elementor-widget-html\" data-id=\"6ba107f\" data-element_type=\"widget\" data-e-type=\"widget\" data-widget_type=\"html.default\">\n\t\t\t\t\t<iframe src=\"https:\/\/www.google.com\/maps\/embed?pb=!1m18!1m12!1m3!1d165270.71265605415!2d-90.96191720938351!3d15.957683902587666!2m3!1f0!2f0!3f0!3m2!1i1024!2i768!4f13.1!3m3!1m2!1s0x858b101512cd16d7%3A0x1510ac89407c1d71!2zSXhjw6Fu!5e1!3m2!1ses!2sgt!4v1773075675716!5m2!1ses!2sgt\" width=\"600\" height=\"450\" style=\"border:0;\" allowfullscreen=\"\" loading=\"lazy\" referrerpolicy=\"no-referrer-when-downgrade\"><\/iframe>\t\t\t\t<\/div>\n\t\t\t\t\t<\/div>\n\t\t\t\t<\/div>\n\t\t<div data-particle_enable=\"false\" data-particle-mobile-disabled=\"false\" class=\"elementor-element elementor-element-73f7c81 e-flex e-con-boxed e-con e-parent\" data-id=\"73f7c81\" data-element_type=\"container\" data-e-type=\"container\">\n\t\t\t\t\t<div class=\"e-con-inner\">\n\t\t\t\t<div class=\"elementor-element elementor-element-005b8a3 elementor-widget elementor-widget-text-editor\" data-id=\"005b8a3\" data-element_type=\"widget\" data-e-type=\"widget\" data-widget_type=\"text-editor.default\">\n\t\t\t\t\t\t\t\t\t<h3><span style=\"font-family: Mulish, sans-serif; font-size: 29px; font-weight: bold;\">Ixhuat\u00e1n<\/span><\/h3><p>Municipio de Santa Rosa, cuyo nombre completo es Santa Mar\u00eda Ixhuat\u00e1n. Top\u00f3nimo de origen n\u00e1huatl formado por <em>ixhuatl<\/em>, \u201cpalma o palmera\u201d, y <em>-tlan<\/em>, sufijo locativo que indica abundancia. El nombre significa \u201clugar de palmeras\u201d.<\/p><h3>Ixtacapa<\/h3><p>R\u00edo de importante caudal en Suchitep\u00e9quez, pero que nace en solol\u00e1. Nombre de origen n\u00e1huatl formado por <em>iztac<\/em>, \u201cblanco\u201d, y <em>apan<\/em>, \u201cr\u00edo\u201d. El top\u00f3nimo significa \u201cr\u00edo blanco\u201d.\u00a0<\/p><h3>Ixtahuac\u00e1n<\/h3><p>Top\u00f3nimo de origen n\u00e1huatl que probablemente deriva de <em>ixtli<\/em>, \u201cvista\u201d o \u201crostro\u201d, junto con elementos locativos que indican lugar. Se interpreta como \u201clugar abierto o de vista amplia\u201d, asociado a llanuras o vegas cultivadas. Este nombre forma parte de varios municipios guatemaltecos, como San Miguel Ixtahuac\u00e1n, Huehuetenango y Santa Catarina Ixtahuac\u00e1n, Solol\u00e1.<\/p><h3>Ixt\u00e1n<\/h3><p>Nombre que podr\u00eda ser una forma abreviada de Ixhuat\u00e1n. Se interpreta como \u201clugar de palmeras\u201d.<\/p><h3>Iztapa<\/h3><div>Municipio de <a href=\"https:\/\/soymigrante.com\/revista\/departamentos-de-guatemala-escuintla-es-corredor-economico-destino-turistico-y-puerta-al-pacifico\/\">Escuintla<\/a>, sobre la ribera del pac\u00edfico. Primer &#8220;puerto&#8221; guatemalteco, desde donde el conquistador Pedro de Alvarado parti\u00f3 en 1533 en una expedici\u00f3n hacia Sudam\u00e9rica para ir a conquistar m\u00e1s territorios. Dicho viaje termin\u00f3 en fracaso.\u00a0<\/div><p>Top\u00f3nimo de origen n\u00e1huatl compuesto por <em>iztat<\/em>, \u201csal\u201d, y <em>apan<\/em>, \u201cr\u00edo o lugar de agua\u201d. El significado es \u201cr\u00edo de sal\u201d o \u201clugar de agua salada\u201d.<\/p><h3>Iztepeque<\/h3><p>Nombre derivado del n\u00e1huatl <em>itzli<\/em>, \u201cobsidiana o pedernal\u201d, y <em>tepetl<\/em>, \u201ccerro\u201d. El top\u00f3nimo puede traducirse como \u201ccerro de obsidiana\u201d.<\/p><h3>Ixbul<\/h3><p>Nombre de cerro situado en el municipio de Nent\u00f3n, Huehuetenango. Su etimolog\u00eda quich\u00e9 proviene de <em>ix<\/em>, \u201choyo profundo\u201d, y <em>bul<\/em>, relacionado con brotar agua. El significado se interpreta como \u201clugar hondo de donde brota el agua\u201d.<\/p><h3>Ixchigu\u00e1n<\/h3><p>Municipio del departamento de San Marcos. El nombre se relaciona con la palabra <em>schigua<\/em>, un arbusto que antiguamente crec\u00eda en la regi\u00f3n y era utilizado como alimento para ovejas. La presencia de abundante pastura favoreci\u00f3 el establecimiento de pobladores dedicados a la crianza de ganado.<\/p>\t\t\t\t\t\t\t\t<\/div>\n\t\t\t\t\t<\/div>\n\t\t\t\t<\/div>\n\t\t<div data-particle_enable=\"false\" data-particle-mobile-disabled=\"false\" class=\"elementor-element elementor-element-6ee638b e-flex e-con-boxed e-con e-parent\" data-id=\"6ee638b\" data-element_type=\"container\" data-e-type=\"container\">\n\t\t\t\t\t<div class=\"e-con-inner\">\n\t\t\t\t<div class=\"elementor-element elementor-element-4a54f87 elementor-widget elementor-widget-html\" data-id=\"4a54f87\" data-element_type=\"widget\" data-e-type=\"widget\" data-widget_type=\"html.default\">\n\t\t\t\t\t<iframe src=\"https:\/\/www.google.com\/maps\/embed?pb=!1m18!1m12!1m3!1d20738.391635551405!2d-91.93751925313!3d15.166989350811251!2m3!1f0!2f0!3f0!3m2!1i1024!2i768!4f13.1!3m3!1m2!1s0x858dd1a0b2b200b9%3A0x7f95f1ef77a98b07!2sIxchigu%C3%A1n!5e1!3m2!1ses!2sgt!4v1773075880111!5m2!1ses!2sgt\" width=\"600\" height=\"450\" style=\"border:0;\" allowfullscreen=\"\" loading=\"lazy\" referrerpolicy=\"no-referrer-when-downgrade\"><\/iframe>\t\t\t\t<\/div>\n\t\t\t\t\t<\/div>\n\t\t\t\t<\/div>\n\t\t<div data-particle_enable=\"false\" data-particle-mobile-disabled=\"false\" class=\"elementor-element elementor-element-dfd9eee e-flex e-con-boxed e-con e-parent\" data-id=\"dfd9eee\" data-element_type=\"container\" data-e-type=\"container\">\n\t\t\t\t\t<div class=\"e-con-inner\">\n\t\t\t\t<div class=\"elementor-element elementor-element-fad87f8 elementor-widget elementor-widget-global elementor-global-52097 elementor-widget-heading\" data-id=\"fad87f8\" data-element_type=\"widget\" data-e-type=\"widget\" data-widget_type=\"heading.default\">\n\t\t\t\t\t<h2 class=\"elementor-heading-title elementor-size-default\">Quiz\u00e1 tambi\u00e9n te podr\u00eda interesar<\/h2>\t\t\t\t<\/div>\n\t\t\t\t\t<\/div>\n\t\t\t\t<\/div>\n\t\t<div data-particle_enable=\"false\" data-particle-mobile-disabled=\"false\" class=\"elementor-element elementor-element-0f18a43 e-flex e-con-boxed e-con e-parent\" data-id=\"0f18a43\" data-element_type=\"container\" data-e-type=\"container\">\n\t\t\t\t\t<div class=\"e-con-inner\">\n\t\t\t\t<div class=\"elementor-element elementor-element-f9c3d2d elementor-grid-eael-col-3 elementor-grid-tablet-eael-col-2 elementor-grid-mobile-eael-col-1 elementor-widget elementor-widget-eael-post-grid\" data-id=\"f9c3d2d\" data-element_type=\"widget\" data-e-type=\"widget\" data-settings=\"{&quot;eael_post_grid_columns&quot;:&quot;eael-col-3&quot;,&quot;eael_post_grid_columns_tablet&quot;:&quot;eael-col-2&quot;,&quot;eael_post_grid_columns_mobile&quot;:&quot;eael-col-1&quot;}\" data-widget_type=\"eael-post-grid.default\">\n\t\t\t\t\t<div id=\"eael-post-grid-f9c3d2d\" class=\"eael-post-grid-container\">\n            <div class=\"eael-post-grid eael-post-appender eael-post-appender-f9c3d2d eael-post-grid-style-one\" data-layout-mode=\"masonry\"><article class=\"eael-grid-post  eael-post-grid-column eael-pg-post-43829 category-arte-cultura-guate-nuestra\" data-id=\"43829\">\n        <div class=\"eael-grid-post-holder\">\n            <div class=\"eael-grid-post-holder-inner\"><div class=\"eael-entry-media\"><div class=\"eael-entry-overlay fade-in\"><i class=\"far fa-hand-pointer\" aria-hidden=\"true\"><\/i><a href=\"https:\/\/soymigrante.com\/revista\/juan-sisay-arte-guatemalteco-maya-tzutujil-atitlan\/\"><\/a><\/div><div class=\"eael-entry-thumbnail eael-image-ratio\">\n                <img decoding=\"async\" width=\"485\" height=\"485\" src=\"https:\/\/soymigrante.com\/revista\/wp-content\/uploads\/2025\/09\/Juan-Sisay1-e1757021856514.jpeg\" class=\"attachment-large size-large wp-image-43830\" alt=\"Juan Sisay: el artista guatemalteco que retrat\u00f3 la identidad tz&#039;utuj&#039;il desde dentro. El artista fue asesinado en abril de 1989 despu\u00e9s de haber pintado acerca de una masacre cometida en Santiago Atitl\u00e1n durante el conflicto armado interno. (Retrato por Miguel Ch\u00e1vez)\" srcset=\"https:\/\/soymigrante.com\/revista\/wp-content\/uploads\/2025\/09\/Juan-Sisay1-e1757021856514.jpeg 485w, https:\/\/soymigrante.com\/revista\/wp-content\/uploads\/2025\/09\/Juan-Sisay1-e1757021856514-300x300.jpeg 300w, https:\/\/soymigrante.com\/revista\/wp-content\/uploads\/2025\/09\/Juan-Sisay1-e1757021856514-150x150.jpeg 150w, https:\/\/soymigrante.com\/revista\/wp-content\/uploads\/2025\/09\/Juan-Sisay1-e1757021856514-75x75.jpeg 75w\" sizes=\"(max-width: 485px) 100vw, 485px\" \/>\n            <\/div>\n        <\/div><div class=\"eael-entry-wrapper\"><header class=\"eael-entry-header\"><h2 class=\"eael-entry-title\"><a class=\"eael-grid-post-link\" href=\"https:\/\/soymigrante.com\/revista\/juan-sisay-arte-guatemalteco-maya-tzutujil-atitlan\/\" title=\"Mira arte guatemalteco: Pintor tz&#8217;utuj&#8217;il Juan Sisay origin\u00f3 la pintura popular de Atitl\u00e1n\">Mira arte guatemalteco: Pintor tz&#8217;utuj&#8217;il Juan Sisay origin\u00f3 la pintura popular de Atitl\u00e1n<\/a><\/h2><\/header><div class=\"eael-entry-content\">\n                        <div class=\"eael-grid-post-excerpt\"><a href=\"https:\/\/soymigrante.com\/revista\/juan-sisay-arte-guatemalteco-maya-tzutujil-atitlan\/\" class=\"eael-post-elements-readmore-btn\">CONOCE SU HISTORIA <\/a><\/div>\n                    <\/div><\/div><\/div>\n        <\/div>\n    <\/article><article class=\"eael-grid-post  eael-post-grid-column eael-pg-post-3568 category-guate-nuestra\" data-id=\"3568\">\n        <div class=\"eael-grid-post-holder\">\n            <div class=\"eael-grid-post-holder-inner\"><div class=\"eael-entry-media\"><div class=\"eael-entry-overlay fade-in\"><i class=\"far fa-hand-pointer\" aria-hidden=\"true\"><\/i><a href=\"https:\/\/soymigrante.com\/revista\/guatemaltequismos-que-superan-fronteras\/\"><\/a><\/div><div class=\"eael-entry-thumbnail eael-image-ratio\">\n                <img loading=\"lazy\" decoding=\"async\" width=\"1024\" height=\"768\" src=\"https:\/\/soymigrante.com\/revista\/wp-content\/uploads\/2023\/11\/20230329_113556-1024x768.webp\" class=\"attachment-large size-large wp-image-3569\" alt=\"20 palabras chapinas que no conocen fronteras\" srcset=\"https:\/\/soymigrante.com\/revista\/wp-content\/uploads\/2023\/11\/20230329_113556-1024x768.webp 1024w, https:\/\/soymigrante.com\/revista\/wp-content\/uploads\/2023\/11\/20230329_113556-300x225.webp 300w, https:\/\/soymigrante.com\/revista\/wp-content\/uploads\/2023\/11\/20230329_113556-768x576.jpg 768w, https:\/\/soymigrante.com\/revista\/wp-content\/uploads\/2023\/11\/20230329_113556-1536x1152.jpg 1536w, https:\/\/soymigrante.com\/revista\/wp-content\/uploads\/2023\/11\/20230329_113556-2048x1536.jpg 2048w, https:\/\/soymigrante.com\/revista\/wp-content\/uploads\/2023\/11\/20230329_113556-750x563.jpg 750w, https:\/\/soymigrante.com\/revista\/wp-content\/uploads\/2023\/11\/20230329_113556-1140x855.jpg 1140w, https:\/\/soymigrante.com\/revista\/wp-content\/uploads\/2023\/11\/20230329_113556-scaled.webp 1920w\" sizes=\"(max-width: 1024px) 100vw, 1024px\" \/>\n            <\/div>\n        <\/div><div class=\"eael-entry-wrapper\"><header class=\"eael-entry-header\"><h2 class=\"eael-entry-title\"><a class=\"eael-grid-post-link\" href=\"https:\/\/soymigrante.com\/revista\/guatemaltequismos-que-superan-fronteras\/\" title=\"20 palabras chapinas que no conocen fronteras\">20 palabras chapinas que no conocen fronteras<\/a><\/h2><\/header><div class=\"eael-entry-content\">\n                        <div class=\"eael-grid-post-excerpt\"><a href=\"https:\/\/soymigrante.com\/revista\/guatemaltequismos-que-superan-fronteras\/\" class=\"eael-post-elements-readmore-btn\">CONOCE SU HISTORIA <\/a><\/div>\n                    <\/div><\/div><\/div>\n        <\/div>\n    <\/article><article class=\"eael-grid-post  eael-post-grid-column eael-pg-post-52920 category-nombres-de-guatemala tags-abc-de-nombres-de-lugares-de-guatemala\" data-id=\"52920\">\n        <div class=\"eael-grid-post-holder\">\n            <div class=\"eael-grid-post-holder-inner\"><div class=\"eael-entry-media\"><div class=\"eael-entry-overlay fade-in\"><i class=\"far fa-hand-pointer\" aria-hidden=\"true\"><\/i><a href=\"https:\/\/soymigrante.com\/revista\/que-significan-nombres-de-lugares-de-guatemala-etimologias-letra-c\/\"><\/a><\/div><div class=\"eael-entry-thumbnail eael-image-ratio\">\n                <img loading=\"lazy\" decoding=\"async\" width=\"895\" height=\"884\" src=\"https:\/\/soymigrante.com\/revista\/wp-content\/uploads\/2026\/02\/nombres-de-lugares-de-guatemala-letra-C.png\" class=\"attachment-large size-large wp-image-52921\" alt=\"nombres de lugares de guatemala letra C\" srcset=\"https:\/\/soymigrante.com\/revista\/wp-content\/uploads\/2026\/02\/nombres-de-lugares-de-guatemala-letra-C.png 895w, https:\/\/soymigrante.com\/revista\/wp-content\/uploads\/2026\/02\/nombres-de-lugares-de-guatemala-letra-C-300x296.png 300w, https:\/\/soymigrante.com\/revista\/wp-content\/uploads\/2026\/02\/nombres-de-lugares-de-guatemala-letra-C-768x759.png 768w, https:\/\/soymigrante.com\/revista\/wp-content\/uploads\/2026\/02\/nombres-de-lugares-de-guatemala-letra-C-75x75.png 75w, https:\/\/soymigrante.com\/revista\/wp-content\/uploads\/2026\/02\/nombres-de-lugares-de-guatemala-letra-C-750x741.png 750w\" sizes=\"(max-width: 895px) 100vw, 895px\" \/>\n            <\/div>\n        <\/div><div class=\"eael-entry-wrapper\"><header class=\"eael-entry-header\"><h2 class=\"eael-entry-title\"><a class=\"eael-grid-post-link\" href=\"https:\/\/soymigrante.com\/revista\/que-significan-nombres-de-lugares-de-guatemala-etimologias-letra-c\/\" title=\"\u00bfQu\u00e9 significan  nombres de lugares de Guatemala? &#8211; Letra C &#8211;\">\u00bfQu\u00e9 significan  nombres de lugares de Guatemala? &#8211; Letra C &#8211;<\/a><\/h2><\/header><div class=\"eael-entry-content\">\n                        <div class=\"eael-grid-post-excerpt\"><a href=\"https:\/\/soymigrante.com\/revista\/que-significan-nombres-de-lugares-de-guatemala-etimologias-letra-c\/\" class=\"eael-post-elements-readmore-btn\">CONOCE SU HISTORIA <\/a><\/div>\n                    <\/div><\/div><\/div>\n        <\/div>\n    <\/article><\/div>\n            <div class=\"clearfix\"><\/div>\n        <\/div>\t\t\t\t<\/div>\n\t\t\t\t\t<\/div>\n\t\t\t\t<\/div>\n\t\t\t\t<\/div>\n\t\t","protected":false},"excerpt":{"rendered":"<p>Los nombres de lugares de Guatemala tienen historias, significados y detalles que forman parte de la identidad multicultural. Estos son algunos con la letra inicial I En esta serie de significados de nombres de lugares de Guatemala, hay algunos relacionados con caracter\u00edsticas geogr\u00e1ficas, t\u00e9rminos prehisp\u00e1nicos o significados intencionales colocados por autoridades a lo largo del [&hellip;]<\/p>\n","protected":false},"author":1,"featured_media":53388,"comment_status":"open","ping_status":"open","sticky":false,"template":"","format":"standard","meta":{"_acf_changed":false,"_eb_attr":"","footnotes":""},"categories":[306],"tags":[305],"class_list":["post-53387","post","type-post","status-publish","format-standard","has-post-thumbnail","hentry","category-nombres-de-guatemala","tag-abc-de-nombres-de-lugares-de-guatemala"],"acf":[],"aioseo_notices":[],"aioseo_head":"\n\t\t<!-- All in One SEO Pro 4.9.6.2 - aioseo.com -->\n\t<meta name=\"description\" content=\"Los nombres de lugares de Guatemala tienen historia y significado multicultural. Etimolog\u00edas de nombres con inicial C, como Cob\u00e1n, Cuilco, Cuchumat\u00e1n y m\u00e1s.\" \/>\n\t<meta name=\"robots\" content=\"max-snippet:-1, max-image-preview:large, max-video-preview:-1\" \/>\n\t<meta name=\"author\" content=\"SoyMigrante.com REVISTA\"\/>\n\t<link rel=\"canonical\" href=\"https:\/\/soymigrante.com\/revista\/que-significan-nombres-de-lugares-de-guatemala-etimologias-letra-c\/\" \/>\n\t<meta name=\"generator\" content=\"All in One SEO Pro (AIOSEO) 4.9.6.2\" \/>\n\n\t\t<link rel=\"preconnect\" href=\"https:\/\/fonts.googleapis.com\" crossorigin>\n<link rel=\"preconnect\" href=\"https:\/\/fonts.gstatic.com\" crossorigin>\n\t\t<meta property=\"og:locale\" content=\"es_ES\" \/>\n\t\t<meta property=\"og:site_name\" content=\"SoyMigrante.com REVISTA \u2013 Nuestra misi\u00f3n es reconocer y dignificar al migrante.\" \/>\n\t\t<meta property=\"og:type\" content=\"article\" \/>\n\t\t<meta property=\"og:title\" content=\"\u00bfQu\u00e9 significan nombres de lugares de Guatemala? \u2013 Letra C \u2013\" \/>\n\t\t<meta property=\"og:description\" content=\"Los nombres de lugares de Guatemala tienen historia y significado multicultural. Etimolog\u00edas de nombres con inicial C, como Cob\u00e1n, Cuilco, Cuchumat\u00e1n y m\u00e1s.\" \/>\n\t\t<meta property=\"og:url\" content=\"https:\/\/soymigrante.com\/revista\/que-significan-nombres-de-lugares-de-guatemala-etimologias-letra-c\/\" \/>\n\t\t<meta property=\"og:image\" content=\"https:\/\/soymigrante.com\/revista\/wp-content\/uploads\/2026\/02\/nombres-de-lugares-de-guatemala-letra-C.png\" \/>\n\t\t<meta property=\"og:image:secure_url\" content=\"https:\/\/soymigrante.com\/revista\/wp-content\/uploads\/2026\/02\/nombres-de-lugares-de-guatemala-letra-C.png\" \/>\n\t\t<meta property=\"og:image:width\" content=\"895\" \/>\n\t\t<meta property=\"og:image:height\" content=\"884\" \/>\n\t\t<meta property=\"article:published_time\" content=\"2026-02-26T14:53:01+00:00\" \/>\n\t\t<meta property=\"article:modified_time\" content=\"2026-04-10T14:55:07+00:00\" \/>\n\t\t<meta property=\"article:publisher\" content=\"https:\/\/www.facebook.com\/soymigrantecom\" \/>\n\t\t<meta name=\"twitter:card\" content=\"summary_large_image\" \/>\n\t\t<meta name=\"twitter:site\" content=\"@SoyMigrante_com\" \/>\n\t\t<meta name=\"twitter:title\" content=\"\u00bfQu\u00e9 significan nombres de lugares de Guatemala? \u2013 Letra C \u2013\" \/>\n\t\t<meta name=\"twitter:description\" content=\"Los nombres de lugares de Guatemala tienen historia y significado multicultural. Etimolog\u00edas de nombres con inicial C, como Cob\u00e1n, Cuilco, Cuchumat\u00e1n y m\u00e1s.\" \/>\n\t\t<meta name=\"twitter:creator\" content=\"@SoyMigrante_com\" \/>\n\t\t<meta name=\"twitter:image\" content=\"https:\/\/soymigrante.com\/revista\/wp-content\/uploads\/2026\/02\/nombres-de-lugares-de-guatemala-letra-C.png\" \/>\n\t\t<!-- All in One SEO Pro -->\r\n\t\t<title>\u00bfQu\u00e9 significan nombres de lugares de Guatemala? \u2013 Letra C \u2013<\/title>\n\n","aioseo_head_json":{"title":"\u00bfQu\u00e9 significan nombres de lugares de Guatemala? \u2013 Letra C \u2013","description":"Los nombres de lugares de Guatemala tienen historia y significado multicultural. Etimolog\u00edas de nombres con inicial C, como Cob\u00e1n, Cuilco, Cuchumat\u00e1n y m\u00e1s.","canonical_url":"https:\/\/soymigrante.com\/revista\/que-significan-nombres-de-lugares-de-guatemala-etimologias-letra-c\/","robots":"max-snippet:-1, max-image-preview:large, max-video-preview:-1","keywords":"","webmasterTools":{"miscellaneous":"&lt;link rel=\"preconnect\" href=\"https:\/\/fonts.googleapis.com\" crossorigin&gt;\n&lt;link rel=\"preconnect\" href=\"https:\/\/fonts.gstatic.com\" crossorigin&gt;"},"schema":null,"og:locale":"es_ES","og:site_name":"SoyMigrante.com REVISTA \u2013 Nuestra misi\u00f3n es reconocer y dignificar al migrante.","og:type":"article","og:title":"\u00bfQu\u00e9 significan nombres de lugares de Guatemala? \u2013 Letra C \u2013","og:description":"Los nombres de lugares de Guatemala tienen historia y significado multicultural. Etimolog\u00edas de nombres con inicial C, como Cob\u00e1n, Cuilco, Cuchumat\u00e1n y m\u00e1s.","og:url":"https:\/\/soymigrante.com\/revista\/que-significan-nombres-de-lugares-de-guatemala-etimologias-letra-c\/","og:image":"https:\/\/soymigrante.com\/revista\/wp-content\/uploads\/2026\/02\/nombres-de-lugares-de-guatemala-letra-C.png","og:image:secure_url":"https:\/\/soymigrante.com\/revista\/wp-content\/uploads\/2026\/02\/nombres-de-lugares-de-guatemala-letra-C.png","og:image:width":895,"og:image:height":884,"article:published_time":"2026-02-26T14:53:01+00:00","article:modified_time":"2026-04-10T14:55:07+00:00","article:publisher":"https:\/\/www.facebook.com\/soymigrantecom","twitter:card":"summary_large_image","twitter:site":"@SoyMigrante_com","twitter:title":"\u00bfQu\u00e9 significan nombres de lugares de Guatemala? \u2013 Letra C \u2013","twitter:description":"Los nombres de lugares de Guatemala tienen historia y significado multicultural. Etimolog\u00edas de nombres con inicial C, como Cob\u00e1n, Cuilco, Cuchumat\u00e1n y m\u00e1s.","twitter:creator":"@SoyMigrante_com","twitter:image":"https:\/\/soymigrante.com\/revista\/wp-content\/uploads\/2026\/02\/nombres-de-lugares-de-guatemala-letra-C.png"},"aioseo_meta_data":{"post_id":"53387","title":"\u00bfQu\u00e9 significan nombres de lugares de Guatemala? Letra I","description":"Los nombres de lugares de Guatemala tienen significados, historia y reflejan identidad. Estos son algunas etimolog\u00edas de nombres con letra inicial I.","keywords":null,"keyphrases":{"focus":{"keyphrase":"Guatemala","score":91,"analysis":{"keyphraseInTitle":{"score":9,"maxScore":9,"error":0},"keyphraseInDescription":{"score":9,"maxScore":9,"error":0},"keyphraseLength":{"score":9,"maxScore":9,"error":0,"length":1},"keyphraseInURL":{"score":5,"maxScore":5,"error":0},"keyphraseInIntroduction":{"score":9,"maxScore":9,"error":0},"keyphraseInSubHeadings":{"score":3,"maxScore":9,"error":1},"keyphraseInImageAlt":{"score":9,"maxScore":9,"error":0},"keywordDensity":{"type":"best","score":9,"maxScore":9,"error":0}}},"additional":[{"keyphrase":"Etimolog\u00eda","score":40,"analysis":{"keyphraseInDescription":{"score":3,"maxScore":9,"error":1},"keyphraseLength":{"score":9,"maxScore":9,"error":0,"length":2},"keyphraseInIntroduction":{"score":3,"maxScore":9,"error":1},"keyphraseInImageAlt":{"score":3,"maxScore":9,"error":1},"keywordDensity":{"score":0,"type":"low","maxScore":9,"error":1}}},{"keyphrase":"Nombres","score":80,"analysis":{"keyphraseInDescription":{"score":9,"maxScore":9,"error":0},"keyphraseLength":{"score":9,"maxScore":9,"error":0,"length":1},"keyphraseInIntroduction":{"score":9,"maxScore":9,"error":0},"keyphraseInImageAlt":{"score":9,"maxScore":9,"error":0},"keywordDensity":{"score":0,"type":"low","maxScore":9,"error":1}}}]},"primary_term":null,"canonical_url":null,"og_title":null,"og_description":null,"og_object_type":"default","og_image_type":"default","og_image_url":null,"og_image_width":null,"og_image_height":null,"og_image_custom_url":null,"og_image_custom_fields":null,"og_video":"","og_custom_url":null,"og_article_section":null,"og_article_tags":null,"twitter_use_og":false,"twitter_card":"default","twitter_image_type":"default","twitter_image_url":null,"twitter_image_custom_url":null,"twitter_image_custom_fields":null,"twitter_title":null,"twitter_description":null,"schema":{"blockGraphs":[],"customGraphs":[],"default":{"data":{"Article":[],"Course":[],"Dataset":[],"FAQPage":[],"Movie":[],"Person":[],"Product":[],"ProductReview":[],"Car":[],"Recipe":[],"Service":[],"SoftwareApplication":[],"WebPage":[]},"graphName":"NewsArticle","isEnabled":true},"graphs":[]},"schema_type":"default","schema_type_options":null,"pillar_content":false,"robots_default":true,"robots_noindex":false,"robots_noarchive":false,"robots_nosnippet":false,"robots_nofollow":false,"robots_noimageindex":false,"robots_noodp":false,"robots_notranslate":false,"robots_max_snippet":"-1","robots_max_videopreview":"-1","robots_max_imagepreview":"large","priority":null,"frequency":"default","local_seo":null,"seo_analyzer_scan_date":null,"breadcrumb_settings":null,"limit_modified_date":false,"reviewed_by":"0","open_ai":null,"ai":{"faqs":[],"keyPoints":[],"titles":[],"descriptions":[],"socialPosts":{"email":[],"linkedin":[],"twitter":[],"facebook":[],"instagram":[]}},"created":"2026-03-09 16:44:16","updated":"2026-04-10 15:41:02"},"aioseo_breadcrumb":"<div class=\"aioseo-breadcrumbs\"><span class=\"aioseo-breadcrumb\">\n\t<a href=\"https:\/\/soymigrante.com\/revista\" title=\"Home\">Home<\/a>\n<\/span><span class=\"aioseo-breadcrumb-separator\">\u00bb<\/span><span class=\"aioseo-breadcrumb\">\n\t<a href=\"https:\/\/soymigrante.com\/revista\/category\/guate-nuestra\/\" title=\"Guate Nuestra\">Guate Nuestra<\/a>\n<\/span><span class=\"aioseo-breadcrumb-separator\">\u00bb<\/span><span class=\"aioseo-breadcrumb\">\n\t<a href=\"https:\/\/soymigrante.com\/revista\/category\/guate-nuestra\/nombres-de-guatemala\/\" title=\"Nombres de Guatemala\">Nombres de Guatemala<\/a>\n<\/span><span class=\"aioseo-breadcrumb-separator\">\u00bb<\/span><span class=\"aioseo-breadcrumb\">\n\t\u00bfQu\u00e9 significan  nombres de lugares de Guatemala? Letra I\n<\/span><\/div>","aioseo_breadcrumb_json":[{"label":"Home","link":"https:\/\/soymigrante.com\/revista"},{"label":"Guate Nuestra","link":"https:\/\/soymigrante.com\/revista\/category\/guate-nuestra\/"},{"label":"Nombres de Guatemala","link":"https:\/\/soymigrante.com\/revista\/category\/guate-nuestra\/nombres-de-guatemala\/"},{"label":"\u00bfQu\u00e9 significan  nombres de lugares de Guatemala? Letra I","link":"https:\/\/soymigrante.com\/revista\/que-significan-nombres-de-lugares-de-guatemala-letra-i\/"}],"_links":{"self":[{"href":"https:\/\/soymigrante.com\/revista\/wp-json\/wp\/v2\/posts\/53387","targetHints":{"allow":["GET"]}}],"collection":[{"href":"https:\/\/soymigrante.com\/revista\/wp-json\/wp\/v2\/posts"}],"about":[{"href":"https:\/\/soymigrante.com\/revista\/wp-json\/wp\/v2\/types\/post"}],"author":[{"embeddable":true,"href":"https:\/\/soymigrante.com\/revista\/wp-json\/wp\/v2\/users\/1"}],"replies":[{"embeddable":true,"href":"https:\/\/soymigrante.com\/revista\/wp-json\/wp\/v2\/comments?post=53387"}],"version-history":[{"count":8,"href":"https:\/\/soymigrante.com\/revista\/wp-json\/wp\/v2\/posts\/53387\/revisions"}],"predecessor-version":[{"id":54787,"href":"https:\/\/soymigrante.com\/revista\/wp-json\/wp\/v2\/posts\/53387\/revisions\/54787"}],"wp:featuredmedia":[{"embeddable":true,"href":"https:\/\/soymigrante.com\/revista\/wp-json\/wp\/v2\/media\/53388"}],"wp:attachment":[{"href":"https:\/\/soymigrante.com\/revista\/wp-json\/wp\/v2\/media?parent=53387"}],"wp:term":[{"taxonomy":"category","embeddable":true,"href":"https:\/\/soymigrante.com\/revista\/wp-json\/wp\/v2\/categories?post=53387"},{"taxonomy":"post_tag","embeddable":true,"href":"https:\/\/soymigrante.com\/revista\/wp-json\/wp\/v2\/tags?post=53387"}],"curies":[{"name":"wp","href":"https:\/\/api.w.org\/{rel}","templated":true}]}}