{"id":53377,"date":"2026-03-08T14:51:03","date_gmt":"2026-03-08T20:51:03","guid":{"rendered":"https:\/\/soymigrante.com\/revista\/?p=53377"},"modified":"2026-03-08T14:52:27","modified_gmt":"2026-03-08T20:52:27","slug":"ocho-emprendimientos-liderados-por-guatemaltecas-crean-producen-y-venden-a-traves-de-soymigrante-com-mercado","status":"publish","type":"post","link":"https:\/\/soymigrante.com\/revista\/ocho-emprendimientos-liderados-por-guatemaltecas-crean-producen-y-venden-a-traves-de-soymigrante-com-mercado\/","title":{"rendered":"8 emprendimientos liderados por guatemaltecas con tienda digital en SoyMigrante.com MERCADO"},"content":{"rendered":"\t\t<div data-elementor-type=\"wp-post\" data-elementor-id=\"53377\" class=\"elementor elementor-53377\" data-elementor-post-type=\"post\">\n\t\t\t\t<div data-particle_enable=\"false\" data-particle-mobile-disabled=\"false\" class=\"elementor-element elementor-element-0865f5e e-flex e-con-boxed e-con e-parent\" data-id=\"0865f5e\" data-element_type=\"container\" data-e-type=\"container\">\n\t\t\t\t\t<div class=\"e-con-inner\">\n\t\t\t\t<div class=\"elementor-element elementor-element-8c024cd elementor-widget elementor-widget-heading\" data-id=\"8c024cd\" data-element_type=\"widget\" data-e-type=\"widget\" data-widget_type=\"heading.default\">\n\t\t\t\t\t<h3 class=\"elementor-heading-title elementor-size-default\">Cada d\u00eda es otra oportunidad para las emprendedoras guatemaltecas: ocasi\u00f3n de mostrar su talento, creatividad, tradici\u00f3n, identidad a trav\u00e9s de productos aut\u00e9nticos| y un af\u00e1n por salir adelante. Estos 8 relatos as\u00ed lo demuestran. <\/h3>\t\t\t\t<\/div>\n\t\t\t\t\t<\/div>\n\t\t\t\t<\/div>\n\t\t<div data-particle_enable=\"false\" data-particle-mobile-disabled=\"false\" class=\"elementor-element elementor-element-6b10f3a e-flex e-con-boxed e-con e-parent\" data-id=\"6b10f3a\" data-element_type=\"container\" data-e-type=\"container\">\n\t\t\t\t\t<div class=\"e-con-inner\">\n\t\t\t\t<div class=\"elementor-element elementor-element-273bbfd elementor-widget elementor-widget-text-editor\" data-id=\"273bbfd\" data-element_type=\"widget\" data-e-type=\"widget\" data-widget_type=\"text-editor.default\">\n\t\t\t\t\t\t\t\t\t<p>En el D\u00eda Internacional de la Mujer salen a luz muchos relatos de creatividad, inteligencia, innovaci\u00f3n, riqueza cultural y sobre todo amor, de emprendedoras guatemaltecas.\u00a0<\/p><p>Son madres, esposas, hijas, hermanas que aportan su productividad a sus hogares y comunidades.\u00a0 \u00a0Estos son ocho relatos que\u00a0 demuestran tantos valores.<br \/>Ap\u00f3yalas, adquiriendo sus productos en SoyMigrante.com\u00a0 MERCADO.<\/p>\t\t\t\t\t\t\t\t<\/div>\n\t\t\t\t\t<\/div>\n\t\t\t\t<\/div>\n\t\t<div data-particle_enable=\"false\" data-particle-mobile-disabled=\"false\" class=\"elementor-element elementor-element-0c78c13 e-flex e-con-boxed e-con e-parent\" data-id=\"0c78c13\" data-element_type=\"container\" data-e-type=\"container\">\n\t\t\t\t\t<div class=\"e-con-inner\">\n\t\t\t\t<div class=\"elementor-element elementor-element-0319c77 elementor-grid-eael-col-1 elementor-grid-tablet-eael-col-2 elementor-grid-mobile-eael-col-1 elementor-widget elementor-widget-eael-post-grid\" data-id=\"0319c77\" data-element_type=\"widget\" data-e-type=\"widget\" data-settings=\"{&quot;eael_post_grid_columns&quot;:&quot;eael-col-1&quot;,&quot;eael_post_grid_columns_tablet&quot;:&quot;eael-col-2&quot;,&quot;eael_post_grid_columns_mobile&quot;:&quot;eael-col-1&quot;}\" data-widget_type=\"eael-post-grid.default\">\n\t\t\t\t\t<div id=\"eael-post-grid-0319c77\" class=\"eael-post-grid-container\">\n            <div class=\"eael-post-grid eael-post-appender eael-post-appender-0319c77 eael-post-grid-style-one\" data-layout-mode=\"masonry\"><article class=\"eael-grid-post  eael-post-grid-column eael-pg-post-41297 category-guate-nuestra tags-mercado-emprendedores\" data-id=\"41297\">\n        <div class=\"eael-grid-post-holder\">\n            <div class=\"eael-grid-post-holder-inner\"><div class=\"eael-entry-media\"><div class=\"eael-entry-overlay fade-in\"><i class=\"far fa-hand-pointer\" aria-hidden=\"true\"><\/i><a href=\"https:\/\/soymigrante.com\/revista\/textiles-kem-colorido-e-identidad-de-adelina-nicho-desde-comalapa\/\"><\/a><\/div><div class=\"eael-entry-thumbnail eael-image-ratio\">\n                <img fetchpriority=\"high\" decoding=\"async\" width=\"1024\" height=\"1024\" src=\"https:\/\/soymigrante.com\/revista\/wp-content\/uploads\/2025\/08\/adelina-nicho-cumez-textiles-kem-comalapa-mercado-1-1024x1024.jpg\" class=\"attachment-large size-large wp-image-41302\" alt=\"Mujer ind\u00edgena con gafas, sonriendo y vestida con ropa colorida y patr\u00f3n tradicional, representando cultura y comunidad en un entorno natural.\" srcset=\"https:\/\/soymigrante.com\/revista\/wp-content\/uploads\/2025\/08\/adelina-nicho-cumez-textiles-kem-comalapa-mercado-1-1024x1024.jpg 1024w, https:\/\/soymigrante.com\/revista\/wp-content\/uploads\/2025\/08\/adelina-nicho-cumez-textiles-kem-comalapa-mercado-1-300x300.jpg 300w, https:\/\/soymigrante.com\/revista\/wp-content\/uploads\/2025\/08\/adelina-nicho-cumez-textiles-kem-comalapa-mercado-1-150x150.jpg 150w, https:\/\/soymigrante.com\/revista\/wp-content\/uploads\/2025\/08\/adelina-nicho-cumez-textiles-kem-comalapa-mercado-1-768x768.jpg 768w, https:\/\/soymigrante.com\/revista\/wp-content\/uploads\/2025\/08\/adelina-nicho-cumez-textiles-kem-comalapa-mercado-1-75x75.webp 75w, https:\/\/soymigrante.com\/revista\/wp-content\/uploads\/2025\/08\/adelina-nicho-cumez-textiles-kem-comalapa-mercado-1-750x750.webp 750w, https:\/\/soymigrante.com\/revista\/wp-content\/uploads\/2025\/08\/adelina-nicho-cumez-textiles-kem-comalapa-mercado-1-1140x1140.webp 1140w, https:\/\/soymigrante.com\/revista\/wp-content\/uploads\/2025\/08\/adelina-nicho-cumez-textiles-kem-comalapa-mercado-1.webp 1187w\" sizes=\"(max-width: 1024px) 100vw, 1024px\" \/>\n            <\/div>\n        <\/div><div class=\"eael-entry-wrapper\"><header class=\"eael-entry-header\"><h2 class=\"eael-entry-title\"><a class=\"eael-grid-post-link\" href=\"https:\/\/soymigrante.com\/revista\/textiles-kem-colorido-e-identidad-de-adelina-nicho-desde-comalapa\/\" title=\"Kem Textiles Mayas: colorido e identidad de Adelina Nicho desde Comalapa\">Kem Textiles Mayas: colorido e identidad de Adelina Nicho desde Comalapa<\/a><\/h2><\/header><div class=\"eael-entry-content\">\n                        <div class=\"eael-grid-post-excerpt\"><p>Kem Textiles Mayas impulsa la tradici\u00f3n del tejido y genera oportunidades, afirma su fundadora Adelina Nicho C\u00famez. Y ahora expande su proyecto a trav\u00e9s de SoyMigrante.com MERCADO. Esta es su historia. \u201cDesde peque\u00f1a empec\u00e9 a tejer\u201d, recuerda Adelina Nicho C\u00famez, originaria de San Juan Comalapa, Chimaltenango. Proviene de una familia profundamente ligada al arte: su [&hellip;]<\/p><a href=\"https:\/\/soymigrante.com\/revista\/textiles-kem-colorido-e-identidad-de-adelina-nicho-desde-comalapa\/\" class=\"eael-post-elements-readmore-btn\">CONOCE M\u00c1S DE SU HISTORIA Y ADQUIERE SUS PRODUCTOS<\/a><\/div>\n                    <\/div><\/div><\/div>\n        <\/div>\n    <\/article><article class=\"eael-grid-post  eael-post-grid-column eael-pg-post-10683 category-guate-nuestra tags-mercado-emprendedores\" data-id=\"10683\">\n        <div class=\"eael-grid-post-holder\">\n            <div class=\"eael-grid-post-holder-inner\"><div class=\"eael-entry-media\"><div class=\"eael-entry-overlay fade-in\"><i class=\"far fa-hand-pointer\" aria-hidden=\"true\"><\/i><a href=\"https:\/\/soymigrante.com\/revista\/tejido-con-el-mismo-carino-de-la-abuelita-el-emprendimiento-crochet-con-amor\/\"><\/a><\/div><div class=\"eael-entry-thumbnail eael-image-ratio\">\n                <img decoding=\"async\" width=\"670\" height=\"661\" src=\"https:\/\/soymigrante.com\/revista\/wp-content\/uploads\/2024\/10\/crochet-con-amor-2.webp\" class=\"attachment-large size-large wp-image-10687\" alt=\"Vocales de flores en maceteros tejidos a mano, exposici\u00f3n de artesanalidades durante evento cultural, artistas creando obras de arte en crochet, mercado de artesan\u00edas tradicionales, t\u00e9cnicas de tejido en lana natural, eventos culturales en SoyMigrante.com REVISTA.\" srcset=\"https:\/\/soymigrante.com\/revista\/wp-content\/uploads\/2024\/10\/crochet-con-amor-2.webp 670w, https:\/\/soymigrante.com\/revista\/wp-content\/uploads\/2024\/10\/crochet-con-amor-2-300x296.webp 300w, https:\/\/soymigrante.com\/revista\/wp-content\/uploads\/2024\/10\/crochet-con-amor-2-75x75.webp 75w\" sizes=\"(max-width: 670px) 100vw, 670px\" \/>\n            <\/div>\n        <\/div><div class=\"eael-entry-wrapper\"><header class=\"eael-entry-header\"><h2 class=\"eael-entry-title\"><a class=\"eael-grid-post-link\" href=\"https:\/\/soymigrante.com\/revista\/tejido-con-el-mismo-carino-de-la-abuelita-el-emprendimiento-crochet-con-amor\/\" title=\"Tejido con el mismo cari\u00f1o de la abuelita: el emprendimiento Crochet con Amor\">Tejido con el mismo cari\u00f1o de la abuelita: el emprendimiento Crochet con Amor<\/a><\/h2><\/header><div class=\"eael-entry-content\">\n                        <div class=\"eael-grid-post-excerpt\"><p>Emprendedora Claudia Garc\u00eda crea art\u00edculos decorativos o utilitarios con aguja, hilo y mucha dedicaci\u00f3n, junto a su socia Lilian Alba. Aprendi\u00f3 de ni\u00f1a con las instrucciones de la abuela Elizabet y ahora busca darse a conocer a trav\u00e9s de SoyMigrante.com\/MERCADO Flores, personajes de caricatura, tapetes con dise\u00f1os, diademas, gorros&#8230;Cualquier figura se puede realizar en Crochet [&hellip;]<\/p><a href=\"https:\/\/soymigrante.com\/revista\/tejido-con-el-mismo-carino-de-la-abuelita-el-emprendimiento-crochet-con-amor\/\" class=\"eael-post-elements-readmore-btn\">CONOCE M\u00c1S DE SU HISTORIA Y ADQUIERE SUS PRODUCTOS<\/a><\/div>\n                    <\/div><\/div><\/div>\n        <\/div>\n    <\/article><article class=\"eael-grid-post  eael-post-grid-column eael-pg-post-39764 category-guate-nuestra tags-mercado-emprendedores\" data-id=\"39764\">\n        <div class=\"eael-grid-post-holder\">\n            <div class=\"eael-grid-post-holder-inner\"><div class=\"eael-entry-media\"><div class=\"eael-entry-overlay fade-in\"><i class=\"far fa-hand-pointer\" aria-hidden=\"true\"><\/i><a href=\"https:\/\/soymigrante.com\/revista\/emprendedora-cristina-contreras-convirtio-sus-cualidades-en-menjurjes-tienda-digital-en-mercado\/\"><\/a><\/div><div class=\"eael-entry-thumbnail eael-image-ratio\">\n                <img decoding=\"async\" width=\"1024\" height=\"1024\" src=\"https:\/\/soymigrante.com\/revista\/wp-content\/uploads\/2025\/07\/menjurjes-tienda-en-soymigrante.com-mercado-1024x1024.png\" class=\"attachment-large size-large wp-image-39859\" alt=\"Aceite de cilantro y chile de Chilete en botellas grandes con etiquetado de SoyMigrante.com revista, mujer sonriente en fondo de madera mostrando productos tradicionales de la gastronom\u00eda peruana.\" srcset=\"https:\/\/soymigrante.com\/revista\/wp-content\/uploads\/2025\/07\/menjurjes-tienda-en-soymigrante.com-mercado-1024x1024.png 1024w, https:\/\/soymigrante.com\/revista\/wp-content\/uploads\/2025\/07\/menjurjes-tienda-en-soymigrante.com-mercado-300x300.png 300w, https:\/\/soymigrante.com\/revista\/wp-content\/uploads\/2025\/07\/menjurjes-tienda-en-soymigrante.com-mercado-150x150.png 150w, https:\/\/soymigrante.com\/revista\/wp-content\/uploads\/2025\/07\/menjurjes-tienda-en-soymigrante.com-mercado-768x768.png 768w, https:\/\/soymigrante.com\/revista\/wp-content\/uploads\/2025\/07\/menjurjes-tienda-en-soymigrante.com-mercado-75x75.webp 75w, https:\/\/soymigrante.com\/revista\/wp-content\/uploads\/2025\/07\/menjurjes-tienda-en-soymigrante.com-mercado-750x750.webp 750w, https:\/\/soymigrante.com\/revista\/wp-content\/uploads\/2025\/07\/menjurjes-tienda-en-soymigrante.com-mercado.webp 1080w\" sizes=\"(max-width: 1024px) 100vw, 1024px\" \/>\n            <\/div>\n        <\/div><div class=\"eael-entry-wrapper\"><header class=\"eael-entry-header\"><h2 class=\"eael-entry-title\"><a class=\"eael-grid-post-link\" href=\"https:\/\/soymigrante.com\/revista\/emprendedora-cristina-contreras-convirtio-sus-cualidades-en-menjurjes-tienda-digital-en-mercado\/\" title=\"Emprendedora Cristina Contreras convirti\u00f3 sus cualidades en Menjurjes, aceites saborizados a la venta en MERCADO\">Emprendedora Cristina Contreras convirti\u00f3 sus cualidades en Menjurjes, aceites saborizados a la venta en MERCADO<\/a><\/h2><\/header><div class=\"eael-entry-content\">\n                        <div class=\"eael-grid-post-excerpt\"><p>Cristina Contreras es una mujer que lleva sus cualidades m\u00e1s all\u00e1 con la tienda virtual Menjurjes, que se encuentra en MERCADO. Cristina Contreras Herrera es una mujer guatemalteca que encontr\u00f3 en la necesidad y la creatividad una oportunidad para emprender. Su negocio, una tienda virtual llamada Menjurjes, ofrece una variedad de productos comestibles artesanales como [&hellip;]<\/p><a href=\"https:\/\/soymigrante.com\/revista\/emprendedora-cristina-contreras-convirtio-sus-cualidades-en-menjurjes-tienda-digital-en-mercado\/\" class=\"eael-post-elements-readmore-btn\">CONOCE M\u00c1S DE SU HISTORIA Y ADQUIERE SUS PRODUCTOS<\/a><\/div>\n                    <\/div><\/div><\/div>\n        <\/div>\n    <\/article><article class=\"eael-grid-post  eael-post-grid-column eael-pg-post-18254 category-guate-nuestra tags-mercado-emprendedores\" data-id=\"18254\">\n        <div class=\"eael-grid-post-holder\">\n            <div class=\"eael-grid-post-holder-inner\"><div class=\"eael-entry-media\"><div class=\"eael-entry-overlay fade-in\"><i class=\"far fa-hand-pointer\" aria-hidden=\"true\"><\/i><a href=\"https:\/\/soymigrante.com\/revista\/kemon-collection-tejiendo-suenos-y-conservando-tradiciones-ancestrales\/\"><\/a><\/div><div class=\"eael-entry-thumbnail eael-image-ratio\">\n                <img loading=\"lazy\" decoding=\"async\" width=\"1024\" height=\"1024\" src=\"https:\/\/soymigrante.com\/revista\/wp-content\/uploads\/2024\/12\/kemon-1024x1024.jpg\" class=\"attachment-large size-large wp-image-18269\" alt=\"Artesana mostrando textiles tradicionales en feria de cultura ind\u00edgena en M\u00e9xico.\" srcset=\"https:\/\/soymigrante.com\/revista\/wp-content\/uploads\/2024\/12\/kemon-1024x1024.jpg 1024w, https:\/\/soymigrante.com\/revista\/wp-content\/uploads\/2024\/12\/kemon-300x300.jpg 300w, https:\/\/soymigrante.com\/revista\/wp-content\/uploads\/2024\/12\/kemon-150x150.jpg 150w, https:\/\/soymigrante.com\/revista\/wp-content\/uploads\/2024\/12\/kemon-768x768.jpg 768w, https:\/\/soymigrante.com\/revista\/wp-content\/uploads\/2024\/12\/kemon-75x75.webp 75w, https:\/\/soymigrante.com\/revista\/wp-content\/uploads\/2024\/12\/kemon-750x750.webp 750w, https:\/\/soymigrante.com\/revista\/wp-content\/uploads\/2024\/12\/kemon.webp 1080w\" sizes=\"(max-width: 1024px) 100vw, 1024px\" \/>\n            <\/div>\n        <\/div><div class=\"eael-entry-wrapper\"><header class=\"eael-entry-header\"><h2 class=\"eael-entry-title\"><a class=\"eael-grid-post-link\" href=\"https:\/\/soymigrante.com\/revista\/kemon-collection-tejiendo-suenos-y-conservando-tradiciones-ancestrales\/\" title=\"Kemon Collection: Tejiendo sue\u00f1os y conservando tradiciones ancestrales\">Kemon Collection: Tejiendo sue\u00f1os y conservando tradiciones ancestrales<\/a><\/h2><\/header><div class=\"eael-entry-content\">\n                        <div class=\"eael-grid-post-excerpt\"><p>Desde su taller en Jocotenango, Sacatep\u00e9quez, Eulalia Chonay lidera Kemon Collection, una marca que naci\u00f3 de la necesidad de generar ingresos pero que se ha convertido en puente de oportunidad para tejedoras de San Juan Comalapa, de donde es originaria. Eulalia Chonay, una mujer maya kaqchikel de 33 a\u00f1os, ha transformado su pasi\u00f3n por el [&hellip;]<\/p><a href=\"https:\/\/soymigrante.com\/revista\/kemon-collection-tejiendo-suenos-y-conservando-tradiciones-ancestrales\/\" class=\"eael-post-elements-readmore-btn\">CONOCE M\u00c1S DE SU HISTORIA Y ADQUIERE SUS PRODUCTOS<\/a><\/div>\n                    <\/div><\/div><\/div>\n        <\/div>\n    <\/article><article class=\"eael-grid-post  eael-post-grid-column eael-pg-post-20419 category-guate-nuestra tags-mercado-emprendedores\" data-id=\"20419\">\n        <div class=\"eael-grid-post-holder\">\n            <div class=\"eael-grid-post-holder-inner\"><div class=\"eael-entry-media\"><div class=\"eael-entry-overlay fade-in\"><i class=\"far fa-hand-pointer\" aria-hidden=\"true\"><\/i><a href=\"https:\/\/soymigrante.com\/revista\/calzado-ninnke-nacio-del-amor-de-una-mama-y-la-pasion-por-crear-un-estilo-unico\/\"><\/a><\/div><div class=\"eael-entry-thumbnail eael-image-ratio\">\n                <img loading=\"lazy\" decoding=\"async\" width=\"960\" height=\"960\" src=\"https:\/\/soymigrante.com\/revista\/wp-content\/uploads\/2025\/01\/ninnke-zapatos.webp\" class=\"attachment-large size-large wp-image-20421\" alt=\"Zapatos de tac\u00f3n dorados y pantalones blancos casuales con blusa azul claro, sentada en una silla en una tienda de zapatos con exhibici\u00f3n de sandalias y gafas en el fondo.\" srcset=\"https:\/\/soymigrante.com\/revista\/wp-content\/uploads\/2025\/01\/ninnke-zapatos.webp 960w, https:\/\/soymigrante.com\/revista\/wp-content\/uploads\/2025\/01\/ninnke-zapatos-300x300.jpg 300w, https:\/\/soymigrante.com\/revista\/wp-content\/uploads\/2025\/01\/ninnke-zapatos-150x150.jpg 150w, https:\/\/soymigrante.com\/revista\/wp-content\/uploads\/2025\/01\/ninnke-zapatos-768x768.jpg 768w, https:\/\/soymigrante.com\/revista\/wp-content\/uploads\/2025\/01\/ninnke-zapatos-75x75.webp 75w, https:\/\/soymigrante.com\/revista\/wp-content\/uploads\/2025\/01\/ninnke-zapatos-750x750.webp 750w\" sizes=\"(max-width: 960px) 100vw, 960px\" \/>\n            <\/div>\n        <\/div><div class=\"eael-entry-wrapper\"><header class=\"eael-entry-header\"><h2 class=\"eael-entry-title\"><a class=\"eael-grid-post-link\" href=\"https:\/\/soymigrante.com\/revista\/calzado-ninnke-nacio-del-amor-de-una-mama-y-la-pasion-por-crear-un-estilo-unico\/\" title=\"Calzado Ninnke naci\u00f3 del amor de una mam\u00e1 y la pasi\u00f3n por crear un estilo \u00fanico: ahora est\u00e1 en MERCADO\">Calzado Ninnke naci\u00f3 del amor de una mam\u00e1 y la pasi\u00f3n por crear un estilo \u00fanico: ahora est\u00e1 en MERCADO<\/a><\/h2><\/header><div class=\"eael-entry-content\">\n                        <div class=\"eael-grid-post-excerpt\"><p>Ninnke Calzado crea estilos originales, dise\u00f1ados por la emprendedora guatemalteca Mar\u00eda &#8220;Toni&#8221; Jer\u00f3nimo en San Miguel Petapa. Abri\u00f3 su tienda digital en SoyMigrante.com MERCADO y te contamos c\u00f3mo naci\u00f3 este proyecto que va en muy buenos pasos. &#8220;Cuando mi hija era peque\u00f1a, ten\u00eda su pie un poco ancho y los zapatos le duraban muy poco, [&hellip;]<\/p><a href=\"https:\/\/soymigrante.com\/revista\/calzado-ninnke-nacio-del-amor-de-una-mama-y-la-pasion-por-crear-un-estilo-unico\/\" class=\"eael-post-elements-readmore-btn\">CONOCE M\u00c1S DE SU HISTORIA Y ADQUIERE SUS PRODUCTOS<\/a><\/div>\n                    <\/div><\/div><\/div>\n        <\/div>\n    <\/article><article class=\"eael-grid-post  eael-post-grid-column eael-pg-post-24210 category-guate-nuestra tags-mercado-emprendedores\" data-id=\"24210\">\n        <div class=\"eael-grid-post-holder\">\n            <div class=\"eael-grid-post-holder-inner\"><div class=\"eael-entry-media\"><div class=\"eael-entry-overlay fade-in\"><i class=\"far fa-hand-pointer\" aria-hidden=\"true\"><\/i><a href=\"https:\/\/soymigrante.com\/revista\/la-tradicion-textil-de-las-hermanas-nicolas-esta-en-mercado\/\"><\/a><\/div><div class=\"eael-entry-thumbnail eael-image-ratio\">\n                <img loading=\"lazy\" decoding=\"async\" width=\"1024\" height=\"768\" src=\"https:\/\/soymigrante.com\/revista\/wp-content\/uploads\/2025\/02\/Las-hermanas-Nicola\u0301s-guardianas-de-la-tradicio\u0301n-textil-esta\u0301n-en-MERCADO1-1024x768.jpg\" class=\"attachment-large size-large wp-image-24213\" alt=\"Las hermanas Nicol\u00e1s guardianas de la tradici\u00f3n textil est\u00e1n en MERCADO\" \/>\n            <\/div>\n        <\/div><div class=\"eael-entry-wrapper\"><header class=\"eael-entry-header\"><h2 class=\"eael-entry-title\"><a class=\"eael-grid-post-link\" href=\"https:\/\/soymigrante.com\/revista\/la-tradicion-textil-de-las-hermanas-nicolas-esta-en-mercado\/\" title=\"Tradici\u00f3n textil huehueteca de las hermanas Nicol\u00e1s est\u00e1 en MERCADO\">Tradici\u00f3n textil huehueteca de las hermanas Nicol\u00e1s est\u00e1 en MERCADO<\/a><\/h2><\/header><div class=\"eael-entry-content\">\n                        <div class=\"eael-grid-post-excerpt\"><p>Las hermanas Nicol\u00e1s se propusieron resguardar la tradici\u00f3n textil de Huehuetenango, sus productos impactan por ser \u00fanicos y hermosos. En San Pedro Soloma, Huehuetenango, la tradici\u00f3n textil maya sigue viva gracias al esfuerzo de Dominga y Silvia Nicol\u00e1s, dos hermanas emprendedoras que han dedicado su vida a la confecci\u00f3n de indumentaria maya en el \u00e1rea [&hellip;]<\/p><a href=\"https:\/\/soymigrante.com\/revista\/la-tradicion-textil-de-las-hermanas-nicolas-esta-en-mercado\/\" class=\"eael-post-elements-readmore-btn\">CONOCE M\u00c1S DE SU HISTORIA Y ADQUIERE SUS PRODUCTOS<\/a><\/div>\n                    <\/div><\/div><\/div>\n        <\/div>\n    <\/article><article class=\"eael-grid-post  eael-post-grid-column eael-pg-post-35123 category-guate-nuestra tags-mercado-emprendedores\" data-id=\"35123\">\n        <div class=\"eael-grid-post-holder\">\n            <div class=\"eael-grid-post-holder-inner\"><div class=\"eael-entry-media\"><div class=\"eael-entry-overlay fade-in\"><i class=\"far fa-hand-pointer\" aria-hidden=\"true\"><\/i><a href=\"https:\/\/soymigrante.com\/revista\/altahir-esencias-aceites-y-aromas-naturales-elaborados-por-las-hermanas-gil\/\"><\/a><\/div><div class=\"eael-entry-thumbnail eael-image-ratio\">\n                <img loading=\"lazy\" decoding=\"async\" width=\"590\" height=\"590\" src=\"https:\/\/soymigrante.com\/revista\/wp-content\/uploads\/2025\/05\/altahir-soymigrante-mercado-6.webp\" class=\"attachment-large size-large wp-image-35124\" alt=\"Accesible carrito de ventas con productos de belleza en tienda f\u00edsica, atendido por dos empleadas con delantales azul turquesa, en un entorno comercial colorido y moderno.\" srcset=\"https:\/\/soymigrante.com\/revista\/wp-content\/uploads\/2025\/05\/altahir-soymigrante-mercado-6.webp 590w, https:\/\/soymigrante.com\/revista\/wp-content\/uploads\/2025\/05\/altahir-soymigrante-mercado-6-300x300.jpg 300w, https:\/\/soymigrante.com\/revista\/wp-content\/uploads\/2025\/05\/altahir-soymigrante-mercado-6-150x150.jpg 150w, https:\/\/soymigrante.com\/revista\/wp-content\/uploads\/2025\/05\/altahir-soymigrante-mercado-6-75x75.webp 75w\" sizes=\"(max-width: 590px) 100vw, 590px\" \/>\n            <\/div>\n        <\/div><div class=\"eael-entry-wrapper\"><header class=\"eael-entry-header\"><h2 class=\"eael-entry-title\"><a class=\"eael-grid-post-link\" href=\"https:\/\/soymigrante.com\/revista\/altahir-esencias-aceites-y-aromas-naturales-elaborados-por-las-hermanas-gil\/\" title=\"Altahir: esencias, aceites y aromas naturales elaborados por las hermanas Gil\">Altahir: esencias, aceites y aromas naturales elaborados por las hermanas Gil<\/a><\/h2><\/header><div class=\"eael-entry-content\">\n                        <div class=\"eael-grid-post-excerpt\"><p>Altahir es el nombre de una estrella que inspira altas metas a las hermanas emprendedoras Hilda, Celia y Lili Gil de Amatitl\u00e1n, quienes ya abrieron su tienda digital de aceites y cosm\u00e9ticos en SoyMigrante.com MERCADO. Esta es su historia. Altahir ofrece una grama de productos naturales de cosm\u00e9tica, esencias para la piel y el cabello, [&hellip;]<\/p><a href=\"https:\/\/soymigrante.com\/revista\/altahir-esencias-aceites-y-aromas-naturales-elaborados-por-las-hermanas-gil\/\" class=\"eael-post-elements-readmore-btn\">CONOCE M\u00c1S DE SU HISTORIA Y ADQUIERE SUS PRODUCTOS<\/a><\/div>\n                    <\/div><\/div><\/div>\n        <\/div>\n    <\/article><article class=\"eael-grid-post  eael-post-grid-column eael-pg-post-37700 category-guate-nuestra tags-mercado-emprendedores\" data-id=\"37700\">\n        <div class=\"eael-grid-post-holder\">\n            <div class=\"eael-grid-post-holder-inner\"><div class=\"eael-entry-media\"><div class=\"eael-entry-overlay fade-in\"><i class=\"far fa-hand-pointer\" aria-hidden=\"true\"><\/i><a href=\"https:\/\/soymigrante.com\/revista\/crece-el-sueno-de-bayit-emprendimiento-de-luz-velasquez-en-soloma\/\"><\/a><\/div><div class=\"eael-entry-thumbnail eael-image-ratio\">\n                <img loading=\"lazy\" decoding=\"async\" width=\"1024\" height=\"1024\" src=\"https:\/\/soymigrante.com\/revista\/wp-content\/uploads\/2025\/06\/emprendedora-luz-velasquez-MERCADO-soloma-fotos-abel-juarez-COPIA-1024x1024.jpg\" class=\"attachment-large size-large wp-image-37702\" alt=\"Artesan\u00edas y manualidades de migrantes en M\u00e9xico, mujer con productos tejidos, promover cultura y creatividad de la comunidad migrante, edici\u00f3n de SoyMigrante.com REVISTA, enfoque en arte y cultura migrante de M\u00e9xico.\" srcset=\"https:\/\/soymigrante.com\/revista\/wp-content\/uploads\/2025\/06\/emprendedora-luz-velasquez-MERCADO-soloma-fotos-abel-juarez-COPIA-1024x1024.jpg 1024w, https:\/\/soymigrante.com\/revista\/wp-content\/uploads\/2025\/06\/emprendedora-luz-velasquez-MERCADO-soloma-fotos-abel-juarez-COPIA-300x300.jpg 300w, https:\/\/soymigrante.com\/revista\/wp-content\/uploads\/2025\/06\/emprendedora-luz-velasquez-MERCADO-soloma-fotos-abel-juarez-COPIA-150x150.jpg 150w, https:\/\/soymigrante.com\/revista\/wp-content\/uploads\/2025\/06\/emprendedora-luz-velasquez-MERCADO-soloma-fotos-abel-juarez-COPIA-768x768.jpg 768w, https:\/\/soymigrante.com\/revista\/wp-content\/uploads\/2025\/06\/emprendedora-luz-velasquez-MERCADO-soloma-fotos-abel-juarez-COPIA-1536x1536.jpg 1536w, https:\/\/soymigrante.com\/revista\/wp-content\/uploads\/2025\/06\/emprendedora-luz-velasquez-MERCADO-soloma-fotos-abel-juarez-COPIA-2048x2048.jpg 2048w, https:\/\/soymigrante.com\/revista\/wp-content\/uploads\/2025\/06\/emprendedora-luz-velasquez-MERCADO-soloma-fotos-abel-juarez-COPIA-75x75.webp 75w, https:\/\/soymigrante.com\/revista\/wp-content\/uploads\/2025\/06\/emprendedora-luz-velasquez-MERCADO-soloma-fotos-abel-juarez-COPIA-750x750.webp 750w, https:\/\/soymigrante.com\/revista\/wp-content\/uploads\/2025\/06\/emprendedora-luz-velasquez-MERCADO-soloma-fotos-abel-juarez-COPIA-1140x1140.webp 1140w, https:\/\/soymigrante.com\/revista\/wp-content\/uploads\/2025\/06\/emprendedora-luz-velasquez-MERCADO-soloma-fotos-abel-juarez-COPIA.webp 1920w\" sizes=\"(max-width: 1024px) 100vw, 1024px\" \/>\n            <\/div>\n        <\/div><div class=\"eael-entry-wrapper\"><header class=\"eael-entry-header\"><h2 class=\"eael-entry-title\"><a class=\"eael-grid-post-link\" href=\"https:\/\/soymigrante.com\/revista\/crece-el-sueno-de-bayit-emprendimiento-de-luz-velasquez-en-soloma\/\" title=\"Crece el sue\u00f1o de Bayit, emprendimiento de Luz Vel\u00e1squez en Soloma\">Crece el sue\u00f1o de Bayit, emprendimiento de Luz Vel\u00e1squez en Soloma<\/a><\/h2><\/header><div class=\"eael-entry-content\">\n                        <div class=\"eael-grid-post-excerpt\"><p>Luz Vel\u00e1squez fund\u00f3 tienda de variedades Bayit para poder cuidar a su hijo en San Pedro Soloma, Huehuetenango. Vende ropa infantil, productos naturales y tambi\u00e9n art\u00edculos de crochet que ella misma elabora. Y ahora abri\u00f3 su espacio digital en SoyMigrante.com MERCADO En San Pedro Soloma, pueblo enclavado en la Sierra de los Cuchumatanes, Huehuetenango,\u00a0 la [&hellip;]<\/p><a href=\"https:\/\/soymigrante.com\/revista\/crece-el-sueno-de-bayit-emprendimiento-de-luz-velasquez-en-soloma\/\" class=\"eael-post-elements-readmore-btn\">CONOCE M\u00c1S DE SU HISTORIA Y ADQUIERE SUS PRODUCTOS<\/a><\/div>\n                    <\/div><\/div><\/div>\n        <\/div>\n    <\/article><\/div>\n            <div class=\"clearfix\"><\/div>\n        <\/div>\t\t\t\t<\/div>\n\t\t\t\t\t<\/div>\n\t\t\t\t<\/div>\n\t\t<div data-particle_enable=\"false\" data-particle-mobile-disabled=\"false\" class=\"elementor-element elementor-element-aa4f38c e-flex e-con-boxed e-con e-parent\" data-id=\"aa4f38c\" data-element_type=\"container\" data-e-type=\"container\">\n\t\t\t\t\t<div class=\"e-con-inner\">\n\t\t\t\t<div class=\"elementor-element elementor-element-dcf79c2 elementor-widget elementor-widget-heading\" data-id=\"dcf79c2\" data-element_type=\"widget\" data-e-type=\"widget\" data-widget_type=\"heading.default\">\n\t\t\t\t\t<h2 class=\"elementor-heading-title elementor-size-default\">Quiz\u00e1 tambi\u00e9n te podr\u00eda interesar<\/h2>\t\t\t\t<\/div>\n\t\t\t\t\t<\/div>\n\t\t\t\t<\/div>\n\t\t<div data-particle_enable=\"false\" data-particle-mobile-disabled=\"false\" class=\"elementor-element elementor-element-7c1f7ef e-flex e-con-boxed e-con e-parent\" data-id=\"7c1f7ef\" data-element_type=\"container\" data-e-type=\"container\">\n\t\t\t\t\t<div class=\"e-con-inner\">\n\t\t\t\t<div class=\"elementor-element elementor-element-028b8e6 elementor-grid-eael-col-3 elementor-grid-tablet-eael-col-2 elementor-grid-mobile-eael-col-1 elementor-widget elementor-widget-eael-post-grid\" data-id=\"028b8e6\" data-element_type=\"widget\" data-e-type=\"widget\" data-settings=\"{&quot;eael_post_grid_columns&quot;:&quot;eael-col-3&quot;,&quot;eael_post_grid_columns_tablet&quot;:&quot;eael-col-2&quot;,&quot;eael_post_grid_columns_mobile&quot;:&quot;eael-col-1&quot;}\" data-widget_type=\"eael-post-grid.default\">\n\t\t\t\t\t<div id=\"eael-post-grid-028b8e6\" class=\"eael-post-grid-container\">\n            <div class=\"eael-post-grid eael-post-appender eael-post-appender-028b8e6 eael-post-grid-style-one\" data-layout-mode=\"masonry\"><article class=\"eael-grid-post  eael-post-grid-column eael-pg-post-2591 category-guate-nuestra\" data-id=\"2591\">\n        <div class=\"eael-grid-post-holder\">\n            <div class=\"eael-grid-post-holder-inner\"><div class=\"eael-entry-media\"><div class=\"eael-entry-overlay fade-in\"><i class=\"far fa-hand-pointer\" aria-hidden=\"true\"><\/i><a href=\"https:\/\/soymigrante.com\/revista\/la-independencia-es-un-dia-para-conmemorar-y-recordar-la-lucha-de-los-abuelos-rabin-ajau-2023\/\"><\/a><\/div><div class=\"eael-entry-thumbnail eael-image-ratio\">\n                <img loading=\"lazy\" decoding=\"async\" width=\"1024\" height=\"1024\" src=\"https:\/\/soymigrante.com\/revista\/wp-content\/uploads\/2023\/09\/Madelyn-Toyom-originaria-de-Barranche-Totonicapan-fue-electa-como-Rabina-Ajaw-reina-indigena-nacional-tras-su-participacion-fue-recibida-con-un-acto-publico-y-una-ceremonia-maya-frente-a-Atanasio-Tzul-1024x1024.webp\" class=\"attachment-large size-large wp-image-2596\" alt=\"Madelyn Toyom originaria de Barranch\u00e9, Totonicap\u00e1n fue electa como Rabina Ajaw (reina ind\u00edgena nacional) tras su participaci\u00f3n fue recibida con un acto p\u00fablico y una ceremonia maya frente a Atanasio Tzul\" srcset=\"https:\/\/soymigrante.com\/revista\/wp-content\/uploads\/2023\/09\/Madelyn-Toyom-originaria-de-Barranche-Totonicapan-fue-electa-como-Rabina-Ajaw-reina-indigena-nacional-tras-su-participacion-fue-recibida-con-un-acto-publico-y-una-ceremonia-maya-frente-a-Atanasio-Tzul-1024x1024.webp 1024w, https:\/\/soymigrante.com\/revista\/wp-content\/uploads\/2023\/09\/Madelyn-Toyom-originaria-de-Barranche-Totonicapan-fue-electa-como-Rabina-Ajaw-reina-indigena-nacional-tras-su-participacion-fue-recibida-con-un-acto-publico-y-una-ceremonia-maya-frente-a-Atanasio-Tzul-300x300.webp 300w, https:\/\/soymigrante.com\/revista\/wp-content\/uploads\/2023\/09\/Madelyn-Toyom-originaria-de-Barranche-Totonicapan-fue-electa-como-Rabina-Ajaw-reina-indigena-nacional-tras-su-participacion-fue-recibida-con-un-acto-publico-y-una-ceremonia-maya-frente-a-Atanasio-Tzul-150x150.webp 150w, https:\/\/soymigrante.com\/revista\/wp-content\/uploads\/2023\/09\/Madelyn-Toyom-originaria-de-Barranche-Totonicapan-fue-electa-como-Rabina-Ajaw-reina-indigena-nacional-tras-su-participacion-fue-recibida-con-un-acto-publico-y-una-ceremonia-maya-frente-a-Atanasio-Tzul-768x768.webp 768w, https:\/\/soymigrante.com\/revista\/wp-content\/uploads\/2023\/09\/Madelyn-Toyom-originaria-de-Barranche-Totonicapan-fue-electa-como-Rabina-Ajaw-reina-indigena-nacional-tras-su-participacion-fue-recibida-con-un-acto-publico-y-una-ceremonia-maya-frente-a-Atanasio-Tzul-75x75.webp 75w, https:\/\/soymigrante.com\/revista\/wp-content\/uploads\/2023\/09\/Madelyn-Toyom-originaria-de-Barranche-Totonicapan-fue-electa-como-Rabina-Ajaw-reina-indigena-nacional-tras-su-participacion-fue-recibida-con-un-acto-publico-y-una-ceremonia-maya-frente-a-Atanasio-Tzul-750x750.webp 750w, https:\/\/soymigrante.com\/revista\/wp-content\/uploads\/2023\/09\/Madelyn-Toyom-originaria-de-Barranche-Totonicapan-fue-electa-como-Rabina-Ajaw-reina-indigena-nacional-tras-su-participacion-fue-recibida-con-un-acto-publico-y-una-ceremonia-maya-frente-a-Atanasio-Tzul-1140x1140.webp 1140w, https:\/\/soymigrante.com\/revista\/wp-content\/uploads\/2023\/09\/Madelyn-Toyom-originaria-de-Barranche-Totonicapan-fue-electa-como-Rabina-Ajaw-reina-indigena-nacional-tras-su-participacion-fue-recibida-con-un-acto-publico-y-una-ceremonia-maya-frente-a-Atanasio-Tzul-600x600.webp 600w, https:\/\/soymigrante.com\/revista\/wp-content\/uploads\/2023\/09\/Madelyn-Toyom-originaria-de-Barranche-Totonicapan-fue-electa-como-Rabina-Ajaw-reina-indigena-nacional-tras-su-participacion-fue-recibida-con-un-acto-publico-y-una-ceremonia-maya-frente-a-Atanasio-Tzul.webp 1280w\" sizes=\"(max-width: 1024px) 100vw, 1024px\" \/>\n            <\/div>\n        <\/div><div class=\"eael-entry-wrapper\"><header class=\"eael-entry-header\"><h2 class=\"eael-entry-title\"><a class=\"eael-grid-post-link\" href=\"https:\/\/soymigrante.com\/revista\/la-independencia-es-un-dia-para-conmemorar-y-recordar-la-lucha-de-los-abuelos-rabin-ajau-2023\/\" title=\"La independencia es un d\u00eda para conmemorar y recordar la lucha de los abuelos: Rabin Ajau 2023\">La independencia es un d\u00eda para conmemorar y recordar la lucha de los abuelos: Rabin Ajau 2023<\/a><\/h2><\/header><div class=\"eael-entry-content\">\n                        <div class=\"eael-grid-post-excerpt\"><a href=\"https:\/\/soymigrante.com\/revista\/la-independencia-es-un-dia-para-conmemorar-y-recordar-la-lucha-de-los-abuelos-rabin-ajau-2023\/\" class=\"eael-post-elements-readmore-btn\">CONOCE SU HISTORIA <\/a><\/div>\n                    <\/div><\/div><\/div>\n        <\/div>\n    <\/article><article class=\"eael-grid-post  eael-post-grid-column eael-pg-post-10958 category-guate-nuestra\" data-id=\"10958\">\n        <div class=\"eael-grid-post-holder\">\n            <div class=\"eael-grid-post-holder-inner\"><div class=\"eael-entry-media\"><div class=\"eael-entry-overlay fade-in\"><i class=\"far fa-hand-pointer\" aria-hidden=\"true\"><\/i><a href=\"https:\/\/soymigrante.com\/revista\/fiambre-guatemalteco-gigante-se-preparara-en-los-angeles\/\"><\/a><\/div><div class=\"eael-entry-thumbnail eael-image-ratio\">\n                <img loading=\"lazy\" decoding=\"async\" width=\"760\" height=\"760\" src=\"https:\/\/soymigrante.com\/revista\/wp-content\/uploads\/2024\/11\/fiambre-gigante-los-angeles-2.webp\" class=\"attachment-large size-large wp-image-11799\" alt=\"Verduras y ingredientes frescos en una feria gastron\u00f3mica mexicana celebrada por la comunidad migrante.\" srcset=\"https:\/\/soymigrante.com\/revista\/wp-content\/uploads\/2024\/11\/fiambre-gigante-los-angeles-2.webp 760w, https:\/\/soymigrante.com\/revista\/wp-content\/uploads\/2024\/11\/fiambre-gigante-los-angeles-2-300x300.webp 300w, https:\/\/soymigrante.com\/revista\/wp-content\/uploads\/2024\/11\/fiambre-gigante-los-angeles-2-150x150.webp 150w, https:\/\/soymigrante.com\/revista\/wp-content\/uploads\/2024\/11\/fiambre-gigante-los-angeles-2-75x75.webp 75w, https:\/\/soymigrante.com\/revista\/wp-content\/uploads\/2024\/11\/fiambre-gigante-los-angeles-2-750x750.webp 750w\" sizes=\"(max-width: 760px) 100vw, 760px\" \/>\n            <\/div>\n        <\/div><div class=\"eael-entry-wrapper\"><header class=\"eael-entry-header\"><h2 class=\"eael-entry-title\"><a class=\"eael-grid-post-link\" href=\"https:\/\/soymigrante.com\/revista\/fiambre-guatemalteco-gigante-se-preparara-en-los-angeles\/\" title=\"As\u00ed se disfrut\u00f3 el Fiambre Gigante Guatemalteco 2024 en Los Angeles\">As\u00ed se disfrut\u00f3 el Fiambre Gigante Guatemalteco 2024 en Los Angeles<\/a><\/h2><\/header><div class=\"eael-entry-content\">\n                        <div class=\"eael-grid-post-excerpt\"><a href=\"https:\/\/soymigrante.com\/revista\/fiambre-guatemalteco-gigante-se-preparara-en-los-angeles\/\" class=\"eael-post-elements-readmore-btn\">CONOCE SU HISTORIA <\/a><\/div>\n                    <\/div><\/div><\/div>\n        <\/div>\n    <\/article><article class=\"eael-grid-post  eael-post-grid-column eael-pg-post-24805 category-guate-nuestra\" data-id=\"24805\">\n        <div class=\"eael-grid-post-holder\">\n            <div class=\"eael-grid-post-holder-inner\"><div class=\"eael-entry-media\"><div class=\"eael-entry-overlay fade-in\"><i class=\"far fa-hand-pointer\" aria-hidden=\"true\"><\/i><a href=\"https:\/\/soymigrante.com\/revista\/santiago-atitlan-es-otro-de-los-pueblos-alrededor-del-lago-mas-bello-del-mundo\/\"><\/a><\/div><div class=\"eael-entry-thumbnail eael-image-ratio\">\n                <img loading=\"lazy\" decoding=\"async\" width=\"540\" height=\"540\" src=\"https:\/\/soymigrante.com\/revista\/wp-content\/uploads\/2025\/02\/santiago-atitlan-igelisa-1.webp\" class=\"attachment-large size-large wp-image-24855\" alt=\"Procesi\u00f3n en frente de una iglesia colonial en un evento religioso tradicional en un pueblo de M\u00e9xico. Personas participando en una celebraci\u00f3n comunitaria con banderas y decoraciones festivas.\" srcset=\"https:\/\/soymigrante.com\/revista\/wp-content\/uploads\/2025\/02\/santiago-atitlan-igelisa-1.webp 540w, https:\/\/soymigrante.com\/revista\/wp-content\/uploads\/2025\/02\/santiago-atitlan-igelisa-1-300x300.jpg 300w, https:\/\/soymigrante.com\/revista\/wp-content\/uploads\/2025\/02\/santiago-atitlan-igelisa-1-150x150.jpg 150w, https:\/\/soymigrante.com\/revista\/wp-content\/uploads\/2025\/02\/santiago-atitlan-igelisa-1-75x75.webp 75w\" sizes=\"(max-width: 540px) 100vw, 540px\" \/>\n            <\/div>\n        <\/div><div class=\"eael-entry-wrapper\"><header class=\"eael-entry-header\"><h2 class=\"eael-entry-title\"><a class=\"eael-grid-post-link\" href=\"https:\/\/soymigrante.com\/revista\/santiago-atitlan-es-otro-de-los-pueblos-alrededor-del-lago-mas-bello-del-mundo\/\" title=\"Santiago Atitl\u00e1n es otro de los pueblos alrededor del lago m\u00e1s bello del mundo\">Santiago Atitl\u00e1n es otro de los pueblos alrededor del lago m\u00e1s bello del mundo<\/a><\/h2><\/header><div class=\"eael-entry-content\">\n                        <div class=\"eael-grid-post-excerpt\"><a href=\"https:\/\/soymigrante.com\/revista\/santiago-atitlan-es-otro-de-los-pueblos-alrededor-del-lago-mas-bello-del-mundo\/\" class=\"eael-post-elements-readmore-btn\">CONOCE SU HISTORIA <\/a><\/div>\n                    <\/div><\/div><\/div>\n        <\/div>\n    <\/article><\/div>\n            <div class=\"clearfix\"><\/div>\n        <\/div>            <div class=\"eael-load-more-button-wrap eael-force-hide\">\n                <button class=\"eael-load-more-button\" id=\"eael-load-more-btn-028b8e6\" data-widget-id=\"028b8e6\" data-widget=\"028b8e6\" data-page-id=\"53377\" data-template=\"{&quot;dir&quot;:&quot;lite&quot;,&quot;file_name&quot;:&quot;one.php&quot;,&quot;name&quot;:&quot;Post-Grid&quot;}\" data-class=\"Essential_Addons_Elementor\\Elements\\Post_Grid\" data-layout=\"masonry\" data-page=\"1\" data-args=\"orderby=rand&amp;order=desc&amp;ignore_sticky_posts=1&amp;post_status=publish&amp;posts_per_page=3&amp;offset=0&amp;post_type=post&amp;tax_query%5B0%5D%5Btaxonomy%5D=category&amp;tax_query%5B0%5D%5Bfield%5D=term_id&amp;tax_query%5B0%5D%5Bterms%5D%5B0%5D=58&amp;tax_query%5Brelation%5D=AND\" data-max-page=\"288\">\n                    <span class=\"eael-btn-loader button__loader\"><\/span>\n                    <span class=\"eael_load_more_text\">Load More<\/span>\n                <\/button>\n            <\/div>\n            \t\t\t\t<\/div>\n\t\t\t\t\t<\/div>\n\t\t\t\t<\/div>\n\t\t\t\t<\/div>\n\t\t","protected":false},"excerpt":{"rendered":"<p>Cada d\u00eda es otra oportunidad para las emprendedoras guatemaltecas: ocasi\u00f3n de mostrar su talento, creatividad, tradici\u00f3n, identidad a trav\u00e9s de productos aut\u00e9nticos| y un af\u00e1n por salir adelante. Estos 8 relatos as\u00ed lo demuestran. En el D\u00eda Internacional de la Mujer salen a luz muchos relatos de creatividad, inteligencia, innovaci\u00f3n, riqueza cultural y sobre todo [&hellip;]<\/p>\n","protected":false},"author":1,"featured_media":53378,"comment_status":"open","ping_status":"open","sticky":false,"template":"","format":"standard","meta":{"_acf_changed":false,"_eb_attr":"","footnotes":""},"categories":[58],"tags":[],"class_list":["post-53377","post","type-post","status-publish","format-standard","has-post-thumbnail","hentry","category-guate-nuestra"],"acf":[],"aioseo_notices":[],"aioseo_head":"\n\t\t<!-- All in One SEO Pro 4.9.6.2 - aioseo.com -->\n\t<meta name=\"description\" content=\"Conocido por sus vibrantes festividades, artesan\u00edas \u00fanicas y una gastronom\u00eda que deleita los sentidos, Santiago Atitl\u00e1n invita a sumergirse en la cultura maya\" \/>\n\t<meta name=\"robots\" content=\"max-snippet:-1, max-image-preview:large, max-video-preview:-1\" \/>\n\t<meta name=\"author\" content=\"Beatriz Tercero\"\/>\n\t<link rel=\"canonical\" href=\"https:\/\/soymigrante.com\/revista\/santiago-atitlan-es-otro-de-los-pueblos-alrededor-del-lago-mas-bello-del-mundo\/\" \/>\n\t<meta name=\"generator\" content=\"All in One SEO Pro (AIOSEO) 4.9.6.2\" \/>\n\n\t\t<link rel=\"preconnect\" href=\"https:\/\/fonts.googleapis.com\" crossorigin>\n<link rel=\"preconnect\" href=\"https:\/\/fonts.gstatic.com\" crossorigin>\n\t\t<meta property=\"og:locale\" content=\"es_ES\" \/>\n\t\t<meta property=\"og:site_name\" content=\"SoyMigrante.com REVISTA \u2013 Nuestra misi\u00f3n es reconocer y dignificar al migrante.\" \/>\n\t\t<meta property=\"og:type\" content=\"article\" \/>\n\t\t<meta property=\"og:title\" content=\"\u00bfSabes qu\u00e9 significa Santiago Atitl\u00e1n en nahuatl?\" \/>\n\t\t<meta property=\"og:description\" content=\"Conocido por sus vibrantes festividades, artesan\u00edas \u00fanicas y una gastronom\u00eda que deleita los sentidos, Santiago Atitl\u00e1n invita a sumergirse en la cultura maya\" \/>\n\t\t<meta property=\"og:url\" content=\"https:\/\/soymigrante.com\/revista\/santiago-atitlan-es-otro-de-los-pueblos-alrededor-del-lago-mas-bello-del-mundo\/\" \/>\n\t\t<meta property=\"og:image\" content=\"https:\/\/soymigrante.com\/revista\/wp-content\/uploads\/2025\/02\/santiago-atitlan-igelisa-1.webp\" \/>\n\t\t<meta property=\"og:image:secure_url\" content=\"https:\/\/soymigrante.com\/revista\/wp-content\/uploads\/2025\/02\/santiago-atitlan-igelisa-1.webp\" \/>\n\t\t<meta property=\"og:image:width\" content=\"540\" \/>\n\t\t<meta property=\"og:image:height\" content=\"540\" \/>\n\t\t<meta property=\"article:published_time\" content=\"2025-02-11T21:21:21+00:00\" \/>\n\t\t<meta property=\"article:modified_time\" content=\"2025-02-11T21:23:41+00:00\" \/>\n\t\t<meta property=\"article:publisher\" content=\"https:\/\/www.facebook.com\/soymigrantecom\" \/>\n\t\t<meta name=\"twitter:card\" content=\"summary_large_image\" \/>\n\t\t<meta name=\"twitter:site\" content=\"@SoyMigrante_com\" \/>\n\t\t<meta name=\"twitter:title\" content=\"\u00bfSabes qu\u00e9 significa Santiago Atitl\u00e1n en nahuatl?\" \/>\n\t\t<meta name=\"twitter:description\" content=\"Conocido por sus vibrantes festividades, artesan\u00edas \u00fanicas y una gastronom\u00eda que deleita los sentidos, Santiago Atitl\u00e1n invita a sumergirse en la cultura maya\" \/>\n\t\t<meta name=\"twitter:creator\" content=\"@SoyMigrante_com\" \/>\n\t\t<meta name=\"twitter:image\" content=\"https:\/\/soymigrante.com\/revista\/wp-content\/uploads\/2025\/02\/santiago-atitlan-igelisa-1.webp\" \/>\n\t\t<!-- All in One SEO Pro -->\r\n\t\t<title>\u00bfSabes qu\u00e9 significa Santiago Atitl\u00e1n en nahuatl?<\/title>\n\n","aioseo_head_json":{"title":"\u00bfSabes qu\u00e9 significa Santiago Atitl\u00e1n en nahuatl?","description":"Conocido por sus vibrantes festividades, artesan\u00edas \u00fanicas y una gastronom\u00eda que deleita los sentidos, Santiago Atitl\u00e1n invita a sumergirse en la cultura maya","canonical_url":"https:\/\/soymigrante.com\/revista\/santiago-atitlan-es-otro-de-los-pueblos-alrededor-del-lago-mas-bello-del-mundo\/","robots":"max-snippet:-1, max-image-preview:large, max-video-preview:-1","keywords":"","webmasterTools":{"miscellaneous":"&lt;link rel=\"preconnect\" href=\"https:\/\/fonts.googleapis.com\" crossorigin&gt;\n&lt;link rel=\"preconnect\" href=\"https:\/\/fonts.gstatic.com\" crossorigin&gt;"},"schema":null,"og:locale":"es_ES","og:site_name":"SoyMigrante.com REVISTA \u2013 Nuestra misi\u00f3n es reconocer y dignificar al migrante.","og:type":"article","og:title":"\u00bfSabes qu\u00e9 significa Santiago Atitl\u00e1n en nahuatl?","og:description":"Conocido por sus vibrantes festividades, artesan\u00edas \u00fanicas y una gastronom\u00eda que deleita los sentidos, Santiago Atitl\u00e1n invita a sumergirse en la cultura maya","og:url":"https:\/\/soymigrante.com\/revista\/santiago-atitlan-es-otro-de-los-pueblos-alrededor-del-lago-mas-bello-del-mundo\/","og:image":"https:\/\/soymigrante.com\/revista\/wp-content\/uploads\/2025\/02\/santiago-atitlan-igelisa-1.webp","og:image:secure_url":"https:\/\/soymigrante.com\/revista\/wp-content\/uploads\/2025\/02\/santiago-atitlan-igelisa-1.webp","og:image:width":540,"og:image:height":540,"article:published_time":"2025-02-11T21:21:21+00:00","article:modified_time":"2025-02-11T21:23:41+00:00","article:publisher":"https:\/\/www.facebook.com\/soymigrantecom","twitter:card":"summary_large_image","twitter:site":"@SoyMigrante_com","twitter:title":"\u00bfSabes qu\u00e9 significa Santiago Atitl\u00e1n en nahuatl?","twitter:description":"Conocido por sus vibrantes festividades, artesan\u00edas \u00fanicas y una gastronom\u00eda que deleita los sentidos, Santiago Atitl\u00e1n invita a sumergirse en la cultura maya","twitter:creator":"@SoyMigrante_com","twitter:image":"https:\/\/soymigrante.com\/revista\/wp-content\/uploads\/2025\/02\/santiago-atitlan-igelisa-1.webp"},"aioseo_meta_data":{"post_id":"53377","title":"Emprendedoras guatemaltecas innovan y avanzan: 8 historias","description":"El talento, la autenticidad, el ingenio y el af\u00e1n salir adelante impulsa a muchas guatemaltecas, Ellas son ocho emprendedoras de SoyMigrante.com MERCADO","keywords":null,"keyphrases":{"focus":{"keyphrase":"","score":0,"analysis":{"keyphraseInTitle":{"score":0,"maxScore":9,"error":1}}},"additional":[{"keyphrase":"Emprendedoras","score":67,"analysis":{"keyphraseInDescription":{"score":9,"maxScore":9,"error":0},"keyphraseLength":{"score":9,"maxScore":9,"error":0,"length":1},"keyphraseInIntroduction":{"score":9,"maxScore":9,"error":0},"keyphraseInImageAlt":{"score":3,"maxScore":9,"error":1},"keywordDensity":{"score":0,"type":"low","maxScore":9,"error":1}}},{"keyphrase":"Guatemaltecas","score":67,"analysis":{"keyphraseInDescription":{"score":9,"maxScore":9,"error":0},"keyphraseLength":{"score":9,"maxScore":9,"error":0,"length":1},"keyphraseInIntroduction":{"score":9,"maxScore":9,"error":0},"keyphraseInImageAlt":{"score":3,"maxScore":9,"error":1},"keywordDensity":{"score":0,"type":"low","maxScore":9,"error":1}}}]},"primary_term":null,"canonical_url":null,"og_title":null,"og_description":null,"og_object_type":"default","og_image_type":"default","og_image_url":null,"og_image_width":null,"og_image_height":null,"og_image_custom_url":null,"og_image_custom_fields":null,"og_video":"","og_custom_url":null,"og_article_section":null,"og_article_tags":null,"twitter_use_og":false,"twitter_card":"default","twitter_image_type":"default","twitter_image_url":null,"twitter_image_custom_url":null,"twitter_image_custom_fields":null,"twitter_title":null,"twitter_description":null,"schema":{"blockGraphs":[],"customGraphs":[],"default":{"data":{"Article":[],"Course":[],"Dataset":[],"FAQPage":[],"Movie":[],"Person":[],"Product":[],"ProductReview":[],"Car":[],"Recipe":[],"Service":[],"SoftwareApplication":[],"WebPage":[]},"graphName":"NewsArticle","isEnabled":true},"graphs":[]},"schema_type":"default","schema_type_options":null,"pillar_content":false,"robots_default":true,"robots_noindex":false,"robots_noarchive":false,"robots_nosnippet":false,"robots_nofollow":false,"robots_noimageindex":false,"robots_noodp":false,"robots_notranslate":false,"robots_max_snippet":"-1","robots_max_videopreview":"-1","robots_max_imagepreview":"large","priority":null,"frequency":"default","local_seo":null,"seo_analyzer_scan_date":null,"breadcrumb_settings":null,"limit_modified_date":false,"reviewed_by":"0","open_ai":null,"ai":{"faqs":[],"keyPoints":[],"titles":[],"descriptions":[],"socialPosts":{"email":[],"linkedin":[],"twitter":[],"facebook":[],"instagram":[]}},"created":"2026-03-08 20:25:06","updated":"2026-03-08 21:25:44"},"aioseo_breadcrumb":"<div class=\"aioseo-breadcrumbs\"><span class=\"aioseo-breadcrumb\">\n\t<a href=\"https:\/\/soymigrante.com\/revista\" title=\"Home\">Home<\/a>\n<\/span><span class=\"aioseo-breadcrumb-separator\">\u00bb<\/span><span class=\"aioseo-breadcrumb\">\n\t<a href=\"https:\/\/soymigrante.com\/revista\/category\/guate-nuestra\/\" title=\"Guate Nuestra\">Guate Nuestra<\/a>\n<\/span><span class=\"aioseo-breadcrumb-separator\">\u00bb<\/span><span class=\"aioseo-breadcrumb\">\n\t8 emprendimientos liderados por guatemaltecas con tienda digital en SoyMigrante.com MERCADO\n<\/span><\/div>","aioseo_breadcrumb_json":[{"label":"Home","link":"https:\/\/soymigrante.com\/revista"},{"label":"Guate Nuestra","link":"https:\/\/soymigrante.com\/revista\/category\/guate-nuestra\/"},{"label":"8 emprendimientos liderados por guatemaltecas con tienda digital en SoyMigrante.com MERCADO","link":"https:\/\/soymigrante.com\/revista\/ocho-emprendimientos-liderados-por-guatemaltecas-crean-producen-y-venden-a-traves-de-soymigrante-com-mercado\/"}],"_links":{"self":[{"href":"https:\/\/soymigrante.com\/revista\/wp-json\/wp\/v2\/posts\/53377","targetHints":{"allow":["GET"]}}],"collection":[{"href":"https:\/\/soymigrante.com\/revista\/wp-json\/wp\/v2\/posts"}],"about":[{"href":"https:\/\/soymigrante.com\/revista\/wp-json\/wp\/v2\/types\/post"}],"author":[{"embeddable":true,"href":"https:\/\/soymigrante.com\/revista\/wp-json\/wp\/v2\/users\/1"}],"replies":[{"embeddable":true,"href":"https:\/\/soymigrante.com\/revista\/wp-json\/wp\/v2\/comments?post=53377"}],"version-history":[{"count":6,"href":"https:\/\/soymigrante.com\/revista\/wp-json\/wp\/v2\/posts\/53377\/revisions"}],"predecessor-version":[{"id":53386,"href":"https:\/\/soymigrante.com\/revista\/wp-json\/wp\/v2\/posts\/53377\/revisions\/53386"}],"wp:featuredmedia":[{"embeddable":true,"href":"https:\/\/soymigrante.com\/revista\/wp-json\/wp\/v2\/media\/53378"}],"wp:attachment":[{"href":"https:\/\/soymigrante.com\/revista\/wp-json\/wp\/v2\/media?parent=53377"}],"wp:term":[{"taxonomy":"category","embeddable":true,"href":"https:\/\/soymigrante.com\/revista\/wp-json\/wp\/v2\/categories?post=53377"},{"taxonomy":"post_tag","embeddable":true,"href":"https:\/\/soymigrante.com\/revista\/wp-json\/wp\/v2\/tags?post=53377"}],"curies":[{"name":"wp","href":"https:\/\/api.w.org\/{rel}","templated":true}]}}