{"id":53356,"date":"2026-03-07T15:39:56","date_gmt":"2026-03-07T21:39:56","guid":{"rendered":"https:\/\/soymigrante.com\/revista\/?p=53356"},"modified":"2026-03-07T15:41:35","modified_gmt":"2026-03-07T21:41:35","slug":"dia-internacional-de-la-mujer-2026-guatemaltecas-valerosas-sin-fronteras","status":"publish","type":"post","link":"https:\/\/soymigrante.com\/revista\/dia-internacional-de-la-mujer-2026-guatemaltecas-valerosas-sin-fronteras\/","title":{"rendered":"D\u00eda Internacional de la Mujer 2026: Guatemaltecas valerosas sin fronteras"},"content":{"rendered":"\t\t<div data-elementor-type=\"wp-post\" data-elementor-id=\"53356\" class=\"elementor elementor-53356\" data-elementor-post-type=\"post\">\n\t\t\t\t<div data-particle_enable=\"false\" data-particle-mobile-disabled=\"false\" class=\"elementor-element elementor-element-5732848 e-flex e-con-boxed e-con e-parent\" data-id=\"5732848\" data-element_type=\"container\" data-e-type=\"container\">\n\t\t\t\t\t<div class=\"e-con-inner\">\n\t\t\t\t<div class=\"elementor-element elementor-element-431b8f3 elementor-widget elementor-widget-heading\" data-id=\"431b8f3\" data-element_type=\"widget\" data-e-type=\"widget\" data-widget_type=\"heading.default\">\n\t\t\t\t\t<h3 class=\"elementor-heading-title elementor-size-default\">Las migrantes guatemaltecas brillan en m\u00faltiples campos, aportan su talento y servicio en comunidades de Estados Unidos, pero tambi\u00e9n en Guatemala. Estas son ocho historias en homenaje el D\u00eda Internacional de la Mujer.<\/h3>\t\t\t\t<\/div>\n\t\t\t\t\t<\/div>\n\t\t\t\t<\/div>\n\t\t<div data-particle_enable=\"false\" data-particle-mobile-disabled=\"false\" class=\"elementor-element elementor-element-6c63f54 e-flex e-con-boxed e-con e-parent\" data-id=\"6c63f54\" data-element_type=\"container\" data-e-type=\"container\">\n\t\t\t\t\t<div class=\"e-con-inner\">\n\t\t\t\t<div class=\"elementor-element elementor-element-49b96e3 elementor-widget elementor-widget-text-editor\" data-id=\"49b96e3\" data-element_type=\"widget\" data-e-type=\"widget\" data-widget_type=\"text-editor.default\">\n\t\t\t\t\t\t\t\t\t<p>Es un honor para SoyMigrante.com poder contar historias de migrantes <a href=\"https:\/\/soymigrante.com\/revista\/category\/guate-nuestra\/recetas-guatemaltecas\/\">guatemaltecas<\/a> que salen adelante en Estados de la Uni\u00f3n Americana, que apoyan y sirven con abnegaci\u00f3n a las comunidades donde viven. Su talento, trabajo, esfuerzo, <a href=\"https:\/\/soymigrante.com\/revista\/dia-de-la-mujer-guatemaltecas-migrantes-frases-inspiradoras\/\">conocimientos<\/a> e identidad guatemalteca son su fortaleza.&nbsp;&nbsp;<\/p>\n<p>Gracias a cada una de las guatemaltecas que han compartido sus historias para <a href=\"https:\/\/soymigrante.com\/revista\/que-guatemaltecos-recibiran-el-premio-visionarios-por-sus-aportes-al-pais\/\">inspirar <\/a>y mostrar que nada, absolutamente <a href=\"https:\/\/soymigrante.com\/revista\/el-sueno-guatemalteco-de-gloria-florece-en-san-jose-poaquil-con-huevos-cafe-y-una-familia-reunida\/\">nada es imposible<\/a>. Este 8 de Marzo, D\u00eda Internacional de la Mujer 2026 proponemos estos ocho relatos de vida y dar vida, de luz y dar luz, de amor y dar amor, en honor de tantas mujeres guatemaltecas.<\/p>\t\t\t\t\t\t\t\t<\/div>\n\t\t\t\t\t<\/div>\n\t\t\t\t<\/div>\n\t\t<div data-particle_enable=\"false\" data-particle-mobile-disabled=\"false\" class=\"elementor-element elementor-element-03a3905 e-flex e-con-boxed e-con e-parent\" data-id=\"03a3905\" data-element_type=\"container\" data-e-type=\"container\">\n\t\t\t\t\t<div class=\"e-con-inner\">\n\t\t\t\t<div class=\"elementor-element elementor-element-76561a5 elementor-grid-eael-col-1 elementor-grid-tablet-eael-col-2 elementor-grid-mobile-eael-col-1 elementor-widget elementor-widget-eael-post-grid\" data-id=\"76561a5\" data-element_type=\"widget\" data-e-type=\"widget\" data-settings=\"{&quot;eael_post_grid_columns&quot;:&quot;eael-col-1&quot;,&quot;eael_post_grid_columns_tablet&quot;:&quot;eael-col-2&quot;,&quot;eael_post_grid_columns_mobile&quot;:&quot;eael-col-1&quot;}\" data-widget_type=\"eael-post-grid.default\">\n\t\t\t\t\t<div id=\"eael-post-grid-76561a5\" class=\"eael-post-grid-container\">\n            <div class=\"eael-post-grid eael-post-appender eael-post-appender-76561a5 eael-post-grid-style-one\" data-layout-mode=\"masonry\"><article class=\"eael-grid-post  eael-post-grid-column eael-pg-post-49131 category-exitos-guatemala\" data-id=\"49131\">\n        <div class=\"eael-grid-post-holder\">\n            <div class=\"eael-grid-post-holder-inner\"><div class=\"eael-entry-media\"><div class=\"eael-entry-overlay fade-in\"><i class=\"far fa-hand-pointer\" aria-hidden=\"true\"><\/i><a href=\"https:\/\/soymigrante.com\/revista\/valia-zipfel-demuestra-en-usa-su-valia-escritora-coach-conferencista-y-mas\/\"><\/a><\/div><div class=\"eael-entry-thumbnail eael-image-ratio\">\n                <img fetchpriority=\"high\" decoding=\"async\" width=\"421\" height=\"416\" src=\"https:\/\/soymigrante.com\/revista\/wp-content\/uploads\/2025\/12\/valia-zipfel-comunicadora-escritora-coach-conferencista-guatemalteca-en-los-angeles-2.png\" class=\"attachment-large size-large wp-image-49414\" alt=\"valia zipfel comunicadora escritora coach conferencista guatemalteca en los angeles 2\" srcset=\"https:\/\/soymigrante.com\/revista\/wp-content\/uploads\/2025\/12\/valia-zipfel-comunicadora-escritora-coach-conferencista-guatemalteca-en-los-angeles-2.png 421w, https:\/\/soymigrante.com\/revista\/wp-content\/uploads\/2025\/12\/valia-zipfel-comunicadora-escritora-coach-conferencista-guatemalteca-en-los-angeles-2-300x296.png 300w, https:\/\/soymigrante.com\/revista\/wp-content\/uploads\/2025\/12\/valia-zipfel-comunicadora-escritora-coach-conferencista-guatemalteca-en-los-angeles-2-75x75.png 75w\" sizes=\"(max-width: 421px) 100vw, 421px\" \/>\n            <\/div>\n        <\/div><div class=\"eael-entry-wrapper\"><header class=\"eael-entry-header\"><h2 class=\"eael-entry-title\"><a class=\"eael-grid-post-link\" href=\"https:\/\/soymigrante.com\/revista\/valia-zipfel-demuestra-en-usa-su-valia-escritora-coach-conferencista-y-mas\/\" title=\"Valia Zipfel demuestra en USA su val\u00eda: escritora, coach, conferencista y m\u00e1s.\">Valia Zipfel demuestra en USA su val\u00eda: escritora, coach, conferencista y m\u00e1s.<\/a><\/h2><\/header><div class=\"eael-entry-content\">\n                        <div class=\"eael-grid-post-excerpt\"><p>\u201cQue tus miedos nunca te limiten y que tus creencias no te controlen. Que siempre seas libre para vivir.\u201d: uno de los poderosos argumentos de la guatemalteca Valia Zipfel para animar a m\u00e1s personas a potenciar su talento y valor. La ruta de \u00e9xito de la comunicadora guatemalteca Valia Zipfel Carrera es la prueba viva...<\/p><a href=\"https:\/\/soymigrante.com\/revista\/valia-zipfel-demuestra-en-usa-su-valia-escritora-coach-conferencista-y-mas\/\" class=\"eael-post-elements-readmore-btn\">UNA HISTORIA DIGNA DE SER CONOCIDA Y COMPARTIDA<\/a><\/div>\n                    <\/div><\/div><\/div>\n        <\/div>\n    <\/article><article class=\"eael-grid-post  eael-post-grid-column eael-pg-post-49712 category-exitos-guatemala\" data-id=\"49712\">\n        <div class=\"eael-grid-post-holder\">\n            <div class=\"eael-grid-post-holder-inner\"><div class=\"eael-entry-media\"><div class=\"eael-entry-overlay fade-in\"><i class=\"far fa-hand-pointer\" aria-hidden=\"true\"><\/i><a href=\"https:\/\/soymigrante.com\/revista\/silvia-orantes-es-luz-amor-y-apoyo-a-la-ninez-guatemalteca-desde-dallas-texas\/\"><\/a><\/div><div class=\"eael-entry-thumbnail eael-image-ratio\">\n                <img decoding=\"async\" width=\"421\" height=\"416\" src=\"https:\/\/soymigrante.com\/revista\/wp-content\/uploads\/2025\/12\/silvia-orantes-migrante-guatemalteca-texas-fundacion-vida-luz.png\" class=\"attachment-large size-large wp-image-49716\" alt=\"silvia orantes migrante guatemalteca texas fundacion vida luz\" srcset=\"https:\/\/soymigrante.com\/revista\/wp-content\/uploads\/2025\/12\/silvia-orantes-migrante-guatemalteca-texas-fundacion-vida-luz.png 421w, https:\/\/soymigrante.com\/revista\/wp-content\/uploads\/2025\/12\/silvia-orantes-migrante-guatemalteca-texas-fundacion-vida-luz-300x296.png 300w, https:\/\/soymigrante.com\/revista\/wp-content\/uploads\/2025\/12\/silvia-orantes-migrante-guatemalteca-texas-fundacion-vida-luz-75x75.png 75w\" sizes=\"(max-width: 421px) 100vw, 421px\" \/>\n            <\/div>\n        <\/div><div class=\"eael-entry-wrapper\"><header class=\"eael-entry-header\"><h2 class=\"eael-entry-title\"><a class=\"eael-grid-post-link\" href=\"https:\/\/soymigrante.com\/revista\/silvia-orantes-es-luz-amor-y-apoyo-a-la-ninez-guatemalteca-desde-dallas-texas\/\" title=\"Silvia Orantes es luz, amor y apoyo a la ni\u00f1ez guatemalteca desde Dallas, Texas\">Silvia Orantes es luz, amor y apoyo a la ni\u00f1ez guatemalteca desde Dallas, Texas<\/a><\/h2><\/header><div class=\"eael-entry-content\">\n                        <div class=\"eael-grid-post-excerpt\"><p>&#8220;\u00bfQu\u00e9 estoy haciendo por Guatemala?&#8221; es la pregunta que llev\u00f3 a Silvia Orantes, coach y motivadora originaria de Jalapa, a establecer la fundaci\u00f3n Vida y Luz, en Dallas, Texas para apoyar a la ni\u00f1ez. Y esta es su historia. Silvia Orantes, coach y motivadora guatemalteca radicada en Dallas, Texas desde hace m\u00e1s de dos d\u00e9cadas,...<\/p><a href=\"https:\/\/soymigrante.com\/revista\/silvia-orantes-es-luz-amor-y-apoyo-a-la-ninez-guatemalteca-desde-dallas-texas\/\" class=\"eael-post-elements-readmore-btn\">UNA HISTORIA DIGNA DE SER CONOCIDA Y COMPARTIDA<\/a><\/div>\n                    <\/div><\/div><\/div>\n        <\/div>\n    <\/article><article class=\"eael-grid-post  eael-post-grid-column eael-pg-post-50819 category-exitos-guatemala\" data-id=\"50819\">\n        <div class=\"eael-grid-post-holder\">\n            <div class=\"eael-grid-post-holder-inner\"><div class=\"eael-entry-media\"><div class=\"eael-entry-overlay fade-in\"><i class=\"far fa-hand-pointer\" aria-hidden=\"true\"><\/i><a href=\"https:\/\/soymigrante.com\/revista\/celeste-rodas-periodista-y-productora-guatemalteca-en-miami-le-pone-el-corazon-a-cada-historia\/\"><\/a><\/div><div class=\"eael-entry-thumbnail eael-image-ratio\">\n                <img decoding=\"async\" width=\"895\" height=\"884\" src=\"https:\/\/soymigrante.com\/revista\/wp-content\/uploads\/2026\/01\/celeste-rodas-guatemalteca-en-miami-telemundo.png\" class=\"attachment-large size-large wp-image-50821\" alt=\"celeste rodas guatemalteca en miami telemundo\" srcset=\"https:\/\/soymigrante.com\/revista\/wp-content\/uploads\/2026\/01\/celeste-rodas-guatemalteca-en-miami-telemundo.png 895w, https:\/\/soymigrante.com\/revista\/wp-content\/uploads\/2026\/01\/celeste-rodas-guatemalteca-en-miami-telemundo-300x296.png 300w, https:\/\/soymigrante.com\/revista\/wp-content\/uploads\/2026\/01\/celeste-rodas-guatemalteca-en-miami-telemundo-768x759.png 768w, https:\/\/soymigrante.com\/revista\/wp-content\/uploads\/2026\/01\/celeste-rodas-guatemalteca-en-miami-telemundo-75x75.png 75w, https:\/\/soymigrante.com\/revista\/wp-content\/uploads\/2026\/01\/celeste-rodas-guatemalteca-en-miami-telemundo-750x741.png 750w\" sizes=\"(max-width: 895px) 100vw, 895px\" \/>\n            <\/div>\n        <\/div><div class=\"eael-entry-wrapper\"><header class=\"eael-entry-header\"><h2 class=\"eael-entry-title\"><a class=\"eael-grid-post-link\" href=\"https:\/\/soymigrante.com\/revista\/celeste-rodas-periodista-y-productora-guatemalteca-en-miami-le-pone-el-corazon-a-cada-historia\/\" title=\"Celeste Rodas, periodista y productora guatemalteca en Miami le pone el coraz\u00f3n a cada historia\">Celeste Rodas, periodista y productora guatemalteca en Miami le pone el coraz\u00f3n a cada historia<\/a><\/h2><\/header><div class=\"eael-entry-content\">\n                        <div class=\"eael-grid-post-excerpt\"><p>Cuando migr\u00f3 de Guatemala a USA, Celeste Rodas fue a pedir trabajo 13 veces en una revista. &#8220;Cada NO es gasolina para seguir&#8221;, dice. En diciembre 2025 recibi\u00f3 el prestigioso premio Walter Cronkite junto a un equipo de Noticias Telemundo por la serie 100 d\u00edas de Trump. Y esta es su historia. A los seis...<\/p><a href=\"https:\/\/soymigrante.com\/revista\/celeste-rodas-periodista-y-productora-guatemalteca-en-miami-le-pone-el-corazon-a-cada-historia\/\" class=\"eael-post-elements-readmore-btn\">UNA HISTORIA DIGNA DE SER CONOCIDA Y COMPARTIDA<\/a><\/div>\n                    <\/div><\/div><\/div>\n        <\/div>\n    <\/article><\/div>\n            <div class=\"clearfix\"><\/div>\n        <\/div>            <div class=\"eael-load-more-button-wrap eael-force-hide\">\n                <button class=\"eael-load-more-button\" id=\"eael-load-more-btn-76561a5\" data-widget-id=\"76561a5\" data-widget=\"76561a5\" data-page-id=\"53356\" data-template=\"{&quot;dir&quot;:&quot;lite&quot;,&quot;file_name&quot;:&quot;one.php&quot;,&quot;name&quot;:&quot;Post-Grid&quot;}\" data-class=\"Essential_Addons_Elementor\\Elements\\Post_Grid\" data-layout=\"masonry\" data-page=\"1\" data-args=\"orderby=rand&amp;order=desc&amp;ignore_sticky_posts=1&amp;post_status=publish&amp;posts_per_page=3&amp;offset=0&amp;post_type=any&amp;post__in%5B0%5D=50448&amp;post__in%5B1%5D=52255&amp;post__in%5B2%5D=51856&amp;post__in%5B3%5D=49712&amp;post__in%5B4%5D=49131&amp;post__in%5B5%5D=49789&amp;post__in%5B6%5D=50819&amp;post__in%5B7%5D=52822\" data-max-page=\"3\">\n                    <span class=\"eael-btn-loader button__loader\"><\/span>\n                    <span class=\"eael_load_more_text\">Load More<\/span>\n                <\/button>\n            <\/div>\n            \t\t\t\t<\/div>\n\t\t\t\t\t<\/div>\n\t\t\t\t<\/div>\n\t\t<div data-particle_enable=\"false\" data-particle-mobile-disabled=\"false\" class=\"elementor-element elementor-element-34801d3 e-flex e-con-boxed e-con e-parent\" data-id=\"34801d3\" data-element_type=\"container\" data-e-type=\"container\">\n\t\t\t\t\t<div class=\"e-con-inner\">\n\t\t\t\t<div class=\"elementor-element elementor-element-d3fd227 elementor-widget elementor-widget-heading\" data-id=\"d3fd227\" data-element_type=\"widget\" data-e-type=\"widget\" data-widget_type=\"heading.default\">\n\t\t\t\t\t<h3 class=\"elementor-heading-title elementor-size-default\">Tambi\u00e9n te podr\u00eda interesar<\/h3>\t\t\t\t<\/div>\n\t\t\t\t\t<\/div>\n\t\t\t\t<\/div>\n\t\t<div data-particle_enable=\"false\" data-particle-mobile-disabled=\"false\" class=\"elementor-element elementor-element-d3a2831 e-flex e-con-boxed e-con e-parent\" data-id=\"d3a2831\" data-element_type=\"container\" data-e-type=\"container\">\n\t\t\t\t\t<div class=\"e-con-inner\">\n\t\t\t\t<div class=\"elementor-element elementor-element-2243ac7 elementor-grid-eael-col-3 elementor-grid-tablet-eael-col-2 elementor-grid-mobile-eael-col-1 elementor-widget elementor-widget-eael-post-grid\" data-id=\"2243ac7\" data-element_type=\"widget\" data-e-type=\"widget\" data-settings=\"{&quot;eael_post_grid_columns&quot;:&quot;eael-col-3&quot;,&quot;eael_post_grid_columns_tablet&quot;:&quot;eael-col-2&quot;,&quot;eael_post_grid_columns_mobile&quot;:&quot;eael-col-1&quot;}\" data-widget_type=\"eael-post-grid.default\">\n\t\t\t\t\t<div id=\"eael-post-grid-2243ac7\" class=\"eael-post-grid-container\">\n            <div class=\"eael-post-grid eael-post-appender eael-post-appender-2243ac7 eael-post-grid-style-one\" data-layout-mode=\"masonry\"><article class=\"eael-grid-post  eael-post-grid-column eael-pg-post-24697 category-guate-nuestra\" data-id=\"24697\">\n        <div class=\"eael-grid-post-holder\">\n            <div class=\"eael-grid-post-holder-inner\"><div class=\"eael-entry-media\"><div class=\"eael-entry-overlay fade-in\"><i class=\"far fa-hand-pointer\" aria-hidden=\"true\"><\/i><a href=\"https:\/\/soymigrante.com\/revista\/feliz-dia-de-san-valentin-del-carino-guatemala-exporta-rosas\/\"><\/a><\/div><div class=\"eael-entry-thumbnail eael-image-ratio\">\n                <img loading=\"lazy\" decoding=\"async\" width=\"1024\" height=\"1010\" src=\"https:\/\/soymigrante.com\/revista\/wp-content\/uploads\/2025\/02\/rosas-exportacion-1024x1010.jpg\" class=\"attachment-large size-large wp-image-24787\" alt=\"Ramo de rosas rojas en mano, s\u00edmbolo de amor y celebraci\u00f3n, ideal para ocasiones especiales y momentos rom\u00e1nticos en la comunidad de migrantes en M\u00e9xico y Am\u00e9rica Latina.\" srcset=\"https:\/\/soymigrante.com\/revista\/wp-content\/uploads\/2025\/02\/rosas-exportacion-1024x1010.jpg 1024w, https:\/\/soymigrante.com\/revista\/wp-content\/uploads\/2025\/02\/rosas-exportacion-300x296.jpg 300w, https:\/\/soymigrante.com\/revista\/wp-content\/uploads\/2025\/02\/rosas-exportacion-768x757.jpg 768w, https:\/\/soymigrante.com\/revista\/wp-content\/uploads\/2025\/02\/rosas-exportacion-1536x1514.jpg 1536w, https:\/\/soymigrante.com\/revista\/wp-content\/uploads\/2025\/02\/rosas-exportacion-2048x2019.jpg 2048w, https:\/\/soymigrante.com\/revista\/wp-content\/uploads\/2025\/02\/rosas-exportacion-75x75.webp 75w, https:\/\/soymigrante.com\/revista\/wp-content\/uploads\/2025\/02\/rosas-exportacion-750x739.webp 750w, https:\/\/soymigrante.com\/revista\/wp-content\/uploads\/2025\/02\/rosas-exportacion-1140x1124.webp 1140w, https:\/\/soymigrante.com\/revista\/wp-content\/uploads\/2025\/02\/rosas-exportacion-scaled.webp 1920w\" sizes=\"(max-width: 1024px) 100vw, 1024px\" \/>\n            <\/div>\n        <\/div><div class=\"eael-entry-wrapper\"><header class=\"eael-entry-header\"><h2 class=\"eael-entry-title\"><a class=\"eael-grid-post-link\" href=\"https:\/\/soymigrante.com\/revista\/feliz-dia-de-san-valentin-del-carino-guatemala-exporta-rosas\/\" title=\"Guatemala exporta millones de rosas para decir Feliz D\u00eda de San Valent\u00edn \u00bfEn qu\u00e9 pa\u00edses?\">Guatemala exporta millones de rosas para decir Feliz D\u00eda de San Valent\u00edn \u00bfEn qu\u00e9 pa\u00edses?<\/a><\/h2><\/header><div class=\"eael-entry-content\">\n                        <div class=\"eael-grid-post-excerpt\"><a href=\"https:\/\/soymigrante.com\/revista\/feliz-dia-de-san-valentin-del-carino-guatemala-exporta-rosas\/\" class=\"eael-post-elements-readmore-btn\">CONOCE SU HISTORIA <\/a><\/div>\n                    <\/div><\/div><\/div>\n        <\/div>\n    <\/article><article class=\"eael-grid-post  eael-post-grid-column eael-pg-post-16773 category-guate-nuestra tags-18-diciembre-dia-del-migrante\" data-id=\"16773\">\n        <div class=\"eael-grid-post-holder\">\n            <div class=\"eael-grid-post-holder-inner\"><div class=\"eael-entry-media\"><div class=\"eael-entry-overlay fade-in\"><i class=\"far fa-hand-pointer\" aria-hidden=\"true\"><\/i><a href=\"https:\/\/soymigrante.com\/revista\/construccion-es-un-sector-en-el-cual-destaca-la-dedicacion-muchos-migrantes-guatemaltecos\/\"><\/a><\/div><div class=\"eael-entry-thumbnail eael-image-ratio\">\n                <img loading=\"lazy\" decoding=\"async\" width=\"1024\" height=\"1024\" src=\"https:\/\/soymigrante.com\/revista\/wp-content\/uploads\/2024\/12\/migrantes-guatemaltecos-1-scaled-e1734379641809-1024x1024.jpg\" class=\"attachment-large size-large wp-image-16777\" alt=\"Taladro inal\u00e1mbrico siendo usado en trabajo de carpinter\u00eda con guante de protecci\u00f3n y ambiente de taller.\" srcset=\"https:\/\/soymigrante.com\/revista\/wp-content\/uploads\/2024\/12\/migrantes-guatemaltecos-1-scaled-e1734379641809-1024x1024.jpg 1024w, https:\/\/soymigrante.com\/revista\/wp-content\/uploads\/2024\/12\/migrantes-guatemaltecos-1-scaled-e1734379641809-300x300.jpg 300w, https:\/\/soymigrante.com\/revista\/wp-content\/uploads\/2024\/12\/migrantes-guatemaltecos-1-scaled-e1734379641809-150x150.jpg 150w, https:\/\/soymigrante.com\/revista\/wp-content\/uploads\/2024\/12\/migrantes-guatemaltecos-1-scaled-e1734379641809-768x768.jpg 768w, https:\/\/soymigrante.com\/revista\/wp-content\/uploads\/2024\/12\/migrantes-guatemaltecos-1-scaled-e1734379641809-1536x1536.jpg 1536w, https:\/\/soymigrante.com\/revista\/wp-content\/uploads\/2024\/12\/migrantes-guatemaltecos-1-scaled-e1734379641809-75x75.webp 75w, https:\/\/soymigrante.com\/revista\/wp-content\/uploads\/2024\/12\/migrantes-guatemaltecos-1-scaled-e1734379641809-750x750.webp 750w, https:\/\/soymigrante.com\/revista\/wp-content\/uploads\/2024\/12\/migrantes-guatemaltecos-1-scaled-e1734379641809-1140x1140.webp 1140w, https:\/\/soymigrante.com\/revista\/wp-content\/uploads\/2024\/12\/migrantes-guatemaltecos-1-scaled-e1734379641809.webp 1707w\" sizes=\"(max-width: 1024px) 100vw, 1024px\" \/>\n            <\/div>\n        <\/div><div class=\"eael-entry-wrapper\"><header class=\"eael-entry-header\"><h2 class=\"eael-entry-title\"><a class=\"eael-grid-post-link\" href=\"https:\/\/soymigrante.com\/revista\/construccion-es-un-sector-en-el-cual-destaca-la-dedicacion-muchos-migrantes-guatemaltecos\/\" title=\"Construcci\u00f3n es un sector en el cual destaca la labor de migrantes guatemaltecos en USA\">Construcci\u00f3n es un sector en el cual destaca la labor de migrantes guatemaltecos en USA<\/a><\/h2><\/header><div class=\"eael-entry-content\">\n                        <div class=\"eael-grid-post-excerpt\"><a href=\"https:\/\/soymigrante.com\/revista\/construccion-es-un-sector-en-el-cual-destaca-la-dedicacion-muchos-migrantes-guatemaltecos\/\" class=\"eael-post-elements-readmore-btn\">CONOCE SU HISTORIA <\/a><\/div>\n                    <\/div><\/div><\/div>\n        <\/div>\n    <\/article><article class=\"eael-grid-post  eael-post-grid-column eael-pg-post-28332 category-guate-nuestra\" data-id=\"28332\">\n        <div class=\"eael-grid-post-holder\">\n            <div class=\"eael-grid-post-holder-inner\"><div class=\"eael-entry-media\"><div class=\"eael-entry-overlay fade-in\"><i class=\"far fa-hand-pointer\" aria-hidden=\"true\"><\/i><a href=\"https:\/\/soymigrante.com\/revista\/el-canal-de-chiquimulilla-tesoro-turistico-y-ecologico-del-sur\/\"><\/a><\/div><div class=\"eael-entry-thumbnail eael-image-ratio\">\n                <img loading=\"lazy\" decoding=\"async\" width=\"1024\" height=\"1024\" src=\"https:\/\/soymigrante.com\/revista\/wp-content\/uploads\/2025\/03\/canal-de-chiquimulilla-7-1024x1024.jpg\" class=\"attachment-large size-large wp-image-28415\" alt=\"Barcos en un r\u00edo rodeado de naturaleza, con personas en embarcaciones navegando por un entorno selv\u00e1tico en una comunidad migrante, reflejando cultura y vida cotidiana rural.\" srcset=\"https:\/\/soymigrante.com\/revista\/wp-content\/uploads\/2025\/03\/canal-de-chiquimulilla-7-1024x1024.jpg 1024w, https:\/\/soymigrante.com\/revista\/wp-content\/uploads\/2025\/03\/canal-de-chiquimulilla-7-300x300.jpg 300w, https:\/\/soymigrante.com\/revista\/wp-content\/uploads\/2025\/03\/canal-de-chiquimulilla-7-150x150.jpg 150w, https:\/\/soymigrante.com\/revista\/wp-content\/uploads\/2025\/03\/canal-de-chiquimulilla-7-768x768.jpg 768w, https:\/\/soymigrante.com\/revista\/wp-content\/uploads\/2025\/03\/canal-de-chiquimulilla-7-1536x1536.jpg 1536w, https:\/\/soymigrante.com\/revista\/wp-content\/uploads\/2025\/03\/canal-de-chiquimulilla-7-2048x2048.jpg 2048w, https:\/\/soymigrante.com\/revista\/wp-content\/uploads\/2025\/03\/canal-de-chiquimulilla-7-75x75.webp 75w, https:\/\/soymigrante.com\/revista\/wp-content\/uploads\/2025\/03\/canal-de-chiquimulilla-7-750x750.webp 750w, https:\/\/soymigrante.com\/revista\/wp-content\/uploads\/2025\/03\/canal-de-chiquimulilla-7-1140x1140.webp 1140w, https:\/\/soymigrante.com\/revista\/wp-content\/uploads\/2025\/03\/canal-de-chiquimulilla-7.webp 1920w\" sizes=\"(max-width: 1024px) 100vw, 1024px\" \/>\n            <\/div>\n        <\/div><div class=\"eael-entry-wrapper\"><header class=\"eael-entry-header\"><h2 class=\"eael-entry-title\"><a class=\"eael-grid-post-link\" href=\"https:\/\/soymigrante.com\/revista\/el-canal-de-chiquimulilla-tesoro-turistico-y-ecologico-del-sur\/\" title=\"El Canal de Chiquimulilla: tesoro tur\u00edstico y ecol\u00f3gico del sur\">El Canal de Chiquimulilla: tesoro tur\u00edstico y ecol\u00f3gico del sur<\/a><\/h2><\/header><div class=\"eael-entry-content\">\n                        <div class=\"eael-grid-post-excerpt\"><a href=\"https:\/\/soymigrante.com\/revista\/el-canal-de-chiquimulilla-tesoro-turistico-y-ecologico-del-sur\/\" class=\"eael-post-elements-readmore-btn\">CONOCE SU HISTORIA <\/a><\/div>\n                    <\/div><\/div><\/div>\n        <\/div>\n    <\/article><\/div>\n            <div class=\"clearfix\"><\/div>\n        <\/div>            <div class=\"eael-load-more-button-wrap eael-force-hide\">\n                <button class=\"eael-load-more-button\" id=\"eael-load-more-btn-2243ac7\" data-widget-id=\"2243ac7\" data-widget=\"2243ac7\" data-page-id=\"53356\" data-template=\"{&quot;dir&quot;:&quot;lite&quot;,&quot;file_name&quot;:&quot;one.php&quot;,&quot;name&quot;:&quot;Post-Grid&quot;}\" data-class=\"Essential_Addons_Elementor\\Elements\\Post_Grid\" data-layout=\"masonry\" data-page=\"1\" data-args=\"orderby=rand&amp;order=desc&amp;ignore_sticky_posts=1&amp;post_status=publish&amp;posts_per_page=3&amp;offset=0&amp;post_type=post&amp;tax_query%5B0%5D%5Btaxonomy%5D=category&amp;tax_query%5B0%5D%5Bfield%5D=term_id&amp;tax_query%5B0%5D%5Bterms%5D%5B0%5D=58&amp;tax_query%5Brelation%5D=AND\" data-max-page=\"288\">\n                    <span class=\"eael-btn-loader button__loader\"><\/span>\n                    <span class=\"eael_load_more_text\">Load More<\/span>\n                <\/button>\n            <\/div>\n            \t\t\t\t<\/div>\n\t\t\t\t\t<\/div>\n\t\t\t\t<\/div>\n\t\t\t\t<\/div>\n\t\t","protected":false},"excerpt":{"rendered":"<p>Las migrantes guatemaltecas brillan en m\u00faltiples campos, aportan su talento y servicio en comunidades de Estados Unidos, pero tambi\u00e9n en Guatemala. Estas son ocho historias en homenaje el D\u00eda Internacional de la Mujer. Es un honor para SoyMigrante.com poder contar historias de migrantes guatemaltecas que salen adelante en Estados de la Uni\u00f3n Americana, que apoyan [&hellip;]<\/p>\n","protected":false},"author":7,"featured_media":53358,"comment_status":"open","ping_status":"open","sticky":false,"template":"","format":"standard","meta":{"_acf_changed":false,"_eb_attr":"","footnotes":""},"categories":[54],"tags":[],"class_list":["post-53356","post","type-post","status-publish","format-standard","has-post-thumbnail","hentry","category-estamos-unidos"],"acf":[],"aioseo_notices":[],"aioseo_head":"\n\t\t<!-- All in One SEO Pro 4.9.6.2 - aioseo.com -->\n\t<meta name=\"description\" content=\"El Canal de Chiquimulilla es una puerta a la biodiversidad y su recorrido abarca tres departamentos. Conoce m\u00e1s sobre sus caracteristicas.\" \/>\n\t<meta name=\"robots\" content=\"max-snippet:-1, max-image-preview:large, max-video-preview:-1\" \/>\n\t<meta name=\"author\" content=\"Marysabel Aldana\"\/>\n\t<link rel=\"canonical\" href=\"https:\/\/soymigrante.com\/revista\/el-canal-de-chiquimulilla-tesoro-turistico-y-ecologico-del-sur\/\" \/>\n\t<meta name=\"generator\" content=\"All in One SEO Pro (AIOSEO) 4.9.6.2\" \/>\n\n\t\t<link rel=\"preconnect\" href=\"https:\/\/fonts.googleapis.com\" crossorigin>\n<link rel=\"preconnect\" href=\"https:\/\/fonts.gstatic.com\" crossorigin>\n\t\t<meta property=\"og:locale\" content=\"es_ES\" \/>\n\t\t<meta property=\"og:site_name\" content=\"SoyMigrante.com REVISTA \u2013 Nuestra misi\u00f3n es reconocer y dignificar al migrante.\" \/>\n\t\t<meta property=\"og:type\" content=\"article\" \/>\n\t\t<meta property=\"og:title\" content=\"El Canal de Chiquimulilla: tesoro tur\u00edstico y ecol\u00f3gico del sur\" \/>\n\t\t<meta property=\"og:description\" content=\"El Canal de Chiquimulilla es una puerta a la biodiversidad y su recorrido abarca tres departamentos. Conoce m\u00e1s sobre sus caracteristicas.\" \/>\n\t\t<meta property=\"og:url\" content=\"https:\/\/soymigrante.com\/revista\/el-canal-de-chiquimulilla-tesoro-turistico-y-ecologico-del-sur\/\" \/>\n\t\t<meta property=\"og:image\" content=\"https:\/\/soymigrante.com\/revista\/wp-content\/uploads\/2025\/03\/canal-de-chiquimulilla-7.webp\" \/>\n\t\t<meta property=\"og:image:secure_url\" content=\"https:\/\/soymigrante.com\/revista\/wp-content\/uploads\/2025\/03\/canal-de-chiquimulilla-7.webp\" \/>\n\t\t<meta property=\"og:image:width\" content=\"1920\" \/>\n\t\t<meta property=\"og:image:height\" content=\"1920\" \/>\n\t\t<meta property=\"article:published_time\" content=\"2025-03-17T13:00:00+00:00\" \/>\n\t\t<meta property=\"article:modified_time\" content=\"2025-04-17T15:09:18+00:00\" \/>\n\t\t<meta property=\"article:publisher\" content=\"https:\/\/www.facebook.com\/soymigrantecom\" \/>\n\t\t<meta name=\"twitter:card\" content=\"summary_large_image\" \/>\n\t\t<meta name=\"twitter:site\" content=\"@SoyMigrante_com\" \/>\n\t\t<meta name=\"twitter:title\" content=\"El Canal de Chiquimulilla: tesoro tur\u00edstico y ecol\u00f3gico del sur\" \/>\n\t\t<meta name=\"twitter:description\" content=\"El Canal de Chiquimulilla es una puerta a la biodiversidad y su recorrido abarca tres departamentos. Conoce m\u00e1s sobre sus caracteristicas.\" \/>\n\t\t<meta name=\"twitter:creator\" content=\"@SoyMigrante_com\" \/>\n\t\t<meta name=\"twitter:image\" content=\"https:\/\/soymigrante.com\/revista\/wp-content\/uploads\/2025\/03\/canal-de-chiquimulilla-7.webp\" \/>\n\t\t<!-- All in One SEO Pro -->\r\n\t\t<title>El Canal de Chiquimulilla: tesoro tur\u00edstico y ecol\u00f3gico del sur<\/title>\n\n","aioseo_head_json":{"title":"El Canal de Chiquimulilla: tesoro tur\u00edstico y ecol\u00f3gico del sur","description":"El Canal de Chiquimulilla es una puerta a la biodiversidad y su recorrido abarca tres departamentos. Conoce m\u00e1s sobre sus caracteristicas.","canonical_url":"https:\/\/soymigrante.com\/revista\/el-canal-de-chiquimulilla-tesoro-turistico-y-ecologico-del-sur\/","robots":"max-snippet:-1, max-image-preview:large, max-video-preview:-1","keywords":"","webmasterTools":{"miscellaneous":"&lt;link rel=\"preconnect\" href=\"https:\/\/fonts.googleapis.com\" crossorigin&gt;\n&lt;link rel=\"preconnect\" href=\"https:\/\/fonts.gstatic.com\" crossorigin&gt;"},"schema":null,"og:locale":"es_ES","og:site_name":"SoyMigrante.com REVISTA \u2013 Nuestra misi\u00f3n es reconocer y dignificar al migrante.","og:type":"article","og:title":"El Canal de Chiquimulilla: tesoro tur\u00edstico y ecol\u00f3gico del sur","og:description":"El Canal de Chiquimulilla es una puerta a la biodiversidad y su recorrido abarca tres departamentos. Conoce m\u00e1s sobre sus caracteristicas.","og:url":"https:\/\/soymigrante.com\/revista\/el-canal-de-chiquimulilla-tesoro-turistico-y-ecologico-del-sur\/","og:image":"https:\/\/soymigrante.com\/revista\/wp-content\/uploads\/2025\/03\/canal-de-chiquimulilla-7.webp","og:image:secure_url":"https:\/\/soymigrante.com\/revista\/wp-content\/uploads\/2025\/03\/canal-de-chiquimulilla-7.webp","og:image:width":1920,"og:image:height":1920,"article:published_time":"2025-03-17T13:00:00+00:00","article:modified_time":"2025-04-17T15:09:18+00:00","article:publisher":"https:\/\/www.facebook.com\/soymigrantecom","twitter:card":"summary_large_image","twitter:site":"@SoyMigrante_com","twitter:title":"El Canal de Chiquimulilla: tesoro tur\u00edstico y ecol\u00f3gico del sur","twitter:description":"El Canal de Chiquimulilla es una puerta a la biodiversidad y su recorrido abarca tres departamentos. Conoce m\u00e1s sobre sus caracteristicas.","twitter:creator":"@SoyMigrante_com","twitter:image":"https:\/\/soymigrante.com\/revista\/wp-content\/uploads\/2025\/03\/canal-de-chiquimulilla-7.webp"},"aioseo_meta_data":{"post_id":"53356","title":"D\u00eda Internacional de la Mujer: Guatemaltecas sin fronteras","description":"Ocho historias para celebrar talentos, inteligencias, creatividades, esp\u00edritus de servicio de migrantes guatemaltecas que brillan en diversos campos. Con\u00f3celas","keywords":null,"keyphrases":{"focus":{"keyphrase":"Guatemaltecas","score":82,"analysis":{"keyphraseInTitle":{"score":9,"maxScore":9,"error":0},"keyphraseInDescription":{"score":9,"maxScore":9,"error":0},"keyphraseLength":{"score":9,"maxScore":9,"error":0,"length":1},"keyphraseInURL":{"score":5,"maxScore":5,"error":0},"keyphraseInIntroduction":{"score":9,"maxScore":9,"error":0},"keyphraseInSubHeadings":{"score":3,"maxScore":9,"error":1},"keyphraseInImageAlt":{"score":3,"maxScore":9,"error":1},"keywordDensity":{"type":"best","score":9,"maxScore":9,"error":0}}},"additional":[{"keyphrase":"D\u00eda de la Mujer","score":33,"analysis":{"keyphraseInDescription":{"score":3,"maxScore":9,"error":1},"keyphraseLength":{"score":6,"maxScore":9,"error":1,"length":5},"keyphraseInIntroduction":{"score":3,"maxScore":9,"error":1},"keyphraseInImageAlt":{"score":3,"maxScore":9,"error":1},"keywordDensity":{"score":0,"type":"low","maxScore":9,"error":1}}},{"keyphrase":"D\u00eda Internacional de la Mujer","score":33,"analysis":{"keyphraseInDescription":{"score":3,"maxScore":9,"error":1},"keyphraseLength":{"score":6,"maxScore":9,"error":1,"length":6},"keyphraseInIntroduction":{"score":3,"maxScore":9,"error":1},"keyphraseInImageAlt":{"score":3,"maxScore":9,"error":1},"keywordDensity":{"score":0,"type":"low","maxScore":9,"error":1}}},{"keyphrase":"sin fronteras","score":40,"analysis":{"keyphraseInDescription":{"score":3,"maxScore":9,"error":1},"keyphraseLength":{"score":9,"maxScore":9,"error":0,"length":2},"keyphraseInIntroduction":{"score":3,"maxScore":9,"error":1},"keyphraseInImageAlt":{"score":3,"maxScore":9,"error":1},"keywordDensity":{"score":0,"type":"low","maxScore":9,"error":1}}},{"keyphrase":"fronteras","score":40,"analysis":{"keyphraseInDescription":{"score":3,"maxScore":9,"error":1},"keyphraseLength":{"score":9,"maxScore":9,"error":0,"length":1},"keyphraseInIntroduction":{"score":3,"maxScore":9,"error":1},"keyphraseInImageAlt":{"score":3,"maxScore":9,"error":1},"keywordDensity":{"score":0,"type":"low","maxScore":9,"error":1}}},{"keyphrase":"Migrantes","score":100,"analysis":{"keyphraseInDescription":{"score":9,"maxScore":9,"error":0},"keyphraseLength":{"score":9,"maxScore":9,"error":0,"length":1},"keyphraseInIntroduction":{"score":9,"maxScore":9,"error":0},"keyphraseInImageAlt":{"score":9,"maxScore":9,"error":0},"keywordDensity":{"type":"best","score":9,"maxScore":9,"error":0}}}]},"primary_term":null,"canonical_url":null,"og_title":null,"og_description":null,"og_object_type":"default","og_image_type":"default","og_image_url":null,"og_image_width":null,"og_image_height":null,"og_image_custom_url":null,"og_image_custom_fields":null,"og_video":"","og_custom_url":null,"og_article_section":null,"og_article_tags":null,"twitter_use_og":false,"twitter_card":"default","twitter_image_type":"default","twitter_image_url":null,"twitter_image_custom_url":null,"twitter_image_custom_fields":null,"twitter_title":null,"twitter_description":null,"schema":{"blockGraphs":[],"customGraphs":[],"default":{"data":{"Article":[],"Course":[],"Dataset":[],"FAQPage":[],"Movie":[],"Person":[],"Product":[],"ProductReview":[],"Car":[],"Recipe":[],"Service":[],"SoftwareApplication":[],"WebPage":[]},"graphName":"NewsArticle","isEnabled":true},"graphs":[]},"schema_type":"default","schema_type_options":null,"pillar_content":false,"robots_default":true,"robots_noindex":false,"robots_noarchive":false,"robots_nosnippet":false,"robots_nofollow":false,"robots_noimageindex":false,"robots_noodp":false,"robots_notranslate":false,"robots_max_snippet":"-1","robots_max_videopreview":"-1","robots_max_imagepreview":"large","priority":null,"frequency":"default","local_seo":null,"seo_analyzer_scan_date":null,"breadcrumb_settings":null,"limit_modified_date":false,"reviewed_by":"0","open_ai":null,"ai":{"faqs":[],"keyPoints":[],"titles":[],"descriptions":[],"socialPosts":{"email":[],"linkedin":[],"twitter":[],"facebook":[],"instagram":[]}},"created":"2026-03-07 15:10:05","updated":"2026-03-07 22:19:31"},"aioseo_breadcrumb":"<div class=\"aioseo-breadcrumbs\"><span class=\"aioseo-breadcrumb\">\n\t<a href=\"https:\/\/soymigrante.com\/revista\" title=\"Home\">Home<\/a>\n<\/span><span class=\"aioseo-breadcrumb-separator\">\u00bb<\/span><span class=\"aioseo-breadcrumb\">\n\t<a href=\"https:\/\/soymigrante.com\/revista\/category\/estamos-unidos\/\" title=\"Estamos Unidos\">Estamos Unidos<\/a>\n<\/span><span class=\"aioseo-breadcrumb-separator\">\u00bb<\/span><span class=\"aioseo-breadcrumb\">\n\tD\u00eda Internacional de la Mujer 2026: Guatemaltecas valerosas sin fronteras\n<\/span><\/div>","aioseo_breadcrumb_json":[{"label":"Home","link":"https:\/\/soymigrante.com\/revista"},{"label":"Estamos Unidos","link":"https:\/\/soymigrante.com\/revista\/category\/estamos-unidos\/"},{"label":"D\u00eda Internacional de la Mujer 2026: Guatemaltecas valerosas sin fronteras","link":"https:\/\/soymigrante.com\/revista\/dia-internacional-de-la-mujer-2026-guatemaltecas-valerosas-sin-fronteras\/"}],"_links":{"self":[{"href":"https:\/\/soymigrante.com\/revista\/wp-json\/wp\/v2\/posts\/53356","targetHints":{"allow":["GET"]}}],"collection":[{"href":"https:\/\/soymigrante.com\/revista\/wp-json\/wp\/v2\/posts"}],"about":[{"href":"https:\/\/soymigrante.com\/revista\/wp-json\/wp\/v2\/types\/post"}],"author":[{"embeddable":true,"href":"https:\/\/soymigrante.com\/revista\/wp-json\/wp\/v2\/users\/7"}],"replies":[{"embeddable":true,"href":"https:\/\/soymigrante.com\/revista\/wp-json\/wp\/v2\/comments?post=53356"}],"version-history":[{"count":8,"href":"https:\/\/soymigrante.com\/revista\/wp-json\/wp\/v2\/posts\/53356\/revisions"}],"predecessor-version":[{"id":53367,"href":"https:\/\/soymigrante.com\/revista\/wp-json\/wp\/v2\/posts\/53356\/revisions\/53367"}],"wp:featuredmedia":[{"embeddable":true,"href":"https:\/\/soymigrante.com\/revista\/wp-json\/wp\/v2\/media\/53358"}],"wp:attachment":[{"href":"https:\/\/soymigrante.com\/revista\/wp-json\/wp\/v2\/media?parent=53356"}],"wp:term":[{"taxonomy":"category","embeddable":true,"href":"https:\/\/soymigrante.com\/revista\/wp-json\/wp\/v2\/categories?post=53356"},{"taxonomy":"post_tag","embeddable":true,"href":"https:\/\/soymigrante.com\/revista\/wp-json\/wp\/v2\/tags?post=53356"}],"curies":[{"name":"wp","href":"https:\/\/api.w.org\/{rel}","templated":true}]}}