{"id":53345,"date":"2026-03-06T17:23:24","date_gmt":"2026-03-06T23:23:24","guid":{"rendered":"https:\/\/soymigrante.com\/revista\/?p=53345"},"modified":"2026-03-11T12:17:52","modified_gmt":"2026-03-11T18:17:52","slug":"vilma-tzoc-y-sus-hijas-hacen-brillar-las-danzas-mayas-guatemaltecas-en-nueva-york","status":"publish","type":"post","link":"https:\/\/soymigrante.com\/revista\/vilma-tzoc-y-sus-hijas-hacen-brillar-las-danzas-mayas-guatemaltecas-en-nueva-york\/","title":{"rendered":"Vilma Tzoc y sus hijas hacen brillar las danzas mayas guatemaltecas en Nueva York"},"content":{"rendered":"\t\t<div data-elementor-type=\"wp-post\" data-elementor-id=\"53345\" class=\"elementor elementor-53345\" data-elementor-post-type=\"post\">\n\t\t\t\t<div data-particle_enable=\"false\" data-particle-mobile-disabled=\"false\" class=\"elementor-element elementor-element-f1b4a1b e-flex e-con-boxed e-con e-parent\" data-id=\"f1b4a1b\" data-element_type=\"container\" data-e-type=\"container\">\n\t\t\t\t\t<div class=\"e-con-inner\">\n\t\t\t\t<div class=\"elementor-element elementor-element-51615da elementor-widget elementor-widget-heading\" data-id=\"51615da\" data-element_type=\"widget\" data-e-type=\"widget\" data-widget_type=\"heading.default\">\n\t\t\t\t\t<h3 class=\"elementor-heading-title elementor-size-default\">Vilma Tzoc, originaria de San Juan Argueta, Solol\u00e1 y sus 3 hijas son el n\u00facleo del grupo de Danza Folcl\u00f3rica Multicultural en Nueva York, en el cual hay integrantes de otros pa\u00edses latinoamericanos, a quienes fascina la identidad maya guatemalteca.<\/h3>\t\t\t\t<\/div>\n\t\t\t\t<div class=\"elementor-element elementor-element-cdf5ac1 elementor-widget elementor-widget-html\" data-id=\"cdf5ac1\" data-element_type=\"widget\" data-e-type=\"widget\" data-widget_type=\"html.default\">\n\t\t\t\t\t<div id=\"buzzsprout-player-18830367\"><\/div><script src=\"https:\/\/www.buzzsprout.com\/2444168\/episodes\/18830367-identidad-de-la-danza-k-iche-brilla-en-ny-con-vilma-tzoc.js?container_id=buzzsprout-player-18830367&player=small\" type=\"text\/javascript\" charset=\"utf-8\"><\/script>\t\t\t\t<\/div>\n\t\t\t\t\t<\/div>\n\t\t\t\t<\/div>\n\t\t<div data-particle_enable=\"false\" data-particle-mobile-disabled=\"false\" class=\"elementor-element elementor-element-148ab53 e-flex e-con-boxed e-con e-parent\" data-id=\"148ab53\" data-element_type=\"container\" data-e-type=\"container\">\n\t\t\t\t\t<div class=\"e-con-inner\">\n\t\t\t\t<div class=\"elementor-element elementor-element-e09521e elementor-widget elementor-widget-text-editor\" data-id=\"e09521e\" data-element_type=\"widget\" data-e-type=\"widget\" data-widget_type=\"text-editor.default\">\n\t\t\t\t\t\t\t\t\t<p>Este s\u00e1bado 7 de marzo, el grupo Danza Folcl\u00f3rica Cultural Guatemalteco Multicultural participar\u00e1 en una actividad organizada por la hermandad de la Virgen de Lourdes de Santa Cruz del Quich\u00e9, en Brooklyn, Nueva York, y dedicada a dicha advocaci\u00f3n mariana. Es una m\u00e1s de las presentaciones de danzas mayas que efect\u00faan. &#8220;En cada una nos esmeramos por hacer brillar nuestra identidad&#8221;, expresa Vilma Tzoc, fundadora, migrante guatemalteca k&#8217;iche&#8217;, originaria de San Juan Argueta, Solol\u00e1, un pueblo de fuerte tradici\u00f3n cultural y artesanal.\u00a0<\/p><p>En el proyecto tambi\u00e9n participan sus tres hijas \u2014Natalie Cardona, Nicole Garrido y Dana Garrido\u2014 quienes nacieron en Estados Unidos pero han crecido con amor a sus ra\u00edces culturales, inculcadas por su mam\u00e1.<\/p><p>\u00a0\u201cYo empec\u00e9 de muy peque\u00f1a en la cultura\u201d, recuerda Vilma.\u00a0 \u201cFue una participaci\u00f3n muy bonita con mi pap\u00e1, que en paz descanse. Desde los tres a\u00f1itos empec\u00e9 a bailar, como parte de las festividades de coronaci\u00f3n de reinas de pueblos en Solol\u00e1. Mi pap\u00e1 era el maestro de ceremonias en la investidura de las reinas y \u00e9l me ense\u00f1\u00f3 ese amor a la indumentaria, al baile, a nuestro pueblo\u201d, expresa Tzoc, quien actualmente trabaja en est\u00e9tica de u\u00f1as.<\/p>\t\t\t\t\t\t\t\t<\/div>\n\t\t\t\t\t<\/div>\n\t\t\t\t<\/div>\n\t\t<div data-particle_enable=\"false\" data-particle-mobile-disabled=\"false\" class=\"elementor-element elementor-element-4cc74d1 e-flex e-con-boxed e-con e-parent\" data-id=\"4cc74d1\" data-element_type=\"container\" data-e-type=\"container\">\n\t\t\t\t\t<div class=\"e-con-inner\">\n\t\t\t\t<div class=\"elementor-element elementor-element-fc027dd elementor-widget elementor-widget-image\" data-id=\"fc027dd\" data-element_type=\"widget\" data-e-type=\"widget\" data-widget_type=\"image.default\">\n\t\t\t\t\t\t\t\t\t\t\t\t<figure class=\"wp-caption\">\n\t\t\t\t\t\t\t\t\t\t<img fetchpriority=\"high\" decoding=\"async\" width=\"1140\" height=\"857\" src=\"https:\/\/soymigrante.com\/revista\/wp-content\/uploads\/2026\/03\/Vilma-tzoc-e-hijas-grupo-danza-folclorica-multicultural-en-brooklyn-nueva-york-1-1140x857.jpeg\" class=\"attachment-large size-large wp-image-53350\" alt=\"Vilma Tzoc, migrante guatemalteca originaria de San Juan Argueta Solol\u00e1 y fundadora del Grupo de Danza Multicultural Guatemalteca en Nueva York, sostiene una tinaja despu\u00e9s de una presentaci\u00f3n. A su derecha, su hija menor Dana. A su izquierda est\u00e1n sus otras dos hijas Nicole y Natalie, junto al resto de integrantes del grupo, entre los cuales hay migrantes de M\u00e9xico y Ecuador que disfrutan de la identidad maya guatemalteca. (foto cortes\u00eda Vilma Tzoc)\" srcset=\"https:\/\/soymigrante.com\/revista\/wp-content\/uploads\/2026\/03\/Vilma-tzoc-e-hijas-grupo-danza-folclorica-multicultural-en-brooklyn-nueva-york-1-1140x857.jpeg 1140w, https:\/\/soymigrante.com\/revista\/wp-content\/uploads\/2026\/03\/Vilma-tzoc-e-hijas-grupo-danza-folclorica-multicultural-en-brooklyn-nueva-york-1-300x225.jpeg 300w, https:\/\/soymigrante.com\/revista\/wp-content\/uploads\/2026\/03\/Vilma-tzoc-e-hijas-grupo-danza-folclorica-multicultural-en-brooklyn-nueva-york-1-768x577.jpeg 768w, https:\/\/soymigrante.com\/revista\/wp-content\/uploads\/2026\/03\/Vilma-tzoc-e-hijas-grupo-danza-folclorica-multicultural-en-brooklyn-nueva-york-1-750x564.jpeg 750w, https:\/\/soymigrante.com\/revista\/wp-content\/uploads\/2026\/03\/Vilma-tzoc-e-hijas-grupo-danza-folclorica-multicultural-en-brooklyn-nueva-york-1.jpeg 1284w\" sizes=\"(max-width: 1140px) 100vw, 1140px\" title=\"Vilma Tzoc, migrante guatemalteca originaria de San Juan Argueta Solol\u00e1 y fundadora del Grupo de Danza Multicultural Guatemalteca en Nueva York, sostiene una tinaja despu\u00e9s de una presentaci\u00f3n. A su derecha, su hija menor Dana. A su izquierda est\u00e1n sus otras dos hijas Nicole y Natalie, junto al resto de integrantes del grupo, entre los cuales hay migrantes de  M\u00e9xico y Ecuador que disfrutan de la identidad maya guatemalteca. (foto cortes\u00eda Vilma Tzoc) \u2013 SoyMigrante.com REVISTA\" \/>\t\t\t\t\t\t\t\t\t\t\t<figcaption class=\"widget-image-caption wp-caption-text\">Vilma Tzoc, migrante guatemalteca originaria de San Juan Argueta Solol\u00e1 y fundadora del Grupo de Danza Multicultural Guatemalteca en Nueva York, sostiene una tinaja despu\u00e9s de una presentaci\u00f3n. A su derecha, su hija menor Dana. A su izquierda est\u00e1n sus otras dos hijas Nicole y Natalie, junto al resto de integrantes del grupo, entre los cuales hay migrantes de  M\u00e9xico y Ecuador que disfrutan de la identidad maya guatemalteca. (foto cortes\u00eda Vilma Tzoc)<\/figcaption>\n\t\t\t\t\t\t\t\t\t\t<\/figure>\n\t\t\t\t\t\t\t\t\t<\/div>\n\t\t\t\t\t<\/div>\n\t\t\t\t<\/div>\n\t\t<div data-particle_enable=\"false\" data-particle-mobile-disabled=\"false\" class=\"elementor-element elementor-element-297364f e-flex e-con-boxed e-con e-parent\" data-id=\"297364f\" data-element_type=\"container\" data-e-type=\"container\">\n\t\t\t\t\t<div class=\"e-con-inner\">\n\t\t\t\t<div class=\"elementor-element elementor-element-46e9c2e elementor-widget elementor-widget-text-editor\" data-id=\"46e9c2e\" data-element_type=\"widget\" data-e-type=\"widget\" data-widget_type=\"text-editor.default\">\n\t\t\t\t\t\t\t\t\t<p><span style=\"color: #000000; font-family: Mulish, sans-serif; font-size: 31px; font-weight: bold;\">De San Juan Argueta a Brooklyn, Nueva York<\/span><\/p><p>La vida, sin embargo, no ha sido sencilla, ni f\u00e1cil. &#8220;Solo pude estudiar primaria. A los 10 a\u00f1os tuve que empezar a trabajar, me mandaron a la capital&#8230; A los 17 migr\u00e9 a Estados Unidos. Vine a trabajar, como todos, a buscar un gran sue\u00f1o&#8221;.<\/p><p>\u201cHe trabajado en limpieza de casas, en restaurantes coreanos y ahora soy especialista en est\u00e9tica de u\u00f1as en un sal\u00f3n\u201d. Cuenta que su horario actual le permite dedicar tiempo al grupo cultural, que recibe m\u00faltiples invitaciones para presentarse. Ha estado en festivales guatemaltecos y en ocasiones como la declaraci\u00f3n del D\u00eda de Guatemala en Nueva York.<\/p><p>Durante a\u00f1os la vida de Vilma gir\u00f3 alrededor del trabajo y de criar a sus hijas. Pero con el tiempo, la cultura que aprendi\u00f3 en su infancia volvi\u00f3 a abrirse paso en su vida cotidiana. \u201cCon mi hija mayor empec\u00e9 a inculcarles nuestra cultura y nuestro idioma\u201d, explica. \u201cEn la escuela ella hac\u00eda presentaciones cuando celebraban el Mes de la Hispanidad. Deb\u00edan exponer su identidad y as\u00ed empez\u00f3 a disfrutar de usar nuestro traje y despu\u00e9s la danza\u201d.<\/p><p>Vilma empez\u00f3 a participar en actividades de la parroquia de Nuestra Se\u00f1ora de la Presentaci\u00f3n, en el Barrio Jamaica de Brooklyn, luego en eventos escolares y celebraciones comunitarias. \u201cCelebr\u00e1bamos el 15 de enero y el 15 de septiembre. Poco a poco nos fuimos dando a conocer como familia, que nos gusta la danza. Empezamos a colaborar con otros grupos, en desfiles y actividades, a donde nos invitan\u201d.<\/p>\t\t\t\t\t\t\t\t<\/div>\n\t\t\t\t\t<\/div>\n\t\t\t\t<\/div>\n\t\t<div data-particle_enable=\"false\" data-particle-mobile-disabled=\"false\" class=\"elementor-element elementor-element-20ed102 e-flex e-con-boxed e-con e-parent\" data-id=\"20ed102\" data-element_type=\"container\" data-e-type=\"container\">\n\t\t\t\t\t<div class=\"e-con-inner\">\n\t\t\t\t<div class=\"elementor-element elementor-element-bebdbda elementor-widget elementor-widget-image\" data-id=\"bebdbda\" data-element_type=\"widget\" data-e-type=\"widget\" data-widget_type=\"image.default\">\n\t\t\t\t\t\t\t\t\t\t\t\t<figure class=\"wp-caption\">\n\t\t\t\t\t\t\t\t\t\t<img decoding=\"async\" width=\"770\" height=\"1024\" src=\"https:\/\/soymigrante.com\/revista\/wp-content\/uploads\/2026\/03\/Vilma-tzoc-e-hijas-grupo-danza-folclorica-multicultural-en-brooklyn-nueva-york-13-770x1024.jpeg\" class=\"attachment-large size-large wp-image-53351\" alt=\"Vilma Tzoc en la residencia del alcalde de Nueva York, el 29 de diciembre de 2025, cuando se declar\u00f3 el D\u00eda de Guatemala en esa ciudad.\" srcset=\"https:\/\/soymigrante.com\/revista\/wp-content\/uploads\/2026\/03\/Vilma-tzoc-e-hijas-grupo-danza-folclorica-multicultural-en-brooklyn-nueva-york-13-770x1024.jpeg 770w, https:\/\/soymigrante.com\/revista\/wp-content\/uploads\/2026\/03\/Vilma-tzoc-e-hijas-grupo-danza-folclorica-multicultural-en-brooklyn-nueva-york-13-226x300.jpeg 226w, https:\/\/soymigrante.com\/revista\/wp-content\/uploads\/2026\/03\/Vilma-tzoc-e-hijas-grupo-danza-folclorica-multicultural-en-brooklyn-nueva-york-13-768x1021.jpeg 768w, https:\/\/soymigrante.com\/revista\/wp-content\/uploads\/2026\/03\/Vilma-tzoc-e-hijas-grupo-danza-folclorica-multicultural-en-brooklyn-nueva-york-13-1155x1536.jpeg 1155w, https:\/\/soymigrante.com\/revista\/wp-content\/uploads\/2026\/03\/Vilma-tzoc-e-hijas-grupo-danza-folclorica-multicultural-en-brooklyn-nueva-york-13-750x997.jpeg 750w, https:\/\/soymigrante.com\/revista\/wp-content\/uploads\/2026\/03\/Vilma-tzoc-e-hijas-grupo-danza-folclorica-multicultural-en-brooklyn-nueva-york-13-1140x1516.jpeg 1140w, https:\/\/soymigrante.com\/revista\/wp-content\/uploads\/2026\/03\/Vilma-tzoc-e-hijas-grupo-danza-folclorica-multicultural-en-brooklyn-nueva-york-13.jpeg 1284w\" sizes=\"(max-width: 770px) 100vw, 770px\" title=\"Vilma Tzoc en la residencia del alcalde de Nueva York, el 29 de diciembre de 2025, cuando se declar\u00f3 el D\u00eda de Guatemala en esa ciudad. \u2013 SoyMigrante.com REVISTA\" \/>\t\t\t\t\t\t\t\t\t\t\t<figcaption class=\"widget-image-caption wp-caption-text\">Vilma Tzoc en la residencia del alcalde de Nueva York, el 29 de diciembre de 2025, cuando se declar\u00f3 el D\u00eda de Guatemala en esa ciudad. <\/figcaption>\n\t\t\t\t\t\t\t\t\t\t<\/figure>\n\t\t\t\t\t\t\t\t\t<\/div>\n\t\t\t\t\t<\/div>\n\t\t\t\t<\/div>\n\t\t<div data-particle_enable=\"false\" data-particle-mobile-disabled=\"false\" class=\"elementor-element elementor-element-ff01b90 e-flex e-con-boxed e-con e-parent\" data-id=\"ff01b90\" data-element_type=\"container\" data-e-type=\"container\">\n\t\t\t\t\t<div class=\"e-con-inner\">\n\t\t\t\t<div class=\"elementor-element elementor-element-2e10bc0 elementor-widget elementor-widget-text-editor\" data-id=\"2e10bc0\" data-element_type=\"widget\" data-e-type=\"widget\" data-widget_type=\"text-editor.default\">\n\t\t\t\t\t\t\t\t\t<p><span style=\"color: #000000; font-family: Mulish, sans-serif; font-size: 31px; font-weight: bold;\">Cultura guatemalteca sin fronteras\u00a0<\/span><\/p><p>\u201cCuando surgi\u00f3 el grupo Danza Folcl\u00f3rica Multicultural Guatemalteca\u201d, le pusimos Multicultural porque lo conforman integrantes de Guatemala, pero tambi\u00e9n de otros pa\u00edses.\u00a0 Cuando nos juntamos todos somos como 15, desde el m\u00e1s peque\u00f1o hasta adultos mayores. Tenemos integrantes de Ecuador, M\u00e9xico y Guatemala\u201d, expresa con orgullo.<\/p><p>La mezcla de nacionalidades refleja la hermandad de las comunidades migrantes hispanas en Estados Unidos. \u201cNo es por nada, pero aqu\u00ed nos volvemos hermanos, familia\u201d, dice. \u201cNo es por sangre, es por convivencia. Vivimos y compartimos con gente de otros pa\u00edses\u201d.<\/p><p>El grupo tiene alrededor de dos a\u00f1os funcionando como colectivo multicultural y ha participado en diferentes actividades comunitarias. \u201cHemos colaborado con la comunidad guatemalteca y tambi\u00e9n con colombianos, ecuatorianos, mexicanos\u2026 incluso con nativos americanos\u201d, cuenta. \u201cQueremos dar a conocer nuestra cultura, el arte, nuestras tradiciones y nuestras ra\u00edces\u201d.<\/p><p>\u201cCada integrante adquiere su traje\u201d, explica Vilma. \u201cLas personas que est\u00e1n con nosotros aman la cultura de Guatemala. Con todo el amor del mundo logran comprar los trajes y dar su tiempo\u201d.\u00a0<\/p><p>\u00a0<\/p>\t\t\t\t\t\t\t\t<\/div>\n\t\t\t\t\t<\/div>\n\t\t\t\t<\/div>\n\t\t<div data-particle_enable=\"false\" data-particle-mobile-disabled=\"false\" class=\"elementor-element elementor-element-278dbe6 e-flex e-con-boxed e-con e-parent\" data-id=\"278dbe6\" data-element_type=\"container\" data-e-type=\"container\">\n\t\t\t\t\t<div class=\"e-con-inner\">\n\t\t\t\t<div class=\"elementor-element elementor-element-7192c8c elementor-widget elementor-widget-html\" data-id=\"7192c8c\" data-element_type=\"widget\" data-e-type=\"widget\" data-widget_type=\"html.default\">\n\t\t\t\t\t<iframe src=\"https:\/\/www.facebook.com\/plugins\/video.php?height=476&href=https%3A%2F%2Fwww.facebook.com%2Freel%2F1407629483862590%2F&show_text=true&width=267&t=0\" width=\"267\" height=\"591\" style=\"border:none;overflow:hidden\" scrolling=\"no\" frameborder=\"0\" allowfullscreen=\"true\" allow=\"autoplay; clipboard-write; encrypted-media; picture-in-picture; web-share\" allowFullScreen=\"true\"><\/iframe>\t\t\t\t<\/div>\n\t\t\t\t\t<\/div>\n\t\t\t\t<\/div>\n\t\t<div data-particle_enable=\"false\" data-particle-mobile-disabled=\"false\" class=\"elementor-element elementor-element-86b20a8 e-flex e-con-boxed e-con e-parent\" data-id=\"86b20a8\" data-element_type=\"container\" data-e-type=\"container\">\n\t\t\t\t\t<div class=\"e-con-inner\">\n\t\t\t\t<div class=\"elementor-element elementor-element-8af88db elementor-widget elementor-widget-heading\" data-id=\"8af88db\" data-element_type=\"widget\" data-e-type=\"widget\" data-widget_type=\"heading.default\">\n\t\t\t\t\t<h3 class=\"elementor-heading-title elementor-size-default\">La mejor herencia: una identidad fuerte y milenaria<\/h3>\t\t\t\t<\/div>\n\t\t\t\t\t<\/div>\n\t\t\t\t<\/div>\n\t\t<div data-particle_enable=\"false\" data-particle-mobile-disabled=\"false\" class=\"elementor-element elementor-element-9295385 e-flex e-con-boxed e-con e-parent\" data-id=\"9295385\" data-element_type=\"container\" data-e-type=\"container\">\n\t\t\t\t\t<div class=\"e-con-inner\">\n\t\t\t\t<div class=\"elementor-element elementor-element-4a43282 elementor-widget elementor-widget-text-editor\" data-id=\"4a43282\" data-element_type=\"widget\" data-e-type=\"widget\" data-widget_type=\"text-editor.default\">\n\t\t\t\t\t\t\t\t\t<p>En esa din\u00e1mica sus hijas han crecido con amor a Guatemala y rodeadas de m\u00fasica tradicional. \u201cLa mayor tiene 20 a\u00f1os y est\u00e1 estudiando Criminolog\u00eda en la universidad. Ella empez\u00f3 cuando ten\u00eda tres a\u00f1os\u201d, cuenta con orgullo. \u201cLuego est\u00e1n mis otras dos hijas de 14 y 12\u201d.<\/p><p>\u201cYo siempre les digo: en este pa\u00eds solo nacieron, pero ustedes tienen sangre chapina\u201d, comenta. \u201cEl a\u00f1o pasado viajaron juntas a Guatemala, fueron a Argueta, a San Marcos y a Xela. Regresaron fascinadas\u201d.<\/p><p>Despu\u00e9s de 24 a\u00f1os viviendo en Estados Unidos, Vilma ha pasado m\u00e1s de la mitad de su vida ha transcurrido lejos de su pa\u00eds de origen. Aun as\u00ed mantiene orgullo por su cosmovisi\u00f3n.\u00a0 \u201cS\u00ed, me siento orgullosa\u201d, afirma. \u201cNo es f\u00e1cil llevar el grupo porque hay trabajo, actividades e invitaciones\u201d.<\/p><p>Para ella, la danza es tambi\u00e9n una forma de combatir la nostalgia que sienten muchos migrantes. \u201cTodos los guatemaltecos que radicamos ac\u00e1 extra\u00f1amos nuestro pa\u00eds\u201d, dice. \u201cEntonces traer un poco de Guatemala aqu\u00ed, compartirlo con nuestra gente y sentir ese calor\u201d.<\/p><p>Este s\u00e1bado, cuando el grupo vuelva a presentarse frente a la comunidad guatemalteca en Brooklyn, Vilma Tzoc seguir\u00e1 haciendo lo mismo que empez\u00f3 cuando era una ni\u00f1a en Argueta: mantener vivas las tradiciones de su pueblo, ahora en otra latitud distante, pero entre hermanos.<\/p>\t\t\t\t\t\t\t\t<\/div>\n\t\t\t\t\t<\/div>\n\t\t\t\t<\/div>\n\t\t<div data-particle_enable=\"false\" data-particle-mobile-disabled=\"false\" class=\"elementor-element elementor-element-5f64248 e-flex e-con-boxed e-con e-parent\" data-id=\"5f64248\" data-element_type=\"container\" data-e-type=\"container\">\n\t\t\t\t\t<div class=\"e-con-inner\">\n\t\t\t\t<div class=\"elementor-element elementor-element-1e750c4 elementor-widget elementor-widget-image\" data-id=\"1e750c4\" data-element_type=\"widget\" data-e-type=\"widget\" data-widget_type=\"image.default\">\n\t\t\t\t\t\t\t\t\t\t\t\t\t\t\t<img decoding=\"async\" width=\"526\" height=\"789\" src=\"https:\/\/soymigrante.com\/revista\/wp-content\/uploads\/2026\/03\/646409654_122185893152381779_6194137023092395203_n.jpg\" class=\"attachment-large size-large wp-image-53352\" alt=\"convite del 7 de marzo\" srcset=\"https:\/\/soymigrante.com\/revista\/wp-content\/uploads\/2026\/03\/646409654_122185893152381779_6194137023092395203_n.jpg 526w, https:\/\/soymigrante.com\/revista\/wp-content\/uploads\/2026\/03\/646409654_122185893152381779_6194137023092395203_n-200x300.jpg 200w\" sizes=\"(max-width: 526px) 100vw, 526px\" title=\"convite del 7 de marzo \u2013 SoyMigrante.com REVISTA\" \/>\t\t\t\t\t\t\t\t\t\t\t\t\t\t\t<\/div>\n\t\t\t\t\t<\/div>\n\t\t\t\t<\/div>\n\t\t<div data-particle_enable=\"false\" data-particle-mobile-disabled=\"false\" class=\"elementor-element elementor-element-55d3fbd e-flex e-con-boxed e-con e-parent\" data-id=\"55d3fbd\" data-element_type=\"container\" data-e-type=\"container\">\n\t\t\t\t\t<div class=\"e-con-inner\">\n\t\t\t\t<div class=\"elementor-element elementor-element-5ffa712 elementor-widget elementor-widget-global elementor-global-52097 elementor-widget-heading\" data-id=\"5ffa712\" data-element_type=\"widget\" data-e-type=\"widget\" data-widget_type=\"heading.default\">\n\t\t\t\t\t<h2 class=\"elementor-heading-title elementor-size-default\">Quiz\u00e1 tambi\u00e9n te podr\u00eda interesar<\/h2>\t\t\t\t<\/div>\n\t\t\t\t\t<\/div>\n\t\t\t\t<\/div>\n\t\t<div data-particle_enable=\"false\" data-particle-mobile-disabled=\"false\" class=\"elementor-element elementor-element-f6dcfc5 e-flex e-con-boxed e-con e-parent\" data-id=\"f6dcfc5\" data-element_type=\"container\" data-e-type=\"container\">\n\t\t\t\t\t<div class=\"e-con-inner\">\n\t\t\t\t<div class=\"elementor-element elementor-element-2a22daa elementor-grid-eael-col-3 elementor-grid-tablet-eael-col-2 elementor-grid-mobile-eael-col-1 elementor-widget elementor-widget-eael-post-grid\" data-id=\"2a22daa\" data-element_type=\"widget\" data-e-type=\"widget\" data-settings=\"{&quot;eael_post_grid_columns&quot;:&quot;eael-col-3&quot;,&quot;eael_post_grid_columns_tablet&quot;:&quot;eael-col-2&quot;,&quot;eael_post_grid_columns_mobile&quot;:&quot;eael-col-1&quot;}\" data-widget_type=\"eael-post-grid.default\">\n\t\t\t\t\t<div id=\"eael-post-grid-2a22daa\" class=\"eael-post-grid-container\">\n            <div class=\"eael-post-grid eael-post-appender eael-post-appender-2a22daa eael-post-grid-style-one\" data-layout-mode=\"masonry\"><article class=\"eael-grid-post  eael-post-grid-column eael-pg-post-40814 category-guate-nuestra tags-mercado-emprendedores\" data-id=\"40814\">\n        <div class=\"eael-grid-post-holder\">\n            <div class=\"eael-grid-post-holder-inner\"><div class=\"eael-entry-media\"><div class=\"eael-entry-overlay fade-in\"><i class=\"far fa-hand-pointer\" aria-hidden=\"true\"><\/i><a href=\"https:\/\/soymigrante.com\/revista\/brenda-francisco-encontro-un-camino-de-miel-y-ahora-esta-en-mercado\/\"><\/a><\/div><div class=\"eael-entry-thumbnail eael-image-ratio\">\n                <img loading=\"lazy\" decoding=\"async\" width=\"410\" height=\"669\" src=\"https:\/\/soymigrante.com\/revista\/wp-content\/uploads\/2025\/07\/WhatsApp-Image-2025-07-28-at-82945-AM.webp\" class=\"attachment-large size-large wp-image-40815\" alt=\"Botella de miel y productos artesanales en stand de feria cultural en un mercado al aire libre.\" srcset=\"https:\/\/soymigrante.com\/revista\/wp-content\/uploads\/2025\/07\/WhatsApp-Image-2025-07-28-at-82945-AM.webp 410w, https:\/\/soymigrante.com\/revista\/wp-content\/uploads\/2025\/07\/WhatsApp-Image-2025-07-28-at-82945-AM-184x300.jpeg 184w\" sizes=\"(max-width: 410px) 100vw, 410px\" \/>\n            <\/div>\n        <\/div><div class=\"eael-entry-wrapper\"><header class=\"eael-entry-header\"><h2 class=\"eael-entry-title\"><a class=\"eael-grid-post-link\" href=\"https:\/\/soymigrante.com\/revista\/brenda-francisco-encontro-un-camino-de-miel-y-ahora-esta-en-mercado\/\" title=\"Brenda Francisco encontr\u00f3 un camino de miel y ahora est\u00e1 en MERCADO\">Brenda Francisco encontr\u00f3 un camino de miel y ahora est\u00e1 en MERCADO<\/a><\/h2><\/header><div class=\"eael-entry-content\">\n                        <div class=\"eael-grid-post-excerpt\"><a href=\"https:\/\/soymigrante.com\/revista\/brenda-francisco-encontro-un-camino-de-miel-y-ahora-esta-en-mercado\/\" class=\"eael-post-elements-readmore-btn\">CONOCE SU HISTORIA <\/a><\/div>\n                    <\/div><\/div><\/div>\n        <\/div>\n    <\/article><article class=\"eael-grid-post  eael-post-grid-column eael-pg-post-17093 category-guate-nuestra\" data-id=\"17093\">\n        <div class=\"eael-grid-post-holder\">\n            <div class=\"eael-grid-post-holder-inner\"><div class=\"eael-entry-media\"><div class=\"eael-entry-overlay fade-in\"><i class=\"far fa-hand-pointer\" aria-hidden=\"true\"><\/i><a href=\"https:\/\/soymigrante.com\/revista\/san-juan-la-laguna-tesoro-cultural-a-la-orilla-del-lago-de-atitlan-fue-aspirante-a-best-tourism-villages\/\"><\/a><\/div><div class=\"eael-entry-thumbnail eael-image-ratio\">\n                <img loading=\"lazy\" decoding=\"async\" width=\"1024\" height=\"1024\" src=\"https:\/\/soymigrante.com\/revista\/wp-content\/uploads\/2024\/12\/san-juan-la-laguna-mirador-kaqasiiwaan.webp\" class=\"attachment-large size-large wp-image-17126\" alt=\"Colorida pintura mural con motivos tradicionales en un mirador con vista a un volc\u00e1n y ciudad, en un paisaje de monta\u00f1a en Centroam\u00e9rica.\" srcset=\"https:\/\/soymigrante.com\/revista\/wp-content\/uploads\/2024\/12\/san-juan-la-laguna-mirador-kaqasiiwaan.webp 1024w, https:\/\/soymigrante.com\/revista\/wp-content\/uploads\/2024\/12\/san-juan-la-laguna-mirador-kaqasiiwaan-300x300.jpg 300w, https:\/\/soymigrante.com\/revista\/wp-content\/uploads\/2024\/12\/san-juan-la-laguna-mirador-kaqasiiwaan-150x150.jpg 150w, https:\/\/soymigrante.com\/revista\/wp-content\/uploads\/2024\/12\/san-juan-la-laguna-mirador-kaqasiiwaan-768x768.jpg 768w, https:\/\/soymigrante.com\/revista\/wp-content\/uploads\/2024\/12\/san-juan-la-laguna-mirador-kaqasiiwaan-75x75.webp 75w, https:\/\/soymigrante.com\/revista\/wp-content\/uploads\/2024\/12\/san-juan-la-laguna-mirador-kaqasiiwaan-750x750.webp 750w\" sizes=\"(max-width: 1024px) 100vw, 1024px\" \/>\n            <\/div>\n        <\/div><div class=\"eael-entry-wrapper\"><header class=\"eael-entry-header\"><h2 class=\"eael-entry-title\"><a class=\"eael-grid-post-link\" href=\"https:\/\/soymigrante.com\/revista\/san-juan-la-laguna-tesoro-cultural-a-la-orilla-del-lago-de-atitlan-fue-aspirante-a-best-tourism-villages\/\" title=\"San Juan La Laguna: Tesoro cultural a la orilla del lago de Atitl\u00e1n, fue aspirante a Best Tourism Villages\">San Juan La Laguna: Tesoro cultural a la orilla del lago de Atitl\u00e1n, fue aspirante a Best Tourism Villages<\/a><\/h2><\/header><div class=\"eael-entry-content\">\n                        <div class=\"eael-grid-post-excerpt\"><a href=\"https:\/\/soymigrante.com\/revista\/san-juan-la-laguna-tesoro-cultural-a-la-orilla-del-lago-de-atitlan-fue-aspirante-a-best-tourism-villages\/\" class=\"eael-post-elements-readmore-btn\">CONOCE SU HISTORIA <\/a><\/div>\n                    <\/div><\/div><\/div>\n        <\/div>\n    <\/article><article class=\"eael-grid-post  eael-post-grid-column eael-pg-post-36076 category-guate-nuestra tags-volcanes-de-guatemala\" data-id=\"36076\">\n        <div class=\"eael-grid-post-holder\">\n            <div class=\"eael-grid-post-holder-inner\"><div class=\"eael-entry-media\"><div class=\"eael-entry-overlay fade-in\"><i class=\"far fa-hand-pointer\" aria-hidden=\"true\"><\/i><a href=\"https:\/\/soymigrante.com\/revista\/volcan-cerro-quemado-guardian-sagrado-de-quetzaltenango\/\"><\/a><\/div><div class=\"eael-entry-thumbnail eael-image-ratio\">\n                <img loading=\"lazy\" decoding=\"async\" width=\"236\" height=\"236\" src=\"https:\/\/soymigrante.com\/revista\/wp-content\/uploads\/2025\/06\/volcan-cerro-quemado-e1749682175628.jpg\" class=\"attachment-large size-large wp-image-36077\" alt=\"Hongo volc\u00e1nico negro en un paisaje de monta\u00f1a, formaci\u00f3n geol\u00f3gica \u00fanica, turismo de naturaleza, aventura, geolog\u00eda volc\u00e1nica, gu\u00eda de viaje para turismo activo en destinos volc\u00e1nicos.\" srcset=\"https:\/\/soymigrante.com\/revista\/wp-content\/uploads\/2025\/06\/volcan-cerro-quemado-e1749682175628.jpg 236w, https:\/\/soymigrante.com\/revista\/wp-content\/uploads\/2025\/06\/volcan-cerro-quemado-e1749682175628-150x150.jpg 150w, https:\/\/soymigrante.com\/revista\/wp-content\/uploads\/2025\/06\/volcan-cerro-quemado-e1749682175628-75x75.jpg 75w\" sizes=\"(max-width: 236px) 100vw, 236px\" \/>\n            <\/div>\n        <\/div><div class=\"eael-entry-wrapper\"><header class=\"eael-entry-header\"><h2 class=\"eael-entry-title\"><a class=\"eael-grid-post-link\" href=\"https:\/\/soymigrante.com\/revista\/volcan-cerro-quemado-guardian-sagrado-de-quetzaltenango\/\" title=\"Volc\u00e1n Cerro\u202fQuemado: guardi\u00e1n sagrado de Quetzaltenango\">Volc\u00e1n Cerro\u202fQuemado: guardi\u00e1n sagrado de Quetzaltenango<\/a><\/h2><\/header><div class=\"eael-entry-content\">\n                        <div class=\"eael-grid-post-excerpt\"><a href=\"https:\/\/soymigrante.com\/revista\/volcan-cerro-quemado-guardian-sagrado-de-quetzaltenango\/\" class=\"eael-post-elements-readmore-btn\">CONOCE SU HISTORIA <\/a><\/div>\n                    <\/div><\/div><\/div>\n        <\/div>\n    <\/article><\/div>\n            <div class=\"clearfix\"><\/div>\n        <\/div>            <div class=\"eael-load-more-button-wrap eael-force-hide\">\n                <button class=\"eael-load-more-button\" id=\"eael-load-more-btn-2a22daa\" data-widget-id=\"2a22daa\" data-widget=\"2a22daa\" data-page-id=\"53345\" data-template=\"{&quot;dir&quot;:&quot;lite&quot;,&quot;file_name&quot;:&quot;one.php&quot;,&quot;name&quot;:&quot;Post-Grid&quot;}\" data-class=\"Essential_Addons_Elementor\\Elements\\Post_Grid\" data-layout=\"masonry\" data-page=\"1\" data-args=\"orderby=rand&amp;order=desc&amp;ignore_sticky_posts=1&amp;post_status=publish&amp;posts_per_page=3&amp;offset=0&amp;post_type=post&amp;tax_query%5B0%5D%5Btaxonomy%5D=category&amp;tax_query%5B0%5D%5Bfield%5D=term_id&amp;tax_query%5B0%5D%5Bterms%5D%5B0%5D=58&amp;tax_query%5Brelation%5D=AND\" data-max-page=\"288\">\n                    <span class=\"eael-btn-loader button__loader\"><\/span>\n                    <span class=\"eael_load_more_text\">Load More<\/span>\n                <\/button>\n            <\/div>\n            \t\t\t\t<\/div>\n\t\t\t\t\t<\/div>\n\t\t\t\t<\/div>\n\t\t\t\t<\/div>\n\t\t","protected":false},"excerpt":{"rendered":"<p>Vilma Tzoc, originaria de San Juan Argueta, Solol\u00e1 y sus 3 hijas son el n\u00facleo del grupo de Danza Folcl\u00f3rica Multicultural en Nueva York, en el cual hay integrantes de otros pa\u00edses latinoamericanos, a quienes fascina la identidad maya guatemalteca. Este s\u00e1bado 7 de marzo, el grupo Danza Folcl\u00f3rica Cultural Guatemalteco Multicultural participar\u00e1 en una [&hellip;]<\/p>\n","protected":false},"author":7,"featured_media":53346,"comment_status":"open","ping_status":"open","sticky":false,"template":"","format":"standard","meta":{"_acf_changed":false,"_eb_attr":"","footnotes":""},"categories":[50,274],"tags":[244],"class_list":["post-53345","post","type-post","status-publish","format-standard","has-post-thumbnail","hentry","category-exitos","category-guatemala","tag-danzas-de-guatemala"],"acf":[],"aioseo_notices":[],"aioseo_head":"\n\t\t<!-- All in One SEO Pro 4.9.6.2 - aioseo.com -->\n\t<meta name=\"description\" content=\"El volc\u00e1n Cerro Quemado en Quetzaltenango tiene su leyenda, surgida a partir de una antigua erupci\u00f3n. Es un centro ceremonial y una escalada de dificultad media.\" \/>\n\t<meta name=\"robots\" content=\"max-snippet:-1, max-image-preview:large, max-video-preview:-1\" \/>\n\t<meta name=\"author\" content=\"Marysabel Aldana\"\/>\n\t<link rel=\"canonical\" href=\"https:\/\/soymigrante.com\/revista\/volcan-cerro-quemado-guardian-sagrado-de-quetzaltenango\/\" \/>\n\t<meta name=\"generator\" content=\"All in One SEO Pro (AIOSEO) 4.9.6.2\" \/>\n\n\t\t<link rel=\"preconnect\" href=\"https:\/\/fonts.googleapis.com\" crossorigin>\n<link rel=\"preconnect\" href=\"https:\/\/fonts.gstatic.com\" crossorigin>\n\t\t<meta property=\"og:locale\" content=\"es_ES\" \/>\n\t\t<meta property=\"og:site_name\" content=\"SoyMigrante.com REVISTA \u2013 Nuestra misi\u00f3n es reconocer y dignificar al migrante.\" \/>\n\t\t<meta property=\"og:type\" content=\"article\" \/>\n\t\t<meta property=\"og:title\" content=\"Volc\u00e1n Cerro Quemado: guardi\u00e1n sagrado de Quetzaltenango\" \/>\n\t\t<meta property=\"og:description\" content=\"El volc\u00e1n Cerro Quemado en Quetzaltenango tiene su leyenda, surgida a partir de una antigua erupci\u00f3n. Es un centro ceremonial y una escalada de dificultad media.\" \/>\n\t\t<meta property=\"og:url\" content=\"https:\/\/soymigrante.com\/revista\/volcan-cerro-quemado-guardian-sagrado-de-quetzaltenango\/\" \/>\n\t\t<meta property=\"og:image\" content=\"https:\/\/soymigrante.com\/revista\/wp-content\/uploads\/2025\/06\/volcan-cerro-quemado-e1749682175628.jpg\" \/>\n\t\t<meta property=\"og:image:secure_url\" content=\"https:\/\/soymigrante.com\/revista\/wp-content\/uploads\/2025\/06\/volcan-cerro-quemado-e1749682175628.jpg\" \/>\n\t\t<meta property=\"og:image:width\" content=\"236\" \/>\n\t\t<meta property=\"og:image:height\" content=\"236\" \/>\n\t\t<meta property=\"article:published_time\" content=\"2025-06-16T11:00:00+00:00\" \/>\n\t\t<meta property=\"article:modified_time\" content=\"2025-06-20T06:23:10+00:00\" \/>\n\t\t<meta property=\"article:publisher\" content=\"https:\/\/www.facebook.com\/soymigrantecom\" \/>\n\t\t<meta name=\"twitter:card\" content=\"summary_large_image\" \/>\n\t\t<meta name=\"twitter:site\" content=\"@SoyMigrante_com\" \/>\n\t\t<meta name=\"twitter:title\" content=\"Volc\u00e1n Cerro Quemado: guardi\u00e1n sagrado de Quetzaltenango\" \/>\n\t\t<meta name=\"twitter:description\" content=\"El volc\u00e1n Cerro Quemado en Quetzaltenango tiene su leyenda, surgida a partir de una antigua erupci\u00f3n. Es un centro ceremonial y una escalada de dificultad media.\" \/>\n\t\t<meta name=\"twitter:creator\" content=\"@SoyMigrante_com\" \/>\n\t\t<meta name=\"twitter:image\" content=\"https:\/\/soymigrante.com\/revista\/wp-content\/uploads\/2025\/06\/volcan-cerro-quemado-e1749682175628.jpg\" \/>\n\t\t<!-- All in One SEO Pro -->\r\n\t\t<title>Volc\u00e1n Cerro Quemado: guardi\u00e1n sagrado de Quetzaltenango<\/title>\n\n","aioseo_head_json":{"title":"Volc\u00e1n Cerro Quemado: guardi\u00e1n sagrado de Quetzaltenango","description":"El volc\u00e1n Cerro Quemado en Quetzaltenango tiene su leyenda, surgida a partir de una antigua erupci\u00f3n. Es un centro ceremonial y una escalada de dificultad media.","canonical_url":"https:\/\/soymigrante.com\/revista\/volcan-cerro-quemado-guardian-sagrado-de-quetzaltenango\/","robots":"max-snippet:-1, max-image-preview:large, max-video-preview:-1","keywords":"","webmasterTools":{"miscellaneous":"&lt;link rel=\"preconnect\" href=\"https:\/\/fonts.googleapis.com\" crossorigin&gt;\n&lt;link rel=\"preconnect\" href=\"https:\/\/fonts.gstatic.com\" crossorigin&gt;"},"schema":null,"og:locale":"es_ES","og:site_name":"SoyMigrante.com REVISTA \u2013 Nuestra misi\u00f3n es reconocer y dignificar al migrante.","og:type":"article","og:title":"Volc\u00e1n Cerro Quemado: guardi\u00e1n sagrado de Quetzaltenango","og:description":"El volc\u00e1n Cerro Quemado en Quetzaltenango tiene su leyenda, surgida a partir de una antigua erupci\u00f3n. Es un centro ceremonial y una escalada de dificultad media.","og:url":"https:\/\/soymigrante.com\/revista\/volcan-cerro-quemado-guardian-sagrado-de-quetzaltenango\/","og:image":"https:\/\/soymigrante.com\/revista\/wp-content\/uploads\/2025\/06\/volcan-cerro-quemado-e1749682175628.jpg","og:image:secure_url":"https:\/\/soymigrante.com\/revista\/wp-content\/uploads\/2025\/06\/volcan-cerro-quemado-e1749682175628.jpg","og:image:width":236,"og:image:height":236,"article:published_time":"2025-06-16T11:00:00+00:00","article:modified_time":"2025-06-20T06:23:10+00:00","article:publisher":"https:\/\/www.facebook.com\/soymigrantecom","twitter:card":"summary_large_image","twitter:site":"@SoyMigrante_com","twitter:title":"Volc\u00e1n Cerro Quemado: guardi\u00e1n sagrado de Quetzaltenango","twitter:description":"El volc\u00e1n Cerro Quemado en Quetzaltenango tiene su leyenda, surgida a partir de una antigua erupci\u00f3n. Es un centro ceremonial y una escalada de dificultad media.","twitter:creator":"@SoyMigrante_com","twitter:image":"https:\/\/soymigrante.com\/revista\/wp-content\/uploads\/2025\/06\/volcan-cerro-quemado-e1749682175628.jpg"},"aioseo_meta_data":{"post_id":"53345","title":"Vilma Tzoc e hijas impulsan danzas mayas guatemaltecas en NY","description":"Migrante guatemalteca Vilma Tzoc, originaria de Solol\u00e1, y sus hijas nacidas en USA fundaron Grupo de Danza Folcl\u00f3rica Multicultural en Brooklyn, Nueva York","keywords":null,"keyphrases":{"focus":{"keyphrase":"Guatemalteca","score":81,"analysis":{"keyphraseInTitle":{"score":3,"maxScore":9,"error":1},"keyphraseInDescription":{"score":9,"maxScore":9,"error":0},"keyphraseLength":{"score":9,"maxScore":9,"error":0,"length":1},"keyphraseInURL":{"score":5,"maxScore":5,"error":0}}},"additional":[{"keyphrase":"Migrante","score":100,"analysis":{"keyphraseInDescription":{"score":9,"maxScore":9,"error":0},"keyphraseLength":{"score":9,"maxScore":9,"error":0,"length":1}}},{"keyphrase":"Solol\u00e1","score":100,"analysis":{"keyphraseInDescription":{"score":9,"maxScore":9,"error":0},"keyphraseLength":{"score":9,"maxScore":9,"error":0,"length":1}}},{"keyphrase":"Guatemala","score":67,"analysis":{"keyphraseInDescription":{"score":3,"maxScore":9,"error":1},"keyphraseLength":{"score":9,"maxScore":9,"error":0,"length":1}}},{"keyphrase":"Brooklyn","score":100,"analysis":{"keyphraseInDescription":{"score":9,"maxScore":9,"error":0},"keyphraseLength":{"score":9,"maxScore":9,"error":0,"length":1}}}]},"primary_term":null,"canonical_url":null,"og_title":null,"og_description":null,"og_object_type":"default","og_image_type":"default","og_image_url":null,"og_image_width":null,"og_image_height":null,"og_image_custom_url":null,"og_image_custom_fields":null,"og_video":"","og_custom_url":null,"og_article_section":null,"og_article_tags":null,"twitter_use_og":false,"twitter_card":"default","twitter_image_type":"default","twitter_image_url":null,"twitter_image_custom_url":null,"twitter_image_custom_fields":null,"twitter_title":null,"twitter_description":null,"schema":{"blockGraphs":[],"customGraphs":[],"default":{"data":{"Article":[],"Course":[],"Dataset":[],"FAQPage":[],"Movie":[],"Person":[],"Product":[],"ProductReview":[],"Car":[],"Recipe":[],"Service":[],"SoftwareApplication":[],"WebPage":[]},"graphName":"NewsArticle","isEnabled":true},"graphs":[]},"schema_type":"default","schema_type_options":null,"pillar_content":false,"robots_default":true,"robots_noindex":false,"robots_noarchive":false,"robots_nosnippet":false,"robots_nofollow":false,"robots_noimageindex":false,"robots_noodp":false,"robots_notranslate":false,"robots_max_snippet":"-1","robots_max_videopreview":"-1","robots_max_imagepreview":"large","priority":null,"frequency":"default","local_seo":null,"seo_analyzer_scan_date":null,"breadcrumb_settings":null,"limit_modified_date":false,"reviewed_by":"0","open_ai":null,"ai":{"faqs":[],"keyPoints":[],"titles":[],"descriptions":[],"socialPosts":{"email":[],"linkedin":[],"twitter":[],"facebook":[],"instagram":[]}},"created":"2026-03-06 22:05:25","updated":"2026-03-11 19:04:47"},"aioseo_breadcrumb":"<div class=\"aioseo-breadcrumbs\"><span class=\"aioseo-breadcrumb\">\n\t<a href=\"https:\/\/soymigrante.com\/revista\" title=\"Home\">Home<\/a>\n<\/span><span class=\"aioseo-breadcrumb-separator\">\u00bb<\/span><span class=\"aioseo-breadcrumb\">\n\t<a href=\"https:\/\/soymigrante.com\/revista\/category\/exitos\/\" title=\"\u00c9xitos\">\u00c9xitos<\/a>\n<\/span><span class=\"aioseo-breadcrumb-separator\">\u00bb<\/span><span class=\"aioseo-breadcrumb\">\n\t<a href=\"https:\/\/soymigrante.com\/revista\/category\/exitos\/guatemala\/\" title=\"Guatemala\">Guatemala<\/a>\n<\/span><span class=\"aioseo-breadcrumb-separator\">\u00bb<\/span><span class=\"aioseo-breadcrumb\">\n\tVilma Tzoc y sus hijas hacen brillar las danzas mayas guatemaltecas en Nueva York\n<\/span><\/div>","aioseo_breadcrumb_json":[{"label":"Home","link":"https:\/\/soymigrante.com\/revista"},{"label":"\u00c9xitos","link":"https:\/\/soymigrante.com\/revista\/category\/exitos\/"},{"label":"Guatemala","link":"https:\/\/soymigrante.com\/revista\/category\/exitos\/guatemala\/"},{"label":"Vilma Tzoc y sus hijas hacen brillar las danzas mayas guatemaltecas en Nueva York","link":"https:\/\/soymigrante.com\/revista\/vilma-tzoc-y-sus-hijas-hacen-brillar-las-danzas-mayas-guatemaltecas-en-nueva-york\/"}],"_links":{"self":[{"href":"https:\/\/soymigrante.com\/revista\/wp-json\/wp\/v2\/posts\/53345","targetHints":{"allow":["GET"]}}],"collection":[{"href":"https:\/\/soymigrante.com\/revista\/wp-json\/wp\/v2\/posts"}],"about":[{"href":"https:\/\/soymigrante.com\/revista\/wp-json\/wp\/v2\/types\/post"}],"author":[{"embeddable":true,"href":"https:\/\/soymigrante.com\/revista\/wp-json\/wp\/v2\/users\/7"}],"replies":[{"embeddable":true,"href":"https:\/\/soymigrante.com\/revista\/wp-json\/wp\/v2\/comments?post=53345"}],"version-history":[{"count":8,"href":"https:\/\/soymigrante.com\/revista\/wp-json\/wp\/v2\/posts\/53345\/revisions"}],"predecessor-version":[{"id":53549,"href":"https:\/\/soymigrante.com\/revista\/wp-json\/wp\/v2\/posts\/53345\/revisions\/53549"}],"wp:featuredmedia":[{"embeddable":true,"href":"https:\/\/soymigrante.com\/revista\/wp-json\/wp\/v2\/media\/53346"}],"wp:attachment":[{"href":"https:\/\/soymigrante.com\/revista\/wp-json\/wp\/v2\/media?parent=53345"}],"wp:term":[{"taxonomy":"category","embeddable":true,"href":"https:\/\/soymigrante.com\/revista\/wp-json\/wp\/v2\/categories?post=53345"},{"taxonomy":"post_tag","embeddable":true,"href":"https:\/\/soymigrante.com\/revista\/wp-json\/wp\/v2\/tags?post=53345"}],"curies":[{"name":"wp","href":"https:\/\/api.w.org\/{rel}","templated":true}]}}