{"id":53338,"date":"2026-03-06T14:52:22","date_gmt":"2026-03-06T20:52:22","guid":{"rendered":"https:\/\/soymigrante.com\/revista\/?p=53338"},"modified":"2026-04-10T08:54:08","modified_gmt":"2026-04-10T14:54:08","slug":"que-significan-nombres-de-lugares-de-guatemala-letra-h","status":"publish","type":"post","link":"https:\/\/soymigrante.com\/revista\/que-significan-nombres-de-lugares-de-guatemala-letra-h\/","title":{"rendered":"\u00bfQu\u00e9 significan  nombres de lugares de Guatemala? &#8211; Letra H &#8211;"},"content":{"rendered":"\t\t<div data-elementor-type=\"wp-post\" data-elementor-id=\"53338\" class=\"elementor elementor-53338\" data-elementor-post-type=\"post\">\n\t\t\t\t<div data-particle_enable=\"false\" data-particle-mobile-disabled=\"false\" class=\"elementor-element elementor-element-2d6c13c e-flex e-con-boxed e-con e-parent\" data-id=\"2d6c13c\" data-element_type=\"container\" data-e-type=\"container\">\n\t\t\t\t\t<div class=\"e-con-inner\">\n\t\t\t\t<div class=\"elementor-element elementor-element-c245a45 elementor-widget elementor-widget-heading\" data-id=\"c245a45\" data-element_type=\"widget\" data-e-type=\"widget\" data-widget_type=\"heading.default\">\n\t\t\t\t\t<h3 class=\"elementor-heading-title elementor-size-default\">Los nombres de lugares de Guatemala tienen historias, significados y detalles que forman parte de la identidad multicultural. Estos son algunos con la letra inicial H, que en castellano puede ser \"muda\" pero en los nombres suena y significa<\/h3>\t\t\t\t<\/div>\n\t\t\t\t\t<\/div>\n\t\t\t\t<\/div>\n\t\t<div data-particle_enable=\"false\" data-particle-mobile-disabled=\"false\" class=\"elementor-element elementor-element-d75bc97 e-flex e-con-boxed e-con e-parent\" data-id=\"d75bc97\" data-element_type=\"container\" data-e-type=\"container\">\n\t\t\t\t\t<div class=\"e-con-inner\">\n\t\t\t\t<div class=\"elementor-element elementor-element-709b663 elementor-widget elementor-widget-text-editor\" data-id=\"709b663\" data-element_type=\"widget\" data-e-type=\"widget\" data-widget_type=\"text-editor.default\">\n\t\t\t\t\t\t\t\t\t<p data-start=\"0\" data-end=\"414\">En esta serie de significados de nombres de lugares de Guatemala, hay algunos relacionados con caracter\u00edsticas geogr\u00e1ficas, t\u00e9rminos prehisp\u00e1nicos o significados intencionales colocados por autoridades a lo largo del tiempo.\u00a0<\/p><p data-start=\"0\" data-end=\"414\">Es valioso estudiarlos porque forman parte de la identidad regional y nacional. Estos son algunos nombres con la letra inicial H. <a href=\"https:\/\/soymigrante.com\/revista\/que-significa-el-nombre-guatemala\/\">El principal nombre a revisar en este recorrido etimol\u00f3gico es el de GUATEMALA, que podr\u00e1s encontrar desarrollado en este link.<\/a><\/p>\t\t\t\t\t\t\t\t<\/div>\n\t\t\t\t\t<\/div>\n\t\t\t\t<\/div>\n\t\t<div data-particle_enable=\"false\" data-particle-mobile-disabled=\"false\" class=\"elementor-element elementor-element-e89429d e-flex e-con-boxed e-con e-parent\" data-id=\"e89429d\" data-element_type=\"container\" data-e-type=\"container\">\n\t\t\t\t\t<div class=\"e-con-inner\">\n\t\t\t\t<div class=\"elementor-element elementor-element-f30fc6e elementor-widget elementor-widget-heading\" data-id=\"f30fc6e\" data-element_type=\"widget\" data-e-type=\"widget\" data-widget_type=\"heading.default\">\n\t\t\t\t\t<h3 class=\"elementor-heading-title elementor-size-default\">Huehuetenango<\/h3>\t\t\t\t<\/div>\n\t\t\t\t\t<\/div>\n\t\t\t\t<\/div>\n\t\t<div data-particle_enable=\"false\" data-particle-mobile-disabled=\"false\" class=\"elementor-element elementor-element-88c99d9 e-flex e-con-boxed e-con e-parent\" data-id=\"88c99d9\" data-element_type=\"container\" data-e-type=\"container\">\n\t\t\t\t\t<div class=\"e-con-inner\">\n\t\t\t\t<div class=\"elementor-element elementor-element-da8c7b1 elementor-widget elementor-widget-text-editor\" data-id=\"da8c7b1\" data-element_type=\"widget\" data-e-type=\"widget\" data-widget_type=\"text-editor.default\">\n\t\t\t\t\t\t\t\t\t<p>Nombre de ciudad y departamento de Guatemala. Probablemente proviene del n\u00e1huatl huehue-tenanco, que significa \u201clugar antiguo amurallado\u201d o \u201cantiguo lugar fortificado\u201d, de huehue (viejo o antiguo) y tenanco (muralla o fortificaci\u00f3n).\u00a0<\/p><p>El nombre ind\u00edgena de<a href=\"https:\/\/soymigrante.com\/revista\/departamentos-de-guatemala-huehuetenango-la-tierra-de-kaibil-balam-tesoro-cultural-y-natural\/\"> Huehuetenango<\/a> era Xinabajul. Tambi\u00e9n se ha interpretado popularmente como \u201cciudad de los viejos\u201d, debido a su clima saludable.<\/p>\t\t\t\t\t\t\t\t<\/div>\n\t\t\t\t\t<\/div>\n\t\t\t\t<\/div>\n\t\t<div data-particle_enable=\"false\" data-particle-mobile-disabled=\"false\" class=\"elementor-element elementor-element-2c0e2cf e-flex e-con-boxed e-con e-parent\" data-id=\"2c0e2cf\" data-element_type=\"container\" data-e-type=\"container\">\n\t\t\t\t\t<div class=\"e-con-inner\">\n\t\t\t\t<div class=\"elementor-element elementor-element-adae722 elementor-grid-eael-col-1 elementor-grid-tablet-eael-col-2 elementor-grid-mobile-eael-col-1 elementor-widget elementor-widget-eael-post-grid\" data-id=\"adae722\" data-element_type=\"widget\" data-e-type=\"widget\" data-settings=\"{&quot;eael_post_grid_columns&quot;:&quot;eael-col-1&quot;,&quot;eael_post_grid_columns_tablet&quot;:&quot;eael-col-2&quot;,&quot;eael_post_grid_columns_mobile&quot;:&quot;eael-col-1&quot;}\" data-widget_type=\"eael-post-grid.default\">\n\t\t\t\t\t<div id=\"eael-post-grid-adae722\" class=\"eael-post-grid-container\">\n            <div class=\"eael-post-grid eael-post-appender eael-post-appender-adae722 eael-post-grid-style-one\" data-layout-mode=\"masonry\"><article class=\"eael-grid-post  eael-post-grid-column eael-pg-post-20205 category-guate-nuestra tags-departamentos-de-guatemala\" data-id=\"20205\">\n        <div class=\"eael-grid-post-holder\">\n            <div class=\"eael-grid-post-holder-inner\"><div class=\"eael-entry-media\"><div class=\"eael-entry-overlay fade-in\"><i class=\"far fa-hand-pointer\" aria-hidden=\"true\"><\/i><a href=\"https:\/\/soymigrante.com\/revista\/departamentos-de-guatemala-huehuetenango-la-tierra-de-kaibil-balam-tesoro-cultural-y-natural\/\"><\/a><\/div><div class=\"eael-entry-thumbnail eael-image-ratio\">\n                <img fetchpriority=\"high\" decoding=\"async\" width=\"700\" height=\"432\" src=\"https:\/\/soymigrante.com\/revista\/wp-content\/uploads\/2025\/01\/Huehuetenango-3.webp\" class=\"attachment-large size-large wp-image-20208\" alt=\"Casas en las monta\u00f1as, refugio en altitud elevada, paisaje de alta monta\u00f1a, arquitectura tradicional en entorno de naturaleza, paisaje de inspiraci\u00f3n para migrantes y viajeros en busca de tranquilidad.\" srcset=\"https:\/\/soymigrante.com\/revista\/wp-content\/uploads\/2025\/01\/Huehuetenango-3.webp 700w, https:\/\/soymigrante.com\/revista\/wp-content\/uploads\/2025\/01\/Huehuetenango-3-300x185.jpeg 300w\" sizes=\"(max-width: 700px) 100vw, 700px\" \/>\n            <\/div>\n        <\/div><div class=\"eael-entry-wrapper\"><header class=\"eael-entry-header\"><h2 class=\"eael-entry-title\"><a class=\"eael-grid-post-link\" href=\"https:\/\/soymigrante.com\/revista\/departamentos-de-guatemala-huehuetenango-la-tierra-de-kaibil-balam-tesoro-cultural-y-natural\/\" title=\"Departamentos de Guatemala: Huehuetenango, la tierra de Kaibil Balam, tesoro cultural y natural\">Departamentos de Guatemala: Huehuetenango, la tierra de Kaibil Balam, tesoro cultural y natural<\/a><\/h2><\/header><div class=\"eael-entry-content\">\n                        <div class=\"eael-grid-post-excerpt\"><a href=\"https:\/\/soymigrante.com\/revista\/departamentos-de-guatemala-huehuetenango-la-tierra-de-kaibil-balam-tesoro-cultural-y-natural\/\" class=\"eael-post-elements-readmore-btn\">CONOCE SU HISTORIA <\/a><\/div>\n                    <\/div><\/div><\/div>\n        <\/div>\n    <\/article><\/div>\n            <div class=\"clearfix\"><\/div>\n        <\/div>\t\t\t\t<\/div>\n\t\t\t\t\t<\/div>\n\t\t\t\t<\/div>\n\t\t<div data-particle_enable=\"false\" data-particle-mobile-disabled=\"false\" class=\"elementor-element elementor-element-c47fa7f e-flex e-con-boxed e-con e-parent\" data-id=\"c47fa7f\" data-element_type=\"container\" data-e-type=\"container\">\n\t\t\t\t\t<div class=\"e-con-inner\">\n\t\t\t\t<div class=\"elementor-element elementor-element-1ab2f70 elementor-widget elementor-widget-text-editor\" data-id=\"1ab2f70\" data-element_type=\"widget\" data-e-type=\"widget\" data-widget_type=\"text-editor.default\">\n\t\t\t\t\t\t\t\t\t<h3>Hishuac\u00e1n<\/h3><p>Top\u00f3nimo de origen n\u00e1huatl: <em>itz-huacan<\/em>, que significa \u201clugar de obsidianas\u201d. Se compone de <em>itztli<\/em> (obsidiana) y el sufijo locativo <b><em>-huacan<\/em>,<\/b> que indica posesi\u00f3n o lugar.<\/p><h3><span style=\"font-family: Mulish, sans-serif; font-size: 29px; font-weight: bold;\">Hoct\u00fan<\/span><\/h3><p>Voz de origen maya que significa \u201cpiedra arrancada\u201d.<\/p><h3><span style=\"font-family: Mulish, sans-serif; font-size: 29px; font-weight: bold;\">Huacal<\/span><\/h3><p>Del n\u00e1huatl <em>huacalli<\/em>. \u00c1rbol que produce frutos redondos de c\u00e1scara dura que, al partirse y vaciarse, se utilizan como recipientes o vasijas. De all\u00ed provino el <a href=\"https:\/\/soymigrante.com\/revista\/guatemaltequismos-que-superan-fronteras\/\">guatemaltequismo<\/a> Guacal para reverirse a una palangana o recipiente para agarrar y verter agua.<\/p><p>En Mesoam\u00e9rica se han usado tradicionalmente como utensilios dom\u00e9sticos. Pero este nombre est\u00e1 asociado por ejemplo con el r\u00edo Guacalate, que tendr\u00eda esta ra\u00edz: R\u00edo de Guacales o Huacales.<\/p><h3><span style=\"font-family: Mulish, sans-serif; font-size: 29px; font-weight: bold;\">Huihuitz<\/span><\/h3><p>Nombre de paraje y cerro en el municipio de San Antonio Huista, <a href=\"https:\/\/soymigrante.com\/revista\/departamentos-de-guatemala-huehuetenango-la-tierra-de-kaibil-balam-tesoro-cultural-y-natural\/\">Huehuetenango<\/a>. Su etimolog\u00eda jacalteca proviene de <em>hui\u2019<\/em> (cabeza) y <em>witz<\/em> (cerro), por lo que puede interpretarse como \u201ccabeza del cerro\u201d.<\/p>\t\t\t\t\t\t\t\t<\/div>\n\t\t\t\t\t<\/div>\n\t\t\t\t<\/div>\n\t\t<div data-particle_enable=\"false\" data-particle-mobile-disabled=\"false\" class=\"elementor-element elementor-element-b6b68b4 e-flex e-con-boxed e-con e-parent\" data-id=\"b6b68b4\" data-element_type=\"container\" data-e-type=\"container\">\n\t\t\t\t\t<div class=\"e-con-inner\">\n\t\t\t\t<div class=\"elementor-element elementor-element-56706c4 elementor-widget elementor-widget-html\" data-id=\"56706c4\" data-element_type=\"widget\" data-e-type=\"widget\" data-widget_type=\"html.default\">\n\t\t\t\t\t<iframe src=\"https:\/\/www.google.com\/maps\/embed?pb=!1m18!1m12!1m3!1d199760.99704209686!2d-91.88645027200639!3d15.65359097813835!2m3!1f0!2f0!3f0!3m2!1i1024!2i768!4f13.1!3m3!1m2!1s0x858dab0baa98b41f%3A0x1ebb5732c19ab25!2sSanta%20Ana%20Huista!5e1!3m2!1ses!2sgt!4v1772829821634!5m2!1ses!2sgt\" width=\"800\" height=\"600\" style=\"border:0;\" allowfullscreen=\"\" loading=\"lazy\" referrerpolicy=\"no-referrer-when-downgrade\"><\/iframe>\t\t\t\t<\/div>\n\t\t\t\t\t<\/div>\n\t\t\t\t<\/div>\n\t\t<div data-particle_enable=\"false\" data-particle-mobile-disabled=\"false\" class=\"elementor-element elementor-element-f929def e-flex e-con-boxed e-con e-parent\" data-id=\"f929def\" data-element_type=\"container\" data-e-type=\"container\">\n\t\t\t\t\t<div class=\"e-con-inner\">\n\t\t\t\t<div class=\"elementor-element elementor-element-208c172 elementor-widget elementor-widget-text-editor\" data-id=\"208c172\" data-element_type=\"widget\" data-e-type=\"widget\" data-widget_type=\"text-editor.default\">\n\t\t\t\t\t\t\t\t\t<h3><span style=\"font-family: Mulish, sans-serif; font-size: 29px; font-weight: bold;\">Huista<\/span><\/h3>\n<p>Nombre utilizado en varios municipios de <a href=\"https:\/\/soymigrante.com\/revista\/departamentos-de-guatemala-huehuetenango-la-tierra-de-kaibil-balam-tesoro-cultural-y-natural\/\">Huehuetenango<\/a>, como San Antonio Huista y Santa Ana Huista. Probablemente deriva del n\u00e1huatl <em>Huitztlan<\/em>, que significa \u201clugar de espinas\u201d o \u201cparaje espinoso\u201d. La franja en donde estos se encuentran suele ser denominada &#8220;la regi\u00f3n Huista&#8221;.<\/p>\n<p>Otra interpretaci\u00f3n desde el idioma popti\u2019 o jacalteco lo relaciona con <em>wixtaj<\/em>, \u201chermano\u201d, aludiendo a la cercan\u00eda hist\u00f3rica con Jacaltenango.<\/p>\n<h3>Huit\u00e1n<\/h3>\n<p>Municipio del departamento de Quetzaltenango, situado en la Sierra Madre. El nombre podr\u00eda provenir del n\u00e1huatl <em>huistli<\/em> (espinoso) y <em>-tlan<\/em> (lugar de abundancia), por lo que se interpretar\u00eda como \u201clugar donde abundan las espinas\u201d.&nbsp;<\/p>\n<h3>Huit\u00e9<\/h3>\n<p>Municipio del departamento de Zacapa. El nombre deriva del n\u00e1huatl <em>wihti<\/em>, que significa \u201ccamino\u201d o \u201clugar de paso\u201d, aludiendo a su funci\u00f3n hist\u00f3rica como ruta de comunicaci\u00f3n entre poblaciones.<\/p>\t\t\t\t\t\t\t\t<\/div>\n\t\t\t\t\t<\/div>\n\t\t\t\t<\/div>\n\t\t<div data-particle_enable=\"false\" data-particle-mobile-disabled=\"false\" class=\"elementor-element elementor-element-7bd6ee6 e-flex e-con-boxed e-con e-parent\" data-id=\"7bd6ee6\" data-element_type=\"container\" data-e-type=\"container\">\n\t\t\t\t\t<div class=\"e-con-inner\">\n\t\t\t\t<div class=\"elementor-element elementor-element-5284438 elementor-widget elementor-widget-html\" data-id=\"5284438\" data-element_type=\"widget\" data-e-type=\"widget\" data-widget_type=\"html.default\">\n\t\t\t\t\t<iframe src=\"https:\/\/www.google.com\/maps\/embed?pb=!4v1772829980283!6m8!1m7!1sCAoSFkNJSE0wb2dLRUlDQWdJRGs1SVdDZFE.!2m2!1d14.03327969058554!2d-91.46884831925225!3f32.18835674677848!4f6.020957661720857!5f0.7820865974627469\" width=\"600\" height=\"450\" style=\"border:0;\" allowfullscreen=\"\" loading=\"lazy\" referrerpolicy=\"no-referrer-when-downgrade\"><\/iframe>\t\t\t\t<\/div>\n\t\t\t\t\t<\/div>\n\t\t\t\t<\/div>\n\t\t<div data-particle_enable=\"false\" data-particle-mobile-disabled=\"false\" class=\"elementor-element elementor-element-f19e855 e-flex e-con-boxed e-con e-parent\" data-id=\"f19e855\" data-element_type=\"container\" data-e-type=\"container\">\n\t\t\t\t\t<div class=\"e-con-inner\">\n\t\t\t\t<div class=\"elementor-element elementor-element-5893c7b elementor-widget elementor-widget-text-editor\" data-id=\"5893c7b\" data-element_type=\"widget\" data-e-type=\"widget\" data-widget_type=\"text-editor.default\">\n\t\t\t\t\t\t\t\t\t<h3><span style=\"font-family: Mulish, sans-serif; font-size: 29px; font-weight: bold;\">Huitzizil<\/span><\/h3><p>Aldea del municipio de Tiquisate, Escuintla, situada cerca del r\u00edo El Danto y pr\u00f3xima al oc\u00e9ano Pac\u00edfico. Su nombre probablemente deriva del n\u00e1huatl <em>huitzilin<\/em>, \u201ccolibr\u00ed\u201d, voz asociada tambi\u00e9n al dios mexica Huitzilopochtli.<\/p><h3>Hunahp\u00fa<\/h3><p><span style=\"font-family: Roboto, sans-serif; font-size: 22px; font-style: normal; font-variant-ligatures: normal; font-variant-caps: normal; font-weight: 400;\">Nombre prehisp\u00e1nico del volc\u00e1n de Agua, en Sactep\u00e9quez.\u00a0<\/span>Voz quich\u00e9 que designa a uno de los principales h\u00e9roes o dioses del mundo maya. En el calendario quich\u00e9 y cakchiquel tambi\u00e9n corresponde al vig\u00e9simo y \u00faltimo d\u00eda del mes. Su significado: Un Cerbatanero: Hun Ajp\u00fa<\/p><h3>Hunqat<\/h3><p>Nombre tz\u2019utujil del siglo XVI para el actual volc\u00e1n Atitl\u00e1n. Significa aproximadamente \u201ccosa que quema por dentro\u201d, en referencia a la actividad volc\u00e1nica.<span style=\"color: #000000; font-family: Mulish, sans-serif; font-size: 29px; font-weight: bold;\">\u00a0<\/span><\/p>\t\t\t\t\t\t\t\t<\/div>\n\t\t\t\t\t<\/div>\n\t\t\t\t<\/div>\n\t\t<div data-particle_enable=\"false\" data-particle-mobile-disabled=\"false\" class=\"elementor-element elementor-element-64b18ba e-flex e-con-boxed e-con e-parent\" data-id=\"64b18ba\" data-element_type=\"container\" data-e-type=\"container\">\n\t\t\t\t\t<div class=\"e-con-inner\">\n\t\t\t\t<div class=\"elementor-element elementor-element-59bf246 elementor-grid-eael-col-1 elementor-grid-tablet-eael-col-2 elementor-grid-mobile-eael-col-1 elementor-widget elementor-widget-eael-post-grid\" data-id=\"59bf246\" data-element_type=\"widget\" data-e-type=\"widget\" data-settings=\"{&quot;eael_post_grid_columns&quot;:&quot;eael-col-1&quot;,&quot;eael_post_grid_columns_tablet&quot;:&quot;eael-col-2&quot;,&quot;eael_post_grid_columns_mobile&quot;:&quot;eael-col-1&quot;}\" data-widget_type=\"eael-post-grid.default\">\n\t\t\t\t\t<div id=\"eael-post-grid-59bf246\" class=\"eael-post-grid-container\">\n            <div class=\"eael-post-grid eael-post-appender eael-post-appender-59bf246 eael-post-grid-style-one\" data-layout-mode=\"masonry\"><article class=\"eael-grid-post  eael-post-grid-column eael-pg-post-24053 category-guate-nuestra tags-volcanes-de-guatemala\" data-id=\"24053\">\n        <div class=\"eael-grid-post-holder\">\n            <div class=\"eael-grid-post-holder-inner\"><div class=\"eael-entry-media\"><div class=\"eael-entry-overlay fade-in\"><i class=\"far fa-hand-pointer\" aria-hidden=\"true\"><\/i><a href=\"https:\/\/soymigrante.com\/revista\/ruta-volcanica-el-imponente-volcan-de-atitlan-historia-desafios-y-consejos-para-su-ascenso\/\"><\/a><\/div><div class=\"eael-entry-thumbnail eael-image-ratio\">\n                <img decoding=\"async\" width=\"1024\" height=\"1024\" src=\"https:\/\/soymigrante.com\/revista\/wp-content\/uploads\/2025\/02\/atitla-arco-volcanico-1024x1024.jpg\" class=\"attachment-large size-large wp-image-24120\" alt=\"Paisaje monta\u00f1oso con nubes, volc\u00e1n y lago en el fondo en color intenso y din\u00e1mico, ideal para destacar en contenido sobre naturaleza, viajes y migraci\u00f3n en M\u00e9xico y Latinoam\u00e9rica.\" srcset=\"https:\/\/soymigrante.com\/revista\/wp-content\/uploads\/2025\/02\/atitla-arco-volcanico-1024x1024.jpg 1024w, https:\/\/soymigrante.com\/revista\/wp-content\/uploads\/2025\/02\/atitla-arco-volcanico-300x300.jpg 300w, https:\/\/soymigrante.com\/revista\/wp-content\/uploads\/2025\/02\/atitla-arco-volcanico-150x150.jpg 150w, https:\/\/soymigrante.com\/revista\/wp-content\/uploads\/2025\/02\/atitla-arco-volcanico-768x768.jpg 768w, https:\/\/soymigrante.com\/revista\/wp-content\/uploads\/2025\/02\/atitla-arco-volcanico-75x75.webp 75w, https:\/\/soymigrante.com\/revista\/wp-content\/uploads\/2025\/02\/atitla-arco-volcanico-750x750.webp 750w, https:\/\/soymigrante.com\/revista\/wp-content\/uploads\/2025\/02\/atitla-arco-volcanico-1140x1140.webp 1140w, https:\/\/soymigrante.com\/revista\/wp-content\/uploads\/2025\/02\/atitla-arco-volcanico.webp 1440w\" sizes=\"(max-width: 1024px) 100vw, 1024px\" \/>\n            <\/div>\n        <\/div><div class=\"eael-entry-wrapper\"><header class=\"eael-entry-header\"><h2 class=\"eael-entry-title\"><a class=\"eael-grid-post-link\" href=\"https:\/\/soymigrante.com\/revista\/ruta-volcanica-el-imponente-volcan-de-atitlan-historia-desafios-y-consejos-para-su-ascenso\/\" title=\"El imponente volc\u00e1n de Atitl\u00e1n, historia, desaf\u00edos y consejos para su ascenso\">El imponente volc\u00e1n de Atitl\u00e1n, historia, desaf\u00edos y consejos para su ascenso<\/a><\/h2><\/header><div class=\"eael-entry-content\">\n                        <div class=\"eael-grid-post-excerpt\"><a href=\"https:\/\/soymigrante.com\/revista\/ruta-volcanica-el-imponente-volcan-de-atitlan-historia-desafios-y-consejos-para-su-ascenso\/\" class=\"eael-post-elements-readmore-btn\">CONOCE SU HISTORIA <\/a><\/div>\n                    <\/div><\/div><\/div>\n        <\/div>\n    <\/article><\/div>\n            <div class=\"clearfix\"><\/div>\n        <\/div>\t\t\t\t<\/div>\n\t\t\t\t\t<\/div>\n\t\t\t\t<\/div>\n\t\t<div data-particle_enable=\"false\" data-particle-mobile-disabled=\"false\" class=\"elementor-element elementor-element-dfd9eee e-flex e-con-boxed e-con e-parent\" data-id=\"dfd9eee\" data-element_type=\"container\" data-e-type=\"container\">\n\t\t\t\t\t<div class=\"e-con-inner\">\n\t\t\t\t<div class=\"elementor-element elementor-element-fad87f8 elementor-widget elementor-widget-heading\" data-id=\"fad87f8\" data-element_type=\"widget\" data-e-type=\"widget\" data-widget_type=\"heading.default\">\n\t\t\t\t\t<h2 class=\"elementor-heading-title elementor-size-default\">Quiz\u00e1 tambi\u00e9n te podr\u00eda interesar<\/h2>\t\t\t\t<\/div>\n\t\t\t\t\t<\/div>\n\t\t\t\t<\/div>\n\t\t<div data-particle_enable=\"false\" data-particle-mobile-disabled=\"false\" class=\"elementor-element elementor-element-0f18a43 e-flex e-con-boxed e-con e-parent\" data-id=\"0f18a43\" data-element_type=\"container\" data-e-type=\"container\">\n\t\t\t\t\t<div class=\"e-con-inner\">\n\t\t\t\t<div class=\"elementor-element elementor-element-f9c3d2d elementor-grid-eael-col-3 elementor-grid-tablet-eael-col-2 elementor-grid-mobile-eael-col-1 elementor-widget elementor-widget-eael-post-grid\" data-id=\"f9c3d2d\" data-element_type=\"widget\" data-e-type=\"widget\" data-settings=\"{&quot;eael_post_grid_columns&quot;:&quot;eael-col-3&quot;,&quot;eael_post_grid_columns_tablet&quot;:&quot;eael-col-2&quot;,&quot;eael_post_grid_columns_mobile&quot;:&quot;eael-col-1&quot;}\" data-widget_type=\"eael-post-grid.default\">\n\t\t\t\t\t<div id=\"eael-post-grid-f9c3d2d\" class=\"eael-post-grid-container\">\n            <div class=\"eael-post-grid eael-post-appender eael-post-appender-f9c3d2d eael-post-grid-style-one\" data-layout-mode=\"masonry\"><article class=\"eael-grid-post  eael-post-grid-column eael-pg-post-3568 category-guate-nuestra\" data-id=\"3568\">\n        <div class=\"eael-grid-post-holder\">\n            <div class=\"eael-grid-post-holder-inner\"><div class=\"eael-entry-media\"><div class=\"eael-entry-overlay fade-in\"><i class=\"far fa-hand-pointer\" aria-hidden=\"true\"><\/i><a href=\"https:\/\/soymigrante.com\/revista\/guatemaltequismos-que-superan-fronteras\/\"><\/a><\/div><div class=\"eael-entry-thumbnail eael-image-ratio\">\n                <img decoding=\"async\" width=\"1024\" height=\"768\" src=\"https:\/\/soymigrante.com\/revista\/wp-content\/uploads\/2023\/11\/20230329_113556-1024x768.webp\" class=\"attachment-large size-large wp-image-3569\" alt=\"20 palabras chapinas que no conocen fronteras\" srcset=\"https:\/\/soymigrante.com\/revista\/wp-content\/uploads\/2023\/11\/20230329_113556-1024x768.webp 1024w, https:\/\/soymigrante.com\/revista\/wp-content\/uploads\/2023\/11\/20230329_113556-300x225.webp 300w, https:\/\/soymigrante.com\/revista\/wp-content\/uploads\/2023\/11\/20230329_113556-768x576.jpg 768w, https:\/\/soymigrante.com\/revista\/wp-content\/uploads\/2023\/11\/20230329_113556-1536x1152.jpg 1536w, https:\/\/soymigrante.com\/revista\/wp-content\/uploads\/2023\/11\/20230329_113556-2048x1536.jpg 2048w, https:\/\/soymigrante.com\/revista\/wp-content\/uploads\/2023\/11\/20230329_113556-750x563.jpg 750w, https:\/\/soymigrante.com\/revista\/wp-content\/uploads\/2023\/11\/20230329_113556-1140x855.jpg 1140w, https:\/\/soymigrante.com\/revista\/wp-content\/uploads\/2023\/11\/20230329_113556-scaled.webp 1920w\" sizes=\"(max-width: 1024px) 100vw, 1024px\" \/>\n            <\/div>\n        <\/div><div class=\"eael-entry-wrapper\"><header class=\"eael-entry-header\"><h2 class=\"eael-entry-title\"><a class=\"eael-grid-post-link\" href=\"https:\/\/soymigrante.com\/revista\/guatemaltequismos-que-superan-fronteras\/\" title=\"20 palabras chapinas que no conocen fronteras\">20 palabras chapinas que no conocen fronteras<\/a><\/h2><\/header><div class=\"eael-entry-content\">\n                        <div class=\"eael-grid-post-excerpt\"><a href=\"https:\/\/soymigrante.com\/revista\/guatemaltequismos-que-superan-fronteras\/\" class=\"eael-post-elements-readmore-btn\">CONOCE SU HISTORIA <\/a><\/div>\n                    <\/div><\/div><\/div>\n        <\/div>\n    <\/article><article class=\"eael-grid-post  eael-post-grid-column eael-pg-post-43829 category-arte-cultura-guate-nuestra\" data-id=\"43829\">\n        <div class=\"eael-grid-post-holder\">\n            <div class=\"eael-grid-post-holder-inner\"><div class=\"eael-entry-media\"><div class=\"eael-entry-overlay fade-in\"><i class=\"far fa-hand-pointer\" aria-hidden=\"true\"><\/i><a href=\"https:\/\/soymigrante.com\/revista\/juan-sisay-arte-guatemalteco-maya-tzutujil-atitlan\/\"><\/a><\/div><div class=\"eael-entry-thumbnail eael-image-ratio\">\n                <img loading=\"lazy\" decoding=\"async\" width=\"485\" height=\"485\" src=\"https:\/\/soymigrante.com\/revista\/wp-content\/uploads\/2025\/09\/Juan-Sisay1-e1757021856514.jpeg\" class=\"attachment-large size-large wp-image-43830\" alt=\"Juan Sisay: el artista guatemalteco que retrat\u00f3 la identidad tz&#039;utuj&#039;il desde dentro. El artista fue asesinado en abril de 1989 despu\u00e9s de haber pintado acerca de una masacre cometida en Santiago Atitl\u00e1n durante el conflicto armado interno. (Retrato por Miguel Ch\u00e1vez)\" srcset=\"https:\/\/soymigrante.com\/revista\/wp-content\/uploads\/2025\/09\/Juan-Sisay1-e1757021856514.jpeg 485w, https:\/\/soymigrante.com\/revista\/wp-content\/uploads\/2025\/09\/Juan-Sisay1-e1757021856514-300x300.jpeg 300w, https:\/\/soymigrante.com\/revista\/wp-content\/uploads\/2025\/09\/Juan-Sisay1-e1757021856514-150x150.jpeg 150w, https:\/\/soymigrante.com\/revista\/wp-content\/uploads\/2025\/09\/Juan-Sisay1-e1757021856514-75x75.jpeg 75w\" sizes=\"(max-width: 485px) 100vw, 485px\" \/>\n            <\/div>\n        <\/div><div class=\"eael-entry-wrapper\"><header class=\"eael-entry-header\"><h2 class=\"eael-entry-title\"><a class=\"eael-grid-post-link\" href=\"https:\/\/soymigrante.com\/revista\/juan-sisay-arte-guatemalteco-maya-tzutujil-atitlan\/\" title=\"Mira arte guatemalteco: Pintor tz&#8217;utuj&#8217;il Juan Sisay origin\u00f3 la pintura popular de Atitl\u00e1n\">Mira arte guatemalteco: Pintor tz&#8217;utuj&#8217;il Juan Sisay origin\u00f3 la pintura popular de Atitl\u00e1n<\/a><\/h2><\/header><div class=\"eael-entry-content\">\n                        <div class=\"eael-grid-post-excerpt\"><a href=\"https:\/\/soymigrante.com\/revista\/juan-sisay-arte-guatemalteco-maya-tzutujil-atitlan\/\" class=\"eael-post-elements-readmore-btn\">CONOCE SU HISTORIA <\/a><\/div>\n                    <\/div><\/div><\/div>\n        <\/div>\n    <\/article><article class=\"eael-grid-post  eael-post-grid-column eael-pg-post-52920 category-nombres-de-guatemala tags-abc-de-nombres-de-lugares-de-guatemala\" data-id=\"52920\">\n        <div class=\"eael-grid-post-holder\">\n            <div class=\"eael-grid-post-holder-inner\"><div class=\"eael-entry-media\"><div class=\"eael-entry-overlay fade-in\"><i class=\"far fa-hand-pointer\" aria-hidden=\"true\"><\/i><a href=\"https:\/\/soymigrante.com\/revista\/que-significan-nombres-de-lugares-de-guatemala-etimologias-letra-c\/\"><\/a><\/div><div class=\"eael-entry-thumbnail eael-image-ratio\">\n                <img loading=\"lazy\" decoding=\"async\" width=\"895\" height=\"884\" src=\"https:\/\/soymigrante.com\/revista\/wp-content\/uploads\/2026\/02\/nombres-de-lugares-de-guatemala-letra-C.png\" class=\"attachment-large size-large wp-image-52921\" alt=\"nombres de lugares de guatemala letra C\" srcset=\"https:\/\/soymigrante.com\/revista\/wp-content\/uploads\/2026\/02\/nombres-de-lugares-de-guatemala-letra-C.png 895w, https:\/\/soymigrante.com\/revista\/wp-content\/uploads\/2026\/02\/nombres-de-lugares-de-guatemala-letra-C-300x296.png 300w, https:\/\/soymigrante.com\/revista\/wp-content\/uploads\/2026\/02\/nombres-de-lugares-de-guatemala-letra-C-768x759.png 768w, https:\/\/soymigrante.com\/revista\/wp-content\/uploads\/2026\/02\/nombres-de-lugares-de-guatemala-letra-C-75x75.png 75w, https:\/\/soymigrante.com\/revista\/wp-content\/uploads\/2026\/02\/nombres-de-lugares-de-guatemala-letra-C-750x741.png 750w\" sizes=\"(max-width: 895px) 100vw, 895px\" \/>\n            <\/div>\n        <\/div><div class=\"eael-entry-wrapper\"><header class=\"eael-entry-header\"><h2 class=\"eael-entry-title\"><a class=\"eael-grid-post-link\" href=\"https:\/\/soymigrante.com\/revista\/que-significan-nombres-de-lugares-de-guatemala-etimologias-letra-c\/\" title=\"\u00bfQu\u00e9 significan  nombres de lugares de Guatemala? &#8211; Letra C &#8211;\">\u00bfQu\u00e9 significan  nombres de lugares de Guatemala? &#8211; Letra C &#8211;<\/a><\/h2><\/header><div class=\"eael-entry-content\">\n                        <div class=\"eael-grid-post-excerpt\"><a href=\"https:\/\/soymigrante.com\/revista\/que-significan-nombres-de-lugares-de-guatemala-etimologias-letra-c\/\" class=\"eael-post-elements-readmore-btn\">CONOCE SU HISTORIA <\/a><\/div>\n                    <\/div><\/div><\/div>\n        <\/div>\n    <\/article><\/div>\n            <div class=\"clearfix\"><\/div>\n        <\/div>\t\t\t\t<\/div>\n\t\t\t\t\t<\/div>\n\t\t\t\t<\/div>\n\t\t\t\t<\/div>\n\t\t","protected":false},"excerpt":{"rendered":"<p>Los nombres de lugares de Guatemala tienen historias, significados y detalles que forman parte de la identidad multicultural. Estos son algunos con la letra inicial H, que en castellano puede ser &#8220;muda&#8221; pero en los nombres suena y significa En esta serie de significados de nombres de lugares de Guatemala, hay algunos relacionados con caracter\u00edsticas [&hellip;]<\/p>\n","protected":false},"author":1,"featured_media":53339,"comment_status":"open","ping_status":"open","sticky":false,"template":"","format":"standard","meta":{"_acf_changed":false,"_eb_attr":"","footnotes":""},"categories":[306],"tags":[305],"class_list":["post-53338","post","type-post","status-publish","format-standard","has-post-thumbnail","hentry","category-nombres-de-guatemala","tag-abc-de-nombres-de-lugares-de-guatemala"],"acf":[],"aioseo_notices":[],"aioseo_head":"\n\t\t<!-- All in One SEO Pro 4.9.6.2 - aioseo.com -->\n\t<meta name=\"description\" content=\"Los nombres de lugares de Guatemala tienen historia y significado multicultural. Etimolog\u00edas de nombres con inicial C, como Cob\u00e1n, Cuilco, Cuchumat\u00e1n y m\u00e1s.\" \/>\n\t<meta name=\"robots\" content=\"max-snippet:-1, max-image-preview:large, max-video-preview:-1\" \/>\n\t<meta name=\"author\" content=\"SoyMigrante.com REVISTA\"\/>\n\t<link rel=\"canonical\" href=\"https:\/\/soymigrante.com\/revista\/que-significan-nombres-de-lugares-de-guatemala-etimologias-letra-c\/\" \/>\n\t<meta name=\"generator\" content=\"All in One SEO Pro (AIOSEO) 4.9.6.2\" \/>\n\n\t\t<link rel=\"preconnect\" href=\"https:\/\/fonts.googleapis.com\" crossorigin>\n<link rel=\"preconnect\" href=\"https:\/\/fonts.gstatic.com\" crossorigin>\n\t\t<meta property=\"og:locale\" content=\"es_ES\" \/>\n\t\t<meta property=\"og:site_name\" content=\"SoyMigrante.com REVISTA \u2013 Nuestra misi\u00f3n es reconocer y dignificar al migrante.\" \/>\n\t\t<meta property=\"og:type\" content=\"article\" \/>\n\t\t<meta property=\"og:title\" content=\"\u00bfQu\u00e9 significan nombres de lugares de Guatemala? \u2013 Letra C \u2013\" \/>\n\t\t<meta property=\"og:description\" content=\"Los nombres de lugares de Guatemala tienen historia y significado multicultural. Etimolog\u00edas de nombres con inicial C, como Cob\u00e1n, Cuilco, Cuchumat\u00e1n y m\u00e1s.\" \/>\n\t\t<meta property=\"og:url\" content=\"https:\/\/soymigrante.com\/revista\/que-significan-nombres-de-lugares-de-guatemala-etimologias-letra-c\/\" \/>\n\t\t<meta property=\"og:image\" content=\"https:\/\/soymigrante.com\/revista\/wp-content\/uploads\/2026\/02\/nombres-de-lugares-de-guatemala-letra-C.png\" \/>\n\t\t<meta property=\"og:image:secure_url\" content=\"https:\/\/soymigrante.com\/revista\/wp-content\/uploads\/2026\/02\/nombres-de-lugares-de-guatemala-letra-C.png\" \/>\n\t\t<meta property=\"og:image:width\" content=\"895\" \/>\n\t\t<meta property=\"og:image:height\" content=\"884\" \/>\n\t\t<meta property=\"article:published_time\" content=\"2026-02-26T14:53:01+00:00\" \/>\n\t\t<meta property=\"article:modified_time\" content=\"2026-04-10T14:55:07+00:00\" \/>\n\t\t<meta property=\"article:publisher\" content=\"https:\/\/www.facebook.com\/soymigrantecom\" \/>\n\t\t<meta name=\"twitter:card\" content=\"summary_large_image\" \/>\n\t\t<meta name=\"twitter:site\" content=\"@SoyMigrante_com\" \/>\n\t\t<meta name=\"twitter:title\" content=\"\u00bfQu\u00e9 significan nombres de lugares de Guatemala? \u2013 Letra C \u2013\" \/>\n\t\t<meta name=\"twitter:description\" content=\"Los nombres de lugares de Guatemala tienen historia y significado multicultural. Etimolog\u00edas de nombres con inicial C, como Cob\u00e1n, Cuilco, Cuchumat\u00e1n y m\u00e1s.\" \/>\n\t\t<meta name=\"twitter:creator\" content=\"@SoyMigrante_com\" \/>\n\t\t<meta name=\"twitter:image\" content=\"https:\/\/soymigrante.com\/revista\/wp-content\/uploads\/2026\/02\/nombres-de-lugares-de-guatemala-letra-C.png\" \/>\n\t\t<!-- All in One SEO Pro -->\r\n\t\t<title>\u00bfQu\u00e9 significan nombres de lugares de Guatemala? \u2013 Letra C \u2013<\/title>\n\n","aioseo_head_json":{"title":"\u00bfQu\u00e9 significan nombres de lugares de Guatemala? \u2013 Letra C \u2013","description":"Los nombres de lugares de Guatemala tienen historia y significado multicultural. Etimolog\u00edas de nombres con inicial C, como Cob\u00e1n, Cuilco, Cuchumat\u00e1n y m\u00e1s.","canonical_url":"https:\/\/soymigrante.com\/revista\/que-significan-nombres-de-lugares-de-guatemala-etimologias-letra-c\/","robots":"max-snippet:-1, max-image-preview:large, max-video-preview:-1","keywords":"","webmasterTools":{"miscellaneous":"&lt;link rel=\"preconnect\" href=\"https:\/\/fonts.googleapis.com\" crossorigin&gt;\n&lt;link rel=\"preconnect\" href=\"https:\/\/fonts.gstatic.com\" crossorigin&gt;"},"schema":null,"og:locale":"es_ES","og:site_name":"SoyMigrante.com REVISTA \u2013 Nuestra misi\u00f3n es reconocer y dignificar al migrante.","og:type":"article","og:title":"\u00bfQu\u00e9 significan nombres de lugares de Guatemala? \u2013 Letra C \u2013","og:description":"Los nombres de lugares de Guatemala tienen historia y significado multicultural. Etimolog\u00edas de nombres con inicial C, como Cob\u00e1n, Cuilco, Cuchumat\u00e1n y m\u00e1s.","og:url":"https:\/\/soymigrante.com\/revista\/que-significan-nombres-de-lugares-de-guatemala-etimologias-letra-c\/","og:image":"https:\/\/soymigrante.com\/revista\/wp-content\/uploads\/2026\/02\/nombres-de-lugares-de-guatemala-letra-C.png","og:image:secure_url":"https:\/\/soymigrante.com\/revista\/wp-content\/uploads\/2026\/02\/nombres-de-lugares-de-guatemala-letra-C.png","og:image:width":895,"og:image:height":884,"article:published_time":"2026-02-26T14:53:01+00:00","article:modified_time":"2026-04-10T14:55:07+00:00","article:publisher":"https:\/\/www.facebook.com\/soymigrantecom","twitter:card":"summary_large_image","twitter:site":"@SoyMigrante_com","twitter:title":"\u00bfQu\u00e9 significan nombres de lugares de Guatemala? \u2013 Letra C \u2013","twitter:description":"Los nombres de lugares de Guatemala tienen historia y significado multicultural. Etimolog\u00edas de nombres con inicial C, como Cob\u00e1n, Cuilco, Cuchumat\u00e1n y m\u00e1s.","twitter:creator":"@SoyMigrante_com","twitter:image":"https:\/\/soymigrante.com\/revista\/wp-content\/uploads\/2026\/02\/nombres-de-lugares-de-guatemala-letra-C.png"},"aioseo_meta_data":{"post_id":"53338","title":"\u00bfQu\u00e9 significan nombres de lugares de Guatemala? Letra H","description":"Dicen que la H es muda. Podr\u00e1 no sonar a veces, pero otras s\u00ed. Estos son nombres de lugres de Guatemala con inicial H. Significados y etimolog\u00edas.","keywords":null,"keyphrases":{"focus":{"keyphrase":"Guatemala","score":91,"analysis":{"keyphraseInTitle":{"score":9,"maxScore":9,"error":0},"keyphraseInDescription":{"score":9,"maxScore":9,"error":0},"keyphraseLength":{"score":9,"maxScore":9,"error":0,"length":1},"keyphraseInURL":{"score":5,"maxScore":5,"error":0},"keyphraseInIntroduction":{"score":9,"maxScore":9,"error":0},"keyphraseInSubHeadings":{"score":3,"maxScore":9,"error":1},"keyphraseInImageAlt":{"score":9,"maxScore":9,"error":0},"keywordDensity":{"type":"best","score":9,"maxScore":9,"error":0}}},"additional":[{"keyphrase":"Etimolog\u00eda","score":40,"analysis":{"keyphraseInDescription":{"score":3,"maxScore":9,"error":1},"keyphraseLength":{"score":9,"maxScore":9,"error":0,"length":2},"keyphraseInIntroduction":{"score":3,"maxScore":9,"error":1},"keyphraseInImageAlt":{"score":3,"maxScore":9,"error":1},"keywordDensity":{"score":0,"type":"low","maxScore":9,"error":1}}},{"keyphrase":"Lugares","score":67,"analysis":{"keyphraseInDescription":{"score":3,"maxScore":9,"error":1},"keyphraseLength":{"score":9,"maxScore":9,"error":0,"length":1},"keyphraseInIntroduction":{"score":9,"maxScore":9,"error":0},"keyphraseInImageAlt":{"score":9,"maxScore":9,"error":0},"keywordDensity":{"score":0,"type":"low","maxScore":9,"error":1}}},{"keyphrase":"Etimolog\u00edas","score":53,"analysis":{"keyphraseInDescription":{"score":9,"maxScore":9,"error":0},"keyphraseLength":{"score":9,"maxScore":9,"error":0,"length":2},"keyphraseInIntroduction":{"score":3,"maxScore":9,"error":1},"keyphraseInImageAlt":{"score":3,"maxScore":9,"error":1},"keywordDensity":{"score":0,"type":"low","maxScore":9,"error":1}}}]},"primary_term":null,"canonical_url":null,"og_title":null,"og_description":null,"og_object_type":"default","og_image_type":"default","og_image_url":null,"og_image_width":null,"og_image_height":null,"og_image_custom_url":null,"og_image_custom_fields":null,"og_video":"","og_custom_url":null,"og_article_section":null,"og_article_tags":null,"twitter_use_og":false,"twitter_card":"default","twitter_image_type":"default","twitter_image_url":null,"twitter_image_custom_url":null,"twitter_image_custom_fields":null,"twitter_title":null,"twitter_description":null,"schema":{"blockGraphs":[],"customGraphs":[],"default":{"data":{"Article":[],"Course":[],"Dataset":[],"FAQPage":[],"Movie":[],"Person":[],"Product":[],"ProductReview":[],"Car":[],"Recipe":[],"Service":[],"SoftwareApplication":[],"WebPage":[]},"graphName":"NewsArticle","isEnabled":true},"graphs":[]},"schema_type":"default","schema_type_options":null,"pillar_content":false,"robots_default":true,"robots_noindex":false,"robots_noarchive":false,"robots_nosnippet":false,"robots_nofollow":false,"robots_noimageindex":false,"robots_noodp":false,"robots_notranslate":false,"robots_max_snippet":"-1","robots_max_videopreview":"-1","robots_max_imagepreview":"large","priority":null,"frequency":"default","local_seo":null,"seo_analyzer_scan_date":null,"breadcrumb_settings":null,"limit_modified_date":false,"reviewed_by":"0","open_ai":null,"ai":{"faqs":[],"keyPoints":[],"titles":[],"descriptions":[],"socialPosts":{"email":[],"linkedin":[],"twitter":[],"facebook":[],"instagram":[]}},"created":"2026-03-06 18:56:17","updated":"2026-04-10 15:41:02"},"aioseo_breadcrumb":"<div class=\"aioseo-breadcrumbs\"><span class=\"aioseo-breadcrumb\">\n\t<a href=\"https:\/\/soymigrante.com\/revista\" title=\"Home\">Home<\/a>\n<\/span><span class=\"aioseo-breadcrumb-separator\">\u00bb<\/span><span class=\"aioseo-breadcrumb\">\n\t<a href=\"https:\/\/soymigrante.com\/revista\/category\/guate-nuestra\/\" title=\"Guate Nuestra\">Guate Nuestra<\/a>\n<\/span><span class=\"aioseo-breadcrumb-separator\">\u00bb<\/span><span class=\"aioseo-breadcrumb\">\n\t<a href=\"https:\/\/soymigrante.com\/revista\/category\/guate-nuestra\/nombres-de-guatemala\/\" title=\"Nombres de Guatemala\">Nombres de Guatemala<\/a>\n<\/span><span class=\"aioseo-breadcrumb-separator\">\u00bb<\/span><span class=\"aioseo-breadcrumb\">\n\t\u00bfQu\u00e9 significan  nombres de lugares de Guatemala? \u2013 Letra H \u2013\n<\/span><\/div>","aioseo_breadcrumb_json":[{"label":"Home","link":"https:\/\/soymigrante.com\/revista"},{"label":"Guate Nuestra","link":"https:\/\/soymigrante.com\/revista\/category\/guate-nuestra\/"},{"label":"Nombres de Guatemala","link":"https:\/\/soymigrante.com\/revista\/category\/guate-nuestra\/nombres-de-guatemala\/"},{"label":"\u00bfQu\u00e9 significan  nombres de lugares de Guatemala? &#8211; Letra H &#8211;","link":"https:\/\/soymigrante.com\/revista\/que-significan-nombres-de-lugares-de-guatemala-letra-h\/"}],"_links":{"self":[{"href":"https:\/\/soymigrante.com\/revista\/wp-json\/wp\/v2\/posts\/53338","targetHints":{"allow":["GET"]}}],"collection":[{"href":"https:\/\/soymigrante.com\/revista\/wp-json\/wp\/v2\/posts"}],"about":[{"href":"https:\/\/soymigrante.com\/revista\/wp-json\/wp\/v2\/types\/post"}],"author":[{"embeddable":true,"href":"https:\/\/soymigrante.com\/revista\/wp-json\/wp\/v2\/users\/1"}],"replies":[{"embeddable":true,"href":"https:\/\/soymigrante.com\/revista\/wp-json\/wp\/v2\/comments?post=53338"}],"version-history":[{"count":5,"href":"https:\/\/soymigrante.com\/revista\/wp-json\/wp\/v2\/posts\/53338\/revisions"}],"predecessor-version":[{"id":53344,"href":"https:\/\/soymigrante.com\/revista\/wp-json\/wp\/v2\/posts\/53338\/revisions\/53344"}],"wp:featuredmedia":[{"embeddable":true,"href":"https:\/\/soymigrante.com\/revista\/wp-json\/wp\/v2\/media\/53339"}],"wp:attachment":[{"href":"https:\/\/soymigrante.com\/revista\/wp-json\/wp\/v2\/media?parent=53338"}],"wp:term":[{"taxonomy":"category","embeddable":true,"href":"https:\/\/soymigrante.com\/revista\/wp-json\/wp\/v2\/categories?post=53338"},{"taxonomy":"post_tag","embeddable":true,"href":"https:\/\/soymigrante.com\/revista\/wp-json\/wp\/v2\/tags?post=53338"}],"curies":[{"name":"wp","href":"https:\/\/api.w.org\/{rel}","templated":true}]}}