{"id":5323,"date":"2024-03-11T18:21:47","date_gmt":"2024-03-12T00:21:47","guid":{"rendered":"https:\/\/soymigrante.com\/revista\/?p=5323"},"modified":"2024-11-01T14:35:22","modified_gmt":"2024-11-01T20:35:22","slug":"lideres-migrantes-guatemaltecos-plantean-mejora-del-voto-en-estados-unidos-al-tse","status":"publish","type":"post","link":"https:\/\/soymigrante.com\/revista\/lideres-migrantes-guatemaltecos-plantean-mejora-del-voto-en-estados-unidos-al-tse\/","title":{"rendered":"Migrantes guatemaltecos plantean al TSE la mejora del voto desde Estados Unidos"},"content":{"rendered":"\t\t<div data-elementor-type=\"wp-post\" data-elementor-id=\"5323\" class=\"elementor elementor-5323\" data-elementor-post-type=\"post\">\n\t\t\t\t\t\t<section data-particle_enable=\"false\" data-particle-mobile-disabled=\"false\" class=\"elementor-section elementor-top-section elementor-element elementor-element-3b9e636 elementor-section-boxed elementor-section-height-default elementor-section-height-default\" data-id=\"3b9e636\" data-element_type=\"section\" data-e-type=\"section\">\n\t\t\t\t\t\t<div class=\"elementor-container elementor-column-gap-default\">\n\t\t\t\t\t<div class=\"elementor-column elementor-col-100 elementor-top-column elementor-element elementor-element-ff7f9c3\" data-id=\"ff7f9c3\" data-element_type=\"column\" data-e-type=\"column\">\n\t\t\t<div class=\"elementor-widget-wrap elementor-element-populated\">\n\t\t\t\t\t\t<div class=\"elementor-element elementor-element-7e02a90 elementor-widget elementor-widget-heading\" data-id=\"7e02a90\" data-element_type=\"widget\" data-e-type=\"widget\" data-widget_type=\"heading.default\">\n\t\t\t\t\t<h2 class=\"elementor-heading-title elementor-size-default\">Por primera vez, una delegaci\u00f3n de 12 representantes de comunidades de  guatemaltecas en Estados Unidos se reunen con magistrados del Tribunal Supremo Electoral para exponer planteamientos de mejora al voto migrante en aquel pa\u00eds.<\/h2>\t\t\t\t<\/div>\n\t\t\t\t\t<\/div>\n\t\t<\/div>\n\t\t\t\t\t<\/div>\n\t\t<\/section>\n\t\t\t\t<section data-particle_enable=\"false\" data-particle-mobile-disabled=\"false\" class=\"elementor-section elementor-top-section elementor-element elementor-element-109dab8 elementor-section-boxed elementor-section-height-default elementor-section-height-default\" data-id=\"109dab8\" data-element_type=\"section\" data-e-type=\"section\">\n\t\t\t\t\t\t<div class=\"elementor-container elementor-column-gap-default\">\n\t\t\t\t\t<div class=\"elementor-column elementor-col-100 elementor-top-column elementor-element elementor-element-856c194\" data-id=\"856c194\" data-element_type=\"column\" data-e-type=\"column\">\n\t\t\t<div class=\"elementor-widget-wrap elementor-element-populated\">\n\t\t\t\t\t\t<div class=\"elementor-element elementor-element-958e405 elementor-widget elementor-widget-text-editor\" data-id=\"958e405\" data-element_type=\"widget\" data-e-type=\"widget\" data-widget_type=\"text-editor.default\">\n\t\t\t\t\t\t\t\t\t<p>&#8220;Agradecemos al TSE la apertura para escucharnos. Es la primera vez que estamos reunidos tantos representantes de comunidades de guatemaltecos en Estados Unidos, de California, Texas, Nueva York, Florida y Washington, para exponer nuestro aporte para mejorar el acceso al voto&#8221;, dijo Ben Montterroso, l\u00edder migrante y fundador de Voguare, Voto de los Migrantes Guatemaltecos Residentes en el Extranjero, durante el encuentro con las autoridades electorales.<\/p><p><span style=\"color: var( --e-global-color-text );\">Los migrantes se\u00f1alaron como principales barreras de la participaci\u00f3n electoral migrante a la insuficiente provisi\u00f3n de documentos de identificaci\u00f3n personal, DPI y de pasaportes, al insuficiente n\u00famero de centros de votaci\u00f3n, a la resistencia de algunos c\u00f3nsules para permitir el uso de las sedes consulares como centro de votaci\u00f3n\u00a0 y a la falta de un sistema de voto electr\u00f3nico.<\/span><\/p><p><span style=\"font-family: Roboto, sans-serif; font-size: 16px; font-style: normal; font-variant-ligatures: normal; font-variant-caps: normal; font-weight: 400;\">Dicho encuentro se produjo al final de la primera reuni\u00f3n de la\u00a0 Comisi\u00f3n de Actualizaci\u00f3n y Modernizaci\u00f3n Electoral, CAME, instancia a cargo de evaluar el pasado proceso electoral, recibir y plantear propuestas de cambios legales y de procedimiento, en caso de ser necesario.<\/span><\/p>\t\t\t\t\t\t\t\t<\/div>\n\t\t\t\t\t<\/div>\n\t\t<\/div>\n\t\t\t\t\t<\/div>\n\t\t<\/section>\n\t\t\t\t<section data-particle_enable=\"false\" data-particle-mobile-disabled=\"false\" class=\"elementor-section elementor-top-section elementor-element elementor-element-0fe8420 elementor-section-boxed elementor-section-height-default elementor-section-height-default\" data-id=\"0fe8420\" data-element_type=\"section\" data-e-type=\"section\">\n\t\t\t\t\t\t<div class=\"elementor-container elementor-column-gap-default\">\n\t\t\t\t\t<div class=\"elementor-column elementor-col-100 elementor-top-column elementor-element elementor-element-25e2dcd\" data-id=\"25e2dcd\" data-element_type=\"column\" data-e-type=\"column\">\n\t\t\t<div class=\"elementor-widget-wrap elementor-element-populated\">\n\t\t\t\t\t\t<div class=\"elementor-element elementor-element-0ce7f53 elementor-widget elementor-widget-image\" data-id=\"0ce7f53\" data-element_type=\"widget\" data-e-type=\"widget\" data-widget_type=\"image.default\">\n\t\t\t\t\t\t\t\t\t\t\t\t<figure class=\"wp-caption\">\n\t\t\t\t\t\t\t\t\t\t<img fetchpriority=\"high\" decoding=\"async\" width=\"768\" height=\"459\" src=\"https:\/\/soymigrante.com\/revista\/wp-content\/uploads\/2024\/03\/WhatsApp-Image-2024-03-11-at-5.07.16-PM-1024x612.webp\" class=\"attachment-large size-large wp-image-5326\" alt=\"Reuni\u00f3n de l\u00edderes migrantes guatemaltecos y magistrados del Tribunal Supremo Electoral sobre reformas electorales y voto en el extranjero.\" srcset=\"https:\/\/soymigrante.com\/revista\/wp-content\/uploads\/2024\/03\/WhatsApp-Image-2024-03-11-at-5.07.16-PM-1024x612.webp 1024w, https:\/\/soymigrante.com\/revista\/wp-content\/uploads\/2024\/03\/WhatsApp-Image-2024-03-11-at-5.07.16-PM-300x179.webp 300w, https:\/\/soymigrante.com\/revista\/wp-content\/uploads\/2024\/03\/WhatsApp-Image-2024-03-11-at-5.07.16-PM-768x459.webp 768w, https:\/\/soymigrante.com\/revista\/wp-content\/uploads\/2024\/03\/WhatsApp-Image-2024-03-11-at-5.07.16-PM-1536x918.webp 1536w, https:\/\/soymigrante.com\/revista\/wp-content\/uploads\/2024\/03\/WhatsApp-Image-2024-03-11-at-5.07.16-PM-750x448.webp 750w, https:\/\/soymigrante.com\/revista\/wp-content\/uploads\/2024\/03\/WhatsApp-Image-2024-03-11-at-5.07.16-PM-1140x681.webp 1140w, https:\/\/soymigrante.com\/revista\/wp-content\/uploads\/2024\/03\/WhatsApp-Image-2024-03-11-at-5.07.16-PM.webp 1600w\" sizes=\"(max-width: 768px) 100vw, 768px\" title=\"Reuni\u00f3n de l\u00edderes migrantes guatemaltecos y magistrados del Tribunal Supremo Electoral sobre reformas electorales y voto en el extranjero. \u2013 SoyMigrante.com REVISTA\" \/>\t\t\t\t\t\t\t\t\t\t\t<figcaption class=\"widget-image-caption wp-caption-text\">Como un encuentro hist\u00f3rico calificaron los migrantes guatemaltecos esta primera reuni\u00f3n con magistrados del Tribunal Supremo Electoral y pidieron ser escuchados peri\u00f3dicamente para revisar avances y mejorar procesos para la organizaci\u00f3n de futuras elecciones.<\/figcaption>\n\t\t\t\t\t\t\t\t\t\t<\/figure>\n\t\t\t\t\t\t\t\t\t<\/div>\n\t\t\t\t\t<\/div>\n\t\t<\/div>\n\t\t\t\t\t<\/div>\n\t\t<\/section>\n\t\t\t\t<section data-particle_enable=\"false\" data-particle-mobile-disabled=\"false\" class=\"elementor-section elementor-top-section elementor-element elementor-element-8046cdc elementor-section-boxed elementor-section-height-default elementor-section-height-default\" data-id=\"8046cdc\" data-element_type=\"section\" data-e-type=\"section\">\n\t\t\t\t\t\t<div class=\"elementor-container elementor-column-gap-default\">\n\t\t\t\t\t<div class=\"elementor-column elementor-col-100 elementor-top-column elementor-element elementor-element-9105de2\" data-id=\"9105de2\" data-element_type=\"column\" data-e-type=\"column\">\n\t\t\t<div class=\"elementor-widget-wrap elementor-element-populated\">\n\t\t\t\t\t\t<div class=\"elementor-element elementor-element-d8db667 elementor-widget elementor-widget-heading\" data-id=\"d8db667\" data-element_type=\"widget\" data-e-type=\"widget\" data-widget_type=\"heading.default\">\n\t\t\t\t\t<h3 class=\"elementor-heading-title elementor-size-default\">Principales peticiones electorales migrantes<\/h3>\t\t\t\t<\/div>\n\t\t\t\t\t<\/div>\n\t\t<\/div>\n\t\t\t\t\t<\/div>\n\t\t<\/section>\n\t\t\t\t<section data-particle_enable=\"false\" data-particle-mobile-disabled=\"false\" class=\"elementor-section elementor-top-section elementor-element elementor-element-02610d9 elementor-section-boxed elementor-section-height-default elementor-section-height-default\" data-id=\"02610d9\" data-element_type=\"section\" data-e-type=\"section\">\n\t\t\t\t\t\t<div class=\"elementor-container elementor-column-gap-default\">\n\t\t\t\t\t<div class=\"elementor-column elementor-col-100 elementor-top-column elementor-element elementor-element-a470b62\" data-id=\"a470b62\" data-element_type=\"column\" data-e-type=\"column\">\n\t\t\t<div class=\"elementor-widget-wrap elementor-element-populated\">\n\t\t\t\t\t\t<div class=\"elementor-element elementor-element-2a46a7b elementor-widget elementor-widget-text-editor\" data-id=\"2a46a7b\" data-element_type=\"widget\" data-e-type=\"widget\" data-widget_type=\"text-editor.default\">\n\t\t\t\t\t\t\t\t\t<ul><li><span style=\"color: var( --e-global-color-text );\"><b>La creaci\u00f3n del Distrito 24 <\/b>(que abarca a ciudadanos guatemaltecos migrantes en EE.UU). con derecho a elegir y ser electo, incluyendo una representaci\u00f3n en el Congreso de Guatemala, con diputados que representen a dicho distrito.<\/span><\/li><li><span style=\"color: var( --e-global-color-text );\"><b>Ampliar el derecho de los migrantes a elegir<\/b>. Actualmente solo votan para Presidente y Vicepresidente, pero la petici\u00f3n es poder votar para elegir Diputados y Alcaldes Municipales de sus comunidades de origen, donde a menudo viven las familias de los migrantes.<\/span><\/li><li><span style=\"color: var( --e-global-color-text );\"><b>Voto\u00a0 f\u00edsico o voto electr\u00f3nico<\/b>. Poder participar a trav\u00e9s de la modalidad que mejor se adapte a las posibilidades, ubicaci\u00f3n y necesidad del migrante guatemalteco. Por supuesto a trav\u00e9s de un sistema seguro y bien fiscalizado.<\/span><\/li><li><span style=\"color: var( --e-global-color-text );\"><b>Permitir que el migrante pueda votar con DPI o Pasaporte.<\/b><\/span><\/li><li><span style=\"color: var( --e-global-color-text );\"><b>Posibilitar la presencia constante de personal o representantes del Tribunal Supremo Electoral <\/b>en las \u00e1reas o consulados con mayor poblaci\u00f3n de migrantes guatemaltecos.<\/span><\/li><li><span style=\"color: var( --e-global-color-text );\"><b>Instituir el empadronamiento autom\u00e1tico, <\/b>para que los migrantes que tramitan y reciben su DPI en Estados Unidos autom\u00e1ticamente queden registrados en el padr\u00f3n electoral, sin necesidad de tr\u00e1mite adicional.<\/span><\/li><\/ul><div>La presidenta del TSE, Blanca Alfaro agradeci\u00f3 los aportes, anim\u00f3 a continuar el proceso de di\u00e1logo y se\u00f1al\u00f3 que existen cientos de propuestas de cambios electorales, que se discutir\u00e1n en la CAME. Se\u00f1al\u00f3 adem\u00e1s que existen varios factores que dependen de cambios legales, como la posibilidad de mayor colaboraci\u00f3n de los Consulados con el TSE.\u00a0<\/div><p>\u00a0<\/p>\t\t\t\t\t\t\t\t<\/div>\n\t\t\t\t\t<\/div>\n\t\t<\/div>\n\t\t\t\t\t<\/div>\n\t\t<\/section>\n\t\t\t\t<section data-particle_enable=\"false\" data-particle-mobile-disabled=\"false\" class=\"elementor-section elementor-top-section elementor-element elementor-element-e1d684c elementor-section-boxed elementor-section-height-default elementor-section-height-default\" data-id=\"e1d684c\" data-element_type=\"section\" data-e-type=\"section\">\n\t\t\t\t\t\t<div class=\"elementor-container elementor-column-gap-default\">\n\t\t\t\t\t<div class=\"elementor-column elementor-col-100 elementor-top-column elementor-element elementor-element-425c647\" data-id=\"425c647\" data-element_type=\"column\" data-e-type=\"column\">\n\t\t\t<div class=\"elementor-widget-wrap elementor-element-populated\">\n\t\t\t\t\t\t<div class=\"elementor-element elementor-element-ab05ee9 elementor-widget elementor-widget-image\" data-id=\"ab05ee9\" data-element_type=\"widget\" data-e-type=\"widget\" data-widget_type=\"image.default\">\n\t\t\t\t\t\t\t\t\t\t\t\t<figure class=\"wp-caption\">\n\t\t\t\t\t\t\t\t\t\t<img decoding=\"async\" width=\"768\" height=\"710\" src=\"https:\/\/soymigrante.com\/revista\/wp-content\/uploads\/2024\/03\/fadsfgewt4t346.webp\" class=\"attachment-large size-large wp-image-5328\" alt=\"El di\u00e1logo de los migrantes con el Tribunal Supremo Electoral fue totalmente franco y abierto respecto de las expectativas, fallas en los dos procesos anteriores y propuestas de soluci\u00f3n.\" srcset=\"https:\/\/soymigrante.com\/revista\/wp-content\/uploads\/2024\/03\/fadsfgewt4t346.webp 956w, https:\/\/soymigrante.com\/revista\/wp-content\/uploads\/2024\/03\/fadsfgewt4t346-300x277.webp 300w, https:\/\/soymigrante.com\/revista\/wp-content\/uploads\/2024\/03\/fadsfgewt4t346-768x710.webp 768w, https:\/\/soymigrante.com\/revista\/wp-content\/uploads\/2024\/03\/fadsfgewt4t346-750x694.webp 750w\" sizes=\"(max-width: 768px) 100vw, 768px\" title=\"El di\u00e1logo de los migrantes con el Tribunal Supremo Electoral fue totalmente franco y abierto respecto de las expectativas, fallas en los dos procesos anteriores y propuestas de soluci\u00f3n. \u2013 SoyMigrante.com REVISTA\" \/>\t\t\t\t\t\t\t\t\t\t\t<figcaption class=\"widget-image-caption wp-caption-text\">El di\u00e1logo de los migrantes con el Tribunal Supremo Electoral fue totalmente franco y abierto respecto de las expectativas, fallas en los dos procesos anteriores y propuestas de soluci\u00f3n.<\/figcaption>\n\t\t\t\t\t\t\t\t\t\t<\/figure>\n\t\t\t\t\t\t\t\t\t<\/div>\n\t\t\t\t\t<\/div>\n\t\t<\/div>\n\t\t\t\t\t<\/div>\n\t\t<\/section>\n\t\t\t\t<section data-particle_enable=\"false\" data-particle-mobile-disabled=\"false\" class=\"elementor-section elementor-top-section elementor-element elementor-element-6dd65c8 elementor-section-boxed elementor-section-height-default elementor-section-height-default\" data-id=\"6dd65c8\" data-element_type=\"section\" data-e-type=\"section\">\n\t\t\t\t\t\t<div class=\"elementor-container elementor-column-gap-default\">\n\t\t\t\t\t<div class=\"elementor-column elementor-col-100 elementor-top-column elementor-element elementor-element-451f668\" data-id=\"451f668\" data-element_type=\"column\" data-e-type=\"column\">\n\t\t\t<div class=\"elementor-widget-wrap elementor-element-populated\">\n\t\t\t\t\t\t<div class=\"elementor-element elementor-element-d1cfd8d elementor-widget elementor-widget-heading\" data-id=\"d1cfd8d\" data-element_type=\"widget\" data-e-type=\"widget\" data-widget_type=\"heading.default\">\n\t\t\t\t\t<h3 class=\"elementor-heading-title elementor-size-default\">Otros requerimientos migrantes  <\/h3>\t\t\t\t<\/div>\n\t\t\t\t\t<\/div>\n\t\t<\/div>\n\t\t\t\t\t<\/div>\n\t\t<\/section>\n\t\t\t\t<section data-particle_enable=\"false\" data-particle-mobile-disabled=\"false\" class=\"elementor-section elementor-top-section elementor-element elementor-element-44a5c66 elementor-section-boxed elementor-section-height-default elementor-section-height-default\" data-id=\"44a5c66\" data-element_type=\"section\" data-e-type=\"section\">\n\t\t\t\t\t\t<div class=\"elementor-container elementor-column-gap-default\">\n\t\t\t\t\t<div class=\"elementor-column elementor-col-100 elementor-top-column elementor-element elementor-element-c448377\" data-id=\"c448377\" data-element_type=\"column\" data-e-type=\"column\">\n\t\t\t<div class=\"elementor-widget-wrap elementor-element-populated\">\n\t\t\t\t\t\t<div class=\"elementor-element elementor-element-4e04b74 elementor-widget elementor-widget-text-editor\" data-id=\"4e04b74\" data-element_type=\"widget\" data-e-type=\"widget\" data-widget_type=\"text-editor.default\">\n\t\t\t\t\t\t\t\t\t<p>Esta es la primera vez que se produce un encuentro tan concurrido de l\u00edderes migrantes con autoridades electorales. De hecho, varios no pudieron asistir por motivos de trabajo o de situaci\u00f3n migratoria en EE.UU., pero hicieron llegar sus propuestas a trav\u00e9s de los que s\u00ed acudieron.<\/p>\n<p>Otras peticiones planteadas, no necesariamente del \u00e1mbito electoral, pero que en alg\u00fan punto coinciden son: la necesidad de <b>mayor apoyo legal efectivo de parte de los consulados de Guatemala<\/b>, la supervisi\u00f3n de la calidad del servicio que se brinda en los consulados pues en algunos hay mucha amabilidad y trato humano, pero en otros hay discriminaci\u00f3n por aspecto o condici\u00f3n social.<\/p>\n<p>Tambi\u00e9n se plante\u00f3 la <b>exagerada diferencia de precios que tienen ciertos tr\u00e1mites de documentos personales como DPI o Pasaporte<\/b>, entre guatemaltecos residentes&nbsp; en el pa\u00eds y migrantes. Si bien reconocen que pueda haber alg\u00fan costo adicional, los representantes estiman que ellos efect\u00faan un fuerte aporte a la econom\u00eda del pa\u00eds mediante sus remesas, por lo cual deber\u00edan revisarse esas tarifas.<\/p>\n<p>La magistrada Alfaro estuvo de acuerdo con varios de los puntos de vista expresados, incluyendo la poca o ninguna colaboraci\u00f3n que recibi\u00f3 el TSE de parte de algunos consulados, durante el proceso electoral pasado, en donde ni siquiera permitieron instalar un \u00e1rea para empadronamiento y menos a\u00fan poder colocar un centro de votaci\u00f3n.&nbsp;<\/p>\n<p>Finalmente, los representantes migrantes guatemaltecos se solidarizaron con el Tribunal Supremo Electoral, rechazaron el asedio judicial emprendido por el Ministerio P\u00fablico en contra de los resultados electorales y expresaron su respeto al trabajo de la m\u00e1xima autoridad electoral.<\/p>\t\t\t\t\t\t\t\t<\/div>\n\t\t\t\t\t<\/div>\n\t\t<\/div>\n\t\t\t\t\t<\/div>\n\t\t<\/section>\n\t\t\t\t<section data-particle_enable=\"false\" data-particle-mobile-disabled=\"false\" class=\"elementor-section elementor-top-section elementor-element elementor-element-4b7f003 elementor-section-boxed elementor-section-height-default elementor-section-height-default\" data-id=\"4b7f003\" data-element_type=\"section\" data-e-type=\"section\">\n\t\t\t\t\t\t<div class=\"elementor-container elementor-column-gap-default\">\n\t\t\t\t\t<div class=\"elementor-column elementor-col-100 elementor-top-column elementor-element elementor-element-027154d\" data-id=\"027154d\" data-element_type=\"column\" data-e-type=\"column\">\n\t\t\t<div class=\"elementor-widget-wrap elementor-element-populated\">\n\t\t\t\t\t\t<div class=\"elementor-element elementor-element-dbe80ad elementor-widget elementor-widget-image\" data-id=\"dbe80ad\" data-element_type=\"widget\" data-e-type=\"widget\" data-widget_type=\"image.default\">\n\t\t\t\t\t\t\t\t\t\t\t\t<figure class=\"wp-caption\">\n\t\t\t\t\t\t\t\t\t\t<img decoding=\"async\" width=\"768\" height=\"568\" src=\"https:\/\/soymigrante.com\/revista\/wp-content\/uploads\/2023\/11\/fam-perez2-1024x757.webp\" class=\"attachment-large size-large wp-image-3499\" alt=\"\" srcset=\"https:\/\/soymigrante.com\/revista\/wp-content\/uploads\/2023\/11\/fam-perez2-1024x757.webp 1024w, https:\/\/soymigrante.com\/revista\/wp-content\/uploads\/2023\/11\/fam-perez2-300x222.webp 300w, https:\/\/soymigrante.com\/revista\/wp-content\/uploads\/2023\/11\/fam-perez2-768x568.webp 768w, https:\/\/soymigrante.com\/revista\/wp-content\/uploads\/2023\/11\/fam-perez2-750x554.webp 750w, https:\/\/soymigrante.com\/revista\/wp-content\/uploads\/2023\/11\/fam-perez2.webp 1085w\" sizes=\"(max-width: 768px) 100vw, 768px\" title=\"Los migrantes Carlos y Lidia acudieron a votar en las recientes elecciones de Guatemala. Participaron por amor a su patria y en espera de mejores oportunidades de desarroillo para las comunidades \u2013 SoyMigrante.com REVISTA\" \/>\t\t\t\t\t\t\t\t\t\t\t<figcaption class=\"widget-image-caption wp-caption-text\">Los migrantes Carlos y Lidia acudieron a votar en las  elecciones de 2023. Sin embargo, para muchos migrantes hubo dificultades debido a que no figuraban en el padr\u00f3n electoral o que acudieron a un centro de votaci\u00f3n pero estaban registrados en otro, distante, y no pudieron emitir el sufragio. Problemas de este tipo son los que los representantes guatemaltecos pidieron solventar.<\/figcaption>\n\t\t\t\t\t\t\t\t\t\t<\/figure>\n\t\t\t\t\t\t\t\t\t<\/div>\n\t\t\t\t\t<\/div>\n\t\t<\/div>\n\t\t\t\t\t<\/div>\n\t\t<\/section>\n\t\t\t\t<section data-particle_enable=\"false\" data-particle-mobile-disabled=\"false\" class=\"elementor-section elementor-top-section elementor-element elementor-element-487025e elementor-section-boxed elementor-section-height-default elementor-section-height-default\" data-id=\"487025e\" data-element_type=\"section\" data-e-type=\"section\">\n\t\t\t\t\t\t<div class=\"elementor-container elementor-column-gap-default\">\n\t\t\t\t\t<div class=\"elementor-column elementor-col-100 elementor-top-column elementor-element elementor-element-c3b7aa4\" data-id=\"c3b7aa4\" data-element_type=\"column\" data-e-type=\"column\">\n\t\t\t<div class=\"elementor-widget-wrap elementor-element-populated\">\n\t\t\t\t\t\t<div class=\"elementor-element elementor-element-3f45fae elementor-widget elementor-widget-heading\" data-id=\"3f45fae\" data-element_type=\"widget\" data-e-type=\"widget\" data-widget_type=\"heading.default\">\n\t\t\t\t\t<h2 class=\"elementor-heading-title elementor-size-default\">Est\u00e9 donde est\u00e9, estamos para servirle a Ud.<\/h2>\t\t\t\t<\/div>\n\t\t\t\t\t<\/div>\n\t\t<\/div>\n\t\t\t\t\t<\/div>\n\t\t<\/section>\n\t\t\t\t<section data-particle_enable=\"false\" data-particle-mobile-disabled=\"false\" class=\"elementor-section elementor-top-section elementor-element elementor-element-65e632a elementor-section-boxed elementor-section-height-default elementor-section-height-default\" data-id=\"65e632a\" data-element_type=\"section\" data-e-type=\"section\">\n\t\t\t\t\t\t<div class=\"elementor-container elementor-column-gap-default\">\n\t\t\t\t\t<div class=\"elementor-column elementor-col-100 elementor-top-column elementor-element elementor-element-df79b14\" data-id=\"df79b14\" data-element_type=\"column\" data-e-type=\"column\">\n\t\t\t<div class=\"elementor-widget-wrap elementor-element-populated\">\n\t\t\t\t\t\t<div class=\"elementor-element elementor-element-ee6026b elementor-grid-eael-col-4 elementor-grid-tablet-eael-col-2 elementor-grid-mobile-eael-col-1 elementor-widget elementor-widget-eael-post-grid\" data-id=\"ee6026b\" data-element_type=\"widget\" data-e-type=\"widget\" data-settings=\"{&quot;eael_post_grid_columns&quot;:&quot;eael-col-4&quot;,&quot;eael_post_grid_columns_tablet&quot;:&quot;eael-col-2&quot;,&quot;eael_post_grid_columns_mobile&quot;:&quot;eael-col-1&quot;}\" data-widget_type=\"eael-post-grid.default\">\n\t\t\t\t\t<div id=\"eael-post-grid-ee6026b\" class=\"eael-post-grid-container\">\n            <div class=\"eael-post-grid eael-post-appender eael-post-appender-ee6026b eael-post-grid-style-one\" data-layout-mode=\"masonry\"><article class=\"eael-grid-post  eael-post-grid-column eael-pg-post-303 category-bienestar tags-en-familia\" data-id=\"303\">\n        <div class=\"eael-grid-post-holder\">\n            <div class=\"eael-grid-post-holder-inner\"><div class=\"eael-entry-media\"><div class=\"eael-entry-overlay fade-in\"><i class=\"fas fa-long-arrow-alt-right\" aria-hidden=\"true\"><\/i><a href=\"https:\/\/soymigrante.com\/revista\/7-aspectos-para-aprovechar-mejor-las-remesas-enviadas-a-guatemala\/\"><\/a><\/div><div class=\"eael-entry-thumbnail \">\n                <img loading=\"lazy\" decoding=\"async\" width=\"300\" height=\"300\" src=\"https:\/\/soymigrante.com\/revista\/wp-content\/uploads\/2023\/05\/WhatsApp-Image-2024-05-07-at-3.58.29-PM-e1715699771795-300x300.webp\" class=\"attachment-medium size-medium wp-image-6393\" alt=\"Dinero en billetes de diez y cinco d\u00f3lares estadounidenses sobre suelo de ladrillo.\" srcset=\"https:\/\/soymigrante.com\/revista\/wp-content\/uploads\/2023\/05\/WhatsApp-Image-2024-05-07-at-3.58.29-PM-e1715699771795-300x300.webp 300w, https:\/\/soymigrante.com\/revista\/wp-content\/uploads\/2023\/05\/WhatsApp-Image-2024-05-07-at-3.58.29-PM-e1715699771795-150x150.webp 150w, https:\/\/soymigrante.com\/revista\/wp-content\/uploads\/2023\/05\/WhatsApp-Image-2024-05-07-at-3.58.29-PM-e1715699771795-768x767.webp 768w, https:\/\/soymigrante.com\/revista\/wp-content\/uploads\/2023\/05\/WhatsApp-Image-2024-05-07-at-3.58.29-PM-e1715699771795-75x75.webp 75w, https:\/\/soymigrante.com\/revista\/wp-content\/uploads\/2023\/05\/WhatsApp-Image-2024-05-07-at-3.58.29-PM-e1715699771795-750x749.webp 750w, https:\/\/soymigrante.com\/revista\/wp-content\/uploads\/2023\/05\/WhatsApp-Image-2024-05-07-at-3.58.29-PM-e1715699771795.webp 957w\" sizes=\"(max-width: 300px) 100vw, 300px\" \/>\n            <\/div>\n        <\/div><div class=\"eael-entry-wrapper\"><header class=\"eael-entry-header\"><h2 class=\"eael-entry-title\"><a class=\"eael-grid-post-link\" href=\"https:\/\/soymigrante.com\/revista\/7-aspectos-para-aprovechar-mejor-las-remesas-enviadas-a-guatemala\/\" title=\"Siete claves para aprovechar mejor las remesas enviadas a familiares en Guatemala\">Siete claves para aprovechar mejor las remesas enviadas a familiares en Guatemala<\/a><\/h2><\/header><\/div><\/div>\n        <\/div>\n    <\/article><article class=\"eael-grid-post  eael-post-grid-column eael-pg-post-2949 category-recursos-migratorios\" data-id=\"2949\">\n        <div class=\"eael-grid-post-holder\">\n            <div class=\"eael-grid-post-holder-inner\"><div class=\"eael-entry-media\"><div class=\"eael-entry-overlay fade-in\"><i class=\"fas fa-long-arrow-alt-right\" aria-hidden=\"true\"><\/i><a href=\"https:\/\/soymigrante.com\/revista\/como-tramitar-el-pasaporte-guatemalteco-en-estados-unidos\/\"><\/a><\/div><div class=\"eael-entry-thumbnail \">\n                <img loading=\"lazy\" decoding=\"async\" width=\"300\" height=\"135\" src=\"https:\/\/soymigrante.com\/revista\/wp-content\/uploads\/2023\/10\/El-pasaporte-se-puede-tramitar-desde-las-embajadas-y-consulados-oficiales-en-Estados-Unidos-300x135.webp\" class=\"attachment-medium size-medium wp-image-2961\" alt=\"El pasaporte se puede tramitar desde las embajadas y consulados oficiales en Estados Unidos\" srcset=\"https:\/\/soymigrante.com\/revista\/wp-content\/uploads\/2023\/10\/El-pasaporte-se-puede-tramitar-desde-las-embajadas-y-consulados-oficiales-en-Estados-Unidos-300x135.webp 300w, https:\/\/soymigrante.com\/revista\/wp-content\/uploads\/2023\/10\/El-pasaporte-se-puede-tramitar-desde-las-embajadas-y-consulados-oficiales-en-Estados-Unidos-1024x460.webp 1024w, https:\/\/soymigrante.com\/revista\/wp-content\/uploads\/2023\/10\/El-pasaporte-se-puede-tramitar-desde-las-embajadas-y-consulados-oficiales-en-Estados-Unidos-768x345.webp 768w, https:\/\/soymigrante.com\/revista\/wp-content\/uploads\/2023\/10\/El-pasaporte-se-puede-tramitar-desde-las-embajadas-y-consulados-oficiales-en-Estados-Unidos-1536x690.webp 1536w, https:\/\/soymigrante.com\/revista\/wp-content\/uploads\/2023\/10\/El-pasaporte-se-puede-tramitar-desde-las-embajadas-y-consulados-oficiales-en-Estados-Unidos-scaled.webp 1920w, https:\/\/soymigrante.com\/revista\/wp-content\/uploads\/2023\/10\/El-pasaporte-se-puede-tramitar-desde-las-embajadas-y-consulados-oficiales-en-Estados-Unidos-750x337.webp 750w, https:\/\/soymigrante.com\/revista\/wp-content\/uploads\/2023\/10\/El-pasaporte-se-puede-tramitar-desde-las-embajadas-y-consulados-oficiales-en-Estados-Unidos-1140x512.webp 1140w\" sizes=\"(max-width: 300px) 100vw, 300px\" \/>\n            <\/div>\n        <\/div><div class=\"eael-entry-wrapper\"><header class=\"eael-entry-header\"><h2 class=\"eael-entry-title\"><a class=\"eael-grid-post-link\" href=\"https:\/\/soymigrante.com\/revista\/como-tramitar-el-pasaporte-guatemalteco-en-estados-unidos\/\" title=\"\u00bfC\u00f3mo tramitar el pasaporte guatemalteco en Estados Unidos?\">\u00bfC\u00f3mo tramitar el pasaporte guatemalteco en Estados Unidos?<\/a><\/h2><\/header><\/div><\/div>\n        <\/div>\n    <\/article><article class=\"eael-grid-post  eael-post-grid-column eael-pg-post-1989 category-recursos-migratorios\" data-id=\"1989\">\n        <div class=\"eael-grid-post-holder\">\n            <div class=\"eael-grid-post-holder-inner\"><div class=\"eael-entry-media\"><div class=\"eael-entry-overlay fade-in\"><i class=\"fas fa-long-arrow-alt-right\" aria-hidden=\"true\"><\/i><a href=\"https:\/\/soymigrante.com\/revista\/declaracion-jurada-viajero-guatemala-formulario\/\"><\/a><\/div><div class=\"eael-entry-thumbnail \">\n                <img loading=\"lazy\" decoding=\"async\" width=\"300\" height=\"300\" src=\"https:\/\/soymigrante.com\/revista\/wp-content\/uploads\/2023\/10\/formulario-entrar-salir-Guatemala-migratorio-declaracion-viajero-300x300.png\" class=\"attachment-medium size-medium wp-image-36876\" alt=\"C\u00f3mo llenar el formulario para entrar y salir de Guatemala\" srcset=\"https:\/\/soymigrante.com\/revista\/wp-content\/uploads\/2023\/10\/formulario-entrar-salir-Guatemala-migratorio-declaracion-viajero-300x300.png 300w, https:\/\/soymigrante.com\/revista\/wp-content\/uploads\/2023\/10\/formulario-entrar-salir-Guatemala-migratorio-declaracion-viajero-1024x1024.png 1024w, https:\/\/soymigrante.com\/revista\/wp-content\/uploads\/2023\/10\/formulario-entrar-salir-Guatemala-migratorio-declaracion-viajero-150x150.png 150w, https:\/\/soymigrante.com\/revista\/wp-content\/uploads\/2023\/10\/formulario-entrar-salir-Guatemala-migratorio-declaracion-viajero-768x768.png 768w, https:\/\/soymigrante.com\/revista\/wp-content\/uploads\/2023\/10\/formulario-entrar-salir-Guatemala-migratorio-declaracion-viajero-75x75.webp 75w, https:\/\/soymigrante.com\/revista\/wp-content\/uploads\/2023\/10\/formulario-entrar-salir-Guatemala-migratorio-declaracion-viajero-750x750.webp 750w, https:\/\/soymigrante.com\/revista\/wp-content\/uploads\/2023\/10\/formulario-entrar-salir-Guatemala-migratorio-declaracion-viajero.webp 1080w\" sizes=\"(max-width: 300px) 100vw, 300px\" \/>\n            <\/div>\n        <\/div><div class=\"eael-entry-wrapper\"><header class=\"eael-entry-header\"><h2 class=\"eael-entry-title\"><a class=\"eael-grid-post-link\" href=\"https:\/\/soymigrante.com\/revista\/declaracion-jurada-viajero-guatemala-formulario\/\" title=\"C\u00f3mo llenar el formulario para entrar y salir de Guatemala\">C\u00f3mo llenar el formulario para entrar y salir de Guatemala<\/a><\/h2><\/header><\/div><\/div>\n        <\/div>\n    <\/article><article class=\"eael-grid-post  eael-post-grid-column eael-pg-post-1822 category-bienestar\" data-id=\"1822\">\n        <div class=\"eael-grid-post-holder\">\n            <div class=\"eael-grid-post-holder-inner\"><div class=\"eael-entry-media\"><div class=\"eael-entry-overlay fade-in\"><i class=\"fas fa-long-arrow-alt-right\" aria-hidden=\"true\"><\/i><a href=\"https:\/\/soymigrante.com\/revista\/educacion-financiera-para-migrantes-retornados\/\"><\/a><\/div><div class=\"eael-entry-thumbnail \">\n                <img loading=\"lazy\" decoding=\"async\" width=\"300\" height=\"200\" src=\"https:\/\/soymigrante.com\/revista\/wp-content\/uploads\/2024\/01\/dolares-azules-regla-300x200.webp\" class=\"attachment-medium size-medium wp-image-4267\" alt=\"\" srcset=\"https:\/\/soymigrante.com\/revista\/wp-content\/uploads\/2024\/01\/dolares-azules-regla-300x200.webp 300w, https:\/\/soymigrante.com\/revista\/wp-content\/uploads\/2024\/01\/dolares-azules-regla-1024x683.webp 1024w, https:\/\/soymigrante.com\/revista\/wp-content\/uploads\/2024\/01\/dolares-azules-regla-768x513.webp 768w, https:\/\/soymigrante.com\/revista\/wp-content\/uploads\/2024\/01\/dolares-azules-regla-1536x1025.webp 1536w, https:\/\/soymigrante.com\/revista\/wp-content\/uploads\/2024\/01\/dolares-azules-regla-scaled.webp 1920w, https:\/\/soymigrante.com\/revista\/wp-content\/uploads\/2024\/01\/dolares-azules-regla-750x501.webp 750w, https:\/\/soymigrante.com\/revista\/wp-content\/uploads\/2024\/01\/dolares-azules-regla-1140x761.webp 1140w, https:\/\/soymigrante.com\/revista\/wp-content\/uploads\/2024\/01\/dolares-azules-regla-600x400.webp 600w\" sizes=\"(max-width: 300px) 100vw, 300px\" \/>\n            <\/div>\n        <\/div><div class=\"eael-entry-wrapper\"><header class=\"eael-entry-header\"><h2 class=\"eael-entry-title\"><a class=\"eael-grid-post-link\" href=\"https:\/\/soymigrante.com\/revista\/educacion-financiera-para-migrantes-retornados\/\" title=\"Educaci\u00f3n financiera para migrantes retornados: 4 claves\">Educaci\u00f3n financiera para migrantes retornados: 4 claves<\/a><\/h2><\/header><\/div><\/div>\n        <\/div>\n    <\/article><\/div>\n            <div class=\"clearfix\"><\/div>\n        <\/div>\t\t\t\t<\/div>\n\t\t\t\t\t<\/div>\n\t\t<\/div>\n\t\t\t\t\t<\/div>\n\t\t<\/section>\n\t\t\t\t<\/div>\n\t\t","protected":false},"excerpt":{"rendered":"<p>Por primera vez, una delegaci\u00f3n de 12 representantes de comunidades de guatemaltecas en Estados Unidos se reunen con magistrados del Tribunal Supremo Electoral para exponer planteamientos de mejora al voto migrante en aquel pa\u00eds. &#8220;Agradecemos al TSE la apertura para escucharnos. Es la primera vez que estamos reunidos tantos representantes de comunidades de guatemaltecos en [&hellip;]<\/p>\n","protected":false},"author":7,"featured_media":5326,"comment_status":"open","ping_status":"open","sticky":false,"template":"","format":"standard","meta":{"_acf_changed":false,"_eb_attr":"","footnotes":""},"categories":[54],"tags":[],"class_list":["post-5323","post","type-post","status-publish","format-standard","has-post-thumbnail","hentry","category-estamos-unidos"],"acf":[],"aioseo_notices":[],"aioseo_head":"\n\t\t<!-- All in One SEO Pro 4.9.6.2 - aioseo.com -->\n\t<meta name=\"description\" content=\"Migrantes retornados enfrentan retos financieros \u00fanicos. Aprende c\u00f3mo la educaci\u00f3n financiera puede ser la clave para un futuro pr\u00f3spero.\" \/>\n\t<meta name=\"robots\" content=\"max-snippet:-1, max-image-preview:large, max-video-preview:-1\" \/>\n\t<meta name=\"author\" content=\"Diana Batz\"\/>\n\t<link rel=\"canonical\" href=\"https:\/\/soymigrante.com\/revista\/educacion-financiera-para-migrantes-retornados\/\" \/>\n\t<meta name=\"generator\" content=\"All in One SEO Pro (AIOSEO) 4.9.6.2\" \/>\n\n\t\t<link rel=\"preconnect\" href=\"https:\/\/fonts.googleapis.com\" crossorigin>\n<link rel=\"preconnect\" href=\"https:\/\/fonts.gstatic.com\" crossorigin>\n\t\t<meta property=\"og:locale\" content=\"es_ES\" \/>\n\t\t<meta property=\"og:site_name\" content=\"SoyMigrante.com REVISTA \u2013 Nuestra misi\u00f3n es reconocer y dignificar al migrante.\" \/>\n\t\t<meta property=\"og:type\" content=\"article\" \/>\n\t\t<meta property=\"og:title\" content=\"Educaci\u00f3n financiera para migrantes retornados: 4 claves\" \/>\n\t\t<meta property=\"og:description\" content=\"Migrantes retornados enfrentan retos financieros \u00fanicos. Aprende c\u00f3mo la educaci\u00f3n financiera puede ser la clave para un futuro pr\u00f3spero.\" \/>\n\t\t<meta property=\"og:url\" content=\"https:\/\/soymigrante.com\/revista\/educacion-financiera-para-migrantes-retornados\/\" \/>\n\t\t<meta property=\"og:image\" content=\"https:\/\/soymigrante.com\/revista\/wp-content\/uploads\/2024\/01\/dolares-azules-regla-scaled.webp\" \/>\n\t\t<meta property=\"og:image:secure_url\" content=\"https:\/\/soymigrante.com\/revista\/wp-content\/uploads\/2024\/01\/dolares-azules-regla-scaled.webp\" \/>\n\t\t<meta property=\"og:image:width\" content=\"1920\" \/>\n\t\t<meta property=\"og:image:height\" content=\"1282\" \/>\n\t\t<meta property=\"article:published_time\" content=\"2023-07-12T21:44:39+00:00\" \/>\n\t\t<meta property=\"article:modified_time\" content=\"2024-10-11T00:29:03+00:00\" \/>\n\t\t<meta property=\"article:publisher\" content=\"https:\/\/www.facebook.com\/soymigrantecom\" \/>\n\t\t<meta name=\"twitter:card\" content=\"summary_large_image\" \/>\n\t\t<meta name=\"twitter:site\" content=\"@SoyMigrante_com\" \/>\n\t\t<meta name=\"twitter:title\" content=\"Educaci\u00f3n financiera para migrantes retornados: 4 claves\" \/>\n\t\t<meta name=\"twitter:description\" content=\"Migrantes retornados enfrentan retos financieros \u00fanicos. Aprende c\u00f3mo la educaci\u00f3n financiera puede ser la clave para un futuro pr\u00f3spero.\" \/>\n\t\t<meta name=\"twitter:creator\" content=\"@SoyMigrante_com\" \/>\n\t\t<meta name=\"twitter:image\" content=\"https:\/\/soymigrante.com\/revista\/wp-content\/uploads\/2024\/01\/dolares-azules-regla-scaled.webp\" \/>\n\t\t<!-- All in One SEO Pro -->\r\n\t\t<title>Educaci\u00f3n financiera para migrantes retornados: 4 claves<\/title>\n\n","aioseo_head_json":{"title":"Educaci\u00f3n financiera para migrantes retornados: 4 claves","description":"Migrantes retornados enfrentan retos financieros \u00fanicos. Aprende c\u00f3mo la educaci\u00f3n financiera puede ser la clave para un futuro pr\u00f3spero.","canonical_url":"https:\/\/soymigrante.com\/revista\/educacion-financiera-para-migrantes-retornados\/","robots":"max-snippet:-1, max-image-preview:large, max-video-preview:-1","keywords":"","webmasterTools":{"miscellaneous":"&lt;link rel=\"preconnect\" href=\"https:\/\/fonts.googleapis.com\" crossorigin&gt;\n&lt;link rel=\"preconnect\" href=\"https:\/\/fonts.gstatic.com\" crossorigin&gt;"},"schema":null,"og:locale":"es_ES","og:site_name":"SoyMigrante.com REVISTA \u2013 Nuestra misi\u00f3n es reconocer y dignificar al migrante.","og:type":"article","og:title":"Educaci\u00f3n financiera para migrantes retornados: 4 claves","og:description":"Migrantes retornados enfrentan retos financieros \u00fanicos. Aprende c\u00f3mo la educaci\u00f3n financiera puede ser la clave para un futuro pr\u00f3spero.","og:url":"https:\/\/soymigrante.com\/revista\/educacion-financiera-para-migrantes-retornados\/","og:image":"https:\/\/soymigrante.com\/revista\/wp-content\/uploads\/2024\/01\/dolares-azules-regla-scaled.webp","og:image:secure_url":"https:\/\/soymigrante.com\/revista\/wp-content\/uploads\/2024\/01\/dolares-azules-regla-scaled.webp","og:image:width":1920,"og:image:height":1282,"article:published_time":"2023-07-12T21:44:39+00:00","article:modified_time":"2024-10-11T00:29:03+00:00","article:publisher":"https:\/\/www.facebook.com\/soymigrantecom","twitter:card":"summary_large_image","twitter:site":"@SoyMigrante_com","twitter:title":"Educaci\u00f3n financiera para migrantes retornados: 4 claves","twitter:description":"Migrantes retornados enfrentan retos financieros \u00fanicos. Aprende c\u00f3mo la educaci\u00f3n financiera puede ser la clave para un futuro pr\u00f3spero.","twitter:creator":"@SoyMigrante_com","twitter:image":"https:\/\/soymigrante.com\/revista\/wp-content\/uploads\/2024\/01\/dolares-azules-regla-scaled.webp"},"aioseo_meta_data":{"post_id":"5323","title":null,"description":null,"keywords":[],"keyphrases":{"focus":{"keyphrase":"Migrantes","score":100,"analysis":{"keyphraseInTitle":{"score":9,"maxScore":9,"error":0},"keyphraseInDescription":{"score":9,"maxScore":9,"error":0},"keyphraseLength":{"score":9,"maxScore":9,"error":0,"length":1},"keyphraseInURL":{"score":5,"maxScore":5,"error":0},"keyphraseInIntroduction":{"score":9,"maxScore":9,"error":0},"keyphraseInSubHeadings":{"score":9,"maxScore":9,"error":0},"keyphraseInImageAlt":{"score":9,"maxScore":9,"error":0},"keywordDensity":{"type":"best","score":9,"maxScore":9,"error":0}}},"additional":[]},"primary_term":null,"canonical_url":null,"og_title":null,"og_description":null,"og_object_type":"default","og_image_type":"default","og_image_url":null,"og_image_width":null,"og_image_height":null,"og_image_custom_url":null,"og_image_custom_fields":null,"og_video":"","og_custom_url":null,"og_article_section":null,"og_article_tags":[],"twitter_use_og":false,"twitter_card":"default","twitter_image_type":"default","twitter_image_url":null,"twitter_image_custom_url":null,"twitter_image_custom_fields":null,"twitter_title":null,"twitter_description":null,"schema":{"blockGraphs":[],"customGraphs":[],"default":{"data":{"Article":[],"Course":[],"Dataset":[],"FAQPage":[],"Movie":[],"Person":[],"Product":[],"ProductReview":[],"Car":[],"Recipe":[],"Service":[],"SoftwareApplication":[],"WebPage":[]},"graphName":"BlogPosting","isEnabled":true},"graphs":[]},"schema_type":"default","schema_type_options":null,"pillar_content":false,"robots_default":true,"robots_noindex":false,"robots_noarchive":false,"robots_nosnippet":false,"robots_nofollow":false,"robots_noimageindex":false,"robots_noodp":false,"robots_notranslate":false,"robots_max_snippet":"-1","robots_max_videopreview":"-1","robots_max_imagepreview":"large","priority":null,"frequency":"default","local_seo":null,"seo_analyzer_scan_date":"2025-10-08 21:21:47","breadcrumb_settings":null,"limit_modified_date":false,"reviewed_by":null,"open_ai":null,"ai":null,"created":"2024-03-11 22:57:40","updated":"2026-02-04 10:56:08"},"aioseo_breadcrumb":"<div class=\"aioseo-breadcrumbs\"><span class=\"aioseo-breadcrumb\">\n\t<a href=\"https:\/\/soymigrante.com\/revista\" title=\"Home\">Home<\/a>\n<\/span><span class=\"aioseo-breadcrumb-separator\">\u00bb<\/span><span class=\"aioseo-breadcrumb\">\n\t<a href=\"https:\/\/soymigrante.com\/revista\/category\/estamos-unidos\/\" title=\"Estamos Unidos\">Estamos Unidos<\/a>\n<\/span><span class=\"aioseo-breadcrumb-separator\">\u00bb<\/span><span class=\"aioseo-breadcrumb\">\n\tMigrantes guatemaltecos plantean al TSE la mejora del voto desde Estados Unidos\n<\/span><\/div>","aioseo_breadcrumb_json":[{"label":"Home","link":"https:\/\/soymigrante.com\/revista"},{"label":"Estamos Unidos","link":"https:\/\/soymigrante.com\/revista\/category\/estamos-unidos\/"},{"label":"Migrantes guatemaltecos plantean al TSE la mejora del voto desde Estados Unidos","link":"https:\/\/soymigrante.com\/revista\/lideres-migrantes-guatemaltecos-plantean-mejora-del-voto-en-estados-unidos-al-tse\/"}],"_links":{"self":[{"href":"https:\/\/soymigrante.com\/revista\/wp-json\/wp\/v2\/posts\/5323","targetHints":{"allow":["GET"]}}],"collection":[{"href":"https:\/\/soymigrante.com\/revista\/wp-json\/wp\/v2\/posts"}],"about":[{"href":"https:\/\/soymigrante.com\/revista\/wp-json\/wp\/v2\/types\/post"}],"author":[{"embeddable":true,"href":"https:\/\/soymigrante.com\/revista\/wp-json\/wp\/v2\/users\/7"}],"replies":[{"embeddable":true,"href":"https:\/\/soymigrante.com\/revista\/wp-json\/wp\/v2\/comments?post=5323"}],"version-history":[{"count":0,"href":"https:\/\/soymigrante.com\/revista\/wp-json\/wp\/v2\/posts\/5323\/revisions"}],"wp:featuredmedia":[{"embeddable":true,"href":"https:\/\/soymigrante.com\/revista\/wp-json\/wp\/v2\/media\/5326"}],"wp:attachment":[{"href":"https:\/\/soymigrante.com\/revista\/wp-json\/wp\/v2\/media?parent=5323"}],"wp:term":[{"taxonomy":"category","embeddable":true,"href":"https:\/\/soymigrante.com\/revista\/wp-json\/wp\/v2\/categories?post=5323"},{"taxonomy":"post_tag","embeddable":true,"href":"https:\/\/soymigrante.com\/revista\/wp-json\/wp\/v2\/tags?post=5323"}],"curies":[{"name":"wp","href":"https:\/\/api.w.org\/{rel}","templated":true}]}}