{"id":5283,"date":"2024-03-13T16:36:24","date_gmt":"2024-03-13T22:36:24","guid":{"rendered":"https:\/\/soymigrante.com\/revista\/?p=5283"},"modified":"2024-11-01T11:00:05","modified_gmt":"2024-11-01T17:00:05","slug":"elecciones-usa-posturas-tema-migratorio-democratas-republicanos","status":"publish","type":"post","link":"https:\/\/soymigrante.com\/revista\/elecciones-usa-posturas-tema-migratorio-democratas-republicanos\/","title":{"rendered":"As\u00ed ven ciudadanos de USA el tema migratorio en a\u00f1o de elecciones"},"content":{"rendered":"\t\t<div data-elementor-type=\"wp-post\" data-elementor-id=\"5283\" class=\"elementor elementor-5283\" data-elementor-post-type=\"post\">\n\t\t\t\t\t\t<section data-particle_enable=\"false\" data-particle-mobile-disabled=\"false\" class=\"elementor-section elementor-top-section elementor-element elementor-element-31a7794 elementor-section-boxed elementor-section-height-default elementor-section-height-default\" data-id=\"31a7794\" data-element_type=\"section\" data-e-type=\"section\">\n\t\t\t\t\t\t<div class=\"elementor-container elementor-column-gap-default\">\n\t\t\t\t\t<div class=\"elementor-column elementor-col-100 elementor-top-column elementor-element elementor-element-0ae4a69\" data-id=\"0ae4a69\" data-element_type=\"column\" data-e-type=\"column\">\n\t\t\t<div class=\"elementor-widget-wrap elementor-element-populated\">\n\t\t\t\t\t\t<div class=\"elementor-element elementor-element-8030008 elementor-widget elementor-widget-heading\" data-id=\"8030008\" data-element_type=\"widget\" data-e-type=\"widget\" data-widget_type=\"heading.default\">\n\t\t\t\t\t<h2 class=\"elementor-heading-title elementor-size-default\">Estados Unidos surgi\u00f3 y creci\u00f3 gracias a la migraci\u00f3n y la riqueza multicultural. A\u00fan as\u00ed, el tema migratorio es uno de los debates en a\u00f1o de elecciones USA. Una encuesta del prestigioso Pew Center refleja actitudes y posturas pol\u00edticas.<\/h2>\t\t\t\t<\/div>\n\t\t\t\t\t<\/div>\n\t\t<\/div>\n\t\t\t\t\t<\/div>\n\t\t<\/section>\n\t\t\t\t<section data-particle_enable=\"false\" data-particle-mobile-disabled=\"false\" class=\"elementor-section elementor-top-section elementor-element elementor-element-ac5bf75 elementor-section-boxed elementor-section-height-default elementor-section-height-default\" data-id=\"ac5bf75\" data-element_type=\"section\" data-e-type=\"section\">\n\t\t\t\t\t\t<div class=\"elementor-container elementor-column-gap-default\">\n\t\t\t\t\t<div class=\"elementor-column elementor-col-100 elementor-top-column elementor-element elementor-element-7c0b5d3\" data-id=\"7c0b5d3\" data-element_type=\"column\" data-e-type=\"column\">\n\t\t\t<div class=\"elementor-widget-wrap elementor-element-populated\">\n\t\t\t\t\t\t<div class=\"elementor-element elementor-element-1207661 elementor-widget elementor-widget-text-editor\" data-id=\"1207661\" data-element_type=\"widget\" data-e-type=\"widget\" data-widget_type=\"text-editor.default\">\n\t\t\t\t\t\t\t\t\t<p>El tema migratorio vuelve a estar en el foco del proceso de elecciones USA 2024. Ya est\u00e1n en marcha las campa\u00f1as por la presidencia de EE.UU., con las elecciones primarias de los partidos dem\u00f3crata y republicano. Todo apunta a que ser\u00e1n el actual presidente Joseph Biden y el expresidente Donald Trump quienes competir\u00e1n en noviembre pr\u00f3ximo, con posturas muy distintas sobre el tema migratorio.\u00a0<\/p><p>Pero no solo ellos, tambi\u00e9n hay diferencias\u00a0 de criterio entre ciudadanos que dicen tener preferencia dem\u00f3crata o republicana. Se presentan algunas de las cifras m\u00e1s significativas para reflejar la visi\u00f3n ciudadana sobre el tema migratorio, sus abordajes y sus v\u00edas de avance. .<\/p><p>El prestigioso <a href=\"https:\/\/www.pewresearch.org\/\">Pew Research Center<\/a>, entidad apol\u00edtica y no lucrativa, realiz\u00f3\u00a0una encuesta entre ciudadanos estadounidenses, es decir, potenciales votantes, acerca de su visi\u00f3n de la tem\u00e1tica migrante y c\u00f3mo esto podr\u00eda relacionarse con su futura preferencia electoral. Dicha encuesta se desarroll\u00f3 en enero,\u00a0\u00a0<span style=\"color: var( --e-global-color-text );\">con una muestra de 5,140 encuestados.\u00a0<\/span><span style=\"font-family: Roboto, sans-serif; font-size: 16px; font-style: normal; font-variant-ligatures: normal; font-variant-caps: normal; font-weight: 400; color: var( --e-global-color-text );\">Por tratarse de una encuesta, esta visi\u00f3n puede cambiar en el transcurso del a\u00f1o y la campa\u00f1a.\u00a0<\/span><\/p>\t\t\t\t\t\t\t\t<\/div>\n\t\t\t\t\t<\/div>\n\t\t<\/div>\n\t\t\t\t\t<\/div>\n\t\t<\/section>\n\t\t\t\t<section data-particle_enable=\"false\" data-particle-mobile-disabled=\"false\" class=\"elementor-section elementor-top-section elementor-element elementor-element-61967e7 elementor-section-boxed elementor-section-height-default elementor-section-height-default\" data-id=\"61967e7\" data-element_type=\"section\" data-e-type=\"section\">\n\t\t\t\t\t\t<div class=\"elementor-container elementor-column-gap-default\">\n\t\t\t\t\t<div class=\"elementor-column elementor-col-100 elementor-top-column elementor-element elementor-element-d352147\" data-id=\"d352147\" data-element_type=\"column\" data-e-type=\"column\">\n\t\t\t<div class=\"elementor-widget-wrap elementor-element-populated\">\n\t\t\t\t\t\t<div class=\"elementor-element elementor-element-e1a26c4 elementor-widget elementor-widget-image\" data-id=\"e1a26c4\" data-element_type=\"widget\" data-e-type=\"widget\" data-widget_type=\"image.default\">\n\t\t\t\t\t\t\t\t\t\t\t\t<figure class=\"wp-caption\">\n\t\t\t\t\t\t\t\t\t\t<img fetchpriority=\"high\" decoding=\"async\" width=\"768\" height=\"391\" src=\"https:\/\/soymigrante.com\/revista\/wp-content\/uploads\/2024\/03\/Captura-de-pantalla-2024-02-07-201657.webp\" class=\"attachment-large size-large wp-image-5287\" alt=\"La multiculturalidad y la migracion forman parte fundamental del ser estadounidense. Desde hace d\u00e9cadas se ha estancasdo la discusi\u00f3n de una reforma migratoria integral, a pesar del enorme aporte laboral y econ\u00f3mico de millones de migrantes de todas nacionalidades.\" srcset=\"https:\/\/soymigrante.com\/revista\/wp-content\/uploads\/2024\/03\/Captura-de-pantalla-2024-02-07-201657.webp 837w, https:\/\/soymigrante.com\/revista\/wp-content\/uploads\/2024\/03\/Captura-de-pantalla-2024-02-07-201657-300x153.webp 300w, https:\/\/soymigrante.com\/revista\/wp-content\/uploads\/2024\/03\/Captura-de-pantalla-2024-02-07-201657-768x391.webp 768w, https:\/\/soymigrante.com\/revista\/wp-content\/uploads\/2024\/03\/Captura-de-pantalla-2024-02-07-201657-750x382.webp 750w\" sizes=\"(max-width: 768px) 100vw, 768px\" title=\"La multiculturalidad y la migracion forman parte fundamental del ser estadounidense. Desde hace d\u00e9cadas se ha estancasdo la discusi\u00f3n de una reforma migratoria integral, a pesar del enorme aporte laboral y econ\u00f3mico de millones de migrantes de todas nacionalidades. \u2013 SoyMigrante.com REVISTA\" \/>\t\t\t\t\t\t\t\t\t\t\t<figcaption class=\"widget-image-caption wp-caption-text\">La multiculturalidad y la migracion forman parte fundamental del ser estadounidense. Desde hace d\u00e9cadas se ha estancasdo la discusi\u00f3n de una reforma migratoria integral, a pesar del enorme aporte laboral y econ\u00f3mico de millones de migrantes de todas nacionalidades.<\/figcaption>\n\t\t\t\t\t\t\t\t\t\t<\/figure>\n\t\t\t\t\t\t\t\t\t<\/div>\n\t\t\t\t\t<\/div>\n\t\t<\/div>\n\t\t\t\t\t<\/div>\n\t\t<\/section>\n\t\t\t\t<section data-particle_enable=\"false\" data-particle-mobile-disabled=\"false\" class=\"elementor-section elementor-top-section elementor-element elementor-element-25e0cb8 elementor-section-boxed elementor-section-height-default elementor-section-height-default\" data-id=\"25e0cb8\" data-element_type=\"section\" data-e-type=\"section\">\n\t\t\t\t\t\t<div class=\"elementor-container elementor-column-gap-default\">\n\t\t\t\t\t<div class=\"elementor-column elementor-col-100 elementor-top-column elementor-element elementor-element-9cfda56\" data-id=\"9cfda56\" data-element_type=\"column\" data-e-type=\"column\">\n\t\t\t<div class=\"elementor-widget-wrap elementor-element-populated\">\n\t\t\t\t\t\t<div class=\"elementor-element elementor-element-039c500 elementor-widget elementor-widget-heading\" data-id=\"039c500\" data-element_type=\"widget\" data-e-type=\"widget\" data-widget_type=\"heading.default\">\n\t\t\t\t\t<h3 class=\"elementor-heading-title elementor-size-default\">Los factores que causan la migraci\u00f3n <\/h3>\t\t\t\t<\/div>\n\t\t\t\t\t<\/div>\n\t\t<\/div>\n\t\t\t\t\t<\/div>\n\t\t<\/section>\n\t\t\t\t<section data-particle_enable=\"false\" data-particle-mobile-disabled=\"false\" class=\"elementor-section elementor-top-section elementor-element elementor-element-e1666bb elementor-section-boxed elementor-section-height-default elementor-section-height-default\" data-id=\"e1666bb\" data-element_type=\"section\" data-e-type=\"section\">\n\t\t\t\t\t\t<div class=\"elementor-container elementor-column-gap-default\">\n\t\t\t\t\t<div class=\"elementor-column elementor-col-100 elementor-top-column elementor-element elementor-element-40e18e2\" data-id=\"40e18e2\" data-element_type=\"column\" data-e-type=\"column\">\n\t\t\t<div class=\"elementor-widget-wrap elementor-element-populated\">\n\t\t\t\t\t\t<div class=\"elementor-element elementor-element-6902f61 elementor-widget elementor-widget-text-editor\" data-id=\"6902f61\" data-element_type=\"widget\" data-e-type=\"widget\" data-widget_type=\"text-editor.default\">\n\t\t\t\t\t\t\t\t\t<p><span style=\"color: var( --e-global-color-text );\">Los factores econ\u00f3micos \u2013ya sean las malas condiciones en los pa\u00edses de origen de los inmigrantes o la expectativa mejores oportunidades econ\u00f3micas en los Estados Unidos\u2013 se consideran ampliamente como las principales razones de la afluencia de inmigrantes.<\/span><\/p><p>Siete de cada diez estadounidenses (71%), incluidas mayor\u00edas de ambos partidos, citan las mejores oportunidades econ\u00f3micas en Estados Unidos como una de las principales razones que atraen migrantes.<\/p><p>Un 65% de estadounidenses, es decir, dos de cada 3,\u00a0 considera que la violencia en los pa\u00edses de origen de los migrantes es la principa raz\u00f3n por la alta afluencia en la frontera M\u00e9xico-EE.UU.<\/p><p>El 79% de dem\u00f3cratas e independientes de tendencia dem\u00f3crata coinciden con esta visi\u00f3n, mientras que solo el 49% de republicanos reconoce esta causa.<\/p><p>Por el contrario, el 76% de los republicanos considera que la alta llegada de migrantes se motiva por la creencia de que las actuales pol\u00edticas de inmigraci\u00f3n facilitar\u00e1n su permanencia en el pa\u00eds.\u00a0<span style=\"color: var( --e-global-color-text );\">Solo el 39% de dem\u00f3cratas lo ve as\u00ed.<\/span><\/p><div>\u00a0<\/div>\t\t\t\t\t\t\t\t<\/div>\n\t\t\t\t\t<\/div>\n\t\t<\/div>\n\t\t\t\t\t<\/div>\n\t\t<\/section>\n\t\t\t\t<section data-particle_enable=\"false\" data-particle-mobile-disabled=\"false\" class=\"elementor-section elementor-top-section elementor-element elementor-element-627fdbe elementor-section-boxed elementor-section-height-default elementor-section-height-default\" data-id=\"627fdbe\" data-element_type=\"section\" data-e-type=\"section\">\n\t\t\t\t\t\t<div class=\"elementor-container elementor-column-gap-default\">\n\t\t\t\t\t<div class=\"elementor-column elementor-col-100 elementor-top-column elementor-element elementor-element-a0ea965\" data-id=\"a0ea965\" data-element_type=\"column\" data-e-type=\"column\">\n\t\t\t<div class=\"elementor-widget-wrap elementor-element-populated\">\n\t\t\t\t\t\t<div class=\"elementor-element elementor-element-634f65f elementor-widget elementor-widget-image\" data-id=\"634f65f\" data-element_type=\"widget\" data-e-type=\"widget\" data-widget_type=\"image.default\">\n\t\t\t\t\t\t\t\t\t\t\t\t<figure class=\"wp-caption\">\n\t\t\t\t\t\t\t\t\t\t<img decoding=\"async\" width=\"760\" height=\"430\" src=\"https:\/\/soymigrante.com\/revista\/wp-content\/uploads\/2024\/03\/migrantes-mano-de-obra.webp\" class=\"attachment-large size-large wp-image-5288\" alt=\"La mano de obra migrante es vital en diversas \u00e1reas productivas de Estados Unidos, entre ellas la agricultura.\" srcset=\"https:\/\/soymigrante.com\/revista\/wp-content\/uploads\/2024\/03\/migrantes-mano-de-obra.webp 760w, https:\/\/soymigrante.com\/revista\/wp-content\/uploads\/2024\/03\/migrantes-mano-de-obra-300x170.webp 300w, https:\/\/soymigrante.com\/revista\/wp-content\/uploads\/2024\/03\/migrantes-mano-de-obra-750x424.webp 750w\" sizes=\"(max-width: 760px) 100vw, 760px\" title=\"La mano de obra migrante es vital en diversas \u00e1reas productivas de Estados Unidos, entre ellas la agricultura. \u2013 SoyMigrante.com REVISTA\" \/>\t\t\t\t\t\t\t\t\t\t\t<figcaption class=\"widget-image-caption wp-caption-text\">La mano de obra migrante es vital en diversas \u00e1reas productivas de Estados Unidos, entre ellas la agricultura. <\/figcaption>\n\t\t\t\t\t\t\t\t\t\t<\/figure>\n\t\t\t\t\t\t\t\t\t<\/div>\n\t\t\t\t\t<\/div>\n\t\t<\/div>\n\t\t\t\t\t<\/div>\n\t\t<\/section>\n\t\t\t\t<section data-particle_enable=\"false\" data-particle-mobile-disabled=\"false\" class=\"elementor-section elementor-top-section elementor-element elementor-element-2ac98b8 elementor-section-boxed elementor-section-height-default elementor-section-height-default\" data-id=\"2ac98b8\" data-element_type=\"section\" data-e-type=\"section\">\n\t\t\t\t\t\t<div class=\"elementor-container elementor-column-gap-default\">\n\t\t\t\t\t<div class=\"elementor-column elementor-col-100 elementor-top-column elementor-element elementor-element-45703ba\" data-id=\"45703ba\" data-element_type=\"column\" data-e-type=\"column\">\n\t\t\t<div class=\"elementor-widget-wrap elementor-element-populated\">\n\t\t\t\t\t\t<div class=\"elementor-element elementor-element-def61b8 elementor-widget elementor-widget-heading\" data-id=\"def61b8\" data-element_type=\"widget\" data-e-type=\"widget\" data-widget_type=\"heading.default\">\n\t\t\t\t\t<h3 class=\"elementor-heading-title elementor-size-default\">La situaci\u00f3n en la frontera M\u00e9xico-EE.UU.<\/h3>\t\t\t\t<\/div>\n\t\t\t\t\t<\/div>\n\t\t<\/div>\n\t\t\t\t\t<\/div>\n\t\t<\/section>\n\t\t\t\t<section data-particle_enable=\"false\" data-particle-mobile-disabled=\"false\" class=\"elementor-section elementor-top-section elementor-element elementor-element-b972fa1 elementor-section-boxed elementor-section-height-default elementor-section-height-default\" data-id=\"b972fa1\" data-element_type=\"section\" data-e-type=\"section\">\n\t\t\t\t\t\t<div class=\"elementor-container elementor-column-gap-default\">\n\t\t\t\t\t<div class=\"elementor-column elementor-col-100 elementor-top-column elementor-element elementor-element-b0d015e\" data-id=\"b0d015e\" data-element_type=\"column\" data-e-type=\"column\">\n\t\t\t<div class=\"elementor-widget-wrap elementor-element-populated\">\n\t\t\t\t\t\t<div class=\"elementor-element elementor-element-438207d elementor-widget elementor-widget-text-editor\" data-id=\"438207d\" data-element_type=\"widget\" data-e-type=\"widget\" data-widget_type=\"text-editor.default\">\n\t\t\t\t\t\t\t\t\t<p><span style=\"color: var( --e-global-color-text );\">El 45% de estadounidenses considea que la situaci\u00f3n en la frontera de EE.UU. y M\u00e9xico es una crisis, mientras que el 32% lo califica de &#8220;un problema importante&#8221;.<\/span><\/p><p>Ahora bien si esto se enfoca seg\u00fan la preferencia pol\u00edtica, las proporciones cambian:\u00a0\u00a0<span style=\"color: var( --e-global-color-text );\">el 70% de los republicanos considera que existe una crisis en la frontera. S\u00f3lo el 22% de los dem\u00f3cratas lo ve como crisis.\u00a0<\/span><span style=\"color: var( --e-global-color-text );\">La mayor\u00eda de los dem\u00f3cratas califica la situaci\u00f3n como un problema importante (44%) o incluso un problema menor (26%) para Estados Unidos.<\/span><\/p><p><span style=\"color: var( --e-global-color-text );\">Al preguntar abiertamente qu\u00e9 es lo que m\u00e1s le preocupa sobre la alta afluencia de migrantes hacia Estados Unidos:\u00a0<\/span><\/p><p>El 22% de encuestados se\u00f1ala las cargas econ\u00f3micas para el Estado\u00a0 asociadas con la afluencia de inmigrantes, incluidas las tensiones que los inmigrantes imponen a los servicios sociales y otros recursos gubernamentales.<\/p><p>Otro 23%\u00a0 menciona preocupaciones de seguridad. Si se separan m\u00e1s espec\u00edficamente estas preocupaciones, un 10% menciona la delincuencia, otro 10% menciona &#8220;terrorismo&#8221; y un 3% teme por drogas.<\/p><p>Al preguntar espec\u00edficamente sobre la percepci\u00f3n de impacto de la afluencia de migrantes sobre la delincuencia, un 57% afirma que s\u00ed genera m\u00e1s actos delictivos y un 39% considera que no tiene mucho impacto en la criminalidad.<\/p><p><span style=\"color: var( --e-global-color-text );\">Ahora desde el enfoque partidario: e\u00f1 85% de republicanos cree que el aumento de inmigrantes conduce a un aumento de la delincuencia en Estados Unidos. Solo un\u00a0 31% de dem\u00f3cratas lo ve as\u00ed.\u00a0 El 63% de los dem\u00f3cratas dice que la migraci\u00f3n no tiene mucho impacto en la criminalidad.<\/span><\/p><div>\u00a0<\/div>\t\t\t\t\t\t\t\t<\/div>\n\t\t\t\t\t<\/div>\n\t\t<\/div>\n\t\t\t\t\t<\/div>\n\t\t<\/section>\n\t\t\t\t<section data-particle_enable=\"false\" data-particle-mobile-disabled=\"false\" class=\"elementor-section elementor-top-section elementor-element elementor-element-1cabe9e elementor-section-boxed elementor-section-height-default elementor-section-height-default\" data-id=\"1cabe9e\" data-element_type=\"section\" data-e-type=\"section\">\n\t\t\t\t\t\t<div class=\"elementor-container elementor-column-gap-default\">\n\t\t\t\t\t<div class=\"elementor-column elementor-col-100 elementor-top-column elementor-element elementor-element-538e973\" data-id=\"538e973\" data-element_type=\"column\" data-e-type=\"column\">\n\t\t\t<div class=\"elementor-widget-wrap elementor-element-populated\">\n\t\t\t\t\t\t<div class=\"elementor-element elementor-element-8ea68fc elementor-widget elementor-widget-image\" data-id=\"8ea68fc\" data-element_type=\"widget\" data-e-type=\"widget\" data-widget_type=\"image.default\">\n\t\t\t\t\t\t\t\t\t\t\t\t<figure class=\"wp-caption\">\n\t\t\t\t\t\t\t\t\t\t<img decoding=\"async\" width=\"768\" height=\"644\" src=\"https:\/\/soymigrante.com\/revista\/wp-content\/uploads\/2024\/03\/obra-celeste-byers.webp\" class=\"attachment-large size-large wp-image-5289\" alt=\"En varios gobiernos y congresos estadounidenses la posibilidad de una reforma migratoria integral ha sido frenada por pugnas pol\u00edticas. El actual gobierno envi\u00f3 al Congreso una propuesta de reforma en 2021 pero no ha avanzado sobre todo a causa de posturas extremistas que a veces rayan en el racismo.\" srcset=\"https:\/\/soymigrante.com\/revista\/wp-content\/uploads\/2024\/03\/obra-celeste-byers.webp 821w, https:\/\/soymigrante.com\/revista\/wp-content\/uploads\/2024\/03\/obra-celeste-byers-300x251.webp 300w, https:\/\/soymigrante.com\/revista\/wp-content\/uploads\/2024\/03\/obra-celeste-byers-768x644.webp 768w, https:\/\/soymigrante.com\/revista\/wp-content\/uploads\/2024\/03\/obra-celeste-byers-750x629.webp 750w\" sizes=\"(max-width: 768px) 100vw, 768px\" title=\"En varios gobiernos y congresos estadounidenses la posibilidad de una reforma migratoria integral ha sido frenada por pugnas pol\u00edticas. El actual gobierno envi\u00f3 al Congreso una propuesta de reforma en 2021 pero no ha avanzado sobre todo a causa de posturas extremistas que a veces rayan en el racismo. \u2013 SoyMigrante.com REVISTA\" \/>\t\t\t\t\t\t\t\t\t\t\t<figcaption class=\"widget-image-caption wp-caption-text\">En varios gobiernos y congresos estadounidenses la posibilidad de una reforma migratoria integral ha sido frenada por pugnas pol\u00edticas. El actual gobierno envi\u00f3 al Congreso una propuesta de reforma en 2021 pero no ha avanzado sobre todo a causa de posturas extremistas que a veces rayan en el racismo.<\/figcaption>\n\t\t\t\t\t\t\t\t\t\t<\/figure>\n\t\t\t\t\t\t\t\t\t<\/div>\n\t\t\t\t\t<\/div>\n\t\t<\/div>\n\t\t\t\t\t<\/div>\n\t\t<\/section>\n\t\t\t\t<section data-particle_enable=\"false\" data-particle-mobile-disabled=\"false\" class=\"elementor-section elementor-top-section elementor-element elementor-element-5d12f7b elementor-section-boxed elementor-section-height-default elementor-section-height-default\" data-id=\"5d12f7b\" data-element_type=\"section\" data-e-type=\"section\">\n\t\t\t\t\t\t<div class=\"elementor-container elementor-column-gap-default\">\n\t\t\t\t\t<div class=\"elementor-column elementor-col-100 elementor-top-column elementor-element elementor-element-2133e23\" data-id=\"2133e23\" data-element_type=\"column\" data-e-type=\"column\">\n\t\t\t<div class=\"elementor-widget-wrap elementor-element-populated\">\n\t\t\t\t\t\t<div class=\"elementor-element elementor-element-752d63d elementor-widget elementor-widget-heading\" data-id=\"752d63d\" data-element_type=\"widget\" data-e-type=\"widget\" data-widget_type=\"heading.default\">\n\t\t\t\t\t<h3 class=\"elementor-heading-title elementor-size-default\">Abordaje actual del tema y soluciones a futuro <\/h3>\t\t\t\t<\/div>\n\t\t\t\t\t<\/div>\n\t\t<\/div>\n\t\t\t\t\t<\/div>\n\t\t<\/section>\n\t\t\t\t<section data-particle_enable=\"false\" data-particle-mobile-disabled=\"false\" class=\"elementor-section elementor-top-section elementor-element elementor-element-a13de16 elementor-section-boxed elementor-section-height-default elementor-section-height-default\" data-id=\"a13de16\" data-element_type=\"section\" data-e-type=\"section\">\n\t\t\t\t\t\t<div class=\"elementor-container elementor-column-gap-default\">\n\t\t\t\t\t<div class=\"elementor-column elementor-col-100 elementor-top-column elementor-element elementor-element-935bcce\" data-id=\"935bcce\" data-element_type=\"column\" data-e-type=\"column\">\n\t\t\t<div class=\"elementor-widget-wrap elementor-element-populated\">\n\t\t\t\t\t\t<div class=\"elementor-element elementor-element-5ad96bc elementor-widget elementor-widget-text-editor\" data-id=\"5ad96bc\" data-element_type=\"widget\" data-e-type=\"widget\" data-widget_type=\"text-editor.default\">\n\t\t\t\t\t\t\t\t\t<p><span style=\"color: var( --e-global-color-text );\">S\u00f3lo el 18% de ciudadanos dice que el gobierno de Estados Unidos est\u00e1 haciendo un buen trabajo al tratar con el enorme n\u00famero de migrantes en la frontera, mientras que el 80%\u00a0 califica que est\u00e1 haciendo un mal trabajo.<\/span><\/p><p><span style=\"color: var( --e-global-color-text );\">En el caso de los republicanos, el 89% lo califica de mal trabajo. En el caso de los dem\u00f3cratas, es el 73% el que desaprueba c\u00f3mo ha enfrentado el tema el gobierno Biden: el mayor porcentaje de desaprobaci\u00f3n en los 4 a\u00f1os, seg\u00fan refleja el Pew Center.<\/span><\/p><p><span style=\"color: var( --e-global-color-text );\">En cuanto a las posibles propuestas de soluci\u00f3n, la encuesta de Pew Center incluy\u00f3 nueve propuestas de acci\u00f3n para abordar la crisis migratoria a fin de que los entrevistados eligieran alguna que, en su opini\u00f3n, mejorar\u00eda la situaci\u00f3n fronteriza.<\/span><\/p><p>Un 60% de los estadounidenses considera que aumentar el n\u00famero de jueces y personal de inmigraci\u00f3n para tomar decisiones m\u00e1s r\u00e1pidas de otorgar o no asilos mejorar\u00eda la situaci\u00f3n. Un 11% dice que tal opci\u00f3n empeorar\u00eda las cosas y el 14% cree que no har\u00eda mucha diferencia.<\/p><p>Un 56% de estadounidenses considera que crear m\u00e1s oportunidades de migraci\u00f3n legal para trabajar o residir a los EE. UU . mejorar\u00eda la situaci\u00f3n.<\/p><p>El 56% de los dem\u00f3cratas dice que agregar recursos para brindar condiciones seguras y sanitarias a los migrantes que llegan a Estados Unidos ser\u00eda un paso positivo hacia adelante. Solo el 17% de republicanos lo considera de esa manera y un 43% considera que tal estrategia empeora la situaci\u00f3n.<\/p><div>\u00a0<\/div>\t\t\t\t\t\t\t\t<\/div>\n\t\t\t\t\t<\/div>\n\t\t<\/div>\n\t\t\t\t\t<\/div>\n\t\t<\/section>\n\t\t\t\t<section data-particle_enable=\"false\" data-particle-mobile-disabled=\"false\" class=\"elementor-section elementor-top-section elementor-element elementor-element-c70b14c elementor-section-boxed elementor-section-height-default elementor-section-height-default\" data-id=\"c70b14c\" data-element_type=\"section\" data-e-type=\"section\">\n\t\t\t\t\t\t<div class=\"elementor-container elementor-column-gap-default\">\n\t\t\t\t\t<div class=\"elementor-column elementor-col-100 elementor-top-column elementor-element elementor-element-22b50dd\" data-id=\"22b50dd\" data-element_type=\"column\" data-e-type=\"column\">\n\t\t\t<div class=\"elementor-widget-wrap elementor-element-populated\">\n\t\t\t\t\t\t<div class=\"elementor-element elementor-element-6e3dc09 elementor-widget elementor-widget-image\" data-id=\"6e3dc09\" data-element_type=\"widget\" data-e-type=\"widget\" data-widget_type=\"image.default\">\n\t\t\t\t\t\t\t\t\t\t\t\t<figure class=\"wp-caption\">\n\t\t\t\t\t\t\t\t\t\t<img loading=\"lazy\" decoding=\"async\" width=\"768\" height=\"296\" src=\"https:\/\/soymigrante.com\/revista\/wp-content\/uploads\/2024\/03\/MURAL-SAN-FRANCISCO-e1758169342643-1024x395.jpg\" class=\"attachment-large size-large wp-image-5290\" alt=\"En diversos Estados y ciudades de Estados Unidos existen posturas de reconocimiento al aporte de los migrantes, incluyendo a los hispanos y guatemaltecos. Sin embargo esto no ha bastado para mover a los pol\u00edticos a impulsar la reforma migratoria que permita abordar el tema de manera integral. Mural en San Francisco California.\" srcset=\"https:\/\/soymigrante.com\/revista\/wp-content\/uploads\/2024\/03\/MURAL-SAN-FRANCISCO-e1758169342643-1024x395.jpg 1024w, https:\/\/soymigrante.com\/revista\/wp-content\/uploads\/2024\/03\/MURAL-SAN-FRANCISCO-e1758169342643-300x116.jpg 300w, https:\/\/soymigrante.com\/revista\/wp-content\/uploads\/2024\/03\/MURAL-SAN-FRANCISCO-e1758169342643-768x296.jpg 768w, https:\/\/soymigrante.com\/revista\/wp-content\/uploads\/2024\/03\/MURAL-SAN-FRANCISCO-e1758169342643-1536x592.jpg 1536w, https:\/\/soymigrante.com\/revista\/wp-content\/uploads\/2024\/03\/MURAL-SAN-FRANCISCO-e1758169342643-750x289.jpg 750w, https:\/\/soymigrante.com\/revista\/wp-content\/uploads\/2024\/03\/MURAL-SAN-FRANCISCO-e1758169342643-1140x439.jpg 1140w, https:\/\/soymigrante.com\/revista\/wp-content\/uploads\/2024\/03\/MURAL-SAN-FRANCISCO-e1758169342643.webp 1920w\" sizes=\"(max-width: 768px) 100vw, 768px\" title=\"En diversos Estados y ciudades de Estados Unidos existen posturas de reconocimiento al aporte de los migrantes, incluyendo a los hispanos y guatemaltecos. Sin embargo esto no ha bastado para mover a los pol\u00edticos a impulsar la reforma migratoria que permita abordar el tema de manera integral. Mural en San Francisco California. \u2013 SoyMigrante.com REVISTA\" \/>\t\t\t\t\t\t\t\t\t\t\t<figcaption class=\"widget-image-caption wp-caption-text\">En diversos Estados y ciudades de Estados Unidos existen posturas de reconocimiento al aporte de los migrantes, incluyendo a los hispanos y guatemaltecos. Sin embargo esto no ha bastado para mover a los pol\u00edticos a impulsar la reforma migratoria que permita abordar el tema de manera integral. Mural en San Francisco California.<\/figcaption>\n\t\t\t\t\t\t\t\t\t\t<\/figure>\n\t\t\t\t\t\t\t\t\t<\/div>\n\t\t\t\t\t<\/div>\n\t\t<\/div>\n\t\t\t\t\t<\/div>\n\t\t<\/section>\n\t\t\t\t<section data-particle_enable=\"false\" data-particle-mobile-disabled=\"false\" class=\"elementor-section elementor-top-section elementor-element elementor-element-829378f elementor-section-boxed elementor-section-height-default elementor-section-height-default\" data-id=\"829378f\" data-element_type=\"section\" data-e-type=\"section\">\n\t\t\t\t\t\t<div class=\"elementor-container elementor-column-gap-default\">\n\t\t\t\t\t<div class=\"elementor-column elementor-col-100 elementor-top-column elementor-element elementor-element-96e2802\" data-id=\"96e2802\" data-element_type=\"column\" data-e-type=\"column\">\n\t\t\t<div class=\"elementor-widget-wrap elementor-element-populated\">\n\t\t\t\t\t\t<div class=\"elementor-element elementor-element-9dd318a elementor-widget elementor-widget-heading\" data-id=\"9dd318a\" data-element_type=\"widget\" data-e-type=\"widget\" data-widget_type=\"heading.default\">\n\t\t\t\t\t<h3 class=\"elementor-heading-title elementor-size-default\">Opiniones sobre el muro en la frontera con M\u00e9xico<\/h3>\t\t\t\t<\/div>\n\t\t\t\t\t<\/div>\n\t\t<\/div>\n\t\t\t\t\t<\/div>\n\t\t<\/section>\n\t\t\t\t<section data-particle_enable=\"false\" data-particle-mobile-disabled=\"false\" class=\"elementor-section elementor-top-section elementor-element elementor-element-a6b2cf9 elementor-section-boxed elementor-section-height-default elementor-section-height-default\" data-id=\"a6b2cf9\" data-element_type=\"section\" data-e-type=\"section\">\n\t\t\t\t\t\t<div class=\"elementor-container elementor-column-gap-default\">\n\t\t\t\t\t<div class=\"elementor-column elementor-col-100 elementor-top-column elementor-element elementor-element-9dd40c9\" data-id=\"9dd40c9\" data-element_type=\"column\" data-e-type=\"column\">\n\t\t\t<div class=\"elementor-widget-wrap elementor-element-populated\">\n\t\t\t\t\t\t<div class=\"elementor-element elementor-element-961c649 elementor-widget elementor-widget-text-editor\" data-id=\"961c649\" data-element_type=\"widget\" data-e-type=\"widget\" data-widget_type=\"text-editor.default\">\n\t\t\t\t\t\t\t\t\t<p><span style=\"color: var( --e-global-color-text );\">La construcci\u00f3n o ampliaci\u00f3n de un muro a lo largo de la frontera entre Estados Unidos y M\u00e9xico fue una de las pol\u00edticas m\u00e1s pol\u00e9micas y emblem\u00e1ticas de la presidencia de Donald Trump entre 2016 y 2020.<\/span><\/p>\n<p>En 2019, el 82% de los republicanos estaba a favor de ampliar el muro fronterizo , en comparaci\u00f3n con solo el 6% de los dem\u00f3cratas.<\/p>\n<p>Ahora, el 72% de los republicanos dice que ampliar sustancialmente el muro a lo largo de la frontera de Estados Unidos con M\u00e9xico mejorar\u00eda la situaci\u00f3n. S\u00f3lo el 15% de los dem\u00f3cratas est\u00e1 de acuerdo con el muro, y la mayor\u00eda dice que no har\u00eda mucha diferencia (47%) o incluso que empeorar\u00eda la crisis migratoria (24%).<\/p><p>Con informaci\u00f3n del estudio del Pew Center efectuado en 2024.<\/p><p><a href=\"https:\/\/www.pewresearch.org\/politics\/2024\/02\/15\/how-americans-view-the-situation-at-the-u-s-mexico-border-its-causes-and-consequences\/#:~:text=How%20serious%20is%20the%20situation,%2C%202024%2C%20among%205%2C140%20adults.\">Si desea consultar el reporte completo original en ingl\u00e9s puede dar clic en este link<\/a><\/p>\t\t\t\t\t\t\t\t<\/div>\n\t\t\t\t\t<\/div>\n\t\t<\/div>\n\t\t\t\t\t<\/div>\n\t\t<\/section>\n\t\t\t\t<section data-particle_enable=\"false\" data-particle-mobile-disabled=\"false\" class=\"elementor-section elementor-top-section elementor-element elementor-element-6df3f5f elementor-section-boxed elementor-section-height-default elementor-section-height-default\" data-id=\"6df3f5f\" data-element_type=\"section\" data-e-type=\"section\">\n\t\t\t\t\t\t<div class=\"elementor-container elementor-column-gap-default\">\n\t\t\t\t\t<div class=\"elementor-column elementor-col-100 elementor-top-column elementor-element elementor-element-5ac3251\" data-id=\"5ac3251\" data-element_type=\"column\" data-e-type=\"column\">\n\t\t\t<div class=\"elementor-widget-wrap elementor-element-populated\">\n\t\t\t\t\t\t<div class=\"elementor-element elementor-element-793def7 elementor-widget elementor-widget-heading\" data-id=\"793def7\" data-element_type=\"widget\" data-e-type=\"widget\" data-widget_type=\"heading.default\">\n\t\t\t\t\t<h2 class=\"elementor-heading-title elementor-size-default\">El aporte migrante brilla por su excelencia:<\/h2>\t\t\t\t<\/div>\n\t\t\t\t\t<\/div>\n\t\t<\/div>\n\t\t\t\t\t<\/div>\n\t\t<\/section>\n\t\t\t\t<section data-particle_enable=\"false\" data-particle-mobile-disabled=\"false\" class=\"elementor-section elementor-top-section elementor-element elementor-element-ebcd575 elementor-section-boxed elementor-section-height-default elementor-section-height-default\" data-id=\"ebcd575\" data-element_type=\"section\" data-e-type=\"section\">\n\t\t\t\t\t\t<div class=\"elementor-container elementor-column-gap-default\">\n\t\t\t\t\t<div class=\"elementor-column elementor-col-100 elementor-top-column elementor-element elementor-element-43148c6\" data-id=\"43148c6\" data-element_type=\"column\" data-e-type=\"column\">\n\t\t\t<div class=\"elementor-widget-wrap elementor-element-populated\">\n\t\t\t\t\t\t<div class=\"elementor-element elementor-element-7fc60c5 elementor-grid-eael-col-4 elementor-grid-tablet-eael-col-2 elementor-grid-mobile-eael-col-1 elementor-widget elementor-widget-eael-post-grid\" data-id=\"7fc60c5\" data-element_type=\"widget\" data-e-type=\"widget\" data-settings=\"{&quot;eael_post_grid_columns&quot;:&quot;eael-col-4&quot;,&quot;eael_post_grid_columns_tablet&quot;:&quot;eael-col-2&quot;,&quot;eael_post_grid_columns_mobile&quot;:&quot;eael-col-1&quot;}\" data-widget_type=\"eael-post-grid.default\">\n\t\t\t\t\t<div id=\"eael-post-grid-7fc60c5\" class=\"eael-post-grid-container\">\n            <div class=\"eael-post-grid eael-post-appender eael-post-appender-7fc60c5 eael-post-grid-style-one\" data-layout-mode=\"masonry\"><article class=\"eael-grid-post  eael-post-grid-column eael-pg-post-55368 category-exitos-guatemala\" data-id=\"55368\">\n        <div class=\"eael-grid-post-holder\">\n            <div class=\"eael-grid-post-holder-inner\"><div class=\"eael-entry-media\"><div class=\"eael-entry-overlay fade-in\"><i class=\"far fa-hand-pointer\" aria-hidden=\"true\"><\/i><a href=\"https:\/\/soymigrante.com\/revista\/luis-von-ahn-national-geographic-33-guatemalteco-duolingo\/\"><\/a><\/div><div class=\"eael-entry-thumbnail \">\n                <img loading=\"lazy\" decoding=\"async\" width=\"300\" height=\"300\" src=\"https:\/\/soymigrante.com\/revista\/wp-content\/uploads\/2026\/04\/Luis-von-Ahn-33-changemakers-National-Geographic-guatemalteco-migrante-lista-300x300.png\" class=\"attachment-medium size-medium wp-image-55369\" alt=\"Luis von Ahn 33 changemakers National Geographic guatemalteco migrante lista\" srcset=\"https:\/\/soymigrante.com\/revista\/wp-content\/uploads\/2026\/04\/Luis-von-Ahn-33-changemakers-National-Geographic-guatemalteco-migrante-lista-300x300.png 300w, https:\/\/soymigrante.com\/revista\/wp-content\/uploads\/2026\/04\/Luis-von-Ahn-33-changemakers-National-Geographic-guatemalteco-migrante-lista-1024x1024.png 1024w, https:\/\/soymigrante.com\/revista\/wp-content\/uploads\/2026\/04\/Luis-von-Ahn-33-changemakers-National-Geographic-guatemalteco-migrante-lista-150x150.png 150w, https:\/\/soymigrante.com\/revista\/wp-content\/uploads\/2026\/04\/Luis-von-Ahn-33-changemakers-National-Geographic-guatemalteco-migrante-lista-768x768.png 768w, https:\/\/soymigrante.com\/revista\/wp-content\/uploads\/2026\/04\/Luis-von-Ahn-33-changemakers-National-Geographic-guatemalteco-migrante-lista-75x75.png 75w, https:\/\/soymigrante.com\/revista\/wp-content\/uploads\/2026\/04\/Luis-von-Ahn-33-changemakers-National-Geographic-guatemalteco-migrante-lista-750x750.png 750w, https:\/\/soymigrante.com\/revista\/wp-content\/uploads\/2026\/04\/Luis-von-Ahn-33-changemakers-National-Geographic-guatemalteco-migrante-lista-1140x1140.png 1140w, https:\/\/soymigrante.com\/revista\/wp-content\/uploads\/2026\/04\/Luis-von-Ahn-33-changemakers-National-Geographic-guatemalteco-migrante-lista.png 1200w\" sizes=\"(max-width: 300px) 100vw, 300px\" \/>\n            <\/div>\n        <\/div><div class=\"eael-entry-wrapper\"><header class=\"eael-entry-header\"><h2 class=\"eael-entry-title\"><a class=\"eael-grid-post-link\" href=\"https:\/\/soymigrante.com\/revista\/luis-von-ahn-national-geographic-33-guatemalteco-duolingo\/\" title=\"\u00bfC\u00f3mo lleg\u00f3 el  guatemalteco Luis von Ahn a la lista Global 33 de L\u00edderes Innovadores de National Geographic?\">\u00bfC\u00f3mo lleg\u00f3 el  guatemalteco Luis von Ahn a la lista Global 33 de L\u00edderes Innovadores de National Geographic?<\/a><\/h2><\/header><div class=\"eael-entry-content\">\n                        <div class=\"eael-grid-post-excerpt\"><a href=\"https:\/\/soymigrante.com\/revista\/luis-von-ahn-national-geographic-33-guatemalteco-duolingo\/\" class=\"eael-post-elements-readmore-btn\">Leer m\u00e1s<\/a><\/div>\n                    <\/div><\/div><\/div>\n        <\/div>\n    <\/article><article class=\"eael-grid-post  eael-post-grid-column eael-pg-post-1376 category-exitos tags-texas\" data-id=\"1376\">\n        <div class=\"eael-grid-post-holder\">\n            <div class=\"eael-grid-post-holder-inner\"><div class=\"eael-entry-media\"><div class=\"eael-entry-overlay fade-in\"><i class=\"far fa-hand-pointer\" aria-hidden=\"true\"><\/i><a href=\"https:\/\/soymigrante.com\/revista\/migrante-guatemalteco-trabajador-de-la-construccion-adolfo-mejia\/\"><\/a><\/div><div class=\"eael-entry-thumbnail \">\n                <img loading=\"lazy\" decoding=\"async\" width=\"272\" height=\"300\" src=\"https:\/\/soymigrante.com\/revista\/wp-content\/uploads\/2023\/06\/adolfo-mejia-272x300.webp\" class=\"attachment-medium size-medium wp-image-1384\" alt=\"Migrante guatemalteco Adolfo Mej\u00eda se dedica a la construcci\u00f3n en Texas.\" srcset=\"https:\/\/soymigrante.com\/revista\/wp-content\/uploads\/2023\/06\/adolfo-mejia-272x300.webp 272w, https:\/\/soymigrante.com\/revista\/wp-content\/uploads\/2023\/06\/adolfo-mejia-927x1024.webp 927w, https:\/\/soymigrante.com\/revista\/wp-content\/uploads\/2023\/06\/adolfo-mejia-768x848.webp 768w, https:\/\/soymigrante.com\/revista\/wp-content\/uploads\/2023\/06\/adolfo-mejia-750x828.webp 750w, https:\/\/soymigrante.com\/revista\/wp-content\/uploads\/2023\/06\/adolfo-mejia-1140x1259.jpg 1140w, https:\/\/soymigrante.com\/revista\/wp-content\/uploads\/2023\/06\/adolfo-mejia.webp 1152w\" sizes=\"(max-width: 272px) 100vw, 272px\" \/>\n            <\/div>\n        <\/div><div class=\"eael-entry-wrapper\"><header class=\"eael-entry-header\"><h2 class=\"eael-entry-title\"><a class=\"eael-grid-post-link\" href=\"https:\/\/soymigrante.com\/revista\/migrante-guatemalteco-trabajador-de-la-construccion-adolfo-mejia\/\" title=\"&#8220;Aqu\u00ed se trabaja duro&#8221;: Adolfo Mej\u00eda, migrante y constructor guatemalteco\">&#8220;Aqu\u00ed se trabaja duro&#8221;: Adolfo Mej\u00eda, migrante y constructor guatemalteco<\/a><\/h2><\/header><div class=\"eael-entry-content\">\n                        <div class=\"eael-grid-post-excerpt\"><a href=\"https:\/\/soymigrante.com\/revista\/migrante-guatemalteco-trabajador-de-la-construccion-adolfo-mejia\/\" class=\"eael-post-elements-readmore-btn\">Leer m\u00e1s<\/a><\/div>\n                    <\/div><\/div><\/div>\n        <\/div>\n    <\/article><article class=\"eael-grid-post  eael-post-grid-column eael-pg-post-223 category-exitos-guatemala tags-nueva-york\" data-id=\"223\">\n        <div class=\"eael-grid-post-holder\">\n            <div class=\"eael-grid-post-holder-inner\"><div class=\"eael-entry-media\"><div class=\"eael-entry-overlay fade-in\"><i class=\"far fa-hand-pointer\" aria-hidden=\"true\"><\/i><a href=\"https:\/\/soymigrante.com\/revista\/actor-arturo-castro\/\"><\/a><\/div><div class=\"eael-entry-thumbnail \">\n                <img loading=\"lazy\" decoding=\"async\" width=\"300\" height=\"169\" src=\"https:\/\/soymigrante.com\/revista\/wp-content\/uploads\/2023\/02\/artennat-300x169.webp\" class=\"attachment-medium size-medium wp-image-739\" alt=\"\" srcset=\"https:\/\/soymigrante.com\/revista\/wp-content\/uploads\/2023\/02\/artennat-300x169.webp 300w, https:\/\/soymigrante.com\/revista\/wp-content\/uploads\/2023\/02\/artennat-1024x576.jpg 1024w, https:\/\/soymigrante.com\/revista\/wp-content\/uploads\/2023\/02\/artennat-768x432.jpg 768w, https:\/\/soymigrante.com\/revista\/wp-content\/uploads\/2023\/02\/artennat-750x422.webp 750w, https:\/\/soymigrante.com\/revista\/wp-content\/uploads\/2023\/02\/artennat-1140x641.jpg 1140w, https:\/\/soymigrante.com\/revista\/wp-content\/uploads\/2023\/02\/artennat.webp 1280w\" sizes=\"(max-width: 300px) 100vw, 300px\" \/>\n            <\/div>\n        <\/div><div class=\"eael-entry-wrapper\"><header class=\"eael-entry-header\"><h2 class=\"eael-entry-title\"><a class=\"eael-grid-post-link\" href=\"https:\/\/soymigrante.com\/revista\/actor-arturo-castro\/\" title=\"&#8220;Cuando uno tiene un sue\u00f1o, no hay plan B&#8221;: actor Arturo Castro\">&#8220;Cuando uno tiene un sue\u00f1o, no hay plan B&#8221;: actor Arturo Castro<\/a><\/h2><\/header><div class=\"eael-entry-content\">\n                        <div class=\"eael-grid-post-excerpt\"><a href=\"https:\/\/soymigrante.com\/revista\/actor-arturo-castro\/\" class=\"eael-post-elements-readmore-btn\">Leer m\u00e1s<\/a><\/div>\n                    <\/div><\/div><\/div>\n        <\/div>\n    <\/article><article class=\"eael-grid-post  eael-post-grid-column eael-pg-post-48433 category-exitos-guatemala\" data-id=\"48433\">\n        <div class=\"eael-grid-post-holder\">\n            <div class=\"eael-grid-post-holder-inner\"><div class=\"eael-entry-media\"><div class=\"eael-entry-overlay fade-in\"><i class=\"far fa-hand-pointer\" aria-hidden=\"true\"><\/i><a href=\"https:\/\/soymigrante.com\/revista\/defiendo-a-mi-gente-cynthia-m-fernandez-abogada-migratoria-de-raiz-guatemalteca\/\"><\/a><\/div><div class=\"eael-entry-thumbnail \">\n                <img loading=\"lazy\" decoding=\"async\" width=\"300\" height=\"300\" src=\"https:\/\/soymigrante.com\/revista\/wp-content\/uploads\/2025\/11\/abogada-cinthia-mazariegos-guatemalteca-en-chicago-reu-law-firm-11-300x300.jpg\" class=\"attachment-medium size-medium wp-image-48434\" alt=\"abogada cinthia mazariegos guatemalteca en chicago reu law firm 11\" srcset=\"https:\/\/soymigrante.com\/revista\/wp-content\/uploads\/2025\/11\/abogada-cinthia-mazariegos-guatemalteca-en-chicago-reu-law-firm-11-300x300.jpg 300w, https:\/\/soymigrante.com\/revista\/wp-content\/uploads\/2025\/11\/abogada-cinthia-mazariegos-guatemalteca-en-chicago-reu-law-firm-11-150x150.jpg 150w, https:\/\/soymigrante.com\/revista\/wp-content\/uploads\/2025\/11\/abogada-cinthia-mazariegos-guatemalteca-en-chicago-reu-law-firm-11-768x768.jpg 768w, https:\/\/soymigrante.com\/revista\/wp-content\/uploads\/2025\/11\/abogada-cinthia-mazariegos-guatemalteca-en-chicago-reu-law-firm-11-75x75.jpg 75w, https:\/\/soymigrante.com\/revista\/wp-content\/uploads\/2025\/11\/abogada-cinthia-mazariegos-guatemalteca-en-chicago-reu-law-firm-11-750x750.jpg 750w, https:\/\/soymigrante.com\/revista\/wp-content\/uploads\/2025\/11\/abogada-cinthia-mazariegos-guatemalteca-en-chicago-reu-law-firm-11.jpg 822w\" sizes=\"(max-width: 300px) 100vw, 300px\" \/>\n            <\/div>\n        <\/div><div class=\"eael-entry-wrapper\"><header class=\"eael-entry-header\"><h2 class=\"eael-entry-title\"><a class=\"eael-grid-post-link\" href=\"https:\/\/soymigrante.com\/revista\/defiendo-a-mi-gente-cynthia-m-fernandez-abogada-migratoria-de-raiz-guatemalteca\/\" title=\"&#8220;Defiendo a mi gente&#8221;: Cynthia M. Fern\u00e1ndez, abogada migratoria en Chicago, de padres guatemaltecos.\">&#8220;Defiendo a mi gente&#8221;: Cynthia M. Fern\u00e1ndez, abogada migratoria en Chicago, de padres guatemaltecos.<\/a><\/h2><\/header><div class=\"eael-entry-content\">\n                        <div class=\"eael-grid-post-excerpt\"><a href=\"https:\/\/soymigrante.com\/revista\/defiendo-a-mi-gente-cynthia-m-fernandez-abogada-migratoria-de-raiz-guatemalteca\/\" class=\"eael-post-elements-readmore-btn\">Leer m\u00e1s<\/a><\/div>\n                    <\/div><\/div><\/div>\n        <\/div>\n    <\/article><\/div>\n            <div class=\"clearfix\"><\/div>\n        <\/div>            <div class=\"eael-load-more-button-wrap eael-force-hide\">\n                <button class=\"eael-load-more-button\" id=\"eael-load-more-btn-7fc60c5\" data-widget-id=\"7fc60c5\" data-widget=\"7fc60c5\" data-page-id=\"5283\" data-template=\"{&quot;dir&quot;:&quot;lite&quot;,&quot;file_name&quot;:&quot;one.php&quot;,&quot;name&quot;:&quot;Post-Grid&quot;}\" data-class=\"Essential_Addons_Elementor\\Elements\\Post_Grid\" data-layout=\"masonry\" data-page=\"1\" data-args=\"orderby=title&amp;order=asc&amp;ignore_sticky_posts=1&amp;post_status=publish&amp;posts_per_page=4&amp;offset=0&amp;post_type=post&amp;tax_query%5B0%5D%5Btaxonomy%5D=category&amp;tax_query%5B0%5D%5Bfield%5D=term_id&amp;tax_query%5B0%5D%5Bterms%5D%5B0%5D=50&amp;tax_query%5Brelation%5D=AND\" data-max-page=\"78\">\n                    <span class=\"eael-btn-loader button__loader\"><\/span>\n                    <span class=\"eael_load_more_text\">Cargar m\u00e1s<\/span>\n                <\/button>\n            <\/div>\n            \t\t\t\t<\/div>\n\t\t\t\t\t<\/div>\n\t\t<\/div>\n\t\t\t\t\t<\/div>\n\t\t<\/section>\n\t\t\t\t<\/div>\n\t\t","protected":false},"excerpt":{"rendered":"<p>Estados Unidos surgi\u00f3 y creci\u00f3 gracias a la migraci\u00f3n y la riqueza multicultural. A\u00fan as\u00ed, el tema migratorio es uno de los debates en a\u00f1o de elecciones USA. Una encuesta del prestigioso Pew Center refleja actitudes y posturas pol\u00edticas. El tema migratorio vuelve a estar en el foco del proceso de elecciones USA 2024. Ya [&hellip;]<\/p>\n","protected":false},"author":7,"featured_media":5286,"comment_status":"open","ping_status":"open","sticky":false,"template":"","format":"standard","meta":{"_acf_changed":false,"_eb_attr":"","footnotes":""},"categories":[54],"tags":[],"class_list":["post-5283","post","type-post","status-publish","format-standard","has-post-thumbnail","hentry","category-estamos-unidos"],"acf":[],"aioseo_notices":[],"aioseo_head":"\n\t\t<!-- All in One SEO Pro 4.9.6.2 - aioseo.com -->\n\t<meta name=\"description\" content=\"Hija de migrantes guatemaltecos, la abogada Cynthia Mazariegos vela por los derechos de migrantes desde Chicago; e impulsa la educaci\u00f3n en Guatemala.\" \/>\n\t<meta name=\"robots\" content=\"max-snippet:-1, max-image-preview:large, max-video-preview:-1\" \/>\n\t<meta name=\"author\" content=\"Gustavo Montenegro\"\/>\n\t<link rel=\"canonical\" href=\"https:\/\/soymigrante.com\/revista\/defiendo-a-mi-gente-cynthia-m-fernandez-abogada-migratoria-de-raiz-guatemalteca\/\" \/>\n\t<meta name=\"generator\" content=\"All in One SEO Pro (AIOSEO) 4.9.6.2\" \/>\n\n\t\t<link rel=\"preconnect\" href=\"https:\/\/fonts.googleapis.com\" crossorigin>\n<link rel=\"preconnect\" href=\"https:\/\/fonts.gstatic.com\" crossorigin>\n\t\t<meta property=\"og:locale\" content=\"es_ES\" \/>\n\t\t<meta property=\"og:site_name\" content=\"SoyMigrante.com REVISTA \u2013 Nuestra misi\u00f3n es reconocer y dignificar al migrante.\" \/>\n\t\t<meta property=\"og:type\" content=\"article\" \/>\n\t\t<meta property=\"og:title\" content=\"&quot;Defiendo a mi gente&quot;: Cynthia Mazariegos abogada migratoria\" \/>\n\t\t<meta property=\"og:description\" content=\"Hija de migrantes guatemaltecos, la abogada Cynthia Mazariegos vela por los derechos de migrantes desde Chicago; e impulsa la educaci\u00f3n en Guatemala.\" \/>\n\t\t<meta property=\"og:url\" content=\"https:\/\/soymigrante.com\/revista\/defiendo-a-mi-gente-cynthia-m-fernandez-abogada-migratoria-de-raiz-guatemalteca\/\" \/>\n\t\t<meta property=\"og:image\" content=\"https:\/\/soymigrante.com\/revista\/wp-content\/uploads\/2025\/11\/abogada-cinthia-mazariegos-guatemalteca-en-chicago-reu-law-firm-11.jpg\" \/>\n\t\t<meta property=\"og:image:secure_url\" content=\"https:\/\/soymigrante.com\/revista\/wp-content\/uploads\/2025\/11\/abogada-cinthia-mazariegos-guatemalteca-en-chicago-reu-law-firm-11.jpg\" \/>\n\t\t<meta property=\"og:image:width\" content=\"822\" \/>\n\t\t<meta property=\"og:image:height\" content=\"822\" \/>\n\t\t<meta property=\"article:published_time\" content=\"2025-11-12T15:18:43+00:00\" \/>\n\t\t<meta property=\"article:modified_time\" content=\"2025-11-21T19:45:07+00:00\" \/>\n\t\t<meta property=\"article:publisher\" content=\"https:\/\/www.facebook.com\/soymigrantecom\" \/>\n\t\t<meta name=\"twitter:card\" content=\"summary_large_image\" \/>\n\t\t<meta name=\"twitter:site\" content=\"@SoyMigrante_com\" \/>\n\t\t<meta name=\"twitter:title\" content=\"&quot;Defiendo a mi gente&quot;: Cynthia Mazariegos abogada migratoria\" \/>\n\t\t<meta name=\"twitter:description\" content=\"Hija de migrantes guatemaltecos, la abogada Cynthia Mazariegos vela por los derechos de migrantes desde Chicago; e impulsa la educaci\u00f3n en Guatemala.\" \/>\n\t\t<meta name=\"twitter:creator\" content=\"@SoyMigrante_com\" \/>\n\t\t<meta name=\"twitter:image\" content=\"https:\/\/soymigrante.com\/revista\/wp-content\/uploads\/2025\/11\/abogada-cinthia-mazariegos-guatemalteca-en-chicago-reu-law-firm-11.jpg\" \/>\n\t\t<!-- All in One SEO Pro -->\r\n\t\t<title>&quot;Defiendo a mi gente&quot;: Cynthia Mazariegos abogada migratoria<\/title>\n\n","aioseo_head_json":{"title":"\"Defiendo a mi gente\": Cynthia Mazariegos abogada migratoria","description":"Hija de migrantes guatemaltecos, la abogada Cynthia Mazariegos vela por los derechos de migrantes desde Chicago; e impulsa la educaci\u00f3n en Guatemala.","canonical_url":"https:\/\/soymigrante.com\/revista\/defiendo-a-mi-gente-cynthia-m-fernandez-abogada-migratoria-de-raiz-guatemalteca\/","robots":"max-snippet:-1, max-image-preview:large, max-video-preview:-1","keywords":"","webmasterTools":{"miscellaneous":"&lt;link rel=\"preconnect\" href=\"https:\/\/fonts.googleapis.com\" crossorigin&gt;\n&lt;link rel=\"preconnect\" href=\"https:\/\/fonts.gstatic.com\" crossorigin&gt;"},"schema":null,"og:locale":"es_ES","og:site_name":"SoyMigrante.com REVISTA \u2013 Nuestra misi\u00f3n es reconocer y dignificar al migrante.","og:type":"article","og:title":"&quot;Defiendo a mi gente&quot;: Cynthia Mazariegos abogada migratoria","og:description":"Hija de migrantes guatemaltecos, la abogada Cynthia Mazariegos vela por los derechos de migrantes desde Chicago; e impulsa la educaci\u00f3n en Guatemala.","og:url":"https:\/\/soymigrante.com\/revista\/defiendo-a-mi-gente-cynthia-m-fernandez-abogada-migratoria-de-raiz-guatemalteca\/","og:image":"https:\/\/soymigrante.com\/revista\/wp-content\/uploads\/2025\/11\/abogada-cinthia-mazariegos-guatemalteca-en-chicago-reu-law-firm-11.jpg","og:image:secure_url":"https:\/\/soymigrante.com\/revista\/wp-content\/uploads\/2025\/11\/abogada-cinthia-mazariegos-guatemalteca-en-chicago-reu-law-firm-11.jpg","og:image:width":822,"og:image:height":822,"article:published_time":"2025-11-12T15:18:43+00:00","article:modified_time":"2025-11-21T19:45:07+00:00","article:publisher":"https:\/\/www.facebook.com\/soymigrantecom","twitter:card":"summary_large_image","twitter:site":"@SoyMigrante_com","twitter:title":"&quot;Defiendo a mi gente&quot;: Cynthia Mazariegos abogada migratoria","twitter:description":"Hija de migrantes guatemaltecos, la abogada Cynthia Mazariegos vela por los derechos de migrantes desde Chicago; e impulsa la educaci\u00f3n en Guatemala.","twitter:creator":"@SoyMigrante_com","twitter:image":"https:\/\/soymigrante.com\/revista\/wp-content\/uploads\/2025\/11\/abogada-cinthia-mazariegos-guatemalteca-en-chicago-reu-law-firm-11.jpg"},"aioseo_meta_data":{"post_id":"5283","title":null,"description":null,"keywords":[],"keyphrases":{"focus":{"keyphrase":"Migratorio","score":69,"analysis":{"keyphraseInTitle":{"score":9,"maxScore":9,"error":0},"keyphraseInDescription":{"score":9,"maxScore":9,"error":0},"keyphraseLength":{"score":9,"maxScore":9,"error":0,"length":1},"keyphraseInURL":{"score":5,"maxScore":5,"error":0},"keyphraseInIntroduction":{"score":9,"maxScore":9,"error":0},"keyphraseInSubHeadings":{"score":3,"maxScore":9,"error":1},"keyphraseInImageAlt":{"score":3,"maxScore":9,"error":1},"keywordDensity":{"score":0,"type":"low","maxScore":9,"error":1}}},"additional":[]},"primary_term":null,"canonical_url":null,"og_title":null,"og_description":null,"og_object_type":"default","og_image_type":"default","og_image_url":null,"og_image_width":null,"og_image_height":null,"og_image_custom_url":null,"og_image_custom_fields":null,"og_video":"","og_custom_url":null,"og_article_section":null,"og_article_tags":[],"twitter_use_og":false,"twitter_card":"default","twitter_image_type":"default","twitter_image_url":null,"twitter_image_custom_url":null,"twitter_image_custom_fields":null,"twitter_title":null,"twitter_description":null,"schema":{"blockGraphs":[],"customGraphs":[],"default":{"data":{"Article":[],"Course":[],"Dataset":[],"FAQPage":[],"Movie":[],"Person":[],"Product":[],"ProductReview":[],"Car":[],"Recipe":[],"Service":[],"SoftwareApplication":[],"WebPage":[]},"graphName":"BlogPosting","isEnabled":true},"graphs":[]},"schema_type":"default","schema_type_options":null,"pillar_content":false,"robots_default":true,"robots_noindex":false,"robots_noarchive":false,"robots_nosnippet":false,"robots_nofollow":false,"robots_noimageindex":false,"robots_noodp":false,"robots_notranslate":false,"robots_max_snippet":"-1","robots_max_videopreview":"-1","robots_max_imagepreview":"large","priority":null,"frequency":"default","local_seo":null,"seo_analyzer_scan_date":"2025-10-08 21:23:03","breadcrumb_settings":null,"limit_modified_date":false,"reviewed_by":null,"open_ai":null,"ai":null,"created":"2024-03-10 06:20:41","updated":"2026-02-04 11:00:57"},"aioseo_breadcrumb":"<div class=\"aioseo-breadcrumbs\"><span class=\"aioseo-breadcrumb\">\n\t<a href=\"https:\/\/soymigrante.com\/revista\" title=\"Home\">Home<\/a>\n<\/span><span class=\"aioseo-breadcrumb-separator\">\u00bb<\/span><span class=\"aioseo-breadcrumb\">\n\t<a href=\"https:\/\/soymigrante.com\/revista\/category\/estamos-unidos\/\" title=\"Estamos Unidos\">Estamos Unidos<\/a>\n<\/span><span class=\"aioseo-breadcrumb-separator\">\u00bb<\/span><span class=\"aioseo-breadcrumb\">\n\tAs\u00ed ven ciudadanos de USA el tema migratorio en a\u00f1o de elecciones\n<\/span><\/div>","aioseo_breadcrumb_json":[{"label":"Home","link":"https:\/\/soymigrante.com\/revista"},{"label":"Estamos Unidos","link":"https:\/\/soymigrante.com\/revista\/category\/estamos-unidos\/"},{"label":"As\u00ed ven ciudadanos de USA el tema migratorio en a\u00f1o de elecciones","link":"https:\/\/soymigrante.com\/revista\/elecciones-usa-posturas-tema-migratorio-democratas-republicanos\/"}],"_links":{"self":[{"href":"https:\/\/soymigrante.com\/revista\/wp-json\/wp\/v2\/posts\/5283","targetHints":{"allow":["GET"]}}],"collection":[{"href":"https:\/\/soymigrante.com\/revista\/wp-json\/wp\/v2\/posts"}],"about":[{"href":"https:\/\/soymigrante.com\/revista\/wp-json\/wp\/v2\/types\/post"}],"author":[{"embeddable":true,"href":"https:\/\/soymigrante.com\/revista\/wp-json\/wp\/v2\/users\/7"}],"replies":[{"embeddable":true,"href":"https:\/\/soymigrante.com\/revista\/wp-json\/wp\/v2\/comments?post=5283"}],"version-history":[{"count":0,"href":"https:\/\/soymigrante.com\/revista\/wp-json\/wp\/v2\/posts\/5283\/revisions"}],"wp:featuredmedia":[{"embeddable":true,"href":"https:\/\/soymigrante.com\/revista\/wp-json\/wp\/v2\/media\/5286"}],"wp:attachment":[{"href":"https:\/\/soymigrante.com\/revista\/wp-json\/wp\/v2\/media?parent=5283"}],"wp:term":[{"taxonomy":"category","embeddable":true,"href":"https:\/\/soymigrante.com\/revista\/wp-json\/wp\/v2\/categories?post=5283"},{"taxonomy":"post_tag","embeddable":true,"href":"https:\/\/soymigrante.com\/revista\/wp-json\/wp\/v2\/tags?post=5283"}],"curies":[{"name":"wp","href":"https:\/\/api.w.org\/{rel}","templated":true}]}}