{"id":5274,"date":"2024-03-11T00:00:13","date_gmt":"2024-03-11T06:00:13","guid":{"rendered":"https:\/\/soymigrante.com\/revista\/?p=5274"},"modified":"2024-07-29T07:00:41","modified_gmt":"2024-07-29T13:00:41","slug":"marimba-de-guatemala-roberth-orozco-musico-quetzaltenango","status":"publish","type":"post","link":"https:\/\/soymigrante.com\/revista\/marimba-de-guatemala-roberth-orozco-musico-quetzaltenango\/","title":{"rendered":"Roberth Orozco sue\u00f1a con interpretar su marimba ante migrantes"},"content":{"rendered":"\t\t<div data-elementor-type=\"wp-post\" data-elementor-id=\"5274\" class=\"elementor elementor-5274\" data-elementor-post-type=\"post\">\n\t\t\t\t\t\t<section data-particle_enable=\"false\" data-particle-mobile-disabled=\"false\" class=\"elementor-section elementor-top-section elementor-element elementor-element-47a38f8 elementor-section-boxed elementor-section-height-default elementor-section-height-default\" data-id=\"47a38f8\" data-element_type=\"section\" data-e-type=\"section\">\n\t\t\t\t\t\t<div class=\"elementor-container elementor-column-gap-default\">\n\t\t\t\t\t<div class=\"elementor-column elementor-col-100 elementor-top-column elementor-element elementor-element-5f65803\" data-id=\"5f65803\" data-element_type=\"column\" data-e-type=\"column\">\n\t\t\t<div class=\"elementor-widget-wrap elementor-element-populated\">\n\t\t\t\t\t\t<div class=\"elementor-element elementor-element-61dd375 elementor-widget elementor-widget-heading\" data-id=\"61dd375\" data-element_type=\"widget\" data-e-type=\"widget\" data-widget_type=\"heading.default\">\n\t\t\t\t\t<h2 class=\"elementor-heading-title elementor-size-default\">Originario de San Mart\u00edn Sacatep\u00e9quez, Quetzaltenango  Roberth Orozco interpreta en marimba temas populares de m\u00faltiples g\u00e9neros y siempre le llegan nuevas peticiones, incluso de migrantes.<\/h2>\t\t\t\t<\/div>\n\t\t\t\t\t<\/div>\n\t\t<\/div>\n\t\t\t\t\t<\/div>\n\t\t<\/section>\n\t\t\t\t<section data-particle_enable=\"false\" data-particle-mobile-disabled=\"false\" class=\"elementor-section elementor-top-section elementor-element elementor-element-410f6f0 elementor-section-boxed elementor-section-height-default elementor-section-height-default\" data-id=\"410f6f0\" data-element_type=\"section\" data-e-type=\"section\">\n\t\t\t\t\t\t<div class=\"elementor-container elementor-column-gap-default\">\n\t\t\t\t\t<div class=\"elementor-column elementor-col-100 elementor-top-column elementor-element elementor-element-557bf55\" data-id=\"557bf55\" data-element_type=\"column\" data-e-type=\"column\">\n\t\t\t<div class=\"elementor-widget-wrap elementor-element-populated\">\n\t\t\t\t\t\t<div class=\"elementor-element elementor-element-39ee910 elementor-widget elementor-widget-text-editor\" data-id=\"39ee910\" data-element_type=\"widget\" data-e-type=\"widget\" data-widget_type=\"text-editor.default\">\n\t\t\t\t\t\t\t\t\t<p>Su nombre completo es Marlon Roberto Estrada Orozco y es originario de San Mart\u00edn Sacatep\u00e9quez, tambi\u00e9n llamado San Mart\u00edn Chile Verde, Quetzaltenango. Es ,marimbista y licenciado en m\u00fasica.\u00a0<\/p><p>Tiene 23 a\u00f1os y a trav\u00e9s de redes sociales como Youtube, Facebook y Tiktok se proyecta como Roberth Orozco en la interpretaci\u00f3n de la marimba guatemalteca con un toque distintivo: hace versiones de conocidos temas de m\u00fasica internacional y diversos g\u00e9neros, sin olvidarse de las ra\u00edces del instrumento nacional, pues tambi\u00e9n brinda consejos y claves para tocar temas del repertorio guatemalteco.\u00a0<\/p><p>Su versatilidad le ha ganado la admiraci\u00f3n de muchos migrantes guatemaltecos que incluso le piden versiones de sus temas favoritos.\u00a0<span style=\"color: var( --e-global-color-text );\">Esta es su historia, su motivaci\u00f3n y su energ\u00eda positiva de marimba sin fronteras.<\/span><\/p><p>\u00a0<\/p>\t\t\t\t\t\t\t\t<\/div>\n\t\t\t\t\t<\/div>\n\t\t<\/div>\n\t\t\t\t\t<\/div>\n\t\t<\/section>\n\t\t\t\t<section data-particle_enable=\"false\" data-particle-mobile-disabled=\"false\" class=\"elementor-section elementor-top-section elementor-element elementor-element-31253de elementor-section-boxed elementor-section-height-default elementor-section-height-default\" data-id=\"31253de\" data-element_type=\"section\" data-e-type=\"section\">\n\t\t\t\t\t\t<div class=\"elementor-container elementor-column-gap-default\">\n\t\t\t\t\t<div class=\"elementor-column elementor-col-100 elementor-top-column elementor-element elementor-element-62fd55a\" data-id=\"62fd55a\" data-element_type=\"column\" data-e-type=\"column\">\n\t\t\t<div class=\"elementor-widget-wrap elementor-element-populated\">\n\t\t\t\t\t\t<div class=\"elementor-element elementor-element-b7bde81 elementor-widget elementor-widget-facebook-embed\" data-id=\"b7bde81\" data-element_type=\"widget\" data-e-type=\"widget\" data-widget_type=\"facebook-embed.default\">\n\t\t\t\t\t<div style=\"min-height: 1px\" class=\"elementor-facebook-widget fb-video\" data-href=\"https:\/\/www.facebook.com\/watch\/?v=361460546369825\" data-show-text=\"false\" data-allowfullscreen=\"false\" data-autoplay=\"true\" data-show-captions=\"false\"><\/div>\t\t\t\t<\/div>\n\t\t\t\t<div class=\"elementor-element elementor-element-7a475aa elementor-widget elementor-widget-heading\" data-id=\"7a475aa\" data-element_type=\"widget\" data-e-type=\"widget\" data-widget_type=\"heading.default\">\n\t\t\t\t\t<h3 class=\"elementor-heading-title elementor-size-default\">As\u00ed comenz\u00f3 su historia de creatividad y armon\u00eda <\/h3>\t\t\t\t<\/div>\n\t\t\t\t\t<\/div>\n\t\t<\/div>\n\t\t\t\t\t<\/div>\n\t\t<\/section>\n\t\t\t\t<section data-particle_enable=\"false\" data-particle-mobile-disabled=\"false\" class=\"elementor-section elementor-top-section elementor-element elementor-element-93c059d elementor-section-boxed elementor-section-height-default elementor-section-height-default\" data-id=\"93c059d\" data-element_type=\"section\" data-e-type=\"section\">\n\t\t\t\t\t\t<div class=\"elementor-container elementor-column-gap-default\">\n\t\t\t\t\t<div class=\"elementor-column elementor-col-100 elementor-top-column elementor-element elementor-element-ce6226b\" data-id=\"ce6226b\" data-element_type=\"column\" data-e-type=\"column\">\n\t\t\t<div class=\"elementor-widget-wrap elementor-element-populated\">\n\t\t\t\t\t\t<div class=\"elementor-element elementor-element-4227db6 elementor-widget elementor-widget-text-editor\" data-id=\"4227db6\" data-element_type=\"widget\" data-e-type=\"widget\" data-widget_type=\"text-editor.default\">\n\t\t\t\t\t\t\t\t\t<p>\u00a0<span style=\"color: var( --e-global-color-text );\">\u201cDe ni\u00f1o me gustaba escuchar los sonidos de botes, ollas y objetos que golpeaba con un palo. Luego, a los cinco a\u00f1os <\/span><a href=\"https:\/\/soymigrante.com\/revista\/marimba-guatemalteca-simbolo-patrio-datos-quiza-no-sabias-o-tal-vez-si\/\">mi abuelo me regal\u00f3 una marimba <\/a><span style=\"color: var( --e-global-color-text );\">de esas que venden en los mercados y comenc\u00e9 golpeando las teclas. De estudiante me integr\u00e9 a las bandas musicales\u201d, cuenta.<\/span><\/p><p>\u201cEn el 2016 ingres\u00e9 a un internado en Mixco, Guatemala. Los \u00fanicos que pod\u00edan salir eran los integrantes de la marimba y para conocer la capital y experimentar me integr\u00e9 al grupo de m\u00fasicos, ah\u00ed aprend\u00ed a tocar la guitarra que es el segundo instrumento que ejecuto\u201d.<\/p><p>Sin embargo su proyecci\u00f3n sin fronteras la logra a trav\u00e9s de redes sociales.\u00a0 &#8220;<span style=\"color: var( --e-global-color-text );\">Adem\u00e1s de ser m\u00fasico soy creador de contenido en redes sociales en <\/span><em style=\"color: var( --e-global-color-text );\">Tik Tok<\/em><span style=\"color: var( --e-global-color-text );\"> me encuentran como <\/span><a href=\"https:\/\/www.tiktok.com\/@roberth_orozco\/video\/7090683905178733830\">Roberto Orozco,<\/a><span style=\"color: var( --e-global-color-text );\"> un d\u00eda decid\u00ed vestir la indumentaria de San Mart\u00edn Sacatep\u00e9quez&#8221;<\/span><\/p><p><span style=\"color: var( --e-global-color-text );\">&#8220;Recib\u00ed cientos de comentarios y muchos fueron de personas fuera de Guatemala, hermanos migrantes. Una de las caracter\u00edsticas de mis videos es que salgo portando alguna prenda de alg\u00fan lugar de Guatemala, tengo de Todos Santos Cuchumat\u00e1n, Huehuetenango, Solol\u00e1, Quich\u00e9, entre otros&#8221;.<\/span><\/p>\t\t\t\t\t\t\t\t<\/div>\n\t\t\t\t\t<\/div>\n\t\t<\/div>\n\t\t\t\t\t<\/div>\n\t\t<\/section>\n\t\t\t\t<section data-particle_enable=\"false\" data-particle-mobile-disabled=\"false\" class=\"elementor-section elementor-top-section elementor-element elementor-element-9c30593 elementor-section-boxed elementor-section-height-default elementor-section-height-default\" data-id=\"9c30593\" data-element_type=\"section\" data-e-type=\"section\">\n\t\t\t\t\t\t<div class=\"elementor-container elementor-column-gap-default\">\n\t\t\t\t\t<div class=\"elementor-column elementor-col-100 elementor-top-column elementor-element elementor-element-065406f\" data-id=\"065406f\" data-element_type=\"column\" data-e-type=\"column\">\n\t\t\t<div class=\"elementor-widget-wrap elementor-element-populated\">\n\t\t\t\t\t\t<div class=\"elementor-element elementor-element-925f82f elementor-widget elementor-widget-image\" data-id=\"925f82f\" data-element_type=\"widget\" data-e-type=\"widget\" data-widget_type=\"image.default\">\n\t\t\t\t\t\t\t\t\t\t\t\t<figure class=\"wp-caption\">\n\t\t\t\t\t\t\t\t\t\t<img fetchpriority=\"high\" decoding=\"async\" width=\"768\" height=\"768\" src=\"https:\/\/soymigrante.com\/revista\/wp-content\/uploads\/2024\/03\/Roberto-Orozco-guatemala-4.webp\" class=\"attachment-large size-large wp-image-5278\" alt=\"Roberth Orozco, un marimbista de Quetzaltenango, ha ganado relevancia en las redes sociales por sus adaptaciones musicales en marimba.\" srcset=\"https:\/\/soymigrante.com\/revista\/wp-content\/uploads\/2024\/03\/Roberto-Orozco-guatemala-4.webp 960w, https:\/\/soymigrante.com\/revista\/wp-content\/uploads\/2024\/03\/Roberto-Orozco-guatemala-4-300x300.webp 300w, https:\/\/soymigrante.com\/revista\/wp-content\/uploads\/2024\/03\/Roberto-Orozco-guatemala-4-150x150.webp 150w, https:\/\/soymigrante.com\/revista\/wp-content\/uploads\/2024\/03\/Roberto-Orozco-guatemala-4-768x768.webp 768w, https:\/\/soymigrante.com\/revista\/wp-content\/uploads\/2024\/03\/Roberto-Orozco-guatemala-4-75x75.webp 75w, https:\/\/soymigrante.com\/revista\/wp-content\/uploads\/2024\/03\/Roberto-Orozco-guatemala-4-750x750.webp 750w, https:\/\/soymigrante.com\/revista\/wp-content\/uploads\/2024\/03\/Roberto-Orozco-guatemala-4-600x600.webp 600w\" sizes=\"(max-width: 768px) 100vw, 768px\" title=\"Roberto Orozco guatemala (4) \u2013 SoyMigrante.com REVISTA\" \/>\t\t\t\t\t\t\t\t\t\t\t<figcaption class=\"widget-image-caption wp-caption-text\">\nRoberth Orozco, un marimbista de Quetzaltenango, ha ganado relevancia en las redes sociales por sus adaptaciones musicales en marimba. \n<\/figcaption>\n\t\t\t\t\t\t\t\t\t\t<\/figure>\n\t\t\t\t\t\t\t\t\t<\/div>\n\t\t\t\t\t<\/div>\n\t\t<\/div>\n\t\t\t\t\t<\/div>\n\t\t<\/section>\n\t\t\t\t<section data-particle_enable=\"false\" data-particle-mobile-disabled=\"false\" class=\"elementor-section elementor-top-section elementor-element elementor-element-2b766e2 elementor-section-boxed elementor-section-height-default elementor-section-height-default\" data-id=\"2b766e2\" data-element_type=\"section\" data-e-type=\"section\">\n\t\t\t\t\t\t<div class=\"elementor-container elementor-column-gap-default\">\n\t\t\t\t\t<div class=\"elementor-column elementor-col-100 elementor-top-column elementor-element elementor-element-f2d2f78\" data-id=\"f2d2f78\" data-element_type=\"column\" data-e-type=\"column\">\n\t\t\t<div class=\"elementor-widget-wrap elementor-element-populated\">\n\t\t\t\t\t\t<div class=\"elementor-element elementor-element-43b7144 elementor-widget elementor-widget-heading\" data-id=\"43b7144\" data-element_type=\"widget\" data-e-type=\"widget\" data-widget_type=\"heading.default\">\n\t\t\t\t\t<h3 class=\"elementor-heading-title elementor-size-default\">El sue\u00f1o de ir a tocar marimba a los migrantes<\/h3>\t\t\t\t<\/div>\n\t\t\t\t\t<\/div>\n\t\t<\/div>\n\t\t\t\t\t<\/div>\n\t\t<\/section>\n\t\t\t\t<section data-particle_enable=\"false\" data-particle-mobile-disabled=\"false\" class=\"elementor-section elementor-top-section elementor-element elementor-element-954141f elementor-section-boxed elementor-section-height-default elementor-section-height-default\" data-id=\"954141f\" data-element_type=\"section\" data-e-type=\"section\">\n\t\t\t\t\t\t<div class=\"elementor-container elementor-column-gap-default\">\n\t\t\t\t\t<div class=\"elementor-column elementor-col-100 elementor-top-column elementor-element elementor-element-bc1a759\" data-id=\"bc1a759\" data-element_type=\"column\" data-e-type=\"column\">\n\t\t\t<div class=\"elementor-widget-wrap elementor-element-populated\">\n\t\t\t\t\t\t<div class=\"elementor-element elementor-element-fdfcb34 elementor-widget elementor-widget-text-editor\" data-id=\"fdfcb34\" data-element_type=\"widget\" data-e-type=\"widget\" data-widget_type=\"text-editor.default\">\n\t\t\t\t\t\t\t\t\t<p><strong>\u00bfCu\u00e1l es el vinculo de Roberto con los migrantes en EE. UU.?<\/strong><br \/>Tengo primos all\u00e1 en Estados Unidos, de parte de mi mam\u00e1. Todo guatemalteco que tuvo la oportunidad de crecer en las calles y barrios creci\u00f3 teniendo amistad con gente que se fue al norte. Recibir los saludos y el aprecio de la comunidad guatemalteca de diversos Estados me llena mucho. Cuando hago transmisiones siempre hay migrantes que piden que los salude.<\/p><p><strong>\u00bfHas viajado a Estados Unidos?<\/strong><br \/>He tenido la oportunidad de salir del pa\u00eds, pero no a Estados Unidos y me gustar\u00eda tocar la marimba con mi estilo frente a los migrantes guatemaltecos. Me encantar\u00eda comenzar a recorrer ese pa\u00eds en Nueva York, esa ciudad me gusta.en\u00a0<\/p>\t\t\t\t\t\t\t\t<\/div>\n\t\t\t\t\t<\/div>\n\t\t<\/div>\n\t\t\t\t\t<\/div>\n\t\t<\/section>\n\t\t\t\t<section data-particle_enable=\"false\" data-particle-mobile-disabled=\"false\" class=\"elementor-section elementor-top-section elementor-element elementor-element-1e32362 elementor-section-boxed elementor-section-height-default elementor-section-height-default\" data-id=\"1e32362\" data-element_type=\"section\" data-e-type=\"section\">\n\t\t\t\t\t\t<div class=\"elementor-container elementor-column-gap-default\">\n\t\t\t\t\t<div class=\"elementor-column elementor-col-100 elementor-top-column elementor-element elementor-element-25d255a\" data-id=\"25d255a\" data-element_type=\"column\" data-e-type=\"column\">\n\t\t\t<div class=\"elementor-widget-wrap elementor-element-populated\">\n\t\t\t\t\t\t<div class=\"elementor-element elementor-element-a520ae7 elementor-widget elementor-widget-image\" data-id=\"a520ae7\" data-element_type=\"widget\" data-e-type=\"widget\" data-widget_type=\"image.default\">\n\t\t\t\t\t\t\t\t\t\t\t\t<figure class=\"wp-caption\">\n\t\t\t\t\t\t\t\t\t\t<img decoding=\"async\" width=\"768\" height=\"584\" src=\"https:\/\/soymigrante.com\/revista\/wp-content\/uploads\/2024\/03\/Roberto-Orozco-guatemala-1-1024x779.webp\" class=\"attachment-large size-large wp-image-5275\" alt=\"Roberth Orozco est\u00e1 comprometido con llevar la marimba guatemalteca a todo el mundo, literalmente pero adem\u00e1s contribuir a difundir y motivar su aprendizaje en la ni\u00f1ez y juventud.\" srcset=\"https:\/\/soymigrante.com\/revista\/wp-content\/uploads\/2024\/03\/Roberto-Orozco-guatemala-1-1024x779.webp 1024w, https:\/\/soymigrante.com\/revista\/wp-content\/uploads\/2024\/03\/Roberto-Orozco-guatemala-1-300x228.webp 300w, https:\/\/soymigrante.com\/revista\/wp-content\/uploads\/2024\/03\/Roberto-Orozco-guatemala-1-768x584.webp 768w, https:\/\/soymigrante.com\/revista\/wp-content\/uploads\/2024\/03\/Roberto-Orozco-guatemala-1-1536x1168.webp 1536w, https:\/\/soymigrante.com\/revista\/wp-content\/uploads\/2024\/03\/Roberto-Orozco-guatemala-1-750x570.webp 750w, https:\/\/soymigrante.com\/revista\/wp-content\/uploads\/2024\/03\/Roberto-Orozco-guatemala-1-1140x867.webp 1140w, https:\/\/soymigrante.com\/revista\/wp-content\/uploads\/2024\/03\/Roberto-Orozco-guatemala-1.webp 1920w\" sizes=\"(max-width: 768px) 100vw, 768px\" title=\"Roberth Orozco est\u00e1 comprometido con llevar la marimba guatemalteca a todo el mundo, literalmente pero adem\u00e1s contribuir a difundir y motivar su aprendizaje en la ni\u00f1ez y juventud. \u2013 SoyMigrante.com REVISTA\" \/>\t\t\t\t\t\t\t\t\t\t\t<figcaption class=\"widget-image-caption wp-caption-text\">Roberth Orozco est\u00e1 comprometido con llevar la marimba guatemalteca a todo el mundo, literalmente pero adem\u00e1s contribuir a difundir y motivar su aprendizaje en la ni\u00f1ez y juventud.<\/figcaption>\n\t\t\t\t\t\t\t\t\t\t<\/figure>\n\t\t\t\t\t\t\t\t\t<\/div>\n\t\t\t\t\t<\/div>\n\t\t<\/div>\n\t\t\t\t\t<\/div>\n\t\t<\/section>\n\t\t\t\t<section data-particle_enable=\"false\" data-particle-mobile-disabled=\"false\" class=\"elementor-section elementor-top-section elementor-element elementor-element-c1f8f98 elementor-section-boxed elementor-section-height-default elementor-section-height-default\" data-id=\"c1f8f98\" data-element_type=\"section\" data-e-type=\"section\">\n\t\t\t\t\t\t<div class=\"elementor-container elementor-column-gap-default\">\n\t\t\t\t\t<div class=\"elementor-column elementor-col-100 elementor-top-column elementor-element elementor-element-52a5bb4\" data-id=\"52a5bb4\" data-element_type=\"column\" data-e-type=\"column\">\n\t\t\t<div class=\"elementor-widget-wrap elementor-element-populated\">\n\t\t\t\t\t\t<div class=\"elementor-element elementor-element-855c319 elementor-widget elementor-widget-heading\" data-id=\"855c319\" data-element_type=\"widget\" data-e-type=\"widget\" data-widget_type=\"heading.default\">\n\t\t\t\t\t<h3 class=\"elementor-heading-title elementor-size-default\">Orgulloso de ser guatemalteco<\/h3>\t\t\t\t<\/div>\n\t\t\t\t\t<\/div>\n\t\t<\/div>\n\t\t\t\t\t<\/div>\n\t\t<\/section>\n\t\t\t\t<section data-particle_enable=\"false\" data-particle-mobile-disabled=\"false\" class=\"elementor-section elementor-top-section elementor-element elementor-element-897e013 elementor-section-boxed elementor-section-height-default elementor-section-height-default\" data-id=\"897e013\" data-element_type=\"section\" data-e-type=\"section\">\n\t\t\t\t\t\t<div class=\"elementor-container elementor-column-gap-default\">\n\t\t\t\t\t<div class=\"elementor-column elementor-col-100 elementor-top-column elementor-element elementor-element-d3652fc\" data-id=\"d3652fc\" data-element_type=\"column\" data-e-type=\"column\">\n\t\t\t<div class=\"elementor-widget-wrap elementor-element-populated\">\n\t\t\t\t\t\t<div class=\"elementor-element elementor-element-55077d2 elementor-widget elementor-widget-text-editor\" data-id=\"55077d2\" data-element_type=\"widget\" data-e-type=\"widget\" data-widget_type=\"text-editor.default\">\n\t\t\t\t\t\t\t\t\t<p><strong>\u00bfAdem\u00e1s de m\u00fasico tambi\u00e9n eres compositor?<\/strong><br \/>La mayor\u00eda de las melod\u00edas en marimba llevan el nombre del alg\u00fan lugar del pa\u00eds. Mi pueblo no ten\u00eda un son y junto a Martin Gomez creamos el son El Tineco.<br \/>Hace poco colabor\u00e9 para una marca nacional, <a href=\"https:\/\/soymigrante.com\/revista\/pilas-guatemaya-tecnologia-raices-mayas-guatemalteco\/\">Pilas Guatemaya, uno de cuyos fundadores es migrante<\/a> y cre\u00f3 una carcasa de computadora con forma del Gran Jaguar. La m\u00fasica que sonaba cuando presentaron el producto yo la arregl\u00e9.<\/p><p><strong>\u00bfHas compuesto m\u00fasica para los migrantes?<\/strong><br \/>El a\u00f1o pasado <a href=\"https:\/\/www.youtube.com\/watch?v=4vXlGdh4CKo\">Milthon Mc tambi\u00e9n creador de contenido lanz\u00f3 una canci\u00f3n dedicada a los migrantes y fue una colaboraci\u00f3n musical con marimba<\/a>. En una sola canci\u00f3n mencionamos los chuchitos, tamales y de los migrantes.<\/p><p><strong>\u00bfTiene alguna especializaci\u00f3n en m\u00fasica?<\/strong><br \/>Una beca con Malacates Tr\u00e9bol Shop, ellos me becaron, me dieron la oportunidad de estudiar una especializaci\u00f3n en marimba a nivel universitario es uno de los regalos m\u00e1s grandes que he tenido.\u00a0<span style=\"color: var( --e-global-color-text );\">Estaba estancado y esta beca vino a ponerme pilas.<\/span><\/p>\t\t\t\t\t\t\t\t<\/div>\n\t\t\t\t\t<\/div>\n\t\t<\/div>\n\t\t\t\t\t<\/div>\n\t\t<\/section>\n\t\t\t\t<section data-particle_enable=\"false\" data-particle-mobile-disabled=\"false\" class=\"elementor-section elementor-top-section elementor-element elementor-element-ee0fd10 elementor-section-boxed elementor-section-height-default elementor-section-height-default\" data-id=\"ee0fd10\" data-element_type=\"section\" data-e-type=\"section\">\n\t\t\t\t\t\t<div class=\"elementor-container elementor-column-gap-default\">\n\t\t\t\t\t<div class=\"elementor-column elementor-col-100 elementor-top-column elementor-element elementor-element-04563da\" data-id=\"04563da\" data-element_type=\"column\" data-e-type=\"column\">\n\t\t\t<div class=\"elementor-widget-wrap elementor-element-populated\">\n\t\t\t\t\t\t<div class=\"elementor-element elementor-element-dd54673 elementor-widget elementor-widget-video\" data-id=\"dd54673\" data-element_type=\"widget\" data-e-type=\"widget\" data-settings=\"{&quot;youtube_url&quot;:&quot;https:\\\/\\\/www.youtube.com\\\/watch?v=0E-eFZOMUl0&quot;,&quot;video_type&quot;:&quot;youtube&quot;,&quot;controls&quot;:&quot;yes&quot;}\" data-widget_type=\"video.default\">\n\t\t\t\t\t\t\t<div class=\"elementor-wrapper elementor-open-inline\">\n\t\t\t<div class=\"elementor-video\"><\/div>\t\t<\/div>\n\t\t\t\t\t\t<\/div>\n\t\t\t\t\t<\/div>\n\t\t<\/div>\n\t\t\t\t\t<\/div>\n\t\t<\/section>\n\t\t\t\t<section data-particle_enable=\"false\" data-particle-mobile-disabled=\"false\" class=\"elementor-section elementor-top-section elementor-element elementor-element-d49696c elementor-section-boxed elementor-section-height-default elementor-section-height-default\" data-id=\"d49696c\" data-element_type=\"section\" data-e-type=\"section\">\n\t\t\t\t\t\t<div class=\"elementor-container elementor-column-gap-default\">\n\t\t\t\t\t<div class=\"elementor-column elementor-col-100 elementor-top-column elementor-element elementor-element-eaebb0f\" data-id=\"eaebb0f\" data-element_type=\"column\" data-e-type=\"column\">\n\t\t\t<div class=\"elementor-widget-wrap elementor-element-populated\">\n\t\t\t\t\t\t<div class=\"elementor-element elementor-element-40bb7ae elementor-widget elementor-widget-heading\" data-id=\"40bb7ae\" data-element_type=\"widget\" data-e-type=\"widget\" data-widget_type=\"heading.default\">\n\t\t\t\t\t<h3 class=\"elementor-heading-title elementor-size-default\">Un teclado lleno de futuro <\/h3>\t\t\t\t<\/div>\n\t\t\t\t\t<\/div>\n\t\t<\/div>\n\t\t\t\t\t<\/div>\n\t\t<\/section>\n\t\t\t\t<section data-particle_enable=\"false\" data-particle-mobile-disabled=\"false\" class=\"elementor-section elementor-top-section elementor-element elementor-element-862bc64 elementor-section-boxed elementor-section-height-default elementor-section-height-default\" data-id=\"862bc64\" data-element_type=\"section\" data-e-type=\"section\">\n\t\t\t\t\t\t<div class=\"elementor-container elementor-column-gap-default\">\n\t\t\t\t\t<div class=\"elementor-column elementor-col-100 elementor-top-column elementor-element elementor-element-bee4cb5\" data-id=\"bee4cb5\" data-element_type=\"column\" data-e-type=\"column\">\n\t\t\t<div class=\"elementor-widget-wrap elementor-element-populated\">\n\t\t\t\t\t\t<div class=\"elementor-element elementor-element-33e3c0f elementor-widget elementor-widget-text-editor\" data-id=\"33e3c0f\" data-element_type=\"widget\" data-e-type=\"widget\" data-widget_type=\"text-editor.default\">\n\t\t\t\t\t\t\t\t\t<p>Al preguntarle a Roberth como ve el futuro de su trabajo musical dice: &#8220;Seguir promoviendo la marimba es una de las cosas fundamentales no solo para m\u00ed sino para todos los marimbistas y seguir experimentando&#8221;.<\/p>\n<p>Adem\u00e1s comparte que est\u00e1 comprometido con difundir el tesoro nacional de la marimba: lo ve como un instrumento poderoso, altamente simb\u00f3lico, que genera orgullo y tambi\u00e9n nostalgia en los guatemaltecos que se han ido lejos en busca de oportunidades.<\/p>\t\t\t\t\t\t\t\t<\/div>\n\t\t\t\t\t<\/div>\n\t\t<\/div>\n\t\t\t\t\t<\/div>\n\t\t<\/section>\n\t\t\t\t<section data-particle_enable=\"false\" data-particle-mobile-disabled=\"false\" class=\"elementor-section elementor-top-section elementor-element elementor-element-7f322f5 elementor-section-boxed elementor-section-height-default elementor-section-height-default\" data-id=\"7f322f5\" data-element_type=\"section\" data-e-type=\"section\">\n\t\t\t\t\t\t<div class=\"elementor-container elementor-column-gap-default\">\n\t\t\t\t\t<div class=\"elementor-column elementor-col-100 elementor-top-column elementor-element elementor-element-e52a389\" data-id=\"e52a389\" data-element_type=\"column\" data-e-type=\"column\">\n\t\t\t<div class=\"elementor-widget-wrap elementor-element-populated\">\n\t\t\t\t\t\t<div class=\"elementor-element elementor-element-31096d3 elementor-widget elementor-widget-facebook-embed\" data-id=\"31096d3\" data-element_type=\"widget\" data-e-type=\"widget\" data-widget_type=\"facebook-embed.default\">\n\t\t\t\t\t<div style=\"min-height: 1px\" class=\"elementor-facebook-widget fb-video\" data-href=\"https:\/\/www.facebook.com\/RoberthEOrozco\/videos\/771263121133103\" data-show-text=\"false\" data-allowfullscreen=\"false\" data-autoplay=\"false\" data-show-captions=\"false\"><\/div>\t\t\t\t<\/div>\n\t\t\t\t\t<\/div>\n\t\t<\/div>\n\t\t\t\t\t<\/div>\n\t\t<\/section>\n\t\t\t\t<section data-particle_enable=\"false\" data-particle-mobile-disabled=\"false\" class=\"elementor-section elementor-top-section elementor-element elementor-element-17dd309 elementor-section-boxed elementor-section-height-default elementor-section-height-default\" data-id=\"17dd309\" data-element_type=\"section\" data-e-type=\"section\">\n\t\t\t\t\t\t<div class=\"elementor-container elementor-column-gap-default\">\n\t\t\t\t\t<div class=\"elementor-column elementor-col-100 elementor-top-column elementor-element elementor-element-968d90e\" data-id=\"968d90e\" data-element_type=\"column\" data-e-type=\"column\">\n\t\t\t<div class=\"elementor-widget-wrap elementor-element-populated\">\n\t\t\t\t\t\t<div class=\"elementor-element elementor-element-334d085 elementor-widget elementor-widget-heading\" data-id=\"334d085\" data-element_type=\"widget\" data-e-type=\"widget\" data-widget_type=\"heading.default\">\n\t\t\t\t\t<h2 class=\"elementor-heading-title elementor-size-default\">Tambi\u00e9n podr\u00eda interesarte<\/h2>\t\t\t\t<\/div>\n\t\t\t\t\t<\/div>\n\t\t<\/div>\n\t\t\t\t\t<\/div>\n\t\t<\/section>\n\t\t\t\t<section data-particle_enable=\"false\" data-particle-mobile-disabled=\"false\" class=\"elementor-section elementor-top-section elementor-element elementor-element-0705cdc elementor-section-boxed elementor-section-height-default elementor-section-height-default\" data-id=\"0705cdc\" data-element_type=\"section\" data-e-type=\"section\">\n\t\t\t\t\t\t<div class=\"elementor-container elementor-column-gap-default\">\n\t\t\t\t\t<div class=\"elementor-column elementor-col-100 elementor-top-column elementor-element elementor-element-567d3ab\" data-id=\"567d3ab\" data-element_type=\"column\" data-e-type=\"column\">\n\t\t\t<div class=\"elementor-widget-wrap elementor-element-populated\">\n\t\t\t\t\t\t<div class=\"elementor-element elementor-element-b14bb90 elementor-widget elementor-widget-blfe-post-grid\" data-id=\"b14bb90\" data-element_type=\"widget\" data-e-type=\"widget\" data-settings=\"{&quot;columns&quot;:&quot;3&quot;,&quot;columns_tablet&quot;:&quot;6&quot;,&quot;columns_mobile&quot;:&quot;12&quot;,&quot;classic1_layout_column_gap&quot;:{&quot;unit&quot;:&quot;px&quot;,&quot;size&quot;:30,&quot;sizes&quot;:[]},&quot;classic1_layout_column_gap_tablet&quot;:{&quot;unit&quot;:&quot;px&quot;,&quot;size&quot;:&quot;&quot;,&quot;sizes&quot;:[]},&quot;classic1_layout_column_gap_mobile&quot;:{&quot;unit&quot;:&quot;px&quot;,&quot;size&quot;:&quot;&quot;,&quot;sizes&quot;:[]},&quot;classic1_layout_row_gap&quot;:{&quot;unit&quot;:&quot;px&quot;,&quot;size&quot;:30,&quot;sizes&quot;:[]},&quot;classic1_layout_row_gap_tablet&quot;:{&quot;unit&quot;:&quot;px&quot;,&quot;size&quot;:&quot;&quot;,&quot;sizes&quot;:[]},&quot;classic1_layout_row_gap_mobile&quot;:{&quot;unit&quot;:&quot;px&quot;,&quot;size&quot;:&quot;&quot;,&quot;sizes&quot;:[]}}\" data-widget_type=\"blfe-post-grid.classic1\">\n\t\t\t\t<div class=\"elementor-widget-container\">\n\t\t\t\t\t\n                        <div class=\"blfe-post-grid-container \">\n            \n                <div data-skin=\"classic1\" class=\"blfe-row blfe-posts-inner blfe-classic1 blfe-posts-inner blfe-col-3 blfe-col-tab-6 blfe-col-mob-12     \">\n                            <div class=\"blfe-post-grid-item \">\n            <div class=\"blfe-post-grid-item-inner blfe-modern-zoom\">\n                <a class=\"blfe-post-grid-image\" href=\"https:\/\/soymigrante.com\/revista\/cuando-surgio-el-poema-de-la-jura-a-la-bandera-y-quien-es-su-autor\/\" title=\"\u00bfCu\u00e1ndo surgi\u00f3 el poema de la Jura a la Bandera y qui\u00e9n es su autor?\" rel=\"nofollow\" target=\"_blank\"><img decoding=\"async\" src=\"https:\/\/soymigrante.com\/revista\/wp-content\/uploads\/2025\/09\/jura-a-la-bandera-alberto-velasquez-gunther.png\" alt=\"\u00bfCu\u00e1ndo surgi\u00f3 el poema de la Jura a la Bandera y qui\u00e9n es su autor?\"\/><\/a>                <span class=\"blfe-post-category\"><a href=\"https:\/\/soymigrante.com\/revista\/category\/guate-nuestra\/\">Guate Nuestra<\/a><\/span>                <div class=\"blfe-post-grid-details\">\n                    <div class=\"blfe-post-grid-details-inner\">\n                        <h3 class=\"blfe-post-grid-title\">\n            <a href=\"https:\/\/soymigrante.com\/revista\/cuando-surgio-el-poema-de-la-jura-a-la-bandera-y-quien-es-su-autor\/\" title=\"\u00bfCu\u00e1ndo surgi\u00f3 el poema de la Jura a la Bandera y qui\u00e9n es su autor?\" rel=\"nofollow\" target=\"_blank\">\u00bfCu\u00e1ndo surgi\u00f3 el poema de la Jura a la Bandera y qui\u00e9n es su autor?<\/a>\n            <\/h3>                        <p class=\"blfe-post-grid-excerpt\">\u00bfTe sorprender\u00edas si te decimos que la Jura a la Bandera surgi\u00f3 hace ocho d\u00e9cadas? Su autor es el poeta...<\/p>                                    <div class=\"blfe-post-grid-meta\">\n                <span class=\"blfe-post-grid-time\"><i class=\"fas fa-book-reader\"><\/i>4 Min read<\/span>            <\/div>\n                                                        <\/div>\n                <\/div>\n\n            <\/div>\n        <\/div>\n                <div class=\"blfe-post-grid-item \">\n            <div class=\"blfe-post-grid-item-inner blfe-modern-zoom\">\n                <a class=\"blfe-post-grid-image\" href=\"https:\/\/soymigrante.com\/revista\/guia-de-los-7-simbolos-patrios-de-guatemala-origen-fechas-y-mas\/\" title=\"Gu\u00eda de los 7 S\u00edmbolos Patrios de Guatemala: origen, fechas y m\u00e1s\" rel=\"nofollow\" target=\"_blank\"><img decoding=\"async\" src=\"https:\/\/soymigrante.com\/revista\/wp-content\/uploads\/2025\/08\/migrantes-guatemaltecos-quetzal-fotografia-marcos-zarate.webp\" alt=\"Gu\u00eda de los 7 S\u00edmbolos Patrios de Guatemala: origen, fechas y m\u00e1s\"\/><\/a>                <span class=\"blfe-post-category\"><a href=\"https:\/\/soymigrante.com\/revista\/category\/guate-nuestra\/simbolos-patrios-guate-nuestra\/\">S\u00edmbolos patrios<\/a><\/span>                <div class=\"blfe-post-grid-details\">\n                    <div class=\"blfe-post-grid-details-inner\">\n                        <h3 class=\"blfe-post-grid-title\">\n            <a href=\"https:\/\/soymigrante.com\/revista\/guia-de-los-7-simbolos-patrios-de-guatemala-origen-fechas-y-mas\/\" title=\"Gu\u00eda de los 7 S\u00edmbolos Patrios de Guatemala: origen, fechas y m\u00e1s\" rel=\"nofollow\" target=\"_blank\">Gu\u00eda de los 7 S\u00edmbolos Patrios de Guatemala: origen, fechas y m\u00e1s<\/a>\n            <\/h3>                        <p class=\"blfe-post-grid-excerpt\">Con motivo de las Fiestas Patrias en Septiembre, los s\u00edmbolos nacionales cobran nueva vida en carteles, uniformes, trabajos escolares y...<\/p>                                    <div class=\"blfe-post-grid-meta\">\n                <span class=\"blfe-post-grid-time\"><i class=\"fas fa-book-reader\"><\/i>3 Min read<\/span>            <\/div>\n                                                        <\/div>\n                <\/div>\n\n            <\/div>\n        <\/div>\n                <div class=\"blfe-post-grid-item \">\n            <div class=\"blfe-post-grid-item-inner blfe-modern-zoom\">\n                <a class=\"blfe-post-grid-image\" href=\"https:\/\/soymigrante.com\/revista\/estreno-del-himno-nacional-de-guatemala-en-1897-fue-revivido-en-el-conservatorio-de-musica-escuchalo\/\" title=\"Estreno del Himno Nacional de Guatemala en 1897 fue revivido en el Conservatorio de M\u00fasica \u00a1Esc\u00fachalo!\" rel=\"nofollow\" target=\"_blank\"><img decoding=\"async\" src=\"https:\/\/soymigrante.com\/revista\/wp-content\/uploads\/2025\/03\/recreacoin-estreno-himno-nacional.webp\" alt=\"Estreno del Himno Nacional de Guatemala en 1897 fue revivido en el Conservatorio de M\u00fasica \u00a1Esc\u00fachalo!\"\/><\/a>                <span class=\"blfe-post-category\"><a href=\"https:\/\/soymigrante.com\/revista\/category\/guate-nuestra\/simbolos-patrios-guate-nuestra\/\">S\u00edmbolos patrios<\/a><\/span>                <div class=\"blfe-post-grid-details\">\n                    <div class=\"blfe-post-grid-details-inner\">\n                        <h3 class=\"blfe-post-grid-title\">\n            <a href=\"https:\/\/soymigrante.com\/revista\/estreno-del-himno-nacional-de-guatemala-en-1897-fue-revivido-en-el-conservatorio-de-musica-escuchalo\/\" title=\"Estreno del Himno Nacional de Guatemala en 1897 fue revivido en el Conservatorio de M\u00fasica \u00a1Esc\u00fachalo!\" rel=\"nofollow\" target=\"_blank\">Estreno del Himno Nacional de Guatemala en 1897 fue revivido en el Conservatorio de M\u00fasica \u00a1Esc\u00fachalo!<\/a>\n            <\/h3>                        <p class=\"blfe-post-grid-excerpt\">Si eres guatemalteco seguro te has preguntado \u00bfC\u00f3mo son\u00f3 el Himno Nacional de Guatemala en su estreno aquel 14 de...<\/p>                                    <div class=\"blfe-post-grid-meta\">\n                <span class=\"blfe-post-grid-time\"><i class=\"fas fa-book-reader\"><\/i>3 Min read<\/span>            <\/div>\n                                                        <\/div>\n                <\/div>\n\n            <\/div>\n        <\/div>\n                        <\/div>\n\n                        <\/div>\n            \n                        <div class=\"blfe-post-footer\">\n                        <\/div>\n            \t\t\t\t<\/div>\n\t\t\t\t<\/div>\n\t\t\t\t\t<\/div>\n\t\t<\/div>\n\t\t\t\t\t<\/div>\n\t\t<\/section>\n\t\t\t\t<\/div>\n\t\t","protected":false},"excerpt":{"rendered":"<p>Originario de San Mart\u00edn Sacatep\u00e9quez, Quetzaltenango Roberth Orozco interpreta en marimba temas populares de m\u00faltiples g\u00e9neros y siempre le llegan nuevas peticiones, incluso de migrantes. Su nombre completo es Marlon Roberto Estrada Orozco y es originario de San Mart\u00edn Sacatep\u00e9quez, tambi\u00e9n llamado San Mart\u00edn Chile Verde, Quetzaltenango. Es ,marimbista y licenciado en m\u00fasica.\u00a0 Tiene 23 [&hellip;]<\/p>\n","protected":false},"author":14,"featured_media":5281,"comment_status":"open","ping_status":"open","sticky":false,"template":"","format":"standard","meta":{"_acf_changed":false,"_eb_attr":"","footnotes":""},"categories":[58],"tags":[],"class_list":["post-5274","post","type-post","status-publish","format-standard","has-post-thumbnail","hentry","category-guate-nuestra"],"acf":[],"aioseo_notices":[],"aioseo_head":"\n\t\t<!-- All in One SEO Pro 4.9.6.2 - aioseo.com -->\n\t<meta name=\"description\" content=\"En 1897 se estren\u00f3 el Himno Nacional de Guatemala. Lo cant\u00f3 el coro del Conservatorio y la Banda Marcial. Estudiantes y maestros reviven aquella ocasi\u00f3n \u00a1Escuchalo!\" \/>\n\t<meta name=\"robots\" content=\"max-snippet:-1, max-image-preview:large, max-video-preview:-1\" \/>\n\t<meta name=\"author\" content=\"Gustavo Montenegro\"\/>\n\t<link rel=\"canonical\" href=\"https:\/\/soymigrante.com\/revista\/estreno-del-himno-nacional-de-guatemala-en-1897-fue-revivido-en-el-conservatorio-de-musica-escuchalo\/\" \/>\n\t<meta name=\"generator\" content=\"All in One SEO Pro (AIOSEO) 4.9.6.2\" \/>\n\n\t\t<link rel=\"preconnect\" href=\"https:\/\/fonts.googleapis.com\" crossorigin>\n<link rel=\"preconnect\" href=\"https:\/\/fonts.gstatic.com\" crossorigin>\n\t\t<meta property=\"og:locale\" content=\"es_ES\" \/>\n\t\t<meta property=\"og:site_name\" content=\"SoyMigrante.com REVISTA \u2013 Nuestra misi\u00f3n es reconocer y dignificar al migrante.\" \/>\n\t\t<meta property=\"og:type\" content=\"article\" \/>\n\t\t<meta property=\"og:title\" content=\"Estudiantes recrean estreno de Himno Nacional de Guatemala \u00a1Oye!\" \/>\n\t\t<meta property=\"og:description\" content=\"En 1897 se estren\u00f3 el Himno Nacional de Guatemala. Lo cant\u00f3 el coro del Conservatorio y la Banda Marcial. Estudiantes y maestros reviven aquella ocasi\u00f3n \u00a1Escuchalo!\" \/>\n\t\t<meta property=\"og:url\" content=\"https:\/\/soymigrante.com\/revista\/estreno-del-himno-nacional-de-guatemala-en-1897-fue-revivido-en-el-conservatorio-de-musica-escuchalo\/\" \/>\n\t\t<meta property=\"og:image\" content=\"https:\/\/soymigrante.com\/revista\/wp-content\/uploads\/2025\/03\/recreacoin-estreno-himno-nacional.webp\" \/>\n\t\t<meta property=\"og:image:secure_url\" content=\"https:\/\/soymigrante.com\/revista\/wp-content\/uploads\/2025\/03\/recreacoin-estreno-himno-nacional.webp\" \/>\n\t\t<meta property=\"og:image:width\" content=\"425\" \/>\n\t\t<meta property=\"og:image:height\" content=\"422\" \/>\n\t\t<meta property=\"article:published_time\" content=\"2025-03-13T16:47:31+00:00\" \/>\n\t\t<meta property=\"article:modified_time\" content=\"2025-09-10T19:19:31+00:00\" \/>\n\t\t<meta property=\"article:publisher\" content=\"https:\/\/www.facebook.com\/soymigrantecom\" \/>\n\t\t<meta name=\"twitter:card\" content=\"summary_large_image\" \/>\n\t\t<meta name=\"twitter:site\" content=\"@SoyMigrante_com\" \/>\n\t\t<meta name=\"twitter:title\" content=\"Estudiantes recrean estreno de Himno Nacional de Guatemala \u00a1Oye!\" \/>\n\t\t<meta name=\"twitter:description\" content=\"En 1897 se estren\u00f3 el Himno Nacional de Guatemala. Lo cant\u00f3 el coro del Conservatorio y la Banda Marcial. Estudiantes y maestros reviven aquella ocasi\u00f3n \u00a1Escuchalo!\" \/>\n\t\t<meta name=\"twitter:creator\" content=\"@SoyMigrante_com\" \/>\n\t\t<meta name=\"twitter:image\" content=\"https:\/\/soymigrante.com\/revista\/wp-content\/uploads\/2025\/03\/recreacoin-estreno-himno-nacional.webp\" \/>\n\t\t<!-- All in One SEO Pro -->\r\n\t\t<title>Estudiantes recrean estreno de Himno Nacional de Guatemala \u00a1Oye!<\/title>\n\n","aioseo_head_json":{"title":"Estudiantes recrean estreno de Himno Nacional de Guatemala \u00a1Oye!","description":"En 1897 se estren\u00f3 el Himno Nacional de Guatemala. Lo cant\u00f3 el coro del Conservatorio y la Banda Marcial. Estudiantes y maestros reviven aquella ocasi\u00f3n \u00a1Escuchalo!","canonical_url":"https:\/\/soymigrante.com\/revista\/estreno-del-himno-nacional-de-guatemala-en-1897-fue-revivido-en-el-conservatorio-de-musica-escuchalo\/","robots":"max-snippet:-1, max-image-preview:large, max-video-preview:-1","keywords":"","webmasterTools":{"miscellaneous":"&lt;link rel=\"preconnect\" href=\"https:\/\/fonts.googleapis.com\" crossorigin&gt;\n&lt;link rel=\"preconnect\" href=\"https:\/\/fonts.gstatic.com\" crossorigin&gt;"},"schema":null,"og:locale":"es_ES","og:site_name":"SoyMigrante.com REVISTA \u2013 Nuestra misi\u00f3n es reconocer y dignificar al migrante.","og:type":"article","og:title":"Estudiantes recrean estreno de Himno Nacional de Guatemala \u00a1Oye!","og:description":"En 1897 se estren\u00f3 el Himno Nacional de Guatemala. Lo cant\u00f3 el coro del Conservatorio y la Banda Marcial. Estudiantes y maestros reviven aquella ocasi\u00f3n \u00a1Escuchalo!","og:url":"https:\/\/soymigrante.com\/revista\/estreno-del-himno-nacional-de-guatemala-en-1897-fue-revivido-en-el-conservatorio-de-musica-escuchalo\/","og:image":"https:\/\/soymigrante.com\/revista\/wp-content\/uploads\/2025\/03\/recreacoin-estreno-himno-nacional.webp","og:image:secure_url":"https:\/\/soymigrante.com\/revista\/wp-content\/uploads\/2025\/03\/recreacoin-estreno-himno-nacional.webp","og:image:width":425,"og:image:height":422,"article:published_time":"2025-03-13T16:47:31+00:00","article:modified_time":"2025-09-10T19:19:31+00:00","article:publisher":"https:\/\/www.facebook.com\/soymigrantecom","twitter:card":"summary_large_image","twitter:site":"@SoyMigrante_com","twitter:title":"Estudiantes recrean estreno de Himno Nacional de Guatemala \u00a1Oye!","twitter:description":"En 1897 se estren\u00f3 el Himno Nacional de Guatemala. Lo cant\u00f3 el coro del Conservatorio y la Banda Marcial. Estudiantes y maestros reviven aquella ocasi\u00f3n \u00a1Escuchalo!","twitter:creator":"@SoyMigrante_com","twitter:image":"https:\/\/soymigrante.com\/revista\/wp-content\/uploads\/2025\/03\/recreacoin-estreno-himno-nacional.webp"},"aioseo_meta_data":{"post_id":"5274","title":null,"description":"#post_excerpt Roberto Estrada originario de Quetzaltenango y conocido en redes sociales como Roberth Orozco utiliza las redes sociales para promover la marimba.","keywords":[],"keyphrases":{"focus":{"keyphrase":"marimba","score":91,"analysis":{"keyphraseInTitle":{"score":9,"maxScore":9,"error":0},"keyphraseInDescription":{"score":9,"maxScore":9,"error":0},"keyphraseLength":{"score":9,"maxScore":9,"error":0,"length":1},"keyphraseInURL":{"score":5,"maxScore":5,"error":0},"keyphraseInIntroduction":{"score":3,"maxScore":9,"error":1},"keyphraseInSubHeadings":{"score":9,"maxScore":9,"error":0},"keyphraseInImageAlt":{"score":9,"maxScore":9,"error":0},"keywordDensity":{"type":"best","score":9,"maxScore":9,"error":0}}},"additional":[]},"primary_term":null,"canonical_url":null,"og_title":null,"og_description":null,"og_object_type":"default","og_image_type":"default","og_image_url":null,"og_image_width":null,"og_image_height":null,"og_image_custom_url":null,"og_image_custom_fields":null,"og_video":"","og_custom_url":null,"og_article_section":null,"og_article_tags":[],"twitter_use_og":false,"twitter_card":"default","twitter_image_type":"default","twitter_image_url":null,"twitter_image_custom_url":null,"twitter_image_custom_fields":null,"twitter_title":null,"twitter_description":null,"schema":{"blockGraphs":[],"customGraphs":[],"default":{"data":{"Article":[],"Course":[],"Dataset":[],"FAQPage":[],"Movie":[],"Person":[],"Product":[],"ProductReview":[],"Car":[],"Recipe":[],"Service":[],"SoftwareApplication":[],"WebPage":[]},"graphName":"BlogPosting","isEnabled":true},"graphs":[]},"schema_type":"default","schema_type_options":null,"pillar_content":false,"robots_default":true,"robots_noindex":false,"robots_noarchive":false,"robots_nosnippet":false,"robots_nofollow":false,"robots_noimageindex":false,"robots_noodp":false,"robots_notranslate":false,"robots_max_snippet":"-1","robots_max_videopreview":"-1","robots_max_imagepreview":"large","priority":null,"frequency":"default","local_seo":null,"seo_analyzer_scan_date":"2025-10-08 21:21:47","breadcrumb_settings":null,"limit_modified_date":false,"reviewed_by":null,"open_ai":null,"ai":null,"created":"2024-03-08 18:41:32","updated":"2026-02-04 10:56:08"},"aioseo_breadcrumb":"<div class=\"aioseo-breadcrumbs\"><span class=\"aioseo-breadcrumb\">\n\t<a href=\"https:\/\/soymigrante.com\/revista\" title=\"Home\">Home<\/a>\n<\/span><span class=\"aioseo-breadcrumb-separator\">\u00bb<\/span><span class=\"aioseo-breadcrumb\">\n\t<a href=\"https:\/\/soymigrante.com\/revista\/category\/guate-nuestra\/\" title=\"Guate Nuestra\">Guate Nuestra<\/a>\n<\/span><span class=\"aioseo-breadcrumb-separator\">\u00bb<\/span><span class=\"aioseo-breadcrumb\">\n\tRoberth Orozco sue\u00f1a con interpretar su marimba ante migrantes\n<\/span><\/div>","aioseo_breadcrumb_json":[{"label":"Home","link":"https:\/\/soymigrante.com\/revista"},{"label":"Guate Nuestra","link":"https:\/\/soymigrante.com\/revista\/category\/guate-nuestra\/"},{"label":"Roberth Orozco sue\u00f1a con interpretar su marimba ante migrantes","link":"https:\/\/soymigrante.com\/revista\/marimba-de-guatemala-roberth-orozco-musico-quetzaltenango\/"}],"_links":{"self":[{"href":"https:\/\/soymigrante.com\/revista\/wp-json\/wp\/v2\/posts\/5274","targetHints":{"allow":["GET"]}}],"collection":[{"href":"https:\/\/soymigrante.com\/revista\/wp-json\/wp\/v2\/posts"}],"about":[{"href":"https:\/\/soymigrante.com\/revista\/wp-json\/wp\/v2\/types\/post"}],"author":[{"embeddable":true,"href":"https:\/\/soymigrante.com\/revista\/wp-json\/wp\/v2\/users\/14"}],"replies":[{"embeddable":true,"href":"https:\/\/soymigrante.com\/revista\/wp-json\/wp\/v2\/comments?post=5274"}],"version-history":[{"count":0,"href":"https:\/\/soymigrante.com\/revista\/wp-json\/wp\/v2\/posts\/5274\/revisions"}],"wp:featuredmedia":[{"embeddable":true,"href":"https:\/\/soymigrante.com\/revista\/wp-json\/wp\/v2\/media\/5281"}],"wp:attachment":[{"href":"https:\/\/soymigrante.com\/revista\/wp-json\/wp\/v2\/media?parent=5274"}],"wp:term":[{"taxonomy":"category","embeddable":true,"href":"https:\/\/soymigrante.com\/revista\/wp-json\/wp\/v2\/categories?post=5274"},{"taxonomy":"post_tag","embeddable":true,"href":"https:\/\/soymigrante.com\/revista\/wp-json\/wp\/v2\/tags?post=5274"}],"curies":[{"name":"wp","href":"https:\/\/api.w.org\/{rel}","templated":true}]}}