{"id":52579,"date":"2026-02-17T11:11:03","date_gmt":"2026-02-17T17:11:03","guid":{"rendered":"https:\/\/soymigrante.com\/revista\/?p=52579"},"modified":"2026-02-17T11:11:13","modified_gmt":"2026-02-17T17:11:13","slug":"aumentan-los-recursos-de-habeas-corpus-ante-cortes-federales-por-detencion-de-migrantes","status":"publish","type":"post","link":"https:\/\/soymigrante.com\/revista\/aumentan-los-recursos-de-habeas-corpus-ante-cortes-federales-por-detencion-de-migrantes\/","title":{"rendered":"Aumentan los recursos de Habeas Corpus ante cortes federales por detenci\u00f3n de migrantes"},"content":{"rendered":"\t\t<div data-elementor-type=\"wp-post\" data-elementor-id=\"52579\" class=\"elementor elementor-52579\" data-elementor-post-type=\"post\">\n\t\t\t\t<div data-particle_enable=\"false\" data-particle-mobile-disabled=\"false\" class=\"elementor-element elementor-element-e0df37a e-flex e-con-boxed e-con e-parent\" data-id=\"e0df37a\" data-element_type=\"container\" data-e-type=\"container\">\n\t\t\t\t\t<div class=\"e-con-inner\">\n\t\t\t\t<div class=\"elementor-element elementor-element-f7c8229 elementor-widget elementor-widget-heading\" data-id=\"f7c8229\" data-element_type=\"widget\" data-e-type=\"widget\" data-widget_type=\"heading.default\">\n\t\t\t\t\t<h3 class=\"elementor-heading-title elementor-size-default\">M\u00e1s de 18 mil migrantes detenidos impugnan su detenci\u00f3n en tribunales federales a trav\u00e9s del recurso Habeas Corpus, interpuesto por sus abogados. \u00bfQu\u00e9 es y c\u00f3mo funciona? Te lo contamos<\/h3>\t\t\t\t<\/div>\n\t\t\t\t\t<\/div>\n\t\t\t\t<\/div>\n\t\t<div data-particle_enable=\"false\" data-particle-mobile-disabled=\"false\" class=\"elementor-element elementor-element-cd7a067 e-flex e-con-boxed e-con e-parent\" data-id=\"cd7a067\" data-element_type=\"container\" data-e-type=\"container\">\n\t\t\t\t\t<div class=\"e-con-inner\">\n\t\t\t\t<div class=\"elementor-element elementor-element-70f96fa elementor-widget elementor-widget-text-editor\" data-id=\"70f96fa\" data-element_type=\"widget\" data-e-type=\"widget\" data-widget_type=\"text-editor.default\">\n\t\t\t\t\t\t\t\t\t<p data-start=\"223\" data-end=\"558\">El recurso de <span data-start=\"237\" data-end=\"254\"><a href=\"https:\/\/es.wikipedia.org\/wiki\/Habeas_corpus\">habeas corpus<\/a> (o exhibici\u00f3n de la persona)<\/span>, considerado el instrumento fundamental para proteger l<a href=\"https:\/\/soymigrante.com\/revista\/todo-migrante-tiene-derechos-la-union-americana-de-libertades-civiles-recomienda\/\">a libertad individual frente a detenciones arbitrarias<\/a> del Estado, ha experimentado un crecimiento hist\u00f3rico en Estados Unidos en medio del endurecimiento de las pol\u00edticas migratorias y la expansi\u00f3n de la detenci\u00f3n obligatoria sin derecho a fianza. El sitio Law.Com estima que en el \u00faltimo a\u00f1o se han multiplicado 1500% las solicitudes.<\/p><p data-start=\"560\" data-end=\"1079\">De acuerdo con un an\u00e1lisis reciente de ProPublica, m\u00e1s de <span data-start=\"618\" data-end=\"705\">18,000 migrantes detenidos han presentado, a trav\u00e9s de sus <a href=\"https:\/\/soymigrante.com\/revista\/como-hallar-un-abogado-experto-en-migracion-aila-puede-ser-de-utilidad\/\">abogados<\/a>, recursos de habeas corpus en tribunales federales<\/span>, alegando que su encarcelamiento es ilegal.<\/p><p data-start=\"560\" data-end=\"1079\">La cifra supera el total de peticiones presentadas durante las tres administraciones presidenciales anteriores combinadas, incluido el primer mandato de Donald Trump. En promedio, <span data-start=\"924\" data-end=\"952\">m\u00e1s de 200 casos diarios<\/span> se est\u00e1n interponiendo este a\u00f1o, principalmente en California y Texas, que concentran cerca del 40% de los nuevos expedientes.<\/p><p data-start=\"1081\" data-end=\"1260\">\u201cNo recuerdo un momento en que algo as\u00ed haya ocurrido\u201d, declar\u00f3 Daniel Caudillo, director de la Cl\u00ednica de Derecho Migratorio de la Universidad Texas Tech y exjuez de inmigraci\u00f3n.<\/p>\t\t\t\t\t\t\t\t<\/div>\n\t\t\t\t\t<\/div>\n\t\t\t\t<\/div>\n\t\t<div data-particle_enable=\"false\" data-particle-mobile-disabled=\"false\" class=\"elementor-element elementor-element-4ae434e e-flex e-con-boxed e-con e-parent\" data-id=\"4ae434e\" data-element_type=\"container\" data-e-type=\"container\">\n\t\t\t\t\t<div class=\"e-con-inner\">\n\t\t\t\t<div class=\"elementor-element elementor-element-205e0f8 elementor-widget elementor-widget-image\" data-id=\"205e0f8\" data-element_type=\"widget\" data-e-type=\"widget\" data-widget_type=\"image.default\">\n\t\t\t\t\t\t\t\t\t\t\t\t<figure class=\"wp-caption\">\n\t\t\t\t\t\t\t\t\t\t<img fetchpriority=\"high\" decoding=\"async\" width=\"690\" height=\"639\" src=\"https:\/\/soymigrante.com\/revista\/wp-content\/uploads\/2026\/02\/Captura-de-pantalla-2026-02-17-092527.png\" class=\"attachment-large size-large wp-image-52590\" alt=\"La detenciones de migrantes indocumentados sin ning\u00fan r\u00e9cord criminal han acarreado la divisi\u00f3n de familias y el desamparo de muchos hijos estadounidenses.\" srcset=\"https:\/\/soymigrante.com\/revista\/wp-content\/uploads\/2026\/02\/Captura-de-pantalla-2026-02-17-092527.png 690w, https:\/\/soymigrante.com\/revista\/wp-content\/uploads\/2026\/02\/Captura-de-pantalla-2026-02-17-092527-300x278.png 300w\" sizes=\"(max-width: 690px) 100vw, 690px\" title=\"La detenciones de migrantes indocumentados sin ning\u00fan r\u00e9cord criminal han acarreado la divisi\u00f3n de familias y el desamparo de muchos hijos estadounidenses. \u2013 SoyMigrante.com REVISTA\" \/>\t\t\t\t\t\t\t\t\t\t\t<figcaption class=\"widget-image-caption wp-caption-text\">La detenciones de migrantes indocumentados sin ning\u00fan r\u00e9cord criminal han acarreado la divisi\u00f3n de familias y el desamparo de muchos hijos estadounidenses. <\/figcaption>\n\t\t\t\t\t\t\t\t\t\t<\/figure>\n\t\t\t\t\t\t\t\t\t<\/div>\n\t\t\t\t\t<\/div>\n\t\t\t\t<\/div>\n\t\t<div data-particle_enable=\"false\" data-particle-mobile-disabled=\"false\" class=\"elementor-element elementor-element-3710e31 e-flex e-con-boxed e-con e-parent\" data-id=\"3710e31\" data-element_type=\"container\" data-e-type=\"container\">\n\t\t\t\t\t<div class=\"e-con-inner\">\n\t\t\t\t<div class=\"elementor-element elementor-element-dd4db3d elementor-widget elementor-widget-heading\" data-id=\"dd4db3d\" data-element_type=\"widget\" data-e-type=\"widget\" data-widget_type=\"heading.default\">\n\t\t\t\t\t<h3 class=\"elementor-heading-title elementor-size-default\">\u00bfQu\u00e9 es el Habeas Corpus y por qu\u00e9 puede ser de ayuda en ciertos casos de migraci\u00f3n?<\/h3>\t\t\t\t<\/div>\n\t\t\t\t\t<\/div>\n\t\t\t\t<\/div>\n\t\t<div data-particle_enable=\"false\" data-particle-mobile-disabled=\"false\" class=\"elementor-element elementor-element-e529cb1 e-flex e-con-boxed e-con e-parent\" data-id=\"e529cb1\" data-element_type=\"container\" data-e-type=\"container\">\n\t\t\t\t\t<div class=\"e-con-inner\">\n\t\t\t\t<div class=\"elementor-element elementor-element-beae693 elementor-widget elementor-widget-text-editor\" data-id=\"beae693\" data-element_type=\"widget\" data-e-type=\"widget\" data-widget_type=\"text-editor.default\">\n\t\t\t\t\t\t\t\t\t<p>El <a href=\"https:\/\/es.wikipedia.org\/wiki\/Habeas_corpus\">habeas corpus <\/a>\u2014expresi\u00f3n latina que significa \u201ctener el cuerpo\u201d\u2014 es una garant\u00eda constitucional consagrada en la&nbsp; Constituci\u00f3n estadounidense. En t\u00e9rminos pr\u00e1cticos, permite a una persona detenida pedir a un juez federal que revise si su encarcelamiento viola l<a href=\"https:\/\/www.state.gov\/wp-content\/uploads\/2020\/05\/SPA-Constiution.pdf\">a Constituci\u00f3n<\/a>, las leyes o los tratados de Estados Unidos.&nbsp;<\/p>\n<p data-start=\"1859\" data-end=\"1931\">Hist\u00f3ricamente, en materia migratoria, el habeas corpus ha servido para:<\/p>\n<ul>\n<li>Impugnar detenciones prolongadas.<\/li>\n<li>Cuestionar la interpretaci\u00f3n de leyes de inmigraci\u00f3n.<\/li>\n<li>Reclamar violaciones al debido proceso.<\/li>\n<li>Revisar la legalidad de la detenci\u00f3n aun cuando exista orden administrativa.<\/li>\n<\/ul>\n<p data-start=\"2147\" data-end=\"2217\">La propia Corte Suprema ha reafirmado su vigencia en casos clave como:<\/p>\n<ul data-start=\"2219\" data-end=\"2597\">\n<li data-start=\"2219\" data-end=\"2332\">\n<p data-start=\"2221\" data-end=\"2332\"><span data-start=\"2221\" data-end=\"2262\">Zadvydas v. Davis<\/span> (2001): limit\u00f3 la detenci\u00f3n indefinida tras una orden de deportaci\u00f3n.<\/p>\n<\/li>\n<li data-start=\"2333\" data-end=\"2490\">\n<p data-start=\"2335\" data-end=\"2490\"><span data-start=\"2335\" data-end=\"2376\">Demore v. Kim<\/span> (2003): aval\u00f3 la detenci\u00f3n obligatoria previa a la deportaci\u00f3n, pero reconoci\u00f3 la v\u00eda del habeas para impugnarla.<\/p>\n<\/li>\n<li data-start=\"2491\" data-end=\"2597\">\n<p data-start=\"2493\" data-end=\"2597\"><span data-start=\"2493\" data-end=\"2534\">Clark v. Martinez<\/span> (2005): extendi\u00f3 la protecci\u00f3n contra detenciones indefinidas.<\/p>\n<\/li>\n<\/ul>\t\t\t\t\t\t\t\t<\/div>\n\t\t\t\t\t<\/div>\n\t\t\t\t<\/div>\n\t\t<div data-particle_enable=\"false\" data-particle-mobile-disabled=\"false\" class=\"elementor-element elementor-element-65f433b e-flex e-con-boxed e-con e-parent\" data-id=\"65f433b\" data-element_type=\"container\" data-e-type=\"container\">\n\t\t\t\t\t<div class=\"e-con-inner\">\n\t\t\t\t<div class=\"elementor-element elementor-element-6d30760 elementor-grid-eael-col-1 elementor-grid-tablet-eael-col-2 elementor-grid-mobile-eael-col-1 elementor-widget elementor-widget-eael-post-grid\" data-id=\"6d30760\" data-element_type=\"widget\" data-e-type=\"widget\" data-settings=\"{&quot;eael_post_grid_columns&quot;:&quot;eael-col-1&quot;,&quot;eael_post_grid_columns_tablet&quot;:&quot;eael-col-2&quot;,&quot;eael_post_grid_columns_mobile&quot;:&quot;eael-col-1&quot;}\" data-widget_type=\"eael-post-grid.default\">\n\t\t\t\t\t<div id=\"eael-post-grid-6d30760\" class=\"eael-post-grid-container\">\n            <div class=\"eael-post-grid eael-post-appender eael-post-appender-6d30760 eael-post-grid-style-one\" data-layout-mode=\"masonry\"><article class=\"eael-grid-post  eael-post-grid-column eael-pg-post-50569 category-noticias\" data-id=\"50569\">\n        <div class=\"eael-grid-post-holder\">\n            <div class=\"eael-grid-post-holder-inner\"><div class=\"eael-entry-media\"><div class=\"eael-entry-overlay fade-in\"><i class=\"far fa-hand-pointer\" aria-hidden=\"true\"><\/i><a href=\"https:\/\/soymigrante.com\/revista\/crecimiento-record-de-la-detencion-migratoria-en-2025-la-mayoria-sin-record-criminal-senala-migration-policy-institute\/\"><\/a><\/div><div class=\"eael-entry-thumbnail eael-image-ratio\">\n                <img decoding=\"async\" width=\"964\" height=\"964\" src=\"https:\/\/soymigrante.com\/revista\/wp-content\/uploads\/2026\/01\/detencion-migratoria.png\" class=\"attachment-large size-large wp-image-50570\" alt=\"detencion migratoria\" srcset=\"https:\/\/soymigrante.com\/revista\/wp-content\/uploads\/2026\/01\/detencion-migratoria.png 964w, https:\/\/soymigrante.com\/revista\/wp-content\/uploads\/2026\/01\/detencion-migratoria-300x300.png 300w, https:\/\/soymigrante.com\/revista\/wp-content\/uploads\/2026\/01\/detencion-migratoria-150x150.png 150w, https:\/\/soymigrante.com\/revista\/wp-content\/uploads\/2026\/01\/detencion-migratoria-768x768.png 768w, https:\/\/soymigrante.com\/revista\/wp-content\/uploads\/2026\/01\/detencion-migratoria-75x75.png 75w, https:\/\/soymigrante.com\/revista\/wp-content\/uploads\/2026\/01\/detencion-migratoria-750x750.png 750w\" sizes=\"(max-width: 964px) 100vw, 964px\" \/>\n            <\/div>\n        <\/div><div class=\"eael-entry-wrapper\"><header class=\"eael-entry-header\"><h2 class=\"eael-entry-title\"><a class=\"eael-grid-post-link\" href=\"https:\/\/soymigrante.com\/revista\/crecimiento-record-de-la-detencion-migratoria-en-2025-la-mayoria-sin-record-criminal-senala-migration-policy-institute\/\" title=\"Crecimiento r\u00e9cord de la detenci\u00f3n migratoria en 2025: la mayor\u00eda sin r\u00e9cord criminal, se\u00f1ala Migration Policy Institute\">Crecimiento r\u00e9cord de la detenci\u00f3n migratoria en 2025: la mayor\u00eda sin r\u00e9cord criminal, se\u00f1ala Migration Policy Institute<\/a><\/h2><\/header><div class=\"eael-entry-content\">\n                        <div class=\"eael-grid-post-excerpt\"><a href=\"https:\/\/soymigrante.com\/revista\/crecimiento-record-de-la-detencion-migratoria-en-2025-la-mayoria-sin-record-criminal-senala-migration-policy-institute\/\" class=\"eael-post-elements-readmore-btn\">CONOCE SU HISTORIA <\/a><\/div>\n                    <\/div><\/div><\/div>\n        <\/div>\n    <\/article><\/div>\n            <div class=\"clearfix\"><\/div>\n        <\/div>\t\t\t\t<\/div>\n\t\t\t\t\t<\/div>\n\t\t\t\t<\/div>\n\t\t<div data-particle_enable=\"false\" data-particle-mobile-disabled=\"false\" class=\"elementor-element elementor-element-7d8dfee e-flex e-con-boxed e-con e-parent\" data-id=\"7d8dfee\" data-element_type=\"container\" data-e-type=\"container\">\n\t\t\t\t\t<div class=\"e-con-inner\">\n\t\t\t\t<div class=\"elementor-element elementor-element-bfbb57f elementor-widget elementor-widget-heading\" data-id=\"bfbb57f\" data-element_type=\"widget\" data-e-type=\"widget\" data-widget_type=\"heading.default\">\n\t\t\t\t\t<h3 class=\"elementor-heading-title elementor-size-default\">Un giro judicial encendi\u00f3 las alarmas<\/h3>\t\t\t\t<\/div>\n\t\t\t\t\t<\/div>\n\t\t\t\t<\/div>\n\t\t<div data-particle_enable=\"false\" data-particle-mobile-disabled=\"false\" class=\"elementor-element elementor-element-1625654 e-flex e-con-boxed e-con e-parent\" data-id=\"1625654\" data-element_type=\"container\" data-e-type=\"container\">\n\t\t\t\t\t<div class=\"e-con-inner\">\n\t\t\t\t<div class=\"elementor-element elementor-element-5bac142 elementor-widget elementor-widget-text-editor\" data-id=\"5bac142\" data-element_type=\"widget\" data-e-type=\"widget\" data-widget_type=\"text-editor.default\">\n\t\t\t\t\t\t\t\t\t<p data-start=\"223\" data-end=\"558\">El 6 de febrero, un panel dividido de la Corte de Apelaciones del Quinto Circuito emiti\u00f3 una decisi\u00f3n que podr\u00eda afectar a millones de migrantes indocumentados: El tribunal acept\u00f3 la interpretaci\u00f3n del gobierno seg\u00fan la cual <strong data-start=\"2865\" data-end=\"2981\">cualquier persona que haya ingresado sin inspecci\u00f3n queda sujeta a detenci\u00f3n obligatoria sin audiencia de fianza<\/strong>, sin importar cu\u00e1ntos a\u00f1os lleve viviendo en el pa\u00eds.<\/p><p data-start=\"3037\" data-end=\"3294\">Seg\u00fan el an\u00e1lisis del American Immigration Council (10 de febrero), esta lectura redefine el alcance de la secci\u00f3n 235(b)(2) de la Ley de Inmigraci\u00f3n y Nacionalidad. Como advirti\u00f3 el juez disidente, bajo esta teor\u00eda \u201cla frontera ahora est\u00e1 en todas partes\u201d.<\/p><p data-start=\"3296\" data-end=\"3567\">M\u00e1s de 350 jueces federales, en m\u00e1s de 2,400 casos, han rechazado esa interpretaci\u00f3n. Sin embargo, el fallo del Quinto Circuito fortalece la postura del gobierno en estados como Texas, Luisiana y Mississippi, donde se concentran numerosos centros de detenci\u00f3n migratoria.<\/p>\t\t\t\t\t\t\t\t<\/div>\n\t\t\t\t\t<\/div>\n\t\t\t\t<\/div>\n\t\t<div data-particle_enable=\"false\" data-particle-mobile-disabled=\"false\" class=\"elementor-element elementor-element-a071ac3 e-flex e-con-boxed e-con e-parent\" data-id=\"a071ac3\" data-element_type=\"container\" data-e-type=\"container\">\n\t\t\t\t\t<div class=\"e-con-inner\">\n\t\t\t\t<div class=\"elementor-element elementor-element-5f1c38d elementor-widget elementor-widget-text-editor\" data-id=\"5f1c38d\" data-element_type=\"widget\" data-e-type=\"widget\" data-widget_type=\"text-editor.default\">\n\t\t\t\t\t\t\t\t\t<p data-start=\"223\" data-end=\"558\">Actualmente, m\u00e1s de <strong data-start=\"3806\" data-end=\"3825\">73,000 personas<\/strong> se encuentran en custodia migratoria, incluyendo mujeres embarazadas, residentes de larga duraci\u00f3n con familias ciudadanas estadounidenses y personas sin antecedentes penales.\u00a0<\/p><p data-start=\"4003\" data-end=\"4447\">Un fallo nacional declarativo en el caso <strong data-start=\"4044\" data-end=\"4085\">Maldonado Bautista v. Noem<\/strong> determin\u00f3 que la interpretaci\u00f3n gubernamental es incorrecta. No obstante, tras la decisi\u00f3n de la Corte Suprema en <strong data-start=\"4200\" data-end=\"4241\">Garland v. Aleman Gonzalez<\/strong>, los tribunales inferiores no pueden emitir \u00f3rdenes judiciales colectivas amplias en materia de detenci\u00f3n migratoria, lo que obliga a cada persona detenida a litigar individualmente mediante habeas corpus. El resultado: miles de recursos individuales saturando los tribunales federales.<\/p>\t\t\t\t\t\t\t\t<\/div>\n\t\t\t\t\t<\/div>\n\t\t\t\t<\/div>\n\t\t<div data-particle_enable=\"false\" data-particle-mobile-disabled=\"false\" class=\"elementor-element elementor-element-2407d87 e-flex e-con-boxed e-con e-parent\" data-id=\"2407d87\" data-element_type=\"container\" data-e-type=\"container\">\n\t\t\t\t\t<div class=\"e-con-inner\">\n\t\t\t\t<div class=\"elementor-element elementor-element-b12f2a7 elementor-grid-eael-col-1 elementor-grid-tablet-eael-col-2 elementor-grid-mobile-eael-col-1 elementor-widget elementor-widget-eael-post-grid\" data-id=\"b12f2a7\" data-element_type=\"widget\" data-e-type=\"widget\" data-settings=\"{&quot;eael_post_grid_columns&quot;:&quot;eael-col-1&quot;,&quot;eael_post_grid_columns_tablet&quot;:&quot;eael-col-2&quot;,&quot;eael_post_grid_columns_mobile&quot;:&quot;eael-col-1&quot;}\" data-widget_type=\"eael-post-grid.default\">\n\t\t\t\t\t<div id=\"eael-post-grid-b12f2a7\" class=\"eael-post-grid-container\">\n            <div class=\"eael-post-grid eael-post-appender eael-post-appender-b12f2a7 eael-post-grid-style-one\" data-layout-mode=\"masonry\"><article class=\"eael-grid-post  eael-post-grid-column eael-pg-post-25952 category-recursos-migratorios\" data-id=\"25952\">\n        <div class=\"eael-grid-post-holder\">\n            <div class=\"eael-grid-post-holder-inner\"><div class=\"eael-entry-media\"><div class=\"eael-entry-overlay fade-in\"><i class=\"far fa-hand-pointer\" aria-hidden=\"true\"><\/i><a href=\"https:\/\/soymigrante.com\/revista\/como-hallar-un-abogado-experto-en-migracion-aila-puede-ser-de-utilidad\/\"><\/a><\/div><div class=\"eael-entry-thumbnail eael-image-ratio\">\n                <img decoding=\"async\" width=\"1024\" height=\"1024\" src=\"https:\/\/soymigrante.com\/revista\/wp-content\/uploads\/2025\/02\/envato-labs-ai-60370ae9-72ee-41ea-8b19-12573c5ba9e3.webp\" class=\"attachment-large size-large wp-image-25953\" alt=\"Atractivo de un hombre profesional en una oficina moderna, vestido con traje y mostrando confianza.\" srcset=\"https:\/\/soymigrante.com\/revista\/wp-content\/uploads\/2025\/02\/envato-labs-ai-60370ae9-72ee-41ea-8b19-12573c5ba9e3.webp 1024w, https:\/\/soymigrante.com\/revista\/wp-content\/uploads\/2025\/02\/envato-labs-ai-60370ae9-72ee-41ea-8b19-12573c5ba9e3-300x300.png 300w, https:\/\/soymigrante.com\/revista\/wp-content\/uploads\/2025\/02\/envato-labs-ai-60370ae9-72ee-41ea-8b19-12573c5ba9e3-150x150.png 150w, https:\/\/soymigrante.com\/revista\/wp-content\/uploads\/2025\/02\/envato-labs-ai-60370ae9-72ee-41ea-8b19-12573c5ba9e3-768x768.png 768w, https:\/\/soymigrante.com\/revista\/wp-content\/uploads\/2025\/02\/envato-labs-ai-60370ae9-72ee-41ea-8b19-12573c5ba9e3-75x75.webp 75w, https:\/\/soymigrante.com\/revista\/wp-content\/uploads\/2025\/02\/envato-labs-ai-60370ae9-72ee-41ea-8b19-12573c5ba9e3-750x750.webp 750w\" sizes=\"(max-width: 1024px) 100vw, 1024px\" \/>\n            <\/div>\n        <\/div><div class=\"eael-entry-wrapper\"><header class=\"eael-entry-header\"><h2 class=\"eael-entry-title\"><a class=\"eael-grid-post-link\" href=\"https:\/\/soymigrante.com\/revista\/como-hallar-un-abogado-experto-en-migracion-aila-puede-ser-de-utilidad\/\" title=\"\u00bfC\u00f3mo hallar un abogado experto en migraci\u00f3n? AILA puede ser de utilidad\">\u00bfC\u00f3mo hallar un abogado experto en migraci\u00f3n? AILA puede ser de utilidad<\/a><\/h2><\/header><div class=\"eael-entry-content\">\n                        <div class=\"eael-grid-post-excerpt\"><a href=\"https:\/\/soymigrante.com\/revista\/como-hallar-un-abogado-experto-en-migracion-aila-puede-ser-de-utilidad\/\" class=\"eael-post-elements-readmore-btn\">CONOCE SU HISTORIA <\/a><\/div>\n                    <\/div><\/div><\/div>\n        <\/div>\n    <\/article><\/div>\n            <div class=\"clearfix\"><\/div>\n        <\/div>\t\t\t\t<\/div>\n\t\t\t\t\t<\/div>\n\t\t\t\t<\/div>\n\t\t<div data-particle_enable=\"false\" data-particle-mobile-disabled=\"false\" class=\"elementor-element elementor-element-873cac8 e-flex e-con-boxed e-con e-parent\" data-id=\"873cac8\" data-element_type=\"container\" data-e-type=\"container\">\n\t\t\t\t\t<div class=\"e-con-inner\">\n\t\t\t\t<div class=\"elementor-element elementor-element-07eef1c elementor-widget elementor-widget-text-editor\" data-id=\"07eef1c\" data-element_type=\"widget\" data-e-type=\"widget\" data-widget_type=\"text-editor.default\">\n\t\t\t\t\t\t\t\t\t<p data-start=\"223\" data-end=\"558\">\u00a0<\/p><h2 data-start=\"4536\" data-end=\"4579\">\u00bfQui\u00e9n puede presentar un habeas corpus?<\/h2><p data-start=\"4581\" data-end=\"4859\">Existe la idea err\u00f3nea de que solo quien est\u00e1 f\u00edsicamente encarcelado puede interponerlo. Sin embargo, la jurisprudencia ha ampliado el concepto de \u201ccustodia\u201d. Una persona bajo supervisi\u00f3n migratoria o con restricciones severas a su libertad tambi\u00e9n puede cumplir ese requisito. Quienes est\u00e1n detenidos o sus familias, pueden buscar la asesor\u00eda de un abogado migratorio para presentarlo.<\/p><p data-start=\"4861\" data-end=\"5076\">Aunque el <strong data-start=\"4871\" data-end=\"4894\">REAL ID Act de 2005<\/strong> elimin\u00f3 el habeas para revisar \u00f3rdenes finales de deportaci\u00f3n (trasladando esa revisi\u00f3n a cortes de apelaciones), <strong data-start=\"5009\" data-end=\"5075\">no elimin\u00f3 la posibilidad de impugnar la detenci\u00f3n en s\u00ed misma<\/strong>.\u00a0 Es por ello que el habeas se ha convertido nuevamente en la principal herramienta legal para personas detenidas sin audiencia de fianza.<\/p><hr data-start=\"5216\" data-end=\"5219\" \/><h2 data-start=\"5221\" data-end=\"5264\">Consecuencias humanas y presi\u00f3n judicial<\/h2><p data-start=\"5266\" data-end=\"5492\">M\u00e1s all\u00e1 de las cifras, las consecuencias son profundas. Organizaciones defensoras denuncian condiciones inhumanas en centros de detenci\u00f3n que empujan a algunas personas a aceptar la \u201cauto-deportaci\u00f3n\u201d para salir del encierro.\u00a0<\/p><p data-start=\"5494\" data-end=\"5708\">La expansi\u00f3n de la detenci\u00f3n obligatoria implica que millones de inmigrantes \u2014incluidos beneficiarios de DACA y personas elegibles para alivios humanitarios\u2014 viven bajo la amenaza de ser encarcelados sin audiencia. Mientras las cortes de apelaciones en distintos circuitos revisan el tema, el habeas corpus vuelve a ocupar un lugar central en la defensa del debido proceso en Estados Unidos.<\/p>\t\t\t\t\t\t\t\t<\/div>\n\t\t\t\t\t<\/div>\n\t\t\t\t<\/div>\n\t\t<div data-particle_enable=\"false\" data-particle-mobile-disabled=\"false\" class=\"elementor-element elementor-element-2573b7a e-flex e-con-boxed e-con e-parent\" data-id=\"2573b7a\" data-element_type=\"container\" data-e-type=\"container\">\n\t\t\t\t\t<div class=\"e-con-inner\">\n\t\t\t\t<div class=\"elementor-element elementor-element-594e8e4 elementor-widget elementor-widget-heading\" data-id=\"594e8e4\" data-element_type=\"widget\" data-e-type=\"widget\" data-widget_type=\"heading.default\">\n\t\t\t\t\t<h2 class=\"elementor-heading-title elementor-size-default\">Tambi\u00e9n te podr\u00eda interesar<\/h2>\t\t\t\t<\/div>\n\t\t\t\t\t<\/div>\n\t\t\t\t<\/div>\n\t\t<div data-particle_enable=\"false\" data-particle-mobile-disabled=\"false\" class=\"elementor-element elementor-element-39b0a43 e-flex e-con-boxed e-con e-parent\" data-id=\"39b0a43\" data-element_type=\"container\" data-e-type=\"container\">\n\t\t\t\t\t<div class=\"e-con-inner\">\n\t\t\t\t<div class=\"elementor-element elementor-element-b9423d4 elementor-grid-eael-col-3 elementor-grid-tablet-eael-col-2 elementor-grid-mobile-eael-col-1 elementor-widget elementor-widget-eael-post-grid\" data-id=\"b9423d4\" data-element_type=\"widget\" data-e-type=\"widget\" data-settings=\"{&quot;eael_post_grid_columns&quot;:&quot;eael-col-3&quot;,&quot;eael_post_grid_columns_tablet&quot;:&quot;eael-col-2&quot;,&quot;eael_post_grid_columns_mobile&quot;:&quot;eael-col-1&quot;}\" data-widget_type=\"eael-post-grid.default\">\n\t\t\t\t\t<div id=\"eael-post-grid-b9423d4\" class=\"eael-post-grid-container\">\n            <div class=\"eael-post-grid eael-post-appender eael-post-appender-b9423d4 eael-post-grid-style-one\" data-layout-mode=\"masonry\"><article class=\"eael-grid-post  eael-post-grid-column eael-pg-post-48623 category-noticias\" data-id=\"48623\">\n        <div class=\"eael-grid-post-holder\">\n            <div class=\"eael-grid-post-holder-inner\"><div class=\"eael-entry-media\"><div class=\"eael-entry-overlay fade-in\"><i class=\"far fa-hand-pointer\" aria-hidden=\"true\"><\/i><a href=\"https:\/\/soymigrante.com\/revista\/contundente-mensaje-en-defensa-de-los-migrantes-emiten-los-obispos-catolicos-de-estados-unidos\/\"><\/a><\/div><div class=\"eael-entry-thumbnail eael-image-ratio\">\n                <img loading=\"lazy\" decoding=\"async\" width=\"1024\" height=\"1024\" src=\"https:\/\/soymigrante.com\/revista\/wp-content\/uploads\/2025\/11\/obispos-usa-cuadrado-1024x1024.jpg\" class=\"attachment-large size-large wp-image-48624\" alt=\"Conferencia general de obispos de Estados Unidos en Baltimore noviembre de 2025\" srcset=\"https:\/\/soymigrante.com\/revista\/wp-content\/uploads\/2025\/11\/obispos-usa-cuadrado-1024x1024.jpg 1024w, https:\/\/soymigrante.com\/revista\/wp-content\/uploads\/2025\/11\/obispos-usa-cuadrado-300x300.jpg 300w, https:\/\/soymigrante.com\/revista\/wp-content\/uploads\/2025\/11\/obispos-usa-cuadrado-150x150.jpg 150w, https:\/\/soymigrante.com\/revista\/wp-content\/uploads\/2025\/11\/obispos-usa-cuadrado-768x768.jpg 768w, https:\/\/soymigrante.com\/revista\/wp-content\/uploads\/2025\/11\/obispos-usa-cuadrado-75x75.jpg 75w, https:\/\/soymigrante.com\/revista\/wp-content\/uploads\/2025\/11\/obispos-usa-cuadrado-750x750.jpg 750w, https:\/\/soymigrante.com\/revista\/wp-content\/uploads\/2025\/11\/obispos-usa-cuadrado-1140x1140.jpg 1140w, https:\/\/soymigrante.com\/revista\/wp-content\/uploads\/2025\/11\/obispos-usa-cuadrado.jpg 1365w\" sizes=\"(max-width: 1024px) 100vw, 1024px\" \/>\n            <\/div>\n        <\/div><div class=\"eael-entry-wrapper\"><header class=\"eael-entry-header\"><h2 class=\"eael-entry-title\"><a class=\"eael-grid-post-link\" href=\"https:\/\/soymigrante.com\/revista\/contundente-mensaje-en-defensa-de-los-migrantes-emiten-los-obispos-catolicos-de-estados-unidos\/\" title=\"Contundente mensaje en defensa de los migrantes emiten los obispos cat\u00f3licos de Estados Unidos\">Contundente mensaje en defensa de los migrantes emiten los obispos cat\u00f3licos de Estados Unidos<\/a><\/h2><\/header><div class=\"eael-entry-content\">\n                        <div class=\"eael-grid-post-excerpt\"><a href=\"https:\/\/soymigrante.com\/revista\/contundente-mensaje-en-defensa-de-los-migrantes-emiten-los-obispos-catolicos-de-estados-unidos\/\" class=\"eael-post-elements-readmore-btn\">CONOCE SU HISTORIA <\/a><\/div>\n                    <\/div><\/div><\/div>\n        <\/div>\n    <\/article><article class=\"eael-grid-post  eael-post-grid-column eael-pg-post-50569 category-noticias\" data-id=\"50569\">\n        <div class=\"eael-grid-post-holder\">\n            <div class=\"eael-grid-post-holder-inner\"><div class=\"eael-entry-media\"><div class=\"eael-entry-overlay fade-in\"><i class=\"far fa-hand-pointer\" aria-hidden=\"true\"><\/i><a href=\"https:\/\/soymigrante.com\/revista\/crecimiento-record-de-la-detencion-migratoria-en-2025-la-mayoria-sin-record-criminal-senala-migration-policy-institute\/\"><\/a><\/div><div class=\"eael-entry-thumbnail eael-image-ratio\">\n                <img decoding=\"async\" width=\"964\" height=\"964\" src=\"https:\/\/soymigrante.com\/revista\/wp-content\/uploads\/2026\/01\/detencion-migratoria.png\" class=\"attachment-large size-large wp-image-50570\" alt=\"detencion migratoria\" srcset=\"https:\/\/soymigrante.com\/revista\/wp-content\/uploads\/2026\/01\/detencion-migratoria.png 964w, https:\/\/soymigrante.com\/revista\/wp-content\/uploads\/2026\/01\/detencion-migratoria-300x300.png 300w, https:\/\/soymigrante.com\/revista\/wp-content\/uploads\/2026\/01\/detencion-migratoria-150x150.png 150w, https:\/\/soymigrante.com\/revista\/wp-content\/uploads\/2026\/01\/detencion-migratoria-768x768.png 768w, https:\/\/soymigrante.com\/revista\/wp-content\/uploads\/2026\/01\/detencion-migratoria-75x75.png 75w, https:\/\/soymigrante.com\/revista\/wp-content\/uploads\/2026\/01\/detencion-migratoria-750x750.png 750w\" sizes=\"(max-width: 964px) 100vw, 964px\" \/>\n            <\/div>\n        <\/div><div class=\"eael-entry-wrapper\"><header class=\"eael-entry-header\"><h2 class=\"eael-entry-title\"><a class=\"eael-grid-post-link\" href=\"https:\/\/soymigrante.com\/revista\/crecimiento-record-de-la-detencion-migratoria-en-2025-la-mayoria-sin-record-criminal-senala-migration-policy-institute\/\" title=\"Crecimiento r\u00e9cord de la detenci\u00f3n migratoria en 2025: la mayor\u00eda sin r\u00e9cord criminal, se\u00f1ala Migration Policy Institute\">Crecimiento r\u00e9cord de la detenci\u00f3n migratoria en 2025: la mayor\u00eda sin r\u00e9cord criminal, se\u00f1ala Migration Policy Institute<\/a><\/h2><\/header><div class=\"eael-entry-content\">\n                        <div class=\"eael-grid-post-excerpt\"><a href=\"https:\/\/soymigrante.com\/revista\/crecimiento-record-de-la-detencion-migratoria-en-2025-la-mayoria-sin-record-criminal-senala-migration-policy-institute\/\" class=\"eael-post-elements-readmore-btn\">CONOCE SU HISTORIA <\/a><\/div>\n                    <\/div><\/div><\/div>\n        <\/div>\n    <\/article><article class=\"eael-grid-post  eael-post-grid-column eael-pg-post-51660 category-lugar-de-voces\" data-id=\"51660\">\n        <div class=\"eael-grid-post-holder\">\n            <div class=\"eael-grid-post-holder-inner\"><div class=\"eael-entry-media\"><div class=\"eael-entry-overlay fade-in\"><i class=\"far fa-hand-pointer\" aria-hidden=\"true\"><\/i><a href=\"https:\/\/soymigrante.com\/revista\/migrante-nydia-cano-una-placa-una-escuela-multicultural-y-el-aporte-de-una-madre-guatemalteca-en-prospect-park-new-jersey\/\"><\/a><\/div><div class=\"eael-entry-thumbnail eael-image-ratio\">\n                <img loading=\"lazy\" decoding=\"async\" width=\"683\" height=\"683\" src=\"https:\/\/soymigrante.com\/revista\/wp-content\/uploads\/2026\/01\/prospect-park-school-prospect-park-pa-primaryphoto.jpg\" class=\"attachment-large size-large wp-image-51661\" alt=\"prospect-park-school-prospect-park-pa-primaryphoto\" srcset=\"https:\/\/soymigrante.com\/revista\/wp-content\/uploads\/2026\/01\/prospect-park-school-prospect-park-pa-primaryphoto.jpg 683w, https:\/\/soymigrante.com\/revista\/wp-content\/uploads\/2026\/01\/prospect-park-school-prospect-park-pa-primaryphoto-300x300.jpg 300w, https:\/\/soymigrante.com\/revista\/wp-content\/uploads\/2026\/01\/prospect-park-school-prospect-park-pa-primaryphoto-150x150.jpg 150w, https:\/\/soymigrante.com\/revista\/wp-content\/uploads\/2026\/01\/prospect-park-school-prospect-park-pa-primaryphoto-75x75.jpg 75w\" sizes=\"(max-width: 683px) 100vw, 683px\" \/>\n            <\/div>\n        <\/div><div class=\"eael-entry-wrapper\"><header class=\"eael-entry-header\"><h2 class=\"eael-entry-title\"><a class=\"eael-grid-post-link\" href=\"https:\/\/soymigrante.com\/revista\/migrante-nydia-cano-una-placa-una-escuela-multicultural-y-el-aporte-de-una-madre-guatemalteca-en-prospect-park-new-jersey\/\" title=\"Una placa, una escuela multicultural y el aporte de una madre guatemalteca en Prospect Park, New Jersey\">Una placa, una escuela multicultural y el aporte de una madre guatemalteca en Prospect Park, New Jersey<\/a><\/h2><\/header><div class=\"eael-entry-content\">\n                        <div class=\"eael-grid-post-excerpt\"><a href=\"https:\/\/soymigrante.com\/revista\/migrante-nydia-cano-una-placa-una-escuela-multicultural-y-el-aporte-de-una-madre-guatemalteca-en-prospect-park-new-jersey\/\" class=\"eael-post-elements-readmore-btn\">CONOCE SU HISTORIA <\/a><\/div>\n                    <\/div><\/div><\/div>\n        <\/div>\n    <\/article><\/div>\n            <div class=\"clearfix\"><\/div>\n        <\/div>\t\t\t\t<\/div>\n\t\t\t\t\t<\/div>\n\t\t\t\t<\/div>\n\t\t\t\t<\/div>\n\t\t","protected":false},"excerpt":{"rendered":"<p>M\u00e1s de 18 mil migrantes detenidos impugnan su detenci\u00f3n en tribunales federales a trav\u00e9s del recurso Habeas Corpus, interpuesto por sus abogados. \u00bfQu\u00e9 es y c\u00f3mo funciona? Te lo contamos El recurso de habeas corpus (o exhibici\u00f3n de la persona), considerado el instrumento fundamental para proteger la libertad individual frente a detenciones arbitrarias del Estado, [&hellip;]<\/p>\n","protected":false},"author":1,"featured_media":52580,"comment_status":"open","ping_status":"open","sticky":false,"template":"","format":"standard","meta":{"_acf_changed":false,"_eb_attr":"","footnotes":""},"categories":[280],"tags":[],"class_list":["post-52579","post","type-post","status-publish","format-standard","has-post-thumbnail","hentry","category-noticias"],"acf":[],"aioseo_notices":[],"aioseo_head":"\n\t\t<!-- All in One SEO Pro 4.9.6.2 - aioseo.com -->\n\t<meta name=\"description\" content=\"Migrante guatemalteca Nydia Cano recuerda servicio en bur\u00f3 educativo de Prospect Park, New Jersey, en homenaje a educador ejemplar y para animar a participacion\" \/>\n\t<meta name=\"robots\" content=\"max-snippet:-1, max-image-preview:large, max-video-preview:-1\" \/>\n\t<meta name=\"author\" content=\"SoyMigrante.com REVISTA\"\/>\n\t<link rel=\"canonical\" href=\"https:\/\/soymigrante.com\/revista\/migrante-nydia-cano-una-placa-una-escuela-multicultural-y-el-aporte-de-una-madre-guatemalteca-en-prospect-park-new-jersey\/\" \/>\n\t<meta name=\"generator\" content=\"All in One SEO Pro (AIOSEO) 4.9.6.2\" \/>\n\n\t\t<link rel=\"preconnect\" href=\"https:\/\/fonts.googleapis.com\" crossorigin>\n<link rel=\"preconnect\" href=\"https:\/\/fonts.gstatic.com\" crossorigin>\n\t\t<meta property=\"og:locale\" content=\"es_ES\" \/>\n\t\t<meta property=\"og:site_name\" content=\"SoyMigrante.com REVISTA \u2013 Nuestra misi\u00f3n es reconocer y dignificar al migrante.\" \/>\n\t\t<meta property=\"og:type\" content=\"article\" \/>\n\t\t<meta property=\"og:title\" content=\"M\u00e1s que una placa, una huella positiva en New Jersey\" \/>\n\t\t<meta property=\"og:description\" content=\"Migrante guatemalteca Nydia Cano recuerda servicio en bur\u00f3 educativo de Prospect Park, New Jersey, en homenaje a educador ejemplar y para animar a participacion\" \/>\n\t\t<meta property=\"og:url\" content=\"https:\/\/soymigrante.com\/revista\/migrante-nydia-cano-una-placa-una-escuela-multicultural-y-el-aporte-de-una-madre-guatemalteca-en-prospect-park-new-jersey\/\" \/>\n\t\t<meta property=\"og:image\" content=\"https:\/\/soymigrante.com\/revista\/wp-content\/uploads\/2026\/01\/prospect-park-school-prospect-park-pa-primaryphoto.jpg\" \/>\n\t\t<meta property=\"og:image:secure_url\" content=\"https:\/\/soymigrante.com\/revista\/wp-content\/uploads\/2026\/01\/prospect-park-school-prospect-park-pa-primaryphoto.jpg\" \/>\n\t\t<meta property=\"og:image:width\" content=\"683\" \/>\n\t\t<meta property=\"og:image:height\" content=\"683\" \/>\n\t\t<meta property=\"article:published_time\" content=\"2026-01-29T23:10:11+00:00\" \/>\n\t\t<meta property=\"article:modified_time\" content=\"2026-01-29T23:17:18+00:00\" \/>\n\t\t<meta property=\"article:publisher\" content=\"https:\/\/www.facebook.com\/soymigrantecom\" \/>\n\t\t<meta name=\"twitter:card\" content=\"summary_large_image\" \/>\n\t\t<meta name=\"twitter:site\" content=\"@SoyMigrante_com\" \/>\n\t\t<meta name=\"twitter:title\" content=\"M\u00e1s que una placa, una huella positiva en New Jersey\" \/>\n\t\t<meta name=\"twitter:description\" content=\"Migrante guatemalteca Nydia Cano recuerda servicio en bur\u00f3 educativo de Prospect Park, New Jersey, en homenaje a educador ejemplar y para animar a participacion\" \/>\n\t\t<meta name=\"twitter:creator\" content=\"@SoyMigrante_com\" \/>\n\t\t<meta name=\"twitter:image\" content=\"https:\/\/soymigrante.com\/revista\/wp-content\/uploads\/2026\/01\/prospect-park-school-prospect-park-pa-primaryphoto.jpg\" \/>\n\t\t<!-- All in One SEO Pro -->\r\n\t\t<title>M\u00e1s que una placa, una huella positiva en New Jersey<\/title>\n\n","aioseo_head_json":{"title":"M\u00e1s que una placa, una huella positiva en New Jersey","description":"Migrante guatemalteca Nydia Cano recuerda servicio en bur\u00f3 educativo de Prospect Park, New Jersey, en homenaje a educador ejemplar y para animar a participacion","canonical_url":"https:\/\/soymigrante.com\/revista\/migrante-nydia-cano-una-placa-una-escuela-multicultural-y-el-aporte-de-una-madre-guatemalteca-en-prospect-park-new-jersey\/","robots":"max-snippet:-1, max-image-preview:large, max-video-preview:-1","keywords":"","webmasterTools":{"miscellaneous":"&lt;link rel=\"preconnect\" href=\"https:\/\/fonts.googleapis.com\" crossorigin&gt;\n&lt;link rel=\"preconnect\" href=\"https:\/\/fonts.gstatic.com\" crossorigin&gt;"},"schema":null,"og:locale":"es_ES","og:site_name":"SoyMigrante.com REVISTA \u2013 Nuestra misi\u00f3n es reconocer y dignificar al migrante.","og:type":"article","og:title":"M\u00e1s que una placa, una huella positiva en New Jersey","og:description":"Migrante guatemalteca Nydia Cano recuerda servicio en bur\u00f3 educativo de Prospect Park, New Jersey, en homenaje a educador ejemplar y para animar a participacion","og:url":"https:\/\/soymigrante.com\/revista\/migrante-nydia-cano-una-placa-una-escuela-multicultural-y-el-aporte-de-una-madre-guatemalteca-en-prospect-park-new-jersey\/","og:image":"https:\/\/soymigrante.com\/revista\/wp-content\/uploads\/2026\/01\/prospect-park-school-prospect-park-pa-primaryphoto.jpg","og:image:secure_url":"https:\/\/soymigrante.com\/revista\/wp-content\/uploads\/2026\/01\/prospect-park-school-prospect-park-pa-primaryphoto.jpg","og:image:width":683,"og:image:height":683,"article:published_time":"2026-01-29T23:10:11+00:00","article:modified_time":"2026-01-29T23:17:18+00:00","article:publisher":"https:\/\/www.facebook.com\/soymigrantecom","twitter:card":"summary_large_image","twitter:site":"@SoyMigrante_com","twitter:title":"M\u00e1s que una placa, una huella positiva en New Jersey","twitter:description":"Migrante guatemalteca Nydia Cano recuerda servicio en bur\u00f3 educativo de Prospect Park, New Jersey, en homenaje a educador ejemplar y para animar a participacion","twitter:creator":"@SoyMigrante_com","twitter:image":"https:\/\/soymigrante.com\/revista\/wp-content\/uploads\/2026\/01\/prospect-park-school-prospect-park-pa-primaryphoto.jpg"},"aioseo_meta_data":{"post_id":"52579","title":"Aumentan pedidos de Habeas Corpus por detenci\u00f3n de migrantes","description":"Recurso legal ha crecido 1500% en el \u00faltimo a\u00f1o, para localizar a migrantes detenidos y buscar una audiencia ante juez. No siempre se logra pero a veces s\u00ed.","keywords":null,"keyphrases":{"focus":{"keyphrase":"Migrantes","score":82,"analysis":{"keyphraseInTitle":{"score":9,"maxScore":9,"error":0},"keyphraseInDescription":{"score":9,"maxScore":9,"error":0},"keyphraseLength":{"score":9,"maxScore":9,"error":0,"length":1},"keyphraseInURL":{"score":5,"maxScore":5,"error":0},"keyphraseInIntroduction":{"score":3,"maxScore":9,"error":1},"keyphraseInSubHeadings":{"score":3,"maxScore":9,"error":1},"keyphraseInImageAlt":{"score":9,"maxScore":9,"error":0},"keywordDensity":{"type":"best","score":9,"maxScore":9,"error":0}}},"additional":[{"keyphrase":"Habeas Corpus","score":73,"analysis":{"keyphraseInDescription":{"score":3,"maxScore":9,"error":1},"keyphraseLength":{"score":9,"maxScore":9,"error":0,"length":2},"keyphraseInIntroduction":{"score":9,"maxScore":9,"error":0},"keyphraseInImageAlt":{"score":3,"maxScore":9,"error":1},"keywordDensity":{"type":"best","score":9,"maxScore":9,"error":0}}}]},"primary_term":null,"canonical_url":null,"og_title":null,"og_description":null,"og_object_type":"default","og_image_type":"default","og_image_url":null,"og_image_width":null,"og_image_height":null,"og_image_custom_url":null,"og_image_custom_fields":null,"og_video":"","og_custom_url":null,"og_article_section":null,"og_article_tags":null,"twitter_use_og":false,"twitter_card":"default","twitter_image_type":"default","twitter_image_url":null,"twitter_image_custom_url":null,"twitter_image_custom_fields":null,"twitter_title":null,"twitter_description":null,"schema":{"blockGraphs":[],"customGraphs":[],"default":{"data":{"Article":[],"Course":[],"Dataset":[],"FAQPage":[],"Movie":[],"Person":[],"Product":[],"ProductReview":[],"Car":[],"Recipe":[],"Service":[],"SoftwareApplication":[],"WebPage":[]},"graphName":"NewsArticle","isEnabled":true},"graphs":[]},"schema_type":"default","schema_type_options":null,"pillar_content":false,"robots_default":true,"robots_noindex":false,"robots_noarchive":false,"robots_nosnippet":false,"robots_nofollow":false,"robots_noimageindex":false,"robots_noodp":false,"robots_notranslate":false,"robots_max_snippet":"-1","robots_max_videopreview":"-1","robots_max_imagepreview":"large","priority":null,"frequency":"default","local_seo":null,"seo_analyzer_scan_date":null,"breadcrumb_settings":null,"limit_modified_date":false,"reviewed_by":"0","open_ai":null,"ai":{"faqs":[],"keyPoints":[],"titles":[],"descriptions":[],"socialPosts":{"email":[],"linkedin":[],"twitter":[],"facebook":[],"instagram":[]}},"created":"2026-02-17 15:27:08","updated":"2026-03-06 15:45:42"},"aioseo_breadcrumb":"<div class=\"aioseo-breadcrumbs\"><span class=\"aioseo-breadcrumb\">\n\t<a href=\"https:\/\/soymigrante.com\/revista\" title=\"Home\">Home<\/a>\n<\/span><span class=\"aioseo-breadcrumb-separator\">\u00bb<\/span><span class=\"aioseo-breadcrumb\">\n\t<a href=\"https:\/\/soymigrante.com\/revista\/category\/noticias\/\" title=\"Noticias\">Noticias<\/a>\n<\/span><span class=\"aioseo-breadcrumb-separator\">\u00bb<\/span><span class=\"aioseo-breadcrumb\">\n\tAumentan los recursos de Habeas Corpus ante cortes federales por detenci\u00f3n de migrantes\n<\/span><\/div>","aioseo_breadcrumb_json":[{"label":"Home","link":"https:\/\/soymigrante.com\/revista"},{"label":"Noticias","link":"https:\/\/soymigrante.com\/revista\/category\/noticias\/"},{"label":"Aumentan los recursos de Habeas Corpus ante cortes federales por detenci\u00f3n de migrantes","link":"https:\/\/soymigrante.com\/revista\/aumentan-los-recursos-de-habeas-corpus-ante-cortes-federales-por-detencion-de-migrantes\/"}],"_links":{"self":[{"href":"https:\/\/soymigrante.com\/revista\/wp-json\/wp\/v2\/posts\/52579","targetHints":{"allow":["GET"]}}],"collection":[{"href":"https:\/\/soymigrante.com\/revista\/wp-json\/wp\/v2\/posts"}],"about":[{"href":"https:\/\/soymigrante.com\/revista\/wp-json\/wp\/v2\/types\/post"}],"author":[{"embeddable":true,"href":"https:\/\/soymigrante.com\/revista\/wp-json\/wp\/v2\/users\/1"}],"replies":[{"embeddable":true,"href":"https:\/\/soymigrante.com\/revista\/wp-json\/wp\/v2\/comments?post=52579"}],"version-history":[{"count":12,"href":"https:\/\/soymigrante.com\/revista\/wp-json\/wp\/v2\/posts\/52579\/revisions"}],"predecessor-version":[{"id":52594,"href":"https:\/\/soymigrante.com\/revista\/wp-json\/wp\/v2\/posts\/52579\/revisions\/52594"}],"wp:featuredmedia":[{"embeddable":true,"href":"https:\/\/soymigrante.com\/revista\/wp-json\/wp\/v2\/media\/52580"}],"wp:attachment":[{"href":"https:\/\/soymigrante.com\/revista\/wp-json\/wp\/v2\/media?parent=52579"}],"wp:term":[{"taxonomy":"category","embeddable":true,"href":"https:\/\/soymigrante.com\/revista\/wp-json\/wp\/v2\/categories?post=52579"},{"taxonomy":"post_tag","embeddable":true,"href":"https:\/\/soymigrante.com\/revista\/wp-json\/wp\/v2\/tags?post=52579"}],"curies":[{"name":"wp","href":"https:\/\/api.w.org\/{rel}","templated":true}]}}