{"id":52523,"date":"2026-02-16T02:00:00","date_gmt":"2026-02-16T08:00:00","guid":{"rendered":"https:\/\/soymigrante.com\/revista\/?p=52523"},"modified":"2026-02-19T11:59:27","modified_gmt":"2026-02-19T17:59:27","slug":"guatemalteca-janet-guerra-semana-de-la-moda-nueva-york-pasarela-disenadora-textiles-guatemaltecos","status":"publish","type":"post","link":"https:\/\/soymigrante.com\/revista\/guatemalteca-janet-guerra-semana-de-la-moda-nueva-york-pasarela-disenadora-textiles-guatemaltecos\/","title":{"rendered":"As\u00ed fue la brillante pasarela de la guatemalteca Janet Guerra en la Semana de la Moda de Nueva York"},"content":{"rendered":"\t\t<div data-elementor-type=\"wp-post\" data-elementor-id=\"52523\" class=\"elementor elementor-52523\" data-elementor-post-type=\"post\">\n\t\t\t\t<div data-particle_enable=\"false\" data-particle-mobile-disabled=\"false\" class=\"elementor-element elementor-element-c1a1bf3 e-flex e-con-boxed e-con e-parent\" data-id=\"c1a1bf3\" data-element_type=\"container\" data-e-type=\"container\">\n\t\t\t\t\t<div class=\"e-con-inner\">\n\t\t\t\t<div class=\"elementor-element elementor-element-c170a73 elementor-widget elementor-widget-heading\" data-id=\"c170a73\" data-element_type=\"widget\" data-e-type=\"widget\" data-widget_type=\"heading.default\">\n\t\t\t\t\t<h2 class=\"elementor-heading-title elementor-size-default\">Mira en video c\u00f3mo Guatemala brill\u00f3 en la Semana de la Moda de Nueva York la noche del 15 de febrero: la dise\u00f1adora quetzalteca Janet Guerra present\u00f3 sus creaciones, que integran elementos tradicionales y contempor\u00e1neos.<\/h2>\t\t\t\t<\/div>\n\t\t\t\t\t<\/div>\n\t\t\t\t<\/div>\n\t\t<div data-particle_enable=\"false\" data-particle-mobile-disabled=\"false\" class=\"elementor-element elementor-element-9c269f5 e-flex e-con-boxed e-con e-parent\" data-id=\"9c269f5\" data-element_type=\"container\" data-e-type=\"container\">\n\t\t\t\t\t<div class=\"e-con-inner\">\n\t\t\t\t<div class=\"elementor-element elementor-element-c978fb6 elementor-widget elementor-widget-text-editor\" data-id=\"c978fb6\" data-element_type=\"widget\" data-e-type=\"widget\" data-widget_type=\"text-editor.default\">\n\t\t\t\t\t\t\t\t\t<p data-start=\"177\" data-end=\"524\">La <a href=\"https:\/\/soymigrante.com\/revista\/fortaleza-y-oportunidades-para-mujeres-tejedoras-impulsa-janet-guerra-con-jg-home\/\">dise\u00f1adora guatemalteca Janet Guerra<\/a> brill\u00f3 con luz propia en la Semana de la Moda de <a href=\"https:\/\/soymigrante.com\/revista\/dia-de-guatemala-en-nueva-york-proclama-alcalde-eric-adams-en-emotivo-acto\/\">Nueva York<\/a> (o <a href=\"https:\/\/soymigrante.com\/revista\/textiles-dla-rossa-de-totonicapan-se-presenta-en-new-york-fashion-week-2025\/\">New York Fashion Week<\/a>) la noche del domingo 15 de febrero. En uno de los escenarios m\u00e1s influyentes de la industria global, present\u00f3 una colecci\u00f3n que fusiona la riqueza textil de Guatemala con l\u00edneas contempor\u00e1neas, logrando una propuesta elegante, original y profundamente aut\u00e9ntica.<\/p><p data-start=\"526\" data-end=\"990\">En la pasarela neoyorquina, <a href=\"https:\/\/soymigrante.com\/revista\/fortaleza-y-oportunidades-para-mujeres-tejedoras-impulsa-janet-guerra-con-jg-home\/\">Guerra<\/a> apost\u00f3 por una narrativa visual que honra la herencia cultural guatemalteca. Sus dise\u00f1os incorporaron textiles tradicionales \u2014cargados de historia, identidad y simbolismo\u2014 reinterpretados a trav\u00e9s de cortes estructurados, siluetas modernas y acabados sofisticados. Adem\u00e1s, su taller <a href=\"https:\/\/soymigrante.com\/revista\/fortaleza-y-oportunidades-para-mujeres-tejedoras-impulsa-janet-guerra-con-jg-home\/\">genera oportunidades <\/a>para tejedores locales.<\/p>\t\t\t\t\t\t\t\t<\/div>\n\t\t\t\t\t<\/div>\n\t\t\t\t<\/div>\n\t\t<div data-particle_enable=\"false\" data-particle-mobile-disabled=\"false\" class=\"elementor-element elementor-element-34fb223 e-flex e-con-boxed e-con e-parent\" data-id=\"34fb223\" data-element_type=\"container\" data-e-type=\"container\">\n\t\t\t\t\t<div class=\"e-con-inner\">\n\t\t\t\t<div class=\"elementor-element elementor-element-a20759d elementor-widget elementor-widget-image\" data-id=\"a20759d\" data-element_type=\"widget\" data-e-type=\"widget\" data-widget_type=\"image.default\">\n\t\t\t\t\t\t\t\t\t\t\t\t<figure class=\"wp-caption\">\n\t\t\t\t\t\t\t\t\t\t\t<a href=\"https:\/\/soymigrante.com\/revista\/fortaleza-y-oportunidades-para-mujeres-tejedoras-impulsa-janet-guerra-con-jg-home\/\">\n\t\t\t\t\t\t\t<img fetchpriority=\"high\" decoding=\"async\" width=\"549\" height=\"489\" src=\"https:\/\/soymigrante.com\/revista\/wp-content\/uploads\/2026\/02\/janet-guerra-pasarela-new-york.png\" class=\"attachment-large size-large wp-image-52528\" alt=\"Los dise\u00f1os de Janet Guerra incorporan elementos textiles tradicionales guatemaltecos, con l\u00edneas contempor\u00e1neas para lograr un efecto de colorido y elegancia. (Captura de pantalla)\" srcset=\"https:\/\/soymigrante.com\/revista\/wp-content\/uploads\/2026\/02\/janet-guerra-pasarela-new-york.png 549w, https:\/\/soymigrante.com\/revista\/wp-content\/uploads\/2026\/02\/janet-guerra-pasarela-new-york-300x267.png 300w\" sizes=\"(max-width: 549px) 100vw, 549px\" title=\"Los dise\u00f1os de Janet Guerra incorporan elementos textiles tradicionales guatemaltecos, con l\u00edneas contempor\u00e1neas para lograr un efecto de colorido y elegancia. (Captura de pantalla) \u2013 SoyMigrante.com REVISTA\" \/>\t\t\t\t\t\t\t\t<\/a>\n\t\t\t\t\t\t\t\t\t\t\t<figcaption class=\"widget-image-caption wp-caption-text\">Los dise\u00f1os de Janet Guerra incorporan elementos textiles tradicionales guatemaltecos, con l\u00edneas contempor\u00e1neas para lograr un efecto de colorido y elegancia. Para conocer m\u00e1s sobre su trayectoria, clic en la imagen.\n<\/figcaption>\n\t\t\t\t\t\t\t\t\t\t<\/figure>\n\t\t\t\t\t\t\t\t\t<\/div>\n\t\t\t\t\t<\/div>\n\t\t\t\t<\/div>\n\t\t<div data-particle_enable=\"false\" data-particle-mobile-disabled=\"false\" class=\"elementor-element elementor-element-2dd4fa1 e-flex e-con-boxed e-con e-parent\" data-id=\"2dd4fa1\" data-element_type=\"container\" data-e-type=\"container\">\n\t\t\t\t\t<div class=\"e-con-inner\">\n\t\t\t\t<div class=\"elementor-element elementor-element-e8f9e0f elementor-widget elementor-widget-heading\" data-id=\"e8f9e0f\" data-element_type=\"widget\" data-e-type=\"widget\" data-widget_type=\"heading.default\">\n\t\t\t\t\t<h3 class=\"elementor-heading-title elementor-size-default\">\"Los sue\u00f1os no se gritan: se trabajan\" <\/h3>\t\t\t\t<\/div>\n\t\t\t\t\t<\/div>\n\t\t\t\t<\/div>\n\t\t<div data-particle_enable=\"false\" data-particle-mobile-disabled=\"false\" class=\"elementor-element elementor-element-4f8c605 e-flex e-con-boxed e-con e-parent\" data-id=\"4f8c605\" data-element_type=\"container\" data-e-type=\"container\">\n\t\t\t\t\t<div class=\"e-con-inner\">\n\t\t\t\t<div class=\"elementor-element elementor-element-db6041d elementor-widget elementor-widget-text-editor\" data-id=\"db6041d\" data-element_type=\"widget\" data-e-type=\"widget\" data-widget_type=\"text-editor.default\">\n\t\t\t\t\t\t\t\t\t<p data-start=\"177\" data-end=\"524\">&#8220;Hoy no camina solo una dise\u00f1adora por estas calles. Camina la ni\u00f1a que so\u00f1aba en silencio. La mujer que cay\u00f3, se levant\u00f3 y volvi\u00f3 a creer. La madre que no se rindi\u00f3&#8221;, escribi\u00f3 <a href=\"https:\/\/soymigrante.com\/revista\/fortaleza-y-oportunidades-para-mujeres-tejedoras-impulsa-janet-guerra-con-jg-home\/\">Janet Guerra<\/a> en sus redes sociales.<\/p><p data-start=\"526\" data-end=\"990\">&#8220;Hoy camino en <a href=\"https:\/\/soymigrante.com\/revista\/dia-de-guatemala-en-nueva-york-proclama-alcalde-eric-adams-en-emotivo-acto\/\">Nueva York<\/a> sinti\u00e9ndome m\u00e1s yo que nunca. M\u00e1s fuerte. M\u00e1s agradecida. M\u00e1s consciente de que los sue\u00f1os no se gritan\u2026 se trabajan&#8221;, agreg\u00f3.\u00a0\u00a0<\/p><p data-start=\"526\" data-end=\"990\">&#8220;Cada paso en estas calles lleva historia. Lleva ra\u00edces. Lleva Quetzaltenango. Lleva Guatemala. Y mientras el viento de NY toca mi rostro, solo puedo pensar: vali\u00f3 la pena cada l\u00e1grima, cada duda, cada madrugada&#8221;.<\/p><p data-start=\"992\" data-end=\"1450\">\u00a0<\/p>\t\t\t\t\t\t\t\t<\/div>\n\t\t\t\t\t<\/div>\n\t\t\t\t<\/div>\n\t\t<div data-particle_enable=\"false\" data-particle-mobile-disabled=\"false\" class=\"elementor-element elementor-element-ff43606 e-flex e-con-boxed e-con e-parent\" data-id=\"ff43606\" data-element_type=\"container\" data-e-type=\"container\">\n\t\t\t\t\t<div class=\"e-con-inner\">\n\t\t\t\t<div class=\"elementor-element elementor-element-63d2b80 elementor-widget elementor-widget-text-editor\" data-id=\"63d2b80\" data-element_type=\"widget\" data-e-type=\"widget\" data-widget_type=\"text-editor.default\">\n\t\t\t\t\t\t\t\t\t<p><b>A continuaci\u00f3n, momento en el que Janet Guerra recibe el aplauso del p\u00fablico en la pasarela de sus creaciones en la Semana de la Moda de Nueva York. (Video cortes\u00eda Letty Baran)<\/b><\/p>\t\t\t\t\t\t\t\t<\/div>\n\t\t\t\t\t<\/div>\n\t\t\t\t<\/div>\n\t\t<div data-particle_enable=\"false\" data-particle-mobile-disabled=\"false\" class=\"elementor-element elementor-element-05be69f e-flex e-con-boxed e-con e-parent\" data-id=\"05be69f\" data-element_type=\"container\" data-e-type=\"container\">\n\t\t\t\t\t<div class=\"e-con-inner\">\n\t\t\t\t<div class=\"elementor-element elementor-element-2709a4a elementor-widget elementor-widget-video\" data-id=\"2709a4a\" data-element_type=\"widget\" data-e-type=\"widget\" data-settings=\"{&quot;video_type&quot;:&quot;hosted&quot;,&quot;controls&quot;:&quot;yes&quot;}\" data-widget_type=\"video.default\">\n\t\t\t\t\t\t\t<div class=\"e-hosted-video elementor-wrapper elementor-open-inline\">\n\t\t\t\t\t<video class=\"elementor-video\" src=\"https:\/\/soymigrante.com\/revista\/wp-content\/uploads\/2026\/02\/adfe0b83-57bd-41bd-add5-93ada817803b.mp4\" controls=\"\" preload=\"metadata\" controlsList=\"nodownload\"><\/video>\n\t\t\t\t<\/div>\n\t\t\t\t\t\t<\/div>\n\t\t\t\t\t<\/div>\n\t\t\t\t<\/div>\n\t\t<div data-particle_enable=\"false\" data-particle-mobile-disabled=\"false\" class=\"elementor-element elementor-element-ebb4fcd e-flex e-con-boxed e-con e-parent\" data-id=\"ebb4fcd\" data-element_type=\"container\" data-e-type=\"container\">\n\t\t\t\t\t<div class=\"e-con-inner\">\n\t\t\t\t<div class=\"elementor-element elementor-element-5b80fa8 elementor-widget elementor-widget-heading\" data-id=\"5b80fa8\" data-element_type=\"widget\" data-e-type=\"widget\" data-widget_type=\"heading.default\">\n\t\t\t\t\t<h3 class=\"elementor-heading-title elementor-size-default\">Identidad y vanguardia en pasarela de talla mundial<\/h3>\t\t\t\t<\/div>\n\t\t\t\t\t<\/div>\n\t\t\t\t<\/div>\n\t\t<div data-particle_enable=\"false\" data-particle-mobile-disabled=\"false\" class=\"elementor-element elementor-element-82c128f e-flex e-con-boxed e-con e-parent\" data-id=\"82c128f\" data-element_type=\"container\" data-e-type=\"container\">\n\t\t\t\t\t<div class=\"e-con-inner\">\n\t\t\t\t<div class=\"elementor-element elementor-element-38436ec elementor-widget elementor-widget-text-editor\" data-id=\"38436ec\" data-element_type=\"widget\" data-e-type=\"widget\" data-widget_type=\"text-editor.default\">\n\t\t\t\t\t\t\t\t\t<p data-start=\"177\" data-end=\"524\">La combinaci\u00f3n de texturas artesanales con patrones minimalistas y confecci\u00f3n de alta precisi\u00f3n dio como resultado piezas que dialogan entre tradici\u00f3n y vanguardia.\u00a0 Al final de la pasarela, Janet Guerra recibi\u00f3 la ovaci\u00f3n del p\u00fablico. Llevaba en las manos una bandera de Guatemala y en el anverso, una bandera de su natal Quetzaltenango.<\/p><p data-start=\"992\" data-end=\"1450\">Cada prenda reflej\u00f3 un equilibrio cuidadoso entre lo ancestral y lo actual. Los bordados y tejidos t\u00edpicos, trabajados con meticuloso detalle, se integraron en vestidos de noche, conjuntos de dos piezas y abrigos de l\u00edneas limpias que resaltaron la elegancia sin perder el car\u00e1cter artesanal.<\/p><p data-start=\"992\" data-end=\"1450\">Cabe recordar que en septiembre de 2025,<a href=\"https:\/\/soymigrante.com\/revista\/textiles-dla-rossa-de-totonicapan-se-presenta-en-new-york-fashion-week-2025\/\"> la casa de textiles tradicionales D&#8217;La Rosa<\/a> particip\u00f3 en un evento similar, de la Semana de la Moda de Nueva York.<\/p><p data-start=\"992\" data-end=\"1450\">\u00a0<\/p>\t\t\t\t\t\t\t\t<\/div>\n\t\t\t\t\t<\/div>\n\t\t\t\t<\/div>\n\t\t<div data-particle_enable=\"false\" data-particle-mobile-disabled=\"false\" class=\"elementor-element elementor-element-05ea3bd e-flex e-con-boxed e-con e-parent\" data-id=\"05ea3bd\" data-element_type=\"container\" data-e-type=\"container\">\n\t\t\t\t\t<div class=\"e-con-inner\">\n\t\t\t\t<div class=\"elementor-element elementor-element-355842e elementor-widget elementor-widget-image\" data-id=\"355842e\" data-element_type=\"widget\" data-e-type=\"widget\" data-widget_type=\"image.default\">\n\t\t\t\t\t\t\t\t\t\t\t\t<figure class=\"wp-caption\">\n\t\t\t\t\t\t\t\t\t\t\t<a href=\"https:\/\/soymigrante.com\/revista\/fortaleza-y-oportunidades-para-mujeres-tejedoras-impulsa-janet-guerra-con-jg-home\/\">\n\t\t\t\t\t\t\t<img decoding=\"async\" width=\"597\" height=\"555\" src=\"https:\/\/soymigrante.com\/revista\/wp-content\/uploads\/2026\/02\/Captura-de-pantalla-2026-02-15-211858.png\" class=\"attachment-large size-large wp-image-52531\" alt=\"Janet Guerra tiene una carrera de 15 a\u00f1os en el dise\u00f1o de prendas, en Quetzaltenango: un sue\u00f1o que naci\u00f3 desde su ni\u00f1ez seg\u00fan ella misma lo revela. Si deseas leer m\u00e1s de su historia, clic en la foto.\" srcset=\"https:\/\/soymigrante.com\/revista\/wp-content\/uploads\/2026\/02\/Captura-de-pantalla-2026-02-15-211858.png 597w, https:\/\/soymigrante.com\/revista\/wp-content\/uploads\/2026\/02\/Captura-de-pantalla-2026-02-15-211858-300x279.png 300w\" sizes=\"(max-width: 597px) 100vw, 597px\" title=\"Janet Guerra tiene una carrera de 15 a\u00f1os en el dise\u00f1o de prendas, en Quetzaltenango: un sue\u00f1o que naci\u00f3 desde su ni\u00f1ez seg\u00fan ella misma lo revela. Si deseas leer   m\u00e1s de su historia, clic en la foto. \u2013 SoyMigrante.com REVISTA\" \/>\t\t\t\t\t\t\t\t<\/a>\n\t\t\t\t\t\t\t\t\t\t\t<figcaption class=\"widget-image-caption wp-caption-text\">Janet Guerra tiene una carrera de 15 a\u00f1os en el dise\u00f1o de prendas, en Quetzaltenango: un sue\u00f1o que naci\u00f3 desde su ni\u00f1ez seg\u00fan ella misma lo revela. Si deseas leer   m\u00e1s de su historia, clic en la foto.<\/figcaption>\n\t\t\t\t\t\t\t\t\t\t<\/figure>\n\t\t\t\t\t\t\t\t\t<\/div>\n\t\t\t\t\t<\/div>\n\t\t\t\t<\/div>\n\t\t<div data-particle_enable=\"false\" data-particle-mobile-disabled=\"false\" class=\"elementor-element elementor-element-6487f07 e-flex e-con-boxed e-con e-parent\" data-id=\"6487f07\" data-element_type=\"container\" data-e-type=\"container\">\n\t\t\t\t\t<div class=\"e-con-inner\">\n\t\t\t\t<div class=\"elementor-element elementor-element-09f7cc1 elementor-widget elementor-widget-heading\" data-id=\"09f7cc1\" data-element_type=\"widget\" data-e-type=\"widget\" data-widget_type=\"heading.default\">\n\t\t\t\t\t<h3 class=\"elementor-heading-title elementor-size-default\">Janet Guerra inspira y genera oportunidades<\/h3>\t\t\t\t<\/div>\n\t\t\t\t\t<\/div>\n\t\t\t\t<\/div>\n\t\t<div data-particle_enable=\"false\" data-particle-mobile-disabled=\"false\" class=\"elementor-element elementor-element-091c520 e-flex e-con-boxed e-con e-parent\" data-id=\"091c520\" data-element_type=\"container\" data-e-type=\"container\">\n\t\t\t\t\t<div class=\"e-con-inner\">\n\t\t\t\t<div class=\"elementor-element elementor-element-a1578df elementor-widget elementor-widget-text-editor\" data-id=\"a1578df\" data-element_type=\"widget\" data-e-type=\"widget\" data-widget_type=\"text-editor.default\">\n\t\t\t\t\t\t\t\t\t<p data-start=\"177\" data-end=\"524\">La paleta crom\u00e1tica evoc\u00f3 los colores vibrantes de los mercados y paisajes guatemaltecos, mientras que los cortes contempor\u00e1neos aportaron dinamismo y sofisticaci\u00f3n. &#8220;<\/p><p data-start=\"1452\" data-end=\"1866\">La participaci\u00f3n de Guerra no solo represent\u00f3 un logro personal en su carrera internacional, sino tambi\u00e9n un momento significativo para la moda guatemalteca, al proyectar en una vitrina global la calidad y el potencial creativo del pa\u00eds. Su propuesta reafirma que los textiles tradicionales no son elementos est\u00e1ticos del pasado, sino recursos vivos capaces de reinventarse y dialogar con las tendencias mundiales.<\/p><p data-start=\"1868\" data-end=\"2167\" data-is-last-node=\"\" data-is-only-node=\"\">Con esta presentaci\u00f3n, Janet Guerra consolida su posicionamiento como una dise\u00f1adora que apuesta por la identidad como sello distintivo, pero a la vez generando oportunidades para textileros locales. Demuestra as\u00ed que la elegancia puede surgir del respeto por las ra\u00edces y que la autenticidad es, hoy m\u00e1s que nunca, un valor diferencial en la industria de la moda.<\/p>\t\t\t\t\t\t\t\t<\/div>\n\t\t\t\t\t<\/div>\n\t\t\t\t<\/div>\n\t\t<div data-particle_enable=\"false\" data-particle-mobile-disabled=\"false\" class=\"elementor-element elementor-element-4397cef e-flex e-con-boxed e-con e-parent\" data-id=\"4397cef\" data-element_type=\"container\" data-e-type=\"container\">\n\t\t\t\t\t<div class=\"e-con-inner\">\n\t\t\t\t<div class=\"elementor-element elementor-element-ee8dc3b elementor-widget elementor-widget-heading\" data-id=\"ee8dc3b\" data-element_type=\"widget\" data-e-type=\"widget\" data-widget_type=\"heading.default\">\n\t\t\t\t\t<h4 class=\"elementor-heading-title elementor-size-default\">Admira el recorrido final de los dise\u00f1os de Janet Guerra en New York Fashion Week. Video Letty Bar\u00e1n<\/h4>\t\t\t\t<\/div>\n\t\t\t\t\t<\/div>\n\t\t\t\t<\/div>\n\t\t<div data-particle_enable=\"false\" data-particle-mobile-disabled=\"false\" class=\"elementor-element elementor-element-43ce065 e-flex e-con-boxed e-con e-parent\" data-id=\"43ce065\" data-element_type=\"container\" data-e-type=\"container\">\n\t\t\t\t\t<div class=\"e-con-inner\">\n\t\t\t\t<div class=\"elementor-element elementor-element-72330ce elementor-widget elementor-widget-video\" data-id=\"72330ce\" data-element_type=\"widget\" data-e-type=\"widget\" data-settings=\"{&quot;video_type&quot;:&quot;hosted&quot;,&quot;controls&quot;:&quot;yes&quot;}\" data-widget_type=\"video.default\">\n\t\t\t\t\t\t\t<div class=\"e-hosted-video elementor-wrapper elementor-open-inline\">\n\t\t\t\t\t<video class=\"elementor-video\" src=\"https:\/\/soymigrante.com\/revista\/wp-content\/uploads\/2026\/02\/desfile-pasarela-janet-guerra-new-york-fashion-week.mp4\" controls=\"\" preload=\"metadata\" controlsList=\"nodownload\"><\/video>\n\t\t\t\t<\/div>\n\t\t\t\t\t\t<\/div>\n\t\t\t\t\t<\/div>\n\t\t\t\t<\/div>\n\t\t<div data-particle_enable=\"false\" data-particle-mobile-disabled=\"false\" class=\"elementor-element elementor-element-3cce4a6 e-flex e-con-boxed e-con e-parent\" data-id=\"3cce4a6\" data-element_type=\"container\" data-e-type=\"container\">\n\t\t\t\t\t<div class=\"e-con-inner\">\n\t\t\t\t<div class=\"elementor-element elementor-element-f3e08e5 elementor-widget elementor-widget-image\" data-id=\"f3e08e5\" data-element_type=\"widget\" data-e-type=\"widget\" data-widget_type=\"image.default\">\n\t\t\t\t\t\t\t\t\t\t\t\t<figure class=\"wp-caption\">\n\t\t\t\t\t\t\t\t\t\t<img decoding=\"async\" width=\"585\" height=\"647\" src=\"https:\/\/soymigrante.com\/revista\/wp-content\/uploads\/2026\/02\/janet-guerra-10.png\" class=\"attachment-large size-large wp-image-52532\" alt=\"Verdaderamente emocionante fue el momento en que Janet Guerra fue aplaudida en el cierre de la pasarela de sus dise\u00f1os en New York Fashion Week. Si deseas ir al video del desfile en sus redes sociales, clic en la imagen.\" srcset=\"https:\/\/soymigrante.com\/revista\/wp-content\/uploads\/2026\/02\/janet-guerra-10.png 585w, https:\/\/soymigrante.com\/revista\/wp-content\/uploads\/2026\/02\/janet-guerra-10-271x300.png 271w\" sizes=\"(max-width: 585px) 100vw, 585px\" title=\"Verdaderamente emocionante fue el momento en que Janet Guerra fue aplaudida en el cierre de la pasarela de sus dise\u00f1os en New York Fashion Week. Si deseas ir al video del desfile en sus redes sociales, clic en la imagen. \u2013 SoyMigrante.com REVISTA\" \/>\t\t\t\t\t\t\t\t\t\t\t<figcaption class=\"widget-image-caption wp-caption-text\">Verdaderamente emocionante fue el momento en que Janet Guerra fue aplaudida en el cierre de la pasarela de sus dise\u00f1os en New York Fashion Week. <\/figcaption>\n\t\t\t\t\t\t\t\t\t\t<\/figure>\n\t\t\t\t\t\t\t\t\t<\/div>\n\t\t\t\t\t<\/div>\n\t\t\t\t<\/div>\n\t\t<div data-particle_enable=\"false\" data-particle-mobile-disabled=\"false\" class=\"elementor-element elementor-element-6ff22e4 e-flex e-con-boxed e-con e-parent\" data-id=\"6ff22e4\" data-element_type=\"container\" data-e-type=\"container\">\n\t\t\t\t\t<div class=\"e-con-inner\">\n\t\t\t\t<div class=\"elementor-element elementor-element-45133ce elementor-widget elementor-widget-heading\" data-id=\"45133ce\" data-element_type=\"widget\" data-e-type=\"widget\" data-widget_type=\"heading.default\">\n\t\t\t\t\t<h2 class=\"elementor-heading-title elementor-size-default\">Quiz\u00e1 tambi\u00e9n te podr\u00eda interesar<\/h2>\t\t\t\t<\/div>\n\t\t\t\t\t<\/div>\n\t\t\t\t<\/div>\n\t\t<div data-particle_enable=\"false\" data-particle-mobile-disabled=\"false\" class=\"elementor-element elementor-element-0ac78c7 e-flex e-con-boxed e-con e-parent\" data-id=\"0ac78c7\" data-element_type=\"container\" data-e-type=\"container\">\n\t\t\t\t\t<div class=\"e-con-inner\">\n\t\t\t\t<div class=\"elementor-element elementor-element-4eb702d elementor-grid-eael-col-3 elementor-grid-tablet-eael-col-2 elementor-grid-mobile-eael-col-1 elementor-widget elementor-widget-eael-post-grid\" data-id=\"4eb702d\" data-element_type=\"widget\" data-e-type=\"widget\" data-settings=\"{&quot;eael_post_grid_columns&quot;:&quot;eael-col-3&quot;,&quot;eael_post_grid_columns_tablet&quot;:&quot;eael-col-2&quot;,&quot;eael_post_grid_columns_mobile&quot;:&quot;eael-col-1&quot;}\" data-widget_type=\"eael-post-grid.default\">\n\t\t\t\t\t<div id=\"eael-post-grid-4eb702d\" class=\"eael-post-grid-container\">\n            <div class=\"eael-post-grid eael-post-appender eael-post-appender-4eb702d eael-post-grid-style-one\" data-layout-mode=\"masonry\"><article class=\"eael-grid-post  eael-post-grid-column eael-pg-post-18254 category-guate-nuestra tags-mercado-emprendedores\" data-id=\"18254\">\n        <div class=\"eael-grid-post-holder\">\n            <div class=\"eael-grid-post-holder-inner\"><div class=\"eael-entry-media\"><div class=\"eael-entry-overlay fade-in\"><i class=\"far fa-hand-pointer\" aria-hidden=\"true\"><\/i><a href=\"https:\/\/soymigrante.com\/revista\/kemon-collection-tejiendo-suenos-y-conservando-tradiciones-ancestrales\/\"><\/a><\/div><div class=\"eael-entry-thumbnail eael-image-ratio\">\n                <img loading=\"lazy\" decoding=\"async\" width=\"1024\" height=\"1024\" src=\"https:\/\/soymigrante.com\/revista\/wp-content\/uploads\/2024\/12\/kemon-1024x1024.jpg\" class=\"attachment-large size-large wp-image-18269\" alt=\"Artesana mostrando textiles tradicionales en feria de cultura ind\u00edgena en M\u00e9xico.\" srcset=\"https:\/\/soymigrante.com\/revista\/wp-content\/uploads\/2024\/12\/kemon-1024x1024.jpg 1024w, https:\/\/soymigrante.com\/revista\/wp-content\/uploads\/2024\/12\/kemon-300x300.jpg 300w, https:\/\/soymigrante.com\/revista\/wp-content\/uploads\/2024\/12\/kemon-150x150.jpg 150w, https:\/\/soymigrante.com\/revista\/wp-content\/uploads\/2024\/12\/kemon-768x768.jpg 768w, https:\/\/soymigrante.com\/revista\/wp-content\/uploads\/2024\/12\/kemon-75x75.webp 75w, https:\/\/soymigrante.com\/revista\/wp-content\/uploads\/2024\/12\/kemon-750x750.webp 750w, https:\/\/soymigrante.com\/revista\/wp-content\/uploads\/2024\/12\/kemon.webp 1080w\" sizes=\"(max-width: 1024px) 100vw, 1024px\" \/>\n            <\/div>\n        <\/div><div class=\"eael-entry-wrapper\"><header class=\"eael-entry-header\"><h2 class=\"eael-entry-title\"><a class=\"eael-grid-post-link\" href=\"https:\/\/soymigrante.com\/revista\/kemon-collection-tejiendo-suenos-y-conservando-tradiciones-ancestrales\/\" title=\"Kemon Collection: Tejiendo sue\u00f1os y conservando tradiciones ancestrales\">Kemon Collection: Tejiendo sue\u00f1os y conservando tradiciones ancestrales<\/a><\/h2><\/header><div class=\"eael-entry-content\">\n                        <div class=\"eael-grid-post-excerpt\"><a href=\"https:\/\/soymigrante.com\/revista\/kemon-collection-tejiendo-suenos-y-conservando-tradiciones-ancestrales\/\" class=\"eael-post-elements-readmore-btn\">CONOCE SU HISTORIA <\/a><\/div>\n                    <\/div><\/div><\/div>\n        <\/div>\n    <\/article><article class=\"eael-grid-post  eael-post-grid-column eael-pg-post-41297 category-guate-nuestra tags-mercado-emprendedores\" data-id=\"41297\">\n        <div class=\"eael-grid-post-holder\">\n            <div class=\"eael-grid-post-holder-inner\"><div class=\"eael-entry-media\"><div class=\"eael-entry-overlay fade-in\"><i class=\"far fa-hand-pointer\" aria-hidden=\"true\"><\/i><a href=\"https:\/\/soymigrante.com\/revista\/textiles-kem-colorido-e-identidad-de-adelina-nicho-desde-comalapa\/\"><\/a><\/div><div class=\"eael-entry-thumbnail eael-image-ratio\">\n                <img loading=\"lazy\" decoding=\"async\" width=\"1024\" height=\"1024\" src=\"https:\/\/soymigrante.com\/revista\/wp-content\/uploads\/2025\/08\/adelina-nicho-cumez-textiles-kem-comalapa-mercado-1-1024x1024.jpg\" class=\"attachment-large size-large wp-image-41302\" alt=\"Mujer ind\u00edgena con gafas, sonriendo y vestida con ropa colorida y patr\u00f3n tradicional, representando cultura y comunidad en un entorno natural.\" srcset=\"https:\/\/soymigrante.com\/revista\/wp-content\/uploads\/2025\/08\/adelina-nicho-cumez-textiles-kem-comalapa-mercado-1-1024x1024.jpg 1024w, https:\/\/soymigrante.com\/revista\/wp-content\/uploads\/2025\/08\/adelina-nicho-cumez-textiles-kem-comalapa-mercado-1-300x300.jpg 300w, https:\/\/soymigrante.com\/revista\/wp-content\/uploads\/2025\/08\/adelina-nicho-cumez-textiles-kem-comalapa-mercado-1-150x150.jpg 150w, https:\/\/soymigrante.com\/revista\/wp-content\/uploads\/2025\/08\/adelina-nicho-cumez-textiles-kem-comalapa-mercado-1-768x768.jpg 768w, https:\/\/soymigrante.com\/revista\/wp-content\/uploads\/2025\/08\/adelina-nicho-cumez-textiles-kem-comalapa-mercado-1-75x75.webp 75w, https:\/\/soymigrante.com\/revista\/wp-content\/uploads\/2025\/08\/adelina-nicho-cumez-textiles-kem-comalapa-mercado-1-750x750.webp 750w, https:\/\/soymigrante.com\/revista\/wp-content\/uploads\/2025\/08\/adelina-nicho-cumez-textiles-kem-comalapa-mercado-1-1140x1140.webp 1140w, https:\/\/soymigrante.com\/revista\/wp-content\/uploads\/2025\/08\/adelina-nicho-cumez-textiles-kem-comalapa-mercado-1.webp 1187w\" sizes=\"(max-width: 1024px) 100vw, 1024px\" \/>\n            <\/div>\n        <\/div><div class=\"eael-entry-wrapper\"><header class=\"eael-entry-header\"><h2 class=\"eael-entry-title\"><a class=\"eael-grid-post-link\" href=\"https:\/\/soymigrante.com\/revista\/textiles-kem-colorido-e-identidad-de-adelina-nicho-desde-comalapa\/\" title=\"Kem Textiles Mayas: colorido e identidad de Adelina Nicho desde Comalapa\">Kem Textiles Mayas: colorido e identidad de Adelina Nicho desde Comalapa<\/a><\/h2><\/header><div class=\"eael-entry-content\">\n                        <div class=\"eael-grid-post-excerpt\"><a href=\"https:\/\/soymigrante.com\/revista\/textiles-kem-colorido-e-identidad-de-adelina-nicho-desde-comalapa\/\" class=\"eael-post-elements-readmore-btn\">CONOCE SU HISTORIA <\/a><\/div>\n                    <\/div><\/div><\/div>\n        <\/div>\n    <\/article><article class=\"eael-grid-post  eael-post-grid-column eael-pg-post-44296 category-guate-nuestra\" data-id=\"44296\">\n        <div class=\"eael-grid-post-holder\">\n            <div class=\"eael-grid-post-holder-inner\"><div class=\"eael-entry-media\"><div class=\"eael-entry-overlay fade-in\"><i class=\"far fa-hand-pointer\" aria-hidden=\"true\"><\/i><a href=\"https:\/\/soymigrante.com\/revista\/textiles-dla-rossa-de-totonicapan-se-presenta-en-new-york-fashion-week-2025\/\"><\/a><\/div><div class=\"eael-entry-thumbnail eael-image-ratio\">\n                <img loading=\"lazy\" decoding=\"async\" width=\"684\" height=\"676\" src=\"https:\/\/soymigrante.com\/revista\/wp-content\/uploads\/2025\/09\/de-la-rosa-textiles.png\" class=\"attachment-large size-large wp-image-44349\" alt=\"\" srcset=\"https:\/\/soymigrante.com\/revista\/wp-content\/uploads\/2025\/09\/de-la-rosa-textiles.png 684w, https:\/\/soymigrante.com\/revista\/wp-content\/uploads\/2025\/09\/de-la-rosa-textiles-300x296.png 300w, https:\/\/soymigrante.com\/revista\/wp-content\/uploads\/2025\/09\/de-la-rosa-textiles-75x75.png 75w\" sizes=\"(max-width: 684px) 100vw, 684px\" \/>\n            <\/div>\n        <\/div><div class=\"eael-entry-wrapper\"><header class=\"eael-entry-header\"><h2 class=\"eael-entry-title\"><a class=\"eael-grid-post-link\" href=\"https:\/\/soymigrante.com\/revista\/textiles-dla-rossa-de-totonicapan-se-presenta-en-new-york-fashion-week-2025\/\" title=\"Textiles D\u2019La Rossa de Totonicap\u00e1n se presenta  en New York Fashion Week 2025\">Textiles D\u2019La Rossa de Totonicap\u00e1n se presenta  en New York Fashion Week 2025<\/a><\/h2><\/header><div class=\"eael-entry-content\">\n                        <div class=\"eael-grid-post-excerpt\"><a href=\"https:\/\/soymigrante.com\/revista\/textiles-dla-rossa-de-totonicapan-se-presenta-en-new-york-fashion-week-2025\/\" class=\"eael-post-elements-readmore-btn\">CONOCE SU HISTORIA <\/a><\/div>\n                    <\/div><\/div><\/div>\n        <\/div>\n    <\/article><\/div>\n            <div class=\"clearfix\"><\/div>\n        <\/div>\t\t\t\t<\/div>\n\t\t\t\t\t<\/div>\n\t\t\t\t<\/div>\n\t\t\t\t<\/div>\n\t\t","protected":false},"excerpt":{"rendered":"<p>Mira en video c\u00f3mo Guatemala brill\u00f3 en la Semana de la Moda de Nueva York la noche del 15 de febrero: la dise\u00f1adora quetzalteca Janet Guerra present\u00f3 sus creaciones, que integran elementos tradicionales y contempor\u00e1neos. La dise\u00f1adora guatemalteca Janet Guerra brill\u00f3 con luz propia en la Semana de la Moda de Nueva York (o New [&hellip;]<\/p>\n","protected":false},"author":7,"featured_media":52524,"comment_status":"open","ping_status":"open","sticky":false,"template":"","format":"standard","meta":{"_acf_changed":false,"_eb_attr":"","footnotes":""},"categories":[54],"tags":[130],"class_list":["post-52523","post","type-post","status-publish","format-standard","has-post-thumbnail","hentry","category-estamos-unidos","tag-mercado-emprendedores"],"acf":[],"aioseo_notices":[],"aioseo_head":"\n\t\t<!-- All in One SEO Pro 4.9.6.2 - aioseo.com -->\n\t<meta name=\"description\" content=\"F\u00e1brica artesanal de prendas mayas D&#039;La Rossa, de Totonicap\u00e1n, Guatemala participa en Nueva York Fashion Week este13 de septiembre. Y esta es su historia.\" \/>\n\t<meta name=\"robots\" content=\"max-snippet:-1, max-image-preview:large, max-video-preview:-1\" \/>\n\t<meta name=\"author\" content=\"Gustavo Montenegro\"\/>\n\t<link rel=\"canonical\" href=\"https:\/\/soymigrante.com\/revista\/textiles-dla-rossa-de-totonicapan-se-presenta-en-new-york-fashion-week-2025\/\" \/>\n\t<meta name=\"generator\" content=\"All in One SEO Pro (AIOSEO) 4.9.6.2\" \/>\n\n\t\t<link rel=\"preconnect\" href=\"https:\/\/fonts.googleapis.com\" crossorigin>\n<link rel=\"preconnect\" href=\"https:\/\/fonts.gstatic.com\" crossorigin>\n\t\t<meta property=\"og:locale\" content=\"es_ES\" \/>\n\t\t<meta property=\"og:site_name\" content=\"SoyMigrante.com REVISTA \u2013 Nuestra misi\u00f3n es reconocer y dignificar al migrante.\" \/>\n\t\t<meta property=\"og:type\" content=\"article\" \/>\n\t\t<meta property=\"og:title\" content=\"Textiles D\u2019La Rossa de Toto en New York Fashion Week 2025\" \/>\n\t\t<meta property=\"og:description\" content=\"F\u00e1brica artesanal de prendas mayas D&#039;La Rossa, de Totonicap\u00e1n, Guatemala participa en Nueva York Fashion Week este13 de septiembre. Y esta es su historia.\" \/>\n\t\t<meta property=\"og:url\" content=\"https:\/\/soymigrante.com\/revista\/textiles-dla-rossa-de-totonicapan-se-presenta-en-new-york-fashion-week-2025\/\" \/>\n\t\t<meta property=\"og:image\" content=\"https:\/\/soymigrante.com\/revista\/wp-content\/uploads\/2025\/09\/de-la-rosa-textiles.png\" \/>\n\t\t<meta property=\"og:image:secure_url\" content=\"https:\/\/soymigrante.com\/revista\/wp-content\/uploads\/2025\/09\/de-la-rosa-textiles.png\" \/>\n\t\t<meta property=\"og:image:width\" content=\"684\" \/>\n\t\t<meta property=\"og:image:height\" content=\"676\" \/>\n\t\t<meta property=\"article:published_time\" content=\"2025-09-10T22:17:52+00:00\" \/>\n\t\t<meta property=\"article:modified_time\" content=\"2025-10-06T14:11:04+00:00\" \/>\n\t\t<meta property=\"article:publisher\" content=\"https:\/\/www.facebook.com\/soymigrantecom\" \/>\n\t\t<meta name=\"twitter:card\" content=\"summary_large_image\" \/>\n\t\t<meta name=\"twitter:site\" content=\"@SoyMigrante_com\" \/>\n\t\t<meta name=\"twitter:title\" content=\"Textiles D\u2019La Rossa de Toto en New York Fashion Week 2025\" \/>\n\t\t<meta name=\"twitter:description\" content=\"F\u00e1brica artesanal de prendas mayas D&#039;La Rossa, de Totonicap\u00e1n, Guatemala participa en Nueva York Fashion Week este13 de septiembre. Y esta es su historia.\" \/>\n\t\t<meta name=\"twitter:creator\" content=\"@SoyMigrante_com\" \/>\n\t\t<meta name=\"twitter:image\" content=\"https:\/\/soymigrante.com\/revista\/wp-content\/uploads\/2025\/09\/de-la-rosa-textiles.png\" \/>\n\t\t<!-- All in One SEO Pro -->\r\n\t\t<title>Textiles D\u2019La Rossa de Toto en New York Fashion Week 2025<\/title>\n\n","aioseo_head_json":{"title":"Textiles D\u2019La Rossa de Toto en New York Fashion Week 2025","description":"F\u00e1brica artesanal de prendas mayas D'La Rossa, de Totonicap\u00e1n, Guatemala participa en Nueva York Fashion Week este13 de septiembre. Y esta es su historia.","canonical_url":"https:\/\/soymigrante.com\/revista\/textiles-dla-rossa-de-totonicapan-se-presenta-en-new-york-fashion-week-2025\/","robots":"max-snippet:-1, max-image-preview:large, max-video-preview:-1","keywords":"","webmasterTools":{"miscellaneous":"&lt;link rel=\"preconnect\" href=\"https:\/\/fonts.googleapis.com\" crossorigin&gt;\n&lt;link rel=\"preconnect\" href=\"https:\/\/fonts.gstatic.com\" crossorigin&gt;"},"schema":null,"og:locale":"es_ES","og:site_name":"SoyMigrante.com REVISTA \u2013 Nuestra misi\u00f3n es reconocer y dignificar al migrante.","og:type":"article","og:title":"Textiles D\u2019La Rossa de Toto en New York Fashion Week 2025","og:description":"F\u00e1brica artesanal de prendas mayas D'La Rossa, de Totonicap\u00e1n, Guatemala participa en Nueva York Fashion Week este13 de septiembre. Y esta es su historia.","og:url":"https:\/\/soymigrante.com\/revista\/textiles-dla-rossa-de-totonicapan-se-presenta-en-new-york-fashion-week-2025\/","og:image":"https:\/\/soymigrante.com\/revista\/wp-content\/uploads\/2025\/09\/de-la-rosa-textiles.png","og:image:secure_url":"https:\/\/soymigrante.com\/revista\/wp-content\/uploads\/2025\/09\/de-la-rosa-textiles.png","og:image:width":684,"og:image:height":676,"article:published_time":"2025-09-10T22:17:52+00:00","article:modified_time":"2025-10-06T14:11:04+00:00","article:publisher":"https:\/\/www.facebook.com\/soymigrantecom","twitter:card":"summary_large_image","twitter:site":"@SoyMigrante_com","twitter:title":"Textiles D\u2019La Rossa de Toto en New York Fashion Week 2025","twitter:description":"F\u00e1brica artesanal de prendas mayas D'La Rossa, de Totonicap\u00e1n, Guatemala participa en Nueva York Fashion Week este13 de septiembre. Y esta es su historia.","twitter:creator":"@SoyMigrante_com","twitter:image":"https:\/\/soymigrante.com\/revista\/wp-content\/uploads\/2025\/09\/de-la-rosa-textiles.png"},"aioseo_meta_data":{"post_id":"52523","title":"Brilla guatemalteca Janet Guerra en New York Fashion Week","description":"Dise\u00f1adora de modas quetzalteca presenta colorida pasarela en Semana de la Moda de Nueva York. Integra elementos textiles tradicionales y modernos. Mira el video","keywords":null,"keyphrases":{"focus":{"keyphrase":"Guatemalteca","score":60,"analysis":{"keyphraseInTitle":{"score":9,"maxScore":9,"error":0},"keyphraseInDescription":{"score":3,"maxScore":9,"error":1},"keyphraseLength":{"score":9,"maxScore":9,"error":0,"length":1},"keyphraseInURL":{"score":5,"maxScore":5,"error":0},"keyphraseInIntroduction":{"score":9,"maxScore":9,"error":0},"keyphraseInSubHeadings":{"score":3,"maxScore":9,"error":1},"keyphraseInImageAlt":{"score":3,"maxScore":9,"error":1},"keywordDensity":{"score":0,"type":"low","maxScore":9,"error":1}}},"additional":[{"keyphrase":"Dise\u00f1adora","score":87,"analysis":{"keyphraseInDescription":{"score":9,"maxScore":9,"error":0},"keyphraseLength":{"score":9,"maxScore":9,"error":0,"length":2},"keyphraseInIntroduction":{"score":9,"maxScore":9,"error":0},"keyphraseInImageAlt":{"score":3,"maxScore":9,"error":1},"keywordDensity":{"type":"best","score":9,"maxScore":9,"error":0}}},{"keyphrase":"New York","score":87,"analysis":{"keyphraseInDescription":{"score":3,"maxScore":9,"error":1},"keyphraseLength":{"score":9,"maxScore":9,"error":0,"length":2},"keyphraseInIntroduction":{"score":9,"maxScore":9,"error":0},"keyphraseInImageAlt":{"score":9,"maxScore":9,"error":0},"keywordDensity":{"type":"best","score":9,"maxScore":9,"error":0}}},{"keyphrase":"Moda","score":87,"analysis":{"keyphraseInDescription":{"score":9,"maxScore":9,"error":0},"keyphraseLength":{"score":9,"maxScore":9,"error":0,"length":1},"keyphraseInIntroduction":{"score":9,"maxScore":9,"error":0},"keyphraseInImageAlt":{"score":3,"maxScore":9,"error":1},"keywordDensity":{"type":"best","score":9,"maxScore":9,"error":0}}},{"keyphrase":"Nueva York","score":87,"analysis":{"keyphraseInDescription":{"score":9,"maxScore":9,"error":0},"keyphraseLength":{"score":9,"maxScore":9,"error":0,"length":2},"keyphraseInIntroduction":{"score":9,"maxScore":9,"error":0},"keyphraseInImageAlt":{"score":3,"maxScore":9,"error":1},"keywordDensity":{"type":"best","score":9,"maxScore":9,"error":0}}}]},"primary_term":null,"canonical_url":null,"og_title":null,"og_description":null,"og_object_type":"default","og_image_type":"default","og_image_url":null,"og_image_width":null,"og_image_height":null,"og_image_custom_url":null,"og_image_custom_fields":null,"og_video":"","og_custom_url":null,"og_article_section":null,"og_article_tags":null,"twitter_use_og":false,"twitter_card":"default","twitter_image_type":"default","twitter_image_url":null,"twitter_image_custom_url":null,"twitter_image_custom_fields":null,"twitter_title":null,"twitter_description":null,"schema":{"blockGraphs":[],"customGraphs":[],"default":{"data":{"Article":[],"Course":[],"Dataset":[],"FAQPage":[],"Movie":[],"Person":[],"Product":[],"ProductReview":[],"Car":[],"Recipe":[],"Service":[],"SoftwareApplication":[],"WebPage":[]},"graphName":"NewsArticle","isEnabled":true},"graphs":[]},"schema_type":"default","schema_type_options":null,"pillar_content":false,"robots_default":true,"robots_noindex":false,"robots_noarchive":false,"robots_nosnippet":false,"robots_nofollow":false,"robots_noimageindex":false,"robots_noodp":false,"robots_notranslate":false,"robots_max_snippet":"-1","robots_max_videopreview":"-1","robots_max_imagepreview":"large","priority":null,"frequency":"default","local_seo":null,"seo_analyzer_scan_date":null,"breadcrumb_settings":null,"limit_modified_date":false,"reviewed_by":"0","open_ai":null,"ai":{"faqs":[],"keyPoints":[],"titles":[],"descriptions":[],"socialPosts":{"email":[],"linkedin":[],"twitter":[],"facebook":[],"instagram":[]}},"created":"2026-02-16 03:11:20","updated":"2026-03-06 15:45:41"},"aioseo_breadcrumb":"<div class=\"aioseo-breadcrumbs\"><span class=\"aioseo-breadcrumb\">\n\t<a href=\"https:\/\/soymigrante.com\/revista\" title=\"Home\">Home<\/a>\n<\/span><span class=\"aioseo-breadcrumb-separator\">\u00bb<\/span><span class=\"aioseo-breadcrumb\">\n\t<a href=\"https:\/\/soymigrante.com\/revista\/category\/estamos-unidos\/\" title=\"Estamos Unidos\">Estamos Unidos<\/a>\n<\/span><span class=\"aioseo-breadcrumb-separator\">\u00bb<\/span><span class=\"aioseo-breadcrumb\">\n\tAs\u00ed fue la brillante pasarela de la guatemalteca Janet Guerra en la Semana de la Moda de Nueva York\n<\/span><\/div>","aioseo_breadcrumb_json":[{"label":"Home","link":"https:\/\/soymigrante.com\/revista"},{"label":"Estamos Unidos","link":"https:\/\/soymigrante.com\/revista\/category\/estamos-unidos\/"},{"label":"As\u00ed fue la brillante pasarela de la guatemalteca Janet Guerra en la Semana de la Moda de Nueva York","link":"https:\/\/soymigrante.com\/revista\/guatemalteca-janet-guerra-semana-de-la-moda-nueva-york-pasarela-disenadora-textiles-guatemaltecos\/"}],"_links":{"self":[{"href":"https:\/\/soymigrante.com\/revista\/wp-json\/wp\/v2\/posts\/52523","targetHints":{"allow":["GET"]}}],"collection":[{"href":"https:\/\/soymigrante.com\/revista\/wp-json\/wp\/v2\/posts"}],"about":[{"href":"https:\/\/soymigrante.com\/revista\/wp-json\/wp\/v2\/types\/post"}],"author":[{"embeddable":true,"href":"https:\/\/soymigrante.com\/revista\/wp-json\/wp\/v2\/users\/7"}],"replies":[{"embeddable":true,"href":"https:\/\/soymigrante.com\/revista\/wp-json\/wp\/v2\/comments?post=52523"}],"version-history":[{"count":9,"href":"https:\/\/soymigrante.com\/revista\/wp-json\/wp\/v2\/posts\/52523\/revisions"}],"predecessor-version":[{"id":52684,"href":"https:\/\/soymigrante.com\/revista\/wp-json\/wp\/v2\/posts\/52523\/revisions\/52684"}],"wp:featuredmedia":[{"embeddable":true,"href":"https:\/\/soymigrante.com\/revista\/wp-json\/wp\/v2\/media\/52524"}],"wp:attachment":[{"href":"https:\/\/soymigrante.com\/revista\/wp-json\/wp\/v2\/media?parent=52523"}],"wp:term":[{"taxonomy":"category","embeddable":true,"href":"https:\/\/soymigrante.com\/revista\/wp-json\/wp\/v2\/categories?post=52523"},{"taxonomy":"post_tag","embeddable":true,"href":"https:\/\/soymigrante.com\/revista\/wp-json\/wp\/v2\/tags?post=52523"}],"curies":[{"name":"wp","href":"https:\/\/api.w.org\/{rel}","templated":true}]}}