{"id":5234,"date":"2024-03-07T19:03:38","date_gmt":"2024-03-08T01:03:38","guid":{"rendered":"https:\/\/soymigrante.com\/revista\/?p=5234"},"modified":"2024-07-30T12:44:52","modified_gmt":"2024-07-30T18:44:52","slug":"cantautora-maya-gira-estados-unidos-migrantes","status":"publish","type":"post","link":"https:\/\/soymigrante.com\/revista\/cantautora-maya-gira-estados-unidos-migrantes\/","title":{"rendered":"Artista maya Ch&#8217;umilkaj Nicho le canta a las migrantes en gira por EE.UU."},"content":{"rendered":"<h2>Ch&#8217;umilkaj Nicho, cantautora originaria de San Juan Comalapa, reivindica con su m\u00fasica en kaqchikel y espa\u00f1ol la identidad de mujeres ind\u00edgenas que se vieron obligadas a ser migrantes debido a desigualdades en Guatemala.<\/h2>\n<p>Ch\u2019umilkaj significa Estrella del Cielo: Ella es cantautora kaqchikel, originaria de Comalapa, Guatemala. Proviene de una familia de artistas, su madre es pintora y muralista, y varias de sus t\u00edas se dedican a la tejedur\u00eda.\u00a0 En este 8 de marzo, D\u00eda Internacional de la Mujer, ofrecer\u00e1 un concierto en el Caf\u00e9 Tikal, en Brooklyn, Nueva York, fundado por migrantes guatemaltecos.\u00a0<\/p>\n<p>Con el documental llamado Nataxic, la artista recorri\u00f3 Europa y este a\u00f1o lo hace en Estados Unidos donde interpreta sus canciones con mensajes que reivindican la lucha de las mujeres y de los pueblos ind\u00edgenas de Guatemala agobiados por el conflicto armado interno.<\/p>\n<p>\u201cAbuelas\u201d, \u201cSol\u201d y \u201cFuimos Dos\u201d \u2013 Un Homenaje a la Sabidur\u00eda, la Resiliencia y la Fuerza \u2013, son algunos de sus \u00e9xitos musicales que lanz\u00f3 en el 2023.<\/p>\n<figure>\n\t\t\t\t\t\t\t\t\t\t<img fetchpriority=\"high\" decoding=\"async\" width=\"1024\" height=\"1024\" src=\"https:\/\/soymigrante.com\/revista\/wp-content\/uploads\/2024\/03\/tikal-1024x1024.webp\" alt=\"Ch&#039;umik&#039;aj continuar\u00e1 este 8 y 9 de marzo la gira de presentaciones en sendos escenarios de Nueva York.\" \/><figcaption>Ch&#8217;umik&#8217;aj continuar\u00e1 este 8 y 9 de marzo la gira de presentaciones en sendos escenarios de Nueva York.<\/figcaption><\/figure>\n<p>\u00a0Para Ch\u2019umilkaj presentarse en cada escenario posible de la Uni\u00f3n Americana la llena de emoci\u00f3n y m\u00e1s si dentro del p\u00fablico hay connacionales. \u201cEste recorrido no solo es para presentar mi m\u00fasica y el documental, sirve tambi\u00e9n para reconocer el trabajo de cientos de guatemaltecas y guatemaltecos que han venido a luchar a ganarse la vida desde este espacio sobre todo la comunidad migrante ind\u00edgena.<\/p>\n<p>\u201cK&#8217;ojlem \u00ad\u00ad\u00ad(Existencia)\u00a0 es una canci\u00f3n en kaqchikel que naci\u00f3 en un di\u00e1logo conmigo misma. Un canto que incentiva a reconocernos como parte de un todo, de esas preguntas y respuestas que solemos hacernos para no olvidar de d\u00f3nde venimos, quienes somos y hac\u00eda donde queremos ir\u201d.<\/p>\n<p>Y ese sentimiento se hace m\u00e1s fuerte cuando Ch\u2019umilkaj interpreta K&#8217;ojlem ante los migrantes. \u201cMuchos salieron por las condiciones de injusticia, desigualdad y todas las secuelas tambi\u00e9n de dolor por la corrupci\u00f3n, impunidad que ha prevalecido en Guatemala.<\/p>\n<p>\u00a0https:\/\/www.youtube.com\/watch?v=lJ42836oc9U\t\t<\/p>\n<h3>M\u00fasica migrante sin fronteras <\/h3>\n<p>Ch\u2019umilkaj est\u00e1 orgullosa de su la cultura y vestir con libertad su indumentaria de Comalapa. \u201cVenir a Nueva York y encontrarme con distintas nacionalidades ha sido algo que me ha nutrido much\u00edsimo y sobre todo tejer la diversidad, interculturalidad, estas propuestas nos unen\u201d.<\/p>\n<p>Su voz se quiebra describir que sus canciones se escuchan en kaqchikel. \u201cQui\u00e9n iba a pensar que esto iba a suceder. Hace 10 o 20 a\u00f1os esto era imposible. Dar un concierto en un idioma maya en esta ciudad es tan lindo y el recibimiento de mis hermanos guatemaltecos es grato\u201d.<\/p>\n<p>\u201cMi m\u00fasica ha sido un medio de viajar ha sido esa oportunidad de conocer y aprender y tambi\u00e9n a desaprender porque muchas veces hay una intenci\u00f3n digamos del ser guatemalteco\u201d.<\/p>\n<figure>\n\t\t\t\t\t\t\t\t\t\t<img decoding=\"async\" width=\"1024\" height=\"1024\" src=\"https:\/\/soymigrante.com\/revista\/wp-content\/uploads\/2024\/03\/BANNER-Chumilkaj-Curruchiche-Nicho-3-1024x1024.webp\" alt=\"Cantautora Ch&#039;umilkaj Nicho reivindica con su m\u00fasica el idioma kaqchikel el cual se habla en varios pobladores de departamentos del centro de Guatemala.\" \/><figcaption>Cantautora Ch&#8217;umilkaj Nicho reivindica con su m\u00fasica el idioma kaqchikel el cual se habla en varios pobladores de departamentos del centro de Guatemala.  <\/figcaption><\/figure>\n<h3>Inicios dif\u00edciles pero persiste su convicci\u00f3n<\/h3>\n<p>Los inicios no fueron f\u00e1ciles. Incluso en su natal Comalapa\u00a0 fue objeto de burlas por intentar cantar en kaqchikel. \u201cSubo a un escenario para hablar de mi identidad, de porqu\u00e9 sigue estando latente nuestra lucha, de porqu\u00e9 hablarles de nosotras las mujeres mayas es importante\u201d.\u00a0<\/p>\n<p>Pese a sus 10 a\u00f1os de carrera, a\u00fan hay momentos en los cuales el racismo est\u00e1 presente. \u201cMe ven y dicen: \u201cvas a cantar una canci\u00f3n folcl\u00f3rica\u201d.\u00a0 Pero ante eso, declara con seguridad y serenidad:\u00a0\u201cEl mensaje que vamos evocando y construyendo en cada espacio es el reconocimiento de nuestra memoria, recordar, honrar, agradecer tambi\u00e9n a la historia que nos ha permitido estar hasta donde estamos y entender tambi\u00e9n por qu\u00e9 estamos como estamos es como el objetivo\u201d.<\/p>\n<p>\u201cVenir a Nueva York y encontrarme con distintas nacionalidades ha sido algo que me ha nutrido much\u00edsimo y sobre todo tejer la diversidad, interculturalidad, estas propuestas nos unen\u201d.<\/p>\n<figure>\n\t\t\t\t\t\t\t\t\t\t<img decoding=\"async\" width=\"819\" height=\"1024\" src=\"https:\/\/soymigrante.com\/revista\/wp-content\/uploads\/2024\/03\/Chumilkaj-3-819x1024.webp\" alt=\"Ch\u2019umilkaj Nicho est\u00e1 orgullosa de su cultura y vestir con libertad su indumentaria de Comalapa\" \/><figcaption>Ch\u2019umilkaj Nicho est\u00e1 orgullosa de su  cultura y vestir con libertad su indumentaria de Comalapa<\/figcaption><\/figure>\n<h3>De qu\u00e9 trata Nataxik: Memoria, en kaqchiq&#8217;el<br \/>\n<\/h3>\n<p>Es la historia de Carmen Sotz, una prima de su mam\u00e1, quien fue desaparecida durante la guerra interna en Comalapa y cuyos restos fueron recuperados en una fosa com\u00fan.<\/p>\n<p>El documental dura 22 minutos y forma parte de las presentaciones de la cantante en su gira por Estados Unidos y Europa.\u00a0\u00a0El material audiovisual fue apoyado por la Agencia Vasca de Cooperaci\u00f3n para el Desarrollo, as\u00ed como de la cooperaci\u00f3n catalana. Se trata de un valiente ejercicio de memoria y dignidad.<\/p>\n<p>\t\t\t\t\t\t\t\u201cQui\u00e9n iba a pensar que esto iba a suceder. Hace 10 o 20 a\u00f1os esto era imposible. Dar un concierto en un idioma maya en esta ciudad de Estados Unidos es tan lindo y el recibimiento de mis hermanos guatemaltecos es grato\u201d.<br \/>\n\t\t\t\t\t\t\t<img loading=\"lazy\" decoding=\"async\" width=\"1080\" height=\"1080\" src=\"https:\/\/soymigrante.com\/revista\/wp-content\/uploads\/2024\/03\/Chumilkaj-1.webp\" alt=\"Ch\u2019umilkaj Nicho es una cantautora kaqchikel originaria de Comalapa, Guatemala. Sus presentaciones son en su idioma materno.\" \/><br \/>\n\t\t\t\t\t\t\t\t\t\t\t\t\t\tCh&#8217;umilkaj Nicho<br \/>\n\t\t\t\t\t\t\t\t\t\t\t\t\t\t\t\t\t\t\t\t\t\tCantautora maya kaqchiq&#8217;el<br \/>\n\t\t<iframe title=\"TR\u00c1ILER- NATAXIK #Memoria\" width=\"500\" height=\"281\" src=\"https:\/\/www.youtube.com\/embed\/P0Z-LypRJVU?feature=oembed\" frameborder=\"0\" allow=\"accelerometer; autoplay; clipboard-write; encrypted-media; gyroscope; picture-in-picture; web-share\" referrerpolicy=\"strict-origin-when-cross-origin\" allowfullscreen><\/iframe>\t\t<\/p>\n<article data-id=\"4556\">\n            <a href=\"https:\/\/soymigrante.com\/revista\/disenadora-maya-trasciende-entre-raices-y-fronteras\/\"><\/a><br \/>\n                <img loading=\"lazy\" decoding=\"async\" width=\"270\" height=\"300\" src=\"https:\/\/soymigrante.com\/revista\/wp-content\/uploads\/2024\/01\/Rosario-es-originaria-de-Zunil-Quetzaltenango--270x300.webp\" alt=\"Mar\u00eda Rosario Hern\u00e1ndez Ponce es originaria de Zunil Quetzaltenango, Guatemala. Desde los 15 a\u00f1os se ha dedicado a confeccionar prendas propias y ahora se ha convertido en dise\u00f1adora de prendas con tejidos de la indumentaria maya. Es estudiante de Trabajo Social en la universidad de su pa\u00eds.\" \/><\/p>\n<header>\n<h2><a href=\"https:\/\/soymigrante.com\/revista\/disenadora-maya-trasciende-entre-raices-y-fronteras\/\" title=\"Dise\u00f1adora maya k&#8217;iche&#8217; trasciende barreras, fronteras, modas y ra\u00edces\">Dise\u00f1adora maya k&#8217;iche&#8217; trasciende barreras, fronteras, modas y ra\u00edces<\/a><\/h2>\n<\/header>\n<p>E-Moda es el emprendimiento de Rosario Hern\u00e1ndez, dise\u00f1adora y tejedora&#8230;<\/p>\n<p><a href=\"https:\/\/soymigrante.com\/revista\/disenadora-maya-trasciende-entre-raices-y-fronteras\/\">Leer m\u00e1s<\/a><br \/>\n    <\/article>\n<article data-id=\"3329\">\n            <a href=\"https:\/\/soymigrante.com\/revista\/los-cuadernos-y-tipicos-de-aida-migrante-guatemalteca\/\"><\/a><br \/>\n                <img loading=\"lazy\" decoding=\"async\" width=\"300\" height=\"300\" src=\"https:\/\/soymigrante.com\/revista\/wp-content\/uploads\/2023\/11\/Aida-Barrios-Huinil-300x300.webp\" alt=\"Aida Barrios Huinil migrante guatemalteca se ha convertido en profesional actualmente imparte clases a ni\u00f1os y ni\u00f1as. Ense\u00f1a matem\u00e1ticas, espa\u00f1ol y tambi\u00e9n muestra su cultura a trav\u00e9s de cantos y cuentos en idioma mam.\" \/><\/p>\n<header>\n<h2><a href=\"https:\/\/soymigrante.com\/revista\/los-cuadernos-y-tipicos-de-aida-migrante-guatemalteca\/\" title=\"Migrante y emprendedora mam A\u00edda Barrios es maestra de primaria en California\">Migrante y emprendedora mam A\u00edda Barrios es maestra de primaria en California<\/a><\/h2>\n<\/header>\n<p>Aida Barrios migrante guatemalteca originaria de Cajol\u00e1, Quetzaltenango cumple el&#8230;<\/p>\n<p><a href=\"https:\/\/soymigrante.com\/revista\/los-cuadernos-y-tipicos-de-aida-migrante-guatemalteca\/\">Leer m\u00e1s<\/a><br \/>\n    <\/article>\n<article data-id=\"2511\">\n            <a href=\"https:\/\/soymigrante.com\/revista\/migrante-guatemalteca-cory-tzul-emprendio-su-negocio-en-alabama-y-crea-empleo-en-toto\/\"><\/a><br \/>\n                <img loading=\"lazy\" decoding=\"async\" width=\"300\" height=\"246\" src=\"https:\/\/soymigrante.com\/revista\/wp-content\/uploads\/2023\/09\/Captura-de-pantalla-2023-09-09-131440-300x246.webp\" alt=\"\" \/><\/p>\n<header>\n<h2><a href=\"https:\/\/soymigrante.com\/revista\/migrante-guatemalteca-cory-tzul-emprendio-su-negocio-en-alabama-y-crea-empleo-en-toto\/\" title=\"Migrante guatemalteca Cori Tzul emprendi\u00f3  negocio en Alabama y genera empleo en su natal  Totonicap\u00e1n\">Migrante guatemalteca Cori Tzul emprendi\u00f3  negocio en Alabama y genera empleo en su natal  Totonicap\u00e1n<\/a><\/h2>\n<\/header>\n<p>Madre, hija, migrante emprendedora, Cori Tzul lleg\u00f3 a Estados Unidos&#8230;<\/p>\n<p><a href=\"https:\/\/soymigrante.com\/revista\/migrante-guatemalteca-cory-tzul-emprendio-su-negocio-en-alabama-y-crea-empleo-en-toto\/\">Leer m\u00e1s<\/a><br \/>\n    <\/article>\n","protected":false},"excerpt":{"rendered":"<p>Ch&#8217;umilkaj Nicho, cantautora originaria de San Juan Comalapa, reivindica con su m\u00fasica en kaqchikel y espa\u00f1ol la identidad de mujeres ind\u00edgenas que se vieron obligadas a ser migrantes debido a desigualdades en Guatemala. Ch\u2019umilkaj significa Estrella del Cielo: Ella es cantautora kaqchikel, originaria de Comalapa, Guatemala. Proviene de una familia de artistas, su madre es [&hellip;]<\/p>\n","protected":false},"author":14,"featured_media":5235,"comment_status":"open","ping_status":"open","sticky":false,"template":"","format":"standard","meta":{"_acf_changed":false,"_eb_attr":"","footnotes":""},"categories":[54],"tags":[106],"class_list":["post-5234","post","type-post","status-publish","format-standard","has-post-thumbnail","hentry","category-estamos-unidos","tag-dia-internacional-de-la-mujer"],"acf":[],"aioseo_notices":[],"aioseo_head":"\n\t\t<!-- All in One SEO Pro 4.9.6.2 - aioseo.com -->\n\t<meta name=\"description\" content=\"Ch&#039;umilkaj Nicho canta en kaqchikel las desigualdades que provocaron la migraci\u00f3n de miles de guatemaltecos hacia Estados Unidos.\" \/>\n\t<meta name=\"robots\" content=\"max-snippet:-1, max-image-preview:large, max-video-preview:-1\" \/>\n\t<meta name=\"author\" content=\"Mynor Toc\"\/>\n\t<link rel=\"canonical\" href=\"https:\/\/soymigrante.com\/revista\/cantautora-maya-gira-estados-unidos-migrantes\/\" \/>\n\t<meta name=\"generator\" content=\"All in One SEO Pro (AIOSEO) 4.9.6.2\" \/>\n\n\t\t<link rel=\"preconnect\" href=\"https:\/\/fonts.googleapis.com\" crossorigin>\n<link rel=\"preconnect\" href=\"https:\/\/fonts.gstatic.com\" crossorigin>\n\t\t<meta property=\"og:locale\" content=\"es_ES\" \/>\n\t\t<meta property=\"og:site_name\" content=\"SoyMigrante.com REVISTA \u2013 Nuestra misi\u00f3n es reconocer y dignificar al migrante.\" \/>\n\t\t<meta property=\"og:type\" content=\"article\" \/>\n\t\t<meta property=\"og:title\" content=\"Artista maya Ch\u2019umilkaj Nicho le canta a las migrantes en gira por EE.UU.\" \/>\n\t\t<meta property=\"og:description\" content=\"Ch&#039;umilkaj Nicho canta en kaqchikel las desigualdades que provocaron la migraci\u00f3n de miles de guatemaltecos hacia Estados Unidos.\" \/>\n\t\t<meta property=\"og:url\" content=\"https:\/\/soymigrante.com\/revista\/cantautora-maya-gira-estados-unidos-migrantes\/\" \/>\n\t\t<meta property=\"og:image\" content=\"https:\/\/soymigrante.com\/revista\/wp-content\/uploads\/2024\/03\/BANNER-Chumilkaj-Curruchiche-Nicho-3.webp\" \/>\n\t\t<meta property=\"og:image:secure_url\" content=\"https:\/\/soymigrante.com\/revista\/wp-content\/uploads\/2024\/03\/BANNER-Chumilkaj-Curruchiche-Nicho-3.webp\" \/>\n\t\t<meta property=\"og:image:width\" content=\"1221\" \/>\n\t\t<meta property=\"og:image:height\" content=\"1221\" \/>\n\t\t<meta property=\"article:published_time\" content=\"2024-03-08T01:03:38+00:00\" \/>\n\t\t<meta property=\"article:modified_time\" content=\"2024-07-30T18:44:52+00:00\" \/>\n\t\t<meta property=\"article:publisher\" content=\"https:\/\/www.facebook.com\/soymigrantecom\" \/>\n\t\t<meta name=\"twitter:card\" content=\"summary_large_image\" \/>\n\t\t<meta name=\"twitter:site\" content=\"@SoyMigrante_com\" \/>\n\t\t<meta name=\"twitter:title\" content=\"Artista maya Ch\u2019umilkaj Nicho le canta a las migrantes en gira por EE.UU.\" \/>\n\t\t<meta name=\"twitter:description\" content=\"Ch&#039;umilkaj Nicho canta en kaqchikel las desigualdades que provocaron la migraci\u00f3n de miles de guatemaltecos hacia Estados Unidos.\" \/>\n\t\t<meta name=\"twitter:creator\" content=\"@SoyMigrante_com\" \/>\n\t\t<meta name=\"twitter:image\" content=\"https:\/\/soymigrante.com\/revista\/wp-content\/uploads\/2024\/03\/BANNER-Chumilkaj-Curruchiche-Nicho-3.webp\" \/>\n\t\t<!-- All in One SEO Pro -->\r\n\t\t<title>Artista maya Ch\u2019umilkaj Nicho le canta a las migrantes en gira por EE.UU.<\/title>\n\n","aioseo_head_json":{"title":"Artista maya Ch\u2019umilkaj Nicho le canta a las migrantes en gira por EE.UU.","description":"Ch'umilkaj Nicho canta en kaqchikel las desigualdades que provocaron la migraci\u00f3n de miles de guatemaltecos hacia Estados Unidos.","canonical_url":"https:\/\/soymigrante.com\/revista\/cantautora-maya-gira-estados-unidos-migrantes\/","robots":"max-snippet:-1, max-image-preview:large, max-video-preview:-1","keywords":"","webmasterTools":{"miscellaneous":"&lt;link rel=\"preconnect\" href=\"https:\/\/fonts.googleapis.com\" crossorigin&gt;\n&lt;link rel=\"preconnect\" href=\"https:\/\/fonts.gstatic.com\" crossorigin&gt;"},"schema":null,"og:locale":"es_ES","og:site_name":"SoyMigrante.com REVISTA \u2013 Nuestra misi\u00f3n es reconocer y dignificar al migrante.","og:type":"article","og:title":"Artista maya Ch\u2019umilkaj Nicho le canta a las migrantes en gira por EE.UU.","og:description":"Ch'umilkaj Nicho canta en kaqchikel las desigualdades que provocaron la migraci\u00f3n de miles de guatemaltecos hacia Estados Unidos.","og:url":"https:\/\/soymigrante.com\/revista\/cantautora-maya-gira-estados-unidos-migrantes\/","og:image":"https:\/\/soymigrante.com\/revista\/wp-content\/uploads\/2024\/03\/BANNER-Chumilkaj-Curruchiche-Nicho-3.webp","og:image:secure_url":"https:\/\/soymigrante.com\/revista\/wp-content\/uploads\/2024\/03\/BANNER-Chumilkaj-Curruchiche-Nicho-3.webp","og:image:width":1221,"og:image:height":1221,"article:published_time":"2024-03-08T01:03:38+00:00","article:modified_time":"2024-07-30T18:44:52+00:00","article:publisher":"https:\/\/www.facebook.com\/soymigrantecom","twitter:card":"summary_large_image","twitter:site":"@SoyMigrante_com","twitter:title":"Artista maya Ch\u2019umilkaj Nicho le canta a las migrantes en gira por EE.UU.","twitter:description":"Ch'umilkaj Nicho canta en kaqchikel las desigualdades que provocaron la migraci\u00f3n de miles de guatemaltecos hacia Estados Unidos.","twitter:creator":"@SoyMigrante_com","twitter:image":"https:\/\/soymigrante.com\/revista\/wp-content\/uploads\/2024\/03\/BANNER-Chumilkaj-Curruchiche-Nicho-3.webp"},"aioseo_meta_data":{"post_id":"5234","title":null,"description":"Ch'umilkaj Nicho canta en kaqchikel las desigualdades que provocaron la migraci\u00f3n de miles de guatemaltecos hacia Estados Unidos.","keywords":[],"keyphrases":{"focus":{"keyphrase":"Migrante","score":74,"analysis":{"keyphraseInTitle":{"score":3,"maxScore":9,"error":1},"keyphraseInDescription":{"score":3,"maxScore":9,"error":1},"keyphraseLength":{"score":9,"maxScore":9,"error":0,"length":1},"keyphraseInURL":{"score":5,"maxScore":5,"error":0},"keyphraseInIntroduction":{"score":3,"maxScore":9,"error":1},"keyphraseInSubHeadings":{"score":9,"maxScore":9,"error":0},"keyphraseInImageAlt":{"score":9,"maxScore":9,"error":0},"keywordDensity":{"type":"best","score":9,"maxScore":9,"error":0}}},"additional":[]},"primary_term":null,"canonical_url":null,"og_title":null,"og_description":null,"og_object_type":"default","og_image_type":"default","og_image_url":null,"og_image_width":null,"og_image_height":null,"og_image_custom_url":null,"og_image_custom_fields":null,"og_video":"","og_custom_url":null,"og_article_section":null,"og_article_tags":[],"twitter_use_og":false,"twitter_card":"default","twitter_image_type":"default","twitter_image_url":null,"twitter_image_custom_url":null,"twitter_image_custom_fields":null,"twitter_title":null,"twitter_description":null,"schema":{"blockGraphs":[],"customGraphs":[],"default":{"data":{"Article":[],"Course":[],"Dataset":[],"FAQPage":[],"Movie":[],"Person":[],"Product":[],"ProductReview":[],"Car":[],"Recipe":[],"Service":[],"SoftwareApplication":[],"WebPage":[]},"graphName":"BlogPosting","isEnabled":true},"graphs":[]},"schema_type":"default","schema_type_options":null,"pillar_content":false,"robots_default":true,"robots_noindex":false,"robots_noarchive":false,"robots_nosnippet":false,"robots_nofollow":false,"robots_noimageindex":false,"robots_noodp":false,"robots_notranslate":false,"robots_max_snippet":"-1","robots_max_videopreview":"-1","robots_max_imagepreview":"large","priority":null,"frequency":"default","local_seo":null,"seo_analyzer_scan_date":"2025-10-08 21:21:46","breadcrumb_settings":null,"limit_modified_date":false,"reviewed_by":null,"open_ai":null,"ai":null,"created":"2024-03-07 23:05:12","updated":"2026-02-04 10:56:08"},"aioseo_breadcrumb":"<div class=\"aioseo-breadcrumbs\"><span class=\"aioseo-breadcrumb\">\n\t<a href=\"https:\/\/soymigrante.com\/revista\" title=\"Home\">Home<\/a>\n<\/span><span class=\"aioseo-breadcrumb-separator\">\u00bb<\/span><span class=\"aioseo-breadcrumb\">\n\t<a href=\"https:\/\/soymigrante.com\/revista\/category\/estamos-unidos\/\" title=\"Estamos Unidos\">Estamos Unidos<\/a>\n<\/span><span class=\"aioseo-breadcrumb-separator\">\u00bb<\/span><span class=\"aioseo-breadcrumb\">\n\tArtista maya Ch\u2019umilkaj Nicho le canta a las migrantes en gira por EE.UU.\n<\/span><\/div>","aioseo_breadcrumb_json":[{"label":"Home","link":"https:\/\/soymigrante.com\/revista"},{"label":"Estamos Unidos","link":"https:\/\/soymigrante.com\/revista\/category\/estamos-unidos\/"},{"label":"Artista maya Ch&#8217;umilkaj Nicho le canta a las migrantes en gira por EE.UU.","link":"https:\/\/soymigrante.com\/revista\/cantautora-maya-gira-estados-unidos-migrantes\/"}],"_links":{"self":[{"href":"https:\/\/soymigrante.com\/revista\/wp-json\/wp\/v2\/posts\/5234","targetHints":{"allow":["GET"]}}],"collection":[{"href":"https:\/\/soymigrante.com\/revista\/wp-json\/wp\/v2\/posts"}],"about":[{"href":"https:\/\/soymigrante.com\/revista\/wp-json\/wp\/v2\/types\/post"}],"author":[{"embeddable":true,"href":"https:\/\/soymigrante.com\/revista\/wp-json\/wp\/v2\/users\/14"}],"replies":[{"embeddable":true,"href":"https:\/\/soymigrante.com\/revista\/wp-json\/wp\/v2\/comments?post=5234"}],"version-history":[{"count":0,"href":"https:\/\/soymigrante.com\/revista\/wp-json\/wp\/v2\/posts\/5234\/revisions"}],"wp:featuredmedia":[{"embeddable":true,"href":"https:\/\/soymigrante.com\/revista\/wp-json\/wp\/v2\/media\/5235"}],"wp:attachment":[{"href":"https:\/\/soymigrante.com\/revista\/wp-json\/wp\/v2\/media?parent=5234"}],"wp:term":[{"taxonomy":"category","embeddable":true,"href":"https:\/\/soymigrante.com\/revista\/wp-json\/wp\/v2\/categories?post=5234"},{"taxonomy":"post_tag","embeddable":true,"href":"https:\/\/soymigrante.com\/revista\/wp-json\/wp\/v2\/tags?post=5234"}],"curies":[{"name":"wp","href":"https:\/\/api.w.org\/{rel}","templated":true}]}}