{"id":52292,"date":"2026-02-09T09:48:31","date_gmt":"2026-02-09T15:48:31","guid":{"rendered":"https:\/\/soymigrante.com\/revista\/?p=52292"},"modified":"2026-02-09T17:54:36","modified_gmt":"2026-02-09T23:54:36","slug":"comunidad-garifuna-en-usa-exige-ser-reconocida-en-censo-2030-en-el-congreso-de-estados-unidos","status":"publish","type":"post","link":"https:\/\/soymigrante.com\/revista\/comunidad-garifuna-en-usa-exige-ser-reconocida-en-censo-2030-en-el-congreso-de-estados-unidos\/","title":{"rendered":"Comunidad Gar\u00edfuna en USA exige ser reconocida en censo 2030 en el Congreso de Estados Unidos"},"content":{"rendered":"\t\t<div data-elementor-type=\"wp-post\" data-elementor-id=\"52292\" class=\"elementor elementor-52292\" data-elementor-post-type=\"post\">\n\t\t\t\t<div data-particle_enable=\"false\" data-particle-mobile-disabled=\"false\" class=\"elementor-element elementor-element-b555dc9 e-flex e-con-boxed e-con e-parent\" data-id=\"b555dc9\" data-element_type=\"container\" data-e-type=\"container\">\n\t\t\t\t\t<div class=\"e-con-inner\">\n\t\t\t\t<div class=\"elementor-element elementor-element-1386cef elementor-widget elementor-widget-heading\" data-id=\"1386cef\" data-element_type=\"widget\" data-e-type=\"widget\" data-widget_type=\"heading.default\">\n\t\t\t\t\t<h2 class=\"elementor-heading-title elementor-size-default\">Arnold Ciego, migrante guatemalteco y presidente de la Asociaci\u00f3n Hijos de L\u00edvingston, particip\u00f3 en reuni\u00f3n del Cuacus Hispano del Congreso de Estados Unidos, dedicada a escuchar a la comunidad afrolatina.<\/h2>\t\t\t\t<\/div>\n\t\t\t\t\t<\/div>\n\t\t\t\t<\/div>\n\t\t<div data-particle_enable=\"false\" data-particle-mobile-disabled=\"false\" class=\"elementor-element elementor-element-52fffe2 e-flex e-con-boxed e-con e-parent\" data-id=\"52fffe2\" data-element_type=\"container\" data-e-type=\"container\">\n\t\t\t\t\t<div class=\"e-con-inner\">\n\t\t\t\t<div class=\"elementor-element elementor-element-7f63cb4 elementor-widget elementor-widget-text-editor\" data-id=\"7f63cb4\" data-element_type=\"widget\" data-e-type=\"widget\" data-widget_type=\"text-editor.default\">\n\t\t\t\t\t\t\t\t\t<p data-start=\"211\" data-end=\"375\"><span data-start=\"211\" data-end=\"375\">Desde el Congreso estadounidense, l\u00edderes de comunidades afrolatinas, incluyendo al <a href=\"https:\/\/soymigrante.com\/revista\/pueblo-garinagu-garifuna-lleva-mas-de-dos-siglos-en-guatemala\/\">pueblo Gar\u00edfuna ( los Gar\u00ednagu)<\/a> de Centro Am\u00e9rica, reclamaron visibilidad estad\u00edstica y reconocimiento pleno para garantizar derechos, recursos y representaci\u00f3n, a trav\u00e9s de la participaci\u00f3n de <a href=\"https:\/\/soymigrante.com\/revista\/empresario-migrante-guatemalteco-arnold-ciego-impulsa-identidad-garifuna-desde-bronx-ny\/\">Arnold Ciego,<\/a> presidente de la Asociaci\u00f3n Hijos de L\u00edvingston, de Nueva York.<\/span><\/p><p data-start=\"211\" data-end=\"375\">De cara al Censo de Estados Unidos 2030, comunidades gar\u00edfunas alzaron la voz desde el Congreso para exigir ser reconocidas y contadas como pueblo garinagu, una demanda clave para asegurar planificaci\u00f3n p\u00fablica, asignaci\u00f3n de fondos y protecci\u00f3n de derechos. \u201cLo que no se nombra en el Censo no se planifica, no se financia y no se protege\u201d, fue una de las ideas centrales del encuentro.<\/p>\t\t\t\t\t\t\t\t<\/div>\n\t\t\t\t\t<\/div>\n\t\t\t\t<\/div>\n\t\t<div data-particle_enable=\"false\" data-particle-mobile-disabled=\"false\" class=\"elementor-element elementor-element-1b9a800 e-flex e-con-boxed e-con e-parent\" data-id=\"1b9a800\" data-element_type=\"container\" data-e-type=\"container\">\n\t\t\t\t\t<div class=\"e-con-inner\">\n\t\t\t\t<div class=\"elementor-element elementor-element-b49f131 elementor-widget elementor-widget-image\" data-id=\"b49f131\" data-element_type=\"widget\" data-e-type=\"widget\" data-widget_type=\"image.default\">\n\t\t\t\t\t\t\t\t\t\t\t\t<figure class=\"wp-caption\">\n\t\t\t\t\t\t\t\t\t\t<img fetchpriority=\"high\" decoding=\"async\" width=\"768\" height=\"1024\" src=\"https:\/\/soymigrante.com\/revista\/wp-content\/uploads\/2026\/02\/arnold-ciego-asociacion-hijos-de-livingston-migrantes-en-estados-unidos-6.jpeg\" class=\"attachment-large size-large wp-image-52296\" alt=\"El migrante guatemalteco Arnold Ciego, presidente de la Asociaci\u00f3n Hijos de L\u00edvingston de Nueva York, particip\u00f3 en la reuni\u00f3n ante el Cuacus Latino, junto a otras organizaciones afrolatinas que demandan m\u00e1s inclusi\u00f3n y ser contabilizadas en espec\u00edfico en el Censo de Poblaci\u00f3n 2030 de Estados Unidos. (Foto cortes\u00eda Arnold Ciego)\" srcset=\"https:\/\/soymigrante.com\/revista\/wp-content\/uploads\/2026\/02\/arnold-ciego-asociacion-hijos-de-livingston-migrantes-en-estados-unidos-6.jpeg 768w, https:\/\/soymigrante.com\/revista\/wp-content\/uploads\/2026\/02\/arnold-ciego-asociacion-hijos-de-livingston-migrantes-en-estados-unidos-6-225x300.jpeg 225w, https:\/\/soymigrante.com\/revista\/wp-content\/uploads\/2026\/02\/arnold-ciego-asociacion-hijos-de-livingston-migrantes-en-estados-unidos-6-750x1000.jpeg 750w\" sizes=\"(max-width: 768px) 100vw, 768px\" title=\"El migrante guatemalteco Arnold Ciego, presidente de la Asociaci\u00f3n Hijos de L\u00edvingston de Nueva York, particip\u00f3 en la reuni\u00f3n ante el Cuacus Latino,  junto a otras organizaciones afrolatinas que demandan m\u00e1s inclusi\u00f3n y ser contabilizadas en espec\u00edfico en el Censo de Poblaci\u00f3n 2030 de Estados Unidos. (Foto cortes\u00eda Arnold Ciego) \u2013 SoyMigrante.com REVISTA\" \/>\t\t\t\t\t\t\t\t\t\t\t<figcaption class=\"widget-image-caption wp-caption-text\">El migrante guatemalteco Arnold Ciego, presidente de la Asociaci\u00f3n Hijos de L\u00edvingston de Nueva York, particip\u00f3 en la reuni\u00f3n ante el Cuacus Latino,  junto a otras organizaciones afrolatinas que demandan m\u00e1s inclusi\u00f3n y ser contabilizadas en espec\u00edfico en el Censo de Poblaci\u00f3n 2030 de Estados Unidos. (Foto cortes\u00eda Arnold Ciego)<\/figcaption>\n\t\t\t\t\t\t\t\t\t\t<\/figure>\n\t\t\t\t\t\t\t\t\t<\/div>\n\t\t\t\t\t<\/div>\n\t\t\t\t<\/div>\n\t\t<div data-particle_enable=\"false\" data-particle-mobile-disabled=\"false\" class=\"elementor-element elementor-element-5f2b6f0 e-flex e-con-boxed e-con e-parent\" data-id=\"5f2b6f0\" data-element_type=\"container\" data-e-type=\"container\">\n\t\t\t\t\t<div class=\"e-con-inner\">\n\t\t\t\t<div class=\"elementor-element elementor-element-b0b6145 elementor-widget elementor-widget-heading\" data-id=\"b0b6145\" data-element_type=\"widget\" data-e-type=\"widget\" data-widget_type=\"heading.default\">\n\t\t\t\t\t<h3 class=\"elementor-heading-title elementor-size-default\">Ciego: \"M\u00e1s que cifras son recursos y derechos\"<\/h3>\t\t\t\t<\/div>\n\t\t\t\t\t<\/div>\n\t\t\t\t<\/div>\n\t\t<div data-particle_enable=\"false\" data-particle-mobile-disabled=\"false\" class=\"elementor-element elementor-element-2e2d441 e-flex e-con-boxed e-con e-parent\" data-id=\"2e2d441\" data-element_type=\"container\" data-e-type=\"container\">\n\t\t\t\t\t<div class=\"e-con-inner\">\n\t\t\t\t<div class=\"elementor-element elementor-element-3da69e6 elementor-widget elementor-widget-text-editor\" data-id=\"3da69e6\" data-element_type=\"widget\" data-e-type=\"widget\" data-widget_type=\"text-editor.default\">\n\t\t\t\t\t\t\t\t\t<p data-start=\"211\" data-end=\"375\">La exigencia se plante\u00f3 el <span data-start=\"810\" data-end=\"834\">6 de febrero de 2026<\/span>, durante la <span data-start=\"847\" data-end=\"922\">primera Mesa Redonda Afrolatina del Congressional Hispanic Caucus (CHC)<\/span>, realizada en el marco del Mes de la Historia Negra. La actividad fue liderada por el congresista <span data-start=\"1021\" data-end=\"1050\">Adriano Espaillat (NY-13)<\/span>, presidente del CHC, en coordinaci\u00f3n con el <span data-start=\"1095\" data-end=\"1114\">Caucus Garinagu<\/span>, presidido por el congresista <span data-start=\"1145\" data-end=\"1171\">Ritchie Torres (NY-15)<\/span>, ambos representantes de Nueva York.<\/p><p data-start=\"1210\" data-end=\"1582\">Desde ese espacio, el l\u00edder comunitario <span data-start=\"1250\" data-end=\"1266\">Arnold Ciego<\/span>, migrante guatemalteco gar\u00edfuna, emprendedor en Nueva York y presidente de la asociaci\u00f3n <span data-start=\"1356\" data-end=\"1379\">Hijos de Livingston<\/span>, particip\u00f3 en representaci\u00f3n de organizaciones que trabajan con la di\u00e1spora gar\u00edfuna y centroamericana, entre ellas <span data-start=\"1496\" data-end=\"1513\">Casa Yurumein<\/span>, <span data-start=\"1515\" data-end=\"1558\">Hondure\u00f1os Contra el SIDA en Nueva York<\/span> y <span data-start=\"1561\" data-end=\"1581\">Alianza Am\u00e9ricas<\/span>.\u00a0<\/p><p data-start=\"1584\" data-end=\"1988\"><a href=\"https:\/\/soymigrante.com\/revista\/empresario-migrante-guatemalteco-arnold-ciego-impulsa-identidad-garifuna-desde-bronx-ny\/\">Arnold Ciego<\/a> subray\u00f3 que la actual forma en que el Censo clasifica a las poblaciones contin\u00faa invisibilizando a los garinagu y a las comunidades afrolatinas, lo que tiene consecuencias directas en el acceso a fondos federales, representaci\u00f3n pol\u00edtica y programas de vivienda, salud y educaci\u00f3n. \u201cNo es solo identidad: son recursos, derechos y pol\u00edticas p\u00fablicas\u201d, insistieron varios participantes del encuentro.<\/p>\t\t\t\t\t\t\t\t<\/div>\n\t\t\t\t\t<\/div>\n\t\t\t\t<\/div>\n\t\t<div data-particle_enable=\"false\" data-particle-mobile-disabled=\"false\" class=\"elementor-element elementor-element-2b22f13 e-flex e-con-boxed e-con e-parent\" data-id=\"2b22f13\" data-element_type=\"container\" data-e-type=\"container\">\n\t\t\t\t\t<div class=\"e-con-inner\">\n\t\t\t\t<div class=\"elementor-element elementor-element-305e88a elementor-widget elementor-widget-eael-creative-button\" data-id=\"305e88a\" data-element_type=\"widget\" data-e-type=\"widget\" data-widget_type=\"eael-creative-button.default\">\n\t\t\t\t\t        <div class=\"eael-creative-button-wrapper\">\n\n            <a class=\"eael-creative-button eael-creative-button--default eael-cb-icon-position-\" href=\"https:\/\/soymigrante.com\/revista\/pueblo-garinagu-garifuna-lleva-mas-de-dos-siglos-en-guatemala\/\" data-text=\"\">\n            \t    \n                <div class=\"creative-button-inner\">\n\n                    \n                    <span class=\"cretive-button-text\">\u00bfComo se dice, Gar\u00edfuna o Gar\u00ednagu?  Te lo explicamos<\/span>\n\n                                    <\/div>\n\t                        <\/a>\n        <\/div>\n        \t\t\t\t<\/div>\n\t\t\t\t\t<\/div>\n\t\t\t\t<\/div>\n\t\t<div data-particle_enable=\"false\" data-particle-mobile-disabled=\"false\" class=\"elementor-element elementor-element-20e6c2f e-flex e-con-boxed e-con e-parent\" data-id=\"20e6c2f\" data-element_type=\"container\" data-e-type=\"container\">\n\t\t\t\t\t<div class=\"e-con-inner\">\n\t\t\t\t<div class=\"elementor-element elementor-element-642e3d3 elementor-widget elementor-widget-image\" data-id=\"642e3d3\" data-element_type=\"widget\" data-e-type=\"widget\" data-widget_type=\"image.default\">\n\t\t\t\t\t\t\t\t\t\t\t\t<figure class=\"wp-caption\">\n\t\t\t\t\t\t\t\t\t\t<img decoding=\"async\" width=\"1024\" height=\"768\" src=\"https:\/\/soymigrante.com\/revista\/wp-content\/uploads\/2026\/02\/arnold-ciego-asociacion-hijos-de-livingston-migrantes-en-estados-unidos-4.jpeg\" class=\"attachment-large size-large wp-image-52297\" alt=\"Representantes de organizaciones afrolatinas de Estados Unidos se reunieron con congresistas del Cuacus Latino, para exigir m\u00e1s visibilidad en el Censo, lo cual se traduce en mejores posibilidades de acceso a servicios y programas. (Foto cortes\u00eda Arnold Ciego)\" srcset=\"https:\/\/soymigrante.com\/revista\/wp-content\/uploads\/2026\/02\/arnold-ciego-asociacion-hijos-de-livingston-migrantes-en-estados-unidos-4.jpeg 1024w, https:\/\/soymigrante.com\/revista\/wp-content\/uploads\/2026\/02\/arnold-ciego-asociacion-hijos-de-livingston-migrantes-en-estados-unidos-4-300x225.jpeg 300w, https:\/\/soymigrante.com\/revista\/wp-content\/uploads\/2026\/02\/arnold-ciego-asociacion-hijos-de-livingston-migrantes-en-estados-unidos-4-768x576.jpeg 768w, https:\/\/soymigrante.com\/revista\/wp-content\/uploads\/2026\/02\/arnold-ciego-asociacion-hijos-de-livingston-migrantes-en-estados-unidos-4-750x563.jpeg 750w\" sizes=\"(max-width: 1024px) 100vw, 1024px\" title=\"Representantes de organizaciones afrolatinas de Estados Unidos se reunieron con congresistas del Cuacus Latino, para exigir m\u00e1s visibilidad en el Censo, lo cual se traduce en mejores posibilidades de acceso a servicios y programas. (Foto cortes\u00eda Arnold Ciego) \u2013 SoyMigrante.com REVISTA\" \/>\t\t\t\t\t\t\t\t\t\t\t<figcaption class=\"widget-image-caption wp-caption-text\">Representantes de organizaciones afrolatinas de Estados Unidos se reunieron con congresistas del Cuacus Latino, para exigir m\u00e1s visibilidad en el Censo, lo cual se traduce en mejores posibilidades de acceso a servicios y programas. (Foto cortes\u00eda Arnold Ciego)<\/figcaption>\n\t\t\t\t\t\t\t\t\t\t<\/figure>\n\t\t\t\t\t\t\t\t\t<\/div>\n\t\t\t\t\t<\/div>\n\t\t\t\t<\/div>\n\t\t<div data-particle_enable=\"false\" data-particle-mobile-disabled=\"false\" class=\"elementor-element elementor-element-2382572 e-flex e-con-boxed e-con e-parent\" data-id=\"2382572\" data-element_type=\"container\" data-e-type=\"container\">\n\t\t\t\t\t<div class=\"e-con-inner\">\n\t\t\t\t<div class=\"elementor-element elementor-element-6dd91bc elementor-widget elementor-widget-heading\" data-id=\"6dd91bc\" data-element_type=\"widget\" data-e-type=\"widget\" data-widget_type=\"heading.default\">\n\t\t\t\t\t<h3 class=\"elementor-heading-title elementor-size-default\">\"Hablamos por nuestros ancestros\" <\/h3>\t\t\t\t<\/div>\n\t\t\t\t\t<\/div>\n\t\t\t\t<\/div>\n\t\t<div data-particle_enable=\"false\" data-particle-mobile-disabled=\"false\" class=\"elementor-element elementor-element-b47bd97 e-flex e-con-boxed e-con e-parent\" data-id=\"b47bd97\" data-element_type=\"container\" data-e-type=\"container\">\n\t\t\t\t\t<div class=\"e-con-inner\">\n\t\t\t\t<div class=\"elementor-element elementor-element-32cc213 elementor-widget elementor-widget-text-editor\" data-id=\"32cc213\" data-element_type=\"widget\" data-e-type=\"widget\" data-widget_type=\"text-editor.default\">\n\t\t\t\t\t\t\t\t\t<p data-start=\"211\" data-end=\"375\">En su intervenci\u00f3n, <a href=\"https:\/\/soymigrante.com\/revista\/empresario-migrante-guatemalteco-arnold-ciego-impulsa-identidad-garifuna-desde-bronx-ny\/\">el l\u00edder migrante Arnold Ciego<\/a>, quien ha impulsado el <a href=\"https:\/\/soymigrante.com\/revista\/garifunas-en-ny-lanzan-documental-yurumein-filmado-en-livingston-izabal\/\">reconocimiento de su cultura originaria en muchas formas<\/a>, afirm\u00f3 que participar en este di\u00e1logo \u201crepresenta la continuidad de una lucha hist\u00f3rica por el reconocimiento, la dignidad y la visibilizaci\u00f3n del pueblo gar\u00edfuna dentro de los espacios donde se toman decisiones que impactan a nuestras comunidades\u201d.\u00a0<\/p><p data-start=\"211\" data-end=\"375\">A\u00f1adi\u00f3 que elevar la voz gar\u00edfuna ante el Congreso es una forma de integrar \u201cla realidad, la historia y las aspiraciones del pueblo gar\u00edfuna como un pueblo afroind\u00edgena y afrolatino dentro de la agenda pol\u00edtica de Estados Unidos\u201d.<\/p><p data-start=\"2505\" data-end=\"2919\">El l\u00edder comunitario destac\u00f3 adem\u00e1s el car\u00e1cter simb\u00f3lico del evento, realizado en instalaciones vinculadas a la memoria hist\u00f3rica del pa\u00eds. \u201cCada vez que la voz gar\u00edfuna entra en estos espacios, no solo hablamos por nuestra generaci\u00f3n, sino por nuestros ancestros que resistieron el destierro y por las futuras generaciones que merecen un camino con mayor reconocimiento y respeto por nuestra identidad\u201d, expres\u00f3.<\/p>\t\t\t\t\t\t\t\t<\/div>\n\t\t\t\t\t<\/div>\n\t\t\t\t<\/div>\n\t\t<div data-particle_enable=\"false\" data-particle-mobile-disabled=\"false\" class=\"elementor-element elementor-element-7e25ae8 e-flex e-con-boxed e-con e-parent\" data-id=\"7e25ae8\" data-element_type=\"container\" data-e-type=\"container\">\n\t\t\t\t\t<div class=\"e-con-inner\">\n\t\t\t\t<div class=\"elementor-element elementor-element-10d8a5b elementor-widget elementor-widget-image\" data-id=\"10d8a5b\" data-element_type=\"widget\" data-e-type=\"widget\" data-widget_type=\"image.default\">\n\t\t\t\t\t\t\t\t\t\t\t\t<figure class=\"wp-caption\">\n\t\t\t\t\t\t\t\t\t\t\t<a href=\"https:\/\/www.facebook.com\/reel\/1874278673208298\">\n\t\t\t\t\t\t\t<img decoding=\"async\" width=\"768\" height=\"384\" src=\"https:\/\/soymigrante.com\/revista\/wp-content\/uploads\/2026\/02\/garifuna-guatemala.png\" class=\"attachment-large size-large wp-image-52298\" alt=\"La visibilidad de las comunidades afrodescendientes en Estados Unidos, incluyendo a los gar\u00edfunas (cuyo plural en su idioma es gar\u00ednagu), fue la principal exigencia ante el Cuacus Latino del Congreso de los Estados Unidos. (Para ver el video con las palabras de Arnold Ciego, migrante guatemalteco y presidente de la Asociaci\u00f3n Hijos de Livingston NY, CLIC EN LA FOTO\" srcset=\"https:\/\/soymigrante.com\/revista\/wp-content\/uploads\/2026\/02\/garifuna-guatemala.png 768w, https:\/\/soymigrante.com\/revista\/wp-content\/uploads\/2026\/02\/garifuna-guatemala-300x150.png 300w, https:\/\/soymigrante.com\/revista\/wp-content\/uploads\/2026\/02\/garifuna-guatemala-360x180.png 360w, https:\/\/soymigrante.com\/revista\/wp-content\/uploads\/2026\/02\/garifuna-guatemala-750x375.png 750w\" sizes=\"(max-width: 768px) 100vw, 768px\" title=\"La visibilidad de las comunidades afrodescendientes en Estados Unidos, incluyendo a los gar\u00edfunas (cuyo plural en su idioma es gar\u00ednagu), fue la principal exigencia ante el Cuacus Latino del Congreso de los Estados Unidos. (Para ver el video con las palabras de Arnold Ciego, migrante guatemalteco y presidente de la Asociaci\u00f3n Hijos de Livingston NY, CLIC EN LA FOTO \u2013 SoyMigrante.com REVISTA\" \/>\t\t\t\t\t\t\t\t<\/a>\n\t\t\t\t\t\t\t\t\t\t\t<figcaption class=\"widget-image-caption wp-caption-text\">La visibilidad de las comunidades afrodescendientes en Estados Unidos, incluyendo a los gar\u00edfunas (cuyo plural en su idioma es gar\u00ednagu), fue la principal exigencia ante el Cuacus Latino del Congreso de los Estados Unidos. (Para ver el reel de Facebook con las palabras de Arnold Ciego, migrante guatemalteco y presidente de la Asociaci\u00f3n Hijos de Livingston NY, CLIC EN LA FOTO<\/figcaption>\n\t\t\t\t\t\t\t\t\t\t<\/figure>\n\t\t\t\t\t\t\t\t\t<\/div>\n\t\t\t\t\t<\/div>\n\t\t\t\t<\/div>\n\t\t<div data-particle_enable=\"false\" data-particle-mobile-disabled=\"false\" class=\"elementor-element elementor-element-1cbf12e e-flex e-con-boxed e-con e-parent\" data-id=\"1cbf12e\" data-element_type=\"container\" data-e-type=\"container\">\n\t\t\t\t\t<div class=\"e-con-inner\">\n\t\t\t\t<div class=\"elementor-element elementor-element-68fb37d elementor-widget elementor-widget-text-editor\" data-id=\"68fb37d\" data-element_type=\"widget\" data-e-type=\"widget\" data-widget_type=\"text-editor.default\">\n\t\t\t\t\t\t\t\t\t<p data-start=\"211\" data-end=\"375\">La mesa redonda cont\u00f3 tambi\u00e9n con la participaci\u00f3n de organizaciones haitianas y afrolatinas de varios pa\u00edses, as\u00ed como acad\u00e9micos y <a href=\"https:\/\/soymigrante.com\/revista\/todo-migrante-tiene-derechos-la-union-americana-de-libertades-civiles-recomienda\/\">defensores de derechos civiles<\/a>, quienes coincidieron en que sin datos claros no es posible dise\u00f1ar pol\u00edticas p\u00fablicas justas ni combatir las desigualdades estructurales que afectan a las comunidades afrodescendientes migrantes.<\/p><p data-start=\"3289\" data-end=\"3549\">El mensaje colectivo fue directo: <span data-start=\"3323\" data-end=\"3441\"><a href=\"https:\/\/soymigrante.com\/revista\/pueblo-garinagu-garifuna-lleva-mas-de-dos-siglos-en-guatemala\/\">El pueblo Gar\u00edfuna (los Gar\u00ednagu) existen<\/a>, contribuyen a la sociedad estadounidense y deben ser reconocidos plenamente en el Censo 2030<\/span>, no como una nota al margen, sino como un pueblo con historia, derechos y presencia real en Estados Unidos.<\/p>\t\t\t\t\t\t\t\t<\/div>\n\t\t\t\t\t<\/div>\n\t\t\t\t<\/div>\n\t\t<div data-particle_enable=\"false\" data-particle-mobile-disabled=\"false\" class=\"elementor-element elementor-element-8f0f4f6 e-flex e-con-boxed e-con e-parent\" data-id=\"8f0f4f6\" data-element_type=\"container\" data-e-type=\"container\">\n\t\t\t\t\t<div class=\"e-con-inner\">\n\t\t\t\t<div class=\"elementor-element elementor-element-6df1886 elementor-widget elementor-widget-global elementor-global-52097 elementor-widget-heading\" data-id=\"6df1886\" data-element_type=\"widget\" data-e-type=\"widget\" data-widget_type=\"heading.default\">\n\t\t\t\t\t<h2 class=\"elementor-heading-title elementor-size-default\">Quiz\u00e1 tambi\u00e9n te podr\u00eda interesar<\/h2>\t\t\t\t<\/div>\n\t\t\t\t\t<\/div>\n\t\t\t\t<\/div>\n\t\t<div data-particle_enable=\"false\" data-particle-mobile-disabled=\"false\" class=\"elementor-element elementor-element-cc535bd e-flex e-con-boxed e-con e-parent\" data-id=\"cc535bd\" data-element_type=\"container\" data-e-type=\"container\">\n\t\t\t\t\t<div class=\"e-con-inner\">\n\t\t\t\t<div class=\"elementor-element elementor-element-1315356 elementor-grid-eael-col-3 elementor-grid-tablet-eael-col-2 elementor-grid-mobile-eael-col-1 elementor-widget elementor-widget-eael-post-grid\" data-id=\"1315356\" data-element_type=\"widget\" data-e-type=\"widget\" data-settings=\"{&quot;eael_post_grid_columns&quot;:&quot;eael-col-3&quot;,&quot;eael_post_grid_columns_tablet&quot;:&quot;eael-col-2&quot;,&quot;eael_post_grid_columns_mobile&quot;:&quot;eael-col-1&quot;}\" data-widget_type=\"eael-post-grid.default\">\n\t\t\t\t\t<div id=\"eael-post-grid-1315356\" class=\"eael-post-grid-container\">\n            <div class=\"eael-post-grid eael-post-appender eael-post-appender-1315356 eael-post-grid-style-one\" data-layout-mode=\"masonry\"><article class=\"eael-grid-post  eael-post-grid-column eael-pg-post-8709 category-pueblos-de-guatemala\" data-id=\"8709\">\n        <div class=\"eael-grid-post-holder\">\n            <div class=\"eael-grid-post-holder-inner\"><div class=\"eael-entry-media\"><div class=\"eael-entry-overlay fade-in\"><i class=\"far fa-hand-pointer\" aria-hidden=\"true\"><\/i><a href=\"https:\/\/soymigrante.com\/revista\/pueblo-garinagu-garifuna-lleva-mas-de-dos-siglos-en-guatemala\/\"><\/a><\/div><div class=\"eael-entry-thumbnail eael-image-ratio\">\n                <img loading=\"lazy\" decoding=\"async\" width=\"664\" height=\"664\" src=\"https:\/\/soymigrante.com\/revista\/wp-content\/uploads\/2024\/09\/garifuna-garinagu.webp\" class=\"attachment-large size-large wp-image-8710\" alt=\"Trabajador migrante en manifestaci\u00f3n, derechos laborales, emigrantes, igualdad social, protesta migrante.\" srcset=\"https:\/\/soymigrante.com\/revista\/wp-content\/uploads\/2024\/09\/garifuna-garinagu.webp 664w, https:\/\/soymigrante.com\/revista\/wp-content\/uploads\/2024\/09\/garifuna-garinagu-300x300.webp 300w, https:\/\/soymigrante.com\/revista\/wp-content\/uploads\/2024\/09\/garifuna-garinagu-150x150.webp 150w, https:\/\/soymigrante.com\/revista\/wp-content\/uploads\/2024\/09\/garifuna-garinagu-75x75.webp 75w\" sizes=\"(max-width: 664px) 100vw, 664px\" \/>\n            <\/div>\n        <\/div><div class=\"eael-entry-wrapper\"><header class=\"eael-entry-header\"><h2 class=\"eael-entry-title\"><a class=\"eael-grid-post-link\" href=\"https:\/\/soymigrante.com\/revista\/pueblo-garinagu-garifuna-lleva-mas-de-dos-siglos-en-guatemala\/\" title=\"Pueblo Gar\u00ednagu (Gar\u00edfuna) lleva m\u00e1s de 200 a\u00f1os en Guatemala y el 26 noviembre es su d\u00eda\">Pueblo Gar\u00ednagu (Gar\u00edfuna) lleva m\u00e1s de 200 a\u00f1os en Guatemala y el 26 noviembre es su d\u00eda<\/a><\/h2><\/header><div class=\"eael-entry-content\">\n                        <div class=\"eael-grid-post-excerpt\"><a href=\"https:\/\/soymigrante.com\/revista\/pueblo-garinagu-garifuna-lleva-mas-de-dos-siglos-en-guatemala\/\" class=\"eael-post-elements-readmore-btn\">CONOCE SU HISTORIA <\/a><\/div>\n                    <\/div><\/div><\/div>\n        <\/div>\n    <\/article><article class=\"eael-grid-post  eael-post-grid-column eael-pg-post-2639 category-exitos\" data-id=\"2639\">\n        <div class=\"eael-grid-post-holder\">\n            <div class=\"eael-grid-post-holder-inner\"><div class=\"eael-entry-media\"><div class=\"eael-entry-overlay fade-in\"><i class=\"far fa-hand-pointer\" aria-hidden=\"true\"><\/i><a href=\"https:\/\/soymigrante.com\/revista\/empresario-migrante-guatemalteco-arnold-ciego-impulsa-identidad-garifuna-desde-bronx-ny\/\"><\/a><\/div><div class=\"eael-entry-thumbnail eael-image-ratio\">\n                <img loading=\"lazy\" decoding=\"async\" width=\"810\" height=\"552\" src=\"https:\/\/soymigrante.com\/revista\/wp-content\/uploads\/2023\/09\/arnold-ciego-e1695409486578.webp\" class=\"attachment-large size-large wp-image-2640\" alt=\"Arnold Ciego migrante gar\u00edfuna guatemalteco presta sus servicios de asesor\u00eda tributaria en el barrio del Bronx, en Nueva York.\" srcset=\"https:\/\/soymigrante.com\/revista\/wp-content\/uploads\/2023\/09\/arnold-ciego-e1695409486578.webp 810w, https:\/\/soymigrante.com\/revista\/wp-content\/uploads\/2023\/09\/arnold-ciego-e1695409486578-300x204.webp 300w, https:\/\/soymigrante.com\/revista\/wp-content\/uploads\/2023\/09\/arnold-ciego-e1695409486578-768x523.webp 768w, https:\/\/soymigrante.com\/revista\/wp-content\/uploads\/2023\/09\/arnold-ciego-e1695409486578-750x511.webp 750w\" sizes=\"(max-width: 810px) 100vw, 810px\" \/>\n            <\/div>\n        <\/div><div class=\"eael-entry-wrapper\"><header class=\"eael-entry-header\"><h2 class=\"eael-entry-title\"><a class=\"eael-grid-post-link\" href=\"https:\/\/soymigrante.com\/revista\/empresario-migrante-guatemalteco-arnold-ciego-impulsa-identidad-garifuna-desde-bronx-ny\/\" title=\"Empresario migrante gar\u00edfuna guatemalteco Arnold Ciego exalta su identidad desde el Bronx, NY\">Empresario migrante gar\u00edfuna guatemalteco Arnold Ciego exalta su identidad desde el Bronx, NY<\/a><\/h2><\/header><div class=\"eael-entry-content\">\n                        <div class=\"eael-grid-post-excerpt\"><a href=\"https:\/\/soymigrante.com\/revista\/empresario-migrante-guatemalteco-arnold-ciego-impulsa-identidad-garifuna-desde-bronx-ny\/\" class=\"eael-post-elements-readmore-btn\">CONOCE SU HISTORIA <\/a><\/div>\n                    <\/div><\/div><\/div>\n        <\/div>\n    <\/article><article class=\"eael-grid-post  eael-post-grid-column eael-pg-post-48123 category-estamos-unidos\" data-id=\"48123\">\n        <div class=\"eael-grid-post-holder\">\n            <div class=\"eael-grid-post-holder-inner\"><div class=\"eael-entry-media\"><div class=\"eael-entry-overlay fade-in\"><i class=\"far fa-hand-pointer\" aria-hidden=\"true\"><\/i><a href=\"https:\/\/soymigrante.com\/revista\/garifunas-en-ny-lanzan-documental-yurumein-filmado-en-livingston-izabal\/\"><\/a><\/div><div class=\"eael-entry-thumbnail eael-image-ratio\">\n                <img loading=\"lazy\" decoding=\"async\" width=\"1140\" height=\"497\" src=\"https:\/\/soymigrante.com\/revista\/wp-content\/uploads\/2025\/11\/yurumein-fiesta-garifuna-1140x497.png\" class=\"attachment-large size-large wp-image-48125\" alt=\"ste documental Gar\u00edfuna titulado Yurumein narra la historia del pueblo Gar\u00edfuna desde su exilio en San Vicente hasta su llegada a Livingston, Guatemala. Aprende sobre la cultura Gar\u00edfuna, su m\u00fasica, su lengua y su legado. Descubre c\u00f3mo los Gar\u00edfunas de Guatemala llegaron a las islas del Caribe, fueron expulsados de San Vicente y lograron sobrevivir, adaptarse y mantener viva su identidad. Este documental es una celebraci\u00f3n de su cultura, m\u00fasica, gastronom\u00eda y tradiciones \u2014 una historia de resistencia, orgullo y esperanza que sigue inspirando al mundo. \ud83c\udf0d\" srcset=\"https:\/\/soymigrante.com\/revista\/wp-content\/uploads\/2025\/11\/yurumein-fiesta-garifuna-1140x497.png 1140w, https:\/\/soymigrante.com\/revista\/wp-content\/uploads\/2025\/11\/yurumein-fiesta-garifuna-300x131.png 300w, https:\/\/soymigrante.com\/revista\/wp-content\/uploads\/2025\/11\/yurumein-fiesta-garifuna-768x335.png 768w, https:\/\/soymigrante.com\/revista\/wp-content\/uploads\/2025\/11\/yurumein-fiesta-garifuna-750x327.png 750w, https:\/\/soymigrante.com\/revista\/wp-content\/uploads\/2025\/11\/yurumein-fiesta-garifuna.png 1332w\" sizes=\"(max-width: 1140px) 100vw, 1140px\" \/>\n            <\/div>\n        <\/div><div class=\"eael-entry-wrapper\"><header class=\"eael-entry-header\"><h2 class=\"eael-entry-title\"><a class=\"eael-grid-post-link\" href=\"https:\/\/soymigrante.com\/revista\/garifunas-en-ny-lanzan-documental-yurumein-filmado-en-livingston-izabal\/\" title=\"Gar\u00edfunas Arnold Ciego y Gilroy Alvarez en NY lanzan documental Yurumein filmado en L\u00edvingston, Izabal\">Gar\u00edfunas Arnold Ciego y Gilroy Alvarez en NY lanzan documental Yurumein filmado en L\u00edvingston, Izabal<\/a><\/h2><\/header><div class=\"eael-entry-content\">\n                        <div class=\"eael-grid-post-excerpt\"><a href=\"https:\/\/soymigrante.com\/revista\/garifunas-en-ny-lanzan-documental-yurumein-filmado-en-livingston-izabal\/\" class=\"eael-post-elements-readmore-btn\">CONOCE SU HISTORIA <\/a><\/div>\n                    <\/div><\/div><\/div>\n        <\/div>\n    <\/article><\/div>\n            <div class=\"clearfix\"><\/div>\n        <\/div>\t\t\t\t<\/div>\n\t\t\t\t\t<\/div>\n\t\t\t\t<\/div>\n\t\t\t\t<\/div>\n\t\t","protected":false},"excerpt":{"rendered":"<p>Arnold Ciego, migrante guatemalteco y presidente de la Asociaci\u00f3n Hijos de L\u00edvingston, particip\u00f3 en reuni\u00f3n del Cuacus Hispano del Congreso de Estados Unidos, dedicada a escuchar a la comunidad afrolatina. Desde el Congreso estadounidense, l\u00edderes de comunidades afrolatinas, incluyendo al pueblo Gar\u00edfuna ( los Gar\u00ednagu) de Centro Am\u00e9rica, reclamaron visibilidad estad\u00edstica y reconocimiento pleno para [&hellip;]<\/p>\n","protected":false},"author":7,"featured_media":52293,"comment_status":"open","ping_status":"open","sticky":false,"template":"","format":"standard","meta":{"_acf_changed":false,"_eb_attr":"","footnotes":""},"categories":[54],"tags":[],"class_list":["post-52292","post","type-post","status-publish","format-standard","has-post-thumbnail","hentry","category-estamos-unidos"],"acf":[],"aioseo_notices":[],"aioseo_head":"\n\t\t<!-- All in One SEO Pro 4.9.6.2 - aioseo.com -->\n\t<meta name=\"description\" content=\"Documental Yurumein, impulsado por Hijos de L\u00edvingston en New York, registra fiesta de 223 a\u00f1os del pueblo gar\u00edfuna. Entrevistas, bailes y tradici\u00f3n\" \/>\n\t<meta name=\"robots\" content=\"max-snippet:-1, max-image-preview:large, max-video-preview:-1\" \/>\n\t<meta name=\"author\" content=\"SoyMigrante.com REVISTA\"\/>\n\t<link rel=\"canonical\" href=\"https:\/\/soymigrante.com\/revista\/garifunas-en-ny-lanzan-documental-yurumein-filmado-en-livingston-izabal\/\" \/>\n\t<meta name=\"generator\" content=\"All in One SEO Pro (AIOSEO) 4.9.6.2\" \/>\n\n\t\t<link rel=\"preconnect\" href=\"https:\/\/fonts.googleapis.com\" crossorigin>\n<link rel=\"preconnect\" href=\"https:\/\/fonts.gstatic.com\" crossorigin>\n\t\t<meta property=\"og:locale\" content=\"es_ES\" \/>\n\t\t<meta property=\"og:site_name\" content=\"SoyMigrante.com REVISTA \u2013 Nuestra misi\u00f3n es reconocer y dignificar al migrante.\" \/>\n\t\t<meta property=\"og:type\" content=\"article\" \/>\n\t\t<meta property=\"og:title\" content=\"Gar\u00edfunas en NY impulsan hist\u00f3rico documental Yurumein\" \/>\n\t\t<meta property=\"og:description\" content=\"Documental Yurumein, impulsado por Hijos de L\u00edvingston en New York, registra fiesta de 223 a\u00f1os del pueblo gar\u00edfuna. Entrevistas, bailes y tradici\u00f3n\" \/>\n\t\t<meta property=\"og:url\" content=\"https:\/\/soymigrante.com\/revista\/garifunas-en-ny-lanzan-documental-yurumein-filmado-en-livingston-izabal\/\" \/>\n\t\t<meta property=\"og:image\" content=\"https:\/\/soymigrante.com\/revista\/wp-content\/uploads\/2025\/11\/yurumein-fiesta-garifuna.png\" \/>\n\t\t<meta property=\"og:image:secure_url\" content=\"https:\/\/soymigrante.com\/revista\/wp-content\/uploads\/2025\/11\/yurumein-fiesta-garifuna.png\" \/>\n\t\t<meta property=\"og:image:width\" content=\"1332\" \/>\n\t\t<meta property=\"og:image:height\" content=\"581\" \/>\n\t\t<meta property=\"article:published_time\" content=\"2025-11-04T13:02:06+00:00\" \/>\n\t\t<meta property=\"article:modified_time\" content=\"2025-12-30T17:31:55+00:00\" \/>\n\t\t<meta property=\"article:publisher\" content=\"https:\/\/www.facebook.com\/soymigrantecom\" \/>\n\t\t<meta name=\"twitter:card\" content=\"summary_large_image\" \/>\n\t\t<meta name=\"twitter:site\" content=\"@SoyMigrante_com\" \/>\n\t\t<meta name=\"twitter:title\" content=\"Gar\u00edfunas en NY impulsan hist\u00f3rico documental Yurumein\" \/>\n\t\t<meta name=\"twitter:description\" content=\"Documental Yurumein, impulsado por Hijos de L\u00edvingston en New York, registra fiesta de 223 a\u00f1os del pueblo gar\u00edfuna. Entrevistas, bailes y tradici\u00f3n\" \/>\n\t\t<meta name=\"twitter:creator\" content=\"@SoyMigrante_com\" \/>\n\t\t<meta name=\"twitter:image\" content=\"https:\/\/soymigrante.com\/revista\/wp-content\/uploads\/2025\/11\/yurumein-fiesta-garifuna.png\" \/>\n\t\t<!-- All in One SEO Pro -->\r\n\t\t<title>Gar\u00edfunas en NY impulsan hist\u00f3rico documental Yurumein<\/title>\n\n","aioseo_head_json":{"title":"Gar\u00edfunas en NY impulsan hist\u00f3rico documental Yurumein","description":"Documental Yurumein, impulsado por Hijos de L\u00edvingston en New York, registra fiesta de 223 a\u00f1os del pueblo gar\u00edfuna. Entrevistas, bailes y tradici\u00f3n","canonical_url":"https:\/\/soymigrante.com\/revista\/garifunas-en-ny-lanzan-documental-yurumein-filmado-en-livingston-izabal\/","robots":"max-snippet:-1, max-image-preview:large, max-video-preview:-1","keywords":"","webmasterTools":{"miscellaneous":"&lt;link rel=\"preconnect\" href=\"https:\/\/fonts.googleapis.com\" crossorigin&gt;\n&lt;link rel=\"preconnect\" href=\"https:\/\/fonts.gstatic.com\" crossorigin&gt;"},"schema":null,"og:locale":"es_ES","og:site_name":"SoyMigrante.com REVISTA \u2013 Nuestra misi\u00f3n es reconocer y dignificar al migrante.","og:type":"article","og:title":"Gar\u00edfunas en NY impulsan hist\u00f3rico documental Yurumein","og:description":"Documental Yurumein, impulsado por Hijos de L\u00edvingston en New York, registra fiesta de 223 a\u00f1os del pueblo gar\u00edfuna. Entrevistas, bailes y tradici\u00f3n","og:url":"https:\/\/soymigrante.com\/revista\/garifunas-en-ny-lanzan-documental-yurumein-filmado-en-livingston-izabal\/","og:image":"https:\/\/soymigrante.com\/revista\/wp-content\/uploads\/2025\/11\/yurumein-fiesta-garifuna.png","og:image:secure_url":"https:\/\/soymigrante.com\/revista\/wp-content\/uploads\/2025\/11\/yurumein-fiesta-garifuna.png","og:image:width":1332,"og:image:height":581,"article:published_time":"2025-11-04T13:02:06+00:00","article:modified_time":"2025-12-30T17:31:55+00:00","article:publisher":"https:\/\/www.facebook.com\/soymigrantecom","twitter:card":"summary_large_image","twitter:site":"@SoyMigrante_com","twitter:title":"Gar\u00edfunas en NY impulsan hist\u00f3rico documental Yurumein","twitter:description":"Documental Yurumein, impulsado por Hijos de L\u00edvingston en New York, registra fiesta de 223 a\u00f1os del pueblo gar\u00edfuna. Entrevistas, bailes y tradici\u00f3n","twitter:creator":"@SoyMigrante_com","twitter:image":"https:\/\/soymigrante.com\/revista\/wp-content\/uploads\/2025\/11\/yurumein-fiesta-garifuna.png"},"aioseo_meta_data":{"post_id":"52292","title":"Comunidad Gar\u00edfuna se hace o\u00edr en Congreso de Estados Unidos","description":"Arnold Ciego, de la Asociaci\u00f3n Hijos de L\u00edvingston y empresario migrante en Estados Unidos solicit\u00f3 que los Gar\u00edfunas o Gar\u00ednagu sean reconocidos en censo 2030","keywords":null,"keyphrases":{"focus":{"keyphrase":"Gar\u00edfuna","score":82,"analysis":{"keyphraseInTitle":{"score":9,"maxScore":9,"error":0},"keyphraseInDescription":{"score":3,"maxScore":9,"error":1},"keyphraseLength":{"score":9,"maxScore":9,"error":0,"length":2},"keyphraseInURL":{"score":5,"maxScore":5,"error":0},"keyphraseInIntroduction":{"score":9,"maxScore":9,"error":0},"keyphraseInSubHeadings":{"score":3,"maxScore":9,"error":1},"keyphraseInImageAlt":{"score":9,"maxScore":9,"error":0},"keywordDensity":{"type":"best","score":9,"maxScore":9,"error":0}}},"additional":[{"keyphrase":"Congreso USA","score":40,"analysis":{"keyphraseInDescription":{"score":3,"maxScore":9,"error":1},"keyphraseLength":{"score":9,"maxScore":9,"error":0,"length":2},"keyphraseInIntroduction":{"score":3,"maxScore":9,"error":1},"keyphraseInImageAlt":{"score":3,"maxScore":9,"error":1},"keywordDensity":{"score":0,"type":"low","maxScore":9,"error":1}}}]},"primary_term":null,"canonical_url":null,"og_title":null,"og_description":null,"og_object_type":"default","og_image_type":"default","og_image_url":null,"og_image_width":null,"og_image_height":null,"og_image_custom_url":null,"og_image_custom_fields":null,"og_video":"","og_custom_url":null,"og_article_section":null,"og_article_tags":null,"twitter_use_og":false,"twitter_card":"default","twitter_image_type":"default","twitter_image_url":null,"twitter_image_custom_url":null,"twitter_image_custom_fields":null,"twitter_title":null,"twitter_description":null,"schema":{"blockGraphs":[],"customGraphs":[],"default":{"data":{"Article":[],"Course":[],"Dataset":[],"FAQPage":[],"Movie":[],"Person":[],"Product":[],"ProductReview":[],"Car":[],"Recipe":[],"Service":[],"SoftwareApplication":[],"WebPage":[]},"graphName":"NewsArticle","isEnabled":true},"graphs":[]},"schema_type":"default","schema_type_options":null,"pillar_content":false,"robots_default":true,"robots_noindex":false,"robots_noarchive":false,"robots_nosnippet":false,"robots_nofollow":false,"robots_noimageindex":false,"robots_noodp":false,"robots_notranslate":false,"robots_max_snippet":"-1","robots_max_videopreview":"-1","robots_max_imagepreview":"large","priority":null,"frequency":"default","local_seo":null,"seo_analyzer_scan_date":null,"breadcrumb_settings":null,"limit_modified_date":false,"reviewed_by":"0","open_ai":null,"ai":{"faqs":[],"keyPoints":[],"titles":[],"descriptions":[],"socialPosts":{"email":[],"linkedin":[],"twitter":[],"facebook":[],"instagram":[]}},"created":"2026-02-09 14:57:50","updated":"2026-03-06 15:45:41"},"aioseo_breadcrumb":"<div class=\"aioseo-breadcrumbs\"><span class=\"aioseo-breadcrumb\">\n\t<a href=\"https:\/\/soymigrante.com\/revista\" title=\"Home\">Home<\/a>\n<\/span><span class=\"aioseo-breadcrumb-separator\">\u00bb<\/span><span class=\"aioseo-breadcrumb\">\n\t<a href=\"https:\/\/soymigrante.com\/revista\/category\/estamos-unidos\/\" title=\"Estamos Unidos\">Estamos Unidos<\/a>\n<\/span><span class=\"aioseo-breadcrumb-separator\">\u00bb<\/span><span class=\"aioseo-breadcrumb\">\n\tComunidad Gar\u00edfuna en USA exige ser reconocida en censo 2030 en el Congreso de Estados Unidos\n<\/span><\/div>","aioseo_breadcrumb_json":[{"label":"Home","link":"https:\/\/soymigrante.com\/revista"},{"label":"Estamos Unidos","link":"https:\/\/soymigrante.com\/revista\/category\/estamos-unidos\/"},{"label":"Comunidad Gar\u00edfuna en USA exige ser reconocida en censo 2030 en el Congreso de Estados Unidos","link":"https:\/\/soymigrante.com\/revista\/comunidad-garifuna-en-usa-exige-ser-reconocida-en-censo-2030-en-el-congreso-de-estados-unidos\/"}],"_links":{"self":[{"href":"https:\/\/soymigrante.com\/revista\/wp-json\/wp\/v2\/posts\/52292","targetHints":{"allow":["GET"]}}],"collection":[{"href":"https:\/\/soymigrante.com\/revista\/wp-json\/wp\/v2\/posts"}],"about":[{"href":"https:\/\/soymigrante.com\/revista\/wp-json\/wp\/v2\/types\/post"}],"author":[{"embeddable":true,"href":"https:\/\/soymigrante.com\/revista\/wp-json\/wp\/v2\/users\/7"}],"replies":[{"embeddable":true,"href":"https:\/\/soymigrante.com\/revista\/wp-json\/wp\/v2\/comments?post=52292"}],"version-history":[{"count":8,"href":"https:\/\/soymigrante.com\/revista\/wp-json\/wp\/v2\/posts\/52292\/revisions"}],"predecessor-version":[{"id":52325,"href":"https:\/\/soymigrante.com\/revista\/wp-json\/wp\/v2\/posts\/52292\/revisions\/52325"}],"wp:featuredmedia":[{"embeddable":true,"href":"https:\/\/soymigrante.com\/revista\/wp-json\/wp\/v2\/media\/52293"}],"wp:attachment":[{"href":"https:\/\/soymigrante.com\/revista\/wp-json\/wp\/v2\/media?parent=52292"}],"wp:term":[{"taxonomy":"category","embeddable":true,"href":"https:\/\/soymigrante.com\/revista\/wp-json\/wp\/v2\/categories?post=52292"},{"taxonomy":"post_tag","embeddable":true,"href":"https:\/\/soymigrante.com\/revista\/wp-json\/wp\/v2\/tags?post=52292"}],"curies":[{"name":"wp","href":"https:\/\/api.w.org\/{rel}","templated":true}]}}