{"id":5224,"date":"2024-03-06T23:29:34","date_gmt":"2024-03-07T05:29:34","guid":{"rendered":"https:\/\/soymigrante.com\/revista\/?p=5224"},"modified":"2024-07-30T21:43:08","modified_gmt":"2024-07-31T03:43:08","slug":"dia-de-la-mujer-guatemaltecas-migrantes-frases-inspiradoras","status":"publish","type":"post","link":"https:\/\/soymigrante.com\/revista\/dia-de-la-mujer-guatemaltecas-migrantes-frases-inspiradoras\/","title":{"rendered":"D\u00eda de la Mujer: 8 inspiradoras ideas de migrantes guatemaltecas"},"content":{"rendered":"\t\t<div data-elementor-type=\"wp-post\" data-elementor-id=\"5224\" class=\"elementor elementor-5224\" data-elementor-post-type=\"post\">\n\t\t\t\t\t\t<section data-particle_enable=\"false\" data-particle-mobile-disabled=\"false\" class=\"elementor-section elementor-top-section elementor-element elementor-element-f51b35f elementor-section-boxed elementor-section-height-default elementor-section-height-default\" data-id=\"f51b35f\" data-element_type=\"section\" data-e-type=\"section\">\n\t\t\t\t\t\t<div class=\"elementor-container elementor-column-gap-default\">\n\t\t\t\t\t<div class=\"elementor-column elementor-col-100 elementor-top-column elementor-element elementor-element-48c4f15\" data-id=\"48c4f15\" data-element_type=\"column\" data-e-type=\"column\">\n\t\t\t<div class=\"elementor-widget-wrap elementor-element-populated\">\n\t\t\t\t\t\t<div class=\"elementor-element elementor-element-31369d1 elementor-widget elementor-widget-heading\" data-id=\"31369d1\" data-element_type=\"widget\" data-e-type=\"widget\" data-widget_type=\"heading.default\">\n\t\t\t\t\t<h2 class=\"elementor-heading-title elementor-size-default\">Las guatemaltecas migrantes trabajan, emprenden, triunfan, inspiran; vencen barreras y  con acciones y palabras brindan lecciones inspiradoras. En SoyMigrante.com es un honor poder exaltar su talento.<\/h2>\t\t\t\t<\/div>\n\t\t\t\t\t<\/div>\n\t\t<\/div>\n\t\t\t\t\t<\/div>\n\t\t<\/section>\n\t\t\t\t<section data-particle_enable=\"false\" data-particle-mobile-disabled=\"false\" class=\"elementor-section elementor-top-section elementor-element elementor-element-36792fb elementor-section-boxed elementor-section-height-default elementor-section-height-default\" data-id=\"36792fb\" data-element_type=\"section\" data-e-type=\"section\">\n\t\t\t\t\t\t<div class=\"elementor-container elementor-column-gap-default\">\n\t\t\t\t\t<div class=\"elementor-column elementor-col-100 elementor-top-column elementor-element elementor-element-3c2e461\" data-id=\"3c2e461\" data-element_type=\"column\" data-e-type=\"column\">\n\t\t\t<div class=\"elementor-widget-wrap elementor-element-populated\">\n\t\t\t\t\t\t<div class=\"elementor-element elementor-element-d2d91c4 elementor-widget elementor-widget-text-editor\" data-id=\"d2d91c4\" data-element_type=\"widget\" data-e-type=\"widget\" data-widget_type=\"text-editor.default\">\n\t\t\t\t\t\t\t\t\t<p>En el D\u00eda Internacional de la Mujer efectuamos este sencillo pero muy sincero homenaje a las migrantes guatemaltecas en Estados Unidos: son hijas, madres, esposas, hermanas, abuelas, pero sobre todo due\u00f1as de un esp\u00edritu invencible, de un coraz\u00f3n de ma\u00edz nacido en la Tierra del Quetzal.<br \/>Si desea leer cada historia completa, puede dar clic sobre cada fotograf\u00eda.<\/p>\t\t\t\t\t\t\t\t<\/div>\n\t\t\t\t\t<\/div>\n\t\t<\/div>\n\t\t\t\t\t<\/div>\n\t\t<\/section>\n\t\t\t\t<section data-particle_enable=\"false\" data-particle-mobile-disabled=\"false\" class=\"elementor-section elementor-top-section elementor-element elementor-element-590bacc elementor-section-boxed elementor-section-height-default elementor-section-height-default\" data-id=\"590bacc\" data-element_type=\"section\" data-e-type=\"section\">\n\t\t\t\t\t\t<div class=\"elementor-container elementor-column-gap-default\">\n\t\t\t\t\t<div class=\"elementor-column elementor-col-100 elementor-top-column elementor-element elementor-element-37f150b\" data-id=\"37f150b\" data-element_type=\"column\" data-e-type=\"column\">\n\t\t\t<div class=\"elementor-widget-wrap elementor-element-populated\">\n\t\t\t\t\t\t<div class=\"elementor-element elementor-element-388adef elementor-widget elementor-widget-testimonial\" data-id=\"388adef\" data-element_type=\"widget\" data-e-type=\"widget\" data-widget_type=\"testimonial.default\">\n\t\t\t\t\t\t\t<div class=\"elementor-testimonial-wrapper\">\n\t\t\t\t\t\t\t<div class=\"elementor-testimonial-content\">\u201cPara quienes est\u00e1n en Estados Unidos, recordarles que es importante ser persistente y no perder los objetivos ni las metas por ejemplo aprender el idioma, es una herramienta \u00fatil que facilita y da grandes oportunidades\u201d<\/div>\n\t\t\t\n\t\t\t\t\t\t<div class=\"elementor-testimonial-meta elementor-has-image elementor-testimonial-image-position-aside\">\n\t\t\t\t<div class=\"elementor-testimonial-meta-inner\">\n\t\t\t\t\t\t\t\t\t\t\t<div class=\"elementor-testimonial-image\">\n\t\t\t\t\t\t\t<a href=\"https:\/\/soymigrante.com\/revista\/lesly-cruz-empoderamiento-artesanas-guatemala\/\"><img fetchpriority=\"high\" decoding=\"async\" width=\"1080\" height=\"1428\" src=\"https:\/\/soymigrante.com\/revista\/wp-content\/uploads\/2023\/08\/El-sueno-de-Lesly-era-colocar-una-clinica-psicologica-pero-se-convirtio-en-una-emprendedora-exitosa-que-apoya-la-economia-y-produccion-de-las-mujeres-guatemaltecas-.webp\" class=\"attachment-full size-full wp-image-2159\" alt=\"El sue\u00f1o de Lesly era colocar una cl\u00ednica psicol\u00f3gica pero se convirti\u00f3 en una emprendedora exitosa que apoya la econom\u00eda y producci\u00f3n de las mujeres guatemaltecas\" title=\"El sue\u00f1o de Lesly era colocar una cl\u00ednica psicol\u00f3gica pero se convirti\u00f3 en una emprendedora exitosa que apoya la econom\u00eda y producci\u00f3n de las mujeres guatemaltecas \u2013 SoyMigrante.com REVISTA\" srcset=\"https:\/\/soymigrante.com\/revista\/wp-content\/uploads\/2023\/08\/El-sueno-de-Lesly-era-colocar-una-clinica-psicologica-pero-se-convirtio-en-una-emprendedora-exitosa-que-apoya-la-economia-y-produccion-de-las-mujeres-guatemaltecas-.webp 1080w, https:\/\/soymigrante.com\/revista\/wp-content\/uploads\/2023\/08\/El-sueno-de-Lesly-era-colocar-una-clinica-psicologica-pero-se-convirtio-en-una-emprendedora-exitosa-que-apoya-la-economia-y-produccion-de-las-mujeres-guatemaltecas--227x300.webp 227w, https:\/\/soymigrante.com\/revista\/wp-content\/uploads\/2023\/08\/El-sueno-de-Lesly-era-colocar-una-clinica-psicologica-pero-se-convirtio-en-una-emprendedora-exitosa-que-apoya-la-economia-y-produccion-de-las-mujeres-guatemaltecas--774x1024.webp 774w, https:\/\/soymigrante.com\/revista\/wp-content\/uploads\/2023\/08\/El-sueno-de-Lesly-era-colocar-una-clinica-psicologica-pero-se-convirtio-en-una-emprendedora-exitosa-que-apoya-la-economia-y-produccion-de-las-mujeres-guatemaltecas--768x1015.webp 768w, https:\/\/soymigrante.com\/revista\/wp-content\/uploads\/2023\/08\/El-sueno-de-Lesly-era-colocar-una-clinica-psicologica-pero-se-convirtio-en-una-emprendedora-exitosa-que-apoya-la-economia-y-produccion-de-las-mujeres-guatemaltecas--750x992.webp 750w\" sizes=\"(max-width: 1080px) 100vw, 1080px\" \/><\/a>\t\t\t\t\t\t<\/div>\n\t\t\t\t\t\n\t\t\t\t\t\t\t\t\t\t<div class=\"elementor-testimonial-details\">\n\t\t\t\t\t\t\t\t\t\t\t\t\t\t<a class=\"elementor-testimonial-name\" href=\"https:\/\/soymigrante.com\/revista\/lesly-cruz-empoderamiento-artesanas-guatemala\/\">Lesly Cruz<\/a>\n\t\t\t\t\t\t\t\t\t\t\t\t\t\t\t\t\t\t\t\t\t\t<a class=\"elementor-testimonial-job\" href=\"https:\/\/soymigrante.com\/revista\/lesly-cruz-empoderamiento-artesanas-guatemala\/\">Emprendedora textil y fundadora de SaviaGuate<\/a>\n\t\t\t\t\t\t\t\t\t\t\t\t\t<\/div>\n\t\t\t\t\t\t\t\t\t<\/div>\n\t\t\t<\/div>\n\t\t\t\t\t<\/div>\n\t\t\t\t\t\t<\/div>\n\t\t\t\t\t<\/div>\n\t\t<\/div>\n\t\t\t\t\t<\/div>\n\t\t<\/section>\n\t\t\t\t<section data-particle_enable=\"false\" data-particle-mobile-disabled=\"false\" class=\"elementor-section elementor-top-section elementor-element elementor-element-f28bda8 elementor-section-boxed elementor-section-height-default elementor-section-height-default\" data-id=\"f28bda8\" data-element_type=\"section\" data-e-type=\"section\">\n\t\t\t\t\t\t<div class=\"elementor-container elementor-column-gap-default\">\n\t\t\t\t\t<div class=\"elementor-column elementor-col-100 elementor-top-column elementor-element elementor-element-64a08aa\" data-id=\"64a08aa\" data-element_type=\"column\" data-e-type=\"column\">\n\t\t\t<div class=\"elementor-widget-wrap elementor-element-populated\">\n\t\t\t\t\t\t<div class=\"elementor-element elementor-element-f418f04 elementor-widget elementor-widget-testimonial\" data-id=\"f418f04\" data-element_type=\"widget\" data-e-type=\"widget\" data-widget_type=\"testimonial.default\">\n\t\t\t\t\t\t\t<div class=\"elementor-testimonial-wrapper\">\n\t\t\t\t\t\t\t<div class=\"elementor-testimonial-content\">\u201cPod\u00eda elegir quedarme viendo televisi\u00f3n todo el d\u00eda, porque no se pod\u00eda salir, no se pod\u00eda ir a vender de puerta en puerta, pero decid\u00ed aprovechar todo ese tiempo para aprender: tom\u00e9 cursos de dise\u00f1o e impresi\u00f3n en tela y con el bono que dio el gobierno, en lugar de gastarlo, con \u00e9l compr\u00e9 una m\u00e1quina de cortar tela,<\/div>\n\t\t\t\n\t\t\t\t\t\t<div class=\"elementor-testimonial-meta elementor-has-image elementor-testimonial-image-position-aside\">\n\t\t\t\t<div class=\"elementor-testimonial-meta-inner\">\n\t\t\t\t\t\t\t\t\t\t\t<div class=\"elementor-testimonial-image\">\n\t\t\t\t\t\t\t<a href=\"https:\/\/soymigrante.com\/revista\/migrante-zoy-promotora-cultura-guatemala\/\"><img decoding=\"async\" width=\"1170\" height=\"1171\" src=\"https:\/\/soymigrante.com\/revista\/wp-content\/uploads\/2023\/08\/zoy-herrera-1.webp\" class=\"attachment-full size-full wp-image-2222\" alt=\"Zoy Herrera Florencio, migrante y emprendedora guatemalteca\" title=\"Florencio, migrante y emprendedora guatemalteca \u2013 SoyMigrante.com REVISTA\" srcset=\"https:\/\/soymigrante.com\/revista\/wp-content\/uploads\/2023\/08\/zoy-herrera-1.webp 1170w, https:\/\/soymigrante.com\/revista\/wp-content\/uploads\/2023\/08\/zoy-herrera-1-300x300.webp 300w, https:\/\/soymigrante.com\/revista\/wp-content\/uploads\/2023\/08\/zoy-herrera-1-1024x1024.webp 1024w, https:\/\/soymigrante.com\/revista\/wp-content\/uploads\/2023\/08\/zoy-herrera-1-150x150.webp 150w, https:\/\/soymigrante.com\/revista\/wp-content\/uploads\/2023\/08\/zoy-herrera-1-768x769.webp 768w, https:\/\/soymigrante.com\/revista\/wp-content\/uploads\/2023\/08\/zoy-herrera-1-75x75.webp 75w, https:\/\/soymigrante.com\/revista\/wp-content\/uploads\/2023\/08\/zoy-herrera-1-750x751.webp 750w, https:\/\/soymigrante.com\/revista\/wp-content\/uploads\/2023\/08\/zoy-herrera-1-1140x1141.webp 1140w, https:\/\/soymigrante.com\/revista\/wp-content\/uploads\/2023\/08\/zoy-herrera-1-600x600.webp 600w\" sizes=\"(max-width: 1170px) 100vw, 1170px\" \/><\/a>\t\t\t\t\t\t<\/div>\n\t\t\t\t\t\n\t\t\t\t\t\t\t\t\t\t<div class=\"elementor-testimonial-details\">\n\t\t\t\t\t\t\t\t\t\t\t\t\t\t<a class=\"elementor-testimonial-name\" href=\"https:\/\/soymigrante.com\/revista\/migrante-zoy-promotora-cultura-guatemala\/\">Zoy Herrera<\/a>\n\t\t\t\t\t\t\t\t\t\t\t\t\t\t\t\t\t\t\t\t\t\t<a class=\"elementor-testimonial-job\" href=\"https:\/\/soymigrante.com\/revista\/migrante-zoy-promotora-cultura-guatemala\/\">Emprendedora y fabricante de \nproductos promocionales en NY<\/a>\n\t\t\t\t\t\t\t\t\t\t\t\t\t<\/div>\n\t\t\t\t\t\t\t\t\t<\/div>\n\t\t\t<\/div>\n\t\t\t\t\t<\/div>\n\t\t\t\t\t\t<\/div>\n\t\t\t\t\t<\/div>\n\t\t<\/div>\n\t\t\t\t\t<\/div>\n\t\t<\/section>\n\t\t\t\t<section data-particle_enable=\"false\" data-particle-mobile-disabled=\"false\" class=\"elementor-section elementor-top-section elementor-element elementor-element-f46e52a elementor-section-boxed elementor-section-height-default elementor-section-height-default\" data-id=\"f46e52a\" data-element_type=\"section\" data-e-type=\"section\">\n\t\t\t\t\t\t<div class=\"elementor-container elementor-column-gap-default\">\n\t\t\t\t\t<div class=\"elementor-column elementor-col-100 elementor-top-column elementor-element elementor-element-175223f\" data-id=\"175223f\" data-element_type=\"column\" data-e-type=\"column\">\n\t\t\t<div class=\"elementor-widget-wrap elementor-element-populated\">\n\t\t\t\t\t\t<div class=\"elementor-element elementor-element-ec659fd elementor-widget elementor-widget-testimonial\" data-id=\"ec659fd\" data-element_type=\"widget\" data-e-type=\"widget\" data-widget_type=\"testimonial.default\">\n\t\t\t\t\t\t\t<div class=\"elementor-testimonial-wrapper\">\n\t\t\t\t\t\t\t<div class=\"elementor-testimonial-content\">\"No tengan miedo, sigan adelante, creo que lo m\u00e1s importante es cultivar nuestro amor propio y desencadenar todas las cosas bonitas para nuestra vida, para la vida de las dem\u00e1s personas y para la vida de quienes nos rodean\"<\/div>\n\t\t\t\n\t\t\t\t\t\t<div class=\"elementor-testimonial-meta elementor-has-image elementor-testimonial-image-position-aside\">\n\t\t\t\t<div class=\"elementor-testimonial-meta-inner\">\n\t\t\t\t\t\t\t\t\t\t\t<div class=\"elementor-testimonial-image\">\n\t\t\t\t\t\t\t<a href=\"https:\/\/soymigrante.com\/revista\/sandy-castillo-emprendedora-guatemalteca-eeuu\/\"><img decoding=\"async\" width=\"958\" height=\"958\" src=\"https:\/\/soymigrante.com\/revista\/wp-content\/uploads\/2023\/08\/Sandy-se-dedico-completamente-a-su-hogar-no-trabajo-durante-seis-meses-hasta-esperar-el-nacimiento-de-su-nina-estuvo-casada-por-tres-anos-y-tomo-la-decision-de-separarse-y-empezar-una-nueva-etapa-.webp\" class=\"attachment-full size-full wp-image-2284\" alt=\"Migrante guatemalteca Sandy Castillo\" title=\"Sandy se dedic\u00f3 completamente a su hogar, no trabaj\u00f3 durante seis meses hasta esperar el nacimiento de su ni\u00f1a, estuvo casada por tres a\u00f1os y tom\u00f3 la decisi\u00f3n de separarse y empezar una nueva etapa \u2013 SoyMigrante.com REVISTA\" srcset=\"https:\/\/soymigrante.com\/revista\/wp-content\/uploads\/2023\/08\/Sandy-se-dedico-completamente-a-su-hogar-no-trabajo-durante-seis-meses-hasta-esperar-el-nacimiento-de-su-nina-estuvo-casada-por-tres-anos-y-tomo-la-decision-de-separarse-y-empezar-una-nueva-etapa-.webp 958w, https:\/\/soymigrante.com\/revista\/wp-content\/uploads\/2023\/08\/Sandy-se-dedico-completamente-a-su-hogar-no-trabajo-durante-seis-meses-hasta-esperar-el-nacimiento-de-su-nina-estuvo-casada-por-tres-anos-y-tomo-la-decision-de-separarse-y-empezar-una-nueva-etapa--300x300.webp 300w, https:\/\/soymigrante.com\/revista\/wp-content\/uploads\/2023\/08\/Sandy-se-dedico-completamente-a-su-hogar-no-trabajo-durante-seis-meses-hasta-esperar-el-nacimiento-de-su-nina-estuvo-casada-por-tres-anos-y-tomo-la-decision-de-separarse-y-empezar-una-nueva-etapa--150x150.webp 150w, https:\/\/soymigrante.com\/revista\/wp-content\/uploads\/2023\/08\/Sandy-se-dedico-completamente-a-su-hogar-no-trabajo-durante-seis-meses-hasta-esperar-el-nacimiento-de-su-nina-estuvo-casada-por-tres-anos-y-tomo-la-decision-de-separarse-y-empezar-una-nueva-etapa--768x768.webp 768w, https:\/\/soymigrante.com\/revista\/wp-content\/uploads\/2023\/08\/Sandy-se-dedico-completamente-a-su-hogar-no-trabajo-durante-seis-meses-hasta-esperar-el-nacimiento-de-su-nina-estuvo-casada-por-tres-anos-y-tomo-la-decision-de-separarse-y-empezar-una-nueva-etapa--75x75.webp 75w, https:\/\/soymigrante.com\/revista\/wp-content\/uploads\/2023\/08\/Sandy-se-dedico-completamente-a-su-hogar-no-trabajo-durante-seis-meses-hasta-esperar-el-nacimiento-de-su-nina-estuvo-casada-por-tres-anos-y-tomo-la-decision-de-separarse-y-empezar-una-nueva-etapa--750x750.webp 750w, https:\/\/soymigrante.com\/revista\/wp-content\/uploads\/2023\/08\/Sandy-se-dedico-completamente-a-su-hogar-no-trabajo-durante-seis-meses-hasta-esperar-el-nacimiento-de-su-nina-estuvo-casada-por-tres-anos-y-tomo-la-decision-de-separarse-y-empezar-una-nueva-etapa--600x600.webp 600w\" sizes=\"(max-width: 958px) 100vw, 958px\" \/><\/a>\t\t\t\t\t\t<\/div>\n\t\t\t\t\t\n\t\t\t\t\t\t\t\t\t\t<div class=\"elementor-testimonial-details\">\n\t\t\t\t\t\t\t\t\t\t\t\t\t\t<a class=\"elementor-testimonial-name\" href=\"https:\/\/soymigrante.com\/revista\/sandy-castillo-emprendedora-guatemalteca-eeuu\/\">Sandy Castillo<\/a>\n\t\t\t\t\t\t\t\t\t\t\t\t\t\t\t\t\t\t\t\t\t\t<a class=\"elementor-testimonial-job\" href=\"https:\/\/soymigrante.com\/revista\/sandy-castillo-emprendedora-guatemalteca-eeuu\/\">Distribuye productos de belleza y apoya a artesanas<\/a>\n\t\t\t\t\t\t\t\t\t\t\t\t\t<\/div>\n\t\t\t\t\t\t\t\t\t<\/div>\n\t\t\t<\/div>\n\t\t\t\t\t<\/div>\n\t\t\t\t\t\t<\/div>\n\t\t\t\t\t<\/div>\n\t\t<\/div>\n\t\t\t\t\t<\/div>\n\t\t<\/section>\n\t\t\t\t<section data-particle_enable=\"false\" data-particle-mobile-disabled=\"false\" class=\"elementor-section elementor-top-section elementor-element elementor-element-a06ab3b elementor-section-boxed elementor-section-height-default elementor-section-height-default\" data-id=\"a06ab3b\" data-element_type=\"section\" data-e-type=\"section\">\n\t\t\t\t\t\t<div class=\"elementor-container elementor-column-gap-default\">\n\t\t\t\t\t<div class=\"elementor-column elementor-col-100 elementor-top-column elementor-element elementor-element-ed238fe\" data-id=\"ed238fe\" data-element_type=\"column\" data-e-type=\"column\">\n\t\t\t<div class=\"elementor-widget-wrap elementor-element-populated\">\n\t\t\t\t\t\t<div class=\"elementor-element elementor-element-51ef875 elementor-widget elementor-widget-testimonial\" data-id=\"51ef875\" data-element_type=\"widget\" data-e-type=\"widget\" data-widget_type=\"testimonial.default\">\n\t\t\t\t\t\t\t<div class=\"elementor-testimonial-wrapper\">\n\t\t\t\t\t\t\t<div class=\"elementor-testimonial-content\">\u201cSomos m\u00e1s de 61 millones de hispanos que estamos haciendo la diferencia, somos una minor\u00eda poderosa porque somos trabajadores, nosotros los guatemaltecos valemos mucho por nuestra historia y descendencia\u201d<\/div>\n\t\t\t\n\t\t\t\t\t\t<div class=\"elementor-testimonial-meta elementor-has-image elementor-testimonial-image-position-aside\">\n\t\t\t\t<div class=\"elementor-testimonial-meta-inner\">\n\t\t\t\t\t\t\t\t\t\t\t<div class=\"elementor-testimonial-image\">\n\t\t\t\t\t\t\t<a href=\"https:\/\/soymigrante.com\/revista\/maestra-guatemalteca-orienta-a-migrantes-en-oklahoma-e-e-u-u\/\"><img loading=\"lazy\" decoding=\"async\" width=\"714\" height=\"720\" src=\"https:\/\/soymigrante.com\/revista\/wp-content\/uploads\/2023\/09\/Saidy-es-la-voz-de-los-migrantes-guatemaltecos-.webp\" class=\"attachment-full size-full wp-image-2630\" alt=\"Saidy Herrera, migrante guatemalteca\" title=\"Saidy es la voz de los migrantes guatemaltecos \u2013 SoyMigrante.com REVISTA\" srcset=\"https:\/\/soymigrante.com\/revista\/wp-content\/uploads\/2023\/09\/Saidy-es-la-voz-de-los-migrantes-guatemaltecos-.webp 714w, https:\/\/soymigrante.com\/revista\/wp-content\/uploads\/2023\/09\/Saidy-es-la-voz-de-los-migrantes-guatemaltecos--298x300.webp 298w, https:\/\/soymigrante.com\/revista\/wp-content\/uploads\/2023\/09\/Saidy-es-la-voz-de-los-migrantes-guatemaltecos--150x150.webp 150w, https:\/\/soymigrante.com\/revista\/wp-content\/uploads\/2023\/09\/Saidy-es-la-voz-de-los-migrantes-guatemaltecos--75x75.webp 75w\" sizes=\"(max-width: 714px) 100vw, 714px\" \/><\/a>\t\t\t\t\t\t<\/div>\n\t\t\t\t\t\n\t\t\t\t\t\t\t\t\t\t<div class=\"elementor-testimonial-details\">\n\t\t\t\t\t\t\t\t\t\t\t\t\t\t<a class=\"elementor-testimonial-name\" href=\"https:\/\/soymigrante.com\/revista\/maestra-guatemalteca-orienta-a-migrantes-en-oklahoma-e-e-u-u\/\">Saidy Herrera <\/a>\n\t\t\t\t\t\t\t\t\t\t\t\t\t\t\t\t\t\t\t\t\t\t<a class=\"elementor-testimonial-job\" href=\"https:\/\/soymigrante.com\/revista\/maestra-guatemalteca-orienta-a-migrantes-en-oklahoma-e-e-u-u\/\">Lideresa comunitaria y pastora de una iglesia cristiana en Oklahoma<\/a>\n\t\t\t\t\t\t\t\t\t\t\t\t\t<\/div>\n\t\t\t\t\t\t\t\t\t<\/div>\n\t\t\t<\/div>\n\t\t\t\t\t<\/div>\n\t\t\t\t\t\t<\/div>\n\t\t\t\t\t<\/div>\n\t\t<\/div>\n\t\t\t\t\t<\/div>\n\t\t<\/section>\n\t\t\t\t<section data-particle_enable=\"false\" data-particle-mobile-disabled=\"false\" class=\"elementor-section elementor-top-section elementor-element elementor-element-de90cae elementor-section-boxed elementor-section-height-default elementor-section-height-default\" data-id=\"de90cae\" data-element_type=\"section\" data-e-type=\"section\">\n\t\t\t\t\t\t<div class=\"elementor-container elementor-column-gap-default\">\n\t\t\t\t\t<div class=\"elementor-column elementor-col-100 elementor-top-column elementor-element elementor-element-93133ae\" data-id=\"93133ae\" data-element_type=\"column\" data-e-type=\"column\">\n\t\t\t<div class=\"elementor-widget-wrap elementor-element-populated\">\n\t\t\t\t\t\t<div class=\"elementor-element elementor-element-0493fcf elementor-widget elementor-widget-testimonial\" data-id=\"0493fcf\" data-element_type=\"widget\" data-e-type=\"widget\" data-widget_type=\"testimonial.default\">\n\t\t\t\t\t\t\t<div class=\"elementor-testimonial-wrapper\">\n\t\t\t\t\t\t\t<div class=\"elementor-testimonial-content\">\"Surgi\u00f3 el deseo de contactar a m\u00e1s guatemaltecos migrantes, para que se unieran al grupo (de danzas tradicionales), ellos o sus hijos. Se fueron consiguiendo trajes, nos informamos acerca de danzas y costumbres... Una vez me preguntaron: Mire y \u00bfc\u00f3mo se llama el grupo? En cada presentaci\u00f3n  yo siempre sol\u00eda decir: Todos somos Chapines de Coraz\u00f3n y as\u00ed se llam\u00f3\"<\/div>\n\t\t\t\n\t\t\t\t\t\t<div class=\"elementor-testimonial-meta elementor-has-image elementor-testimonial-image-position-aside\">\n\t\t\t\t<div class=\"elementor-testimonial-meta-inner\">\n\t\t\t\t\t\t\t\t\t\t\t<div class=\"elementor-testimonial-image\">\n\t\t\t\t\t\t\t<a href=\"https:\/\/soymigrante.com\/revista\/sali-de-guatemala-pero-guatemala-nunca-saldra-de-mi-migrante-y-promotora-cultural-susana-oxlaj\/\"><img loading=\"lazy\" decoding=\"async\" width=\"1600\" height=\"1066\" src=\"https:\/\/soymigrante.com\/revista\/wp-content\/uploads\/2023\/09\/susana-xolaj.webp\" class=\"attachment-full size-full wp-image-2736\" alt=\"Susana Oxlaj, migrante guatemalteca en Houston\" title=\"Susana Oxlaj, migrante guatemalteca en Houston \u2013 SoyMigrante.com REVISTA\" srcset=\"https:\/\/soymigrante.com\/revista\/wp-content\/uploads\/2023\/09\/susana-xolaj.webp 1600w, https:\/\/soymigrante.com\/revista\/wp-content\/uploads\/2023\/09\/susana-xolaj-300x200.webp 300w, https:\/\/soymigrante.com\/revista\/wp-content\/uploads\/2023\/09\/susana-xolaj-1024x682.webp 1024w, https:\/\/soymigrante.com\/revista\/wp-content\/uploads\/2023\/09\/susana-xolaj-768x512.webp 768w, https:\/\/soymigrante.com\/revista\/wp-content\/uploads\/2023\/09\/susana-xolaj-1536x1023.webp 1536w, https:\/\/soymigrante.com\/revista\/wp-content\/uploads\/2023\/09\/susana-xolaj-750x500.webp 750w, https:\/\/soymigrante.com\/revista\/wp-content\/uploads\/2023\/09\/susana-xolaj-1140x760.webp 1140w, https:\/\/soymigrante.com\/revista\/wp-content\/uploads\/2023\/09\/susana-xolaj-600x400.webp 600w\" sizes=\"(max-width: 1600px) 100vw, 1600px\" \/><\/a>\t\t\t\t\t\t<\/div>\n\t\t\t\t\t\n\t\t\t\t\t\t\t\t\t\t<div class=\"elementor-testimonial-details\">\n\t\t\t\t\t\t\t\t\t\t\t\t\t\t<a class=\"elementor-testimonial-name\" href=\"https:\/\/soymigrante.com\/revista\/sali-de-guatemala-pero-guatemala-nunca-saldra-de-mi-migrante-y-promotora-cultural-susana-oxlaj\/\">Susana Oxlaj<\/a>\n\t\t\t\t\t\t\t\t\t\t\t\t\t\t\t\t\t\t\t\t\t\t<a class=\"elementor-testimonial-job\" href=\"https:\/\/soymigrante.com\/revista\/sali-de-guatemala-pero-guatemala-nunca-saldra-de-mi-migrante-y-promotora-cultural-susana-oxlaj\/\">Promotora de la recuperaci\u00f3n de las ra\u00edces guatemaltecas en Texas<\/a>\n\t\t\t\t\t\t\t\t\t\t\t\t\t<\/div>\n\t\t\t\t\t\t\t\t\t<\/div>\n\t\t\t<\/div>\n\t\t\t\t\t<\/div>\n\t\t\t\t\t\t<\/div>\n\t\t\t\t\t<\/div>\n\t\t<\/div>\n\t\t\t\t\t<\/div>\n\t\t<\/section>\n\t\t\t\t<section data-particle_enable=\"false\" data-particle-mobile-disabled=\"false\" class=\"elementor-section elementor-top-section elementor-element elementor-element-98d2f5b elementor-section-boxed elementor-section-height-default elementor-section-height-default\" data-id=\"98d2f5b\" data-element_type=\"section\" data-e-type=\"section\">\n\t\t\t\t\t\t<div class=\"elementor-container elementor-column-gap-default\">\n\t\t\t\t\t<div class=\"elementor-column elementor-col-100 elementor-top-column elementor-element elementor-element-aa55a28\" data-id=\"aa55a28\" data-element_type=\"column\" data-e-type=\"column\">\n\t\t\t<div class=\"elementor-widget-wrap elementor-element-populated\">\n\t\t\t\t\t\t<div class=\"elementor-element elementor-element-8abe8e0 elementor-widget elementor-widget-testimonial\" data-id=\"8abe8e0\" data-element_type=\"widget\" data-e-type=\"widget\" data-widget_type=\"testimonial.default\">\n\t\t\t\t\t\t\t<div class=\"elementor-testimonial-wrapper\">\n\t\t\t\t\t\t\t<div class=\"elementor-testimonial-content\">\"Nuestras ra\u00edces est\u00e1n en Guatemala Y los problemas de Guatemala se sufren mucho desde aqu\u00ed en Estados Unidos. Con todo lo que est\u00e1 pasando en Guatemala actualmente  los migrantes lo est\u00e1n sintiendo y est\u00e1n luchando, apoyando para que se mejore\".<\/div>\n\t\t\t\n\t\t\t\t\t\t<div class=\"elementor-testimonial-meta elementor-has-image elementor-testimonial-image-position-aside\">\n\t\t\t\t<div class=\"elementor-testimonial-meta-inner\">\n\t\t\t\t\t\t\t\t\t\t\t<div class=\"elementor-testimonial-image\">\n\t\t\t\t\t\t\t<a href=\"https:\/\/soymigrante.com\/revista\/actriz-migrante-y-defensora-del-talento-de-la-mujer-hispana-sandra-chavarria\/\"><img loading=\"lazy\" decoding=\"async\" width=\"683\" height=\"1024\" src=\"https:\/\/soymigrante.com\/revista\/wp-content\/uploads\/2023\/10\/WhatsApp-Image-2023-10-18-at-9.03.48-AM-4-1.webp\" class=\"attachment-full size-full wp-image-3063\" alt=\"Sandra Chavarr\u00eda tambi\u00e9n ha incursionado en la publicidad y el modelaje, adem\u00e1s de la locucii\u00f3n y la organizaci\u00f3nd e eventos.\" title=\"Sandra Chavarr\u00eda tambi\u00e9n ha incursionado en la publicidad y el modelaje, adem\u00e1s de la locucii\u00f3n y la organizaci\u00f3nd e eventos. \u2013 SoyMigrante.com REVISTA\" srcset=\"https:\/\/soymigrante.com\/revista\/wp-content\/uploads\/2023\/10\/WhatsApp-Image-2023-10-18-at-9.03.48-AM-4-1.webp 683w, https:\/\/soymigrante.com\/revista\/wp-content\/uploads\/2023\/10\/WhatsApp-Image-2023-10-18-at-9.03.48-AM-4-1-200x300.webp 200w\" sizes=\"(max-width: 683px) 100vw, 683px\" \/><\/a>\t\t\t\t\t\t<\/div>\n\t\t\t\t\t\n\t\t\t\t\t\t\t\t\t\t<div class=\"elementor-testimonial-details\">\n\t\t\t\t\t\t\t\t\t\t\t\t\t\t<a class=\"elementor-testimonial-name\" href=\"https:\/\/soymigrante.com\/revista\/actriz-migrante-y-defensora-del-talento-de-la-mujer-hispana-sandra-chavarria\/\">Sandra Chavarr\u00eda<\/a>\n\t\t\t\t\t\t\t\t\t\t\t\t\t\t\t\t\t\t\t\t\t\t<a class=\"elementor-testimonial-job\" href=\"https:\/\/soymigrante.com\/revista\/actriz-migrante-y-defensora-del-talento-de-la-mujer-hispana-sandra-chavarria\/\">Actriz de cine y teatro, y \nconductora de TV<\/a>\n\t\t\t\t\t\t\t\t\t\t\t\t\t<\/div>\n\t\t\t\t\t\t\t\t\t<\/div>\n\t\t\t<\/div>\n\t\t\t\t\t<\/div>\n\t\t\t\t\t\t<\/div>\n\t\t\t\t\t<\/div>\n\t\t<\/div>\n\t\t\t\t\t<\/div>\n\t\t<\/section>\n\t\t\t\t<section data-particle_enable=\"false\" data-particle-mobile-disabled=\"false\" class=\"elementor-section elementor-top-section elementor-element elementor-element-6394237 elementor-section-boxed elementor-section-height-default elementor-section-height-default\" data-id=\"6394237\" data-element_type=\"section\" data-e-type=\"section\">\n\t\t\t\t\t\t<div class=\"elementor-container elementor-column-gap-default\">\n\t\t\t\t\t<div class=\"elementor-column elementor-col-100 elementor-top-column elementor-element elementor-element-2e51dc4\" data-id=\"2e51dc4\" data-element_type=\"column\" data-e-type=\"column\">\n\t\t\t<div class=\"elementor-widget-wrap elementor-element-populated\">\n\t\t\t\t\t\t<div class=\"elementor-element elementor-element-cdfb88b elementor-widget elementor-widget-testimonial\" data-id=\"cdfb88b\" data-element_type=\"widget\" data-e-type=\"widget\" data-widget_type=\"testimonial.default\">\n\t\t\t\t\t\t\t<div class=\"elementor-testimonial-wrapper\">\n\t\t\t\t\t\t\t<div class=\"elementor-testimonial-content\">\"Como migrantes es dif\u00edcil y toma muchos a\u00f1os llegar hacia d\u00f3nde queremos. Nunca desmayes, no te des por vencido, si est\u00e1s en un lugar que no te gusta busca el camino. \u00a1Tu valor es \u00fanico!\"<\/div>\n\t\t\t\n\t\t\t\t\t\t<div class=\"elementor-testimonial-meta elementor-has-image elementor-testimonial-image-position-aside\">\n\t\t\t\t<div class=\"elementor-testimonial-meta-inner\">\n\t\t\t\t\t\t\t\t\t\t\t<div class=\"elementor-testimonial-image\">\n\t\t\t\t\t\t\t<a href=\"https:\/\/soymigrante.com\/revista\/el-sueno-migrante-de-yara-reynolds-se-dibuja-con-sombrero\/\"><img loading=\"lazy\" decoding=\"async\" width=\"960\" height=\"956\" src=\"https:\/\/soymigrante.com\/revista\/wp-content\/uploads\/2023\/12\/yarushka.webp\" class=\"attachment-full size-full wp-image-3873\" alt=\"\" title=\"Yara Reynolds, migrante en Alabama \u2013 SoyMigrante.com REVISTA\" srcset=\"https:\/\/soymigrante.com\/revista\/wp-content\/uploads\/2023\/12\/yarushka.webp 960w, https:\/\/soymigrante.com\/revista\/wp-content\/uploads\/2023\/12\/yarushka-300x300.webp 300w, https:\/\/soymigrante.com\/revista\/wp-content\/uploads\/2023\/12\/yarushka-150x150.webp 150w, https:\/\/soymigrante.com\/revista\/wp-content\/uploads\/2023\/12\/yarushka-768x765.webp 768w, https:\/\/soymigrante.com\/revista\/wp-content\/uploads\/2023\/12\/yarushka-75x75.jpg 75w, https:\/\/soymigrante.com\/revista\/wp-content\/uploads\/2023\/12\/yarushka-750x747.jpg 750w\" sizes=\"(max-width: 960px) 100vw, 960px\" \/><\/a>\t\t\t\t\t\t<\/div>\n\t\t\t\t\t\n\t\t\t\t\t\t\t\t\t\t<div class=\"elementor-testimonial-details\">\n\t\t\t\t\t\t\t\t\t\t\t\t\t\t<a class=\"elementor-testimonial-name\" href=\"https:\/\/soymigrante.com\/revista\/el-sueno-migrante-de-yara-reynolds-se-dibuja-con-sombrero\/\">Yara Reynolds<\/a>\n\t\t\t\t\t\t\t\t\t\t\t\t\t\t\t\t\t\t\t\t\t\t<a class=\"elementor-testimonial-job\" href=\"https:\/\/soymigrante.com\/revista\/el-sueno-migrante-de-yara-reynolds-se-dibuja-con-sombrero\/\">Ni\u00f1era, artesana de sombreros y emprendedora de panader\u00eda artesanal en Alabama<\/a>\n\t\t\t\t\t\t\t\t\t\t\t\t\t<\/div>\n\t\t\t\t\t\t\t\t\t<\/div>\n\t\t\t<\/div>\n\t\t\t\t\t<\/div>\n\t\t\t\t\t\t<\/div>\n\t\t\t\t\t<\/div>\n\t\t<\/div>\n\t\t\t\t\t<\/div>\n\t\t<\/section>\n\t\t\t\t<section data-particle_enable=\"false\" data-particle-mobile-disabled=\"false\" class=\"elementor-section elementor-top-section elementor-element elementor-element-6d297c9 elementor-section-boxed elementor-section-height-default elementor-section-height-default\" data-id=\"6d297c9\" data-element_type=\"section\" data-e-type=\"section\">\n\t\t\t\t\t\t<div class=\"elementor-container elementor-column-gap-default\">\n\t\t\t\t\t<div class=\"elementor-column elementor-col-100 elementor-top-column elementor-element elementor-element-e1113b7\" data-id=\"e1113b7\" data-element_type=\"column\" data-e-type=\"column\">\n\t\t\t<div class=\"elementor-widget-wrap elementor-element-populated\">\n\t\t\t\t\t\t<div class=\"elementor-element elementor-element-6cd6e6f elementor-widget elementor-widget-testimonial\" data-id=\"6cd6e6f\" data-element_type=\"widget\" data-e-type=\"widget\" data-widget_type=\"testimonial.default\">\n\t\t\t\t\t\t\t<div class=\"elementor-testimonial-wrapper\">\n\t\t\t\t\t\t\t<div class=\"elementor-testimonial-content\">\"Primero el ingl\u00e9s. Para m\u00ed era un impedimento, pero ya no. Uno puede y debe aprender. Ser mam\u00e1 nos hace fuertes y nuestros hijos son un motivo para triunfar\".<\/div>\n\t\t\t\n\t\t\t\t\t\t<div class=\"elementor-testimonial-meta elementor-has-image elementor-testimonial-image-position-aside\">\n\t\t\t\t<div class=\"elementor-testimonial-meta-inner\">\n\t\t\t\t\t\t\t\t\t\t\t<div class=\"elementor-testimonial-image\">\n\t\t\t\t\t\t\t<a href=\"https:\/\/soymigrante.com\/revista\/matrimonio-migrante-marine-corps-finanzas-amor-familia-guatemalteca-finanzas\/\"><img loading=\"lazy\" decoding=\"async\" width=\"1920\" height=\"1440\" src=\"https:\/\/soymigrante.com\/revista\/wp-content\/uploads\/2023\/12\/EYLI-MARINE.webp\" class=\"attachment-full size-full wp-image-4017\" alt=\"\" title=\"El amor de familia es la mayor riqueza de Eyly y Jonathan, migrantes guatemaltecos que triunfan en el servicio de asesor\u00eda de las finanzas personales. \u2013 SoyMigrante.com REVISTA\" srcset=\"https:\/\/soymigrante.com\/revista\/wp-content\/uploads\/2023\/12\/EYLI-MARINE.webp 1920w, https:\/\/soymigrante.com\/revista\/wp-content\/uploads\/2023\/12\/EYLI-MARINE-300x225.webp 300w, https:\/\/soymigrante.com\/revista\/wp-content\/uploads\/2023\/12\/EYLI-MARINE-1024x768.webp 1024w, https:\/\/soymigrante.com\/revista\/wp-content\/uploads\/2023\/12\/EYLI-MARINE-768x576.webp 768w, https:\/\/soymigrante.com\/revista\/wp-content\/uploads\/2023\/12\/EYLI-MARINE-1536x1152.webp 1536w, https:\/\/soymigrante.com\/revista\/wp-content\/uploads\/2023\/12\/EYLI-MARINE-750x563.webp 750w, https:\/\/soymigrante.com\/revista\/wp-content\/uploads\/2023\/12\/EYLI-MARINE-1140x855.webp 1140w\" sizes=\"(max-width: 1920px) 100vw, 1920px\" \/><\/a>\t\t\t\t\t\t<\/div>\n\t\t\t\t\t\n\t\t\t\t\t\t\t\t\t\t<div class=\"elementor-testimonial-details\">\n\t\t\t\t\t\t\t\t\t\t\t\t\t\t<a class=\"elementor-testimonial-name\" href=\"https:\/\/soymigrante.com\/revista\/matrimonio-migrante-marine-corps-finanzas-amor-familia-guatemalteca-finanzas\/\">Eyly Luna <\/a>\n\t\t\t\t\t\t\t\t\t\t\t\t\t\t\t\t\t\t\t\t\t\t<a class=\"elementor-testimonial-job\" href=\"https:\/\/soymigrante.com\/revista\/matrimonio-migrante-marine-corps-finanzas-amor-familia-guatemalteca-finanzas\/\">Esposa, madre y empresaria en California<\/a>\n\t\t\t\t\t\t\t\t\t\t\t\t\t<\/div>\n\t\t\t\t\t\t\t\t\t<\/div>\n\t\t\t<\/div>\n\t\t\t\t\t<\/div>\n\t\t\t\t\t\t<\/div>\n\t\t\t\t\t<\/div>\n\t\t<\/div>\n\t\t\t\t\t<\/div>\n\t\t<\/section>\n\t\t\t\t<section data-particle_enable=\"false\" data-particle-mobile-disabled=\"false\" class=\"elementor-section elementor-top-section elementor-element elementor-element-e7b16d0 elementor-section-boxed elementor-section-height-default elementor-section-height-default\" data-id=\"e7b16d0\" data-element_type=\"section\" data-e-type=\"section\">\n\t\t\t\t\t\t<div class=\"elementor-container elementor-column-gap-default\">\n\t\t\t\t\t<div class=\"elementor-column elementor-col-100 elementor-top-column elementor-element elementor-element-34164c4\" data-id=\"34164c4\" data-element_type=\"column\" data-e-type=\"column\">\n\t\t\t<div class=\"elementor-widget-wrap elementor-element-populated\">\n\t\t\t\t\t\t<div class=\"elementor-element elementor-element-9d4d1a5 elementor-widget elementor-widget-image\" data-id=\"9d4d1a5\" data-element_type=\"widget\" data-e-type=\"widget\" data-widget_type=\"image.default\">\n\t\t\t\t\t\t\t\t\t\t\t\t<figure class=\"wp-caption\">\n\t\t\t\t\t\t\t\t\t\t<img loading=\"lazy\" decoding=\"async\" width=\"758\" height=\"665\" src=\"https:\/\/soymigrante.com\/revista\/wp-content\/uploads\/2024\/03\/juan-henry-hernandez-chavajay.webp\" class=\"attachment-large size-large wp-image-5226\" alt=\"Mural del artista sololateco Henry M\u00e9ndez Chavajay\" srcset=\"https:\/\/soymigrante.com\/revista\/wp-content\/uploads\/2024\/03\/juan-henry-hernandez-chavajay.webp 758w, https:\/\/soymigrante.com\/revista\/wp-content\/uploads\/2024\/03\/juan-henry-hernandez-chavajay-300x263.webp 300w, https:\/\/soymigrante.com\/revista\/wp-content\/uploads\/2024\/03\/juan-henry-hernandez-chavajay-750x658.webp 750w\" sizes=\"(max-width: 758px) 100vw, 758px\" title=\"Mural del artista sololateco Henry M\u00e9ndez Chavajay \u2013 SoyMigrante.com REVISTA\" \/>\t\t\t\t\t\t\t\t\t\t\t<figcaption class=\"widget-image-caption wp-caption-text\">Pintura mural del artista sololateco Henry Mendez Chavayaj, en el cual expone el gran valor de la ni\u00f1a y la mujer guatemalteca como  pilares de desarrollo humano, social, creativo y econ\u00f3mico.<\/figcaption>\n\t\t\t\t\t\t\t\t\t\t<\/figure>\n\t\t\t\t\t\t\t\t\t<\/div>\n\t\t\t\t\t<\/div>\n\t\t<\/div>\n\t\t\t\t\t<\/div>\n\t\t<\/section>\n\t\t\t\t<\/div>\n\t\t","protected":false},"excerpt":{"rendered":"<p>Las guatemaltecas migrantes trabajan, emprenden, triunfan, inspiran; vencen barreras y con acciones y palabras brindan lecciones inspiradoras. En SoyMigrante.com es un honor poder exaltar su talento. En el D\u00eda Internacional de la Mujer efectuamos este sencillo pero muy sincero homenaje a las migrantes guatemaltecas en Estados Unidos: son hijas, madres, esposas, hermanas, abuelas, pero sobre [&hellip;]<\/p>\n","protected":false},"author":1,"featured_media":5226,"comment_status":"open","ping_status":"open","sticky":false,"template":"","format":"standard","meta":{"_acf_changed":false,"_eb_attr":"","footnotes":""},"categories":[54],"tags":[106],"class_list":["post-5224","post","type-post","status-publish","format-standard","has-post-thumbnail","hentry","category-estamos-unidos","tag-dia-internacional-de-la-mujer"],"acf":[],"aioseo_notices":[],"aioseo_head":"\n\t\t<!-- All in One SEO Pro 4.9.6.2 - aioseo.com -->\n\t<meta name=\"description\" content=\"Las guatemaltecas migrantes trabajan, emprenden, triunfan, inspiran; vencen barreras y con acciones y palabras brindan lecciones inspiradoras. En SoyMigrante.com es un honor poder exaltar su talento. En el D\u00eda Internacional de la Mujer efectuamos este sencillo pero muy sincero homenaje a las migrantes guatemaltecas en Estados Unidos: son hijas, madres, esposas, hermanas, abuelas, pero sobre\" \/>\n\t<meta name=\"robots\" content=\"max-snippet:-1, max-image-preview:large, max-video-preview:-1\" \/>\n\t<meta name=\"author\" content=\"SoyMigrante.com REVISTA\"\/>\n\t<link rel=\"canonical\" href=\"https:\/\/soymigrante.com\/revista\/dia-de-la-mujer-guatemaltecas-migrantes-frases-inspiradoras\/\" \/>\n\t<meta name=\"generator\" content=\"All in One SEO Pro (AIOSEO) 4.9.6.2\" \/>\n\n\t\t<link rel=\"preconnect\" href=\"https:\/\/fonts.googleapis.com\" crossorigin>\n<link rel=\"preconnect\" href=\"https:\/\/fonts.gstatic.com\" crossorigin>\n\t\t<meta property=\"og:locale\" content=\"es_ES\" \/>\n\t\t<meta property=\"og:site_name\" content=\"SoyMigrante.com REVISTA \u2013 Nuestra misi\u00f3n es reconocer y dignificar al migrante.\" \/>\n\t\t<meta property=\"og:type\" content=\"article\" \/>\n\t\t<meta property=\"og:title\" content=\"D\u00eda de la Mujer: 8 inspiradoras ideas de migrantes guatemaltecas\" \/>\n\t\t<meta property=\"og:description\" content=\"Las guatemaltecas migrantes trabajan, emprenden, triunfan, inspiran; vencen barreras y con acciones y palabras brindan lecciones inspiradoras. En SoyMigrante.com es un honor poder exaltar su talento. En el D\u00eda Internacional de la Mujer efectuamos este sencillo pero muy sincero homenaje a las migrantes guatemaltecas en Estados Unidos: son hijas, madres, esposas, hermanas, abuelas, pero sobre\" \/>\n\t\t<meta property=\"og:url\" content=\"https:\/\/soymigrante.com\/revista\/dia-de-la-mujer-guatemaltecas-migrantes-frases-inspiradoras\/\" \/>\n\t\t<meta property=\"og:image\" content=\"https:\/\/soymigrante.com\/revista\/wp-content\/uploads\/2024\/03\/juan-henry-hernandez-chavajay.webp\" \/>\n\t\t<meta property=\"og:image:secure_url\" content=\"https:\/\/soymigrante.com\/revista\/wp-content\/uploads\/2024\/03\/juan-henry-hernandez-chavajay.webp\" \/>\n\t\t<meta property=\"og:image:width\" content=\"758\" \/>\n\t\t<meta property=\"og:image:height\" content=\"665\" \/>\n\t\t<meta property=\"article:published_time\" content=\"2024-03-07T05:29:34+00:00\" \/>\n\t\t<meta property=\"article:modified_time\" content=\"2024-07-31T03:43:08+00:00\" \/>\n\t\t<meta property=\"article:publisher\" content=\"https:\/\/www.facebook.com\/soymigrantecom\" \/>\n\t\t<meta name=\"twitter:card\" content=\"summary_large_image\" \/>\n\t\t<meta name=\"twitter:site\" content=\"@SoyMigrante_com\" \/>\n\t\t<meta name=\"twitter:title\" content=\"D\u00eda de la Mujer: 8 inspiradoras ideas de migrantes guatemaltecas\" \/>\n\t\t<meta name=\"twitter:description\" content=\"Las guatemaltecas migrantes trabajan, emprenden, triunfan, inspiran; vencen barreras y con acciones y palabras brindan lecciones inspiradoras. En SoyMigrante.com es un honor poder exaltar su talento. En el D\u00eda Internacional de la Mujer efectuamos este sencillo pero muy sincero homenaje a las migrantes guatemaltecas en Estados Unidos: son hijas, madres, esposas, hermanas, abuelas, pero sobre\" \/>\n\t\t<meta name=\"twitter:creator\" content=\"@SoyMigrante_com\" \/>\n\t\t<meta name=\"twitter:image\" content=\"https:\/\/soymigrante.com\/revista\/wp-content\/uploads\/2024\/03\/juan-henry-hernandez-chavajay.webp\" \/>\n\t\t<!-- All in One SEO Pro -->\r\n\t\t<title>D\u00eda de la Mujer: 8 inspiradoras ideas de migrantes guatemaltecas<\/title>\n\n","aioseo_head_json":{"title":"D\u00eda de la Mujer: 8 inspiradoras ideas de migrantes guatemaltecas","description":"Las guatemaltecas migrantes trabajan, emprenden, triunfan, inspiran; vencen barreras y con acciones y palabras brindan lecciones inspiradoras. En SoyMigrante.com es un honor poder exaltar su talento. En el D\u00eda Internacional de la Mujer efectuamos este sencillo pero muy sincero homenaje a las migrantes guatemaltecas en Estados Unidos: son hijas, madres, esposas, hermanas, abuelas, pero sobre","canonical_url":"https:\/\/soymigrante.com\/revista\/dia-de-la-mujer-guatemaltecas-migrantes-frases-inspiradoras\/","robots":"max-snippet:-1, max-image-preview:large, max-video-preview:-1","keywords":"","webmasterTools":{"miscellaneous":"&lt;link rel=\"preconnect\" href=\"https:\/\/fonts.googleapis.com\" crossorigin&gt;\n&lt;link rel=\"preconnect\" href=\"https:\/\/fonts.gstatic.com\" crossorigin&gt;"},"schema":null,"og:locale":"es_ES","og:site_name":"SoyMigrante.com REVISTA \u2013 Nuestra misi\u00f3n es reconocer y dignificar al migrante.","og:type":"article","og:title":"D\u00eda de la Mujer: 8 inspiradoras ideas de migrantes guatemaltecas","og:description":"Las guatemaltecas migrantes trabajan, emprenden, triunfan, inspiran; vencen barreras y con acciones y palabras brindan lecciones inspiradoras. En SoyMigrante.com es un honor poder exaltar su talento. En el D\u00eda Internacional de la Mujer efectuamos este sencillo pero muy sincero homenaje a las migrantes guatemaltecas en Estados Unidos: son hijas, madres, esposas, hermanas, abuelas, pero sobre","og:url":"https:\/\/soymigrante.com\/revista\/dia-de-la-mujer-guatemaltecas-migrantes-frases-inspiradoras\/","og:image":"https:\/\/soymigrante.com\/revista\/wp-content\/uploads\/2024\/03\/juan-henry-hernandez-chavajay.webp","og:image:secure_url":"https:\/\/soymigrante.com\/revista\/wp-content\/uploads\/2024\/03\/juan-henry-hernandez-chavajay.webp","og:image:width":758,"og:image:height":665,"article:published_time":"2024-03-07T05:29:34+00:00","article:modified_time":"2024-07-31T03:43:08+00:00","article:publisher":"https:\/\/www.facebook.com\/soymigrantecom","twitter:card":"summary_large_image","twitter:site":"@SoyMigrante_com","twitter:title":"D\u00eda de la Mujer: 8 inspiradoras ideas de migrantes guatemaltecas","twitter:description":"Las guatemaltecas migrantes trabajan, emprenden, triunfan, inspiran; vencen barreras y con acciones y palabras brindan lecciones inspiradoras. En SoyMigrante.com es un honor poder exaltar su talento. En el D\u00eda Internacional de la Mujer efectuamos este sencillo pero muy sincero homenaje a las migrantes guatemaltecas en Estados Unidos: son hijas, madres, esposas, hermanas, abuelas, pero sobre","twitter:creator":"@SoyMigrante_com","twitter:image":"https:\/\/soymigrante.com\/revista\/wp-content\/uploads\/2024\/03\/juan-henry-hernandez-chavajay.webp"},"aioseo_meta_data":{"post_id":"5224","title":null,"description":null,"keywords":[],"keyphrases":{"focus":{"keyphrase":"Migrantes","score":91,"analysis":{"keyphraseInTitle":{"score":9,"maxScore":9,"error":0},"keyphraseInDescription":{"score":9,"maxScore":9,"error":0},"keyphraseLength":{"score":9,"maxScore":9,"error":0,"length":1},"keyphraseInURL":{"score":5,"maxScore":5,"error":0},"keyphraseInIntroduction":{"score":9,"maxScore":9,"error":0},"keyphraseInSubHeadings":{"score":9,"maxScore":9,"error":0},"keyphraseInImageAlt":{"score":3,"maxScore":9,"error":1},"keywordDensity":{"type":"best","score":9,"maxScore":9,"error":0}}},"additional":[]},"primary_term":null,"canonical_url":null,"og_title":null,"og_description":null,"og_object_type":"default","og_image_type":"default","og_image_url":null,"og_image_width":null,"og_image_height":null,"og_image_custom_url":null,"og_image_custom_fields":null,"og_video":"","og_custom_url":null,"og_article_section":null,"og_article_tags":[],"twitter_use_og":false,"twitter_card":"default","twitter_image_type":"default","twitter_image_url":null,"twitter_image_custom_url":null,"twitter_image_custom_fields":null,"twitter_title":null,"twitter_description":null,"schema":{"blockGraphs":[],"customGraphs":[],"default":{"data":{"Article":[],"Course":[],"Dataset":[],"FAQPage":[],"Movie":[],"Person":[],"Product":[],"ProductReview":[],"Car":[],"Recipe":[],"Service":[],"SoftwareApplication":[],"WebPage":[]},"graphName":"BlogPosting","isEnabled":true},"graphs":[]},"schema_type":"default","schema_type_options":null,"pillar_content":false,"robots_default":true,"robots_noindex":false,"robots_noarchive":false,"robots_nosnippet":false,"robots_nofollow":false,"robots_noimageindex":false,"robots_noodp":false,"robots_notranslate":false,"robots_max_snippet":"-1","robots_max_videopreview":"-1","robots_max_imagepreview":"large","priority":null,"frequency":"default","local_seo":null,"seo_analyzer_scan_date":"2025-10-08 21:20:11","breadcrumb_settings":null,"limit_modified_date":false,"reviewed_by":null,"open_ai":null,"ai":null,"created":"2024-03-07 04:39:41","updated":"2026-02-04 10:56:08"},"aioseo_breadcrumb":"<div class=\"aioseo-breadcrumbs\"><span class=\"aioseo-breadcrumb\">\n\t<a href=\"https:\/\/soymigrante.com\/revista\" title=\"Home\">Home<\/a>\n<\/span><span class=\"aioseo-breadcrumb-separator\">\u00bb<\/span><span class=\"aioseo-breadcrumb\">\n\t<a href=\"https:\/\/soymigrante.com\/revista\/category\/estamos-unidos\/\" title=\"Estamos Unidos\">Estamos Unidos<\/a>\n<\/span><span class=\"aioseo-breadcrumb-separator\">\u00bb<\/span><span class=\"aioseo-breadcrumb\">\n\tD\u00eda de la Mujer: 8 inspiradoras ideas de migrantes guatemaltecas\n<\/span><\/div>","aioseo_breadcrumb_json":[{"label":"Home","link":"https:\/\/soymigrante.com\/revista"},{"label":"Estamos Unidos","link":"https:\/\/soymigrante.com\/revista\/category\/estamos-unidos\/"},{"label":"D\u00eda de la Mujer: 8 inspiradoras ideas de migrantes guatemaltecas","link":"https:\/\/soymigrante.com\/revista\/dia-de-la-mujer-guatemaltecas-migrantes-frases-inspiradoras\/"}],"_links":{"self":[{"href":"https:\/\/soymigrante.com\/revista\/wp-json\/wp\/v2\/posts\/5224","targetHints":{"allow":["GET"]}}],"collection":[{"href":"https:\/\/soymigrante.com\/revista\/wp-json\/wp\/v2\/posts"}],"about":[{"href":"https:\/\/soymigrante.com\/revista\/wp-json\/wp\/v2\/types\/post"}],"author":[{"embeddable":true,"href":"https:\/\/soymigrante.com\/revista\/wp-json\/wp\/v2\/users\/1"}],"replies":[{"embeddable":true,"href":"https:\/\/soymigrante.com\/revista\/wp-json\/wp\/v2\/comments?post=5224"}],"version-history":[{"count":0,"href":"https:\/\/soymigrante.com\/revista\/wp-json\/wp\/v2\/posts\/5224\/revisions"}],"wp:featuredmedia":[{"embeddable":true,"href":"https:\/\/soymigrante.com\/revista\/wp-json\/wp\/v2\/media\/5226"}],"wp:attachment":[{"href":"https:\/\/soymigrante.com\/revista\/wp-json\/wp\/v2\/media?parent=5224"}],"wp:term":[{"taxonomy":"category","embeddable":true,"href":"https:\/\/soymigrante.com\/revista\/wp-json\/wp\/v2\/categories?post=5224"},{"taxonomy":"post_tag","embeddable":true,"href":"https:\/\/soymigrante.com\/revista\/wp-json\/wp\/v2\/tags?post=5224"}],"curies":[{"name":"wp","href":"https:\/\/api.w.org\/{rel}","templated":true}]}}