{"id":5213,"date":"2024-03-06T13:10:07","date_gmt":"2024-03-06T19:10:07","guid":{"rendered":"https:\/\/soymigrante.com\/revista\/?p=5213"},"modified":"2025-09-16T08:51:05","modified_gmt":"2025-09-16T14:51:05","slug":"oracion-del-migrante-en-ruta-estados-unidos","status":"publish","type":"post","link":"https:\/\/soymigrante.com\/revista\/oracion-del-migrante-en-ruta-estados-unidos\/","title":{"rendered":"Oraci\u00f3n a Santo Toribio Romo y otras plegarias para orar por los migrantes"},"content":{"rendered":"\t\t<div data-elementor-type=\"wp-post\" data-elementor-id=\"5213\" class=\"elementor elementor-5213\" data-elementor-post-type=\"post\">\n\t\t\t\t\t\t<section data-particle_enable=\"false\" data-particle-mobile-disabled=\"false\" class=\"elementor-section elementor-top-section elementor-element elementor-element-ca6270c elementor-section-boxed elementor-section-height-default elementor-section-height-default\" data-id=\"ca6270c\" data-element_type=\"section\" data-e-type=\"section\">\n\t\t\t\t\t\t<div class=\"elementor-container elementor-column-gap-default\">\n\t\t\t\t\t<div class=\"elementor-column elementor-col-100 elementor-top-column elementor-element elementor-element-2354f40\" data-id=\"2354f40\" data-element_type=\"column\" data-e-type=\"column\">\n\t\t\t<div class=\"elementor-widget-wrap elementor-element-populated\">\n\t\t\t\t\t\t<div class=\"elementor-element elementor-element-7c2c24f elementor-widget elementor-widget-heading\" data-id=\"7c2c24f\" data-element_type=\"widget\" data-e-type=\"widget\" data-widget_type=\"heading.default\">\n\t\t\t\t\t<h2 class=\"elementor-heading-title elementor-size-default\">Toda oraci\u00f3n es un puente hacia Dios en busca de ayuda, esperanza, fe renovada. Estas son algunas oraciones del migrante para momentos dif\u00edciles, cuando no se sabe qu\u00e9 decir.<\/h2>\t\t\t\t<\/div>\n\t\t\t\t\t<\/div>\n\t\t<\/div>\n\t\t\t\t\t<\/div>\n\t\t<\/section>\n\t\t\t\t<section data-particle_enable=\"false\" data-particle-mobile-disabled=\"false\" class=\"elementor-section elementor-top-section elementor-element elementor-element-cc95952 elementor-section-boxed elementor-section-height-default elementor-section-height-default\" data-id=\"cc95952\" data-element_type=\"section\" data-e-type=\"section\">\n\t\t\t\t\t\t<div class=\"elementor-container elementor-column-gap-default\">\n\t\t\t\t\t<div class=\"elementor-column elementor-col-100 elementor-top-column elementor-element elementor-element-7620c96\" data-id=\"7620c96\" data-element_type=\"column\" data-e-type=\"column\">\n\t\t\t<div class=\"elementor-widget-wrap elementor-element-populated\">\n\t\t\t\t\t\t<div class=\"elementor-element elementor-element-d201a08 elementor-widget elementor-widget-html\" data-id=\"d201a08\" data-element_type=\"widget\" data-e-type=\"widget\" data-widget_type=\"html.default\">\n\t\t\t\t\t<div id=\"buzzsprout-player-16515642\"><\/div><script src=\"https:\/\/www.buzzsprout.com\/2444168\/episodes\/16515642-oraciones-para-migrantes-guatemaltecos.js?container_id=buzzsprout-player-16515642&player=small\" type=\"text\/javascript\" charset=\"utf-8\"><\/script>\t\t\t\t<\/div>\n\t\t\t\t<div class=\"elementor-element elementor-element-390bbc4 elementor-widget elementor-widget-text-editor\" data-id=\"390bbc4\" data-element_type=\"widget\" data-e-type=\"widget\" data-widget_type=\"text-editor.default\">\n\t\t\t\t\t\t\t\t\t<p>Para muchos migrantes llega alg\u00fan momento en que clama a Dios, pide ayuda al cielo, implora una luz espiritual en un momento dif\u00edcil. Algunos rezan un Padre Nuestro, otros expresan libremente su situaci\u00f3n, ya sea de rodillas, en alguna esquina esperando trabajo, al despertar durante la noche o madrugada.<\/p><p>Cada quien expresa lo que desea. Pero a veces es tal la situaci\u00f3n que no se sabe ni qu\u00e9 decir. Estas son algunas letras de oraci\u00f3n del migrante que pueden ser le\u00eddas en esos momentos. La Fe mueve monta\u00f1as, Dios nunca abandona a ninguno de sus hijos y quien busca, encuentra.<\/p><p>La devoci\u00f3n a <a href=\"https:\/\/soymigrante.com\/revista\/santo-toribio-romo-es-el-patrono-protector-de-los-migrantes-conoce-su-historia-y-oracion\/\">Santo Toribio Romo<\/a> como patrono y protector de los migrantes ha crecido mucho y por ello te presentamos una de las oraciones m\u00e1s frecuentes por su intercesi\u00f3n.<\/p>\t\t\t\t\t\t\t\t<\/div>\n\t\t\t\t\t<\/div>\n\t\t<\/div>\n\t\t\t\t\t<\/div>\n\t\t<\/section>\n\t\t\t\t<section data-particle_enable=\"false\" data-particle-mobile-disabled=\"false\" class=\"elementor-section elementor-top-section elementor-element elementor-element-d3991e5 elementor-section-boxed elementor-section-height-default elementor-section-height-default\" data-id=\"d3991e5\" data-element_type=\"section\" data-e-type=\"section\">\n\t\t\t\t\t\t<div class=\"elementor-container elementor-column-gap-default\">\n\t\t\t\t\t<div class=\"elementor-column elementor-col-100 elementor-top-column elementor-element elementor-element-2a3fa1c\" data-id=\"2a3fa1c\" data-element_type=\"column\" data-e-type=\"column\">\n\t\t\t<div class=\"elementor-widget-wrap elementor-element-populated\">\n\t\t\t\t\t\t<div class=\"elementor-element elementor-element-223325f elementor-widget elementor-widget-heading\" data-id=\"223325f\" data-element_type=\"widget\" data-e-type=\"widget\" data-widget_type=\"heading.default\">\n\t\t\t\t\t<h2 class=\"elementor-heading-title elementor-size-default\">Oraci\u00f3n a Santo Toribio Romo por los migrantes<\/h2>\t\t\t\t<\/div>\n\t\t\t\t\t<\/div>\n\t\t<\/div>\n\t\t\t\t\t<\/div>\n\t\t<\/section>\n\t\t\t\t<section data-particle_enable=\"false\" data-particle-mobile-disabled=\"false\" class=\"elementor-section elementor-top-section elementor-element elementor-element-84b57a3 elementor-section-boxed elementor-section-height-default elementor-section-height-default\" data-id=\"84b57a3\" data-element_type=\"section\" data-e-type=\"section\">\n\t\t\t\t\t\t<div class=\"elementor-container elementor-column-gap-default\">\n\t\t\t\t\t<div class=\"elementor-column elementor-col-100 elementor-top-column elementor-element elementor-element-8ea26b0\" data-id=\"8ea26b0\" data-element_type=\"column\" data-e-type=\"column\">\n\t\t\t<div class=\"elementor-widget-wrap elementor-element-populated\">\n\t\t\t\t\t\t<div class=\"elementor-element elementor-element-3d1d8cd elementor-widget elementor-widget-image\" data-id=\"3d1d8cd\" data-element_type=\"widget\" data-e-type=\"widget\" data-widget_type=\"image.default\">\n\t\t\t\t\t\t\t\t\t\t\t\t<figure class=\"wp-caption\">\n\t\t\t\t\t\t\t\t\t\t<img fetchpriority=\"high\" decoding=\"async\" width=\"1024\" height=\"639\" src=\"https:\/\/soymigrante.com\/revista\/wp-content\/uploads\/2024\/03\/oracion-a-santo-toribio-romo-por-los-inmigrantes-1024x639.jpg\" class=\"attachment-large size-large wp-image-16189\" alt=\"Oraci\u00f3n a Santo Toribio Romo y otras plegarias para orar por los migrantes\" srcset=\"https:\/\/soymigrante.com\/revista\/wp-content\/uploads\/2024\/03\/oracion-a-santo-toribio-romo-por-los-inmigrantes-1024x639.jpg 1024w, https:\/\/soymigrante.com\/revista\/wp-content\/uploads\/2024\/03\/oracion-a-santo-toribio-romo-por-los-inmigrantes-300x187.jpg 300w, https:\/\/soymigrante.com\/revista\/wp-content\/uploads\/2024\/03\/oracion-a-santo-toribio-romo-por-los-inmigrantes-768x479.jpg 768w, https:\/\/soymigrante.com\/revista\/wp-content\/uploads\/2024\/03\/oracion-a-santo-toribio-romo-por-los-inmigrantes-750x468.webp 750w, https:\/\/soymigrante.com\/revista\/wp-content\/uploads\/2024\/03\/oracion-a-santo-toribio-romo-por-los-inmigrantes.webp 1095w\" sizes=\"(max-width: 1024px) 100vw, 1024px\" title=\"Santo Toribio Romo fue un sacerdote mexicano, martirizado por odio a la fe en 1928, cuando solo ten\u00eda 27 a\u00f1os. En su testamento dej\u00f3 encargado que se atendiera a toda persona con necesidad en el pueblo de Tequila, Jalisco. Esta petici\u00f3n llev\u00f3 a que muchos migrantes se encomendaran a su protecci\u00f3n y a la fecha se le considera el Santo Patrono de los Migrantes. \u2013 SoyMigrante.com REVISTA\" \/>\t\t\t\t\t\t\t\t\t\t\t<figcaption class=\"widget-image-caption wp-caption-text\">Oraci\u00f3n a Santo Toribio Romo y otras plegarias para orar por los migrantes<\/figcaption>\n\t\t\t\t\t\t\t\t\t\t<\/figure>\n\t\t\t\t\t\t\t\t\t<\/div>\n\t\t\t\t\t<\/div>\n\t\t<\/div>\n\t\t\t\t\t<\/div>\n\t\t<\/section>\n\t\t\t\t<section data-particle_enable=\"false\" data-particle-mobile-disabled=\"false\" class=\"elementor-section elementor-top-section elementor-element elementor-element-3450d3a elementor-section-boxed elementor-section-height-default elementor-section-height-default\" data-id=\"3450d3a\" data-element_type=\"section\" data-e-type=\"section\">\n\t\t\t\t\t\t<div class=\"elementor-container elementor-column-gap-default\">\n\t\t\t\t\t<div class=\"elementor-column elementor-col-100 elementor-top-column elementor-element elementor-element-ef26ade\" data-id=\"ef26ade\" data-element_type=\"column\" data-e-type=\"column\">\n\t\t\t<div class=\"elementor-widget-wrap elementor-element-populated\">\n\t\t\t\t\t\t<div class=\"elementor-element elementor-element-f93ad03 elementor-widget elementor-widget-text-editor\" data-id=\"f93ad03\" data-element_type=\"widget\" data-e-type=\"widget\" data-widget_type=\"text-editor.default\">\n\t\t\t\t\t\t\t\t\t<p>Padre m\u00edo, t\u00fa que me escuchas<br \/><span style=\"color: var( --e-global-color-text );\">y que te gusta que te pidamos favores;<br \/><\/span><span style=\"color: var( --e-global-color-text );\">como hijos tuyos y \u00e1nimas necesitadas,<br \/><\/span><span style=\"color: var( --e-global-color-text );\">por la intercesi\u00f3n de Santo Toribio Romo,\u00a0\u00a0<\/span><span style=\"color: var( --e-global-color-text );\">tu siervo amado,\u00a0<br \/><\/span><span style=\"color: var( --e-global-color-text );\">derrama tus gracias sobre m\u00ed.\u00a0<br \/><\/span><span style=\"color: var( --e-global-color-text );\">Ay\u00fadame a ser sencillo y humilde de coraz\u00f3n<br \/><\/span><span style=\"color: var( --e-global-color-text );\">para saber adorarte y servirte como \u00e9l lo hizo;\u00a0<br \/><\/span><span style=\"color: var( --e-global-color-text );\">que entreg\u00f3 su vida\u00a0<\/span><span style=\"color: var( --e-global-color-text );\">\u201cAmando a Dios sobre todas las cosas\u201d<\/span><\/p><p>Quiero entregarte lo mejor de m\u00ed,\u00a0<span style=\"color: var( --e-global-color-text );\">sin ninguna condici\u00f3n;<br \/><\/span><span style=\"color: var( --e-global-color-text );\">y as\u00ed como Santo Toribio fue fiel a Ti,\u00a0<\/span><span style=\"color: var( --e-global-color-text );\">hasta el martirio,\u00a0<br \/><\/span><span style=\"color: var( --e-global-color-text );\">yo tambi\u00e9n te ofrezco mi fidelidad,\u00a0<\/span><span style=\"color: var( --e-global-color-text );\">mis trabajos,\u00a0<br \/><\/span><span style=\"color: var( --e-global-color-text );\">mis sacrificios y mis oraciones,\u00a0<\/span><span style=\"color: var( --e-global-color-text );\">para alabarte y <br \/>bendecirte incansablemente.<\/span><\/p><p>Conc\u00e9deme este favor especial que hoy te pido,\u00a0<br \/><span style=\"color: var( --e-global-color-text );\">si est\u00e1 dentro de tu plan divino:<br \/><\/span><span style=\"color: var( --e-global-color-text );\"><b>(hacer la petici\u00f3n)\u00a0<br \/><\/b><\/span><span style=\"color: var( --e-global-color-text );\">Dame lo que T\u00fa creas que yo necesito<br \/><\/span><span style=\"color: var( --e-global-color-text );\">y que sea para mi salvaci\u00f3n;<br \/><\/span><span style=\"color: var( --e-global-color-text );\">te lo pido con mucha fe,\u00a0<\/span><span style=\"color: var( --e-global-color-text );\">con mucha humildad <br \/>y con mucha esperanza.\u00a0<\/span><span style=\"color: var( --e-global-color-text );\">As\u00ed sea.\u00a0<br \/><\/span><span style=\"color: var( --e-global-color-text );\">\u00a1Santo Toribio, ruega por nosotros!<\/span><\/p><div>\u00a0<\/div>\t\t\t\t\t\t\t\t<\/div>\n\t\t\t\t\t<\/div>\n\t\t<\/div>\n\t\t\t\t\t<\/div>\n\t\t<\/section>\n\t\t<div data-particle_enable=\"false\" data-particle-mobile-disabled=\"false\" class=\"elementor-element elementor-element-f7d8bc5 e-flex e-con-boxed e-con e-parent\" data-id=\"f7d8bc5\" data-element_type=\"container\" data-e-type=\"container\">\n\t\t\t\t\t<div class=\"e-con-inner\">\n\t\t\t\t<div class=\"elementor-element elementor-element-7795c43 elementor-grid-eael-col-1 elementor-grid-tablet-eael-col-2 elementor-grid-mobile-eael-col-1 elementor-widget elementor-widget-eael-post-grid\" data-id=\"7795c43\" data-element_type=\"widget\" data-e-type=\"widget\" data-settings=\"{&quot;eael_post_grid_columns&quot;:&quot;eael-col-1&quot;,&quot;eael_post_grid_columns_tablet&quot;:&quot;eael-col-2&quot;,&quot;eael_post_grid_columns_mobile&quot;:&quot;eael-col-1&quot;}\" data-widget_type=\"eael-post-grid.default\">\n\t\t\t\t\t<div id=\"eael-post-grid-7795c43\" class=\"eael-post-grid-container\">\n            <div class=\"eael-post-grid eael-post-appender eael-post-appender-7795c43 eael-post-grid-style-one\" data-layout-mode=\"masonry\"><article class=\"eael-grid-post  eael-post-grid-column eael-pg-post-16193 category-bienestar\" data-id=\"16193\">\n        <div class=\"eael-grid-post-holder\">\n            <div class=\"eael-grid-post-holder-inner\"><div class=\"eael-entry-media\"><div class=\"eael-entry-overlay fade-in\"><i class=\"far fa-hand-pointer\" aria-hidden=\"true\"><\/i><a href=\"https:\/\/soymigrante.com\/revista\/santo-toribio-romo-es-el-patrono-protector-de-los-migrantes-conoce-su-historia-y-oracion\/\"><\/a><\/div><div class=\"eael-entry-thumbnail eael-image-ratio\">\n                <img decoding=\"async\" width=\"547\" height=\"547\" src=\"https:\/\/soymigrante.com\/revista\/wp-content\/uploads\/2024\/12\/oracion-a-santo-toribio-romo-e1734027974453.webp\" class=\"attachment-large size-large wp-image-16218\" alt=\"Ninguna, la imagen no es relevante para el contenido de SoyMigrante.com REVISTA ni contiene informaci\u00f3n \u00fatil para SEO en relaci\u00f3n con inmigrantes o migraci\u00f3n.\" srcset=\"https:\/\/soymigrante.com\/revista\/wp-content\/uploads\/2024\/12\/oracion-a-santo-toribio-romo-e1734027974453.webp 547w, https:\/\/soymigrante.com\/revista\/wp-content\/uploads\/2024\/12\/oracion-a-santo-toribio-romo-e1734027974453-300x300.jpg 300w, https:\/\/soymigrante.com\/revista\/wp-content\/uploads\/2024\/12\/oracion-a-santo-toribio-romo-e1734027974453-150x150.jpg 150w, https:\/\/soymigrante.com\/revista\/wp-content\/uploads\/2024\/12\/oracion-a-santo-toribio-romo-e1734027974453-75x75.webp 75w\" sizes=\"(max-width: 547px) 100vw, 547px\" \/>\n            <\/div>\n        <\/div><div class=\"eael-entry-wrapper\"><header class=\"eael-entry-header\"><h2 class=\"eael-entry-title\"><a class=\"eael-grid-post-link\" href=\"https:\/\/soymigrante.com\/revista\/santo-toribio-romo-es-el-patrono-protector-de-los-migrantes-conoce-su-historia-y-oracion\/\" title=\"Oraci\u00f3n e historia de Santo Toribio Romo, protector de los migrantes\">Oraci\u00f3n e historia de Santo Toribio Romo, protector de los migrantes<\/a><\/h2><\/header><div class=\"eael-entry-content\">\n                        <div class=\"eael-grid-post-excerpt\"><a href=\"https:\/\/soymigrante.com\/revista\/santo-toribio-romo-es-el-patrono-protector-de-los-migrantes-conoce-su-historia-y-oracion\/\" class=\"eael-post-elements-readmore-btn\">CONOCE  POR QU\u00c9 LLEG\u00d3 A SER EL PATRONO DE LOS MIGRANTES<\/a><\/div>\n                    <\/div><\/div><\/div>\n        <\/div>\n    <\/article><\/div>\n            <div class=\"clearfix\"><\/div>\n        <\/div>\t\t\t\t<\/div>\n\t\t\t\t\t<\/div>\n\t\t\t\t<\/div>\n\t\t<div data-particle_enable=\"false\" data-particle-mobile-disabled=\"false\" class=\"elementor-element elementor-element-0cfb646 e-flex e-con-boxed e-con e-parent\" data-id=\"0cfb646\" data-element_type=\"container\" data-e-type=\"container\">\n\t\t\t\t\t<div class=\"e-con-inner\">\n\t\t\t\t<div class=\"elementor-element elementor-element-f56d6c7 elementor-widget elementor-widget-heading\" data-id=\"f56d6c7\" data-element_type=\"widget\" data-e-type=\"widget\" data-widget_type=\"heading.default\">\n\t\t\t\t\t<h2 class=\"elementor-heading-title elementor-size-default\">Candelaria San Miguel elabora la vela de Santo Toribio Romo<\/h2>\t\t\t\t<\/div>\n\t\t\t\t\t<\/div>\n\t\t\t\t<\/div>\n\t\t<div data-particle_enable=\"false\" data-particle-mobile-disabled=\"false\" class=\"elementor-element elementor-element-400d32e e-flex e-con-boxed e-con e-parent\" data-id=\"400d32e\" data-element_type=\"container\" data-e-type=\"container\">\n\t\t\t\t\t<div class=\"e-con-inner\">\n\t\t\t\t<div class=\"elementor-element elementor-element-c746ac3 elementor-widget elementor-widget-text-editor\" data-id=\"c746ac3\" data-element_type=\"widget\" data-e-type=\"widget\" data-widget_type=\"text-editor.default\">\n\t\t\t\t\t\t\t\t\t<p>Emprendimiento guatemalteco Candelaria San Miguel, elabor\u00f3 la vela especial para efectuar la oraci\u00f3n de Santo Toribio Moro. Se puede adquirir la cantidad que se desee en l\u00ednea a trav\u00e9s de SoyMigrante.com MERCADO y se enviar\u00e1 a domicilio en cualquier departamento de Guatemala.\u00a0<\/p>\t\t\t\t\t\t\t\t<\/div>\n\t\t\t\t\t<\/div>\n\t\t\t\t<\/div>\n\t\t<div data-particle_enable=\"false\" data-particle-mobile-disabled=\"false\" class=\"elementor-element elementor-element-73083ad e-flex e-con-boxed e-con e-parent\" data-id=\"73083ad\" data-element_type=\"container\" data-e-type=\"container\">\n\t\t\t\t\t<div class=\"e-con-inner\">\n\t\t\t\t<div class=\"elementor-element elementor-element-b0dce29 elementor-widget elementor-widget-image\" data-id=\"b0dce29\" data-element_type=\"widget\" data-e-type=\"widget\" data-settings=\"{&quot;motion_fx_motion_fx_scrolling&quot;:&quot;yes&quot;,&quot;motion_fx_devices&quot;:[&quot;desktop&quot;,&quot;tablet&quot;,&quot;mobile&quot;]}\" data-widget_type=\"image.default\">\n\t\t\t\t\t\t\t\t\t\t\t\t<figure class=\"wp-caption\">\n\t\t\t\t\t\t\t\t\t\t\t<a href=\"https:\/\/soymigrante.com\/mercado\/vela-san-toribio?srsltid=AfmBOooVj2cyM2iWaox3Vsmh6cCbUCA9AVEo4AI-llMg6J7g9zz2t2xm\">\n\t\t\t\t\t\t\t<img decoding=\"async\" width=\"1024\" height=\"596\" src=\"https:\/\/soymigrante.com\/revista\/wp-content\/uploads\/2024\/03\/VELA-SANTO-TORIBIO-MORO-CANDELARIA-SAN-MIGUEL-1024x596.png\" class=\"attachment-large size-large wp-image-23368\" alt=\"Vela de Oraci\u00f3n a Santo Toribio Romo para orar por los migrantes en MERCADO de SoyMigrante.com\" srcset=\"https:\/\/soymigrante.com\/revista\/wp-content\/uploads\/2024\/03\/VELA-SANTO-TORIBIO-MORO-CANDELARIA-SAN-MIGUEL-1024x596.png 1024w, https:\/\/soymigrante.com\/revista\/wp-content\/uploads\/2024\/03\/VELA-SANTO-TORIBIO-MORO-CANDELARIA-SAN-MIGUEL-300x175.png 300w, https:\/\/soymigrante.com\/revista\/wp-content\/uploads\/2024\/03\/VELA-SANTO-TORIBIO-MORO-CANDELARIA-SAN-MIGUEL-768x447.png 768w, https:\/\/soymigrante.com\/revista\/wp-content\/uploads\/2024\/03\/VELA-SANTO-TORIBIO-MORO-CANDELARIA-SAN-MIGUEL-750x437.webp 750w, https:\/\/soymigrante.com\/revista\/wp-content\/uploads\/2024\/03\/VELA-SANTO-TORIBIO-MORO-CANDELARIA-SAN-MIGUEL-1140x663.webp 1140w, https:\/\/soymigrante.com\/revista\/wp-content\/uploads\/2024\/03\/VELA-SANTO-TORIBIO-MORO-CANDELARIA-SAN-MIGUEL.webp 1256w\" sizes=\"(max-width: 1024px) 100vw, 1024px\" title=\"Vela de Oraci\u00f3n a Santo Toribio Romo para orar por los migrantes en MERCADO de SoyMigrante.com \u2013 SoyMigrante.com REVISTA\" \/>\t\t\t\t\t\t\t\t<\/a>\n\t\t\t\t\t\t\t\t\t\t\t<figcaption class=\"widget-image-caption wp-caption-text\">Vela de Oraci\u00f3n a Santo Toribio Romo para orar por los migrantes en MERCADO de SoyMigrante.com<\/figcaption>\n\t\t\t\t\t\t\t\t\t\t<\/figure>\n\t\t\t\t\t\t\t\t\t<\/div>\n\t\t\t\t\t<\/div>\n\t\t\t\t<\/div>\n\t\t\t\t<section data-particle_enable=\"false\" data-particle-mobile-disabled=\"false\" class=\"elementor-section elementor-top-section elementor-element elementor-element-60f5f94 elementor-section-boxed elementor-section-height-default elementor-section-height-default\" data-id=\"60f5f94\" data-element_type=\"section\" data-e-type=\"section\">\n\t\t\t\t\t\t<div class=\"elementor-container elementor-column-gap-default\">\n\t\t\t\t\t<div class=\"elementor-column elementor-col-100 elementor-top-column elementor-element elementor-element-26e5fce\" data-id=\"26e5fce\" data-element_type=\"column\" data-e-type=\"column\">\n\t\t\t<div class=\"elementor-widget-wrap elementor-element-populated\">\n\t\t\t\t\t\t<div class=\"elementor-element elementor-element-e4ce9a8 elementor-widget elementor-widget-heading\" data-id=\"e4ce9a8\" data-element_type=\"widget\" data-e-type=\"widget\" data-widget_type=\"heading.default\">\n\t\t\t\t\t<h2 class=\"elementor-heading-title elementor-size-default\">Oraci\u00f3n al Se\u00f1or de los migrantes<\/h2>\t\t\t\t<\/div>\n\t\t\t\t\t<\/div>\n\t\t<\/div>\n\t\t\t\t\t<\/div>\n\t\t<\/section>\n\t\t\t\t<section data-particle_enable=\"false\" data-particle-mobile-disabled=\"false\" class=\"elementor-section elementor-top-section elementor-element elementor-element-dd369d2 elementor-section-boxed elementor-section-height-default elementor-section-height-default\" data-id=\"dd369d2\" data-element_type=\"section\" data-e-type=\"section\">\n\t\t\t\t\t\t<div class=\"elementor-container elementor-column-gap-default\">\n\t\t\t\t\t<div class=\"elementor-column elementor-col-100 elementor-top-column elementor-element elementor-element-f6eb6db\" data-id=\"f6eb6db\" data-element_type=\"column\" data-e-type=\"column\">\n\t\t\t<div class=\"elementor-widget-wrap elementor-element-populated\">\n\t\t\t\t\t\t<div class=\"elementor-element elementor-element-0812b1f elementor-widget elementor-widget-text-editor\" data-id=\"0812b1f\" data-element_type=\"widget\" data-e-type=\"widget\" data-widget_type=\"text-editor.default\">\n\t\t\t\t\t\t\t\t\t<p>Se\u00f1or, t\u00fa conociste la migraci\u00f3n.<br \/><span style=\"color: var( --e-global-color-text );\">Viajar hacia Ti Se\u00f1or, eso es vivir<br \/><\/span><span style=\"color: var( --e-global-color-text );\">Partir es un poco morir.<br \/><\/span><span style=\"color: var( --e-global-color-text );\">Llegar nunca es llegar definitivo,\u00a0<br \/><\/span><span style=\"color: var( --e-global-color-text );\">hasta descansar en Ti.<\/span><\/p><p><span style=\"color: var( --e-global-color-text );\">T\u00fa, Se\u00f1or, conociste la migraci\u00f3n,<br \/><\/span><span style=\"color: var( --e-global-color-text );\">y la hiciste presente a todo hombre\u00a0<br \/><\/span><span style=\"color: var( --e-global-color-text );\">que comprende qu\u00e9 es vivir<br \/><\/span><span style=\"color: var( --e-global-color-text );\">y quiere llegar seguro al puerto de la vida eterna.<\/span><\/p><p><span style=\"color: var( --e-global-color-text );\">T\u00fa sacaste de su tierra a Abraham, padre de todos los creyentes.<br \/><\/span><span style=\"color: var( --e-global-color-text );\">T\u00fa recordaste cu\u00e1les eran los caminos para llegar a Ti,<br \/><\/span><span style=\"color: var( --e-global-color-text );\">a trav\u00e9s de los profetas y los ap\u00f3stoles.<br \/><\/span><span style=\"color: var( --e-global-color-text );\">T\u00fa mismo te hiciste Migrante del cielo a la tierra,<br \/><\/span><span style=\"color: var( --e-global-color-text );\">en el seno de tu Madre la Virgen Mar\u00eda apenas concebido<br \/>y e<\/span><span style=\"color: var( --e-global-color-text );\">n tu precipitada fuga a Egipto.<br \/>Caminaste por los caminos sembrando e<\/span><span style=\"color: var( --e-global-color-text );\">l Evangelio, <br \/>multiplicando el pan, sanando los enfermos <br \/>y<\/span><span style=\"color: var( --e-global-color-text );\">\u00a0regresando al Padre en tu ascensi\u00f3n.<br \/><\/span><span style=\"color: var( --e-global-color-text );\">Ay\u00fadame en este momento (presentar petici\u00f3n)<br \/>y conc\u00e9denos fe inconmovible, esperanza confiada y alegre,<br \/><\/span><span style=\"color: var( --e-global-color-text );\">caridad ardiente y generosa, para ser migrante con paz en el alma<br \/><\/span><span style=\"color: var( --e-global-color-text );\">y llegar hasta t\u00ed cada d\u00eda y el \u00faltimo d\u00eda.\u00a0<br \/><\/span><span style=\"color: var( --e-global-color-text );\">Am\u00e9n.<\/span><\/p><p>\u00a0<\/p><p>\u00a0<\/p>\t\t\t\t\t\t\t\t<\/div>\n\t\t\t\t\t<\/div>\n\t\t<\/div>\n\t\t\t\t\t<\/div>\n\t\t<\/section>\n\t\t\t\t<section data-particle_enable=\"false\" data-particle-mobile-disabled=\"false\" class=\"elementor-section elementor-top-section elementor-element elementor-element-79c17a8 elementor-section-boxed elementor-section-height-default elementor-section-height-default\" data-id=\"79c17a8\" data-element_type=\"section\" data-e-type=\"section\">\n\t\t\t\t\t\t<div class=\"elementor-container elementor-column-gap-default\">\n\t\t\t\t\t<div class=\"elementor-column elementor-col-100 elementor-top-column elementor-element elementor-element-8fa3876\" data-id=\"8fa3876\" data-element_type=\"column\" data-e-type=\"column\">\n\t\t\t<div class=\"elementor-widget-wrap elementor-element-populated\">\n\t\t\t\t\t\t<div class=\"elementor-element elementor-element-6b3151c elementor-widget elementor-widget-image\" data-id=\"6b3151c\" data-element_type=\"widget\" data-e-type=\"widget\" data-widget_type=\"image.default\">\n\t\t\t\t\t\t\t\t\t\t\t\t<figure class=\"wp-caption\">\n\t\t\t\t\t\t\t\t\t\t<img loading=\"lazy\" decoding=\"async\" width=\"1024\" height=\"726\" src=\"https:\/\/soymigrante.com\/revista\/wp-content\/uploads\/2024\/03\/Captura-de-pantalla-2024-03-06-123725-1024x726.webp\" class=\"attachment-large size-large wp-image-5218\" alt=\"Oraci\u00f3n a Santo Toribio Romo y otras plegarias para orar por los migrantes\" srcset=\"https:\/\/soymigrante.com\/revista\/wp-content\/uploads\/2024\/03\/Captura-de-pantalla-2024-03-06-123725-1024x726.webp 1024w, https:\/\/soymigrante.com\/revista\/wp-content\/uploads\/2024\/03\/Captura-de-pantalla-2024-03-06-123725-300x213.webp 300w, https:\/\/soymigrante.com\/revista\/wp-content\/uploads\/2024\/03\/Captura-de-pantalla-2024-03-06-123725-768x545.webp 768w, https:\/\/soymigrante.com\/revista\/wp-content\/uploads\/2024\/03\/Captura-de-pantalla-2024-03-06-123725-120x86.webp 120w, https:\/\/soymigrante.com\/revista\/wp-content\/uploads\/2024\/03\/Captura-de-pantalla-2024-03-06-123725-750x532.webp 750w, https:\/\/soymigrante.com\/revista\/wp-content\/uploads\/2024\/03\/Captura-de-pantalla-2024-03-06-123725-1140x808.webp 1140w, https:\/\/soymigrante.com\/revista\/wp-content\/uploads\/2024\/03\/Captura-de-pantalla-2024-03-06-123725.webp 1152w\" sizes=\"(max-width: 1024px) 100vw, 1024px\" title=\"Oraci\u00f3n a Santo Toribio Romo y otras plegarias para orar por los migrantes \u2013 SoyMigrante.com REVISTA\" \/>\t\t\t\t\t\t\t\t\t\t\t<figcaption class=\"widget-image-caption wp-caption-text\">Incluso en los momentos de mayor dificultad, la oraci\u00f3n puede dar luz al coraz\u00f3n y abrir los ojos a la esperanza y la confianza en Dios.<\/figcaption>\n\t\t\t\t\t\t\t\t\t\t<\/figure>\n\t\t\t\t\t\t\t\t\t<\/div>\n\t\t\t\t\t<\/div>\n\t\t<\/div>\n\t\t\t\t\t<\/div>\n\t\t<\/section>\n\t\t\t\t<section data-particle_enable=\"false\" data-particle-mobile-disabled=\"false\" class=\"elementor-section elementor-top-section elementor-element elementor-element-552fb28 elementor-section-boxed elementor-section-height-default elementor-section-height-default\" data-id=\"552fb28\" data-element_type=\"section\" data-e-type=\"section\">\n\t\t\t\t\t\t<div class=\"elementor-container elementor-column-gap-default\">\n\t\t\t\t\t<div class=\"elementor-column elementor-col-100 elementor-top-column elementor-element elementor-element-e85a29a\" data-id=\"e85a29a\" data-element_type=\"column\" data-e-type=\"column\">\n\t\t\t<div class=\"elementor-widget-wrap elementor-element-populated\">\n\t\t\t\t\t\t<div class=\"elementor-element elementor-element-cc97139 elementor-widget elementor-widget-heading\" data-id=\"cc97139\" data-element_type=\"widget\" data-e-type=\"widget\" data-widget_type=\"heading.default\">\n\t\t\t\t\t<h2 class=\"elementor-heading-title elementor-size-default\">Credo del migrante<\/h2>\t\t\t\t<\/div>\n\t\t\t\t\t<\/div>\n\t\t<\/div>\n\t\t\t\t\t<\/div>\n\t\t<\/section>\n\t\t\t\t<section data-particle_enable=\"false\" data-particle-mobile-disabled=\"false\" class=\"elementor-section elementor-top-section elementor-element elementor-element-b68e521 elementor-section-boxed elementor-section-height-default elementor-section-height-default\" data-id=\"b68e521\" data-element_type=\"section\" data-e-type=\"section\">\n\t\t\t\t\t\t<div class=\"elementor-container elementor-column-gap-default\">\n\t\t\t\t\t<div class=\"elementor-column elementor-col-100 elementor-top-column elementor-element elementor-element-ee87e87\" data-id=\"ee87e87\" data-element_type=\"column\" data-e-type=\"column\">\n\t\t\t<div class=\"elementor-widget-wrap elementor-element-populated\">\n\t\t\t\t\t\t<div class=\"elementor-element elementor-element-0320024 elementor-widget elementor-widget-text-editor\" data-id=\"0320024\" data-element_type=\"widget\" data-e-type=\"widget\" data-widget_type=\"text-editor.default\">\n\t\t\t\t\t\t\t\t\t<p><span style=\"color: var( --e-global-color-text );\">Creo en Dios Todopoderoso, quien gui\u00f3 a su pueblo en el exilio y en el \u00e9xodo, el Dios de Jos\u00e9 en Egipto y de Daniel en Babilonia, el Dios de los extranjeros e inmigrantes.<\/span><\/p><p>Creo en Jes\u00facristo, migrante de Galilea, quien naci\u00f3 lejos de su gente de su casa, quien tuvo que huir del pa\u00eds con sus padres cuando su vida estuvo en peligro, y quien al volver a su propio pa\u00eds tuvo que sufrir la opresi\u00f3n del tirano Poncio Pilato, el sirviente de un potencia extranjera. Fue perseguido, golpeado, torturado y finalmente acusado y condenado a muerte injustamente. Pero que en el tercer d\u00eda, este Jes\u00fas rechazado resucit\u00f3 de la muerte, no como un extranjero sino para ofrecernos la ciudadan\u00eda celestial.<\/p><p><span style=\"color: var( --e-global-color-text );\">Creo en el Esp\u00edritu Santo, el inmigrante eterno del Reino de Dios entre nosotros, quien habla todos los idiomas, vive en todos los pa\u00edses y une a todas la razas.<\/span><\/p><p>Creo que la Iglesia es el hogar seguro para todos los extranjeros y creyentes que la constituyen, que habla el mismo idioma y tiene el mismo prop\u00f3sito.<\/p><p><span style=\"color: var( --e-global-color-text );\">Creo que la comuni\u00f3n de los santos comienza cuando aceptamos las diferencias y acogemos al migrante. Creo en el perd\u00f3n, el cual nos hace iguales y en la reconciliaci\u00f3n, que nos identifica m\u00e1s que una raza, lenguaje o nacionalidad.<\/span><\/p><p>Creo en la Resurrecci\u00f3n, en la que Dios nos une como un pueblo en el cual todos somos distintos e iguales al mismo tiempo.<\/p><p>Creo en la vida eterna m\u00e1s all\u00e1 de este mundo, donde ninguno ser\u00e1 inmigrante sino que todos seremos ciudadanos\/as del Reino de Dios que no tiene fin. Am\u00e9n.<\/p>\t\t\t\t\t\t\t\t<\/div>\n\t\t\t\t\t<\/div>\n\t\t<\/div>\n\t\t\t\t\t<\/div>\n\t\t<\/section>\n\t\t\t\t<section data-particle_enable=\"false\" data-particle-mobile-disabled=\"false\" class=\"elementor-section elementor-top-section elementor-element elementor-element-a229784 elementor-section-boxed elementor-section-height-default elementor-section-height-default\" data-id=\"a229784\" data-element_type=\"section\" data-e-type=\"section\">\n\t\t\t\t\t\t<div class=\"elementor-container elementor-column-gap-default\">\n\t\t\t\t\t<div class=\"elementor-column elementor-col-100 elementor-top-column elementor-element elementor-element-0c535d1\" data-id=\"0c535d1\" data-element_type=\"column\" data-e-type=\"column\">\n\t\t\t<div class=\"elementor-widget-wrap elementor-element-populated\">\n\t\t\t\t\t\t<div class=\"elementor-element elementor-element-fe5d458 elementor-widget elementor-widget-heading\" data-id=\"fe5d458\" data-element_type=\"widget\" data-e-type=\"widget\" data-widget_type=\"heading.default\">\n\t\t\t\t\t<h2 class=\"elementor-heading-title elementor-size-default\">M\u00e1s claves positivas para migrantes<\/h2>\t\t\t\t<\/div>\n\t\t\t\t\t<\/div>\n\t\t<\/div>\n\t\t\t\t\t<\/div>\n\t\t<\/section>\n\t\t\t\t<section data-particle_enable=\"false\" data-particle-mobile-disabled=\"false\" class=\"elementor-section elementor-top-section elementor-element elementor-element-3783085 elementor-section-boxed elementor-section-height-default elementor-section-height-default\" data-id=\"3783085\" data-element_type=\"section\" data-e-type=\"section\">\n\t\t\t\t\t\t<div class=\"elementor-container elementor-column-gap-default\">\n\t\t\t\t\t<div class=\"elementor-column elementor-col-100 elementor-top-column elementor-element elementor-element-4c586e5\" data-id=\"4c586e5\" data-element_type=\"column\" data-e-type=\"column\">\n\t\t\t<div class=\"elementor-widget-wrap elementor-element-populated\">\n\t\t\t\t\t\t<div class=\"elementor-element elementor-element-c01940b elementor-widget elementor-widget-blfe-post-grid\" data-id=\"c01940b\" data-element_type=\"widget\" data-e-type=\"widget\" data-settings=\"{&quot;columns&quot;:&quot;3&quot;,&quot;columns_tablet&quot;:&quot;6&quot;,&quot;columns_mobile&quot;:&quot;12&quot;,&quot;classic1_layout_column_gap&quot;:{&quot;unit&quot;:&quot;px&quot;,&quot;size&quot;:30,&quot;sizes&quot;:[]},&quot;classic1_layout_column_gap_tablet&quot;:{&quot;unit&quot;:&quot;px&quot;,&quot;size&quot;:&quot;&quot;,&quot;sizes&quot;:[]},&quot;classic1_layout_column_gap_mobile&quot;:{&quot;unit&quot;:&quot;px&quot;,&quot;size&quot;:&quot;&quot;,&quot;sizes&quot;:[]},&quot;classic1_layout_row_gap&quot;:{&quot;unit&quot;:&quot;px&quot;,&quot;size&quot;:30,&quot;sizes&quot;:[]},&quot;classic1_layout_row_gap_tablet&quot;:{&quot;unit&quot;:&quot;px&quot;,&quot;size&quot;:&quot;&quot;,&quot;sizes&quot;:[]},&quot;classic1_layout_row_gap_mobile&quot;:{&quot;unit&quot;:&quot;px&quot;,&quot;size&quot;:&quot;&quot;,&quot;sizes&quot;:[]}}\" data-widget_type=\"blfe-post-grid.classic1\">\n\t\t\t\t<div class=\"elementor-widget-container\">\n\t\t\t\t\t\n                        <div class=\"blfe-post-grid-container \">\n            \n                <div data-skin=\"classic1\" class=\"blfe-row blfe-posts-inner blfe-classic1 blfe-posts-inner blfe-col-3 blfe-col-tab-6 blfe-col-mob-12     \">\n                            <div class=\"blfe-post-grid-item \">\n            <div class=\"blfe-post-grid-item-inner blfe-modern-zoom\">\n                <a class=\"blfe-post-grid-image\" href=\"https:\/\/soymigrante.com\/revista\/el-duelo-migratorio-existe-y-no-solo-es-uno-son-siete-los-duelos-del-migrante\/\" title=\"Duelo de distancia  es real pero se puede y se debe superar\" rel=\"nofollow\" target=\"_blank\"><img decoding=\"async\" src=\"https:\/\/soymigrante.com\/revista\/wp-content\/uploads\/2024\/01\/Duelo-de-distancia-es-real.webp\" alt=\"Duelo de distancia  es real pero se puede y se debe superar\"\/><\/a>                <span class=\"blfe-post-category\"><a href=\"https:\/\/soymigrante.com\/revista\/category\/bienestar\/\">Bienestar<\/a><\/span>                <div class=\"blfe-post-grid-details\">\n                    <div class=\"blfe-post-grid-details-inner\">\n                        <h3 class=\"blfe-post-grid-title\">\n            <a href=\"https:\/\/soymigrante.com\/revista\/el-duelo-migratorio-existe-y-no-solo-es-uno-son-siete-los-duelos-del-migrante\/\" title=\"Duelo de distancia  es real pero se puede y se debe superar\" rel=\"nofollow\" target=\"_blank\">Duelo de distancia  es real pero se puede y se debe superar<\/a>\n            <\/h3>                                                            <div class=\"blfe-post-grid-meta\">\n                <span class=\"blfe-post-grid-time\"><i class=\"fas fa-book-reader\"><\/i>4 Min read<\/span>            <\/div>\n                                                        <\/div>\n                <\/div>\n\n            <\/div>\n        <\/div>\n                <div class=\"blfe-post-grid-item \">\n            <div class=\"blfe-post-grid-item-inner blfe-modern-zoom\">\n                <a class=\"blfe-post-grid-image\" href=\"https:\/\/soymigrante.com\/revista\/7-aspectos-para-aprovechar-mejor-las-remesas-enviadas-a-guatemala\/\" title=\"Siete claves para aprovechar mejor las remesas enviadas a familiares en Guatemala\" rel=\"nofollow\" target=\"_blank\"><img decoding=\"async\" src=\"https:\/\/soymigrante.com\/revista\/wp-content\/uploads\/2023\/05\/WhatsApp-Image-2024-05-07-at-3.58.29-PM-e1715699771795.webp\" alt=\"Siete claves para aprovechar mejor las remesas enviadas a familiares en Guatemala\"\/><\/a>                <span class=\"blfe-post-category\"><a href=\"https:\/\/soymigrante.com\/revista\/category\/bienestar\/\">Bienestar<\/a><\/span>                <div class=\"blfe-post-grid-details\">\n                    <div class=\"blfe-post-grid-details-inner\">\n                        <h3 class=\"blfe-post-grid-title\">\n            <a href=\"https:\/\/soymigrante.com\/revista\/7-aspectos-para-aprovechar-mejor-las-remesas-enviadas-a-guatemala\/\" title=\"Siete claves para aprovechar mejor las remesas enviadas a familiares en Guatemala\" rel=\"nofollow\" target=\"_blank\">Siete claves para aprovechar mejor las remesas enviadas a familiares en Guatemala<\/a>\n            <\/h3>                                                            <div class=\"blfe-post-grid-meta\">\n                <span class=\"blfe-post-grid-time\"><i class=\"fas fa-book-reader\"><\/i>5 Min read<\/span>            <\/div>\n                                                        <\/div>\n                <\/div>\n\n            <\/div>\n        <\/div>\n                <div class=\"blfe-post-grid-item \">\n            <div class=\"blfe-post-grid-item-inner blfe-modern-zoom\">\n                <a class=\"blfe-post-grid-image\" href=\"https:\/\/soymigrante.com\/revista\/con-amor\/\" title=\"Claves para superar la nostalgia migrante\" rel=\"nofollow\" target=\"_blank\"><img decoding=\"async\" src=\"https:\/\/soymigrante.com\/revista\/wp-content\/uploads\/2024\/01\/Claves-para-superar-la-nostalgia.webp\" alt=\"Claves para superar la nostalgia migrante\"\/><\/a>                <span class=\"blfe-post-category\"><a href=\"https:\/\/soymigrante.com\/revista\/category\/bienestar\/\">Bienestar<\/a><\/span>                <div class=\"blfe-post-grid-details\">\n                    <div class=\"blfe-post-grid-details-inner\">\n                        <h3 class=\"blfe-post-grid-title\">\n            <a href=\"https:\/\/soymigrante.com\/revista\/con-amor\/\" title=\"Claves para superar la nostalgia migrante\" rel=\"nofollow\" target=\"_blank\">Claves para superar la nostalgia migrante<\/a>\n            <\/h3>                                                            <div class=\"blfe-post-grid-meta\">\n                <span class=\"blfe-post-grid-time\"><i class=\"fas fa-book-reader\"><\/i>4 Min read<\/span>            <\/div>\n                                                        <\/div>\n                <\/div>\n\n            <\/div>\n        <\/div>\n                        <\/div>\n\n                        <\/div>\n            \n                        <div class=\"blfe-post-footer\">\n                        <\/div>\n            \t\t\t\t<\/div>\n\t\t\t\t<\/div>\n\t\t\t\t\t<\/div>\n\t\t<\/div>\n\t\t\t\t\t<\/div>\n\t\t<\/section>\n\t\t\t\t<\/div>\n\t\t","protected":false},"excerpt":{"rendered":"<p>Toda oraci\u00f3n es un puente hacia Dios en busca de ayuda, esperanza, fe renovada. Estas son algunas oraciones del migrante para momentos dif\u00edciles, cuando no se sabe qu\u00e9 decir. Para muchos migrantes llega alg\u00fan momento en que clama a Dios, pide ayuda al cielo, implora una luz espiritual en un momento dif\u00edcil. Algunos rezan un [&hellip;]<\/p>\n","protected":false},"author":7,"featured_media":16183,"comment_status":"open","ping_status":"open","sticky":false,"template":"","format":"standard","meta":{"_acf_changed":false,"_eb_attr":"","footnotes":""},"categories":[55],"tags":[],"class_list":["post-5213","post","type-post","status-publish","format-standard","has-post-thumbnail","hentry","category-bienestar"],"acf":[],"aioseo_notices":[],"aioseo_head":"\n\t\t<!-- All in One SEO Pro 4.9.6.2 - aioseo.com -->\n\t<meta name=\"description\" content=\"La nostalgia o melancol\u00eda un sentimiento normal fundamentado en el anhelo por recuperar lo que se ha perdido pero hay que saber transformarlo para revalorarse, pues si se prolonga resta fuerza al presente y pasi\u00f3n al futuro. Por Adolfo Rodr\u00edguez A menudo un migrante se encuentra con un sentimiento que de alguna manera reconforta, pero\" \/>\n\t<meta name=\"robots\" content=\"max-snippet:-1, max-image-preview:large, max-video-preview:-1\" \/>\n\t<meta name=\"author\" content=\"SoyMigrante.com REVISTA\"\/>\n\t<link rel=\"canonical\" href=\"https:\/\/soymigrante.com\/revista\/con-amor\/\" \/>\n\t<meta name=\"generator\" content=\"All in One SEO Pro (AIOSEO) 4.9.6.2\" \/>\n\n\t\t<link rel=\"preconnect\" href=\"https:\/\/fonts.googleapis.com\" crossorigin>\n<link rel=\"preconnect\" href=\"https:\/\/fonts.gstatic.com\" crossorigin>\n\t\t<meta property=\"og:locale\" content=\"es_ES\" \/>\n\t\t<meta property=\"og:site_name\" content=\"SoyMigrante.com REVISTA \u2013 Nuestra misi\u00f3n es reconocer y dignificar al migrante.\" \/>\n\t\t<meta property=\"og:type\" content=\"article\" \/>\n\t\t<meta property=\"og:title\" content=\"Claves para superar la nostalgia migrante\" \/>\n\t\t<meta property=\"og:description\" content=\"La nostalgia o melancol\u00eda un sentimiento normal fundamentado en el anhelo por recuperar lo que se ha perdido pero hay que saber transformarlo para revalorarse, pues si se prolonga resta fuerza al presente y pasi\u00f3n al futuro. Por Adolfo Rodr\u00edguez A menudo un migrante se encuentra con un sentimiento que de alguna manera reconforta, pero\" \/>\n\t\t<meta property=\"og:url\" content=\"https:\/\/soymigrante.com\/revista\/con-amor\/\" \/>\n\t\t<meta property=\"og:image\" content=\"https:\/\/soymigrante.com\/revista\/wp-content\/uploads\/2024\/01\/Claves-para-superar-la-nostalgia.webp\" \/>\n\t\t<meta property=\"og:image:secure_url\" content=\"https:\/\/soymigrante.com\/revista\/wp-content\/uploads\/2024\/01\/Claves-para-superar-la-nostalgia.webp\" \/>\n\t\t<meta property=\"og:image:width\" content=\"1024\" \/>\n\t\t<meta property=\"og:image:height\" content=\"1024\" \/>\n\t\t<meta property=\"article:published_time\" content=\"2023-05-26T00:35:08+00:00\" \/>\n\t\t<meta property=\"article:modified_time\" content=\"2024-06-25T22:41:49+00:00\" \/>\n\t\t<meta property=\"article:publisher\" content=\"https:\/\/www.facebook.com\/soymigrantecom\" \/>\n\t\t<meta name=\"twitter:card\" content=\"summary_large_image\" \/>\n\t\t<meta name=\"twitter:site\" content=\"@SoyMigrante_com\" \/>\n\t\t<meta name=\"twitter:title\" content=\"Claves para superar la nostalgia migrante\" \/>\n\t\t<meta name=\"twitter:description\" content=\"La nostalgia o melancol\u00eda un sentimiento normal fundamentado en el anhelo por recuperar lo que se ha perdido pero hay que saber transformarlo para revalorarse, pues si se prolonga resta fuerza al presente y pasi\u00f3n al futuro. Por Adolfo Rodr\u00edguez A menudo un migrante se encuentra con un sentimiento que de alguna manera reconforta, pero\" \/>\n\t\t<meta name=\"twitter:creator\" content=\"@SoyMigrante_com\" \/>\n\t\t<meta name=\"twitter:image\" content=\"https:\/\/soymigrante.com\/revista\/wp-content\/uploads\/2024\/01\/Claves-para-superar-la-nostalgia.webp\" \/>\n\t\t<!-- All in One SEO Pro -->\r\n\t\t<title>Claves para superar la nostalgia migrante<\/title>\n\n","aioseo_head_json":{"title":"Claves para superar la nostalgia migrante","description":"La nostalgia o melancol\u00eda un sentimiento normal fundamentado en el anhelo por recuperar lo que se ha perdido pero hay que saber transformarlo para revalorarse, pues si se prolonga resta fuerza al presente y pasi\u00f3n al futuro. Por Adolfo Rodr\u00edguez A menudo un migrante se encuentra con un sentimiento que de alguna manera reconforta, pero","canonical_url":"https:\/\/soymigrante.com\/revista\/con-amor\/","robots":"max-snippet:-1, max-image-preview:large, max-video-preview:-1","keywords":"","webmasterTools":{"miscellaneous":"&lt;link rel=\"preconnect\" href=\"https:\/\/fonts.googleapis.com\" crossorigin&gt;\n&lt;link rel=\"preconnect\" href=\"https:\/\/fonts.gstatic.com\" crossorigin&gt;"},"schema":null,"og:locale":"es_ES","og:site_name":"SoyMigrante.com REVISTA \u2013 Nuestra misi\u00f3n es reconocer y dignificar al migrante.","og:type":"article","og:title":"Claves para superar la nostalgia migrante","og:description":"La nostalgia o melancol\u00eda un sentimiento normal fundamentado en el anhelo por recuperar lo que se ha perdido pero hay que saber transformarlo para revalorarse, pues si se prolonga resta fuerza al presente y pasi\u00f3n al futuro. Por Adolfo Rodr\u00edguez A menudo un migrante se encuentra con un sentimiento que de alguna manera reconforta, pero","og:url":"https:\/\/soymigrante.com\/revista\/con-amor\/","og:image":"https:\/\/soymigrante.com\/revista\/wp-content\/uploads\/2024\/01\/Claves-para-superar-la-nostalgia.webp","og:image:secure_url":"https:\/\/soymigrante.com\/revista\/wp-content\/uploads\/2024\/01\/Claves-para-superar-la-nostalgia.webp","og:image:width":1024,"og:image:height":1024,"article:published_time":"2023-05-26T00:35:08+00:00","article:modified_time":"2024-06-25T22:41:49+00:00","article:publisher":"https:\/\/www.facebook.com\/soymigrantecom","twitter:card":"summary_large_image","twitter:site":"@SoyMigrante_com","twitter:title":"Claves para superar la nostalgia migrante","twitter:description":"La nostalgia o melancol\u00eda un sentimiento normal fundamentado en el anhelo por recuperar lo que se ha perdido pero hay que saber transformarlo para revalorarse, pues si se prolonga resta fuerza al presente y pasi\u00f3n al futuro. Por Adolfo Rodr\u00edguez A menudo un migrante se encuentra con un sentimiento que de alguna manera reconforta, pero","twitter:creator":"@SoyMigrante_com","twitter:image":"https:\/\/soymigrante.com\/revista\/wp-content\/uploads\/2024\/01\/Claves-para-superar-la-nostalgia.webp"},"aioseo_meta_data":{"post_id":"5213","title":"Oraci\u00f3n a Santo Toribio Romo por los migrantes y otras plegarias","description":"Santo Toribio Romo es considerado el patrono de los migrantes de toda nacionalidad que cruzan el territorio mexicano. Esta es la oraci\u00f3n para pedir por ellos.","keywords":null,"keyphrases":{"focus":{"keyphrase":"Oraci\u00f3n del migrante","score":51,"analysis":{"keyphraseInTitle":{"score":3,"maxScore":9,"error":1},"keyphraseInDescription":{"score":3,"maxScore":9,"error":1},"keyphraseLength":{"score":9,"maxScore":9,"error":0,"length":4},"keyphraseInURL":{"score":5,"maxScore":5,"error":0},"keyphraseInIntroduction":{"score":3,"maxScore":9,"error":1},"keyphraseInSubHeadings":{"score":3,"maxScore":9,"error":1},"keyphraseInImageAlt":{"score":9,"maxScore":9,"error":0},"keywordDensity":{"score":0,"type":"low","maxScore":9,"error":1}}},"additional":[]},"primary_term":null,"canonical_url":null,"og_title":null,"og_description":null,"og_object_type":"default","og_image_type":"default","og_image_url":null,"og_image_width":null,"og_image_height":null,"og_image_custom_url":null,"og_image_custom_fields":null,"og_video":"","og_custom_url":null,"og_article_section":null,"og_article_tags":null,"twitter_use_og":false,"twitter_card":"default","twitter_image_type":"default","twitter_image_url":null,"twitter_image_custom_url":null,"twitter_image_custom_fields":null,"twitter_title":null,"twitter_description":null,"schema":{"blockGraphs":[],"customGraphs":[],"default":{"data":{"Article":[],"Course":[],"Dataset":[],"FAQPage":[],"Movie":[],"Person":[],"Product":[],"ProductReview":[],"Car":[],"Recipe":[],"Service":[],"SoftwareApplication":[],"WebPage":[]},"graphName":"none","isEnabled":true},"graphs":[]},"schema_type":"default","schema_type_options":null,"pillar_content":false,"robots_default":true,"robots_noindex":false,"robots_noarchive":false,"robots_nosnippet":false,"robots_nofollow":false,"robots_noimageindex":false,"robots_noodp":false,"robots_notranslate":false,"robots_max_snippet":"-1","robots_max_videopreview":"-1","robots_max_imagepreview":"large","priority":null,"frequency":"default","local_seo":null,"seo_analyzer_scan_date":"2025-10-08 21:20:10","breadcrumb_settings":null,"limit_modified_date":false,"reviewed_by":"0","open_ai":"{\"title\":{\"suggestions\":[],\"usage\":0},\"description\":{\"suggestions\":[],\"usage\":0}}","ai":{"faqs":[],"keyPoints":[],"titles":[],"descriptions":[],"socialPosts":{"email":[],"linkedin":[],"twitter":[],"facebook":[],"instagram":[]}},"created":"2024-03-06 18:32:10","updated":"2026-02-04 10:56:08"},"aioseo_breadcrumb":"<div class=\"aioseo-breadcrumbs\"><span class=\"aioseo-breadcrumb\">\n\t<a href=\"https:\/\/soymigrante.com\/revista\" title=\"Home\">Home<\/a>\n<\/span><span class=\"aioseo-breadcrumb-separator\">\u00bb<\/span><span class=\"aioseo-breadcrumb\">\n\t<a href=\"https:\/\/soymigrante.com\/revista\/category\/bienestar\/\" title=\"Bienestar\">Bienestar<\/a>\n<\/span><span class=\"aioseo-breadcrumb-separator\">\u00bb<\/span><span class=\"aioseo-breadcrumb\">\n\tOraci\u00f3n a Santo Toribio Romo y otras plegarias para orar por los migrantes\n<\/span><\/div>","aioseo_breadcrumb_json":[{"label":"Home","link":"https:\/\/soymigrante.com\/revista"},{"label":"Bienestar","link":"https:\/\/soymigrante.com\/revista\/category\/bienestar\/"},{"label":"Oraci\u00f3n a Santo Toribio Romo y otras plegarias para orar por los migrantes","link":"https:\/\/soymigrante.com\/revista\/oracion-del-migrante-en-ruta-estados-unidos\/"}],"_links":{"self":[{"href":"https:\/\/soymigrante.com\/revista\/wp-json\/wp\/v2\/posts\/5213","targetHints":{"allow":["GET"]}}],"collection":[{"href":"https:\/\/soymigrante.com\/revista\/wp-json\/wp\/v2\/posts"}],"about":[{"href":"https:\/\/soymigrante.com\/revista\/wp-json\/wp\/v2\/types\/post"}],"author":[{"embeddable":true,"href":"https:\/\/soymigrante.com\/revista\/wp-json\/wp\/v2\/users\/7"}],"replies":[{"embeddable":true,"href":"https:\/\/soymigrante.com\/revista\/wp-json\/wp\/v2\/comments?post=5213"}],"version-history":[{"count":4,"href":"https:\/\/soymigrante.com\/revista\/wp-json\/wp\/v2\/posts\/5213\/revisions"}],"predecessor-version":[{"id":44941,"href":"https:\/\/soymigrante.com\/revista\/wp-json\/wp\/v2\/posts\/5213\/revisions\/44941"}],"wp:featuredmedia":[{"embeddable":true,"href":"https:\/\/soymigrante.com\/revista\/wp-json\/wp\/v2\/media\/16183"}],"wp:attachment":[{"href":"https:\/\/soymigrante.com\/revista\/wp-json\/wp\/v2\/media?parent=5213"}],"wp:term":[{"taxonomy":"category","embeddable":true,"href":"https:\/\/soymigrante.com\/revista\/wp-json\/wp\/v2\/categories?post=5213"},{"taxonomy":"post_tag","embeddable":true,"href":"https:\/\/soymigrante.com\/revista\/wp-json\/wp\/v2\/tags?post=5213"}],"curies":[{"name":"wp","href":"https:\/\/api.w.org\/{rel}","templated":true}]}}