{"id":51660,"date":"2026-01-29T17:10:11","date_gmt":"2026-01-29T23:10:11","guid":{"rendered":"https:\/\/soymigrante.com\/revista\/?p=51660"},"modified":"2026-01-29T17:17:18","modified_gmt":"2026-01-29T23:17:18","slug":"migrante-nydia-cano-una-placa-una-escuela-multicultural-y-el-aporte-de-una-madre-guatemalteca-en-prospect-park-new-jersey","status":"publish","type":"post","link":"https:\/\/soymigrante.com\/revista\/migrante-nydia-cano-una-placa-una-escuela-multicultural-y-el-aporte-de-una-madre-guatemalteca-en-prospect-park-new-jersey\/","title":{"rendered":"Una placa, una escuela multicultural y el aporte de una madre guatemalteca en Prospect Park, New Jersey"},"content":{"rendered":"\t\t<div data-elementor-type=\"wp-post\" data-elementor-id=\"51660\" class=\"elementor elementor-51660\" data-elementor-post-type=\"post\">\n\t\t\t\t<div data-particle_enable=\"false\" data-particle-mobile-disabled=\"false\" class=\"elementor-element elementor-element-590df08 e-flex e-con-boxed e-con e-parent\" data-id=\"590df08\" data-element_type=\"container\" data-e-type=\"container\">\n\t\t\t\t\t<div class=\"e-con-inner\">\n\t\t\t\t<div class=\"elementor-element elementor-element-6a8571d elementor-widget elementor-widget-heading\" data-id=\"6a8571d\" data-element_type=\"widget\" data-e-type=\"widget\" data-widget_type=\"heading.default\">\n\t\t\t\t\t<h2 class=\"elementor-heading-title elementor-size-default\">L\u00edder migrante guatemalteca Nydia Cano, en New Jersey, recuerda cuando fue integrante del bur\u00f3 escolar de la ciudad de Prospect Park y del gran aporte del entonces director de la escuela n\u00famero 1, cuya huella positiva a\u00fan perdura.<\/h2>\t\t\t\t<\/div>\n\t\t\t\t\t<\/div>\n\t\t\t\t<\/div>\n\t\t<div data-particle_enable=\"false\" data-particle-mobile-disabled=\"false\" class=\"elementor-element elementor-element-b06a815 e-flex e-con-boxed e-con e-parent\" data-id=\"b06a815\" data-element_type=\"container\" data-e-type=\"container\">\n\t\t\t\t\t<div class=\"e-con-inner\">\n\t\t\t\t<div class=\"elementor-element elementor-element-1dfa27a elementor-widget elementor-widget-text-editor\" data-id=\"1dfa27a\" data-element_type=\"widget\" data-e-type=\"widget\" data-widget_type=\"text-editor.default\">\n\t\t\t\t\t\t\t\t\t<p><b><a href=\"https:\/\/soymigrante.com\/revista\/migrante-guatemalteca-sera-mariscal-en-desfile-hispanoamericano-de-new-jersey\/\">Por Nydia Cano, l\u00edder migrante en New Jersey<\/a><\/b><\/p>\t\t\t\t\t\t\t\t<\/div>\n\t\t\t\t\t<\/div>\n\t\t\t\t<\/div>\n\t\t<div data-particle_enable=\"false\" data-particle-mobile-disabled=\"false\" class=\"elementor-element elementor-element-7ca4075 e-flex e-con-boxed e-con e-parent\" data-id=\"7ca4075\" data-element_type=\"container\" data-e-type=\"container\">\n\t\t\t\t\t<div class=\"e-con-inner\">\n\t\t\t\t<div class=\"elementor-element elementor-element-bceab5e elementor-widget elementor-widget-text-editor\" data-id=\"bceab5e\" data-element_type=\"widget\" data-e-type=\"widget\" data-widget_type=\"text-editor.default\">\n\t\t\t\t\t\t\t\t\t<p data-start=\"191\" data-end=\"499\">Mis hijos estudiaron en la Escuela N\u00famero 1 de Prospect Park. Fue all\u00ed donde naci\u00f3 mi inter\u00e9s por involucrarme en el sistema educativo, no solo para entender qu\u00e9 pasaba con la educaci\u00f3n de ellos, sino para conocer c\u00f3mo los maestros y la administraci\u00f3n pod\u00edan influir en la formaci\u00f3n de todos los estudiantes.\u00a0<\/p><p data-start=\"501\" data-end=\"877\">La escuela ten\u00eda alrededor de 900 alumnos y hab\u00eda muchas cosas que necesitaban mejorar. Algunas reglas no estaban funcionando como deb\u00edan. El alcalde de la ciudad fue quien me impuls\u00f3 a postularme para el Bur\u00f3 de Educaci\u00f3n, un cargo que se obtiene por votaci\u00f3n popular.<\/p><p data-start=\"501\" data-end=\"877\">\u00a0Hice mi campa\u00f1a, la gente confi\u00f3 en m\u00ed, gan\u00e9 la elecci\u00f3n y comenc\u00e9 a trabajar junto con el resto del bur\u00f3, al servicio de la educaci\u00f3n, es decir del futuro de la comunidad local y multicultural de la ciudad y de todo Estaddos Unidos.<\/p>\t\t\t\t\t\t\t\t<\/div>\n\t\t\t\t\t<\/div>\n\t\t\t\t<\/div>\n\t\t<div data-particle_enable=\"false\" data-particle-mobile-disabled=\"false\" class=\"elementor-element elementor-element-c8ed8a6 e-flex e-con-boxed e-con e-parent\" data-id=\"c8ed8a6\" data-element_type=\"container\" data-e-type=\"container\">\n\t\t\t\t\t<div class=\"e-con-inner\">\n\t\t\t\t<div class=\"elementor-element elementor-element-2958577 elementor-widget elementor-widget-image\" data-id=\"2958577\" data-element_type=\"widget\" data-e-type=\"widget\" data-widget_type=\"image.default\">\n\t\t\t\t\t\t\t\t\t\t\t\t<figure class=\"wp-caption\">\n\t\t\t\t\t\t\t\t\t\t<img fetchpriority=\"high\" decoding=\"async\" width=\"750\" height=\"985\" src=\"https:\/\/soymigrante.com\/revista\/wp-content\/uploads\/2026\/01\/nydia-cano-prospect-park.jpeg\" class=\"attachment-large size-large wp-image-51664\" alt=\"Cuando el exdirector de la escuela n\u00famero 1 de Prospect Park New Jersey falleci\u00f3, el claustro y el bur\u00f3 de educaci\u00f3n local instalaron una placa en su memoria, puesto que ayud\u00f3 a implementar muchos cambios. Parece incre\u00edble que ya han pasado 15 a\u00f1os desde su fallecimiento, pero sus aportes siguen fructificando. Junto a la placa, la migrante guatemalteca Nydia Cano, quien fue miembro del Bur\u00f3 de Educaci\u00f3n por varios a\u00f1os.\" srcset=\"https:\/\/soymigrante.com\/revista\/wp-content\/uploads\/2026\/01\/nydia-cano-prospect-park.jpeg 750w, https:\/\/soymigrante.com\/revista\/wp-content\/uploads\/2026\/01\/nydia-cano-prospect-park-228x300.jpeg 228w\" sizes=\"(max-width: 750px) 100vw, 750px\" title=\"Cuando el exdirector de la escuela n\u00famero 1 de Prospect Park New Jersey falleci\u00f3, el claustro y el bur\u00f3 de educaci\u00f3n local instalaron una placa en su memoria, puesto que ayud\u00f3 a implementar muchos cambios. Parece incre\u00edble que ya han pasado 15 a\u00f1os desde su fallecimiento, pero sus aportes siguen fructificando.  Junto a la placa, la migrante guatemalteca Nydia Cano, quien fue miembro del Bur\u00f3 de Educaci\u00f3n por varios a\u00f1os. \u2013 SoyMigrante.com REVISTA\" \/>\t\t\t\t\t\t\t\t\t\t\t<figcaption class=\"widget-image-caption wp-caption-text\">Cuando el exdirector de la escuela n\u00famero 1 de Prospect Park New Jersey falleci\u00f3, el claustro y el bur\u00f3 de educaci\u00f3n local instalaron una placa en su memoria, puesto que ayud\u00f3 a implementar muchos cambios. Parece incre\u00edble que ya han pasado 15 a\u00f1os desde su fallecimiento, pero sus aportes siguen fructificando.  Junto a la placa, la migrante guatemalteca Nydia Cano, quien fue miembro del Bur\u00f3 de Educaci\u00f3n por varios a\u00f1os.<\/figcaption>\n\t\t\t\t\t\t\t\t\t\t<\/figure>\n\t\t\t\t\t\t\t\t\t<\/div>\n\t\t\t\t\t<\/div>\n\t\t\t\t<\/div>\n\t\t<div data-particle_enable=\"false\" data-particle-mobile-disabled=\"false\" class=\"elementor-element elementor-element-aecda79 e-flex e-con-boxed e-con e-parent\" data-id=\"aecda79\" data-element_type=\"container\" data-e-type=\"container\">\n\t\t\t\t\t<div class=\"e-con-inner\">\n\t\t\t\t<div class=\"elementor-element elementor-element-d707402 elementor-widget elementor-widget-text-editor\" data-id=\"d707402\" data-element_type=\"widget\" data-e-type=\"widget\" data-widget_type=\"text-editor.default\">\n\t\t\t\t\t\t\t\t\t<p data-start=\"191\" data-end=\"499\">Una de las primeras y m\u00e1s importantes reformas que impulsamos fue el fortalecimiento del sistema de educaci\u00f3n especial, que en ese momento ten\u00eda muy poca credibilidad entre los padres. Decidimos empezar por all\u00ed: contratamos m\u00e1s personal, m\u00e1s maestros especializados y pusimos especial atenci\u00f3n en los ni\u00f1os con capacidades especiales, para que las familias tuvieran la confianza de enviar a sus hijos a la escuela sabiendo que estar\u00edan bien atendidos.<\/p><p data-start=\"1333\" data-end=\"1614\">Otro eje fundamental fue el combate al <em data-start=\"1372\" data-end=\"1382\">bullying<\/em>. Dejamos r\u00f3tulos permanentes dentro de la escuela, porque por ley estatal eso es ilegal. En la primera reuni\u00f3n con padres y madres, muchos expresaron su alivio y su alegr\u00eda al saber que este tema por fin se estaba tomando en serio.<\/p><p data-start=\"1616\" data-end=\"1900\">Tambi\u00e9n hac\u00eda falta personal docente en las aulas. Como bur\u00f3, solicitamos al Estado la implementaci\u00f3n de maestros adicionales y sustitutos. Poco a poco, el trabajo comenz\u00f3 a dar frutos: los maestros ya no estaban sobrecargados y los estudiantes empezaron a mejorar sus calificaciones.<\/p><p data-start=\"1902\" data-end=\"2235\">Serv\u00ed a esta escuela durante <strong data-start=\"1931\" data-end=\"1944\">ocho a\u00f1os<\/strong> como miembro del Bur\u00f3 de Educaci\u00f3n. Fue una etapa de mucho aprendizaje y de profundo servicio a la comunidad escolar, una experiencia que me deja orgullo y gratitud, especialmente como <strong data-start=\"2130\" data-end=\"2161\">mujer guatemalteca migrante<\/strong>, comprometida con la educaci\u00f3n y el bienestar de las nuevas generaciones.<\/p>\t\t\t\t\t\t\t\t<\/div>\n\t\t\t\t\t<\/div>\n\t\t\t\t<\/div>\n\t\t<div data-particle_enable=\"false\" data-particle-mobile-disabled=\"false\" class=\"elementor-element elementor-element-35aaae3 e-flex e-con-boxed e-con e-parent\" data-id=\"35aaae3\" data-element_type=\"container\" data-e-type=\"container\">\n\t\t\t\t\t<div class=\"e-con-inner\">\n\t\t\t\t<div class=\"elementor-element elementor-element-5ad3665 elementor-grid-eael-col-1 elementor-grid-tablet-eael-col-2 elementor-grid-mobile-eael-col-1 elementor-widget elementor-widget-eael-post-grid\" data-id=\"5ad3665\" data-element_type=\"widget\" data-e-type=\"widget\" data-settings=\"{&quot;eael_post_grid_columns&quot;:&quot;eael-col-1&quot;,&quot;eael_post_grid_columns_tablet&quot;:&quot;eael-col-2&quot;,&quot;eael_post_grid_columns_mobile&quot;:&quot;eael-col-1&quot;}\" data-widget_type=\"eael-post-grid.default\">\n\t\t\t\t\t<div id=\"eael-post-grid-5ad3665\" class=\"eael-post-grid-container\">\n            <div class=\"eael-post-grid eael-post-appender eael-post-appender-5ad3665 eael-post-grid-style-one\" data-layout-mode=\"masonry\"><article class=\"eael-grid-post  eael-post-grid-column eael-pg-post-28457 category-exitos-guatemala\" data-id=\"28457\">\n        <div class=\"eael-grid-post-holder\">\n            <div class=\"eael-grid-post-holder-inner\"><div class=\"eael-entry-media\"><div class=\"eael-entry-overlay fade-in\"><i class=\"far fa-hand-pointer\" aria-hidden=\"true\"><\/i><a href=\"https:\/\/soymigrante.com\/revista\/nydia-cano-los-guatemaltecos-debemos-ser-aun-mas-unidos\/\"><\/a><\/div><div class=\"eael-entry-thumbnail eael-image-ratio\">\n                <img decoding=\"async\" width=\"1024\" height=\"1024\" src=\"https:\/\/soymigrante.com\/revista\/wp-content\/uploads\/2025\/03\/nydia-cano-migrante-New-Jersey-5-1024x1024.jpg\" class=\"attachment-large size-large wp-image-28458\" alt=\"Guatemalteca celebrando en desfile con bandera nacional y traje tradicional, manifestaci\u00f3n cultural y orgullo de Guatemala en evento festive del pa\u00eds.\" srcset=\"https:\/\/soymigrante.com\/revista\/wp-content\/uploads\/2025\/03\/nydia-cano-migrante-New-Jersey-5-1024x1024.jpg 1024w, https:\/\/soymigrante.com\/revista\/wp-content\/uploads\/2025\/03\/nydia-cano-migrante-New-Jersey-5-300x300.jpg 300w, https:\/\/soymigrante.com\/revista\/wp-content\/uploads\/2025\/03\/nydia-cano-migrante-New-Jersey-5-150x150.jpg 150w, https:\/\/soymigrante.com\/revista\/wp-content\/uploads\/2025\/03\/nydia-cano-migrante-New-Jersey-5-768x768.jpg 768w, https:\/\/soymigrante.com\/revista\/wp-content\/uploads\/2025\/03\/nydia-cano-migrante-New-Jersey-5-75x75.webp 75w, https:\/\/soymigrante.com\/revista\/wp-content\/uploads\/2025\/03\/nydia-cano-migrante-New-Jersey-5-750x750.webp 750w, https:\/\/soymigrante.com\/revista\/wp-content\/uploads\/2025\/03\/nydia-cano-migrante-New-Jersey-5-1140x1140.webp 1140w, https:\/\/soymigrante.com\/revista\/wp-content\/uploads\/2025\/03\/nydia-cano-migrante-New-Jersey-5.webp 1349w\" sizes=\"(max-width: 1024px) 100vw, 1024px\" \/>\n            <\/div>\n        <\/div><div class=\"eael-entry-wrapper\"><header class=\"eael-entry-header\"><h2 class=\"eael-entry-title\"><a class=\"eael-grid-post-link\" href=\"https:\/\/soymigrante.com\/revista\/nydia-cano-los-guatemaltecos-debemos-ser-aun-mas-unidos\/\" title=\"Nydia Cano, l\u00edder migrante en Paterson, NJ: &#8220;Los guatemaltecos  debemos ser a\u00fan m\u00e1s unidos&#8221;\">Nydia Cano, l\u00edder migrante en Paterson, NJ: &#8220;Los guatemaltecos  debemos ser a\u00fan m\u00e1s unidos&#8221;<\/a><\/h2><\/header><div class=\"eael-entry-content\">\n                        <div class=\"eael-grid-post-excerpt\"><a href=\"https:\/\/soymigrante.com\/revista\/nydia-cano-los-guatemaltecos-debemos-ser-aun-mas-unidos\/\" class=\"eael-post-elements-readmore-btn\">CONOCE SU HISTORIA <\/a><\/div>\n                    <\/div><\/div><\/div>\n        <\/div>\n    <\/article><\/div>\n            <div class=\"clearfix\"><\/div>\n        <\/div>\t\t\t\t<\/div>\n\t\t\t\t\t<\/div>\n\t\t\t\t<\/div>\n\t\t<div data-particle_enable=\"false\" data-particle-mobile-disabled=\"false\" class=\"elementor-element elementor-element-b7f4098 e-flex e-con-boxed e-con e-parent\" data-id=\"b7f4098\" data-element_type=\"container\" data-e-type=\"container\">\n\t\t\t\t\t<div class=\"e-con-inner\">\n\t\t\t\t<div class=\"elementor-element elementor-element-65e81b4 elementor-widget elementor-widget-text-editor\" data-id=\"65e81b4\" data-element_type=\"widget\" data-e-type=\"widget\" data-widget_type=\"text-editor.default\">\n\t\t\t\t\t\t\t\t\t<p data-start=\"191\" data-end=\"499\">El doctor <strong data-start=\"2247\" data-end=\"2268\"><a href=\"https:\/\/www.vandermay.com\/obituary\/3570\">James F. Barriale<\/a><\/strong>\u00a0(1952-2010) fue un docente de alta calidad y un ciudadano de grandes m\u00e9ritos, alguien cuyo ejemplo marc\u00f3 a todos. Fue director de la escuela de Prospect Park desde 1982 y en 2000 se convirti\u00f3 en superintendente del sistema escolar de la ciudad.\u00a0<\/p><p data-start=\"2237\" data-end=\"2709\">Cuando falleci\u00f3,\u00a0 en noviembre de 2010, como excolaboradores del Bur\u00f3 de Educaci\u00f3n, quisimos dejar patente su huella positiva. Organizamos un acto de recordaci\u00f3n y colocar una placa en su memoria, junto a su familia y a otras personas de la comunidad.<\/p><p data-start=\"2711\" data-end=\"2933\">Hoy, <strong data-start=\"2716\" data-end=\"2735\">15 a\u00f1os despu\u00e9s<\/strong>, la placa contin\u00faa en su lugar, como recordatorio de su legado. Pero m\u00e1s que la placa, las reglas y la visi\u00f3n que \u00e9l dej\u00f3 se mantuvieron, porque fueron construidas sobre valores firmes.<\/p><p data-start=\"2935\" data-end=\"3348\">La escuela es hoy un espacio multicultural, donde cada cultura es respetada: los feriados, las tradiciones y hasta la comida de cada pueblo tienen un lugar dentro de la escuela.\u00a0<\/p><p data-start=\"2935\" data-end=\"3348\">Y yo contin\u00fao activa en mi comunidad como l\u00edder comunitaria en Prospect Park, Nueva Jersey, formando parte de comit\u00e9s de salud, recreaci\u00f3n, herencia hispana y juventud morena, porque el compromiso con la comunidad es una forma de vida. Fue por ello que en 2025 me nombraron Mariscal del Desfile de la Herencia Hispana, algo que atesoro en el alma porque soy muy guatemalteca, pero New Jersey ha sido mi casa desde hace m\u00e1s de cuatro d\u00e9cadas.<\/p>\t\t\t\t\t\t\t\t<\/div>\n\t\t\t\t\t<\/div>\n\t\t\t\t<\/div>\n\t\t<div data-particle_enable=\"false\" data-particle-mobile-disabled=\"false\" class=\"elementor-element elementor-element-287d554 e-flex e-con-boxed e-con e-parent\" data-id=\"287d554\" data-element_type=\"container\" data-e-type=\"container\">\n\t\t\t\t\t<div class=\"e-con-inner\">\n\t\t\t\t<div class=\"elementor-element elementor-element-3606066 elementor-widget elementor-widget-heading\" data-id=\"3606066\" data-element_type=\"widget\" data-e-type=\"widget\" data-widget_type=\"heading.default\">\n\t\t\t\t\t<h2 class=\"elementor-heading-title elementor-size-default\">Talento guatemalteco aportando a la comunidad de New Jersey<\/h2>\t\t\t\t<\/div>\n\t\t\t\t\t<\/div>\n\t\t\t\t<\/div>\n\t\t<div data-particle_enable=\"false\" data-particle-mobile-disabled=\"false\" class=\"elementor-element elementor-element-d3b90e3 e-flex e-con-boxed e-con e-parent\" data-id=\"d3b90e3\" data-element_type=\"container\" data-e-type=\"container\">\n\t\t\t\t\t<div class=\"e-con-inner\">\n\t\t\t\t<div class=\"elementor-element elementor-element-8d099eb elementor-grid-eael-col-3 elementor-grid-tablet-eael-col-2 elementor-grid-mobile-eael-col-1 elementor-widget elementor-widget-eael-post-grid\" data-id=\"8d099eb\" data-element_type=\"widget\" data-e-type=\"widget\" data-settings=\"{&quot;eael_post_grid_columns&quot;:&quot;eael-col-3&quot;,&quot;eael_post_grid_columns_tablet&quot;:&quot;eael-col-2&quot;,&quot;eael_post_grid_columns_mobile&quot;:&quot;eael-col-1&quot;}\" data-widget_type=\"eael-post-grid.default\">\n\t\t\t\t\t<div id=\"eael-post-grid-8d099eb\" class=\"eael-post-grid-container\">\n            <div class=\"eael-post-grid eael-post-appender eael-post-appender-8d099eb eael-post-grid-style-one\" data-layout-mode=\"masonry\"><article class=\"eael-grid-post  eael-post-grid-column eael-pg-post-29430 category-exitos-guatemala\" data-id=\"29430\">\n        <div class=\"eael-grid-post-holder\">\n            <div class=\"eael-grid-post-holder-inner\"><div class=\"eael-entry-media\"><div class=\"eael-entry-overlay fade-in\"><i class=\"far fa-hand-pointer\" aria-hidden=\"true\"><\/i><a href=\"https:\/\/soymigrante.com\/revista\/guatemala-siempre-nos-hace-falta-martha-coc-emprendedora-y-promotora-cultural-en-new-jersey\/\"><\/a><\/div><div class=\"eael-entry-thumbnail eael-image-ratio\">\n                <img decoding=\"async\" width=\"1024\" height=\"1024\" src=\"https:\/\/soymigrante.com\/revista\/wp-content\/uploads\/2025\/03\/migrante-guatemalteca-marta-francisca-coc-1024x1024.jpg\" class=\"attachment-large size-large wp-image-29431\" alt=\"Disfrutando de la cultura mexicana en un ambiente vibrante con arte y color en SoyMigrante.com REVISTA. Mujer feliz en un restaurante con decoraci\u00f3n art\u00edstica y luces ne\u00f3n, celebrando la diversidad y tradiciones mexicanas.\" srcset=\"https:\/\/soymigrante.com\/revista\/wp-content\/uploads\/2025\/03\/migrante-guatemalteca-marta-francisca-coc-1024x1024.jpg 1024w, https:\/\/soymigrante.com\/revista\/wp-content\/uploads\/2025\/03\/migrante-guatemalteca-marta-francisca-coc-300x300.jpg 300w, https:\/\/soymigrante.com\/revista\/wp-content\/uploads\/2025\/03\/migrante-guatemalteca-marta-francisca-coc-150x150.jpg 150w, https:\/\/soymigrante.com\/revista\/wp-content\/uploads\/2025\/03\/migrante-guatemalteca-marta-francisca-coc-768x768.jpg 768w, https:\/\/soymigrante.com\/revista\/wp-content\/uploads\/2025\/03\/migrante-guatemalteca-marta-francisca-coc-75x75.webp 75w, https:\/\/soymigrante.com\/revista\/wp-content\/uploads\/2025\/03\/migrante-guatemalteca-marta-francisca-coc-750x750.webp 750w, https:\/\/soymigrante.com\/revista\/wp-content\/uploads\/2025\/03\/migrante-guatemalteca-marta-francisca-coc-1140x1140.webp 1140w, https:\/\/soymigrante.com\/revista\/wp-content\/uploads\/2025\/03\/migrante-guatemalteca-marta-francisca-coc.webp 1145w\" sizes=\"(max-width: 1024px) 100vw, 1024px\" \/>\n            <\/div>\n        <\/div><div class=\"eael-entry-wrapper\"><header class=\"eael-entry-header\"><h2 class=\"eael-entry-title\"><a class=\"eael-grid-post-link\" href=\"https:\/\/soymigrante.com\/revista\/guatemala-siempre-nos-hace-falta-martha-coc-emprendedora-y-promotora-cultural-en-new-jersey\/\" title=\"&#8220;Guatemala siempre nos hace falta&#8221;: Martha Coc, emprendedora y promotora cultural en New Jersey\">&#8220;Guatemala siempre nos hace falta&#8221;: Martha Coc, emprendedora y promotora cultural en New Jersey<\/a><\/h2><\/header><div class=\"eael-entry-content\">\n                        <div class=\"eael-grid-post-excerpt\"><a href=\"https:\/\/soymigrante.com\/revista\/guatemala-siempre-nos-hace-falta-martha-coc-emprendedora-y-promotora-cultural-en-new-jersey\/\" class=\"eael-post-elements-readmore-btn\">CONOCE SU HISTORIA <\/a><\/div>\n                    <\/div><\/div><\/div>\n        <\/div>\n    <\/article><article class=\"eael-grid-post  eael-post-grid-column eael-pg-post-39339 category-exitos-guatemala\" data-id=\"39339\">\n        <div class=\"eael-grid-post-holder\">\n            <div class=\"eael-grid-post-holder-inner\"><div class=\"eael-entry-media\"><div class=\"eael-entry-overlay fade-in\"><i class=\"far fa-hand-pointer\" aria-hidden=\"true\"><\/i><a href=\"https:\/\/soymigrante.com\/revista\/de-nueva-santa-rosa-a-nueva-jersey-marillita-alvarez-migrante-esposa-madre-y-tiktoker\/\"><\/a><\/div><div class=\"eael-entry-thumbnail eael-image-ratio\">\n                <img loading=\"lazy\" decoding=\"async\" width=\"1024\" height=\"1024\" src=\"https:\/\/soymigrante.com\/revista\/wp-content\/uploads\/2025\/07\/maria-alvarez-migrante-tiktoker-guatemalteca-new-jersey-9-1024x1024.jpg\" class=\"attachment-large size-large wp-image-39340\" alt=\"Profesional mujer inmigrante con estilo, cabello oscuro y blazer verde, reflejando liderazgo y confianza. Imagen adecuada para art\u00edculos sobre migraci\u00f3n, derechos y experiencias de inmigrantes en la revista SoyMigrante.com REVISTA.\" srcset=\"https:\/\/soymigrante.com\/revista\/wp-content\/uploads\/2025\/07\/maria-alvarez-migrante-tiktoker-guatemalteca-new-jersey-9-1024x1024.jpg 1024w, https:\/\/soymigrante.com\/revista\/wp-content\/uploads\/2025\/07\/maria-alvarez-migrante-tiktoker-guatemalteca-new-jersey-9-300x300.jpg 300w, https:\/\/soymigrante.com\/revista\/wp-content\/uploads\/2025\/07\/maria-alvarez-migrante-tiktoker-guatemalteca-new-jersey-9-150x150.jpg 150w, https:\/\/soymigrante.com\/revista\/wp-content\/uploads\/2025\/07\/maria-alvarez-migrante-tiktoker-guatemalteca-new-jersey-9-768x768.jpg 768w, https:\/\/soymigrante.com\/revista\/wp-content\/uploads\/2025\/07\/maria-alvarez-migrante-tiktoker-guatemalteca-new-jersey-9-1536x1536.jpg 1536w, https:\/\/soymigrante.com\/revista\/wp-content\/uploads\/2025\/07\/maria-alvarez-migrante-tiktoker-guatemalteca-new-jersey-9-2048x2048.jpg 2048w, https:\/\/soymigrante.com\/revista\/wp-content\/uploads\/2025\/07\/maria-alvarez-migrante-tiktoker-guatemalteca-new-jersey-9-75x75.webp 75w, https:\/\/soymigrante.com\/revista\/wp-content\/uploads\/2025\/07\/maria-alvarez-migrante-tiktoker-guatemalteca-new-jersey-9-750x750.webp 750w, https:\/\/soymigrante.com\/revista\/wp-content\/uploads\/2025\/07\/maria-alvarez-migrante-tiktoker-guatemalteca-new-jersey-9-1140x1140.webp 1140w, https:\/\/soymigrante.com\/revista\/wp-content\/uploads\/2025\/07\/maria-alvarez-migrante-tiktoker-guatemalteca-new-jersey-9-scaled.webp 1920w\" sizes=\"(max-width: 1024px) 100vw, 1024px\" \/>\n            <\/div>\n        <\/div><div class=\"eael-entry-wrapper\"><header class=\"eael-entry-header\"><h2 class=\"eael-entry-title\"><a class=\"eael-grid-post-link\" href=\"https:\/\/soymigrante.com\/revista\/de-nueva-santa-rosa-a-nueva-jersey-marillita-alvarez-migrante-esposa-madre-y-tiktoker\/\" title=\"De Nueva Santa Rosa a Nueva Jersey: Marillita \u00c1lvarez, migrante, esposa, madre y tiktoker\">De Nueva Santa Rosa a Nueva Jersey: Marillita \u00c1lvarez, migrante, esposa, madre y tiktoker<\/a><\/h2><\/header><div class=\"eael-entry-content\">\n                        <div class=\"eael-grid-post-excerpt\"><a href=\"https:\/\/soymigrante.com\/revista\/de-nueva-santa-rosa-a-nueva-jersey-marillita-alvarez-migrante-esposa-madre-y-tiktoker\/\" class=\"eael-post-elements-readmore-btn\">CONOCE SU HISTORIA <\/a><\/div>\n                    <\/div><\/div><\/div>\n        <\/div>\n    <\/article><article class=\"eael-grid-post  eael-post-grid-column eael-pg-post-42218 category-exitos-guatemala\" data-id=\"42218\">\n        <div class=\"eael-grid-post-holder\">\n            <div class=\"eael-grid-post-holder-inner\"><div class=\"eael-entry-media\"><div class=\"eael-entry-overlay fade-in\"><i class=\"far fa-hand-pointer\" aria-hidden=\"true\"><\/i><a href=\"https:\/\/soymigrante.com\/revista\/asi-logro-seguir-tejiendo-en-new-jersey-el-migrante-armando-sosa-de-salcaja\/\"><\/a><\/div><div class=\"eael-entry-thumbnail eael-image-ratio\">\n                <img loading=\"lazy\" decoding=\"async\" width=\"1024\" height=\"1024\" src=\"https:\/\/soymigrante.com\/revista\/wp-content\/uploads\/2025\/08\/migrante-armando-sosa-salcaja-tejedor-new-jersey-1-1024x1024.jpg\" class=\"attachment-large size-large wp-image-42219\" alt=\"Artesano fabricando muebles de madera en taller tradicional, experto en carpinter\u00eda con herramientas manuales y dise\u00f1o artesanal, promoviendo la cultura del mueble en comunidad local.\" srcset=\"https:\/\/soymigrante.com\/revista\/wp-content\/uploads\/2025\/08\/migrante-armando-sosa-salcaja-tejedor-new-jersey-1-1024x1024.jpg 1024w, https:\/\/soymigrante.com\/revista\/wp-content\/uploads\/2025\/08\/migrante-armando-sosa-salcaja-tejedor-new-jersey-1-300x300.jpg 300w, https:\/\/soymigrante.com\/revista\/wp-content\/uploads\/2025\/08\/migrante-armando-sosa-salcaja-tejedor-new-jersey-1-150x150.jpg 150w, https:\/\/soymigrante.com\/revista\/wp-content\/uploads\/2025\/08\/migrante-armando-sosa-salcaja-tejedor-new-jersey-1-768x768.jpg 768w, https:\/\/soymigrante.com\/revista\/wp-content\/uploads\/2025\/08\/migrante-armando-sosa-salcaja-tejedor-new-jersey-1-1536x1536.jpg 1536w, https:\/\/soymigrante.com\/revista\/wp-content\/uploads\/2025\/08\/migrante-armando-sosa-salcaja-tejedor-new-jersey-1-75x75.webp 75w, https:\/\/soymigrante.com\/revista\/wp-content\/uploads\/2025\/08\/migrante-armando-sosa-salcaja-tejedor-new-jersey-1-750x750.webp 750w, https:\/\/soymigrante.com\/revista\/wp-content\/uploads\/2025\/08\/migrante-armando-sosa-salcaja-tejedor-new-jersey-1-1140x1140.webp 1140w, https:\/\/soymigrante.com\/revista\/wp-content\/uploads\/2025\/08\/migrante-armando-sosa-salcaja-tejedor-new-jersey-1.webp 1550w\" sizes=\"(max-width: 1024px) 100vw, 1024px\" \/>\n            <\/div>\n        <\/div><div class=\"eael-entry-wrapper\"><header class=\"eael-entry-header\"><h2 class=\"eael-entry-title\"><a class=\"eael-grid-post-link\" href=\"https:\/\/soymigrante.com\/revista\/asi-logro-seguir-tejiendo-en-new-jersey-el-migrante-armando-sosa-de-salcaja\/\" title=\"As\u00ed logr\u00f3 seguir tejiendo en New Jersey el migrante Armando Sosa originario de Salcaj\u00e1\">As\u00ed logr\u00f3 seguir tejiendo en New Jersey el migrante Armando Sosa originario de Salcaj\u00e1<\/a><\/h2><\/header><div class=\"eael-entry-content\">\n                        <div class=\"eael-grid-post-excerpt\"><a href=\"https:\/\/soymigrante.com\/revista\/asi-logro-seguir-tejiendo-en-new-jersey-el-migrante-armando-sosa-de-salcaja\/\" class=\"eael-post-elements-readmore-btn\">CONOCE SU HISTORIA <\/a><\/div>\n                    <\/div><\/div><\/div>\n        <\/div>\n    <\/article><\/div>\n            <div class=\"clearfix\"><\/div>\n        <\/div>\t\t\t\t<\/div>\n\t\t\t\t\t<\/div>\n\t\t\t\t<\/div>\n\t\t\t\t<\/div>\n\t\t","protected":false},"excerpt":{"rendered":"<p>L\u00edder migrante guatemalteca Nydia Cano, en New Jersey, recuerda cuando fue integrante del bur\u00f3 escolar de la ciudad de Prospect Park y del gran aporte del entonces director de la escuela n\u00famero 1, cuya huella positiva a\u00fan perdura. Por Nydia Cano, l\u00edder migrante en New Jersey Mis hijos estudiaron en la Escuela N\u00famero 1 de [&hellip;]<\/p>\n","protected":false},"author":1,"featured_media":51661,"comment_status":"open","ping_status":"open","sticky":false,"template":"","format":"standard","meta":{"_acf_changed":false,"_eb_attr":"","footnotes":""},"categories":[56],"tags":[],"class_list":["post-51660","post","type-post","status-publish","format-standard","has-post-thumbnail","hentry","category-lugar-de-voces"],"acf":[],"aioseo_notices":[],"aioseo_head":"\n\t\t<!-- All in One SEO Pro 4.9.6.2 - aioseo.com -->\n\t<meta name=\"description\" content=\"Armando Sosa aprendi\u00f3 a tejer con su pap\u00e1 en su natal Salcaj\u00e1, Quetzaltenango. Y como migrante en New Jersey logr\u00f3 armar un telar de madera. Esta es su historia\" \/>\n\t<meta name=\"robots\" content=\"max-snippet:-1, max-image-preview:large, max-video-preview:-1\" \/>\n\t<meta name=\"author\" content=\"Gustavo Montenegro\"\/>\n\t<link rel=\"canonical\" href=\"https:\/\/soymigrante.com\/revista\/asi-logro-seguir-tejiendo-en-new-jersey-el-migrante-armando-sosa-de-salcaja\/\" \/>\n\t<meta name=\"generator\" content=\"All in One SEO Pro (AIOSEO) 4.9.6.2\" \/>\n\n\t\t<link rel=\"preconnect\" href=\"https:\/\/fonts.googleapis.com\" crossorigin>\n<link rel=\"preconnect\" href=\"https:\/\/fonts.gstatic.com\" crossorigin>\n\t\t<meta property=\"og:locale\" content=\"es_ES\" \/>\n\t\t<meta property=\"og:site_name\" content=\"SoyMigrante.com REVISTA \u2013 Nuestra misi\u00f3n es reconocer y dignificar al migrante.\" \/>\n\t\t<meta property=\"og:type\" content=\"article\" \/>\n\t\t<meta property=\"og:title\" content=\"As\u00ed sigue tejiendo Armando Sosa de Salcaj\u00e1 en New Jersey\" \/>\n\t\t<meta property=\"og:description\" content=\"Armando Sosa aprendi\u00f3 a tejer con su pap\u00e1 en su natal Salcaj\u00e1, Quetzaltenango. Y como migrante en New Jersey logr\u00f3 armar un telar de madera. Esta es su historia\" \/>\n\t\t<meta property=\"og:url\" content=\"https:\/\/soymigrante.com\/revista\/asi-logro-seguir-tejiendo-en-new-jersey-el-migrante-armando-sosa-de-salcaja\/\" \/>\n\t\t<meta property=\"og:image\" content=\"https:\/\/soymigrante.com\/revista\/wp-content\/uploads\/2025\/08\/migrante-armando-sosa-salcaja-tejedor-new-jersey-1.webp\" \/>\n\t\t<meta property=\"og:image:secure_url\" content=\"https:\/\/soymigrante.com\/revista\/wp-content\/uploads\/2025\/08\/migrante-armando-sosa-salcaja-tejedor-new-jersey-1.webp\" \/>\n\t\t<meta property=\"og:image:width\" content=\"1550\" \/>\n\t\t<meta property=\"og:image:height\" content=\"1550\" \/>\n\t\t<meta property=\"article:published_time\" content=\"2025-08-18T15:51:31+00:00\" \/>\n\t\t<meta property=\"article:modified_time\" content=\"2025-10-03T20:42:59+00:00\" \/>\n\t\t<meta property=\"article:publisher\" content=\"https:\/\/www.facebook.com\/soymigrantecom\" \/>\n\t\t<meta name=\"twitter:card\" content=\"summary_large_image\" \/>\n\t\t<meta name=\"twitter:site\" content=\"@SoyMigrante_com\" \/>\n\t\t<meta name=\"twitter:title\" content=\"As\u00ed sigue tejiendo Armando Sosa de Salcaj\u00e1 en New Jersey\" \/>\n\t\t<meta name=\"twitter:description\" content=\"Armando Sosa aprendi\u00f3 a tejer con su pap\u00e1 en su natal Salcaj\u00e1, Quetzaltenango. Y como migrante en New Jersey logr\u00f3 armar un telar de madera. Esta es su historia\" \/>\n\t\t<meta name=\"twitter:creator\" content=\"@SoyMigrante_com\" \/>\n\t\t<meta name=\"twitter:image\" content=\"https:\/\/soymigrante.com\/revista\/wp-content\/uploads\/2025\/08\/migrante-armando-sosa-salcaja-tejedor-new-jersey-1.webp\" \/>\n\t\t<!-- All in One SEO Pro -->\r\n\t\t<title>As\u00ed sigue tejiendo Armando Sosa de Salcaj\u00e1 en New Jersey<\/title>\n\n","aioseo_head_json":{"title":"As\u00ed sigue tejiendo Armando Sosa de Salcaj\u00e1 en New Jersey","description":"Armando Sosa aprendi\u00f3 a tejer con su pap\u00e1 en su natal Salcaj\u00e1, Quetzaltenango. Y como migrante en New Jersey logr\u00f3 armar un telar de madera. Esta es su historia","canonical_url":"https:\/\/soymigrante.com\/revista\/asi-logro-seguir-tejiendo-en-new-jersey-el-migrante-armando-sosa-de-salcaja\/","robots":"max-snippet:-1, max-image-preview:large, max-video-preview:-1","keywords":"","webmasterTools":{"miscellaneous":"&lt;link rel=\"preconnect\" href=\"https:\/\/fonts.googleapis.com\" crossorigin&gt;\n&lt;link rel=\"preconnect\" href=\"https:\/\/fonts.gstatic.com\" crossorigin&gt;"},"schema":null,"og:locale":"es_ES","og:site_name":"SoyMigrante.com REVISTA \u2013 Nuestra misi\u00f3n es reconocer y dignificar al migrante.","og:type":"article","og:title":"As\u00ed sigue tejiendo Armando Sosa de Salcaj\u00e1 en New Jersey","og:description":"Armando Sosa aprendi\u00f3 a tejer con su pap\u00e1 en su natal Salcaj\u00e1, Quetzaltenango. Y como migrante en New Jersey logr\u00f3 armar un telar de madera. Esta es su historia","og:url":"https:\/\/soymigrante.com\/revista\/asi-logro-seguir-tejiendo-en-new-jersey-el-migrante-armando-sosa-de-salcaja\/","og:image":"https:\/\/soymigrante.com\/revista\/wp-content\/uploads\/2025\/08\/migrante-armando-sosa-salcaja-tejedor-new-jersey-1.webp","og:image:secure_url":"https:\/\/soymigrante.com\/revista\/wp-content\/uploads\/2025\/08\/migrante-armando-sosa-salcaja-tejedor-new-jersey-1.webp","og:image:width":1550,"og:image:height":1550,"article:published_time":"2025-08-18T15:51:31+00:00","article:modified_time":"2025-10-03T20:42:59+00:00","article:publisher":"https:\/\/www.facebook.com\/soymigrantecom","twitter:card":"summary_large_image","twitter:site":"@SoyMigrante_com","twitter:title":"As\u00ed sigue tejiendo Armando Sosa de Salcaj\u00e1 en New Jersey","twitter:description":"Armando Sosa aprendi\u00f3 a tejer con su pap\u00e1 en su natal Salcaj\u00e1, Quetzaltenango. Y como migrante en New Jersey logr\u00f3 armar un telar de madera. Esta es su historia","twitter:creator":"@SoyMigrante_com","twitter:image":"https:\/\/soymigrante.com\/revista\/wp-content\/uploads\/2025\/08\/migrante-armando-sosa-salcaja-tejedor-new-jersey-1.webp"},"aioseo_meta_data":{"post_id":"51660","title":"M\u00e1s que una placa, una huella positiva en New Jersey","description":"Migrante guatemalteca Nydia Cano recuerda servicio en bur\u00f3 educativo de Prospect Park, New Jersey, en homenaje a educador ejemplar y para animar a participacion","keywords":null,"keyphrases":{"focus":{"keyphrase":"Migrante","score":91,"analysis":{"keyphraseInTitle":{"score":3,"maxScore":9,"error":1},"keyphraseInDescription":{"score":9,"maxScore":9,"error":0},"keyphraseLength":{"score":9,"maxScore":9,"error":0,"length":1},"keyphraseInURL":{"score":5,"maxScore":5,"error":0},"keyphraseInIntroduction":{"score":9,"maxScore":9,"error":0},"keyphraseInSubHeadings":{"score":9,"maxScore":9,"error":0},"keyphraseInImageAlt":{"score":9,"maxScore":9,"error":0},"keywordDensity":{"type":"best","score":9,"maxScore":9,"error":0}}},"additional":[{"keyphrase":"New Jersey","score":100,"analysis":{"keyphraseInDescription":{"score":9,"maxScore":9,"error":0},"keyphraseLength":{"score":9,"maxScore":9,"error":0,"length":2},"keyphraseInIntroduction":{"score":9,"maxScore":9,"error":0},"keyphraseInImageAlt":{"score":9,"maxScore":9,"error":0},"keywordDensity":{"type":"best","score":9,"maxScore":9,"error":0}}}]},"primary_term":null,"canonical_url":null,"og_title":null,"og_description":null,"og_object_type":"default","og_image_type":"default","og_image_url":null,"og_image_width":null,"og_image_height":null,"og_image_custom_url":null,"og_image_custom_fields":null,"og_video":"","og_custom_url":null,"og_article_section":null,"og_article_tags":null,"twitter_use_og":false,"twitter_card":"default","twitter_image_type":"default","twitter_image_url":null,"twitter_image_custom_url":null,"twitter_image_custom_fields":null,"twitter_title":null,"twitter_description":null,"schema":{"blockGraphs":[],"customGraphs":[],"default":{"data":{"Article":[],"Course":[],"Dataset":[],"FAQPage":[],"Movie":[],"Person":[],"Product":[],"ProductReview":[],"Car":[],"Recipe":[],"Service":[],"SoftwareApplication":[],"WebPage":[]},"graphName":"NewsArticle","isEnabled":true},"graphs":[]},"schema_type":"default","schema_type_options":null,"pillar_content":false,"robots_default":true,"robots_noindex":false,"robots_noarchive":false,"robots_nosnippet":false,"robots_nofollow":false,"robots_noimageindex":false,"robots_noodp":false,"robots_notranslate":false,"robots_max_snippet":"-1","robots_max_videopreview":"-1","robots_max_imagepreview":"large","priority":null,"frequency":"default","local_seo":null,"seo_analyzer_scan_date":null,"breadcrumb_settings":null,"limit_modified_date":false,"reviewed_by":"0","open_ai":null,"ai":{"faqs":[],"keyPoints":[],"titles":[],"descriptions":[],"socialPosts":{"email":[],"linkedin":[],"twitter":[],"facebook":[],"instagram":[]}},"created":"2026-01-29 21:41:56","updated":"2026-03-06 15:45:38"},"aioseo_breadcrumb":"<div class=\"aioseo-breadcrumbs\"><span class=\"aioseo-breadcrumb\">\n\t<a href=\"https:\/\/soymigrante.com\/revista\" title=\"Home\">Home<\/a>\n<\/span><span class=\"aioseo-breadcrumb-separator\">\u00bb<\/span><span class=\"aioseo-breadcrumb\">\n\t<a href=\"https:\/\/soymigrante.com\/revista\/category\/estamos-unidos\/\" title=\"Estamos Unidos\">Estamos Unidos<\/a>\n<\/span><span class=\"aioseo-breadcrumb-separator\">\u00bb<\/span><span class=\"aioseo-breadcrumb\">\n\t<a href=\"https:\/\/soymigrante.com\/revista\/category\/estamos-unidos\/lugar-de-voces\/\" title=\"Lugar de Voces\">Lugar de Voces<\/a>\n<\/span><span class=\"aioseo-breadcrumb-separator\">\u00bb<\/span><span class=\"aioseo-breadcrumb\">\n\tUna placa, una escuela multicultural y el aporte de una madre guatemalteca en Prospect Park, New Jersey\n<\/span><\/div>","aioseo_breadcrumb_json":[{"label":"Home","link":"https:\/\/soymigrante.com\/revista"},{"label":"Estamos Unidos","link":"https:\/\/soymigrante.com\/revista\/category\/estamos-unidos\/"},{"label":"Lugar de Voces","link":"https:\/\/soymigrante.com\/revista\/category\/estamos-unidos\/lugar-de-voces\/"},{"label":"Una placa, una escuela multicultural y el aporte de una madre guatemalteca en Prospect Park, New Jersey","link":"https:\/\/soymigrante.com\/revista\/migrante-nydia-cano-una-placa-una-escuela-multicultural-y-el-aporte-de-una-madre-guatemalteca-en-prospect-park-new-jersey\/"}],"_links":{"self":[{"href":"https:\/\/soymigrante.com\/revista\/wp-json\/wp\/v2\/posts\/51660","targetHints":{"allow":["GET"]}}],"collection":[{"href":"https:\/\/soymigrante.com\/revista\/wp-json\/wp\/v2\/posts"}],"about":[{"href":"https:\/\/soymigrante.com\/revista\/wp-json\/wp\/v2\/types\/post"}],"author":[{"embeddable":true,"href":"https:\/\/soymigrante.com\/revista\/wp-json\/wp\/v2\/users\/1"}],"replies":[{"embeddable":true,"href":"https:\/\/soymigrante.com\/revista\/wp-json\/wp\/v2\/comments?post=51660"}],"version-history":[{"count":10,"href":"https:\/\/soymigrante.com\/revista\/wp-json\/wp\/v2\/posts\/51660\/revisions"}],"predecessor-version":[{"id":51674,"href":"https:\/\/soymigrante.com\/revista\/wp-json\/wp\/v2\/posts\/51660\/revisions\/51674"}],"wp:featuredmedia":[{"embeddable":true,"href":"https:\/\/soymigrante.com\/revista\/wp-json\/wp\/v2\/media\/51661"}],"wp:attachment":[{"href":"https:\/\/soymigrante.com\/revista\/wp-json\/wp\/v2\/media?parent=51660"}],"wp:term":[{"taxonomy":"category","embeddable":true,"href":"https:\/\/soymigrante.com\/revista\/wp-json\/wp\/v2\/categories?post=51660"},{"taxonomy":"post_tag","embeddable":true,"href":"https:\/\/soymigrante.com\/revista\/wp-json\/wp\/v2\/tags?post=51660"}],"curies":[{"name":"wp","href":"https:\/\/api.w.org\/{rel}","templated":true}]}}