{"id":51625,"date":"2026-01-29T08:37:10","date_gmt":"2026-01-29T14:37:10","guid":{"rendered":"https:\/\/soymigrante.com\/revista\/?p=51625"},"modified":"2026-01-31T10:22:05","modified_gmt":"2026-01-31T16:22:05","slug":"el-migrante-guatemalteco-victor-castanon-impulsa-el-poder-de-la-lectura-el-arte-y-la-autoestima-en-la-ninez-y-juventud","status":"publish","type":"post","link":"https:\/\/soymigrante.com\/revista\/el-migrante-guatemalteco-victor-castanon-impulsa-el-poder-de-la-lectura-el-arte-y-la-autoestima-en-la-ninez-y-juventud\/","title":{"rendered":"El migrante guatemalteco V\u00edctor Casta\u00f1\u00f3n impulsa el poder de la lectura, el arte y la autoestima en la ni\u00f1ez y juventud"},"content":{"rendered":"\t\t<div data-elementor-type=\"wp-post\" data-elementor-id=\"51625\" class=\"elementor elementor-51625\" data-elementor-post-type=\"post\">\n\t\t\t\t<div data-particle_enable=\"false\" data-particle-mobile-disabled=\"false\" class=\"elementor-element elementor-element-ff16846 e-flex e-con-boxed e-con e-parent\" data-id=\"ff16846\" data-element_type=\"container\" data-e-type=\"container\">\n\t\t\t\t\t<div class=\"e-con-inner\">\n\t\t\t\t<div class=\"elementor-element elementor-element-dbb8def elementor-widget elementor-widget-heading\" data-id=\"dbb8def\" data-element_type=\"widget\" data-e-type=\"widget\" data-widget_type=\"heading.default\">\n\t\t\t\t\t<h2 class=\"elementor-heading-title elementor-size-default\">Cuando era ni\u00f1o y en la escuela preguntaban qui\u00e9n pod\u00eda cantar el himno o declamar un poema, la mam\u00e1 de V\u00edctor Leonel Casta\u00f1\u00f3n dec\u00eda: \"Leonelito puede\". As\u00ed naci\u00f3 su vocaci\u00f3n por el arte, la m\u00fasica y el servicio.<\/h2>\t\t\t\t<\/div>\n\t\t\t\t<div class=\"elementor-element elementor-element-242304e elementor-widget elementor-widget-html\" data-id=\"242304e\" data-element_type=\"widget\" data-e-type=\"widget\" data-widget_type=\"html.default\">\n\t\t\t\t\t<div id=\"buzzsprout-player-18598085\"><\/div><script src=\"https:\/\/www.buzzsprout.com\/2444168\/episodes\/18598085-el-migrante-guatemalteco-victor-castanon-impulsa-el-cambio-a-traves-de-la-ninez-y-juventud.js?container_id=buzzsprout-player-18598085&player=small\" type=\"text\/javascript\" charset=\"utf-8\"><\/script>\t\t\t\t<\/div>\n\t\t\t\t\t<\/div>\n\t\t\t\t<\/div>\n\t\t<div data-particle_enable=\"false\" data-particle-mobile-disabled=\"false\" class=\"elementor-element elementor-element-1c8c754 e-flex e-con-boxed e-con e-parent\" data-id=\"1c8c754\" data-element_type=\"container\" data-e-type=\"container\">\n\t\t\t\t\t<div class=\"e-con-inner\">\n\t\t\t\t<div class=\"elementor-element elementor-element-66f3377 elementor-widget elementor-widget-text-editor\" data-id=\"66f3377\" data-element_type=\"widget\" data-e-type=\"widget\" data-widget_type=\"text-editor.default\">\n\t\t\t\t\t\t\t\t\t<p>Antes de cruzar fronteras, V\u00edctor Leonel Casta\u00f1\u00f3n ya ten\u00eda un profundo amor por el arte, el b\u00e1squetbol, la m\u00fasica\u00a0 y tambi\u00e9n por el dise\u00f1o. Creci\u00f3 en la zona 11, cerca del hospital Roosevelt.\u00a0 Estudi\u00f3 en la Escuela Normal para Varones de la zona 13; aprendi\u00f3 dibujo t\u00e9cnico y aunque no era arquitecto, realizaba planos en una oficina de construcci\u00f3n de edificios.\u00a0<\/p><p>Se convirti\u00f3 en promotor cultural, traj\u00f3 grupos de jazz al pa\u00eds, hizo teatro. Pero la violencia indiscriminada del conflicto armado interno de Guatemala le oblig\u00f3 a migrar. Pero esa migraci\u00f3n nunca le hizo perder de vista <a href=\"https:\/\/soymigrante.com\/revista\/cineasta-guatemalteca-en-noruega-elisa-pirir-produjo-cinta-que-busca-nominacion-oscar\/\">su gran sue\u00f1o,<\/a> que fue la \u00faltima pregunta de esta conversaci\u00f3n.<\/p><p>En Estados Unidos empez\u00f3 de cero, pero todas sus habilidades adquiridas en <a href=\"https:\/\/soymigrante.com\/revista\/22-departamentos-de-guatemala-un-corazon-multicultural-compartido\/\">Guatemala<\/a> le sirvieron de base. Lleg\u00f3 a ser coach de b\u00e1squetbol, dise\u00f1ador de casas rodantes, impulsor de la educaci\u00f3n y el liderazgo.\u00a0\u00a0<\/p><p>En este enero 2026 ha vuelto de nuevo a Guatemala, para<a href=\"https:\/\/soymigrante.com\/revista\/migrantes-impulsan-encuentro-internacional-de-ninos-y-jovenes-lectores-escritores-y-lideres-en-guatemala\/\"> coordinar un encuentro literario internacional juvenil,<\/a> para el cual compuso un himno. &#8220;Los ni\u00f1os no son el ma\u00f1ana, sino el ahora&#8221;, dice en un corredor del antiguo Paraninfo de la Universidad de San Carlos, en la zona 1 de la capital, en plenos preparativos del evento.<\/p>\t\t\t\t\t\t\t\t<\/div>\n\t\t\t\t\t<\/div>\n\t\t\t\t<\/div>\n\t\t<div data-particle_enable=\"false\" data-particle-mobile-disabled=\"false\" class=\"elementor-element elementor-element-44233c9 e-flex e-con-boxed e-con e-parent\" data-id=\"44233c9\" data-element_type=\"container\" data-e-type=\"container\">\n\t\t\t\t\t<div class=\"e-con-inner\">\n\t\t\t\t<div class=\"elementor-element elementor-element-7943b3d elementor-widget elementor-widget-image\" data-id=\"7943b3d\" data-element_type=\"widget\" data-e-type=\"widget\" data-widget_type=\"image.default\">\n\t\t\t\t\t\t\t\t\t\t\t\t<figure class=\"wp-caption\">\n\t\t\t\t\t\t\t\t\t\t<img fetchpriority=\"high\" decoding=\"async\" width=\"807\" height=\"807\" src=\"https:\/\/soymigrante.com\/revista\/wp-content\/uploads\/2026\/01\/victor-castanon-migrante-guatemalteco-california-impulsa-lectura-deporte-arte-1.jpeg\" class=\"attachment-large size-large wp-image-51637\" alt=\"V\u00edctor Leonel Casta\u00f1\u00f3n, migrante guatemalteco radicado en California, conversa en las gradas del Paraninfo Universitario de la USAC, zona 1 Guatemala, sobre su historia y el encuentro internacional estudiantil de lectura, creaci\u00f3n literaria y liderazgo, evento que ayuda a coordinar.\" srcset=\"https:\/\/soymigrante.com\/revista\/wp-content\/uploads\/2026\/01\/victor-castanon-migrante-guatemalteco-california-impulsa-lectura-deporte-arte-1.jpeg 807w, https:\/\/soymigrante.com\/revista\/wp-content\/uploads\/2026\/01\/victor-castanon-migrante-guatemalteco-california-impulsa-lectura-deporte-arte-1-300x300.jpeg 300w, https:\/\/soymigrante.com\/revista\/wp-content\/uploads\/2026\/01\/victor-castanon-migrante-guatemalteco-california-impulsa-lectura-deporte-arte-1-150x150.jpeg 150w, https:\/\/soymigrante.com\/revista\/wp-content\/uploads\/2026\/01\/victor-castanon-migrante-guatemalteco-california-impulsa-lectura-deporte-arte-1-768x768.jpeg 768w, https:\/\/soymigrante.com\/revista\/wp-content\/uploads\/2026\/01\/victor-castanon-migrante-guatemalteco-california-impulsa-lectura-deporte-arte-1-75x75.jpeg 75w, https:\/\/soymigrante.com\/revista\/wp-content\/uploads\/2026\/01\/victor-castanon-migrante-guatemalteco-california-impulsa-lectura-deporte-arte-1-750x750.jpeg 750w\" sizes=\"(max-width: 807px) 100vw, 807px\" title=\"V\u00edctor Leonel Casta\u00f1\u00f3n, migrante guatemalteco radicado en California, conversa en las gradas del Paraninfo Universitario de la USAC, zona 1 Guatemala, sobre su historia y el encuentro internacional estudiantil de lectura, creaci\u00f3n literaria y liderazgo, evento que ayuda a coordinar. \u2013 SoyMigrante.com REVISTA\" \/>\t\t\t\t\t\t\t\t\t\t\t<figcaption class=\"widget-image-caption wp-caption-text\">V\u00edctor Leonel Casta\u00f1\u00f3n, migrante guatemalteco radicado en California, conversa en las gradas del Paraninfo Universitario de la USAC, zona 1 Guatemala, sobre su historia y el encuentro internacional estudiantil de lectura, creaci\u00f3n literaria y liderazgo, evento que ayuda a coordinar. (Fotograf\u00eda G. Montenegro)<\/figcaption>\n\t\t\t\t\t\t\t\t\t\t<\/figure>\n\t\t\t\t\t\t\t\t\t<\/div>\n\t\t\t\t\t<\/div>\n\t\t\t\t<\/div>\n\t\t<div data-particle_enable=\"false\" data-particle-mobile-disabled=\"false\" class=\"elementor-element elementor-element-fd33ea1 e-flex e-con-boxed e-con e-parent\" data-id=\"fd33ea1\" data-element_type=\"container\" data-e-type=\"container\">\n\t\t\t\t\t<div class=\"e-con-inner\">\n\t\t\t\t<div class=\"elementor-element elementor-element-0371adf elementor-widget elementor-widget-heading\" data-id=\"0371adf\" data-element_type=\"widget\" data-e-type=\"widget\" data-widget_type=\"heading.default\">\n\t\t\t\t\t<h2 class=\"elementor-heading-title elementor-size-default\">\"\u00a1Leonelito puede!\"<\/h2>\t\t\t\t<\/div>\n\t\t\t\t\t<\/div>\n\t\t\t\t<\/div>\n\t\t<div data-particle_enable=\"false\" data-particle-mobile-disabled=\"false\" class=\"elementor-element elementor-element-79ba268 e-flex e-con-boxed e-con e-parent\" data-id=\"79ba268\" data-element_type=\"container\" data-e-type=\"container\">\n\t\t\t\t\t<div class=\"e-con-inner\">\n\t\t\t\t<div class=\"elementor-element elementor-element-461ac02 elementor-widget elementor-widget-text-editor\" data-id=\"461ac02\" data-element_type=\"widget\" data-e-type=\"widget\" data-widget_type=\"text-editor.default\">\n\t\t\t\t\t\t\t\t\t<p>&#8220;\u00bfC\u00f3mo lleg\u00f3 el arte a mi vida? En cada actividad que hab\u00eda en la escuela, dec\u00edan \u00bfqui\u00e9n puede cantar el himno? Y mi mam\u00e1 dec\u00eda, Leonelito puede. \u00bfQui\u00e9n puede decir algo para el D\u00eda de la Madre? Leonelito puede&#8221;, relata<\/p><p data-start=\"1837\" data-end=\"2024\">\u201cEn los campos del Roosevelt hab\u00eda una cancha de b\u00e1squetbol del se\u00f1or Aurelio Recinos y ah\u00ed empec\u00e9 a aprender. Me encant\u00f3 porque es un deporte de equipo, de reglas claras, competitivo y colaborativo\u201d.<\/p><p data-start=\"1837\" data-end=\"2024\">&#8220;Saqu\u00e9 mi bachillerato, llev\u00e9 algunos cursos en la Usac, pero no termin\u00e9 ninguna carrera por cuestiones de trabajo y tiempo. Trabaj\u00e9 con una firma de ingenieros y arquitectos que hizo varios edificios en la zona 10. Yo sab\u00eda dibujar planos&#8221;. Su gran <a href=\"https:\/\/soymigrante.com\/revista\/manual-gratuito-de-metas-converti-tu-objetivo-en-una-pregunta-diaria\/\">objetivo siempre fue seguir aprendiendo.<\/a><\/p><p data-start=\"1837\" data-end=\"2024\">&#8220;Entr\u00e9 en contacto con instituciones culturales como la Alianza Francesa. Una vez traje a una banda de jazz de 100 m\u00fasicos, que presentaron un magn\u00edfico concierto. Tambi\u00e9n tuvimos un grupo de teatro y m\u00fasica, Teatro Vivo, con el que hac\u00edamos giras. Fuimos a Huehuetenango. Pero enmedio del conflicto armado aquello se volvi\u00f3 peligroso y me tuve que ir&#8221;.<\/p>\t\t\t\t\t\t\t\t<\/div>\n\t\t\t\t\t<\/div>\n\t\t\t\t<\/div>\n\t\t<div data-particle_enable=\"false\" data-particle-mobile-disabled=\"false\" class=\"elementor-element elementor-element-d83b835 e-flex e-con-boxed e-con e-parent\" data-id=\"d83b835\" data-element_type=\"container\" data-e-type=\"container\">\n\t\t\t\t\t<div class=\"e-con-inner\">\n\t\t\t\t<div class=\"elementor-element elementor-element-b29e688 elementor-widget elementor-widget-text-editor\" data-id=\"b29e688\" data-element_type=\"widget\" data-e-type=\"widget\" data-widget_type=\"text-editor.default\">\n\t\t\t\t\t\t\t\t\t<p><b>Himno para el encuentro de liderazgo y lectura juvenil efectuado en Guatemala este enero de 2026. Autores: V\u00edctor Casta\u00f1\u00f3n y su esposa Estela Anaya Casta\u00f1\u00f3n-<\/b><\/p>\t\t\t\t\t\t\t\t<\/div>\n\t\t\t\t\t<\/div>\n\t\t\t\t<\/div>\n\t\t<div data-particle_enable=\"false\" data-particle-mobile-disabled=\"false\" class=\"elementor-element elementor-element-408bb0c e-flex e-con-boxed e-con e-parent\" data-id=\"408bb0c\" data-element_type=\"container\" data-e-type=\"container\">\n\t\t\t\t\t<div class=\"e-con-inner\">\n\t\t\t\t<div class=\"elementor-element elementor-element-264a70e elementor-widget elementor-widget-html\" data-id=\"264a70e\" data-element_type=\"widget\" data-e-type=\"widget\" data-widget_type=\"html.default\">\n\t\t\t\t\t<iframe width=\"560\" height=\"415\" src=\"https:\/\/www.youtube.com\/embed\/uVs9Y-yEkBA?si=G8TdzJ_ASGsIKcQV\" title=\"YouTube video player\" frameborder=\"0\" allow=\"accelerometer; autoplay; clipboard-write; encrypted-media; gyroscope; picture-in-picture; web-share\" referrerpolicy=\"strict-origin-when-cross-origin\" allowfullscreen><\/iframe>\t\t\t\t<\/div>\n\t\t\t\t\t<\/div>\n\t\t\t\t<\/div>\n\t\t<div data-particle_enable=\"false\" data-particle-mobile-disabled=\"false\" class=\"elementor-element elementor-element-f94e503 e-flex e-con-boxed e-con e-parent\" data-id=\"f94e503\" data-element_type=\"container\" data-e-type=\"container\">\n\t\t\t\t\t<div class=\"e-con-inner\">\n\t\t\t\t<div class=\"elementor-element elementor-element-147b77a elementor-widget elementor-widget-heading\" data-id=\"147b77a\" data-element_type=\"widget\" data-e-type=\"widget\" data-widget_type=\"heading.default\">\n\t\t\t\t\t<h3 class=\"elementor-heading-title elementor-size-default\">Reinvenci\u00f3n personal es un descubrimiento<\/h3>\t\t\t\t<\/div>\n\t\t\t\t\t<\/div>\n\t\t\t\t<\/div>\n\t\t<div data-particle_enable=\"false\" data-particle-mobile-disabled=\"false\" class=\"elementor-element elementor-element-d6b83fa e-flex e-con-boxed e-con e-parent\" data-id=\"d6b83fa\" data-element_type=\"container\" data-e-type=\"container\">\n\t\t\t\t\t<div class=\"e-con-inner\">\n\t\t\t\t<div class=\"elementor-element elementor-element-8311f17 elementor-widget elementor-widget-text-editor\" data-id=\"8311f17\" data-element_type=\"widget\" data-e-type=\"widget\" data-widget_type=\"text-editor.default\">\n\t\t\t\t\t\t\t\t\t<p>A los 27 a\u00f1os, en Los Angeles, V\u00edctor pr\u00e1cticamente no conoc\u00eda a nadie, pero se lo tom\u00f3 con calma. \u201c<span data-start=\"3258\" data-end=\"3305\">Mi primer trabajo fue limpiando y barriendo<\/span>\u201d, cuenta. Lejos de desanimarse, asumi\u00f3 ese inicio con humildad: <b>\u201cLa verdad, me gust\u00f3 empezar desde lo simple\u201d.\u00a0\u00a0<\/b><\/p><p>Pero su habilidad previa no tard\u00f3 en abrirle nuevas puertas. \u201cAl\u00a0poco tiempo, pas\u00e9 del trabajo de limpieza a<b> <span data-start=\"3616\" data-end=\"3673\">dibujar planos y dise\u00f1ar interiores de casas rodantes<\/span>,<\/b> participando activamente en su construcci\u00f3n. Fue un trabajo muy bonito&#8221;.<\/p><p data-start=\"3925\" data-end=\"4173\">El deporte volvi\u00f3 a su vida a\u00f1os despu\u00e9s, <a href=\"https:\/\/soymigrante.com\/revista\/acuerdos-entre-padres-e-hijos-son-lo-mas-inteligente-para-fortalecer-la-familia\/\">gracias a una de sus hijas<\/a>. \u201c<span data-start=\"3973\" data-end=\"4013\">Ella fue la que me llev\u00f3 a ser coach<\/span>\u201d, cuenta &#8220;Comenc\u00e9 a ayudarle a entrenar, de acuerdo a lo que yo sab\u00eda. Luego me hablaron del equipo escolar si pod\u00eda ayudarles, despu\u00e9s me invitaron a ligas de equipos, hablaba con entrenadores de equipos estudiantiles: yo aprend\u00eda y ellos aprend\u00edan&#8221;<\/p><p data-start=\"4175\" data-end=\"4541\">Para V\u00edctor, el b\u00e1squetbol siempre fue educaci\u00f3n. \u201c<span data-start=\"4226\" data-end=\"4267\">Me gusta ense\u00f1ar, compartir lo que s\u00e9<\/span>\u201d. Escribi\u00f3 libros con dibujos de\u00a0 &#8220;herramientas de entrenamiento&#8221; y\u00a0 m\u00e9todos propios para ejercitar tiros, bloqueos, jugadas. V\u00edctor lleg\u00f3 a colaborar con la <span data-start=\"4377\" data-end=\"4425\">National Junior Basketball Association (NJB)<\/span> y logr\u00f3 un r\u00e9cord destacado:\u00a0\u201c<span data-start=\"4458\" data-end=\"4509\">56 juegos ganados al hilo con un equipo escolar<\/span>, en torneos de Estados Unidos\u201d.<\/p>\t\t\t\t\t\t\t\t<\/div>\n\t\t\t\t\t<\/div>\n\t\t\t\t<\/div>\n\t\t<div data-particle_enable=\"false\" data-particle-mobile-disabled=\"false\" class=\"elementor-element elementor-element-ecd1cf7 e-flex e-con-boxed e-con e-parent\" data-id=\"ecd1cf7\" data-element_type=\"container\" data-e-type=\"container\">\n\t\t\t\t\t<div class=\"e-con-inner\">\n\t\t\t\t<div class=\"elementor-element elementor-element-be9b9b2 elementor-widget elementor-widget-image\" data-id=\"be9b9b2\" data-element_type=\"widget\" data-e-type=\"widget\" data-widget_type=\"image.default\">\n\t\t\t\t\t\t\t\t\t\t\t\t<figure class=\"wp-caption\">\n\t\t\t\t\t\t\t\t\t\t<img decoding=\"async\" width=\"1140\" height=\"855\" src=\"https:\/\/soymigrante.com\/revista\/wp-content\/uploads\/2026\/01\/paraninfo-universitario-victor-castanon-1140x855.jpeg\" class=\"attachment-large size-large wp-image-51638\" alt=\"A pesar del tiempo y la distancia, para V\u00edctor Casta\u00f1\u00f3n sigue vigente el sue\u00f1o de aportar a Guatemala, a trav\u00e9s de mejorar los niveles de lectura y creaci\u00f3n escrita de la ni\u00f1ez y juventud, as\u00ed como el impulso del deporte y de fortalecimiento de la autoestima. Fotograf\u00eda en un corredor del Paraninfo de la Universidad de San Carlos, zona 1 capitalina, enero 2026.\" srcset=\"https:\/\/soymigrante.com\/revista\/wp-content\/uploads\/2026\/01\/paraninfo-universitario-victor-castanon-1140x855.jpeg 1140w, https:\/\/soymigrante.com\/revista\/wp-content\/uploads\/2026\/01\/paraninfo-universitario-victor-castanon-300x225.jpeg 300w, https:\/\/soymigrante.com\/revista\/wp-content\/uploads\/2026\/01\/paraninfo-universitario-victor-castanon-768x576.jpeg 768w, https:\/\/soymigrante.com\/revista\/wp-content\/uploads\/2026\/01\/paraninfo-universitario-victor-castanon-750x563.jpeg 750w, https:\/\/soymigrante.com\/revista\/wp-content\/uploads\/2026\/01\/paraninfo-universitario-victor-castanon.jpeg 1280w\" sizes=\"(max-width: 1140px) 100vw, 1140px\" title=\"A pesar del tiempo y la distancia, para V\u00edctor Casta\u00f1\u00f3n sigue vigente el sue\u00f1o de aportar a Guatemala, a trav\u00e9s de mejorar los niveles de lectura y creaci\u00f3n escrita de la ni\u00f1ez y juventud, as\u00ed como el impulso del deporte y de fortalecimiento de la autoestima. Fotograf\u00eda en un corredor del Paraninfo de la Universidad de San Carlos, zona 1 capitalina, enero 2026. \u2013 SoyMigrante.com REVISTA\" \/>\t\t\t\t\t\t\t\t\t\t\t<figcaption class=\"widget-image-caption wp-caption-text\">A pesar del tiempo y la distancia, para V\u00edctor Casta\u00f1\u00f3n sigue vigente el sue\u00f1o de aportar a Guatemala, a trav\u00e9s de mejorar los niveles de lectura y creaci\u00f3n escrita de la ni\u00f1ez y juventud, as\u00ed como el impulso del deporte y de fortalecimiento de la autoestima. Fotograf\u00eda en un corredor del Paraninfo de la Universidad de San Carlos, zona 1 capitalina, enero 2026.<\/figcaption>\n\t\t\t\t\t\t\t\t\t\t<\/figure>\n\t\t\t\t\t\t\t\t\t<\/div>\n\t\t\t\t\t<\/div>\n\t\t\t\t<\/div>\n\t\t<div data-particle_enable=\"false\" data-particle-mobile-disabled=\"false\" class=\"elementor-element elementor-element-deac82d e-flex e-con-boxed e-con e-parent\" data-id=\"deac82d\" data-element_type=\"container\" data-e-type=\"container\">\n\t\t\t\t\t<div class=\"e-con-inner\">\n\t\t\t\t<div class=\"elementor-element elementor-element-a50951d elementor-widget elementor-widget-heading\" data-id=\"a50951d\" data-element_type=\"widget\" data-e-type=\"widget\" data-widget_type=\"heading.default\">\n\t\t\t\t\t<h3 class=\"elementor-heading-title elementor-size-default\">Que los ni\u00f1os se expresen es base de su autoestima<\/h3>\t\t\t\t<\/div>\n\t\t\t\t\t<\/div>\n\t\t\t\t<\/div>\n\t\t<div data-particle_enable=\"false\" data-particle-mobile-disabled=\"false\" class=\"elementor-element elementor-element-9795850 e-flex e-con-boxed e-con e-parent\" data-id=\"9795850\" data-element_type=\"container\" data-e-type=\"container\">\n\t\t\t\t\t<div class=\"e-con-inner\">\n\t\t\t\t<div class=\"elementor-element elementor-element-e6b1adf elementor-widget elementor-widget-text-editor\" data-id=\"e6b1adf\" data-element_type=\"widget\" data-e-type=\"widget\" data-widget_type=\"text-editor.default\">\n\t\t\t\t\t\t\t\t\t<p>El encuentro literario internacional de ni\u00f1os y j\u00f3venes estudiantes nace de esa misma filosof\u00eda de servicio. \u201c<span data-start=\"4653\" data-end=\"4700\">Los ni\u00f1os no son el futuro, son el presente. Ellos est\u00e1n aqu\u00ed y necesitan crecer con <a href=\"https:\/\/soymigrante.com\/revista\/que-es-el-sindrome-del-impostor-y-como-superarlo\/\">liderazgo, seguridad, autoestima<\/a><\/span>\u201d, insiste.\u00a0 Para V\u00edctor la lectura es la clave.\u00a0<\/p><p data-start=\"4812\" data-end=\"4925\">\u201c<span data-start=\"4813\" data-end=\"4877\">Es hoy cuando tenemos que cuidar a esos bellos seres humanos<\/span> para que ma\u00f1ana construyan algo mejor\u201d, afirma. Y esa es la raz\u00f3n de esta visita a Guatemala.\u00a0<\/p><p data-start=\"4812\" data-end=\"4925\">&#8220;Apoyo a la editorial de J\u00f3venes Escritores Latinos, una organizaci\u00f3n que trata de hacer que los ni\u00f1os empiecen a escribir para exponer sus ideas. La educadora ecuatoriana Miriam Burbano es la la presidenta del proyecto. Dentro de mis habilidades art\u00edsticas tambi\u00e9n est\u00e1 en el dise\u00f1o gr\u00e1fico. Ella me pidi\u00f3 proponer una portada para uno de sus libros, precisamente el que vamos a presentar en Guatemala (este 29 de enero 2026). Se llama J\u00f3venes Escritores Latinos, elaborado por estudiantes de Cahab\u00f3n, Alta Verapaz. Pero en realidad se van a presentar 42 libros completos hechos por estudiantes de varios pa\u00edses como Per\u00fa, M\u00e9xico, El Salvador, Ecuador, Estados Unidos&#8221;.\u00a0<\/p>\t\t\t\t\t\t\t\t<\/div>\n\t\t\t\t\t<\/div>\n\t\t\t\t<\/div>\n\t\t<div data-particle_enable=\"false\" data-particle-mobile-disabled=\"false\" class=\"elementor-element elementor-element-ae0f6b8 e-flex e-con-boxed e-con e-parent\" data-id=\"ae0f6b8\" data-element_type=\"container\" data-e-type=\"container\">\n\t\t\t\t\t<div class=\"e-con-inner\">\n\t\t\t\t<div class=\"elementor-element elementor-element-88cc270 elementor-widget elementor-widget-html\" data-id=\"88cc270\" data-element_type=\"widget\" data-e-type=\"widget\" data-widget_type=\"html.default\">\n\t\t\t\t\t<iframe width=\"560\" height=\"415\" src=\"https:\/\/www.youtube.com\/embed\/kUdWFpL6QcY?si=CuNCKaQN6gAIXadz\" title=\"YouTube video player\" frameborder=\"0\" allow=\"accelerometer; autoplay; clipboard-write; encrypted-media; gyroscope; picture-in-picture; web-share\" referrerpolicy=\"strict-origin-when-cross-origin\" allowfullscreen><\/iframe>\t\t\t\t<\/div>\n\t\t\t\t\t<\/div>\n\t\t\t\t<\/div>\n\t\t<div data-particle_enable=\"false\" data-particle-mobile-disabled=\"false\" class=\"elementor-element elementor-element-fc9d9c7 e-flex e-con-boxed e-con e-parent\" data-id=\"fc9d9c7\" data-element_type=\"container\" data-e-type=\"container\">\n\t\t\t\t\t<div class=\"e-con-inner\">\n\t\t\t\t<div class=\"elementor-element elementor-element-bda5897 elementor-widget elementor-widget-heading\" data-id=\"bda5897\" data-element_type=\"widget\" data-e-type=\"widget\" data-widget_type=\"heading.default\">\n\t\t\t\t\t<h3 class=\"elementor-heading-title elementor-size-default\">\u00bfCu\u00e1l es tu gran sue\u00f1o?<\/h3>\t\t\t\t<\/div>\n\t\t\t\t\t<\/div>\n\t\t\t\t<\/div>\n\t\t<div data-particle_enable=\"false\" data-particle-mobile-disabled=\"false\" class=\"elementor-element elementor-element-e3ddfdf e-flex e-con-boxed e-con e-parent\" data-id=\"e3ddfdf\" data-element_type=\"container\" data-e-type=\"container\">\n\t\t\t\t\t<div class=\"e-con-inner\">\n\t\t\t\t<div class=\"elementor-element elementor-element-4e41987 elementor-widget elementor-widget-text-editor\" data-id=\"4e41987\" data-element_type=\"widget\" data-e-type=\"widget\" data-widget_type=\"text-editor.default\">\n\t\t\t\t\t\t\t\t\t<p>V\u00edctor responde con una reflexi\u00f3n que resume su trayectoria migrante y humana: \u201c<span data-start=\"5083\" data-end=\"5108\"><a href=\"https:\/\/soymigrante.com\/revista\/y-cuando-evelyn-desperto-su-gran-sueno-todavia-estaba-alli\/\">Mi sue\u00f1o<\/a> es el cambio<\/span>, que todo ser humano se d\u00e9 cuenta que estamos viviendo en un para\u00edso. Respirar ya es una bendici\u00f3n. <span data-start=\"5209\" data-end=\"5269\">No tenemos que buscar para qu\u00e9 venimos, solo ser felices\u00a0<\/span>en el existir, en el vivir el hoy, porque s\u00f3lo hay 24 horas. Si las usamos para vivir con sentido com\u00fan, tendr\u00e1s amor y libertad&#8221;.<\/p><p data-start=\"5392\" data-end=\"5673\">As\u00ed es V\u00edctor Leonel Casta\u00f1\u00f3n: migrante guatemalteco, promotor cultural, educador, coach, <span data-start=\"5482\" data-end=\"5504\">compositor musical<\/span> y sembrador de liderazgo juvenil. Un hombre que migr\u00f3 para sobrevivir, pero que vuelve para <span data-start=\"5597\" data-end=\"5631\">crear, compartir y transformar<\/span> desde la palabra, el arte y la educaci\u00f3n.<\/p>\t\t\t\t\t\t\t\t<\/div>\n\t\t\t\t\t<\/div>\n\t\t\t\t<\/div>\n\t\t<div data-particle_enable=\"false\" data-particle-mobile-disabled=\"false\" class=\"elementor-element elementor-element-897590b e-flex e-con-boxed e-con e-parent\" data-id=\"897590b\" data-element_type=\"container\" data-e-type=\"container\">\n\t\t\t\t\t<div class=\"e-con-inner\">\n\t\t\t\t<div class=\"elementor-element elementor-element-d15968c elementor-widget elementor-widget-image\" data-id=\"d15968c\" data-element_type=\"widget\" data-e-type=\"widget\" data-widget_type=\"image.default\">\n\t\t\t\t\t\t\t\t\t\t\t\t<figure class=\"wp-caption\">\n\t\t\t\t\t\t\t\t\t\t<img decoding=\"async\" width=\"1140\" height=\"760\" src=\"https:\/\/soymigrante.com\/revista\/wp-content\/uploads\/2026\/01\/victor-castanon-reconocimiento-1140x760.jpg\" class=\"attachment-large size-large wp-image-51639\" alt=\"El migrante guatemalteco V\u00edctor Casta\u00f1on ha recibido m\u00faltiples reconocimientos por su labor cultural, deportiva y de producci\u00f3n de eventos, incluyendo la elecci\u00f3n de Miss Guatemala Los Angeles, entre otros.\" srcset=\"https:\/\/soymigrante.com\/revista\/wp-content\/uploads\/2026\/01\/victor-castanon-reconocimiento-1140x760.jpg 1140w, https:\/\/soymigrante.com\/revista\/wp-content\/uploads\/2026\/01\/victor-castanon-reconocimiento-300x200.jpg 300w, https:\/\/soymigrante.com\/revista\/wp-content\/uploads\/2026\/01\/victor-castanon-reconocimiento-768x512.jpg 768w, https:\/\/soymigrante.com\/revista\/wp-content\/uploads\/2026\/01\/victor-castanon-reconocimiento-750x500.jpg 750w, https:\/\/soymigrante.com\/revista\/wp-content\/uploads\/2026\/01\/victor-castanon-reconocimiento.jpg 1500w\" sizes=\"(max-width: 1140px) 100vw, 1140px\" title=\"El migrante guatemalteco V\u00edctor Casta\u00f1on  ha recibido m\u00faltiples reconocimientos por su labor cultural, deportiva y de producci\u00f3n de eventos, incluyendo la elecci\u00f3n de Miss Guatemala Los Angeles, entre otros. \u2013 SoyMigrante.com REVISTA\" \/>\t\t\t\t\t\t\t\t\t\t\t<figcaption class=\"widget-image-caption wp-caption-text\">El migrante guatemalteco V\u00edctor Casta\u00f1on  ha recibido m\u00faltiples reconocimientos por su labor cultural, deportiva y de producci\u00f3n de eventos, incluyendo la elecci\u00f3n de Miss Guatemala Los Angeles, entre otros.<\/figcaption>\n\t\t\t\t\t\t\t\t\t\t<\/figure>\n\t\t\t\t\t\t\t\t\t<\/div>\n\t\t\t\t\t<\/div>\n\t\t\t\t<\/div>\n\t\t<div data-particle_enable=\"false\" data-particle-mobile-disabled=\"false\" class=\"elementor-element elementor-element-f569af3 e-flex e-con-boxed e-con e-parent\" data-id=\"f569af3\" data-element_type=\"container\" data-e-type=\"container\">\n\t\t\t\t\t<div class=\"e-con-inner\">\n\t\t\t\t<div class=\"elementor-element elementor-element-0deba84 elementor-widget elementor-widget-heading\" data-id=\"0deba84\" data-element_type=\"widget\" data-e-type=\"widget\" data-widget_type=\"heading.default\">\n\t\t\t\t\t<h2 class=\"elementor-heading-title elementor-size-default\">Grandes sue\u00f1os, grandes metas sin fronteras<\/h2>\t\t\t\t<\/div>\n\t\t\t\t\t<\/div>\n\t\t\t\t<\/div>\n\t\t<div data-particle_enable=\"false\" data-particle-mobile-disabled=\"false\" class=\"elementor-element elementor-element-ae1a59d e-flex e-con-boxed e-con e-parent\" data-id=\"ae1a59d\" data-element_type=\"container\" data-e-type=\"container\">\n\t\t\t\t\t<div class=\"e-con-inner\">\n\t\t\t\t<div class=\"elementor-element elementor-element-37bc3f9 elementor-grid-eael-col-3 elementor-grid-tablet-eael-col-2 elementor-grid-mobile-eael-col-1 elementor-widget elementor-widget-eael-post-grid\" data-id=\"37bc3f9\" data-element_type=\"widget\" data-e-type=\"widget\" data-settings=\"{&quot;eael_post_grid_columns&quot;:&quot;eael-col-3&quot;,&quot;eael_post_grid_columns_tablet&quot;:&quot;eael-col-2&quot;,&quot;eael_post_grid_columns_mobile&quot;:&quot;eael-col-1&quot;}\" data-widget_type=\"eael-post-grid.default\">\n\t\t\t\t\t<div id=\"eael-post-grid-37bc3f9\" class=\"eael-post-grid-container\">\n            <div class=\"eael-post-grid eael-post-appender eael-post-appender-37bc3f9 eael-post-grid-style-one\" data-layout-mode=\"masonry\"><article class=\"eael-grid-post  eael-post-grid-column eael-pg-post-2535 category-exitos\" data-id=\"2535\">\n        <div class=\"eael-grid-post-holder\">\n            <div class=\"eael-grid-post-holder-inner\"><div class=\"eael-entry-media\"><div class=\"eael-entry-overlay fade-in\"><i class=\"far fa-hand-pointer\" aria-hidden=\"true\"><\/i><a href=\"https:\/\/soymigrante.com\/revista\/little-guatemala-florece-en-carolina-del-norte-el-sueno-del-migrante-y-emprendedor-cristian-ramazzini\/\"><\/a><\/div><div class=\"eael-entry-thumbnail eael-image-ratio\">\n                <img loading=\"lazy\" decoding=\"async\" width=\"1024\" height=\"1024\" src=\"https:\/\/soymigrante.com\/revista\/wp-content\/uploads\/2023\/09\/Proyecto-Little-Guatemala-del-migrante-guatemalteco-Cristian-Ramazzini-en-Carolina-del-Norte-1-1-1024x1024.webp\" class=\"attachment-large size-large wp-image-2567\" alt=\"\" srcset=\"https:\/\/soymigrante.com\/revista\/wp-content\/uploads\/2023\/09\/Proyecto-Little-Guatemala-del-migrante-guatemalteco-Cristian-Ramazzini-en-Carolina-del-Norte-1-1-1024x1024.webp 1024w, https:\/\/soymigrante.com\/revista\/wp-content\/uploads\/2023\/09\/Proyecto-Little-Guatemala-del-migrante-guatemalteco-Cristian-Ramazzini-en-Carolina-del-Norte-1-1-300x300.webp 300w, https:\/\/soymigrante.com\/revista\/wp-content\/uploads\/2023\/09\/Proyecto-Little-Guatemala-del-migrante-guatemalteco-Cristian-Ramazzini-en-Carolina-del-Norte-1-1-150x150.webp 150w, https:\/\/soymigrante.com\/revista\/wp-content\/uploads\/2023\/09\/Proyecto-Little-Guatemala-del-migrante-guatemalteco-Cristian-Ramazzini-en-Carolina-del-Norte-1-1-768x768.webp 768w, https:\/\/soymigrante.com\/revista\/wp-content\/uploads\/2023\/09\/Proyecto-Little-Guatemala-del-migrante-guatemalteco-Cristian-Ramazzini-en-Carolina-del-Norte-1-1-75x75.webp 75w, https:\/\/soymigrante.com\/revista\/wp-content\/uploads\/2023\/09\/Proyecto-Little-Guatemala-del-migrante-guatemalteco-Cristian-Ramazzini-en-Carolina-del-Norte-1-1-750x750.webp 750w, https:\/\/soymigrante.com\/revista\/wp-content\/uploads\/2023\/09\/Proyecto-Little-Guatemala-del-migrante-guatemalteco-Cristian-Ramazzini-en-Carolina-del-Norte-1-1-1140x1140.webp 1140w, https:\/\/soymigrante.com\/revista\/wp-content\/uploads\/2023\/09\/Proyecto-Little-Guatemala-del-migrante-guatemalteco-Cristian-Ramazzini-en-Carolina-del-Norte-1-1-600x600.webp 600w, https:\/\/soymigrante.com\/revista\/wp-content\/uploads\/2023\/09\/Proyecto-Little-Guatemala-del-migrante-guatemalteco-Cristian-Ramazzini-en-Carolina-del-Norte-1-1.webp 1190w\" sizes=\"(max-width: 1024px) 100vw, 1024px\" \/>\n            <\/div>\n        <\/div><div class=\"eael-entry-wrapper\"><header class=\"eael-entry-header\"><h2 class=\"eael-entry-title\"><a class=\"eael-grid-post-link\" href=\"https:\/\/soymigrante.com\/revista\/little-guatemala-florece-en-carolina-del-norte-el-sueno-del-migrante-y-emprendedor-cristian-ramazzini\/\" title=\"Little Guatemala florece en Carolina del Norte: el sue\u00f1o del migrante y emprendedor Cristian Ramazzini\">Little Guatemala florece en Carolina del Norte: el sue\u00f1o del migrante y emprendedor Cristian Ramazzini<\/a><\/h2><\/header><div class=\"eael-entry-content\">\n                        <div class=\"eael-grid-post-excerpt\"><a href=\"https:\/\/soymigrante.com\/revista\/little-guatemala-florece-en-carolina-del-norte-el-sueno-del-migrante-y-emprendedor-cristian-ramazzini\/\" class=\"eael-post-elements-readmore-btn\">CONOCE SU HISTORIA <\/a><\/div>\n                    <\/div><\/div><\/div>\n        <\/div>\n    <\/article><article class=\"eael-grid-post  eael-post-grid-column eael-pg-post-17201 category-exitos\" data-id=\"17201\">\n        <div class=\"eael-grid-post-holder\">\n            <div class=\"eael-grid-post-holder-inner\"><div class=\"eael-entry-media\"><div class=\"eael-entry-overlay fade-in\"><i class=\"far fa-hand-pointer\" aria-hidden=\"true\"><\/i><a href=\"https:\/\/soymigrante.com\/revista\/y-cuando-evelyn-desperto-su-gran-sueno-todavia-estaba-alli\/\"><\/a><\/div><div class=\"eael-entry-thumbnail eael-image-ratio\">\n                <img loading=\"lazy\" decoding=\"async\" width=\"1024\" height=\"1024\" src=\"https:\/\/soymigrante.com\/revista\/wp-content\/uploads\/2024\/12\/evelyn-lorena-actriz-guatemalteca-1024x1024.jpg\" class=\"attachment-large size-large wp-image-17203\" alt=\"Versi\u00f3n en Espa\u00f1ol:.\" srcset=\"https:\/\/soymigrante.com\/revista\/wp-content\/uploads\/2024\/12\/evelyn-lorena-actriz-guatemalteca-1024x1024.jpg 1024w, https:\/\/soymigrante.com\/revista\/wp-content\/uploads\/2024\/12\/evelyn-lorena-actriz-guatemalteca-300x300.jpg 300w, https:\/\/soymigrante.com\/revista\/wp-content\/uploads\/2024\/12\/evelyn-lorena-actriz-guatemalteca-150x150.jpg 150w, https:\/\/soymigrante.com\/revista\/wp-content\/uploads\/2024\/12\/evelyn-lorena-actriz-guatemalteca-768x768.jpg 768w, https:\/\/soymigrante.com\/revista\/wp-content\/uploads\/2024\/12\/evelyn-lorena-actriz-guatemalteca-1536x1536.jpg 1536w, https:\/\/soymigrante.com\/revista\/wp-content\/uploads\/2024\/12\/evelyn-lorena-actriz-guatemalteca-75x75.webp 75w, https:\/\/soymigrante.com\/revista\/wp-content\/uploads\/2024\/12\/evelyn-lorena-actriz-guatemalteca-750x750.webp 750w, https:\/\/soymigrante.com\/revista\/wp-content\/uploads\/2024\/12\/evelyn-lorena-actriz-guatemalteca-1140x1140.webp 1140w, https:\/\/soymigrante.com\/revista\/wp-content\/uploads\/2024\/12\/evelyn-lorena-actriz-guatemalteca.webp 1920w\" sizes=\"(max-width: 1024px) 100vw, 1024px\" \/>\n            <\/div>\n        <\/div><div class=\"eael-entry-wrapper\"><header class=\"eael-entry-header\"><h2 class=\"eael-entry-title\"><a class=\"eael-grid-post-link\" href=\"https:\/\/soymigrante.com\/revista\/y-cuando-evelyn-desperto-su-gran-sueno-todavia-estaba-alli\/\" title=\"Y cuando Evelyn despert\u00f3, su gran sue\u00f1o de cine todav\u00eda estaba all\u00ed\">Y cuando Evelyn despert\u00f3, su gran sue\u00f1o de cine todav\u00eda estaba all\u00ed<\/a><\/h2><\/header><div class=\"eael-entry-content\">\n                        <div class=\"eael-grid-post-excerpt\"><a href=\"https:\/\/soymigrante.com\/revista\/y-cuando-evelyn-desperto-su-gran-sueno-todavia-estaba-alli\/\" class=\"eael-post-elements-readmore-btn\">CONOCE SU HISTORIA <\/a><\/div>\n                    <\/div><\/div><\/div>\n        <\/div>\n    <\/article><article class=\"eael-grid-post  eael-post-grid-column eael-pg-post-812 category-exitos\" data-id=\"812\">\n        <div class=\"eael-grid-post-holder\">\n            <div class=\"eael-grid-post-holder-inner\"><div class=\"eael-entry-media\"><div class=\"eael-entry-overlay fade-in\"><i class=\"far fa-hand-pointer\" aria-hidden=\"true\"><\/i><a href=\"https:\/\/soymigrante.com\/revista\/angel-ambrocio-realiza-el-gran-sueno-de-volver-a-vivir-en-su-tierra-natal\/\"><\/a><\/div><div class=\"eael-entry-thumbnail eael-image-ratio\">\n                <img loading=\"lazy\" decoding=\"async\" width=\"1024\" height=\"683\" src=\"https:\/\/soymigrante.com\/revista\/wp-content\/uploads\/2023\/03\/ANGEL-AMBROCIO-2016-FUEGO-1024x683.jpg\" class=\"attachment-large size-large wp-image-820\" alt=\"ANGEL AMBROCIO\" srcset=\"https:\/\/soymigrante.com\/revista\/wp-content\/uploads\/2023\/03\/ANGEL-AMBROCIO-2016-FUEGO-1024x683.jpg 1024w, https:\/\/soymigrante.com\/revista\/wp-content\/uploads\/2023\/03\/ANGEL-AMBROCIO-2016-FUEGO-300x200.webp 300w, https:\/\/soymigrante.com\/revista\/wp-content\/uploads\/2023\/03\/ANGEL-AMBROCIO-2016-FUEGO-768x512.jpg 768w, https:\/\/soymigrante.com\/revista\/wp-content\/uploads\/2023\/03\/ANGEL-AMBROCIO-2016-FUEGO-1536x1024.jpg 1536w, https:\/\/soymigrante.com\/revista\/wp-content\/uploads\/2023\/03\/ANGEL-AMBROCIO-2016-FUEGO-750x500.webp 750w, https:\/\/soymigrante.com\/revista\/wp-content\/uploads\/2023\/03\/ANGEL-AMBROCIO-2016-FUEGO-1140x760.jpg 1140w, https:\/\/soymigrante.com\/revista\/wp-content\/uploads\/2023\/03\/ANGEL-AMBROCIO-2016-FUEGO-600x400.jpg 600w, https:\/\/soymigrante.com\/revista\/wp-content\/uploads\/2023\/03\/ANGEL-AMBROCIO-2016-FUEGO.webp 1920w\" sizes=\"(max-width: 1024px) 100vw, 1024px\" \/>\n            <\/div>\n        <\/div><div class=\"eael-entry-wrapper\"><header class=\"eael-entry-header\"><h2 class=\"eael-entry-title\"><a class=\"eael-grid-post-link\" href=\"https:\/\/soymigrante.com\/revista\/angel-ambrocio-realiza-el-gran-sueno-de-volver-a-vivir-en-su-tierra-natal\/\" title=\"\u00c1ngel Ambrocio realiza el gran sue\u00f1o de volver a vivir en su Guatemala natal\">\u00c1ngel Ambrocio realiza el gran sue\u00f1o de volver a vivir en su Guatemala natal<\/a><\/h2><\/header><div class=\"eael-entry-content\">\n                        <div class=\"eael-grid-post-excerpt\"><a href=\"https:\/\/soymigrante.com\/revista\/angel-ambrocio-realiza-el-gran-sueno-de-volver-a-vivir-en-su-tierra-natal\/\" class=\"eael-post-elements-readmore-btn\">CONOCE SU HISTORIA <\/a><\/div>\n                    <\/div><\/div><\/div>\n        <\/div>\n    <\/article><\/div>\n            <div class=\"clearfix\"><\/div>\n        <\/div>\t\t\t\t<\/div>\n\t\t\t\t\t<\/div>\n\t\t\t\t<\/div>\n\t\t\t\t<\/div>\n\t\t","protected":false},"excerpt":{"rendered":"<p>Cuando era ni\u00f1o y en la escuela preguntaban qui\u00e9n pod\u00eda cantar el himno o declamar un poema, la mam\u00e1 de V\u00edctor Leonel Casta\u00f1\u00f3n dec\u00eda: &#8220;Leonelito puede&#8221;. As\u00ed naci\u00f3 su vocaci\u00f3n por el arte, la m\u00fasica y el servicio. Antes de cruzar fronteras, V\u00edctor Leonel Casta\u00f1\u00f3n ya ten\u00eda un profundo amor por el arte, el b\u00e1squetbol, [&hellip;]<\/p>\n","protected":false},"author":7,"featured_media":51626,"comment_status":"open","ping_status":"open","sticky":false,"template":"","format":"standard","meta":{"_acf_changed":false,"_eb_attr":"","footnotes":""},"categories":[50,274],"tags":[],"class_list":["post-51625","post","type-post","status-publish","format-standard","has-post-thumbnail","hentry","category-exitos","category-guatemala"],"acf":[],"aioseo_notices":[],"aioseo_head":"\n\t\t<!-- All in One SEO Pro 4.9.6.2 - aioseo.com -->\n\t<meta name=\"description\" content=\"Trabajando en la cocina de un restaurante franc\u00e9s de Washington D.C., pudo descubrir, valorar y exaltar el valor de las ra\u00edces artesanales del negocio familiar. Angel Ambrocio Abac est\u00e1 al frente de Momostip\u00e1n, una empresa familiar localizada en Momostenango, Totonicap\u00e1n, su pueblo de origen. Migr\u00f3 a EE.UU. en donde descubri\u00f3 algo que antes no valoraba\" \/>\n\t<meta name=\"robots\" content=\"max-snippet:-1, max-image-preview:large, max-video-preview:-1\" \/>\n\t<meta name=\"author\" content=\"SoyMigrante.com REVISTA\"\/>\n\t<link rel=\"canonical\" href=\"https:\/\/soymigrante.com\/revista\/angel-ambrocio-realiza-el-gran-sueno-de-volver-a-vivir-en-su-tierra-natal\/\" \/>\n\t<meta name=\"generator\" content=\"All in One SEO Pro (AIOSEO) 4.9.6.2\" \/>\n\n\t\t<link rel=\"preconnect\" href=\"https:\/\/fonts.googleapis.com\" crossorigin>\n<link rel=\"preconnect\" href=\"https:\/\/fonts.gstatic.com\" crossorigin>\n\t\t<meta property=\"og:locale\" content=\"es_ES\" \/>\n\t\t<meta property=\"og:site_name\" content=\"SoyMigrante.com REVISTA \u2013 Nuestra misi\u00f3n es reconocer y dignificar al migrante.\" \/>\n\t\t<meta property=\"og:type\" content=\"article\" \/>\n\t\t<meta property=\"og:title\" content=\"\u00c1ngel Ambrocio realiza el gran sue\u00f1o de volver a vivir en su Guatemala natal\" \/>\n\t\t<meta property=\"og:description\" content=\"Trabajando en la cocina de un restaurante franc\u00e9s de Washington D.C., pudo descubrir, valorar y exaltar el valor de las ra\u00edces artesanales del negocio familiar. Angel Ambrocio Abac est\u00e1 al frente de Momostip\u00e1n, una empresa familiar localizada en Momostenango, Totonicap\u00e1n, su pueblo de origen. Migr\u00f3 a EE.UU. en donde descubri\u00f3 algo que antes no valoraba\" \/>\n\t\t<meta property=\"og:url\" content=\"https:\/\/soymigrante.com\/revista\/angel-ambrocio-realiza-el-gran-sueno-de-volver-a-vivir-en-su-tierra-natal\/\" \/>\n\t\t<meta property=\"og:image\" content=\"https:\/\/soymigrante.com\/revista\/wp-content\/uploads\/2023\/03\/ANGEL-AMBROCIO-2016-FUEGO.webp\" \/>\n\t\t<meta property=\"og:image:secure_url\" content=\"https:\/\/soymigrante.com\/revista\/wp-content\/uploads\/2023\/03\/ANGEL-AMBROCIO-2016-FUEGO.webp\" \/>\n\t\t<meta property=\"og:image:width\" content=\"1920\" \/>\n\t\t<meta property=\"og:image:height\" content=\"1280\" \/>\n\t\t<meta property=\"article:published_time\" content=\"2023-05-26T08:13:12+00:00\" \/>\n\t\t<meta property=\"article:modified_time\" content=\"2024-11-01T16:00:58+00:00\" \/>\n\t\t<meta property=\"article:publisher\" content=\"https:\/\/www.facebook.com\/soymigrantecom\" \/>\n\t\t<meta name=\"twitter:card\" content=\"summary_large_image\" \/>\n\t\t<meta name=\"twitter:site\" content=\"@SoyMigrante_com\" \/>\n\t\t<meta name=\"twitter:title\" content=\"\u00c1ngel Ambrocio realiza el gran sue\u00f1o de volver a vivir en su Guatemala natal\" \/>\n\t\t<meta name=\"twitter:description\" content=\"Trabajando en la cocina de un restaurante franc\u00e9s de Washington D.C., pudo descubrir, valorar y exaltar el valor de las ra\u00edces artesanales del negocio familiar. Angel Ambrocio Abac est\u00e1 al frente de Momostip\u00e1n, una empresa familiar localizada en Momostenango, Totonicap\u00e1n, su pueblo de origen. Migr\u00f3 a EE.UU. en donde descubri\u00f3 algo que antes no valoraba\" \/>\n\t\t<meta name=\"twitter:creator\" content=\"@SoyMigrante_com\" \/>\n\t\t<meta name=\"twitter:image\" content=\"https:\/\/soymigrante.com\/revista\/wp-content\/uploads\/2023\/03\/ANGEL-AMBROCIO-2016-FUEGO.webp\" \/>\n\t\t<!-- All in One SEO Pro -->\r\n\t\t<title>\u00c1ngel Ambrocio realiza el gran sue\u00f1o de volver a vivir en su Guatemala natal<\/title>\n\n","aioseo_head_json":{"title":"\u00c1ngel Ambrocio realiza el gran sue\u00f1o de volver a vivir en su Guatemala natal","description":"Trabajando en la cocina de un restaurante franc\u00e9s de Washington D.C., pudo descubrir, valorar y exaltar el valor de las ra\u00edces artesanales del negocio familiar. Angel Ambrocio Abac est\u00e1 al frente de Momostip\u00e1n, una empresa familiar localizada en Momostenango, Totonicap\u00e1n, su pueblo de origen. Migr\u00f3 a EE.UU. en donde descubri\u00f3 algo que antes no valoraba","canonical_url":"https:\/\/soymigrante.com\/revista\/angel-ambrocio-realiza-el-gran-sueno-de-volver-a-vivir-en-su-tierra-natal\/","robots":"max-snippet:-1, max-image-preview:large, max-video-preview:-1","keywords":"","webmasterTools":{"miscellaneous":"&lt;link rel=\"preconnect\" href=\"https:\/\/fonts.googleapis.com\" crossorigin&gt;\n&lt;link rel=\"preconnect\" href=\"https:\/\/fonts.gstatic.com\" crossorigin&gt;"},"schema":null,"og:locale":"es_ES","og:site_name":"SoyMigrante.com REVISTA \u2013 Nuestra misi\u00f3n es reconocer y dignificar al migrante.","og:type":"article","og:title":"\u00c1ngel Ambrocio realiza el gran sue\u00f1o de volver a vivir en su Guatemala natal","og:description":"Trabajando en la cocina de un restaurante franc\u00e9s de Washington D.C., pudo descubrir, valorar y exaltar el valor de las ra\u00edces artesanales del negocio familiar. Angel Ambrocio Abac est\u00e1 al frente de Momostip\u00e1n, una empresa familiar localizada en Momostenango, Totonicap\u00e1n, su pueblo de origen. Migr\u00f3 a EE.UU. en donde descubri\u00f3 algo que antes no valoraba","og:url":"https:\/\/soymigrante.com\/revista\/angel-ambrocio-realiza-el-gran-sueno-de-volver-a-vivir-en-su-tierra-natal\/","og:image":"https:\/\/soymigrante.com\/revista\/wp-content\/uploads\/2023\/03\/ANGEL-AMBROCIO-2016-FUEGO.webp","og:image:secure_url":"https:\/\/soymigrante.com\/revista\/wp-content\/uploads\/2023\/03\/ANGEL-AMBROCIO-2016-FUEGO.webp","og:image:width":1920,"og:image:height":1280,"article:published_time":"2023-05-26T08:13:12+00:00","article:modified_time":"2024-11-01T16:00:58+00:00","article:publisher":"https:\/\/www.facebook.com\/soymigrantecom","twitter:card":"summary_large_image","twitter:site":"@SoyMigrante_com","twitter:title":"\u00c1ngel Ambrocio realiza el gran sue\u00f1o de volver a vivir en su Guatemala natal","twitter:description":"Trabajando en la cocina de un restaurante franc\u00e9s de Washington D.C., pudo descubrir, valorar y exaltar el valor de las ra\u00edces artesanales del negocio familiar. Angel Ambrocio Abac est\u00e1 al frente de Momostip\u00e1n, una empresa familiar localizada en Momostenango, Totonicap\u00e1n, su pueblo de origen. Migr\u00f3 a EE.UU. en donde descubri\u00f3 algo que antes no valoraba","twitter:creator":"@SoyMigrante_com","twitter:image":"https:\/\/soymigrante.com\/revista\/wp-content\/uploads\/2023\/03\/ANGEL-AMBROCIO-2016-FUEGO.webp"},"aioseo_meta_data":{"post_id":"51625","title":"Migrante guatemalteco V\u00edctor Casta\u00f1\u00f3n: Mi sue\u00f1o es el cambio","description":"Coordina un encuentro internacional de lectura y liderazgo infantil en Guatemala. V\u00edctor Casta\u00f1\u00f3n ha sido coach de b\u00e1squetbol, dibujante, m\u00fasico, maestro y m\u00e1s.","keywords":null,"keyphrases":{"focus":{"keyphrase":"Migrante","score":60,"analysis":{"keyphraseInTitle":{"score":9,"maxScore":9,"error":0},"keyphraseInDescription":{"score":3,"maxScore":9,"error":1},"keyphraseLength":{"score":9,"maxScore":9,"error":0,"length":1},"keyphraseInURL":{"score":5,"maxScore":5,"error":0},"keyphraseInIntroduction":{"score":3,"maxScore":9,"error":1},"keyphraseInSubHeadings":{"score":3,"maxScore":9,"error":1},"keyphraseInImageAlt":{"score":9,"maxScore":9,"error":0},"keywordDensity":{"score":0,"type":"low","maxScore":9,"error":1}}},"additional":[{"keyphrase":"Guatemalteco","score":53,"analysis":{"keyphraseInDescription":{"score":3,"maxScore":9,"error":1},"keyphraseLength":{"score":9,"maxScore":9,"error":0,"length":1},"keyphraseInIntroduction":{"score":3,"maxScore":9,"error":1},"keyphraseInImageAlt":{"score":9,"maxScore":9,"error":0},"keywordDensity":{"score":0,"type":"low","maxScore":9,"error":1}}}]},"primary_term":null,"canonical_url":null,"og_title":null,"og_description":null,"og_object_type":"default","og_image_type":"default","og_image_url":null,"og_image_width":null,"og_image_height":null,"og_image_custom_url":null,"og_image_custom_fields":null,"og_video":"","og_custom_url":null,"og_article_section":null,"og_article_tags":null,"twitter_use_og":false,"twitter_card":"default","twitter_image_type":"default","twitter_image_url":null,"twitter_image_custom_url":null,"twitter_image_custom_fields":null,"twitter_title":null,"twitter_description":null,"schema":{"blockGraphs":[],"customGraphs":[],"default":{"data":{"Article":[],"Course":[],"Dataset":[],"FAQPage":[],"Movie":[],"Person":[],"Product":[],"ProductReview":[],"Car":[],"Recipe":[],"Service":[],"SoftwareApplication":[],"WebPage":[]},"graphName":"NewsArticle","isEnabled":true},"graphs":[]},"schema_type":"default","schema_type_options":null,"pillar_content":false,"robots_default":true,"robots_noindex":false,"robots_noarchive":false,"robots_nosnippet":false,"robots_nofollow":false,"robots_noimageindex":false,"robots_noodp":false,"robots_notranslate":false,"robots_max_snippet":"-1","robots_max_videopreview":"-1","robots_max_imagepreview":"large","priority":null,"frequency":"default","local_seo":null,"seo_analyzer_scan_date":"2026-03-04 19:49:35","breadcrumb_settings":null,"limit_modified_date":false,"reviewed_by":"0","open_ai":null,"ai":{"faqs":[],"keyPoints":[],"titles":[],"descriptions":[],"socialPosts":{"email":[],"linkedin":[],"twitter":[],"facebook":[],"instagram":[]}},"created":"2026-01-29 12:20:21","updated":"2026-03-06 15:45:38"},"aioseo_breadcrumb":"<div class=\"aioseo-breadcrumbs\"><span class=\"aioseo-breadcrumb\">\n\t<a href=\"https:\/\/soymigrante.com\/revista\" title=\"Home\">Home<\/a>\n<\/span><span class=\"aioseo-breadcrumb-separator\">\u00bb<\/span><span class=\"aioseo-breadcrumb\">\n\t<a href=\"https:\/\/soymigrante.com\/revista\/category\/exitos\/\" title=\"\u00c9xitos\">\u00c9xitos<\/a>\n<\/span><span class=\"aioseo-breadcrumb-separator\">\u00bb<\/span><span class=\"aioseo-breadcrumb\">\n\t<a href=\"https:\/\/soymigrante.com\/revista\/category\/exitos\/guatemala\/\" title=\"Guatemala\">Guatemala<\/a>\n<\/span><span class=\"aioseo-breadcrumb-separator\">\u00bb<\/span><span class=\"aioseo-breadcrumb\">\n\tEl migrante guatemalteco V\u00edctor Casta\u00f1\u00f3n impulsa el poder de la lectura, el arte y la autoestima en la ni\u00f1ez y juventud\n<\/span><\/div>","aioseo_breadcrumb_json":[{"label":"Home","link":"https:\/\/soymigrante.com\/revista"},{"label":"\u00c9xitos","link":"https:\/\/soymigrante.com\/revista\/category\/exitos\/"},{"label":"Guatemala","link":"https:\/\/soymigrante.com\/revista\/category\/exitos\/guatemala\/"},{"label":"El migrante guatemalteco V\u00edctor Casta\u00f1\u00f3n impulsa el poder de la lectura, el arte y la autoestima en la ni\u00f1ez y juventud","link":"https:\/\/soymigrante.com\/revista\/el-migrante-guatemalteco-victor-castanon-impulsa-el-poder-de-la-lectura-el-arte-y-la-autoestima-en-la-ninez-y-juventud\/"}],"_links":{"self":[{"href":"https:\/\/soymigrante.com\/revista\/wp-json\/wp\/v2\/posts\/51625","targetHints":{"allow":["GET"]}}],"collection":[{"href":"https:\/\/soymigrante.com\/revista\/wp-json\/wp\/v2\/posts"}],"about":[{"href":"https:\/\/soymigrante.com\/revista\/wp-json\/wp\/v2\/types\/post"}],"author":[{"embeddable":true,"href":"https:\/\/soymigrante.com\/revista\/wp-json\/wp\/v2\/users\/7"}],"replies":[{"embeddable":true,"href":"https:\/\/soymigrante.com\/revista\/wp-json\/wp\/v2\/comments?post=51625"}],"version-history":[{"count":29,"href":"https:\/\/soymigrante.com\/revista\/wp-json\/wp\/v2\/posts\/51625\/revisions"}],"predecessor-version":[{"id":51739,"href":"https:\/\/soymigrante.com\/revista\/wp-json\/wp\/v2\/posts\/51625\/revisions\/51739"}],"wp:featuredmedia":[{"embeddable":true,"href":"https:\/\/soymigrante.com\/revista\/wp-json\/wp\/v2\/media\/51626"}],"wp:attachment":[{"href":"https:\/\/soymigrante.com\/revista\/wp-json\/wp\/v2\/media?parent=51625"}],"wp:term":[{"taxonomy":"category","embeddable":true,"href":"https:\/\/soymigrante.com\/revista\/wp-json\/wp\/v2\/categories?post=51625"},{"taxonomy":"post_tag","embeddable":true,"href":"https:\/\/soymigrante.com\/revista\/wp-json\/wp\/v2\/tags?post=51625"}],"curies":[{"name":"wp","href":"https:\/\/api.w.org\/{rel}","templated":true}]}}