{"id":5161,"date":"2024-03-04T23:13:48","date_gmt":"2024-03-05T05:13:48","guid":{"rendered":"https:\/\/soymigrante.com\/revista\/?p=5161"},"modified":"2024-03-08T06:06:38","modified_gmt":"2024-03-08T12:06:38","slug":"pierdan-el-miedo-porque-es-el-peor-enemigo-carol-paxtor","status":"publish","type":"post","link":"https:\/\/soymigrante.com\/revista\/pierdan-el-miedo-porque-es-el-peor-enemigo-carol-paxtor\/","title":{"rendered":"&#8220;Pierdan el miedo: es el peor enemigo&#8221;: Carol Paxtor, migrante y emprendedora en NY"},"content":{"rendered":"\t\t<div data-elementor-type=\"wp-post\" data-elementor-id=\"5161\" class=\"elementor elementor-5161\" data-elementor-post-type=\"post\">\n\t\t\t\t\t\t<section data-particle_enable=\"false\" data-particle-mobile-disabled=\"false\" class=\"elementor-section elementor-top-section elementor-element elementor-element-798dee9 elementor-section-boxed elementor-section-height-default elementor-section-height-default\" data-id=\"798dee9\" data-element_type=\"section\" data-e-type=\"section\">\n\t\t\t\t\t\t<div class=\"elementor-container elementor-column-gap-default\">\n\t\t\t\t\t<div class=\"elementor-column elementor-col-100 elementor-top-column elementor-element elementor-element-70f9353\" data-id=\"70f9353\" data-element_type=\"column\" data-e-type=\"column\">\n\t\t\t<div class=\"elementor-widget-wrap elementor-element-populated\">\n\t\t\t\t\t\t<div class=\"elementor-element elementor-element-f0e5034 elementor-widget elementor-widget-heading\" data-id=\"f0e5034\" data-element_type=\"widget\" data-e-type=\"widget\" data-widget_type=\"heading.default\">\n\t\t\t\t\t<h2 class=\"elementor-heading-title elementor-size-default\">Migrante guatemalteca originaria de San Francisco El Alto, Totonicap\u00e1n, es cofundadora de Tikal Caf\u00e9, que abri\u00f3 en pandemia y que   inaugur\u00f3 su segundo local en Nueva York, con un concepto vegetariano y ambientalmente amigable.<\/h2>\t\t\t\t<\/div>\n\t\t\t\t\t<\/div>\n\t\t<\/div>\n\t\t\t\t\t<\/div>\n\t\t<\/section>\n\t\t\t\t<section data-particle_enable=\"false\" data-particle-mobile-disabled=\"false\" class=\"elementor-section elementor-top-section elementor-element elementor-element-ba73704 elementor-section-boxed elementor-section-height-default elementor-section-height-default\" data-id=\"ba73704\" data-element_type=\"section\" data-e-type=\"section\">\n\t\t\t\t\t\t<div class=\"elementor-container elementor-column-gap-default\">\n\t\t\t\t\t<div class=\"elementor-column elementor-col-100 elementor-top-column elementor-element elementor-element-58bb470\" data-id=\"58bb470\" data-element_type=\"column\" data-e-type=\"column\">\n\t\t\t<div class=\"elementor-widget-wrap elementor-element-populated\">\n\t\t\t\t\t\t<div class=\"elementor-element elementor-element-4bd5dbf elementor-widget elementor-widget-text-editor\" data-id=\"4bd5dbf\" data-element_type=\"widget\" data-e-type=\"widget\" data-widget_type=\"text-editor.default\">\n\t\t\t\t\t\t\t\t\t<p>&#8220;Todos somos so\u00f1adores, pero no siempre llevamos a la realidad&#8230; La clave es perder el miedo, porque el miedo es el peor enemigo porque no te deja dar el paso adelante. Porque uno dice, peor si no me sale bien, peor si\u00a0 esto, peor si aquello. Pero si vas a caer despu\u00e9s del suelo no hay y te tienes que volver a levantar. Nunca sabes si ganaste si no lo intentas&#8221;<\/p><p>Esas palabras de Carol Paxtor, emprendedora y migrante guatemalteca, originaria de San Francisco El Alto tienen la fuerza de la experiencia y tambi\u00e9n el ejemplo de su mam\u00e1. Fue as\u00ed como en la pandemia, a pesar de tener ingresos por ayuda del gobierno, Carol no se cruz\u00f3 de brazos y emprendi\u00f3 el proyecto de Tikal Caf\u00e9, con otros dos socios.\u00a0<\/p><p>\u00bfComenzar un negocio en pandemia? Parece una decisi\u00f3n inconveniente. Pero la respuesta y la actitud de Carol ante\u00a0 eso se sintetiza en el p\u00e1rrafo de inicio a esta nota. Aqu\u00ed va la historia que explica tal manera de pensar.<\/p>\t\t\t\t\t\t\t\t<\/div>\n\t\t\t\t\t<\/div>\n\t\t<\/div>\n\t\t\t\t\t<\/div>\n\t\t<\/section>\n\t\t\t\t<section data-particle_enable=\"false\" data-particle-mobile-disabled=\"false\" class=\"elementor-section elementor-top-section elementor-element elementor-element-f16831a elementor-section-boxed elementor-section-height-default elementor-section-height-default\" data-id=\"f16831a\" data-element_type=\"section\" data-e-type=\"section\">\n\t\t\t\t\t\t<div class=\"elementor-container elementor-column-gap-default\">\n\t\t\t\t\t<div class=\"elementor-column elementor-col-100 elementor-top-column elementor-element elementor-element-497e23f\" data-id=\"497e23f\" data-element_type=\"column\" data-e-type=\"column\">\n\t\t\t<div class=\"elementor-widget-wrap elementor-element-populated\">\n\t\t\t\t\t\t<div class=\"elementor-element elementor-element-75c35ef elementor-widget elementor-widget-image\" data-id=\"75c35ef\" data-element_type=\"widget\" data-e-type=\"widget\" data-widget_type=\"image.default\">\n\t\t\t\t\t\t\t\t\t\t\t\t<figure class=\"wp-caption\">\n\t\t\t\t\t\t\t\t\t\t<img fetchpriority=\"high\" decoding=\"async\" width=\"700\" height=\"608\" src=\"https:\/\/soymigrante.com\/revista\/wp-content\/uploads\/2024\/03\/Captura-de-pantalla-2024-02-25-223228.webp\" class=\"attachment-large size-large wp-image-5164\" alt=\"Carol Paxtor y y su socio, el chef Darwin P\u00e9rez sumaron esfuerzos para fundar Tikal Caf\u00e9 y tambi\u00e9n, con otra socia, Karina Onofre, una taquer\u00eda llamada Ilegal, todos en Nueva York.\" srcset=\"https:\/\/soymigrante.com\/revista\/wp-content\/uploads\/2024\/03\/Captura-de-pantalla-2024-02-25-223228.webp 700w, https:\/\/soymigrante.com\/revista\/wp-content\/uploads\/2024\/03\/Captura-de-pantalla-2024-02-25-223228-300x261.webp 300w\" sizes=\"(max-width: 700px) 100vw, 700px\" title=\"Carol Paxtor y  y su socio, el chef Darwin P\u00e9rez sumaron esfuerzos para fundar Tikal Caf\u00e9 y tambi\u00e9n, con otra socia, Karina Onofre, una taquer\u00eda llamada Ilegal, todos en Nueva York. \u2013 SoyMigrante.com REVISTA\" \/>\t\t\t\t\t\t\t\t\t\t\t<figcaption class=\"widget-image-caption wp-caption-text\">Carol Paxtor y  y su socio, el chef Darwin P\u00e9rez sumaron esfuerzos para fundar Tikal Caf\u00e9 y tambi\u00e9n, con otra socia, Karina Onofre, una taquer\u00eda llamada Ilegal, todos en Nueva York.<\/figcaption>\n\t\t\t\t\t\t\t\t\t\t<\/figure>\n\t\t\t\t\t\t\t\t\t<\/div>\n\t\t\t\t\t<\/div>\n\t\t<\/div>\n\t\t\t\t\t<\/div>\n\t\t<\/section>\n\t\t\t\t<section data-particle_enable=\"false\" data-particle-mobile-disabled=\"false\" class=\"elementor-section elementor-top-section elementor-element elementor-element-46144e0 elementor-section-boxed elementor-section-height-default elementor-section-height-default\" data-id=\"46144e0\" data-element_type=\"section\" data-e-type=\"section\">\n\t\t\t\t\t\t<div class=\"elementor-container elementor-column-gap-default\">\n\t\t\t\t\t<div class=\"elementor-column elementor-col-100 elementor-top-column elementor-element elementor-element-90a06f4\" data-id=\"90a06f4\" data-element_type=\"column\" data-e-type=\"column\">\n\t\t\t<div class=\"elementor-widget-wrap elementor-element-populated\">\n\t\t\t\t\t\t<div class=\"elementor-element elementor-element-0e5d85b elementor-widget elementor-widget-heading\" data-id=\"0e5d85b\" data-element_type=\"widget\" data-e-type=\"widget\" data-widget_type=\"heading.default\">\n\t\t\t\t\t<h2 class=\"elementor-heading-title elementor-size-default\">Fe contra toda adversidad <\/h2>\t\t\t\t<\/div>\n\t\t\t\t\t<\/div>\n\t\t<\/div>\n\t\t\t\t\t<\/div>\n\t\t<\/section>\n\t\t\t\t<section data-particle_enable=\"false\" data-particle-mobile-disabled=\"false\" class=\"elementor-section elementor-top-section elementor-element elementor-element-7bac2d8 elementor-section-boxed elementor-section-height-default elementor-section-height-default\" data-id=\"7bac2d8\" data-element_type=\"section\" data-e-type=\"section\">\n\t\t\t\t\t\t<div class=\"elementor-container elementor-column-gap-default\">\n\t\t\t\t\t<div class=\"elementor-column elementor-col-100 elementor-top-column elementor-element elementor-element-51c7fa4\" data-id=\"51c7fa4\" data-element_type=\"column\" data-e-type=\"column\">\n\t\t\t<div class=\"elementor-widget-wrap elementor-element-populated\">\n\t\t\t\t\t\t<div class=\"elementor-element elementor-element-88a7b76 elementor-widget elementor-widget-text-editor\" data-id=\"88a7b76\" data-element_type=\"widget\" data-e-type=\"widget\" data-widget_type=\"text-editor.default\">\n\t\t\t\t\t\t\t\t\t<p>&#8220;Si no hubiera sido por la pandemia, Tikal Caf\u00e9 tal vez no existir\u00eda. Lo fundamos tres meses despu\u00e9s de que empez\u00f3 la pandemia. S\u00ed, en plena crisis. Yo lamento tantas p\u00e9rdidas que tuvieron muchas personas en esa \u00e9poca. Muchos no se han vuelto a levantar, pero para nosotros fue una oportunidad&#8221;, cuenta Carol Paxtor.<\/p><p>Ella lleg\u00f3 a Estados Unidos a los 19 a\u00f1os, junto con su mam\u00e1.\u00a0<span style=\"color: var( --e-global-color-text );\">Por m\u00e1s de una d\u00e9cada labor\u00f3 en limpieza de casas y tambi\u00e9n en restaurantes, en atenci\u00f3n de mesas. Logr\u00f3 integrar ambas ocupaciones: limpieza de 7 de la ma\u00f1ana a 3 de la tarde, y de las 4 de la tarde a las 11, a atender mesas. Estuvo en un lugar de comida mexicana, despu\u00e9s uno de asi\u00e1tica.<\/span><\/p><p>&#8220;Econ\u00f3micamente no me iba mal, pero cuando empez\u00f3 la pandemia, mis clientes de &#8220;housekeeping&#8221; se mudaron a otros estados o compraron casas fuera de la ciudad. Los restaurantes cerraron. Nos afect\u00f3 a todos y yo me pas\u00e9 dos meses viendo series en TV. Parec\u00eda ideal tanto tiempo libre. Yo pago mis impuestos, soy ciudadana y por eso recib\u00ed la ayuda del gobierno. Sin embargo\u00a0 me empec\u00e9 a deprimir de no hacer nada. Es esa necesidad de trabajar que uno aprendi\u00f3 desde peque\u00f1a y de seguir adelante&#8221;.<\/p>\t\t\t\t\t\t\t\t<\/div>\n\t\t\t\t\t<\/div>\n\t\t<\/div>\n\t\t\t\t\t<\/div>\n\t\t<\/section>\n\t\t\t\t<section data-particle_enable=\"false\" data-particle-mobile-disabled=\"false\" class=\"elementor-section elementor-top-section elementor-element elementor-element-892acb6 elementor-section-boxed elementor-section-height-default elementor-section-height-default\" data-id=\"892acb6\" data-element_type=\"section\" data-e-type=\"section\">\n\t\t\t\t\t\t<div class=\"elementor-container elementor-column-gap-default\">\n\t\t\t\t\t<div class=\"elementor-column elementor-col-100 elementor-top-column elementor-element elementor-element-83d2a94\" data-id=\"83d2a94\" data-element_type=\"column\" data-e-type=\"column\">\n\t\t\t<div class=\"elementor-widget-wrap elementor-element-populated\">\n\t\t\t\t\t\t<div class=\"elementor-element elementor-element-cecd3db elementor-arrows-position-inside elementor-pagination-position-outside elementor-widget elementor-widget-image-carousel\" data-id=\"cecd3db\" data-element_type=\"widget\" data-e-type=\"widget\" data-settings=\"{&quot;slides_to_show&quot;:&quot;1&quot;,&quot;navigation&quot;:&quot;both&quot;,&quot;autoplay&quot;:&quot;yes&quot;,&quot;pause_on_hover&quot;:&quot;yes&quot;,&quot;pause_on_interaction&quot;:&quot;yes&quot;,&quot;autoplay_speed&quot;:5000,&quot;infinite&quot;:&quot;yes&quot;,&quot;effect&quot;:&quot;slide&quot;,&quot;speed&quot;:500}\" data-widget_type=\"image-carousel.default\">\n\t\t\t\t\t\t\t<div class=\"elementor-image-carousel-wrapper swiper\" role=\"region\" aria-roledescription=\"carousel\" aria-label=\"Carrusel de im\u00e1genes\" dir=\"ltr\">\n\t\t\t<div class=\"elementor-image-carousel swiper-wrapper\" aria-live=\"off\">\n\t\t\t\t\t\t\t\t<div class=\"swiper-slide\" role=\"group\" aria-roledescription=\"slide\" aria-label=\"1 de 8\"><figure class=\"swiper-slide-inner\"><img decoding=\"async\" class=\"swiper-slide-image\" src=\"https:\/\/soymigrante.com\/revista\/wp-content\/uploads\/2024\/03\/Captura-de-pantalla-2024-03-04-224413.webp\" alt=\"Octubre de 2020. Tikal Caf\u00e9 est\u00e1 en construcci\u00f3n. Hasta entonces no hab\u00eda un sitio de ambiente agradable y buena gastronom\u00eda vegetariana en el \u00e1rea de Bushwick, Brooklyn, Nueva York.\" \/><figcaption class=\"elementor-image-carousel-caption\">Octubre de 2020. Tikal Caf\u00e9 est\u00e1 en construcci\u00f3n. Hasta entonces no hab\u00eda un sitio de ambiente agradable y buena gastronom\u00eda vegetariana en el \u00e1rea de Bushwick, Brooklyn, Nueva York.<\/figcaption><\/figure><\/div><div class=\"swiper-slide\" role=\"group\" aria-roledescription=\"slide\" aria-label=\"2 de 8\"><figure class=\"swiper-slide-inner\"><img decoding=\"async\" class=\"swiper-slide-image\" src=\"https:\/\/soymigrante.com\/revista\/wp-content\/uploads\/2024\/03\/Captura-de-pantalla-2024-03-04-224336.webp\" alt=\"Captura de pantalla 2024-03-04 224336\" \/><\/figure><\/div><div class=\"swiper-slide\" role=\"group\" aria-roledescription=\"slide\" aria-label=\"3 de 8\"><figure class=\"swiper-slide-inner\"><img decoding=\"async\" class=\"swiper-slide-image\" src=\"https:\/\/soymigrante.com\/revista\/wp-content\/uploads\/2024\/03\/Captura-de-pantalla-2024-03-04-223939.webp\" alt=\"El 28 de febrero de 2021 se abrieron las puertas de tikal Caf\u00e9. Pero en los primeross meses no hubo mucha clientela. Fue un tiempo de prueba.\" \/><figcaption class=\"elementor-image-carousel-caption\">El 28 de febrero de 2021 se abrieron las puertas de tikal Caf\u00e9. Pero en los primeross meses no hubo mucha clientela. Fue un tiempo de prueba.<\/figcaption><\/figure><\/div><div class=\"swiper-slide\" role=\"group\" aria-roledescription=\"slide\" aria-label=\"4 de 8\"><figure class=\"swiper-slide-inner\"><img decoding=\"async\" class=\"swiper-slide-image\" src=\"https:\/\/soymigrante.com\/revista\/wp-content\/uploads\/2024\/03\/tikal-frente-e1709614170201-1024x1001.jpg\" alt=\"Pero Carol y sus socios guatemaltecos resistieron la adversidad, hasta que Tikal Caf\u00e9 se volvi\u00f3 un referente de la comunidad.\" \/><figcaption class=\"elementor-image-carousel-caption\">Pero Carol y sus socios guatemaltecos resistieron la adversidad, hasta que Tikal Caf\u00e9 se volvi\u00f3 un referente de la comunidad.<\/figcaption><\/figure><\/div><div class=\"swiper-slide\" role=\"group\" aria-roledescription=\"slide\" aria-label=\"5 de 8\"><figure class=\"swiper-slide-inner\"><img decoding=\"async\" class=\"swiper-slide-image\" src=\"https:\/\/soymigrante.com\/revista\/wp-content\/uploads\/2024\/03\/Captura-de-pantalla-2024-03-04-224203.webp\" alt=\"El ambiente es tranquilo en Tikal Caf\u00e9, para ir a leer, a conversar o simplemente disfrutar un exquisito caf\u00e9, fr\u00edo o caliente\" \/><figcaption class=\"elementor-image-carousel-caption\">El ambiente es tranquilo en Tikal Caf\u00e9, para ir a leer, a conversar o simplemente disfrutar un exquisito caf\u00e9, fr\u00edo o caliente<\/figcaption><\/figure><\/div><div class=\"swiper-slide\" role=\"group\" aria-roledescription=\"slide\" aria-label=\"6 de 8\"><figure class=\"swiper-slide-inner\"><img decoding=\"async\" class=\"swiper-slide-image\" src=\"https:\/\/soymigrante.com\/revista\/wp-content\/uploads\/2024\/03\/Captura-de-pantalla-2024-03-04-224038.webp\" alt=\"Carol Hern\u00e1ndez, migrante guatemalteca, es cofundadora y tambi\u00e9n la creadora del estilo interior de Caf\u00e9 Tikal\" \/><figcaption class=\"elementor-image-carousel-caption\">Carol Paxtor, migrante guatemalteca, es cofundadora y tambi\u00e9n la creadora del estilo interior de Caf\u00e9 Tikal<\/figcaption><\/figure><\/div><div class=\"swiper-slide\" role=\"group\" aria-roledescription=\"slide\" aria-label=\"7 de 8\"><figure class=\"swiper-slide-inner\"><img decoding=\"async\" class=\"swiper-slide-image\" src=\"https:\/\/soymigrante.com\/revista\/wp-content\/uploads\/2024\/03\/Captura-de-pantalla-2024-03-04-224248.webp\" alt=\"En 2023 se abri\u00f3 un segundo Caf\u00e9 Tikal, tambi\u00e9n en el \u00e1rea de Nueva York. El gran sue\u00f1o de Carol es convertirlo en una cadena que genere empleo y oportunidades.\" \/><figcaption class=\"elementor-image-carousel-caption\">En 2023 se abri\u00f3 un segundo Caf\u00e9 Tikal, tambi\u00e9n en el \u00e1rea de Nueva York. El gran sue\u00f1o de Carol es convertirlo en una cadena que genere empleo y oportunidades.<\/figcaption><\/figure><\/div><div class=\"swiper-slide\" role=\"group\" aria-roledescription=\"slide\" aria-label=\"8 de 8\"><figure class=\"swiper-slide-inner\"><img decoding=\"async\" class=\"swiper-slide-image\" src=\"https:\/\/soymigrante.com\/revista\/wp-content\/uploads\/2024\/03\/Captura-de-pantalla-2024-03-04-224220.webp\" alt=\"Captura de pantalla 2024-03-04 224220\" \/><\/figure><\/div>\t\t\t<\/div>\n\t\t\t\t\t\t\t\t\t\t\t\t<div class=\"elementor-swiper-button elementor-swiper-button-prev\" role=\"button\" tabindex=\"0\">\n\t\t\t\t\t\t<i aria-hidden=\"true\" class=\"eicon-chevron-left\"><\/i>\t\t\t\t\t<\/div>\n\t\t\t\t\t<div class=\"elementor-swiper-button elementor-swiper-button-next\" role=\"button\" tabindex=\"0\">\n\t\t\t\t\t\t<i aria-hidden=\"true\" class=\"eicon-chevron-right\"><\/i>\t\t\t\t\t<\/div>\n\t\t\t\t\n\t\t\t\t\t\t\t\t\t<div class=\"swiper-pagination\"><\/div>\n\t\t\t\t\t\t\t\t\t<\/div>\n\t\t\t\t\t\t<\/div>\n\t\t\t\t\t<\/div>\n\t\t<\/div>\n\t\t\t\t\t<\/div>\n\t\t<\/section>\n\t\t\t\t<section data-particle_enable=\"false\" data-particle-mobile-disabled=\"false\" class=\"elementor-section elementor-top-section elementor-element elementor-element-0337e26 elementor-section-boxed elementor-section-height-default elementor-section-height-default\" data-id=\"0337e26\" data-element_type=\"section\" data-e-type=\"section\">\n\t\t\t\t\t\t<div class=\"elementor-container elementor-column-gap-default\">\n\t\t\t\t\t<div class=\"elementor-column elementor-col-100 elementor-top-column elementor-element elementor-element-401e3b8\" data-id=\"401e3b8\" data-element_type=\"column\" data-e-type=\"column\">\n\t\t\t<div class=\"elementor-widget-wrap elementor-element-populated\">\n\t\t\t\t\t\t<div class=\"elementor-element elementor-element-38fbf73 elementor-widget elementor-widget-heading\" data-id=\"38fbf73\" data-element_type=\"widget\" data-e-type=\"widget\" data-widget_type=\"heading.default\">\n\t\t\t\t\t<h2 class=\"elementor-heading-title elementor-size-default\">Superar barreras por un caf\u00e9<\/h2>\t\t\t\t<\/div>\n\t\t\t\t\t<\/div>\n\t\t<\/div>\n\t\t\t\t\t<\/div>\n\t\t<\/section>\n\t\t\t\t<section data-particle_enable=\"false\" data-particle-mobile-disabled=\"false\" class=\"elementor-section elementor-top-section elementor-element elementor-element-00a4995 elementor-section-boxed elementor-section-height-default elementor-section-height-default\" data-id=\"00a4995\" data-element_type=\"section\" data-e-type=\"section\">\n\t\t\t\t\t\t<div class=\"elementor-container elementor-column-gap-default\">\n\t\t\t\t\t<div class=\"elementor-column elementor-col-100 elementor-top-column elementor-element elementor-element-8094f28\" data-id=\"8094f28\" data-element_type=\"column\" data-e-type=\"column\">\n\t\t\t<div class=\"elementor-widget-wrap elementor-element-populated\">\n\t\t\t\t\t\t<div class=\"elementor-element elementor-element-3293f68 elementor-widget elementor-widget-text-editor\" data-id=\"3293f68\" data-element_type=\"widget\" data-e-type=\"widget\" data-widget_type=\"text-editor.default\">\n\t\t\t\t\t\t\t\t\t<p>\u00a0Darwin P\u00e9rez, amigo migrante guatemaltecode Carol, tambi\u00e9n trabaj\u00f3 en restaurantes. Es chef. En mayo de 2022 surge la idea: &#8220;Hagamos algo. Aqu\u00ed en esta \u00e1rea (Bushwick, Brooklyn, NY) no hay un lugar bonito para tomar caf\u00e9. \u00bfPor qu\u00e9 tenemos que ir hasta Manhattan para ir a tomar un buen caf\u00e9 o estar en sitio limpio, agradable?&#8221;\u00a0<span style=\"color: var( --e-global-color-text );\">As\u00ed surgi\u00f3 el sue\u00f1o de Tikal Caf\u00e9, con un men\u00fa vegetariano. Salieron a buscar un local . Carol se encarg\u00f3 del dise\u00f1o interior, el men\u00fa, las bebidas.\u00a0\u00a0<\/span><\/p><p>Pero no fue f\u00e1cil lograr la entrevista con el due\u00f1o del local elegido para el caf\u00e9. &#8220;Por fin nos dio cita despu\u00e9s de 20 llamadas&#8221;. Le presentamos el proyecto, con algunas fotos de dise\u00f1os, el men\u00fa y le dijimos que ese negocio aportar\u00eda a mejorar el ambiente de esta zona de la ciudad. &#8220;\u00bfY c\u00f3mo le van a poner?&#8221;, pregunt\u00f3. &#8220;Tikal Caf\u00e9, porque me siento orgullosa de mis ra\u00edces guatemaltecas&#8221;.<\/p><p>&#8220;Me gusta, me suena bien&#8221;, dijo. En septiembre empez\u00f3 la construcci\u00f3n y el 28 de febrero de 2021 abri\u00f3 sus puertas. En junio de 2022 abrimos el segundo Caf\u00e9 Tikal&#8221;.<\/p><p>\u00a0<\/p><p>Carol est\u00e1 habituada a la perseverancia. Cuando lleg\u00f3 a EE.UU., cruz\u00f3 el desierto de Arizona. Se hab\u00eda graduado de Bachiller en medicina en Quetzaltenango, pero hab\u00eda tenido una beb\u00e9 a los 17 a\u00f1os y ten\u00eda que trabajar para sacarla adelante. No hab\u00eda muchas opciones. Migr\u00f3. Vivi\u00f3 penuria, sufri\u00f3 discriminaci\u00f3n. Pero no se desanim\u00f3. Aprendi\u00f3 ingl\u00e9s porque sab\u00eda que solo as\u00ed podr\u00eda abrirse paso&#8221;.<\/p><div>\u00a0<\/div>\t\t\t\t\t\t\t\t<\/div>\n\t\t\t\t\t<\/div>\n\t\t<\/div>\n\t\t\t\t\t<\/div>\n\t\t<\/section>\n\t\t\t\t<section data-particle_enable=\"false\" data-particle-mobile-disabled=\"false\" class=\"elementor-section elementor-top-section elementor-element elementor-element-8d46e12 elementor-section-boxed elementor-section-height-default elementor-section-height-default\" data-id=\"8d46e12\" data-element_type=\"section\" data-e-type=\"section\">\n\t\t\t\t\t\t<div class=\"elementor-container elementor-column-gap-default\">\n\t\t\t\t\t<div class=\"elementor-column elementor-col-100 elementor-top-column elementor-element elementor-element-ecdbaf6\" data-id=\"ecdbaf6\" data-element_type=\"column\" data-e-type=\"column\">\n\t\t\t<div class=\"elementor-widget-wrap elementor-element-populated\">\n\t\t\t\t\t\t<div class=\"elementor-element elementor-element-20e9266 elementor-widget elementor-widget-heading\" data-id=\"20e9266\" data-element_type=\"widget\" data-e-type=\"widget\" data-widget_type=\"heading.default\">\n\t\t\t\t\t<h3 class=\"elementor-heading-title elementor-size-default\">Ubicaci\u00f3n de los dos locales de Caf\u00e9 Tikal <\/h3>\t\t\t\t<\/div>\n\t\t\t\t\t<\/div>\n\t\t<\/div>\n\t\t\t\t\t<\/div>\n\t\t<\/section>\n\t\t\t\t<section data-particle_enable=\"false\" data-particle-mobile-disabled=\"false\" class=\"elementor-section elementor-top-section elementor-element elementor-element-ad04b88 elementor-section-boxed elementor-section-height-default elementor-section-height-default\" data-id=\"ad04b88\" data-element_type=\"section\" data-e-type=\"section\">\n\t\t\t\t\t\t<div class=\"elementor-container elementor-column-gap-default\">\n\t\t\t\t\t<div class=\"elementor-column elementor-col-100 elementor-top-column elementor-element elementor-element-cc8683b\" data-id=\"cc8683b\" data-element_type=\"column\" data-e-type=\"column\">\n\t\t\t<div class=\"elementor-widget-wrap elementor-element-populated\">\n\t\t\t\t\t\t<div class=\"elementor-element elementor-element-40f92d5 elementor-widget elementor-widget-google_maps\" data-id=\"40f92d5\" data-element_type=\"widget\" data-e-type=\"widget\" data-widget_type=\"google_maps.default\">\n\t\t\t\t\t\t\t<div class=\"elementor-custom-embed\">\n\t\t\t<iframe loading=\"lazy\"\n\t\t\t\t\tsrc=\"https:\/\/maps.google.com\/maps?q=Cafe%20Tikal%2C%20Bushwick&#038;t=m&#038;z=10&#038;output=embed&#038;iwloc=near\"\n\t\t\t\t\ttitle=\"Cafe Tikal, Bushwick\"\n\t\t\t\t\taria-label=\"Cafe Tikal, Bushwick\"\n\t\t\t><\/iframe>\n\t\t<\/div>\n\t\t\t\t\t\t<\/div>\n\t\t\t\t\t<\/div>\n\t\t<\/div>\n\t\t\t\t\t<\/div>\n\t\t<\/section>\n\t\t\t\t<section data-particle_enable=\"false\" data-particle-mobile-disabled=\"false\" class=\"elementor-section elementor-top-section elementor-element elementor-element-6556119 elementor-section-boxed elementor-section-height-default elementor-section-height-default\" data-id=\"6556119\" data-element_type=\"section\" data-e-type=\"section\">\n\t\t\t\t\t\t<div class=\"elementor-container elementor-column-gap-default\">\n\t\t\t\t\t<div class=\"elementor-column elementor-col-100 elementor-top-column elementor-element elementor-element-058b788\" data-id=\"058b788\" data-element_type=\"column\" data-e-type=\"column\">\n\t\t\t<div class=\"elementor-widget-wrap elementor-element-populated\">\n\t\t\t\t\t\t<div class=\"elementor-element elementor-element-395d0c1 elementor-widget elementor-widget-heading\" data-id=\"395d0c1\" data-element_type=\"widget\" data-e-type=\"widget\" data-widget_type=\"heading.default\">\n\t\t\t\t\t<h2 class=\"elementor-heading-title elementor-size-default\">Hoy existen 2 Caf\u00e9 Tikal pero no fue f\u00e1cil<\/h2>\t\t\t\t<\/div>\n\t\t\t\t\t<\/div>\n\t\t<\/div>\n\t\t\t\t\t<\/div>\n\t\t<\/section>\n\t\t\t\t<section data-particle_enable=\"false\" data-particle-mobile-disabled=\"false\" class=\"elementor-section elementor-top-section elementor-element elementor-element-7fbdc35 elementor-section-boxed elementor-section-height-default elementor-section-height-default\" data-id=\"7fbdc35\" data-element_type=\"section\" data-e-type=\"section\">\n\t\t\t\t\t\t<div class=\"elementor-container elementor-column-gap-default\">\n\t\t\t\t\t<div class=\"elementor-column elementor-col-100 elementor-top-column elementor-element elementor-element-9277d79\" data-id=\"9277d79\" data-element_type=\"column\" data-e-type=\"column\">\n\t\t\t<div class=\"elementor-widget-wrap elementor-element-populated\">\n\t\t\t\t\t\t<div class=\"elementor-element elementor-element-3144554 elementor-widget elementor-widget-text-editor\" data-id=\"3144554\" data-element_type=\"widget\" data-e-type=\"widget\" data-widget_type=\"text-editor.default\">\n\t\t\t\t\t\t\t\t\t<p><span style=\"color: var( --e-global-color-text );\">Las grandes expectativas desaparecieron en pocos d\u00edas. &#8220;Hubo d\u00edas en que vend\u00edamos 5 d\u00f3lares, 10 d\u00f3lares. Yo me desesperaba, tir\u00e1bamos productos. \u00bfEn qu\u00e9 me he metido, Dios m\u00edo?, dec\u00eda. Hab\u00edamos invertido nuestros ahorros y no estaba funcionando&#8221;, cuenta desde el local de Caf\u00e9 Tikal en Brooklyn.<\/span><\/p><p><span style=\"color: var( --e-global-color-text );\">Solo un pensamiento le sosten\u00eda: &#8220;Rendirse no es una opci\u00f3n. Y seguimos adelante, perdiendo dinero. Le pag\u00e1bamos a los empleados porque ellos son claves&#8221;, cuenta Carol. \u00bfQu\u00e9 le hizo resistir a la adversidad?<\/span><\/p><p><span style=\"color: var( --e-global-color-text );\">&#8220;A m\u00ed lo que me hizo resistir todo eso es que no est\u00e1 en mi naturaleza perder. Yo no acepto un no&#8221;. Y poco a poco empez\u00f3 a llegar m\u00e1s clientela, se reg\u00f3 la voz del excelente caf\u00e9, de los exquisitos platos vegetarianos, del bonito ambiente&#8221;.\u00a0 En junio de 2023 se abri\u00f3 el segundo Caf\u00e9 Tikal, con un concepto de bar.\u00a0<\/span><\/p><p><span style=\"color: var( --e-global-color-text );\">Adem\u00e1s, Carol tambi\u00e9n es socia de una taquer\u00eda llamada Ilegal, que fund\u00f3 junto con su amigo el chef Darwin P\u00e9rez y con <a href=\"https:\/\/soymigrante.com\/revista\/karina-onofre-migrante-emprendedora-guatemalteca-nueva-york\/\">la\u00a0comunicadora, influencer y tambi\u00e9n empresaria Karina Onofre.<\/a><\/span><\/p>\t\t\t\t\t\t\t\t<\/div>\n\t\t\t\t\t<\/div>\n\t\t<\/div>\n\t\t\t\t\t<\/div>\n\t\t<\/section>\n\t\t\t\t<section data-particle_enable=\"false\" data-particle-mobile-disabled=\"false\" class=\"elementor-section elementor-top-section elementor-element elementor-element-0890e8a elementor-section-boxed elementor-section-height-default elementor-section-height-default\" data-id=\"0890e8a\" data-element_type=\"section\" data-e-type=\"section\">\n\t\t\t\t\t\t<div class=\"elementor-container elementor-column-gap-default\">\n\t\t\t\t\t<div class=\"elementor-column elementor-col-100 elementor-top-column elementor-element elementor-element-a50ff28\" data-id=\"a50ff28\" data-element_type=\"column\" data-e-type=\"column\">\n\t\t\t<div class=\"elementor-widget-wrap elementor-element-populated\">\n\t\t\t\t\t\t<div class=\"elementor-element elementor-element-91bc8d5 elementor-widget elementor-widget-image\" data-id=\"91bc8d5\" data-element_type=\"widget\" data-e-type=\"widget\" data-widget_type=\"image.default\">\n\t\t\t\t\t\t\t\t\t\t\t\t<figure class=\"wp-caption\">\n\t\t\t\t\t\t\t\t\t\t<img decoding=\"async\" width=\"551\" height=\"422\" src=\"https:\/\/soymigrante.com\/revista\/wp-content\/uploads\/2024\/03\/mama.webp\" class=\"attachment-large size-large wp-image-5174\" alt=\"Carol Paxtor junto a su mam\u00e1 en una fotograf\u00eda del recuerdo. Ella falleci\u00f3 en 2019, pero le dej\u00f3 a Carol un ejemplo de trabajo, perseverancia y amor por Guatemala. A ella dedica sus triunfos.\" srcset=\"https:\/\/soymigrante.com\/revista\/wp-content\/uploads\/2024\/03\/mama.webp 551w, https:\/\/soymigrante.com\/revista\/wp-content\/uploads\/2024\/03\/mama-300x230.webp 300w\" sizes=\"(max-width: 551px) 100vw, 551px\" title=\"Carol Paxtor junto a su mam\u00e1 en una fotograf\u00eda del recuerdo. Ella falleci\u00f3 en 2019, pero le dej\u00f3 a Carol un ejemplo de trabajo, perseverancia y amor por Guatemala. A ella dedica sus triunfos. \u2013 SoyMigrante.com REVISTA\" \/>\t\t\t\t\t\t\t\t\t\t\t<figcaption class=\"widget-image-caption wp-caption-text\">Carol Paxtor junto a su mam\u00e1 en una fotograf\u00eda del recuerdo. Ella falleci\u00f3 en 2019, pero le dej\u00f3 a Carol un ejemplo de trabajo, perseverancia y amor por Guatemala. A ella dedica sus triunfos.<\/figcaption>\n\t\t\t\t\t\t\t\t\t\t<\/figure>\n\t\t\t\t\t\t\t\t\t<\/div>\n\t\t\t\t\t<\/div>\n\t\t<\/div>\n\t\t\t\t\t<\/div>\n\t\t<\/section>\n\t\t\t\t<section data-particle_enable=\"false\" data-particle-mobile-disabled=\"false\" class=\"elementor-section elementor-top-section elementor-element elementor-element-28ade36 elementor-section-boxed elementor-section-height-default elementor-section-height-default\" data-id=\"28ade36\" data-element_type=\"section\" data-e-type=\"section\">\n\t\t\t\t\t\t<div class=\"elementor-container elementor-column-gap-default\">\n\t\t\t\t\t<div class=\"elementor-column elementor-col-100 elementor-top-column elementor-element elementor-element-3957b06\" data-id=\"3957b06\" data-element_type=\"column\" data-e-type=\"column\">\n\t\t\t<div class=\"elementor-widget-wrap elementor-element-populated\">\n\t\t\t\t\t\t<div class=\"elementor-element elementor-element-134a1f0 elementor-widget elementor-widget-text-editor\" data-id=\"134a1f0\" data-element_type=\"widget\" data-e-type=\"widget\" data-widget_type=\"text-editor.default\">\n\t\t\t\t\t\t\t\t\t<p><span style=\"font-family: Roboto, sans-serif; font-size: 16px; font-style: normal; font-variant-ligatures: normal; font-variant-caps: normal; font-weight: 400;\">Carol tuvo su gran inspiraci\u00f3n en su mam\u00e1, quien\u00a0 ten\u00eda sentido de negocios y mucha paciencia: &#8220;En una ocasi\u00f3n que se fue a meter a la tienda de los chinos y compr\u00f3 mil sombrillas. Cuando se iba a trabajar y ve\u00eda el clima, como que iba a llover, met\u00eda 10 sombrillas en\u00a0 la bolsa. Al salir del trabajo, estaba lloviendo y en pocos minutos las vend\u00eda todas. Y los fines de semana, cocinaba pl\u00e1tanos, se iba a las construcciones a venderlos. como hab\u00eda fr\u00edo y estaban calientitos&#8230; no le quedaba ni uno&#8221;.<\/span><\/p>\t\t\t\t\t\t\t\t<\/div>\n\t\t\t\t\t<\/div>\n\t\t<\/div>\n\t\t\t\t\t<\/div>\n\t\t<\/section>\n\t\t\t\t<section data-particle_enable=\"false\" data-particle-mobile-disabled=\"false\" class=\"elementor-section elementor-top-section elementor-element elementor-element-a9337a5 elementor-section-boxed elementor-section-height-default elementor-section-height-default\" data-id=\"a9337a5\" data-element_type=\"section\" data-e-type=\"section\">\n\t\t\t\t\t\t<div class=\"elementor-container elementor-column-gap-default\">\n\t\t\t\t\t<div class=\"elementor-column elementor-col-100 elementor-top-column elementor-element elementor-element-6fdc008\" data-id=\"6fdc008\" data-element_type=\"column\" data-e-type=\"column\">\n\t\t\t<div class=\"elementor-widget-wrap elementor-element-populated\">\n\t\t\t\t\t\t<div class=\"elementor-element elementor-element-074f127 elementor-widget elementor-widget-testimonial\" data-id=\"074f127\" data-element_type=\"widget\" data-e-type=\"widget\" data-widget_type=\"testimonial.default\">\n\t\t\t\t\t\t\t<div class=\"elementor-testimonial-wrapper\">\n\t\t\t\t\t\t\t<div class=\"elementor-testimonial-content\">\"Hay que vencer el miedo, porque el miedo destruye los sue\u00f1os Y los sue\u00f1os hay que luchar por realizarlos\"<\/div>\n\t\t\t\n\t\t\t\t\t\t<div class=\"elementor-testimonial-meta elementor-has-image elementor-testimonial-image-position-aside\">\n\t\t\t\t<div class=\"elementor-testimonial-meta-inner\">\n\t\t\t\t\t\t\t\t\t\t\t<div class=\"elementor-testimonial-image\">\n\t\t\t\t\t\t\t<img decoding=\"async\" width=\"593\" height=\"631\" src=\"https:\/\/soymigrante.com\/revista\/wp-content\/uploads\/2024\/03\/Captura-de-pantalla-2024-02-25-223323-1.webp\" class=\"attachment-full size-full wp-image-5177\" alt=\"Carol Hern\u00e1ndez, migrante guatemalteca\" title=\"Carol Hern\u00e1ndez, migrante guatemalteca \u2013 SoyMigrante.com REVISTA\" srcset=\"https:\/\/soymigrante.com\/revista\/wp-content\/uploads\/2024\/03\/Captura-de-pantalla-2024-02-25-223323-1.webp 593w, https:\/\/soymigrante.com\/revista\/wp-content\/uploads\/2024\/03\/Captura-de-pantalla-2024-02-25-223323-1-282x300.webp 282w\" sizes=\"(max-width: 593px) 100vw, 593px\" \/>\t\t\t\t\t\t<\/div>\n\t\t\t\t\t\n\t\t\t\t\t\t\t\t\t\t<div class=\"elementor-testimonial-details\">\n\t\t\t\t\t\t\t\t\t\t\t\t\t\t<div class=\"elementor-testimonial-name\">Carol Paxtor<\/div>\n\t\t\t\t\t\t\t\t\t\t\t\t\t\t\t\t\t\t\t\t\t\t<div class=\"elementor-testimonial-job\">Emprendedora migrante guatemalteca en NY<\/div>\n\t\t\t\t\t\t\t\t\t\t\t\t\t<\/div>\n\t\t\t\t\t\t\t\t\t<\/div>\n\t\t\t<\/div>\n\t\t\t\t\t<\/div>\n\t\t\t\t\t\t<\/div>\n\t\t\t\t\t<\/div>\n\t\t<\/div>\n\t\t\t\t\t<\/div>\n\t\t<\/section>\n\t\t\t\t<section data-particle_enable=\"false\" data-particle-mobile-disabled=\"false\" class=\"elementor-section elementor-top-section elementor-element elementor-element-0b67e6e elementor-section-boxed elementor-section-height-default elementor-section-height-default\" data-id=\"0b67e6e\" data-element_type=\"section\" data-e-type=\"section\">\n\t\t\t\t\t\t<div class=\"elementor-container elementor-column-gap-default\">\n\t\t\t\t\t<div class=\"elementor-column elementor-col-100 elementor-top-column elementor-element elementor-element-ae2003e\" data-id=\"ae2003e\" data-element_type=\"column\" data-e-type=\"column\">\n\t\t\t<div class=\"elementor-widget-wrap elementor-element-populated\">\n\t\t\t\t\t\t<div class=\"elementor-element elementor-element-f99889d elementor-widget elementor-widget-heading\" data-id=\"f99889d\" data-element_type=\"widget\" data-e-type=\"widget\" data-widget_type=\"heading.default\">\n\t\t\t\t\t<h2 class=\"elementor-heading-title elementor-size-default\">Un gran sue\u00f1o siempre crece m\u00e1s<\/h2>\t\t\t\t<\/div>\n\t\t\t\t\t<\/div>\n\t\t<\/div>\n\t\t\t\t\t<\/div>\n\t\t<\/section>\n\t\t\t\t<section data-particle_enable=\"false\" data-particle-mobile-disabled=\"false\" class=\"elementor-section elementor-top-section elementor-element elementor-element-b542a5d elementor-section-boxed elementor-section-height-default elementor-section-height-default\" data-id=\"b542a5d\" data-element_type=\"section\" data-e-type=\"section\">\n\t\t\t\t\t\t<div class=\"elementor-container elementor-column-gap-default\">\n\t\t\t\t\t<div class=\"elementor-column elementor-col-100 elementor-top-column elementor-element elementor-element-2e5636d\" data-id=\"2e5636d\" data-element_type=\"column\" data-e-type=\"column\">\n\t\t\t<div class=\"elementor-widget-wrap elementor-element-populated\">\n\t\t\t\t\t\t<div class=\"elementor-element elementor-element-2369f4c elementor-widget elementor-widget-text-editor\" data-id=\"2369f4c\" data-element_type=\"widget\" data-e-type=\"widget\" data-widget_type=\"text-editor.default\">\n\t\t\t\t\t\t\t\t\t<p><span style=\"color: var( --e-global-color-text );\">Carol Paxtor cree en Dios y le agradece todo cuando ha logrado. Considera que la mejor forma de demostrarlo es ayudando a los dem\u00e1s. &#8220;Por eso mi meta e generar empleos, que mis colaboradores est\u00e9n c\u00f3modos en su trabajo. Porque yo s\u00e9 lo quees racismo, s\u00e9 lo que es sufrir, s\u00e9 lo que es que te hagan de menos&#8230; pero si yo puedo generar oportunidades, lo har\u00e9 con respeto a la dignidad&#8221;.<\/span><\/p><p>Pr\u00e1cticamente todo lo que se utiliza en Tikal Caf\u00e9 es autosostenible. &#8220;No usamos pl\u00e1stico, tratamos de que todo sea biodegradable. Es m\u00e1s caro, s\u00ed, pero es nuestro aporte al planeta tambi\u00e9n&#8221;.<\/p><p>Cierra diciendo que hay que perder el miedo, s\u00ed, pero hay algo que nunca se debe perder: &#8220;Nuestra humildad y nuestro temor a Dios porque si perdemos eso yo creo que la vida no tiene sentido&#8221;.<\/p>\t\t\t\t\t\t\t\t<\/div>\n\t\t\t\t\t<\/div>\n\t\t<\/div>\n\t\t\t\t\t<\/div>\n\t\t<\/section>\n\t\t\t\t<section data-particle_enable=\"false\" data-particle-mobile-disabled=\"false\" class=\"elementor-section elementor-top-section elementor-element elementor-element-697101a elementor-section-boxed elementor-section-height-default elementor-section-height-default\" data-id=\"697101a\" data-element_type=\"section\" data-e-type=\"section\">\n\t\t\t\t\t\t<div class=\"elementor-container elementor-column-gap-default\">\n\t\t\t\t\t<div class=\"elementor-column elementor-col-100 elementor-top-column elementor-element elementor-element-6218347\" data-id=\"6218347\" data-element_type=\"column\" data-e-type=\"column\">\n\t\t\t<div class=\"elementor-widget-wrap elementor-element-populated\">\n\t\t\t\t\t\t<div class=\"elementor-element elementor-element-d11b725 elementor-widget elementor-widget-facebook-page\" data-id=\"d11b725\" data-element_type=\"widget\" data-e-type=\"widget\" data-widget_type=\"facebook-page.default\">\n\t\t\t\t\t<div class=\"elementor-facebook-widget fb-page\" data-href=\"https:\/\/www.facebook.com\/tikalcafe2020\" data-tabs=\"timeline\" data-height=\"500px\" data-width=\"500px\" data-small-header=\"false\" data-hide-cover=\"false\" data-show-facepile=\"true\" data-hide-cta=\"false\" style=\"min-height: 1px;height:500px\"><\/div>\t\t\t\t<\/div>\n\t\t\t\t\t<\/div>\n\t\t<\/div>\n\t\t\t\t\t<\/div>\n\t\t<\/section>\n\t\t\t\t<section data-particle_enable=\"false\" data-particle-mobile-disabled=\"false\" class=\"elementor-section elementor-top-section elementor-element elementor-element-22404a7 elementor-section-boxed elementor-section-height-default elementor-section-height-default\" data-id=\"22404a7\" data-element_type=\"section\" data-e-type=\"section\">\n\t\t\t\t\t\t<div class=\"elementor-container elementor-column-gap-default\">\n\t\t\t\t\t<div class=\"elementor-column elementor-col-100 elementor-top-column elementor-element elementor-element-1c06c98\" data-id=\"1c06c98\" data-element_type=\"column\" data-e-type=\"column\">\n\t\t\t<div class=\"elementor-widget-wrap elementor-element-populated\">\n\t\t\t\t\t\t<div class=\"elementor-element elementor-element-e140b31 elementor-widget elementor-widget-heading\" data-id=\"e140b31\" data-element_type=\"widget\" data-e-type=\"widget\" data-widget_type=\"heading.default\">\n\t\t\t\t\t<h2 class=\"elementor-heading-title elementor-size-default\">Quiz\u00e1 te guste esta otra historia <\/h2>\t\t\t\t<\/div>\n\t\t\t\t\t<\/div>\n\t\t<\/div>\n\t\t\t\t\t<\/div>\n\t\t<\/section>\n\t\t\t\t<section data-particle_enable=\"false\" data-particle-mobile-disabled=\"false\" class=\"elementor-section elementor-top-section elementor-element elementor-element-3efe530 elementor-section-boxed elementor-section-height-default elementor-section-height-default\" data-id=\"3efe530\" data-element_type=\"section\" data-e-type=\"section\">\n\t\t\t\t\t\t<div class=\"elementor-container elementor-column-gap-default\">\n\t\t\t\t\t<div class=\"elementor-column elementor-col-100 elementor-top-column elementor-element elementor-element-200d1d1\" data-id=\"200d1d1\" data-element_type=\"column\" data-e-type=\"column\">\n\t\t\t<div class=\"elementor-widget-wrap elementor-element-populated\">\n\t\t\t\t\t\t<div class=\"elementor-element elementor-element-3fb6af4 elementor-grid-eael-col-1 elementor-grid-tablet-eael-col-2 elementor-grid-mobile-eael-col-1 elementor-widget elementor-widget-eael-post-grid\" data-id=\"3fb6af4\" data-element_type=\"widget\" data-e-type=\"widget\" data-settings=\"{&quot;eael_post_grid_columns&quot;:&quot;eael-col-1&quot;,&quot;eael_post_grid_columns_tablet&quot;:&quot;eael-col-2&quot;,&quot;eael_post_grid_columns_mobile&quot;:&quot;eael-col-1&quot;}\" data-widget_type=\"eael-post-grid.default\">\n\t\t\t\t\t<div id=\"eael-post-grid-3fb6af4\" class=\"eael-post-grid-container\">\n            <div class=\"eael-post-grid eael-post-appender eael-post-appender-3fb6af4 eael-post-grid-style-one\" data-layout-mode=\"masonry\"><article class=\"eael-grid-post  eael-post-grid-column eael-pg-post-4215 category-exitos\" data-id=\"4215\">\n        <div class=\"eael-grid-post-holder\">\n            <div class=\"eael-grid-post-holder-inner\"><div class=\"eael-entry-media\"><div class=\"eael-entry-overlay fade-in\"><i class=\"fas fa-hand-point-up\" aria-hidden=\"true\"><\/i><a href=\"https:\/\/soymigrante.com\/revista\/karina-onofre-migrante-emprendedora-guatemalteca-nueva-york\/\"><\/a><\/div><div class=\"eael-entry-thumbnail \">\n                <img loading=\"lazy\" decoding=\"async\" width=\"300\" height=\"294\" src=\"https:\/\/soymigrante.com\/revista\/wp-content\/uploads\/2024\/01\/karina-bandera-300x294.jpg\" class=\"attachment-medium size-medium wp-image-4219\" alt=\"\" srcset=\"https:\/\/soymigrante.com\/revista\/wp-content\/uploads\/2024\/01\/karina-bandera-300x294.jpg 300w, https:\/\/soymigrante.com\/revista\/wp-content\/uploads\/2024\/01\/karina-bandera-1024x1003.jpg 1024w, https:\/\/soymigrante.com\/revista\/wp-content\/uploads\/2024\/01\/karina-bandera-768x752.jpg 768w, https:\/\/soymigrante.com\/revista\/wp-content\/uploads\/2024\/01\/karina-bandera-75x75.jpg 75w, https:\/\/soymigrante.com\/revista\/wp-content\/uploads\/2024\/01\/karina-bandera-750x734.jpg 750w, https:\/\/soymigrante.com\/revista\/wp-content\/uploads\/2024\/01\/karina-bandera-1140x1116.jpg 1140w, https:\/\/soymigrante.com\/revista\/wp-content\/uploads\/2024\/01\/karina-bandera.jpg 1336w\" sizes=\"(max-width: 300px) 100vw, 300px\" \/>\n            <\/div>\n        <\/div><div class=\"eael-entry-wrapper\"><header class=\"eael-entry-header\"><h2 class=\"eael-entry-title\"><a class=\"eael-grid-post-link\" href=\"https:\/\/soymigrante.com\/revista\/karina-onofre-migrante-emprendedora-guatemalteca-nueva-york\/\" title=\"Brilla en NY la energ\u00eda festiva y laboriosa de la migrante Karina Onofre\">Brilla en NY la energ\u00eda festiva y laboriosa de la migrante Karina Onofre<\/a><\/h2><\/header><\/div><\/div>\n        <\/div>\n    <\/article><\/div>\n            <div class=\"clearfix\"><\/div>\n        <\/div>\t\t\t\t<\/div>\n\t\t\t\t\t<\/div>\n\t\t<\/div>\n\t\t\t\t\t<\/div>\n\t\t<\/section>\n\t\t\t\t<\/div>\n\t\t","protected":false},"excerpt":{"rendered":"<p>Migrante guatemalteca originaria de San Francisco El Alto, Totonicap\u00e1n, es cofundadora de Tikal Caf\u00e9, que abri\u00f3 en pandemia y que inaugur\u00f3 su segundo local en Nueva York, con un concepto vegetariano y ambientalmente amigable. &#8220;Todos somos so\u00f1adores, pero no siempre llevamos a la realidad&#8230; La clave es perder el miedo, porque el miedo es el [&hellip;]<\/p>\n","protected":false},"author":7,"featured_media":5162,"comment_status":"open","ping_status":"open","sticky":false,"template":"","format":"standard","meta":{"_acf_changed":false,"_eb_attr":"","footnotes":""},"categories":[50],"tags":[],"class_list":["post-5161","post","type-post","status-publish","format-standard","has-post-thumbnail","hentry","category-exitos"],"acf":[],"aioseo_notices":[],"aioseo_head":"\n\t\t<!-- All in One SEO Pro 4.9.6.2 - aioseo.com -->\n\t<meta name=\"description\" content=\"&quot;Los guatemaltecos somos tendencia y todo mundo quiere saber de nuestra riqueza multicultural&quot;, afirma la migrante Karina Onofre, exitosa organizadora de eventos, actriz, maestra de espa\u00f1ol, influencer y emprendedora gastron\u00f3mica. Piezas de un mosaico de \u00e9xito Optimismo, sonrisa, servicio, amor a Guatemala y esfuerzo constante se conjugan en la vida de Karina Onofre, quien es\" \/>\n\t<meta name=\"robots\" content=\"max-snippet:-1, max-image-preview:large, max-video-preview:-1\" \/>\n\t<meta name=\"author\" content=\"Gustavo Montenegro\"\/>\n\t<link rel=\"canonical\" href=\"https:\/\/soymigrante.com\/revista\/pierdan-el-miedo-porque-es-el-peor-enemigo-carol-paxtor\/\" \/>\n\t<meta name=\"generator\" content=\"All in One SEO Pro (AIOSEO) 4.9.6.2\" \/>\n\n\t\t<link rel=\"preconnect\" href=\"https:\/\/fonts.googleapis.com\" crossorigin>\n<link rel=\"preconnect\" href=\"https:\/\/fonts.gstatic.com\" crossorigin>\n\t\t<meta property=\"og:locale\" content=\"es_ES\" \/>\n\t\t<meta property=\"og:site_name\" content=\"SoyMigrante.com REVISTA \u2013 Nuestra misi\u00f3n es reconocer y dignificar al migrante.\" \/>\n\t\t<meta property=\"og:type\" content=\"article\" \/>\n\t\t<meta property=\"og:title\" content=\"\u201cPierdan el miedo: es el peor enemigo\u201d: Carol Paxtor, migrante y emprendedora en NY\" \/>\n\t\t<meta property=\"og:description\" content=\"Migrante guatemalteca originaria de San Francisco El Alto, Totonicap\u00e1n, es cofundadora de Tikal Caf\u00e9, que abri\u00f3 en pandemia y que inaugur\u00f3 su segundo local en Nueva York, con un concepto vegetariano y ambientalmente amigable. \u201cTodos somos so\u00f1adores, pero no siempre llevamos a la realidad\u2026 La clave es perder el miedo, porque el miedo es el\" \/>\n\t\t<meta property=\"og:url\" content=\"https:\/\/soymigrante.com\/revista\/pierdan-el-miedo-porque-es-el-peor-enemigo-carol-paxtor\/\" \/>\n\t\t<meta property=\"og:image\" content=\"https:\/\/soymigrante.com\/revista\/wp-content\/uploads\/2024\/03\/Captura-de-pantalla-2024-02-25-223228.webp\" \/>\n\t\t<meta property=\"og:image:secure_url\" content=\"https:\/\/soymigrante.com\/revista\/wp-content\/uploads\/2024\/03\/Captura-de-pantalla-2024-02-25-223228.webp\" \/>\n\t\t<meta property=\"og:image:width\" content=\"700\" \/>\n\t\t<meta property=\"og:image:height\" content=\"608\" \/>\n\t\t<meta property=\"article:published_time\" content=\"2024-03-05T05:13:48+00:00\" \/>\n\t\t<meta property=\"article:modified_time\" content=\"2024-03-08T12:06:38+00:00\" \/>\n\t\t<meta property=\"article:publisher\" content=\"https:\/\/www.facebook.com\/soymigrantecom\" \/>\n\t\t<meta name=\"twitter:card\" content=\"summary_large_image\" \/>\n\t\t<meta name=\"twitter:site\" content=\"@SoyMigrante_com\" \/>\n\t\t<meta name=\"twitter:title\" content=\"\u201cPierdan el miedo: es el peor enemigo\u201d: Carol Paxtor, migrante y emprendedora en NY\" \/>\n\t\t<meta name=\"twitter:description\" content=\"Migrante guatemalteca originaria de San Francisco El Alto, Totonicap\u00e1n, es cofundadora de Tikal Caf\u00e9, que abri\u00f3 en pandemia y que inaugur\u00f3 su segundo local en Nueva York, con un concepto vegetariano y ambientalmente amigable. \u201cTodos somos so\u00f1adores, pero no siempre llevamos a la realidad\u2026 La clave es perder el miedo, porque el miedo es el\" \/>\n\t\t<meta name=\"twitter:creator\" content=\"@SoyMigrante_com\" \/>\n\t\t<meta name=\"twitter:image\" content=\"https:\/\/soymigrante.com\/revista\/wp-content\/uploads\/2024\/03\/Captura-de-pantalla-2024-02-25-223228.webp\" \/>\n\t\t<!-- All in One SEO Pro -->\r\n\t\t<title>\u201cPierdan el miedo: es el peor enemigo\u201d: Carol Paxtor, migrante y emprendedora en NY<\/title>\n\n","aioseo_head_json":{"title":"\u201cPierdan el miedo: es el peor enemigo\u201d: Carol Paxtor, migrante y emprendedora en NY","description":"Migrante guatemalteca originaria de San Francisco El Alto, Totonicap\u00e1n, es cofundadora de Tikal Caf\u00e9, que abri\u00f3 en pandemia y que inaugur\u00f3 su segundo local en Nueva York, con un concepto vegetariano y ambientalmente amigable. \u201cTodos somos so\u00f1adores, pero no siempre llevamos a la realidad\u2026 La clave es perder el miedo, porque el miedo es el","canonical_url":"https:\/\/soymigrante.com\/revista\/pierdan-el-miedo-porque-es-el-peor-enemigo-carol-paxtor\/","robots":"max-snippet:-1, max-image-preview:large, max-video-preview:-1","keywords":"","webmasterTools":{"miscellaneous":"&lt;link rel=\"preconnect\" href=\"https:\/\/fonts.googleapis.com\" crossorigin&gt;\n&lt;link rel=\"preconnect\" href=\"https:\/\/fonts.gstatic.com\" crossorigin&gt;"},"schema":null,"og:locale":"es_ES","og:site_name":"SoyMigrante.com REVISTA \u2013 Nuestra misi\u00f3n es reconocer y dignificar al migrante.","og:type":"article","og:title":"\u201cPierdan el miedo: es el peor enemigo\u201d: Carol Paxtor, migrante y emprendedora en NY","og:description":"Migrante guatemalteca originaria de San Francisco El Alto, Totonicap\u00e1n, es cofundadora de Tikal Caf\u00e9, que abri\u00f3 en pandemia y que inaugur\u00f3 su segundo local en Nueva York, con un concepto vegetariano y ambientalmente amigable. \u201cTodos somos so\u00f1adores, pero no siempre llevamos a la realidad\u2026 La clave es perder el miedo, porque el miedo es el","og:url":"https:\/\/soymigrante.com\/revista\/pierdan-el-miedo-porque-es-el-peor-enemigo-carol-paxtor\/","og:image":"https:\/\/soymigrante.com\/revista\/wp-content\/uploads\/2024\/03\/Captura-de-pantalla-2024-02-25-223228.webp","og:image:secure_url":"https:\/\/soymigrante.com\/revista\/wp-content\/uploads\/2024\/03\/Captura-de-pantalla-2024-02-25-223228.webp","og:image:width":700,"og:image:height":608,"article:published_time":"2024-03-05T05:13:48+00:00","article:modified_time":"2024-03-08T12:06:38+00:00","article:publisher":"https:\/\/www.facebook.com\/soymigrantecom","twitter:card":"summary_large_image","twitter:site":"@SoyMigrante_com","twitter:title":"\u201cPierdan el miedo: es el peor enemigo\u201d: Carol Paxtor, migrante y emprendedora en NY","twitter:description":"Migrante guatemalteca originaria de San Francisco El Alto, Totonicap\u00e1n, es cofundadora de Tikal Caf\u00e9, que abri\u00f3 en pandemia y que inaugur\u00f3 su segundo local en Nueva York, con un concepto vegetariano y ambientalmente amigable. \u201cTodos somos so\u00f1adores, pero no siempre llevamos a la realidad\u2026 La clave es perder el miedo, porque el miedo es el","twitter:creator":"@SoyMigrante_com","twitter:image":"https:\/\/soymigrante.com\/revista\/wp-content\/uploads\/2024\/03\/Captura-de-pantalla-2024-02-25-223228.webp"},"aioseo_meta_data":{"post_id":"5161","title":null,"description":null,"keywords":[],"keyphrases":{"focus":{"keyphrase":"Migrante","score":69,"analysis":{"keyphraseInTitle":{"score":9,"maxScore":9,"error":0},"keyphraseInDescription":{"score":9,"maxScore":9,"error":0},"keyphraseLength":{"score":9,"maxScore":9,"error":0,"length":1},"keyphraseInURL":{"score":5,"maxScore":5,"error":0},"keyphraseInIntroduction":{"score":3,"maxScore":9,"error":1},"keyphraseInSubHeadings":{"score":3,"maxScore":9,"error":1},"keyphraseInImageAlt":{"score":9,"maxScore":9,"error":0},"keywordDensity":{"score":0,"type":"low","maxScore":9,"error":1}}},"additional":[]},"primary_term":null,"canonical_url":null,"og_title":null,"og_description":null,"og_object_type":"default","og_image_type":"default","og_image_url":null,"og_image_width":null,"og_image_height":null,"og_image_custom_url":null,"og_image_custom_fields":null,"og_video":"","og_custom_url":null,"og_article_section":null,"og_article_tags":[],"twitter_use_og":false,"twitter_card":"default","twitter_image_type":"default","twitter_image_url":null,"twitter_image_custom_url":null,"twitter_image_custom_fields":null,"twitter_title":null,"twitter_description":null,"schema":{"blockGraphs":[],"customGraphs":[],"default":{"data":{"Article":[],"Course":[],"Dataset":[],"FAQPage":[],"Movie":[],"Person":[],"Product":[],"ProductReview":[],"Car":[],"Recipe":[],"Service":[],"SoftwareApplication":[],"WebPage":[]},"graphName":"BlogPosting","isEnabled":true},"graphs":[]},"schema_type":"default","schema_type_options":null,"pillar_content":false,"robots_default":true,"robots_noindex":false,"robots_noarchive":false,"robots_nosnippet":false,"robots_nofollow":false,"robots_noimageindex":false,"robots_noodp":false,"robots_notranslate":false,"robots_max_snippet":"-1","robots_max_videopreview":"-1","robots_max_imagepreview":"large","priority":null,"frequency":"default","local_seo":null,"seo_analyzer_scan_date":"2025-10-08 21:20:09","breadcrumb_settings":null,"limit_modified_date":false,"reviewed_by":null,"open_ai":null,"ai":null,"created":"2024-03-05 04:22:36","updated":"2026-02-04 10:54:56"},"aioseo_breadcrumb":"<div class=\"aioseo-breadcrumbs\"><span class=\"aioseo-breadcrumb\">\n\t<a href=\"https:\/\/soymigrante.com\/revista\" title=\"Home\">Home<\/a>\n<\/span><span class=\"aioseo-breadcrumb-separator\">\u00bb<\/span><span class=\"aioseo-breadcrumb\">\n\t<a href=\"https:\/\/soymigrante.com\/revista\/category\/exitos\/\" title=\"\u00c9xitos\">\u00c9xitos<\/a>\n<\/span><span class=\"aioseo-breadcrumb-separator\">\u00bb<\/span><span class=\"aioseo-breadcrumb\">\n\t\u201cPierdan el miedo: es el peor enemigo\u201d: Carol Paxtor, migrante y emprendedora en NY\n<\/span><\/div>","aioseo_breadcrumb_json":[{"label":"Home","link":"https:\/\/soymigrante.com\/revista"},{"label":"\u00c9xitos","link":"https:\/\/soymigrante.com\/revista\/category\/exitos\/"},{"label":"&#8220;Pierdan el miedo: es el peor enemigo&#8221;: Carol Paxtor, migrante y emprendedora en NY","link":"https:\/\/soymigrante.com\/revista\/pierdan-el-miedo-porque-es-el-peor-enemigo-carol-paxtor\/"}],"_links":{"self":[{"href":"https:\/\/soymigrante.com\/revista\/wp-json\/wp\/v2\/posts\/5161","targetHints":{"allow":["GET"]}}],"collection":[{"href":"https:\/\/soymigrante.com\/revista\/wp-json\/wp\/v2\/posts"}],"about":[{"href":"https:\/\/soymigrante.com\/revista\/wp-json\/wp\/v2\/types\/post"}],"author":[{"embeddable":true,"href":"https:\/\/soymigrante.com\/revista\/wp-json\/wp\/v2\/users\/7"}],"replies":[{"embeddable":true,"href":"https:\/\/soymigrante.com\/revista\/wp-json\/wp\/v2\/comments?post=5161"}],"version-history":[{"count":0,"href":"https:\/\/soymigrante.com\/revista\/wp-json\/wp\/v2\/posts\/5161\/revisions"}],"wp:featuredmedia":[{"embeddable":true,"href":"https:\/\/soymigrante.com\/revista\/wp-json\/wp\/v2\/media\/5162"}],"wp:attachment":[{"href":"https:\/\/soymigrante.com\/revista\/wp-json\/wp\/v2\/media?parent=5161"}],"wp:term":[{"taxonomy":"category","embeddable":true,"href":"https:\/\/soymigrante.com\/revista\/wp-json\/wp\/v2\/categories?post=5161"},{"taxonomy":"post_tag","embeddable":true,"href":"https:\/\/soymigrante.com\/revista\/wp-json\/wp\/v2\/tags?post=5161"}],"curies":[{"name":"wp","href":"https:\/\/api.w.org\/{rel}","templated":true}]}}