{"id":5160,"date":"2024-03-06T00:18:46","date_gmt":"2024-03-06T06:18:46","guid":{"rendered":"https:\/\/soymigrante.com\/revista\/?p=5160"},"modified":"2024-11-01T14:35:18","modified_gmt":"2024-11-01T20:35:18","slug":"willy-barreno-ayuda-migrantes-quetzaltenango-proyecto","status":"publish","type":"post","link":"https:\/\/soymigrante.com\/revista\/willy-barreno-ayuda-migrantes-quetzaltenango-proyecto\/","title":{"rendered":"Willy Barreno: chef migrante ayuda a migrantes en su propia tierra"},"content":{"rendered":"\t\t<div data-elementor-type=\"wp-post\" data-elementor-id=\"5160\" class=\"elementor elementor-5160\" data-elementor-post-type=\"post\">\n\t\t\t\t\t\t<section data-particle_enable=\"false\" data-particle-mobile-disabled=\"false\" class=\"elementor-section elementor-top-section elementor-element elementor-element-5d2d5e1 elementor-section-boxed elementor-section-height-default elementor-section-height-default\" data-id=\"5d2d5e1\" data-element_type=\"section\" data-e-type=\"section\">\n\t\t\t\t\t\t<div class=\"elementor-container elementor-column-gap-default\">\n\t\t\t\t\t<div class=\"elementor-column elementor-col-100 elementor-top-column elementor-element elementor-element-571e8da\" data-id=\"571e8da\" data-element_type=\"column\" data-e-type=\"column\">\n\t\t\t<div class=\"elementor-widget-wrap elementor-element-populated\">\n\t\t\t\t\t\t<div class=\"elementor-element elementor-element-b7b12b7 elementor-widget elementor-widget-heading\" data-id=\"b7b12b7\" data-element_type=\"widget\" data-e-type=\"widget\" data-widget_type=\"heading.default\">\n\t\t\t\t\t<h2 class=\"elementor-heading-title elementor-size-default\">La muerte de una madre migrante  cambi\u00f3 la vida del chef guatemalteco Willy Barreno quien desde Estados Unidos inici\u00f3 cre\u00f3 un proyecto social con sede en Quetzaltenango para capacitar a j\u00f3venes y apoyar a retornados.<\/h2>\t\t\t\t<\/div>\n\t\t\t\t\t<\/div>\n\t\t<\/div>\n\t\t\t\t\t<\/div>\n\t\t<\/section>\n\t\t\t\t<section data-particle_enable=\"false\" data-particle-mobile-disabled=\"false\" class=\"elementor-section elementor-top-section elementor-element elementor-element-ea2e78e elementor-section-boxed elementor-section-height-default elementor-section-height-default\" data-id=\"ea2e78e\" data-element_type=\"section\" data-e-type=\"section\">\n\t\t\t\t\t\t<div class=\"elementor-container elementor-column-gap-default\">\n\t\t\t\t\t<div class=\"elementor-column elementor-col-100 elementor-top-column elementor-element elementor-element-35c721d\" data-id=\"35c721d\" data-element_type=\"column\" data-e-type=\"column\">\n\t\t\t<div class=\"elementor-widget-wrap elementor-element-populated\">\n\t\t\t\t\t\t<div class=\"elementor-element elementor-element-7648958 elementor-widget elementor-widget-text-editor\" data-id=\"7648958\" data-element_type=\"widget\" data-e-type=\"widget\" data-widget_type=\"text-editor.default\">\n\t\t\t\t\t\t\t\t\t<p>Willy Barreno migr\u00f3 a Estados Unidos en 1996, su objetivo: cumplir el anhelado sue\u00f1o americano. Sin embargo, la vida misma y el contacto con los dramas y angustias de\u00a0compatriotas guatemaltecos en dicho pa\u00eds lo llevaron a crear la primera red de migrantes retornados con el objetivo de que pudieran cumplir el sue\u00f1o guatemalteco.<\/p><p>Originario de Quetzaltenango, pero agobiado por la situaci\u00f3n econ\u00f3mica y pol\u00edtica del pa\u00eds, que a\u00fan sufr\u00eda por el conflicto armado interno, migr\u00f3 a los 23 a\u00f1os.\u00a0<\/p><p>\u201cFue dif\u00edcil, ten\u00eda el sue\u00f1o de superarme y ser trabajador social. Estudi\u00e9 en el Centro Universitario de Occidente de la Universidad de San Carlos. Cuando estaba a un semestre de graduarme como T\u00e9cnico de Trabajo Social, pens\u00e9 que iba a poder trabajar en los Estados Unidos y me fu\u00ed. Pero al llegar descubr\u00ed, en primer lugar, que no ten\u00eda certificaci\u00f3n, porque all\u00e1 todo tiene que estar certificado y lo segundo, no hablaba ingl\u00e9s\u201d.\u00a0<\/p><p>El primer trabajo que desempe\u00f1\u00f3 Willy fue de<span style=\"color: var( --e-global-color-text );\">\u00a0conserje en Wisconsin. \u201cFue dif\u00edcil\u00a0 porque estaba en una universidad en Guatemala, a punto de graduarme y poco despu\u00e9s estaba limpiando ba\u00f1os. Y me dije, no quiero estar lavando ba\u00f1os el resto de mi vida, pero no hablo ingl\u00e9s. Entonces, tal vez lo m\u00e1s bonito va a estar en la cocina\u201d.\u00a0<\/span><\/p><p><span style=\"color: var( --e-global-color-text );\">Once meses despu\u00e9s,\u00a0 comenzaba a laborar en la cocina de un restaurante del Estado de Nuevo M\u00e9xico, donde los alimentos se preparaban con ingredientes org\u00e1nicos.<\/span><\/p><p>\u00a0<\/p>\t\t\t\t\t\t\t\t<\/div>\n\t\t\t\t\t<\/div>\n\t\t<\/div>\n\t\t\t\t\t<\/div>\n\t\t<\/section>\n\t\t\t\t<section data-particle_enable=\"false\" data-particle-mobile-disabled=\"false\" class=\"elementor-section elementor-top-section elementor-element elementor-element-dacec05 elementor-section-boxed elementor-section-height-default elementor-section-height-default\" data-id=\"dacec05\" data-element_type=\"section\" data-e-type=\"section\">\n\t\t\t\t\t\t<div class=\"elementor-container elementor-column-gap-default\">\n\t\t\t\t\t<div class=\"elementor-column elementor-col-100 elementor-top-column elementor-element elementor-element-a37054c\" data-id=\"a37054c\" data-element_type=\"column\" data-e-type=\"column\">\n\t\t\t<div class=\"elementor-widget-wrap elementor-element-populated\">\n\t\t\t\t\t\t<div class=\"elementor-element elementor-element-e318ea1 elementor-widget elementor-widget-image\" data-id=\"e318ea1\" data-element_type=\"widget\" data-e-type=\"widget\" data-widget_type=\"image.default\">\n\t\t\t\t\t\t\t\t\t\t\t\t<figure class=\"wp-caption\">\n\t\t\t\t\t\t\t\t\t\t<img fetchpriority=\"high\" decoding=\"async\" width=\"747\" height=\"744\" src=\"https:\/\/soymigrante.com\/revista\/wp-content\/uploads\/2024\/03\/chef-Willy-Barreno-1.webp\" class=\"attachment-large size-large wp-image-5184\" alt=\"Willy Barreno junto migrantes de Cajol\u00e1 y Chajabal, San Andr\u00e9s Xecul, crearon en el 2010, el primer restaurante donde los cocineros y cocineras son migrantes deportados de EE. UU.\" srcset=\"https:\/\/soymigrante.com\/revista\/wp-content\/uploads\/2024\/03\/chef-Willy-Barreno-1.webp 747w, https:\/\/soymigrante.com\/revista\/wp-content\/uploads\/2024\/03\/chef-Willy-Barreno-1-300x300.webp 300w, https:\/\/soymigrante.com\/revista\/wp-content\/uploads\/2024\/03\/chef-Willy-Barreno-1-150x150.webp 150w, https:\/\/soymigrante.com\/revista\/wp-content\/uploads\/2024\/03\/chef-Willy-Barreno-1-75x75.webp 75w\" sizes=\"(max-width: 747px) 100vw, 747px\" \/>\t\t\t\t\t\t\t\t\t\t\t<figcaption class=\"widget-image-caption wp-caption-text\">Willy Barreno junto migrantes de Cajol\u00e1 y Chajabal, San Andr\u00e9s Xecul, crearon en el 2010, el primer restaurante donde los cocineros y cocineras son migrantes deportados de EE. UU. <\/figcaption>\n\t\t\t\t\t\t\t\t\t\t<\/figure>\n\t\t\t\t\t\t\t\t\t<\/div>\n\t\t\t\t\t<\/div>\n\t\t<\/div>\n\t\t\t\t\t<\/div>\n\t\t<\/section>\n\t\t\t\t<section data-particle_enable=\"false\" data-particle-mobile-disabled=\"false\" class=\"elementor-section elementor-top-section elementor-element elementor-element-54bb1e8 elementor-section-boxed elementor-section-height-default elementor-section-height-default\" data-id=\"54bb1e8\" data-element_type=\"section\" data-e-type=\"section\">\n\t\t\t\t\t\t<div class=\"elementor-container elementor-column-gap-default\">\n\t\t\t\t\t<div class=\"elementor-column elementor-col-100 elementor-top-column elementor-element elementor-element-a72da39\" data-id=\"a72da39\" data-element_type=\"column\" data-e-type=\"column\">\n\t\t\t<div class=\"elementor-widget-wrap elementor-element-populated\">\n\t\t\t\t\t\t<div class=\"elementor-element elementor-element-467646e elementor-widget elementor-widget-heading\" data-id=\"467646e\" data-element_type=\"widget\" data-e-type=\"widget\" data-widget_type=\"heading.default\">\n\t\t\t\t\t<h3 class=\"elementor-heading-title elementor-size-default\">Siete a\u00f1os en Santa Fe<\/h3>\t\t\t\t<\/div>\n\t\t\t\t\t<\/div>\n\t\t<\/div>\n\t\t\t\t\t<\/div>\n\t\t<\/section>\n\t\t\t\t<section data-particle_enable=\"false\" data-particle-mobile-disabled=\"false\" class=\"elementor-section elementor-top-section elementor-element elementor-element-c65aebc elementor-section-boxed elementor-section-height-default elementor-section-height-default\" data-id=\"c65aebc\" data-element_type=\"section\" data-e-type=\"section\">\n\t\t\t\t\t\t<div class=\"elementor-container elementor-column-gap-default\">\n\t\t\t\t\t<div class=\"elementor-column elementor-col-100 elementor-top-column elementor-element elementor-element-50ab0bd\" data-id=\"50ab0bd\" data-element_type=\"column\" data-e-type=\"column\">\n\t\t\t<div class=\"elementor-widget-wrap elementor-element-populated\">\n\t\t\t\t\t\t<div class=\"elementor-element elementor-element-a081a74 elementor-widget elementor-widget-text-editor\" data-id=\"a081a74\" data-element_type=\"widget\" data-e-type=\"widget\" data-widget_type=\"text-editor.default\">\n\t\t\t\t\t\t\t\t\t<p><span style=\"color: var( --e-global-color-text );\">Barreno nunca antes hab\u00eda estado en el barullo de una cocina profesional. Pero aprendi\u00f3. Estaba en la ciudad de Santa Fe. \u201cEra 1997 y en ese tiempo no hab\u00eda WhatsApp y las llamadas por Guatel (la que era entonces la empresa estatal de telecomunicaciones) eran caras.\u00a0 Por carta recib\u00ed las recetas de los recados que preparaba mi madre. Ella es mi primera chef, y aunque aprend\u00ed a prepararlos, creo que nunca han llegado a alcanzar\u00a0la excelente saz\u00f3n de ella\u201d, relata.<\/span><\/p><p>\u201cViv\u00ed por siete a\u00f1os en Santa Fe. Trabaj\u00e9 en un restaurante de fusi\u00f3n Centroamericana donde se preparaban baleadas, pupusas, chuchitos, tamalitos, mojarra frita y comida de Guatemala, pero nunca tuvo el mismo sabor&#8221;.<\/p><p>Sin embargo, hubo algo curioso, que a pesar de la distancia le conect\u00f3 un poquito con su tierra: &#8220;Santa Fe\u00a0<span style=\"color: var( --e-global-color-text );\">es similar a la Antigua Guatemala. Muchas de las casas son de adobe y los nombres de las calles est\u00e1n en espa\u00f1ol. Me sent\u00eda un poco en Guatemala. All\u00ed conoc\u00ed a varios migrantes de Izabal.<\/span><\/p>\t\t\t\t\t\t\t\t<\/div>\n\t\t\t\t\t<\/div>\n\t\t<\/div>\n\t\t\t\t\t<\/div>\n\t\t<\/section>\n\t\t\t\t<section data-particle_enable=\"false\" data-particle-mobile-disabled=\"false\" class=\"elementor-section elementor-top-section elementor-element elementor-element-451c621 elementor-section-boxed elementor-section-height-default elementor-section-height-default\" data-id=\"451c621\" data-element_type=\"section\" data-e-type=\"section\">\n\t\t\t\t\t\t<div class=\"elementor-container elementor-column-gap-default\">\n\t\t\t\t\t<div class=\"elementor-column elementor-col-100 elementor-top-column elementor-element elementor-element-b388cc7\" data-id=\"b388cc7\" data-element_type=\"column\" data-e-type=\"column\">\n\t\t\t<div class=\"elementor-widget-wrap elementor-element-populated\">\n\t\t\t\t\t\t<div class=\"elementor-element elementor-element-782185a elementor-widget elementor-widget-image\" data-id=\"782185a\" data-element_type=\"widget\" data-e-type=\"widget\" data-widget_type=\"image.default\">\n\t\t\t\t\t\t\t\t\t\t\t\t<figure class=\"wp-caption\">\n\t\t\t\t\t\t\t\t\t\t<img decoding=\"async\" width=\"768\" height=\"377\" src=\"https:\/\/soymigrante.com\/revista\/wp-content\/uploads\/2024\/03\/santa-fe-1024x502.webp\" class=\"attachment-large size-large wp-image-5211\" alt=\"En Santa Fe, Nuevo M\u00e9xico, Willy Barreno se sinti\u00f3 un poco como en Guatemala debido a que hab\u00eda muchas casas de adobe. Adem\u00e1s all\u00ed, las recetas de recados de su mam\u00e1 se volvieron su gu\u00eda de superaci\u00f3n como chef.\" srcset=\"https:\/\/soymigrante.com\/revista\/wp-content\/uploads\/2024\/03\/santa-fe-1024x502.webp 1024w, https:\/\/soymigrante.com\/revista\/wp-content\/uploads\/2024\/03\/santa-fe-300x147.webp 300w, https:\/\/soymigrante.com\/revista\/wp-content\/uploads\/2024\/03\/santa-fe-768x376.webp 768w, https:\/\/soymigrante.com\/revista\/wp-content\/uploads\/2024\/03\/santa-fe-750x368.webp 750w, https:\/\/soymigrante.com\/revista\/wp-content\/uploads\/2024\/03\/santa-fe.webp 1075w\" sizes=\"(max-width: 768px) 100vw, 768px\" title=\"En Santa Fe, Nuevo M\u00e9xico, Willy Barreno se sinti\u00f3 un poco como en Guatemala debido a que hab\u00eda muchas casas de adobe. Adem\u00e1s all\u00ed, las recetas de recados de su mam\u00e1 se volvieron su gu\u00eda de superaci\u00f3n como chef. \u2013 SoyMigrante.com REVISTA\" \/>\t\t\t\t\t\t\t\t\t\t\t<figcaption class=\"widget-image-caption wp-caption-text\">En Santa Fe, Nuevo M\u00e9xico, Willy Barreno se sinti\u00f3 un poco como en Guatemala debido a que hab\u00eda muchas casas de adobe. Adem\u00e1s all\u00ed, las recetas de recados de su mam\u00e1 se volvieron su gu\u00eda de superaci\u00f3n como chef.<\/figcaption>\n\t\t\t\t\t\t\t\t\t\t<\/figure>\n\t\t\t\t\t\t\t\t\t<\/div>\n\t\t\t\t\t<\/div>\n\t\t<\/div>\n\t\t\t\t\t<\/div>\n\t\t<\/section>\n\t\t\t\t<section data-particle_enable=\"false\" data-particle-mobile-disabled=\"false\" class=\"elementor-section elementor-top-section elementor-element elementor-element-8693176 elementor-section-boxed elementor-section-height-default elementor-section-height-default\" data-id=\"8693176\" data-element_type=\"section\" data-e-type=\"section\">\n\t\t\t\t\t\t<div class=\"elementor-container elementor-column-gap-default\">\n\t\t\t\t\t<div class=\"elementor-column elementor-col-100 elementor-top-column elementor-element elementor-element-95af1ed\" data-id=\"95af1ed\" data-element_type=\"column\" data-e-type=\"column\">\n\t\t\t<div class=\"elementor-widget-wrap elementor-element-populated\">\n\t\t\t\t\t\t<div class=\"elementor-element elementor-element-0c91152 elementor-widget elementor-widget-heading\" data-id=\"0c91152\" data-element_type=\"widget\" data-e-type=\"widget\" data-widget_type=\"heading.default\">\n\t\t\t\t\t<h3 class=\"elementor-heading-title elementor-size-default\">De un fallecimiento naci\u00f3 el activismo de Barreno<\/h3>\t\t\t\t<\/div>\n\t\t\t\t\t<\/div>\n\t\t<\/div>\n\t\t\t\t\t<\/div>\n\t\t<\/section>\n\t\t\t\t<section data-particle_enable=\"false\" data-particle-mobile-disabled=\"false\" class=\"elementor-section elementor-top-section elementor-element elementor-element-cb342ed elementor-section-boxed elementor-section-height-default elementor-section-height-default\" data-id=\"cb342ed\" data-element_type=\"section\" data-e-type=\"section\">\n\t\t\t\t\t\t<div class=\"elementor-container elementor-column-gap-default\">\n\t\t\t\t\t<div class=\"elementor-column elementor-col-100 elementor-top-column elementor-element elementor-element-dd43ed5\" data-id=\"dd43ed5\" data-element_type=\"column\" data-e-type=\"column\">\n\t\t\t<div class=\"elementor-widget-wrap elementor-element-populated\">\n\t\t\t\t\t\t<div class=\"elementor-element elementor-element-edce651 elementor-widget elementor-widget-text-editor\" data-id=\"edce651\" data-element_type=\"widget\" data-e-type=\"widget\" data-widget_type=\"text-editor.default\">\n\t\t\t\t\t\t\t\t\t<p>Durante su estancia en Nuevo M\u00e9xico, Willy\u00a0 conoci\u00f3 el caso de una mujer que le cambi\u00f3 la vida. \u201cDo\u00f1a Yuli era originaria de Guatemala. Viv\u00eda en la zona 3, donde recog\u00eda basura en la calle. Era lavaplatos de el restaurante. Ella mand\u00f3 a traer a sus hijos. Yo miraba que a cada rato llegaban m\u00e1s hijos\u201d, relata.<\/p><p>\u201cLa llegada del m\u00e1s peque\u00f1o me marc\u00f3: Kevin ten\u00eda tres a\u00f1os. \u00c9l se vino solo con el coyote. Lo tuvieron que drogar y lo pusieron en una mochila para pasar la frontera. As\u00ed cruz\u00f3 el desierto. Pero poco tiempo de llegar Kevin, muere su mam\u00e1 de un c\u00e1ncer de p\u00e1ncreas y al ni\u00f1o lo dieron en adopci\u00f3n a una familia de Santa Fe\u201d.<\/p><p>\u201cKevin para m\u00ed representa a todos estos ni\u00f1os migrantes que en los \u00faltimos a\u00f1os est\u00e1n migrando solos. Entonces yo dec\u00eda: pues hay que hacer algo tambi\u00e9n para que los ni\u00f1os o los j\u00f3venes no tengan que migrar. Todos tienen derecho a migrar, pero deber\u00edamos de crear las condiciones para poder quedarnos en nuestra tierra&#8221;.<\/p><p>A partir aquella experiencia,\u00a0 Willy Barreno se convierte en un activista de derechos de los migrantes en EE. UU. Trabaj\u00f3 como chef en varios estados, pero actualmente vive en Quetzaltenango, dedicado a tiempo completo a sus proyectos de educaci\u00f3n y capacitaci\u00f3n, que incluyen, por supuesto, su trabajo y experiencia gastron\u00f3mica.<\/p><p><span style=\"color: var( --e-global-color-text );\">\u201cNo quiero regresar a los Estados Unidos. Puedo regresar en cualquier momento, pero ya no siento ese deseo. Prefiero estar aqu\u00ed comiendo los domingos en el Parque Central en lugar de estar en un McDonald&#8217;s en Estados Unidos\u201d.<\/span><\/p>\t\t\t\t\t\t\t\t<\/div>\n\t\t\t\t\t<\/div>\n\t\t<\/div>\n\t\t\t\t\t<\/div>\n\t\t<\/section>\n\t\t\t\t<section data-particle_enable=\"false\" data-particle-mobile-disabled=\"false\" class=\"elementor-section elementor-top-section elementor-element elementor-element-0dbdf73 elementor-section-boxed elementor-section-height-default elementor-section-height-default\" data-id=\"0dbdf73\" data-element_type=\"section\" data-e-type=\"section\">\n\t\t\t\t\t\t<div class=\"elementor-container elementor-column-gap-default\">\n\t\t\t\t\t<div class=\"elementor-column elementor-col-100 elementor-top-column elementor-element elementor-element-cfebfe6\" data-id=\"cfebfe6\" data-element_type=\"column\" data-e-type=\"column\">\n\t\t\t<div class=\"elementor-widget-wrap elementor-element-populated\">\n\t\t\t\t\t\t<div class=\"elementor-element elementor-element-f99b96c elementor-widget elementor-widget-image\" data-id=\"f99b96c\" data-element_type=\"widget\" data-e-type=\"widget\" data-widget_type=\"image.default\">\n\t\t\t\t\t\t\t\t\t\t\t\t<figure class=\"wp-caption\">\n\t\t\t\t\t\t\t\t\t\t<img decoding=\"async\" width=\"750\" height=\"554\" src=\"https:\/\/soymigrante.com\/revista\/wp-content\/uploads\/2024\/03\/Santa-Fe-USA.webp\" class=\"attachment-large size-large wp-image-5189\" alt=\"Willy Barreno se enfoc\u00f3 en llegar a ser un chef en un restaurante de Nuevo M\u00e9xico que ofrec\u00eda comida t\u00edpica de varios pa\u00edses latinoamericanos. Fue su mayor escuela. Fotograf\u00eda de esta \u00e9poca, a inicios de la d\u00e9cada 2000.\" srcset=\"https:\/\/soymigrante.com\/revista\/wp-content\/uploads\/2024\/03\/Santa-Fe-USA.webp 750w, https:\/\/soymigrante.com\/revista\/wp-content\/uploads\/2024\/03\/Santa-Fe-USA-300x222.webp 300w\" sizes=\"(max-width: 750px) 100vw, 750px\" title=\"Willy Barreno se enfoc\u00f3 en llegar a ser un chef en un restaurante de Nuevo M\u00e9xico que ofrec\u00eda comida t\u00edpica de varios pa\u00edses latinoamericanos. Fue su mayor escuela. Fotograf\u00eda de esta \u00e9poca, a inicios de la d\u00e9cada 2000. \u2013 SoyMigrante.com REVISTA\" \/>\t\t\t\t\t\t\t\t\t\t\t<figcaption class=\"widget-image-caption wp-caption-text\">Willy Barreno se enfoc\u00f3 en llegar a ser un chef en un restaurante de Nuevo M\u00e9xico que ofrec\u00eda comida t\u00edpica de varios pa\u00edses latinoamericanos. Fue su mayor escuela. Fotograf\u00eda de esta \u00e9poca, a inicios de la d\u00e9cada 2000.<\/figcaption>\n\t\t\t\t\t\t\t\t\t\t<\/figure>\n\t\t\t\t\t\t\t\t\t<\/div>\n\t\t\t\t\t<\/div>\n\t\t<\/div>\n\t\t\t\t\t<\/div>\n\t\t<\/section>\n\t\t\t\t<section data-particle_enable=\"false\" data-particle-mobile-disabled=\"false\" class=\"elementor-section elementor-top-section elementor-element elementor-element-a01b0c8 elementor-section-boxed elementor-section-height-default elementor-section-height-default\" data-id=\"a01b0c8\" data-element_type=\"section\" data-e-type=\"section\">\n\t\t\t\t\t\t<div class=\"elementor-container elementor-column-gap-default\">\n\t\t\t\t\t<div class=\"elementor-column elementor-col-100 elementor-top-column elementor-element elementor-element-2a2b238\" data-id=\"2a2b238\" data-element_type=\"column\" data-e-type=\"column\">\n\t\t\t<div class=\"elementor-widget-wrap elementor-element-populated\">\n\t\t\t\t\t\t<div class=\"elementor-element elementor-element-4b3fc81 elementor-widget elementor-widget-heading\" data-id=\"4b3fc81\" data-element_type=\"widget\" data-e-type=\"widget\" data-widget_type=\"heading.default\">\n\t\t\t\t\t<h3 class=\"elementor-heading-title elementor-size-default\">Regresar para cumplir el sue\u00f1o guatemalteco<\/h3>\t\t\t\t<\/div>\n\t\t\t\t\t<\/div>\n\t\t<\/div>\n\t\t\t\t\t<\/div>\n\t\t<\/section>\n\t\t\t\t<section data-particle_enable=\"false\" data-particle-mobile-disabled=\"false\" class=\"elementor-section elementor-top-section elementor-element elementor-element-e19f7dc elementor-section-boxed elementor-section-height-default elementor-section-height-default\" data-id=\"e19f7dc\" data-element_type=\"section\" data-e-type=\"section\">\n\t\t\t\t\t\t<div class=\"elementor-container elementor-column-gap-default\">\n\t\t\t\t\t<div class=\"elementor-column elementor-col-100 elementor-top-column elementor-element elementor-element-9dff35f\" data-id=\"9dff35f\" data-element_type=\"column\" data-e-type=\"column\">\n\t\t\t<div class=\"elementor-widget-wrap elementor-element-populated\">\n\t\t\t\t\t\t<div class=\"elementor-element elementor-element-332891d elementor-widget elementor-widget-text-editor\" data-id=\"332891d\" data-element_type=\"widget\" data-e-type=\"widget\" data-widget_type=\"text-editor.default\">\n\t\t\t\t\t\t\t\t\t<p>Barreno con dinero propio llev\u00f3 a cabo una gira que arranc\u00f3 en Seattle, Washington y lleg\u00f3 a Brooklyn, Nueva York,<a href=\"https:\/\/www.youtube.com\/watch?v=vUc52jmNUAw\"> cre\u00f3 un documental sobre la migraci\u00f3n de los guatemaltecos. \u201cLa idea era presentar por qu\u00e9 era que est\u00e1bamos migrando a los Estados Unidos\u201d.<\/a><\/p><p>En 2007 en el barrio Sunset Park, Brooklyn, Nueva York, Barreno junto a migrantes de Chajabal, San Andr\u00e9s Xecul, Totonicap\u00e1n y Cajol\u00e1, Quetzaltenango, luego varias reuniones crearon la primera red de migrantes guatemaltecos para el desarrollo. \u00d1a la idea era generar oportunidades\u00a0 en Guatemala por si eran deportados o si voluntariamente decid\u00edan volver a su tierra, as\u00ed como \u00e9l.<\/p><p>\u201cY lo que ten\u00edamos que venir a hacer era lo que hab\u00edamos aprendido en los Estados Unidos. Entonces muchos de Cajol\u00e1 eran cocineros en Nueva Jersey y yo que hab\u00eda cocinado en otros estados de los Estados Unidos. Pensamos que lo que primero que pod\u00edamos hacer era un restaurante aqu\u00ed en Guatemala\u201d, agrega Willy.<\/p>\t\t\t\t\t\t\t\t<\/div>\n\t\t\t\t\t<\/div>\n\t\t<\/div>\n\t\t\t\t\t<\/div>\n\t\t<\/section>\n\t\t\t\t<section data-particle_enable=\"false\" data-particle-mobile-disabled=\"false\" class=\"elementor-section elementor-top-section elementor-element elementor-element-e7f6aeb elementor-section-boxed elementor-section-height-default elementor-section-height-default\" data-id=\"e7f6aeb\" data-element_type=\"section\" data-e-type=\"section\">\n\t\t\t\t\t\t<div class=\"elementor-container elementor-column-gap-default\">\n\t\t\t\t\t<div class=\"elementor-column elementor-col-100 elementor-top-column elementor-element elementor-element-d88a64f\" data-id=\"d88a64f\" data-element_type=\"column\" data-e-type=\"column\">\n\t\t\t<div class=\"elementor-widget-wrap elementor-element-populated\">\n\t\t\t\t\t\t<div class=\"elementor-element elementor-element-d3a5eda elementor-arrows-position-inside elementor-pagination-position-outside elementor-widget elementor-widget-image-carousel\" data-id=\"d3a5eda\" data-element_type=\"widget\" data-e-type=\"widget\" data-settings=\"{&quot;slides_to_show&quot;:&quot;1&quot;,&quot;navigation&quot;:&quot;both&quot;,&quot;autoplay&quot;:&quot;yes&quot;,&quot;pause_on_hover&quot;:&quot;yes&quot;,&quot;pause_on_interaction&quot;:&quot;yes&quot;,&quot;autoplay_speed&quot;:5000,&quot;infinite&quot;:&quot;yes&quot;,&quot;effect&quot;:&quot;slide&quot;,&quot;speed&quot;:500}\" data-widget_type=\"image-carousel.default\">\n\t\t\t\t\t\t\t<div class=\"elementor-image-carousel-wrapper swiper\" role=\"region\" aria-roledescription=\"carousel\" aria-label=\"Carrusel de im\u00e1genes\" dir=\"ltr\">\n\t\t\t<div class=\"elementor-image-carousel swiper-wrapper\" aria-live=\"off\">\n\t\t\t\t\t\t\t\t<div class=\"swiper-slide\" role=\"group\" aria-roledescription=\"slide\" aria-label=\"1 de 8\"><figure class=\"swiper-slide-inner\"><img decoding=\"async\" class=\"swiper-slide-image\" src=\"https:\/\/soymigrante.com\/revista\/wp-content\/uploads\/2024\/03\/RED-CAFE-MIGRANTES-10-1024x768.webp\" alt=\"Al restaurante RED llegan ciudadanos de diferentes nacionalidades para conocer la gastronom\u00eda.\" \/><figcaption class=\"elementor-image-carousel-caption\">Al restaurante RED llegan ciudadanos de diferentes nacionalidades para conocer la gastronom\u00eda.nacionalidades para conocer la gastronom\u00eda.<\/figcaption><\/figure><\/div><div class=\"swiper-slide\" role=\"group\" aria-roledescription=\"slide\" aria-label=\"2 de 8\"><figure class=\"swiper-slide-inner\"><img decoding=\"async\" class=\"swiper-slide-image\" src=\"https:\/\/soymigrante.com\/revista\/wp-content\/uploads\/2024\/03\/RED-CAFE-MIGRANTES-7.webp\" alt=\"Decenas de j\u00f3venes de comunidades rurales del suroccidente de capacit\u00e1n como cocineros.\" \/><figcaption class=\"elementor-image-carousel-caption\">Decenas de j\u00f3venes de comunidades rurales del suroccidente de capacit\u00e1n como cocineros.<\/figcaption><\/figure><\/div><div class=\"swiper-slide\" role=\"group\" aria-roledescription=\"slide\" aria-label=\"3 de 8\"><figure class=\"swiper-slide-inner\"><img decoding=\"async\" class=\"swiper-slide-image\" src=\"https:\/\/soymigrante.com\/revista\/wp-content\/uploads\/2024\/03\/RED-CAFE-MIGRANTES-5-1024x1024.webp\" alt=\"Migrante retornado creo Desgua y la RED caf\u00e9 para que j\u00f3venes no migren a EE. UU.\" \/><figcaption class=\"elementor-image-carousel-caption\">Migrante retornado creo Desgua y la RED caf\u00e9 para que j\u00f3venes no migren a EE. UU. <\/figcaption><\/figure><\/div><div class=\"swiper-slide\" role=\"group\" aria-roledescription=\"slide\" aria-label=\"4 de 8\"><figure class=\"swiper-slide-inner\"><img decoding=\"async\" class=\"swiper-slide-image\" src=\"https:\/\/soymigrante.com\/revista\/wp-content\/uploads\/2024\/03\/RED-CAFE-MIGRANTES-4-1024x1024.webp\" alt=\"J\u00f3venes de comunidades de migrantes en Guatemala apreden el oficio de cocinar\" \/><figcaption class=\"elementor-image-carousel-caption\">J\u00f3venes de comunidades de migrantes en Guatemala apreden el oficio de cocinar<\/figcaption><\/figure><\/div><div class=\"swiper-slide\" role=\"group\" aria-roledescription=\"slide\" aria-label=\"5 de 8\"><figure class=\"swiper-slide-inner\"><img decoding=\"async\" class=\"swiper-slide-image\" src=\"https:\/\/soymigrante.com\/revista\/wp-content\/uploads\/2024\/03\/RED-CAFE-MIGRANTES-2.webp\" alt=\"Mayor\u00eda de las cocineras son originarias de comunidades rurales del suroccidente.\" \/><figcaption class=\"elementor-image-carousel-caption\">Mayor\u00eda de las cocineras son originarias de comunidades rurales del suroccidente.<\/figcaption><\/figure><\/div><div class=\"swiper-slide\" role=\"group\" aria-roledescription=\"slide\" aria-label=\"6 de 8\"><figure class=\"swiper-slide-inner\"><img decoding=\"async\" class=\"swiper-slide-image\" src=\"https:\/\/soymigrante.com\/revista\/wp-content\/uploads\/2024\/03\/RED-CAFE-MIGRANTES-1-1024x1024.webp\" alt=\"La red migrante se agencia de fondos de donaciones y de capacitaciones en Guatemala y el extranjero.\" \/><figcaption class=\"elementor-image-carousel-caption\">La red migrante se agencia de fondos de donaciones  y de capacitaciones en Guatemala y el extranjero<\/figcaption><\/figure><\/div><div class=\"swiper-slide\" role=\"group\" aria-roledescription=\"slide\" aria-label=\"7 de 8\"><figure class=\"swiper-slide-inner\"><img decoding=\"async\" class=\"swiper-slide-image\" src=\"https:\/\/soymigrante.com\/revista\/wp-content\/uploads\/2024\/03\/RED-CAFE-MIGRANTES-6-1024x1024.webp\" alt=\"La platillos fusi\u00f3n son la especialidad del restaurante donde los chefs son migrantes.\" \/><figcaption class=\"elementor-image-carousel-caption\">La platillos fusi\u00f3n son la especialidad del restaurante donde los chefs son migrantes.<\/figcaption><\/figure><\/div><div class=\"swiper-slide\" role=\"group\" aria-roledescription=\"slide\" aria-label=\"8 de 8\"><figure class=\"swiper-slide-inner\"><img decoding=\"async\" class=\"swiper-slide-image\" src=\"https:\/\/soymigrante.com\/revista\/wp-content\/uploads\/2024\/03\/Chef-Willy-B-3-1024x768.webp\" alt=\"Los alimentos que se preparan en el restaurante provienen de familias de migrantes del occidente.\" \/><figcaption class=\"elementor-image-carousel-caption\">Los alimentos que se preparan en el restaurante provienen de familias de migrantes del occidente.<\/figcaption><\/figure><\/div>\t\t\t<\/div>\n\t\t\t\t\t\t\t\t\t\t\t\t<div class=\"elementor-swiper-button elementor-swiper-button-prev\" role=\"button\" tabindex=\"0\">\n\t\t\t\t\t\t<i aria-hidden=\"true\" class=\"fas fa-chevron-left\"><\/i>\t\t\t\t\t<\/div>\n\t\t\t\t\t<div class=\"elementor-swiper-button elementor-swiper-button-next\" role=\"button\" tabindex=\"0\">\n\t\t\t\t\t\t<i aria-hidden=\"true\" class=\"eicon-chevron-right\"><\/i>\t\t\t\t\t<\/div>\n\t\t\t\t\n\t\t\t\t\t\t\t\t\t<div class=\"swiper-pagination\"><\/div>\n\t\t\t\t\t\t\t\t\t<\/div>\n\t\t\t\t\t\t<\/div>\n\t\t\t\t\t<\/div>\n\t\t<\/div>\n\t\t\t\t\t<\/div>\n\t\t<\/section>\n\t\t\t\t<section data-particle_enable=\"false\" data-particle-mobile-disabled=\"false\" class=\"elementor-section elementor-top-section elementor-element elementor-element-fa57ac2 elementor-section-boxed elementor-section-height-default elementor-section-height-default\" data-id=\"fa57ac2\" data-element_type=\"section\" data-e-type=\"section\">\n\t\t\t\t\t\t<div class=\"elementor-container elementor-column-gap-default\">\n\t\t\t\t\t<div class=\"elementor-column elementor-col-100 elementor-top-column elementor-element elementor-element-009fce6\" data-id=\"009fce6\" data-element_type=\"column\" data-e-type=\"column\">\n\t\t\t<div class=\"elementor-widget-wrap elementor-element-populated\">\n\t\t\t\t\t\t<div class=\"elementor-element elementor-element-b268edc elementor-widget elementor-widget-heading\" data-id=\"b268edc\" data-element_type=\"widget\" data-e-type=\"widget\" data-widget_type=\"heading.default\">\n\t\t\t\t\t<h3 class=\"elementor-heading-title elementor-size-default\">Un sue\u00f1o en Guatemala sigue creciendo<br><\/h3>\t\t\t\t<\/div>\n\t\t\t\t\t<\/div>\n\t\t<\/div>\n\t\t\t\t\t<\/div>\n\t\t<\/section>\n\t\t\t\t<section data-particle_enable=\"false\" data-particle-mobile-disabled=\"false\" class=\"elementor-section elementor-top-section elementor-element elementor-element-faa16c2 elementor-section-boxed elementor-section-height-default elementor-section-height-default\" data-id=\"faa16c2\" data-element_type=\"section\" data-e-type=\"section\">\n\t\t\t\t\t\t<div class=\"elementor-container elementor-column-gap-default\">\n\t\t\t\t\t<div class=\"elementor-column elementor-col-100 elementor-top-column elementor-element elementor-element-d2d39f9\" data-id=\"d2d39f9\" data-element_type=\"column\" data-e-type=\"column\">\n\t\t\t<div class=\"elementor-widget-wrap elementor-element-populated\">\n\t\t\t\t\t\t<div class=\"elementor-element elementor-element-9929d7b elementor-widget elementor-widget-text-editor\" data-id=\"9929d7b\" data-element_type=\"widget\" data-e-type=\"widget\" data-widget_type=\"text-editor.default\">\n\t\t\t\t\t\t\t\t\t<p>En ese mismo a\u00f1o 2007, Willy Barreno junto Karen del \u00c1guila fundan el proyecto <a href=\"https:\/\/desgua.org\/\">Desarrollo Sostenible para Guatemala (Desgua)<\/a> que se enfoca en cambiar las causas fundamentales de la migraci\u00f3n forzada desarrollando opciones para que los guatemaltecos permanezcan conectados con sus hogares y sus ra\u00edces.<\/p><p>\u201cEl 7 de agosto de 2010 abrimos <a href=\"https:\/\/cafered.org\/\">Caf\u00e9 RED<\/a> en la ciudad de Quetzaltenango, una propuesta para poder tener un trabajo antes de reinsertarnos de nuevo a la cultura de Guatemala porque ya hab\u00edan pasado muchos a\u00f1os y no hab\u00edamos estado aqu\u00ed.\u00a0 En 2015 nos convertimos en una escuela de cocina y certificamos a15 cocineros de las comunidades. Y despu\u00e9s tuvimos la oportunidad de becar a 30 j\u00f3venes de las \u00e1reas rurales\u201d.<\/p><p>Han trascurrido 17 a\u00f1os desde la <a href=\"https:\/\/youtu.be\/HGPIlO0iIbg\">fundaci\u00f3n de Desgua<\/a>. Durante este tiempo, adem\u00e1s de crear el restaurante, la red de migrantes creci\u00f3 y fortaleci\u00f3 sus contactos con comunidades en Estados Unidos. Tambi\u00e9n surgen\u00a0 programas para unir a hijos de migrantes con sus familias en Guatemala. Se capacita a j\u00f3venes en diferentes \u00e1reas, incluso a quienes tienen la intenci\u00f3n de migrar. <br \/>\u201cHay que asegurar que la gente no migre, pero si ya lo han hecho y han tenido que regresar, es importante brindar una posibilidad de vida m\u00e1s digna\u201d, finaliza Willy Barreno.<\/p>\t\t\t\t\t\t\t\t<\/div>\n\t\t\t\t\t<\/div>\n\t\t<\/div>\n\t\t\t\t\t<\/div>\n\t\t<\/section>\n\t\t\t\t<section data-particle_enable=\"false\" data-particle-mobile-disabled=\"false\" class=\"elementor-section elementor-top-section elementor-element elementor-element-78a4d19 elementor-section-boxed elementor-section-height-default elementor-section-height-default\" data-id=\"78a4d19\" data-element_type=\"section\" data-e-type=\"section\">\n\t\t\t\t\t\t<div class=\"elementor-container elementor-column-gap-default\">\n\t\t\t\t\t<div class=\"elementor-column elementor-col-100 elementor-top-column elementor-element elementor-element-61c3050\" data-id=\"61c3050\" data-element_type=\"column\" data-e-type=\"column\">\n\t\t\t<div class=\"elementor-widget-wrap elementor-element-populated\">\n\t\t\t\t\t\t<div class=\"elementor-element elementor-element-06411ef elementor-widget elementor-widget-testimonial\" data-id=\"06411ef\" data-element_type=\"widget\" data-e-type=\"widget\" data-widget_type=\"testimonial.default\">\n\t\t\t\t\t\t\t<div class=\"elementor-testimonial-wrapper\">\n\t\t\t\t\t\t\t<div class=\"elementor-testimonial-content\">\u201cEstaba en una universidad en Guatemala a punto de graduarme y despu\u00e9s estaba limpiando ba\u00f1os en EE. UU.\u201d<\/div>\n\t\t\t\n\t\t\t\t\t\t<div class=\"elementor-testimonial-meta elementor-has-image elementor-testimonial-image-position-aside\">\n\t\t\t\t<div class=\"elementor-testimonial-meta-inner\">\n\t\t\t\t\t\t\t\t\t\t\t<div class=\"elementor-testimonial-image\">\n\t\t\t\t\t\t\t<a href=\"https:\/\/desgua.org\/\"><img loading=\"lazy\" decoding=\"async\" width=\"451\" height=\"441\" src=\"https:\/\/soymigrante.com\/revista\/wp-content\/uploads\/2024\/03\/chef-Willy-Barreno-e1709669982568.webp\" class=\"attachment-full size-full wp-image-5207\" alt=\"chef Willy Barreno\" title=\"chef Willy Barreno \u2013 SoyMigrante.com REVISTA\" srcset=\"https:\/\/soymigrante.com\/revista\/wp-content\/uploads\/2024\/03\/chef-Willy-Barreno-e1709669982568.webp 451w, https:\/\/soymigrante.com\/revista\/wp-content\/uploads\/2024\/03\/chef-Willy-Barreno-e1709669982568-300x293.webp 300w\" sizes=\"(max-width: 451px) 100vw, 451px\" \/><\/a>\t\t\t\t\t\t<\/div>\n\t\t\t\t\t\n\t\t\t\t\t\t\t\t\t\t<div class=\"elementor-testimonial-details\">\n\t\t\t\t\t\t\t\t\t\t\t\t\t\t<a class=\"elementor-testimonial-name\" href=\"https:\/\/desgua.org\/\">Chef y educador Willy Barreno<\/a>\n\t\t\t\t\t\t\t\t\t\t\t\t\t\t\t\t\t\t\t\t\t\t<a class=\"elementor-testimonial-job\" href=\"https:\/\/desgua.org\/\"><span style=\"font-size:11.0pt;line-height:107%;,sans-serif\">Co-fundador de Desarrollo Guatemala DESGUA<\/span><\/a>\n\t\t\t\t\t\t\t\t\t\t\t\t\t<\/div>\n\t\t\t\t\t\t\t\t\t<\/div>\n\t\t\t<\/div>\n\t\t\t\t\t<\/div>\n\t\t\t\t\t\t<\/div>\n\t\t\t\t\t<\/div>\n\t\t<\/div>\n\t\t\t\t\t<\/div>\n\t\t<\/section>\n\t\t\t\t<section data-particle_enable=\"false\" data-particle-mobile-disabled=\"false\" class=\"elementor-section elementor-top-section elementor-element elementor-element-60c6a23 elementor-section-boxed elementor-section-height-default elementor-section-height-default\" data-id=\"60c6a23\" data-element_type=\"section\" data-e-type=\"section\">\n\t\t\t\t\t\t<div class=\"elementor-container elementor-column-gap-default\">\n\t\t\t\t\t<div class=\"elementor-column elementor-col-100 elementor-top-column elementor-element elementor-element-d1ebcec\" data-id=\"d1ebcec\" data-element_type=\"column\" data-e-type=\"column\">\n\t\t\t<div class=\"elementor-widget-wrap elementor-element-populated\">\n\t\t\t\t\t\t<div class=\"elementor-element elementor-element-a68ec23 elementor-widget elementor-widget-heading\" data-id=\"a68ec23\" data-element_type=\"widget\" data-e-type=\"widget\" data-widget_type=\"heading.default\">\n\t\t\t\t\t<h3 class=\"elementor-heading-title elementor-size-default\">Los proyectos de la red migrante en Xela siguen<\/h3>\t\t\t\t<\/div>\n\t\t\t\t\t<\/div>\n\t\t<\/div>\n\t\t\t\t\t<\/div>\n\t\t<\/section>\n\t\t\t\t<section data-particle_enable=\"false\" data-particle-mobile-disabled=\"false\" class=\"elementor-section elementor-top-section elementor-element elementor-element-b89f751 elementor-section-boxed elementor-section-height-default elementor-section-height-default\" data-id=\"b89f751\" data-element_type=\"section\" data-e-type=\"section\">\n\t\t\t\t\t\t<div class=\"elementor-container elementor-column-gap-default\">\n\t\t\t\t\t<div class=\"elementor-column elementor-col-100 elementor-top-column elementor-element elementor-element-f2c1968\" data-id=\"f2c1968\" data-element_type=\"column\" data-e-type=\"column\">\n\t\t\t<div class=\"elementor-widget-wrap elementor-element-populated\">\n\t\t\t\t\t\t<div class=\"elementor-element elementor-element-2ad373c elementor-widget elementor-widget-text-editor\" data-id=\"2ad373c\" data-element_type=\"widget\" data-e-type=\"widget\" data-widget_type=\"text-editor.default\">\n\t\t\t\t\t\t\t\t\t<ul><li><b>Chiltepes Chileros<\/b> es un programa que buscan mantener conectados por redes sociales a los hijos de los migrantes con sus familias, \u201cEn el futuro los hijos de los migrantes vendr\u00e1n a querer conocer d\u00f3nde vivieron sus padres y sus abuelos\u201d, menciona Barreno.<\/li><li>El programa culinario <b>Cocinando por el Sue\u00f1o Guatemalteco<\/b>, es la escuela que Desgua fund\u00f3, de acuerdo con Barreno, el programa ayud\u00f3 a algunos de los j\u00f3venes que estaban contemplando la migraci\u00f3n a sentir que no ten\u00edan que migrar para prosperar aqu\u00ed.<\/li><li>El proyecto m\u00e1s reciente es la <b>Universidad Popular Aut\u00f3noma de las Artes (UAPA),<\/b> \u201cbuscamos conectar docentes con estudiantes, historia con el futuro, ya que encontramos mucha gente culta sin t\u00edtulo, y mucha gente bien titulada sin trabajo\u201d.<\/li><li><b>El Restaurane RED, e<\/b>s una empresa social, restaurante y centro cultural. El objetivo es ayudar a los guatemaltecos a tener \u00e9xito sin tener que migrar. El restaurante trabaja para crear oportunidades educativas y laborales mediante el apoyo y la promoci\u00f3n de la econom\u00eda local, la agricultura org\u00e1nica y los productos y alimentos de comercio justo.<\/li><\/ul>\t\t\t\t\t\t\t\t<\/div>\n\t\t\t\t\t<\/div>\n\t\t<\/div>\n\t\t\t\t\t<\/div>\n\t\t<\/section>\n\t\t\t\t<section data-particle_enable=\"false\" data-particle-mobile-disabled=\"false\" class=\"elementor-section elementor-top-section elementor-element elementor-element-c24f1de elementor-section-boxed elementor-section-height-default elementor-section-height-default\" data-id=\"c24f1de\" data-element_type=\"section\" data-e-type=\"section\">\n\t\t\t\t\t\t<div class=\"elementor-container elementor-column-gap-default\">\n\t\t\t\t\t<div class=\"elementor-column elementor-col-100 elementor-top-column elementor-element elementor-element-71837f5\" data-id=\"71837f5\" data-element_type=\"column\" data-e-type=\"column\">\n\t\t\t<div class=\"elementor-widget-wrap elementor-element-populated\">\n\t\t\t\t\t\t<div class=\"elementor-element elementor-element-b214e41 elementor-widget elementor-widget-video\" data-id=\"b214e41\" data-element_type=\"widget\" data-e-type=\"widget\" data-settings=\"{&quot;youtube_url&quot;:&quot;https:\\\/\\\/www.youtube.com\\\/watch?v=2O8Y2Wm2Nz0&quot;,&quot;video_type&quot;:&quot;youtube&quot;,&quot;controls&quot;:&quot;yes&quot;}\" data-widget_type=\"video.default\">\n\t\t\t\t\t\t\t<div class=\"elementor-wrapper elementor-open-inline\">\n\t\t\t<div class=\"elementor-video\"><\/div>\t\t<\/div>\n\t\t\t\t\t\t<\/div>\n\t\t\t\t\t<\/div>\n\t\t<\/div>\n\t\t\t\t\t<\/div>\n\t\t<\/section>\n\t\t\t\t<section data-particle_enable=\"false\" data-particle-mobile-disabled=\"false\" class=\"elementor-section elementor-top-section elementor-element elementor-element-e3fccdc elementor-section-boxed elementor-section-height-default elementor-section-height-default\" data-id=\"e3fccdc\" data-element_type=\"section\" data-e-type=\"section\">\n\t\t\t\t\t\t<div class=\"elementor-container elementor-column-gap-default\">\n\t\t\t\t\t<div class=\"elementor-column elementor-col-100 elementor-top-column elementor-element elementor-element-477d709\" data-id=\"477d709\" data-element_type=\"column\" data-e-type=\"column\">\n\t\t\t<div class=\"elementor-widget-wrap elementor-element-populated\">\n\t\t\t\t\t\t<div class=\"elementor-element elementor-element-db56b40 elementor-widget elementor-widget-heading\" data-id=\"db56b40\" data-element_type=\"widget\" data-e-type=\"widget\" data-widget_type=\"heading.default\">\n\t\t\t\t\t<h2 class=\"elementor-heading-title elementor-size-default\">Algunas sugerencias para la vida<\/h2>\t\t\t\t<\/div>\n\t\t\t\t\t<\/div>\n\t\t<\/div>\n\t\t\t\t\t<\/div>\n\t\t<\/section>\n\t\t\t\t<section data-particle_enable=\"false\" data-particle-mobile-disabled=\"false\" class=\"elementor-section elementor-top-section elementor-element elementor-element-5e0b2cc elementor-section-boxed elementor-section-height-default elementor-section-height-default\" data-id=\"5e0b2cc\" data-element_type=\"section\" data-e-type=\"section\">\n\t\t\t\t\t\t<div class=\"elementor-container elementor-column-gap-default\">\n\t\t\t\t\t<div class=\"elementor-column elementor-col-100 elementor-top-column elementor-element elementor-element-93231b3\" data-id=\"93231b3\" data-element_type=\"column\" data-e-type=\"column\">\n\t\t\t<div class=\"elementor-widget-wrap elementor-element-populated\">\n\t\t\t\t\t\t<div class=\"elementor-element elementor-element-b9fd936 elementor-widget elementor-widget-blfe-post-grid\" data-id=\"b9fd936\" data-element_type=\"widget\" data-e-type=\"widget\" data-settings=\"{&quot;columns&quot;:&quot;3&quot;,&quot;columns_tablet&quot;:&quot;6&quot;,&quot;columns_mobile&quot;:&quot;12&quot;,&quot;hero1_layout_column_gap&quot;:{&quot;unit&quot;:&quot;px&quot;,&quot;size&quot;:30,&quot;sizes&quot;:[]},&quot;hero1_layout_column_gap_tablet&quot;:{&quot;unit&quot;:&quot;px&quot;,&quot;size&quot;:&quot;&quot;,&quot;sizes&quot;:[]},&quot;hero1_layout_column_gap_mobile&quot;:{&quot;unit&quot;:&quot;px&quot;,&quot;size&quot;:&quot;&quot;,&quot;sizes&quot;:[]},&quot;hero1_layout_row_gap&quot;:{&quot;unit&quot;:&quot;px&quot;,&quot;size&quot;:30,&quot;sizes&quot;:[]},&quot;hero1_layout_row_gap_tablet&quot;:{&quot;unit&quot;:&quot;px&quot;,&quot;size&quot;:&quot;&quot;,&quot;sizes&quot;:[]},&quot;hero1_layout_row_gap_mobile&quot;:{&quot;unit&quot;:&quot;px&quot;,&quot;size&quot;:&quot;&quot;,&quot;sizes&quot;:[]}}\" data-widget_type=\"blfe-post-grid.hero1\">\n\t\t\t\t<div class=\"elementor-widget-container\">\n\t\t\t\t\t\n                        <div class=\"blfe-post-grid-container \">\n            \n                <div data-skin=\"hero1\" class=\"blfe-row blfe-posts-inner blfe-hero1 blfe-posts-inner blfe-col-3 blfe-col-tab-6 blfe-col-mob-12     \">\n                            <div class=\"blfe-post-grid-item\">\n            <div class=\"blfe-post-grid-item-inner blfe-modern-zoom\">\n                        <div class=\"blfe-post-grid-bg-image\">\n            <a class=\"blfe-post-grid-image-inner\" href=\"https:\/\/soymigrante.com\/revista\/el-duelo-migratorio-existe-y-no-solo-es-uno-son-siete-los-duelos-del-migrante\/\" title=\"Duelo de distancia  es real pero se puede y se debe superar\" rel=\"nofollow\" target=\"_blank\"><img decoding=\"async\" src=\"https:\/\/soymigrante.com\/revista\/wp-content\/uploads\/2024\/01\/Duelo-de-distancia-es-real.webp\" alt=\"Duelo de distancia  es real pero se puede y se debe superar\"\/><\/a>        <\/div>\n                        <div class=\"blfe-post-grid-details\">\n                    <div class=\"blfe-post-grid-details-inner\">\n                        <span class=\"blfe-post-category\"><a href=\"https:\/\/soymigrante.com\/revista\/category\/bienestar\/\">Bienestar<\/a><\/span>                        <h3 class=\"blfe-post-grid-title\">\n            <a href=\"https:\/\/soymigrante.com\/revista\/el-duelo-migratorio-existe-y-no-solo-es-uno-son-siete-los-duelos-del-migrante\/\" title=\"Duelo de distancia  es real pero se puede y se debe superar\" rel=\"nofollow\" target=\"_blank\">Duelo de distancia  es real pero se puede y se debe superar<\/a>\n            <\/h3>                                                            <div class=\"blfe-post-grid-meta\">\n                <span class=\"blfe-post-grid-time\"><i class=\"fas fa-book-reader\"><\/i>4 Min read<\/span>            <\/div>\n                                                        <\/div>\n                <\/div>\n\n            <\/div>\n        <\/div>\n                <div class=\"blfe-post-grid-item\">\n            <div class=\"blfe-post-grid-item-inner blfe-modern-zoom\">\n                        <div class=\"blfe-post-grid-bg-image\">\n            <a class=\"blfe-post-grid-image-inner\" href=\"https:\/\/soymigrante.com\/revista\/7-aspectos-para-aprovechar-mejor-las-remesas-enviadas-a-guatemala\/\" title=\"Siete claves para aprovechar mejor las remesas enviadas a familiares en Guatemala\" rel=\"nofollow\" target=\"_blank\"><img decoding=\"async\" src=\"https:\/\/soymigrante.com\/revista\/wp-content\/uploads\/2023\/05\/WhatsApp-Image-2024-05-07-at-3.58.29-PM-e1715699771795.webp\" alt=\"Siete claves para aprovechar mejor las remesas enviadas a familiares en Guatemala\"\/><\/a>        <\/div>\n                        <div class=\"blfe-post-grid-details\">\n                    <div class=\"blfe-post-grid-details-inner\">\n                        <span class=\"blfe-post-category\"><a href=\"https:\/\/soymigrante.com\/revista\/category\/bienestar\/\">Bienestar<\/a><\/span>                        <h3 class=\"blfe-post-grid-title\">\n            <a href=\"https:\/\/soymigrante.com\/revista\/7-aspectos-para-aprovechar-mejor-las-remesas-enviadas-a-guatemala\/\" title=\"Siete claves para aprovechar mejor las remesas enviadas a familiares en Guatemala\" rel=\"nofollow\" target=\"_blank\">Siete claves para aprovechar mejor las remesas enviadas a familiares en Guatemala<\/a>\n            <\/h3>                                                            <div class=\"blfe-post-grid-meta\">\n                <span class=\"blfe-post-grid-time\"><i class=\"fas fa-book-reader\"><\/i>5 Min read<\/span>            <\/div>\n                                                        <\/div>\n                <\/div>\n\n            <\/div>\n        <\/div>\n                <div class=\"blfe-post-grid-item\">\n            <div class=\"blfe-post-grid-item-inner blfe-modern-zoom\">\n                        <div class=\"blfe-post-grid-bg-image\">\n            <a class=\"blfe-post-grid-image-inner\" href=\"https:\/\/soymigrante.com\/revista\/con-amor\/\" title=\"Claves para superar la nostalgia migrante\" rel=\"nofollow\" target=\"_blank\"><img decoding=\"async\" src=\"https:\/\/soymigrante.com\/revista\/wp-content\/uploads\/2024\/01\/Claves-para-superar-la-nostalgia.webp\" alt=\"Claves para superar la nostalgia migrante\"\/><\/a>        <\/div>\n                        <div class=\"blfe-post-grid-details\">\n                    <div class=\"blfe-post-grid-details-inner\">\n                        <span class=\"blfe-post-category\"><a href=\"https:\/\/soymigrante.com\/revista\/category\/bienestar\/\">Bienestar<\/a><\/span>                        <h3 class=\"blfe-post-grid-title\">\n            <a href=\"https:\/\/soymigrante.com\/revista\/con-amor\/\" title=\"Claves para superar la nostalgia migrante\" rel=\"nofollow\" target=\"_blank\">Claves para superar la nostalgia migrante<\/a>\n            <\/h3>                                                            <div class=\"blfe-post-grid-meta\">\n                <span class=\"blfe-post-grid-time\"><i class=\"fas fa-book-reader\"><\/i>4 Min read<\/span>            <\/div>\n                                                        <\/div>\n                <\/div>\n\n            <\/div>\n        <\/div>\n                        <\/div>\n\n                        <\/div>\n            \n                        <div class=\"blfe-post-footer\">\n                        <\/div>\n            \t\t\t\t<\/div>\n\t\t\t\t<\/div>\n\t\t\t\t\t<\/div>\n\t\t<\/div>\n\t\t\t\t\t<\/div>\n\t\t<\/section>\n\t\t\t\t<\/div>\n\t\t","protected":false},"excerpt":{"rendered":"<p>La muerte de una madre migrante cambi\u00f3 la vida del chef guatemalteco Willy Barreno quien desde Estados Unidos inici\u00f3 cre\u00f3 un proyecto social con sede en Quetzaltenango para capacitar a j\u00f3venes y apoyar a retornados. Willy Barreno migr\u00f3 a Estados Unidos en 1996, su objetivo: cumplir el anhelado sue\u00f1o americano. Sin embargo, la vida misma [&hellip;]<\/p>\n","protected":false},"author":14,"featured_media":5186,"comment_status":"open","ping_status":"open","sticky":false,"template":"","format":"standard","meta":{"_acf_changed":false,"_eb_attr":"","footnotes":""},"categories":[50],"tags":[],"class_list":["post-5160","post","type-post","status-publish","format-standard","has-post-thumbnail","hentry","category-exitos"],"acf":[],"aioseo_notices":[],"aioseo_head":"\n\t\t<!-- All in One SEO Pro 4.9.6.2 - aioseo.com -->\n\t<meta name=\"description\" content=\"La nostalgia o melancol\u00eda un sentimiento normal fundamentado en el anhelo por recuperar lo que se ha perdido pero hay que saber transformarlo para revalorarse, pues si se prolonga resta fuerza al presente y pasi\u00f3n al futuro. Por Adolfo Rodr\u00edguez A menudo un migrante se encuentra con un sentimiento que de alguna manera reconforta, pero\" \/>\n\t<meta name=\"robots\" content=\"max-snippet:-1, max-image-preview:large, max-video-preview:-1\" \/>\n\t<meta name=\"author\" content=\"SoyMigrante.com REVISTA\"\/>\n\t<link rel=\"canonical\" href=\"https:\/\/soymigrante.com\/revista\/con-amor\/\" \/>\n\t<meta name=\"generator\" content=\"All in One SEO Pro (AIOSEO) 4.9.6.2\" \/>\n\n\t\t<link rel=\"preconnect\" href=\"https:\/\/fonts.googleapis.com\" crossorigin>\n<link rel=\"preconnect\" href=\"https:\/\/fonts.gstatic.com\" crossorigin>\n\t\t<meta property=\"og:locale\" content=\"es_ES\" \/>\n\t\t<meta property=\"og:site_name\" content=\"SoyMigrante.com REVISTA \u2013 Nuestra misi\u00f3n es reconocer y dignificar al migrante.\" \/>\n\t\t<meta property=\"og:type\" content=\"article\" \/>\n\t\t<meta property=\"og:title\" content=\"Claves para superar la nostalgia migrante\" \/>\n\t\t<meta property=\"og:description\" content=\"La nostalgia o melancol\u00eda un sentimiento normal fundamentado en el anhelo por recuperar lo que se ha perdido pero hay que saber transformarlo para revalorarse, pues si se prolonga resta fuerza al presente y pasi\u00f3n al futuro. Por Adolfo Rodr\u00edguez A menudo un migrante se encuentra con un sentimiento que de alguna manera reconforta, pero\" \/>\n\t\t<meta property=\"og:url\" content=\"https:\/\/soymigrante.com\/revista\/con-amor\/\" \/>\n\t\t<meta property=\"og:image\" content=\"https:\/\/soymigrante.com\/revista\/wp-content\/uploads\/2024\/01\/Claves-para-superar-la-nostalgia.webp\" \/>\n\t\t<meta property=\"og:image:secure_url\" content=\"https:\/\/soymigrante.com\/revista\/wp-content\/uploads\/2024\/01\/Claves-para-superar-la-nostalgia.webp\" \/>\n\t\t<meta property=\"og:image:width\" content=\"1024\" \/>\n\t\t<meta property=\"og:image:height\" content=\"1024\" \/>\n\t\t<meta property=\"article:published_time\" content=\"2023-05-26T00:35:08+00:00\" \/>\n\t\t<meta property=\"article:modified_time\" content=\"2024-06-25T22:41:49+00:00\" \/>\n\t\t<meta property=\"article:publisher\" content=\"https:\/\/www.facebook.com\/soymigrantecom\" \/>\n\t\t<meta name=\"twitter:card\" content=\"summary_large_image\" \/>\n\t\t<meta name=\"twitter:site\" content=\"@SoyMigrante_com\" \/>\n\t\t<meta name=\"twitter:title\" content=\"Claves para superar la nostalgia migrante\" \/>\n\t\t<meta name=\"twitter:description\" content=\"La nostalgia o melancol\u00eda un sentimiento normal fundamentado en el anhelo por recuperar lo que se ha perdido pero hay que saber transformarlo para revalorarse, pues si se prolonga resta fuerza al presente y pasi\u00f3n al futuro. Por Adolfo Rodr\u00edguez A menudo un migrante se encuentra con un sentimiento que de alguna manera reconforta, pero\" \/>\n\t\t<meta name=\"twitter:creator\" content=\"@SoyMigrante_com\" \/>\n\t\t<meta name=\"twitter:image\" content=\"https:\/\/soymigrante.com\/revista\/wp-content\/uploads\/2024\/01\/Claves-para-superar-la-nostalgia.webp\" \/>\n\t\t<!-- All in One SEO Pro -->\r\n\t\t<title>Claves para superar la nostalgia migrante<\/title>\n\n","aioseo_head_json":{"title":"Claves para superar la nostalgia migrante","description":"La nostalgia o melancol\u00eda un sentimiento normal fundamentado en el anhelo por recuperar lo que se ha perdido pero hay que saber transformarlo para revalorarse, pues si se prolonga resta fuerza al presente y pasi\u00f3n al futuro. Por Adolfo Rodr\u00edguez A menudo un migrante se encuentra con un sentimiento que de alguna manera reconforta, pero","canonical_url":"https:\/\/soymigrante.com\/revista\/con-amor\/","robots":"max-snippet:-1, max-image-preview:large, max-video-preview:-1","keywords":"","webmasterTools":{"miscellaneous":"&lt;link rel=\"preconnect\" href=\"https:\/\/fonts.googleapis.com\" crossorigin&gt;\n&lt;link rel=\"preconnect\" href=\"https:\/\/fonts.gstatic.com\" crossorigin&gt;"},"schema":null,"og:locale":"es_ES","og:site_name":"SoyMigrante.com REVISTA \u2013 Nuestra misi\u00f3n es reconocer y dignificar al migrante.","og:type":"article","og:title":"Claves para superar la nostalgia migrante","og:description":"La nostalgia o melancol\u00eda un sentimiento normal fundamentado en el anhelo por recuperar lo que se ha perdido pero hay que saber transformarlo para revalorarse, pues si se prolonga resta fuerza al presente y pasi\u00f3n al futuro. Por Adolfo Rodr\u00edguez A menudo un migrante se encuentra con un sentimiento que de alguna manera reconforta, pero","og:url":"https:\/\/soymigrante.com\/revista\/con-amor\/","og:image":"https:\/\/soymigrante.com\/revista\/wp-content\/uploads\/2024\/01\/Claves-para-superar-la-nostalgia.webp","og:image:secure_url":"https:\/\/soymigrante.com\/revista\/wp-content\/uploads\/2024\/01\/Claves-para-superar-la-nostalgia.webp","og:image:width":1024,"og:image:height":1024,"article:published_time":"2023-05-26T00:35:08+00:00","article:modified_time":"2024-06-25T22:41:49+00:00","article:publisher":"https:\/\/www.facebook.com\/soymigrantecom","twitter:card":"summary_large_image","twitter:site":"@SoyMigrante_com","twitter:title":"Claves para superar la nostalgia migrante","twitter:description":"La nostalgia o melancol\u00eda un sentimiento normal fundamentado en el anhelo por recuperar lo que se ha perdido pero hay que saber transformarlo para revalorarse, pues si se prolonga resta fuerza al presente y pasi\u00f3n al futuro. Por Adolfo Rodr\u00edguez A menudo un migrante se encuentra con un sentimiento que de alguna manera reconforta, pero","twitter:creator":"@SoyMigrante_com","twitter:image":"https:\/\/soymigrante.com\/revista\/wp-content\/uploads\/2024\/01\/Claves-para-superar-la-nostalgia.webp"},"aioseo_meta_data":{"post_id":"5160","title":null,"description":null,"keywords":[],"keyphrases":{"focus":{"keyphrase":"Migrante","score":82,"analysis":{"keyphraseInTitle":{"score":9,"maxScore":9,"error":0},"keyphraseInDescription":{"score":9,"maxScore":9,"error":0},"keyphraseLength":{"score":9,"maxScore":9,"error":0,"length":1},"keyphraseInURL":{"score":5,"maxScore":5,"error":0},"keyphraseInIntroduction":{"score":3,"maxScore":9,"error":1},"keyphraseInSubHeadings":{"score":3,"maxScore":9,"error":1},"keyphraseInImageAlt":{"score":9,"maxScore":9,"error":0},"keywordDensity":{"type":"best","score":9,"maxScore":9,"error":0}}},"additional":[]},"primary_term":null,"canonical_url":null,"og_title":null,"og_description":null,"og_object_type":"default","og_image_type":"default","og_image_url":null,"og_image_width":null,"og_image_height":null,"og_image_custom_url":null,"og_image_custom_fields":null,"og_video":"","og_custom_url":null,"og_article_section":null,"og_article_tags":[],"twitter_use_og":false,"twitter_card":"default","twitter_image_type":"default","twitter_image_url":null,"twitter_image_custom_url":null,"twitter_image_custom_fields":null,"twitter_title":null,"twitter_description":null,"schema":{"blockGraphs":[],"customGraphs":[],"default":{"data":{"Article":[],"Course":[],"Dataset":[],"FAQPage":[],"Movie":[],"Person":[],"Product":[],"ProductReview":[],"Car":[],"Recipe":[],"Service":[],"SoftwareApplication":[],"WebPage":[]},"graphName":"BlogPosting","isEnabled":true},"graphs":[]},"schema_type":"default","schema_type_options":null,"pillar_content":false,"robots_default":true,"robots_noindex":false,"robots_noarchive":false,"robots_nosnippet":false,"robots_nofollow":false,"robots_noimageindex":false,"robots_noodp":false,"robots_notranslate":false,"robots_max_snippet":"-1","robots_max_videopreview":"-1","robots_max_imagepreview":"large","priority":null,"frequency":"default","local_seo":null,"seo_analyzer_scan_date":"2025-10-08 21:20:10","breadcrumb_settings":null,"limit_modified_date":false,"reviewed_by":null,"open_ai":null,"ai":null,"created":"2024-03-05 05:48:50","updated":"2026-02-04 10:56:08"},"aioseo_breadcrumb":"<div class=\"aioseo-breadcrumbs\"><span class=\"aioseo-breadcrumb\">\n\t<a href=\"https:\/\/soymigrante.com\/revista\" title=\"Home\">Home<\/a>\n<\/span><span class=\"aioseo-breadcrumb-separator\">\u00bb<\/span><span class=\"aioseo-breadcrumb\">\n\t<a href=\"https:\/\/soymigrante.com\/revista\/category\/exitos\/\" title=\"\u00c9xitos\">\u00c9xitos<\/a>\n<\/span><span class=\"aioseo-breadcrumb-separator\">\u00bb<\/span><span class=\"aioseo-breadcrumb\">\n\tWilly Barreno: chef migrante ayuda a migrantes en su propia tierra\n<\/span><\/div>","aioseo_breadcrumb_json":[{"label":"Home","link":"https:\/\/soymigrante.com\/revista"},{"label":"\u00c9xitos","link":"https:\/\/soymigrante.com\/revista\/category\/exitos\/"},{"label":"Willy Barreno: chef migrante ayuda a migrantes en su propia tierra","link":"https:\/\/soymigrante.com\/revista\/willy-barreno-ayuda-migrantes-quetzaltenango-proyecto\/"}],"_links":{"self":[{"href":"https:\/\/soymigrante.com\/revista\/wp-json\/wp\/v2\/posts\/5160","targetHints":{"allow":["GET"]}}],"collection":[{"href":"https:\/\/soymigrante.com\/revista\/wp-json\/wp\/v2\/posts"}],"about":[{"href":"https:\/\/soymigrante.com\/revista\/wp-json\/wp\/v2\/types\/post"}],"author":[{"embeddable":true,"href":"https:\/\/soymigrante.com\/revista\/wp-json\/wp\/v2\/users\/14"}],"replies":[{"embeddable":true,"href":"https:\/\/soymigrante.com\/revista\/wp-json\/wp\/v2\/comments?post=5160"}],"version-history":[{"count":0,"href":"https:\/\/soymigrante.com\/revista\/wp-json\/wp\/v2\/posts\/5160\/revisions"}],"wp:featuredmedia":[{"embeddable":true,"href":"https:\/\/soymigrante.com\/revista\/wp-json\/wp\/v2\/media\/5186"}],"wp:attachment":[{"href":"https:\/\/soymigrante.com\/revista\/wp-json\/wp\/v2\/media?parent=5160"}],"wp:term":[{"taxonomy":"category","embeddable":true,"href":"https:\/\/soymigrante.com\/revista\/wp-json\/wp\/v2\/categories?post=5160"},{"taxonomy":"post_tag","embeddable":true,"href":"https:\/\/soymigrante.com\/revista\/wp-json\/wp\/v2\/tags?post=5160"}],"curies":[{"name":"wp","href":"https:\/\/api.w.org\/{rel}","templated":true}]}}