{"id":51586,"date":"2026-01-28T11:14:48","date_gmt":"2026-01-28T17:14:48","guid":{"rendered":"https:\/\/soymigrante.com\/revista\/?p=51586"},"modified":"2026-01-29T05:20:26","modified_gmt":"2026-01-29T11:20:26","slug":"tormenta-invernal-asi-viven-migrantes-guatemaltecos-estados-unidos-ciudades","status":"publish","type":"post","link":"https:\/\/soymigrante.com\/revista\/tormenta-invernal-asi-viven-migrantes-guatemaltecos-estados-unidos-ciudades\/","title":{"rendered":"As\u00ed viven migrantes guatemaltecos la tormenta invernal en varias ciudades de Estados Unidos"},"content":{"rendered":"\t\t<div data-elementor-type=\"wp-post\" data-elementor-id=\"51586\" class=\"elementor elementor-51586\" data-elementor-post-type=\"post\">\n\t\t\t\t<div data-particle_enable=\"false\" data-particle-mobile-disabled=\"false\" class=\"elementor-element elementor-element-0b6b863 e-flex e-con-boxed e-con e-parent\" data-id=\"0b6b863\" data-element_type=\"container\" data-e-type=\"container\">\n\t\t\t\t\t<div class=\"e-con-inner\">\n\t\t\t\t<div class=\"elementor-element elementor-element-130c845 elementor-widget elementor-widget-heading\" data-id=\"130c845\" data-element_type=\"widget\" data-e-type=\"widget\" data-widget_type=\"heading.default\">\n\t\t\t\t\t<h2 class=\"elementor-heading-title elementor-size-default\">\u00bfC\u00f3mo le va con la ola invernal? Es la pregunta com\u00fan a varios migrantes guatemaltecos. Depende. Algunos est\u00e1n bastante acostumbrados al fr\u00edo por vivir m\u00e1s al norte. Otros, no tanto. As\u00ed lo cuenta. (Gracias por sus reportes)<\/h2>\t\t\t\t<\/div>\n\t\t\t\t\t<\/div>\n\t\t\t\t<\/div>\n\t\t<div data-particle_enable=\"false\" data-particle-mobile-disabled=\"false\" class=\"elementor-element elementor-element-d2a5636 e-flex e-con-boxed e-con e-parent\" data-id=\"d2a5636\" data-element_type=\"container\" data-e-type=\"container\">\n\t\t\t\t\t<div class=\"e-con-inner\">\n\t\t\t\t<div class=\"elementor-element elementor-element-67d5099 elementor-widget elementor-widget-text-editor\" data-id=\"67d5099\" data-element_type=\"widget\" data-e-type=\"widget\" data-widget_type=\"text-editor.default\">\n\t\t\t\t\t\t\t\t\t<p>La <a href=\"https:\/\/www.usa.gov\/es\/tormenta-invernal-2026\">tormenta invernal 2026 <\/a>sigue afectando a m\u00e1s de 35 Estados de la Uni\u00f3n Americana y ya ha causado varios fallecidos, por consecuencia del fr\u00edo o accidentes por hielo en rutas. Se han suspendido clases, varias actividades p\u00fablicas, seg\u00fan la intensidad en cada regi\u00f3n y ciudad.\u00a0 Las autoridades recomiendan precauci\u00f3n.<\/p><p>Los guatemaltecos migrantes en Estados Unidos <a href=\"https:\/\/soymigrante.com\/revista\/cambio-de-clima-en-usa-suele-ser-u\">no son ajenos a esta situaci\u00f3n<\/a> y as\u00ed reportan desde sus respectivos lugares de residencia.\u00a0\u00a0<\/p><h3>Wilmar Mej\u00eda, profesor en Texas<\/h3><p><a href=\"https:\/\/soymigrante.com\/revista\/la-ruta-wilmar-mejia-podcaster-y-maestro-en-dallas-siempre-vuelve-a-guatemala\/\">El profesor Wilmar Mej\u00eda, guatemalteco radicado en Dallas, Texas,<\/a> intent\u00f3 subir, como todos los d\u00edas con su carro por la peque\u00f1a pendiente desde la calle hasta su garaje. Pero la nieve se lo impidi\u00f3. &#8220;Es una subida leve, como de 5 grados. Pero a medio tramo, el carro empez\u00f3 a patinar y a deslizarse hacia atr\u00e1s. Por poco y le pego a un carro que estaba en la acera de la calle&#8221;, cuenta.<\/p>\t\t\t\t\t\t\t\t<\/div>\n\t\t\t\t\t<\/div>\n\t\t\t\t<\/div>\n\t\t<div data-particle_enable=\"false\" data-particle-mobile-disabled=\"false\" class=\"elementor-element elementor-element-8abd721 e-flex e-con-boxed e-con e-parent\" data-id=\"8abd721\" data-element_type=\"container\" data-e-type=\"container\">\n\t\t\t\t\t<div class=\"e-con-inner\">\n\t\t\t\t<div class=\"elementor-element elementor-element-8fa02b5 elementor-widget elementor-widget-image\" data-id=\"8fa02b5\" data-element_type=\"widget\" data-e-type=\"widget\" data-widget_type=\"image.default\">\n\t\t\t\t\t\t\t\t\t\t\t\t<figure class=\"wp-caption\">\n\t\t\t\t\t\t\t\t\t\t<img fetchpriority=\"high\" decoding=\"async\" width=\"756\" height=\"1024\" src=\"https:\/\/soymigrante.com\/revista\/wp-content\/uploads\/2026\/01\/profe-texas-756x1024.jpeg\" class=\"attachment-large size-large wp-image-51592\" alt=\"A diferencia de ciudades del norte de Estados Unidos, las de Texas no tienen equipo para remover nieve en las calles, lo cual crea una capa que hace complicado conducir. Pero no todo es malo para todos. &quot;Esto es mi hija ah\u00ed en una canasta pl\u00e1stica que usamos para la ropa us\u00e1ndola como trineo&quot;, relata Wilmar Mej\u00eda, guatemalteco en Dallas.\" srcset=\"https:\/\/soymigrante.com\/revista\/wp-content\/uploads\/2026\/01\/profe-texas-756x1024.jpeg 756w, https:\/\/soymigrante.com\/revista\/wp-content\/uploads\/2026\/01\/profe-texas-222x300.jpeg 222w, https:\/\/soymigrante.com\/revista\/wp-content\/uploads\/2026\/01\/profe-texas-768x1040.jpeg 768w, https:\/\/soymigrante.com\/revista\/wp-content\/uploads\/2026\/01\/profe-texas-1135x1536.jpeg 1135w, https:\/\/soymigrante.com\/revista\/wp-content\/uploads\/2026\/01\/profe-texas-750x1015.jpeg 750w, https:\/\/soymigrante.com\/revista\/wp-content\/uploads\/2026\/01\/profe-texas-1140x1543.jpeg 1140w, https:\/\/soymigrante.com\/revista\/wp-content\/uploads\/2026\/01\/profe-texas.jpeg 1182w\" sizes=\"(max-width: 756px) 100vw, 756px\" title=\"A diferencia de ciudades del norte de Estados Unidos, las de Texas no tienen equipo para remover nieve en las calles, lo cual crea una capa que hace complicado conducir. Pero no todo es malo para todos. &quot;Esto es mi hija ah\u00ed en una canasta pl\u00e1stica que usamos para la ropa us\u00e1ndola como trineo&quot;, relata Wilmar Mej\u00eda, guatemalteco en Dallas. \u2013 SoyMigrante.com REVISTA\" \/>\t\t\t\t\t\t\t\t\t\t\t<figcaption class=\"widget-image-caption wp-caption-text\">A diferencia de ciudades del norte de Estados Unidos, las de Texas no tienen equipo para remover nieve en las calles, lo cual crea una capa que hace complicado conducir. Pero no todo es malo para todos. \"Esto es mi hija ah\u00ed en una canasta pl\u00e1stica que usamos para la ropa us\u00e1ndola como trineo\", relata Wilmar Mej\u00eda, guatemalteco en Dallas.<\/figcaption>\n\t\t\t\t\t\t\t\t\t\t<\/figure>\n\t\t\t\t\t\t\t\t\t<\/div>\n\t\t\t\t\t<\/div>\n\t\t\t\t<\/div>\n\t\t<div data-particle_enable=\"false\" data-particle-mobile-disabled=\"false\" class=\"elementor-element elementor-element-a48165c e-flex e-con-boxed e-con e-parent\" data-id=\"a48165c\" data-element_type=\"container\" data-e-type=\"container\">\n\t\t\t\t\t<div class=\"e-con-inner\">\n\t\t\t\t<div class=\"elementor-element elementor-element-02ac089 elementor-widget elementor-widget-text-editor\" data-id=\"02ac089\" data-element_type=\"widget\" data-e-type=\"widget\" data-widget_type=\"text-editor.default\">\n\t\t\t\t\t\t\t\t\t<p>\u00a0&#8220;Hoy (28 enero) tercer d\u00eda sin ir a trabajar.\u00a0 \u00a0Es casi de risa.\u00a0 Cae muy poca nieve. Pero como estas ciudades de Texas no tienen equipo para removerla, pues uno se queda encerrado.\u00a0 He intentado salir y en una hora y media avanzo diez kil\u00f3metros sin tr\u00e1fico.\u00a0 Porque el carro patina a cada rato&#8221;, agrega <a href=\"https:\/\/soymigrante.com\/revista\/la-ruta-wilmar-mejia-podcaster-y-maestro-en-dallas-siempre-vuelve-a-guatemala\/\">Mej\u00eda.\u00a0<\/a><\/p><p>&#8220;Hubo en otras ciudades vecinas un par de accidentes tr\u00e1gicos.\u00a0 Adolescentes que los jalaron en carros y al ir muy r\u00e1pido se soltaron y golpearon un \u00e1rbol.\u00a0 Estos hechos muestran que en estas condiciones clim\u00e1ticas, hasta algo tan sencillo como jalar un carro se puede volver tr\u00e1gico&#8221;<\/p>\t\t\t\t\t\t\t\t<\/div>\n\t\t\t\t\t<\/div>\n\t\t\t\t<\/div>\n\t\t<div data-particle_enable=\"false\" data-particle-mobile-disabled=\"false\" class=\"elementor-element elementor-element-766a886 e-flex e-con-boxed e-con e-parent\" data-id=\"766a886\" data-element_type=\"container\" data-e-type=\"container\">\n\t\t\t\t\t<div class=\"e-con-inner\">\n\t\t\t\t<div class=\"elementor-element elementor-element-b9d9a44 elementor-widget elementor-widget-image\" data-id=\"b9d9a44\" data-element_type=\"widget\" data-e-type=\"widget\" data-widget_type=\"image.default\">\n\t\t\t\t\t\t\t\t\t\t\t\t<figure class=\"wp-caption\">\n\t\t\t\t\t\t\t\t\t\t<img decoding=\"async\" width=\"768\" height=\"1024\" src=\"https:\/\/soymigrante.com\/revista\/wp-content\/uploads\/2026\/01\/profe-resbalon-en-la-nieve-768x1024.jpeg\" class=\"attachment-large size-large wp-image-51593\" alt=\"Este fue el punto hasta el cual pudo avanzar el carro de Wilmar y despu\u00e9s empez\u00f3 a deslizarse hacia atr\u00e1s, al intentar entrar de la calle a su garaje. Una peque\u00f1a pendiente se hizo resbaladero en Dallas, Texas.\" srcset=\"https:\/\/soymigrante.com\/revista\/wp-content\/uploads\/2026\/01\/profe-resbalon-en-la-nieve-768x1024.jpeg 768w, https:\/\/soymigrante.com\/revista\/wp-content\/uploads\/2026\/01\/profe-resbalon-en-la-nieve-225x300.jpeg 225w, https:\/\/soymigrante.com\/revista\/wp-content\/uploads\/2026\/01\/profe-resbalon-en-la-nieve-1152x1536.jpeg 1152w, https:\/\/soymigrante.com\/revista\/wp-content\/uploads\/2026\/01\/profe-resbalon-en-la-nieve-750x1000.jpeg 750w, https:\/\/soymigrante.com\/revista\/wp-content\/uploads\/2026\/01\/profe-resbalon-en-la-nieve-1140x1520.jpeg 1140w, https:\/\/soymigrante.com\/revista\/wp-content\/uploads\/2026\/01\/profe-resbalon-en-la-nieve.jpeg 1200w\" sizes=\"(max-width: 768px) 100vw, 768px\" title=\"Este fue el punto hasta el cual pudo avanzar el carro de Wilmar y despu\u00e9s empez\u00f3 a deslizarse hacia atr\u00e1s, al intentar entrar de la calle a su garaje. Una peque\u00f1a pendiente se hizo resbaladero en Dallas, Texas. \u2013 SoyMigrante.com REVISTA\" \/>\t\t\t\t\t\t\t\t\t\t\t<figcaption class=\"widget-image-caption wp-caption-text\">Este fue el punto hasta el cual pudo avanzar el carro de Wilmar y despu\u00e9s empez\u00f3 a deslizarse hacia atr\u00e1s, al intentar entrar de la calle a su garaje. Una peque\u00f1a pendiente se hizo resbaladero en Dallas, Texas.<\/figcaption>\n\t\t\t\t\t\t\t\t\t\t<\/figure>\n\t\t\t\t\t\t\t\t\t<\/div>\n\t\t\t\t\t<\/div>\n\t\t\t\t<\/div>\n\t\t<div data-particle_enable=\"false\" data-particle-mobile-disabled=\"false\" class=\"elementor-element elementor-element-fab7f67 e-flex e-con-boxed e-con e-parent\" data-id=\"fab7f67\" data-element_type=\"container\" data-e-type=\"container\">\n\t\t\t\t\t<div class=\"e-con-inner\">\n\t\t\t\t<div class=\"elementor-element elementor-element-b79a5c6 elementor-widget elementor-widget-heading\" data-id=\"b79a5c6\" data-element_type=\"widget\" data-e-type=\"widget\" data-widget_type=\"heading.default\">\n\t\t\t\t\t<h3 class=\"elementor-heading-title elementor-size-default\">Nieve se acumula en Arlington, Virginia<\/h3>\t\t\t\t<\/div>\n\t\t\t\t\t<\/div>\n\t\t\t\t<\/div>\n\t\t<div data-particle_enable=\"false\" data-particle-mobile-disabled=\"false\" class=\"elementor-element elementor-element-faeb6bb e-flex e-con-boxed e-con e-parent\" data-id=\"faeb6bb\" data-element_type=\"container\" data-e-type=\"container\">\n\t\t\t\t\t<div class=\"e-con-inner\">\n\t\t\t\t<div class=\"elementor-element elementor-element-9ce186a elementor-widget elementor-widget-text-editor\" data-id=\"9ce186a\" data-element_type=\"widget\" data-e-type=\"widget\" data-widget_type=\"text-editor.default\">\n\t\t\t\t\t\t\t\t\t<p>&#8220;Muchas oficinas siguen cerradas, otras est\u00e1n abriendo dos horas por la tarde. Las actividades escolares se cancelaron desde el s\u00e1bado. Y hasta ahora no se han limpiado las calles. Las carreteras grandes s\u00ed las limpiaron bien, pero las calles peque\u00f1as \u00a1olv\u00eddese! Entra y queda atrapado. Pero estamos en pleno invierno, ya nos acostumbramos.\u00a0 Eso s\u00ed, ya hac\u00eda mucho que no ca\u00eda tanta nieve y hielo a la vez. Eso hace que la descongelada sea muy lenta&#8221;, <a href=\"https:\/\/soymigrante.com\/revista\/a-ti-mujer-mensaje-de-la-migrante-letty-baran-a-todas-las-guatemaltecas-e-hispanas-en-su-dia\/\">cuenta Letty Bar\u00e1n, l\u00edder migrante guatemalteca desde Arlington, Virginia.<\/a><\/p><p>&#8220;Para muchos migrantes esta es una temporada dif\u00edcil, porque no hay trabajos. Tienen que salir a pie a tomar buses, se complica mucho&#8221;, agrega Letty.<\/p>\t\t\t\t\t\t\t\t<\/div>\n\t\t\t\t\t<\/div>\n\t\t\t\t<\/div>\n\t\t<div data-particle_enable=\"false\" data-particle-mobile-disabled=\"false\" class=\"elementor-element elementor-element-4fc5db4 e-flex e-con-boxed e-con e-parent\" data-id=\"4fc5db4\" data-element_type=\"container\" data-e-type=\"container\">\n\t\t\t\t\t<div class=\"e-con-inner\">\n\t\t\t\t<div class=\"elementor-element elementor-element-b98ef56 elementor-widget elementor-widget-image\" data-id=\"b98ef56\" data-element_type=\"widget\" data-e-type=\"widget\" data-widget_type=\"image.default\">\n\t\t\t\t\t\t\t\t\t\t\t\t<figure class=\"wp-caption\">\n\t\t\t\t\t\t\t\t\t\t<img decoding=\"async\" width=\"749\" height=\"1024\" src=\"https:\/\/soymigrante.com\/revista\/wp-content\/uploads\/2026\/01\/foto-letty-baran-virginia-749x1024.jpg\" class=\"attachment-large size-large wp-image-51594\" alt=\"Incluso con su poderoso Jeep 4x4, la guatemalteca Letty Baran explica que es complicado salir de calles peque\u00f1as que est\u00e1n repletas de nieve y hielo. No se atasca, pero cuesta avanzar. &quot;Si no tiene que salir, mejor no salga&quot; es el consejo.\" srcset=\"https:\/\/soymigrante.com\/revista\/wp-content\/uploads\/2026\/01\/foto-letty-baran-virginia-749x1024.jpg 749w, https:\/\/soymigrante.com\/revista\/wp-content\/uploads\/2026\/01\/foto-letty-baran-virginia-220x300.jpg 220w, https:\/\/soymigrante.com\/revista\/wp-content\/uploads\/2026\/01\/foto-letty-baran-virginia-768x1050.jpg 768w, https:\/\/soymigrante.com\/revista\/wp-content\/uploads\/2026\/01\/foto-letty-baran-virginia-1124x1536.jpg 1124w, https:\/\/soymigrante.com\/revista\/wp-content\/uploads\/2026\/01\/foto-letty-baran-virginia-750x1025.jpg 750w, https:\/\/soymigrante.com\/revista\/wp-content\/uploads\/2026\/01\/foto-letty-baran-virginia-1140x1558.jpg 1140w, https:\/\/soymigrante.com\/revista\/wp-content\/uploads\/2026\/01\/foto-letty-baran-virginia.jpg 1320w\" sizes=\"(max-width: 749px) 100vw, 749px\" title=\"Incluso con su poderoso Jeep 4x4, la guatemalteca Letty Baran explica que es complicado salir de calles peque\u00f1as que est\u00e1n repletas de nieve y hielo. No se atasca, pero cuesta avanzar.  &quot;Si no tiene que salir, mejor no salga&quot; es el consejo. \u2013 SoyMigrante.com REVISTA\" \/>\t\t\t\t\t\t\t\t\t\t\t<figcaption class=\"widget-image-caption wp-caption-text\">Incluso con su poderoso Jeep 4x4, la guatemalteca Letty Baran explica que es complicado salir de calles peque\u00f1as que est\u00e1n repletas de nieve y hielo. No se atasca, pero cuesta avanzar.  \"Si no tiene que salir, mejor no salga\" es el consejo.<\/figcaption>\n\t\t\t\t\t\t\t\t\t\t<\/figure>\n\t\t\t\t\t\t\t\t\t<\/div>\n\t\t\t\t\t<\/div>\n\t\t\t\t<\/div>\n\t\t<div data-particle_enable=\"false\" data-particle-mobile-disabled=\"false\" class=\"elementor-element elementor-element-61003aa e-flex e-con-boxed e-con e-parent\" data-id=\"61003aa\" data-element_type=\"container\" data-e-type=\"container\">\n\t\t\t\t\t<div class=\"e-con-inner\">\n\t\t\t\t<div class=\"elementor-element elementor-element-ee59785 elementor-widget elementor-widget-image\" data-id=\"ee59785\" data-element_type=\"widget\" data-e-type=\"widget\" data-widget_type=\"image.default\">\n\t\t\t\t\t\t\t\t\t\t\t\t<figure class=\"wp-caption\">\n\t\t\t\t\t\t\t\t\t\t<img loading=\"lazy\" decoding=\"async\" width=\"768\" height=\"1024\" src=\"https:\/\/soymigrante.com\/revista\/wp-content\/uploads\/2026\/01\/calle-de-arlington-virginia-768x1024.jpg\" class=\"attachment-large size-large wp-image-51595\" alt=\"La limpieza de las calles peque\u00f1as queda pendiente, pues las ciudades priorizan las autopistas. &quot;Puede quedarse atrapado en la nieve&quot;, explica Letty Baran en Arlington, Virginia\" srcset=\"https:\/\/soymigrante.com\/revista\/wp-content\/uploads\/2026\/01\/calle-de-arlington-virginia-768x1024.jpg 768w, https:\/\/soymigrante.com\/revista\/wp-content\/uploads\/2026\/01\/calle-de-arlington-virginia-225x300.jpg 225w, https:\/\/soymigrante.com\/revista\/wp-content\/uploads\/2026\/01\/calle-de-arlington-virginia-1152x1536.jpg 1152w, https:\/\/soymigrante.com\/revista\/wp-content\/uploads\/2026\/01\/calle-de-arlington-virginia-750x1000.jpg 750w, https:\/\/soymigrante.com\/revista\/wp-content\/uploads\/2026\/01\/calle-de-arlington-virginia-1140x1520.jpg 1140w, https:\/\/soymigrante.com\/revista\/wp-content\/uploads\/2026\/01\/calle-de-arlington-virginia.jpg 1536w\" sizes=\"(max-width: 768px) 100vw, 768px\" title=\"La limpieza de las calles peque\u00f1as queda pendiente, pues las ciudades priorizan las autopistas. &quot;Puede quedarse atrapado en la nieve&quot;, explica Letty Baran en Arlington, Virginia \u2013 SoyMigrante.com REVISTA\" \/>\t\t\t\t\t\t\t\t\t\t\t<figcaption class=\"widget-image-caption wp-caption-text\">La limpieza de las calles peque\u00f1as queda pendiente, pues las ciudades priorizan las autopistas. \"Puede quedarse atrapado en la nieve\", explica Letty Baran en Arlington, Virginia<\/figcaption>\n\t\t\t\t\t\t\t\t\t\t<\/figure>\n\t\t\t\t\t\t\t\t\t<\/div>\n\t\t\t\t\t<\/div>\n\t\t\t\t<\/div>\n\t\t<div data-particle_enable=\"false\" data-particle-mobile-disabled=\"false\" class=\"elementor-element elementor-element-9b4b2ad e-flex e-con-boxed e-con e-parent\" data-id=\"9b4b2ad\" data-element_type=\"container\" data-e-type=\"container\">\n\t\t\t\t\t<div class=\"e-con-inner\">\n\t\t\t\t<div class=\"elementor-element elementor-element-3220549 elementor-widget elementor-widget-heading\" data-id=\"3220549\" data-element_type=\"widget\" data-e-type=\"widget\" data-widget_type=\"heading.default\">\n\t\t\t\t\t<h3 class=\"elementor-heading-title elementor-size-default\">Desde Washington DC<\/h3>\t\t\t\t<\/div>\n\t\t\t\t\t<\/div>\n\t\t\t\t<\/div>\n\t\t<div data-particle_enable=\"false\" data-particle-mobile-disabled=\"false\" class=\"elementor-element elementor-element-b86dd24 e-flex e-con-boxed e-con e-parent\" data-id=\"b86dd24\" data-element_type=\"container\" data-e-type=\"container\">\n\t\t\t\t\t<div class=\"e-con-inner\">\n\t\t\t\t<div class=\"elementor-element elementor-element-b58d662 elementor-widget elementor-widget-html\" data-id=\"b58d662\" data-element_type=\"widget\" data-e-type=\"widget\" data-widget_type=\"html.default\">\n\t\t\t\t\t<iframe src=\"https:\/\/www.facebook.com\/plugins\/video.php?height=476&href=https%3A%2F%2Fwww.facebook.com%2Freel%2F751850364642360%2F&show_text=true&width=267&t=0\" width=\"267\" height=\"591\" style=\"border:none;overflow:hidden\" scrolling=\"no\" frameborder=\"0\" allowfullscreen=\"true\" allow=\"autoplay; clipboard-write; encrypted-media; picture-in-picture; web-share\" allowFullScreen=\"true\"><\/iframe>\t\t\t\t<\/div>\n\t\t\t\t\t<\/div>\n\t\t\t\t<\/div>\n\t\t<div data-particle_enable=\"false\" data-particle-mobile-disabled=\"false\" class=\"elementor-element elementor-element-66d6b8b e-flex e-con-boxed e-con e-parent\" data-id=\"66d6b8b\" data-element_type=\"container\" data-e-type=\"container\">\n\t\t\t\t\t<div class=\"e-con-inner\">\n\t\t\t\t<div class=\"elementor-element elementor-element-72a6eea elementor-widget elementor-widget-text-editor\" data-id=\"72a6eea\" data-element_type=\"widget\" data-e-type=\"widget\" data-widget_type=\"text-editor.default\">\n\t\t\t\t\t\t\t\t\t<p>Los esposos guatemaltecos<a href=\"https:\/\/soymigrante.com\/revista\/en-un-dia-de-accion-de-gracias-se-conocieron-los-migrantes-carlos-y-lidia\/\"> Carlos y Lidia, originarios de Concepci\u00f3n Chiquirichapa, Quetzaltenango<\/a>, reportan que el ambiente ha estado tranquilo a pesar de las fuertes nevadas. Han aprovechado para disfrutar de este fen\u00f3meno natural y han reportado como se encuentran las calles de la capital de Estados Unidos.\u00a0<\/p>\t\t\t\t\t\t\t\t<\/div>\n\t\t\t\t\t<\/div>\n\t\t\t\t<\/div>\n\t\t<div data-particle_enable=\"false\" data-particle-mobile-disabled=\"false\" class=\"elementor-element elementor-element-e242fc2 e-flex e-con-boxed e-con e-parent\" data-id=\"e242fc2\" data-element_type=\"container\" data-e-type=\"container\">\n\t\t\t\t\t<div class=\"e-con-inner\">\n\t\t\t\t<div class=\"elementor-element elementor-element-fed0dad elementor-widget elementor-widget-html\" data-id=\"fed0dad\" data-element_type=\"widget\" data-e-type=\"widget\" data-widget_type=\"html.default\">\n\t\t\t\t\t<iframe src=\"https:\/\/www.facebook.com\/plugins\/video.php?height=476&href=https%3A%2F%2Fwww.facebook.com%2Freel%2F1615494656282210%2F&show_text=true&width=267&t=0\" width=\"267\" height=\"591\" style=\"border:none;overflow:hidden\" scrolling=\"no\" frameborder=\"0\" allowfullscreen=\"true\" allow=\"autoplay; clipboard-write; encrypted-media; picture-in-picture; web-share\" allowFullScreen=\"true\"><\/iframe>\t\t\t\t<\/div>\n\t\t\t\t\t<\/div>\n\t\t\t\t<\/div>\n\t\t<div data-particle_enable=\"false\" data-particle-mobile-disabled=\"false\" class=\"elementor-element elementor-element-23ac2c7 e-flex e-con-boxed e-con e-parent\" data-id=\"23ac2c7\" data-element_type=\"container\" data-e-type=\"container\">\n\t\t\t\t\t<div class=\"e-con-inner\">\n\t\t\t\t<div class=\"elementor-element elementor-element-fc96917 elementor-widget elementor-widget-heading\" data-id=\"fc96917\" data-element_type=\"widget\" data-e-type=\"widget\" data-widget_type=\"heading.default\">\n\t\t\t\t\t<h3 class=\"elementor-heading-title elementor-size-default\">Clemente Ajtziij, desde Massachussets<\/h3>\t\t\t\t<\/div>\n\t\t\t\t\t<\/div>\n\t\t\t\t<\/div>\n\t\t<div data-particle_enable=\"false\" data-particle-mobile-disabled=\"false\" class=\"elementor-element elementor-element-7e26f38 e-flex e-con-boxed e-con e-parent\" data-id=\"7e26f38\" data-element_type=\"container\" data-e-type=\"container\">\n\t\t\t\t\t<div class=\"e-con-inner\">\n\t\t\t\t<div class=\"elementor-element elementor-element-3c090da elementor-widget elementor-widget-text-editor\" data-id=\"3c090da\" data-element_type=\"widget\" data-e-type=\"widget\" data-widget_type=\"text-editor.default\">\n\t\t\t\t\t\t\t\t\t<p>&#8220;Ya hemos tenido un par de deslizamientos por la calle pero sin consecuencia. Durante estas tormentas es muy f\u00e1cil perder el control del volante. Deslizarse y chocar es lo mas temido. Ya que algunos tienen que ir a trabajar&#8221;, cuenta <a href=\"https:\/\/soymigrante.com\/revista\/alegria-y-gratitud-por-una-licencia-de-conducir-en-massachussets\/?fbclid=IwY2xjawPnItZleHRuA2FlbQIxMQBicmlkETE0d2J2U1UyYTh4ZkFKT0Nic3J0YwZhcHBfaWQQMjIyMDM5MTc4ODIwMDg5MgABHiBbayaoIhQtx0k8DDwmopT8qziH--VdZeKjoiYRrFXWnRF-sCtL1mpxPfwA_aem_uHNKNqJNfgtIPVjTGBTfJQ\">el migrante guatemalteco Clemente Ajtziij, quien vive en el \u00e1rea norte de Massachussets,<\/a> quien tuvo que suspender todos sus trabajos pendientes en construcci\u00f3n a causa del fuerte fr\u00edo. M\u00e1s que todo en prevenci\u00f3n de no tener que desplazarse por la calle o no poder trabajar en el exterior.<\/p><p>&#8220;Tuvimos una buena cantidad de nieve, como 20 pulgadas&#8221;. Tambi\u00e9n trabaja en algo que no se puede suspender: Entregando peri\u00f3dicos impresos, que a\u00fan los hay en su \u00e1rea.\u00a0 &#8220;Esta ma\u00f1ana que entregue periodico, la mayoria de los buzones de correos estaban enterrados en la nieve. Este martes 27 amaneci\u00f3 a -3 grados&#8221;, relata. En todo caso hay un lado bueno, pues aprovech\u00f3 para ir a esquiar.<\/p>\t\t\t\t\t\t\t\t<\/div>\n\t\t\t\t\t<\/div>\n\t\t\t\t<\/div>\n\t\t<div data-particle_enable=\"false\" data-particle-mobile-disabled=\"false\" class=\"elementor-element elementor-element-af96bbd e-flex e-con-boxed e-con e-parent\" data-id=\"af96bbd\" data-element_type=\"container\" data-e-type=\"container\">\n\t\t\t\t\t<div class=\"e-con-inner\">\n\t\t\t\t<div class=\"elementor-element elementor-element-2c0bbce elementor-widget elementor-widget-image\" data-id=\"2c0bbce\" data-element_type=\"widget\" data-e-type=\"widget\" data-widget_type=\"image.default\">\n\t\t\t\t\t\t\t\t\t\t\t\t<figure class=\"wp-caption\">\n\t\t\t\t\t\t\t\t\t\t<img loading=\"lazy\" decoding=\"async\" width=\"768\" height=\"1024\" src=\"https:\/\/soymigrante.com\/revista\/wp-content\/uploads\/2026\/01\/clemente-ajtziij-en-massachussets-768x1024.jpeg\" class=\"attachment-large size-large wp-image-51596\" alt=\"Aprovechando la abundante nieve, Clemente Ajtziij, migrante guatemalteco, sali\u00f3 a esquiar un rato.\" srcset=\"https:\/\/soymigrante.com\/revista\/wp-content\/uploads\/2026\/01\/clemente-ajtziij-en-massachussets-768x1024.jpeg 768w, https:\/\/soymigrante.com\/revista\/wp-content\/uploads\/2026\/01\/clemente-ajtziij-en-massachussets-225x300.jpeg 225w, https:\/\/soymigrante.com\/revista\/wp-content\/uploads\/2026\/01\/clemente-ajtziij-en-massachussets-1152x1536.jpeg 1152w, https:\/\/soymigrante.com\/revista\/wp-content\/uploads\/2026\/01\/clemente-ajtziij-en-massachussets-750x1000.jpeg 750w, https:\/\/soymigrante.com\/revista\/wp-content\/uploads\/2026\/01\/clemente-ajtziij-en-massachussets-1140x1520.jpeg 1140w, https:\/\/soymigrante.com\/revista\/wp-content\/uploads\/2026\/01\/clemente-ajtziij-en-massachussets.jpeg 1199w\" sizes=\"(max-width: 768px) 100vw, 768px\" title=\"Aprovechando la abundante nieve, Clemente Ajtziij, migrante guatemalteco, sali\u00f3 a esquiar un rato. \u2013 SoyMigrante.com REVISTA\" \/>\t\t\t\t\t\t\t\t\t\t\t<figcaption class=\"widget-image-caption wp-caption-text\">Aprovechando la abundante nieve, Clemente Ajtziij, migrante guatemalteco, sali\u00f3 a esquiar un rato.<\/figcaption>\n\t\t\t\t\t\t\t\t\t\t<\/figure>\n\t\t\t\t\t\t\t\t\t<\/div>\n\t\t\t\t\t<\/div>\n\t\t\t\t<\/div>\n\t\t<div data-particle_enable=\"false\" data-particle-mobile-disabled=\"false\" class=\"elementor-element elementor-element-67cfcca e-flex e-con-boxed e-con e-parent\" data-id=\"67cfcca\" data-element_type=\"container\" data-e-type=\"container\">\n\t\t\t\t\t<div class=\"e-con-inner\">\n\t\t\t\t<div class=\"elementor-element elementor-element-3f12401 elementor-widget elementor-widget-image\" data-id=\"3f12401\" data-element_type=\"widget\" data-e-type=\"widget\" data-widget_type=\"image.default\">\n\t\t\t\t\t\t\t\t\t\t\t\t<figure class=\"wp-caption\">\n\t\t\t\t\t\t\t\t\t\t<img loading=\"lazy\" decoding=\"async\" width=\"768\" height=\"1024\" src=\"https:\/\/soymigrante.com\/revista\/wp-content\/uploads\/2026\/01\/clemente-ajtziij-en-massachussets-ola-frio-768x1024.jpeg\" class=\"attachment-large size-large wp-image-51614\" alt=\"En la labor de repartir peri\u00f3dicos impresos, a Clemente Ajtziij le toca, literalmente, desenterrar los buzones de correo que se encuentran as\u00ed a causa de las fuertes nevadas en el norte de Massachussets (Foto cortes\u00eda Clemente Ajtziij)\" srcset=\"https:\/\/soymigrante.com\/revista\/wp-content\/uploads\/2026\/01\/clemente-ajtziij-en-massachussets-ola-frio-768x1024.jpeg 768w, https:\/\/soymigrante.com\/revista\/wp-content\/uploads\/2026\/01\/clemente-ajtziij-en-massachussets-ola-frio-225x300.jpeg 225w, https:\/\/soymigrante.com\/revista\/wp-content\/uploads\/2026\/01\/clemente-ajtziij-en-massachussets-ola-frio-1152x1536.jpeg 1152w, https:\/\/soymigrante.com\/revista\/wp-content\/uploads\/2026\/01\/clemente-ajtziij-en-massachussets-ola-frio-750x1000.jpeg 750w, https:\/\/soymigrante.com\/revista\/wp-content\/uploads\/2026\/01\/clemente-ajtziij-en-massachussets-ola-frio-1140x1520.jpeg 1140w, https:\/\/soymigrante.com\/revista\/wp-content\/uploads\/2026\/01\/clemente-ajtziij-en-massachussets-ola-frio.jpeg 1200w\" sizes=\"(max-width: 768px) 100vw, 768px\" title=\"En la labor de repartir peri\u00f3dicos impresos, a Clemente Ajtziij le toca, literalmente, desenterrar los buzones de correo que se encuentran as\u00ed a causa de las fuertes nevadas en el norte de Massachussets (Foto cortes\u00eda Clemente Ajtziij) \u2013 SoyMigrante.com REVISTA\" \/>\t\t\t\t\t\t\t\t\t\t\t<figcaption class=\"widget-image-caption wp-caption-text\">En la labor de repartir peri\u00f3dicos impresos, a Clemente Ajtziij le toca, literalmente, desenterrar los buzones de correo que se encuentran as\u00ed a causa de las fuertes nevadas en el norte de Massachussets (Foto cortes\u00eda Clemente Ajtziij)<\/figcaption>\n\t\t\t\t\t\t\t\t\t\t<\/figure>\n\t\t\t\t\t\t\t\t\t<\/div>\n\t\t\t\t\t<\/div>\n\t\t\t\t<\/div>\n\t\t<div data-particle_enable=\"false\" data-particle-mobile-disabled=\"false\" class=\"elementor-element elementor-element-aa09119 e-flex e-con-boxed e-con e-parent\" data-id=\"aa09119\" data-element_type=\"container\" data-e-type=\"container\">\n\t\t\t\t\t<div class=\"e-con-inner\">\n\t\t\t\t<div class=\"elementor-element elementor-element-d0abf4b elementor-widget elementor-widget-heading\" data-id=\"d0abf4b\" data-element_type=\"widget\" data-e-type=\"widget\" data-widget_type=\"heading.default\">\n\t\t\t\t\t<h2 class=\"elementor-heading-title elementor-size-default\">M\u00e1s historias de tenacidad migrante<\/h2>\t\t\t\t<\/div>\n\t\t\t\t\t<\/div>\n\t\t\t\t<\/div>\n\t\t<div data-particle_enable=\"false\" data-particle-mobile-disabled=\"false\" class=\"elementor-element elementor-element-26dae24 e-flex e-con-boxed e-con e-parent\" data-id=\"26dae24\" data-element_type=\"container\" data-e-type=\"container\">\n\t\t\t\t\t<div class=\"e-con-inner\">\n\t\t\t\t<div class=\"elementor-element elementor-element-553b810 elementor-grid-eael-col-3 elementor-grid-tablet-eael-col-2 elementor-grid-mobile-eael-col-1 elementor-widget elementor-widget-eael-post-grid\" data-id=\"553b810\" data-element_type=\"widget\" data-e-type=\"widget\" data-settings=\"{&quot;eael_post_grid_columns&quot;:&quot;eael-col-3&quot;,&quot;eael_post_grid_columns_tablet&quot;:&quot;eael-col-2&quot;,&quot;eael_post_grid_columns_mobile&quot;:&quot;eael-col-1&quot;}\" data-widget_type=\"eael-post-grid.default\">\n\t\t\t\t\t<div id=\"eael-post-grid-553b810\" class=\"eael-post-grid-container\">\n            <div class=\"eael-post-grid eael-post-appender eael-post-appender-553b810 eael-post-grid-style-one\" data-layout-mode=\"masonry\"><article class=\"eael-grid-post  eael-post-grid-column eael-pg-post-1870 category-exitos tags-california\" data-id=\"1870\">\n        <div class=\"eael-grid-post-holder\">\n            <div class=\"eael-grid-post-holder-inner\"><div class=\"eael-entry-media\"><div class=\"eael-entry-overlay fade-in\"><i class=\"far fa-hand-pointer\" aria-hidden=\"true\"><\/i><a href=\"https:\/\/soymigrante.com\/revista\/walter-villatoro-mariachi-migrante-guatemalteco\/\"><\/a><\/div><div class=\"eael-entry-thumbnail eael-image-ratio\">\n                <img loading=\"lazy\" decoding=\"async\" width=\"1024\" height=\"614\" src=\"https:\/\/soymigrante.com\/revista\/wp-content\/uploads\/2023\/07\/Captura-de-pantalla-2023-07-14-142215-1024x614.webp\" class=\"attachment-large size-large wp-image-1872\" alt=\"Walter Villatoro, migrante guatemalteco, cantante, compositor, productor art\u00edstico residente en San Diego, California\" srcset=\"https:\/\/soymigrante.com\/revista\/wp-content\/uploads\/2023\/07\/Captura-de-pantalla-2023-07-14-142215-1024x614.webp 1024w, https:\/\/soymigrante.com\/revista\/wp-content\/uploads\/2023\/07\/Captura-de-pantalla-2023-07-14-142215-300x180.webp 300w, https:\/\/soymigrante.com\/revista\/wp-content\/uploads\/2023\/07\/Captura-de-pantalla-2023-07-14-142215-768x460.webp 768w, https:\/\/soymigrante.com\/revista\/wp-content\/uploads\/2023\/07\/Captura-de-pantalla-2023-07-14-142215-1536x920.webp 1536w, https:\/\/soymigrante.com\/revista\/wp-content\/uploads\/2023\/07\/Captura-de-pantalla-2023-07-14-142215-750x449.webp 750w, https:\/\/soymigrante.com\/revista\/wp-content\/uploads\/2023\/07\/Captura-de-pantalla-2023-07-14-142215-1140x683.webp 1140w, https:\/\/soymigrante.com\/revista\/wp-content\/uploads\/2023\/07\/Captura-de-pantalla-2023-07-14-142215.webp 1587w\" sizes=\"(max-width: 1024px) 100vw, 1024px\" \/>\n            <\/div>\n        <\/div><div class=\"eael-entry-wrapper\"><header class=\"eael-entry-header\"><h2 class=\"eael-entry-title\"><a class=\"eael-grid-post-link\" href=\"https:\/\/soymigrante.com\/revista\/walter-villatoro-mariachi-migrante-guatemalteco\/\" title=\"Walter Villatoro: la inspiradora historia de El Mariachi Guatemalteco\">Walter Villatoro: la inspiradora historia de El Mariachi Guatemalteco<\/a><\/h2><\/header><div class=\"eael-entry-content\">\n                        <div class=\"eael-grid-post-excerpt\"><a href=\"https:\/\/soymigrante.com\/revista\/walter-villatoro-mariachi-migrante-guatemalteco\/\" class=\"eael-post-elements-readmore-btn\">CONOCE SU HISTORIA <\/a><\/div>\n                    <\/div><\/div><\/div>\n        <\/div>\n    <\/article><article class=\"eael-grid-post  eael-post-grid-column eael-pg-post-3201 category-exitos\" data-id=\"3201\">\n        <div class=\"eael-grid-post-holder\">\n            <div class=\"eael-grid-post-holder-inner\"><div class=\"eael-entry-media\"><div class=\"eael-entry-overlay fade-in\"><i class=\"far fa-hand-pointer\" aria-hidden=\"true\"><\/i><a href=\"https:\/\/soymigrante.com\/revista\/nim-ali-emprendimiento-gastronomico-migrante-en-el-corazon-de-washington-d-c\/\"><\/a><\/div><div class=\"eael-entry-thumbnail eael-image-ratio\">\n                <img loading=\"lazy\" decoding=\"async\" width=\"883\" height=\"783\" src=\"https:\/\/soymigrante.com\/revista\/wp-content\/uploads\/2023\/11\/grg.webp\" class=\"attachment-large size-large wp-image-3333\" alt=\"\" srcset=\"https:\/\/soymigrante.com\/revista\/wp-content\/uploads\/2023\/11\/grg.webp 883w, https:\/\/soymigrante.com\/revista\/wp-content\/uploads\/2023\/11\/grg-300x266.webp 300w, https:\/\/soymigrante.com\/revista\/wp-content\/uploads\/2023\/11\/grg-768x681.webp 768w, https:\/\/soymigrante.com\/revista\/wp-content\/uploads\/2023\/11\/grg-750x665.webp 750w\" sizes=\"(max-width: 883px) 100vw, 883px\" \/>\n            <\/div>\n        <\/div><div class=\"eael-entry-wrapper\"><header class=\"eael-entry-header\"><h2 class=\"eael-entry-title\"><a class=\"eael-grid-post-link\" href=\"https:\/\/soymigrante.com\/revista\/nim-ali-emprendimiento-gastronomico-migrante-en-el-corazon-de-washington-d-c\/\" title=\"Nim Ali: emprendimiento gastron\u00f3mico de la migrante Karla Alonzo en Washington D.C.\">Nim Ali: emprendimiento gastron\u00f3mico de la migrante Karla Alonzo en Washington D.C.<\/a><\/h2><\/header><div class=\"eael-entry-content\">\n                        <div class=\"eael-grid-post-excerpt\"><a href=\"https:\/\/soymigrante.com\/revista\/nim-ali-emprendimiento-gastronomico-migrante-en-el-corazon-de-washington-d-c\/\" class=\"eael-post-elements-readmore-btn\">CONOCE SU HISTORIA <\/a><\/div>\n                    <\/div><\/div><\/div>\n        <\/div>\n    <\/article><article class=\"eael-grid-post  eael-post-grid-column eael-pg-post-3220 category-exitos-guatemala\" data-id=\"3220\">\n        <div class=\"eael-grid-post-holder\">\n            <div class=\"eael-grid-post-holder-inner\"><div class=\"eael-entry-media\"><div class=\"eael-entry-overlay fade-in\"><i class=\"far fa-hand-pointer\" aria-hidden=\"true\"><\/i><a href=\"https:\/\/soymigrante.com\/revista\/el-sueno-migrante-de-yara-reynolds-se-dibuja-con-sombrero\/\"><\/a><\/div><div class=\"eael-entry-thumbnail eael-image-ratio\">\n                <img loading=\"lazy\" decoding=\"async\" width=\"978\" height=\"978\" src=\"https:\/\/soymigrante.com\/revista\/wp-content\/uploads\/2023\/11\/yara-reynolds-sombreros-6.webp\" class=\"attachment-large size-large wp-image-30122\" alt=\"Sombreros de charro artesanales hechos a mano en diversos colores y dise\u00f1os para celebraci\u00f3n y cultura mexicana.\" srcset=\"https:\/\/soymigrante.com\/revista\/wp-content\/uploads\/2023\/11\/yara-reynolds-sombreros-6.webp 978w, https:\/\/soymigrante.com\/revista\/wp-content\/uploads\/2023\/11\/yara-reynolds-sombreros-6-300x300.jpg 300w, https:\/\/soymigrante.com\/revista\/wp-content\/uploads\/2023\/11\/yara-reynolds-sombreros-6-150x150.jpg 150w, https:\/\/soymigrante.com\/revista\/wp-content\/uploads\/2023\/11\/yara-reynolds-sombreros-6-768x768.jpg 768w, https:\/\/soymigrante.com\/revista\/wp-content\/uploads\/2023\/11\/yara-reynolds-sombreros-6-75x75.webp 75w, https:\/\/soymigrante.com\/revista\/wp-content\/uploads\/2023\/11\/yara-reynolds-sombreros-6-750x750.webp 750w\" sizes=\"(max-width: 978px) 100vw, 978px\" \/>\n            <\/div>\n        <\/div><div class=\"eael-entry-wrapper\"><header class=\"eael-entry-header\"><h2 class=\"eael-entry-title\"><a class=\"eael-grid-post-link\" href=\"https:\/\/soymigrante.com\/revista\/el-sueno-migrante-de-yara-reynolds-se-dibuja-con-sombrero\/\" title=\"El sue\u00f1o migrante de Yara crea y luce creativos sombrero y zapatos en Alabama\">El sue\u00f1o migrante de Yara crea y luce creativos sombrero y zapatos en Alabama<\/a><\/h2><\/header><div class=\"eael-entry-content\">\n                        <div class=\"eael-grid-post-excerpt\"><a href=\"https:\/\/soymigrante.com\/revista\/el-sueno-migrante-de-yara-reynolds-se-dibuja-con-sombrero\/\" class=\"eael-post-elements-readmore-btn\">CONOCE SU HISTORIA <\/a><\/div>\n                    <\/div><\/div><\/div>\n        <\/div>\n    <\/article><\/div>\n            <div class=\"clearfix\"><\/div>\n        <\/div>            <div class=\"eael-load-more-button-wrap eael-force-hide\">\n                <button class=\"eael-load-more-button\" id=\"eael-load-more-btn-553b810\" data-widget-id=\"553b810\" data-widget=\"553b810\" data-page-id=\"51586\" data-template=\"{&quot;dir&quot;:&quot;lite&quot;,&quot;file_name&quot;:&quot;one.php&quot;,&quot;name&quot;:&quot;Post-Grid&quot;}\" data-class=\"Essential_Addons_Elementor\\Elements\\Post_Grid\" data-layout=\"masonry\" data-page=\"1\" data-args=\"orderby=meta_value_num&amp;order=desc&amp;ignore_sticky_posts=1&amp;post_status=publish&amp;posts_per_page=3&amp;offset=0&amp;post_type=post&amp;tax_query%5B0%5D%5Btaxonomy%5D=category&amp;tax_query%5B0%5D%5Bfield%5D=term_id&amp;tax_query%5B0%5D%5Bterms%5D%5B0%5D=50&amp;tax_query%5Brelation%5D=AND&amp;meta_key=_eael_post_view_count\" data-max-page=\"105\">\n                    <span class=\"eael-btn-loader button__loader\"><\/span>\n                    <span class=\"eael_load_more_text\">Load More<\/span>\n                <\/button>\n            <\/div>\n            \t\t\t\t<\/div>\n\t\t\t\t\t<\/div>\n\t\t\t\t<\/div>\n\t\t\t\t<\/div>\n\t\t","protected":false},"excerpt":{"rendered":"<p>\u00bfC\u00f3mo le va con la ola invernal? Es la pregunta com\u00fan a varios migrantes guatemaltecos. Depende. Algunos est\u00e1n bastante acostumbrados al fr\u00edo por vivir m\u00e1s al norte. Otros, no tanto. As\u00ed lo cuenta. (Gracias por sus reportes) La tormenta invernal 2026 sigue afectando a m\u00e1s de 35 Estados de la Uni\u00f3n Americana y ya ha [&hellip;]<\/p>\n","protected":false},"author":7,"featured_media":51587,"comment_status":"open","ping_status":"open","sticky":false,"template":"","format":"standard","meta":{"_acf_changed":false,"_eb_attr":"","footnotes":""},"categories":[54],"tags":[],"class_list":["post-51586","post","type-post","status-publish","format-standard","has-post-thumbnail","hentry","category-estamos-unidos"],"acf":[],"aioseo_notices":[],"aioseo_head":"\n\t\t<!-- All in One SEO Pro 4.9.6.2 - aioseo.com -->\n\t<meta name=\"description\" content=\"Flores, aves, mariposas y m\u00e1s figuras creativas aparecen de las manos de Yara Reynolds, migrante guatemalteca, y se quedan sobre creativos sombreros y zapatos.\" \/>\n\t<meta name=\"robots\" content=\"max-snippet:-1, max-image-preview:large, max-video-preview:-1\" \/>\n\t<meta name=\"author\" content=\"SoyMigrante.com REVISTA\"\/>\n\t<link rel=\"canonical\" href=\"https:\/\/soymigrante.com\/revista\/el-sueno-migrante-de-yara-reynolds-se-dibuja-con-sombrero\/\" \/>\n\t<meta name=\"generator\" content=\"All in One SEO Pro (AIOSEO) 4.9.6.2\" \/>\n\n\t\t<link rel=\"preconnect\" href=\"https:\/\/fonts.googleapis.com\" crossorigin>\n<link rel=\"preconnect\" href=\"https:\/\/fonts.gstatic.com\" crossorigin>\n\t\t<meta property=\"og:locale\" content=\"es_ES\" \/>\n\t\t<meta property=\"og:site_name\" content=\"SoyMigrante.com REVISTA \u2013 Nuestra misi\u00f3n es reconocer y dignificar al migrante.\" \/>\n\t\t<meta property=\"og:type\" content=\"article\" \/>\n\t\t<meta property=\"og:title\" content=\"Sombreros y zapatos son el lienzo de Yara migrante guatemalteca\" \/>\n\t\t<meta property=\"og:description\" content=\"Flores, aves, mariposas y m\u00e1s figuras creativas aparecen de las manos de Yara Reynolds, migrante guatemalteca, y se quedan sobre creativos sombreros y zapatos.\" \/>\n\t\t<meta property=\"og:url\" content=\"https:\/\/soymigrante.com\/revista\/el-sueno-migrante-de-yara-reynolds-se-dibuja-con-sombrero\/\" \/>\n\t\t<meta property=\"og:image\" content=\"https:\/\/soymigrante.com\/revista\/wp-content\/uploads\/2023\/11\/yara-reynolds-sombreros-6.webp\" \/>\n\t\t<meta property=\"og:image:secure_url\" content=\"https:\/\/soymigrante.com\/revista\/wp-content\/uploads\/2023\/11\/yara-reynolds-sombreros-6.webp\" \/>\n\t\t<meta property=\"og:image:width\" content=\"978\" \/>\n\t\t<meta property=\"og:image:height\" content=\"978\" \/>\n\t\t<meta property=\"article:published_time\" content=\"2025-04-04T11:30:00+00:00\" \/>\n\t\t<meta property=\"article:modified_time\" content=\"2025-10-03T20:50:19+00:00\" \/>\n\t\t<meta property=\"article:publisher\" content=\"https:\/\/www.facebook.com\/soymigrantecom\" \/>\n\t\t<meta name=\"twitter:card\" content=\"summary_large_image\" \/>\n\t\t<meta name=\"twitter:site\" content=\"@SoyMigrante_com\" \/>\n\t\t<meta name=\"twitter:title\" content=\"Sombreros y zapatos son el lienzo de Yara migrante guatemalteca\" \/>\n\t\t<meta name=\"twitter:description\" content=\"Flores, aves, mariposas y m\u00e1s figuras creativas aparecen de las manos de Yara Reynolds, migrante guatemalteca, y se quedan sobre creativos sombreros y zapatos.\" \/>\n\t\t<meta name=\"twitter:creator\" content=\"@SoyMigrante_com\" \/>\n\t\t<meta name=\"twitter:image\" content=\"https:\/\/soymigrante.com\/revista\/wp-content\/uploads\/2023\/11\/yara-reynolds-sombreros-6.webp\" \/>\n\t\t<!-- All in One SEO Pro -->\r\n\t\t<title>Sombreros y zapatos son el lienzo de Yara migrante guatemalteca<\/title>\n\n","aioseo_head_json":{"title":"Sombreros y zapatos son el lienzo de Yara migrante guatemalteca","description":"Flores, aves, mariposas y m\u00e1s figuras creativas aparecen de las manos de Yara Reynolds, migrante guatemalteca, y se quedan sobre creativos sombreros y zapatos.","canonical_url":"https:\/\/soymigrante.com\/revista\/el-sueno-migrante-de-yara-reynolds-se-dibuja-con-sombrero\/","robots":"max-snippet:-1, max-image-preview:large, max-video-preview:-1","keywords":"","webmasterTools":{"miscellaneous":"&lt;link rel=\"preconnect\" href=\"https:\/\/fonts.googleapis.com\" crossorigin&gt;\n&lt;link rel=\"preconnect\" href=\"https:\/\/fonts.gstatic.com\" crossorigin&gt;"},"schema":null,"og:locale":"es_ES","og:site_name":"SoyMigrante.com REVISTA \u2013 Nuestra misi\u00f3n es reconocer y dignificar al migrante.","og:type":"article","og:title":"Sombreros y zapatos son el lienzo de Yara migrante guatemalteca","og:description":"Flores, aves, mariposas y m\u00e1s figuras creativas aparecen de las manos de Yara Reynolds, migrante guatemalteca, y se quedan sobre creativos sombreros y zapatos.","og:url":"https:\/\/soymigrante.com\/revista\/el-sueno-migrante-de-yara-reynolds-se-dibuja-con-sombrero\/","og:image":"https:\/\/soymigrante.com\/revista\/wp-content\/uploads\/2023\/11\/yara-reynolds-sombreros-6.webp","og:image:secure_url":"https:\/\/soymigrante.com\/revista\/wp-content\/uploads\/2023\/11\/yara-reynolds-sombreros-6.webp","og:image:width":978,"og:image:height":978,"article:published_time":"2025-04-04T11:30:00+00:00","article:modified_time":"2025-10-03T20:50:19+00:00","article:publisher":"https:\/\/www.facebook.com\/soymigrantecom","twitter:card":"summary_large_image","twitter:site":"@SoyMigrante_com","twitter:title":"Sombreros y zapatos son el lienzo de Yara migrante guatemalteca","twitter:description":"Flores, aves, mariposas y m\u00e1s figuras creativas aparecen de las manos de Yara Reynolds, migrante guatemalteca, y se quedan sobre creativos sombreros y zapatos.","twitter:creator":"@SoyMigrante_com","twitter:image":"https:\/\/soymigrante.com\/revista\/wp-content\/uploads\/2023\/11\/yara-reynolds-sombreros-6.webp"},"aioseo_meta_data":{"post_id":"51586","title":"As\u00ed viven migrantes guatemaltecos la tormenta invernal en USA","description":"No en todas las ciudades de Estados Unidos afecta igual, pero la tormenta invernal afecta labores, rutinas, tr\u00e1nsito. Migrantes guatemaltecos cuentan.","keywords":null,"keyphrases":{"focus":{"keyphrase":"tormenta","score":100,"analysis":{"keyphraseInTitle":{"score":9,"maxScore":9,"error":0},"keyphraseInDescription":{"score":9,"maxScore":9,"error":0},"keyphraseLength":{"score":9,"maxScore":9,"error":0,"length":1},"keyphraseInURL":{"score":5,"maxScore":5,"error":0}}},"additional":[{"keyphrase":"invernal","score":100,"analysis":{"keyphraseInDescription":{"score":9,"maxScore":9,"error":0},"keyphraseLength":{"score":9,"maxScore":9,"error":0,"length":1}}},{"keyphrase":"migrantes","score":100,"analysis":{"keyphraseInDescription":{"score":9,"maxScore":9,"error":0},"keyphraseLength":{"score":9,"maxScore":9,"error":0,"length":1}}}]},"primary_term":null,"canonical_url":null,"og_title":null,"og_description":null,"og_object_type":"default","og_image_type":"default","og_image_url":null,"og_image_width":null,"og_image_height":null,"og_image_custom_url":null,"og_image_custom_fields":null,"og_video":"","og_custom_url":null,"og_article_section":null,"og_article_tags":null,"twitter_use_og":false,"twitter_card":"default","twitter_image_type":"default","twitter_image_url":null,"twitter_image_custom_url":null,"twitter_image_custom_fields":null,"twitter_title":null,"twitter_description":null,"schema":{"blockGraphs":[],"customGraphs":[],"default":{"data":{"Article":[],"Course":[],"Dataset":[],"FAQPage":[],"Movie":[],"Person":[],"Product":[],"ProductReview":[],"Car":[],"Recipe":[],"Service":[],"SoftwareApplication":[],"WebPage":[]},"graphName":"NewsArticle","isEnabled":true},"graphs":[]},"schema_type":"default","schema_type_options":null,"pillar_content":false,"robots_default":true,"robots_noindex":false,"robots_noarchive":false,"robots_nosnippet":false,"robots_nofollow":false,"robots_noimageindex":false,"robots_noodp":false,"robots_notranslate":false,"robots_max_snippet":"-1","robots_max_videopreview":"-1","robots_max_imagepreview":"large","priority":null,"frequency":"default","local_seo":null,"seo_analyzer_scan_date":"2026-03-04 19:49:35","breadcrumb_settings":null,"limit_modified_date":false,"reviewed_by":"0","open_ai":null,"ai":{"faqs":[],"keyPoints":[],"titles":[],"descriptions":[],"socialPosts":{"email":[],"linkedin":[],"twitter":[],"facebook":[],"instagram":[]}},"created":"2026-01-28 16:07:36","updated":"2026-03-06 15:45:38"},"aioseo_breadcrumb":"<div class=\"aioseo-breadcrumbs\"><span class=\"aioseo-breadcrumb\">\n\t<a href=\"https:\/\/soymigrante.com\/revista\" title=\"Home\">Home<\/a>\n<\/span><span class=\"aioseo-breadcrumb-separator\">\u00bb<\/span><span class=\"aioseo-breadcrumb\">\n\t<a href=\"https:\/\/soymigrante.com\/revista\/category\/estamos-unidos\/\" title=\"Estamos Unidos\">Estamos Unidos<\/a>\n<\/span><span class=\"aioseo-breadcrumb-separator\">\u00bb<\/span><span class=\"aioseo-breadcrumb\">\n\tAs\u00ed viven migrantes guatemaltecos la tormenta invernal en varias ciudades de Estados Unidos\n<\/span><\/div>","aioseo_breadcrumb_json":[{"label":"Home","link":"https:\/\/soymigrante.com\/revista"},{"label":"Estamos Unidos","link":"https:\/\/soymigrante.com\/revista\/category\/estamos-unidos\/"},{"label":"As\u00ed viven migrantes guatemaltecos la tormenta invernal en varias ciudades de Estados Unidos","link":"https:\/\/soymigrante.com\/revista\/tormenta-invernal-asi-viven-migrantes-guatemaltecos-estados-unidos-ciudades\/"}],"_links":{"self":[{"href":"https:\/\/soymigrante.com\/revista\/wp-json\/wp\/v2\/posts\/51586","targetHints":{"allow":["GET"]}}],"collection":[{"href":"https:\/\/soymigrante.com\/revista\/wp-json\/wp\/v2\/posts"}],"about":[{"href":"https:\/\/soymigrante.com\/revista\/wp-json\/wp\/v2\/types\/post"}],"author":[{"embeddable":true,"href":"https:\/\/soymigrante.com\/revista\/wp-json\/wp\/v2\/users\/7"}],"replies":[{"embeddable":true,"href":"https:\/\/soymigrante.com\/revista\/wp-json\/wp\/v2\/comments?post=51586"}],"version-history":[{"count":9,"href":"https:\/\/soymigrante.com\/revista\/wp-json\/wp\/v2\/posts\/51586\/revisions"}],"predecessor-version":[{"id":51618,"href":"https:\/\/soymigrante.com\/revista\/wp-json\/wp\/v2\/posts\/51586\/revisions\/51618"}],"wp:featuredmedia":[{"embeddable":true,"href":"https:\/\/soymigrante.com\/revista\/wp-json\/wp\/v2\/media\/51587"}],"wp:attachment":[{"href":"https:\/\/soymigrante.com\/revista\/wp-json\/wp\/v2\/media?parent=51586"}],"wp:term":[{"taxonomy":"category","embeddable":true,"href":"https:\/\/soymigrante.com\/revista\/wp-json\/wp\/v2\/categories?post=51586"},{"taxonomy":"post_tag","embeddable":true,"href":"https:\/\/soymigrante.com\/revista\/wp-json\/wp\/v2\/tags?post=51586"}],"curies":[{"name":"wp","href":"https:\/\/api.w.org\/{rel}","templated":true}]}}