{"id":51561,"date":"2026-01-27T18:02:51","date_gmt":"2026-01-28T00:02:51","guid":{"rendered":"https:\/\/soymigrante.com\/revista\/?p=51561"},"modified":"2026-01-27T18:10:24","modified_gmt":"2026-01-28T00:10:24","slug":"solicitan-ayuda-para-migrante-guatemalteco-que-fue-colisionado-por-vehiculo-que-se-fugo-en-oklahoma","status":"publish","type":"post","link":"https:\/\/soymigrante.com\/revista\/solicitan-ayuda-para-migrante-guatemalteco-que-fue-colisionado-por-vehiculo-que-se-fugo-en-oklahoma\/","title":{"rendered":"Solicitan ayuda para migrante guatemalteco que fue colisionado por veh\u00edculo que se fug\u00f3, en Oklahoma"},"content":{"rendered":"\t\t<div data-elementor-type=\"wp-post\" data-elementor-id=\"51561\" class=\"elementor elementor-51561\" data-elementor-post-type=\"post\">\n\t\t\t\t<div data-particle_enable=\"false\" data-particle-mobile-disabled=\"false\" class=\"elementor-element elementor-element-9beb34c e-flex e-con-boxed e-con e-parent\" data-id=\"9beb34c\" data-element_type=\"container\" data-e-type=\"container\">\n\t\t\t\t\t<div class=\"e-con-inner\">\n\t\t\t\t<div class=\"elementor-element elementor-element-21b7247 elementor-widget elementor-widget-heading\" data-id=\"21b7247\" data-element_type=\"widget\" data-e-type=\"widget\" data-widget_type=\"heading.default\">\n\t\t\t\t\t<h2 class=\"elementor-heading-title elementor-size-default\">Dos d\u00edas antes de Navidad, Erick Oliva fue a dejar a su hija a la escuela. En el retorno, un veh\u00edculo grande lo colision\u00f3 por detr\u00e1s, perdi\u00f3 el contrl y fue a chocar con otro. Est\u00e1 hospitalizado desde entonces. Vive y lucha por recuperarse en Oklahoma.<\/h2>\t\t\t\t<\/div>\n\t\t\t\t\t<\/div>\n\t\t\t\t<\/div>\n\t\t<div data-particle_enable=\"false\" data-particle-mobile-disabled=\"false\" class=\"elementor-element elementor-element-4a31325 e-flex e-con-boxed e-con e-parent\" data-id=\"4a31325\" data-element_type=\"container\" data-e-type=\"container\">\n\t\t\t\t\t<div class=\"e-con-inner\">\n\t\t\t\t<div class=\"elementor-element elementor-element-07885c2 elementor-widget elementor-widget-text-editor\" data-id=\"07885c2\" data-element_type=\"widget\" data-e-type=\"widget\" data-widget_type=\"text-editor.default\">\n\t\t\t\t\t\t\t\t\t<p data-start=\"282\" data-end=\"663\">El pasado <strong data-start=\"292\" data-end=\"311\">22 de diciembre<\/strong>, de un momento a otro <a href=\"https:\/\/www.gofundme.com\/f\/community-support-for-irenes-family-after-accident\">Erick Oliva<\/a> vivi\u00f3 un momento que dio un giro total a su vida. Ven\u00eda de dejar a su hija en la escuela cuando <strong data-start=\"408\" data-end=\"452\">un veh\u00edculo grande lo impact\u00f3 por detr\u00e1s<\/strong>. El conductor que le impact\u00f3,\u00a0<strong data-start=\"479\" data-end=\"497\">huy\u00f3 del lugar, pero e<\/strong>l golpe hizo que Erick perdiera el control de su auto y chocara de frente con otro veh\u00edculo. Afortunadamente, la otra persona involucrada no sufri\u00f3 da\u00f1os graves. Pero Erick s\u00ed tuvo fuertes lesiones.<\/p><p data-start=\"282\" data-end=\"663\">Ya lleva m\u00e1s de un mes hospitalizado. Presenta\u00a0<strong data-start=\"693\" data-end=\"715\">fractura en el pie<\/strong> (a\u00fan pendiente de determinar si requiere cirug\u00eda), <strong data-start=\"767\" data-end=\"805\">lesiones en la mano y la clav\u00edcula<\/strong>, y lo m\u00e1s delicado: <strong data-start=\"826\" data-end=\"864\">una lesi\u00f3n en la columna vertebral de pron\u00f3stico reservado.\u00a0<\/strong><\/p>\t\t\t\t\t\t\t\t<\/div>\n\t\t\t\t\t<\/div>\n\t\t\t\t<\/div>\n\t\t<div data-particle_enable=\"false\" data-particle-mobile-disabled=\"false\" class=\"elementor-element elementor-element-f8f5f13 e-flex e-con-boxed e-con e-parent\" data-id=\"f8f5f13\" data-element_type=\"container\" data-e-type=\"container\">\n\t\t\t\t\t<div class=\"e-con-inner\">\n\t\t\t\t<div class=\"elementor-element elementor-element-bb02bef elementor-widget elementor-widget-image\" data-id=\"bb02bef\" data-element_type=\"widget\" data-e-type=\"widget\" data-widget_type=\"image.default\">\n\t\t\t\t\t\t\t\t\t\t\t\t<figure class=\"wp-caption\">\n\t\t\t\t\t\t\t\t\t\t\t<a href=\"https:\/\/www.facebook.com\/photo\/?fbid=25798902026380421&#038;set=a.289600124403962\">\n\t\t\t\t\t\t\t<img fetchpriority=\"high\" decoding=\"async\" width=\"960\" height=\"540\" src=\"https:\/\/soymigrante.com\/revista\/wp-content\/uploads\/2026\/01\/rifa-de-william-oliva-a-favor-de-erick-oliva.jpg\" class=\"attachment-large size-large wp-image-51567\" alt=\"Esta es la convocatoria del emprendedor William Vel\u00e1squez, en Oklahoma, a favor de un donativo para el tambi\u00e9n migrante guatemalteco Erick Oliva. Para participar, clic enla imagen.\" srcset=\"https:\/\/soymigrante.com\/revista\/wp-content\/uploads\/2026\/01\/rifa-de-william-oliva-a-favor-de-erick-oliva.jpg 960w, https:\/\/soymigrante.com\/revista\/wp-content\/uploads\/2026\/01\/rifa-de-william-oliva-a-favor-de-erick-oliva-300x169.jpg 300w, https:\/\/soymigrante.com\/revista\/wp-content\/uploads\/2026\/01\/rifa-de-william-oliva-a-favor-de-erick-oliva-768x432.jpg 768w, https:\/\/soymigrante.com\/revista\/wp-content\/uploads\/2026\/01\/rifa-de-william-oliva-a-favor-de-erick-oliva-750x422.jpg 750w\" sizes=\"(max-width: 960px) 100vw, 960px\" \/>\t\t\t\t\t\t\t\t<\/a>\n\t\t\t\t\t\t\t\t\t\t\t<figcaption class=\"widget-image-caption wp-caption-text\">Esta es la convocatoria del emprendedor William Vel\u00e1squez, en Oklahoma,  a favor de un donativo para el tambi\u00e9n migrante guatemalteco Erick Oliva. Para participar, clic enla imagen.<\/figcaption>\n\t\t\t\t\t\t\t\t\t\t<\/figure>\n\t\t\t\t\t\t\t\t\t<\/div>\n\t\t\t\t\t<\/div>\n\t\t\t\t<\/div>\n\t\t<div data-particle_enable=\"false\" data-particle-mobile-disabled=\"false\" class=\"elementor-element elementor-element-22fcd91 e-flex e-con-boxed e-con e-parent\" data-id=\"22fcd91\" data-element_type=\"container\" data-e-type=\"container\">\n\t\t\t\t\t<div class=\"e-con-inner\">\n\t\t\t\t<div class=\"elementor-element elementor-element-174f590 elementor-widget elementor-widget-text-editor\" data-id=\"174f590\" data-element_type=\"widget\" data-e-type=\"widget\" data-widget_type=\"text-editor.default\">\n\t\t\t\t\t\t\t\t\t<p data-start=\"282\" data-end=\"663\"><span data-start=\"826\" data-end=\"864\">&#8220;Ya lo operaron, pero Erick dice que a veces ya no siente las piernas&#8221;, cuenta su amigo, <a href=\"https:\/\/soymigrante.com\/revista\/williamel-chapincillo-migrante-en-busca-de-un-mejor-destino\/\">el migrante y emprendedor guatemalteco William Vel\u00e1squez<\/a>, quien trata de darle \u00e1nimo y tambi\u00e9n buscar alg\u00fan apoyo a la familia.<\/span><\/p><p data-start=\"282\" data-end=\"663\">En todo esto proceso hay dolor, incertidumbre y preocupaci\u00f3n de Erick, quien es un padre responsable.Sin embargo, no pierde la fe y se encuentra en proceso de rehabilitaci\u00f3n, con la esperanza firme de <strong data-start=\"1125\" data-end=\"1145\">volver a caminar<\/strong>.<\/p><p data-start=\"1148\" data-end=\"1467\">Erick ha trabajado siempre en cocina. Junto a su esposa ha luchado con esfuerzo y valores para sacar adelante a su familia y construir un hogar digno. Hoy, mientras \u00e9l no puede trabajar, <strong data-start=\"1335\" data-end=\"1368\">su esposa contin\u00faa haci\u00e9ndolo<\/strong>, pero los gastos no se detienen: renta, servicios, alimentaci\u00f3n y m\u00e1s.\u00a0<\/p><p data-start=\"1469\" data-end=\"1937\"><a href=\"https:\/\/soymigrante.com\/revista\/williamel-chapincillo-migrante-en-busca-de-un-mejor-destino\/\"><strong data-start=\"1541\" data-end=\"1562\">William Vel\u00e1squez<\/strong>, tambi\u00e9n guatemalteco <\/a>y cuyas experiencias de vida le han ense\u00f1ado a ser solidario, organiz\u00f3 una rifa solidaria con productos de su restaurante nutricional. <a href=\"https:\/\/www.facebook.com\/photo\/?fbid=25798902026380421&amp;set=a.289600124403962\">Los premios son sencillos y el n\u00famero cuesta 35 d\u00f3lares. Quien desee apoyar puede hacer clic aqu\u00ed para donar. &#8220;Cuando puedo le llevo sus bebidas nutritivas al hospital a Erick. <\/a>Es poco lo que uno puede hacer, pero se hace de todo coraz\u00f3n&#8221;, dice William.<\/p>\t\t\t\t\t\t\t\t<\/div>\n\t\t\t\t\t<\/div>\n\t\t\t\t<\/div>\n\t\t<div data-particle_enable=\"false\" data-particle-mobile-disabled=\"false\" class=\"elementor-element elementor-element-7b59e84 e-flex e-con-boxed e-con e-parent\" data-id=\"7b59e84\" data-element_type=\"container\" data-e-type=\"container\">\n\t\t\t\t\t<div class=\"e-con-inner\">\n\t\t\t\t<div class=\"elementor-element elementor-element-c68dbd1 elementor-widget elementor-widget-image\" data-id=\"c68dbd1\" data-element_type=\"widget\" data-e-type=\"widget\" data-widget_type=\"image.default\">\n\t\t\t\t\t\t\t\t\t\t\t\t<figure class=\"wp-caption\">\n\t\t\t\t\t\t\t\t\t\t\t<a href=\"https:\/\/www.gofundme.com\/f\/community-support-for-irenes-family-after-accident?modal=share&#038;source=fundraiser+sidebar\">\n\t\t\t\t\t\t\t<img decoding=\"async\" width=\"1140\" height=\"641\" src=\"https:\/\/soymigrante.com\/revista\/wp-content\/uploads\/2026\/01\/familia-de-erick-oliva-su-esposa-irene-aguinaga-1140x641.jpg\" class=\"attachment-large size-large wp-image-51568\" alt=\"Irene Aguinaga, esposa de Erick Oliva, migrante guatemalteco hospitalizado en Oklahoma, abri\u00f3 un Go Fund Me para ayudarse con los gastos m\u00e9dicos y familiares. Se calcula que la recuperaci\u00f3n puede llevar hasta un a\u00f1o, tiempo en el cual Erick estar\u00e1 imposibilitado de trabajar. PARA CONTRIBUIR, CLIC EN LA FOTO.\" srcset=\"https:\/\/soymigrante.com\/revista\/wp-content\/uploads\/2026\/01\/familia-de-erick-oliva-su-esposa-irene-aguinaga-1140x641.jpg 1140w, https:\/\/soymigrante.com\/revista\/wp-content\/uploads\/2026\/01\/familia-de-erick-oliva-su-esposa-irene-aguinaga-300x169.jpg 300w, https:\/\/soymigrante.com\/revista\/wp-content\/uploads\/2026\/01\/familia-de-erick-oliva-su-esposa-irene-aguinaga-768x432.jpg 768w, https:\/\/soymigrante.com\/revista\/wp-content\/uploads\/2026\/01\/familia-de-erick-oliva-su-esposa-irene-aguinaga-750x422.jpg 750w, https:\/\/soymigrante.com\/revista\/wp-content\/uploads\/2026\/01\/familia-de-erick-oliva-su-esposa-irene-aguinaga.jpg 1179w\" sizes=\"(max-width: 1140px) 100vw, 1140px\" \/>\t\t\t\t\t\t\t\t<\/a>\n\t\t\t\t\t\t\t\t\t\t\t<figcaption class=\"widget-image-caption wp-caption-text\">Irene Aguinaga, esposa de Erick Oliva, migrante guatemalteco hospitalizado en Oklahoma, abri\u00f3 un Go Fund Me para ayudarse con los gastos m\u00e9dicos y familiares. Se calcula que la recuperaci\u00f3n puede llevar hasta un a\u00f1o, tiempo en el cual Erick estar\u00e1 imposibilitado de trabajar. PARA CONTRIBUIR, CLIC EN LA FOTO.<\/figcaption>\n\t\t\t\t\t\t\t\t\t\t<\/figure>\n\t\t\t\t\t\t\t\t\t<\/div>\n\t\t\t\t\t<\/div>\n\t\t\t\t<\/div>\n\t\t<div data-particle_enable=\"false\" data-particle-mobile-disabled=\"false\" class=\"elementor-element elementor-element-acd2a10 e-flex e-con-boxed e-con e-parent\" data-id=\"acd2a10\" data-element_type=\"container\" data-e-type=\"container\">\n\t\t\t\t\t<div class=\"e-con-inner\">\n\t\t\t\t<div class=\"elementor-element elementor-element-bdaf030 elementor-widget elementor-widget-text-editor\" data-id=\"bdaf030\" data-element_type=\"widget\" data-e-type=\"widget\" data-widget_type=\"text-editor.default\">\n\t\t\t\t\t\t\t\t\t<p data-start=\"282\" data-end=\"663\"><a href=\"https:\/\/www.gofundme.com\/f\/community-support-for-irenes-family-after-accident?modal=share&amp;source=fundraiser+sidebar\">Su familia abri\u00f3 un\u00a0<strong data-start=\"1758\" data-end=\"1770\">GoFundMe<\/strong>, <\/a>que tiene como meta reunir 7 mil d\u00f3lares. hasta ahora ha logrado reunir alrededor de <strong data-start=\"1819\" data-end=\"1834\">700 d\u00f3lares<\/strong>, una ayuda valiosa, pero a\u00fan insuficiente frente a una recuperaci\u00f3n que podr\u00eda tomar <strong data-start=\"1920\" data-end=\"1936\">hasta un a\u00f1o<\/strong>. La familia sigue adelante con fe, acompa\u00f1ada por familiares y amigos, <strong data-start=\"2009\" data-end=\"2063\">orando cada d\u00eda por la recuperaci\u00f3n total de Erick<\/strong>. Hoy necesitan de la solidaridad de la comunidad.<\/p><p data-start=\"1469\" data-end=\"1937\">\u00a0<strong data-start=\"2118\" data-end=\"2146\"><a href=\"https:\/\/www.gofundme.com\/f\/community-support-for-irenes-family-after-accident?modal=share&amp;source=fundraiser+sidebar\">Cualquier aporte cuenta<\/a>.<\/strong> Nada es demasiado peque\u00f1o.<\/p><p data-start=\"1469\" data-end=\"1937\"><b>Si no puedes donar, <span data-start=\"2199\" data-end=\"2251\">compartir este mensaje tambi\u00e9n es una gran ayuda<\/span>.<\/b><\/p><p data-start=\"2256\" data-end=\"2380\">&#8220;Es incre\u00edble como cualquiera de nosotros, de un momento a otro puede encontrarse ante una situaci\u00f3n que da un giro completo a la vida&#8221; es la reflexi\u00f3n con la cual <a href=\"https:\/\/soymigrante.com\/revista\/williamel-chapincillo-migrante-en-busca-de-un-mejor-destino\/\">William Vel\u00e1squez llama a colaborar<\/a> en esta causa.<\/p>\t\t\t\t\t\t\t\t<\/div>\n\t\t\t\t\t<\/div>\n\t\t\t\t<\/div>\n\t\t<div data-particle_enable=\"false\" data-particle-mobile-disabled=\"false\" class=\"elementor-element elementor-element-318f56c e-flex e-con-boxed e-con e-parent\" data-id=\"318f56c\" data-element_type=\"container\" data-e-type=\"container\">\n\t\t\t\t\t<div class=\"e-con-inner\">\n\t\t\t\t<div class=\"elementor-element elementor-element-fd1dd03 elementor-widget elementor-widget-heading\" data-id=\"fd1dd03\" data-element_type=\"widget\" data-e-type=\"widget\" data-widget_type=\"heading.default\">\n\t\t\t\t\t<h2 class=\"elementor-heading-title elementor-size-default\">M\u00e1s solidaridad sin fronteras<\/h2>\t\t\t\t<\/div>\n\t\t\t\t\t<\/div>\n\t\t\t\t<\/div>\n\t\t<div data-particle_enable=\"false\" data-particle-mobile-disabled=\"false\" class=\"elementor-element elementor-element-bd8e3cc e-flex e-con-boxed e-con e-parent\" data-id=\"bd8e3cc\" data-element_type=\"container\" data-e-type=\"container\">\n\t\t\t\t\t<div class=\"e-con-inner\">\n\t\t\t\t<div class=\"elementor-element elementor-element-5242cd6 elementor-grid-eael-col-3 elementor-grid-tablet-eael-col-2 elementor-grid-mobile-eael-col-1 elementor-widget elementor-widget-eael-post-grid\" data-id=\"5242cd6\" data-element_type=\"widget\" data-e-type=\"widget\" data-settings=\"{&quot;eael_post_grid_columns&quot;:&quot;eael-col-3&quot;,&quot;eael_post_grid_columns_tablet&quot;:&quot;eael-col-2&quot;,&quot;eael_post_grid_columns_mobile&quot;:&quot;eael-col-1&quot;}\" data-widget_type=\"eael-post-grid.default\">\n\t\t\t\t\t<div id=\"eael-post-grid-5242cd6\" class=\"eael-post-grid-container\">\n            <div class=\"eael-post-grid eael-post-appender eael-post-appender-5242cd6 eael-post-grid-style-one\" data-layout-mode=\"masonry\"><article class=\"eael-grid-post  eael-post-grid-column eael-pg-post-10331 category-guate-nuestra\" data-id=\"10331\">\n        <div class=\"eael-grid-post-holder\">\n            <div class=\"eael-grid-post-holder-inner\"><div class=\"eael-entry-media\"><div class=\"eael-entry-overlay fade-in\"><i class=\"far fa-hand-pointer\" aria-hidden=\"true\"><\/i><a href=\"https:\/\/soymigrante.com\/revista\/hearts-of-eternal-spring-puente-de-ayuda-migrante-desde-oklahoma-a-guatemala\/\"><\/a><\/div><div class=\"eael-entry-thumbnail eael-image-ratio\">\n                <img decoding=\"async\" width=\"568\" height=\"568\" src=\"https:\/\/soymigrante.com\/revista\/wp-content\/uploads\/2024\/10\/escuela-quetzaltenango-1.webp\" class=\"attachment-large size-large wp-image-10431\" alt=\"Kits escolares para ni\u00f1os migrantes, iniciativa solidaria y educativa en M\u00e9xico, promoviendo integraci\u00f3n y apoyo a comunidades vulnerables, promoviendo derechos y bienestar infantil.\" srcset=\"https:\/\/soymigrante.com\/revista\/wp-content\/uploads\/2024\/10\/escuela-quetzaltenango-1.webp 568w, https:\/\/soymigrante.com\/revista\/wp-content\/uploads\/2024\/10\/escuela-quetzaltenango-1-300x300.webp 300w, https:\/\/soymigrante.com\/revista\/wp-content\/uploads\/2024\/10\/escuela-quetzaltenango-1-150x150.webp 150w, https:\/\/soymigrante.com\/revista\/wp-content\/uploads\/2024\/10\/escuela-quetzaltenango-1-75x75.webp 75w\" sizes=\"(max-width: 568px) 100vw, 568px\" \/>\n            <\/div>\n        <\/div><div class=\"eael-entry-wrapper\"><header class=\"eael-entry-header\"><h2 class=\"eael-entry-title\"><a class=\"eael-grid-post-link\" href=\"https:\/\/soymigrante.com\/revista\/hearts-of-eternal-spring-puente-de-ayuda-migrante-desde-oklahoma-a-guatemala\/\" title=\"Hearts of Eternal Spring: puente de ayuda migrante desde Oklahoma a Guatemala\">Hearts of Eternal Spring: puente de ayuda migrante desde Oklahoma a Guatemala<\/a><\/h2><\/header><div class=\"eael-entry-content\">\n                        <div class=\"eael-grid-post-excerpt\"><a href=\"https:\/\/soymigrante.com\/revista\/hearts-of-eternal-spring-puente-de-ayuda-migrante-desde-oklahoma-a-guatemala\/\" class=\"eael-post-elements-readmore-btn\">CONOCE SU HISTORIA <\/a><\/div>\n                    <\/div><\/div><\/div>\n        <\/div>\n    <\/article><article class=\"eael-grid-post  eael-post-grid-column eael-pg-post-24677 category-exitos\" data-id=\"24677\">\n        <div class=\"eael-grid-post-holder\">\n            <div class=\"eael-grid-post-holder-inner\"><div class=\"eael-entry-media\"><div class=\"eael-entry-overlay fade-in\"><i class=\"far fa-hand-pointer\" aria-hidden=\"true\"><\/i><a href=\"https:\/\/soymigrante.com\/revista\/generosidad-guatemalteca-esly-garcia-ayuda-a-quien-lo-necesite-en-connecticut\/\"><\/a><\/div><div class=\"eael-entry-thumbnail eael-image-ratio\">\n                <img loading=\"lazy\" decoding=\"async\" width=\"626\" height=\"626\" src=\"https:\/\/soymigrante.com\/revista\/wp-content\/uploads\/2025\/02\/esly-garcia-migrante-guatemalteca-7-1.webp\" class=\"attachment-large size-large wp-image-24939\" alt=\"Puedo entender la imagen y generar los textos SEO solicitados, pero no puedo acceder directamente a la URL proporcionada. Sin embargo, aqu\u00ed tienes los textos optimizados en base a la descripci\u00f3n general y las palabras clave relevantes:.\" srcset=\"https:\/\/soymigrante.com\/revista\/wp-content\/uploads\/2025\/02\/esly-garcia-migrante-guatemalteca-7-1.webp 626w, https:\/\/soymigrante.com\/revista\/wp-content\/uploads\/2025\/02\/esly-garcia-migrante-guatemalteca-7-1-300x300.jpg 300w, https:\/\/soymigrante.com\/revista\/wp-content\/uploads\/2025\/02\/esly-garcia-migrante-guatemalteca-7-1-150x150.jpg 150w, https:\/\/soymigrante.com\/revista\/wp-content\/uploads\/2025\/02\/esly-garcia-migrante-guatemalteca-7-1-75x75.webp 75w\" sizes=\"(max-width: 626px) 100vw, 626px\" \/>\n            <\/div>\n        <\/div><div class=\"eael-entry-wrapper\"><header class=\"eael-entry-header\"><h2 class=\"eael-entry-title\"><a class=\"eael-grid-post-link\" href=\"https:\/\/soymigrante.com\/revista\/generosidad-guatemalteca-esly-garcia-ayuda-a-quien-lo-necesite-en-connecticut\/\" title=\"Generosidad guatemalteca: Esly Garc\u00eda ayuda a quien lo necesite desde Connecticut\">Generosidad guatemalteca: Esly Garc\u00eda ayuda a quien lo necesite desde Connecticut<\/a><\/h2><\/header><div class=\"eael-entry-content\">\n                        <div class=\"eael-grid-post-excerpt\"><a href=\"https:\/\/soymigrante.com\/revista\/generosidad-guatemalteca-esly-garcia-ayuda-a-quien-lo-necesite-en-connecticut\/\" class=\"eael-post-elements-readmore-btn\">CONOCE SU HISTORIA <\/a><\/div>\n                    <\/div><\/div><\/div>\n        <\/div>\n    <\/article><article class=\"eael-grid-post  eael-post-grid-column eael-pg-post-50448 category-exitos-guatemala\" data-id=\"50448\">\n        <div class=\"eael-grid-post-holder\">\n            <div class=\"eael-grid-post-holder-inner\"><div class=\"eael-entry-media\"><div class=\"eael-entry-overlay fade-in\"><i class=\"far fa-hand-pointer\" aria-hidden=\"true\"><\/i><a href=\"https:\/\/soymigrante.com\/revista\/migrante-guatemalteca-lesly-cardona-vive-en-irving-texas-inspiracion-madre-abuela-cancer-cirugia\/\"><\/a><\/div><div class=\"eael-entry-thumbnail eael-image-ratio\">\n                <img loading=\"lazy\" decoding=\"async\" width=\"632\" height=\"624\" src=\"https:\/\/soymigrante.com\/revista\/wp-content\/uploads\/2026\/01\/lesly-cardona-guatemalteca-migrante-texas-vive.png\" class=\"attachment-large size-large wp-image-50450\" alt=\"lesly cardona guatemalteca migrante texas vive\" srcset=\"https:\/\/soymigrante.com\/revista\/wp-content\/uploads\/2026\/01\/lesly-cardona-guatemalteca-migrante-texas-vive.png 632w, https:\/\/soymigrante.com\/revista\/wp-content\/uploads\/2026\/01\/lesly-cardona-guatemalteca-migrante-texas-vive-300x296.png 300w, https:\/\/soymigrante.com\/revista\/wp-content\/uploads\/2026\/01\/lesly-cardona-guatemalteca-migrante-texas-vive-75x75.png 75w\" sizes=\"(max-width: 632px) 100vw, 632px\" \/>\n            <\/div>\n        <\/div><div class=\"eael-entry-wrapper\"><header class=\"eael-entry-header\"><h2 class=\"eael-entry-title\"><a class=\"eael-grid-post-link\" href=\"https:\/\/soymigrante.com\/revista\/migrante-guatemalteca-lesly-cardona-vive-en-irving-texas-inspiracion-madre-abuela-cancer-cirugia\/\" title=\"La migrante guatemalteca Lesly Cardona VIVE en Irving, Texas: una historia para iniciar con inspiraci\u00f3n el 2026\">La migrante guatemalteca Lesly Cardona VIVE en Irving, Texas: una historia para iniciar con inspiraci\u00f3n el 2026<\/a><\/h2><\/header><div class=\"eael-entry-content\">\n                        <div class=\"eael-grid-post-excerpt\"><a href=\"https:\/\/soymigrante.com\/revista\/migrante-guatemalteca-lesly-cardona-vive-en-irving-texas-inspiracion-madre-abuela-cancer-cirugia\/\" class=\"eael-post-elements-readmore-btn\">CONOCE SU HISTORIA <\/a><\/div>\n                    <\/div><\/div><\/div>\n        <\/div>\n    <\/article><\/div>\n            <div class=\"clearfix\"><\/div>\n        <\/div>\t\t\t\t<\/div>\n\t\t\t\t\t<\/div>\n\t\t\t\t<\/div>\n\t\t\t\t<\/div>\n\t\t","protected":false},"excerpt":{"rendered":"<p>Dos d\u00edas antes de Navidad, Erick Oliva fue a dejar a su hija a la escuela. En el retorno, un veh\u00edculo grande lo colision\u00f3 por detr\u00e1s, perdi\u00f3 el contrl y fue a chocar con otro. Est\u00e1 hospitalizado desde entonces. Vive y lucha por recuperarse en Oklahoma. El pasado 22 de diciembre, de un momento a [&hellip;]<\/p>\n","protected":false},"author":1,"featured_media":51563,"comment_status":"open","ping_status":"open","sticky":false,"template":"","format":"standard","meta":{"_acf_changed":false,"_eb_attr":"","footnotes":""},"categories":[285],"tags":[],"class_list":["post-51561","post","type-post","status-publish","format-standard","has-post-thumbnail","hentry","category-solidaridad"],"acf":[],"aioseo_notices":[],"aioseo_head":"\n\t\t<!-- All in One SEO Pro 4.9.6.2 - aioseo.com -->\n\t<meta name=\"description\" content=\"Lesly super\u00f3 un c\u00e1ncer y una cirug\u00eda craneal. Por eso decimos que VIVE, con alegr\u00eda e inspiraci\u00f3n. Es madre, abuela, guatemaltecas en Texas y apoya a pacientes.\" \/>\n\t<meta name=\"robots\" content=\"max-snippet:-1, max-image-preview:large, max-video-preview:-1\" \/>\n\t<meta name=\"author\" content=\"Gustavo Montenegro\"\/>\n\t<link rel=\"canonical\" href=\"https:\/\/soymigrante.com\/revista\/migrante-guatemalteca-lesly-cardona-vive-en-irving-texas-inspiracion-madre-abuela-cancer-cirugia\/\" \/>\n\t<meta name=\"generator\" content=\"All in One SEO Pro (AIOSEO) 4.9.6.2\" \/>\n\n\t\t<link rel=\"preconnect\" href=\"https:\/\/fonts.googleapis.com\" crossorigin>\n<link rel=\"preconnect\" href=\"https:\/\/fonts.gstatic.com\" crossorigin>\n\t\t<meta property=\"og:locale\" content=\"es_ES\" \/>\n\t\t<meta property=\"og:site_name\" content=\"SoyMigrante.com REVISTA \u2013 Nuestra misi\u00f3n es reconocer y dignificar al migrante.\" \/>\n\t\t<meta property=\"og:type\" content=\"article\" \/>\n\t\t<meta property=\"og:title\" content=\"La migrante guatemalteca Lesly Cardona VIVE en Irving, Texas.\" \/>\n\t\t<meta property=\"og:description\" content=\"Lesly super\u00f3 un c\u00e1ncer y una cirug\u00eda craneal. Por eso decimos que VIVE, con alegr\u00eda e inspiraci\u00f3n. Es madre, abuela, guatemaltecas en Texas y apoya a pacientes.\" \/>\n\t\t<meta property=\"og:url\" content=\"https:\/\/soymigrante.com\/revista\/migrante-guatemalteca-lesly-cardona-vive-en-irving-texas-inspiracion-madre-abuela-cancer-cirugia\/\" \/>\n\t\t<meta property=\"og:image\" content=\"https:\/\/soymigrante.com\/revista\/wp-content\/uploads\/2026\/01\/lesly-cardona-guatemalteca-migrante-texas-vive.png\" \/>\n\t\t<meta property=\"og:image:secure_url\" content=\"https:\/\/soymigrante.com\/revista\/wp-content\/uploads\/2026\/01\/lesly-cardona-guatemalteca-migrante-texas-vive.png\" \/>\n\t\t<meta property=\"og:image:width\" content=\"632\" \/>\n\t\t<meta property=\"og:image:height\" content=\"624\" \/>\n\t\t<meta property=\"article:published_time\" content=\"2026-01-01T19:32:39+00:00\" \/>\n\t\t<meta property=\"article:modified_time\" content=\"2026-01-05T19:01:59+00:00\" \/>\n\t\t<meta property=\"article:publisher\" content=\"https:\/\/www.facebook.com\/soymigrantecom\" \/>\n\t\t<meta name=\"twitter:card\" content=\"summary_large_image\" \/>\n\t\t<meta name=\"twitter:site\" content=\"@SoyMigrante_com\" \/>\n\t\t<meta name=\"twitter:title\" content=\"La migrante guatemalteca Lesly Cardona VIVE en Irving, Texas.\" \/>\n\t\t<meta name=\"twitter:description\" content=\"Lesly super\u00f3 un c\u00e1ncer y una cirug\u00eda craneal. Por eso decimos que VIVE, con alegr\u00eda e inspiraci\u00f3n. Es madre, abuela, guatemaltecas en Texas y apoya a pacientes.\" \/>\n\t\t<meta name=\"twitter:creator\" content=\"@SoyMigrante_com\" \/>\n\t\t<meta name=\"twitter:image\" content=\"https:\/\/soymigrante.com\/revista\/wp-content\/uploads\/2026\/01\/lesly-cardona-guatemalteca-migrante-texas-vive.png\" \/>\n\t\t<!-- All in One SEO Pro -->\r\n\t\t<title>La migrante guatemalteca Lesly Cardona VIVE en Irving, Texas.<\/title>\n\n","aioseo_head_json":{"title":"La migrante guatemalteca Lesly Cardona VIVE en Irving, Texas.","description":"Lesly super\u00f3 un c\u00e1ncer y una cirug\u00eda craneal. Por eso decimos que VIVE, con alegr\u00eda e inspiraci\u00f3n. Es madre, abuela, guatemaltecas en Texas y apoya a pacientes.","canonical_url":"https:\/\/soymigrante.com\/revista\/migrante-guatemalteca-lesly-cardona-vive-en-irving-texas-inspiracion-madre-abuela-cancer-cirugia\/","robots":"max-snippet:-1, max-image-preview:large, max-video-preview:-1","keywords":"","webmasterTools":{"miscellaneous":"&lt;link rel=\"preconnect\" href=\"https:\/\/fonts.googleapis.com\" crossorigin&gt;\n&lt;link rel=\"preconnect\" href=\"https:\/\/fonts.gstatic.com\" crossorigin&gt;"},"schema":null,"og:locale":"es_ES","og:site_name":"SoyMigrante.com REVISTA \u2013 Nuestra misi\u00f3n es reconocer y dignificar al migrante.","og:type":"article","og:title":"La migrante guatemalteca Lesly Cardona VIVE en Irving, Texas.","og:description":"Lesly super\u00f3 un c\u00e1ncer y una cirug\u00eda craneal. Por eso decimos que VIVE, con alegr\u00eda e inspiraci\u00f3n. Es madre, abuela, guatemaltecas en Texas y apoya a pacientes.","og:url":"https:\/\/soymigrante.com\/revista\/migrante-guatemalteca-lesly-cardona-vive-en-irving-texas-inspiracion-madre-abuela-cancer-cirugia\/","og:image":"https:\/\/soymigrante.com\/revista\/wp-content\/uploads\/2026\/01\/lesly-cardona-guatemalteca-migrante-texas-vive.png","og:image:secure_url":"https:\/\/soymigrante.com\/revista\/wp-content\/uploads\/2026\/01\/lesly-cardona-guatemalteca-migrante-texas-vive.png","og:image:width":632,"og:image:height":624,"article:published_time":"2026-01-01T19:32:39+00:00","article:modified_time":"2026-01-05T19:01:59+00:00","article:publisher":"https:\/\/www.facebook.com\/soymigrantecom","twitter:card":"summary_large_image","twitter:site":"@SoyMigrante_com","twitter:title":"La migrante guatemalteca Lesly Cardona VIVE en Irving, Texas.","twitter:description":"Lesly super\u00f3 un c\u00e1ncer y una cirug\u00eda craneal. Por eso decimos que VIVE, con alegr\u00eda e inspiraci\u00f3n. Es madre, abuela, guatemaltecas en Texas y apoya a pacientes.","twitter:creator":"@SoyMigrante_com","twitter:image":"https:\/\/soymigrante.com\/revista\/wp-content\/uploads\/2026\/01\/lesly-cardona-guatemalteca-migrante-texas-vive.png"},"aioseo_meta_data":{"post_id":"51561","title":"Solicitan ayuda para migrante hospitalizado tras hecho vial","description":"Migrante guatemalteco Erick Oliva fue hospitalizado tras ser colisionado por otro carro; su cuadro es dif\u00edcil. Con una rifa y un GoFundMe amigos piden ayuda.","keywords":null,"keyphrases":{"focus":{"keyphrase":"Migrante","score":100,"analysis":{"keyphraseInTitle":{"score":9,"maxScore":9,"error":0},"keyphraseInDescription":{"score":9,"maxScore":9,"error":0},"keyphraseLength":{"score":9,"maxScore":9,"error":0,"length":1},"keyphraseInURL":{"score":5,"maxScore":5,"error":0}}},"additional":[{"keyphrase":"Oklahoma","score":67,"analysis":{"keyphraseInDescription":{"score":3,"maxScore":9,"error":1},"keyphraseLength":{"score":9,"maxScore":9,"error":0,"length":1}}}]},"primary_term":null,"canonical_url":null,"og_title":null,"og_description":null,"og_object_type":"default","og_image_type":"default","og_image_url":null,"og_image_width":null,"og_image_height":null,"og_image_custom_url":null,"og_image_custom_fields":null,"og_video":"","og_custom_url":null,"og_article_section":null,"og_article_tags":null,"twitter_use_og":false,"twitter_card":"default","twitter_image_type":"default","twitter_image_url":null,"twitter_image_custom_url":null,"twitter_image_custom_fields":null,"twitter_title":null,"twitter_description":null,"schema":{"blockGraphs":[],"customGraphs":[],"default":{"data":{"Article":[],"Course":[],"Dataset":[],"FAQPage":[],"Movie":[],"Person":[],"Product":[],"ProductReview":[],"Car":[],"Recipe":[],"Service":[],"SoftwareApplication":[],"WebPage":[]},"graphName":"NewsArticle","isEnabled":true},"graphs":[]},"schema_type":"default","schema_type_options":null,"pillar_content":false,"robots_default":true,"robots_noindex":false,"robots_noarchive":false,"robots_nosnippet":false,"robots_nofollow":false,"robots_noimageindex":false,"robots_noodp":false,"robots_notranslate":false,"robots_max_snippet":"-1","robots_max_videopreview":"-1","robots_max_imagepreview":"large","priority":null,"frequency":"default","local_seo":null,"seo_analyzer_scan_date":"2026-03-02 21:39:40","breadcrumb_settings":null,"limit_modified_date":false,"reviewed_by":"0","open_ai":null,"ai":{"faqs":[],"keyPoints":[],"titles":[],"descriptions":[],"socialPosts":{"email":[],"linkedin":[],"twitter":[],"facebook":[],"instagram":[]}},"created":"2026-01-27 23:04:11","updated":"2026-03-06 15:45:38"},"aioseo_breadcrumb":"<div class=\"aioseo-breadcrumbs\"><span class=\"aioseo-breadcrumb\">\n\t<a href=\"https:\/\/soymigrante.com\/revista\" title=\"Home\">Home<\/a>\n<\/span><span class=\"aioseo-breadcrumb-separator\">\u00bb<\/span><span class=\"aioseo-breadcrumb\">\n\t<a href=\"https:\/\/soymigrante.com\/revista\/category\/estamos-unidos\/\" title=\"Estamos Unidos\">Estamos Unidos<\/a>\n<\/span><span class=\"aioseo-breadcrumb-separator\">\u00bb<\/span><span class=\"aioseo-breadcrumb\">\n\t<a href=\"https:\/\/soymigrante.com\/revista\/category\/estamos-unidos\/solidaridad\/\" title=\"Solidaridad\">Solidaridad<\/a>\n<\/span><span class=\"aioseo-breadcrumb-separator\">\u00bb<\/span><span class=\"aioseo-breadcrumb\">\n\tSolicitan ayuda para migrante guatemalteco que fue colisionado por veh\u00edculo que se fug\u00f3, en Oklahoma\n<\/span><\/div>","aioseo_breadcrumb_json":[{"label":"Home","link":"https:\/\/soymigrante.com\/revista"},{"label":"Estamos Unidos","link":"https:\/\/soymigrante.com\/revista\/category\/estamos-unidos\/"},{"label":"Solidaridad","link":"https:\/\/soymigrante.com\/revista\/category\/estamos-unidos\/solidaridad\/"},{"label":"Solicitan ayuda para migrante guatemalteco que fue colisionado por veh\u00edculo que se fug\u00f3, en Oklahoma","link":"https:\/\/soymigrante.com\/revista\/solicitan-ayuda-para-migrante-guatemalteco-que-fue-colisionado-por-vehiculo-que-se-fugo-en-oklahoma\/"}],"_links":{"self":[{"href":"https:\/\/soymigrante.com\/revista\/wp-json\/wp\/v2\/posts\/51561","targetHints":{"allow":["GET"]}}],"collection":[{"href":"https:\/\/soymigrante.com\/revista\/wp-json\/wp\/v2\/posts"}],"about":[{"href":"https:\/\/soymigrante.com\/revista\/wp-json\/wp\/v2\/types\/post"}],"author":[{"embeddable":true,"href":"https:\/\/soymigrante.com\/revista\/wp-json\/wp\/v2\/users\/1"}],"replies":[{"embeddable":true,"href":"https:\/\/soymigrante.com\/revista\/wp-json\/wp\/v2\/comments?post=51561"}],"version-history":[{"count":4,"href":"https:\/\/soymigrante.com\/revista\/wp-json\/wp\/v2\/posts\/51561\/revisions"}],"predecessor-version":[{"id":51571,"href":"https:\/\/soymigrante.com\/revista\/wp-json\/wp\/v2\/posts\/51561\/revisions\/51571"}],"wp:featuredmedia":[{"embeddable":true,"href":"https:\/\/soymigrante.com\/revista\/wp-json\/wp\/v2\/media\/51563"}],"wp:attachment":[{"href":"https:\/\/soymigrante.com\/revista\/wp-json\/wp\/v2\/media?parent=51561"}],"wp:term":[{"taxonomy":"category","embeddable":true,"href":"https:\/\/soymigrante.com\/revista\/wp-json\/wp\/v2\/categories?post=51561"},{"taxonomy":"post_tag","embeddable":true,"href":"https:\/\/soymigrante.com\/revista\/wp-json\/wp\/v2\/tags?post=51561"}],"curies":[{"name":"wp","href":"https:\/\/api.w.org\/{rel}","templated":true}]}}