{"id":51534,"date":"2026-01-26T14:01:46","date_gmt":"2026-01-26T20:01:46","guid":{"rendered":"https:\/\/soymigrante.com\/revista\/?p=51534"},"modified":"2026-01-26T14:02:23","modified_gmt":"2026-01-26T20:02:23","slug":"polemico-requisito-para-registrar-vehiculos-en-texas-afecta-a-migrantes-pero-tambien-a-la-economia-estatal","status":"publish","type":"post","link":"https:\/\/soymigrante.com\/revista\/polemico-requisito-para-registrar-vehiculos-en-texas-afecta-a-migrantes-pero-tambien-a-la-economia-estatal\/","title":{"rendered":"Pol\u00e9mico requisito para registrar veh\u00edculos en Texas afecta a migrantes pero tambi\u00e9n golpea econom\u00eda estatal"},"content":{"rendered":"\t\t<div data-elementor-type=\"wp-post\" data-elementor-id=\"51534\" class=\"elementor elementor-51534\" data-elementor-post-type=\"post\">\n\t\t\t\t<div data-particle_enable=\"false\" data-particle-mobile-disabled=\"false\" class=\"elementor-element elementor-element-0399540 e-flex e-con-boxed e-con e-parent\" data-id=\"0399540\" data-element_type=\"container\" data-e-type=\"container\">\n\t\t\t\t\t<div class=\"e-con-inner\">\n\t\t\t\t<div class=\"elementor-element elementor-element-24c2d13 elementor-widget elementor-widget-heading\" data-id=\"24c2d13\" data-element_type=\"widget\" data-e-type=\"widget\" data-widget_type=\"heading.default\">\n\t\t\t\t\t<h2 class=\"elementor-heading-title elementor-size-default\">Legisladores de Texas deben decidir sobre cambio que impide registro de veh\u00edculos a migrantes indocumentados, que ya est\u00e1 costando millones de d\u00f3lares en p\u00e9rdidas al Estado por ca\u00edda en ingresos por tr\u00e1mite, ca\u00edda de ventas de <i>dealers<\/i>, autopartes y servicios asociados.<\/h2>\t\t\t\t<\/div>\n\t\t\t\t\t<\/div>\n\t\t\t\t<\/div>\n\t\t<div data-particle_enable=\"false\" data-particle-mobile-disabled=\"false\" class=\"elementor-element elementor-element-3d2d868 e-flex e-con-boxed e-con e-parent\" data-id=\"3d2d868\" data-element_type=\"container\" data-e-type=\"container\">\n\t\t\t\t\t<div class=\"e-con-inner\">\n\t\t\t\t<div class=\"elementor-element elementor-element-9d0ae5d elementor-widget elementor-widget-text-editor\" data-id=\"9d0ae5d\" data-element_type=\"widget\" data-e-type=\"widget\" data-widget_type=\"text-editor.default\">\n\t\t\t\t\t\t\t\t\t<p data-start=\"171\" data-end=\"624\">Un cambio administrativo en los criterios aplicados por el Departamento de registro de Veh\u00edculos Motorizados (<a href=\"https:\/\/soymigrante.com\/revista\/licencia-de-conducir\/\">DMV<\/a>) de Texas, que impide a migrantes indocumentados registrar o renovar permisos de circulaci\u00f3n de veh\u00edculos, no solo causa confusi\u00f3n sino los pone en riesgo de detenci\u00f3n, lo cual a su vez amenaza con romper familias. Pero tambi\u00e9n causa p\u00e9rdidas econ\u00f3micas enormes al Estado.<\/p><p data-start=\"171\" data-end=\"624\">Dicha medida ha sido aplicada de forma desigual entre condados: mientras algunos son m\u00e1s tolerantes hacia la poblaci\u00f3n migrante, especialmente hispana, hay otros que refuerzan la nueva l\u00ednea restrictiva: lo cual impide a<a href=\"https:\/\/soymigrante.com\/revista\/derechos-de-los-migrantes-silencio-indocumentados-defensa\/\"> personas sin estatus migratorio <\/a>regular renovar el registro de sus veh\u00edculos, lo que las expone a ser considerados transgresores de la ley y ser sometidos a detenciones, aunque sean productivos, laboriosos, con a\u00f1os de vivir y <a href=\"https:\/\/soymigrante.com\/revista\/consejos-declaracion-impuestos-estados-unidos-migrantes-experto\/\">paga<\/a>r impuestos en USA.<\/p>\t\t\t\t\t\t\t\t<\/div>\n\t\t\t\t\t<\/div>\n\t\t\t\t<\/div>\n\t\t<div data-particle_enable=\"false\" data-particle-mobile-disabled=\"false\" class=\"elementor-element elementor-element-caa478e e-flex e-con-boxed e-con e-parent\" data-id=\"caa478e\" data-element_type=\"container\" data-e-type=\"container\">\n\t\t\t\t\t<div class=\"e-con-inner\">\n\t\t\t\t<div class=\"elementor-element elementor-element-ba1abb4 elementor-widget elementor-widget-image\" data-id=\"ba1abb4\" data-element_type=\"widget\" data-e-type=\"widget\" data-widget_type=\"image.default\">\n\t\t\t\t\t\t\t\t\t\t\t\t<figure class=\"wp-caption\">\n\t\t\t\t\t\t\t\t\t\t<img fetchpriority=\"high\" decoding=\"async\" width=\"1140\" height=\"760\" src=\"https:\/\/soymigrante.com\/revista\/wp-content\/uploads\/2026\/01\/efectos-legales-de-impedimento-para-registrar-vehiculos-en-texas-a-migrantes-indocumentados-1140x760.png\" class=\"attachment-large size-large wp-image-51538\" alt=\"Representaci\u00f3n gr\u00e1fica de los efectos del cambio implementado en noviembre en ciertos condados de Texas, que impiden a migrantes indocumentados poder registrar veh\u00edculos a su nombre (a causa de una interpretaci\u00f3n legal que no ha sido aprobada por el Congreso estatal). Al circular sin la calcoman\u00eda actualizada se exponen a una &quot;causa probable&quot; de detenci\u00f3n, lo cual se podr\u00eda utilizar para deportaciones aunque no tengan ning\u00fan r\u00e9cord criminal.\" srcset=\"https:\/\/soymigrante.com\/revista\/wp-content\/uploads\/2026\/01\/efectos-legales-de-impedimento-para-registrar-vehiculos-en-texas-a-migrantes-indocumentados-1140x760.png 1140w, https:\/\/soymigrante.com\/revista\/wp-content\/uploads\/2026\/01\/efectos-legales-de-impedimento-para-registrar-vehiculos-en-texas-a-migrantes-indocumentados-300x200.png 300w, https:\/\/soymigrante.com\/revista\/wp-content\/uploads\/2026\/01\/efectos-legales-de-impedimento-para-registrar-vehiculos-en-texas-a-migrantes-indocumentados-768x512.png 768w, https:\/\/soymigrante.com\/revista\/wp-content\/uploads\/2026\/01\/efectos-legales-de-impedimento-para-registrar-vehiculos-en-texas-a-migrantes-indocumentados-750x500.png 750w, https:\/\/soymigrante.com\/revista\/wp-content\/uploads\/2026\/01\/efectos-legales-de-impedimento-para-registrar-vehiculos-en-texas-a-migrantes-indocumentados.png 1536w\" sizes=\"(max-width: 1140px) 100vw, 1140px\" title=\"Representaci\u00f3n gr\u00e1fica de los efectos del cambio implementado en noviembre en ciertos condados de Texas, que impiden a migrantes indocumentados poder registrar veh\u00edculos a su nombre (a causa de una interpretaci\u00f3n legal que no ha sido aprobada por el Congreso estatal). Al  circular sin la calcoman\u00eda actualizada se exponen a una &quot;causa probable&quot; de detenci\u00f3n, lo cual se podr\u00eda utilizar para deportaciones aunque no tengan ning\u00fan r\u00e9cord criminal. \u2013 SoyMigrante.com REVISTA\" \/>\t\t\t\t\t\t\t\t\t\t\t<figcaption class=\"widget-image-caption wp-caption-text\">Representaci\u00f3n gr\u00e1fica de los efectos del cambio implementado en noviembre en ciertos condados de Texas, que impiden a migrantes indocumentados poder registrar veh\u00edculos a su nombre (a causa de una interpretaci\u00f3n legal que no ha sido aprobada por el Congreso estatal). Al  circular sin la calcoman\u00eda actualizada se exponen a una \"causa probable\" de detenci\u00f3n, lo cual se podr\u00eda utilizar para deportaciones aunque no tengan ning\u00fan r\u00e9cord criminal.<\/figcaption>\n\t\t\t\t\t\t\t\t\t\t<\/figure>\n\t\t\t\t\t\t\t\t\t<\/div>\n\t\t\t\t\t<\/div>\n\t\t\t\t<\/div>\n\t\t<div data-particle_enable=\"false\" data-particle-mobile-disabled=\"false\" class=\"elementor-element elementor-element-ba3af25 e-flex e-con-boxed e-con e-parent\" data-id=\"ba3af25\" data-element_type=\"container\" data-e-type=\"container\">\n\t\t\t\t\t<div class=\"e-con-inner\">\n\t\t\t\t<div class=\"elementor-element elementor-element-02b2a42 elementor-widget elementor-widget-heading\" data-id=\"02b2a42\" data-element_type=\"widget\" data-e-type=\"widget\" data-widget_type=\"heading.default\">\n\t\t\t\t\t<h3 class=\"elementor-heading-title elementor-size-default\">Cambio s\u00fabito, inconsulto y lesivo<\/h3>\t\t\t\t<\/div>\n\t\t\t\t\t<\/div>\n\t\t\t\t<\/div>\n\t\t<div data-particle_enable=\"false\" data-particle-mobile-disabled=\"false\" class=\"elementor-element elementor-element-339175a e-flex e-con-boxed e-con e-parent\" data-id=\"339175a\" data-element_type=\"container\" data-e-type=\"container\">\n\t\t\t\t\t<div class=\"e-con-inner\">\n\t\t\t\t<div class=\"elementor-element elementor-element-4d6f213 elementor-widget elementor-widget-text-editor\" data-id=\"4d6f213\" data-element_type=\"widget\" data-e-type=\"widget\" data-widget_type=\"text-editor.default\">\n\t\t\t\t\t\t\t\t\t<p data-start=\"171\" data-end=\"624\">Sin embargo, al no poderse registrar veh\u00edculos -nuevos o usados- los vendedores de veh\u00edculos del Estado han tenido ca\u00eddas de ventas hasta del 80 por ciento; as\u00ed tambi\u00e9n quienes estaban pagando un veh\u00edculo a cr\u00e9dito, pero ya no pueden renovar el permiso, lo devuelven, con lo cual caen los ingresos de financieras. Y esto sin tomar en cuenta los ingresos al DMV por concepto de pago de permisos.<\/p><p data-start=\"171\" data-end=\"624\"><a href=\"https:\/\/soymigrante.com\/revista\/7-aprendizajes-vitales-de-pablo-higueros-migrante-y-experto-financiero\/\">El experto en tr\u00e1mites fiscales guatemalteco radicado en Texas, Pablo Higueros,<\/a> ha explicado este cambio en videos de redes sociales: &#8220;Hasta noviembre de 2025, la ley de tr\u00e1nsito de Texas permit\u00eda registrar y renovar placas vehiculares a cualquier persona que demostrara residencia en el estado, aceptando como documento un ID de residente o tambi\u00e9n un pasaporte, sin especificar pa\u00eds de origen o estatus legal&#8221;, explica Higueros.\u00a0\u00a0<\/p><p data-start=\"171\" data-end=\"624\">Esa interpretaci\u00f3n fue modificada casi de un d\u00eda para otro. Es decir sin un proceso legislativo formal: solo se aplic\u00f3 una directriz administrativa en el DMV, impulsada desde el \u00e1mbito pol\u00edtico estatal, por un congresista de postura antimigrante. &#8220;Se comenz\u00f3 a exigir que el pasaporte deb\u00eda tener una visa v\u00e1lida&#8221; (y es justo lo que cientos de miles de migrantes indocumentados no tienen, aunque trabajan, producen y cumplen todas sus obligaciones), seg\u00fan <a href=\"https:\/\/soymigrante.com\/revista\/7-aprendizajes-vitales-de-pablo-higueros-migrante-y-experto-financiero\/\">Higueros Durini, quien a trav\u00e9s de videos en sus redes sociales suele explicar tr\u00e1mites y obligaciones en USA.<\/a><\/p><p data-start=\"1030\" data-end=\"1410\">Desde el 19 de noviembre de 2025, varios condados comenzaron a exigir que el pasaporte presentado est\u00e9 acompa\u00f1ado de una visa v\u00e1lida: requisito imposible de cumplir para personas indocumentadas. Aunque algunos condados se han negado a aplicar el cambio por su impacto comunitario, otros lo implementaron de inmediato, generando una confusi\u00f3n de criterios.<span style=\"color: #000000;\">\u00a0<\/span><\/p>\t\t\t\t\t\t\t\t<\/div>\n\t\t\t\t\t<\/div>\n\t\t\t\t<\/div>\n\t\t<div data-particle_enable=\"false\" data-particle-mobile-disabled=\"false\" class=\"elementor-element elementor-element-3197f15 e-flex e-con-boxed e-con e-parent\" data-id=\"3197f15\" data-element_type=\"container\" data-e-type=\"container\">\n\t\t\t\t\t<div class=\"e-con-inner\">\n\t\t\t\t<div class=\"elementor-element elementor-element-be0daa5 elementor-widget elementor-widget-html\" data-id=\"be0daa5\" data-element_type=\"widget\" data-e-type=\"widget\" data-widget_type=\"html.default\">\n\t\t\t\t\t<iframe src=\"https:\/\/www.facebook.com\/plugins\/video.php?height=476&href=https%3A%2F%2Fwww.facebook.com%2Freel%2F1441365114448340%2F&show_text=true&width=267&t=0\" width=\"267\" height=\"591\" style=\"border:none;overflow:hidden\" scrolling=\"no\" frameborder=\"0\" allowfullscreen=\"true\" allow=\"autoplay; clipboard-write; encrypted-media; picture-in-picture; web-share\" allowFullScreen=\"true\"><\/iframe>\t\t\t\t<\/div>\n\t\t\t\t\t<\/div>\n\t\t\t\t<\/div>\n\t\t<div data-particle_enable=\"false\" data-particle-mobile-disabled=\"false\" class=\"elementor-element elementor-element-5eda01e e-flex e-con-boxed e-con e-parent\" data-id=\"5eda01e\" data-element_type=\"container\" data-e-type=\"container\">\n\t\t\t\t\t<div class=\"e-con-inner\">\n\t\t\t\t<div class=\"elementor-element elementor-element-8c31797 elementor-widget elementor-widget-heading\" data-id=\"8c31797\" data-element_type=\"widget\" data-e-type=\"widget\" data-widget_type=\"heading.default\">\n\t\t\t\t\t<h3 class=\"elementor-heading-title elementor-size-default\">Sesgo antimigrante de puede notar<\/h3>\t\t\t\t<\/div>\n\t\t\t\t\t<\/div>\n\t\t\t\t<\/div>\n\t\t<div data-particle_enable=\"false\" data-particle-mobile-disabled=\"false\" class=\"elementor-element elementor-element-8e09e83 e-flex e-con-boxed e-con e-parent\" data-id=\"8e09e83\" data-element_type=\"container\" data-e-type=\"container\">\n\t\t\t\t\t<div class=\"e-con-inner\">\n\t\t\t\t<div class=\"elementor-element elementor-element-a033297 elementor-widget elementor-widget-text-editor\" data-id=\"a033297\" data-element_type=\"widget\" data-e-type=\"widget\" data-widget_type=\"text-editor.default\">\n\t\t\t\t\t\t\t\t\t<p data-start=\"171\" data-end=\"624\">Pero el efecto va m\u00e1s all\u00e1 del tr\u00e1mite. Circular con placas vencidas o sin registro v\u00e1lido -a causa de la nueva prohibici\u00f3n aplicada- constituye una infracci\u00f3n que permite a la polic\u00eda realizar una detenci\u00f3n con \u201ccausa probable\u201d. En condados que aplican el programa federal antimigrante 287(g), esto puede traducirse en una entrega directa a autoridades migratorias, sin pasar por un juez, agravandoel riesgo de deportaci\u00f3n.<\/p><p data-start=\"1792\" data-end=\"2186\">Higueros Durini expuso esta situaci\u00f3n el 21 de enero de 2025, en una audiencia p\u00fablica y colectiva ente el Congreso estatal de Texas, se\u00f1alando que la medida no solo afecta a peque\u00f1os negocios y concesionarios de veh\u00edculos, sino que crea un mecanismo que facilita la detenci\u00f3n de personas migrantes sin r\u00e9cord criminal.\u00a0 Participaron representantes de varias industrias y sectores afectados por el cambio implementado de un d\u00eda para otro.<\/p><p data-start=\"1792\" data-end=\"2186\">\u00a0\u201cNo es solo un tema econ\u00f3mico; es una pol\u00edtica que impacta directamente a familias y comunidades enteras, porque en Texas los migrantes son parte de la productividad y del aporte en impuestos al Estado\u201d, advirti\u00f3.<\/p><p data-start=\"2188\" data-end=\"2653\">Otro de los aspectos preocupantes es el uso de tecnolog\u00edas de vigilancia conectadas mediante inteligencia artificial, en contra de la poblaci\u00f3n migrante: Sistemas de c\u00e1maras instaladas en sem\u00e1foros y carreteras captan placas y rostros en tiempo real, cruzando esa informaci\u00f3n de manera autom\u00e1tica con bases de datos del DMV y otras agencias.\u00a0<\/p><p data-start=\"2188\" data-end=\"2653\">Un veh\u00edculo con registro vencido puede activar alertas que llegan directamente a patrullas cercanas, facilitando detenciones aunque el conductor nunca haya cometido otra falta adicional. &#8220;Esto tambi\u00e9n conducir\u00e1 a la separaci\u00f3n de familias&#8221;, explica Higueros ante la asamblea estatal. &#8220;Si ustedes permiten esto seguir, se detendr\u00e1 a personas por un tr\u00e1mite que no se les ha permitido hacer. Es gente trabajadora que podr\u00eda enfrentar detenciones&#8221;, dijo Pablo Higueros ante la asamblea.<\/p>\t\t\t\t\t\t\t\t<\/div>\n\t\t\t\t\t<\/div>\n\t\t\t\t<\/div>\n\t\t<div data-particle_enable=\"false\" data-particle-mobile-disabled=\"false\" class=\"elementor-element elementor-element-675f70d e-flex e-con-boxed e-con e-parent\" data-id=\"675f70d\" data-element_type=\"container\" data-e-type=\"container\">\n\t\t\t\t\t<div class=\"e-con-inner\">\n\t\t\t\t<div class=\"elementor-element elementor-element-ee7d99b elementor-widget elementor-widget-html\" data-id=\"ee7d99b\" data-element_type=\"widget\" data-e-type=\"widget\" data-widget_type=\"html.default\">\n\t\t\t\t\t<iframe src=\"https:\/\/www.facebook.com\/plugins\/video.php?height=476&href=https%3A%2F%2Fwww.facebook.com%2Freel%2F1414238847016969%2F&show_text=true&width=267&t=0\" width=\"267\" height=\"591\" style=\"border:none;overflow:hidden\" scrolling=\"no\" frameborder=\"0\" allowfullscreen=\"true\" allow=\"autoplay; clipboard-write; encrypted-media; picture-in-picture; web-share\" allowFullScreen=\"true\"><\/iframe>\t\t\t\t<\/div>\n\t\t\t\t\t<\/div>\n\t\t\t\t<\/div>\n\t\t<div data-particle_enable=\"false\" data-particle-mobile-disabled=\"false\" class=\"elementor-element elementor-element-dce9e79 e-flex e-con-boxed e-con e-parent\" data-id=\"dce9e79\" data-element_type=\"container\" data-e-type=\"container\">\n\t\t\t\t\t<div class=\"e-con-inner\">\n\t\t\t\t<div class=\"elementor-element elementor-element-fe4cff1 elementor-widget elementor-widget-heading\" data-id=\"fe4cff1\" data-element_type=\"widget\" data-e-type=\"widget\" data-widget_type=\"heading.default\">\n\t\t\t\t\t<h3 class=\"elementor-heading-title elementor-size-default\">P\u00e9rdidas econ\u00f3micas crecer\u00e1n si medida sigue<\/h3>\t\t\t\t<\/div>\n\t\t\t\t\t<\/div>\n\t\t\t\t<\/div>\n\t\t<div data-particle_enable=\"false\" data-particle-mobile-disabled=\"false\" class=\"elementor-element elementor-element-2a9d1ee e-flex e-con-boxed e-con e-parent\" data-id=\"2a9d1ee\" data-element_type=\"container\" data-e-type=\"container\">\n\t\t\t\t\t<div class=\"e-con-inner\">\n\t\t\t\t<div class=\"elementor-element elementor-element-43ae8be elementor-widget elementor-widget-text-editor\" data-id=\"43ae8be\" data-element_type=\"widget\" data-e-type=\"widget\" data-widget_type=\"text-editor.default\">\n\t\t\t\t\t\t\t\t\t<p data-start=\"171\" data-end=\"624\">&#8220;Los concesionarios de veh\u00edculos reportan ca\u00eddas de hasta 90 % en ventas y una reducci\u00f3n dr\u00e1stica en el pago de impuestos estatales vinculados a la industria automotriz.\u00a0\u00a0En efecto, durante las audiencias p\u00fablicas, la mayor\u00eda de los testimonios de representantes de sectores afectados se centraron en las p\u00e9rdidas financieras&#8221;, cuenta Higueros.<\/p><p data-start=\"2655\" data-end=\"3038\">El tema se retomar\u00e1 el 12 de febrero, cuando autoridades del DMV y representantes estatales eval\u00faen si la interpretaci\u00f3n de la norma se convierte en ley o si se revierte para\u00a0 seguir permitiendo el registro de veh\u00edculos a indocumentados&#8221;.<\/p><p data-start=\"2655\" data-end=\"3038\">Por ser a\u00f1o de elecciones, esta decisi\u00f3n puede marcar no solo el tema automotriz, sino tambi\u00e9n el apoyo a los legisladores por el impacto econ\u00f3mico de la pol\u00edtica antimigrante.<a href=\"https:\/\/soymigrante.com\/revista\/cuantos-guatemaltecos-hay-en-estados-unidos-minex-2024-cifras-migrantes\/\"> Se calcula que entre 1.6 millones y 2 millones de migrantes indocumentados viven en Texas<\/a>, entre ellos unos 276 mil guatemaltecos, seg\u00fan cifras consulares.\u00a0<\/p><p data-start=\"2655\" data-end=\"3038\">Higueros hace una inferencia muy simple: Si la mitad de estos migrantes tiene un veh\u00edculo y por el tr\u00e1mite de placas o calcoman\u00eda de permiso paga US$150 d\u00f3lares, tan solo por pago de tr\u00e1mite, el Estado dejar\u00eda de percibir US$120 millones. Si a eso se le suman los impuestos de compra de carros nuevos, la ca\u00edda de ventas en autopartes, llantas y servicios asociados, la econom\u00eda estatal tendr\u00eda una fuerte ca\u00edda.<\/p>\t\t\t\t\t\t\t\t<\/div>\n\t\t\t\t\t<\/div>\n\t\t\t\t<\/div>\n\t\t<div data-particle_enable=\"false\" data-particle-mobile-disabled=\"false\" class=\"elementor-element elementor-element-377e162 e-flex e-con-boxed e-con e-parent\" data-id=\"377e162\" data-element_type=\"container\" data-e-type=\"container\">\n\t\t\t\t\t<div class=\"e-con-inner\">\n\t\t\t\t<div class=\"elementor-element elementor-element-d4e2ef5 elementor-widget elementor-widget-image\" data-id=\"d4e2ef5\" data-element_type=\"widget\" data-e-type=\"widget\" data-widget_type=\"image.default\">\n\t\t\t\t\t\t\t\t\t\t\t\t<figure class=\"wp-caption\">\n\t\t\t\t\t\t\t\t\t\t<img decoding=\"async\" width=\"1024\" height=\"791\" src=\"https:\/\/soymigrante.com\/revista\/wp-content\/uploads\/2025\/07\/cifra-de-guatemaltecos-en-usa-2025-1-1024x791.png\" class=\"attachment-large size-large wp-image-40687\" alt=\"Guatemaltecos poblaci\u00f3n en Estados Unidos, mapa con cifras de inmigrantes guatemaltecos en EE. UU., a trav\u00e9s de SoyMigrante.com REVISTA, enlace a noticias y datos sobre migraci\u00f3n centroamericana.\" srcset=\"https:\/\/soymigrante.com\/revista\/wp-content\/uploads\/2025\/07\/cifra-de-guatemaltecos-en-usa-2025-1-1024x791.png 1024w, https:\/\/soymigrante.com\/revista\/wp-content\/uploads\/2025\/07\/cifra-de-guatemaltecos-en-usa-2025-1-300x232.png 300w, https:\/\/soymigrante.com\/revista\/wp-content\/uploads\/2025\/07\/cifra-de-guatemaltecos-en-usa-2025-1-768x593.png 768w, https:\/\/soymigrante.com\/revista\/wp-content\/uploads\/2025\/07\/cifra-de-guatemaltecos-en-usa-2025-1-1536x1187.png 1536w, https:\/\/soymigrante.com\/revista\/wp-content\/uploads\/2025\/07\/cifra-de-guatemaltecos-en-usa-2025-1-2048x1583.png 2048w, https:\/\/soymigrante.com\/revista\/wp-content\/uploads\/2025\/07\/cifra-de-guatemaltecos-en-usa-2025-1-750x580.webp 750w, https:\/\/soymigrante.com\/revista\/wp-content\/uploads\/2025\/07\/cifra-de-guatemaltecos-en-usa-2025-1-1140x881.webp 1140w, https:\/\/soymigrante.com\/revista\/wp-content\/uploads\/2025\/07\/cifra-de-guatemaltecos-en-usa-2025-1-scaled.webp 1920w\" sizes=\"(max-width: 1024px) 100vw, 1024px\" title=\"Este mapa se efect\u00faa mediante datos provistos por todos los consulados de Guatemala en Estados Unidos. En ciudades como Los Angeles, Texas, Nueva Jersey y Nueva York,  se concentran las mayores poblaciones de guatemaltecos. (Fuente Minex) \u2013 SoyMigrante.com REVISTA\" \/>\t\t\t\t\t\t\t\t\t\t\t<figcaption class=\"widget-image-caption wp-caption-text\">Este mapa se efect\u00faa mediante datos provistos por todos los consulados de Guatemala en Estados Unidos. En ciudades como Los Angeles, Texas, Nueva Jersey y Nueva York,  se concentran las mayores poblaciones de guatemaltecos. (Fuente Minex)<\/figcaption>\n\t\t\t\t\t\t\t\t\t\t<\/figure>\n\t\t\t\t\t\t\t\t\t<\/div>\n\t\t\t\t\t<\/div>\n\t\t\t\t<\/div>\n\t\t<div data-particle_enable=\"false\" data-particle-mobile-disabled=\"false\" class=\"elementor-element elementor-element-0e00fba e-flex e-con-boxed e-con e-parent\" data-id=\"0e00fba\" data-element_type=\"container\" data-e-type=\"container\">\n\t\t\t\t\t<div class=\"e-con-inner\">\n\t\t\t\t<div class=\"elementor-element elementor-element-01d799d elementor-widget elementor-widget-heading\" data-id=\"01d799d\" data-element_type=\"widget\" data-e-type=\"widget\" data-widget_type=\"heading.default\">\n\t\t\t\t\t<h2 class=\"elementor-heading-title elementor-size-default\">Tambi\u00e9n podr\u00eda interesarte<\/h2>\t\t\t\t<\/div>\n\t\t\t\t\t<\/div>\n\t\t\t\t<\/div>\n\t\t<div data-particle_enable=\"false\" data-particle-mobile-disabled=\"false\" class=\"elementor-element elementor-element-2ee3e2a e-flex e-con-boxed e-con e-parent\" data-id=\"2ee3e2a\" data-element_type=\"container\" data-e-type=\"container\">\n\t\t\t\t\t<div class=\"e-con-inner\">\n\t\t\t\t<div class=\"elementor-element elementor-element-7b892bf elementor-grid-eael-col-3 elementor-grid-tablet-eael-col-2 elementor-grid-mobile-eael-col-1 elementor-widget elementor-widget-eael-post-grid\" data-id=\"7b892bf\" data-element_type=\"widget\" data-e-type=\"widget\" data-settings=\"{&quot;eael_post_grid_columns&quot;:&quot;eael-col-3&quot;,&quot;eael_post_grid_columns_tablet&quot;:&quot;eael-col-2&quot;,&quot;eael_post_grid_columns_mobile&quot;:&quot;eael-col-1&quot;}\" data-widget_type=\"eael-post-grid.default\">\n\t\t\t\t\t<div id=\"eael-post-grid-7b892bf\" class=\"eael-post-grid-container\">\n            <div class=\"eael-post-grid eael-post-appender eael-post-appender-7b892bf eael-post-grid-style-one\" data-layout-mode=\"masonry\"><article class=\"eael-grid-post  eael-post-grid-column eael-pg-post-22328 category-recursos-migratorios\" data-id=\"22328\">\n        <div class=\"eael-grid-post-holder\">\n            <div class=\"eael-grid-post-holder-inner\"><div class=\"eael-entry-media\"><div class=\"eael-entry-overlay fade-in\"><i class=\"far fa-hand-pointer\" aria-hidden=\"true\"><\/i><a href=\"https:\/\/soymigrante.com\/revista\/experto-en-migracion-radicado-en-texas-responde-preguntas-sobre-medidas-migratorias\/\"><\/a><\/div><div class=\"eael-entry-thumbnail eael-image-ratio\">\n                <img decoding=\"async\" width=\"1024\" height=\"1024\" src=\"https:\/\/soymigrante.com\/revista\/wp-content\/uploads\/2025\/01\/inmigracion-1024x1024.jpg\" class=\"attachment-large size-large wp-image-22388\" alt=\"Joven con mochila y bandera estadounidense en una marcha o celebraci\u00f3n, representando el migrante y la comunidad en Estados Unidos, en contexto de inmigraci\u00f3n y diversidad cultural.\" srcset=\"https:\/\/soymigrante.com\/revista\/wp-content\/uploads\/2025\/01\/inmigracion-1024x1024.jpg 1024w, https:\/\/soymigrante.com\/revista\/wp-content\/uploads\/2025\/01\/inmigracion-300x300.jpg 300w, https:\/\/soymigrante.com\/revista\/wp-content\/uploads\/2025\/01\/inmigracion-150x150.jpg 150w, https:\/\/soymigrante.com\/revista\/wp-content\/uploads\/2025\/01\/inmigracion-768x768.jpg 768w, https:\/\/soymigrante.com\/revista\/wp-content\/uploads\/2025\/01\/inmigracion-1536x1536.jpg 1536w, https:\/\/soymigrante.com\/revista\/wp-content\/uploads\/2025\/01\/inmigracion-2048x2048.jpg 2048w, https:\/\/soymigrante.com\/revista\/wp-content\/uploads\/2025\/01\/inmigracion-75x75.webp 75w, https:\/\/soymigrante.com\/revista\/wp-content\/uploads\/2025\/01\/inmigracion-750x750.webp 750w, https:\/\/soymigrante.com\/revista\/wp-content\/uploads\/2025\/01\/inmigracion-1140x1140.webp 1140w, https:\/\/soymigrante.com\/revista\/wp-content\/uploads\/2025\/01\/inmigracion-scaled.webp 1920w\" sizes=\"(max-width: 1024px) 100vw, 1024px\" \/>\n            <\/div>\n        <\/div><div class=\"eael-entry-wrapper\"><header class=\"eael-entry-header\"><h2 class=\"eael-entry-title\"><a class=\"eael-grid-post-link\" href=\"https:\/\/soymigrante.com\/revista\/experto-en-migracion-radicado-en-texas-responde-preguntas-sobre-medidas-migratorias\/\" title=\"Experto en migraci\u00f3n radicado en Texas responde preguntas sobre medidas migratorias\">Experto en migraci\u00f3n radicado en Texas responde preguntas sobre medidas migratorias<\/a><\/h2><\/header><div class=\"eael-entry-content\">\n                        <div class=\"eael-grid-post-excerpt\"><a href=\"https:\/\/soymigrante.com\/revista\/experto-en-migracion-radicado-en-texas-responde-preguntas-sobre-medidas-migratorias\/\" class=\"eael-post-elements-readmore-btn\">CONOCE SU HISTORIA <\/a><\/div>\n                    <\/div><\/div><\/div>\n        <\/div>\n    <\/article><article class=\"eael-grid-post  eael-post-grid-column eael-pg-post-1905 category-recursos-migratorios\" data-id=\"1905\">\n        <div class=\"eael-grid-post-holder\">\n            <div class=\"eael-grid-post-holder-inner\"><div class=\"eael-entry-media\"><div class=\"eael-entry-overlay fade-in\"><i class=\"far fa-hand-pointer\" aria-hidden=\"true\"><\/i><a href=\"https:\/\/soymigrante.com\/revista\/licencia-conducir-migrantes-massachussets\/\"><\/a><\/div><div class=\"eael-entry-thumbnail eael-image-ratio\">\n                <img loading=\"lazy\" decoding=\"async\" width=\"918\" height=\"642\" src=\"https:\/\/soymigrante.com\/revista\/wp-content\/uploads\/2023\/07\/Captura-de-pantalla-2023-07-24-134852.webp\" class=\"attachment-large size-large wp-image-1939\" alt=\"\" srcset=\"https:\/\/soymigrante.com\/revista\/wp-content\/uploads\/2023\/07\/Captura-de-pantalla-2023-07-24-134852.webp 918w, https:\/\/soymigrante.com\/revista\/wp-content\/uploads\/2023\/07\/Captura-de-pantalla-2023-07-24-134852-300x210.webp 300w, https:\/\/soymigrante.com\/revista\/wp-content\/uploads\/2023\/07\/Captura-de-pantalla-2023-07-24-134852-768x537.webp 768w, https:\/\/soymigrante.com\/revista\/wp-content\/uploads\/2023\/07\/Captura-de-pantalla-2023-07-24-134852-750x525.webp 750w\" sizes=\"(max-width: 918px) 100vw, 918px\" \/>\n            <\/div>\n        <\/div><div class=\"eael-entry-wrapper\"><header class=\"eael-entry-header\"><h2 class=\"eael-entry-title\"><a class=\"eael-grid-post-link\" href=\"https:\/\/soymigrante.com\/revista\/licencia-conducir-migrantes-massachussets\/\" title=\"Massachussets emite licencias de conducir a migrantes: claves sobre el tr\u00e1mite y requisitos\">Massachussets emite licencias de conducir a migrantes: claves sobre el tr\u00e1mite y requisitos<\/a><\/h2><\/header><div class=\"eael-entry-content\">\n                        <div class=\"eael-grid-post-excerpt\"><a href=\"https:\/\/soymigrante.com\/revista\/licencia-conducir-migrantes-massachussets\/\" class=\"eael-post-elements-readmore-btn\">CONOCE SU HISTORIA <\/a><\/div>\n                    <\/div><\/div><\/div>\n        <\/div>\n    <\/article><article class=\"eael-grid-post  eael-post-grid-column eael-pg-post-275 category-estamos-unidos\" data-id=\"275\">\n        <div class=\"eael-grid-post-holder\">\n            <div class=\"eael-grid-post-holder-inner\"><div class=\"eael-entry-media\"><div class=\"eael-entry-overlay fade-in\"><i class=\"far fa-hand-pointer\" aria-hidden=\"true\"><\/i><a href=\"https:\/\/soymigrante.com\/revista\/licencia-de-conducir\/\"><\/a><\/div><div class=\"eael-entry-thumbnail eael-image-ratio\">\n                <img loading=\"lazy\" decoding=\"async\" width=\"1024\" height=\"683\" src=\"https:\/\/soymigrante.com\/revista\/wp-content\/uploads\/2023\/05\/woman-with-keys-and-license-near-the-car-at-the-pa-2021-09-02-01-35-46-utc-1024x683.jpg\" class=\"attachment-large size-large wp-image-1136\" alt=\"Conductora luciendo su licencia, imagen de referencia. Cr\u00e9dito Envato\" srcset=\"https:\/\/soymigrante.com\/revista\/wp-content\/uploads\/2023\/05\/woman-with-keys-and-license-near-the-car-at-the-pa-2021-09-02-01-35-46-utc-1024x683.jpg 1024w, https:\/\/soymigrante.com\/revista\/wp-content\/uploads\/2023\/05\/woman-with-keys-and-license-near-the-car-at-the-pa-2021-09-02-01-35-46-utc-300x200.webp 300w, https:\/\/soymigrante.com\/revista\/wp-content\/uploads\/2023\/05\/woman-with-keys-and-license-near-the-car-at-the-pa-2021-09-02-01-35-46-utc-768x513.jpg 768w, https:\/\/soymigrante.com\/revista\/wp-content\/uploads\/2023\/05\/woman-with-keys-and-license-near-the-car-at-the-pa-2021-09-02-01-35-46-utc-1536x1025.jpg 1536w, https:\/\/soymigrante.com\/revista\/wp-content\/uploads\/2023\/05\/woman-with-keys-and-license-near-the-car-at-the-pa-2021-09-02-01-35-46-utc-2048x1367.jpg 2048w, https:\/\/soymigrante.com\/revista\/wp-content\/uploads\/2023\/05\/woman-with-keys-and-license-near-the-car-at-the-pa-2021-09-02-01-35-46-utc-750x501.webp 750w, https:\/\/soymigrante.com\/revista\/wp-content\/uploads\/2023\/05\/woman-with-keys-and-license-near-the-car-at-the-pa-2021-09-02-01-35-46-utc-1140x761.jpg 1140w, https:\/\/soymigrante.com\/revista\/wp-content\/uploads\/2023\/05\/woman-with-keys-and-license-near-the-car-at-the-pa-2021-09-02-01-35-46-utc-600x400.jpg 600w, https:\/\/soymigrante.com\/revista\/wp-content\/uploads\/2023\/05\/woman-with-keys-and-license-near-the-car-at-the-pa-2021-09-02-01-35-46-utc-scaled.webp 1920w\" sizes=\"(max-width: 1024px) 100vw, 1024px\" \/>\n            <\/div>\n        <\/div><div class=\"eael-entry-wrapper\"><header class=\"eael-entry-header\"><h2 class=\"eael-entry-title\"><a class=\"eael-grid-post-link\" href=\"https:\/\/soymigrante.com\/revista\/licencia-de-conducir\/\" title=\"\u00bfPor qu\u00e9 la licencia de conducir en EE.UU. se considera un privilegio y no un derecho?\">\u00bfPor qu\u00e9 la licencia de conducir en EE.UU. se considera un privilegio y no un derecho?<\/a><\/h2><\/header><div class=\"eael-entry-content\">\n                        <div class=\"eael-grid-post-excerpt\"><a href=\"https:\/\/soymigrante.com\/revista\/licencia-de-conducir\/\" class=\"eael-post-elements-readmore-btn\">CONOCE SU HISTORIA <\/a><\/div>\n                    <\/div><\/div><\/div>\n        <\/div>\n    <\/article><\/div>\n            <div class=\"clearfix\"><\/div>\n        <\/div>\t\t\t\t<\/div>\n\t\t\t\t\t<\/div>\n\t\t\t\t<\/div>\n\t\t\t\t<\/div>\n\t\t","protected":false},"excerpt":{"rendered":"<p>Legisladores de Texas deben decidir sobre cambio que impide registro de veh\u00edculos a migrantes indocumentados, que ya est\u00e1 costando millones de d\u00f3lares en p\u00e9rdidas al Estado por ca\u00edda en ingresos por tr\u00e1mite, ca\u00edda de ventas de dealers, autopartes y servicios asociados. Un cambio administrativo en los criterios aplicados por el Departamento de registro de Veh\u00edculos [&hellip;]<\/p>\n","protected":false},"author":1,"featured_media":51535,"comment_status":"open","ping_status":"open","sticky":false,"template":"","format":"standard","meta":{"_acf_changed":false,"_eb_attr":"","footnotes":""},"categories":[280],"tags":[],"class_list":["post-51534","post","type-post","status-publish","format-standard","has-post-thumbnail","hentry","category-noticias"],"acf":[],"aioseo_notices":[],"aioseo_head":"\n\t\t<!-- All in One SEO Pro 4.9.6.2 - aioseo.com -->\n\t<meta name=\"description\" content=\"Conducir un veh\u00edculo sin licencia en Estados Unidos es una infracci\u00f3n grave. Para obtenerla, cada Estado tiene sus propias condiciones y exigencias.\" \/>\n\t<meta name=\"robots\" content=\"max-snippet:-1, max-image-preview:large, max-video-preview:-1\" \/>\n\t<meta name=\"author\" content=\"SoyMigrante.com REVISTA\"\/>\n\t<link rel=\"canonical\" href=\"https:\/\/soymigrante.com\/revista\/licencia-de-conducir\/\" \/>\n\t<meta name=\"generator\" content=\"All in One SEO Pro (AIOSEO) 4.9.6.2\" \/>\n\n\t\t<link rel=\"preconnect\" href=\"https:\/\/fonts.googleapis.com\" crossorigin>\n<link rel=\"preconnect\" href=\"https:\/\/fonts.gstatic.com\" crossorigin>\n\t\t<meta property=\"og:locale\" content=\"es_ES\" \/>\n\t\t<meta property=\"og:site_name\" content=\"SoyMigrante.com REVISTA \u2013 Nuestra misi\u00f3n es reconocer y dignificar al migrante.\" \/>\n\t\t<meta property=\"og:type\" content=\"article\" \/>\n\t\t<meta property=\"og:title\" content=\"Licencia de conducir en USA es un privilegio, no un derecho\" \/>\n\t\t<meta property=\"og:description\" content=\"Conducir un veh\u00edculo sin licencia en Estados Unidos es una infracci\u00f3n grave. Para obtenerla, cada Estado tiene sus propias condiciones y exigencias.\" \/>\n\t\t<meta property=\"og:url\" content=\"https:\/\/soymigrante.com\/revista\/licencia-de-conducir\/\" \/>\n\t\t<meta property=\"og:image\" content=\"https:\/\/soymigrante.com\/revista\/wp-content\/uploads\/2023\/05\/woman-with-keys-and-license-near-the-car-at-the-pa-2021-09-02-01-35-46-utc-scaled.webp\" \/>\n\t\t<meta property=\"og:image:secure_url\" content=\"https:\/\/soymigrante.com\/revista\/wp-content\/uploads\/2023\/05\/woman-with-keys-and-license-near-the-car-at-the-pa-2021-09-02-01-35-46-utc-scaled.webp\" \/>\n\t\t<meta property=\"og:image:width\" content=\"1920\" \/>\n\t\t<meta property=\"og:image:height\" content=\"1282\" \/>\n\t\t<meta property=\"article:published_time\" content=\"2025-04-27T18:23:12+00:00\" \/>\n\t\t<meta property=\"article:modified_time\" content=\"2025-04-27T18:23:45+00:00\" \/>\n\t\t<meta property=\"article:publisher\" content=\"https:\/\/www.facebook.com\/soymigrantecom\" \/>\n\t\t<meta name=\"twitter:card\" content=\"summary_large_image\" \/>\n\t\t<meta name=\"twitter:site\" content=\"@SoyMigrante_com\" \/>\n\t\t<meta name=\"twitter:title\" content=\"Licencia de conducir en USA es un privilegio, no un derecho\" \/>\n\t\t<meta name=\"twitter:description\" content=\"Conducir un veh\u00edculo sin licencia en Estados Unidos es una infracci\u00f3n grave. Para obtenerla, cada Estado tiene sus propias condiciones y exigencias.\" \/>\n\t\t<meta name=\"twitter:creator\" content=\"@SoyMigrante_com\" \/>\n\t\t<meta name=\"twitter:image\" content=\"https:\/\/soymigrante.com\/revista\/wp-content\/uploads\/2023\/05\/woman-with-keys-and-license-near-the-car-at-the-pa-2021-09-02-01-35-46-utc-scaled.webp\" \/>\n\t\t<!-- All in One SEO Pro -->\r\n\t\t<title>Licencia de conducir en USA es un privilegio, no un derecho<\/title>\n\n","aioseo_head_json":{"title":"Licencia de conducir en USA es un privilegio, no un derecho","description":"Conducir un veh\u00edculo sin licencia en Estados Unidos es una infracci\u00f3n grave. Para obtenerla, cada Estado tiene sus propias condiciones y exigencias.","canonical_url":"https:\/\/soymigrante.com\/revista\/licencia-de-conducir\/","robots":"max-snippet:-1, max-image-preview:large, max-video-preview:-1","keywords":"","webmasterTools":{"miscellaneous":"&lt;link rel=\"preconnect\" href=\"https:\/\/fonts.googleapis.com\" crossorigin&gt;\n&lt;link rel=\"preconnect\" href=\"https:\/\/fonts.gstatic.com\" crossorigin&gt;"},"schema":null,"og:locale":"es_ES","og:site_name":"SoyMigrante.com REVISTA \u2013 Nuestra misi\u00f3n es reconocer y dignificar al migrante.","og:type":"article","og:title":"Licencia de conducir en USA es un privilegio, no un derecho","og:description":"Conducir un veh\u00edculo sin licencia en Estados Unidos es una infracci\u00f3n grave. Para obtenerla, cada Estado tiene sus propias condiciones y exigencias.","og:url":"https:\/\/soymigrante.com\/revista\/licencia-de-conducir\/","og:image":"https:\/\/soymigrante.com\/revista\/wp-content\/uploads\/2023\/05\/woman-with-keys-and-license-near-the-car-at-the-pa-2021-09-02-01-35-46-utc-scaled.webp","og:image:secure_url":"https:\/\/soymigrante.com\/revista\/wp-content\/uploads\/2023\/05\/woman-with-keys-and-license-near-the-car-at-the-pa-2021-09-02-01-35-46-utc-scaled.webp","og:image:width":1920,"og:image:height":1282,"article:published_time":"2025-04-27T18:23:12+00:00","article:modified_time":"2025-04-27T18:23:45+00:00","article:publisher":"https:\/\/www.facebook.com\/soymigrantecom","twitter:card":"summary_large_image","twitter:site":"@SoyMigrante_com","twitter:title":"Licencia de conducir en USA es un privilegio, no un derecho","twitter:description":"Conducir un veh\u00edculo sin licencia en Estados Unidos es una infracci\u00f3n grave. Para obtenerla, cada Estado tiene sus propias condiciones y exigencias.","twitter:creator":"@SoyMigrante_com","twitter:image":"https:\/\/soymigrante.com\/revista\/wp-content\/uploads\/2023\/05\/woman-with-keys-and-license-near-the-car-at-the-pa-2021-09-02-01-35-46-utc-scaled.webp"},"aioseo_meta_data":{"post_id":"51534","title":null,"description":null,"keywords":null,"keyphrases":{"focus":{"keyphrase":"","score":0,"analysis":{"keyphraseInTitle":{"score":0,"maxScore":9,"error":1}}},"additional":[]},"primary_term":null,"canonical_url":null,"og_title":null,"og_description":null,"og_object_type":"default","og_image_type":"default","og_image_url":null,"og_image_width":null,"og_image_height":null,"og_image_custom_url":null,"og_image_custom_fields":null,"og_video":"","og_custom_url":null,"og_article_section":null,"og_article_tags":null,"twitter_use_og":false,"twitter_card":"default","twitter_image_type":"default","twitter_image_url":null,"twitter_image_custom_url":null,"twitter_image_custom_fields":null,"twitter_title":null,"twitter_description":null,"schema":{"blockGraphs":[],"customGraphs":[],"default":{"data":{"Article":[],"Course":[],"Dataset":[],"FAQPage":[],"Movie":[],"Person":[],"Product":[],"ProductReview":[],"Car":[],"Recipe":[],"Service":[],"SoftwareApplication":[],"WebPage":[]},"graphName":"NewsArticle","isEnabled":true},"graphs":[]},"schema_type":"default","schema_type_options":null,"pillar_content":false,"robots_default":true,"robots_noindex":false,"robots_noarchive":false,"robots_nosnippet":false,"robots_nofollow":false,"robots_noimageindex":false,"robots_noodp":false,"robots_notranslate":false,"robots_max_snippet":"-1","robots_max_videopreview":"-1","robots_max_imagepreview":"large","priority":null,"frequency":"default","local_seo":null,"seo_analyzer_scan_date":"2026-03-02 21:39:39","breadcrumb_settings":null,"limit_modified_date":false,"reviewed_by":"0","open_ai":null,"ai":{"faqs":[],"keyPoints":[],"titles":[],"descriptions":[],"socialPosts":{"email":[],"linkedin":[],"twitter":[],"facebook":[],"instagram":[]}},"created":"2026-01-26 18:43:42","updated":"2026-03-06 15:45:38"},"aioseo_breadcrumb":"<div class=\"aioseo-breadcrumbs\"><span class=\"aioseo-breadcrumb\">\n\t<a href=\"https:\/\/soymigrante.com\/revista\" title=\"Home\">Home<\/a>\n<\/span><span class=\"aioseo-breadcrumb-separator\">\u00bb<\/span><span class=\"aioseo-breadcrumb\">\n\t<a href=\"https:\/\/soymigrante.com\/revista\/category\/noticias\/\" title=\"Noticias\">Noticias<\/a>\n<\/span><span class=\"aioseo-breadcrumb-separator\">\u00bb<\/span><span class=\"aioseo-breadcrumb\">\n\tPol\u00e9mico requisito para registrar veh\u00edculos en Texas afecta a migrantes pero tambi\u00e9n golpea econom\u00eda estatal\n<\/span><\/div>","aioseo_breadcrumb_json":[{"label":"Home","link":"https:\/\/soymigrante.com\/revista"},{"label":"Noticias","link":"https:\/\/soymigrante.com\/revista\/category\/noticias\/"},{"label":"Pol\u00e9mico requisito para registrar veh\u00edculos en Texas afecta a migrantes pero tambi\u00e9n golpea econom\u00eda estatal","link":"https:\/\/soymigrante.com\/revista\/polemico-requisito-para-registrar-vehiculos-en-texas-afecta-a-migrantes-pero-tambien-a-la-economia-estatal\/"}],"_links":{"self":[{"href":"https:\/\/soymigrante.com\/revista\/wp-json\/wp\/v2\/posts\/51534","targetHints":{"allow":["GET"]}}],"collection":[{"href":"https:\/\/soymigrante.com\/revista\/wp-json\/wp\/v2\/posts"}],"about":[{"href":"https:\/\/soymigrante.com\/revista\/wp-json\/wp\/v2\/types\/post"}],"author":[{"embeddable":true,"href":"https:\/\/soymigrante.com\/revista\/wp-json\/wp\/v2\/users\/1"}],"replies":[{"embeddable":true,"href":"https:\/\/soymigrante.com\/revista\/wp-json\/wp\/v2\/comments?post=51534"}],"version-history":[{"count":6,"href":"https:\/\/soymigrante.com\/revista\/wp-json\/wp\/v2\/posts\/51534\/revisions"}],"predecessor-version":[{"id":51543,"href":"https:\/\/soymigrante.com\/revista\/wp-json\/wp\/v2\/posts\/51534\/revisions\/51543"}],"wp:featuredmedia":[{"embeddable":true,"href":"https:\/\/soymigrante.com\/revista\/wp-json\/wp\/v2\/media\/51535"}],"wp:attachment":[{"href":"https:\/\/soymigrante.com\/revista\/wp-json\/wp\/v2\/media?parent=51534"}],"wp:term":[{"taxonomy":"category","embeddable":true,"href":"https:\/\/soymigrante.com\/revista\/wp-json\/wp\/v2\/categories?post=51534"},{"taxonomy":"post_tag","embeddable":true,"href":"https:\/\/soymigrante.com\/revista\/wp-json\/wp\/v2\/tags?post=51534"}],"curies":[{"name":"wp","href":"https:\/\/api.w.org\/{rel}","templated":true}]}}