{"id":51505,"date":"2026-01-26T08:14:34","date_gmt":"2026-01-26T14:14:34","guid":{"rendered":"https:\/\/soymigrante.com\/revista\/?p=51505"},"modified":"2026-01-26T08:29:27","modified_gmt":"2026-01-26T14:29:27","slug":"hace-24-anos-parti-hacia-lo-desconocido-el-testimonio-agradecido-de-la-migrante-guatemalteca-maria-morales-en-milwaukee","status":"publish","type":"post","link":"https:\/\/soymigrante.com\/revista\/hace-24-anos-parti-hacia-lo-desconocido-el-testimonio-agradecido-de-la-migrante-guatemalteca-maria-morales-en-milwaukee\/","title":{"rendered":"\u201cHace 24 a\u00f1os part\u00ed hacia lo desconocido&#8221;: el testimonio agradecido de la guatemalteca Mar\u00eda Morales en Milwaukee"},"content":{"rendered":"\t\t<div data-elementor-type=\"wp-post\" data-elementor-id=\"51505\" class=\"elementor elementor-51505\" data-elementor-post-type=\"post\">\n\t\t\t\t<div data-particle_enable=\"false\" data-particle-mobile-disabled=\"false\" class=\"elementor-element elementor-element-4b44839 e-flex e-con-boxed e-con e-parent\" data-id=\"4b44839\" data-element_type=\"container\" data-e-type=\"container\">\n\t\t\t\t\t<div class=\"e-con-inner\">\n\t\t\t\t<div class=\"elementor-element elementor-element-7dfb753 elementor-widget elementor-widget-heading\" data-id=\"7dfb753\" data-element_type=\"widget\" data-e-type=\"widget\" data-widget_type=\"heading.default\">\n\t\t\t\t\t<h2 class=\"elementor-heading-title elementor-size-default\">A 24 a\u00f1os de haber llegado a Estados Unidos (la mitad de su vida), la guatemalteca Mar\u00eda Morales escribe con gratitud: un mensaje inspirador que invita a la esperanza en la adversidad.  <\/h2>\t\t\t\t<\/div>\n\t\t\t\t\t<\/div>\n\t\t\t\t<\/div>\n\t\t<div data-particle_enable=\"false\" data-particle-mobile-disabled=\"false\" class=\"elementor-element elementor-element-87766a2 e-flex e-con-boxed e-con e-parent\" data-id=\"87766a2\" data-element_type=\"container\" data-e-type=\"container\">\n\t\t\t\t\t<div class=\"e-con-inner\">\n\t\t\t\t<div class=\"elementor-element elementor-element-d7e1478 elementor-widget elementor-widget-text-editor\" data-id=\"d7e1478\" data-element_type=\"widget\" data-e-type=\"widget\" data-widget_type=\"text-editor.default\">\n\t\t\t\t\t\t\t\t\t<p><a href=\"https:\/\/soymigrante.com\/revista\/migrante-guatemalteca-milwaukee-wisconsin-guarderia-ninera-panaderia-organica\/\">Por Mar\u00eda Elena Morales, guatemalteca en Milwaukee, Wisconsin<\/a><\/p>\t\t\t\t\t\t\t\t<\/div>\n\t\t\t\t\t<\/div>\n\t\t\t\t<\/div>\n\t\t<div data-particle_enable=\"false\" data-particle-mobile-disabled=\"false\" class=\"elementor-element elementor-element-eb336b9 e-flex e-con-boxed e-con e-parent\" data-id=\"eb336b9\" data-element_type=\"container\" data-e-type=\"container\">\n\t\t\t\t\t<div class=\"e-con-inner\">\n\t\t\t\t<div class=\"elementor-element elementor-element-cad0e77 elementor-widget elementor-widget-text-editor\" data-id=\"cad0e77\" data-element_type=\"widget\" data-e-type=\"widget\" data-widget_type=\"text-editor.default\">\n\t\t\t\t\t\t\t\t\t<p data-start=\"51\" data-end=\"296\">Hoy (25 de enero) es un d\u00eda muy especial para m\u00ed en lo personal. Hoy, hace 24 a\u00f1os, me sub\u00ed a un avi\u00f3n con destino a lo desconocido. Realmente no sab\u00eda qu\u00e9 ven\u00eda para m\u00ed, pero estaba decidida a hacer de ese viaje la mejor experiencia de <a href=\"https:\/\/soymigrante.com\/revista\/herramientas-para-el-aprendizaje-tarde-o-temprano-te-servira\/\">aprendizaj<\/a>e posible.<\/p><p data-start=\"298\" data-end=\"535\">Ha sido un recorrido incre\u00edble, con altos y, sin duda, <b><a href=\"https:\/\/soymigrante.com\/revista\/dificultades-nunca-faltan-pero-aqui-hay-claves-para-enfrentarlas\/\">muchos bajos<\/a>, <\/b>pero hay algo que puedo decir con total certeza: <strong data-start=\"416\" data-end=\"453\">nada es motivo de arrepentimiento<\/strong>. Todo ten\u00eda que suceder as\u00ed para que yo pudiera llegar a estar donde estoy hoy.<\/p>\t\t\t\t\t\t\t\t<\/div>\n\t\t\t\t\t<\/div>\n\t\t\t\t<\/div>\n\t\t<div data-particle_enable=\"false\" data-particle-mobile-disabled=\"false\" class=\"elementor-element elementor-element-f13d513 e-flex e-con-boxed e-con e-parent\" data-id=\"f13d513\" data-element_type=\"container\" data-e-type=\"container\">\n\t\t\t\t\t<div class=\"e-con-inner\">\n\t\t\t\t<div class=\"elementor-element elementor-element-280822f elementor-widget elementor-widget-image\" data-id=\"280822f\" data-element_type=\"widget\" data-e-type=\"widget\" data-widget_type=\"image.default\">\n\t\t\t\t\t\t\t\t\t\t\t\t<figure class=\"wp-caption\">\n\t\t\t\t\t\t\t\t\t\t\t<a href=\"https:\/\/soymigrante.com\/revista\/migrante-guatemalteca-milwaukee-wisconsin-guarderia-ninera-panaderia-organica\/\">\n\t\t\t\t\t\t\t<img fetchpriority=\"high\" decoding=\"async\" width=\"748\" height=\"576\" src=\"https:\/\/soymigrante.com\/revista\/wp-content\/uploads\/2026\/01\/maria-morales-guatemalteca-wisconsin.png\" class=\"attachment-large size-large wp-image-51510\" alt=\"Mar\u00eda Elena Morales, migrante guatemalteca en Wisconsin trabaj\u00f3 como ni\u00f1era y lleg\u00f3 a tener su propio centro de cuidado infantil. Despu\u00e9s comenz\u00f3 su emprendimiento de pan de masa madre llamado Peace and Love Sourdough (Masa Madre Paz y Amor) Fotograf\u00eda redes sociales Mar\u00eda Morales.\" srcset=\"https:\/\/soymigrante.com\/revista\/wp-content\/uploads\/2026\/01\/maria-morales-guatemalteca-wisconsin.png 748w, https:\/\/soymigrante.com\/revista\/wp-content\/uploads\/2026\/01\/maria-morales-guatemalteca-wisconsin-300x231.png 300w\" sizes=\"(max-width: 748px) 100vw, 748px\" title=\"Mar\u00eda Elena Morales, migrante guatemalteca en Wisconsin trabaj\u00f3 como ni\u00f1era y lleg\u00f3 a tener su propio centro de cuidado infantil. Despu\u00e9s comenz\u00f3 su emprendimiento de pan de masa madre llamado Peace and Love Sourdough (Masa Madre Paz y Amor) Fotograf\u00eda redes sociales Mar\u00eda Morales. \u2013 SoyMigrante.com REVISTA\" \/>\t\t\t\t\t\t\t\t<\/a>\n\t\t\t\t\t\t\t\t\t\t\t<figcaption class=\"widget-image-caption wp-caption-text\">Mar\u00eda Elena Morales, migrante guatemalteca en Wisconsin trabaj\u00f3 como ni\u00f1era y lleg\u00f3 a tener su propio centro de cuidado infantil. Despu\u00e9s comenz\u00f3 su emprendimiento de pan de masa madre llamado Peace and Love Sourdough (Masa Madre Paz y Amor) Fotograf\u00eda redes sociales Mar\u00eda Morales.<\/figcaption>\n\t\t\t\t\t\t\t\t\t\t<\/figure>\n\t\t\t\t\t\t\t\t\t<\/div>\n\t\t\t\t\t<\/div>\n\t\t\t\t<\/div>\n\t\t<div data-particle_enable=\"false\" data-particle-mobile-disabled=\"false\" class=\"elementor-element elementor-element-fc408d8 e-flex e-con-boxed e-con e-parent\" data-id=\"fc408d8\" data-element_type=\"container\" data-e-type=\"container\">\n\t\t\t\t\t<div class=\"e-con-inner\">\n\t\t\t\t<div class=\"elementor-element elementor-element-5efc013 elementor-widget elementor-widget-text-editor\" data-id=\"5efc013\" data-element_type=\"widget\" data-e-type=\"widget\" data-widget_type=\"text-editor.default\">\n\t\t\t\t\t\t\t\t\t<p data-start=\"51\" data-end=\"296\">En poco m\u00e1s de un mes cumplir\u00e9 48 a\u00f1os, y eso me lleva a reflexionar que <strong data-start=\"610\" data-end=\"680\">la mitad de mi vida la he vivido fuera de mi pa\u00eds natal, <a href=\"https:\/\/soymigrante.com\/revista\/22-departamentos-de-guatemala-un-corazon-multicultural-compartido\/\">Guatemala<\/a><\/strong>.<\/p><p data-start=\"685\" data-end=\"807\">Dej\u00e9 atr\u00e1s mi pasado, un pasado que trajo mucha<a href=\"https:\/\/soymigrante.com\/revista\/el-duelo-migratorio-existe-y-no-solo-es-uno-son-siete-los-duelos-del-migrante\/\"> tristeza <\/a>a mi vida, y ustedes saben la raz\u00f3n (la p\u00e9rdida de mis padres).<\/p><p data-start=\"809\" data-end=\"1054\">Estados Unidos ha sido muy bueno conmigo. Hoy considero a este pa\u00eds mi hogar, el hogar que me ha visto crecer como mujer y que me ha dado la oportunidad de abrir dos negocios. \u00bfC\u00f3mo no estar agradecida? Ha sido bueno conmigo de tantas maneras.<\/p>\t\t\t\t\t\t\t\t<\/div>\n\t\t\t\t\t<\/div>\n\t\t\t\t<\/div>\n\t\t<div data-particle_enable=\"false\" data-particle-mobile-disabled=\"false\" class=\"elementor-element elementor-element-0705d65 e-flex e-con-boxed e-con e-parent\" data-id=\"0705d65\" data-element_type=\"container\" data-e-type=\"container\">\n\t\t\t\t\t<div class=\"e-con-inner\">\n\t\t\t\t<div class=\"elementor-element elementor-element-bc2fa36 elementor-grid-eael-col-1 elementor-grid-tablet-eael-col-2 elementor-grid-mobile-eael-col-1 elementor-widget elementor-widget-eael-post-grid\" data-id=\"bc2fa36\" data-element_type=\"widget\" data-e-type=\"widget\" data-settings=\"{&quot;eael_post_grid_columns&quot;:&quot;eael-col-1&quot;,&quot;eael_post_grid_columns_tablet&quot;:&quot;eael-col-2&quot;,&quot;eael_post_grid_columns_mobile&quot;:&quot;eael-col-1&quot;}\" data-widget_type=\"eael-post-grid.default\">\n\t\t\t\t\t<div id=\"eael-post-grid-bc2fa36\" class=\"eael-post-grid-container\">\n            <div class=\"eael-post-grid eael-post-appender eael-post-appender-bc2fa36 eael-post-grid-style-one\" data-layout-mode=\"masonry\"><article class=\"eael-grid-post  eael-post-grid-column eael-pg-post-4097 category-exitos\" data-id=\"4097\">\n        <div class=\"eael-grid-post-holder\">\n            <div class=\"eael-grid-post-holder-inner\"><div class=\"eael-entry-media\"><div class=\"eael-entry-overlay fade-in\"><i class=\"far fa-hand-pointer\" aria-hidden=\"true\"><\/i><a href=\"https:\/\/soymigrante.com\/revista\/migrante-guatemalteca-milwaukee-wisconsin-guarderia-ninera-panaderia-organica\/\"><\/a><\/div><div class=\"eael-entry-thumbnail eael-image-ratio\">\n                <img decoding=\"async\" width=\"321\" height=\"368\" src=\"https:\/\/soymigrante.com\/revista\/wp-content\/uploads\/2023\/12\/MIGRANTE-GUATEMALTECA-MARIA-ELENA-MORALES-EN-MILWAUKEE-WISCONSIN-2.webp\" class=\"attachment-large size-large wp-image-4100\" alt=\"\" srcset=\"https:\/\/soymigrante.com\/revista\/wp-content\/uploads\/2023\/12\/MIGRANTE-GUATEMALTECA-MARIA-ELENA-MORALES-EN-MILWAUKEE-WISCONSIN-2.webp 321w, https:\/\/soymigrante.com\/revista\/wp-content\/uploads\/2023\/12\/MIGRANTE-GUATEMALTECA-MARIA-ELENA-MORALES-EN-MILWAUKEE-WISCONSIN-2-262x300.webp 262w\" sizes=\"(max-width: 321px) 100vw, 321px\" \/>\n            <\/div>\n        <\/div><div class=\"eael-entry-wrapper\"><header class=\"eael-entry-header\"><h2 class=\"eael-entry-title\"><a class=\"eael-grid-post-link\" href=\"https:\/\/soymigrante.com\/revista\/migrante-guatemalteca-milwaukee-wisconsin-guarderia-ninera-panaderia-organica\/\" title=\"Maestra migrante Mar\u00eda Elena Morales amasa un fresco porvenir\">Maestra migrante Mar\u00eda Elena Morales amasa un fresco porvenir<\/a><\/h2><\/header><div class=\"eael-entry-content\">\n                        <div class=\"eael-grid-post-excerpt\"><a href=\"https:\/\/soymigrante.com\/revista\/migrante-guatemalteca-milwaukee-wisconsin-guarderia-ninera-panaderia-organica\/\" class=\"eael-post-elements-readmore-btn\">CONOCE SU HISTORIA <\/a><\/div>\n                    <\/div><\/div><\/div>\n        <\/div>\n    <\/article><\/div>\n            <div class=\"clearfix\"><\/div>\n        <\/div>\t\t\t\t<\/div>\n\t\t\t\t\t<\/div>\n\t\t\t\t<\/div>\n\t\t<div data-particle_enable=\"false\" data-particle-mobile-disabled=\"false\" class=\"elementor-element elementor-element-f2df53f e-flex e-con-boxed e-con e-parent\" data-id=\"f2df53f\" data-element_type=\"container\" data-e-type=\"container\">\n\t\t\t\t\t<div class=\"e-con-inner\">\n\t\t\t\t<div class=\"elementor-element elementor-element-79ceec8 elementor-widget elementor-widget-text-editor\" data-id=\"79ceec8\" data-element_type=\"widget\" data-e-type=\"widget\" data-widget_type=\"text-editor.default\">\n\t\t\t\t\t\t\t\t\t<p data-start=\"51\" data-end=\"296\">Mateo (hijo) ha sido la bendici\u00f3n n\u00famero uno en mis momentos m\u00e1s dif\u00edciles, y por eso siempre estar\u00e9 <a href=\"https:\/\/soymigrante.com\/revista\/donde-encontrar-a-dios-reflexion-migrante-sin-fronteras-opinion\/\">agradecida con Dios <\/a>y con la vida por darme la oportunidad de conocer el verdadero significado del amor.\u00a0<\/p><p data-start=\"51\" data-end=\"296\">\u00c9l es mi coraz\u00f3n, mi vida, mi mundo, mi todo. Curiosamente, ma\u00f1ana cumplir\u00e1 20 a\u00f1os y, al sentarme a pensar, veo c\u00f3mo mi vida se ha alineado con mi destino.<\/p><p data-start=\"1415\" data-end=\"1559\">Ryan ha sido una parte importante de mi camino; me ha ayudado a redescubrir qui\u00e9n soy realmente y qu\u00e9 es lo que verdaderamente quiero para m\u00ed.<\/p>\t\t\t\t\t\t\t\t<\/div>\n\t\t\t\t\t<\/div>\n\t\t\t\t<\/div>\n\t\t<div data-particle_enable=\"false\" data-particle-mobile-disabled=\"false\" class=\"elementor-element elementor-element-4f4af03 e-flex e-con-boxed e-con e-parent\" data-id=\"4f4af03\" data-element_type=\"container\" data-e-type=\"container\">\n\t\t\t\t\t<div class=\"e-con-inner\">\n\t\t\t\t<div class=\"elementor-element elementor-element-af1913f elementor-widget elementor-widget-facebook-page\" data-id=\"af1913f\" data-element_type=\"widget\" data-e-type=\"widget\" data-widget_type=\"facebook-page.default\">\n\t\t\t\t\t<div class=\"elementor-facebook-widget fb-page\" data-href=\"https:\/\/www.facebook.com\/profile.php?id=61556187791212\" data-tabs=\"timeline\" data-height=\"500px\" data-width=\"500px\" data-small-header=\"false\" data-hide-cover=\"false\" data-show-facepile=\"true\" data-hide-cta=\"false\" style=\"min-height: 1px;height:500px\"><\/div>\t\t\t\t<\/div>\n\t\t\t\t\t<\/div>\n\t\t\t\t<\/div>\n\t\t<div data-particle_enable=\"false\" data-particle-mobile-disabled=\"false\" class=\"elementor-element elementor-element-b7f3733 e-flex e-con-boxed e-con e-parent\" data-id=\"b7f3733\" data-element_type=\"container\" data-e-type=\"container\">\n\t\t\t\t\t<div class=\"e-con-inner\">\n\t\t\t\t<div class=\"elementor-element elementor-element-1d0796e elementor-widget elementor-widget-text-editor\" data-id=\"1d0796e\" data-element_type=\"widget\" data-e-type=\"widget\" data-widget_type=\"text-editor.default\">\n\t\t\t\t\t\t\t\t\t<p data-start=\"51\" data-end=\"296\">Soy feliz, estoy en paz con mi vida y espero con ilusi\u00f3n celebrar 24 a\u00f1os de experiencias puras, sin expectativas. Esta soy yo y esto es lo que hay: <strong data-start=\"1713\" data-end=\"1759\">una mujer trabajadora, con un buen coraz\u00f3n<\/strong>.<\/p><p data-start=\"1679\" data-end=\"1794\">Feliz aniversario para m\u00ed. Un saludo especial a <a href=\"https:\/\/www.youtube.com\/watch?v=Jo9t5XK0FhA\">Billy Joel y a su incre\u00edble canci\u00f3n <em data-start=\"1853\" data-end=\"1873\">\u201cYou May Be Right\u201d<\/em>,<\/a> ya que fue la primera canci\u00f3n que escuch\u00e9 en mi primera noche fuera en Milwaukee, el 25 de enero de 2002.<\/p><p data-start=\"1984\" data-end=\"2126\">Gracias a Rebecca y Ricardo, mis padres anfitriones, por aguantarme. Deseo que la vida haya sido buena con ellos, dondequiera que est\u00e9n hoy.<\/p><p data-start=\"2128\" data-end=\"2325\">Y a todas mis amigas au pair: Amanda, Paulina y Jana, les deseo que la vida haya sido buena con ustedes y con sus seres queridos. Pas\u00e9 los mejores momentos de mi vida con ustedes hace 24 a\u00f1os.\u00a0<\/p>\t\t\t\t\t\t\t\t<\/div>\n\t\t\t\t\t<\/div>\n\t\t\t\t<\/div>\n\t\t<div data-particle_enable=\"false\" data-particle-mobile-disabled=\"false\" class=\"elementor-element elementor-element-06643e8 e-flex e-con-boxed e-con e-parent\" data-id=\"06643e8\" data-element_type=\"container\" data-e-type=\"container\">\n\t\t\t\t\t<div class=\"e-con-inner\">\n\t\t\t\t<div class=\"elementor-element elementor-element-30ba98e elementor-invisible elementor-widget elementor-widget-testimonial\" data-id=\"30ba98e\" data-element_type=\"widget\" data-e-type=\"widget\" data-settings=\"{&quot;_animation&quot;:&quot;rotateInUpRight&quot;}\" data-widget_type=\"testimonial.default\">\n\t\t\t\t\t\t\t<div class=\"elementor-testimonial-wrapper\">\n\t\t\t\t\t\t\t<div class=\"elementor-testimonial-content\">\u201cEmpec\u00e9 a trabajar en una guarder\u00eda en 2002. La due\u00f1a estaba embarazada y necesitaba ayuda. Trabaj\u00e9 all\u00ed por cinco a\u00f1os. Yo tuve a mi hijo Mateo en 2006 y tuve la oportunidad de laborar y cuidarlo todo el tiempo junto a otros ni\u00f1os con el mismo cari\u00f1o y atenci\u00f3n para todos. Fue una bendici\u00f3n\u201d.<\/div>\n\t\t\t\n\t\t\t\t\t\t<div class=\"elementor-testimonial-meta elementor-has-image elementor-testimonial-image-position-aside\">\n\t\t\t\t<div class=\"elementor-testimonial-meta-inner\">\n\t\t\t\t\t\t\t\t\t\t\t<div class=\"elementor-testimonial-image\">\n\t\t\t\t\t\t\t<a href=\"https:\/\/soymigrante.com\/revista\/migrante-guatemalteca-milwaukee-wisconsin-guarderia-ninera-panaderia-organica\/\"><img decoding=\"async\" width=\"443\" height=\"960\" src=\"https:\/\/soymigrante.com\/revista\/wp-content\/uploads\/2026\/01\/MARIA-elena-morales-migrante-guatemalteca.jpg\" class=\"attachment-full size-full wp-image-51511\" alt=\"Mar\u00eda Elena Morales, migrante guatemalteca en Wisconsin trabaj\u00f3 como ni\u00f1era y lleg\u00f3 a tener su propio centro de cuidado infantil. Despu\u00e9s comenz\u00f3 su emprendimiento de pan de masa madre llamado Peace and Love Sourdough (Masa Madre Paz y Amor) Fotograf\u00eda redes sociales Mar\u00eda Morales.\" title=\"Mar\u00eda Elena Morales, migrante guatemalteca en Wisconsin trabaj\u00f3 como ni\u00f1era y lleg\u00f3 a tener su propio centro de cuidado infantil. Despu\u00e9s comenz\u00f3 su emprendimiento de pan de masa madre llamado Peace and Love Sourdough (Masa Madre Paz y Amor) Fotograf\u00eda redes sociales Mar\u00eda Morales. \u2013 SoyMigrante.com REVISTA\" srcset=\"https:\/\/soymigrante.com\/revista\/wp-content\/uploads\/2026\/01\/MARIA-elena-morales-migrante-guatemalteca.jpg 443w, https:\/\/soymigrante.com\/revista\/wp-content\/uploads\/2026\/01\/MARIA-elena-morales-migrante-guatemalteca-138x300.jpg 138w\" sizes=\"(max-width: 443px) 100vw, 443px\" \/><\/a>\t\t\t\t\t\t<\/div>\n\t\t\t\t\t\n\t\t\t\t\t\t\t\t\t\t<div class=\"elementor-testimonial-details\">\n\t\t\t\t\t\t\t\t\t\t\t\t\t\t<a class=\"elementor-testimonial-name\" href=\"https:\/\/soymigrante.com\/revista\/migrante-guatemalteca-milwaukee-wisconsin-guarderia-ninera-panaderia-organica\/\">Mar\u00eda Elena Morales<\/a>\n\t\t\t\t\t\t\t\t\t\t\t\t\t\t\t\t\t\t\t\t\t\t<a class=\"elementor-testimonial-job\" href=\"https:\/\/soymigrante.com\/revista\/migrante-guatemalteca-milwaukee-wisconsin-guarderia-ninera-panaderia-organica\/\">al contar sobre su llegada e\ninicios de su historia en \nEstados Unidos. SI DESEAS\nLEERLA COMPLETA EN \nSOYMIGRANTE.COM HAZ\nCLIC EN LA IMAGEN<\/a>\n\t\t\t\t\t\t\t\t\t\t\t\t\t<\/div>\n\t\t\t\t\t\t\t\t\t<\/div>\n\t\t\t<\/div>\n\t\t\t\t\t<\/div>\n\t\t\t\t\t\t<\/div>\n\t\t\t\t\t<\/div>\n\t\t\t\t<\/div>\n\t\t<div data-particle_enable=\"false\" data-particle-mobile-disabled=\"false\" class=\"elementor-element elementor-element-23659a1 e-flex e-con-boxed e-con e-parent\" data-id=\"23659a1\" data-element_type=\"container\" data-e-type=\"container\">\n\t\t\t\t\t<div class=\"e-con-inner\">\n\t\t\t\t<div class=\"elementor-element elementor-element-aa54354 elementor-widget elementor-widget-heading\" data-id=\"aa54354\" data-element_type=\"widget\" data-e-type=\"widget\" data-widget_type=\"heading.default\">\n\t\t\t\t\t<h2 class=\"elementor-heading-title elementor-size-default\">M\u00e1s inspiraci\u00f3n de guatemaltecas sin fronteras<\/h2>\t\t\t\t<\/div>\n\t\t\t\t\t<\/div>\n\t\t\t\t<\/div>\n\t\t<div data-particle_enable=\"false\" data-particle-mobile-disabled=\"false\" class=\"elementor-element elementor-element-0fcd296 e-flex e-con-boxed e-con e-parent\" data-id=\"0fcd296\" data-element_type=\"container\" data-e-type=\"container\">\n\t\t\t\t\t<div class=\"e-con-inner\">\n\t\t\t\t<div class=\"elementor-element elementor-element-f0ef2e0 elementor-grid-eael-col-3 elementor-grid-tablet-eael-col-2 elementor-grid-mobile-eael-col-1 elementor-widget elementor-widget-eael-post-grid\" data-id=\"f0ef2e0\" data-element_type=\"widget\" data-e-type=\"widget\" data-settings=\"{&quot;eael_post_grid_columns&quot;:&quot;eael-col-3&quot;,&quot;eael_post_grid_columns_tablet&quot;:&quot;eael-col-2&quot;,&quot;eael_post_grid_columns_mobile&quot;:&quot;eael-col-1&quot;}\" data-widget_type=\"eael-post-grid.default\">\n\t\t\t\t\t<div id=\"eael-post-grid-f0ef2e0\" class=\"eael-post-grid-container\">\n            <div class=\"eael-post-grid eael-post-appender eael-post-appender-f0ef2e0 eael-post-grid-style-one\" data-layout-mode=\"masonry\"><article class=\"eael-grid-post  eael-post-grid-column eael-pg-post-16900 category-exitos\" data-id=\"16900\">\n        <div class=\"eael-grid-post-holder\">\n            <div class=\"eael-grid-post-holder-inner\"><div class=\"eael-entry-media\"><div class=\"eael-entry-overlay fade-in\"><i class=\"far fa-hand-pointer\" aria-hidden=\"true\"><\/i><a href=\"https:\/\/soymigrante.com\/revista\/karolin-espana-dirige-kika-proyecto-de-ayuda-alimentaria-impulsado-por-sus-hijas\/\"><\/a><\/div><div class=\"eael-entry-thumbnail eael-image-ratio\">\n                <img loading=\"lazy\" decoding=\"async\" width=\"861\" height=\"861\" src=\"https:\/\/soymigrante.com\/revista\/wp-content\/uploads\/2024\/12\/historia-karolin-espana-KIKA.webp\" class=\"attachment-large size-large wp-image-16901\" alt=\"Ni\u00f1a en desfile cultural participando en evento de apoyo a la infancia y la nutrici\u00f3n en M\u00e9xico, con grupo de personas en vestimenta tradicional y cartel de organizaci\u00f3n KIKA, promoviendo derechos infantiles.\" srcset=\"https:\/\/soymigrante.com\/revista\/wp-content\/uploads\/2024\/12\/historia-karolin-espana-KIKA.webp 861w, https:\/\/soymigrante.com\/revista\/wp-content\/uploads\/2024\/12\/historia-karolin-espana-KIKA-300x300.jpg 300w, https:\/\/soymigrante.com\/revista\/wp-content\/uploads\/2024\/12\/historia-karolin-espana-KIKA-150x150.jpg 150w, https:\/\/soymigrante.com\/revista\/wp-content\/uploads\/2024\/12\/historia-karolin-espana-KIKA-768x768.jpg 768w, https:\/\/soymigrante.com\/revista\/wp-content\/uploads\/2024\/12\/historia-karolin-espana-KIKA-75x75.webp 75w, https:\/\/soymigrante.com\/revista\/wp-content\/uploads\/2024\/12\/historia-karolin-espana-KIKA-750x750.webp 750w\" sizes=\"(max-width: 861px) 100vw, 861px\" \/>\n            <\/div>\n        <\/div><div class=\"eael-entry-wrapper\"><header class=\"eael-entry-header\"><h2 class=\"eael-entry-title\"><a class=\"eael-grid-post-link\" href=\"https:\/\/soymigrante.com\/revista\/karolin-espana-dirige-kika-proyecto-de-ayuda-alimentaria-impulsado-por-sus-hijas\/\" title=\"Karolin Rasc\u00f3n dirige KIKA, iniciativa de ayuda alimentaria desde L.A. a Guatemala, inspirada por sus hijas Kiara y Kaili\">Karolin Rasc\u00f3n dirige KIKA, iniciativa de ayuda alimentaria desde L.A. a Guatemala, inspirada por sus hijas Kiara y Kaili<\/a><\/h2><\/header><div class=\"eael-entry-content\">\n                        <div class=\"eael-grid-post-excerpt\"><a href=\"https:\/\/soymigrante.com\/revista\/karolin-espana-dirige-kika-proyecto-de-ayuda-alimentaria-impulsado-por-sus-hijas\/\" class=\"eael-post-elements-readmore-btn\">CONOCE SU HISTORIA <\/a><\/div>\n                    <\/div><\/div><\/div>\n        <\/div>\n    <\/article><article class=\"eael-grid-post  eael-post-grid-column eael-pg-post-49712 category-exitos-guatemala\" data-id=\"49712\">\n        <div class=\"eael-grid-post-holder\">\n            <div class=\"eael-grid-post-holder-inner\"><div class=\"eael-entry-media\"><div class=\"eael-entry-overlay fade-in\"><i class=\"far fa-hand-pointer\" aria-hidden=\"true\"><\/i><a href=\"https:\/\/soymigrante.com\/revista\/silvia-orantes-es-luz-amor-y-apoyo-a-la-ninez-guatemalteca-desde-dallas-texas\/\"><\/a><\/div><div class=\"eael-entry-thumbnail eael-image-ratio\">\n                <img loading=\"lazy\" decoding=\"async\" width=\"421\" height=\"416\" src=\"https:\/\/soymigrante.com\/revista\/wp-content\/uploads\/2025\/12\/silvia-orantes-migrante-guatemalteca-texas-fundacion-vida-luz.png\" class=\"attachment-large size-large wp-image-49716\" alt=\"silvia orantes migrante guatemalteca texas fundacion vida luz\" srcset=\"https:\/\/soymigrante.com\/revista\/wp-content\/uploads\/2025\/12\/silvia-orantes-migrante-guatemalteca-texas-fundacion-vida-luz.png 421w, https:\/\/soymigrante.com\/revista\/wp-content\/uploads\/2025\/12\/silvia-orantes-migrante-guatemalteca-texas-fundacion-vida-luz-300x296.png 300w, https:\/\/soymigrante.com\/revista\/wp-content\/uploads\/2025\/12\/silvia-orantes-migrante-guatemalteca-texas-fundacion-vida-luz-75x75.png 75w\" sizes=\"(max-width: 421px) 100vw, 421px\" \/>\n            <\/div>\n        <\/div><div class=\"eael-entry-wrapper\"><header class=\"eael-entry-header\"><h2 class=\"eael-entry-title\"><a class=\"eael-grid-post-link\" href=\"https:\/\/soymigrante.com\/revista\/silvia-orantes-es-luz-amor-y-apoyo-a-la-ninez-guatemalteca-desde-dallas-texas\/\" title=\"Silvia Orantes es luz, amor y apoyo a la ni\u00f1ez guatemalteca desde Dallas, Texas\">Silvia Orantes es luz, amor y apoyo a la ni\u00f1ez guatemalteca desde Dallas, Texas<\/a><\/h2><\/header><div class=\"eael-entry-content\">\n                        <div class=\"eael-grid-post-excerpt\"><a href=\"https:\/\/soymigrante.com\/revista\/silvia-orantes-es-luz-amor-y-apoyo-a-la-ninez-guatemalteca-desde-dallas-texas\/\" class=\"eael-post-elements-readmore-btn\">CONOCE SU HISTORIA <\/a><\/div>\n                    <\/div><\/div><\/div>\n        <\/div>\n    <\/article><article class=\"eael-grid-post  eael-post-grid-column eael-pg-post-51379 category-exitos-guatemala\" data-id=\"51379\">\n        <div class=\"eael-grid-post-holder\">\n            <div class=\"eael-grid-post-holder-inner\"><div class=\"eael-entry-media\"><div class=\"eael-entry-overlay fade-in\"><i class=\"far fa-hand-pointer\" aria-hidden=\"true\"><\/i><a href=\"https:\/\/soymigrante.com\/revista\/chef-guatemalteca-veronica-zelada-fundadora-de-cafe-kacao-en-oklahoma-es-semifinalista-del-premio-james-beard\/\"><\/a><\/div><div class=\"eael-entry-thumbnail eael-image-ratio\">\n                <img loading=\"lazy\" decoding=\"async\" width=\"737\" height=\"728\" src=\"https:\/\/soymigrante.com\/revista\/wp-content\/uploads\/2026\/01\/veronica-zelada-chef-guatemalteca-nominada-premio-james-l-beard.png\" class=\"attachment-large size-large wp-image-51380\" alt=\"veronica zelada chef guatemalteca nominada premio james l beard\" srcset=\"https:\/\/soymigrante.com\/revista\/wp-content\/uploads\/2026\/01\/veronica-zelada-chef-guatemalteca-nominada-premio-james-l-beard.png 737w, https:\/\/soymigrante.com\/revista\/wp-content\/uploads\/2026\/01\/veronica-zelada-chef-guatemalteca-nominada-premio-james-l-beard-300x296.png 300w, https:\/\/soymigrante.com\/revista\/wp-content\/uploads\/2026\/01\/veronica-zelada-chef-guatemalteca-nominada-premio-james-l-beard-75x75.png 75w\" sizes=\"(max-width: 737px) 100vw, 737px\" \/>\n            <\/div>\n        <\/div><div class=\"eael-entry-wrapper\"><header class=\"eael-entry-header\"><h2 class=\"eael-entry-title\"><a class=\"eael-grid-post-link\" href=\"https:\/\/soymigrante.com\/revista\/chef-guatemalteca-veronica-zelada-fundadora-de-cafe-kacao-en-oklahoma-es-semifinalista-del-premio-james-beard\/\" title=\"Chef guatemalteca Ver\u00f3nica Zelada fundadora de caf\u00e9 Kacao en Oklahoma es semifinalista del premio James Beard\">Chef guatemalteca Ver\u00f3nica Zelada fundadora de caf\u00e9 Kacao en Oklahoma es semifinalista del premio James Beard<\/a><\/h2><\/header><div class=\"eael-entry-content\">\n                        <div class=\"eael-grid-post-excerpt\"><a href=\"https:\/\/soymigrante.com\/revista\/chef-guatemalteca-veronica-zelada-fundadora-de-cafe-kacao-en-oklahoma-es-semifinalista-del-premio-james-beard\/\" class=\"eael-post-elements-readmore-btn\">CONOCE SU HISTORIA <\/a><\/div>\n                    <\/div><\/div><\/div>\n        <\/div>\n    <\/article><\/div>\n            <div class=\"clearfix\"><\/div>\n        <\/div>\t\t\t\t<\/div>\n\t\t\t\t\t<\/div>\n\t\t\t\t<\/div>\n\t\t\t\t<\/div>\n\t\t","protected":false},"excerpt":{"rendered":"<p>A 24 a\u00f1os de haber llegado a Estados Unidos (la mitad de su vida), la guatemalteca Mar\u00eda Morales escribe con gratitud: un mensaje inspirador que invita a la esperanza en la adversidad. Por Mar\u00eda Elena Morales, guatemalteca en Milwaukee, Wisconsin Hoy (25 de enero) es un d\u00eda muy especial para m\u00ed en lo personal. Hoy, [&hellip;]<\/p>\n","protected":false},"author":1,"featured_media":51506,"comment_status":"open","ping_status":"open","sticky":false,"template":"","format":"standard","meta":{"_acf_changed":false,"_eb_attr":"","footnotes":""},"categories":[56],"tags":[],"class_list":["post-51505","post","type-post","status-publish","format-standard","has-post-thumbnail","hentry","category-lugar-de-voces"],"acf":[],"aioseo_notices":[],"aioseo_head":"\n\t\t<!-- All in One SEO Pro 4.9.6.2 - aioseo.com -->\n\t<meta name=\"description\" content=\"Ver\u00f3nica Zelada, migrante guatemalteca fundadora de restaurante caf\u00e9 Kacao en Oklahoma nominada a mejor chef en prestigioso premio James Beard. As\u00ed se expresa\" \/>\n\t<meta name=\"robots\" content=\"max-snippet:-1, max-image-preview:large, max-video-preview:-1\" \/>\n\t<meta name=\"author\" content=\"SoyMigrante.com REVISTA\"\/>\n\t<link rel=\"canonical\" href=\"https:\/\/soymigrante.com\/revista\/chef-guatemalteca-veronica-zelada-fundadora-de-cafe-kacao-en-oklahoma-es-semifinalista-del-premio-james-beard\/\" \/>\n\t<meta name=\"generator\" content=\"All in One SEO Pro (AIOSEO) 4.9.6.2\" \/>\n\n\t\t<link rel=\"preconnect\" href=\"https:\/\/fonts.googleapis.com\" crossorigin>\n<link rel=\"preconnect\" href=\"https:\/\/fonts.gstatic.com\" crossorigin>\n\t\t<meta property=\"og:locale\" content=\"es_ES\" \/>\n\t\t<meta property=\"og:site_name\" content=\"SoyMigrante.com REVISTA \u2013 Nuestra misi\u00f3n es reconocer y dignificar al migrante.\" \/>\n\t\t<meta property=\"og:type\" content=\"article\" \/>\n\t\t<meta property=\"og:title\" content=\"Chef guatemalteca en Oklahoma nominada a premio James Beard\" \/>\n\t\t<meta property=\"og:description\" content=\"Ver\u00f3nica Zelada, migrante guatemalteca fundadora de restaurante caf\u00e9 Kacao en Oklahoma nominada a mejor chef en prestigioso premio James Beard. As\u00ed se expresa\" \/>\n\t\t<meta property=\"og:url\" content=\"https:\/\/soymigrante.com\/revista\/chef-guatemalteca-veronica-zelada-fundadora-de-cafe-kacao-en-oklahoma-es-semifinalista-del-premio-james-beard\/\" \/>\n\t\t<meta property=\"og:image\" content=\"https:\/\/soymigrante.com\/revista\/wp-content\/uploads\/2026\/01\/veronica-zelada-chef-guatemalteca-nominada-premio-james-l-beard.png\" \/>\n\t\t<meta property=\"og:image:secure_url\" content=\"https:\/\/soymigrante.com\/revista\/wp-content\/uploads\/2026\/01\/veronica-zelada-chef-guatemalteca-nominada-premio-james-l-beard.png\" \/>\n\t\t<meta property=\"og:image:width\" content=\"737\" \/>\n\t\t<meta property=\"og:image:height\" content=\"728\" \/>\n\t\t<meta property=\"article:published_time\" content=\"2026-01-22T14:35:18+00:00\" \/>\n\t\t<meta property=\"article:modified_time\" content=\"2026-01-22T15:25:28+00:00\" \/>\n\t\t<meta property=\"article:publisher\" content=\"https:\/\/www.facebook.com\/soymigrantecom\" \/>\n\t\t<meta name=\"twitter:card\" content=\"summary_large_image\" \/>\n\t\t<meta name=\"twitter:site\" content=\"@SoyMigrante_com\" \/>\n\t\t<meta name=\"twitter:title\" content=\"Chef guatemalteca en Oklahoma nominada a premio James Beard\" \/>\n\t\t<meta name=\"twitter:description\" content=\"Ver\u00f3nica Zelada, migrante guatemalteca fundadora de restaurante caf\u00e9 Kacao en Oklahoma nominada a mejor chef en prestigioso premio James Beard. As\u00ed se expresa\" \/>\n\t\t<meta name=\"twitter:creator\" content=\"@SoyMigrante_com\" \/>\n\t\t<meta name=\"twitter:image\" content=\"https:\/\/soymigrante.com\/revista\/wp-content\/uploads\/2026\/01\/veronica-zelada-chef-guatemalteca-nominada-premio-james-l-beard.png\" \/>\n\t\t<!-- All in One SEO Pro -->\r\n\t\t<title>Chef guatemalteca en Oklahoma nominada a premio James Beard<\/title>\n\n","aioseo_head_json":{"title":"Chef guatemalteca en Oklahoma nominada a premio James Beard","description":"Ver\u00f3nica Zelada, migrante guatemalteca fundadora de restaurante caf\u00e9 Kacao en Oklahoma nominada a mejor chef en prestigioso premio James Beard. As\u00ed se expresa","canonical_url":"https:\/\/soymigrante.com\/revista\/chef-guatemalteca-veronica-zelada-fundadora-de-cafe-kacao-en-oklahoma-es-semifinalista-del-premio-james-beard\/","robots":"max-snippet:-1, max-image-preview:large, max-video-preview:-1","keywords":"","webmasterTools":{"miscellaneous":"&lt;link rel=\"preconnect\" href=\"https:\/\/fonts.googleapis.com\" crossorigin&gt;\n&lt;link rel=\"preconnect\" href=\"https:\/\/fonts.gstatic.com\" crossorigin&gt;"},"schema":null,"og:locale":"es_ES","og:site_name":"SoyMigrante.com REVISTA \u2013 Nuestra misi\u00f3n es reconocer y dignificar al migrante.","og:type":"article","og:title":"Chef guatemalteca en Oklahoma nominada a premio James Beard","og:description":"Ver\u00f3nica Zelada, migrante guatemalteca fundadora de restaurante caf\u00e9 Kacao en Oklahoma nominada a mejor chef en prestigioso premio James Beard. As\u00ed se expresa","og:url":"https:\/\/soymigrante.com\/revista\/chef-guatemalteca-veronica-zelada-fundadora-de-cafe-kacao-en-oklahoma-es-semifinalista-del-premio-james-beard\/","og:image":"https:\/\/soymigrante.com\/revista\/wp-content\/uploads\/2026\/01\/veronica-zelada-chef-guatemalteca-nominada-premio-james-l-beard.png","og:image:secure_url":"https:\/\/soymigrante.com\/revista\/wp-content\/uploads\/2026\/01\/veronica-zelada-chef-guatemalteca-nominada-premio-james-l-beard.png","og:image:width":737,"og:image:height":728,"article:published_time":"2026-01-22T14:35:18+00:00","article:modified_time":"2026-01-22T15:25:28+00:00","article:publisher":"https:\/\/www.facebook.com\/soymigrantecom","twitter:card":"summary_large_image","twitter:site":"@SoyMigrante_com","twitter:title":"Chef guatemalteca en Oklahoma nominada a premio James Beard","twitter:description":"Ver\u00f3nica Zelada, migrante guatemalteca fundadora de restaurante caf\u00e9 Kacao en Oklahoma nominada a mejor chef en prestigioso premio James Beard. As\u00ed se expresa","twitter:creator":"@SoyMigrante_com","twitter:image":"https:\/\/soymigrante.com\/revista\/wp-content\/uploads\/2026\/01\/veronica-zelada-chef-guatemalteca-nominada-premio-james-l-beard.png"},"aioseo_meta_data":{"post_id":"51505","title":"Media vida fuera de Guatemala: Mar\u00eda Morales en Wisconsin","description":"Migrante guatemalteca Mar\u00eda Morales escribe a los 24 a\u00f1os de haber llegado a Estados Unidos. Trabaja en su panader\u00eda de masa madre en Milwaukee, Wisconsin.","keywords":null,"keyphrases":{"focus":{"keyphrase":"Guatemalteca","score":91,"analysis":{"keyphraseInTitle":{"score":3,"maxScore":9,"error":1},"keyphraseInDescription":{"score":9,"maxScore":9,"error":0},"keyphraseLength":{"score":9,"maxScore":9,"error":0,"length":1},"keyphraseInURL":{"score":5,"maxScore":5,"error":0},"keyphraseInIntroduction":{"score":9,"maxScore":9,"error":0},"keyphraseInSubHeadings":{"score":9,"maxScore":9,"error":0},"keyphraseInImageAlt":{"score":9,"maxScore":9,"error":0},"keywordDensity":{"type":"best","score":9,"maxScore":9,"error":0}}},"additional":[{"keyphrase":"Migrante","score":67,"analysis":{"keyphraseInDescription":{"score":9,"maxScore":9,"error":0},"keyphraseLength":{"score":9,"maxScore":9,"error":0,"length":1},"keyphraseInIntroduction":{"score":3,"maxScore":9,"error":1},"keyphraseInImageAlt":{"score":9,"maxScore":9,"error":0},"keywordDensity":{"score":0,"type":"low","maxScore":9,"error":1}}},{"keyphrase":"Milwaukee","score":67,"analysis":{"keyphraseInDescription":{"score":9,"maxScore":9,"error":0},"keyphraseLength":{"score":9,"maxScore":9,"error":0,"length":1},"keyphraseInIntroduction":{"score":9,"maxScore":9,"error":0},"keyphraseInImageAlt":{"score":3,"maxScore":9,"error":1},"keywordDensity":{"score":0,"type":"low","maxScore":9,"error":1}}}]},"primary_term":null,"canonical_url":null,"og_title":null,"og_description":null,"og_object_type":"default","og_image_type":"default","og_image_url":null,"og_image_width":null,"og_image_height":null,"og_image_custom_url":null,"og_image_custom_fields":null,"og_video":"","og_custom_url":null,"og_article_section":null,"og_article_tags":null,"twitter_use_og":false,"twitter_card":"default","twitter_image_type":"default","twitter_image_url":null,"twitter_image_custom_url":null,"twitter_image_custom_fields":null,"twitter_title":null,"twitter_description":null,"schema":{"blockGraphs":[],"customGraphs":[],"default":{"data":{"Article":[],"Course":[],"Dataset":[],"FAQPage":[],"Movie":[],"Person":[],"Product":[],"ProductReview":[],"Car":[],"Recipe":[],"Service":[],"SoftwareApplication":[],"WebPage":[]},"graphName":"NewsArticle","isEnabled":true},"graphs":[]},"schema_type":"default","schema_type_options":null,"pillar_content":false,"robots_default":true,"robots_noindex":false,"robots_noarchive":false,"robots_nosnippet":false,"robots_nofollow":false,"robots_noimageindex":false,"robots_noodp":false,"robots_notranslate":false,"robots_max_snippet":"-1","robots_max_videopreview":"-1","robots_max_imagepreview":"large","priority":null,"frequency":"default","local_seo":null,"seo_analyzer_scan_date":"2026-03-02 21:39:39","breadcrumb_settings":null,"limit_modified_date":false,"reviewed_by":"0","open_ai":null,"ai":{"faqs":[],"keyPoints":[],"titles":[],"descriptions":[],"socialPosts":{"email":[],"linkedin":[],"twitter":[],"facebook":[],"instagram":[]}},"created":"2026-01-26 13:40:19","updated":"2026-03-06 15:45:38"},"aioseo_breadcrumb":"<div class=\"aioseo-breadcrumbs\"><span class=\"aioseo-breadcrumb\">\n\t<a href=\"https:\/\/soymigrante.com\/revista\" title=\"Home\">Home<\/a>\n<\/span><span class=\"aioseo-breadcrumb-separator\">\u00bb<\/span><span class=\"aioseo-breadcrumb\">\n\t<a href=\"https:\/\/soymigrante.com\/revista\/category\/estamos-unidos\/\" title=\"Estamos Unidos\">Estamos Unidos<\/a>\n<\/span><span class=\"aioseo-breadcrumb-separator\">\u00bb<\/span><span class=\"aioseo-breadcrumb\">\n\t<a href=\"https:\/\/soymigrante.com\/revista\/category\/estamos-unidos\/lugar-de-voces\/\" title=\"Lugar de Voces\">Lugar de Voces<\/a>\n<\/span><span class=\"aioseo-breadcrumb-separator\">\u00bb<\/span><span class=\"aioseo-breadcrumb\">\n\t\u201cHace 24 a\u00f1os part\u00ed hacia lo desconocido\u201d: el testimonio agradecido de la guatemalteca Mar\u00eda Morales en Milwaukee\n<\/span><\/div>","aioseo_breadcrumb_json":[{"label":"Home","link":"https:\/\/soymigrante.com\/revista"},{"label":"Estamos Unidos","link":"https:\/\/soymigrante.com\/revista\/category\/estamos-unidos\/"},{"label":"Lugar de Voces","link":"https:\/\/soymigrante.com\/revista\/category\/estamos-unidos\/lugar-de-voces\/"},{"label":"\u201cHace 24 a\u00f1os part\u00ed hacia lo desconocido&#8221;: el testimonio agradecido de la guatemalteca Mar\u00eda Morales en Milwaukee","link":"https:\/\/soymigrante.com\/revista\/hace-24-anos-parti-hacia-lo-desconocido-el-testimonio-agradecido-de-la-migrante-guatemalteca-maria-morales-en-milwaukee\/"}],"_links":{"self":[{"href":"https:\/\/soymigrante.com\/revista\/wp-json\/wp\/v2\/posts\/51505","targetHints":{"allow":["GET"]}}],"collection":[{"href":"https:\/\/soymigrante.com\/revista\/wp-json\/wp\/v2\/posts"}],"about":[{"href":"https:\/\/soymigrante.com\/revista\/wp-json\/wp\/v2\/types\/post"}],"author":[{"embeddable":true,"href":"https:\/\/soymigrante.com\/revista\/wp-json\/wp\/v2\/users\/1"}],"replies":[{"embeddable":true,"href":"https:\/\/soymigrante.com\/revista\/wp-json\/wp\/v2\/comments?post=51505"}],"version-history":[{"count":8,"href":"https:\/\/soymigrante.com\/revista\/wp-json\/wp\/v2\/posts\/51505\/revisions"}],"predecessor-version":[{"id":51530,"href":"https:\/\/soymigrante.com\/revista\/wp-json\/wp\/v2\/posts\/51505\/revisions\/51530"}],"wp:featuredmedia":[{"embeddable":true,"href":"https:\/\/soymigrante.com\/revista\/wp-json\/wp\/v2\/media\/51506"}],"wp:attachment":[{"href":"https:\/\/soymigrante.com\/revista\/wp-json\/wp\/v2\/media?parent=51505"}],"wp:term":[{"taxonomy":"category","embeddable":true,"href":"https:\/\/soymigrante.com\/revista\/wp-json\/wp\/v2\/categories?post=51505"},{"taxonomy":"post_tag","embeddable":true,"href":"https:\/\/soymigrante.com\/revista\/wp-json\/wp\/v2\/tags?post=51505"}],"curies":[{"name":"wp","href":"https:\/\/api.w.org\/{rel}","templated":true}]}}