{"id":51475,"date":"2026-01-25T13:55:04","date_gmt":"2026-01-25T19:55:04","guid":{"rendered":"https:\/\/soymigrante.com\/revista\/?p=51475"},"modified":"2026-01-25T15:00:34","modified_gmt":"2026-01-25T21:00:34","slug":"el-rabinal-achi-volvio-a-latir-este-2026-con-fuerza-ancestral-imagenes-y-detalles","status":"publish","type":"post","link":"https:\/\/soymigrante.com\/revista\/el-rabinal-achi-volvio-a-latir-este-2026-con-fuerza-ancestral-imagenes-y-detalles\/","title":{"rendered":"El Rabinal Ach\u00ed volvi\u00f3 a latir este 2026 con fuerza ancestral: im\u00e1genes y detalles"},"content":{"rendered":"\t\t<div data-elementor-type=\"wp-post\" data-elementor-id=\"51475\" class=\"elementor elementor-51475\" data-elementor-post-type=\"post\">\n\t\t\t\t<div data-particle_enable=\"false\" data-particle-mobile-disabled=\"false\" class=\"elementor-element elementor-element-b6be52c e-flex e-con-boxed e-con e-parent\" data-id=\"b6be52c\" data-element_type=\"container\" data-e-type=\"container\">\n\t\t\t\t\t<div class=\"e-con-inner\">\n\t\t\t\t<div class=\"elementor-element elementor-element-6a776e2 elementor-widget elementor-widget-heading\" data-id=\"6a776e2\" data-element_type=\"widget\" data-e-type=\"widget\" data-widget_type=\"heading.default\">\n\t\t\t\t\t<h2 class=\"elementor-heading-title elementor-size-default\">Algarab\u00eda, gratitud, memoria: el retorno del Rabinal Ach\u00ed a las calles y al centro de San Pablo Rabinal Baja Verapaz estuvo lleno de emociones, di\u00e1logos ancestrales y una fuerza patrimonial incomparable.<\/h2>\t\t\t\t<\/div>\n\t\t\t\t\t<\/div>\n\t\t\t\t<\/div>\n\t\t<div data-particle_enable=\"false\" data-particle-mobile-disabled=\"false\" class=\"elementor-element elementor-element-62ed527 e-flex e-con-boxed e-con e-parent\" data-id=\"62ed527\" data-element_type=\"container\" data-e-type=\"container\">\n\t\t\t\t\t<div class=\"e-con-inner\">\n\t\t\t\t<div class=\"elementor-element elementor-element-51ee676 elementor-widget elementor-widget-text-editor\" data-id=\"51ee676\" data-element_type=\"widget\" data-e-type=\"widget\" data-widget_type=\"text-editor.default\">\n\t\t\t\t\t\t\t\t\t<p data-start=\"410\" data-end=\"632\">La Danza del Tun regres\u00f3 a Rabinal, Baja Verapaz. La trompeta ancestral rasga el aire mientras empiezan a recitarse las ancestrales l\u00edneas del Rabinal Ach\u00ed. La palabra \u2014esa palabra antigua que no se rinde\u2014 regresa para contar una batalla, un juicio y una palabra de honor.<\/p><p data-start=\"634\" data-end=\"1029\">Este domingo 25 de enero, el Rabinal Ach\u00ed volvi\u00f3 a representarse en su lugar de origen, despu\u00e9s de un a\u00f1o de silencio. En 2024, el baile-drama no pudo presentarse. Hoy, en cambio, Rabinal recupera uno de sus corazones m\u00e1s antiguos: la puesta en escena del \u00fanico drama prehisp\u00e1nico de Mesoam\u00e9rica que se conserva vivo y que fue reconocido por la Unesco como <strong data-start=\"978\" data-end=\"1028\">Patrimonio Cultural Inmaterial de la Humanidad<\/strong>.<\/p><p data-start=\"634\" data-end=\"1029\">Gracias al aporte de trajes y m\u00e1scaras hecho por el Instituto Guatemalteco de Turismo, INGUAT, vuelve a latir este patrimonio, que no es solo danza, no solo es teatro: Es memoria que camina, que suena y que habla.<\/p>\t\t\t\t\t\t\t\t<\/div>\n\t\t\t\t\t<\/div>\n\t\t\t\t<\/div>\n\t\t<div data-particle_enable=\"false\" data-particle-mobile-disabled=\"false\" class=\"elementor-element elementor-element-d5027d5 e-flex e-con-boxed e-con e-parent\" data-id=\"d5027d5\" data-element_type=\"container\" data-e-type=\"container\">\n\t\t\t\t\t<div class=\"e-con-inner\">\n\t\t\t\t<div class=\"elementor-element elementor-element-9acfc0f elementor-widget elementor-widget-image\" data-id=\"9acfc0f\" data-element_type=\"widget\" data-e-type=\"widget\" data-widget_type=\"image.default\">\n\t\t\t\t\t\t\t\t\t\t\t\t<figure class=\"wp-caption\">\n\t\t\t\t\t\t\t\t\t\t<img fetchpriority=\"high\" decoding=\"async\" width=\"1140\" height=\"854\" src=\"https:\/\/soymigrante.com\/revista\/wp-content\/uploads\/2026\/01\/Rabinal-Achi-frente-a-la-iglesia-de-Rabinal-1140x854.jpeg\" class=\"attachment-large size-large wp-image-51480\" alt=\"El coraz\u00f3n de Rabinal lati\u00f3 con la fuerza de muchos corazones que hicieron posible el retorno del Rabinal Ach\u00ed a las calles en el mero d\u00eda de la fiesta patronal. La memoria tiene color, sonido, discursos, plegarias y tambi\u00e9n silencios poderosos. (Foto cortes\u00eda Zeth Necur)\" srcset=\"https:\/\/soymigrante.com\/revista\/wp-content\/uploads\/2026\/01\/Rabinal-Achi-frente-a-la-iglesia-de-Rabinal-1140x854.jpeg 1140w, https:\/\/soymigrante.com\/revista\/wp-content\/uploads\/2026\/01\/Rabinal-Achi-frente-a-la-iglesia-de-Rabinal-300x225.jpeg 300w, https:\/\/soymigrante.com\/revista\/wp-content\/uploads\/2026\/01\/Rabinal-Achi-frente-a-la-iglesia-de-Rabinal-768x575.jpeg 768w, https:\/\/soymigrante.com\/revista\/wp-content\/uploads\/2026\/01\/Rabinal-Achi-frente-a-la-iglesia-de-Rabinal-1536x1150.jpeg 1536w, https:\/\/soymigrante.com\/revista\/wp-content\/uploads\/2026\/01\/Rabinal-Achi-frente-a-la-iglesia-de-Rabinal-750x562.jpeg 750w, https:\/\/soymigrante.com\/revista\/wp-content\/uploads\/2026\/01\/Rabinal-Achi-frente-a-la-iglesia-de-Rabinal.jpeg 1600w\" sizes=\"(max-width: 1140px) 100vw, 1140px\" title=\"El coraz\u00f3n de Rabinal lati\u00f3 con la fuerza de muchos corazones que hicieron posible el retorno del Rabinal Ach\u00ed a las calles en el mero d\u00eda de la fiesta patronal. La memoria tiene color, sonido, discursos, plegarias y tambi\u00e9n silencios poderosos. (Foto cortes\u00eda Zeth Necur) \u2013 SoyMigrante.com REVISTA\" \/>\t\t\t\t\t\t\t\t\t\t\t<figcaption class=\"widget-image-caption wp-caption-text\">El coraz\u00f3n de Rabinal lati\u00f3 con la fuerza de muchos corazones que hicieron posible el retorno del Rabinal Ach\u00ed a las calles en el mero d\u00eda de la fiesta patronal. La memoria tiene color, sonido, discursos, plegarias y tambi\u00e9n silencios poderosos. (Foto cortes\u00eda Zeth Necur)<\/figcaption>\n\t\t\t\t\t\t\t\t\t\t<\/figure>\n\t\t\t\t\t\t\t\t\t<\/div>\n\t\t\t\t\t<\/div>\n\t\t\t\t<\/div>\n\t\t<div data-particle_enable=\"false\" data-particle-mobile-disabled=\"false\" class=\"elementor-element elementor-element-6adb894 e-flex e-con-boxed e-con e-parent\" data-id=\"6adb894\" data-element_type=\"container\" data-e-type=\"container\">\n\t\t\t\t\t<div class=\"e-con-inner\">\n\t\t\t\t<div class=\"elementor-element elementor-element-da2acb4 elementor-widget elementor-widget-text-editor\" data-id=\"da2acb4\" data-element_type=\"widget\" data-e-type=\"widget\" data-widget_type=\"text-editor.default\">\n\t\t\t\t\t\t\t\t\t<p data-start=\"410\" data-end=\"632\">Desde los primeros compases, el espectador entiende que aqu\u00ed el tiempo no avanza en l\u00ednea recta. El tun \u2014golpeado con paciencia ceremonial\u2014 abre el espacio sagrado. Dos trompetas acompa\u00f1an las escenas.\u00a0<\/p><p data-start=\"1429\" data-end=\"1805\">Los danzantes no llegan al Rabinal Ach\u00ed por casualidad. De acuerdo con las prescripciones originales, quienes lo ejecutan guardan <strong data-start=\"1559\" data-end=\"1621\">abstinencia sexual durante 30 d\u00edas antes y 30 d\u00edas despu\u00e9s<\/strong> de la representaci\u00f3n. Antes de danzar, se pide permiso a los <strong data-start=\"1683\" data-end=\"1696\">Rajawales<\/strong>, los se\u00f1ores de los cerros. El cuerpo no es solo cuerpo: es ofrenda, es instrumento de la memoria colectiva.<\/p><p data-start=\"1807\" data-end=\"2089\">En escena aparecen los personajes ancestrales:\u00a0<strong data-start=\"1856\" data-end=\"1956\">Rabinal Achi\u2019, K\u2019iche\u2019 Achi\u2019, Ajaw Job Toj, el Guerrero Jaguar, el Guerrero \u00c1guila y U Chuch Gug<\/strong>. No representan individuos aislados, sino fuerzas, territorios, conflictos pol\u00edticos y \u00e9ticos que siguen dialogando con el presente.<\/p>\t\t\t\t\t\t\t\t<\/div>\n\t\t\t\t\t<\/div>\n\t\t\t\t<\/div>\n\t\t<div data-particle_enable=\"false\" data-particle-mobile-disabled=\"false\" class=\"elementor-element elementor-element-363232a e-flex e-con-boxed e-con e-parent\" data-id=\"363232a\" data-element_type=\"container\" data-e-type=\"container\">\n\t\t\t\t\t<div class=\"e-con-inner\">\n\t\t\t\t<div class=\"elementor-element elementor-element-21a4326 elementor-widget elementor-widget-image\" data-id=\"21a4326\" data-element_type=\"widget\" data-e-type=\"widget\" data-widget_type=\"image.default\">\n\t\t\t\t\t\t\t\t\t\t\t\t<figure class=\"wp-caption\">\n\t\t\t\t\t\t\t\t\t\t<img decoding=\"async\" width=\"767\" height=\"1024\" src=\"https:\/\/soymigrante.com\/revista\/wp-content\/uploads\/2026\/01\/rabinal-achi-2-767x1024.jpeg\" class=\"attachment-large size-large wp-image-51490\" alt=\"El frontispicio de la iglesia de Rabinal se convierte en corte de un gobernante maya en el juicio de un guerrero capturado. Honor, identidad y valent\u00eda se conjugan al son del Tun y la trompeta.\" srcset=\"https:\/\/soymigrante.com\/revista\/wp-content\/uploads\/2026\/01\/rabinal-achi-2-767x1024.jpeg 767w, https:\/\/soymigrante.com\/revista\/wp-content\/uploads\/2026\/01\/rabinal-achi-2-225x300.jpeg 225w, https:\/\/soymigrante.com\/revista\/wp-content\/uploads\/2026\/01\/rabinal-achi-2-768x1026.jpeg 768w, https:\/\/soymigrante.com\/revista\/wp-content\/uploads\/2026\/01\/rabinal-achi-2-1150x1536.jpeg 1150w, https:\/\/soymigrante.com\/revista\/wp-content\/uploads\/2026\/01\/rabinal-achi-2-750x1002.jpeg 750w, https:\/\/soymigrante.com\/revista\/wp-content\/uploads\/2026\/01\/rabinal-achi-2-1140x1523.jpeg 1140w, https:\/\/soymigrante.com\/revista\/wp-content\/uploads\/2026\/01\/rabinal-achi-2.jpeg 1198w\" sizes=\"(max-width: 767px) 100vw, 767px\" title=\"El frontispicio de la iglesia de Rabinal se convierte en corte de un gobernante maya en el juicio de un guerrero capturado. Honor, identidad y valent\u00eda se conjugan al son del Tun y la trompeta. \u2013 SoyMigrante.com REVISTA\" \/>\t\t\t\t\t\t\t\t\t\t\t<figcaption class=\"widget-image-caption wp-caption-text\">El frontispicio de la iglesia de Rabinal se convierte en corte de un gobernante maya en el juicio de un guerrero capturado. Honor, identidad y valent\u00eda se conjugan al son del Tun y la trompeta.<\/figcaption>\n\t\t\t\t\t\t\t\t\t\t<\/figure>\n\t\t\t\t\t\t\t\t\t<\/div>\n\t\t\t\t\t<\/div>\n\t\t\t\t<\/div>\n\t\t<div data-particle_enable=\"false\" data-particle-mobile-disabled=\"false\" class=\"elementor-element elementor-element-f7a275b e-flex e-con-boxed e-con e-parent\" data-id=\"f7a275b\" data-element_type=\"container\" data-e-type=\"container\">\n\t\t\t\t\t<div class=\"e-con-inner\">\n\t\t\t\t<div class=\"elementor-element elementor-element-c966127 elementor-widget elementor-widget-text-editor\" data-id=\"c966127\" data-element_type=\"widget\" data-e-type=\"widget\" data-widget_type=\"text-editor.default\">\n\t\t\t\t\t\t\t\t\t<p data-start=\"410\" data-end=\"632\">Entonces la palabra irrumpe.<\/p><p data-start=\"2121\" data-end=\"2466\">\u201c<strong data-start=\"2122\" data-end=\"2204\">\u00a1Tan cierto como que all\u00ed est\u00e1 el cielo, tan cierto como que existe la tierra!<\/strong>\u201d, dice Rabinal Achi\u2019, recordando que la verdad no necesita testigos humanos cuando la sostiene el universo. La escena es un enfrentamiento, pero tambi\u00e9n una declaraci\u00f3n de principios: todo se dice de viva voz.<\/p><p data-start=\"2468\" data-end=\"2738\">K\u2019iche\u2019 Achi\u2019 responde desde la c\u00f3lera y el orgullo:<br data-start=\"2520\" data-end=\"2523\" \/>\u201c<strong data-start=\"2524\" data-end=\"2580\">Yo revelar\u00e9 el rostro de mis monta\u00f1as, de mis valles<\/strong>\u201d.<br data-start=\"2582\" data-end=\"2585\" \/>Las monta\u00f1as y los valles no son paisaje: son identidad, son linaje, son pertenencia.<\/p><p data-start=\"2740\" data-end=\"2988\">El conflicto avanza entre capturas, desaf\u00edos y acusaciones. Se recuerda el rapto, la destrucci\u00f3n de poblados, la guerra prolongada:<br data-start=\"2871\" data-end=\"2874\" \/>\u201c<strong data-start=\"2875\" data-end=\"2986\">Nos hemos enfrentado durante 13 veces 20 d\u00edas, 13 veces 20 noches. \u00a1Nos agotamos, no tuvimos ning\u00fan reposo!<\/strong>\u201d.<\/p><p data-start=\"2990\" data-end=\"3267\">Pero este drama no glorifica la guerra sin m\u00e1s. Tambi\u00e9n reflexiona sobre el poder, la justicia y el anhelo de paz. Ante el gobernante Ach\u00ed, la palabra adquiere otro peso. El soberano escucha, interroga, decide. Y el destino de K\u2019iche\u2019 Achi\u2019 se sella sin triunfalismo, con solemnidad.<\/p><p data-start=\"3269\" data-end=\"3426\">\u201c<strong data-start=\"3270\" data-end=\"3333\">Aceptar\u00e9 vuestras bebidas venenosas, que hielan y paralizan<\/strong>\u201d, dice el guerrero. No hay s\u00faplica. Hay aceptaci\u00f3n del final como parte del orden del mundo.<\/p>\t\t\t\t\t\t\t\t<\/div>\n\t\t\t\t\t<\/div>\n\t\t\t\t<\/div>\n\t\t<div data-particle_enable=\"false\" data-particle-mobile-disabled=\"false\" class=\"elementor-element elementor-element-84d708f e-flex e-con-boxed e-con e-parent\" data-id=\"84d708f\" data-element_type=\"container\" data-e-type=\"container\">\n\t\t\t\t\t<div class=\"e-con-inner\">\n\t\t\t\t<div class=\"elementor-element elementor-element-88cf793 elementor-widget elementor-widget-html\" data-id=\"88cf793\" data-element_type=\"widget\" data-e-type=\"widget\" data-widget_type=\"html.default\">\n\t\t\t\t\t<iframe src=\"https:\/\/www.facebook.com\/plugins\/video.php?height=314&href=https%3A%2F%2Fwww.facebook.com%2Fnoticiasbajaverapaz%2Fvideos%2F899706282508808%2F&show_text=true&width=560&t=0\" width=\"560\" height=\"429\" style=\"border:none;overflow:hidden\" scrolling=\"no\" frameborder=\"0\" allowfullscreen=\"true\" allow=\"autoplay; clipboard-write; encrypted-media; picture-in-picture; web-share\" allowFullScreen=\"true\"><\/iframe>\t\t\t\t<\/div>\n\t\t\t\t\t<\/div>\n\t\t\t\t<\/div>\n\t\t<div data-particle_enable=\"false\" data-particle-mobile-disabled=\"false\" class=\"elementor-element elementor-element-f784cab e-flex e-con-boxed e-con e-parent\" data-id=\"f784cab\" data-element_type=\"container\" data-e-type=\"container\">\n\t\t\t\t\t<div class=\"e-con-inner\">\n\t\t\t\t<div class=\"elementor-element elementor-element-bf1e7e5 elementor-widget elementor-widget-text-editor\" data-id=\"bf1e7e5\" data-element_type=\"widget\" data-e-type=\"widget\" data-widget_type=\"text-editor.default\">\n\t\t\t\t\t\t\t\t\t<p data-start=\"410\" data-end=\"632\">En uno de los pasajes m\u00e1s hondos, K\u2019iche\u2019 Achi\u2019 se despide de sus monta\u00f1as y valles, de sus armas y de su fuerza. Habla consigo mismo, pero tambi\u00e9n con nosotros:<\/p><p data-start=\"3428\" data-end=\"3717\"><br data-start=\"3589\" data-end=\"3592\" \/>\u201c<strong data-start=\"3593\" data-end=\"3715\">\u00bfNo habr\u00eda alcanzado nada mi c\u00f3lera ni mi fuerza?\u2026 \u00a1Disfrut\u00e9 mi recorrido bajo el cielo, mi recorrido sobre la tierra!<\/strong>\u201d.<\/p><p data-start=\"3719\" data-end=\"3949\">El Rabinal Ach\u00ed no termina con un aplauso. Termina en un gran silencio que solo se rompe con el eco del tun.\u00a0<\/p><p data-start=\"3951\" data-end=\"4178\">Que el Rabinal Ach\u00ed haya vuelto en 2025 es fruto de muchos esfuerzos, de un gran amor a las ra\u00edces. Es una afirmaci\u00f3n cultural en tiempos de olvido, una demostraci\u00f3n de que la tradici\u00f3n no es un museo, sino un acto vivo que exige compromiso, disciplina y respeto.<\/p><p data-start=\"4180\" data-end=\"4326\">Rabinal no solo celebra su feria. Celebra que su palabra ancestral sigue caminando. Que el atardecer promete un nuevo sol en la tierra de los antiguos se\u00f1ores Rabinaleb.<\/p>\t\t\t\t\t\t\t\t<\/div>\n\t\t\t\t\t<\/div>\n\t\t\t\t<\/div>\n\t\t<div data-particle_enable=\"false\" data-particle-mobile-disabled=\"false\" class=\"elementor-element elementor-element-dbaba20 e-flex e-con-boxed e-con e-parent\" data-id=\"dbaba20\" data-element_type=\"container\" data-e-type=\"container\">\n\t\t\t\t\t<div class=\"e-con-inner\">\n\t\t\t\t<div class=\"elementor-element elementor-element-7b59ba6 elementor-grid-eael-col-3 elementor-grid-tablet-eael-col-2 elementor-grid-mobile-eael-col-1 elementor-widget elementor-widget-eael-post-grid\" data-id=\"7b59ba6\" data-element_type=\"widget\" data-e-type=\"widget\" data-settings=\"{&quot;eael_post_grid_columns&quot;:&quot;eael-col-3&quot;,&quot;eael_post_grid_columns_tablet&quot;:&quot;eael-col-2&quot;,&quot;eael_post_grid_columns_mobile&quot;:&quot;eael-col-1&quot;}\" data-widget_type=\"eael-post-grid.default\">\n\t\t\t\t\t<div id=\"eael-post-grid-7b59ba6\" class=\"eael-post-grid-container\">\n            <div class=\"eael-post-grid eael-post-appender eael-post-appender-7b59ba6 eael-post-grid-style-one\" data-layout-mode=\"masonry\"><article class=\"eael-grid-post  eael-post-grid-column eael-pg-post-43400 category-arte-cultura\" data-id=\"43400\">\n        <div class=\"eael-grid-post-holder\">\n            <div class=\"eael-grid-post-holder-inner\"><div class=\"eael-entry-media\"><div class=\"eael-entry-overlay fade-in\"><i class=\"far fa-hand-pointer\" aria-hidden=\"true\"><\/i><a href=\"https:\/\/soymigrante.com\/revista\/efrain-recinos-un-genio-del-arte-guatemalteco-que-vivira-siempre\/\"><\/a><\/div><div class=\"eael-entry-thumbnail eael-image-ratio\">\n                <img decoding=\"async\" width=\"421\" height=\"416\" src=\"https:\/\/soymigrante.com\/revista\/wp-content\/uploads\/2025\/09\/Guatemalita-de-Efrain-Recinos.png\" class=\"attachment-large size-large wp-image-43608\" alt=\"Guatemalita de Efra\u00edn Recinos\" srcset=\"https:\/\/soymigrante.com\/revista\/wp-content\/uploads\/2025\/09\/Guatemalita-de-Efrain-Recinos.png 421w, https:\/\/soymigrante.com\/revista\/wp-content\/uploads\/2025\/09\/Guatemalita-de-Efrain-Recinos-300x296.png 300w, https:\/\/soymigrante.com\/revista\/wp-content\/uploads\/2025\/09\/Guatemalita-de-Efrain-Recinos-75x75.png 75w\" sizes=\"(max-width: 421px) 100vw, 421px\" \/>\n            <\/div>\n        <\/div><div class=\"eael-entry-wrapper\"><header class=\"eael-entry-header\"><h2 class=\"eael-entry-title\"><a class=\"eael-grid-post-link\" href=\"https:\/\/soymigrante.com\/revista\/efrain-recinos-un-genio-del-arte-guatemalteco-que-vivira-siempre\/\" title=\"Mira arte guatemalteco: Efra\u00edn Recinos, un genio que sigue a la vista de todos\">Mira arte guatemalteco: Efra\u00edn Recinos, un genio que sigue a la vista de todos<\/a><\/h2><\/header><div class=\"eael-entry-content\">\n                        <div class=\"eael-grid-post-excerpt\"><a href=\"https:\/\/soymigrante.com\/revista\/efrain-recinos-un-genio-del-arte-guatemalteco-que-vivira-siempre\/\" class=\"eael-post-elements-readmore-btn\">CONOCE SU HISTORIA <\/a><\/div>\n                    <\/div><\/div><\/div>\n        <\/div>\n    <\/article><article class=\"eael-grid-post  eael-post-grid-column eael-pg-post-43829 category-arte-cultura-guate-nuestra\" data-id=\"43829\">\n        <div class=\"eael-grid-post-holder\">\n            <div class=\"eael-grid-post-holder-inner\"><div class=\"eael-entry-media\"><div class=\"eael-entry-overlay fade-in\"><i class=\"far fa-hand-pointer\" aria-hidden=\"true\"><\/i><a href=\"https:\/\/soymigrante.com\/revista\/juan-sisay-arte-guatemalteco-maya-tzutujil-atitlan\/\"><\/a><\/div><div class=\"eael-entry-thumbnail eael-image-ratio\">\n                <img loading=\"lazy\" decoding=\"async\" width=\"485\" height=\"485\" src=\"https:\/\/soymigrante.com\/revista\/wp-content\/uploads\/2025\/09\/Juan-Sisay1-e1757021856514.jpeg\" class=\"attachment-large size-large wp-image-43830\" alt=\"Juan Sisay: el artista guatemalteco que retrat\u00f3 la identidad tz&#039;utuj&#039;il desde dentro. El artista fue asesinado en abril de 1989 despu\u00e9s de haber pintado acerca de una masacre cometida en Santiago Atitl\u00e1n durante el conflicto armado interno. (Retrato por Miguel Ch\u00e1vez)\" srcset=\"https:\/\/soymigrante.com\/revista\/wp-content\/uploads\/2025\/09\/Juan-Sisay1-e1757021856514.jpeg 485w, https:\/\/soymigrante.com\/revista\/wp-content\/uploads\/2025\/09\/Juan-Sisay1-e1757021856514-300x300.jpeg 300w, https:\/\/soymigrante.com\/revista\/wp-content\/uploads\/2025\/09\/Juan-Sisay1-e1757021856514-150x150.jpeg 150w, https:\/\/soymigrante.com\/revista\/wp-content\/uploads\/2025\/09\/Juan-Sisay1-e1757021856514-75x75.jpeg 75w\" sizes=\"(max-width: 485px) 100vw, 485px\" \/>\n            <\/div>\n        <\/div><div class=\"eael-entry-wrapper\"><header class=\"eael-entry-header\"><h2 class=\"eael-entry-title\"><a class=\"eael-grid-post-link\" href=\"https:\/\/soymigrante.com\/revista\/juan-sisay-arte-guatemalteco-maya-tzutujil-atitlan\/\" title=\"Mira arte guatemalteco: Pintor tz&#8217;utuj&#8217;il Juan Sisay origin\u00f3 la pintura popular de Atitl\u00e1n\">Mira arte guatemalteco: Pintor tz&#8217;utuj&#8217;il Juan Sisay origin\u00f3 la pintura popular de Atitl\u00e1n<\/a><\/h2><\/header><div class=\"eael-entry-content\">\n                        <div class=\"eael-grid-post-excerpt\"><a href=\"https:\/\/soymigrante.com\/revista\/juan-sisay-arte-guatemalteco-maya-tzutujil-atitlan\/\" class=\"eael-post-elements-readmore-btn\">CONOCE SU HISTORIA <\/a><\/div>\n                    <\/div><\/div><\/div>\n        <\/div>\n    <\/article><article class=\"eael-grid-post  eael-post-grid-column eael-pg-post-43891 category-arte-cultura-guate-nuestra\" data-id=\"43891\">\n        <div class=\"eael-grid-post-holder\">\n            <div class=\"eael-grid-post-holder-inner\"><div class=\"eael-entry-media\"><div class=\"eael-entry-overlay fade-in\"><i class=\"far fa-hand-pointer\" aria-hidden=\"true\"><\/i><a href=\"https:\/\/soymigrante.com\/revista\/mira-arte-guatemalteco-la-mirada-magica-de-rina-lazo\/\"><\/a><\/div><div class=\"eael-entry-thumbnail eael-image-ratio\">\n                <img loading=\"lazy\" decoding=\"async\" width=\"500\" height=\"500\" src=\"https:\/\/soymigrante.com\/revista\/wp-content\/uploads\/2025\/09\/Rina-lazo-2.jpg\" class=\"attachment-large size-large wp-image-43892\" alt=\"Rina Lazo: El trazo de una identidad mesoamericana\" srcset=\"https:\/\/soymigrante.com\/revista\/wp-content\/uploads\/2025\/09\/Rina-lazo-2.jpg 500w, https:\/\/soymigrante.com\/revista\/wp-content\/uploads\/2025\/09\/Rina-lazo-2-300x300.jpg 300w, https:\/\/soymigrante.com\/revista\/wp-content\/uploads\/2025\/09\/Rina-lazo-2-150x150.jpg 150w, https:\/\/soymigrante.com\/revista\/wp-content\/uploads\/2025\/09\/Rina-lazo-2-75x75.jpg 75w\" sizes=\"(max-width: 500px) 100vw, 500px\" \/>\n            <\/div>\n        <\/div><div class=\"eael-entry-wrapper\"><header class=\"eael-entry-header\"><h2 class=\"eael-entry-title\"><a class=\"eael-grid-post-link\" href=\"https:\/\/soymigrante.com\/revista\/mira-arte-guatemalteco-la-mirada-magica-de-rina-lazo\/\" title=\"Mira arte guatemalteco: La mirada m\u00e1gica de Rina Lazo\">Mira arte guatemalteco: La mirada m\u00e1gica de Rina Lazo<\/a><\/h2><\/header><div class=\"eael-entry-content\">\n                        <div class=\"eael-grid-post-excerpt\"><a href=\"https:\/\/soymigrante.com\/revista\/mira-arte-guatemalteco-la-mirada-magica-de-rina-lazo\/\" class=\"eael-post-elements-readmore-btn\">CONOCE SU HISTORIA <\/a><\/div>\n                    <\/div><\/div><\/div>\n        <\/div>\n    <\/article><\/div>\n            <div class=\"clearfix\"><\/div>\n        <\/div>\t\t\t\t<\/div>\n\t\t\t\t\t<\/div>\n\t\t\t\t<\/div>\n\t\t\t\t<\/div>\n\t\t","protected":false},"excerpt":{"rendered":"<p>Algarab\u00eda, gratitud, memoria: el retorno del Rabinal Ach\u00ed a las calles y al centro de San Pablo Rabinal Baja Verapaz estuvo lleno de emociones, di\u00e1logos ancestrales y una fuerza patrimonial incomparable. La Danza del Tun regres\u00f3 a Rabinal, Baja Verapaz. La trompeta ancestral rasga el aire mientras empiezan a recitarse las ancestrales l\u00edneas del Rabinal [&hellip;]<\/p>\n","protected":false},"author":7,"featured_media":51476,"comment_status":"open","ping_status":"open","sticky":false,"template":"","format":"standard","meta":{"_acf_changed":false,"_eb_attr":"","footnotes":""},"categories":[91,58],"tags":[244],"class_list":["post-51475","post","type-post","status-publish","format-standard","has-post-thumbnail","hentry","category-arte-cultura","category-guate-nuestra","tag-danzas-de-guatemala"],"acf":[],"aioseo_notices":[],"aioseo_head":"\n\t\t<!-- All in One SEO Pro 4.9.6.2 - aioseo.com -->\n\t<meta name=\"description\" content=\"Rina Lazo (1923-2019) retrat\u00f3 la grandeza maya y reflej\u00f3 la cultura guatemalteca en lienzos y murales. Se form\u00f3 y gan\u00f3 fama en M\u00e9xico pero su alma era de quetzal.\" \/>\n\t<meta name=\"robots\" content=\"max-snippet:-1, max-image-preview:large, max-video-preview:-1\" \/>\n\t<meta name=\"author\" content=\"Marysabel Aldana\"\/>\n\t<link rel=\"canonical\" href=\"https:\/\/soymigrante.com\/revista\/mira-arte-guatemalteco-la-mirada-magica-de-rina-lazo\/\" \/>\n\t<meta name=\"generator\" content=\"All in One SEO Pro (AIOSEO) 4.9.6.2\" \/>\n\n\t\t<link rel=\"preconnect\" href=\"https:\/\/fonts.googleapis.com\" crossorigin>\n<link rel=\"preconnect\" href=\"https:\/\/fonts.gstatic.com\" crossorigin>\n\t\t<meta property=\"og:locale\" content=\"es_ES\" \/>\n\t\t<meta property=\"og:site_name\" content=\"SoyMigrante.com REVISTA \u2013 Nuestra misi\u00f3n es reconocer y dignificar al migrante.\" \/>\n\t\t<meta property=\"og:type\" content=\"article\" \/>\n\t\t<meta property=\"og:title\" content=\"Mira arte guatemalteco: La mirada m\u00e1gica de Rina Lazo\" \/>\n\t\t<meta property=\"og:description\" content=\"Rina Lazo (1923-2019) retrat\u00f3 la grandeza maya y reflej\u00f3 la cultura guatemalteca en lienzos y murales. Se form\u00f3 y gan\u00f3 fama en M\u00e9xico pero su alma era de quetzal.\" \/>\n\t\t<meta property=\"og:url\" content=\"https:\/\/soymigrante.com\/revista\/mira-arte-guatemalteco-la-mirada-magica-de-rina-lazo\/\" \/>\n\t\t<meta property=\"og:image\" content=\"https:\/\/soymigrante.com\/revista\/wp-content\/uploads\/2025\/09\/Rina-lazo-2.jpg\" \/>\n\t\t<meta property=\"og:image:secure_url\" content=\"https:\/\/soymigrante.com\/revista\/wp-content\/uploads\/2025\/09\/Rina-lazo-2.jpg\" \/>\n\t\t<meta property=\"og:image:width\" content=\"500\" \/>\n\t\t<meta property=\"og:image:height\" content=\"500\" \/>\n\t\t<meta property=\"article:published_time\" content=\"2025-09-08T11:30:00+00:00\" \/>\n\t\t<meta property=\"article:modified_time\" content=\"2025-09-08T04:42:09+00:00\" \/>\n\t\t<meta property=\"article:publisher\" content=\"https:\/\/www.facebook.com\/soymigrantecom\" \/>\n\t\t<meta name=\"twitter:card\" content=\"summary_large_image\" \/>\n\t\t<meta name=\"twitter:site\" content=\"@SoyMigrante_com\" \/>\n\t\t<meta name=\"twitter:title\" content=\"Mira arte guatemalteco: La mirada m\u00e1gica de Rina Lazo\" \/>\n\t\t<meta name=\"twitter:description\" content=\"Rina Lazo (1923-2019) retrat\u00f3 la grandeza maya y reflej\u00f3 la cultura guatemalteca en lienzos y murales. Se form\u00f3 y gan\u00f3 fama en M\u00e9xico pero su alma era de quetzal.\" \/>\n\t\t<meta name=\"twitter:creator\" content=\"@SoyMigrante_com\" \/>\n\t\t<meta name=\"twitter:image\" content=\"https:\/\/soymigrante.com\/revista\/wp-content\/uploads\/2025\/09\/Rina-lazo-2.jpg\" \/>\n\t\t<!-- All in One SEO Pro -->\r\n\t\t<title>Mira arte guatemalteco: La mirada m\u00e1gica de Rina Lazo<\/title>\n\n","aioseo_head_json":{"title":"Mira arte guatemalteco: La mirada m\u00e1gica de Rina Lazo","description":"Rina Lazo (1923-2019) retrat\u00f3 la grandeza maya y reflej\u00f3 la cultura guatemalteca en lienzos y murales. Se form\u00f3 y gan\u00f3 fama en M\u00e9xico pero su alma era de quetzal.","canonical_url":"https:\/\/soymigrante.com\/revista\/mira-arte-guatemalteco-la-mirada-magica-de-rina-lazo\/","robots":"max-snippet:-1, max-image-preview:large, max-video-preview:-1","keywords":"","webmasterTools":{"miscellaneous":"&lt;link rel=\"preconnect\" href=\"https:\/\/fonts.googleapis.com\" crossorigin&gt;\n&lt;link rel=\"preconnect\" href=\"https:\/\/fonts.gstatic.com\" crossorigin&gt;"},"schema":null,"og:locale":"es_ES","og:site_name":"SoyMigrante.com REVISTA \u2013 Nuestra misi\u00f3n es reconocer y dignificar al migrante.","og:type":"article","og:title":"Mira arte guatemalteco: La mirada m\u00e1gica de Rina Lazo","og:description":"Rina Lazo (1923-2019) retrat\u00f3 la grandeza maya y reflej\u00f3 la cultura guatemalteca en lienzos y murales. Se form\u00f3 y gan\u00f3 fama en M\u00e9xico pero su alma era de quetzal.","og:url":"https:\/\/soymigrante.com\/revista\/mira-arte-guatemalteco-la-mirada-magica-de-rina-lazo\/","og:image":"https:\/\/soymigrante.com\/revista\/wp-content\/uploads\/2025\/09\/Rina-lazo-2.jpg","og:image:secure_url":"https:\/\/soymigrante.com\/revista\/wp-content\/uploads\/2025\/09\/Rina-lazo-2.jpg","og:image:width":500,"og:image:height":500,"article:published_time":"2025-09-08T11:30:00+00:00","article:modified_time":"2025-09-08T04:42:09+00:00","article:publisher":"https:\/\/www.facebook.com\/soymigrantecom","twitter:card":"summary_large_image","twitter:site":"@SoyMigrante_com","twitter:title":"Mira arte guatemalteco: La mirada m\u00e1gica de Rina Lazo","twitter:description":"Rina Lazo (1923-2019) retrat\u00f3 la grandeza maya y reflej\u00f3 la cultura guatemalteca en lienzos y murales. Se form\u00f3 y gan\u00f3 fama en M\u00e9xico pero su alma era de quetzal.","twitter:creator":"@SoyMigrante_com","twitter:image":"https:\/\/soymigrante.com\/revista\/wp-content\/uploads\/2025\/09\/Rina-lazo-2.jpg"},"aioseo_meta_data":{"post_id":"51475","title":null,"description":null,"keywords":null,"keyphrases":{"focus":{"keyphrase":"Rabinal","score":91,"analysis":{"keyphraseInTitle":{"score":9,"maxScore":9,"error":0},"keyphraseInDescription":{"score":9,"maxScore":9,"error":0},"keyphraseLength":{"score":9,"maxScore":9,"error":0,"length":1},"keyphraseInURL":{"score":5,"maxScore":5,"error":0},"keyphraseInIntroduction":{"score":9,"maxScore":9,"error":0},"keyphraseInSubHeadings":{"score":3,"maxScore":9,"error":1},"keyphraseInImageAlt":{"score":9,"maxScore":9,"error":0},"keywordDensity":{"type":"best","score":9,"maxScore":9,"error":0}}},"additional":[{"keyphrase":"Achi","score":73,"analysis":{"keyphraseInDescription":{"score":9,"maxScore":9,"error":0},"keyphraseLength":{"score":9,"maxScore":9,"error":0,"length":1},"keyphraseInIntroduction":{"score":3,"maxScore":9,"error":1},"keyphraseInImageAlt":{"score":3,"maxScore":9,"error":1},"keywordDensity":{"type":"best","score":9,"maxScore":9,"error":0}}}]},"primary_term":null,"canonical_url":null,"og_title":null,"og_description":null,"og_object_type":"default","og_image_type":"default","og_image_url":null,"og_image_width":null,"og_image_height":null,"og_image_custom_url":null,"og_image_custom_fields":null,"og_video":"","og_custom_url":null,"og_article_section":null,"og_article_tags":null,"twitter_use_og":false,"twitter_card":"default","twitter_image_type":"default","twitter_image_url":null,"twitter_image_custom_url":null,"twitter_image_custom_fields":null,"twitter_title":null,"twitter_description":null,"schema":{"blockGraphs":[],"customGraphs":[],"default":{"data":{"Article":[],"Course":[],"Dataset":[],"FAQPage":[],"Movie":[],"Person":[],"Product":[],"ProductReview":[],"Car":[],"Recipe":[],"Service":[],"SoftwareApplication":[],"WebPage":[]},"graphName":"NewsArticle","isEnabled":true},"graphs":[]},"schema_type":"default","schema_type_options":null,"pillar_content":false,"robots_default":true,"robots_noindex":false,"robots_noarchive":false,"robots_nosnippet":false,"robots_nofollow":false,"robots_noimageindex":false,"robots_noodp":false,"robots_notranslate":false,"robots_max_snippet":"-1","robots_max_videopreview":"-1","robots_max_imagepreview":"large","priority":null,"frequency":"default","local_seo":null,"seo_analyzer_scan_date":"2026-03-02 21:39:39","breadcrumb_settings":null,"limit_modified_date":false,"reviewed_by":"0","open_ai":null,"ai":{"faqs":[],"keyPoints":[],"titles":[],"descriptions":[],"socialPosts":{"email":[],"linkedin":[],"twitter":[],"facebook":[],"instagram":[]}},"created":"2026-01-25 19:09:28","updated":"2026-03-06 15:45:38"},"aioseo_breadcrumb":"<div class=\"aioseo-breadcrumbs\"><span class=\"aioseo-breadcrumb\">\n\t<a href=\"https:\/\/soymigrante.com\/revista\" title=\"Home\">Home<\/a>\n<\/span><span class=\"aioseo-breadcrumb-separator\">\u00bb<\/span><span class=\"aioseo-breadcrumb\">\n\t<a href=\"https:\/\/soymigrante.com\/revista\/category\/guate-nuestra\/\" title=\"Guate Nuestra\">Guate Nuestra<\/a>\n<\/span><span class=\"aioseo-breadcrumb-separator\">\u00bb<\/span><span class=\"aioseo-breadcrumb\">\n\t<a href=\"https:\/\/soymigrante.com\/revista\/category\/guate-nuestra\/arte-cultura\/\" title=\"Cultura de Guatemala\">Cultura de Guatemala<\/a>\n<\/span><span class=\"aioseo-breadcrumb-separator\">\u00bb<\/span><span class=\"aioseo-breadcrumb\">\n\tEl Rabinal Ach\u00ed volvi\u00f3 a latir este 2026 con fuerza ancestral: im\u00e1genes y detalles\n<\/span><\/div>","aioseo_breadcrumb_json":[{"label":"Home","link":"https:\/\/soymigrante.com\/revista"},{"label":"Guate Nuestra","link":"https:\/\/soymigrante.com\/revista\/category\/guate-nuestra\/"},{"label":"Cultura de Guatemala","link":"https:\/\/soymigrante.com\/revista\/category\/guate-nuestra\/arte-cultura\/"},{"label":"El Rabinal Ach\u00ed volvi\u00f3 a latir este 2026 con fuerza ancestral: im\u00e1genes y detalles","link":"https:\/\/soymigrante.com\/revista\/el-rabinal-achi-volvio-a-latir-este-2026-con-fuerza-ancestral-imagenes-y-detalles\/"}],"_links":{"self":[{"href":"https:\/\/soymigrante.com\/revista\/wp-json\/wp\/v2\/posts\/51475","targetHints":{"allow":["GET"]}}],"collection":[{"href":"https:\/\/soymigrante.com\/revista\/wp-json\/wp\/v2\/posts"}],"about":[{"href":"https:\/\/soymigrante.com\/revista\/wp-json\/wp\/v2\/types\/post"}],"author":[{"embeddable":true,"href":"https:\/\/soymigrante.com\/revista\/wp-json\/wp\/v2\/users\/7"}],"replies":[{"embeddable":true,"href":"https:\/\/soymigrante.com\/revista\/wp-json\/wp\/v2\/comments?post=51475"}],"version-history":[{"count":19,"href":"https:\/\/soymigrante.com\/revista\/wp-json\/wp\/v2\/posts\/51475\/revisions"}],"predecessor-version":[{"id":53598,"href":"https:\/\/soymigrante.com\/revista\/wp-json\/wp\/v2\/posts\/51475\/revisions\/53598"}],"wp:featuredmedia":[{"embeddable":true,"href":"https:\/\/soymigrante.com\/revista\/wp-json\/wp\/v2\/media\/51476"}],"wp:attachment":[{"href":"https:\/\/soymigrante.com\/revista\/wp-json\/wp\/v2\/media?parent=51475"}],"wp:term":[{"taxonomy":"category","embeddable":true,"href":"https:\/\/soymigrante.com\/revista\/wp-json\/wp\/v2\/categories?post=51475"},{"taxonomy":"post_tag","embeddable":true,"href":"https:\/\/soymigrante.com\/revista\/wp-json\/wp\/v2\/tags?post=51475"}],"curies":[{"name":"wp","href":"https:\/\/api.w.org\/{rel}","templated":true}]}}