{"id":51438,"date":"2026-01-23T11:09:13","date_gmt":"2026-01-23T17:09:13","guid":{"rendered":"https:\/\/soymigrante.com\/revista\/?p=51438"},"modified":"2026-01-23T11:09:39","modified_gmt":"2026-01-23T17:09:39","slug":"rabinal-achi-figura-en-desfile-de-bailes-cultura-viva-2026-en-rabinal-baja-verapaz","status":"publish","type":"post","link":"https:\/\/soymigrante.com\/revista\/rabinal-achi-figura-en-desfile-de-bailes-cultura-viva-2026-en-rabinal-baja-verapaz\/","title":{"rendered":"Rabinal Achi&#8217; figura en desfile de bailes Cultura Viva 2026 en Rabinal, Baja Verapaz"},"content":{"rendered":"\t\t<div data-elementor-type=\"wp-post\" data-elementor-id=\"51438\" class=\"elementor elementor-51438\" data-elementor-post-type=\"post\">\n\t\t\t\t<div data-particle_enable=\"false\" data-particle-mobile-disabled=\"false\" class=\"elementor-element elementor-element-9dcb2d0 e-flex e-con-boxed e-con e-parent\" data-id=\"9dcb2d0\" data-element_type=\"container\" data-e-type=\"container\">\n\t\t\t\t\t<div class=\"e-con-inner\">\n\t\t\t\t<div class=\"elementor-element elementor-element-48ab8f5 elementor-widget elementor-widget-heading\" data-id=\"48ab8f5\" data-element_type=\"widget\" data-e-type=\"widget\" data-widget_type=\"heading.default\">\n\t\t\t\t\t<h2 class=\"elementor-heading-title elementor-size-default\">Fiesta patronal de San Pablo Rabinal se celebra el 25 de enero y es cuando se representa el drama prehisp\u00e1nico Rabinal Achi' y el inicio de los d\u00edas grandes es un desfile con personajes de esa y otras danzas tradicionales.<\/h2>\t\t\t\t<\/div>\n\t\t\t\t\t<\/div>\n\t\t\t\t<\/div>\n\t\t<div data-particle_enable=\"false\" data-particle-mobile-disabled=\"false\" class=\"elementor-element elementor-element-428144e e-flex e-con-boxed e-con e-parent\" data-id=\"428144e\" data-element_type=\"container\" data-e-type=\"container\">\n\t\t\t\t\t<div class=\"e-con-inner\">\n\t\t\t\t<div class=\"elementor-element elementor-element-40adc20 elementor-widget elementor-widget-text-editor\" data-id=\"40adc20\" data-element_type=\"widget\" data-e-type=\"widget\" data-widget_type=\"text-editor.default\">\n\t\t\t\t\t\t\t\t\t<p data-start=\"113\" data-end=\"681\">En el marco de la feria titular de <a href=\"https:\/\/soymigrante.com\/revista\/etnias-de-guatemala-los-achi\/\">Rabinal<\/a>, dedicada al patrono San Pablo, se efectu\u00f3 este 23 de enero, el desfile <strong data-start=\"204\" data-end=\"220\">Cultura Viva<\/strong>, una manifestaci\u00f3n colectiva en la que florecieron m\u00fasica, color y memoria ancestral a trav\u00e9s de danzas tradicionales, m\u00e1scaras, marimba, tun, pito y la admiraci\u00f3n de pobladores.<\/p><p data-start=\"113\" data-end=\"681\">La actividad tiene un significado especial: marca el regreso del <a href=\"https:\/\/soymigrante.com\/revista\/rabinal-achi-drama-prehispanico-patrimonio-cultural-de-guatemala\/\"><strong data-start=\"397\" data-end=\"413\">Rabinal Ach\u00ed<\/strong>, el baile-drama prehisp\u00e1nico declarado <strong data-start=\"453\" data-end=\"517\">Patrimonio Cultural Inmaterial de la Humanidad por la UNESCO<\/strong>,<\/a> que en 2025 no pudo presentarse debido a la falta de recursos, pero que en este 2026 vuelve a escena como s\u00edmbolo de resistencia cultural y continuidad hist\u00f3rica.<\/p><p data-start=\"683\" data-end=\"1146\">Durante el desfile participaron integrantes del <a href=\"https:\/\/soymigrante.com\/revista\/rabinal-achi-drama-prehispanico-patrimonio-cultural-de-guatemala\/\">Rabinal Ach\u00ed,<\/a> portadores de una tradici\u00f3n que narra las pugnas territoriales del siglo XIV entre pueblos mayas, esencialmente los <a href=\"https:\/\/soymigrante.com\/revista\/el-pueblo-kiche-es-heredero-y-continuador-de-la-tradicion-del-popol-vuh\/\">K&#8217;iche <\/a>y los <a href=\"https:\/\/soymigrante.com\/revista\/etnias-de-guatemala-los-achi\/\">Achi&#8217;<\/a> del altiplano central y que se presentar\u00e1 el s\u00e1bado 24 y domingo 25 de enero de 2026.<\/p>\t\t\t\t\t\t\t\t<\/div>\n\t\t\t\t\t<\/div>\n\t\t\t\t<\/div>\n\t\t<div data-particle_enable=\"false\" data-particle-mobile-disabled=\"false\" class=\"elementor-element elementor-element-02cc137 e-flex e-con-boxed e-con e-parent\" data-id=\"02cc137\" data-element_type=\"container\" data-e-type=\"container\">\n\t\t\t\t\t<div class=\"e-con-inner\">\n\t\t\t\t<div class=\"elementor-element elementor-element-47bf8b3 elementor-widget elementor-widget-image\" data-id=\"47bf8b3\" data-element_type=\"widget\" data-e-type=\"widget\" data-widget_type=\"image.default\">\n\t\t\t\t\t\t\t\t\t\t\t\t<figure class=\"wp-caption\">\n\t\t\t\t\t\t\t\t\t\t<img fetchpriority=\"high\" decoding=\"async\" width=\"576\" height=\"1024\" src=\"https:\/\/soymigrante.com\/revista\/wp-content\/uploads\/2026\/01\/danzas-de-rabinal-achi-576x1024.jpg\" class=\"attachment-large size-large wp-image-51446\" alt=\"Integrantes del Rabinal Achi, baile drama prehisp\u00e1nico, patrimonio mundial inmaterial de la humanidad, se preparan para presentarse este 24 y 25 de enero, despu\u00e9s de que en 2025 se haya suspendido la danza por falta de recursos. (Captura de pantallla)\" srcset=\"https:\/\/soymigrante.com\/revista\/wp-content\/uploads\/2026\/01\/danzas-de-rabinal-achi-576x1024.jpg 576w, https:\/\/soymigrante.com\/revista\/wp-content\/uploads\/2026\/01\/danzas-de-rabinal-achi-169x300.jpg 169w, https:\/\/soymigrante.com\/revista\/wp-content\/uploads\/2026\/01\/danzas-de-rabinal-achi-768x1365.jpg 768w, https:\/\/soymigrante.com\/revista\/wp-content\/uploads\/2026\/01\/danzas-de-rabinal-achi-864x1536.jpg 864w, https:\/\/soymigrante.com\/revista\/wp-content\/uploads\/2026\/01\/danzas-de-rabinal-achi-750x1333.jpg 750w, https:\/\/soymigrante.com\/revista\/wp-content\/uploads\/2026\/01\/danzas-de-rabinal-achi.jpg 1080w\" sizes=\"(max-width: 576px) 100vw, 576px\" title=\"Integrantes del Rabinal Achi, baile drama prehisp\u00e1nico, patrimonio mundial inmaterial de la humanidad, se preparan para presentarse este 24 y 25 de enero, despu\u00e9s de que en 2025 se haya suspendido la danza por falta de recursos. (Captura de pantallla) \u2013 SoyMigrante.com REVISTA\" \/>\t\t\t\t\t\t\t\t\t\t\t<figcaption class=\"widget-image-caption wp-caption-text\">Integrantes del Rabinal Achi, baile drama prehisp\u00e1nico, patrimonio mundial inmaterial de la humanidad, se preparan para presentarse este 24 y 25 de enero, despu\u00e9s de que en 2025 se haya suspendido la danza por falta de recursos. (Captura de pantallla)<\/figcaption>\n\t\t\t\t\t\t\t\t\t\t<\/figure>\n\t\t\t\t\t\t\t\t\t<\/div>\n\t\t\t\t\t<\/div>\n\t\t\t\t<\/div>\n\t\t<div data-particle_enable=\"false\" data-particle-mobile-disabled=\"false\" class=\"elementor-element elementor-element-2cd14f9 e-flex e-con-boxed e-con e-parent\" data-id=\"2cd14f9\" data-element_type=\"container\" data-e-type=\"container\">\n\t\t\t\t\t<div class=\"e-con-inner\">\n\t\t\t\t<div class=\"elementor-element elementor-element-7d717a0 elementor-widget elementor-widget-text-editor\" data-id=\"7d717a0\" data-element_type=\"widget\" data-e-type=\"widget\" data-widget_type=\"text-editor.default\">\n\t\t\t\t\t\t\t\t\t<p data-start=\"113\" data-end=\"681\">Pero no iban solos: iban acompa\u00f1ados de\u00a0\u00a0<strong data-start=\"933\" data-end=\"974\">otras danzas tradicionales de Rabinal<\/strong>, interpretadas por comunitarios y estudiantes de preprimaria, primaria y nivel secundario, evidenciando el papel de la educaci\u00f3n y la comunidad en la transmisi\u00f3n del patrimonio cultural.<\/p>\t\t\t\t\t\t\t\t<\/div>\n\t\t\t\t\t<\/div>\n\t\t\t\t<\/div>\n\t\t<div data-particle_enable=\"false\" data-particle-mobile-disabled=\"false\" class=\"elementor-element elementor-element-85a2bf8 e-flex e-con-boxed e-con e-parent\" data-id=\"85a2bf8\" data-element_type=\"container\" data-e-type=\"container\">\n\t\t\t\t\t<div class=\"e-con-inner\">\n\t\t\t\t<div class=\"elementor-element elementor-element-7396d54 elementor-widget elementor-widget-html\" data-id=\"7396d54\" data-element_type=\"widget\" data-e-type=\"widget\" data-widget_type=\"html.default\">\n\t\t\t\t\t<iframe src=\"https:\/\/www.facebook.com\/plugins\/video.php?height=476&href=https%3A%2F%2Fwww.facebook.com%2F100066970091200%2Fvideos%2F2677834389238983%2F&show_text=true&width=267&t=502\" width=\"267\" height=\"591\" style=\"border:none;overflow:hidden\" scrolling=\"no\" frameborder=\"0\" allowfullscreen=\"true\" allow=\"autoplay; clipboard-write; encrypted-media; picture-in-picture; web-share\" allowFullScreen=\"true\"><\/iframe>\t\t\t\t<\/div>\n\t\t\t\t\t<\/div>\n\t\t\t\t<\/div>\n\t\t<div data-particle_enable=\"false\" data-particle-mobile-disabled=\"false\" class=\"elementor-element elementor-element-b5d1c73 e-flex e-con-boxed e-con e-parent\" data-id=\"b5d1c73\" data-element_type=\"container\" data-e-type=\"container\">\n\t\t\t\t\t<div class=\"e-con-inner\">\n\t\t\t\t<div class=\"elementor-element elementor-element-ddad3d9 elementor-widget elementor-widget-text-editor\" data-id=\"ddad3d9\" data-element_type=\"widget\" data-e-type=\"widget\" data-widget_type=\"text-editor.default\">\n\t\t\t\t\t\t\t\t\t<p data-start=\"113\" data-end=\"681\">Entre ellas figura el\u00a0<span style=\"font-family: Roboto, sans-serif; font-size: 22px; font-style: normal; font-variant-ligatures: normal; font-variant-caps: normal; font-weight: 400;\">Baile de los Animalitos, que alude a la flora y fauna del territorio y suele representarse en contextos comunitarios y escolares. Es un s\u00edmbolo de valoraci\u00f3n de los ecosistemas como un todo integral.<\/span><\/p>\t\t\t\t\t\t\t\t<\/div>\n\t\t\t\t\t<\/div>\n\t\t\t\t<\/div>\n\t\t<div data-particle_enable=\"false\" data-particle-mobile-disabled=\"false\" class=\"elementor-element elementor-element-bc7f31f e-flex e-con-boxed e-con e-parent\" data-id=\"bc7f31f\" data-element_type=\"container\" data-e-type=\"container\">\n\t\t\t\t\t<div class=\"e-con-inner\">\n\t\t\t\t<div class=\"elementor-element elementor-element-0de168f elementor-widget elementor-widget-image\" data-id=\"0de168f\" data-element_type=\"widget\" data-e-type=\"widget\" data-widget_type=\"image.default\">\n\t\t\t\t\t\t\t\t\t\t\t\t<figure class=\"wp-caption\">\n\t\t\t\t\t\t\t\t\t\t<img decoding=\"async\" width=\"581\" height=\"609\" src=\"https:\/\/soymigrante.com\/revista\/wp-content\/uploads\/2026\/01\/desfile-cultura-viva-rabinal-2026-4.png\" class=\"attachment-large size-large wp-image-51447\" alt=\"Baile &quot;de negritos&quot; representado por estudiantes de primaria en el Desfile Cultura Viva de Rabinal 2026. (Captura de pantalla)\" srcset=\"https:\/\/soymigrante.com\/revista\/wp-content\/uploads\/2026\/01\/desfile-cultura-viva-rabinal-2026-4.png 581w, https:\/\/soymigrante.com\/revista\/wp-content\/uploads\/2026\/01\/desfile-cultura-viva-rabinal-2026-4-286x300.png 286w\" sizes=\"(max-width: 581px) 100vw, 581px\" title=\"Baile &quot;de negritos&quot; representado por estudiantes de primaria en el Desfile Cultura Viva de Rabinal 2026. (Captura de pantalla) \u2013 SoyMigrante.com REVISTA\" \/>\t\t\t\t\t\t\t\t\t\t\t<figcaption class=\"widget-image-caption wp-caption-text\">Baile \"de negritos\" representado por estudiantes de primaria en el Desfile Cultura Viva de Rabinal 2026. (Captura de pantalla)<\/figcaption>\n\t\t\t\t\t\t\t\t\t\t<\/figure>\n\t\t\t\t\t\t\t\t\t<\/div>\n\t\t\t\t\t<\/div>\n\t\t\t\t<\/div>\n\t\t<div data-particle_enable=\"false\" data-particle-mobile-disabled=\"false\" class=\"elementor-element elementor-element-809600b e-flex e-con-boxed e-con e-parent\" data-id=\"809600b\" data-element_type=\"container\" data-e-type=\"container\">\n\t\t\t\t\t<div class=\"e-con-inner\">\n\t\t\t\t<div class=\"elementor-element elementor-element-52b9e69 elementor-widget elementor-widget-text-editor\" data-id=\"52b9e69\" data-element_type=\"widget\" data-e-type=\"widget\" data-widget_type=\"text-editor.default\">\n\t\t\t\t\t\t\t\t\t<p data-start=\"113\" data-end=\"681\">La denominada Danza de los Negritos, de car\u00e1cter festivo y popular, que acompa\u00f1ada de marimba efect\u00faa pasos alegres en escenas irrepetibles.<\/p><p data-start=\"1148\" data-end=\"1673\">\u00a0<\/p>\t\t\t\t\t\t\t\t<\/div>\n\t\t\t\t\t<\/div>\n\t\t\t\t<\/div>\n\t\t<div data-particle_enable=\"false\" data-particle-mobile-disabled=\"false\" class=\"elementor-element elementor-element-aa9f935 e-flex e-con-boxed e-con e-parent\" data-id=\"aa9f935\" data-element_type=\"container\" data-e-type=\"container\">\n\t\t\t\t\t<div class=\"e-con-inner\">\n\t\t\t\t<div class=\"elementor-element elementor-element-3aafb6b elementor-widget elementor-widget-html\" data-id=\"3aafb6b\" data-element_type=\"widget\" data-e-type=\"widget\" data-widget_type=\"html.default\">\n\t\t\t\t\t<iframe src=\"https:\/\/www.facebook.com\/plugins\/video.php?height=476&href=https%3A%2F%2Fwww.facebook.com%2Fnoticiasbajaverapaz%2Fvideos%2F2689876428012222%2F&show_text=true&width=267&t=390\" width=\"267\" height=\"591\" style=\"border:none;overflow:hidden\" scrolling=\"no\" frameborder=\"0\" allowfullscreen=\"true\" allow=\"autoplay; clipboard-write; encrypted-media; picture-in-picture; web-share\" allowFullScreen=\"true\"><\/iframe>\t\t\t\t<\/div>\n\t\t\t\t\t<\/div>\n\t\t\t\t<\/div>\n\t\t<div data-particle_enable=\"false\" data-particle-mobile-disabled=\"false\" class=\"elementor-element elementor-element-55c4ae6 e-flex e-con-boxed e-con e-parent\" data-id=\"55c4ae6\" data-element_type=\"container\" data-e-type=\"container\">\n\t\t\t\t\t<div class=\"e-con-inner\">\n\t\t\t\t<div class=\"elementor-element elementor-element-0d2378b elementor-widget elementor-widget-text-editor\" data-id=\"0d2378b\" data-element_type=\"widget\" data-e-type=\"widget\" data-widget_type=\"text-editor.default\">\n\t\t\t\t\t\t\t\t\t<p data-start=\"113\" data-end=\"681\">No pod\u00eda faltar el <a href=\"https:\/\/soymigrante.com\/revista\/guatemala-danza-una-legendaria-batalla-de-moros-y-cristianos-en-la-cual-hay-a-veces-un-divertido-mico\/\">Baile de los Moros y Cristianos,<\/a> una dramatizaci\u00f3n de origen colonial sobre las batallas de la Reconquista espa\u00f1ola que fue apropiada y resignificada por las comunidades ind\u00edgenas.<\/p>\t\t\t\t\t\t\t\t<\/div>\n\t\t\t\t\t<\/div>\n\t\t\t\t<\/div>\n\t\t<div data-particle_enable=\"false\" data-particle-mobile-disabled=\"false\" class=\"elementor-element elementor-element-4858603 e-flex e-con-boxed e-con e-parent\" data-id=\"4858603\" data-element_type=\"container\" data-e-type=\"container\">\n\t\t\t\t\t<div class=\"e-con-inner\">\n\t\t\t\t<div class=\"elementor-element elementor-element-2c39706 elementor-widget elementor-widget-image\" data-id=\"2c39706\" data-element_type=\"widget\" data-e-type=\"widget\" data-widget_type=\"image.default\">\n\t\t\t\t\t\t\t\t\t\t\t\t<figure class=\"wp-caption\">\n\t\t\t\t\t\t\t\t\t\t<img decoding=\"async\" width=\"595\" height=\"683\" src=\"https:\/\/soymigrante.com\/revista\/wp-content\/uploads\/2026\/01\/desfile-cultura-viva-rabinal-2026-6.png\" class=\"attachment-large size-large wp-image-51448\" alt=\"Al son de pito y tambor\u00f3n, la danza de la Serpiente, hace su paso en el desfile Cultura Viva de Rabinal, Baja Verapaz en su feria patronal dedicada a San Pablo Ap\u00f3stol. (Captura de pantalla)\" srcset=\"https:\/\/soymigrante.com\/revista\/wp-content\/uploads\/2026\/01\/desfile-cultura-viva-rabinal-2026-6.png 595w, https:\/\/soymigrante.com\/revista\/wp-content\/uploads\/2026\/01\/desfile-cultura-viva-rabinal-2026-6-261x300.png 261w\" sizes=\"(max-width: 595px) 100vw, 595px\" title=\"Al son de pito y tambor\u00f3n, la danza de la Serpiente, hace su paso en el desfile Cultura Viva de Rabinal, Baja Verapaz en su feria patronal dedicada a San Pablo Ap\u00f3stol. (Captura de pantalla) \u2013 SoyMigrante.com REVISTA\" \/>\t\t\t\t\t\t\t\t\t\t\t<figcaption class=\"widget-image-caption wp-caption-text\">Al son de pito y tambor\u00f3n, la danza de la Serpiente, hace su paso en el desfile Cultura Viva de Rabinal, Baja Verapaz en su feria patronal dedicada a San Pablo Ap\u00f3stol. (Captura de pantalla)<\/figcaption>\n\t\t\t\t\t\t\t\t\t\t<\/figure>\n\t\t\t\t\t\t\t\t\t<\/div>\n\t\t\t\t\t<\/div>\n\t\t\t\t<\/div>\n\t\t<div data-particle_enable=\"false\" data-particle-mobile-disabled=\"false\" class=\"elementor-element elementor-element-a486bbe e-flex e-con-boxed e-con e-parent\" data-id=\"a486bbe\" data-element_type=\"container\" data-e-type=\"container\">\n\t\t\t\t\t<div class=\"e-con-inner\">\n\t\t\t\t<div class=\"elementor-element elementor-element-536dae4 elementor-widget elementor-widget-text-editor\" data-id=\"536dae4\" data-element_type=\"widget\" data-e-type=\"widget\" data-widget_type=\"text-editor.default\">\n\t\t\t\t\t\t\t\t\t<p data-start=\"113\" data-end=\"681\">Tambi\u00e9n estaba presente\u00a0 el Baile de San Jorge o de la Serpiente, usualmente representado en Oriente, pero que en Rabinal tambi\u00e9n tiene un significado m\u00edstico y religioso, sobre la lucha de bien y mal.<\/p><p data-start=\"2038\" data-end=\"2446\" data-is-last-node=\"\" data-is-only-node=\"\">El desfile Cultura Viva no solo celebr\u00f3 el retorno del Rabinal Ach\u00ed, sino que reafirm\u00f3 que la cultura de Rabinal es una pr\u00e1ctica viva, transmitida de generaci\u00f3n en generaci\u00f3n. La participaci\u00f3n de ni\u00f1as, ni\u00f1os y j\u00f3venes en estas representaciones confirma que las danzas no pertenecen \u00fanicamente al pasado, sino que contin\u00faan reinvent\u00e1ndose como parte esencial de la identidad colectiva del pueblo rabinalense.<\/p>\t\t\t\t\t\t\t\t<\/div>\n\t\t\t\t\t<\/div>\n\t\t\t\t<\/div>\n\t\t<div data-particle_enable=\"false\" data-particle-mobile-disabled=\"false\" class=\"elementor-element elementor-element-6ab8143 e-flex e-con-boxed e-con e-parent\" data-id=\"6ab8143\" data-element_type=\"container\" data-e-type=\"container\">\n\t\t\t\t\t<div class=\"e-con-inner\">\n\t\t\t\t<div class=\"elementor-element elementor-element-2c2d24f elementor-widget elementor-widget-html\" data-id=\"2c2d24f\" data-element_type=\"widget\" data-e-type=\"widget\" data-widget_type=\"html.default\">\n\t\t\t\t\t<iframe src=\"https:\/\/www.facebook.com\/plugins\/post.php?href=https%3A%2F%2Fwww.facebook.com%2Fmirabinal1503%2Fposts%2Fpfbid02U5Gj7vQKSNMAzYSd9TCSk97PTNLxRCzzPbvfbGyoV2ti6n562oBKN78LanexzCNql&show_text=true&width=500\" width=\"500\" height=\"736\" style=\"border:none;overflow:hidden\" scrolling=\"no\" frameborder=\"0\" allowfullscreen=\"true\" allow=\"autoplay; clipboard-write; encrypted-media; picture-in-picture; web-share\"><\/iframe>\t\t\t\t<\/div>\n\t\t\t\t\t<\/div>\n\t\t\t\t<\/div>\n\t\t<div data-particle_enable=\"false\" data-particle-mobile-disabled=\"false\" class=\"elementor-element elementor-element-0b066ea e-flex e-con-boxed e-con e-parent\" data-id=\"0b066ea\" data-element_type=\"container\" data-e-type=\"container\">\n\t\t\t\t\t<div class=\"e-con-inner\">\n\t\t\t\t<div class=\"elementor-element elementor-element-0449a3d elementor-widget elementor-widget-heading\" data-id=\"0449a3d\" data-element_type=\"widget\" data-e-type=\"widget\" data-widget_type=\"heading.default\">\n\t\t\t\t\t<h2 class=\"elementor-heading-title elementor-size-default\">Conoce m\u00e1s de la cultura de Guatemala<\/h2>\t\t\t\t<\/div>\n\t\t\t\t\t<\/div>\n\t\t\t\t<\/div>\n\t\t<div data-particle_enable=\"false\" data-particle-mobile-disabled=\"false\" class=\"elementor-element elementor-element-26277b3 e-flex e-con-boxed e-con e-parent\" data-id=\"26277b3\" data-element_type=\"container\" data-e-type=\"container\">\n\t\t\t\t\t<div class=\"e-con-inner\">\n\t\t\t\t<div class=\"elementor-element elementor-element-410d9a8 elementor-grid-eael-col-3 elementor-grid-tablet-eael-col-2 elementor-grid-mobile-eael-col-1 elementor-widget elementor-widget-eael-post-grid\" data-id=\"410d9a8\" data-element_type=\"widget\" data-e-type=\"widget\" data-settings=\"{&quot;eael_post_grid_columns&quot;:&quot;eael-col-3&quot;,&quot;eael_post_grid_columns_tablet&quot;:&quot;eael-col-2&quot;,&quot;eael_post_grid_columns_mobile&quot;:&quot;eael-col-1&quot;}\" data-widget_type=\"eael-post-grid.default\">\n\t\t\t\t\t<div id=\"eael-post-grid-410d9a8\" class=\"eael-post-grid-container\">\n            <div class=\"eael-post-grid eael-post-appender eael-post-appender-410d9a8 eael-post-grid-style-one\" data-layout-mode=\"masonry\"><article class=\"eael-grid-post  eael-post-grid-column eael-pg-post-8529 category-pueblos-de-guatemala\" data-id=\"8529\">\n        <div class=\"eael-grid-post-holder\">\n            <div class=\"eael-grid-post-holder-inner\"><div class=\"eael-entry-media\"><div class=\"eael-entry-overlay fade-in\"><i class=\"far fa-hand-pointer\" aria-hidden=\"true\"><\/i><a href=\"https:\/\/soymigrante.com\/revista\/etnias-de-guatemala-los-achi\/\"><\/a><\/div><div class=\"eael-entry-thumbnail eael-image-ratio\">\n                <img loading=\"lazy\" decoding=\"async\" width=\"1024\" height=\"1024\" src=\"https:\/\/soymigrante.com\/revista\/wp-content\/uploads\/2024\/08\/Achi-14-La-Conquista-e1724976866589-1024x1024.webp\" class=\"attachment-large size-large wp-image-8530\" alt=\"La danza de la Conquista de Rabina Baja Verapaz es una de las expresiones tradicionales del pueblo maya Achi\" srcset=\"https:\/\/soymigrante.com\/revista\/wp-content\/uploads\/2024\/08\/Achi-14-La-Conquista-e1724976866589-1024x1024.webp 1024w, https:\/\/soymigrante.com\/revista\/wp-content\/uploads\/2024\/08\/Achi-14-La-Conquista-e1724976866589-300x300.webp 300w, https:\/\/soymigrante.com\/revista\/wp-content\/uploads\/2024\/08\/Achi-14-La-Conquista-e1724976866589-150x150.webp 150w, https:\/\/soymigrante.com\/revista\/wp-content\/uploads\/2024\/08\/Achi-14-La-Conquista-e1724976866589-768x768.webp 768w, https:\/\/soymigrante.com\/revista\/wp-content\/uploads\/2024\/08\/Achi-14-La-Conquista-e1724976866589-75x75.webp 75w, https:\/\/soymigrante.com\/revista\/wp-content\/uploads\/2024\/08\/Achi-14-La-Conquista-e1724976866589-750x750.webp 750w, https:\/\/soymigrante.com\/revista\/wp-content\/uploads\/2024\/08\/Achi-14-La-Conquista-e1724976866589-1140x1140.webp 1140w, https:\/\/soymigrante.com\/revista\/wp-content\/uploads\/2024\/08\/Achi-14-La-Conquista-e1724976866589.webp 1280w\" sizes=\"(max-width: 1024px) 100vw, 1024px\" \/>\n            <\/div>\n        <\/div><div class=\"eael-entry-wrapper\"><header class=\"eael-entry-header\"><h2 class=\"eael-entry-title\"><a class=\"eael-grid-post-link\" href=\"https:\/\/soymigrante.com\/revista\/etnias-de-guatemala-los-achi\/\" title=\"El pueblo Achi&#8217; es descendiente de los se\u00f1ores Rabinaleb\">El pueblo Achi&#8217; es descendiente de los se\u00f1ores Rabinaleb<\/a><\/h2><\/header><div class=\"eael-entry-content\">\n                        <div class=\"eael-grid-post-excerpt\"><a href=\"https:\/\/soymigrante.com\/revista\/etnias-de-guatemala-los-achi\/\" class=\"eael-post-elements-readmore-btn\">CONOCE SU HISTORIA <\/a><\/div>\n                    <\/div><\/div><\/div>\n        <\/div>\n    <\/article><article class=\"eael-grid-post  eael-post-grid-column eael-pg-post-4584 category-guate-nuestra tags-danzas-de-guatemala\" data-id=\"4584\">\n        <div class=\"eael-grid-post-holder\">\n            <div class=\"eael-grid-post-holder-inner\"><div class=\"eael-entry-media\"><div class=\"eael-entry-overlay fade-in\"><i class=\"far fa-hand-pointer\" aria-hidden=\"true\"><\/i><a href=\"https:\/\/soymigrante.com\/revista\/rabinal-achi-drama-prehispanico-patrimonio-cultural-de-guatemala\/\"><\/a><\/div><div class=\"eael-entry-thumbnail eael-image-ratio\">\n                <img loading=\"lazy\" decoding=\"async\" width=\"1024\" height=\"1021\" src=\"https:\/\/soymigrante.com\/revista\/wp-content\/uploads\/2024\/01\/portada-rabinal-e1735340821832-1024x1021.webp\" class=\"attachment-large size-large wp-image-4586\" alt=\"Presentaci\u00f3n Rabinal achi en 2008 Foto: Gustavo Montenegro\" srcset=\"https:\/\/soymigrante.com\/revista\/wp-content\/uploads\/2024\/01\/portada-rabinal-e1735340821832-1024x1021.webp 1024w, https:\/\/soymigrante.com\/revista\/wp-content\/uploads\/2024\/01\/portada-rabinal-e1735340821832-300x300.webp 300w, https:\/\/soymigrante.com\/revista\/wp-content\/uploads\/2024\/01\/portada-rabinal-e1735340821832-150x150.webp 150w, https:\/\/soymigrante.com\/revista\/wp-content\/uploads\/2024\/01\/portada-rabinal-e1735340821832-768x766.webp 768w, https:\/\/soymigrante.com\/revista\/wp-content\/uploads\/2024\/01\/portada-rabinal-e1735340821832-75x75.webp 75w, https:\/\/soymigrante.com\/revista\/wp-content\/uploads\/2024\/01\/portada-rabinal-e1735340821832-750x748.webp 750w, https:\/\/soymigrante.com\/revista\/wp-content\/uploads\/2024\/01\/portada-rabinal-e1735340821832.webp 1070w\" sizes=\"(max-width: 1024px) 100vw, 1024px\" \/>\n            <\/div>\n        <\/div><div class=\"eael-entry-wrapper\"><header class=\"eael-entry-header\"><h2 class=\"eael-entry-title\"><a class=\"eael-grid-post-link\" href=\"https:\/\/soymigrante.com\/revista\/rabinal-achi-drama-prehispanico-patrimonio-cultural-de-guatemala\/\" title=\"Danzas de Guatemala: el Rabinal Ach\u00ed, baile drama prehisp\u00e1nico sobrevive y brilla cada 25 de enero.\">Danzas de Guatemala: el Rabinal Ach\u00ed, baile drama prehisp\u00e1nico sobrevive y brilla cada 25 de enero.<\/a><\/h2><\/header><div class=\"eael-entry-content\">\n                        <div class=\"eael-grid-post-excerpt\"><a href=\"https:\/\/soymigrante.com\/revista\/rabinal-achi-drama-prehispanico-patrimonio-cultural-de-guatemala\/\" class=\"eael-post-elements-readmore-btn\">CONOCE SU HISTORIA <\/a><\/div>\n                    <\/div><\/div><\/div>\n        <\/div>\n    <\/article><article class=\"eael-grid-post  eael-post-grid-column eael-pg-post-51209 category-guate-nuestra\" data-id=\"51209\">\n        <div class=\"eael-grid-post-holder\">\n            <div class=\"eael-grid-post-holder-inner\"><div class=\"eael-entry-media\"><div class=\"eael-entry-overlay fade-in\"><i class=\"far fa-hand-pointer\" aria-hidden=\"true\"><\/i><a href=\"https:\/\/soymigrante.com\/revista\/rabinal-achi-baile-drama-prehispanico-maya-guatemala-patrimonio-cultural-humanidad\/\"><\/a><\/div><div class=\"eael-entry-thumbnail eael-image-ratio\">\n                <img loading=\"lazy\" decoding=\"async\" width=\"853\" height=\"853\" src=\"https:\/\/soymigrante.com\/revista\/wp-content\/uploads\/2026\/01\/rabinal-achi-2023-inguat.jpg\" class=\"attachment-large size-large wp-image-51210\" alt=\"rabinal achi 2023 inguat\" srcset=\"https:\/\/soymigrante.com\/revista\/wp-content\/uploads\/2026\/01\/rabinal-achi-2023-inguat.jpg 853w, https:\/\/soymigrante.com\/revista\/wp-content\/uploads\/2026\/01\/rabinal-achi-2023-inguat-300x300.jpg 300w, https:\/\/soymigrante.com\/revista\/wp-content\/uploads\/2026\/01\/rabinal-achi-2023-inguat-150x150.jpg 150w, https:\/\/soymigrante.com\/revista\/wp-content\/uploads\/2026\/01\/rabinal-achi-2023-inguat-768x768.jpg 768w, https:\/\/soymigrante.com\/revista\/wp-content\/uploads\/2026\/01\/rabinal-achi-2023-inguat-75x75.jpg 75w, https:\/\/soymigrante.com\/revista\/wp-content\/uploads\/2026\/01\/rabinal-achi-2023-inguat-750x750.jpg 750w\" sizes=\"(max-width: 853px) 100vw, 853px\" \/>\n            <\/div>\n        <\/div><div class=\"eael-entry-wrapper\"><header class=\"eael-entry-header\"><h2 class=\"eael-entry-title\"><a class=\"eael-grid-post-link\" href=\"https:\/\/soymigrante.com\/revista\/rabinal-achi-baile-drama-prehispanico-maya-guatemala-patrimonio-cultural-humanidad\/\" title=\"Este es el di\u00e1logo de dos guerreros rivales al inicio del legendario baile drama prehisp\u00e1nico Rabinal Achi&#8217;\">Este es el di\u00e1logo de dos guerreros rivales al inicio del legendario baile drama prehisp\u00e1nico Rabinal Achi&#8217;<\/a><\/h2><\/header><div class=\"eael-entry-content\">\n                        <div class=\"eael-grid-post-excerpt\"><a href=\"https:\/\/soymigrante.com\/revista\/rabinal-achi-baile-drama-prehispanico-maya-guatemala-patrimonio-cultural-humanidad\/\" class=\"eael-post-elements-readmore-btn\">CONOCE SU HISTORIA <\/a><\/div>\n                    <\/div><\/div><\/div>\n        <\/div>\n    <\/article><\/div>\n            <div class=\"clearfix\"><\/div>\n        <\/div>\t\t\t\t<\/div>\n\t\t\t\t\t<\/div>\n\t\t\t\t<\/div>\n\t\t\t\t<\/div>\n\t\t","protected":false},"excerpt":{"rendered":"<p>Fiesta patronal de San Pablo Rabinal se celebra el 25 de enero y es cuando se representa el drama prehisp\u00e1nico Rabinal Achi&#8217; y el inicio de los d\u00edas grandes es un desfile con personajes de esa y otras danzas tradicionales. En el marco de la feria titular de Rabinal, dedicada al patrono San Pablo, se [&hellip;]<\/p>\n","protected":false},"author":1,"featured_media":51439,"comment_status":"open","ping_status":"open","sticky":false,"template":"","format":"standard","meta":{"_acf_changed":false,"_eb_attr":"","footnotes":""},"categories":[91,58],"tags":[244],"class_list":["post-51438","post","type-post","status-publish","format-standard","has-post-thumbnail","hentry","category-arte-cultura","category-guate-nuestra","tag-danzas-de-guatemala"],"acf":[],"aioseo_notices":[],"aioseo_head":"\n\t\t<!-- All in One SEO Pro 4.9.6.2 - aioseo.com -->\n\t<meta name=\"description\" content=\"El Rabinal Ach\u00ed es una obra de teatro prehisp\u00e1nico maya \u00fanica en el mundo. Se presenta en Rabinal, Baja Verapaz, cada 25 de enero. Y con esta conversaci\u00f3n comienza.\" \/>\n\t<meta name=\"robots\" content=\"max-snippet:-1, max-image-preview:large, max-video-preview:-1\" \/>\n\t<meta name=\"author\" content=\"SoyMigrante.com REVISTA\"\/>\n\t<link rel=\"canonical\" href=\"https:\/\/soymigrante.com\/revista\/rabinal-achi-baile-drama-prehispanico-maya-guatemala-patrimonio-cultural-humanidad\/\" \/>\n\t<meta name=\"generator\" content=\"All in One SEO Pro (AIOSEO) 4.9.6.2\" \/>\n\n\t\t<link rel=\"preconnect\" href=\"https:\/\/fonts.googleapis.com\" crossorigin>\n<link rel=\"preconnect\" href=\"https:\/\/fonts.gstatic.com\" crossorigin>\n\t\t<meta property=\"og:locale\" content=\"es_ES\" \/>\n\t\t<meta property=\"og:site_name\" content=\"SoyMigrante.com REVISTA \u2013 Nuestra misi\u00f3n es reconocer y dignificar al migrante.\" \/>\n\t\t<meta property=\"og:type\" content=\"article\" \/>\n\t\t<meta property=\"og:title\" content=\"Este es el di\u00e1logo de guerreros con que inica el Rabinal Achi\" \/>\n\t\t<meta property=\"og:description\" content=\"El Rabinal Ach\u00ed es una obra de teatro prehisp\u00e1nico maya \u00fanica en el mundo. Se presenta en Rabinal, Baja Verapaz, cada 25 de enero. Y con esta conversaci\u00f3n comienza.\" \/>\n\t\t<meta property=\"og:url\" content=\"https:\/\/soymigrante.com\/revista\/rabinal-achi-baile-drama-prehispanico-maya-guatemala-patrimonio-cultural-humanidad\/\" \/>\n\t\t<meta property=\"og:image\" content=\"https:\/\/soymigrante.com\/revista\/wp-content\/uploads\/2026\/01\/rabinal-achi-2023-inguat.jpg\" \/>\n\t\t<meta property=\"og:image:secure_url\" content=\"https:\/\/soymigrante.com\/revista\/wp-content\/uploads\/2026\/01\/rabinal-achi-2023-inguat.jpg\" \/>\n\t\t<meta property=\"og:image:width\" content=\"853\" \/>\n\t\t<meta property=\"og:image:height\" content=\"853\" \/>\n\t\t<meta property=\"article:published_time\" content=\"2026-01-17T18:41:51+00:00\" \/>\n\t\t<meta property=\"article:modified_time\" content=\"2026-01-17T18:42:46+00:00\" \/>\n\t\t<meta property=\"article:publisher\" content=\"https:\/\/www.facebook.com\/soymigrantecom\" \/>\n\t\t<meta name=\"twitter:card\" content=\"summary_large_image\" \/>\n\t\t<meta name=\"twitter:site\" content=\"@SoyMigrante_com\" \/>\n\t\t<meta name=\"twitter:title\" content=\"Este es el di\u00e1logo de guerreros con que inica el Rabinal Achi\" \/>\n\t\t<meta name=\"twitter:description\" content=\"El Rabinal Ach\u00ed es una obra de teatro prehisp\u00e1nico maya \u00fanica en el mundo. Se presenta en Rabinal, Baja Verapaz, cada 25 de enero. Y con esta conversaci\u00f3n comienza.\" \/>\n\t\t<meta name=\"twitter:creator\" content=\"@SoyMigrante_com\" \/>\n\t\t<meta name=\"twitter:image\" content=\"https:\/\/soymigrante.com\/revista\/wp-content\/uploads\/2026\/01\/rabinal-achi-2023-inguat.jpg\" \/>\n\t\t<!-- All in One SEO Pro -->\r\n\t\t<title>Este es el di\u00e1logo de guerreros con que inica el Rabinal Achi<\/title>\n\n","aioseo_head_json":{"title":"Este es el di\u00e1logo de guerreros con que inica el Rabinal Achi","description":"El Rabinal Ach\u00ed es una obra de teatro prehisp\u00e1nico maya \u00fanica en el mundo. Se presenta en Rabinal, Baja Verapaz, cada 25 de enero. Y con esta conversaci\u00f3n comienza.","canonical_url":"https:\/\/soymigrante.com\/revista\/rabinal-achi-baile-drama-prehispanico-maya-guatemala-patrimonio-cultural-humanidad\/","robots":"max-snippet:-1, max-image-preview:large, max-video-preview:-1","keywords":"","webmasterTools":{"miscellaneous":"&lt;link rel=\"preconnect\" href=\"https:\/\/fonts.googleapis.com\" crossorigin&gt;\n&lt;link rel=\"preconnect\" href=\"https:\/\/fonts.gstatic.com\" crossorigin&gt;"},"schema":null,"og:locale":"es_ES","og:site_name":"SoyMigrante.com REVISTA \u2013 Nuestra misi\u00f3n es reconocer y dignificar al migrante.","og:type":"article","og:title":"Este es el di\u00e1logo de guerreros con que inica el Rabinal Achi","og:description":"El Rabinal Ach\u00ed es una obra de teatro prehisp\u00e1nico maya \u00fanica en el mundo. Se presenta en Rabinal, Baja Verapaz, cada 25 de enero. Y con esta conversaci\u00f3n comienza.","og:url":"https:\/\/soymigrante.com\/revista\/rabinal-achi-baile-drama-prehispanico-maya-guatemala-patrimonio-cultural-humanidad\/","og:image":"https:\/\/soymigrante.com\/revista\/wp-content\/uploads\/2026\/01\/rabinal-achi-2023-inguat.jpg","og:image:secure_url":"https:\/\/soymigrante.com\/revista\/wp-content\/uploads\/2026\/01\/rabinal-achi-2023-inguat.jpg","og:image:width":853,"og:image:height":853,"article:published_time":"2026-01-17T18:41:51+00:00","article:modified_time":"2026-01-17T18:42:46+00:00","article:publisher":"https:\/\/www.facebook.com\/soymigrantecom","twitter:card":"summary_large_image","twitter:site":"@SoyMigrante_com","twitter:title":"Este es el di\u00e1logo de guerreros con que inica el Rabinal Achi","twitter:description":"El Rabinal Ach\u00ed es una obra de teatro prehisp\u00e1nico maya \u00fanica en el mundo. Se presenta en Rabinal, Baja Verapaz, cada 25 de enero. Y con esta conversaci\u00f3n comienza.","twitter:creator":"@SoyMigrante_com","twitter:image":"https:\/\/soymigrante.com\/revista\/wp-content\/uploads\/2026\/01\/rabinal-achi-2023-inguat.jpg"},"aioseo_meta_data":{"post_id":"51438","title":"En im\u00e1genes: desfile de bailes tradicionales en Rabinal","description":"Antes de presentarse el Rabinal Ach\u00ed, desfile de bailes tradicionales llamado Cultura Viva de Rabinal, Baja Verapaz recorre calles del pueblo en feria patronal","keywords":null,"keyphrases":{"focus":{"keyphrase":"","score":0,"analysis":{"keyphraseInTitle":{"score":0,"maxScore":9,"error":1}}},"additional":[{"keyphrase":"Rabinal","score":100,"analysis":{"keyphraseInDescription":{"score":9,"maxScore":9,"error":0},"keyphraseLength":{"score":9,"maxScore":9,"error":0,"length":1}}},{"keyphrase":"Rabinal Achi","score":67,"analysis":{"keyphraseInDescription":{"score":3,"maxScore":9,"error":1},"keyphraseLength":{"score":9,"maxScore":9,"error":0,"length":2}}}]},"primary_term":null,"canonical_url":null,"og_title":null,"og_description":null,"og_object_type":"default","og_image_type":"default","og_image_url":null,"og_image_width":null,"og_image_height":null,"og_image_custom_url":null,"og_image_custom_fields":null,"og_video":"","og_custom_url":null,"og_article_section":null,"og_article_tags":null,"twitter_use_og":false,"twitter_card":"default","twitter_image_type":"default","twitter_image_url":null,"twitter_image_custom_url":null,"twitter_image_custom_fields":null,"twitter_title":null,"twitter_description":null,"schema":{"blockGraphs":[],"customGraphs":[],"default":{"data":{"Article":[],"Course":[],"Dataset":[],"FAQPage":[],"Movie":[],"Person":[],"Product":[],"ProductReview":[],"Car":[],"Recipe":[],"Service":[],"SoftwareApplication":[],"WebPage":[]},"graphName":"NewsArticle","isEnabled":true},"graphs":[]},"schema_type":"default","schema_type_options":null,"pillar_content":false,"robots_default":true,"robots_noindex":false,"robots_noarchive":false,"robots_nosnippet":false,"robots_nofollow":false,"robots_noimageindex":false,"robots_noodp":false,"robots_notranslate":false,"robots_max_snippet":"-1","robots_max_videopreview":"-1","robots_max_imagepreview":"large","priority":null,"frequency":"default","local_seo":null,"seo_analyzer_scan_date":"2026-03-02 21:39:38","breadcrumb_settings":null,"limit_modified_date":false,"reviewed_by":"0","open_ai":null,"ai":{"faqs":[],"keyPoints":[],"titles":[],"descriptions":[],"socialPosts":{"email":[],"linkedin":[],"twitter":[],"facebook":[],"instagram":[]}},"created":"2026-01-23 16:20:33","updated":"2026-03-06 15:45:38"},"aioseo_breadcrumb":"<div class=\"aioseo-breadcrumbs\"><span class=\"aioseo-breadcrumb\">\n\t<a href=\"https:\/\/soymigrante.com\/revista\" title=\"Home\">Home<\/a>\n<\/span><span class=\"aioseo-breadcrumb-separator\">\u00bb<\/span><span class=\"aioseo-breadcrumb\">\n\t<a href=\"https:\/\/soymigrante.com\/revista\/category\/guate-nuestra\/\" title=\"Guate Nuestra\">Guate Nuestra<\/a>\n<\/span><span class=\"aioseo-breadcrumb-separator\">\u00bb<\/span><span class=\"aioseo-breadcrumb\">\n\t<a href=\"https:\/\/soymigrante.com\/revista\/category\/guate-nuestra\/arte-cultura\/\" title=\"Cultura de Guatemala\">Cultura de Guatemala<\/a>\n<\/span><span class=\"aioseo-breadcrumb-separator\">\u00bb<\/span><span class=\"aioseo-breadcrumb\">\n\tRabinal Achi\u2019 figura en desfile de bailes Cultura Viva 2026 en Rabinal, Baja Verapaz\n<\/span><\/div>","aioseo_breadcrumb_json":[{"label":"Home","link":"https:\/\/soymigrante.com\/revista"},{"label":"Guate Nuestra","link":"https:\/\/soymigrante.com\/revista\/category\/guate-nuestra\/"},{"label":"Cultura de Guatemala","link":"https:\/\/soymigrante.com\/revista\/category\/guate-nuestra\/arte-cultura\/"},{"label":"Rabinal Achi&#8217; figura en desfile de bailes Cultura Viva 2026 en Rabinal, Baja Verapaz","link":"https:\/\/soymigrante.com\/revista\/rabinal-achi-figura-en-desfile-de-bailes-cultura-viva-2026-en-rabinal-baja-verapaz\/"}],"_links":{"self":[{"href":"https:\/\/soymigrante.com\/revista\/wp-json\/wp\/v2\/posts\/51438","targetHints":{"allow":["GET"]}}],"collection":[{"href":"https:\/\/soymigrante.com\/revista\/wp-json\/wp\/v2\/posts"}],"about":[{"href":"https:\/\/soymigrante.com\/revista\/wp-json\/wp\/v2\/types\/post"}],"author":[{"embeddable":true,"href":"https:\/\/soymigrante.com\/revista\/wp-json\/wp\/v2\/users\/1"}],"replies":[{"embeddable":true,"href":"https:\/\/soymigrante.com\/revista\/wp-json\/wp\/v2\/comments?post=51438"}],"version-history":[{"count":10,"href":"https:\/\/soymigrante.com\/revista\/wp-json\/wp\/v2\/posts\/51438\/revisions"}],"predecessor-version":[{"id":51454,"href":"https:\/\/soymigrante.com\/revista\/wp-json\/wp\/v2\/posts\/51438\/revisions\/51454"}],"wp:featuredmedia":[{"embeddable":true,"href":"https:\/\/soymigrante.com\/revista\/wp-json\/wp\/v2\/media\/51439"}],"wp:attachment":[{"href":"https:\/\/soymigrante.com\/revista\/wp-json\/wp\/v2\/media?parent=51438"}],"wp:term":[{"taxonomy":"category","embeddable":true,"href":"https:\/\/soymigrante.com\/revista\/wp-json\/wp\/v2\/categories?post=51438"},{"taxonomy":"post_tag","embeddable":true,"href":"https:\/\/soymigrante.com\/revista\/wp-json\/wp\/v2\/tags?post=51438"}],"curies":[{"name":"wp","href":"https:\/\/api.w.org\/{rel}","templated":true}]}}