{"id":51426,"date":"2026-01-23T08:36:50","date_gmt":"2026-01-23T14:36:50","guid":{"rendered":"https:\/\/soymigrante.com\/revista\/?p=51426"},"modified":"2026-01-23T08:53:22","modified_gmt":"2026-01-23T14:53:22","slug":"10-consejos-de-comida-saludable-para-cuidar-tu-salud-intestinal-quiza-ya-los-conocias-o-tal-vez-los-necesitas","status":"publish","type":"post","link":"https:\/\/soymigrante.com\/revista\/10-consejos-de-comida-saludable-para-cuidar-tu-salud-intestinal-quiza-ya-los-conocias-o-tal-vez-los-necesitas\/","title":{"rendered":"10 claves para comer saludable y cuidar tu salud intestinal (quiz\u00e1 ya los conoc\u00edas o tal vez los necesitas)"},"content":{"rendered":"\t\t<div data-elementor-type=\"wp-post\" data-elementor-id=\"51426\" class=\"elementor elementor-51426\" data-elementor-post-type=\"post\">\n\t\t\t\t<div data-particle_enable=\"false\" data-particle-mobile-disabled=\"false\" class=\"elementor-element elementor-element-61439ad e-flex e-con-boxed e-con e-parent\" data-id=\"61439ad\" data-element_type=\"container\" data-e-type=\"container\">\n\t\t\t\t\t<div class=\"e-con-inner\">\n\t\t\t\t<div class=\"elementor-element elementor-element-1989404 elementor-widget elementor-widget-heading\" data-id=\"1989404\" data-element_type=\"widget\" data-e-type=\"widget\" data-widget_type=\"heading.default\">\n\t\t\t\t\t<h2 class=\"elementor-heading-title elementor-size-default\">Durante mucho tiempo tu intestino no se queja, pero de pronto un d\u00eda un peque\u00f1o ardor, un dolor pasajero pero al que hay que ponerle atenci\u00f3n: y para empezar, lo mejor es mejorar lo que le das a comer. Claves pr\u00e1cticas del CDC para mejorar la alimentaci\u00f3n.<\/h2>\t\t\t\t<\/div>\n\t\t\t\t\t<\/div>\n\t\t\t\t<\/div>\n\t\t<div data-particle_enable=\"false\" data-particle-mobile-disabled=\"false\" class=\"elementor-element elementor-element-cf1d3f4 e-flex e-con-boxed e-con e-parent\" data-id=\"cf1d3f4\" data-element_type=\"container\" data-e-type=\"container\">\n\t\t\t\t\t<div class=\"e-con-inner\">\n\t\t\t\t<div class=\"elementor-element elementor-element-321e7c8 elementor-widget elementor-widget-text-editor\" data-id=\"321e7c8\" data-element_type=\"widget\" data-e-type=\"widget\" data-widget_type=\"text-editor.default\">\n\t\t\t\t\t\t\t\t\t<p data-start=\"348\" data-end=\"806\">La salud comienza en con la digesti\u00f3n. Lo que comemos cada d\u00eda (y tambi\u00e9n c\u00f3mo se come) influye directamente en la <a href=\"https:\/\/soymigrante.com\/revista\/ingredientes-naturales-clave-para-favorecer-la-digestion\/\">digesti\u00f3n<\/a>, el sistema inmunol\u00f3gico y el equilibrio del cuerpo.\u00a0<\/p><p data-start=\"348\" data-end=\"806\">Basados en recomendaciones de los <a href=\"https:\/\/www.cdc.gov\/nutrition\/php\/data-research\/index.html\">Centros para el Control y la Prevenci\u00f3n de Enfermedades (CDC)<\/a>\u00a0de Estados Unidos, estos tips pr\u00e1cticos muestran c\u00f3mo una alimentaci\u00f3n rica en fibra, baja en az\u00facares a\u00f1adidos y variada en nutrientes puede fortalecer la salud intestinal a lo largo de la <a href=\"https:\/\/soymigrante.com\/revista\/manual-gratuito-de-metas-cerra-cada-semana-con-una-victoria\/\">semana<\/a>, sin recurrir a dietas extremas.\u00a0<\/p><p data-start=\"348\" data-end=\"806\">Y decide ya, porque en esto van el bienestar y la vida misma. Importante es preguntarse \u00bf<a href=\"https:\/\/soymigrante.com\/revista\/manual-gratuito-de-metas-valora-y-suma-pequenos-pasos\/\">Qu\u00e9 meta quiero lograr<\/a> al mejorar mi alimentaci\u00f3n? Y ese objetivo te mantendr\u00e1 en la ruta.<\/p>\t\t\t\t\t\t\t\t<\/div>\n\t\t\t\t\t<\/div>\n\t\t\t\t<\/div>\n\t\t<div data-particle_enable=\"false\" data-particle-mobile-disabled=\"false\" class=\"elementor-element elementor-element-eb705a8 e-flex e-con-boxed e-con e-parent\" data-id=\"eb705a8\" data-element_type=\"container\" data-e-type=\"container\">\n\t\t\t\t\t<div class=\"e-con-inner\">\n\t\t\t\t<div class=\"elementor-element elementor-element-6180aa7 elementor-widget elementor-widget-html\" data-id=\"6180aa7\" data-element_type=\"widget\" data-e-type=\"widget\" data-widget_type=\"html.default\">\n\t\t\t\t\t<div class=\"tenor-gif-embed\" data-postid=\"6144718\" data-share-method=\"host\" data-aspect-ratio=\"0.69375\" data-width=\"100%\"><a href=\"https:\/\/tenor.com\/view\/human-body-functions-organs-heart-health-gif-6144718\">Human Body Functions GIF<\/a>from <a href=\"https:\/\/tenor.com\/search\/human+body-gifs\">Human Body GIFs<\/a><\/div> <script type=\"text\/javascript\" async src=\"https:\/\/tenor.com\/embed.js\"><\/script>\t\t\t\t<\/div>\n\t\t\t\t\t<\/div>\n\t\t\t\t<\/div>\n\t\t<div data-particle_enable=\"false\" data-particle-mobile-disabled=\"false\" class=\"elementor-element elementor-element-dc48c58 e-flex e-con-boxed e-con e-parent\" data-id=\"dc48c58\" data-element_type=\"container\" data-e-type=\"container\">\n\t\t\t\t\t<div class=\"e-con-inner\">\n\t\t\t\t<div class=\"elementor-element elementor-element-a0d54ee elementor-widget elementor-widget-text-editor\" data-id=\"a0d54ee\" data-element_type=\"widget\" data-e-type=\"widget\" data-widget_type=\"text-editor.default\">\n\t\t\t\t\t\t\t\t\t<h3 data-start=\"270\" data-end=\"323\">1. Empieza el d\u00eda con un desayuno rico en fibra<\/h3><p data-start=\"324\" data-end=\"346\">Pr\u00e1cticas sugeridas:<\/p><ul><li>Avena con fruta y semillas o<a href=\"https:\/\/soymigrante.com\/revista\/granola-keto-artesanal-del-comal-marina-chen-organica\/\"> una granola artesanal keto de calidad.<\/a><\/li><li>Pan integral con aguacate<\/li><li>Yogur natural con frutas<\/li><\/ul><p data-start=\"324\" data-end=\"346\">Por qu\u00e9 importa: la fibra activa el tr\u00e1nsito intestinal desde la ma\u00f1ana y alimenta a las bacterias beneficiosas.<\/p><h3 data-start=\"551\" data-end=\"603\">2. Asegura al menos una verdura en cada comida<\/h3><ul><li>Pr\u00e1cticas sugeridas:<\/li><li>Ensalada simple al almuerzo<\/li><li>Verduras salteadas en la cena<\/li><li>Vegetales crudos como acompa\u00f1amiento<\/li><\/ul><p data-start=\"604\" data-end=\"626\">Por qu\u00e9 importa: las verduras aportan fibra, agua y compuestos que mantienen el equilibrio digestivo.<\/p><h3 data-start=\"837\" data-end=\"897\">3. Elige granos integrales la mayor parte de la semana<\/h3><ul><li>Pr\u00e1cticas sugeridas:<\/li><li>Arroz integral en lugar de blanco<\/li><li><a href=\"https:\/\/soymigrante.com\/revista\/ah-que-delicia-la-bendita-tortilla-guatemalteca\/\">Tortillas de ma\u00edz<\/a> o pan integral<\/li><li>Quinoa o avena como base o acompa\u00f1amiento de platos<\/li><\/ul><p data-start=\"898\" data-end=\"920\">Por qu\u00e9 importa: mejoran la digesti\u00f3n y ayudan a prevenir el estre\u00f1imiento.<\/p>\t\t\t\t\t\t\t\t<\/div>\n\t\t\t\t\t<\/div>\n\t\t\t\t<\/div>\n\t\t<div data-particle_enable=\"false\" data-particle-mobile-disabled=\"false\" class=\"elementor-element elementor-element-788366b e-flex e-con-boxed e-con e-parent\" data-id=\"788366b\" data-element_type=\"container\" data-e-type=\"container\">\n\t\t\t\t\t<div class=\"e-con-inner\">\n\t\t\t\t<div class=\"elementor-element elementor-element-cf683b6 elementor-widget elementor-widget-html\" data-id=\"cf683b6\" data-element_type=\"widget\" data-e-type=\"widget\" data-widget_type=\"html.default\">\n\t\t\t\t\t<iframe width=\"560\" height=\"315\" src=\"https:\/\/www.youtube.com\/embed\/yfLXJyNE83Q?si=BdR-mHkFhV3zVdoG&amp;start=340\" title=\"YouTube video player\" frameborder=\"0\" allow=\"accelerometer; autoplay; clipboard-write; encrypted-media; gyroscope; picture-in-picture; web-share\" referrerpolicy=\"strict-origin-when-cross-origin\" allowfullscreen><\/iframe>\t\t\t\t<\/div>\n\t\t\t\t\t<\/div>\n\t\t\t\t<\/div>\n\t\t<div data-particle_enable=\"false\" data-particle-mobile-disabled=\"false\" class=\"elementor-element elementor-element-38d215d e-flex e-con-boxed e-con e-parent\" data-id=\"38d215d\" data-element_type=\"container\" data-e-type=\"container\">\n\t\t\t\t\t<div class=\"e-con-inner\">\n\t\t\t\t<div class=\"elementor-element elementor-element-b3eb4ec elementor-widget elementor-widget-text-editor\" data-id=\"b3eb4ec\" data-element_type=\"widget\" data-e-type=\"widget\" data-widget_type=\"text-editor.default\">\n\t\t\t\t\t\t\t\t\t<div><span style=\"color: #000000; font-family: Mulish, sans-serif; font-size: 29px; font-weight: bold;\">4. Incorpora legumbres dos o tres veces por semana<\/span><\/div><p data-start=\"1169\" data-end=\"1191\">Pr\u00e1cticas sugeridas:<\/p><ul><li>Frijoles, lentejas, garbanzos, br\u00f3coli o arvejas en sopas<\/li><li>Ensaladas con legumbres, aderezadas con lim\u00f3n.<\/li><li>Pur\u00e9s o guisos caseros, sin sal.<\/li><\/ul><p><br style=\"font-family: inherit; font-size: inherit; font-style: inherit; font-variant-ligatures: inherit; font-variant-caps: inherit; font-weight: inherit;\" \/>Por qu\u00e9 importa: son una fuente potente de fibra y prote\u00edna vegetal para la microbiota.<\/p><h3 data-start=\"1382\" data-end=\"1436\">5. Reduce az\u00facares a\u00f1adidos, prioriza lo natural<\/h3><p data-start=\"1437\" data-end=\"1459\">Pr\u00e1cticas sugeridas:<\/p><ul data-start=\"1460\" data-end=\"1645\"><li>Agua o <a href=\"https:\/\/soymigrante.com\/mercado\/ts-y-infusiones-naturales\">infusiones sin az\u00facar, mejor a\u00fan si no son industriales sino artesanales, porque son m\u00e1s frescos.<\/a><\/li><li>Fruta fresca en lugar de postres.<\/li><li>Leer etiquetas de productos para frenar la ingesta de az\u00facar.<p>Por qu\u00e9 importa: el exceso de az\u00facar altera el equilibrio bacteriano del intestino.<\/p><\/li><\/ul><h3 data-start=\"1647\" data-end=\"1704\">6. Incluye alimentos fermentados cuando sea posible<\/h3><p data-start=\"1705\" data-end=\"1727\">Pr\u00e1cticas sugeridas de consumo:<\/p><ul><li>Yogur natural sin az\u00facar<\/li><li><a href=\"https:\/\/www.youtube.com\/watch?v=xYXBB3zbDzk\">K\u00e9fir<\/a><\/li><li>Vegetales encurtidos.<p>Por qu\u00e9 importa: aportan bacterias vivas que apoyan la salud intestinal.<\/p><\/li><\/ul><h3 data-start=\"1867\" data-end=\"1922\">7. Usa grasas saludables o evitarlas del todo<\/h3><p data-start=\"1923\" data-end=\"1945\">Pr\u00e1cticas sugeridas:<\/p><ul><li>Aceite de oliva<\/li><li>Aguacate en ensaladas<\/li><li>Cocinar con ollas al vapor u hornos de aire<\/li><\/ul><p>Por qu\u00e9 importa: reducir las grasas disminuye riesgo de inflamaci\u00f3n intestinal y mejoran la absorci\u00f3n de nutrientes.<\/p>\t\t\t\t\t\t\t\t<\/div>\n\t\t\t\t\t<\/div>\n\t\t\t\t<\/div>\n\t\t<div data-particle_enable=\"false\" data-particle-mobile-disabled=\"false\" class=\"elementor-element elementor-element-5b9f487 e-flex e-con-boxed e-con e-parent\" data-id=\"5b9f487\" data-element_type=\"container\" data-e-type=\"container\">\n\t\t\t\t\t<div class=\"e-con-inner\">\n\t\t\t\t<div class=\"elementor-element elementor-element-58d2be1 elementor-grid-eael-col-1 elementor-grid-tablet-eael-col-2 elementor-grid-mobile-eael-col-1 elementor-widget elementor-widget-eael-post-grid\" data-id=\"58d2be1\" data-element_type=\"widget\" data-e-type=\"widget\" data-settings=\"{&quot;eael_post_grid_columns&quot;:&quot;eael-col-1&quot;,&quot;eael_post_grid_columns_tablet&quot;:&quot;eael-col-2&quot;,&quot;eael_post_grid_columns_mobile&quot;:&quot;eael-col-1&quot;}\" data-widget_type=\"eael-post-grid.default\">\n\t\t\t\t\t<div id=\"eael-post-grid-58d2be1\" class=\"eael-post-grid-container\">\n            <div class=\"eael-post-grid eael-post-appender eael-post-appender-58d2be1 eael-post-grid-style-one\" data-layout-mode=\"masonry\"><article class=\"eael-grid-post  eael-post-grid-column eael-pg-post-45545 category-guate-nuestra tags-mercado-emprendedores\" data-id=\"45545\">\n        <div class=\"eael-grid-post-holder\">\n            <div class=\"eael-grid-post-holder-inner\"><div class=\"eael-entry-media\"><div class=\"eael-entry-overlay fade-in\"><i class=\"far fa-hand-pointer\" aria-hidden=\"true\"><\/i><a href=\"https:\/\/soymigrante.com\/revista\/granola-keto-artesanal-del-comal-marina-chen-organica\/\"><\/a><\/div><div class=\"eael-entry-thumbnail eael-image-ratio\">\n                <img fetchpriority=\"high\" decoding=\"async\" width=\"1024\" height=\"576\" src=\"https:\/\/soymigrante.com\/revista\/wp-content\/uploads\/2025\/09\/granola-keto-artesanal-del-comal-marina-chen-organica-1024x576.jpg\" class=\"attachment-large size-large wp-image-45554\" alt=\"\" srcset=\"https:\/\/soymigrante.com\/revista\/wp-content\/uploads\/2025\/09\/granola-keto-artesanal-del-comal-marina-chen-organica-1024x576.jpg 1024w, https:\/\/soymigrante.com\/revista\/wp-content\/uploads\/2025\/09\/granola-keto-artesanal-del-comal-marina-chen-organica-300x169.jpg 300w, https:\/\/soymigrante.com\/revista\/wp-content\/uploads\/2025\/09\/granola-keto-artesanal-del-comal-marina-chen-organica-768x432.jpg 768w, https:\/\/soymigrante.com\/revista\/wp-content\/uploads\/2025\/09\/granola-keto-artesanal-del-comal-marina-chen-organica-750x422.jpg 750w, https:\/\/soymigrante.com\/revista\/wp-content\/uploads\/2025\/09\/granola-keto-artesanal-del-comal-marina-chen-organica-1140x641.jpg 1140w, https:\/\/soymigrante.com\/revista\/wp-content\/uploads\/2025\/09\/granola-keto-artesanal-del-comal-marina-chen-organica.jpg 1280w\" sizes=\"(max-width: 1024px) 100vw, 1024px\" \/>\n            <\/div>\n        <\/div><div class=\"eael-entry-wrapper\"><header class=\"eael-entry-header\"><h2 class=\"eael-entry-title\"><a class=\"eael-grid-post-link\" href=\"https:\/\/soymigrante.com\/revista\/granola-keto-artesanal-del-comal-marina-chen-organica\/\" title=\"Granola Keto Artesanal Del Comal | Marina Chen Org\u00e1nica\">Granola Keto Artesanal Del Comal | Marina Chen Org\u00e1nica<\/a><\/h2><\/header><div class=\"eael-entry-content\">\n                        <div class=\"eael-grid-post-excerpt\"><a href=\"https:\/\/soymigrante.com\/revista\/granola-keto-artesanal-del-comal-marina-chen-organica\/\" class=\"eael-post-elements-readmore-btn\">CONOCE SU HISTORIA <\/a><\/div>\n                    <\/div><\/div><\/div>\n        <\/div>\n    <\/article><\/div>\n            <div class=\"clearfix\"><\/div>\n        <\/div>\t\t\t\t<\/div>\n\t\t\t\t\t<\/div>\n\t\t\t\t<\/div>\n\t\t<div data-particle_enable=\"false\" data-particle-mobile-disabled=\"false\" class=\"elementor-element elementor-element-4fda87f e-flex e-con-boxed e-con e-parent\" data-id=\"4fda87f\" data-element_type=\"container\" data-e-type=\"container\">\n\t\t\t\t\t<div class=\"e-con-inner\">\n\t\t\t\t<div class=\"elementor-element elementor-element-07d7385 elementor-widget elementor-widget-text-editor\" data-id=\"07d7385\" data-element_type=\"widget\" data-e-type=\"widget\" data-widget_type=\"text-editor.default\">\n\t\t\t\t\t\t\t\t\t<div><span style=\"color: #000000; font-family: Mulish, sans-serif; font-size: 29px; font-weight: bold;\">8. Mantente bien hidratado durante el d\u00eda<\/span><\/div><p data-start=\"2189\" data-end=\"2211\">Pr\u00e1cticas sugeridas:<\/p><ul><li>Llevar una botella de agua<\/li><li>Beber jugos de frutas sin azucar ni endulzantes<\/li><li><a href=\"https:\/\/soymigrante.com\/mercado\/ts-y-infusiones-naturales\">Infusiones sin az\u00facar<\/a><\/li><\/ul><p><br style=\"font-family: inherit; font-size: inherit; font-style: inherit; font-variant-ligatures: inherit; font-variant-caps: inherit; font-weight: inherit;\" \/>Por qu\u00e9 importa: sin agua, la fibra no puede cumplir su funci\u00f3n digestiva.<\/p><h3 data-start=\"2376\" data-end=\"2409\">9. Modera el consumo de sal<\/h3><p data-start=\"2410\" data-end=\"2432\">Pr\u00e1cticas sugeridas:<\/p><ul data-start=\"2433\" data-end=\"2632\"><li>Cocinar m\u00e1s en casa<\/li><li><a href=\"https:\/\/soymigrante.com\/revista\/emprendedora-cristina-contreras-convirtio-sus-cualidades-en-menjurjes-tienda-digital-en-mercado\/\">Usar hierbas y especias para saborizar<\/a><\/li><li>Elegir alimentos frescos o congelados sin sal a\u00f1adida<p>Por qu\u00e9 importa: el exceso de sodio puede afectar negativamente la microbiota intestinal.<\/p><\/li><\/ul><h3 data-start=\"2634\" data-end=\"2680\">10. Dale tiempo a tu salud: Mant\u00e9n horarios regulares para comer<\/h3><ul data-start=\"2704\" data-end=\"2868\"><li>Pr\u00e1cticas sugeridas:<\/li><li data-start=\"2704\" data-end=\"2753\"><p data-start=\"2706\" data-end=\"2753\">Desayunar, almorzar y cenar a horas similares<br \/>Evitar saltarse comidas<br \/>Comer con calma (sin estar trabajando, chateando o revisando documentos)<\/p><p>Por qu\u00e9 importa: el intestino funciona mejor con rutinas estables.<\/p><\/li><\/ul>\t\t\t\t\t\t\t\t<\/div>\n\t\t\t\t\t<\/div>\n\t\t\t\t<\/div>\n\t\t<div data-particle_enable=\"false\" data-particle-mobile-disabled=\"false\" class=\"elementor-element elementor-element-93e8bc1 e-flex e-con-boxed e-con e-parent\" data-id=\"93e8bc1\" data-element_type=\"container\" data-e-type=\"container\">\n\t\t\t\t\t<div class=\"e-con-inner\">\n\t\t\t\t<div class=\"elementor-element elementor-element-3622525 elementor-grid-eael-col-1 elementor-grid-tablet-eael-col-2 elementor-grid-mobile-eael-col-1 elementor-widget elementor-widget-eael-post-grid\" data-id=\"3622525\" data-element_type=\"widget\" data-e-type=\"widget\" data-settings=\"{&quot;eael_post_grid_columns&quot;:&quot;eael-col-1&quot;,&quot;eael_post_grid_columns_tablet&quot;:&quot;eael-col-2&quot;,&quot;eael_post_grid_columns_mobile&quot;:&quot;eael-col-1&quot;}\" data-widget_type=\"eael-post-grid.default\">\n\t\t\t\t\t<div id=\"eael-post-grid-3622525\" class=\"eael-post-grid-container\">\n            <div class=\"eael-post-grid eael-post-appender eael-post-appender-3622525 eael-post-grid-style-one\" data-layout-mode=\"masonry\"><article class=\"eael-grid-post  eael-post-grid-column eael-pg-post-16494 category-guate-nuestra tags-mercado-emprendedores\" data-id=\"16494\">\n        <div class=\"eael-grid-post-holder\">\n            <div class=\"eael-grid-post-holder-inner\"><div class=\"eael-entry-media\"><div class=\"eael-entry-overlay fade-in\"><i class=\"far fa-hand-pointer\" aria-hidden=\"true\"><\/i><a href=\"https:\/\/soymigrante.com\/revista\/lumiz-naturals-un-emprendimiento-familiar-que-alimenta-con-amor-y-proposito\/\"><\/a><\/div><div class=\"eael-entry-thumbnail eael-image-ratio\">\n                <img decoding=\"async\" width=\"1024\" height=\"1024\" src=\"https:\/\/soymigrante.com\/revista\/wp-content\/uploads\/2024\/12\/lumiz-naturals-9-1024x1024.jpg\" class=\"attachment-large size-large wp-image-16551\" alt=\"Jarras de frutos secos y snacks caseros en envases reutilizables, ideales para alimentaci\u00f3n saludable y sostenible, con etiquetas personalizadas en el estilo de SoyMigrante.com REVISTA.\" srcset=\"https:\/\/soymigrante.com\/revista\/wp-content\/uploads\/2024\/12\/lumiz-naturals-9-1024x1024.jpg 1024w, https:\/\/soymigrante.com\/revista\/wp-content\/uploads\/2024\/12\/lumiz-naturals-9-300x300.jpg 300w, https:\/\/soymigrante.com\/revista\/wp-content\/uploads\/2024\/12\/lumiz-naturals-9-150x150.jpg 150w, https:\/\/soymigrante.com\/revista\/wp-content\/uploads\/2024\/12\/lumiz-naturals-9-768x768.jpg 768w, https:\/\/soymigrante.com\/revista\/wp-content\/uploads\/2024\/12\/lumiz-naturals-9-75x75.webp 75w, https:\/\/soymigrante.com\/revista\/wp-content\/uploads\/2024\/12\/lumiz-naturals-9-750x750.webp 750w, https:\/\/soymigrante.com\/revista\/wp-content\/uploads\/2024\/12\/lumiz-naturals-9-1140x1140.webp 1140w, https:\/\/soymigrante.com\/revista\/wp-content\/uploads\/2024\/12\/lumiz-naturals-9.webp 1536w\" sizes=\"(max-width: 1024px) 100vw, 1024px\" \/>\n            <\/div>\n        <\/div><div class=\"eael-entry-wrapper\"><header class=\"eael-entry-header\"><h2 class=\"eael-entry-title\"><a class=\"eael-grid-post-link\" href=\"https:\/\/soymigrante.com\/revista\/lumiz-naturals-un-emprendimiento-familiar-que-alimenta-con-amor-y-proposito\/\" title=\"Lumiz Naturals: Emprendimiento familiar que nutre con amor, sabor y prop\u00f3sito\">Lumiz Naturals: Emprendimiento familiar que nutre con amor, sabor y prop\u00f3sito<\/a><\/h2><\/header><div class=\"eael-entry-content\">\n                        <div class=\"eael-grid-post-excerpt\"><a href=\"https:\/\/soymigrante.com\/revista\/lumiz-naturals-un-emprendimiento-familiar-que-alimenta-con-amor-y-proposito\/\" class=\"eael-post-elements-readmore-btn\">CONOCE SU HISTORIA <\/a><\/div>\n                    <\/div><\/div><\/div>\n        <\/div>\n    <\/article><\/div>\n            <div class=\"clearfix\"><\/div>\n        <\/div>\t\t\t\t<\/div>\n\t\t\t\t\t<\/div>\n\t\t\t\t<\/div>\n\t\t<div data-particle_enable=\"false\" data-particle-mobile-disabled=\"false\" class=\"elementor-element elementor-element-7e08e08 e-flex e-con-boxed e-con e-parent\" data-id=\"7e08e08\" data-element_type=\"container\" data-e-type=\"container\">\n\t\t\t\t\t<div class=\"e-con-inner\">\n\t\t\t\t<div class=\"elementor-element elementor-element-4910d2a elementor-widget elementor-widget-heading\" data-id=\"4910d2a\" data-element_type=\"widget\" data-e-type=\"widget\" data-widget_type=\"heading.default\">\n\t\t\t\t\t<h2 class=\"elementor-heading-title elementor-size-default\">\u00bfQu\u00e9 tal un manual gratuito de metas?<\/h2>\t\t\t\t<\/div>\n\t\t\t\t\t<\/div>\n\t\t\t\t<\/div>\n\t\t<div data-particle_enable=\"false\" data-particle-mobile-disabled=\"false\" class=\"elementor-element elementor-element-2e7394a e-flex e-con-boxed e-con e-parent\" data-id=\"2e7394a\" data-element_type=\"container\" data-e-type=\"container\">\n\t\t\t\t\t<div class=\"e-con-inner\">\n\t\t\t\t<div class=\"elementor-element elementor-element-a39fea1 elementor-grid-eael-col-3 elementor-grid-tablet-eael-col-2 elementor-grid-mobile-eael-col-1 elementor-widget elementor-widget-eael-post-grid\" data-id=\"a39fea1\" data-element_type=\"widget\" data-e-type=\"widget\" data-settings=\"{&quot;eael_post_grid_columns&quot;:&quot;eael-col-3&quot;,&quot;eael_post_grid_columns_tablet&quot;:&quot;eael-col-2&quot;,&quot;eael_post_grid_columns_mobile&quot;:&quot;eael-col-1&quot;}\" data-widget_type=\"eael-post-grid.default\">\n\t\t\t\t\t<div id=\"eael-post-grid-a39fea1\" class=\"eael-post-grid-container\">\n            <div class=\"eael-post-grid eael-post-appender eael-post-appender-a39fea1 eael-post-grid-style-one\" data-layout-mode=\"masonry\"><article class=\"eael-grid-post  eael-post-grid-column eael-pg-post-50191 category-bienestar-salud-emocional tags-manual-gratuito-de-metas\" data-id=\"50191\">\n        <div class=\"eael-grid-post-holder\">\n            <div class=\"eael-grid-post-holder-inner\"><div class=\"eael-entry-media\"><div class=\"eael-entry-overlay fade-in\"><i class=\"far fa-hand-pointer\" aria-hidden=\"true\"><\/i><a href=\"https:\/\/soymigrante.com\/revista\/nunca-es-tarde-para-emprender-nuevos-objetivos-pero-empieza-ya\/\"><\/a><\/div><div class=\"eael-entry-thumbnail eael-image-ratio\">\n                <img decoding=\"async\" width=\"1024\" height=\"1024\" src=\"https:\/\/soymigrante.com\/revista\/wp-content\/uploads\/2025\/12\/metas-2026-2-1024x1024.png\" class=\"attachment-large size-large wp-image-50193\" alt=\"metas 2026 2\" srcset=\"https:\/\/soymigrante.com\/revista\/wp-content\/uploads\/2025\/12\/metas-2026-2-1024x1024.png 1024w, https:\/\/soymigrante.com\/revista\/wp-content\/uploads\/2025\/12\/metas-2026-2-300x300.png 300w, https:\/\/soymigrante.com\/revista\/wp-content\/uploads\/2025\/12\/metas-2026-2-150x150.png 150w, https:\/\/soymigrante.com\/revista\/wp-content\/uploads\/2025\/12\/metas-2026-2-768x768.png 768w, https:\/\/soymigrante.com\/revista\/wp-content\/uploads\/2025\/12\/metas-2026-2-75x75.png 75w, https:\/\/soymigrante.com\/revista\/wp-content\/uploads\/2025\/12\/metas-2026-2-750x750.png 750w, https:\/\/soymigrante.com\/revista\/wp-content\/uploads\/2025\/12\/metas-2026-2-1140x1140.png 1140w, https:\/\/soymigrante.com\/revista\/wp-content\/uploads\/2025\/12\/metas-2026-2.png 1421w\" sizes=\"(max-width: 1024px) 100vw, 1024px\" \/>\n            <\/div>\n        <\/div><div class=\"eael-entry-wrapper\"><header class=\"eael-entry-header\"><h2 class=\"eael-entry-title\"><a class=\"eael-grid-post-link\" href=\"https:\/\/soymigrante.com\/revista\/nunca-es-tarde-para-emprender-nuevos-objetivos-pero-empieza-ya\/\" title=\"Nunca es tarde para emprender nuevas metas \u00a1Pero empieza ya!\">Nunca es tarde para emprender nuevas metas \u00a1Pero empieza ya!<\/a><\/h2><\/header><div class=\"eael-entry-content\">\n                        <div class=\"eael-grid-post-excerpt\"><a href=\"https:\/\/soymigrante.com\/revista\/nunca-es-tarde-para-emprender-nuevos-objetivos-pero-empieza-ya\/\" class=\"eael-post-elements-readmore-btn\">L\u00d3GRALO, SIN EXCUSAS<\/a><\/div>\n                    <\/div><\/div><\/div>\n        <\/div>\n    <\/article><article class=\"eael-grid-post  eael-post-grid-column eael-pg-post-50875 category-bienestar-salud-emocional tags-manual-gratuito-de-metas\" data-id=\"50875\">\n        <div class=\"eael-grid-post-holder\">\n            <div class=\"eael-grid-post-holder-inner\"><div class=\"eael-entry-media\"><div class=\"eael-entry-overlay fade-in\"><i class=\"far fa-hand-pointer\" aria-hidden=\"true\"><\/i><a href=\"https:\/\/soymigrante.com\/revista\/manual-gratuito-de-metas-valora-y-suma-pequenos-pasos\/\"><\/a><\/div><div class=\"eael-entry-thumbnail eael-image-ratio\">\n                <img loading=\"lazy\" decoding=\"async\" width=\"579\" height=\"572\" src=\"https:\/\/soymigrante.com\/revista\/wp-content\/uploads\/2026\/01\/manual-de-metas-2.png\" class=\"attachment-large size-large wp-image-50885\" alt=\"manual de metas 2\" srcset=\"https:\/\/soymigrante.com\/revista\/wp-content\/uploads\/2026\/01\/manual-de-metas-2.png 579w, https:\/\/soymigrante.com\/revista\/wp-content\/uploads\/2026\/01\/manual-de-metas-2-300x296.png 300w, https:\/\/soymigrante.com\/revista\/wp-content\/uploads\/2026\/01\/manual-de-metas-2-75x75.png 75w\" sizes=\"(max-width: 579px) 100vw, 579px\" \/>\n            <\/div>\n        <\/div><div class=\"eael-entry-wrapper\"><header class=\"eael-entry-header\"><h2 class=\"eael-entry-title\"><a class=\"eael-grid-post-link\" href=\"https:\/\/soymigrante.com\/revista\/manual-gratuito-de-metas-valora-y-suma-pequenos-pasos\/\" title=\"Manual gratuito de metas: Valor\u00e1 y sum\u00e1 peque\u00f1os pasos\">Manual gratuito de metas: Valor\u00e1 y sum\u00e1 peque\u00f1os pasos<\/a><\/h2><\/header><div class=\"eael-entry-content\">\n                        <div class=\"eael-grid-post-excerpt\"><a href=\"https:\/\/soymigrante.com\/revista\/manual-gratuito-de-metas-valora-y-suma-pequenos-pasos\/\" class=\"eael-post-elements-readmore-btn\">L\u00d3GRALO, SIN EXCUSAS<\/a><\/div>\n                    <\/div><\/div><\/div>\n        <\/div>\n    <\/article><article class=\"eael-grid-post  eael-post-grid-column eael-pg-post-51164 category-bienestar-salud-emocional tags-manual-gratuito-de-metas\" data-id=\"51164\">\n        <div class=\"eael-grid-post-holder\">\n            <div class=\"eael-grid-post-holder-inner\"><div class=\"eael-entry-media\"><div class=\"eael-entry-overlay fade-in\"><i class=\"far fa-hand-pointer\" aria-hidden=\"true\"><\/i><a href=\"https:\/\/soymigrante.com\/revista\/manual-gratuito-de-metas-trata-el-cansancio-como-dato-no-como-falla-ni-fracaso\/\"><\/a><\/div><div class=\"eael-entry-thumbnail eael-image-ratio\">\n                <img loading=\"lazy\" decoding=\"async\" width=\"421\" height=\"416\" src=\"https:\/\/soymigrante.com\/revista\/wp-content\/uploads\/2026\/01\/manual-metas-descanso-.png\" class=\"attachment-large size-large wp-image-51165\" alt=\"manual metas descanso\" srcset=\"https:\/\/soymigrante.com\/revista\/wp-content\/uploads\/2026\/01\/manual-metas-descanso-.png 421w, https:\/\/soymigrante.com\/revista\/wp-content\/uploads\/2026\/01\/manual-metas-descanso--300x296.png 300w, https:\/\/soymigrante.com\/revista\/wp-content\/uploads\/2026\/01\/manual-metas-descanso--75x75.png 75w\" sizes=\"(max-width: 421px) 100vw, 421px\" \/>\n            <\/div>\n        <\/div><div class=\"eael-entry-wrapper\"><header class=\"eael-entry-header\"><h2 class=\"eael-entry-title\"><a class=\"eael-grid-post-link\" href=\"https:\/\/soymigrante.com\/revista\/manual-gratuito-de-metas-trata-el-cansancio-como-dato-no-como-falla-ni-fracaso\/\" title=\"Manual gratuito de metas: Trat\u00e1 el cansancio como dato, no como falla ni fracaso\">Manual gratuito de metas: Trat\u00e1 el cansancio como dato, no como falla ni fracaso<\/a><\/h2><\/header><div class=\"eael-entry-content\">\n                        <div class=\"eael-grid-post-excerpt\"><a href=\"https:\/\/soymigrante.com\/revista\/manual-gratuito-de-metas-trata-el-cansancio-como-dato-no-como-falla-ni-fracaso\/\" class=\"eael-post-elements-readmore-btn\">L\u00d3GRALO, SIN EXCUSAS<\/a><\/div>\n                    <\/div><\/div><\/div>\n        <\/div>\n    <\/article><\/div>\n            <div class=\"clearfix\"><\/div>\n        <\/div>            <div class=\"eael-load-more-button-wrap eael-force-hide\">\n                <button class=\"eael-load-more-button\" id=\"eael-load-more-btn-a39fea1\" data-widget-id=\"a39fea1\" data-widget=\"a39fea1\" data-page-id=\"51426\" data-template=\"{&quot;dir&quot;:&quot;lite&quot;,&quot;file_name&quot;:&quot;one.php&quot;,&quot;name&quot;:&quot;Post-Grid&quot;}\" data-class=\"Essential_Addons_Elementor\\Elements\\Post_Grid\" data-layout=\"masonry\" data-page=\"1\" data-args=\"orderby=title&amp;order=desc&amp;ignore_sticky_posts=1&amp;post_status=publish&amp;posts_per_page=3&amp;offset=0&amp;post_type=post&amp;tax_query%5B0%5D%5Btaxonomy%5D=post_tag&amp;tax_query%5B0%5D%5Bfield%5D=term_id&amp;tax_query%5B0%5D%5Bterms%5D%5B0%5D=286&amp;tax_query%5Brelation%5D=AND\" data-max-page=\"3\">\n                    <span class=\"eael-btn-loader button__loader\"><\/span>\n                    <span class=\"eael_load_more_text\">Load More<\/span>\n                <\/button>\n            <\/div>\n            \t\t\t\t<\/div>\n\t\t\t\t\t<\/div>\n\t\t\t\t<\/div>\n\t\t\t\t<\/div>\n\t\t","protected":false},"excerpt":{"rendered":"<p>Durante mucho tiempo tu intestino no se queja, pero de pronto un d\u00eda un peque\u00f1o ardor, un dolor pasajero pero al que hay que ponerle atenci\u00f3n: y para empezar, lo mejor es mejorar lo que le das a comer. Claves pr\u00e1cticas del CDC para mejorar la alimentaci\u00f3n. La salud comienza en con la digesti\u00f3n. Lo [&hellip;]<\/p>\n","protected":false},"author":1,"featured_media":51427,"comment_status":"open","ping_status":"open","sticky":false,"template":"","format":"standard","meta":{"_acf_changed":false,"_eb_attr":"","footnotes":""},"categories":[55,265],"tags":[],"class_list":["post-51426","post","type-post","status-publish","format-standard","has-post-thumbnail","hentry","category-bienestar","category-salud-fisica"],"acf":[],"aioseo_notices":[],"aioseo_head":"\n\t\t<!-- All in One SEO Pro 4.9.6.2 - aioseo.com -->\n\t<meta name=\"description\" content=\"\u00bfAlguna vez has dicho?: \u00a1Ya me cans\u00e9! \u00a1Estoy agotado y sin avanzar! El cansancio no es indicador de falla, sino oportunidad para cambiar enfoque, m\u00e9todo, tiempos\" \/>\n\t<meta name=\"robots\" content=\"max-snippet:-1, max-image-preview:large, max-video-preview:-1\" \/>\n\t<meta name=\"author\" content=\"SoyMigrante.com REVISTA\"\/>\n\t<link rel=\"canonical\" href=\"https:\/\/soymigrante.com\/revista\/manual-gratuito-de-metas-trata-el-cansancio-como-dato-no-como-falla-ni-fracaso\/\" \/>\n\t<meta name=\"generator\" content=\"All in One SEO Pro (AIOSEO) 4.9.6.2\" \/>\n\n\t\t<link rel=\"preconnect\" href=\"https:\/\/fonts.googleapis.com\" crossorigin>\n<link rel=\"preconnect\" href=\"https:\/\/fonts.gstatic.com\" crossorigin>\n\t\t<meta property=\"og:locale\" content=\"es_ES\" \/>\n\t\t<meta property=\"og:site_name\" content=\"SoyMigrante.com REVISTA \u2013 Nuestra misi\u00f3n es reconocer y dignificar al migrante.\" \/>\n\t\t<meta property=\"og:type\" content=\"article\" \/>\n\t\t<meta property=\"og:title\" content=\"Trat\u00e1 el cansancio como dato, no como falla ni fracaso\" \/>\n\t\t<meta property=\"og:description\" content=\"\u00bfAlguna vez has dicho?: \u00a1Ya me cans\u00e9! \u00a1Estoy agotado y sin avanzar! El cansancio no es indicador de falla, sino oportunidad para cambiar enfoque, m\u00e9todo, tiempos\" \/>\n\t\t<meta property=\"og:url\" content=\"https:\/\/soymigrante.com\/revista\/manual-gratuito-de-metas-trata-el-cansancio-como-dato-no-como-falla-ni-fracaso\/\" \/>\n\t\t<meta property=\"og:image\" content=\"https:\/\/soymigrante.com\/revista\/wp-content\/uploads\/2026\/01\/manual-metas-descanso-.png\" \/>\n\t\t<meta property=\"og:image:secure_url\" content=\"https:\/\/soymigrante.com\/revista\/wp-content\/uploads\/2026\/01\/manual-metas-descanso-.png\" \/>\n\t\t<meta property=\"og:image:width\" content=\"421\" \/>\n\t\t<meta property=\"og:image:height\" content=\"416\" \/>\n\t\t<meta property=\"article:published_time\" content=\"2026-01-16T13:23:50+00:00\" \/>\n\t\t<meta property=\"article:modified_time\" content=\"2026-01-19T21:20:20+00:00\" \/>\n\t\t<meta property=\"article:publisher\" content=\"https:\/\/www.facebook.com\/soymigrantecom\" \/>\n\t\t<meta name=\"twitter:card\" content=\"summary_large_image\" \/>\n\t\t<meta name=\"twitter:site\" content=\"@SoyMigrante_com\" \/>\n\t\t<meta name=\"twitter:title\" content=\"Trat\u00e1 el cansancio como dato, no como falla ni fracaso\" \/>\n\t\t<meta name=\"twitter:description\" content=\"\u00bfAlguna vez has dicho?: \u00a1Ya me cans\u00e9! \u00a1Estoy agotado y sin avanzar! El cansancio no es indicador de falla, sino oportunidad para cambiar enfoque, m\u00e9todo, tiempos\" \/>\n\t\t<meta name=\"twitter:creator\" content=\"@SoyMigrante_com\" \/>\n\t\t<meta name=\"twitter:image\" content=\"https:\/\/soymigrante.com\/revista\/wp-content\/uploads\/2026\/01\/manual-metas-descanso-.png\" \/>\n\t\t<!-- All in One SEO Pro -->\r\n\t\t<title>Trat\u00e1 el cansancio como dato, no como falla ni fracaso<\/title>\n\n","aioseo_head_json":{"title":"Trat\u00e1 el cansancio como dato, no como falla ni fracaso","description":"\u00bfAlguna vez has dicho?: \u00a1Ya me cans\u00e9! \u00a1Estoy agotado y sin avanzar! El cansancio no es indicador de falla, sino oportunidad para cambiar enfoque, m\u00e9todo, tiempos","canonical_url":"https:\/\/soymigrante.com\/revista\/manual-gratuito-de-metas-trata-el-cansancio-como-dato-no-como-falla-ni-fracaso\/","robots":"max-snippet:-1, max-image-preview:large, max-video-preview:-1","keywords":"","webmasterTools":{"miscellaneous":"&lt;link rel=\"preconnect\" href=\"https:\/\/fonts.googleapis.com\" crossorigin&gt;\n&lt;link rel=\"preconnect\" href=\"https:\/\/fonts.gstatic.com\" crossorigin&gt;"},"schema":null,"og:locale":"es_ES","og:site_name":"SoyMigrante.com REVISTA \u2013 Nuestra misi\u00f3n es reconocer y dignificar al migrante.","og:type":"article","og:title":"Trat\u00e1 el cansancio como dato, no como falla ni fracaso","og:description":"\u00bfAlguna vez has dicho?: \u00a1Ya me cans\u00e9! \u00a1Estoy agotado y sin avanzar! El cansancio no es indicador de falla, sino oportunidad para cambiar enfoque, m\u00e9todo, tiempos","og:url":"https:\/\/soymigrante.com\/revista\/manual-gratuito-de-metas-trata-el-cansancio-como-dato-no-como-falla-ni-fracaso\/","og:image":"https:\/\/soymigrante.com\/revista\/wp-content\/uploads\/2026\/01\/manual-metas-descanso-.png","og:image:secure_url":"https:\/\/soymigrante.com\/revista\/wp-content\/uploads\/2026\/01\/manual-metas-descanso-.png","og:image:width":421,"og:image:height":416,"article:published_time":"2026-01-16T13:23:50+00:00","article:modified_time":"2026-01-19T21:20:20+00:00","article:publisher":"https:\/\/www.facebook.com\/soymigrantecom","twitter:card":"summary_large_image","twitter:site":"@SoyMigrante_com","twitter:title":"Trat\u00e1 el cansancio como dato, no como falla ni fracaso","twitter:description":"\u00bfAlguna vez has dicho?: \u00a1Ya me cans\u00e9! \u00a1Estoy agotado y sin avanzar! El cansancio no es indicador de falla, sino oportunidad para cambiar enfoque, m\u00e9todo, tiempos","twitter:creator":"@SoyMigrante_com","twitter:image":"https:\/\/soymigrante.com\/revista\/wp-content\/uploads\/2026\/01\/manual-metas-descanso-.png"},"aioseo_meta_data":{"post_id":"51426","title":"10 Tips para comer mejor y cuidar tu salud intestinal","description":"Comer saludable no tiene por qu\u00e9 ser aburrido o dif\u00edcil, pero s\u00ed es muy importante para cuidar tu intestino: toma en cuenta estos tips pr\u00e1cticos.","keywords":null,"keyphrases":{"focus":{"keyphrase":"comer","score":54,"analysis":{"keyphraseInTitle":{"score":9,"maxScore":9,"error":0},"keyphraseInDescription":{"score":9,"maxScore":9,"error":0},"keyphraseLength":{"score":9,"maxScore":9,"error":0,"length":1},"keyphraseInURL":{"score":1,"maxScore":5,"error":1},"keyphraseInIntroduction":{"score":3,"maxScore":9,"error":1},"keyphraseInSubHeadings":{"score":3,"maxScore":9,"error":1},"keyphraseInImageAlt":{"score":3,"maxScore":9,"error":1},"keywordDensity":{"score":0,"type":"low","maxScore":9,"error":1}}},"additional":[{"keyphrase":"intestinal","score":60,"analysis":{"keyphraseInDescription":{"score":3,"maxScore":9,"error":1},"keyphraseLength":{"score":9,"maxScore":9,"error":0,"length":1},"keyphraseInIntroduction":{"score":3,"maxScore":9,"error":1},"keyphraseInImageAlt":{"score":3,"maxScore":9,"error":1},"keywordDensity":{"type":"best","score":9,"maxScore":9,"error":0}}}]},"primary_term":null,"canonical_url":null,"og_title":null,"og_description":null,"og_object_type":"default","og_image_type":"default","og_image_url":null,"og_image_width":null,"og_image_height":null,"og_image_custom_url":null,"og_image_custom_fields":null,"og_video":"","og_custom_url":null,"og_article_section":null,"og_article_tags":null,"twitter_use_og":false,"twitter_card":"default","twitter_image_type":"default","twitter_image_url":null,"twitter_image_custom_url":null,"twitter_image_custom_fields":null,"twitter_title":null,"twitter_description":null,"schema":{"blockGraphs":[],"customGraphs":[],"default":{"data":{"Article":[],"Course":[],"Dataset":[],"FAQPage":[],"Movie":[],"Person":[],"Product":[],"ProductReview":[],"Car":[],"Recipe":[],"Service":[],"SoftwareApplication":[],"WebPage":[]},"graphName":"NewsArticle","isEnabled":true},"graphs":[]},"schema_type":"default","schema_type_options":null,"pillar_content":false,"robots_default":true,"robots_noindex":false,"robots_noarchive":false,"robots_nosnippet":false,"robots_nofollow":false,"robots_noimageindex":false,"robots_noodp":false,"robots_notranslate":false,"robots_max_snippet":"-1","robots_max_videopreview":"-1","robots_max_imagepreview":"large","priority":null,"frequency":"default","local_seo":null,"seo_analyzer_scan_date":"2026-03-02 21:39:38","breadcrumb_settings":null,"limit_modified_date":false,"reviewed_by":"0","open_ai":null,"ai":{"faqs":[],"keyPoints":[],"titles":[],"descriptions":[],"socialPosts":{"email":[],"linkedin":[],"twitter":[],"facebook":[],"instagram":[]}},"created":"2026-01-23 13:49:32","updated":"2026-03-06 15:45:38"},"aioseo_breadcrumb":"<div class=\"aioseo-breadcrumbs\"><span class=\"aioseo-breadcrumb\">\n\t<a href=\"https:\/\/soymigrante.com\/revista\" title=\"Home\">Home<\/a>\n<\/span><span class=\"aioseo-breadcrumb-separator\">\u00bb<\/span><span class=\"aioseo-breadcrumb\">\n\t<a href=\"https:\/\/soymigrante.com\/revista\/category\/bienestar\/\" title=\"Bienestar\">Bienestar<\/a>\n<\/span><span class=\"aioseo-breadcrumb-separator\">\u00bb<\/span><span class=\"aioseo-breadcrumb\">\n\t<a href=\"https:\/\/soymigrante.com\/revista\/category\/bienestar\/salud-fisica\/\" title=\"Salud F\u00edsica\">Salud F\u00edsica<\/a>\n<\/span><span class=\"aioseo-breadcrumb-separator\">\u00bb<\/span><span class=\"aioseo-breadcrumb\">\n\t10 claves para comer saludable y cuidar tu salud intestinal (quiz\u00e1 ya los conoc\u00edas o tal vez los necesitas)\n<\/span><\/div>","aioseo_breadcrumb_json":[{"label":"Home","link":"https:\/\/soymigrante.com\/revista"},{"label":"Bienestar","link":"https:\/\/soymigrante.com\/revista\/category\/bienestar\/"},{"label":"Salud F\u00edsica","link":"https:\/\/soymigrante.com\/revista\/category\/bienestar\/salud-fisica\/"},{"label":"10 claves para comer saludable y cuidar tu salud intestinal (quiz\u00e1 ya los conoc\u00edas o tal vez los necesitas)","link":"https:\/\/soymigrante.com\/revista\/10-consejos-de-comida-saludable-para-cuidar-tu-salud-intestinal-quiza-ya-los-conocias-o-tal-vez-los-necesitas\/"}],"_links":{"self":[{"href":"https:\/\/soymigrante.com\/revista\/wp-json\/wp\/v2\/posts\/51426","targetHints":{"allow":["GET"]}}],"collection":[{"href":"https:\/\/soymigrante.com\/revista\/wp-json\/wp\/v2\/posts"}],"about":[{"href":"https:\/\/soymigrante.com\/revista\/wp-json\/wp\/v2\/types\/post"}],"author":[{"embeddable":true,"href":"https:\/\/soymigrante.com\/revista\/wp-json\/wp\/v2\/users\/1"}],"replies":[{"embeddable":true,"href":"https:\/\/soymigrante.com\/revista\/wp-json\/wp\/v2\/comments?post=51426"}],"version-history":[{"count":5,"href":"https:\/\/soymigrante.com\/revista\/wp-json\/wp\/v2\/posts\/51426\/revisions"}],"predecessor-version":[{"id":51437,"href":"https:\/\/soymigrante.com\/revista\/wp-json\/wp\/v2\/posts\/51426\/revisions\/51437"}],"wp:featuredmedia":[{"embeddable":true,"href":"https:\/\/soymigrante.com\/revista\/wp-json\/wp\/v2\/media\/51427"}],"wp:attachment":[{"href":"https:\/\/soymigrante.com\/revista\/wp-json\/wp\/v2\/media?parent=51426"}],"wp:term":[{"taxonomy":"category","embeddable":true,"href":"https:\/\/soymigrante.com\/revista\/wp-json\/wp\/v2\/categories?post=51426"},{"taxonomy":"post_tag","embeddable":true,"href":"https:\/\/soymigrante.com\/revista\/wp-json\/wp\/v2\/tags?post=51426"}],"curies":[{"name":"wp","href":"https:\/\/api.w.org\/{rel}","templated":true}]}}