{"id":51412,"date":"2026-01-22T16:23:05","date_gmt":"2026-01-22T22:23:05","guid":{"rendered":"https:\/\/soymigrante.com\/revista\/?p=51412"},"modified":"2026-01-22T16:23:14","modified_gmt":"2026-01-22T22:23:14","slug":"visas-para-el-mundial-2026-estados-unidos-aclara-alcances-y-limites-del-fifa-pass","status":"publish","type":"post","link":"https:\/\/soymigrante.com\/revista\/visas-para-el-mundial-2026-estados-unidos-aclara-alcances-y-limites-del-fifa-pass\/","title":{"rendered":"Visas para el Mundial 2026 &#8211; Estados Unidos aclara alcances y l\u00edmites del FIFA Pass"},"content":{"rendered":"\t\t<div data-elementor-type=\"wp-post\" data-elementor-id=\"51412\" class=\"elementor elementor-51412\" data-elementor-post-type=\"post\">\n\t\t\t\t<div data-particle_enable=\"false\" data-particle-mobile-disabled=\"false\" class=\"elementor-element elementor-element-fc23a84 e-flex e-con-boxed e-con e-parent\" data-id=\"fc23a84\" data-element_type=\"container\" data-e-type=\"container\">\n\t\t\t\t\t<div class=\"e-con-inner\">\n\t\t\t\t<div class=\"elementor-element elementor-element-7696b16 elementor-widget elementor-widget-heading\" data-id=\"7696b16\" data-element_type=\"widget\" data-e-type=\"widget\" data-widget_type=\"heading.default\">\n\t\t\t\t\t<h2 class=\"elementor-heading-title elementor-size-default\">De entrada, el Departamento de Estado de los Estados Unidos aclara que el llamado FIFA Pass solo facilita tener una cita m\u00e1s pr\u00f3xima, pero NO asegura el otorgamiento de visa de turista.<\/h2>\t\t\t\t<\/div>\n\t\t\t\t\t<\/div>\n\t\t\t\t<\/div>\n\t\t<div data-particle_enable=\"false\" data-particle-mobile-disabled=\"false\" class=\"elementor-element elementor-element-456957b e-flex e-con-boxed e-con e-parent\" data-id=\"456957b\" data-element_type=\"container\" data-e-type=\"container\">\n\t\t\t\t\t<div class=\"e-con-inner\">\n\t\t\t\t<div class=\"elementor-element elementor-element-3ce809c elementor-widget elementor-widget-text-editor\" data-id=\"3ce809c\" data-element_type=\"widget\" data-e-type=\"widget\" data-widget_type=\"text-editor.default\">\n\t\t\t\t\t\t\t\t\t<p data-start=\"510\" data-end=\"887\">El Departamento de Estado de Estados Unidos public\u00f3 informaci\u00f3n adicional sobre el <span data-start=\"593\" data-end=\"652\">FIFA Priority Appointment Scheduling System (tambi\u00e9n conocido como FIFA PASS)<\/span>, un mecanismo creado para facilitar el acceso a <span data-start=\"701\" data-end=\"721\">citas consulares \u00e1ra solicitar <a href=\"https:\/\/soymigrante.com\/revista\/como-tramitar-la-visa-de-turismo-americana-en-guatemala-con-asesoria-legal\/\">visa de turismo<\/a><\/span>\u00a0a personas que compren boletos oficiales para la Copa Mundial de la FIFA 2026.<\/p><p data-start=\"510\" data-end=\"887\"><br data-start=\"800\" data-end=\"803\" \/>Las autoridades estadounidenses han aclarado los alcances y l\u00edmites de este sistema.<\/p><h3 data-start=\"894\" data-end=\"919\">\u00bfQu\u00e9 es el FIFA PASS?<\/h3><p data-start=\"920\" data-end=\"1050\">El <strong data-start=\"923\" data-end=\"936\">FIFA PASS<\/strong> es un sistema de <strong data-start=\"954\" data-end=\"1024\">programaci\u00f3n prioritaria de entrevistas para visas estadounidenses<\/strong>, dirigido a personas que:<\/p><ul data-start=\"1052\" data-end=\"1194\"><li data-start=\"1052\" data-end=\"1130\"><p data-start=\"1054\" data-end=\"1130\">Hayan comprado boletos oficiales del Mundial 2026 <strong data-start=\"1104\" data-end=\"1130\">directamente a la FIFA a trav\u00e9s de sus canales digitales.<\/strong><\/p><\/li><\/ul><p data-start=\"1196\" data-end=\"1317\">Su funci\u00f3n es <span data-start=\"1210\" data-end=\"1285\">facilitar la obtenci\u00f3n de una cita consular antes del inicio del torneo<\/span>, ante la alta demanda prevista.<\/p><h3 data-start=\"1324\" data-end=\"1354\">\u00bfEl FIFA PASS es una visa?<\/h3><p data-start=\"1355\" data-end=\"1480\">No. Para nada.\u00a0<br data-start=\"1358\" data-end=\"1361\" \/>El Departamento de Estado de EE. UU. aclara que el FIFA PASS <strong data-start=\"1422\" data-end=\"1471\">no es una visa ni una autorizaci\u00f3n de entrada<\/strong> al pa\u00eds. Ese solo un mecanismo para acelerar la fecha de otorgamiento de cita para entrevista de <a href=\"https:\/\/soymigrante.com\/revista\/como-tramitar-la-visa-de-turismo-americana-en-guatemala-con-asesoria-legal\/\">visa de turismo.<\/a><\/p><h3 data-start=\"1487\" data-end=\"1542\">\u00bfUsar el mecanismo FIFA PASS garantiza que me aprueben la visa?<\/h3><p data-start=\"1543\" data-end=\"1664\">No.\u00a0Seg\u00fan la informaci\u00f3n oficial, <span data-start=\"1579\" data-end=\"1663\">programar una entrevista mediante FIFA PASS no garantiza que la <a href=\"https:\/\/soymigrante.com\/revista\/como-tramitar-la-visa-de-turismo-americana-en-guatemala-con-asesoria-legal\/\">visa de turismo<\/a> sea otorgada. La entrevista y las exigencias son las mismas que para cualquier viajero.<\/span><\/p><p data-start=\"1666\" data-end=\"1694\">Las autoridades se\u00f1alan que:<\/p><ul><li>todos los solicitantes est\u00e1n sujetos a <span data-start=\"1736\" data-end=\"1777\">controles de seguridad y verificaci\u00f3n<br \/><\/span><\/li><li>deben <span data-start=\"1786\" data-end=\"1824\">cumplir con los requisitos legales<\/span> para el tipo de visa solicitada<\/li><li>el proceso de evaluaci\u00f3n es el mismo que para cualquier otro solicitante<\/li><\/ul>\t\t\t\t\t\t\t\t<\/div>\n\t\t\t\t\t<\/div>\n\t\t\t\t<\/div>\n\t\t<div data-particle_enable=\"false\" data-particle-mobile-disabled=\"false\" class=\"elementor-element elementor-element-42adb10 e-flex e-con-boxed e-con e-parent\" data-id=\"42adb10\" data-element_type=\"container\" data-e-type=\"container\">\n\t\t\t\t\t<div class=\"e-con-inner\">\n\t\t\t\t<div class=\"elementor-element elementor-element-1d26638 elementor-widget elementor-widget-html\" data-id=\"1d26638\" data-element_type=\"widget\" data-e-type=\"widget\" data-widget_type=\"html.default\">\n\t\t\t\t\t<iframe src=\"https:\/\/www.facebook.com\/plugins\/video.php?height=476&href=https%3A%2F%2Fwww.facebook.com%2Freel%2F880382510995679%2F&show_text=true&width=267&t=0\" width=\"267\" height=\"591\" style=\"border:none;overflow:hidden\" scrolling=\"no\" frameborder=\"0\" allowfullscreen=\"true\" allow=\"autoplay; clipboard-write; encrypted-media; picture-in-picture; web-share\" allowFullScreen=\"true\"><\/iframe>\t\t\t\t<\/div>\n\t\t\t\t\t<\/div>\n\t\t\t\t<\/div>\n\t\t<div data-particle_enable=\"false\" data-particle-mobile-disabled=\"false\" class=\"elementor-element elementor-element-3a2ba5e e-flex e-con-boxed e-con e-parent\" data-id=\"3a2ba5e\" data-element_type=\"container\" data-e-type=\"container\">\n\t\t\t\t\t<div class=\"e-con-inner\">\n\t\t\t\t<div class=\"elementor-element elementor-element-5d1f39a elementor-widget elementor-widget-text-editor\" data-id=\"5d1f39a\" data-element_type=\"widget\" data-e-type=\"widget\" data-widget_type=\"text-editor.default\">\n\t\t\t\t\t\t\t\t\t<p data-start=\"510\" data-end=\"887\"><span style=\"color: #000000; font-family: Mulish, sans-serif; font-size: 29px; font-weight: bold;\">\u00bfEl FIFA PASS garantiza la entrada a Estados Unidos?<\/span><\/p><p data-start=\"1995\" data-end=\"2148\">No.\u00a0Incluso con una visa aprobada, la <strong data-start=\"2035\" data-end=\"2053\">admisi\u00f3n final<\/strong> al pa\u00eds es determinada por las autoridades migratorias estadounidenses en el punto de entrada.<\/p><h3 data-start=\"2155\" data-end=\"2193\">\u00bfQui\u00e9nes pueden usar el FIFA PASS?<\/h3><p data-start=\"2194\" data-end=\"2221\">El sistema est\u00e1 dirigido a:<\/p><ul><li>Personas que compren boletos oficiales del Mundial 2026 a trav\u00e9s de FIFA<\/li><li>Solicitantes de <strong data-start=\"2315\" data-end=\"2339\">visas no inmigrantes<\/strong>, como la visa de turismo (B-1\/B-2) que tengan inter\u00e9s en asistir a partidos del Mundial y puedan demostrarlo.<\/li><\/ul><h3 data-start=\"2605\" data-end=\"2670\">\u00bfQu\u00e9 ocurre en el caso de personas sujetas a restricciones migratorias?<\/h3><p data-start=\"2671\" data-end=\"2705\">La informaci\u00f3n oficial aclara que:<\/p><ul><li>las <strong data-start=\"2712\" data-end=\"2749\">restricciones de entrada vigentes<\/strong> para determinados pa\u00edses <span data-start=\"2775\" data-end=\"2795\"><b>siguen aplicando<br \/><\/b><\/span><\/li><li>el FIFA PASS <span data-start=\"2811\" data-end=\"2841\"><b>no crea excepciones\u00a0<br \/><\/b><\/span><\/li><li>las excepciones existentes para atletas y equipos <strong data-start=\"2894\" data-end=\"2958\">no se extienden autom\u00e1ticamente a aficionados o espectadores<\/strong><\/li><\/ul><h3 data-start=\"2965\" data-end=\"3031\">\u00bfLa reciente pausa en tr\u00e1mite de visas de residencia afecta a los turistas del Mundial?<\/h3><p data-start=\"3032\" data-end=\"3158\">No.\u00a0El Departamento de Estado confirm\u00f3 que l<a href=\"https:\/\/soymigrante.com\/revista\/guatemala-esta-en-lista-de-75-paises-a-los-cuales-estados-unidos-suspende-tramite-de-visas-de-residencia\/\">a pausa anunciada en enero de 2026 <\/a><span data-start=\"3113\" data-end=\"3157\"><b><a href=\"https:\/\/soymigrante.com\/revista\/guatemala-esta-en-lista-de-75-paises-a-los-cuales-estados-unidos-suspende-tramite-de-visas-de-residencia\/\">se aplica \u00fanicamente a visas inmigrantes o visas de residencia.<\/a> Guatemala est\u00e1 en la lista de suspensi\u00f3n de tr\u00e1mites de visas de RESIDENCIA,\u00a0 pero el tr\u00e1mite de visas de turista contin\u00faa.<br \/><\/b><\/span><b><br \/><\/b>Por lo tanto siguen funcionando normalmente:<\/p><ul><li>visas de turismo<\/li><li>visas para atletas<\/li><li>visas para familiares de atletas<\/li><li>visas para profesionales de medios<\/li><\/ul>\t\t\t\t\t\t\t\t<\/div>\n\t\t\t\t\t<\/div>\n\t\t\t\t<\/div>\n\t\t<div data-particle_enable=\"false\" data-particle-mobile-disabled=\"false\" class=\"elementor-element elementor-element-c2bf93e e-flex e-con-boxed e-con e-parent\" data-id=\"c2bf93e\" data-element_type=\"container\" data-e-type=\"container\">\n\t\t\t\t\t<div class=\"e-con-inner\">\n\t\t\t\t<div class=\"elementor-element elementor-element-3c4684f elementor-grid-eael-col-3 elementor-grid-tablet-eael-col-2 elementor-grid-mobile-eael-col-1 elementor-widget elementor-widget-eael-post-grid\" data-id=\"3c4684f\" data-element_type=\"widget\" data-e-type=\"widget\" data-settings=\"{&quot;eael_post_grid_columns&quot;:&quot;eael-col-3&quot;,&quot;eael_post_grid_columns_tablet&quot;:&quot;eael-col-2&quot;,&quot;eael_post_grid_columns_mobile&quot;:&quot;eael-col-1&quot;}\" data-widget_type=\"eael-post-grid.default\">\n\t\t\t\t\t<div id=\"eael-post-grid-3c4684f\" class=\"eael-post-grid-container\">\n            <div class=\"eael-post-grid eael-post-appender eael-post-appender-3c4684f eael-post-grid-style-one\" data-layout-mode=\"masonry\"><article class=\"eael-grid-post  eael-post-grid-column eael-pg-post-7868 category-recursos-migratorios\" data-id=\"7868\">\n        <div class=\"eael-grid-post-holder\">\n            <div class=\"eael-grid-post-holder-inner\"><div class=\"eael-entry-media\"><div class=\"eael-entry-overlay fade-in\"><i class=\"far fa-hand-pointer\" aria-hidden=\"true\"><\/i><a href=\"https:\/\/soymigrante.com\/revista\/como-tramitar-la-visa-de-turismo-americana-en-guatemala-con-asesoria-legal\/\"><\/a><\/div><div class=\"eael-entry-thumbnail eael-image-ratio\">\n                <img fetchpriority=\"high\" decoding=\"async\" width=\"810\" height=\"415\" src=\"https:\/\/soymigrante.com\/revista\/wp-content\/uploads\/2024\/08\/embajada-americana-en-Guatemala-soy-migrante.webp\" class=\"attachment-large size-large wp-image-7969\" alt=\"Embajada de Estados Unidos en M\u00e9xico, centro de relaciones internacionales y cooperaci\u00f3n bilateral, refleja la presencia y apoyo a la comunidad migrante en el pa\u00eds llego internacional.\" srcset=\"https:\/\/soymigrante.com\/revista\/wp-content\/uploads\/2024\/08\/embajada-americana-en-Guatemala-soy-migrante.webp 810w, https:\/\/soymigrante.com\/revista\/wp-content\/uploads\/2024\/08\/embajada-americana-en-Guatemala-soy-migrante-300x154.webp 300w, https:\/\/soymigrante.com\/revista\/wp-content\/uploads\/2024\/08\/embajada-americana-en-Guatemala-soy-migrante-768x393.webp 768w, https:\/\/soymigrante.com\/revista\/wp-content\/uploads\/2024\/08\/embajada-americana-en-Guatemala-soy-migrante-750x384.webp 750w\" sizes=\"(max-width: 810px) 100vw, 810px\" \/>\n            <\/div>\n        <\/div><div class=\"eael-entry-wrapper\"><header class=\"eael-entry-header\"><h2 class=\"eael-entry-title\"><a class=\"eael-grid-post-link\" href=\"https:\/\/soymigrante.com\/revista\/como-tramitar-la-visa-de-turismo-americana-en-guatemala-con-asesoria-legal\/\" title=\"Algunas claves para la solicitud de visa de turismo de EE.UU. en Guatemala\">Algunas claves para la solicitud de visa de turismo de EE.UU. en Guatemala<\/a><\/h2><\/header><div class=\"eael-entry-content\">\n                        <div class=\"eael-grid-post-excerpt\"><a href=\"https:\/\/soymigrante.com\/revista\/como-tramitar-la-visa-de-turismo-americana-en-guatemala-con-asesoria-legal\/\" class=\"eael-post-elements-readmore-btn\">CONOCE SU HISTORIA <\/a><\/div>\n                    <\/div><\/div><\/div>\n        <\/div>\n    <\/article><article class=\"eael-grid-post  eael-post-grid-column eael-pg-post-7902 category-recursos-migratorios\" data-id=\"7902\">\n        <div class=\"eael-grid-post-holder\">\n            <div class=\"eael-grid-post-holder-inner\"><div class=\"eael-entry-media\"><div class=\"eael-entry-overlay fade-in\"><i class=\"far fa-hand-pointer\" aria-hidden=\"true\"><\/i><a href=\"https:\/\/soymigrante.com\/revista\/evita-cometer-estos-errores-al-solicitar-visa-mexicana-o-permiso-tvr\/\"><\/a><\/div><div class=\"eael-entry-thumbnail eael-image-ratio\">\n                <img decoding=\"async\" width=\"1024\" height=\"508\" src=\"https:\/\/soymigrante.com\/revista\/wp-content\/uploads\/2024\/08\/Embajada-de-Mexico-visa-Soy-Migrante2-1024x508.webp\" class=\"attachment-large size-large wp-image-7913\" alt=\"M\u00e9xico, bandera mexicana en un espacio p\u00fablico con vegetaci\u00f3n y se\u00f1al\u00e9tica, s\u00edmbolo de cultura y orgullo nacional en un entorno verde y luminoso.\" srcset=\"https:\/\/soymigrante.com\/revista\/wp-content\/uploads\/2024\/08\/Embajada-de-Mexico-visa-Soy-Migrante2-1024x508.webp 1024w, https:\/\/soymigrante.com\/revista\/wp-content\/uploads\/2024\/08\/Embajada-de-Mexico-visa-Soy-Migrante2-300x149.webp 300w, https:\/\/soymigrante.com\/revista\/wp-content\/uploads\/2024\/08\/Embajada-de-Mexico-visa-Soy-Migrante2-768x381.webp 768w, https:\/\/soymigrante.com\/revista\/wp-content\/uploads\/2024\/08\/Embajada-de-Mexico-visa-Soy-Migrante2-360x180.webp 360w, https:\/\/soymigrante.com\/revista\/wp-content\/uploads\/2024\/08\/Embajada-de-Mexico-visa-Soy-Migrante2-750x372.webp 750w, https:\/\/soymigrante.com\/revista\/wp-content\/uploads\/2024\/08\/Embajada-de-Mexico-visa-Soy-Migrante2.webp 1071w\" sizes=\"(max-width: 1024px) 100vw, 1024px\" \/>\n            <\/div>\n        <\/div><div class=\"eael-entry-wrapper\"><header class=\"eael-entry-header\"><h2 class=\"eael-entry-title\"><a class=\"eael-grid-post-link\" href=\"https:\/\/soymigrante.com\/revista\/evita-cometer-estos-errores-al-solicitar-visa-mexicana-o-permiso-tvr\/\" title=\"Claves que ya conoc\u00edas (o quiz\u00e1 no) para tramitar visa mexicana en Guatemala\">Claves que ya conoc\u00edas (o quiz\u00e1 no) para tramitar visa mexicana en Guatemala<\/a><\/h2><\/header><div class=\"eael-entry-content\">\n                        <div class=\"eael-grid-post-excerpt\"><a href=\"https:\/\/soymigrante.com\/revista\/evita-cometer-estos-errores-al-solicitar-visa-mexicana-o-permiso-tvr\/\" class=\"eael-post-elements-readmore-btn\">CONOCE SU HISTORIA <\/a><\/div>\n                    <\/div><\/div><\/div>\n        <\/div>\n    <\/article><article class=\"eael-grid-post  eael-post-grid-column eael-pg-post-9690 category-recursos-migratorios\" data-id=\"9690\">\n        <div class=\"eael-grid-post-holder\">\n            <div class=\"eael-grid-post-holder-inner\"><div class=\"eael-entry-media\"><div class=\"eael-entry-overlay fade-in\"><i class=\"far fa-hand-pointer\" aria-hidden=\"true\"><\/i><a href=\"https:\/\/soymigrante.com\/revista\/asi-funciona-el-nuevo-sistema-para-solicitud-de-visa-americana-en-guatemala\/\"><\/a><\/div><div class=\"eael-entry-thumbnail eael-image-ratio\">\n                <img decoding=\"async\" width=\"886\" height=\"886\" src=\"https:\/\/soymigrante.com\/revista\/wp-content\/uploads\/2024\/08\/visa-americana-2.webp\" class=\"attachment-large size-large wp-image-8067\" alt=\"Tarjeta de inmigraci\u00f3n en EE.UU. y sello de ingreso con bandera estadounidense en una oficina migratoria. Documentaci\u00f3n migratoria y proceso de visas para migrantes en Estados Unidos.\" srcset=\"https:\/\/soymigrante.com\/revista\/wp-content\/uploads\/2024\/08\/visa-americana-2.webp 886w, https:\/\/soymigrante.com\/revista\/wp-content\/uploads\/2024\/08\/visa-americana-2-300x300.webp 300w, https:\/\/soymigrante.com\/revista\/wp-content\/uploads\/2024\/08\/visa-americana-2-150x150.webp 150w, https:\/\/soymigrante.com\/revista\/wp-content\/uploads\/2024\/08\/visa-americana-2-768x768.webp 768w, https:\/\/soymigrante.com\/revista\/wp-content\/uploads\/2024\/08\/visa-americana-2-75x75.webp 75w, https:\/\/soymigrante.com\/revista\/wp-content\/uploads\/2024\/08\/visa-americana-2-750x750.webp 750w\" sizes=\"(max-width: 886px) 100vw, 886px\" \/>\n            <\/div>\n        <\/div><div class=\"eael-entry-wrapper\"><header class=\"eael-entry-header\"><h2 class=\"eael-entry-title\"><a class=\"eael-grid-post-link\" href=\"https:\/\/soymigrante.com\/revista\/asi-funciona-el-nuevo-sistema-para-solicitud-de-visa-americana-en-guatemala\/\" title=\"As\u00ed funciona el nuevo sistema para solicitud de visa americana en Guatemala\">As\u00ed funciona el nuevo sistema para solicitud de visa americana en Guatemala<\/a><\/h2><\/header><div class=\"eael-entry-content\">\n                        <div class=\"eael-grid-post-excerpt\"><a href=\"https:\/\/soymigrante.com\/revista\/asi-funciona-el-nuevo-sistema-para-solicitud-de-visa-americana-en-guatemala\/\" class=\"eael-post-elements-readmore-btn\">CONOCE SU HISTORIA <\/a><\/div>\n                    <\/div><\/div><\/div>\n        <\/div>\n    <\/article><\/div>\n            <div class=\"clearfix\"><\/div>\n        <\/div>\t\t\t\t<\/div>\n\t\t\t\t\t<\/div>\n\t\t\t\t<\/div>\n\t\t<div data-particle_enable=\"false\" data-particle-mobile-disabled=\"false\" class=\"elementor-element elementor-element-54a94b0 e-flex e-con-boxed e-con e-parent\" data-id=\"54a94b0\" data-element_type=\"container\" data-e-type=\"container\">\n\t\t\t\t\t<div class=\"e-con-inner\">\n\t\t\t\t<div class=\"elementor-element elementor-element-c9f159c elementor-widget elementor-widget-text-editor\" data-id=\"c9f159c\" data-element_type=\"widget\" data-e-type=\"widget\" data-widget_type=\"text-editor.default\">\n\t\t\t\t\t\t\t\t\t<p data-start=\"510\" data-end=\"887\"><span style=\"color: #000000; font-family: Mulish, sans-serif; font-size: 29px; font-weight: bold;\">\u00bfQu\u00e9 pasa con los pa\u00edses del Programa de Exenci\u00f3n de Visa?<\/span><\/p><p data-start=\"3352\" data-end=\"3516\">Los ciudadanos de pa\u00edses que participan en el <strong data-start=\"3398\" data-end=\"3421\"><a href=\"https:\/\/travel-state-gov.translate.goog\/content\/travel\/en\/us-visas\/tourism-visit\/visa-waiver-program.html?_x_tr_sl=en&amp;_x_tr_tl=es&amp;_x_tr_hl=es&amp;_x_tr_pto=tc\">Visa Waiver Program<\/a><\/strong> pueden viajar a EE. UU. utilizando el <strong data-start=\"3460\" data-end=\"3515\">Sistema Electr\u00f3nico de Autorizaci\u00f3n de Viaje (ESTA)<\/strong>. Guatemala NO forma parte de este programa.<\/p><p data-start=\"3518\" data-end=\"3533\">En estos casos: No se requiere visa, el FIFA PASS <strong data-start=\"3571\" data-end=\"3597\">no modifica el proceso. Sin embargo,\u00a0 l<\/strong>a autorizaci\u00f3n ESTA <strong data-start=\"3621\" data-end=\"3641\">no es autom\u00e1tica<\/strong> y puede ser denegada.<\/p><h3 data-start=\"3669\" data-end=\"3715\">\u00bfQu\u00e9 requisitos generales siguen vigentes para tramitar una visa de turista?<\/h3><p data-start=\"3716\" data-end=\"3762\">Las autoridades estadounidenses recuerdan que:<\/p><ul><li>el pasaporte debe tener una <strong data-start=\"3793\" data-end=\"3826\">vigencia m\u00ednima de seis meses<\/strong> m\u00e1s all\u00e1 del periodo de estad\u00eda prevista, salvo excepciones<\/li><li>se recomienda <span data-start=\"3903\" data-end=\"3952\"><b>solicitar la visa con suficiente anticipaci\u00f3n<br \/><\/b><\/span><\/li><li>comprar boletos o vuelos <strong data-start=\"3980\" data-end=\"3996\">no garantiza<\/strong> la aprobaci\u00f3n de la visa<\/li><\/ul><h3 data-start=\"4028\" data-end=\"4079\">Entonces, \u00bfqu\u00e9 facilita realmente el FIFA PASS?<\/h3><p data-start=\"4080\" data-end=\"4118\">De acuerdo con la informaci\u00f3n oficial:<\/p><ul data-start=\"4119\" data-end=\"4288\"><li data-start=\"4119\" data-end=\"4180\"><p data-start=\"4121\" data-end=\"4180\">facilita el <strong data-start=\"4133\" data-end=\"4163\">acceso a una cita consular<\/strong> antes del torneo<\/p><\/li><li data-start=\"4181\" data-end=\"4245\"><p data-start=\"4183\" data-end=\"4245\">busca reducir el impacto de la <strong data-start=\"4214\" data-end=\"4245\">alta demanda de entrevistas<\/strong><\/p><\/li><li data-start=\"4246\" data-end=\"4288\"><p data-start=\"4248\" data-end=\"4288\"><strong data-start=\"4248\" data-end=\"4264\">PERO NO garantiza<\/strong> visa ni entrada a Estados Unidos<\/p><\/li><\/ul><hr data-start=\"4290\" data-end=\"4293\" \/><p data-start=\"4295\" data-end=\"4569\"><strong data-start=\"4295\" data-end=\"4310\">En resumen:<\/strong><br data-start=\"4310\" data-end=\"4313\" \/>El FIFA PASS es una <strong data-start=\"4333\" data-end=\"4363\">herramienta administrativa<\/strong>, no una autorizaci\u00f3n migratoria. Estados Unidos ha dejado claro que, de cara al Mundial 2026, facilitar\u00e1 el acceso a entrevistas, pero <strong data-start=\"4499\" data-end=\"4568\">mantendr\u00e1 sin cambios sus pol\u00edticas de visas y control migratorio<\/strong>.<\/p>\t\t\t\t\t\t\t\t<\/div>\n\t\t\t\t\t<\/div>\n\t\t\t\t<\/div>\n\t\t<div data-particle_enable=\"false\" data-particle-mobile-disabled=\"false\" class=\"elementor-element elementor-element-b339efa e-flex e-con-boxed e-con e-parent\" data-id=\"b339efa\" data-element_type=\"container\" data-e-type=\"container\">\n\t\t\t\t\t<div class=\"e-con-inner\">\n\t\t\t\t<div class=\"elementor-element elementor-element-e98e7cd elementor-widget elementor-widget-heading\" data-id=\"e98e7cd\" data-element_type=\"widget\" data-e-type=\"widget\" data-widget_type=\"heading.default\">\n\t\t\t\t\t<h2 class=\"elementor-heading-title elementor-size-default\">Otros temas que podr\u00edan interesarte<\/h2>\t\t\t\t<\/div>\n\t\t\t\t\t<\/div>\n\t\t\t\t<\/div>\n\t\t<div data-particle_enable=\"false\" data-particle-mobile-disabled=\"false\" class=\"elementor-element elementor-element-b8c0d6c e-flex e-con-boxed e-con e-parent\" data-id=\"b8c0d6c\" data-element_type=\"container\" data-e-type=\"container\">\n\t\t\t\t\t<div class=\"e-con-inner\">\n\t\t\t\t<div class=\"elementor-element elementor-element-5f83207 elementor-grid-eael-col-3 elementor-grid-tablet-eael-col-2 elementor-grid-mobile-eael-col-1 elementor-widget elementor-widget-eael-post-grid\" data-id=\"5f83207\" data-element_type=\"widget\" data-e-type=\"widget\" data-settings=\"{&quot;eael_post_grid_columns&quot;:&quot;eael-col-3&quot;,&quot;eael_post_grid_columns_tablet&quot;:&quot;eael-col-2&quot;,&quot;eael_post_grid_columns_mobile&quot;:&quot;eael-col-1&quot;}\" data-widget_type=\"eael-post-grid.default\">\n\t\t\t\t\t<div id=\"eael-post-grid-5f83207\" class=\"eael-post-grid-container\">\n            <div class=\"eael-post-grid eael-post-appender eael-post-appender-5f83207 eael-post-grid-style-one\" data-layout-mode=\"masonry\"><article class=\"eael-grid-post  eael-post-grid-column eael-pg-post-43400 category-arte-cultura\" data-id=\"43400\">\n        <div class=\"eael-grid-post-holder\">\n            <div class=\"eael-grid-post-holder-inner\"><div class=\"eael-entry-media\"><div class=\"eael-entry-overlay fade-in\"><i class=\"far fa-hand-pointer\" aria-hidden=\"true\"><\/i><a href=\"https:\/\/soymigrante.com\/revista\/efrain-recinos-un-genio-del-arte-guatemalteco-que-vivira-siempre\/\"><\/a><\/div><div class=\"eael-entry-thumbnail eael-image-ratio\">\n                <img loading=\"lazy\" decoding=\"async\" width=\"421\" height=\"416\" src=\"https:\/\/soymigrante.com\/revista\/wp-content\/uploads\/2025\/09\/Guatemalita-de-Efrain-Recinos.png\" class=\"attachment-large size-large wp-image-43608\" alt=\"Guatemalita de Efra\u00edn Recinos\" srcset=\"https:\/\/soymigrante.com\/revista\/wp-content\/uploads\/2025\/09\/Guatemalita-de-Efrain-Recinos.png 421w, https:\/\/soymigrante.com\/revista\/wp-content\/uploads\/2025\/09\/Guatemalita-de-Efrain-Recinos-300x296.png 300w, https:\/\/soymigrante.com\/revista\/wp-content\/uploads\/2025\/09\/Guatemalita-de-Efrain-Recinos-75x75.png 75w\" sizes=\"(max-width: 421px) 100vw, 421px\" \/>\n            <\/div>\n        <\/div><div class=\"eael-entry-wrapper\"><header class=\"eael-entry-header\"><h2 class=\"eael-entry-title\"><a class=\"eael-grid-post-link\" href=\"https:\/\/soymigrante.com\/revista\/efrain-recinos-un-genio-del-arte-guatemalteco-que-vivira-siempre\/\" title=\"Mira arte guatemalteco: Efra\u00edn Recinos, un genio que sigue a la vista de todos\">Mira arte guatemalteco: Efra\u00edn Recinos, un genio que sigue a la vista de todos<\/a><\/h2><\/header><div class=\"eael-entry-content\">\n                        <div class=\"eael-grid-post-excerpt\"><a href=\"https:\/\/soymigrante.com\/revista\/efrain-recinos-un-genio-del-arte-guatemalteco-que-vivira-siempre\/\" class=\"eael-post-elements-readmore-btn\">CONOCE SU HISTORIA <\/a><\/div>\n                    <\/div><\/div><\/div>\n        <\/div>\n    <\/article><article class=\"eael-grid-post  eael-post-grid-column eael-pg-post-43829 category-arte-cultura-guate-nuestra\" data-id=\"43829\">\n        <div class=\"eael-grid-post-holder\">\n            <div class=\"eael-grid-post-holder-inner\"><div class=\"eael-entry-media\"><div class=\"eael-entry-overlay fade-in\"><i class=\"far fa-hand-pointer\" aria-hidden=\"true\"><\/i><a href=\"https:\/\/soymigrante.com\/revista\/juan-sisay-arte-guatemalteco-maya-tzutujil-atitlan\/\"><\/a><\/div><div class=\"eael-entry-thumbnail eael-image-ratio\">\n                <img loading=\"lazy\" decoding=\"async\" width=\"485\" height=\"485\" src=\"https:\/\/soymigrante.com\/revista\/wp-content\/uploads\/2025\/09\/Juan-Sisay1-e1757021856514.jpeg\" class=\"attachment-large size-large wp-image-43830\" alt=\"Juan Sisay: el artista guatemalteco que retrat\u00f3 la identidad tz&#039;utuj&#039;il desde dentro. El artista fue asesinado en abril de 1989 despu\u00e9s de haber pintado acerca de una masacre cometida en Santiago Atitl\u00e1n durante el conflicto armado interno. (Retrato por Miguel Ch\u00e1vez)\" srcset=\"https:\/\/soymigrante.com\/revista\/wp-content\/uploads\/2025\/09\/Juan-Sisay1-e1757021856514.jpeg 485w, https:\/\/soymigrante.com\/revista\/wp-content\/uploads\/2025\/09\/Juan-Sisay1-e1757021856514-300x300.jpeg 300w, https:\/\/soymigrante.com\/revista\/wp-content\/uploads\/2025\/09\/Juan-Sisay1-e1757021856514-150x150.jpeg 150w, https:\/\/soymigrante.com\/revista\/wp-content\/uploads\/2025\/09\/Juan-Sisay1-e1757021856514-75x75.jpeg 75w\" sizes=\"(max-width: 485px) 100vw, 485px\" \/>\n            <\/div>\n        <\/div><div class=\"eael-entry-wrapper\"><header class=\"eael-entry-header\"><h2 class=\"eael-entry-title\"><a class=\"eael-grid-post-link\" href=\"https:\/\/soymigrante.com\/revista\/juan-sisay-arte-guatemalteco-maya-tzutujil-atitlan\/\" title=\"Mira arte guatemalteco: Pintor tz&#8217;utuj&#8217;il Juan Sisay origin\u00f3 la pintura popular de Atitl\u00e1n\">Mira arte guatemalteco: Pintor tz&#8217;utuj&#8217;il Juan Sisay origin\u00f3 la pintura popular de Atitl\u00e1n<\/a><\/h2><\/header><div class=\"eael-entry-content\">\n                        <div class=\"eael-grid-post-excerpt\"><a href=\"https:\/\/soymigrante.com\/revista\/juan-sisay-arte-guatemalteco-maya-tzutujil-atitlan\/\" class=\"eael-post-elements-readmore-btn\">CONOCE SU HISTORIA <\/a><\/div>\n                    <\/div><\/div><\/div>\n        <\/div>\n    <\/article><article class=\"eael-grid-post  eael-post-grid-column eael-pg-post-43891 category-arte-cultura-guate-nuestra\" data-id=\"43891\">\n        <div class=\"eael-grid-post-holder\">\n            <div class=\"eael-grid-post-holder-inner\"><div class=\"eael-entry-media\"><div class=\"eael-entry-overlay fade-in\"><i class=\"far fa-hand-pointer\" aria-hidden=\"true\"><\/i><a href=\"https:\/\/soymigrante.com\/revista\/mira-arte-guatemalteco-la-mirada-magica-de-rina-lazo\/\"><\/a><\/div><div class=\"eael-entry-thumbnail eael-image-ratio\">\n                <img loading=\"lazy\" decoding=\"async\" width=\"500\" height=\"500\" src=\"https:\/\/soymigrante.com\/revista\/wp-content\/uploads\/2025\/09\/Rina-lazo-2.jpg\" class=\"attachment-large size-large wp-image-43892\" alt=\"Rina Lazo: El trazo de una identidad mesoamericana\" srcset=\"https:\/\/soymigrante.com\/revista\/wp-content\/uploads\/2025\/09\/Rina-lazo-2.jpg 500w, https:\/\/soymigrante.com\/revista\/wp-content\/uploads\/2025\/09\/Rina-lazo-2-300x300.jpg 300w, https:\/\/soymigrante.com\/revista\/wp-content\/uploads\/2025\/09\/Rina-lazo-2-150x150.jpg 150w, https:\/\/soymigrante.com\/revista\/wp-content\/uploads\/2025\/09\/Rina-lazo-2-75x75.jpg 75w\" sizes=\"(max-width: 500px) 100vw, 500px\" \/>\n            <\/div>\n        <\/div><div class=\"eael-entry-wrapper\"><header class=\"eael-entry-header\"><h2 class=\"eael-entry-title\"><a class=\"eael-grid-post-link\" href=\"https:\/\/soymigrante.com\/revista\/mira-arte-guatemalteco-la-mirada-magica-de-rina-lazo\/\" title=\"Mira arte guatemalteco: La mirada m\u00e1gica de Rina Lazo\">Mira arte guatemalteco: La mirada m\u00e1gica de Rina Lazo<\/a><\/h2><\/header><div class=\"eael-entry-content\">\n                        <div class=\"eael-grid-post-excerpt\"><a href=\"https:\/\/soymigrante.com\/revista\/mira-arte-guatemalteco-la-mirada-magica-de-rina-lazo\/\" class=\"eael-post-elements-readmore-btn\">CONOCE SU HISTORIA <\/a><\/div>\n                    <\/div><\/div><\/div>\n        <\/div>\n    <\/article><\/div>\n            <div class=\"clearfix\"><\/div>\n        <\/div>\t\t\t\t<\/div>\n\t\t\t\t\t<\/div>\n\t\t\t\t<\/div>\n\t\t\t\t<\/div>\n\t\t","protected":false},"excerpt":{"rendered":"<p>De entrada, el Departamento de Estado de los Estados Unidos aclara que el llamado FIFA Pass solo facilita tener una cita m\u00e1s pr\u00f3xima, pero NO asegura el otorgamiento de visa de turista. El Departamento de Estado de Estados Unidos public\u00f3 informaci\u00f3n adicional sobre el FIFA Priority Appointment Scheduling System (tambi\u00e9n conocido como FIFA PASS), un [&hellip;]<\/p>\n","protected":false},"author":1,"featured_media":51413,"comment_status":"open","ping_status":"open","sticky":false,"template":"","format":"standard","meta":{"_acf_changed":false,"_eb_attr":"","footnotes":""},"categories":[280],"tags":[],"class_list":["post-51412","post","type-post","status-publish","format-standard","has-post-thumbnail","hentry","category-noticias"],"acf":[],"aioseo_notices":[],"aioseo_head":"\n\t\t<!-- All in One SEO Pro 4.9.6.2 - aioseo.com -->\n\t<meta name=\"description\" content=\"Rina Lazo (1923-2019) retrat\u00f3 la grandeza maya y reflej\u00f3 la cultura guatemalteca en lienzos y murales. Se form\u00f3 y gan\u00f3 fama en M\u00e9xico pero su alma era de quetzal.\" \/>\n\t<meta name=\"robots\" content=\"max-snippet:-1, max-image-preview:large, max-video-preview:-1\" \/>\n\t<meta name=\"author\" content=\"Marysabel Aldana\"\/>\n\t<link rel=\"canonical\" href=\"https:\/\/soymigrante.com\/revista\/mira-arte-guatemalteco-la-mirada-magica-de-rina-lazo\/\" \/>\n\t<meta name=\"generator\" content=\"All in One SEO Pro (AIOSEO) 4.9.6.2\" \/>\n\n\t\t<link rel=\"preconnect\" href=\"https:\/\/fonts.googleapis.com\" crossorigin>\n<link rel=\"preconnect\" href=\"https:\/\/fonts.gstatic.com\" crossorigin>\n\t\t<meta property=\"og:locale\" content=\"es_ES\" \/>\n\t\t<meta property=\"og:site_name\" content=\"SoyMigrante.com REVISTA \u2013 Nuestra misi\u00f3n es reconocer y dignificar al migrante.\" \/>\n\t\t<meta property=\"og:type\" content=\"article\" \/>\n\t\t<meta property=\"og:title\" content=\"Mira arte guatemalteco: La mirada m\u00e1gica de Rina Lazo\" \/>\n\t\t<meta property=\"og:description\" content=\"Rina Lazo (1923-2019) retrat\u00f3 la grandeza maya y reflej\u00f3 la cultura guatemalteca en lienzos y murales. Se form\u00f3 y gan\u00f3 fama en M\u00e9xico pero su alma era de quetzal.\" \/>\n\t\t<meta property=\"og:url\" content=\"https:\/\/soymigrante.com\/revista\/mira-arte-guatemalteco-la-mirada-magica-de-rina-lazo\/\" \/>\n\t\t<meta property=\"og:image\" content=\"https:\/\/soymigrante.com\/revista\/wp-content\/uploads\/2025\/09\/Rina-lazo-2.jpg\" \/>\n\t\t<meta property=\"og:image:secure_url\" content=\"https:\/\/soymigrante.com\/revista\/wp-content\/uploads\/2025\/09\/Rina-lazo-2.jpg\" \/>\n\t\t<meta property=\"og:image:width\" content=\"500\" \/>\n\t\t<meta property=\"og:image:height\" content=\"500\" \/>\n\t\t<meta property=\"article:published_time\" content=\"2025-09-08T11:30:00+00:00\" \/>\n\t\t<meta property=\"article:modified_time\" content=\"2025-09-08T04:42:09+00:00\" \/>\n\t\t<meta property=\"article:publisher\" content=\"https:\/\/www.facebook.com\/soymigrantecom\" \/>\n\t\t<meta name=\"twitter:card\" content=\"summary_large_image\" \/>\n\t\t<meta name=\"twitter:site\" content=\"@SoyMigrante_com\" \/>\n\t\t<meta name=\"twitter:title\" content=\"Mira arte guatemalteco: La mirada m\u00e1gica de Rina Lazo\" \/>\n\t\t<meta name=\"twitter:description\" content=\"Rina Lazo (1923-2019) retrat\u00f3 la grandeza maya y reflej\u00f3 la cultura guatemalteca en lienzos y murales. Se form\u00f3 y gan\u00f3 fama en M\u00e9xico pero su alma era de quetzal.\" \/>\n\t\t<meta name=\"twitter:creator\" content=\"@SoyMigrante_com\" \/>\n\t\t<meta name=\"twitter:image\" content=\"https:\/\/soymigrante.com\/revista\/wp-content\/uploads\/2025\/09\/Rina-lazo-2.jpg\" \/>\n\t\t<!-- All in One SEO Pro -->\r\n\t\t<title>Mira arte guatemalteco: La mirada m\u00e1gica de Rina Lazo<\/title>\n\n","aioseo_head_json":{"title":"Mira arte guatemalteco: La mirada m\u00e1gica de Rina Lazo","description":"Rina Lazo (1923-2019) retrat\u00f3 la grandeza maya y reflej\u00f3 la cultura guatemalteca en lienzos y murales. Se form\u00f3 y gan\u00f3 fama en M\u00e9xico pero su alma era de quetzal.","canonical_url":"https:\/\/soymigrante.com\/revista\/mira-arte-guatemalteco-la-mirada-magica-de-rina-lazo\/","robots":"max-snippet:-1, max-image-preview:large, max-video-preview:-1","keywords":"","webmasterTools":{"miscellaneous":"&lt;link rel=\"preconnect\" href=\"https:\/\/fonts.googleapis.com\" crossorigin&gt;\n&lt;link rel=\"preconnect\" href=\"https:\/\/fonts.gstatic.com\" crossorigin&gt;"},"schema":null,"og:locale":"es_ES","og:site_name":"SoyMigrante.com REVISTA \u2013 Nuestra misi\u00f3n es reconocer y dignificar al migrante.","og:type":"article","og:title":"Mira arte guatemalteco: La mirada m\u00e1gica de Rina Lazo","og:description":"Rina Lazo (1923-2019) retrat\u00f3 la grandeza maya y reflej\u00f3 la cultura guatemalteca en lienzos y murales. Se form\u00f3 y gan\u00f3 fama en M\u00e9xico pero su alma era de quetzal.","og:url":"https:\/\/soymigrante.com\/revista\/mira-arte-guatemalteco-la-mirada-magica-de-rina-lazo\/","og:image":"https:\/\/soymigrante.com\/revista\/wp-content\/uploads\/2025\/09\/Rina-lazo-2.jpg","og:image:secure_url":"https:\/\/soymigrante.com\/revista\/wp-content\/uploads\/2025\/09\/Rina-lazo-2.jpg","og:image:width":500,"og:image:height":500,"article:published_time":"2025-09-08T11:30:00+00:00","article:modified_time":"2025-09-08T04:42:09+00:00","article:publisher":"https:\/\/www.facebook.com\/soymigrantecom","twitter:card":"summary_large_image","twitter:site":"@SoyMigrante_com","twitter:title":"Mira arte guatemalteco: La mirada m\u00e1gica de Rina Lazo","twitter:description":"Rina Lazo (1923-2019) retrat\u00f3 la grandeza maya y reflej\u00f3 la cultura guatemalteca en lienzos y murales. Se form\u00f3 y gan\u00f3 fama en M\u00e9xico pero su alma era de quetzal.","twitter:creator":"@SoyMigrante_com","twitter:image":"https:\/\/soymigrante.com\/revista\/wp-content\/uploads\/2025\/09\/Rina-lazo-2.jpg"},"aioseo_meta_data":{"post_id":"51412","title":"Visas para el Mundial 2026- USA aclara l\u00edmites del Fifa Pass","description":"Fifa Pass para personas que ya adquirieron boletos para el Mundial de Futbol 2026 NO asegura la obtenci\u00f3n de visa de turista, solo facilita la cita. Conoce m\u00e1s","keywords":null,"keyphrases":{"focus":{"keyphrase":"Visas","score":74,"analysis":{"keyphraseInTitle":{"score":9,"maxScore":9,"error":0},"keyphraseInDescription":{"score":3,"maxScore":9,"error":1},"keyphraseLength":{"score":9,"maxScore":9,"error":0,"length":1},"keyphraseInURL":{"score":5,"maxScore":5,"error":0},"keyphraseInIntroduction":{"score":3,"maxScore":9,"error":1},"keyphraseInSubHeadings":{"score":3,"maxScore":9,"error":1},"keyphraseInImageAlt":{"score":9,"maxScore":9,"error":0},"keywordDensity":{"type":"best","score":9,"maxScore":9,"error":0}}},"additional":[{"keyphrase":"Mundial","score":87,"analysis":{"keyphraseInDescription":{"score":9,"maxScore":9,"error":0},"keyphraseLength":{"score":9,"maxScore":9,"error":0,"length":1},"keyphraseInIntroduction":{"score":9,"maxScore":9,"error":0},"keyphraseInImageAlt":{"score":3,"maxScore":9,"error":1},"keywordDensity":{"type":"best","score":9,"maxScore":9,"error":0}}},{"keyphrase":"Fifa","score":87,"analysis":{"keyphraseInDescription":{"score":9,"maxScore":9,"error":0},"keyphraseLength":{"score":9,"maxScore":9,"error":0,"length":1},"keyphraseInIntroduction":{"score":9,"maxScore":9,"error":0},"keyphraseInImageAlt":{"score":3,"maxScore":9,"error":1},"keywordDensity":{"type":"best","score":9,"maxScore":9,"error":0}}}]},"primary_term":null,"canonical_url":null,"og_title":null,"og_description":null,"og_object_type":"default","og_image_type":"default","og_image_url":null,"og_image_width":null,"og_image_height":null,"og_image_custom_url":null,"og_image_custom_fields":null,"og_video":"","og_custom_url":null,"og_article_section":null,"og_article_tags":null,"twitter_use_og":false,"twitter_card":"default","twitter_image_type":"default","twitter_image_url":null,"twitter_image_custom_url":null,"twitter_image_custom_fields":null,"twitter_title":null,"twitter_description":null,"schema":{"blockGraphs":[],"customGraphs":[],"default":{"data":{"Article":[],"Course":[],"Dataset":[],"FAQPage":[],"Movie":[],"Person":[],"Product":[],"ProductReview":[],"Car":[],"Recipe":[],"Service":[],"SoftwareApplication":[],"WebPage":[]},"graphName":"NewsArticle","isEnabled":true},"graphs":[]},"schema_type":"default","schema_type_options":null,"pillar_content":false,"robots_default":true,"robots_noindex":false,"robots_noarchive":false,"robots_nosnippet":false,"robots_nofollow":false,"robots_noimageindex":false,"robots_noodp":false,"robots_notranslate":false,"robots_max_snippet":"-1","robots_max_videopreview":"-1","robots_max_imagepreview":"large","priority":null,"frequency":"default","local_seo":null,"seo_analyzer_scan_date":"2026-03-02 20:23:39","breadcrumb_settings":null,"limit_modified_date":false,"reviewed_by":"0","open_ai":null,"ai":{"faqs":[],"keyPoints":[],"titles":[],"descriptions":[],"socialPosts":{"email":[],"linkedin":[],"twitter":[],"facebook":[],"instagram":[]}},"created":"2026-01-22 21:54:50","updated":"2026-03-06 15:45:38"},"aioseo_breadcrumb":"<div class=\"aioseo-breadcrumbs\"><span class=\"aioseo-breadcrumb\">\n\t<a href=\"https:\/\/soymigrante.com\/revista\" title=\"Home\">Home<\/a>\n<\/span><span class=\"aioseo-breadcrumb-separator\">\u00bb<\/span><span class=\"aioseo-breadcrumb\">\n\t<a href=\"https:\/\/soymigrante.com\/revista\/category\/noticias\/\" title=\"Noticias\">Noticias<\/a>\n<\/span><span class=\"aioseo-breadcrumb-separator\">\u00bb<\/span><span class=\"aioseo-breadcrumb\">\n\tVisas para el Mundial 2026 \u2013 Estados Unidos aclara alcances y l\u00edmites del FIFA Pass\n<\/span><\/div>","aioseo_breadcrumb_json":[{"label":"Home","link":"https:\/\/soymigrante.com\/revista"},{"label":"Noticias","link":"https:\/\/soymigrante.com\/revista\/category\/noticias\/"},{"label":"Visas para el Mundial 2026 &#8211; Estados Unidos aclara alcances y l\u00edmites del FIFA Pass","link":"https:\/\/soymigrante.com\/revista\/visas-para-el-mundial-2026-estados-unidos-aclara-alcances-y-limites-del-fifa-pass\/"}],"_links":{"self":[{"href":"https:\/\/soymigrante.com\/revista\/wp-json\/wp\/v2\/posts\/51412","targetHints":{"allow":["GET"]}}],"collection":[{"href":"https:\/\/soymigrante.com\/revista\/wp-json\/wp\/v2\/posts"}],"about":[{"href":"https:\/\/soymigrante.com\/revista\/wp-json\/wp\/v2\/types\/post"}],"author":[{"embeddable":true,"href":"https:\/\/soymigrante.com\/revista\/wp-json\/wp\/v2\/users\/1"}],"replies":[{"embeddable":true,"href":"https:\/\/soymigrante.com\/revista\/wp-json\/wp\/v2\/comments?post=51412"}],"version-history":[{"count":10,"href":"https:\/\/soymigrante.com\/revista\/wp-json\/wp\/v2\/posts\/51412\/revisions"}],"predecessor-version":[{"id":51425,"href":"https:\/\/soymigrante.com\/revista\/wp-json\/wp\/v2\/posts\/51412\/revisions\/51425"}],"wp:featuredmedia":[{"embeddable":true,"href":"https:\/\/soymigrante.com\/revista\/wp-json\/wp\/v2\/media\/51413"}],"wp:attachment":[{"href":"https:\/\/soymigrante.com\/revista\/wp-json\/wp\/v2\/media?parent=51412"}],"wp:term":[{"taxonomy":"category","embeddable":true,"href":"https:\/\/soymigrante.com\/revista\/wp-json\/wp\/v2\/categories?post=51412"},{"taxonomy":"post_tag","embeddable":true,"href":"https:\/\/soymigrante.com\/revista\/wp-json\/wp\/v2\/tags?post=51412"}],"curies":[{"name":"wp","href":"https:\/\/api.w.org\/{rel}","templated":true}]}}