{"id":51372,"date":"2026-01-21T15:50:54","date_gmt":"2026-01-21T21:50:54","guid":{"rendered":"https:\/\/soymigrante.com\/revista\/?p=51372"},"modified":"2026-01-21T15:51:02","modified_gmt":"2026-01-21T21:51:02","slug":"rige-suspension-total-de-tramites-de-visa-de-residencia-usa-para-guatemaltecos","status":"publish","type":"post","link":"https:\/\/soymigrante.com\/revista\/rige-suspension-total-de-tramites-de-visa-de-residencia-usa-para-guatemaltecos\/","title":{"rendered":"Rige suspensi\u00f3n total de tr\u00e1mites de visa de residencia USA para guatemaltecos"},"content":{"rendered":"\t\t<div data-elementor-type=\"wp-post\" data-elementor-id=\"51372\" class=\"elementor elementor-51372\" data-elementor-post-type=\"post\">\n\t\t\t\t<div data-particle_enable=\"false\" data-particle-mobile-disabled=\"false\" class=\"elementor-element elementor-element-bd16286 e-flex e-con-boxed e-con e-parent\" data-id=\"bd16286\" data-element_type=\"container\" data-e-type=\"container\">\n\t\t\t\t\t<div class=\"e-con-inner\">\n\t\t\t\t<div class=\"elementor-element elementor-element-7d71c7e elementor-widget elementor-widget-heading\" data-id=\"7d71c7e\" data-element_type=\"widget\" data-e-type=\"widget\" data-widget_type=\"heading.default\">\n\t\t\t\t\t<h2 class=\"elementor-heading-title elementor-size-default\">A partir de este 21 de enero quedan en pausa indefinida las solicitudes y tr\u00e1mites de permiso de residencia en Estados Unidos o green card para migrantes de 75 pa\u00edses, incluyendo Guatemla.<\/h2>\t\t\t\t<\/div>\n\t\t\t\t\t<\/div>\n\t\t\t\t<\/div>\n\t\t<div data-particle_enable=\"false\" data-particle-mobile-disabled=\"false\" class=\"elementor-element elementor-element-aba6ffc e-flex e-con-boxed e-con e-parent\" data-id=\"aba6ffc\" data-element_type=\"container\" data-e-type=\"container\">\n\t\t\t\t\t<div class=\"e-con-inner\">\n\t\t\t\t<div class=\"elementor-element elementor-element-e70c8a9 elementor-widget elementor-widget-text-editor\" data-id=\"e70c8a9\" data-element_type=\"widget\" data-e-type=\"widget\" data-widget_type=\"text-editor.default\">\n\t\t\t\t\t\t\t\t\t<p data-start=\"501\" data-end=\"913\">Desde este 21 de enero est\u00e1 vigente la suspensi\u00f3n indefinida a toda solicitud o tr\u00e1mite de<span data-start=\"530\" data-end=\"649\">\u00a0procesamiento de <a href=\"https:\/\/soymigrante.com\/revista\/asi-funciona-el-nuevo-sistema-para-solicitud-de-visa-americana-en-guatemala\/\">visas <\/a>de residencia (o de inmigrante permanente, green card)\u00a0 para ciudadanos de 75 pa\u00edses entre los cuales se encuentra Guatemala.<\/span>\u00a0<span style=\"font-family: Roboto, sans-serif; font-size: 22px; font-style: normal; font-variant-ligatures: normal; font-variant-caps: normal; font-weight: 400;\">Esto\u00a0 causar\u00e1 un fuerte impacto humano, sobre todo en casos de reunificaci\u00f3n familiar, se\u00f1alan abogados migratorios y defensores de derechos migrantes.\u00a0\u00a0<\/span><\/p><p data-start=\"501\" data-end=\"913\"><span style=\"font-family: Roboto, sans-serif; font-size: 22px; font-style: normal; font-variant-ligatures: normal; font-variant-caps: normal; font-weight: 400;\">La medida es temporal su duraci\u00f3n no se ha especificado. Tardar\u00e1 lo que lleve la revisi\u00f3n de criterios utilizados para determinar si un solicitante puede convertirse en una <\/span><span style=\"font-family: Roboto, sans-serif; font-size: 22px; font-style: normal; font-variant-ligatures: normal; font-variant-caps: normal; font-weight: 400;\" data-start=\"765\" data-end=\"784\">\u201ccarga p\u00fablica\u201d<\/span><span style=\"font-family: Roboto, sans-serif; font-size: 22px; font-style: normal; font-variant-ligatures: normal; font-variant-caps: normal; font-weight: 400;\">.\u00a0\u00a0<\/span><\/p><p data-start=\"501\" data-end=\"913\"><span style=\"font-family: Roboto, sans-serif; font-size: 22px; font-style: normal; font-variant-ligatures: normal; font-variant-caps: normal; font-weight: 400;\">A partir del 21 de enero l<\/span>os oficiales consulares estadounidenses han sido instruidos para\u00a0<strong data-start=\"982\" data-end=\"1042\">rechazar solicitudes de <a href=\"https:\/\/soymigrante.com\/revista\/por-que-es-necesario-portar-siempre-tu-green-card-en-estados-unidos\/\">visa de residencia<\/a> bajo la legislaci\u00f3n vigente<\/strong>, mientras el Departamento de Estado lleva a cabo una <strong data-start=\"1096\" data-end=\"1170\">revisi\u00f3n de los procedimientos de evaluaci\u00f3n, selecci\u00f3n y verificaci\u00f3n<\/strong> de los solicitantes.0\u00a0<\/p>\t\t\t\t\t\t\t\t<\/div>\n\t\t\t\t\t<\/div>\n\t\t\t\t<\/div>\n\t\t<div data-particle_enable=\"false\" data-particle-mobile-disabled=\"false\" class=\"elementor-element elementor-element-69e91b7 e-flex e-con-boxed e-con e-parent\" data-id=\"69e91b7\" data-element_type=\"container\" data-e-type=\"container\">\n\t\t\t\t\t<div class=\"e-con-inner\">\n\t\t\t\t<div class=\"elementor-element elementor-element-e26a6f3 elementor-widget elementor-widget-image\" data-id=\"e26a6f3\" data-element_type=\"widget\" data-e-type=\"widget\" data-widget_type=\"image.default\">\n\t\t\t\t\t\t\t\t\t\t\t\t<figure class=\"wp-caption\">\n\t\t\t\t\t\t\t\t\t\t<img fetchpriority=\"high\" decoding=\"async\" width=\"654\" height=\"432\" src=\"https:\/\/soymigrante.com\/revista\/wp-content\/uploads\/2026\/01\/paises-suspendidos-de-tramite-visa-residencia.jpg\" class=\"attachment-large size-large wp-image-51065\" alt=\"paises sin tramite de visa residencia guatemala incluida segun fox news\" srcset=\"https:\/\/soymigrante.com\/revista\/wp-content\/uploads\/2026\/01\/paises-suspendidos-de-tramite-visa-residencia.jpg 654w, https:\/\/soymigrante.com\/revista\/wp-content\/uploads\/2026\/01\/paises-suspendidos-de-tramite-visa-residencia-300x198.jpg 300w\" sizes=\"(max-width: 654px) 100vw, 654px\" title=\"paises sin tramite de visa residencia guatemala incluida segun fox news \u2013 SoyMigrante.com REVISTA\" \/>\t\t\t\t\t\t\t\t\t\t\t<figcaption class=\"widget-image-caption wp-caption-text\">Paises sin tramite de visa de residencia, entre los cuales est\u00e1 incluida Guatemala, seg\u00fan la lista divulgada por Fox News.<\/figcaption>\n\t\t\t\t\t\t\t\t\t\t<\/figure>\n\t\t\t\t\t\t\t\t\t<\/div>\n\t\t\t\t\t<\/div>\n\t\t\t\t<\/div>\n\t\t<div data-particle_enable=\"false\" data-particle-mobile-disabled=\"false\" class=\"elementor-element elementor-element-3b23162 e-flex e-con-boxed e-con e-parent\" data-id=\"3b23162\" data-element_type=\"container\" data-e-type=\"container\">\n\t\t\t\t\t<div class=\"e-con-inner\">\n\t\t\t\t<div class=\"elementor-element elementor-element-1e40089 elementor-widget elementor-widget-text-editor\" data-id=\"1e40089\" data-element_type=\"widget\" data-e-type=\"widget\" data-widget_type=\"text-editor.default\">\n\t\t\t\t\t\t\t\t\t<p data-start=\"501\" data-end=\"913\"><strong style=\"color: #000000; font-family: Mulish, sans-serif; font-size: 29px;\" data-start=\"2633\" data-end=\"2662\">Lista de pa\u00edses incluidos<\/strong><\/p><p data-start=\"2664\" data-end=\"2794\">Seg\u00fan la informaci\u00f3n difundida los <strong data-start=\"2713\" data-end=\"2753\">75 pa\u00edses incluidos en la suspensi\u00f3n<\/strong>\u00a0abarca a estos pa\u00edses:\u00a0<\/p><div><div dir=\"auto\" data-message-author-role=\"assistant\" data-message-id=\"0645cc19-fd2a-4900-8cb4-06d0e66de351\" data-message-model-slug=\"gpt-5-2\"><div><div><p data-start=\"0\" data-end=\"787\" data-is-last-node=\"\" data-is-only-node=\"\">Afganist\u00e1n, Albania, Argelia, Antigua y Barbuda, Armenia, Azerbaiy\u00e1n, Bahamas, Banglad\u00e9s, Barbados, Bielorrusia, Belice, But\u00e1n, Bosnia, Brasil, Birmania, Camboya, Camer\u00fan, Cabo Verde, Colombia, Costa de Marfil, Cuba, Rep\u00fablica Democr\u00e1tica del Congo, Dominica, Egipto, Eritrea, Etiop\u00eda, Fiyi, Gambia, Georgia, Ghana, Granada, <b><a href=\"https:\/\/soymigrante.com\/revista\/22-departamentos-de-guatemala-un-corazon-multicultural-compartido\/\">Guatemala<\/a><\/b>, Guinea, Hait\u00ed, Ir\u00e1n, Irak, Jamaica, Jordania, Kazajist\u00e1n, Kosovo, Kuwait, Kirguist\u00e1n, Laos, L\u00edbano, Liberia, Libia, Macedonia del Norte, Moldavia, Mongolia, Montenegro, Marruecos, Nepal, Nicaragua, Nigeria, Pakist\u00e1n, Rep\u00fablica del Congo, Rusia, Ruanda, San Crist\u00f3bal y Nieves, Santa Luc\u00eda, San Vicente y las Granadinas, Senegal, Sierra Leona, Somalia, Sud\u00e1n del Sur, Sud\u00e1n, Siria, Tanzania, Tailandia, Togo, T\u00fanez, Uganda, Uruguay, Uzbekist\u00e1n y Yemen.<\/p><\/div><\/div><\/div><\/div><p data-start=\"2664\" data-end=\"2794\"><strong style=\"color: #000000; font-family: Mulish, sans-serif; font-size: 29px;\" data-start=\"3462\" data-end=\"3480\">Contexto legal<\/strong><\/p><p data-start=\"3482\" data-end=\"3855\">La legislaci\u00f3n migratoria estadounidense permite desde hace d\u00e9cadas negar visas por razones de carga p\u00fablica, aunque su aplicaci\u00f3n ha variado seg\u00fan la administraci\u00f3n. En 2019, durante el primer mandato de Donald Trump, el concepto fue ampliado para incluir un mayor n\u00famero de beneficios p\u00fablicos. Esa ampliaci\u00f3n fue posteriormente revertida durante la administraci\u00f3n Biden.<\/p><p data-start=\"3857\" data-end=\"4029\">La nueva suspensi\u00f3n marca un <strong data-start=\"3886\" data-end=\"3938\">endurecimiento en la aplicaci\u00f3n de este criterio<\/strong>, al pausar por completo el procesamiento de visas de inmigrante para los pa\u00edses incluidos.<\/p>\t\t\t\t\t\t\t\t<\/div>\n\t\t\t\t\t<\/div>\n\t\t\t\t<\/div>\n\t\t<div data-particle_enable=\"false\" data-particle-mobile-disabled=\"false\" class=\"elementor-element elementor-element-9980a87 e-flex e-con-boxed e-con e-parent\" data-id=\"9980a87\" data-element_type=\"container\" data-e-type=\"container\">\n\t\t\t\t\t<div class=\"e-con-inner\">\n\t\t\t\t<div class=\"elementor-element elementor-element-525bea0 elementor-widget elementor-widget-image\" data-id=\"525bea0\" data-element_type=\"widget\" data-e-type=\"widget\" data-widget_type=\"image.default\">\n\t\t\t\t\t\t\t\t\t\t\t\t<figure class=\"wp-caption\">\n\t\t\t\t\t\t\t\t\t\t<img decoding=\"async\" width=\"1140\" height=\"618\" src=\"https:\/\/soymigrante.com\/revista\/wp-content\/uploads\/2026\/01\/Captura-de-pantalla-2026-01-14-122842-1140x618.png\" class=\"attachment-large size-large wp-image-51041\" alt=\"El Departamento de Estado pausar\u00e1 todas las visas de inmigrantes provenientes de 75 pa\u00edses, cuyos migrantes han abusado de los recursos del pueblo estadounidesnes en niveles inaceptables. La suspensi\u00f3n durar\u00e1 mientras los Estados Unidos aseguran que los migrantes permanentes no estraer\u00e1n siqueza del pueblo estadounidense. Dice el tuir del Departamento de Estado.\" srcset=\"https:\/\/soymigrante.com\/revista\/wp-content\/uploads\/2026\/01\/Captura-de-pantalla-2026-01-14-122842-1140x618.png 1140w, https:\/\/soymigrante.com\/revista\/wp-content\/uploads\/2026\/01\/Captura-de-pantalla-2026-01-14-122842-300x163.png 300w, https:\/\/soymigrante.com\/revista\/wp-content\/uploads\/2026\/01\/Captura-de-pantalla-2026-01-14-122842-768x416.png 768w, https:\/\/soymigrante.com\/revista\/wp-content\/uploads\/2026\/01\/Captura-de-pantalla-2026-01-14-122842-750x407.png 750w, https:\/\/soymigrante.com\/revista\/wp-content\/uploads\/2026\/01\/Captura-de-pantalla-2026-01-14-122842.png 1308w\" sizes=\"(max-width: 1140px) 100vw, 1140px\" title=\"El Departamento de Estado pausar\u00e1 todas las visas de inmigrantes provenientes de 75 pa\u00edses, cuyos migrantes han abusado de los recursos del pueblo estadounidesnes en niveles inaceptables. La suspensi\u00f3n durar\u00e1 mientras los Estados Unidos aseguran que los migrantes permanentes no estraer\u00e1n siqueza del pueblo estadounidense. Dice el tuir del Departamento de Estado. \u2013 SoyMigrante.com REVISTA\" \/>\t\t\t\t\t\t\t\t\t\t\t<figcaption class=\"widget-image-caption wp-caption-text\">El Departamento de Estado pausar\u00e1 todas las visas de inmigrantes provenientes de 75 pa\u00edses, cuyos migrantes han abusado de los recursos del pueblo estadounidesnes en niveles inaceptables. La suspensi\u00f3n durar\u00e1 mientras los Estados Unidos aseguran que los migrantes permanentes no estraer\u00e1n siqueza del pueblo estadounidense. Dice el tuir del Departamento de Estado.<\/figcaption>\n\t\t\t\t\t\t\t\t\t\t<\/figure>\n\t\t\t\t\t\t\t\t\t<\/div>\n\t\t\t\t\t<\/div>\n\t\t\t\t<\/div>\n\t\t<div data-particle_enable=\"false\" data-particle-mobile-disabled=\"false\" class=\"elementor-element elementor-element-f6c3c08 e-flex e-con-boxed e-con e-parent\" data-id=\"f6c3c08\" data-element_type=\"container\" data-e-type=\"container\">\n\t\t\t\t\t<div class=\"e-con-inner\">\n\t\t\t\t<div class=\"elementor-element elementor-element-90d8a38 elementor-widget elementor-widget-text-editor\" data-id=\"90d8a38\" data-element_type=\"widget\" data-e-type=\"widget\" data-widget_type=\"text-editor.default\">\n\t\t\t\t\t\t\t\t\t<p data-start=\"501\" data-end=\"913\"><strong style=\"color: #000000; font-family: Mulish, sans-serif; font-size: 29px;\" data-start=\"1335\" data-end=\"1381\">Aplicaci\u00f3n del criterio de \u201ccarga p\u00fablica\u201d<\/strong><\/p><p data-start=\"1383\" data-end=\"1649\">De acuerdo con el memorando y con directrices enviadas a consulados desde noviembre de 2025, los funcionarios deber\u00e1n evaluar si un solicitante podr\u00eda depender de beneficios p\u00fablicos en Estados Unidos. Para ello, se tomar\u00e1n en cuenta m\u00faltiples factores, entre ellos:<\/p><ul><li>Estado de <a href=\"https:\/\/soymigrante.com\/revista\/category\/bienestar\/salud-fisica\/\">salud<\/a><\/li><li>Edad<\/li><li>Dominio del <a href=\"https:\/\/soymigrante.com\/revista\/migrante-idioma-ingles-aprendizaje-claves-reto-oportunidad\/\">idioma ingl\u00e9s<\/a><\/li><li>Situaci\u00f3n financiera<\/li><li>Posible necesidad de atenci\u00f3n m\u00e9dica a largo plazo<\/li><\/ul><p data-start=\"1791\" data-end=\"2010\">Las directrices contemplan la <strong data-start=\"1821\" data-end=\"1897\">negaci\u00f3n de visas a personas consideradas con alto riesgo de dependencia<\/strong>, incluyendo solicitantes con antecedentes de uso de asistencia gubernamental en efectivo o institucionalizaci\u00f3n.<\/p><p data-start=\"2012\" data-end=\"2274\">\u201cEl Departamento de Estado utilizar\u00e1 su autoridad de larga data para declarar inelegibles a posibles inmigrantes que se convertir\u00edan en una carga p\u00fablica para Estados Unidos\u201d, se\u00f1al\u00f3 el portavoz del Departamento de Estado, <strong data-start=\"2235\" data-end=\"2252\">Tommy Piggott<\/strong>, citado por Fox News.<\/p><h3 data-start=\"2276\" data-end=\"2308\"><strong data-start=\"2280\" data-end=\"2308\">Alcance de la suspensi\u00f3n<\/strong><\/h3><p data-start=\"2310\" data-end=\"2627\">La medida aplica exclusivamente a<a href=\"https:\/\/soymigrante.com\/revista\/por-que-es-necesario-portar-siempre-tu-green-card-en-estados-unidos\/\"> <strong data-start=\"2344\" data-end=\"2367\">visas de inmigrante<\/strong>,<\/a> es decir, aquellas destinadas a personas que buscan residir de manera permanente en Estados Unidos. Las excepciones a la suspensi\u00f3n ser\u00e1n <strong data-start=\"2507\" data-end=\"2526\">\u201cmuy limitadas\u201d<\/strong> y solo se conceder\u00e1n una vez que los solicitantes superen plenamente la evaluaci\u00f3n de carga p\u00fablica.<\/p>\t\t\t\t\t\t\t\t<\/div>\n\t\t\t\t\t<\/div>\n\t\t\t\t<\/div>\n\t\t<div data-particle_enable=\"false\" data-particle-mobile-disabled=\"false\" class=\"elementor-element elementor-element-a082163 e-flex e-con-boxed e-con e-parent\" data-id=\"a082163\" data-element_type=\"container\" data-e-type=\"container\">\n\t\t\t\t\t<div class=\"e-con-inner\">\n\t\t\t\t<div class=\"elementor-element elementor-element-ac24cf5 elementor-widget elementor-widget-heading\" data-id=\"ac24cf5\" data-element_type=\"widget\" data-e-type=\"widget\" data-widget_type=\"heading.default\">\n\t\t\t\t\t<h2 class=\"elementor-heading-title elementor-size-default\">Tambi\u00e9n te podr\u00eda interesar<\/h2>\t\t\t\t<\/div>\n\t\t\t\t\t<\/div>\n\t\t\t\t<\/div>\n\t\t<div data-particle_enable=\"false\" data-particle-mobile-disabled=\"false\" class=\"elementor-element elementor-element-dcb8749 e-flex e-con-boxed e-con e-parent\" data-id=\"dcb8749\" data-element_type=\"container\" data-e-type=\"container\">\n\t\t\t\t\t<div class=\"e-con-inner\">\n\t\t\t\t<div class=\"elementor-element elementor-element-456d010 elementor-grid-eael-col-3 elementor-grid-tablet-eael-col-2 elementor-grid-mobile-eael-col-1 elementor-widget elementor-widget-eael-post-grid\" data-id=\"456d010\" data-element_type=\"widget\" data-e-type=\"widget\" data-settings=\"{&quot;eael_post_grid_columns&quot;:&quot;eael-col-3&quot;,&quot;eael_post_grid_columns_tablet&quot;:&quot;eael-col-2&quot;,&quot;eael_post_grid_columns_mobile&quot;:&quot;eael-col-1&quot;}\" data-widget_type=\"eael-post-grid.default\">\n\t\t\t\t\t<div id=\"eael-post-grid-456d010\" class=\"eael-post-grid-container\">\n            <div class=\"eael-post-grid eael-post-appender eael-post-appender-456d010 eael-post-grid-style-one\" data-layout-mode=\"masonry\"><article class=\"eael-grid-post  eael-post-grid-column eael-pg-post-16944 category-recursos-migratorios\" data-id=\"16944\">\n        <div class=\"eael-grid-post-holder\">\n            <div class=\"eael-grid-post-holder-inner\"><div class=\"eael-entry-media\"><div class=\"eael-entry-overlay fade-in\"><i class=\"far fa-hand-pointer\" aria-hidden=\"true\"><\/i><a href=\"https:\/\/soymigrante.com\/revista\/todo-migrante-tiene-derechos-la-union-americana-de-libertades-civiles-recomienda\/\"><\/a><\/div><div class=\"eael-entry-thumbnail eael-image-ratio\">\n                <img decoding=\"async\" width=\"1024\" height=\"1024\" src=\"https:\/\/soymigrante.com\/revista\/wp-content\/uploads\/2024\/12\/migrantes-ruta-1-1024x1024.jpg\" class=\"attachment-large size-large wp-image-17020\" alt=\"Camino con peatones en carretera lluviosa, se\u00f1al de obra vial y l\u00edmite de velocidad de 30 km\/h, en un entorno natural y monta\u00f1oso, en la publicaci\u00f3n de SoyMigrante.com REVISTA.\" srcset=\"https:\/\/soymigrante.com\/revista\/wp-content\/uploads\/2024\/12\/migrantes-ruta-1-1024x1024.jpg 1024w, https:\/\/soymigrante.com\/revista\/wp-content\/uploads\/2024\/12\/migrantes-ruta-1-300x300.jpg 300w, https:\/\/soymigrante.com\/revista\/wp-content\/uploads\/2024\/12\/migrantes-ruta-1-150x150.jpg 150w, https:\/\/soymigrante.com\/revista\/wp-content\/uploads\/2024\/12\/migrantes-ruta-1-768x768.jpg 768w, https:\/\/soymigrante.com\/revista\/wp-content\/uploads\/2024\/12\/migrantes-ruta-1-1536x1536.jpg 1536w, https:\/\/soymigrante.com\/revista\/wp-content\/uploads\/2024\/12\/migrantes-ruta-1-2048x2048.jpg 2048w, https:\/\/soymigrante.com\/revista\/wp-content\/uploads\/2024\/12\/migrantes-ruta-1-75x75.webp 75w, https:\/\/soymigrante.com\/revista\/wp-content\/uploads\/2024\/12\/migrantes-ruta-1-750x750.webp 750w, https:\/\/soymigrante.com\/revista\/wp-content\/uploads\/2024\/12\/migrantes-ruta-1-1140x1140.webp 1140w, https:\/\/soymigrante.com\/revista\/wp-content\/uploads\/2024\/12\/migrantes-ruta-1-scaled.webp 1920w\" sizes=\"(max-width: 1024px) 100vw, 1024px\" \/>\n            <\/div>\n        <\/div><div class=\"eael-entry-wrapper\"><header class=\"eael-entry-header\"><h2 class=\"eael-entry-title\"><a class=\"eael-grid-post-link\" href=\"https:\/\/soymigrante.com\/revista\/todo-migrante-tiene-derechos-la-union-americana-de-libertades-civiles-recomienda\/\" title=\"Todo migrante tiene derechos: la Uni\u00f3n Americana de Libertades Civiles recomienda&#8230;\">Todo migrante tiene derechos: la Uni\u00f3n Americana de Libertades Civiles recomienda&#8230;<\/a><\/h2><\/header><div class=\"eael-entry-content\">\n                        <div class=\"eael-grid-post-excerpt\"><a href=\"https:\/\/soymigrante.com\/revista\/todo-migrante-tiene-derechos-la-union-americana-de-libertades-civiles-recomienda\/\" class=\"eael-post-elements-readmore-btn\">CONOCE SU HISTORIA <\/a><\/div>\n                    <\/div><\/div><\/div>\n        <\/div>\n    <\/article><article class=\"eael-grid-post  eael-post-grid-column eael-pg-post-47369 category-noticias\" data-id=\"47369\">\n        <div class=\"eael-grid-post-holder\">\n            <div class=\"eael-grid-post-holder-inner\"><div class=\"eael-entry-media\"><div class=\"eael-entry-overlay fade-in\"><i class=\"far fa-hand-pointer\" aria-hidden=\"true\"><\/i><a href=\"https:\/\/soymigrante.com\/revista\/operativos-antimaras-en-usa-se-utilizan-para-detener-migrantes-sin-antecedentes-cuestiona-insight-crime\/\"><\/a><\/div><div class=\"eael-entry-thumbnail eael-image-ratio\">\n                <img loading=\"lazy\" decoding=\"async\" width=\"831\" height=\"831\" src=\"https:\/\/soymigrante.com\/revista\/wp-content\/uploads\/2025\/10\/noticias-capturas-en-nashville.png\" class=\"attachment-large size-large wp-image-47402\" alt=\"noticias capturas en nashville\" srcset=\"https:\/\/soymigrante.com\/revista\/wp-content\/uploads\/2025\/10\/noticias-capturas-en-nashville.png 831w, https:\/\/soymigrante.com\/revista\/wp-content\/uploads\/2025\/10\/noticias-capturas-en-nashville-300x300.png 300w, https:\/\/soymigrante.com\/revista\/wp-content\/uploads\/2025\/10\/noticias-capturas-en-nashville-150x150.png 150w, https:\/\/soymigrante.com\/revista\/wp-content\/uploads\/2025\/10\/noticias-capturas-en-nashville-768x768.png 768w, https:\/\/soymigrante.com\/revista\/wp-content\/uploads\/2025\/10\/noticias-capturas-en-nashville-75x75.png 75w, https:\/\/soymigrante.com\/revista\/wp-content\/uploads\/2025\/10\/noticias-capturas-en-nashville-750x750.png 750w\" sizes=\"(max-width: 831px) 100vw, 831px\" \/>\n            <\/div>\n        <\/div><div class=\"eael-entry-wrapper\"><header class=\"eael-entry-header\"><h2 class=\"eael-entry-title\"><a class=\"eael-grid-post-link\" href=\"https:\/\/soymigrante.com\/revista\/operativos-antimaras-en-usa-se-utilizan-para-detener-migrantes-sin-antecedentes-cuestiona-insight-crime\/\" title=\"Operativos antimaras en USA se utilizan para detener migrantes sin antecedentes, cuestiona Insight Crime.\">Operativos antimaras en USA se utilizan para detener migrantes sin antecedentes, cuestiona Insight Crime.<\/a><\/h2><\/header><div class=\"eael-entry-content\">\n                        <div class=\"eael-grid-post-excerpt\"><a href=\"https:\/\/soymigrante.com\/revista\/operativos-antimaras-en-usa-se-utilizan-para-detener-migrantes-sin-antecedentes-cuestiona-insight-crime\/\" class=\"eael-post-elements-readmore-btn\">CONOCE SU HISTORIA <\/a><\/div>\n                    <\/div><\/div><\/div>\n        <\/div>\n    <\/article><article class=\"eael-grid-post  eael-post-grid-column eael-pg-post-48977 category-noticias\" data-id=\"48977\">\n        <div class=\"eael-grid-post-holder\">\n            <div class=\"eael-grid-post-holder-inner\"><div class=\"eael-entry-media\"><div class=\"eael-entry-overlay fade-in\"><i class=\"far fa-hand-pointer\" aria-hidden=\"true\"><\/i><a href=\"https:\/\/soymigrante.com\/revista\/gobernador-de-carolina-del-norte-senala-abusos-en-operativos-migratorios-y-pide-reporte-de-detenidos\/\"><\/a><\/div><div class=\"eael-entry-thumbnail eael-image-ratio\">\n                <img loading=\"lazy\" decoding=\"async\" width=\"856\" height=\"856\" src=\"https:\/\/soymigrante.com\/revista\/wp-content\/uploads\/2025\/11\/operativos-migratorios-carolina-del-norte.png\" class=\"attachment-large size-large wp-image-48978\" alt=\"operativos migratorios carolina del norte abusos\" srcset=\"https:\/\/soymigrante.com\/revista\/wp-content\/uploads\/2025\/11\/operativos-migratorios-carolina-del-norte.png 856w, https:\/\/soymigrante.com\/revista\/wp-content\/uploads\/2025\/11\/operativos-migratorios-carolina-del-norte-300x300.png 300w, https:\/\/soymigrante.com\/revista\/wp-content\/uploads\/2025\/11\/operativos-migratorios-carolina-del-norte-150x150.png 150w, https:\/\/soymigrante.com\/revista\/wp-content\/uploads\/2025\/11\/operativos-migratorios-carolina-del-norte-768x768.png 768w, https:\/\/soymigrante.com\/revista\/wp-content\/uploads\/2025\/11\/operativos-migratorios-carolina-del-norte-75x75.png 75w, https:\/\/soymigrante.com\/revista\/wp-content\/uploads\/2025\/11\/operativos-migratorios-carolina-del-norte-750x750.png 750w\" sizes=\"(max-width: 856px) 100vw, 856px\" \/>\n            <\/div>\n        <\/div><div class=\"eael-entry-wrapper\"><header class=\"eael-entry-header\"><h2 class=\"eael-entry-title\"><a class=\"eael-grid-post-link\" href=\"https:\/\/soymigrante.com\/revista\/gobernador-de-carolina-del-norte-senala-abusos-en-operativos-migratorios-y-pide-reporte-de-detenidos\/\" title=\"Gobernador de Carolina del Norte se\u00f1ala abusos en operativos migratorios y pide reporte de detenidos\">Gobernador de Carolina del Norte se\u00f1ala abusos en operativos migratorios y pide reporte de detenidos<\/a><\/h2><\/header><div class=\"eael-entry-content\">\n                        <div class=\"eael-grid-post-excerpt\"><a href=\"https:\/\/soymigrante.com\/revista\/gobernador-de-carolina-del-norte-senala-abusos-en-operativos-migratorios-y-pide-reporte-de-detenidos\/\" class=\"eael-post-elements-readmore-btn\">CONOCE SU HISTORIA <\/a><\/div>\n                    <\/div><\/div><\/div>\n        <\/div>\n    <\/article><\/div>\n            <div class=\"clearfix\"><\/div>\n        <\/div>\t\t\t\t<\/div>\n\t\t\t\t\t<\/div>\n\t\t\t\t<\/div>\n\t\t\t\t<\/div>\n\t\t","protected":false},"excerpt":{"rendered":"<p>A partir de este 21 de enero quedan en pausa indefinida las solicitudes y tr\u00e1mites de permiso de residencia en Estados Unidos o green card para migrantes de 75 pa\u00edses, incluyendo Guatemla. Desde este 21 de enero est\u00e1 vigente la suspensi\u00f3n indefinida a toda solicitud o tr\u00e1mite de\u00a0procesamiento de visas de residencia (o de inmigrante [&hellip;]<\/p>\n","protected":false},"author":1,"featured_media":51373,"comment_status":"open","ping_status":"open","sticky":false,"template":"","format":"standard","meta":{"_acf_changed":false,"_eb_attr":"","footnotes":""},"categories":[280],"tags":[],"class_list":["post-51372","post","type-post","status-publish","format-standard","has-post-thumbnail","hentry","category-noticias"],"acf":[],"aioseo_notices":[],"aioseo_head":"\n\t\t<!-- All in One SEO Pro 4.9.6.2 - aioseo.com -->\n\t<meta name=\"description\" content=\"Peligro para las comunidades y violencia contra ciudadanos se\u00f1ala Josh Stein, gobernador de Carolina del Norte en carta a la Secretaria de Seguridad Cristi Noem.\" \/>\n\t<meta name=\"robots\" content=\"max-snippet:-1, max-image-preview:large, max-video-preview:-1\" \/>\n\t<meta name=\"author\" content=\"SoyMigrante.com REVISTA\"\/>\n\t<link rel=\"canonical\" href=\"https:\/\/soymigrante.com\/revista\/gobernador-de-carolina-del-norte-senala-abusos-en-operativos-migratorios-y-pide-reporte-de-detenidos\/\" \/>\n\t<meta name=\"generator\" content=\"All in One SEO Pro (AIOSEO) 4.9.6.2\" \/>\n\n\t\t<link rel=\"preconnect\" href=\"https:\/\/fonts.googleapis.com\" crossorigin>\n<link rel=\"preconnect\" href=\"https:\/\/fonts.gstatic.com\" crossorigin>\n\t\t<meta property=\"og:locale\" content=\"es_ES\" \/>\n\t\t<meta property=\"og:site_name\" content=\"SoyMigrante.com REVISTA \u2013 Nuestra misi\u00f3n es reconocer y dignificar al migrante.\" \/>\n\t\t<meta property=\"og:type\" content=\"article\" \/>\n\t\t<meta property=\"og:title\" content=\"Gobernador de Carolina del Norte se\u00f1ala abusos en operativos\" \/>\n\t\t<meta property=\"og:description\" content=\"Peligro para las comunidades y violencia contra ciudadanos se\u00f1ala Josh Stein, gobernador de Carolina del Norte en carta a la Secretaria de Seguridad Cristi Noem.\" \/>\n\t\t<meta property=\"og:url\" content=\"https:\/\/soymigrante.com\/revista\/gobernador-de-carolina-del-norte-senala-abusos-en-operativos-migratorios-y-pide-reporte-de-detenidos\/\" \/>\n\t\t<meta property=\"og:image\" content=\"https:\/\/soymigrante.com\/revista\/wp-content\/uploads\/2025\/11\/operativos-migratorios-carolina-del-norte.png\" \/>\n\t\t<meta property=\"og:image:secure_url\" content=\"https:\/\/soymigrante.com\/revista\/wp-content\/uploads\/2025\/11\/operativos-migratorios-carolina-del-norte.png\" \/>\n\t\t<meta property=\"og:image:width\" content=\"856\" \/>\n\t\t<meta property=\"og:image:height\" content=\"856\" \/>\n\t\t<meta property=\"article:published_time\" content=\"2025-11-25T14:00:00+00:00\" \/>\n\t\t<meta property=\"article:modified_time\" content=\"2025-11-25T12:42:49+00:00\" \/>\n\t\t<meta property=\"article:publisher\" content=\"https:\/\/www.facebook.com\/soymigrantecom\" \/>\n\t\t<meta name=\"twitter:card\" content=\"summary_large_image\" \/>\n\t\t<meta name=\"twitter:site\" content=\"@SoyMigrante_com\" \/>\n\t\t<meta name=\"twitter:title\" content=\"Gobernador de Carolina del Norte se\u00f1ala abusos en operativos\" \/>\n\t\t<meta name=\"twitter:description\" content=\"Peligro para las comunidades y violencia contra ciudadanos se\u00f1ala Josh Stein, gobernador de Carolina del Norte en carta a la Secretaria de Seguridad Cristi Noem.\" \/>\n\t\t<meta name=\"twitter:creator\" content=\"@SoyMigrante_com\" \/>\n\t\t<meta name=\"twitter:image\" content=\"https:\/\/soymigrante.com\/revista\/wp-content\/uploads\/2025\/11\/operativos-migratorios-carolina-del-norte.png\" \/>\n\t\t<!-- All in One SEO Pro -->\r\n\t\t<title>Gobernador de Carolina del Norte se\u00f1ala abusos en operativos<\/title>\n\n","aioseo_head_json":{"title":"Gobernador de Carolina del Norte se\u00f1ala abusos en operativos","description":"Peligro para las comunidades y violencia contra ciudadanos se\u00f1ala Josh Stein, gobernador de Carolina del Norte en carta a la Secretaria de Seguridad Cristi Noem.","canonical_url":"https:\/\/soymigrante.com\/revista\/gobernador-de-carolina-del-norte-senala-abusos-en-operativos-migratorios-y-pide-reporte-de-detenidos\/","robots":"max-snippet:-1, max-image-preview:large, max-video-preview:-1","keywords":"","webmasterTools":{"miscellaneous":"&lt;link rel=\"preconnect\" href=\"https:\/\/fonts.googleapis.com\" crossorigin&gt;\n&lt;link rel=\"preconnect\" href=\"https:\/\/fonts.gstatic.com\" crossorigin&gt;"},"schema":null,"og:locale":"es_ES","og:site_name":"SoyMigrante.com REVISTA \u2013 Nuestra misi\u00f3n es reconocer y dignificar al migrante.","og:type":"article","og:title":"Gobernador de Carolina del Norte se\u00f1ala abusos en operativos","og:description":"Peligro para las comunidades y violencia contra ciudadanos se\u00f1ala Josh Stein, gobernador de Carolina del Norte en carta a la Secretaria de Seguridad Cristi Noem.","og:url":"https:\/\/soymigrante.com\/revista\/gobernador-de-carolina-del-norte-senala-abusos-en-operativos-migratorios-y-pide-reporte-de-detenidos\/","og:image":"https:\/\/soymigrante.com\/revista\/wp-content\/uploads\/2025\/11\/operativos-migratorios-carolina-del-norte.png","og:image:secure_url":"https:\/\/soymigrante.com\/revista\/wp-content\/uploads\/2025\/11\/operativos-migratorios-carolina-del-norte.png","og:image:width":856,"og:image:height":856,"article:published_time":"2025-11-25T14:00:00+00:00","article:modified_time":"2025-11-25T12:42:49+00:00","article:publisher":"https:\/\/www.facebook.com\/soymigrantecom","twitter:card":"summary_large_image","twitter:site":"@SoyMigrante_com","twitter:title":"Gobernador de Carolina del Norte se\u00f1ala abusos en operativos","twitter:description":"Peligro para las comunidades y violencia contra ciudadanos se\u00f1ala Josh Stein, gobernador de Carolina del Norte en carta a la Secretaria de Seguridad Cristi Noem.","twitter:creator":"@SoyMigrante_com","twitter:image":"https:\/\/soymigrante.com\/revista\/wp-content\/uploads\/2025\/11\/operativos-migratorios-carolina-del-norte.png"},"aioseo_meta_data":{"post_id":"51372","title":"Rige suspensi\u00f3n de visas de residencia USA para 75 pa\u00edses","description":"A partir de este 21 de enero congelados procesos de residencia para guatemaltecos y personas de otros 74 pa\u00edses incluidos en suspensi\u00f3n ordenada por Casa Blanca","keywords":null,"keyphrases":{"focus":{"keyphrase":"residencia","score":91,"analysis":{"keyphraseInTitle":{"score":9,"maxScore":9,"error":0},"keyphraseInDescription":{"score":9,"maxScore":9,"error":0},"keyphraseLength":{"score":9,"maxScore":9,"error":0,"length":1},"keyphraseInURL":{"score":5,"maxScore":5,"error":0},"keyphraseInIntroduction":{"score":9,"maxScore":9,"error":0},"keyphraseInSubHeadings":{"score":3,"maxScore":9,"error":1},"keyphraseInImageAlt":{"score":9,"maxScore":9,"error":0},"keywordDensity":{"type":"best","score":9,"maxScore":9,"error":0}}},"additional":[{"keyphrase":"suspensi\u00f3n","score":100,"analysis":{"keyphraseInDescription":{"score":9,"maxScore":9,"error":0},"keyphraseLength":{"score":9,"maxScore":9,"error":0,"length":2},"keyphraseInIntroduction":{"score":9,"maxScore":9,"error":0},"keyphraseInImageAlt":{"score":9,"maxScore":9,"error":0},"keywordDensity":{"type":"best","score":9,"maxScore":9,"error":0}}}]},"primary_term":null,"canonical_url":null,"og_title":null,"og_description":null,"og_object_type":"default","og_image_type":"default","og_image_url":null,"og_image_width":null,"og_image_height":null,"og_image_custom_url":null,"og_image_custom_fields":null,"og_video":"","og_custom_url":null,"og_article_section":null,"og_article_tags":null,"twitter_use_og":false,"twitter_card":"default","twitter_image_type":"default","twitter_image_url":null,"twitter_image_custom_url":null,"twitter_image_custom_fields":null,"twitter_title":null,"twitter_description":null,"schema":{"blockGraphs":[],"customGraphs":[],"default":{"data":{"Article":[],"Course":[],"Dataset":[],"FAQPage":[],"Movie":[],"Person":[],"Product":[],"ProductReview":[],"Car":[],"Recipe":[],"Service":[],"SoftwareApplication":[],"WebPage":[]},"graphName":"NewsArticle","isEnabled":true},"graphs":[]},"schema_type":"default","schema_type_options":null,"pillar_content":false,"robots_default":true,"robots_noindex":false,"robots_noarchive":false,"robots_nosnippet":false,"robots_nofollow":false,"robots_noimageindex":false,"robots_noodp":false,"robots_notranslate":false,"robots_max_snippet":"-1","robots_max_videopreview":"-1","robots_max_imagepreview":"large","priority":null,"frequency":"default","local_seo":null,"seo_analyzer_scan_date":"2026-03-02 20:23:39","breadcrumb_settings":null,"limit_modified_date":false,"reviewed_by":"0","open_ai":null,"ai":{"faqs":[],"keyPoints":[],"titles":[],"descriptions":[],"socialPosts":{"email":[],"linkedin":[],"twitter":[],"facebook":[],"instagram":[]}},"created":"2026-01-21 21:40:41","updated":"2026-03-06 15:45:37"},"aioseo_breadcrumb":"<div class=\"aioseo-breadcrumbs\"><span class=\"aioseo-breadcrumb\">\n\t<a href=\"https:\/\/soymigrante.com\/revista\" title=\"Home\">Home<\/a>\n<\/span><span class=\"aioseo-breadcrumb-separator\">\u00bb<\/span><span class=\"aioseo-breadcrumb\">\n\t<a href=\"https:\/\/soymigrante.com\/revista\/category\/noticias\/\" title=\"Noticias\">Noticias<\/a>\n<\/span><span class=\"aioseo-breadcrumb-separator\">\u00bb<\/span><span class=\"aioseo-breadcrumb\">\n\tRige suspensi\u00f3n total de tr\u00e1mites de visa de residencia USA para guatemaltecos\n<\/span><\/div>","aioseo_breadcrumb_json":[{"label":"Home","link":"https:\/\/soymigrante.com\/revista"},{"label":"Noticias","link":"https:\/\/soymigrante.com\/revista\/category\/noticias\/"},{"label":"Rige suspensi\u00f3n total de tr\u00e1mites de visa de residencia USA para guatemaltecos","link":"https:\/\/soymigrante.com\/revista\/rige-suspension-total-de-tramites-de-visa-de-residencia-usa-para-guatemaltecos\/"}],"_links":{"self":[{"href":"https:\/\/soymigrante.com\/revista\/wp-json\/wp\/v2\/posts\/51372","targetHints":{"allow":["GET"]}}],"collection":[{"href":"https:\/\/soymigrante.com\/revista\/wp-json\/wp\/v2\/posts"}],"about":[{"href":"https:\/\/soymigrante.com\/revista\/wp-json\/wp\/v2\/types\/post"}],"author":[{"embeddable":true,"href":"https:\/\/soymigrante.com\/revista\/wp-json\/wp\/v2\/users\/1"}],"replies":[{"embeddable":true,"href":"https:\/\/soymigrante.com\/revista\/wp-json\/wp\/v2\/comments?post=51372"}],"version-history":[{"count":5,"href":"https:\/\/soymigrante.com\/revista\/wp-json\/wp\/v2\/posts\/51372\/revisions"}],"predecessor-version":[{"id":51378,"href":"https:\/\/soymigrante.com\/revista\/wp-json\/wp\/v2\/posts\/51372\/revisions\/51378"}],"wp:featuredmedia":[{"embeddable":true,"href":"https:\/\/soymigrante.com\/revista\/wp-json\/wp\/v2\/media\/51373"}],"wp:attachment":[{"href":"https:\/\/soymigrante.com\/revista\/wp-json\/wp\/v2\/media?parent=51372"}],"wp:term":[{"taxonomy":"category","embeddable":true,"href":"https:\/\/soymigrante.com\/revista\/wp-json\/wp\/v2\/categories?post=51372"},{"taxonomy":"post_tag","embeddable":true,"href":"https:\/\/soymigrante.com\/revista\/wp-json\/wp\/v2\/tags?post=51372"}],"curies":[{"name":"wp","href":"https:\/\/api.w.org\/{rel}","templated":true}]}}