{"id":51359,"date":"2026-01-21T15:12:49","date_gmt":"2026-01-21T21:12:49","guid":{"rendered":"https:\/\/soymigrante.com\/revista\/?p=51359"},"modified":"2026-01-21T15:13:14","modified_gmt":"2026-01-21T21:13:14","slug":"vende-con-confianza-emprendedora-guatemalteca-en-chicago-ofrece-taller-gratuito-en-linea","status":"publish","type":"post","link":"https:\/\/soymigrante.com\/revista\/vende-con-confianza-emprendedora-guatemalteca-en-chicago-ofrece-taller-gratuito-en-linea\/","title":{"rendered":"Vende con confianza: emprendedora guatemalteca en Chicago ofrece taller gratuito en l\u00ednea"},"content":{"rendered":"\t\t<div data-elementor-type=\"wp-post\" data-elementor-id=\"51359\" class=\"elementor elementor-51359\" data-elementor-post-type=\"post\">\n\t\t\t\t<div data-particle_enable=\"false\" data-particle-mobile-disabled=\"false\" class=\"elementor-element elementor-element-4d2097a e-flex e-con-boxed e-con e-parent\" data-id=\"4d2097a\" data-element_type=\"container\" data-e-type=\"container\">\n\t\t\t\t\t<div class=\"e-con-inner\">\n\t\t\t\t<div class=\"elementor-element elementor-element-1560a7b elementor-widget elementor-widget-heading\" data-id=\"1560a7b\" data-element_type=\"widget\" data-e-type=\"widget\" data-widget_type=\"heading.default\">\n\t\t\t\t\t<h2 class=\"elementor-heading-title elementor-size-default\">Con el apoyo de Little Village Foundation de Chicago, la emprendedora Jackie de Le\u00f3n, de ra\u00edces guatemaltecas, brindar\u00e1 taller de ventas para animar a m\u00e1s emprendedores a lograr grandes metas.<\/h2>\t\t\t\t<\/div>\n\t\t\t\t\t<\/div>\n\t\t\t\t<\/div>\n\t\t<div data-particle_enable=\"false\" data-particle-mobile-disabled=\"false\" class=\"elementor-element elementor-element-6cba90d e-flex e-con-boxed e-con e-parent\" data-id=\"6cba90d\" data-element_type=\"container\" data-e-type=\"container\">\n\t\t\t\t\t<div class=\"e-con-inner\">\n\t\t\t\t<div class=\"elementor-element elementor-element-cafae8e elementor-widget elementor-widget-text-editor\" data-id=\"cafae8e\" data-element_type=\"widget\" data-e-type=\"widget\" data-widget_type=\"text-editor.default\">\n\t\t\t\t\t\t\t\t\t<p data-start=\"238\" data-end=\"610\">Hablar de beneficios y resultados, construir confianza desde la voz propia y convertir la historia personal en una herramienta de liderazgo son algunas de las claves que se abordar\u00e1n en el <strong data-start=\"427\" data-end=\"483\">taller virtual de ventas que ofrecer\u00e1 <a href=\"https:\/\/soymigrante.com\/revista\/madre-del-2025-chicago-jackie-de-leon-fiambre-guatemalteco-tradicion-migrante\/\">Jackie De Le\u00f3n<\/a><\/strong><a href=\"https:\/\/soymigrante.com\/revista\/madre-del-2025-chicago-jackie-de-leon-fiambre-guatemalteco-tradicion-migrante\/\">, emprendedora e hija de migrantes guatemaltecos en Chicago<\/a>, en una iniciativa respaldada por la <span data-start=\"580\" data-end=\"609\"><a href=\"https:\/\/www.facebook.com\/photo?fbid=884909507563763&amp;set=a.183042981083756\">Little Village Foundation, que tambi\u00e9n impulsa otras conferencias y webinars.<\/a><\/span><\/p><p data-start=\"612\" data-end=\"963\">Para De Le\u00f3n, <a href=\"https:\/\/soymigrante.com\/revista\/consejos-para-hacer-crecer-las-ventas-de-tu-emprendimiento\/\">vender va mucho m\u00e1s all\u00e1 <\/a>de t\u00e9cnicas persuasivas. \u201c<strong data-start=\"1030\" data-end=\"1122\">Vender no solo es convencer, sino comunicar con claridad qui\u00e9nes son y el impacto que generan<\/strong>\u201d, explica. A lo largo de sus charlas y acompa\u00f1amientos, ha identificado que muchos emprendimientos tienen <a href=\"https:\/\/soymigrante.com\/revista\/historias-exitos-migrantes\/\">historias<\/a> potentes que no siempre saben expresar.\u00a0<\/p>\t\t\t\t\t\t\t\t<\/div>\n\t\t\t\t\t<\/div>\n\t\t\t\t<\/div>\n\t\t<div data-particle_enable=\"false\" data-particle-mobile-disabled=\"false\" class=\"elementor-element elementor-element-0ab272b e-flex e-con-boxed e-con e-parent\" data-id=\"0ab272b\" data-element_type=\"container\" data-e-type=\"container\">\n\t\t\t\t\t<div class=\"e-con-inner\">\n\t\t\t\t<div class=\"elementor-element elementor-element-10485ee elementor-widget elementor-widget-image\" data-id=\"10485ee\" data-element_type=\"widget\" data-e-type=\"widget\" data-widget_type=\"image.default\">\n\t\t\t\t\t\t\t\t\t\t\t\t<figure class=\"wp-caption\">\n\t\t\t\t\t\t\t\t\t\t\t<a href=\"https:\/\/forms.gle\/4qonoL6hBPR8ztEk6\">\n\t\t\t\t\t\t\t<img fetchpriority=\"high\" decoding=\"async\" width=\"841\" height=\"1024\" src=\"https:\/\/soymigrante.com\/revista\/wp-content\/uploads\/2026\/01\/taller-jackie-de-leon-chicago-emprendedora-841x1024.jpg\" class=\"attachment-large size-large wp-image-51364\" alt=\"Este es el flyier que publicita la conferencia de Jackie de Le\u00f3n desde Chicago, patrocinada por la Fundaci\u00f3n Little Village. Para ir al link de registro clic en la imagen.\" srcset=\"https:\/\/soymigrante.com\/revista\/wp-content\/uploads\/2026\/01\/taller-jackie-de-leon-chicago-emprendedora-841x1024.jpg 841w, https:\/\/soymigrante.com\/revista\/wp-content\/uploads\/2026\/01\/taller-jackie-de-leon-chicago-emprendedora-246x300.jpg 246w, https:\/\/soymigrante.com\/revista\/wp-content\/uploads\/2026\/01\/taller-jackie-de-leon-chicago-emprendedora-768x936.jpg 768w, https:\/\/soymigrante.com\/revista\/wp-content\/uploads\/2026\/01\/taller-jackie-de-leon-chicago-emprendedora-750x914.jpg 750w, https:\/\/soymigrante.com\/revista\/wp-content\/uploads\/2026\/01\/taller-jackie-de-leon-chicago-emprendedora-1140x1389.jpg 1140w, https:\/\/soymigrante.com\/revista\/wp-content\/uploads\/2026\/01\/taller-jackie-de-leon-chicago-emprendedora.jpg 1182w\" sizes=\"(max-width: 841px) 100vw, 841px\" title=\"Este es el flyier que publicita la conferencia de Jackie de Le\u00f3n desde Chicago, patrocinada por la  Fundaci\u00f3n Little Village.  Para ir al link de registro clic en la imagen. \u2013 SoyMigrante.com REVISTA\" \/>\t\t\t\t\t\t\t\t<\/a>\n\t\t\t\t\t\t\t\t\t\t\t<figcaption class=\"widget-image-caption wp-caption-text\">Este es el flyier que publicita la conferencia de Jackie de Le\u00f3n desde Chicago, patrocinada por la  Fundaci\u00f3n Little Village.  Para ir al link de registro clic en la imagen.<\/figcaption>\n\t\t\t\t\t\t\t\t\t\t<\/figure>\n\t\t\t\t\t\t\t\t\t<\/div>\n\t\t\t\t\t<\/div>\n\t\t\t\t<\/div>\n\t\t<div data-particle_enable=\"false\" data-particle-mobile-disabled=\"false\" class=\"elementor-element elementor-element-52507b7 e-flex e-con-boxed e-con e-parent\" data-id=\"52507b7\" data-element_type=\"container\" data-e-type=\"container\">\n\t\t\t\t\t<div class=\"e-con-inner\">\n\t\t\t\t<div class=\"elementor-element elementor-element-0290503 elementor-widget elementor-widget-heading\" data-id=\"0290503\" data-element_type=\"widget\" data-e-type=\"widget\" data-widget_type=\"heading.default\">\n\t\t\t\t\t<h3 class=\"elementor-heading-title elementor-size-default\">Confianza bien contada<\/h3>\t\t\t\t<\/div>\n\t\t\t\t\t<\/div>\n\t\t\t\t<\/div>\n\t\t<div data-particle_enable=\"false\" data-particle-mobile-disabled=\"false\" class=\"elementor-element elementor-element-2d14e29 e-flex e-con-boxed e-con e-parent\" data-id=\"2d14e29\" data-element_type=\"container\" data-e-type=\"container\">\n\t\t\t\t\t<div class=\"e-con-inner\">\n\t\t\t\t<div class=\"elementor-element elementor-element-ebfd328 elementor-widget elementor-widget-text-editor\" data-id=\"ebfd328\" data-element_type=\"widget\" data-e-type=\"widget\" data-widget_type=\"text-editor.default\">\n\t\t\t\t\t\t\t\t\t<p data-start=\"238\" data-end=\"610\">\u201cDetr\u00e1s de cada emprendimiento <a href=\"https:\/\/soymigrante.com\/revista\/un-tejido-de-una-abuela-maya-es-tan-valioso-como-un-software-de-silicon-valley-marcos-antil-en-foro-de-industria-creativa\/\">hay una historia poderosa, y cuando esa historia se comunica con confianza, <\/a>el producto deja de ser uno m\u00e1s y se vuelve memorable\u201d, afirma en consonancia con los principios que impulsan <a href=\"https:\/\/soymigrante.com\/revista\/guia-para-empezar-a-vender-en-soymigrante-com-mercado-potencia-tu-emprendimiento-con-comercio-digital\/\">iniciativas como SoyMigrante.com\/Mercado.<\/a><\/p><p data-start=\"612\" data-end=\"963\">El taller busca <strong data-start=\"1467\" data-end=\"1499\">fortalecer habilidades clave<\/strong> como la confianza personal, la claridad al comunicar la marca, el liderazgo a trav\u00e9s de la voz propia y la capacidad de presentar productos \u201csin disfraces, desde la autenticidad\u201d.\u00a0<\/p><p data-start=\"612\" data-end=\"963\">Adem\u00e1s, se trabajar\u00e1 la importancia de <strong data-start=\"1719\" data-end=\"1756\">hablar de beneficios y resultados<\/strong>, y no solo de procesos, un punto crucial para mejorar las ventas.\u00a0 <a href=\"https:\/\/forms.gle\/4qonoL6hBPR8ztEk6\">Para inscribirse en el taller virtual puede llenarse un formulario digital en este link.<\/a><\/p>\t\t\t\t\t\t\t\t<\/div>\n\t\t\t\t\t<\/div>\n\t\t\t\t<\/div>\n\t\t<div data-particle_enable=\"false\" data-particle-mobile-disabled=\"false\" class=\"elementor-element elementor-element-48a0757 e-flex e-con-boxed e-con e-parent\" data-id=\"48a0757\" data-element_type=\"container\" data-e-type=\"container\">\n\t\t\t\t\t<div class=\"e-con-inner\">\n\t\t\t\t<div class=\"elementor-element elementor-element-cc8cb1e elementor-widget elementor-widget-image\" data-id=\"cc8cb1e\" data-element_type=\"widget\" data-e-type=\"widget\" data-widget_type=\"image.default\">\n\t\t\t\t\t\t\t\t\t\t\t\t<figure class=\"wp-caption\">\n\t\t\t\t\t\t\t\t\t\t\t<a href=\"https:\/\/soymigrante.com\/revista\/madre-del-2025-chicago-jackie-de-leon-fiambre-guatemalteco-tradicion-migrante\/\">\n\t\t\t\t\t\t\t<img decoding=\"async\" width=\"1093\" height=\"816\" src=\"https:\/\/soymigrante.com\/revista\/wp-content\/uploads\/2026\/01\/jackie-de-leon-chicago-migrante-guatemalteca-hija-de-migrantes.jpg\" class=\"attachment-large size-large wp-image-51365\" alt=\"Jackie de Le\u00f3n tiene su propia empresa de productos de publicidad y mercadeo. Adem\u00e1s prepara exquisitos tamales con sabor guatemalteco. Para conocer su historia completa puedes hacer clic en la foto.\" srcset=\"https:\/\/soymigrante.com\/revista\/wp-content\/uploads\/2026\/01\/jackie-de-leon-chicago-migrante-guatemalteca-hija-de-migrantes.jpg 1093w, https:\/\/soymigrante.com\/revista\/wp-content\/uploads\/2026\/01\/jackie-de-leon-chicago-migrante-guatemalteca-hija-de-migrantes-300x224.jpg 300w, https:\/\/soymigrante.com\/revista\/wp-content\/uploads\/2026\/01\/jackie-de-leon-chicago-migrante-guatemalteca-hija-de-migrantes-768x573.jpg 768w, https:\/\/soymigrante.com\/revista\/wp-content\/uploads\/2026\/01\/jackie-de-leon-chicago-migrante-guatemalteca-hija-de-migrantes-750x560.jpg 750w\" sizes=\"(max-width: 1093px) 100vw, 1093px\" title=\"Jackie de Le\u00f3n tiene su propia empresa de productos de publicidad y mercadeo. Adem\u00e1s prepara exquisitos tamales con sabor guatemalteco. Para conocer su historia completa puedes hacer clic en la foto. \u2013 SoyMigrante.com REVISTA\" \/>\t\t\t\t\t\t\t\t<\/a>\n\t\t\t\t\t\t\t\t\t\t\t<figcaption class=\"widget-image-caption wp-caption-text\">Jackie de Le\u00f3n tiene su propia empresa de productos de publicidad y mercadeo.  Junto a sus t\u00edas en Suchitep\u00e9quez, donde vivi\u00f3 por temporadas, aprendi\u00f3 a preparar exquisitos platillos guatemaltecos. Para conocer su historia completa puedes hacer clic en la foto.<\/figcaption>\n\t\t\t\t\t\t\t\t\t\t<\/figure>\n\t\t\t\t\t\t\t\t\t<\/div>\n\t\t\t\t\t<\/div>\n\t\t\t\t<\/div>\n\t\t<div data-particle_enable=\"false\" data-particle-mobile-disabled=\"false\" class=\"elementor-element elementor-element-f22cc02 e-flex e-con-boxed e-con e-parent\" data-id=\"f22cc02\" data-element_type=\"container\" data-e-type=\"container\">\n\t\t\t\t\t<div class=\"e-con-inner\">\n\t\t\t\t<div class=\"elementor-element elementor-element-f072861 elementor-widget elementor-widget-heading\" data-id=\"f072861\" data-element_type=\"widget\" data-e-type=\"widget\" data-widget_type=\"heading.default\">\n\t\t\t\t\t<h3 class=\"elementor-heading-title elementor-size-default\">Para competir hay que tener una buena historia<\/h3>\t\t\t\t<\/div>\n\t\t\t\t\t<\/div>\n\t\t\t\t<\/div>\n\t\t<div data-particle_enable=\"false\" data-particle-mobile-disabled=\"false\" class=\"elementor-element elementor-element-bba0df6 e-flex e-con-boxed e-con e-parent\" data-id=\"bba0df6\" data-element_type=\"container\" data-e-type=\"container\">\n\t\t\t\t\t<div class=\"e-con-inner\">\n\t\t\t\t<div class=\"elementor-element elementor-element-4685e09 elementor-widget elementor-widget-text-editor\" data-id=\"4685e09\" data-element_type=\"widget\" data-e-type=\"widget\" data-widget_type=\"text-editor.default\">\n\t\t\t\t\t\t\t\t\t<p data-start=\"238\" data-end=\"610\">Ante la diversidad de productos y servicios que hoy compiten en el mercado, <a href=\"https:\/\/soymigrante.com\/revista\/madre-del-2025-chicago-jackie-de-leon-fiambre-guatemalteco-tradicion-migrante\/\">Jackie<\/a> subraya que el aprendizaje central del taller es transversal: \u201c<strong data-start=\"1971\" data-end=\"2059\">No importa el tipo de producto, lo que realmente conecta es la historia detr\u00e1s de \u00e9l<\/strong>\u201d. Las y los asistentes aprender\u00e1n a identificar su mensaje central, usar su historia como herramienta de liderazgo, diferenciarse y presentar su emprendimiento de manera clara, segura y recordable.<\/p><p data-start=\"2259\" data-end=\"2684\">En el contexto digital, donde gran parte de las ventas ocurren en l\u00ednea, Jackie considera que el aspecto prioritario no es \u00fanicamente el dise\u00f1o o la plataforma, sino la credibilidad que se transmite. \u201c<strong data-start=\"2460\" data-end=\"2525\">La confianza comienza con la voz y el mensaje del emprendedor<\/strong>. En el mundo digital, la claridad del mensaje y la coherencia entre historia, marca y beneficios son clave para generar credibilidad y cerrar ventas\u201d, se\u00f1ala.<\/p>\t\t\t\t\t\t\t\t<\/div>\n\t\t\t\t\t<\/div>\n\t\t\t\t<\/div>\n\t\t<div data-particle_enable=\"false\" data-particle-mobile-disabled=\"false\" class=\"elementor-element elementor-element-9b558a4 e-flex e-con-boxed e-con e-parent\" data-id=\"9b558a4\" data-element_type=\"container\" data-e-type=\"container\">\n\t\t\t\t\t<div class=\"e-con-inner\">\n\t\t\t\t<div class=\"elementor-element elementor-element-0b947e7 elementor-grid-eael-col-1 elementor-grid-tablet-eael-col-2 elementor-grid-mobile-eael-col-1 elementor-widget elementor-widget-eael-post-grid\" data-id=\"0b947e7\" data-element_type=\"widget\" data-e-type=\"widget\" data-settings=\"{&quot;eael_post_grid_columns&quot;:&quot;eael-col-1&quot;,&quot;eael_post_grid_columns_tablet&quot;:&quot;eael-col-2&quot;,&quot;eael_post_grid_columns_mobile&quot;:&quot;eael-col-1&quot;}\" data-widget_type=\"eael-post-grid.default\">\n\t\t\t\t\t<div id=\"eael-post-grid-0b947e7\" class=\"eael-post-grid-container\">\n            <div class=\"eael-post-grid eael-post-appender eael-post-appender-0b947e7 eael-post-grid-style-one\" data-layout-mode=\"masonry\"><article class=\"eael-grid-post  eael-post-grid-column eael-pg-post-49189 category-guate-nuestra tags-mercado-emprendedores\" data-id=\"49189\">\n        <div class=\"eael-grid-post-holder\">\n            <div class=\"eael-grid-post-holder-inner\"><div class=\"eael-entry-media\"><div class=\"eael-entry-overlay fade-in\"><i class=\"far fa-hand-pointer\" aria-hidden=\"true\"><\/i><a href=\"https:\/\/soymigrante.com\/revista\/guia-para-empezar-a-vender-en-soymigrante-com-mercado-potencia-tu-emprendimiento-con-comercio-digital\/\"><\/a><\/div><div class=\"eael-entry-thumbnail eael-image-ratio\">\n                <img decoding=\"async\" width=\"421\" height=\"416\" src=\"https:\/\/soymigrante.com\/revista\/wp-content\/uploads\/2025\/12\/soymigrante-mercado-emprendedor-guia-para-empezar-a-vender-tienda-digital.png\" class=\"attachment-large size-large wp-image-49385\" alt=\"soymigrante mercado emprendedor guia para empezar a vender tienda digital\" srcset=\"https:\/\/soymigrante.com\/revista\/wp-content\/uploads\/2025\/12\/soymigrante-mercado-emprendedor-guia-para-empezar-a-vender-tienda-digital.png 421w, https:\/\/soymigrante.com\/revista\/wp-content\/uploads\/2025\/12\/soymigrante-mercado-emprendedor-guia-para-empezar-a-vender-tienda-digital-300x296.png 300w, https:\/\/soymigrante.com\/revista\/wp-content\/uploads\/2025\/12\/soymigrante-mercado-emprendedor-guia-para-empezar-a-vender-tienda-digital-75x75.png 75w\" sizes=\"(max-width: 421px) 100vw, 421px\" \/>\n            <\/div>\n        <\/div><div class=\"eael-entry-wrapper\"><header class=\"eael-entry-header\"><h2 class=\"eael-entry-title\"><a class=\"eael-grid-post-link\" href=\"https:\/\/soymigrante.com\/revista\/guia-para-empezar-a-vender-en-soymigrante-com-mercado-potencia-tu-emprendimiento-con-comercio-digital\/\" title=\"Gu\u00eda para empezar a vender en SoyMigrante.com MERCADO &#8211; Potencia tu emprendimiento con comercio digital\">Gu\u00eda para empezar a vender en SoyMigrante.com MERCADO &#8211; Potencia tu emprendimiento con comercio digital<\/a><\/h2><\/header><div class=\"eael-entry-content\">\n                        <div class=\"eael-grid-post-excerpt\"><a href=\"https:\/\/soymigrante.com\/revista\/guia-para-empezar-a-vender-en-soymigrante-com-mercado-potencia-tu-emprendimiento-con-comercio-digital\/\" class=\"eael-post-elements-readmore-btn\">CONOCE SU HISTORIA <\/a><\/div>\n                    <\/div><\/div><\/div>\n        <\/div>\n    <\/article><\/div>\n            <div class=\"clearfix\"><\/div>\n        <\/div>\t\t\t\t<\/div>\n\t\t\t\t\t<\/div>\n\t\t\t\t<\/div>\n\t\t<div data-particle_enable=\"false\" data-particle-mobile-disabled=\"false\" class=\"elementor-element elementor-element-c91344c e-flex e-con-boxed e-con e-parent\" data-id=\"c91344c\" data-element_type=\"container\" data-e-type=\"container\">\n\t\t\t\t\t<div class=\"e-con-inner\">\n\t\t\t\t<div class=\"elementor-element elementor-element-c78e879 elementor-widget elementor-widget-text-editor\" data-id=\"c78e879\" data-element_type=\"widget\" data-e-type=\"widget\" data-widget_type=\"text-editor.default\">\n\t\t\t\t\t\t\t\t\t<p data-start=\"238\" data-end=\"610\"><span style=\"color: #000000; font-family: Mulish, sans-serif; font-size: 29px; font-weight: bold;\">Ra\u00edces guatemaltecas y esp\u00edritu migrante<\/span><\/p>\n<p data-start=\"2732\" data-end=\"2994\">Aunque naci\u00f3 en California, Jackie De Le\u00f3n es hija de migrantes guatemaltecos y parte de su infancia transcurri\u00f3 en <strong data-start=\"2848\" data-end=\"2877\">San Antonio Suchitep\u00e9quez<\/strong>, Guatemala.<a href=\"https:\/\/soymigrante.com\/revista\/madre-del-2025-chicago-jackie-de-leon-fiambre-guatemalteco-tradicion-migrante\/\"> Para leer su historia completa puedes hacer clic en este link.<\/a><\/p>\n<p data-start=\"2996\" data-end=\"3359\">A los 18 a\u00f1os regres\u00f3 a Estados Unidos \u201c<strong data-start=\"3401\" data-end=\"3455\">ya con ese esp\u00edritu migrante de no tener fronteras<\/strong>\u201d. Hoy vive en Chicago, donde ha combinado trabajo, familia e i<a href=\"https:\/\/soymigrante.com\/revista\/chapines-nos-dicen-pero-de-donde-proviene-esta-expresion\/\">dentidad guatemalteca.&nbsp;<\/a><\/p>\n<p data-start=\"2996\" data-end=\"3359\">Desde ah\u00ed, y con el respaldo de iniciativas comunitarias como las impulsadas por la <a href=\"https:\/\/flvchicago.org\/\">Foundation of Little Village&nbsp;<\/a><span style=\"font-family: Roboto, sans-serif; font-size: 22px; font-style: normal; font-variant-ligatures: normal; font-variant-caps: normal; font-weight: 400;\"><a href=\"https:\/\/flvchicago.org\/\">entidad no lucrativa que impulsa el desarrollo econ\u00f3mico comunitario<\/a> y el fortalecimiento de emprendimientos locales en el distrito de<\/span><span style=\"font-family: Roboto, sans-serif; font-size: 22px; font-style: normal; font-variant-ligatures: normal; font-variant-caps: normal; font-weight: 400;\">&nbsp;<\/span><strong style=\"font-family: Roboto, sans-serif; font-size: 22px; font-style: normal; font-variant-ligatures: normal; font-variant-caps: normal;\" data-start=\"850\" data-end=\"962\">Little Village, uno de los principales corredores culturales y comerciales de la comunidad latina en Chicago<\/strong><span style=\"font-family: Roboto, sans-serif; font-size: 22px; font-style: normal; font-variant-ligatures: normal; font-variant-caps: normal; font-weight: 400;\">.<\/span><\/p>\n<div><span style=\"font-family: Roboto, sans-serif; font-size: 22px; font-style: normal; font-variant-ligatures: normal; font-variant-caps: normal; font-weight: 400;\">&nbsp;<\/span><\/div>\t\t\t\t\t\t\t\t<\/div>\n\t\t\t\t\t<\/div>\n\t\t\t\t<\/div>\n\t\t<div data-particle_enable=\"false\" data-particle-mobile-disabled=\"false\" class=\"elementor-element elementor-element-ccea7e2 e-flex e-con-boxed e-con e-parent\" data-id=\"ccea7e2\" data-element_type=\"container\" data-e-type=\"container\">\n\t\t\t\t\t<div class=\"e-con-inner\">\n\t\t\t\t<div class=\"elementor-element elementor-element-979171f elementor-widget elementor-widget-heading\" data-id=\"979171f\" data-element_type=\"widget\" data-e-type=\"widget\" data-widget_type=\"heading.default\">\n\t\t\t\t\t<h2 class=\"elementor-heading-title elementor-size-default\">Tambi\u00e9n te podr\u00eda interesar<\/h2>\t\t\t\t<\/div>\n\t\t\t\t\t<\/div>\n\t\t\t\t<\/div>\n\t\t<div data-particle_enable=\"false\" data-particle-mobile-disabled=\"false\" class=\"elementor-element elementor-element-14f2620 e-flex e-con-boxed e-con e-parent\" data-id=\"14f2620\" data-element_type=\"container\" data-e-type=\"container\">\n\t\t\t\t\t<div class=\"e-con-inner\">\n\t\t\t\t<div class=\"elementor-element elementor-element-8bacbe8 elementor-grid-eael-col-3 elementor-grid-tablet-eael-col-2 elementor-grid-mobile-eael-col-1 elementor-widget elementor-widget-eael-post-grid\" data-id=\"8bacbe8\" data-element_type=\"widget\" data-e-type=\"widget\" data-settings=\"{&quot;eael_post_grid_columns&quot;:&quot;eael-col-3&quot;,&quot;eael_post_grid_columns_tablet&quot;:&quot;eael-col-2&quot;,&quot;eael_post_grid_columns_mobile&quot;:&quot;eael-col-1&quot;}\" data-widget_type=\"eael-post-grid.default\">\n\t\t\t\t\t<div id=\"eael-post-grid-8bacbe8\" class=\"eael-post-grid-container\">\n            <div class=\"eael-post-grid eael-post-appender eael-post-appender-8bacbe8 eael-post-grid-style-one\" data-layout-mode=\"masonry\"><article class=\"eael-grid-post  eael-post-grid-column eael-pg-post-14276 category-guate-nuestra tags-mercado-emprendedores\" data-id=\"14276\">\n        <div class=\"eael-grid-post-holder\">\n            <div class=\"eael-grid-post-holder-inner\"><div class=\"eael-entry-media\"><div class=\"eael-entry-overlay fade-in\"><i class=\"far fa-hand-pointer\" aria-hidden=\"true\"><\/i><a href=\"https:\/\/soymigrante.com\/revista\/clinica-la-montana-de-colomba-costa-cuca-ofrece-capsulas-y-terapias-naturistas\/\"><\/a><\/div><div class=\"eael-entry-thumbnail eael-image-ratio\">\n                <img loading=\"lazy\" decoding=\"async\" width=\"542\" height=\"542\" src=\"https:\/\/soymigrante.com\/revista\/wp-content\/uploads\/2024\/11\/emprendedor-daniel-sanchez-1.webp\" class=\"attachment-large size-large wp-image-14277\" alt=\"Amplio \u00e1rbol de hoja perenne con un hombre sonriendo en medio de la naturaleza, s\u00edmbolo de crecimiento y sostenibilidad para art\u00edculos de agricultura y medio ambiente en SoyMigrante.com REVISTA.\" srcset=\"https:\/\/soymigrante.com\/revista\/wp-content\/uploads\/2024\/11\/emprendedor-daniel-sanchez-1.webp 542w, https:\/\/soymigrante.com\/revista\/wp-content\/uploads\/2024\/11\/emprendedor-daniel-sanchez-1-300x300.jpg 300w, https:\/\/soymigrante.com\/revista\/wp-content\/uploads\/2024\/11\/emprendedor-daniel-sanchez-1-150x150.jpg 150w, https:\/\/soymigrante.com\/revista\/wp-content\/uploads\/2024\/11\/emprendedor-daniel-sanchez-1-75x75.webp 75w\" sizes=\"(max-width: 542px) 100vw, 542px\" \/>\n            <\/div>\n        <\/div><div class=\"eael-entry-wrapper\"><header class=\"eael-entry-header\"><h2 class=\"eael-entry-title\"><a class=\"eael-grid-post-link\" href=\"https:\/\/soymigrante.com\/revista\/clinica-la-montana-de-colomba-costa-cuca-ofrece-capsulas-y-terapias-naturistas\/\" title=\"Danny S\u00e1nchez Mach\u00e1 ofrece productos del Centro Naturista de la Monta\u00f1a, desde Colomba Costa Cuca\">Danny S\u00e1nchez Mach\u00e1 ofrece productos del Centro Naturista de la Monta\u00f1a, desde Colomba Costa Cuca<\/a><\/h2><\/header><div class=\"eael-entry-content\">\n                        <div class=\"eael-grid-post-excerpt\"><a href=\"https:\/\/soymigrante.com\/revista\/clinica-la-montana-de-colomba-costa-cuca-ofrece-capsulas-y-terapias-naturistas\/\" class=\"eael-post-elements-readmore-btn\">CONOCE SU HISTORIA <\/a><\/div>\n                    <\/div><\/div><\/div>\n        <\/div>\n    <\/article><article class=\"eael-grid-post  eael-post-grid-column eael-pg-post-35123 category-guate-nuestra tags-mercado-emprendedores\" data-id=\"35123\">\n        <div class=\"eael-grid-post-holder\">\n            <div class=\"eael-grid-post-holder-inner\"><div class=\"eael-entry-media\"><div class=\"eael-entry-overlay fade-in\"><i class=\"far fa-hand-pointer\" aria-hidden=\"true\"><\/i><a href=\"https:\/\/soymigrante.com\/revista\/altahir-esencias-aceites-y-aromas-naturales-elaborados-por-las-hermanas-gil\/\"><\/a><\/div><div class=\"eael-entry-thumbnail eael-image-ratio\">\n                <img loading=\"lazy\" decoding=\"async\" width=\"590\" height=\"590\" src=\"https:\/\/soymigrante.com\/revista\/wp-content\/uploads\/2025\/05\/altahir-soymigrante-mercado-6.webp\" class=\"attachment-large size-large wp-image-35124\" alt=\"Accesible carrito de ventas con productos de belleza en tienda f\u00edsica, atendido por dos empleadas con delantales azul turquesa, en un entorno comercial colorido y moderno.\" srcset=\"https:\/\/soymigrante.com\/revista\/wp-content\/uploads\/2025\/05\/altahir-soymigrante-mercado-6.webp 590w, https:\/\/soymigrante.com\/revista\/wp-content\/uploads\/2025\/05\/altahir-soymigrante-mercado-6-300x300.jpg 300w, https:\/\/soymigrante.com\/revista\/wp-content\/uploads\/2025\/05\/altahir-soymigrante-mercado-6-150x150.jpg 150w, https:\/\/soymigrante.com\/revista\/wp-content\/uploads\/2025\/05\/altahir-soymigrante-mercado-6-75x75.webp 75w\" sizes=\"(max-width: 590px) 100vw, 590px\" \/>\n            <\/div>\n        <\/div><div class=\"eael-entry-wrapper\"><header class=\"eael-entry-header\"><h2 class=\"eael-entry-title\"><a class=\"eael-grid-post-link\" href=\"https:\/\/soymigrante.com\/revista\/altahir-esencias-aceites-y-aromas-naturales-elaborados-por-las-hermanas-gil\/\" title=\"Altahir: esencias, aceites y aromas naturales elaborados por las hermanas Gil\">Altahir: esencias, aceites y aromas naturales elaborados por las hermanas Gil<\/a><\/h2><\/header><div class=\"eael-entry-content\">\n                        <div class=\"eael-grid-post-excerpt\"><a href=\"https:\/\/soymigrante.com\/revista\/altahir-esencias-aceites-y-aromas-naturales-elaborados-por-las-hermanas-gil\/\" class=\"eael-post-elements-readmore-btn\">CONOCE SU HISTORIA <\/a><\/div>\n                    <\/div><\/div><\/div>\n        <\/div>\n    <\/article><article class=\"eael-grid-post  eael-post-grid-column eael-pg-post-47881 category-exitos-guatemala\" data-id=\"47881\">\n        <div class=\"eael-grid-post-holder\">\n            <div class=\"eael-grid-post-holder-inner\"><div class=\"eael-entry-media\"><div class=\"eael-entry-overlay fade-in\"><i class=\"far fa-hand-pointer\" aria-hidden=\"true\"><\/i><a href=\"https:\/\/soymigrante.com\/revista\/madre-del-2025-chicago-jackie-de-leon-fiambre-guatemalteco-tradicion-migrante\/\"><\/a><\/div><div class=\"eael-entry-thumbnail eael-image-ratio\">\n                <img loading=\"lazy\" decoding=\"async\" width=\"801\" height=\"801\" src=\"https:\/\/soymigrante.com\/revista\/wp-content\/uploads\/2025\/10\/jacke-de-leon-madre-del-ano-2025-chicago.jpg\" class=\"attachment-large size-large wp-image-47889\" alt=\"jacke de leon madre del a\u00f1o 2025 chicago\" srcset=\"https:\/\/soymigrante.com\/revista\/wp-content\/uploads\/2025\/10\/jacke-de-leon-madre-del-ano-2025-chicago.jpg 801w, https:\/\/soymigrante.com\/revista\/wp-content\/uploads\/2025\/10\/jacke-de-leon-madre-del-ano-2025-chicago-300x300.jpg 300w, https:\/\/soymigrante.com\/revista\/wp-content\/uploads\/2025\/10\/jacke-de-leon-madre-del-ano-2025-chicago-150x150.jpg 150w, https:\/\/soymigrante.com\/revista\/wp-content\/uploads\/2025\/10\/jacke-de-leon-madre-del-ano-2025-chicago-768x768.jpg 768w, https:\/\/soymigrante.com\/revista\/wp-content\/uploads\/2025\/10\/jacke-de-leon-madre-del-ano-2025-chicago-75x75.jpg 75w, https:\/\/soymigrante.com\/revista\/wp-content\/uploads\/2025\/10\/jacke-de-leon-madre-del-ano-2025-chicago-750x750.jpg 750w\" sizes=\"(max-width: 801px) 100vw, 801px\" \/>\n            <\/div>\n        <\/div><div class=\"eael-entry-wrapper\"><header class=\"eael-entry-header\"><h2 class=\"eael-entry-title\"><a class=\"eael-grid-post-link\" href=\"https:\/\/soymigrante.com\/revista\/madre-del-2025-chicago-jackie-de-leon-fiambre-guatemalteco-tradicion-migrante\/\" title=\"Jackie de Le\u00f3n pone el sabor del fiambre guatemalteco en Chicago\">Jackie de Le\u00f3n pone el sabor del fiambre guatemalteco en Chicago<\/a><\/h2><\/header><div class=\"eael-entry-content\">\n                        <div class=\"eael-grid-post-excerpt\"><a href=\"https:\/\/soymigrante.com\/revista\/madre-del-2025-chicago-jackie-de-leon-fiambre-guatemalteco-tradicion-migrante\/\" class=\"eael-post-elements-readmore-btn\">CONOCE SU HISTORIA <\/a><\/div>\n                    <\/div><\/div><\/div>\n        <\/div>\n    <\/article><\/div>\n            <div class=\"clearfix\"><\/div>\n        <\/div>\t\t\t\t<\/div>\n\t\t\t\t\t<\/div>\n\t\t\t\t<\/div>\n\t\t\t\t<\/div>\n\t\t","protected":false},"excerpt":{"rendered":"<p>Con el apoyo de Little Village Foundation de Chicago, la emprendedora Jackie de Le\u00f3n, de ra\u00edces guatemaltecas, brindar\u00e1 taller de ventas para animar a m\u00e1s emprendedores a lograr grandes metas. Hablar de beneficios y resultados, construir confianza desde la voz propia y convertir la historia personal en una herramienta de liderazgo son algunas de las [&hellip;]<\/p>\n","protected":false},"author":7,"featured_media":51360,"comment_status":"open","ping_status":"open","sticky":false,"template":"","format":"standard","meta":{"_acf_changed":false,"_eb_attr":"","footnotes":""},"categories":[54],"tags":[],"class_list":["post-51359","post","type-post","status-publish","format-standard","has-post-thumbnail","hentry","category-estamos-unidos"],"acf":[],"aioseo_notices":[],"aioseo_head":"\n\t\t<!-- All in One SEO Pro 4.9.6.2 - aioseo.com -->\n\t<meta name=\"description\" content=\"Empresaria, escritora y Madre del A\u00f1o 2025 electa por la Asociaci\u00f3n Cultural Guatemalteca de Chicago, Jackie de Le\u00f3n mantiene la tradici\u00f3n del fiambre.\" \/>\n\t<meta name=\"robots\" content=\"max-snippet:-1, max-image-preview:large, max-video-preview:-1\" \/>\n\t<meta name=\"author\" content=\"Gustavo Montenegro\"\/>\n\t<link rel=\"canonical\" href=\"https:\/\/soymigrante.com\/revista\/madre-del-2025-chicago-jackie-de-leon-fiambre-guatemalteco-tradicion-migrante\/\" \/>\n\t<meta name=\"generator\" content=\"All in One SEO Pro (AIOSEO) 4.9.6.2\" \/>\n\n\t\t<link rel=\"preconnect\" href=\"https:\/\/fonts.googleapis.com\" crossorigin>\n<link rel=\"preconnect\" href=\"https:\/\/fonts.gstatic.com\" crossorigin>\n\t\t<meta property=\"og:locale\" content=\"es_ES\" \/>\n\t\t<meta property=\"og:site_name\" content=\"SoyMigrante.com REVISTA \u2013 Nuestra misi\u00f3n es reconocer y dignificar al migrante.\" \/>\n\t\t<meta property=\"og:type\" content=\"article\" \/>\n\t\t<meta property=\"og:title\" content=\"Fiambre guatemalteco de Jackie de Le\u00f3n se saborea en Chicago\" \/>\n\t\t<meta property=\"og:description\" content=\"Empresaria, escritora y Madre del A\u00f1o 2025 electa por la Asociaci\u00f3n Cultural Guatemalteca de Chicago, Jackie de Le\u00f3n mantiene la tradici\u00f3n del fiambre.\" \/>\n\t\t<meta property=\"og:url\" content=\"https:\/\/soymigrante.com\/revista\/madre-del-2025-chicago-jackie-de-leon-fiambre-guatemalteco-tradicion-migrante\/\" \/>\n\t\t<meta property=\"og:image\" content=\"https:\/\/soymigrante.com\/revista\/wp-content\/uploads\/2025\/10\/jacke-de-leon-madre-del-ano-2025-chicago.jpg\" \/>\n\t\t<meta property=\"og:image:secure_url\" content=\"https:\/\/soymigrante.com\/revista\/wp-content\/uploads\/2025\/10\/jacke-de-leon-madre-del-ano-2025-chicago.jpg\" \/>\n\t\t<meta property=\"og:image:width\" content=\"801\" \/>\n\t\t<meta property=\"og:image:height\" content=\"801\" \/>\n\t\t<meta property=\"article:published_time\" content=\"2025-10-30T13:00:00+00:00\" \/>\n\t\t<meta property=\"article:modified_time\" content=\"2025-10-30T15:02:52+00:00\" \/>\n\t\t<meta property=\"article:publisher\" content=\"https:\/\/www.facebook.com\/soymigrantecom\" \/>\n\t\t<meta name=\"twitter:card\" content=\"summary_large_image\" \/>\n\t\t<meta name=\"twitter:site\" content=\"@SoyMigrante_com\" \/>\n\t\t<meta name=\"twitter:title\" content=\"Fiambre guatemalteco de Jackie de Le\u00f3n se saborea en Chicago\" \/>\n\t\t<meta name=\"twitter:description\" content=\"Empresaria, escritora y Madre del A\u00f1o 2025 electa por la Asociaci\u00f3n Cultural Guatemalteca de Chicago, Jackie de Le\u00f3n mantiene la tradici\u00f3n del fiambre.\" \/>\n\t\t<meta name=\"twitter:creator\" content=\"@SoyMigrante_com\" \/>\n\t\t<meta name=\"twitter:image\" content=\"https:\/\/soymigrante.com\/revista\/wp-content\/uploads\/2025\/10\/jacke-de-leon-madre-del-ano-2025-chicago.jpg\" \/>\n\t\t<!-- All in One SEO Pro -->\r\n\t\t<title>Fiambre guatemalteco de Jackie de Le\u00f3n se saborea en Chicago<\/title>\n\n","aioseo_head_json":{"title":"Fiambre guatemalteco de Jackie de Le\u00f3n se saborea en Chicago","description":"Empresaria, escritora y Madre del A\u00f1o 2025 electa por la Asociaci\u00f3n Cultural Guatemalteca de Chicago, Jackie de Le\u00f3n mantiene la tradici\u00f3n del fiambre.","canonical_url":"https:\/\/soymigrante.com\/revista\/madre-del-2025-chicago-jackie-de-leon-fiambre-guatemalteco-tradicion-migrante\/","robots":"max-snippet:-1, max-image-preview:large, max-video-preview:-1","keywords":"","webmasterTools":{"miscellaneous":"&lt;link rel=\"preconnect\" href=\"https:\/\/fonts.googleapis.com\" crossorigin&gt;\n&lt;link rel=\"preconnect\" href=\"https:\/\/fonts.gstatic.com\" crossorigin&gt;"},"schema":null,"og:locale":"es_ES","og:site_name":"SoyMigrante.com REVISTA \u2013 Nuestra misi\u00f3n es reconocer y dignificar al migrante.","og:type":"article","og:title":"Fiambre guatemalteco de Jackie de Le\u00f3n se saborea en Chicago","og:description":"Empresaria, escritora y Madre del A\u00f1o 2025 electa por la Asociaci\u00f3n Cultural Guatemalteca de Chicago, Jackie de Le\u00f3n mantiene la tradici\u00f3n del fiambre.","og:url":"https:\/\/soymigrante.com\/revista\/madre-del-2025-chicago-jackie-de-leon-fiambre-guatemalteco-tradicion-migrante\/","og:image":"https:\/\/soymigrante.com\/revista\/wp-content\/uploads\/2025\/10\/jacke-de-leon-madre-del-ano-2025-chicago.jpg","og:image:secure_url":"https:\/\/soymigrante.com\/revista\/wp-content\/uploads\/2025\/10\/jacke-de-leon-madre-del-ano-2025-chicago.jpg","og:image:width":801,"og:image:height":801,"article:published_time":"2025-10-30T13:00:00+00:00","article:modified_time":"2025-10-30T15:02:52+00:00","article:publisher":"https:\/\/www.facebook.com\/soymigrantecom","twitter:card":"summary_large_image","twitter:site":"@SoyMigrante_com","twitter:title":"Fiambre guatemalteco de Jackie de Le\u00f3n se saborea en Chicago","twitter:description":"Empresaria, escritora y Madre del A\u00f1o 2025 electa por la Asociaci\u00f3n Cultural Guatemalteca de Chicago, Jackie de Le\u00f3n mantiene la tradici\u00f3n del fiambre.","twitter:creator":"@SoyMigrante_com","twitter:image":"https:\/\/soymigrante.com\/revista\/wp-content\/uploads\/2025\/10\/jacke-de-leon-madre-del-ano-2025-chicago.jpg"},"aioseo_meta_data":{"post_id":"51359","title":"Vende con confianza: charla con emprendedora Jackie de Le\u00f3n","description":"Emprendedora de padres guatemaltecos radicada en Chicago Jackie de Le\u00f3n compartir\u00e1 claves de ventas para otros emprendedores. Taller gratuito en l\u00edna.","keywords":null,"keyphrases":{"focus":{"keyphrase":"Emprendedora","score":100,"analysis":{"keyphraseInTitle":{"score":9,"maxScore":9,"error":0},"keyphraseInDescription":{"score":9,"maxScore":9,"error":0},"keyphraseLength":{"score":9,"maxScore":9,"error":0,"length":1},"keyphraseInURL":{"score":5,"maxScore":5,"error":0}}},"additional":[{"keyphrase":"Chicago","score":100,"analysis":{"keyphraseInDescription":{"score":9,"maxScore":9,"error":0},"keyphraseLength":{"score":9,"maxScore":9,"error":0,"length":1}}}]},"primary_term":null,"canonical_url":null,"og_title":null,"og_description":null,"og_object_type":"default","og_image_type":"default","og_image_url":null,"og_image_width":null,"og_image_height":null,"og_image_custom_url":null,"og_image_custom_fields":null,"og_video":"","og_custom_url":null,"og_article_section":null,"og_article_tags":null,"twitter_use_og":false,"twitter_card":"default","twitter_image_type":"default","twitter_image_url":null,"twitter_image_custom_url":null,"twitter_image_custom_fields":null,"twitter_title":null,"twitter_description":null,"schema":{"blockGraphs":[],"customGraphs":[],"default":{"data":{"Article":[],"Course":[],"Dataset":[],"FAQPage":[],"Movie":[],"Person":[],"Product":[],"ProductReview":[],"Car":[],"Recipe":[],"Service":[],"SoftwareApplication":[],"WebPage":[]},"graphName":"NewsArticle","isEnabled":true},"graphs":[]},"schema_type":"default","schema_type_options":null,"pillar_content":false,"robots_default":true,"robots_noindex":false,"robots_noarchive":false,"robots_nosnippet":false,"robots_nofollow":false,"robots_noimageindex":false,"robots_noodp":false,"robots_notranslate":false,"robots_max_snippet":"-1","robots_max_videopreview":"-1","robots_max_imagepreview":"large","priority":null,"frequency":"default","local_seo":null,"seo_analyzer_scan_date":"2026-03-02 20:23:38","breadcrumb_settings":null,"limit_modified_date":false,"reviewed_by":"0","open_ai":null,"ai":{"faqs":[],"keyPoints":[],"titles":[],"descriptions":[],"socialPosts":{"email":[],"linkedin":[],"twitter":[],"facebook":[],"instagram":[]}},"created":"2026-01-21 20:26:27","updated":"2026-03-06 15:45:37"},"aioseo_breadcrumb":"<div class=\"aioseo-breadcrumbs\"><span class=\"aioseo-breadcrumb\">\n\t<a href=\"https:\/\/soymigrante.com\/revista\" title=\"Home\">Home<\/a>\n<\/span><span class=\"aioseo-breadcrumb-separator\">\u00bb<\/span><span class=\"aioseo-breadcrumb\">\n\t<a href=\"https:\/\/soymigrante.com\/revista\/category\/estamos-unidos\/\" title=\"Estamos Unidos\">Estamos Unidos<\/a>\n<\/span><span class=\"aioseo-breadcrumb-separator\">\u00bb<\/span><span class=\"aioseo-breadcrumb\">\n\tVende con confianza: emprendedora guatemalteca en Chicago ofrece taller gratuito en l\u00ednea\n<\/span><\/div>","aioseo_breadcrumb_json":[{"label":"Home","link":"https:\/\/soymigrante.com\/revista"},{"label":"Estamos Unidos","link":"https:\/\/soymigrante.com\/revista\/category\/estamos-unidos\/"},{"label":"Vende con confianza: emprendedora guatemalteca en Chicago ofrece taller gratuito en l\u00ednea","link":"https:\/\/soymigrante.com\/revista\/vende-con-confianza-emprendedora-guatemalteca-en-chicago-ofrece-taller-gratuito-en-linea\/"}],"_links":{"self":[{"href":"https:\/\/soymigrante.com\/revista\/wp-json\/wp\/v2\/posts\/51359","targetHints":{"allow":["GET"]}}],"collection":[{"href":"https:\/\/soymigrante.com\/revista\/wp-json\/wp\/v2\/posts"}],"about":[{"href":"https:\/\/soymigrante.com\/revista\/wp-json\/wp\/v2\/types\/post"}],"author":[{"embeddable":true,"href":"https:\/\/soymigrante.com\/revista\/wp-json\/wp\/v2\/users\/7"}],"replies":[{"embeddable":true,"href":"https:\/\/soymigrante.com\/revista\/wp-json\/wp\/v2\/comments?post=51359"}],"version-history":[{"count":8,"href":"https:\/\/soymigrante.com\/revista\/wp-json\/wp\/v2\/posts\/51359\/revisions"}],"predecessor-version":[{"id":51371,"href":"https:\/\/soymigrante.com\/revista\/wp-json\/wp\/v2\/posts\/51359\/revisions\/51371"}],"wp:featuredmedia":[{"embeddable":true,"href":"https:\/\/soymigrante.com\/revista\/wp-json\/wp\/v2\/media\/51360"}],"wp:attachment":[{"href":"https:\/\/soymigrante.com\/revista\/wp-json\/wp\/v2\/media?parent=51359"}],"wp:term":[{"taxonomy":"category","embeddable":true,"href":"https:\/\/soymigrante.com\/revista\/wp-json\/wp\/v2\/categories?post=51359"},{"taxonomy":"post_tag","embeddable":true,"href":"https:\/\/soymigrante.com\/revista\/wp-json\/wp\/v2\/tags?post=51359"}],"curies":[{"name":"wp","href":"https:\/\/api.w.org\/{rel}","templated":true}]}}