{"id":51342,"date":"2026-01-20T16:50:42","date_gmt":"2026-01-20T22:50:42","guid":{"rendered":"https:\/\/soymigrante.com\/revista\/?p=51342"},"modified":"2026-01-20T16:50:52","modified_gmt":"2026-01-20T22:50:52","slug":"temor-a-redadas-aleja-a-pacientes-de-clinicas-y-servicios-de-salud-en-minesota-y-otros-estados","status":"publish","type":"post","link":"https:\/\/soymigrante.com\/revista\/temor-a-redadas-aleja-a-pacientes-de-clinicas-y-servicios-de-salud-en-minesota-y-otros-estados\/","title":{"rendered":"Temor a redadas aleja a pacientes de cl\u00ednicas y servicios de salud en Minesota y otros Estados"},"content":{"rendered":"\t\t<div data-elementor-type=\"wp-post\" data-elementor-id=\"51342\" class=\"elementor elementor-51342\" data-elementor-post-type=\"post\">\n\t\t\t\t<div data-particle_enable=\"false\" data-particle-mobile-disabled=\"false\" class=\"elementor-element elementor-element-e8d86ba e-flex e-con-boxed e-con e-parent\" data-id=\"e8d86ba\" data-element_type=\"container\" data-e-type=\"container\">\n\t\t\t\t\t<div class=\"e-con-inner\">\n\t\t\t\t<div class=\"elementor-element elementor-element-0955828 elementor-widget elementor-widget-heading\" data-id=\"0955828\" data-element_type=\"widget\" data-e-type=\"widget\" data-widget_type=\"heading.default\">\n\t\t\t\t\t<h2 class=\"elementor-heading-title elementor-size-default\">Personas migrantes, residentes legales s incluso ciudadanos en Minesota y otros Estados dejan de asistir a citas m\u00e9dicas o no buscan ayuda por temor a toparse con redadas migratorias, lo cual incrementa riesgos sobre la salud p\u00fablica.<\/h2>\t\t\t\t<\/div>\n\t\t\t\t\t<\/div>\n\t\t\t\t<\/div>\n\t\t<div data-particle_enable=\"false\" data-particle-mobile-disabled=\"false\" class=\"elementor-element elementor-element-89012c0 e-flex e-con-boxed e-con e-parent\" data-id=\"89012c0\" data-element_type=\"container\" data-e-type=\"container\">\n\t\t\t\t\t<div class=\"e-con-inner\">\n\t\t\t\t<div class=\"elementor-element elementor-element-134bcd5 elementor-widget elementor-widget-text-editor\" data-id=\"134bcd5\" data-element_type=\"widget\" data-e-type=\"widget\" data-widget_type=\"text-editor.default\">\n\t\t\t\t\t\t\t\t\t<p data-start=\"112\" data-end=\"394\">El temor a las redadas migratorias est\u00e1 golpeando\u00a0 la salud p\u00fablica. Se reporta un creciente n\u00famero de\u00a0 personas que posponen o cancelan consultas m\u00e9dicas esenciales \u2014incluidas citas pedi\u00e1tricas, controles prenatales y atenci\u00f3n de urgencia\u2014 por miedo a encontrarse con agentes de Inmigraci\u00f3n y Control de Aduanas (ICE) en hospitales, cl\u00ednicas o en el trayecto hacia ellos, se\u00f1ala un informe del <a href=\"https:\/\/www.cidrap.umn.edu\/influenza-general\/minnesota-residents-delay-medical-care-fear-encountering-ice\">Instituto de Investigaci\u00f3n y An\u00e1lisis de Enermedades Infecciosas de la Universidad de Minesota.<\/a><\/p><p data-start=\"800\" data-end=\"1272\">Uno de los casos que ilustra la magnitud del problema es el de <strong data-start=\"863\" data-end=\"878\">Tina Ridler<\/strong>, de 60 a\u00f1os, quien vive con Covid-Extendido\u00a0\u00a0desde 2020 y ha sido hospitalizada en varias ocasiones, incluso por un co\u00e1gulo sangu\u00edneo potencialmente mortal.\u00a0<\/p><p data-start=\"800\" data-end=\"1272\">A pesar de ser ciudadana estadounidense nacida en el pa\u00eds, Ridler est\u00e1 retrasando sus citas en la Cl\u00ednica Mayo, en Rochester, <a href=\"https:\/\/soymigrante.com\/revista\/emprendedor-guatemalteco-impulsa-donacion-de-alimentos-a-familias-migrantes-en-minesota\/\">Minnesota<\/a>, por temor a cruzarse con agentes de ICE que realizan operativos en las inmediaciones del centro m\u00e9dico. <i>\u201cUno pensar\u00eda que un centro m\u00e9dico de primer nivel ser\u00eda un espacio seguro\u201d<\/i>, afirm\u00f3 Ridler. <i>\u201cEstoy posponiendo las citas porque no quiero entrar en un territorio donde ICE est\u00e1 operando\u201d.<\/i><\/p>\t\t\t\t\t\t\t\t<\/div>\n\t\t\t\t\t<\/div>\n\t\t\t\t<\/div>\n\t\t<div data-particle_enable=\"false\" data-particle-mobile-disabled=\"false\" class=\"elementor-element elementor-element-965a907 e-flex e-con-boxed e-con e-parent\" data-id=\"965a907\" data-element_type=\"container\" data-e-type=\"container\">\n\t\t\t\t\t<div class=\"e-con-inner\">\n\t\t\t\t<div class=\"elementor-element elementor-element-c0efd9e elementor-widget elementor-widget-image\" data-id=\"c0efd9e\" data-element_type=\"widget\" data-e-type=\"widget\" data-widget_type=\"image.default\">\n\t\t\t\t\t\t\t\t\t\t\t\t<figure class=\"wp-caption\">\n\t\t\t\t\t\t\t\t\t\t<img fetchpriority=\"high\" decoding=\"async\" width=\"1140\" height=\"641\" src=\"https:\/\/soymigrante.com\/revista\/wp-content\/uploads\/2026\/01\/atencion-de-salud-estados-unidos-1140x641.jpg\" class=\"attachment-large size-large wp-image-51347\" alt=\"No solo migrantes indocumentados sino tambi\u00e9n residentes legales e incluso ciudadanos estadounidenses evitan acudir a cl\u00ednicas, hospitales y centros de atenci\u00f3n m\u00e9dica, por temor a toparse con los abusos de ICE. En una temporada fuerte de gripes, esto es un riesgo creciente, se\u00f1ala el instituo de an\u00e1lisis de enferemedades infecciosas de la Universidad de Minesota.\" srcset=\"https:\/\/soymigrante.com\/revista\/wp-content\/uploads\/2026\/01\/atencion-de-salud-estados-unidos-1140x641.jpg 1140w, https:\/\/soymigrante.com\/revista\/wp-content\/uploads\/2026\/01\/atencion-de-salud-estados-unidos-300x169.jpg 300w, https:\/\/soymigrante.com\/revista\/wp-content\/uploads\/2026\/01\/atencion-de-salud-estados-unidos-768x432.jpg 768w, https:\/\/soymigrante.com\/revista\/wp-content\/uploads\/2026\/01\/atencion-de-salud-estados-unidos-1536x864.jpg 1536w, https:\/\/soymigrante.com\/revista\/wp-content\/uploads\/2026\/01\/atencion-de-salud-estados-unidos-2048x1151.jpg 2048w, https:\/\/soymigrante.com\/revista\/wp-content\/uploads\/2026\/01\/atencion-de-salud-estados-unidos-750x422.jpg 750w\" sizes=\"(max-width: 1140px) 100vw, 1140px\" title=\"No solo migrantes indocumentados sino tambi\u00e9n residentes legales e incluso ciudadanos estadounidenses evitan acudir a cl\u00ednicas, hospitales y centros de atenci\u00f3n m\u00e9dica, por temor a toparse con los abusos de ICE. En una temporada fuerte de gripes, esto es un riesgo creciente, se\u00f1ala el instituo de an\u00e1lisis de enferemedades infecciosas de la Universidad de Minesota. \u2013 SoyMigrante.com REVISTA\" \/>\t\t\t\t\t\t\t\t\t\t\t<figcaption class=\"widget-image-caption wp-caption-text\">No solo migrantes indocumentados sino tambi\u00e9n residentes legales e incluso ciudadanos estadounidenses evitan acudir a cl\u00ednicas, hospitales y centros de atenci\u00f3n m\u00e9dica, por temor a toparse con los abusos de ICE. En una temporada fuerte de gripes, esto es un riesgo creciente, se\u00f1ala el instituo de an\u00e1lisis de enferemedades infecciosas de la Universidad de Minesota.<\/figcaption>\n\t\t\t\t\t\t\t\t\t\t<\/figure>\n\t\t\t\t\t\t\t\t\t<\/div>\n\t\t\t\t\t<\/div>\n\t\t\t\t<\/div>\n\t\t<div data-particle_enable=\"false\" data-particle-mobile-disabled=\"false\" class=\"elementor-element elementor-element-dab1141 e-flex e-con-boxed e-con e-parent\" data-id=\"dab1141\" data-element_type=\"container\" data-e-type=\"container\">\n\t\t\t\t\t<div class=\"e-con-inner\">\n\t\t\t\t<div class=\"elementor-element elementor-element-c45c0e1 elementor-widget elementor-widget-heading\" data-id=\"c45c0e1\" data-element_type=\"widget\" data-e-type=\"widget\" data-widget_type=\"heading.default\">\n\t\t\t\t\t<h2 class=\"elementor-heading-title elementor-size-default\">Redadas y abusos son un peligro para la salud<\/h2>\t\t\t\t<\/div>\n\t\t\t\t\t<\/div>\n\t\t\t\t<\/div>\n\t\t<div data-particle_enable=\"false\" data-particle-mobile-disabled=\"false\" class=\"elementor-element elementor-element-8fa0f67 e-flex e-con-boxed e-con e-parent\" data-id=\"8fa0f67\" data-element_type=\"container\" data-e-type=\"container\">\n\t\t\t\t\t<div class=\"e-con-inner\">\n\t\t\t\t<div class=\"elementor-element elementor-element-07fb7a3 elementor-widget elementor-widget-text-editor\" data-id=\"07fb7a3\" data-element_type=\"widget\" data-e-type=\"widget\" data-widget_type=\"text-editor.default\">\n\t\t\t\t\t\t\t\t\t<p data-start=\"112\" data-end=\"394\">El temor a las <a href=\"https:\/\/soymigrante.com\/revista\/cancilleria-de-guatemala-emite-postura-y-recomendaciones-por-redadas-antimigrantes\/\">redadas <\/a>migratorias est\u00e1 golpeando\u00a0 la salud p\u00fablica. Se reporta un creciente n\u00famero de\u00a0 personas que posponen o cancelan consultas m\u00e9dicas esenciales \u2014incluidas citas pedi\u00e1tricas, controles prenatales y atenci\u00f3n de urgencia\u2014 por miedo a encontrarse con agentes de Inmigraci\u00f3n y Control de Aduanas (ICE) en hospitales, cl\u00ednicas o en el trayecto hacia ellos, se\u00f1ala un informe del <a href=\"https:\/\/www.cidrap.umn.edu\/influenza-general\/minnesota-residents-delay-medical-care-fear-encountering-ice\">Instituto de Investigaci\u00f3n y An\u00e1lisis de Enermedades Infecciosas de la Universidad de Minesota.<\/a><\/p><p data-start=\"800\" data-end=\"1272\">Uno de los casos que ilustra la magnitud del problema es el de <strong data-start=\"863\" data-end=\"878\">Tina Ridler<\/strong>, de 60 a\u00f1os, quien vive con Covid-Extendido\u00a0\u00a0desde 2020 y ha sido hospitalizada en varias ocasiones, incluso por un co\u00e1gulo sangu\u00edneo potencialmente mortal.\u00a0<\/p><p data-start=\"800\" data-end=\"1272\">A pesar de ser ciudadana estadounidense nacida en el pa\u00eds, Ridler est\u00e1 retrasando sus citas en la Cl\u00ednica Mayo, en Rochester, Minnesota, por temor a cruzarse con agentes de ICE que realizan operativos en las inmediaciones del centro m\u00e9dico. <i>\u201cUno pensar\u00eda que un centro m\u00e9dico de primer nivel ser\u00eda un espacio seguro\u201d<\/i>, afirm\u00f3 Ridler. <i>\u201cEstoy posponiendo las citas porque no quiero entrar en un territorio donde ICE est\u00e1 operando\u201d.<\/i><\/p><h3 data-start=\"1465\" data-end=\"1520\">Oportunidades perdidas y riesgo<\/h3><p data-start=\"1522\" data-end=\"1925\">El problema se agrava en medio de una temporada de <a href=\"https:\/\/soymigrante.com\/revista\/es-recomendable-recibir-la-vacuna-contra-la-influenza-comun\/\">influenza <\/a>particularmente severa, que ya ha provocado la muerte de <strong data-start=\"1640\" data-end=\"1652\">32 ni\u00f1os<\/strong>. Seg\u00fan <strong data-start=\"1660\" data-end=\"1685\">Janna Gewirtz O\u2019Brien<\/strong>, presidenta del cap\u00edtulo de Minnesota de la Academia Estadounidense de Pediatr\u00eda, las redadas est\u00e1n provocando que familias enteras eviten acudir a centros de salud, incluso cuando se trata de atenci\u00f3n urgente o preventiva.<\/p><p data-start=\"1522\" data-end=\"1925\"><i>\u201cHay muchos reportes de ICE entrando a hospitales o rondando sus alrededores, y las familias tienen razones fundadas para temer que un encuentro \u2014en el camino o dentro del sistema de salud\u2014 termine en detenci\u00f3n\u201d<\/i>, se\u00f1al\u00f3 O\u2019Brien.<\/p><p data-start=\"2159\" data-end=\"2536\">La m\u00e9dica relat\u00f3 el caso de un ni\u00f1o que lleg\u00f3 con una <strong data-start=\"2213\" data-end=\"2235\">apendicitis severa<\/strong> despu\u00e9s de que su familia esperara demasiado tiempo para buscar atenci\u00f3n m\u00e9dica.\u00a0<\/p><p data-start=\"2159\" data-end=\"2536\">Tambi\u00e9n indic\u00f3 que es cada vez m\u00e1s com\u00fan que los m\u00e9dicos reciban mensajes desesperados solicitando visitas domiciliarias o atenci\u00f3n fuera del hospital para beb\u00e9s con dificultad <a href=\"https:\/\/soymigrante.com\/revista\/parece-obvio-pero-hay-que-saber-protegerse-del-frio-algunas-claves\/\">respiratoria<\/a>, debido a que los padres no quieren exponerse a ser detenidos.\u00a0\u00a0<\/p>\t\t\t\t\t\t\t\t<\/div>\n\t\t\t\t\t<\/div>\n\t\t\t\t<\/div>\n\t\t<div data-particle_enable=\"false\" data-particle-mobile-disabled=\"false\" class=\"elementor-element elementor-element-cb3146d e-flex e-con-boxed e-con e-parent\" data-id=\"cb3146d\" data-element_type=\"container\" data-e-type=\"container\">\n\t\t\t\t\t<div class=\"e-con-inner\">\n\t\t\t\t<div class=\"elementor-element elementor-element-b810e3e elementor-widget elementor-widget-heading\" data-id=\"b810e3e\" data-element_type=\"widget\" data-e-type=\"widget\" data-widget_type=\"heading.default\">\n\t\t\t\t\t<h4 class=\"elementor-heading-title elementor-size-default\">Ciudadano fue sacado de su casa por ICE sin abrigo a pesar del intenso fr\u00edo.<\/h4>\t\t\t\t<\/div>\n\t\t\t\t\t<\/div>\n\t\t\t\t<\/div>\n\t\t<div data-particle_enable=\"false\" data-particle-mobile-disabled=\"false\" class=\"elementor-element elementor-element-fb9c610 e-flex e-con-boxed e-con e-parent\" data-id=\"fb9c610\" data-element_type=\"container\" data-e-type=\"container\">\n\t\t\t\t\t<div class=\"e-con-inner\">\n\t\t\t\t<div class=\"elementor-element elementor-element-743bb23 elementor-widget elementor-widget-html\" data-id=\"743bb23\" data-element_type=\"widget\" data-e-type=\"widget\" data-widget_type=\"html.default\">\n\t\t\t\t\t<iframe width=\"560\" height=\"315\" src=\"https:\/\/www.youtube.com\/embed\/nlhwZuxDl-E?si=yallVlT6S6QRIaky\" title=\"YouTube video player\" frameborder=\"0\" allow=\"accelerometer; autoplay; clipboard-write; encrypted-media; gyroscope; picture-in-picture; web-share\" referrerpolicy=\"strict-origin-when-cross-origin\" allowfullscreen><\/iframe>\t\t\t\t<\/div>\n\t\t\t\t\t<\/div>\n\t\t\t\t<\/div>\n\t\t<div data-particle_enable=\"false\" data-particle-mobile-disabled=\"false\" class=\"elementor-element elementor-element-dcb42b8 e-flex e-con-boxed e-con e-parent\" data-id=\"dcb42b8\" data-element_type=\"container\" data-e-type=\"container\">\n\t\t\t\t\t<div class=\"e-con-inner\">\n\t\t\t\t<div class=\"elementor-element elementor-element-e55ce2c elementor-widget elementor-widget-text-editor\" data-id=\"e55ce2c\" data-element_type=\"widget\" data-e-type=\"widget\" data-widget_type=\"text-editor.default\">\n\t\t\t\t\t\t\t\t\t<p data-start=\"112\" data-end=\"394\"><span style=\"color: #000000; font-family: Mulish, sans-serif; font-size: 29px; font-weight: bold;\">Peligroso alejamiento de la salud<\/span><\/p><p data-start=\"2778\" data-end=\"3058\">Para <strong data-start=\"2783\" data-end=\"2801\">Michelle Gross<\/strong>, presidenta de la organizaci\u00f3n <em data-start=\"2833\" data-end=\"2878\">Communities United Against Police Brutality<\/em>, la situaci\u00f3n ha empeorado con rapidez. Al inicio de los operativos, voluntarios ayudaban trasladando a personas migrantes a sus citas m\u00e9dicas. Hoy, esa estrategia ya no funciona.\u00a0<\/p><p data-start=\"2778\" data-end=\"3058\">\u201cAhora que ICE ha aparecido dentro y alrededor de hospitales y cl\u00ednicas, la <a href=\"https:\/\/soymigrante.com\/revista\/temor-a-redadas-en-usa-puede-poner-en-riesgo-a-madres-y-bebes\/\">gente est\u00e1 renunciando por completo a la atenci\u00f3n m\u00e9dica<\/a>\u201d, explic\u00f3 Gross. \u201cNuestro vecindario suena como una zona de guerra. El gobierno federal ha declarado, literalmente, una guerra contra nuestra comunidad\u201d.<\/p><p data-start=\"3354\" data-end=\"3758\">ICE mantiene presencia en Minnesota desde principios de diciembre, pero esta se intensific\u00f3 dr\u00e1sticamente a inicios de a\u00f1o. El <strong data-start=\"3481\" data-end=\"3495\">6 de enero<\/strong>, la secretaria de Seguridad Nacional, <strong data-start=\"3534\" data-end=\"3549\">Kristi Noem<\/strong>, anunci\u00f3 el despliegue de <strong data-start=\"3576\" data-end=\"3600\">2,000 agentes de ICE<\/strong>\u00a0 adicionales en el estado, y posteriormente inform\u00f3 que \u201ccientos m\u00e1s\u201d podr\u00edan sumarse.\u00a0<\/p><h3 data-start=\"3760\" data-end=\"3814\">Respuestas de emergencia\u00a0<\/h3><p data-start=\"3816\" data-end=\"4252\">Ante la ca\u00edda de consultas, algunos proveedores est\u00e1n buscando soluciones alternativas. <strong data-start=\"3904\" data-end=\"3927\">Hennepin Healthcare<\/strong> ha ampliado el uso de <strong data-start=\"3950\" data-end=\"3966\">telemedicina<\/strong> para pacientes con dificultades para acceder a la atenci\u00f3n presencial.\u00a0<\/p><p data-start=\"3816\" data-end=\"4252\">Adem\u00e1s, su cl\u00ednica pedi\u00e1trica m\u00f3vil \u2014creada durante la pandemia de COVID-19\u2014 ha aumentado sus turnos y ofrece vacunaciones y controles de ni\u00f1o sano, con la expectativa de incorporar atenci\u00f3n de enfermedades agudas.\u00a0<i>\u201cNuestra comunidad sanitaria es incre\u00edble: se est\u00e1 movilizando y tratando de responder lo m\u00e1s r\u00e1pido posible\u201d, <\/i>afirm\u00f3 O\u2019Brien.<\/p>\t\t\t\t\t\t\t\t<\/div>\n\t\t\t\t\t<\/div>\n\t\t\t\t<\/div>\n\t\t<div data-particle_enable=\"false\" data-particle-mobile-disabled=\"false\" class=\"elementor-element elementor-element-0fe816b e-flex e-con-boxed e-con e-parent\" data-id=\"0fe816b\" data-element_type=\"container\" data-e-type=\"container\">\n\t\t\t\t\t<div class=\"e-con-inner\">\n\t\t\t\t<div class=\"elementor-element elementor-element-6154afc elementor-headline--style-highlight elementor-widget elementor-widget-animated-headline\" data-id=\"6154afc\" data-element_type=\"widget\" data-e-type=\"widget\" data-settings=\"{&quot;highlighted_text&quot;:&quot;el 84%&quot;,&quot;headline_style&quot;:&quot;highlight&quot;,&quot;marker&quot;:&quot;circle&quot;,&quot;loop&quot;:&quot;yes&quot;,&quot;highlight_animation_duration&quot;:1200,&quot;highlight_iteration_delay&quot;:8000}\" data-widget_type=\"animated-headline.default\">\n\t\t\t\t\t\t\t<h3 class=\"elementor-headline\">\n\t\t\t\t\t<span class=\"elementor-headline-plain-text elementor-headline-text-wrapper\">De 691 profesionales de la salud encuestados en 30 estados<\/span>\n\t\t\t\t<span class=\"elementor-headline-dynamic-wrapper elementor-headline-text-wrapper\">\n\t\t\t\t\t<span class=\"elementor-headline-dynamic-text elementor-headline-text-active\">el 84%<\/span>\n\t\t\t\t<\/span>\n\t\t\t\t\t<span class=\"elementor-headline-plain-text elementor-headline-text-wrapper\">report\u00f3 una disminuci\u00f3n significativa en las visitas de pacientes en 2025 y lo que va de 2026<\/span>\n\t\t\t\t\t<\/h3>\n\t\t\t\t\t\t<\/div>\n\t\t\t\t\t<\/div>\n\t\t\t\t<\/div>\n\t\t<div data-particle_enable=\"false\" data-particle-mobile-disabled=\"false\" class=\"elementor-element elementor-element-c19cbf3 e-flex e-con-boxed e-con e-parent\" data-id=\"c19cbf3\" data-element_type=\"container\" data-e-type=\"container\">\n\t\t\t\t\t<div class=\"e-con-inner\">\n\t\t\t\t<div class=\"elementor-element elementor-element-6233310 elementor-widget elementor-widget-text-editor\" data-id=\"6233310\" data-element_type=\"widget\" data-e-type=\"widget\" data-widget_type=\"text-editor.default\">\n\t\t\t\t\t\t\t\t\t<p data-start=\"112\" data-end=\"394\"><span style=\"color: #000000; font-family: Mulish, sans-serif; font-size: 29px; font-weight: bold;\">Un patr\u00f3n que se repite a nivel nacional<\/span><\/p><p data-start=\"4430\" data-end=\"4845\">Lo que ocurre en Minnesota no es un caso aislado. Una encuesta nacional realizada a <strong data-start=\"4514\" data-end=\"4561\">691 profesionales de la salud en 30 estados<\/strong> revela que <strong data-start=\"4573\" data-end=\"4581\">84 %<\/strong> reporta una disminuci\u00f3n significativa o moderada en las visitas de pacientes desde enero de 2025, tras la emisi\u00f3n de una orden ejecutiva presidencial en materia migratoria. El estudio fue elaborado por <em data-start=\"4784\" data-end=\"4813\">Physicians for Human Rights<\/em> y <em data-start=\"4816\" data-end=\"4844\">Migrant Clinicians Network<\/em>.<\/p><p data-start=\"4847\" data-end=\"5059\">El informe documenta que <strong data-start=\"4872\" data-end=\"4928\">ni\u00f1os est\u00e1n llegando solos a las salas de emergencia<\/strong> y que profesionales de la salud atienden a menores de apenas <strong data-start=\"4990\" data-end=\"5020\">6 a\u00f1os con ansiedad severa<\/strong> por el miedo a la separaci\u00f3n familiar.<\/p><p data-start=\"4847\" data-end=\"5059\"><span style=\"color: #000000; font-family: Mulish, sans-serif; font-size: 29px; font-weight: bold;\">Ciudadanos\u00a0 viven con miedo<\/span><\/p><p data-start=\"5484\" data-end=\"5831\">El temor no se limita a personas indocumentadas. <strong data-start=\"5533\" data-end=\"5541\">Mawe<\/strong>, madre de nueve hijos y ciudadana estadounidense nacida en Texas, cancel\u00f3 dos controles rutinarios para su reci\u00e9n nacido \u2014nacido el 2 de enero\u2014 por <a href=\"https:\/\/soymigrante.com\/revista\/el-miedo-en-los-migrantes-puede-modularse-y-transformarse-andre-armas-educador-guatemalteco\/\">miedo <\/a>a ser detenida camino al consultorio. Solo accedi\u00f3 a llevar al beb\u00e9 cuando su m\u00e9dico insisti\u00f3 para verificar su peso y estado card\u00edaco.\u00a0<\/p><p data-start=\"5484\" data-end=\"5831\">\u201cHe visto a ICE detener a ciudadanos, incluso con papeles, personas nacidas en Estados Unidos que no deber\u00edan ser arrestadas\u201d, relat\u00f3. \u201cHa sido muy peligroso\u201d. Mawe, que es hispana, casi no sale de su casa. Voluntarios, incluida la propia Ridler, le llevan alimentos.\u00a0<\/p><p data-start=\"7531\" data-end=\"7651\" data-is-last-node=\"\" data-is-only-node=\"\"><strong data-start=\"7531\" data-end=\"7651\" data-is-last-node=\"\"><a href=\"https:\/\/www.cidrap.umn.edu\/influenza-general\/minnesota-residents-delay-medical-care-fear-encountering-ice\">Fuente: CIDRAP News (Centro para la Investigaci\u00f3n y Pol\u00edtica de Enfermedades Infecciosas, Universidad de Minnesota).<\/a><\/strong><\/p>\t\t\t\t\t\t\t\t<\/div>\n\t\t\t\t\t<\/div>\n\t\t\t\t<\/div>\n\t\t<div data-particle_enable=\"false\" data-particle-mobile-disabled=\"false\" class=\"elementor-element elementor-element-5171dcb e-flex e-con-boxed e-con e-parent\" data-id=\"5171dcb\" data-element_type=\"container\" data-e-type=\"container\">\n\t\t\t\t\t<div class=\"e-con-inner\">\n\t\t\t\t<div class=\"elementor-element elementor-element-0546f5b elementor-widget elementor-widget-heading\" data-id=\"0546f5b\" data-element_type=\"widget\" data-e-type=\"widget\" data-widget_type=\"heading.default\">\n\t\t\t\t\t<h2 class=\"elementor-heading-title elementor-size-default\">Tambi\u00e9n podr\u00eda interesarte<\/h2>\t\t\t\t<\/div>\n\t\t\t\t\t<\/div>\n\t\t\t\t<\/div>\n\t\t<div data-particle_enable=\"false\" data-particle-mobile-disabled=\"false\" class=\"elementor-element elementor-element-d471b73 e-flex e-con-boxed e-con e-parent\" data-id=\"d471b73\" data-element_type=\"container\" data-e-type=\"container\">\n\t\t\t\t\t<div class=\"e-con-inner\">\n\t\t\t\t<div class=\"elementor-element elementor-element-840db08 elementor-grid-eael-col-3 elementor-grid-tablet-eael-col-2 elementor-grid-mobile-eael-col-1 elementor-widget elementor-widget-eael-post-grid\" data-id=\"840db08\" data-element_type=\"widget\" data-e-type=\"widget\" data-settings=\"{&quot;eael_post_grid_columns&quot;:&quot;eael-col-3&quot;,&quot;eael_post_grid_columns_tablet&quot;:&quot;eael-col-2&quot;,&quot;eael_post_grid_columns_mobile&quot;:&quot;eael-col-1&quot;}\" data-widget_type=\"eael-post-grid.default\">\n\t\t\t\t\t<div id=\"eael-post-grid-840db08\" class=\"eael-post-grid-container\">\n            <div class=\"eael-post-grid eael-post-appender eael-post-appender-840db08 eael-post-grid-style-one\" data-layout-mode=\"masonry\"><article class=\"eael-grid-post  eael-post-grid-column eael-pg-post-9250 category-bienestar\" data-id=\"9250\">\n        <div class=\"eael-grid-post-holder\">\n            <div class=\"eael-grid-post-holder-inner\"><div class=\"eael-entry-media\"><div class=\"eael-entry-overlay fade-in\"><i class=\"far fa-hand-pointer\" aria-hidden=\"true\"><\/i><a href=\"https:\/\/soymigrante.com\/revista\/salud-preventiva-enfermedades-cronicas-afectan-mas-a-hombres-en-usa\/\"><\/a><\/div><div class=\"eael-entry-thumbnail eael-image-ratio\">\n                <img decoding=\"async\" width=\"1024\" height=\"1024\" src=\"https:\/\/soymigrante.com\/revista\/wp-content\/uploads\/2024\/09\/cheque-medico-hombres-soy-migrante2-1024x1024.webp\" class=\"attachment-large size-large wp-image-9256\" alt=\"Medicamento, consulta m\u00e9dica, tratamiento farmac\u00e9utico, salud, atenci\u00f3n m\u00e9dica.\" srcset=\"https:\/\/soymigrante.com\/revista\/wp-content\/uploads\/2024\/09\/cheque-medico-hombres-soy-migrante2-1024x1024.webp 1024w, https:\/\/soymigrante.com\/revista\/wp-content\/uploads\/2024\/09\/cheque-medico-hombres-soy-migrante2-300x300.webp 300w, https:\/\/soymigrante.com\/revista\/wp-content\/uploads\/2024\/09\/cheque-medico-hombres-soy-migrante2-150x150.webp 150w, https:\/\/soymigrante.com\/revista\/wp-content\/uploads\/2024\/09\/cheque-medico-hombres-soy-migrante2-768x768.webp 768w, https:\/\/soymigrante.com\/revista\/wp-content\/uploads\/2024\/09\/cheque-medico-hombres-soy-migrante2-1536x1536.webp 1536w, https:\/\/soymigrante.com\/revista\/wp-content\/uploads\/2024\/09\/cheque-medico-hombres-soy-migrante2-scaled.webp 1920w, https:\/\/soymigrante.com\/revista\/wp-content\/uploads\/2024\/09\/cheque-medico-hombres-soy-migrante2-75x75.webp 75w, https:\/\/soymigrante.com\/revista\/wp-content\/uploads\/2024\/09\/cheque-medico-hombres-soy-migrante2-750x750.webp 750w, https:\/\/soymigrante.com\/revista\/wp-content\/uploads\/2024\/09\/cheque-medico-hombres-soy-migrante2-1140x1140.webp 1140w\" sizes=\"(max-width: 1024px) 100vw, 1024px\" \/>\n            <\/div>\n        <\/div><div class=\"eael-entry-wrapper\"><header class=\"eael-entry-header\"><h2 class=\"eael-entry-title\"><a class=\"eael-grid-post-link\" href=\"https:\/\/soymigrante.com\/revista\/salud-preventiva-enfermedades-cronicas-afectan-mas-a-hombres-en-usa\/\" title=\"Salud preventiva: Enfermedades cr\u00f3nicas afectan m\u00e1s a hombres en USA\">Salud preventiva: Enfermedades cr\u00f3nicas afectan m\u00e1s a hombres en USA<\/a><\/h2><\/header><div class=\"eael-entry-content\">\n                        <div class=\"eael-grid-post-excerpt\"><a href=\"https:\/\/soymigrante.com\/revista\/salud-preventiva-enfermedades-cronicas-afectan-mas-a-hombres-en-usa\/\" class=\"eael-post-elements-readmore-btn\">CONOCE SU HISTORIA <\/a><\/div>\n                    <\/div><\/div><\/div>\n        <\/div>\n    <\/article><article class=\"eael-grid-post  eael-post-grid-column eael-pg-post-10022 category-guate-nuestra\" data-id=\"10022\">\n        <div class=\"eael-grid-post-holder\">\n            <div class=\"eael-grid-post-holder-inner\"><div class=\"eael-entry-media\"><div class=\"eael-entry-overlay fade-in\"><i class=\"far fa-hand-pointer\" aria-hidden=\"true\"><\/i><a href=\"https:\/\/soymigrante.com\/revista\/tres-comidas-guatemaltecas-que-son-saludables-por-sus-ingredientes-prehispanicos\/\"><\/a><\/div><div class=\"eael-entry-thumbnail eael-image-ratio\">\n                <img decoding=\"async\" width=\"760\" height=\"760\" src=\"https:\/\/soymigrante.com\/revista\/wp-content\/uploads\/2024\/10\/feature-comida-saludable.webp\" class=\"attachment-large size-large wp-image-10024\" alt=\"Deleite de un plato tradicional mexicano con pollo, arroz, tortillas y vegetales frescos en un ambiente cultural. Ideal para quienes buscan gastronom\u00eda aut\u00e9ntica y sabores tradicionales.\" srcset=\"https:\/\/soymigrante.com\/revista\/wp-content\/uploads\/2024\/10\/feature-comida-saludable.webp 760w, https:\/\/soymigrante.com\/revista\/wp-content\/uploads\/2024\/10\/feature-comida-saludable-300x300.webp 300w, https:\/\/soymigrante.com\/revista\/wp-content\/uploads\/2024\/10\/feature-comida-saludable-150x150.webp 150w, https:\/\/soymigrante.com\/revista\/wp-content\/uploads\/2024\/10\/feature-comida-saludable-75x75.webp 75w, https:\/\/soymigrante.com\/revista\/wp-content\/uploads\/2024\/10\/feature-comida-saludable-750x750.webp 750w\" sizes=\"(max-width: 760px) 100vw, 760px\" \/>\n            <\/div>\n        <\/div><div class=\"eael-entry-wrapper\"><header class=\"eael-entry-header\"><h2 class=\"eael-entry-title\"><a class=\"eael-grid-post-link\" href=\"https:\/\/soymigrante.com\/revista\/tres-comidas-guatemaltecas-que-son-saludables-por-sus-ingredientes-prehispanicos\/\" title=\"Tres comidas guatemaltecas que son saludables por sus ingredientes prehisp\u00e1nicos\">Tres comidas guatemaltecas que son saludables por sus ingredientes prehisp\u00e1nicos<\/a><\/h2><\/header><div class=\"eael-entry-content\">\n                        <div class=\"eael-grid-post-excerpt\"><a href=\"https:\/\/soymigrante.com\/revista\/tres-comidas-guatemaltecas-que-son-saludables-por-sus-ingredientes-prehispanicos\/\" class=\"eael-post-elements-readmore-btn\">CONOCE SU HISTORIA <\/a><\/div>\n                    <\/div><\/div><\/div>\n        <\/div>\n    <\/article><article class=\"eael-grid-post  eael-post-grid-column eael-pg-post-16944 category-recursos-migratorios\" data-id=\"16944\">\n        <div class=\"eael-grid-post-holder\">\n            <div class=\"eael-grid-post-holder-inner\"><div class=\"eael-entry-media\"><div class=\"eael-entry-overlay fade-in\"><i class=\"far fa-hand-pointer\" aria-hidden=\"true\"><\/i><a href=\"https:\/\/soymigrante.com\/revista\/todo-migrante-tiene-derechos-la-union-americana-de-libertades-civiles-recomienda\/\"><\/a><\/div><div class=\"eael-entry-thumbnail eael-image-ratio\">\n                <img loading=\"lazy\" decoding=\"async\" width=\"1024\" height=\"1024\" src=\"https:\/\/soymigrante.com\/revista\/wp-content\/uploads\/2024\/12\/migrantes-ruta-1-1024x1024.jpg\" class=\"attachment-large size-large wp-image-17020\" alt=\"Camino con peatones en carretera lluviosa, se\u00f1al de obra vial y l\u00edmite de velocidad de 30 km\/h, en un entorno natural y monta\u00f1oso, en la publicaci\u00f3n de SoyMigrante.com REVISTA.\" srcset=\"https:\/\/soymigrante.com\/revista\/wp-content\/uploads\/2024\/12\/migrantes-ruta-1-1024x1024.jpg 1024w, https:\/\/soymigrante.com\/revista\/wp-content\/uploads\/2024\/12\/migrantes-ruta-1-300x300.jpg 300w, https:\/\/soymigrante.com\/revista\/wp-content\/uploads\/2024\/12\/migrantes-ruta-1-150x150.jpg 150w, https:\/\/soymigrante.com\/revista\/wp-content\/uploads\/2024\/12\/migrantes-ruta-1-768x768.jpg 768w, https:\/\/soymigrante.com\/revista\/wp-content\/uploads\/2024\/12\/migrantes-ruta-1-1536x1536.jpg 1536w, https:\/\/soymigrante.com\/revista\/wp-content\/uploads\/2024\/12\/migrantes-ruta-1-2048x2048.jpg 2048w, https:\/\/soymigrante.com\/revista\/wp-content\/uploads\/2024\/12\/migrantes-ruta-1-75x75.webp 75w, https:\/\/soymigrante.com\/revista\/wp-content\/uploads\/2024\/12\/migrantes-ruta-1-750x750.webp 750w, https:\/\/soymigrante.com\/revista\/wp-content\/uploads\/2024\/12\/migrantes-ruta-1-1140x1140.webp 1140w, https:\/\/soymigrante.com\/revista\/wp-content\/uploads\/2024\/12\/migrantes-ruta-1-scaled.webp 1920w\" sizes=\"(max-width: 1024px) 100vw, 1024px\" \/>\n            <\/div>\n        <\/div><div class=\"eael-entry-wrapper\"><header class=\"eael-entry-header\"><h2 class=\"eael-entry-title\"><a class=\"eael-grid-post-link\" href=\"https:\/\/soymigrante.com\/revista\/todo-migrante-tiene-derechos-la-union-americana-de-libertades-civiles-recomienda\/\" title=\"Todo migrante tiene derechos: la Uni\u00f3n Americana de Libertades Civiles recomienda&#8230;\">Todo migrante tiene derechos: la Uni\u00f3n Americana de Libertades Civiles recomienda&#8230;<\/a><\/h2><\/header><div class=\"eael-entry-content\">\n                        <div class=\"eael-grid-post-excerpt\"><a href=\"https:\/\/soymigrante.com\/revista\/todo-migrante-tiene-derechos-la-union-americana-de-libertades-civiles-recomienda\/\" class=\"eael-post-elements-readmore-btn\">CONOCE SU HISTORIA <\/a><\/div>\n                    <\/div><\/div><\/div>\n        <\/div>\n    <\/article><\/div>\n            <div class=\"clearfix\"><\/div>\n        <\/div>\t\t\t\t<\/div>\n\t\t\t\t\t<\/div>\n\t\t\t\t<\/div>\n\t\t\t\t<\/div>\n\t\t","protected":false},"excerpt":{"rendered":"<p>Personas migrantes, residentes legales s incluso ciudadanos en Minesota y otros Estados dejan de asistir a citas m\u00e9dicas o no buscan ayuda por temor a toparse con redadas migratorias, lo cual incrementa riesgos sobre la salud p\u00fablica. El temor a las redadas migratorias est\u00e1 golpeando\u00a0 la salud p\u00fablica. Se reporta un creciente n\u00famero de\u00a0 personas [&hellip;]<\/p>\n","protected":false},"author":1,"featured_media":51343,"comment_status":"open","ping_status":"open","sticky":false,"template":"","format":"standard","meta":{"_acf_changed":false,"_eb_attr":"","footnotes":""},"categories":[280],"tags":[],"class_list":["post-51342","post","type-post","status-publish","format-standard","has-post-thumbnail","hentry","category-noticias"],"acf":[],"aioseo_notices":[],"aioseo_head":"\n\t\t<!-- All in One SEO Pro 4.9.6.2 - aioseo.com -->\n\t<meta name=\"description\" content=\"En USA, los migrantes enfrentan desaf\u00edos legales y sociales que pueden poner en riesgo su seguridad y estabilidad. Conocer sus derechos es fundamental.\" \/>\n\t<meta name=\"robots\" content=\"max-snippet:-1, max-image-preview:large, max-video-preview:-1\" \/>\n\t<meta name=\"author\" content=\"Beatriz Tercero\"\/>\n\t<link rel=\"canonical\" href=\"https:\/\/soymigrante.com\/revista\/todo-migrante-tiene-derechos-la-union-americana-de-libertades-civiles-recomienda\/\" \/>\n\t<meta name=\"generator\" content=\"All in One SEO Pro (AIOSEO) 4.9.6.2\" \/>\n\n\t\t<link rel=\"preconnect\" href=\"https:\/\/fonts.googleapis.com\" crossorigin>\n<link rel=\"preconnect\" href=\"https:\/\/fonts.gstatic.com\" crossorigin>\n\t\t<meta property=\"og:locale\" content=\"es_ES\" \/>\n\t\t<meta property=\"og:site_name\" content=\"SoyMigrante.com REVISTA \u2013 Nuestra misi\u00f3n es reconocer y dignificar al migrante.\" \/>\n\t\t<meta property=\"og:type\" content=\"article\" \/>\n\t\t<meta property=\"og:title\" content=\"Los derechos de los migrantes: Una gu\u00eda para protegerte y actuar\" \/>\n\t\t<meta property=\"og:description\" content=\"En USA, los migrantes enfrentan desaf\u00edos legales y sociales que pueden poner en riesgo su seguridad y estabilidad. Conocer sus derechos es fundamental.\" \/>\n\t\t<meta property=\"og:url\" content=\"https:\/\/soymigrante.com\/revista\/todo-migrante-tiene-derechos-la-union-americana-de-libertades-civiles-recomienda\/\" \/>\n\t\t<meta property=\"og:image\" content=\"https:\/\/soymigrante.com\/revista\/wp-content\/uploads\/2024\/12\/migrantes-ruta-1-scaled.webp\" \/>\n\t\t<meta property=\"og:image:secure_url\" content=\"https:\/\/soymigrante.com\/revista\/wp-content\/uploads\/2024\/12\/migrantes-ruta-1-scaled.webp\" \/>\n\t\t<meta property=\"og:image:width\" content=\"1920\" \/>\n\t\t<meta property=\"og:image:height\" content=\"1920\" \/>\n\t\t<meta property=\"article:published_time\" content=\"2025-01-22T19:08:00+00:00\" \/>\n\t\t<meta property=\"article:modified_time\" content=\"2025-01-29T02:52:50+00:00\" \/>\n\t\t<meta property=\"article:publisher\" content=\"https:\/\/www.facebook.com\/soymigrantecom\" \/>\n\t\t<meta name=\"twitter:card\" content=\"summary_large_image\" \/>\n\t\t<meta name=\"twitter:site\" content=\"@SoyMigrante_com\" \/>\n\t\t<meta name=\"twitter:title\" content=\"Los derechos de los migrantes: Una gu\u00eda para protegerte y actuar\" \/>\n\t\t<meta name=\"twitter:description\" content=\"En USA, los migrantes enfrentan desaf\u00edos legales y sociales que pueden poner en riesgo su seguridad y estabilidad. Conocer sus derechos es fundamental.\" \/>\n\t\t<meta name=\"twitter:creator\" content=\"@SoyMigrante_com\" \/>\n\t\t<meta name=\"twitter:image\" content=\"https:\/\/soymigrante.com\/revista\/wp-content\/uploads\/2024\/12\/migrantes-ruta-1-scaled.webp\" \/>\n\t\t<!-- All in One SEO Pro -->\r\n\t\t<title>Los derechos de los migrantes: Una gu\u00eda para protegerte y actuar<\/title>\n\n","aioseo_head_json":{"title":"Los derechos de los migrantes: Una gu\u00eda para protegerte y actuar","description":"En USA, los migrantes enfrentan desaf\u00edos legales y sociales que pueden poner en riesgo su seguridad y estabilidad. Conocer sus derechos es fundamental.","canonical_url":"https:\/\/soymigrante.com\/revista\/todo-migrante-tiene-derechos-la-union-americana-de-libertades-civiles-recomienda\/","robots":"max-snippet:-1, max-image-preview:large, max-video-preview:-1","keywords":"","webmasterTools":{"miscellaneous":"&lt;link rel=\"preconnect\" href=\"https:\/\/fonts.googleapis.com\" crossorigin&gt;\n&lt;link rel=\"preconnect\" href=\"https:\/\/fonts.gstatic.com\" crossorigin&gt;"},"schema":null,"og:locale":"es_ES","og:site_name":"SoyMigrante.com REVISTA \u2013 Nuestra misi\u00f3n es reconocer y dignificar al migrante.","og:type":"article","og:title":"Los derechos de los migrantes: Una gu\u00eda para protegerte y actuar","og:description":"En USA, los migrantes enfrentan desaf\u00edos legales y sociales que pueden poner en riesgo su seguridad y estabilidad. Conocer sus derechos es fundamental.","og:url":"https:\/\/soymigrante.com\/revista\/todo-migrante-tiene-derechos-la-union-americana-de-libertades-civiles-recomienda\/","og:image":"https:\/\/soymigrante.com\/revista\/wp-content\/uploads\/2024\/12\/migrantes-ruta-1-scaled.webp","og:image:secure_url":"https:\/\/soymigrante.com\/revista\/wp-content\/uploads\/2024\/12\/migrantes-ruta-1-scaled.webp","og:image:width":1920,"og:image:height":1920,"article:published_time":"2025-01-22T19:08:00+00:00","article:modified_time":"2025-01-29T02:52:50+00:00","article:publisher":"https:\/\/www.facebook.com\/soymigrantecom","twitter:card":"summary_large_image","twitter:site":"@SoyMigrante_com","twitter:title":"Los derechos de los migrantes: Una gu\u00eda para protegerte y actuar","twitter:description":"En USA, los migrantes enfrentan desaf\u00edos legales y sociales que pueden poner en riesgo su seguridad y estabilidad. Conocer sus derechos es fundamental.","twitter:creator":"@SoyMigrante_com","twitter:image":"https:\/\/soymigrante.com\/revista\/wp-content\/uploads\/2024\/12\/migrantes-ruta-1-scaled.webp"},"aioseo_meta_data":{"post_id":"51342","title":"Temor a redadas migratorias golpea atenci\u00f3n de salud","description":"El miedo a las redadas migratorias frena la atenci\u00f3n m\u00e9dica y pone en riesgo la salud p\u00fablica en Minesota y otros Estados: cifras lo confirman.","keywords":null,"keyphrases":{"focus":{"keyphrase":"salud","score":100,"analysis":{"keyphraseInTitle":{"score":9,"maxScore":9,"error":0},"keyphraseInDescription":{"score":9,"maxScore":9,"error":0},"keyphraseLength":{"score":9,"maxScore":9,"error":0,"length":1},"keyphraseInURL":{"score":5,"maxScore":5,"error":0},"keyphraseInIntroduction":{"score":9,"maxScore":9,"error":0},"keyphraseInSubHeadings":{"score":9,"maxScore":9,"error":0},"keyphraseInImageAlt":{"score":9,"maxScore":9,"error":0},"keywordDensity":{"type":"best","score":9,"maxScore":9,"error":0}}},"additional":[{"keyphrase":"redadas","score":67,"analysis":{"keyphraseInDescription":{"score":9,"maxScore":9,"error":0},"keyphraseLength":{"score":9,"maxScore":9,"error":0,"length":1},"keyphraseInIntroduction":{"score":9,"maxScore":9,"error":0},"keyphraseInImageAlt":{"score":3,"maxScore":9,"error":1},"keywordDensity":{"score":0,"type":"low","maxScore":9,"error":1}}}]},"primary_term":null,"canonical_url":null,"og_title":null,"og_description":null,"og_object_type":"default","og_image_type":"default","og_image_url":null,"og_image_width":null,"og_image_height":null,"og_image_custom_url":null,"og_image_custom_fields":null,"og_video":"","og_custom_url":null,"og_article_section":null,"og_article_tags":null,"twitter_use_og":false,"twitter_card":"default","twitter_image_type":"default","twitter_image_url":null,"twitter_image_custom_url":null,"twitter_image_custom_fields":null,"twitter_title":null,"twitter_description":null,"schema":{"blockGraphs":[],"customGraphs":[],"default":{"data":{"Article":[],"Course":[],"Dataset":[],"FAQPage":[],"Movie":[],"Person":[],"Product":[],"ProductReview":[],"Car":[],"Recipe":[],"Service":[],"SoftwareApplication":[],"WebPage":[]},"graphName":"NewsArticle","isEnabled":true},"graphs":[]},"schema_type":"default","schema_type_options":null,"pillar_content":false,"robots_default":true,"robots_noindex":false,"robots_noarchive":false,"robots_nosnippet":false,"robots_nofollow":false,"robots_noimageindex":false,"robots_noodp":false,"robots_notranslate":false,"robots_max_snippet":"-1","robots_max_videopreview":"-1","robots_max_imagepreview":"large","priority":null,"frequency":"default","local_seo":null,"seo_analyzer_scan_date":"2026-03-02 20:23:38","breadcrumb_settings":null,"limit_modified_date":false,"reviewed_by":"0","open_ai":null,"ai":{"faqs":[],"keyPoints":[],"titles":[],"descriptions":[],"socialPosts":{"email":[],"linkedin":[],"twitter":[],"facebook":[],"instagram":[]}},"created":"2026-01-20 21:48:00","updated":"2026-03-06 15:45:37"},"aioseo_breadcrumb":"<div class=\"aioseo-breadcrumbs\"><span class=\"aioseo-breadcrumb\">\n\t<a href=\"https:\/\/soymigrante.com\/revista\" title=\"Home\">Home<\/a>\n<\/span><span class=\"aioseo-breadcrumb-separator\">\u00bb<\/span><span class=\"aioseo-breadcrumb\">\n\t<a href=\"https:\/\/soymigrante.com\/revista\/category\/noticias\/\" title=\"Noticias\">Noticias<\/a>\n<\/span><span class=\"aioseo-breadcrumb-separator\">\u00bb<\/span><span class=\"aioseo-breadcrumb\">\n\tTemor a redadas aleja a pacientes de cl\u00ednicas y servicios de salud en Minesota y otros Estados\n<\/span><\/div>","aioseo_breadcrumb_json":[{"label":"Home","link":"https:\/\/soymigrante.com\/revista"},{"label":"Noticias","link":"https:\/\/soymigrante.com\/revista\/category\/noticias\/"},{"label":"Temor a redadas aleja a pacientes de cl\u00ednicas y servicios de salud en Minesota y otros Estados","link":"https:\/\/soymigrante.com\/revista\/temor-a-redadas-aleja-a-pacientes-de-clinicas-y-servicios-de-salud-en-minesota-y-otros-estados\/"}],"_links":{"self":[{"href":"https:\/\/soymigrante.com\/revista\/wp-json\/wp\/v2\/posts\/51342","targetHints":{"allow":["GET"]}}],"collection":[{"href":"https:\/\/soymigrante.com\/revista\/wp-json\/wp\/v2\/posts"}],"about":[{"href":"https:\/\/soymigrante.com\/revista\/wp-json\/wp\/v2\/types\/post"}],"author":[{"embeddable":true,"href":"https:\/\/soymigrante.com\/revista\/wp-json\/wp\/v2\/users\/1"}],"replies":[{"embeddable":true,"href":"https:\/\/soymigrante.com\/revista\/wp-json\/wp\/v2\/comments?post=51342"}],"version-history":[{"count":6,"href":"https:\/\/soymigrante.com\/revista\/wp-json\/wp\/v2\/posts\/51342\/revisions"}],"predecessor-version":[{"id":51351,"href":"https:\/\/soymigrante.com\/revista\/wp-json\/wp\/v2\/posts\/51342\/revisions\/51351"}],"wp:featuredmedia":[{"embeddable":true,"href":"https:\/\/soymigrante.com\/revista\/wp-json\/wp\/v2\/media\/51343"}],"wp:attachment":[{"href":"https:\/\/soymigrante.com\/revista\/wp-json\/wp\/v2\/media?parent=51342"}],"wp:term":[{"taxonomy":"category","embeddable":true,"href":"https:\/\/soymigrante.com\/revista\/wp-json\/wp\/v2\/categories?post=51342"},{"taxonomy":"post_tag","embeddable":true,"href":"https:\/\/soymigrante.com\/revista\/wp-json\/wp\/v2\/tags?post=51342"}],"curies":[{"name":"wp","href":"https:\/\/api.w.org\/{rel}","templated":true}]}}