{"id":5132,"date":"2024-12-09T05:00:00","date_gmt":"2024-12-09T11:00:00","guid":{"rendered":"https:\/\/soymigrante.com\/revista\/?p=5132"},"modified":"2024-12-08T22:40:57","modified_gmt":"2024-12-09T04:40:57","slug":"capturan-momentos-inolvidables-para-migrantes-en-ee-uu","status":"publish","type":"post","link":"https:\/\/soymigrante.com\/revista\/capturan-momentos-inolvidables-para-migrantes-en-ee-uu\/","title":{"rendered":"Fot\u00f3grafos del pueblo captan momentos inolvidables para migrantes en EE.UU."},"content":{"rendered":"\t\t<div data-elementor-type=\"wp-post\" data-elementor-id=\"5132\" class=\"elementor elementor-5132\" data-elementor-post-type=\"post\">\n\t\t\t\t\t\t<section data-particle_enable=\"false\" data-particle-mobile-disabled=\"false\" class=\"elementor-section elementor-top-section elementor-element elementor-element-636f374 elementor-section-boxed elementor-section-height-default elementor-section-height-default\" data-id=\"636f374\" data-element_type=\"section\" data-e-type=\"section\">\n\t\t\t\t\t\t<div class=\"elementor-container elementor-column-gap-default\">\n\t\t\t\t\t<div class=\"elementor-column elementor-col-100 elementor-top-column elementor-element elementor-element-1d47b7b\" data-id=\"1d47b7b\" data-element_type=\"column\" data-e-type=\"column\">\n\t\t\t<div class=\"elementor-widget-wrap elementor-element-populated\">\n\t\t\t\t\t\t<div class=\"elementor-element elementor-element-96e5713 elementor-widget elementor-widget-heading\" data-id=\"96e5713\" data-element_type=\"widget\" data-e-type=\"widget\" data-widget_type=\"heading.default\">\n\t\t\t\t\t<h3 class=\"elementor-heading-title elementor-size-default\">Bodas, cumplea\u00f1os, graduaciones, fiestas patronales son eventos especiales para recordar la tierra de miles de migrantes guatemaltecos. Son  pioneros de la fotograf\u00eda en Totonicap\u00e1n quienes captan memorables instantes y brindan una conexi\u00f3n sin fronteras. <\/h3>\t\t\t\t<\/div>\n\t\t\t\t\t<\/div>\n\t\t<\/div>\n\t\t\t\t\t<\/div>\n\t\t<\/section>\n\t\t\t\t<section data-particle_enable=\"false\" data-particle-mobile-disabled=\"false\" class=\"elementor-section elementor-top-section elementor-element elementor-element-c8fe36c elementor-section-boxed elementor-section-height-default elementor-section-height-default\" data-id=\"c8fe36c\" data-element_type=\"section\" data-e-type=\"section\">\n\t\t\t\t\t\t<div class=\"elementor-container elementor-column-gap-default\">\n\t\t\t\t\t<div class=\"elementor-column elementor-col-100 elementor-top-column elementor-element elementor-element-33fc5e4\" data-id=\"33fc5e4\" data-element_type=\"column\" data-e-type=\"column\">\n\t\t\t<div class=\"elementor-widget-wrap elementor-element-populated\">\n\t\t\t\t\t\t<div class=\"elementor-element elementor-element-99496df elementor-widget elementor-widget-image\" data-id=\"99496df\" data-element_type=\"widget\" data-e-type=\"widget\" data-widget_type=\"image.default\">\n\t\t\t\t\t\t\t\t\t\t\t\t<figure class=\"wp-caption\">\n\t\t\t\t\t\t\t\t\t\t<img fetchpriority=\"high\" decoding=\"async\" width=\"768\" height=\"545\" src=\"https:\/\/soymigrante.com\/revista\/wp-content\/uploads\/2024\/03\/RECUERDOS-FOTOS-768x545.webp\" class=\"attachment-medium_large size-medium_large wp-image-5144\" alt=\"Las c\u00e1maras de rollo eran el instrumento de los fot\u00f3grafos, tardaban d\u00edas o semanas para revelar la imagen. Con el pasar del tiempo evolucionaron. A pesar que existen celulares y otros equipos, las familias de las comunidades en Totonicap\u00e1n solicitan el servicio para enviar fotos y videos a sus seres queridos migrantes en Estados Unidos\" srcset=\"https:\/\/soymigrante.com\/revista\/wp-content\/uploads\/2024\/03\/RECUERDOS-FOTOS-768x545.webp 768w, https:\/\/soymigrante.com\/revista\/wp-content\/uploads\/2024\/03\/RECUERDOS-FOTOS-300x213.webp 300w, https:\/\/soymigrante.com\/revista\/wp-content\/uploads\/2024\/03\/RECUERDOS-FOTOS-1024x727.webp 1024w, https:\/\/soymigrante.com\/revista\/wp-content\/uploads\/2024\/03\/RECUERDOS-FOTOS-120x86.webp 120w, https:\/\/soymigrante.com\/revista\/wp-content\/uploads\/2024\/03\/RECUERDOS-FOTOS-750x533.webp 750w, https:\/\/soymigrante.com\/revista\/wp-content\/uploads\/2024\/03\/RECUERDOS-FOTOS-1140x810.webp 1140w, https:\/\/soymigrante.com\/revista\/wp-content\/uploads\/2024\/03\/RECUERDOS-FOTOS.webp 1280w\" sizes=\"(max-width: 768px) 100vw, 768px\" title=\"RECUERDOS FOTOS \u2013 SoyMigrante.com REVISTA\" \/>\t\t\t\t\t\t\t\t\t\t\t<figcaption class=\"widget-image-caption wp-caption-text\">Las c\u00e1maras de rollo eran el instrumento de los fot\u00f3grafos, tardaban d\u00edas o semanas para revelar la imagen. Con el pasar del tiempo evolucionaron. A pesar que existen celulares y otros equipos, las familias de las comunidades en Totonicap\u00e1n solicitan el servicio para enviar fotos y videos a sus seres queridos migrantes en Estados Unidos<\/figcaption>\n\t\t\t\t\t\t\t\t\t\t<\/figure>\n\t\t\t\t\t\t\t\t\t<\/div>\n\t\t\t\t\t<\/div>\n\t\t<\/div>\n\t\t\t\t\t<\/div>\n\t\t<\/section>\n\t\t\t\t<section data-particle_enable=\"false\" data-particle-mobile-disabled=\"false\" class=\"elementor-section elementor-top-section elementor-element elementor-element-21bebce elementor-section-boxed elementor-section-height-default elementor-section-height-default\" data-id=\"21bebce\" data-element_type=\"section\" data-e-type=\"section\">\n\t\t\t\t\t\t<div class=\"elementor-container elementor-column-gap-default\">\n\t\t\t\t\t<div class=\"elementor-column elementor-col-100 elementor-top-column elementor-element elementor-element-b7ee233\" data-id=\"b7ee233\" data-element_type=\"column\" data-e-type=\"column\">\n\t\t\t<div class=\"elementor-widget-wrap elementor-element-populated\">\n\t\t\t\t\t\t<div class=\"elementor-element elementor-element-6f37f4e elementor-widget elementor-widget-text-editor\" data-id=\"6f37f4e\" data-element_type=\"widget\" data-e-type=\"widget\" data-widget_type=\"text-editor.default\">\n\t\t\t\t\t\t\t\t\t<p><span style=\"font-weight: 400;\">Los fot\u00f3grafos se convierten en guardianes y narradores silenciosos de momentos inolvidables. Es a trav\u00e9s de sus lentes que capturan instantes. Congelan emociones, alegr\u00edas y crean un v\u00ednculo familiar en im\u00e1genes. Este gesto de amor lleva dos d\u00e9cadas y aunque la tecnolog\u00eda avanza, es una tradici\u00f3n especial para las familias y migrantes guatemaltecos.\u00a0<\/span><\/p><p><span style=\"font-weight: 400;\">Las madres, esposas e hijos de migrantes viven momentos inolvidables como: bautizos, bodas, graduaciones, cumplea\u00f1os y las tendencias sociales. Actividades especiales para los migrantes guatemaltecos, por que les recuerda su familia, su tierra e identidad. Muchos de ellos aportan econ\u00f3micamente para el desarrollo las celebraciones de sus familias en Guatemala.<\/span><\/p><p><span style=\"font-weight: 400;\">A\u00f1os atr\u00e1s se sol\u00eda contratar a fot\u00f3grafos para capturar el evento, cuyas im\u00e1genes se imprim\u00edan y enviaban por encomienda. Aunque la tecnolog\u00eda avanza, se mantiene viva la tradici\u00f3n. \u201cEs un gesto de amor y conexi\u00f3n, estas fotograf\u00edas viajan a trav\u00e9s de fronteras hacia nuestros seres queridos en Estados Unidos\u201d Agreg\u00f3 Mar\u00eda P\u00e9rez. Llevan consigo el calor y la cercan\u00eda de aquellos que est\u00e1n lejos pero siempre presentes en el coraz\u00f3n.<\/span><\/p><p><span style=\"font-weight: 400;\">Pioneros de la fotograf\u00eda en Totonicap\u00e1n, Guatemala expresan su experiencia y el trabajo hacia este arte. Son parte de la asociaci\u00f3n de fot\u00f3grafos en Totonicap\u00e1n y se instalan todos los d\u00edas en el parque San Miguel para ofrecer sus servicios. Acuden a las actividades escolares, graduaciones o alg\u00fan evento ic\u00f3nico, los pobladores siempre requieren de sus servicios en su mayor\u00eda familiares de migrantes guatemaltecos.<\/span><\/p>\t\t\t\t\t\t\t\t<\/div>\n\t\t\t\t\t<\/div>\n\t\t<\/div>\n\t\t\t\t\t<\/div>\n\t\t<\/section>\n\t\t\t\t<section data-particle_enable=\"false\" data-particle-mobile-disabled=\"false\" class=\"elementor-section elementor-top-section elementor-element elementor-element-07db968 elementor-section-boxed elementor-section-height-default elementor-section-height-default\" data-id=\"07db968\" data-element_type=\"section\" data-e-type=\"section\">\n\t\t\t\t\t\t<div class=\"elementor-container elementor-column-gap-default\">\n\t\t\t\t\t<div class=\"elementor-column elementor-col-100 elementor-top-column elementor-element elementor-element-309d35f\" data-id=\"309d35f\" data-element_type=\"column\" data-e-type=\"column\">\n\t\t\t<div class=\"elementor-widget-wrap elementor-element-populated\">\n\t\t\t\t\t\t<div class=\"elementor-element elementor-element-4d57953 elementor-widget elementor-widget-image\" data-id=\"4d57953\" data-element_type=\"widget\" data-e-type=\"widget\" data-widget_type=\"image.default\">\n\t\t\t\t\t\t\t\t\t\t\t\t<figure class=\"wp-caption\">\n\t\t\t\t\t\t\t\t\t\t<img decoding=\"async\" width=\"768\" height=\"521\" src=\"https:\/\/soymigrante.com\/revista\/wp-content\/uploads\/2024\/03\/referencia-768x521.webp\" class=\"attachment-medium_large size-medium_large wp-image-5136\" alt=\"Las fotograf\u00edas llevan consigo el calor y la cercan\u00eda de aquellos que est\u00e1n lejos pero siempre presentes en el coraz\u00f3n.\" srcset=\"https:\/\/soymigrante.com\/revista\/wp-content\/uploads\/2024\/03\/referencia-768x521.webp 768w, https:\/\/soymigrante.com\/revista\/wp-content\/uploads\/2024\/03\/referencia-300x204.webp 300w, https:\/\/soymigrante.com\/revista\/wp-content\/uploads\/2024\/03\/referencia-1024x695.webp 1024w, https:\/\/soymigrante.com\/revista\/wp-content\/uploads\/2024\/03\/referencia-750x509.webp 750w, https:\/\/soymigrante.com\/revista\/wp-content\/uploads\/2024\/03\/referencia-1140x774.webp 1140w, https:\/\/soymigrante.com\/revista\/wp-content\/uploads\/2024\/03\/referencia.webp 1280w\" sizes=\"(max-width: 768px) 100vw, 768px\" title=\"referencia \u2013 SoyMigrante.com REVISTA\" \/>\t\t\t\t\t\t\t\t\t\t\t<figcaption class=\"widget-image-caption wp-caption-text\">Las fotograf\u00edas llevan consigo el calor y la cercan\u00eda de aquellos que est\u00e1n lejos pero siempre presentes en el coraz\u00f3n.\n<\/figcaption>\n\t\t\t\t\t\t\t\t\t\t<\/figure>\n\t\t\t\t\t\t\t\t\t<\/div>\n\t\t\t\t\t<\/div>\n\t\t<\/div>\n\t\t\t\t\t<\/div>\n\t\t<\/section>\n\t\t\t\t<section data-particle_enable=\"false\" data-particle-mobile-disabled=\"false\" class=\"elementor-section elementor-top-section elementor-element elementor-element-e613760 elementor-section-boxed elementor-section-height-default elementor-section-height-default\" data-id=\"e613760\" data-element_type=\"section\" data-e-type=\"section\">\n\t\t\t\t\t\t<div class=\"elementor-container elementor-column-gap-default\">\n\t\t\t\t\t<div class=\"elementor-column elementor-col-100 elementor-top-column elementor-element elementor-element-0b2f76c\" data-id=\"0b2f76c\" data-element_type=\"column\" data-e-type=\"column\">\n\t\t\t<div class=\"elementor-widget-wrap elementor-element-populated\">\n\t\t\t\t\t\t<div class=\"elementor-element elementor-element-6778c7e elementor-widget elementor-widget-heading\" data-id=\"6778c7e\" data-element_type=\"widget\" data-e-type=\"widget\" data-widget_type=\"heading.default\">\n\t\t\t\t\t<h3 class=\"elementor-heading-title elementor-size-default\">Alfonso Nicol\u00e1s Mench\u00fa: d\u00e9cadas de luz<\/h3>\t\t\t\t<\/div>\n\t\t\t\t\t<\/div>\n\t\t<\/div>\n\t\t\t\t\t<\/div>\n\t\t<\/section>\n\t\t\t\t<section data-particle_enable=\"false\" data-particle-mobile-disabled=\"false\" class=\"elementor-section elementor-top-section elementor-element elementor-element-11705c3 elementor-section-boxed elementor-section-height-default elementor-section-height-default\" data-id=\"11705c3\" data-element_type=\"section\" data-e-type=\"section\">\n\t\t\t\t\t\t<div class=\"elementor-container elementor-column-gap-default\">\n\t\t\t\t\t<div class=\"elementor-column elementor-col-100 elementor-top-column elementor-element elementor-element-22fb086\" data-id=\"22fb086\" data-element_type=\"column\" data-e-type=\"column\">\n\t\t\t<div class=\"elementor-widget-wrap elementor-element-populated\">\n\t\t\t\t\t\t<div class=\"elementor-element elementor-element-f95c7d4 elementor-widget elementor-widget-text-editor\" data-id=\"f95c7d4\" data-element_type=\"widget\" data-e-type=\"widget\" data-widget_type=\"text-editor.default\">\n\t\t\t\t\t\t\t\t\t<p><span style=\"font-weight: 400;\">Alfonso Nicolas Mench\u00fa es originario de la comunidad de Pasajoc, Totonicap\u00e1n, Guatemala. Inici\u00f3 en la fotograf\u00eda en 1,974 con las c\u00e1maras de rollo y se dirig\u00eda hasta la ciudad capital para revelar las fotos, tardaba alrededor de diez o quince d\u00edas para entregarlas, hasta que el laboratorio lleg\u00f3 a Quetzaltenango.<\/span><\/p><p><span style=\"font-weight: 400;\">\u201cEl primer c\u00e1mara que empec\u00e9 a utilizar fue una peque\u00f1a de rollo, esa tomaba diez fotos y la otra 36, fue un oficio que aprend\u00ed con el tiempo y que me dedicado toda mi vida, aprend\u00ed a tomar fotos de d\u00eda y noche\u201d En ese entonces no exist\u00eda el flash por lo que se ayudaban de una veladora para tener iluminaci\u00f3n.\u00a0<\/span><\/p><p><span style=\"font-weight: 400;\">Las fotograf\u00edas eran tomadas a pulso, estas no ten\u00edan vistas previas, el resultado se ve\u00eda hasta el final de la revelaci\u00f3n \u201cCon el tiempo todo cambia y las c\u00e1maras son digitales aunque existan nuevas tecnolog\u00edas siempre nos buscan\u201d Los fot\u00f3grafos se han adaptado a las nuevas tendencias para brindar un mejor servicio.<\/span><\/p><p><span style=\"font-weight: 400;\">\u201cLas familias de migrantes siempre nos buscan para tomar las fotograf\u00edas antes esperaban la revelaci\u00f3n ahora solo se comparten por medio de internet, Totonicap\u00e1n es una tierra bonita y de gente de trabajo los insto para que contraten nuestros servicios\u201d agreg\u00f3 Alfonso Mench\u00fa.<\/span><\/p>\t\t\t\t\t\t\t\t<\/div>\n\t\t\t\t\t<\/div>\n\t\t<\/div>\n\t\t\t\t\t<\/div>\n\t\t<\/section>\n\t\t\t\t<section data-particle_enable=\"false\" data-particle-mobile-disabled=\"false\" class=\"elementor-section elementor-top-section elementor-element elementor-element-38694a4 elementor-section-boxed elementor-section-height-default elementor-section-height-default\" data-id=\"38694a4\" data-element_type=\"section\" data-e-type=\"section\">\n\t\t\t\t\t\t<div class=\"elementor-container elementor-column-gap-default\">\n\t\t\t\t\t<div class=\"elementor-column elementor-col-100 elementor-top-column elementor-element elementor-element-d8e47d8\" data-id=\"d8e47d8\" data-element_type=\"column\" data-e-type=\"column\">\n\t\t\t<div class=\"elementor-widget-wrap elementor-element-populated\">\n\t\t\t\t\t\t<div class=\"elementor-element elementor-element-0698c1b elementor-widget elementor-widget-image\" data-id=\"0698c1b\" data-element_type=\"widget\" data-e-type=\"widget\" data-widget_type=\"image.default\">\n\t\t\t\t\t\t\t\t\t\t\t\t<figure class=\"wp-caption\">\n\t\t\t\t\t\t\t\t\t\t<img decoding=\"async\" width=\"768\" height=\"578\" src=\"https:\/\/soymigrante.com\/revista\/wp-content\/uploads\/2024\/03\/Alfonso-Manchu-768x578.webp\" class=\"attachment-medium_large size-medium_large wp-image-5137\" alt=\"Alfonso Nicol\u00e1s Mench\u00fa originario de la comunidad de Pasajoc, Totonicap\u00e1n, Guatemala. Inici\u00f3 en la fotograf\u00eda en 1,974. Aprendi\u00f3 este oficio con la observaci\u00f3n y por medio de su pap\u00e1 y amigos. Ha dedicado su vida a este oficio.\" srcset=\"https:\/\/soymigrante.com\/revista\/wp-content\/uploads\/2024\/03\/Alfonso-Manchu-768x578.webp 768w, https:\/\/soymigrante.com\/revista\/wp-content\/uploads\/2024\/03\/Alfonso-Manchu-300x226.webp 300w, https:\/\/soymigrante.com\/revista\/wp-content\/uploads\/2024\/03\/Alfonso-Manchu-1024x770.webp 1024w, https:\/\/soymigrante.com\/revista\/wp-content\/uploads\/2024\/03\/Alfonso-Manchu-750x564.webp 750w, https:\/\/soymigrante.com\/revista\/wp-content\/uploads\/2024\/03\/Alfonso-Manchu-1140x858.webp 1140w, https:\/\/soymigrante.com\/revista\/wp-content\/uploads\/2024\/03\/Alfonso-Manchu.webp 1280w\" sizes=\"(max-width: 768px) 100vw, 768px\" title=\"Alfonso Manchu \u2013 SoyMigrante.com REVISTA\" \/>\t\t\t\t\t\t\t\t\t\t\t<figcaption class=\"widget-image-caption wp-caption-text\">Alfonso Nicol\u00e1s Mench\u00fa originario de la comunidad de Pasajoc, Totonicap\u00e1n, Guatemala. Inici\u00f3 en la fotograf\u00eda en 1,974. Aprendi\u00f3 este oficio con  la observaci\u00f3n y por medio de su pap\u00e1 y amigos. Ha dedicado su vida a este oficio.<\/figcaption>\n\t\t\t\t\t\t\t\t\t\t<\/figure>\n\t\t\t\t\t\t\t\t\t<\/div>\n\t\t\t\t\t<\/div>\n\t\t<\/div>\n\t\t\t\t\t<\/div>\n\t\t<\/section>\n\t\t\t\t<section data-particle_enable=\"false\" data-particle-mobile-disabled=\"false\" class=\"elementor-section elementor-top-section elementor-element elementor-element-cbf68fa elementor-section-boxed elementor-section-height-default elementor-section-height-default\" data-id=\"cbf68fa\" data-element_type=\"section\" data-e-type=\"section\">\n\t\t\t\t\t\t<div class=\"elementor-container elementor-column-gap-default\">\n\t\t\t\t\t<div class=\"elementor-column elementor-col-100 elementor-top-column elementor-element elementor-element-7fe50fd\" data-id=\"7fe50fd\" data-element_type=\"column\" data-e-type=\"column\">\n\t\t\t<div class=\"elementor-widget-wrap elementor-element-populated\">\n\t\t\t\t\t\t<div class=\"elementor-element elementor-element-1921bf9 elementor-widget elementor-widget-heading\" data-id=\"1921bf9\" data-element_type=\"widget\" data-e-type=\"widget\" data-widget_type=\"heading.default\">\n\t\t\t\t\t<h3 class=\"elementor-heading-title elementor-size-default\">Daniel Caniz: del rollo a la digital<\/h3>\t\t\t\t<\/div>\n\t\t\t\t\t<\/div>\n\t\t<\/div>\n\t\t\t\t\t<\/div>\n\t\t<\/section>\n\t\t\t\t<section data-particle_enable=\"false\" data-particle-mobile-disabled=\"false\" class=\"elementor-section elementor-top-section elementor-element elementor-element-f3db2b1 elementor-section-boxed elementor-section-height-default elementor-section-height-default\" data-id=\"f3db2b1\" data-element_type=\"section\" data-e-type=\"section\">\n\t\t\t\t\t\t<div class=\"elementor-container elementor-column-gap-default\">\n\t\t\t\t\t<div class=\"elementor-column elementor-col-100 elementor-top-column elementor-element elementor-element-b4ad25d\" data-id=\"b4ad25d\" data-element_type=\"column\" data-e-type=\"column\">\n\t\t\t<div class=\"elementor-widget-wrap elementor-element-populated\">\n\t\t\t\t\t\t<div class=\"elementor-element elementor-element-757bfde elementor-widget elementor-widget-text-editor\" data-id=\"757bfde\" data-element_type=\"widget\" data-e-type=\"widget\" data-widget_type=\"text-editor.default\">\n\t\t\t\t\t\t\t\t\t<p><span style=\"font-weight: 400;\">Daniel Jos\u00e9 Caniz es originario del cant\u00f3n Xantun, Totonicap\u00e1n comenz\u00f3 como fot\u00f3grafo en 1,992 con c\u00e1mara de rollo. \u201cEste es un arte y se convirti\u00f3 en un trabajo y responsabilidad hacia las personas que solicitan los servicios, quedan recuerdos y momentos de las familias en Totonicap\u00e1n\u201d<\/span><\/p><p><span style=\"font-weight: 400;\">Describi\u00f3 que existe un cambio en relaci\u00f3n al equipo de fotos y escenarios, por ejemplo, antes se colocaban sets movibles, inclu\u00edan caballos de madera, sombreros o alg\u00fan adorno, estos se instalan en los parques de Totonicap\u00e1n, en \u00e9pocas navide\u00f1as y ferias patronales. \u201cLas cosas pueden cambiar, pero quien trae el conocimiento hace el trabajo, la \u00fanica diferencia en mi caso es la entrega inmediata de las fotos\u201d<\/span><\/p><p><span style=\"font-weight: 400;\">\u201cSi bien ha disminuido la demanda, pero existen personas que valoran mucho este oficio porque saben los a\u00f1os de un buen trabajo. Ser fot\u00f3grafo requiere conocimientos y habilidad. Seguimos al servicio de la poblaci\u00f3n\u201d agreg\u00f3.<\/span><\/p>\t\t\t\t\t\t\t\t<\/div>\n\t\t\t\t\t<\/div>\n\t\t<\/div>\n\t\t\t\t\t<\/div>\n\t\t<\/section>\n\t\t\t\t<section data-particle_enable=\"false\" data-particle-mobile-disabled=\"false\" class=\"elementor-section elementor-top-section elementor-element elementor-element-ba39554 elementor-section-boxed elementor-section-height-default elementor-section-height-default\" data-id=\"ba39554\" data-element_type=\"section\" data-e-type=\"section\">\n\t\t\t\t\t\t<div class=\"elementor-container elementor-column-gap-default\">\n\t\t\t\t\t<div class=\"elementor-column elementor-col-100 elementor-top-column elementor-element elementor-element-a34df12\" data-id=\"a34df12\" data-element_type=\"column\" data-e-type=\"column\">\n\t\t\t<div class=\"elementor-widget-wrap elementor-element-populated\">\n\t\t\t\t\t\t<div class=\"elementor-element elementor-element-3b5b56a elementor-widget elementor-widget-image\" data-id=\"3b5b56a\" data-element_type=\"widget\" data-e-type=\"widget\" data-widget_type=\"image.default\">\n\t\t\t\t\t\t\t\t\t\t\t\t<figure class=\"wp-caption\">\n\t\t\t\t\t\t\t\t\t\t<img loading=\"lazy\" decoding=\"async\" width=\"768\" height=\"578\" src=\"https:\/\/soymigrante.com\/revista\/wp-content\/uploads\/2024\/03\/Daniel-Caniz-768x578.webp\" class=\"attachment-medium_large size-medium_large wp-image-5138\" alt=\"Daniel Jos\u00e9 Caniz es originario del cant\u00f3n Xantun, Totonicap\u00e1n comenz\u00f3 como fot\u00f3grafo en 1,992 con c\u00e1mara de rollo.\" srcset=\"https:\/\/soymigrante.com\/revista\/wp-content\/uploads\/2024\/03\/Daniel-Caniz-768x578.webp 768w, https:\/\/soymigrante.com\/revista\/wp-content\/uploads\/2024\/03\/Daniel-Caniz-300x226.webp 300w, https:\/\/soymigrante.com\/revista\/wp-content\/uploads\/2024\/03\/Daniel-Caniz-1024x770.webp 1024w, https:\/\/soymigrante.com\/revista\/wp-content\/uploads\/2024\/03\/Daniel-Caniz-750x564.webp 750w, https:\/\/soymigrante.com\/revista\/wp-content\/uploads\/2024\/03\/Daniel-Caniz-1140x858.webp 1140w, https:\/\/soymigrante.com\/revista\/wp-content\/uploads\/2024\/03\/Daniel-Caniz.webp 1280w\" sizes=\"(max-width: 768px) 100vw, 768px\" title=\"Daniel-Caniz \u2013 SoyMigrante.com REVISTA\" \/>\t\t\t\t\t\t\t\t\t\t\t<figcaption class=\"widget-image-caption wp-caption-text\">Daniel Jos\u00e9 Caniz es originario del cant\u00f3n Xantun, Totonicap\u00e1n comenz\u00f3 como fot\u00f3grafo en 1,992 con c\u00e1mara de rollo.<\/figcaption>\n\t\t\t\t\t\t\t\t\t\t<\/figure>\n\t\t\t\t\t\t\t\t\t<\/div>\n\t\t\t\t\t<\/div>\n\t\t<\/div>\n\t\t\t\t\t<\/div>\n\t\t<\/section>\n\t\t\t\t<section data-particle_enable=\"false\" data-particle-mobile-disabled=\"false\" class=\"elementor-section elementor-top-section elementor-element elementor-element-bed31cc elementor-section-boxed elementor-section-height-default elementor-section-height-default\" data-id=\"bed31cc\" data-element_type=\"section\" data-e-type=\"section\">\n\t\t\t\t\t\t<div class=\"elementor-container elementor-column-gap-default\">\n\t\t\t\t\t<div class=\"elementor-column elementor-col-100 elementor-top-column elementor-element elementor-element-e040add\" data-id=\"e040add\" data-element_type=\"column\" data-e-type=\"column\">\n\t\t\t<div class=\"elementor-widget-wrap elementor-element-populated\">\n\t\t\t\t\t\t<div class=\"elementor-element elementor-element-b481788 elementor-widget elementor-widget-heading\" data-id=\"b481788\" data-element_type=\"widget\" data-e-type=\"widget\" data-widget_type=\"heading.default\">\n\t\t\t\t\t<h3 class=\"elementor-heading-title elementor-size-default\">Jes\u00fas Tacam: los recuerdos no tienen fronteras<\/h3>\t\t\t\t<\/div>\n\t\t\t\t\t<\/div>\n\t\t<\/div>\n\t\t\t\t\t<\/div>\n\t\t<\/section>\n\t\t\t\t<section data-particle_enable=\"false\" data-particle-mobile-disabled=\"false\" class=\"elementor-section elementor-top-section elementor-element elementor-element-991c552 elementor-section-boxed elementor-section-height-default elementor-section-height-default\" data-id=\"991c552\" data-element_type=\"section\" data-e-type=\"section\">\n\t\t\t\t\t\t<div class=\"elementor-container elementor-column-gap-default\">\n\t\t\t\t\t<div class=\"elementor-column elementor-col-100 elementor-top-column elementor-element elementor-element-24ac75a\" data-id=\"24ac75a\" data-element_type=\"column\" data-e-type=\"column\">\n\t\t\t<div class=\"elementor-widget-wrap elementor-element-populated\">\n\t\t\t\t\t\t<div class=\"elementor-element elementor-element-d8dbc8c elementor-widget elementor-widget-text-editor\" data-id=\"d8dbc8c\" data-element_type=\"widget\" data-e-type=\"widget\" data-widget_type=\"text-editor.default\">\n\t\t\t\t\t\t\t\t\t<p><span style=\"font-weight: 400;\">Jes\u00fas Tacam originario de aldea Nimasac, Totonicap\u00e1n, comenz\u00f3 en la fotograf\u00eda hace 25 a\u00f1os, profesi\u00f3n que aprendi\u00f3 de su pap\u00e1 y que a\u00fan ejerce. Su primera c\u00e1mara tambi\u00e9n fue una de rollo y que con el tiempo cambi\u00f3 por una digital. \u201cLa tecnolog\u00eda avanza y evoluciona y nosotros vamos al paso, pero con la esencia de cada uno\u201d<\/span><\/p><p><span style=\"font-weight: 400;\">Como fot\u00f3grafos independientes tambi\u00e9n buscan otras oportunidades y se inclinan a ofrecer otros servicios como grabaci\u00f3n y producci\u00f3n de videos para festividades de las comunidades de Totonicap\u00e1n. \u201cTambi\u00e9n hacemos en vivo actividades familiares para que sea visto por los migrantes en Estados Unidos\u201d.<\/span><\/p><p><span style=\"font-weight: 400;\">\u201cLas personas siempre han contratado nuestros servicios, con los cambios de la tecnolog\u00eda nos ubican con mayor facilidad, antes ten\u00edan que ir a nuestras casas\u201d Los cambios no han sido impedimento para continuar con esta labor que aunque ha sido dif\u00edcil es el sustento de las familias de los pioneros.<\/span><\/p>\t\t\t\t\t\t\t\t<\/div>\n\t\t\t\t\t<\/div>\n\t\t<\/div>\n\t\t\t\t\t<\/div>\n\t\t<\/section>\n\t\t\t\t<section data-particle_enable=\"false\" data-particle-mobile-disabled=\"false\" class=\"elementor-section elementor-top-section elementor-element elementor-element-4141879 elementor-section-boxed elementor-section-height-default elementor-section-height-default\" data-id=\"4141879\" data-element_type=\"section\" data-e-type=\"section\">\n\t\t\t\t\t\t<div class=\"elementor-container elementor-column-gap-default\">\n\t\t\t\t\t<div class=\"elementor-column elementor-col-100 elementor-top-column elementor-element elementor-element-7bbbf79\" data-id=\"7bbbf79\" data-element_type=\"column\" data-e-type=\"column\">\n\t\t\t<div class=\"elementor-widget-wrap elementor-element-populated\">\n\t\t\t\t\t\t<div class=\"elementor-element elementor-element-9c556bc elementor-widget elementor-widget-image\" data-id=\"9c556bc\" data-element_type=\"widget\" data-e-type=\"widget\" data-widget_type=\"image.default\">\n\t\t\t\t\t\t\t\t\t\t\t\t\t\t\t<img loading=\"lazy\" decoding=\"async\" width=\"768\" height=\"578\" src=\"https:\/\/soymigrante.com\/revista\/wp-content\/uploads\/2024\/03\/Jesus-Tacam-1024x770.webp\" class=\"attachment-large size-large wp-image-5139\" alt=\"Jes\u00fas Tacam originario de aldea Nimasac, Totonicap\u00e1n, comenz\u00f3 en la fotograf\u00eda hace 25 a\u00f1os, profesi\u00f3n que aprendi\u00f3 de su pap\u00e1 y que a\u00fan ejerce.\" srcset=\"https:\/\/soymigrante.com\/revista\/wp-content\/uploads\/2024\/03\/Jesus-Tacam-1024x770.webp 1024w, https:\/\/soymigrante.com\/revista\/wp-content\/uploads\/2024\/03\/Jesus-Tacam-300x226.webp 300w, https:\/\/soymigrante.com\/revista\/wp-content\/uploads\/2024\/03\/Jesus-Tacam-768x578.webp 768w, https:\/\/soymigrante.com\/revista\/wp-content\/uploads\/2024\/03\/Jesus-Tacam-750x564.webp 750w, https:\/\/soymigrante.com\/revista\/wp-content\/uploads\/2024\/03\/Jesus-Tacam-1140x858.webp 1140w, https:\/\/soymigrante.com\/revista\/wp-content\/uploads\/2024\/03\/Jesus-Tacam.webp 1280w\" sizes=\"(max-width: 768px) 100vw, 768px\" title=\"Jesus Tacam \u2013 SoyMigrante.com REVISTA\" \/>\t\t\t\t\t\t\t\t\t\t\t\t\t\t\t<\/div>\n\t\t\t\t\t<\/div>\n\t\t<\/div>\n\t\t\t\t\t<\/div>\n\t\t<\/section>\n\t\t\t\t<section data-particle_enable=\"false\" data-particle-mobile-disabled=\"false\" class=\"elementor-section elementor-top-section elementor-element elementor-element-e36337d elementor-section-boxed elementor-section-height-default elementor-section-height-default\" data-id=\"e36337d\" data-element_type=\"section\" data-e-type=\"section\">\n\t\t\t\t\t\t<div class=\"elementor-container elementor-column-gap-default\">\n\t\t\t\t\t<div class=\"elementor-column elementor-col-100 elementor-top-column elementor-element elementor-element-949b9cb\" data-id=\"949b9cb\" data-element_type=\"column\" data-e-type=\"column\">\n\t\t\t<div class=\"elementor-widget-wrap elementor-element-populated\">\n\t\t\t\t\t\t<div class=\"elementor-element elementor-element-cdd4dd3 elementor-widget elementor-widget-heading\" data-id=\"cdd4dd3\" data-element_type=\"widget\" data-e-type=\"widget\" data-widget_type=\"heading.default\">\n\t\t\t\t\t<h2 class=\"elementor-heading-title elementor-size-default\">\u201cLa comunidad migrante nos contacta especialmente para capturar las festividades de sus familiares como los bautizos y los cumplea\u00f1os. Quiero agradecer la confianza que han puesto los migrantes hacia nuestro trabajo y deseo bendiciones en sus labores diarias, se que no es f\u00e1cil\u201d\n<\/h2>\t\t\t\t<\/div>\n\t\t\t\t\t<\/div>\n\t\t<\/div>\n\t\t\t\t\t<\/div>\n\t\t<\/section>\n\t\t\t\t<section data-particle_enable=\"false\" data-particle-mobile-disabled=\"false\" class=\"elementor-section elementor-top-section elementor-element elementor-element-67ce26b elementor-section-boxed elementor-section-height-default elementor-section-height-default\" data-id=\"67ce26b\" data-element_type=\"section\" data-e-type=\"section\">\n\t\t\t\t\t\t<div class=\"elementor-container elementor-column-gap-default\">\n\t\t\t\t\t<div class=\"elementor-column elementor-col-100 elementor-top-column elementor-element elementor-element-95ddb23\" data-id=\"95ddb23\" data-element_type=\"column\" data-e-type=\"column\">\n\t\t\t<div class=\"elementor-widget-wrap elementor-element-populated\">\n\t\t\t\t\t\t<div class=\"elementor-element elementor-element-1b312c4 elementor-arrows-position-inside elementor-pagination-position-outside elementor-widget elementor-widget-image-carousel\" data-id=\"1b312c4\" data-element_type=\"widget\" data-e-type=\"widget\" data-settings=\"{&quot;slides_to_show&quot;:&quot;1&quot;,&quot;navigation&quot;:&quot;both&quot;,&quot;autoplay&quot;:&quot;yes&quot;,&quot;pause_on_hover&quot;:&quot;yes&quot;,&quot;pause_on_interaction&quot;:&quot;yes&quot;,&quot;autoplay_speed&quot;:5000,&quot;infinite&quot;:&quot;yes&quot;,&quot;effect&quot;:&quot;slide&quot;,&quot;speed&quot;:500}\" data-widget_type=\"image-carousel.default\">\n\t\t\t\t\t\t\t<div class=\"elementor-image-carousel-wrapper swiper\" role=\"region\" aria-roledescription=\"carousel\" aria-label=\"Carrusel de im\u00e1genes\" dir=\"ltr\">\n\t\t\t<div class=\"elementor-image-carousel swiper-wrapper\" aria-live=\"off\">\n\t\t\t\t\t\t\t\t<div class=\"swiper-slide\" role=\"group\" aria-roledescription=\"slide\" aria-label=\"1 de 4\"><figure class=\"swiper-slide-inner\"><img decoding=\"async\" class=\"swiper-slide-image\" src=\"https:\/\/soymigrante.com\/revista\/wp-content\/uploads\/2024\/03\/PARA-RECORDAR-768x432.webp\" alt=\"Recuerdos y momentos capturados por medio de fotos impresas. A\u00f1os atr\u00e1s las fotograf\u00edas se enviaban por encomienda, luego la tecnolog\u00eda avanzo y se env\u00edan digitalmente\" \/><figcaption class=\"elementor-image-carousel-caption\">Recuerdos y momentos capturados por medio de fotos impresas. A\u00f1os atr\u00e1s las fotograf\u00edas se enviaban  por  encomienda, luego la tecnolog\u00eda avanzo y se env\u00edan digitalmente<\/figcaption><\/figure><\/div><div class=\"swiper-slide\" role=\"group\" aria-roledescription=\"slide\" aria-label=\"2 de 4\"><figure class=\"swiper-slide-inner\"><img decoding=\"async\" class=\"swiper-slide-image\" src=\"https:\/\/soymigrante.com\/revista\/wp-content\/uploads\/2024\/03\/MOMENTOS-768x432.webp\" alt=\"Los fot\u00f3grafos se ubican al rededor del parque San Miguel de Totonicap\u00e1n. Esperan clientela o buscan un evento para brindar el servicio, que muchos familiares y vecinos solicitan en especial para compartir material con migrantes guatemaltecos.\" \/><figcaption class=\"elementor-image-carousel-caption\">Los fot\u00f3grafos se ubican al rededor del parque San Miguel de Totonicap\u00e1n. Esperan clientela o buscan un evento para brindar el servicio, que muchos familiares y vecinos solicitan en especial para compartir material con migrantes guatemaltecos. <\/figcaption><\/figure><\/div><div class=\"swiper-slide\" role=\"group\" aria-roledescription=\"slide\" aria-label=\"3 de 4\"><figure class=\"swiper-slide-inner\"><img decoding=\"async\" class=\"swiper-slide-image\" src=\"https:\/\/soymigrante.com\/revista\/wp-content\/uploads\/2024\/03\/TIEMPO-768x432.webp\" alt=\"Don Daniel Caniz es un fot\u00f3grafo que aprendi\u00f3 este oficio por necesidad, sin embargo el talento y la creatividad las tra\u00eda desde peque\u00f1o\" \/><figcaption class=\"elementor-image-carousel-caption\">Don Daniel Caniz es un fot\u00f3grafo que aprendi\u00f3 este  oficio por necesidad, sin embargo el talento y la creatividad las tra\u00eda desde peque\u00f1o <\/figcaption><\/figure><\/div><div class=\"swiper-slide\" role=\"group\" aria-roledescription=\"slide\" aria-label=\"4 de 4\"><figure class=\"swiper-slide-inner\"><img decoding=\"async\" class=\"swiper-slide-image\" src=\"https:\/\/soymigrante.com\/revista\/wp-content\/uploads\/2024\/03\/pionero-en-totonicapan-768x432.webp\" alt=\"Alfonso Mench\u00fa se dirig\u00eda hasta la ciudad capital para revelar las fotos, tardaba alrededor de diez o quince d\u00edas para entregarlas, hasta que el laboratorio lleg\u00f3 a Quetzaltenango y despu\u00e9s de a Totonicap\u00e1n\" \/><figcaption class=\"elementor-image-carousel-caption\">Alfonso Mench\u00fa se dirig\u00eda hasta la ciudad capital para revelar las fotos, tardaba alrededor de diez o quince d\u00edas para entregarlas, hasta que el laboratorio lleg\u00f3 a Quetzaltenango y despu\u00e9s de a Totonicap\u00e1n <\/figcaption><\/figure><\/div>\t\t\t<\/div>\n\t\t\t\t\t\t\t\t\t\t\t\t<div class=\"elementor-swiper-button elementor-swiper-button-prev\" role=\"button\" tabindex=\"0\">\n\t\t\t\t\t\t<i aria-hidden=\"true\" class=\"eicon-chevron-left\"><\/i>\t\t\t\t\t<\/div>\n\t\t\t\t\t<div class=\"elementor-swiper-button elementor-swiper-button-next\" role=\"button\" tabindex=\"0\">\n\t\t\t\t\t\t<i aria-hidden=\"true\" class=\"eicon-chevron-right\"><\/i>\t\t\t\t\t<\/div>\n\t\t\t\t\n\t\t\t\t\t\t\t\t\t<div class=\"swiper-pagination\"><\/div>\n\t\t\t\t\t\t\t\t\t<\/div>\n\t\t\t\t\t\t<\/div>\n\t\t\t\t\t<\/div>\n\t\t<\/div>\n\t\t\t\t\t<\/div>\n\t\t<\/section>\n\t\t\t\t<section data-particle_enable=\"false\" data-particle-mobile-disabled=\"false\" class=\"elementor-section elementor-top-section elementor-element elementor-element-a0d5723 elementor-section-boxed elementor-section-height-default elementor-section-height-default\" data-id=\"a0d5723\" data-element_type=\"section\" data-e-type=\"section\">\n\t\t\t\t\t\t<div class=\"elementor-container elementor-column-gap-default\">\n\t\t\t\t\t<div class=\"elementor-column elementor-col-100 elementor-top-column elementor-element elementor-element-e028582\" data-id=\"e028582\" data-element_type=\"column\" data-e-type=\"column\">\n\t\t\t<div class=\"elementor-widget-wrap elementor-element-populated\">\n\t\t\t\t\t\t<div class=\"elementor-element elementor-element-da856dc elementor-widget elementor-widget-heading\" data-id=\"da856dc\" data-element_type=\"widget\" data-e-type=\"widget\" data-widget_type=\"heading.default\">\n\t\t\t\t\t<h2 class=\"elementor-heading-title elementor-size-default\">Esplendor multicultural guatemalteco<\/h2>\t\t\t\t<\/div>\n\t\t\t\t\t<\/div>\n\t\t<\/div>\n\t\t\t\t\t<\/div>\n\t\t<\/section>\n\t\t\t\t<section data-particle_enable=\"false\" data-particle-mobile-disabled=\"false\" class=\"elementor-section elementor-top-section elementor-element elementor-element-becc446 elementor-section-boxed elementor-section-height-default elementor-section-height-default\" data-id=\"becc446\" data-element_type=\"section\" data-e-type=\"section\">\n\t\t\t\t\t\t<div class=\"elementor-container elementor-column-gap-default\">\n\t\t\t\t\t<div class=\"elementor-column elementor-col-100 elementor-top-column elementor-element elementor-element-6a9fd67\" data-id=\"6a9fd67\" data-element_type=\"column\" data-e-type=\"column\">\n\t\t\t<div class=\"elementor-widget-wrap elementor-element-populated\">\n\t\t\t\t\t\t<div class=\"elementor-element elementor-element-65df748 elementor-grid-eael-col-2 elementor-grid-tablet-eael-col-2 elementor-grid-mobile-eael-col-1 elementor-widget elementor-widget-eael-post-grid\" data-id=\"65df748\" data-element_type=\"widget\" data-e-type=\"widget\" data-settings=\"{&quot;eael_post_grid_columns&quot;:&quot;eael-col-2&quot;,&quot;eael_post_grid_columns_tablet&quot;:&quot;eael-col-2&quot;,&quot;eael_post_grid_columns_mobile&quot;:&quot;eael-col-1&quot;}\" data-widget_type=\"eael-post-grid.default\">\n\t\t\t\t\t<div id=\"eael-post-grid-65df748\" class=\"eael-post-grid-container\">\n            <div class=\"eael-post-grid eael-post-appender eael-post-appender-65df748 eael-post-grid-style-one\" data-layout-mode=\"masonry\"><article class=\"eael-grid-post  eael-post-grid-column eael-pg-post-5115 category-arte-cultura-guate-nuestra\" data-id=\"5115\">\n        <div class=\"eael-grid-post-holder\">\n            <div class=\"eael-grid-post-holder-inner\"><div class=\"eael-entry-media\"><div class=\"eael-entry-overlay fade-in\"><i class=\"fas fa-long-arrow-alt-right\" aria-hidden=\"true\"><\/i><a href=\"https:\/\/soymigrante.com\/revista\/guatemala-patrimonio-cuatricentenario-puente-los-esclavos-santa-rosa\/\"><\/a><\/div><div class=\"eael-entry-thumbnail \">\n                <img loading=\"lazy\" decoding=\"async\" width=\"300\" height=\"297\" src=\"https:\/\/soymigrante.com\/revista\/wp-content\/uploads\/2025\/02\/puente-los-esclavos-origen-santa-rosa-cultura-de-guatemala-300x297.png\" class=\"attachment-medium size-medium wp-image-52602\" alt=\"puente los esclavos origen santa rosa cultura de guatemala\" srcset=\"https:\/\/soymigrante.com\/revista\/wp-content\/uploads\/2025\/02\/puente-los-esclavos-origen-santa-rosa-cultura-de-guatemala-300x297.png 300w, https:\/\/soymigrante.com\/revista\/wp-content\/uploads\/2025\/02\/puente-los-esclavos-origen-santa-rosa-cultura-de-guatemala-150x150.png 150w, https:\/\/soymigrante.com\/revista\/wp-content\/uploads\/2025\/02\/puente-los-esclavos-origen-santa-rosa-cultura-de-guatemala-768x759.png 768w, https:\/\/soymigrante.com\/revista\/wp-content\/uploads\/2025\/02\/puente-los-esclavos-origen-santa-rosa-cultura-de-guatemala-75x75.png 75w, https:\/\/soymigrante.com\/revista\/wp-content\/uploads\/2025\/02\/puente-los-esclavos-origen-santa-rosa-cultura-de-guatemala-750x741.png 750w, https:\/\/soymigrante.com\/revista\/wp-content\/uploads\/2025\/02\/puente-los-esclavos-origen-santa-rosa-cultura-de-guatemala.png 947w\" sizes=\"(max-width: 300px) 100vw, 300px\" \/>\n            <\/div>\n        <\/div><div class=\"eael-entry-wrapper\"><header class=\"eael-entry-header\"><h2 class=\"eael-entry-title\"><a class=\"eael-grid-post-link\" href=\"https:\/\/soymigrante.com\/revista\/guatemala-patrimonio-cuatricentenario-puente-los-esclavos-santa-rosa\/\" title=\"El legendario Puente Los Esclavos en Santa Rosa desaf\u00eda al tiempo y los elementos desde 1604\">El legendario Puente Los Esclavos en Santa Rosa desaf\u00eda al tiempo y los elementos desde 1604<\/a><\/h2><\/header><\/div><\/div>\n        <\/div>\n    <\/article><article class=\"eael-grid-post  eael-post-grid-column eael-pg-post-3396 category-guate-nuestra-simbolos-patrios-guate-nuestra\" data-id=\"3396\">\n        <div class=\"eael-grid-post-holder\">\n            <div class=\"eael-grid-post-holder-inner\"><div class=\"eael-entry-media\"><div class=\"eael-entry-overlay fade-in\"><i class=\"fas fa-long-arrow-alt-right\" aria-hidden=\"true\"><\/i><a href=\"https:\/\/soymigrante.com\/revista\/simbolos-patrios-8-datos-de-la-monja-blanca-que-tal-vez-ya-conocias-o-quiza-no\/\"><\/a><\/div><div class=\"eael-entry-thumbnail \">\n                <img loading=\"lazy\" decoding=\"async\" width=\"300\" height=\"300\" src=\"https:\/\/soymigrante.com\/revista\/wp-content\/uploads\/2023\/11\/archilarium-5-1-300x300.webp\" class=\"attachment-medium size-medium wp-image-3413\" alt=\"Monja blanca, uno de los s\u00edmbolos patrios de Guatemala. Fotograf\u00eda Archilarium\" srcset=\"https:\/\/soymigrante.com\/revista\/wp-content\/uploads\/2023\/11\/archilarium-5-1-300x300.webp 300w, https:\/\/soymigrante.com\/revista\/wp-content\/uploads\/2023\/11\/archilarium-5-1-1024x1024.webp 1024w, https:\/\/soymigrante.com\/revista\/wp-content\/uploads\/2023\/11\/archilarium-5-1-150x150.webp 150w, https:\/\/soymigrante.com\/revista\/wp-content\/uploads\/2023\/11\/archilarium-5-1-768x768.webp 768w, https:\/\/soymigrante.com\/revista\/wp-content\/uploads\/2023\/11\/archilarium-5-1-75x75.webp 75w, https:\/\/soymigrante.com\/revista\/wp-content\/uploads\/2023\/11\/archilarium-5-1-750x750.webp 750w, https:\/\/soymigrante.com\/revista\/wp-content\/uploads\/2023\/11\/archilarium-5-1-1140x1140.webp 1140w, https:\/\/soymigrante.com\/revista\/wp-content\/uploads\/2023\/11\/archilarium-5-1-600x600.webp 600w, https:\/\/soymigrante.com\/revista\/wp-content\/uploads\/2023\/11\/archilarium-5-1.webp 1440w\" sizes=\"(max-width: 300px) 100vw, 300px\" \/>\n            <\/div>\n        <\/div><div class=\"eael-entry-wrapper\"><header class=\"eael-entry-header\"><h2 class=\"eael-entry-title\"><a class=\"eael-grid-post-link\" href=\"https:\/\/soymigrante.com\/revista\/simbolos-patrios-8-datos-de-la-monja-blanca-que-tal-vez-ya-conocias-o-quiza-no\/\" title=\"\u00bfPor qu\u00e9 el 11 de febrero es el d\u00eda de la Monja Blanca, S\u00edmbolo Nacional de Guatemala?\">\u00bfPor qu\u00e9 el 11 de febrero es el d\u00eda de la Monja Blanca, S\u00edmbolo Nacional de Guatemala?<\/a><\/h2><\/header><\/div><\/div>\n        <\/div>\n    <\/article><article class=\"eael-grid-post  eael-post-grid-column eael-pg-post-4978 category-guate-nuestra-simbolos-patrios-guate-nuestra\" data-id=\"4978\">\n        <div class=\"eael-grid-post-holder\">\n            <div class=\"eael-grid-post-holder-inner\"><div class=\"eael-entry-media\"><div class=\"eael-entry-overlay fade-in\"><i class=\"fas fa-long-arrow-alt-right\" aria-hidden=\"true\"><\/i><a href=\"https:\/\/soymigrante.com\/revista\/marimba-guatemalteca-simbolo-patrio-datos-quiza-no-sabias-o-tal-vez-si\/\"><\/a><\/div><div class=\"eael-entry-thumbnail \">\n                <img loading=\"lazy\" decoding=\"async\" width=\"300\" height=\"232\" src=\"https:\/\/soymigrante.com\/revista\/wp-content\/uploads\/2024\/02\/marimbero-300x232.webp\" class=\"attachment-medium size-medium wp-image-4979\" alt=\"Desde la innovaci\u00f3n del doble teclado, la Marimba Guatemalteca se ha expandido a todas partes del pa\u00eds e incluso del mundo, con un repertorio inmenso en todos los ritmos y adaptaciones de obras de todos los g\u00e9neros, dada su versatilidad. Fotograf\u00eda de la marimba Gaudia Cantorum dirigida por uno de tantos grandes impulsores, el arquitecto Erick Su\u00e1rez\" srcset=\"https:\/\/soymigrante.com\/revista\/wp-content\/uploads\/2024\/02\/marimbero-300x232.webp 300w, https:\/\/soymigrante.com\/revista\/wp-content\/uploads\/2024\/02\/marimbero-768x594.webp 768w, https:\/\/soymigrante.com\/revista\/wp-content\/uploads\/2024\/02\/marimbero-750x580.webp 750w, https:\/\/soymigrante.com\/revista\/wp-content\/uploads\/2024\/02\/marimbero.webp 960w\" sizes=\"(max-width: 300px) 100vw, 300px\" \/>\n            <\/div>\n        <\/div><div class=\"eael-entry-wrapper\"><header class=\"eael-entry-header\"><h2 class=\"eael-entry-title\"><a class=\"eael-grid-post-link\" href=\"https:\/\/soymigrante.com\/revista\/marimba-guatemalteca-simbolo-patrio-datos-quiza-no-sabias-o-tal-vez-si\/\" title=\"\u00bfPorqu\u00e9 se celebra el D\u00eda de la Marimba el 20 de febrero?\">\u00bfPorqu\u00e9 se celebra el D\u00eda de la Marimba el 20 de febrero?<\/a><\/h2><\/header><\/div><\/div>\n        <\/div>\n    <\/article><article class=\"eael-grid-post  eael-post-grid-column eael-pg-post-5083 category-guate-nuestra\" data-id=\"5083\">\n        <div class=\"eael-grid-post-holder\">\n            <div class=\"eael-grid-post-holder-inner\"><div class=\"eael-entry-media\"><div class=\"eael-entry-overlay fade-in\"><i class=\"fas fa-long-arrow-alt-right\" aria-hidden=\"true\"><\/i><a href=\"https:\/\/soymigrante.com\/revista\/silla-de-atanasio-tzul-es-simbolo-de-dignidad-y-libertad\/\"><\/a><\/div><div class=\"eael-entry-thumbnail \">\n                <img loading=\"lazy\" decoding=\"async\" width=\"300\" height=\"256\" src=\"https:\/\/soymigrante.com\/revista\/wp-content\/uploads\/2024\/02\/atas-300x256.webp\" class=\"attachment-medium size-medium wp-image-5113\" alt=\"\" srcset=\"https:\/\/soymigrante.com\/revista\/wp-content\/uploads\/2024\/02\/atas-300x256.webp 300w, https:\/\/soymigrante.com\/revista\/wp-content\/uploads\/2024\/02\/atas-768x654.webp 768w, https:\/\/soymigrante.com\/revista\/wp-content\/uploads\/2024\/02\/atas-750x639.webp 750w, https:\/\/soymigrante.com\/revista\/wp-content\/uploads\/2024\/02\/atas.webp 789w\" sizes=\"(max-width: 300px) 100vw, 300px\" \/>\n            <\/div>\n        <\/div><div class=\"eael-entry-wrapper\"><header class=\"eael-entry-header\"><h2 class=\"eael-entry-title\"><a class=\"eael-grid-post-link\" href=\"https:\/\/soymigrante.com\/revista\/silla-de-atanasio-tzul-es-simbolo-de-dignidad-y-libertad\/\" title=\"La silla de Atanasio Tzul es s\u00edmbolo de dignidad, resiliencia y libertad\">La silla de Atanasio Tzul es s\u00edmbolo de dignidad, resiliencia y libertad<\/a><\/h2><\/header><\/div><\/div>\n        <\/div>\n    <\/article><article class=\"eael-grid-post  eael-post-grid-column eael-pg-post-4628 category-guate-nuestra\" data-id=\"4628\">\n        <div class=\"eael-grid-post-holder\">\n            <div class=\"eael-grid-post-holder-inner\"><div class=\"eael-entry-media\"><div class=\"eael-entry-overlay fade-in\"><i class=\"fas fa-long-arrow-alt-right\" aria-hidden=\"true\"><\/i><a href=\"https:\/\/soymigrante.com\/revista\/poeta-maya-kiche-migrante-humberto-akabal-fallecio-2019\/\"><\/a><\/div><div class=\"eael-entry-thumbnail \">\n                <img loading=\"lazy\" decoding=\"async\" width=\"300\" height=\"252\" src=\"https:\/\/soymigrante.com\/revista\/wp-content\/uploads\/2024\/01\/Captura-de-pantalla-2024-01-29-140421-300x252.webp\" class=\"attachment-medium size-medium wp-image-4652\" alt=\"\" srcset=\"https:\/\/soymigrante.com\/revista\/wp-content\/uploads\/2024\/01\/Captura-de-pantalla-2024-01-29-140421-300x252.webp 300w, https:\/\/soymigrante.com\/revista\/wp-content\/uploads\/2024\/01\/Captura-de-pantalla-2024-01-29-140421-768x644.webp 768w, https:\/\/soymigrante.com\/revista\/wp-content\/uploads\/2024\/01\/Captura-de-pantalla-2024-01-29-140421-750x629.webp 750w, https:\/\/soymigrante.com\/revista\/wp-content\/uploads\/2024\/01\/Captura-de-pantalla-2024-01-29-140421.webp 836w\" sizes=\"(max-width: 300px) 100vw, 300px\" \/>\n            <\/div>\n        <\/div><div class=\"eael-entry-wrapper\"><header class=\"eael-entry-header\"><h2 class=\"eael-entry-title\"><a class=\"eael-grid-post-link\" href=\"https:\/\/soymigrante.com\/revista\/poeta-maya-kiche-migrante-humberto-akabal-fallecio-2019\/\" title=\"El gran migrante k&#8217;iche&#8217; de palabra dulce Humberto Ak&#8217;abal (1952-2019)\">El gran migrante k&#8217;iche&#8217; de palabra dulce Humberto Ak&#8217;abal (1952-2019)<\/a><\/h2><\/header><\/div><\/div>\n        <\/div>\n    <\/article><article class=\"eael-grid-post  eael-post-grid-column eael-pg-post-4556 category-guate-nuestra\" data-id=\"4556\">\n        <div class=\"eael-grid-post-holder\">\n            <div class=\"eael-grid-post-holder-inner\"><div class=\"eael-entry-media\"><div class=\"eael-entry-overlay fade-in\"><i class=\"fas fa-long-arrow-alt-right\" aria-hidden=\"true\"><\/i><a href=\"https:\/\/soymigrante.com\/revista\/disenadora-maya-trasciende-entre-raices-y-fronteras\/\"><\/a><\/div><div class=\"eael-entry-thumbnail \">\n                <img loading=\"lazy\" decoding=\"async\" width=\"270\" height=\"300\" src=\"https:\/\/soymigrante.com\/revista\/wp-content\/uploads\/2024\/01\/Rosario-es-originaria-de-Zunil-Quetzaltenango--270x300.webp\" class=\"attachment-medium size-medium wp-image-4502\" alt=\"Mar\u00eda Rosario Hern\u00e1ndez Ponce es originaria de Zunil Quetzaltenango, Guatemala. Desde los 15 a\u00f1os se ha dedicado a confeccionar prendas propias y ahora se ha convertido en dise\u00f1adora de prendas con tejidos de la indumentaria maya. Es estudiante de Trabajo Social en la universidad de su pa\u00eds.\" srcset=\"https:\/\/soymigrante.com\/revista\/wp-content\/uploads\/2024\/01\/Rosario-es-originaria-de-Zunil-Quetzaltenango--270x300.webp 270w, https:\/\/soymigrante.com\/revista\/wp-content\/uploads\/2024\/01\/Rosario-es-originaria-de-Zunil-Quetzaltenango--768x853.webp 768w, https:\/\/soymigrante.com\/revista\/wp-content\/uploads\/2024\/01\/Rosario-es-originaria-de-Zunil-Quetzaltenango--750x833.webp 750w, https:\/\/soymigrante.com\/revista\/wp-content\/uploads\/2024\/01\/Rosario-es-originaria-de-Zunil-Quetzaltenango-.webp 900w\" sizes=\"(max-width: 270px) 100vw, 270px\" \/>\n            <\/div>\n        <\/div><div class=\"eael-entry-wrapper\"><header class=\"eael-entry-header\"><h2 class=\"eael-entry-title\"><a class=\"eael-grid-post-link\" href=\"https:\/\/soymigrante.com\/revista\/disenadora-maya-trasciende-entre-raices-y-fronteras\/\" title=\"Dise\u00f1adora maya k&#8217;iche&#8217; trasciende barreras, fronteras, modas y ra\u00edces\">Dise\u00f1adora maya k&#8217;iche&#8217; trasciende barreras, fronteras, modas y ra\u00edces<\/a><\/h2><\/header><\/div><\/div>\n        <\/div>\n    <\/article><\/div>\n            <div class=\"clearfix\"><\/div>\n        <\/div>\t\t\t\t<\/div>\n\t\t\t\t\t<\/div>\n\t\t<\/div>\n\t\t\t\t\t<\/div>\n\t\t<\/section>\n\t\t\t\t<\/div>\n\t\t","protected":false},"excerpt":{"rendered":"<p>Bodas, cumplea\u00f1os, graduaciones, fiestas patronales son eventos especiales para recordar la tierra de miles de migrantes guatemaltecos. Son pioneros de la fotograf\u00eda en Totonicap\u00e1n quienes captan memorables instantes y brindan una conexi\u00f3n sin fronteras. Las c\u00e1maras de rollo eran el instrumento de los fot\u00f3grafos, tardaban d\u00edas o semanas para revelar la imagen. Con el pasar [&hellip;]<\/p>\n","protected":false},"author":1,"featured_media":5134,"comment_status":"open","ping_status":"open","sticky":false,"template":"","format":"standard","meta":{"_acf_changed":false,"_eb_attr":"","footnotes":""},"categories":[58],"tags":[],"class_list":["post-5132","post","type-post","status-publish","format-standard","has-post-thumbnail","hentry","category-guate-nuestra"],"acf":[],"aioseo_notices":[],"aioseo_head":"\n\t\t<!-- All in One SEO Pro 4.9.6.2 - aioseo.com -->\n\t<meta name=\"description\" content=\"Dise\u00f1adora guatemalteca incorpora elementos de la indumentaria maya en prendas de uso diario. Emprendimiento que se da a conocer fuera del territorio nacional\" \/>\n\t<meta name=\"robots\" content=\"max-snippet:-1, max-image-preview:large, max-video-preview:-1\" \/>\n\t<meta name=\"author\" content=\"Diana Batz\"\/>\n\t<link rel=\"canonical\" href=\"https:\/\/soymigrante.com\/revista\/disenadora-maya-trasciende-entre-raices-y-fronteras\/\" \/>\n\t<meta name=\"generator\" content=\"All in One SEO Pro (AIOSEO) 4.9.6.2\" \/>\n\n\t\t<link rel=\"preconnect\" href=\"https:\/\/fonts.googleapis.com\" crossorigin>\n<link rel=\"preconnect\" href=\"https:\/\/fonts.gstatic.com\" crossorigin>\n\t\t<meta property=\"og:locale\" content=\"es_ES\" \/>\n\t\t<meta property=\"og:site_name\" content=\"SoyMigrante.com REVISTA \u2013 Nuestra misi\u00f3n es reconocer y dignificar al migrante.\" \/>\n\t\t<meta property=\"og:type\" content=\"article\" \/>\n\t\t<meta property=\"og:title\" content=\"Dise\u00f1adora guatemalteca trasciende entre ra\u00edces y fronteras\" \/>\n\t\t<meta property=\"og:description\" content=\"Dise\u00f1adora guatemalteca incorpora elementos de la indumentaria maya en prendas de uso diario. Emprendimiento que se da a conocer fuera del territorio nacional\" \/>\n\t\t<meta property=\"og:url\" content=\"https:\/\/soymigrante.com\/revista\/disenadora-maya-trasciende-entre-raices-y-fronteras\/\" \/>\n\t\t<meta property=\"og:image\" content=\"https:\/\/soymigrante.com\/revista\/wp-content\/uploads\/2024\/01\/Rosario-es-originaria-de-Zunil-Quetzaltenango-.webp\" \/>\n\t\t<meta property=\"og:image:secure_url\" content=\"https:\/\/soymigrante.com\/revista\/wp-content\/uploads\/2024\/01\/Rosario-es-originaria-de-Zunil-Quetzaltenango-.webp\" \/>\n\t\t<meta property=\"og:image:width\" content=\"900\" \/>\n\t\t<meta property=\"og:image:height\" content=\"1000\" \/>\n\t\t<meta property=\"article:published_time\" content=\"2024-01-25T18:57:34+00:00\" \/>\n\t\t<meta property=\"article:modified_time\" content=\"2024-07-30T03:22:07+00:00\" \/>\n\t\t<meta property=\"article:publisher\" content=\"https:\/\/www.facebook.com\/soymigrantecom\" \/>\n\t\t<meta name=\"twitter:card\" content=\"summary_large_image\" \/>\n\t\t<meta name=\"twitter:site\" content=\"@SoyMigrante_com\" \/>\n\t\t<meta name=\"twitter:title\" content=\"Dise\u00f1adora guatemalteca trasciende entre ra\u00edces y fronteras\" \/>\n\t\t<meta name=\"twitter:description\" content=\"Dise\u00f1adora guatemalteca incorpora elementos de la indumentaria maya en prendas de uso diario. Emprendimiento que se da a conocer fuera del territorio nacional\" \/>\n\t\t<meta name=\"twitter:creator\" content=\"@SoyMigrante_com\" \/>\n\t\t<meta name=\"twitter:image\" content=\"https:\/\/soymigrante.com\/revista\/wp-content\/uploads\/2024\/01\/Rosario-es-originaria-de-Zunil-Quetzaltenango-.webp\" \/>\n\t\t<!-- All in One SEO Pro -->\r\n\t\t<title>Dise\u00f1adora guatemalteca trasciende entre ra\u00edces y fronteras<\/title>\n\n","aioseo_head_json":{"title":"Dise\u00f1adora guatemalteca trasciende entre ra\u00edces y fronteras","description":"Dise\u00f1adora guatemalteca incorpora elementos de la indumentaria maya en prendas de uso diario. Emprendimiento que se da a conocer fuera del territorio nacional","canonical_url":"https:\/\/soymigrante.com\/revista\/disenadora-maya-trasciende-entre-raices-y-fronteras\/","robots":"max-snippet:-1, max-image-preview:large, max-video-preview:-1","keywords":"","webmasterTools":{"miscellaneous":"&lt;link rel=\"preconnect\" href=\"https:\/\/fonts.googleapis.com\" crossorigin&gt;\n&lt;link rel=\"preconnect\" href=\"https:\/\/fonts.gstatic.com\" crossorigin&gt;"},"schema":null,"og:locale":"es_ES","og:site_name":"SoyMigrante.com REVISTA \u2013 Nuestra misi\u00f3n es reconocer y dignificar al migrante.","og:type":"article","og:title":"Dise\u00f1adora guatemalteca trasciende entre ra\u00edces y fronteras","og:description":"Dise\u00f1adora guatemalteca incorpora elementos de la indumentaria maya en prendas de uso diario. Emprendimiento que se da a conocer fuera del territorio nacional","og:url":"https:\/\/soymigrante.com\/revista\/disenadora-maya-trasciende-entre-raices-y-fronteras\/","og:image":"https:\/\/soymigrante.com\/revista\/wp-content\/uploads\/2024\/01\/Rosario-es-originaria-de-Zunil-Quetzaltenango-.webp","og:image:secure_url":"https:\/\/soymigrante.com\/revista\/wp-content\/uploads\/2024\/01\/Rosario-es-originaria-de-Zunil-Quetzaltenango-.webp","og:image:width":900,"og:image:height":1000,"article:published_time":"2024-01-25T18:57:34+00:00","article:modified_time":"2024-07-30T03:22:07+00:00","article:publisher":"https:\/\/www.facebook.com\/soymigrantecom","twitter:card":"summary_large_image","twitter:site":"@SoyMigrante_com","twitter:title":"Dise\u00f1adora guatemalteca trasciende entre ra\u00edces y fronteras","twitter:description":"Dise\u00f1adora guatemalteca incorpora elementos de la indumentaria maya en prendas de uso diario. Emprendimiento que se da a conocer fuera del territorio nacional","twitter:creator":"@SoyMigrante_com","twitter:image":"https:\/\/soymigrante.com\/revista\/wp-content\/uploads\/2024\/01\/Rosario-es-originaria-de-Zunil-Quetzaltenango-.webp"},"aioseo_meta_data":{"post_id":"5132","title":"Fot\u00f3grafos del pueblo capturan momentos para migrantes","description":"Desde hace una d\u00e9cada fot\u00f3grafos en Totonicap\u00e1n capturan momentos inolvidables. Fotos enviadas por familias a sus parientes migrantes en Estados Unidos","keywords":null,"keyphrases":{"focus":{"keyphrase":"migrantes","score":91,"analysis":{"keyphraseInTitle":{"score":9,"maxScore":9,"error":0},"keyphraseInDescription":{"score":9,"maxScore":9,"error":0},"keyphraseLength":{"score":9,"maxScore":9,"error":0,"length":1},"keyphraseInURL":{"score":5,"maxScore":5,"error":0},"keyphraseInIntroduction":{"score":9,"maxScore":9,"error":0},"keyphraseInSubHeadings":{"score":3,"maxScore":9,"error":1},"keyphraseInImageAlt":{"score":9,"maxScore":9,"error":0},"keywordDensity":{"type":"best","score":9,"maxScore":9,"error":0}}},"additional":[{"keyphrase":"fotos","score":87,"analysis":{"keyphraseInDescription":{"score":9,"maxScore":9,"error":0},"keyphraseLength":{"score":9,"maxScore":9,"error":0,"length":1},"keyphraseInIntroduction":{"score":3,"maxScore":9,"error":1},"keyphraseInImageAlt":{"score":9,"maxScore":9,"error":0},"keywordDensity":{"type":"best","score":9,"maxScore":9,"error":0}}}]},"primary_term":null,"canonical_url":null,"og_title":null,"og_description":null,"og_object_type":"default","og_image_type":"default","og_image_url":null,"og_image_width":null,"og_image_height":null,"og_image_custom_url":null,"og_image_custom_fields":null,"og_video":"","og_custom_url":null,"og_article_section":null,"og_article_tags":null,"twitter_use_og":false,"twitter_card":"default","twitter_image_type":"default","twitter_image_url":null,"twitter_image_custom_url":null,"twitter_image_custom_fields":null,"twitter_title":null,"twitter_description":null,"schema":{"blockGraphs":[],"customGraphs":[],"default":{"data":{"Article":[],"Course":[],"Dataset":[],"FAQPage":[],"Movie":[],"Person":[],"Product":[],"ProductReview":[],"Car":[],"Recipe":[],"Service":[],"SoftwareApplication":[],"WebPage":[]},"graphName":"Article","isEnabled":true},"graphs":[]},"schema_type":"default","schema_type_options":null,"pillar_content":false,"robots_default":true,"robots_noindex":false,"robots_noarchive":false,"robots_nosnippet":false,"robots_nofollow":false,"robots_noimageindex":false,"robots_noodp":false,"robots_notranslate":false,"robots_max_snippet":"-1","robots_max_videopreview":"-1","robots_max_imagepreview":"large","priority":null,"frequency":"default","local_seo":null,"seo_analyzer_scan_date":"2025-10-09 00:52:06","breadcrumb_settings":null,"limit_modified_date":false,"reviewed_by":null,"open_ai":"{\"title\":{\"suggestions\":[],\"usage\":0},\"description\":{\"suggestions\":[],\"usage\":0}}","ai":null,"created":"2024-03-01 06:29:07","updated":"2026-02-04 18:18:23"},"aioseo_breadcrumb":"<div class=\"aioseo-breadcrumbs\"><span class=\"aioseo-breadcrumb\">\n\t<a href=\"https:\/\/soymigrante.com\/revista\" title=\"Home\">Home<\/a>\n<\/span><span class=\"aioseo-breadcrumb-separator\">\u00bb<\/span><span class=\"aioseo-breadcrumb\">\n\t<a href=\"https:\/\/soymigrante.com\/revista\/category\/guate-nuestra\/\" title=\"Guate Nuestra\">Guate Nuestra<\/a>\n<\/span><span class=\"aioseo-breadcrumb-separator\">\u00bb<\/span><span class=\"aioseo-breadcrumb\">\n\tFot\u00f3grafos del pueblo captan momentos inolvidables para migrantes en EE.UU.\n<\/span><\/div>","aioseo_breadcrumb_json":[{"label":"Home","link":"https:\/\/soymigrante.com\/revista"},{"label":"Guate Nuestra","link":"https:\/\/soymigrante.com\/revista\/category\/guate-nuestra\/"},{"label":"Fot\u00f3grafos del pueblo captan momentos inolvidables para migrantes en EE.UU.","link":"https:\/\/soymigrante.com\/revista\/capturan-momentos-inolvidables-para-migrantes-en-ee-uu\/"}],"_links":{"self":[{"href":"https:\/\/soymigrante.com\/revista\/wp-json\/wp\/v2\/posts\/5132","targetHints":{"allow":["GET"]}}],"collection":[{"href":"https:\/\/soymigrante.com\/revista\/wp-json\/wp\/v2\/posts"}],"about":[{"href":"https:\/\/soymigrante.com\/revista\/wp-json\/wp\/v2\/types\/post"}],"author":[{"embeddable":true,"href":"https:\/\/soymigrante.com\/revista\/wp-json\/wp\/v2\/users\/1"}],"replies":[{"embeddable":true,"href":"https:\/\/soymigrante.com\/revista\/wp-json\/wp\/v2\/comments?post=5132"}],"version-history":[{"count":0,"href":"https:\/\/soymigrante.com\/revista\/wp-json\/wp\/v2\/posts\/5132\/revisions"}],"wp:featuredmedia":[{"embeddable":true,"href":"https:\/\/soymigrante.com\/revista\/wp-json\/wp\/v2\/media\/5134"}],"wp:attachment":[{"href":"https:\/\/soymigrante.com\/revista\/wp-json\/wp\/v2\/media?parent=5132"}],"wp:term":[{"taxonomy":"category","embeddable":true,"href":"https:\/\/soymigrante.com\/revista\/wp-json\/wp\/v2\/categories?post=5132"},{"taxonomy":"post_tag","embeddable":true,"href":"https:\/\/soymigrante.com\/revista\/wp-json\/wp\/v2\/tags?post=5132"}],"curies":[{"name":"wp","href":"https:\/\/api.w.org\/{rel}","templated":true}]}}