{"id":51251,"date":"2026-01-19T08:35:06","date_gmt":"2026-01-19T14:35:06","guid":{"rendered":"https:\/\/soymigrante.com\/revista\/?p=51251"},"modified":"2026-01-19T08:35:14","modified_gmt":"2026-01-19T14:35:14","slug":"detencion-migratoria-aumento-600-en-primer-ano-del-segundo-gobierno-de-trump-senala-analisis-de-aic","status":"publish","type":"post","link":"https:\/\/soymigrante.com\/revista\/detencion-migratoria-aumento-600-en-primer-ano-del-segundo-gobierno-de-trump-senala-analisis-de-aic\/","title":{"rendered":"Detenci\u00f3n migratoria aument\u00f3 600% en primer a\u00f1o del segundo gobierno de Trump, se\u00f1ala an\u00e1lisis de AIC"},"content":{"rendered":"\t\t<div data-elementor-type=\"wp-post\" data-elementor-id=\"51251\" class=\"elementor elementor-51251\" data-elementor-post-type=\"post\">\n\t\t\t\t<div data-particle_enable=\"false\" data-particle-mobile-disabled=\"false\" class=\"elementor-element elementor-element-cb638cc e-flex e-con-boxed e-con e-parent\" data-id=\"cb638cc\" data-element_type=\"container\" data-e-type=\"container\">\n\t\t\t\t\t<div class=\"e-con-inner\">\n\t\t\t\t<div class=\"elementor-element elementor-element-1b05982 elementor-widget elementor-widget-heading\" data-id=\"1b05982\" data-element_type=\"widget\" data-e-type=\"widget\" data-widget_type=\"heading.default\">\n\t\t\t\t\t<h2 class=\"elementor-heading-title elementor-size-default\">La detenci\u00f3n migratoria podr\u00eda superar las 100 mil peresonas en el inicio de 2026. En diciembre hab\u00eda 68 mil detenidos, la mayor\u00eda de ellos sin antecedentes criminales. Informe de American Immigration Council expone cifras.<\/h2>\t\t\t\t<\/div>\n\t\t\t\t\t<\/div>\n\t\t\t\t<\/div>\n\t\t<div data-particle_enable=\"false\" data-particle-mobile-disabled=\"false\" class=\"elementor-element elementor-element-0e891a6 e-flex e-con-boxed e-con e-parent\" data-id=\"0e891a6\" data-element_type=\"container\" data-e-type=\"container\">\n\t\t\t\t\t<div class=\"e-con-inner\">\n\t\t\t\t<div class=\"elementor-element elementor-element-88b79d5 elementor-widget elementor-widget-text-editor\" data-id=\"88b79d5\" data-element_type=\"widget\" data-e-type=\"widget\" data-widget_type=\"text-editor.default\">\n\t\t\t\t\t\t\t\t\t<p><strong data-start=\"178\" data-end=\"359\">En su primer a\u00f1o de retorno al poder, la administraci\u00f3n de Donald Trump impuls\u00f3 la mayor expansi\u00f3n del sistema de detenci\u00f3n migratoria en la historia reciente de Estados Unidos.<\/strong>\u00a0 Informe del <em data-start=\"375\" data-end=\"405\">American Immigration Council<\/em> documenta c\u00f3mo el encierro masivo pas\u00f3 de ser una medida excepcional a una herramienta central de control migratorio.<\/p><p>Se documenta un crecimiento acelerado de la poblaci\u00f3n detenida, un flujo multimillonario de recursos p\u00fablicos hacia prisiones y centros privados, y un deterioro profundo de las <a href=\"https:\/\/soymigrante.com\/revista\/todo-migrante-tiene-derechos-la-union-americana-de-libertades-civiles-recomienda\/\">garant\u00edas legales<\/a>, las condiciones humanitarias y los mecanismos de supervisi\u00f3n estatal. Esta es una s\u00edntesis del informe, que puede encontrarse<a href=\"https:\/\/www.americanimmigrationcouncil.org\/report\/immigration-detention\/null\"> completo aqu\u00ed en ingl\u00e9s.<\/a><\/p>\t\t\t\t\t\t\t\t<\/div>\n\t\t\t\t\t<\/div>\n\t\t\t\t<\/div>\n\t\t<div data-particle_enable=\"false\" data-particle-mobile-disabled=\"false\" class=\"elementor-element elementor-element-8d8668c e-flex e-con-boxed e-con e-parent\" data-id=\"8d8668c\" data-element_type=\"container\" data-e-type=\"container\">\n\t\t\t\t\t<div class=\"e-con-inner\">\n\t\t\t\t<div class=\"elementor-element elementor-element-003d690 elementor-widget elementor-widget-image\" data-id=\"003d690\" data-element_type=\"widget\" data-e-type=\"widget\" data-widget_type=\"image.default\">\n\t\t\t\t\t\t\t\t\t\t\t\t<figure class=\"wp-caption\">\n\t\t\t\t\t\t\t\t\t\t\t<a href=\"https:\/\/www.americanimmigrationcouncil.org\/report\/immigration-detention\/null\">\n\t\t\t\t\t\t\t<img fetchpriority=\"high\" decoding=\"async\" width=\"557\" height=\"608\" src=\"https:\/\/soymigrante.com\/revista\/wp-content\/uploads\/2026\/01\/portada-informe-detenciones-trump.png\" class=\"attachment-large size-large wp-image-51259\" alt=\"Esta es la portada del informe de American Immigration Council que analiza las cifras de detenciones, centros de detenci\u00f3n y costos de las pol\u00edticas antimigrantes del primer a\u00f1o del segundo gobierno de Donald Trump.\" srcset=\"https:\/\/soymigrante.com\/revista\/wp-content\/uploads\/2026\/01\/portada-informe-detenciones-trump.png 557w, https:\/\/soymigrante.com\/revista\/wp-content\/uploads\/2026\/01\/portada-informe-detenciones-trump-275x300.png 275w\" sizes=\"(max-width: 557px) 100vw, 557px\" title=\"Esta es la portada del informe de American Immigration Council que analiza las cifras de detenciones, centros de detenci\u00f3n y costos de las pol\u00edticas antimigrantes del primer a\u00f1o del segundo gobierno de Donald Trump. \u2013 SoyMigrante.com REVISTA\" \/>\t\t\t\t\t\t\t\t<\/a>\n\t\t\t\t\t\t\t\t\t\t\t<figcaption class=\"widget-image-caption wp-caption-text\">Esta es la portada del informe de American Immigration Council que analiza las cifras de detenciones, centros de detenci\u00f3n y costos de las pol\u00edticas antimigrantes del primer a\u00f1o del segundo gobierno de Donald Trump.<\/figcaption>\n\t\t\t\t\t\t\t\t\t\t<\/figure>\n\t\t\t\t\t\t\t\t\t<\/div>\n\t\t\t\t\t<\/div>\n\t\t\t\t<\/div>\n\t\t<div data-particle_enable=\"false\" data-particle-mobile-disabled=\"false\" class=\"elementor-element elementor-element-cdcc730 e-flex e-con-boxed e-con e-parent\" data-id=\"cdcc730\" data-element_type=\"container\" data-e-type=\"container\">\n\t\t\t\t\t<div class=\"e-con-inner\">\n\t\t\t\t<div class=\"elementor-element elementor-element-ab4599e elementor-widget elementor-widget-heading\" data-id=\"ab4599e\" data-element_type=\"widget\" data-e-type=\"widget\" data-widget_type=\"heading.default\">\n\t\t\t\t\t<h3 class=\"elementor-heading-title elementor-size-default\">Algunos datos dan perspectiva de la pol\u00edtica antimigrante de Trump a un a\u00f1o de iniciar<\/h3>\t\t\t\t<\/div>\n\t\t\t\t\t<\/div>\n\t\t\t\t<\/div>\n\t\t<div data-particle_enable=\"false\" data-particle-mobile-disabled=\"false\" class=\"elementor-element elementor-element-c8848b4 e-flex e-con-boxed e-con e-parent\" data-id=\"c8848b4\" data-element_type=\"container\" data-e-type=\"container\">\n\t\t\t\t\t<div class=\"e-con-inner\">\n\t\t\t\t<div class=\"elementor-element elementor-element-8f4fe6a elementor-widget elementor-widget-text-editor\" data-id=\"8f4fe6a\" data-element_type=\"widget\" data-e-type=\"widget\" data-widget_type=\"text-editor.default\">\n\t\t\t\t\t\t\t\t\t<p><b>Poblaci\u00f3n detenida: <\/b>Al inicio del 2o. gobierno de Donald Trump, en enero de 2025, hab\u00eda aproximadamente 40,000 personas <a href=\"https:\/\/soymigrante.com\/revista\/familias-visitan-migrantes-detenidos-delaney-newark-new-jersey-centro-detencion\/\">detenidas<\/a>; para finales de diciembre, la cifra aument\u00f3 casi un 75%, superando las 68,000 personas.\u00a0<\/p><p><b>Capacidad y objetivos: <\/b>El sistema alcanz\u00f3 una capacidad r\u00e9cord de 70,000 personas diarias, aunque el objetivo de la administraci\u00f3n para enero de 2026 es llegar a 107,759 camas, seg\u00fan documentos y memorandos internos.<\/p><p><b>Financiamiento masivo:<\/b> A trav\u00e9s de la ley conocida como &#8220;One Big Beautiful Bill Act&#8221;, el Congreso otorg\u00f3 al ICE 45,000 millones de d\u00f3lares para detenci\u00f3n hasta el a\u00f1o fiscal 2029, lo que supone un presupuesto anual de casi 15,000 millones de d\u00f3lares.\u00a0<\/p><p><b>Detenciones indiscriminadas:<\/b> Las <a href=\"https:\/\/soymigrante.com\/revista\/temor-a-redadas-en-usa-puede-poner-en-riesgo-a-madres-y-bebes\/\">detenciones <\/a>&#8220;en la comunidad&#8221;\u00a0 aumentaron un 600%. Esto result\u00f3 en un incremento del 2,450% en el n\u00famero de personas sin antecedentes penales detenidas diariamente.<\/p><p><b>\u2022 Reducci\u00f3n de liberaciones:<\/b> Las <a href=\"https:\/\/soymigrante.com\/revista\/madre-migrante-guatemalteca-volvio-a-su-hogar-en-chicago-despues-de-7-meses-detenida\/\">liberaciones <\/a>discrecionales cayeron un 87% entre enero y noviembre de 2025. La proporci\u00f3n de deportaciones frente a liberaciones pas\u00f3 de 1.6 en diciembre de 2024 a 14.3 deportaciones por cada liberaci\u00f3n en noviembre de 2025.<\/p><p><b>\u2022 Infraestructura creciente:<\/b> El n\u00famero de instalaciones utilizadas por el ICE aument\u00f3 un 91%, pasando de 114 a 218 centros en un solo a\u00f1o. Muchos de ellos son de administraci\u00f3n privada.<\/p>\t\t\t\t\t\t\t\t<\/div>\n\t\t\t\t\t<\/div>\n\t\t\t\t<\/div>\n\t\t<div data-particle_enable=\"false\" data-particle-mobile-disabled=\"false\" class=\"elementor-element elementor-element-6d14ada e-flex e-con-boxed e-con e-parent\" data-id=\"6d14ada\" data-element_type=\"container\" data-e-type=\"container\">\n\t\t\t\t\t<div class=\"e-con-inner\">\n\t\t\t\t<div class=\"elementor-element elementor-element-7852966 elementor-grid-eael-col-1 elementor-grid-tablet-eael-col-2 elementor-grid-mobile-eael-col-1 elementor-widget elementor-widget-eael-post-grid\" data-id=\"7852966\" data-element_type=\"widget\" data-e-type=\"widget\" data-settings=\"{&quot;eael_post_grid_columns&quot;:&quot;eael-col-1&quot;,&quot;eael_post_grid_columns_tablet&quot;:&quot;eael-col-2&quot;,&quot;eael_post_grid_columns_mobile&quot;:&quot;eael-col-1&quot;}\" data-widget_type=\"eael-post-grid.default\">\n\t\t\t\t\t<div id=\"eael-post-grid-7852966\" class=\"eael-post-grid-container\">\n            <div class=\"eael-post-grid eael-post-appender eael-post-appender-7852966 eael-post-grid-style-one\" data-layout-mode=\"masonry\"><article class=\"eael-grid-post  eael-post-grid-column eael-pg-post-49603 category-noticias\" data-id=\"49603\">\n        <div class=\"eael-grid-post-holder\">\n            <div class=\"eael-grid-post-holder-inner\"><div class=\"eael-entry-media\"><div class=\"eael-entry-overlay fade-in\"><i class=\"far fa-hand-pointer\" aria-hidden=\"true\"><\/i><a href=\"https:\/\/soymigrante.com\/revista\/mas-de-73-mil-detenidos-por-ice-no-tienen-ningun-record-criminal-senala-analisis-de-datos-oficiales\/\"><\/a><\/div><div class=\"eael-entry-thumbnail eael-image-ratio\">\n                <img decoding=\"async\" width=\"826\" height=\"826\" src=\"https:\/\/soymigrante.com\/revista\/wp-content\/uploads\/2025\/12\/capturas-redadas-migrantes-1.jpg\" class=\"attachment-large size-large wp-image-49617\" alt=\"redadas ice\" srcset=\"https:\/\/soymigrante.com\/revista\/wp-content\/uploads\/2025\/12\/capturas-redadas-migrantes-1.jpg 826w, https:\/\/soymigrante.com\/revista\/wp-content\/uploads\/2025\/12\/capturas-redadas-migrantes-1-300x300.jpg 300w, https:\/\/soymigrante.com\/revista\/wp-content\/uploads\/2025\/12\/capturas-redadas-migrantes-1-150x150.jpg 150w, https:\/\/soymigrante.com\/revista\/wp-content\/uploads\/2025\/12\/capturas-redadas-migrantes-1-768x768.jpg 768w, https:\/\/soymigrante.com\/revista\/wp-content\/uploads\/2025\/12\/capturas-redadas-migrantes-1-75x75.jpg 75w, https:\/\/soymigrante.com\/revista\/wp-content\/uploads\/2025\/12\/capturas-redadas-migrantes-1-750x750.jpg 750w\" sizes=\"(max-width: 826px) 100vw, 826px\" \/>\n            <\/div>\n        <\/div><div class=\"eael-entry-wrapper\"><header class=\"eael-entry-header\"><h2 class=\"eael-entry-title\"><a class=\"eael-grid-post-link\" href=\"https:\/\/soymigrante.com\/revista\/mas-de-73-mil-detenidos-por-ice-no-tienen-ningun-record-criminal-senala-analisis-de-datos-oficiales\/\" title=\"M\u00e1s de 73 mil detenidos por ICE no tienen ning\u00fan r\u00e9cord criminal, se\u00f1ala an\u00e1lisis de datos oficiales\">M\u00e1s de 73 mil detenidos por ICE no tienen ning\u00fan r\u00e9cord criminal, se\u00f1ala an\u00e1lisis de datos oficiales<\/a><\/h2><\/header><div class=\"eael-entry-content\">\n                        <div class=\"eael-grid-post-excerpt\"><a href=\"https:\/\/soymigrante.com\/revista\/mas-de-73-mil-detenidos-por-ice-no-tienen-ningun-record-criminal-senala-analisis-de-datos-oficiales\/\" class=\"eael-post-elements-readmore-btn\">CONOCE SU HISTORIA <\/a><\/div>\n                    <\/div><\/div><\/div>\n        <\/div>\n    <\/article><\/div>\n            <div class=\"clearfix\"><\/div>\n        <\/div>\t\t\t\t<\/div>\n\t\t\t\t\t<\/div>\n\t\t\t\t<\/div>\n\t\t<div data-particle_enable=\"false\" data-particle-mobile-disabled=\"false\" class=\"elementor-element elementor-element-e2f40e8 e-flex e-con-boxed e-con e-parent\" data-id=\"e2f40e8\" data-element_type=\"container\" data-e-type=\"container\">\n\t\t\t\t\t<div class=\"e-con-inner\">\n\t\t\t\t<div class=\"elementor-element elementor-element-3800fe5 elementor-widget elementor-widget-text-editor\" data-id=\"3800fe5\" data-element_type=\"widget\" data-e-type=\"widget\" data-widget_type=\"text-editor.default\">\n\t\t\t\t\t\t\t\t\t<p><span style=\"color: #000000; font-family: Mulish, sans-serif; font-size: 29px; font-weight: bold;\">Implicaciones de la pol\u00edtica<\/span><\/p><p><b>1. Cambio en las prioridades de aplicaci\u00f3n de la ley.<br \/><\/b>La administraci\u00f3n ha utilizado a diversas agencias federales (como el FBI y el IRS) para participar en esfuerzos de <a href=\"https:\/\/soymigrante.com\/revista\/crecimiento-record-de-la-detencion-migratoria-en-2025-la-mayoria-sin-record-criminal-senala-migration-policy-institute\/\">detenci\u00f3n de migrantes<\/a>, incluyendo a quienes llevan a\u00f1os de estar en Estados Unidos sin cometer ning\u00fan delito. Se han implementado redadas indiscriminadas en lugares de trabajo, &#8220;patrullas itinerantes&#8221; y el arresto de personas que acud\u00edan puntualmente a sus citas de control o audiencias ante cortes migratorias.<\/p><p><b>2. Establecimiento de una pol\u00edtica de &#8220;No-Liberaci\u00f3n&#8221;.<br \/><\/b>Mediante \u00f3rdenes ejecutivas, se orden\u00f3 al ICE maximizar el uso de la detenci\u00f3n, eliminando casi por completo las liberaciones por razones humanitarias o bajo fianza. Adem\u00e1s, se han establecido precedentes legales para clasificar a millones de inmigrantes bajo &#8220;detenci\u00f3n obligatoria&#8221;, impidi\u00e9ndoles solicitar una fianza ante un juez.<\/p><p><b>3. Deterioro de las condiciones y crisis de salud<br \/><\/b>La r\u00e1pida expansi\u00f3n ha provocado un hacinamiento severo, atenci\u00f3n m\u00e9dica deficiente y condiciones abusivas. El a\u00f1o 2025 se perfila como el m\u00e1s letal en d\u00e9cadas, con 30 muertes registradas bajo custodia hasta mediados de diciembre. Se han reportado brotes de enfermedades y falta de alimentos adecuados en centros saturados.<\/p>\t\t\t\t\t\t\t\t<\/div>\n\t\t\t\t\t<\/div>\n\t\t\t\t<\/div>\n\t\t<div data-particle_enable=\"false\" data-particle-mobile-disabled=\"false\" class=\"elementor-element elementor-element-3bb6aa0 e-flex e-con-boxed e-con e-parent\" data-id=\"3bb6aa0\" data-element_type=\"container\" data-e-type=\"container\">\n\t\t\t\t\t<div class=\"e-con-inner\">\n\t\t\t\t<div class=\"elementor-element elementor-element-e31a674 elementor-grid-eael-col-1 elementor-grid-tablet-eael-col-2 elementor-grid-mobile-eael-col-1 elementor-widget elementor-widget-eael-post-grid\" data-id=\"e31a674\" data-element_type=\"widget\" data-e-type=\"widget\" data-settings=\"{&quot;eael_post_grid_columns&quot;:&quot;eael-col-1&quot;,&quot;eael_post_grid_columns_tablet&quot;:&quot;eael-col-2&quot;,&quot;eael_post_grid_columns_mobile&quot;:&quot;eael-col-1&quot;}\" data-widget_type=\"eael-post-grid.default\">\n\t\t\t\t\t<div id=\"eael-post-grid-e31a674\" class=\"eael-post-grid-container\">\n            <div class=\"eael-post-grid eael-post-appender eael-post-appender-e31a674 eael-post-grid-style-one\" data-layout-mode=\"masonry\"><article class=\"eael-grid-post  eael-post-grid-column eael-pg-post-50514 category-noticias\" data-id=\"50514\">\n        <div class=\"eael-grid-post-holder\">\n            <div class=\"eael-grid-post-holder-inner\"><div class=\"eael-entry-media\"><div class=\"eael-entry-overlay fade-in\"><i class=\"far fa-hand-pointer\" aria-hidden=\"true\"><\/i><a href=\"https:\/\/soymigrante.com\/revista\/madre-migrante-guatemalteca-volvio-a-su-hogar-en-chicago-despues-de-7-meses-detenida\/\"><\/a><\/div><div class=\"eael-entry-thumbnail eael-image-ratio\">\n                <img decoding=\"async\" width=\"379\" height=\"379\" src=\"https:\/\/soymigrante.com\/revista\/wp-content\/uploads\/2026\/01\/marina-lopez-migrante-guatemalteca-liberada-texas.png\" class=\"attachment-large size-large wp-image-50515\" alt=\"marina lopez migrante guatemalteca liberada texas\" srcset=\"https:\/\/soymigrante.com\/revista\/wp-content\/uploads\/2026\/01\/marina-lopez-migrante-guatemalteca-liberada-texas.png 379w, https:\/\/soymigrante.com\/revista\/wp-content\/uploads\/2026\/01\/marina-lopez-migrante-guatemalteca-liberada-texas-300x300.png 300w, https:\/\/soymigrante.com\/revista\/wp-content\/uploads\/2026\/01\/marina-lopez-migrante-guatemalteca-liberada-texas-150x150.png 150w, https:\/\/soymigrante.com\/revista\/wp-content\/uploads\/2026\/01\/marina-lopez-migrante-guatemalteca-liberada-texas-75x75.png 75w\" sizes=\"(max-width: 379px) 100vw, 379px\" \/>\n            <\/div>\n        <\/div><div class=\"eael-entry-wrapper\"><header class=\"eael-entry-header\"><h2 class=\"eael-entry-title\"><a class=\"eael-grid-post-link\" href=\"https:\/\/soymigrante.com\/revista\/madre-migrante-guatemalteca-volvio-a-su-hogar-en-chicago-despues-de-7-meses-detenida\/\" title=\"Madre migrante guatemalteca volvi\u00f3 a su hogar en Chicago despu\u00e9s de 7 meses detenida\">Madre migrante guatemalteca volvi\u00f3 a su hogar en Chicago despu\u00e9s de 7 meses detenida<\/a><\/h2><\/header><div class=\"eael-entry-content\">\n                        <div class=\"eael-grid-post-excerpt\"><a href=\"https:\/\/soymigrante.com\/revista\/madre-migrante-guatemalteca-volvio-a-su-hogar-en-chicago-despues-de-7-meses-detenida\/\" class=\"eael-post-elements-readmore-btn\">CONOCE SU HISTORIA <\/a><\/div>\n                    <\/div><\/div><\/div>\n        <\/div>\n    <\/article><\/div>\n            <div class=\"clearfix\"><\/div>\n        <\/div>\t\t\t\t<\/div>\n\t\t\t\t\t<\/div>\n\t\t\t\t<\/div>\n\t\t<div data-particle_enable=\"false\" data-particle-mobile-disabled=\"false\" class=\"elementor-element elementor-element-0ef0a1a e-flex e-con-boxed e-con e-parent\" data-id=\"0ef0a1a\" data-element_type=\"container\" data-e-type=\"container\">\n\t\t\t\t\t<div class=\"e-con-inner\">\n\t\t\t\t<div class=\"elementor-element elementor-element-0ec32f3 elementor-widget elementor-widget-text-editor\" data-id=\"0ec32f3\" data-element_type=\"widget\" data-e-type=\"widget\" data-widget_type=\"text-editor.default\">\n\t\t\t\t\t\t\t\t\t<p><b>4. Nuevos modelos de detenci\u00f3n<\/b><\/p><p>Campamentos de tienda.\u00a0 Ante la falta de espacio, la administraci\u00f3n ha recurrido al uso de bases militares (como Fort Bliss) y estructuras de lona o &#8220;soft-sided&#8221; para albergar a miles de personas. Florida introdujo el modelo &#8220;Alligator Alcatraz&#8221;, el primer centro de detenci\u00f3n operado totalmente por un estado sin contrato directo del ICE.<\/p><p><b>5. Colapso de la supervisi\u00f3n y transparencia<br \/><\/b>La administraci\u00f3n redujo dr\u00e1sticamente el personal de las oficinas de control interno (como la Oficina de Derechos Civiles y Libertades Civiles, que baj\u00f3 de 150 a 22 empleados) y ha bloqueado las inspecciones sorpresa de miembros del Congreso. Esto ha creado un sistema opaco donde los traslados ca\u00f3ticos dificultan que los abogados localicen a sus clientes.<\/p><p><b>6. Impacto en los procesos legales <br \/><\/b>La detenci\u00f3n se utiliza estrat\u00e9gicamente para dificultar la defensa legal; las personas detenidas tienen m\u00e1s del doble de probabilidades de recibir <a href=\"https:\/\/soymigrante.com\/revista\/migrante-guatemalteco-cesar-reyes-sin-antecedentes-deportado-video-explico-nino\/\">una orden de deportaci\u00f3n <\/a>en comparaci\u00f3n con quienes enfrentan su proceso en libertad.\u00a0<\/p><p>Muchos inmigrantes, incluso con casos viables, terminan rindi\u00e9ndose debido a las condiciones inhumanas y la falta de una fecha final de detenci\u00f3n clara<\/p>\t\t\t\t\t\t\t\t<\/div>\n\t\t\t\t\t<\/div>\n\t\t\t\t<\/div>\n\t\t<div data-particle_enable=\"false\" data-particle-mobile-disabled=\"false\" class=\"elementor-element elementor-element-3ff4c5c e-flex e-con-boxed e-con e-parent\" data-id=\"3ff4c5c\" data-element_type=\"container\" data-e-type=\"container\">\n\t\t\t\t\t<div class=\"e-con-inner\">\n\t\t\t\t<div class=\"elementor-element elementor-element-88844cb elementor-grid-eael-col-1 elementor-grid-tablet-eael-col-2 elementor-grid-mobile-eael-col-1 elementor-widget elementor-widget-eael-post-grid\" data-id=\"88844cb\" data-element_type=\"widget\" data-e-type=\"widget\" data-settings=\"{&quot;eael_post_grid_columns&quot;:&quot;eael-col-1&quot;,&quot;eael_post_grid_columns_tablet&quot;:&quot;eael-col-2&quot;,&quot;eael_post_grid_columns_mobile&quot;:&quot;eael-col-1&quot;}\" data-widget_type=\"eael-post-grid.default\">\n\t\t\t\t\t<div id=\"eael-post-grid-88844cb\" class=\"eael-post-grid-container\">\n            <div class=\"eael-post-grid eael-post-appender eael-post-appender-88844cb eael-post-grid-style-one\" data-layout-mode=\"masonry\"><article class=\"eael-grid-post  eael-post-grid-column eael-pg-post-35931 category-lugar-de-voces\" data-id=\"35931\">\n        <div class=\"eael-grid-post-holder\">\n            <div class=\"eael-grid-post-holder-inner\"><div class=\"eael-entry-media\"><div class=\"eael-entry-overlay fade-in\"><i class=\"far fa-hand-pointer\" aria-hidden=\"true\"><\/i><a href=\"https:\/\/soymigrante.com\/revista\/migrante-guatemalteco-cesar-reyes-sin-antecedentes-deportado-video-explico-nino\/\"><\/a><\/div><div class=\"eael-entry-thumbnail eael-image-ratio\">\n                <img loading=\"lazy\" decoding=\"async\" width=\"464\" height=\"464\" src=\"https:\/\/soymigrante.com\/revista\/wp-content\/uploads\/2025\/06\/cesar-reyes-migrante-deportado.webp\" class=\"attachment-large size-large wp-image-35932\" alt=\"Joven hablando en video, expresi\u00f3n facial seria y ambiente informal, posible contenido de opini\u00f3n o testimonio en idioma espa\u00f1ol.\" srcset=\"https:\/\/soymigrante.com\/revista\/wp-content\/uploads\/2025\/06\/cesar-reyes-migrante-deportado.webp 464w, https:\/\/soymigrante.com\/revista\/wp-content\/uploads\/2025\/06\/cesar-reyes-migrante-deportado-300x300.png 300w, https:\/\/soymigrante.com\/revista\/wp-content\/uploads\/2025\/06\/cesar-reyes-migrante-deportado-150x150.png 150w, https:\/\/soymigrante.com\/revista\/wp-content\/uploads\/2025\/06\/cesar-reyes-migrante-deportado-75x75.webp 75w\" sizes=\"(max-width: 464px) 100vw, 464px\" \/>\n            <\/div>\n        <\/div><div class=\"eael-entry-wrapper\"><header class=\"eael-entry-header\"><h2 class=\"eael-entry-title\"><a class=\"eael-grid-post-link\" href=\"https:\/\/soymigrante.com\/revista\/migrante-guatemalteco-cesar-reyes-sin-antecedentes-deportado-video-explico-nino\/\" title=\"\u201c\u00bfC\u00f3mo se lo explico a mi ni\u00f1o de 3 a\u00f1os?\u201d: migrante guatemalteco C\u00e9sar Reyes, sin antecedentes, deportado.\">\u201c\u00bfC\u00f3mo se lo explico a mi ni\u00f1o de 3 a\u00f1os?\u201d: migrante guatemalteco C\u00e9sar Reyes, sin antecedentes, deportado.<\/a><\/h2><\/header><div class=\"eael-entry-content\">\n                        <div class=\"eael-grid-post-excerpt\"><a href=\"https:\/\/soymigrante.com\/revista\/migrante-guatemalteco-cesar-reyes-sin-antecedentes-deportado-video-explico-nino\/\" class=\"eael-post-elements-readmore-btn\">CONOCE SU HISTORIA <\/a><\/div>\n                    <\/div><\/div><\/div>\n        <\/div>\n    <\/article><\/div>\n            <div class=\"clearfix\"><\/div>\n        <\/div>\t\t\t\t<\/div>\n\t\t\t\t\t<\/div>\n\t\t\t\t<\/div>\n\t\t\t\t<\/div>\n\t\t","protected":false},"excerpt":{"rendered":"<p>La detenci\u00f3n migratoria podr\u00eda superar las 100 mil peresonas en el inicio de 2026. En diciembre hab\u00eda 68 mil detenidos, la mayor\u00eda de ellos sin antecedentes criminales. Informe de American Immigration Council expone cifras. En su primer a\u00f1o de retorno al poder, la administraci\u00f3n de Donald Trump impuls\u00f3 la mayor expansi\u00f3n del sistema de detenci\u00f3n [&hellip;]<\/p>\n","protected":false},"author":1,"featured_media":51252,"comment_status":"open","ping_status":"open","sticky":false,"template":"","format":"standard","meta":{"_acf_changed":false,"_eb_attr":"","footnotes":""},"categories":[280],"tags":[],"class_list":["post-51251","post","type-post","status-publish","format-standard","has-post-thumbnail","hentry","category-noticias"],"acf":[],"aioseo_notices":[],"aioseo_head":"\n\t\t<!-- All in One SEO Pro 4.9.6.2 - aioseo.com -->\n\t<meta name=\"description\" content=\"\u00bfC\u00f3mo se lo explico a mi ni\u00f1o de 3 a\u00f1os?: migrante guatemalteco C\u00e9sar Reyes sobre su deportaci\u00f3n s\u00fabita tras cita migratoria en Oklahoma. Fue separado de su esposa e hijo.\" \/>\n\t<meta name=\"robots\" content=\"max-snippet:-1, max-image-preview:large, max-video-preview:-1\" \/>\n\t<meta name=\"author\" content=\"SoyMigrante.com REVISTA\"\/>\n\t<link rel=\"canonical\" href=\"https:\/\/soymigrante.com\/revista\/migrante-guatemalteco-cesar-reyes-sin-antecedentes-deportado-video-explico-nino\/\" \/>\n\t<meta name=\"generator\" content=\"All in One SEO Pro (AIOSEO) 4.9.6.2\" \/>\n\n\t\t<link rel=\"preconnect\" href=\"https:\/\/fonts.googleapis.com\" crossorigin>\n<link rel=\"preconnect\" href=\"https:\/\/fonts.gstatic.com\" crossorigin>\n\t\t<meta property=\"og:locale\" content=\"es_ES\" \/>\n\t\t<meta property=\"og:site_name\" content=\"SoyMigrante.com REVISTA \u2013 Nuestra misi\u00f3n es reconocer y dignificar al migrante.\" \/>\n\t\t<meta property=\"og:type\" content=\"article\" \/>\n\t\t<meta property=\"og:title\" content=\"Migrante guatemalteco sin antecedentes relata deportaci\u00f3n s\u00fabita\" \/>\n\t\t<meta property=\"og:description\" content=\"\u00bfC\u00f3mo se lo explico a mi ni\u00f1o de 3 a\u00f1os?: migrante guatemalteco C\u00e9sar Reyes sobre su deportaci\u00f3n s\u00fabita tras cita migratoria en Oklahoma. Fue separado de su esposa e hijo.\" \/>\n\t\t<meta property=\"og:url\" content=\"https:\/\/soymigrante.com\/revista\/migrante-guatemalteco-cesar-reyes-sin-antecedentes-deportado-video-explico-nino\/\" \/>\n\t\t<meta property=\"og:image\" content=\"https:\/\/soymigrante.com\/revista\/wp-content\/uploads\/2025\/06\/cesar-reyes-migrante-deportado.webp\" \/>\n\t\t<meta property=\"og:image:secure_url\" content=\"https:\/\/soymigrante.com\/revista\/wp-content\/uploads\/2025\/06\/cesar-reyes-migrante-deportado.webp\" \/>\n\t\t<meta property=\"og:image:width\" content=\"464\" \/>\n\t\t<meta property=\"og:image:height\" content=\"464\" \/>\n\t\t<meta property=\"article:published_time\" content=\"2025-06-10T00:01:30+00:00\" \/>\n\t\t<meta property=\"article:modified_time\" content=\"2025-06-10T00:16:46+00:00\" \/>\n\t\t<meta property=\"article:publisher\" content=\"https:\/\/www.facebook.com\/soymigrantecom\" \/>\n\t\t<meta name=\"twitter:card\" content=\"summary_large_image\" \/>\n\t\t<meta name=\"twitter:site\" content=\"@SoyMigrante_com\" \/>\n\t\t<meta name=\"twitter:title\" content=\"Migrante guatemalteco sin antecedentes relata deportaci\u00f3n s\u00fabita\" \/>\n\t\t<meta name=\"twitter:description\" content=\"\u00bfC\u00f3mo se lo explico a mi ni\u00f1o de 3 a\u00f1os?: migrante guatemalteco C\u00e9sar Reyes sobre su deportaci\u00f3n s\u00fabita tras cita migratoria en Oklahoma. Fue separado de su esposa e hijo.\" \/>\n\t\t<meta name=\"twitter:creator\" content=\"@SoyMigrante_com\" \/>\n\t\t<meta name=\"twitter:image\" content=\"https:\/\/soymigrante.com\/revista\/wp-content\/uploads\/2025\/06\/cesar-reyes-migrante-deportado.webp\" \/>\n\t\t<!-- All in One SEO Pro -->\r\n\t\t<title>Migrante guatemalteco sin antecedentes relata deportaci\u00f3n s\u00fabita<\/title>\n\n","aioseo_head_json":{"title":"Migrante guatemalteco sin antecedentes relata deportaci\u00f3n s\u00fabita","description":"\u00bfC\u00f3mo se lo explico a mi ni\u00f1o de 3 a\u00f1os?: migrante guatemalteco C\u00e9sar Reyes sobre su deportaci\u00f3n s\u00fabita tras cita migratoria en Oklahoma. Fue separado de su esposa e hijo.","canonical_url":"https:\/\/soymigrante.com\/revista\/migrante-guatemalteco-cesar-reyes-sin-antecedentes-deportado-video-explico-nino\/","robots":"max-snippet:-1, max-image-preview:large, max-video-preview:-1","keywords":"","webmasterTools":{"miscellaneous":"&lt;link rel=\"preconnect\" href=\"https:\/\/fonts.googleapis.com\" crossorigin&gt;\n&lt;link rel=\"preconnect\" href=\"https:\/\/fonts.gstatic.com\" crossorigin&gt;"},"schema":null,"og:locale":"es_ES","og:site_name":"SoyMigrante.com REVISTA \u2013 Nuestra misi\u00f3n es reconocer y dignificar al migrante.","og:type":"article","og:title":"Migrante guatemalteco sin antecedentes relata deportaci\u00f3n s\u00fabita","og:description":"\u00bfC\u00f3mo se lo explico a mi ni\u00f1o de 3 a\u00f1os?: migrante guatemalteco C\u00e9sar Reyes sobre su deportaci\u00f3n s\u00fabita tras cita migratoria en Oklahoma. Fue separado de su esposa e hijo.","og:url":"https:\/\/soymigrante.com\/revista\/migrante-guatemalteco-cesar-reyes-sin-antecedentes-deportado-video-explico-nino\/","og:image":"https:\/\/soymigrante.com\/revista\/wp-content\/uploads\/2025\/06\/cesar-reyes-migrante-deportado.webp","og:image:secure_url":"https:\/\/soymigrante.com\/revista\/wp-content\/uploads\/2025\/06\/cesar-reyes-migrante-deportado.webp","og:image:width":464,"og:image:height":464,"article:published_time":"2025-06-10T00:01:30+00:00","article:modified_time":"2025-06-10T00:16:46+00:00","article:publisher":"https:\/\/www.facebook.com\/soymigrantecom","twitter:card":"summary_large_image","twitter:site":"@SoyMigrante_com","twitter:title":"Migrante guatemalteco sin antecedentes relata deportaci\u00f3n s\u00fabita","twitter:description":"\u00bfC\u00f3mo se lo explico a mi ni\u00f1o de 3 a\u00f1os?: migrante guatemalteco C\u00e9sar Reyes sobre su deportaci\u00f3n s\u00fabita tras cita migratoria en Oklahoma. Fue separado de su esposa e hijo.","twitter:creator":"@SoyMigrante_com","twitter:image":"https:\/\/soymigrante.com\/revista\/wp-content\/uploads\/2025\/06\/cesar-reyes-migrante-deportado.webp"},"aioseo_meta_data":{"post_id":"51251","title":"Detenci\u00f3n migratoria se dispar\u00f3 en 12 meses de Trump 2.0","description":"La detenci\u00f3n como pol\u00edtica de Estado: el fuerte giro migratorio de Trump en su segundo mandato, se\u00f1ala informe de American Immigration Council.","keywords":null,"keyphrases":{"focus":{"keyphrase":"","score":0,"analysis":{"keyphraseInTitle":{"score":0,"maxScore":9,"error":1}}},"additional":[]},"primary_term":null,"canonical_url":null,"og_title":null,"og_description":null,"og_object_type":"default","og_image_type":"default","og_image_url":null,"og_image_width":null,"og_image_height":null,"og_image_custom_url":null,"og_image_custom_fields":null,"og_video":"","og_custom_url":null,"og_article_section":null,"og_article_tags":null,"twitter_use_og":false,"twitter_card":"default","twitter_image_type":"default","twitter_image_url":null,"twitter_image_custom_url":null,"twitter_image_custom_fields":null,"twitter_title":null,"twitter_description":null,"schema":{"blockGraphs":[],"customGraphs":[],"default":{"data":{"Article":[],"Course":[],"Dataset":[],"FAQPage":[],"Movie":[],"Person":[],"Product":[],"ProductReview":[],"Car":[],"Recipe":[],"Service":[],"SoftwareApplication":[],"WebPage":[]},"graphName":"NewsArticle","isEnabled":true},"graphs":[]},"schema_type":"default","schema_type_options":null,"pillar_content":false,"robots_default":true,"robots_noindex":false,"robots_noarchive":false,"robots_nosnippet":false,"robots_nofollow":false,"robots_noimageindex":false,"robots_noodp":false,"robots_notranslate":false,"robots_max_snippet":"-1","robots_max_videopreview":"-1","robots_max_imagepreview":"large","priority":null,"frequency":"default","local_seo":null,"seo_analyzer_scan_date":"2026-02-26 01:16:53","breadcrumb_settings":null,"limit_modified_date":false,"reviewed_by":"0","open_ai":null,"ai":{"faqs":[],"keyPoints":[],"titles":[],"descriptions":[],"socialPosts":{"email":[],"linkedin":[],"twitter":[],"facebook":[],"instagram":[]}},"created":"2026-01-19 14:04:36","updated":"2026-03-06 15:45:36"},"aioseo_breadcrumb":"<div class=\"aioseo-breadcrumbs\"><span class=\"aioseo-breadcrumb\">\n\t<a href=\"https:\/\/soymigrante.com\/revista\" title=\"Home\">Home<\/a>\n<\/span><span class=\"aioseo-breadcrumb-separator\">\u00bb<\/span><span class=\"aioseo-breadcrumb\">\n\t<a href=\"https:\/\/soymigrante.com\/revista\/category\/noticias\/\" title=\"Noticias\">Noticias<\/a>\n<\/span><span class=\"aioseo-breadcrumb-separator\">\u00bb<\/span><span class=\"aioseo-breadcrumb\">\n\tDetenci\u00f3n migratoria aument\u00f3 600% en primer a\u00f1o del segundo gobierno de Trump, se\u00f1ala an\u00e1lisis de AIC\n<\/span><\/div>","aioseo_breadcrumb_json":[{"label":"Home","link":"https:\/\/soymigrante.com\/revista"},{"label":"Noticias","link":"https:\/\/soymigrante.com\/revista\/category\/noticias\/"},{"label":"Detenci\u00f3n migratoria aument\u00f3 600% en primer a\u00f1o del segundo gobierno de Trump, se\u00f1ala an\u00e1lisis de AIC","link":"https:\/\/soymigrante.com\/revista\/detencion-migratoria-aumento-600-en-primer-ano-del-segundo-gobierno-de-trump-senala-analisis-de-aic\/"}],"_links":{"self":[{"href":"https:\/\/soymigrante.com\/revista\/wp-json\/wp\/v2\/posts\/51251","targetHints":{"allow":["GET"]}}],"collection":[{"href":"https:\/\/soymigrante.com\/revista\/wp-json\/wp\/v2\/posts"}],"about":[{"href":"https:\/\/soymigrante.com\/revista\/wp-json\/wp\/v2\/types\/post"}],"author":[{"embeddable":true,"href":"https:\/\/soymigrante.com\/revista\/wp-json\/wp\/v2\/users\/1"}],"replies":[{"embeddable":true,"href":"https:\/\/soymigrante.com\/revista\/wp-json\/wp\/v2\/comments?post=51251"}],"version-history":[{"count":9,"href":"https:\/\/soymigrante.com\/revista\/wp-json\/wp\/v2\/posts\/51251\/revisions"}],"predecessor-version":[{"id":51263,"href":"https:\/\/soymigrante.com\/revista\/wp-json\/wp\/v2\/posts\/51251\/revisions\/51263"}],"wp:featuredmedia":[{"embeddable":true,"href":"https:\/\/soymigrante.com\/revista\/wp-json\/wp\/v2\/media\/51252"}],"wp:attachment":[{"href":"https:\/\/soymigrante.com\/revista\/wp-json\/wp\/v2\/media?parent=51251"}],"wp:term":[{"taxonomy":"category","embeddable":true,"href":"https:\/\/soymigrante.com\/revista\/wp-json\/wp\/v2\/categories?post=51251"},{"taxonomy":"post_tag","embeddable":true,"href":"https:\/\/soymigrante.com\/revista\/wp-json\/wp\/v2\/tags?post=51251"}],"curies":[{"name":"wp","href":"https:\/\/api.w.org\/{rel}","templated":true}]}}