{"id":51225,"date":"2026-01-18T18:29:48","date_gmt":"2026-01-19T00:29:48","guid":{"rendered":"https:\/\/soymigrante.com\/revista\/?p=51225"},"modified":"2026-01-18T18:40:40","modified_gmt":"2026-01-19T00:40:40","slug":"atentados-pandillas-y-acciones-de-autoridades-en-guatemala-el-17-y-18-de-enero-carceles","status":"publish","type":"post","link":"https:\/\/soymigrante.com\/revista\/atentados-pandillas-y-acciones-de-autoridades-en-guatemala-el-17-y-18-de-enero-carceles\/","title":{"rendered":"Cronolog\u00eda sobre atentados delictivos y acciones de autoridades en Guatemala el 17 y 18 de enero"},"content":{"rendered":"\t\t<div data-elementor-type=\"wp-post\" data-elementor-id=\"51225\" class=\"elementor elementor-51225\" data-elementor-post-type=\"post\">\n\t\t\t\t<div data-particle_enable=\"false\" data-particle-mobile-disabled=\"false\" class=\"elementor-element elementor-element-4afd100 e-flex e-con-boxed e-con e-parent\" data-id=\"4afd100\" data-element_type=\"container\" data-e-type=\"container\">\n\t\t\t\t\t<div class=\"e-con-inner\">\n\t\t\t\t<div class=\"elementor-element elementor-element-81536dd elementor-widget elementor-widget-heading\" data-id=\"81536dd\" data-element_type=\"widget\" data-e-type=\"widget\" data-widget_type=\"heading.default\">\n\t\t\t\t\t<h2 class=\"elementor-heading-title elementor-size-default\">Los tiempos reportados son aproximados: se busca dar claridad a la secuencia de motines en penales y atentados contra polic\u00edas ocurridos en  Guatemala el 17 y 18 de enero de 2025<\/h2>\t\t\t\t<\/div>\n\t\t\t\t\t<\/div>\n\t\t\t\t<\/div>\n\t\t<div data-particle_enable=\"false\" data-particle-mobile-disabled=\"false\" class=\"elementor-element elementor-element-ceed179 e-flex e-con-boxed e-con e-parent\" data-id=\"ceed179\" data-element_type=\"container\" data-e-type=\"container\">\n\t\t\t\t\t<div class=\"e-con-inner\">\n\t\t\t\t<div class=\"elementor-element elementor-element-1e18335 elementor-widget elementor-widget-text-editor\" data-id=\"1e18335\" data-element_type=\"widget\" data-e-type=\"widget\" data-widget_type=\"text-editor.default\">\n\t\t\t\t\t\t\t\t\t<p>En un suceso pr\u00e1cticamente in\u00e9dito, reos de varias prisiones del pa\u00eds ejecutaron amotinamientos y toma de penales, pr\u00e1cticamente coordinados entre s\u00ed, para exigir privilegios, aunque tambi\u00e9n hubo algunos reos que exig\u00edan la &#8220;renuncia&#8221; del Presidente Bernardo Ar\u00e9valo declar\u00f3 Estado de Sitio el domingo 18 de enero, para asegurar las acciones de seguridad ciudadana.<\/p><p>El Ministro de Gobernaci\u00f3n Marco Antonio Villeda declar\u00f3 desde el s\u00e1bado 17 de enero, cuando empezaron los motines, que no negociar\u00eda con terroristas y orden\u00f3 retomar el control de los penales.\u00a0<\/p><p>El domingo efectuaron operativos de recuperaci\u00f3n en los penales. Fueron exitosos pero desde la ma\u00f1ana hubo represalias de pandilleros que atacaron a agentes de polic\u00eda: 8 fallecieron en el cumplimiento del deber.\u00a0 \u00a0Al realizar este resumen, hay calma en la ciudad pero por prevenci\u00f3n se suspendieron varias actividades, incluyendo las misas vespertinas.\u00a0<\/p>\t\t\t\t\t\t\t\t<\/div>\n\t\t\t\t\t<\/div>\n\t\t\t\t<\/div>\n\t\t<div data-particle_enable=\"false\" data-particle-mobile-disabled=\"false\" class=\"elementor-element elementor-element-d98a036 e-flex e-con-boxed e-con e-parent\" data-id=\"d98a036\" data-element_type=\"container\" data-e-type=\"container\">\n\t\t\t\t\t<div class=\"e-con-inner\">\n\t\t\t\t<div class=\"elementor-element elementor-element-07a0b22 elementor-widget elementor-widget-image\" data-id=\"07a0b22\" data-element_type=\"widget\" data-e-type=\"widget\" data-widget_type=\"image.default\">\n\t\t\t\t\t\t\t\t\t\t\t\t<figure class=\"wp-caption\">\n\t\t\t\t\t\t\t\t\t\t<img fetchpriority=\"high\" decoding=\"async\" width=\"1140\" height=\"641\" src=\"https:\/\/soymigrante.com\/revista\/wp-content\/uploads\/2026\/01\/operativos-policiales-de-recuperacion-de-carceles-1140x641.jpg\" class=\"attachment-large size-large wp-image-51229\" alt=\"Los operativos de recuperaci\u00f3n de control de prisiones tomadas por pandilleros, la madrugada del domingo, fueron exitosos pero detonaron ataquees en contra de agentes policiales en varios puntos de la capital y municipios vecinos. Fallecieron 7 polic\u00edas y 10 quedaron heridos. Tambi\u00e9n se captur\u00f3 a al menos 4 pandilleros vinculados a los ataques. Foto Ministerio de Gobernacion.\" srcset=\"https:\/\/soymigrante.com\/revista\/wp-content\/uploads\/2026\/01\/operativos-policiales-de-recuperacion-de-carceles-1140x641.jpg 1140w, https:\/\/soymigrante.com\/revista\/wp-content\/uploads\/2026\/01\/operativos-policiales-de-recuperacion-de-carceles-300x169.jpg 300w, https:\/\/soymigrante.com\/revista\/wp-content\/uploads\/2026\/01\/operativos-policiales-de-recuperacion-de-carceles-768x432.jpg 768w, https:\/\/soymigrante.com\/revista\/wp-content\/uploads\/2026\/01\/operativos-policiales-de-recuperacion-de-carceles-1536x864.jpg 1536w, https:\/\/soymigrante.com\/revista\/wp-content\/uploads\/2026\/01\/operativos-policiales-de-recuperacion-de-carceles-750x422.jpg 750w, https:\/\/soymigrante.com\/revista\/wp-content\/uploads\/2026\/01\/operativos-policiales-de-recuperacion-de-carceles.jpg 1600w\" sizes=\"(max-width: 1140px) 100vw, 1140px\" title=\"Los operativos de recuperaci\u00f3n de control de prisiones tomadas por pandilleros, la madrugada del domingo, fueron exitosos pero detonaron ataquees en contra de agentes policiales en varios puntos de la capital y municipios vecinos. Fallecieron 7 polic\u00edas y 10 quedaron heridos. Tambi\u00e9n se captur\u00f3 a al menos 4 pandilleros vinculados a los ataques.  Foto Ministerio de Gobernacion. \u2013 SoyMigrante.com REVISTA\" \/>\t\t\t\t\t\t\t\t\t\t\t<figcaption class=\"widget-image-caption wp-caption-text\">Los operativos de recuperaci\u00f3n de control de prisiones tomadas por pandilleros, la madrugada del domingo, fueron exitosos pero detonaron ataquees en contra de agentes policiales en varios puntos de la capital y municipios vecinos. Fallecieron 7 polic\u00edas y 10 quedaron heridos. Tambi\u00e9n se captur\u00f3 a al menos 4 pandilleros vinculados a los ataques.  Foto Ministerio de Gobernacion.<\/figcaption>\n\t\t\t\t\t\t\t\t\t\t<\/figure>\n\t\t\t\t\t\t\t\t\t<\/div>\n\t\t\t\t\t<\/div>\n\t\t\t\t<\/div>\n\t\t<div data-particle_enable=\"false\" data-particle-mobile-disabled=\"false\" class=\"elementor-element elementor-element-8a96f99 e-flex e-con-boxed e-con e-parent\" data-id=\"8a96f99\" data-element_type=\"container\" data-e-type=\"container\">\n\t\t\t\t\t<div class=\"e-con-inner\">\n\t\t\t\t<div class=\"elementor-element elementor-element-0dcd2c6 elementor-widget elementor-widget-heading\" data-id=\"0dcd2c6\" data-element_type=\"widget\" data-e-type=\"widget\" data-widget_type=\"heading.default\">\n\t\t\t\t\t<h2 class=\"elementor-heading-title elementor-size-default\">Cronolog\u00eda de incidentes<\/h2>\t\t\t\t<\/div>\n\t\t\t\t\t<\/div>\n\t\t\t\t<\/div>\n\t\t<div data-particle_enable=\"false\" data-particle-mobile-disabled=\"false\" class=\"elementor-element elementor-element-d444970 e-flex e-con-boxed e-con e-parent\" data-id=\"d444970\" data-element_type=\"container\" data-e-type=\"container\">\n\t\t\t\t\t<div class=\"e-con-inner\">\n\t\t\t\t<div class=\"elementor-element elementor-element-9eba7fd elementor-widget elementor-widget-text-editor\" data-id=\"9eba7fd\" data-element_type=\"widget\" data-e-type=\"widget\" data-widget_type=\"text-editor.default\">\n\t\t\t\t\t\t\t\t\t<h4><b>S\u00e1bado 17 de enero.&nbsp; 14 horas <\/b><\/h4>\n<p>Inicio de motines simult\u00e1neos en tres prisiones<\/p>\n<p>Reclusos se amotinan de forma coordinada en Renovaci\u00f3n I (Escuintla), Fraijanes II y el Centro Preventivo de la zona 18. Guardias penitenciarios y personal administrativo son tomados como rehenes.<\/p>\n<h4><b>16 horas.&nbsp; Confirmaci\u00f3n oficial de 46 rehenes<\/b><\/h4>\n<p>El Ministerio de Gobernaci\u00f3n confirma que 46 personas permanecen retenidas, la mayor\u00eda custodios penitenciarios. Se atribuye la acci\u00f3n a pandilleros del Barrio 18, en respuesta a la p\u00e9rdida de privilegios y controles m\u00e1s estrictos.<\/p>\n<h4><b>18 horas: Despliegue de fuerzas de seguridad y Ej\u00e9rcito<\/b><\/h4>\n<p>La Polic\u00eda Nacional Civil y el Ej\u00e9rcito establecen anillos de seguridad alrededor de las c\u00e1rceles afectadas para evitar fugas y contener la crisis.<\/p>\n<h4><b>19 horas: Gobierno descarta negociaci\u00f3n<\/b><\/h4>\n<p>Autoridades reiteran p\u00fablicamente que no negociar\u00e1n con pandillas ni revertir\u00e1n las medidas penitenciarias que detonaron los motines.<\/p>\n<h1>Domingo 18 de enero de 2026&nbsp;<\/h1>\n<h4>&nbsp;6 de la ma\u00f1ana. Inicio del operativo en la prisi\u00f3n Renovaci\u00f3n I<\/h4>\n<p>Cientos de agentes antimotines ingresan al penal de m\u00e1xima seguridad en Escuintla para retomar el control y liberar a los rehenes.<\/p>\n<h4>7 horas Liberaci\u00f3n de los primeros rehenes<\/h4>\n<p>La polic\u00eda confirma la liberaci\u00f3n con vida de al menos nueve custodios y la recuperaci\u00f3n del control interno de Renovaci\u00f3n I.<\/p>\n<h4>8 a 9 horas. Resultados parciales<\/h4>\n<p>Autoridades informan que Fraijanes II y zona 18 contin\u00faan con rehenes y control parcial de los reclusos.<\/p>\n<h3>8 a 12 horas:&nbsp;Ataques armados contra polic\u00edas fuera de las c\u00e1rceles<\/h3>\n<p>Se registran ataques coordinados contra agentes de la PNC en Ciudad de Guatemala y \u00e1reas cercanas. El Gobierno los vincula directamente con represalias por el operativo carcelario.<\/p>\n<h4>13 horas. Confirmaci\u00f3n de polic\u00edas fallecidosy heridos<\/h4>\n<p>Autoridades confirman al menos ochopolic\u00edas muertos y al menos 10 heridos heridos en emboscadas y ataques armados perpetrados por supuestos integrantes de pandillas del Barrio 18.<\/p>\n<h4>16 horas Anuncio de medidas extraordinarias de prevenci\u00f3n<\/h4>\n<p>El Gobierno decreta:<br>\u2013 Suspensi\u00f3n de clases el 19 de enero<br>\u2013 Refuerzo de patrullajes conjuntos Polic\u00eda\u2013Ej\u00e9rcito<br>\u2013 Restricciones a actividades p\u00fablicas<br>&#8211; Arzobispado de Guatemala suspende misas verspertinas.<\/p>\n<h4>17 horas . Balance preliminar de la crisis<\/h4>\n<p>El Ejecutivo ratifica que mantendr\u00e1 el control penitenciario, califica los hechos como acciones del crimen organizado y anuncia investigaciones internas y penales.<\/p>\n<h3>18 horas. Presidente declara Estado de Sitio para frenar actos delictivos.<\/h3>\n<p>En mensaje de video, el Presidente Bernardo Ar\u00e9valo deplora los incidentes del s\u00e1bado 17 y domingo 18,&nbsp; lamenta la muerte de agentes policiales y se\u00f1ala a grupos de pandillas, as\u00ed como a grupos con nexos pol\u00edticos, de tratar de infundir terror a la poblaci\u00f3n. Afirma la intenci\u00f3n de seguir velando por la seguridad de la ciudadan\u00eda sin pactar con terroristas. Para posibilitar ese combate declara un Estado de Sitio vigente por 30 d\u00edas.<\/p>\n<p><b>\u00bfQu\u00e9 es un Estado de Sitio?<\/b><\/p>\n<p>Es una medida gubernamental contenida en la Ley de Orden P\u00fablico, que permite restringir ciertas garant\u00edas constitucionales ante situaciones que comprometen la seguridad ciudadana. En 2021 fue declarado ante los enfrentamientos de Nahual\u00e1 y Santa Catarina Ixtahuac\u00e1n. Seg\u00fan lo consideren las autoridades se limitan derechos de reuni\u00f3n y manifestaci\u00f3n. Ar\u00e9valo dijo que es&nbsp;<\/p>\t\t\t\t\t\t\t\t<\/div>\n\t\t\t\t\t<\/div>\n\t\t\t\t<\/div>\n\t\t<div data-particle_enable=\"false\" data-particle-mobile-disabled=\"false\" class=\"elementor-element elementor-element-3ebfeba e-flex e-con-boxed e-con e-parent\" data-id=\"3ebfeba\" data-element_type=\"container\" data-e-type=\"container\">\n\t\t\t\t\t<div class=\"e-con-inner\">\n\t\t\t\t<div class=\"elementor-element elementor-element-04d3fc1 elementor-widget elementor-widget-html\" data-id=\"04d3fc1\" data-element_type=\"widget\" data-e-type=\"widget\" data-widget_type=\"html.default\">\n\t\t\t\t\t<iframe src=\"https:\/\/www.facebook.com\/plugins\/video.php?height=314&href=https%3A%2F%2Fwww.facebook.com%2Fguatemalagob%2Fvideos%2F1412600034210099%2F&show_text=false&width=560&t=0\" width=\"560\" height=\"314\" style=\"border:none;overflow:hidden\" scrolling=\"no\" frameborder=\"0\" allowfullscreen=\"true\" allow=\"autoplay; clipboard-write; encrypted-media; picture-in-picture; web-share\" allowFullScreen=\"true\"><\/iframe>\t\t\t\t<\/div>\n\t\t\t\t\t<\/div>\n\t\t\t\t<\/div>\n\t\t\t\t<\/div>\n\t\t","protected":false},"excerpt":{"rendered":"<p>Los tiempos reportados son aproximados: se busca dar claridad a la secuencia de motines en penales y atentados contra polic\u00edas ocurridos en Guatemala el 17 y 18 de enero de 2025 En un suceso pr\u00e1cticamente in\u00e9dito, reos de varias prisiones del pa\u00eds ejecutaron amotinamientos y toma de penales, pr\u00e1cticamente coordinados entre s\u00ed, para exigir privilegios, [&hellip;]<\/p>\n","protected":false},"author":1,"featured_media":51226,"comment_status":"open","ping_status":"open","sticky":false,"template":"","format":"standard","meta":{"_acf_changed":false,"_eb_attr":"","footnotes":""},"categories":[280],"tags":[],"class_list":["post-51225","post","type-post","status-publish","format-standard","has-post-thumbnail","hentry","category-noticias"],"acf":[],"aioseo_notices":[],"aioseo_head":"\n\t\t<!-- All in One SEO Pro 4.9.6.2 - aioseo.com -->\n\t<meta name=\"description\" content=\"Toma de centros carcelarios y recuperaci\u00f3n de los mismos, as\u00ed como atentados contra polic\u00edas ocurrieron en Guatemala el 17 y 18 de enero. S\u00edntesis cronol\u00f3gica.\" \/>\n\t<meta name=\"robots\" content=\"max-snippet:-1, max-image-preview:large, max-video-preview:-1\" \/>\n\t<meta name=\"author\" content=\"SoyMigrante.com REVISTA\"\/>\n\t<link rel=\"canonical\" href=\"https:\/\/soymigrante.com\/revista\/atentados-pandillas-y-acciones-de-autoridades-en-guatemala-el-17-y-18-de-enero-carceles\/\" \/>\n\t<meta name=\"generator\" content=\"All in One SEO Pro (AIOSEO) 4.9.6.2\" \/>\n\n\t\t<link rel=\"preconnect\" href=\"https:\/\/fonts.googleapis.com\" crossorigin>\n<link rel=\"preconnect\" href=\"https:\/\/fonts.gstatic.com\" crossorigin>\n\t\t<meta property=\"og:locale\" content=\"es_ES\" \/>\n\t\t<meta property=\"og:site_name\" content=\"SoyMigrante.com REVISTA \u2013 Nuestra misi\u00f3n es reconocer y dignificar al migrante.\" \/>\n\t\t<meta property=\"og:type\" content=\"article\" \/>\n\t\t<meta property=\"og:title\" content=\"Cronolog\u00eda incidentes carcelarios en Guatemala 17 y 18 enero\" \/>\n\t\t<meta property=\"og:description\" content=\"Toma de centros carcelarios y recuperaci\u00f3n de los mismos, as\u00ed como atentados contra polic\u00edas ocurrieron en Guatemala el 17 y 18 de enero. S\u00edntesis cronol\u00f3gica.\" \/>\n\t\t<meta property=\"og:url\" content=\"https:\/\/soymigrante.com\/revista\/atentados-pandillas-y-acciones-de-autoridades-en-guatemala-el-17-y-18-de-enero-carceles\/\" \/>\n\t\t<meta property=\"og:image\" content=\"https:\/\/soymigrante.com\/revista\/wp-content\/uploads\/2026\/01\/carceles-guatemala.jpg\" \/>\n\t\t<meta property=\"og:image:secure_url\" content=\"https:\/\/soymigrante.com\/revista\/wp-content\/uploads\/2026\/01\/carceles-guatemala.jpg\" \/>\n\t\t<meta property=\"og:image:width\" content=\"830\" \/>\n\t\t<meta property=\"og:image:height\" content=\"830\" \/>\n\t\t<meta property=\"article:published_time\" content=\"2026-01-19T00:29:48+00:00\" \/>\n\t\t<meta property=\"article:modified_time\" content=\"2026-01-19T00:40:40+00:00\" \/>\n\t\t<meta property=\"article:publisher\" content=\"https:\/\/www.facebook.com\/soymigrantecom\" \/>\n\t\t<meta name=\"twitter:card\" content=\"summary_large_image\" \/>\n\t\t<meta name=\"twitter:site\" content=\"@SoyMigrante_com\" \/>\n\t\t<meta name=\"twitter:title\" content=\"Cronolog\u00eda incidentes carcelarios en Guatemala 17 y 18 enero\" \/>\n\t\t<meta name=\"twitter:description\" content=\"Toma de centros carcelarios y recuperaci\u00f3n de los mismos, as\u00ed como atentados contra polic\u00edas ocurrieron en Guatemala el 17 y 18 de enero. S\u00edntesis cronol\u00f3gica.\" \/>\n\t\t<meta name=\"twitter:creator\" content=\"@SoyMigrante_com\" \/>\n\t\t<meta name=\"twitter:image\" content=\"https:\/\/soymigrante.com\/revista\/wp-content\/uploads\/2026\/01\/carceles-guatemala.jpg\" \/>\n\t\t<!-- All in One SEO Pro -->\r\n\t\t<title>Cronolog\u00eda incidentes carcelarios en Guatemala 17 y 18 enero<\/title>\n\n","aioseo_head_json":{"title":"Cronolog\u00eda incidentes carcelarios en Guatemala 17 y 18 enero","description":"Toma de centros carcelarios y recuperaci\u00f3n de los mismos, as\u00ed como atentados contra polic\u00edas ocurrieron en Guatemala el 17 y 18 de enero. S\u00edntesis cronol\u00f3gica.","canonical_url":"https:\/\/soymigrante.com\/revista\/atentados-pandillas-y-acciones-de-autoridades-en-guatemala-el-17-y-18-de-enero-carceles\/","robots":"max-snippet:-1, max-image-preview:large, max-video-preview:-1","keywords":"","webmasterTools":{"miscellaneous":"&lt;link rel=\"preconnect\" href=\"https:\/\/fonts.googleapis.com\" crossorigin&gt;\n&lt;link rel=\"preconnect\" href=\"https:\/\/fonts.gstatic.com\" crossorigin&gt;"},"schema":null,"og:locale":"es_ES","og:site_name":"SoyMigrante.com REVISTA \u2013 Nuestra misi\u00f3n es reconocer y dignificar al migrante.","og:type":"article","og:title":"Cronolog\u00eda incidentes carcelarios en Guatemala 17 y 18 enero","og:description":"Toma de centros carcelarios y recuperaci\u00f3n de los mismos, as\u00ed como atentados contra polic\u00edas ocurrieron en Guatemala el 17 y 18 de enero. S\u00edntesis cronol\u00f3gica.","og:url":"https:\/\/soymigrante.com\/revista\/atentados-pandillas-y-acciones-de-autoridades-en-guatemala-el-17-y-18-de-enero-carceles\/","og:image":"https:\/\/soymigrante.com\/revista\/wp-content\/uploads\/2026\/01\/carceles-guatemala.jpg","og:image:secure_url":"https:\/\/soymigrante.com\/revista\/wp-content\/uploads\/2026\/01\/carceles-guatemala.jpg","og:image:width":830,"og:image:height":830,"article:published_time":"2026-01-19T00:29:48+00:00","article:modified_time":"2026-01-19T00:40:40+00:00","article:publisher":"https:\/\/www.facebook.com\/soymigrantecom","twitter:card":"summary_large_image","twitter:site":"@SoyMigrante_com","twitter:title":"Cronolog\u00eda incidentes carcelarios en Guatemala 17 y 18 enero","twitter:description":"Toma de centros carcelarios y recuperaci\u00f3n de los mismos, as\u00ed como atentados contra polic\u00edas ocurrieron en Guatemala el 17 y 18 de enero. S\u00edntesis cronol\u00f3gica.","twitter:creator":"@SoyMigrante_com","twitter:image":"https:\/\/soymigrante.com\/revista\/wp-content\/uploads\/2026\/01\/carceles-guatemala.jpg"},"aioseo_meta_data":{"post_id":"51225","title":"Cronolog\u00eda incidentes carcelarios en Guatemala 17 y 18 enero","description":"Toma de centros carcelarios y recuperaci\u00f3n de los mismos, as\u00ed como atentados contra polic\u00edas ocurrieron en Guatemala el 17 y 18 de enero. S\u00edntesis cronol\u00f3gica.","keywords":null,"keyphrases":{"focus":{"keyphrase":"Cronolog\u00eda","score":46,"analysis":{"keyphraseInTitle":{"score":9,"maxScore":9,"error":0},"keyphraseInDescription":{"score":3,"maxScore":9,"error":1},"keyphraseLength":{"score":9,"maxScore":9,"error":0,"length":2},"keyphraseInURL":{"score":1,"maxScore":5,"error":1},"keyphraseInIntroduction":{"score":3,"maxScore":9,"error":1},"keyphraseInSubHeadings":{"score":3,"maxScore":9,"error":1},"keyphraseInImageAlt":{"score":3,"maxScore":9,"error":1},"keywordDensity":{"score":0,"type":"low","maxScore":9,"error":1}}},"additional":[{"keyphrase":"Guatemala","score":53,"analysis":{"keyphraseInDescription":{"score":9,"maxScore":9,"error":0},"keyphraseLength":{"score":9,"maxScore":9,"error":0,"length":1},"keyphraseInIntroduction":{"score":3,"maxScore":9,"error":1},"keyphraseInImageAlt":{"score":3,"maxScore":9,"error":1},"keywordDensity":{"score":0,"type":"low","maxScore":9,"error":1}}}]},"primary_term":null,"canonical_url":null,"og_title":null,"og_description":null,"og_object_type":"default","og_image_type":"default","og_image_url":null,"og_image_width":null,"og_image_height":null,"og_image_custom_url":null,"og_image_custom_fields":null,"og_video":"","og_custom_url":null,"og_article_section":null,"og_article_tags":null,"twitter_use_og":false,"twitter_card":"default","twitter_image_type":"default","twitter_image_url":null,"twitter_image_custom_url":null,"twitter_image_custom_fields":null,"twitter_title":null,"twitter_description":null,"schema":{"blockGraphs":[],"customGraphs":[],"default":{"data":{"Article":[],"Course":[],"Dataset":[],"FAQPage":[],"Movie":[],"Person":[],"Product":[],"ProductReview":[],"Car":[],"Recipe":[],"Service":[],"SoftwareApplication":[],"WebPage":[]},"graphName":"NewsArticle","isEnabled":true},"graphs":[]},"schema_type":"default","schema_type_options":null,"pillar_content":false,"robots_default":true,"robots_noindex":false,"robots_noarchive":false,"robots_nosnippet":false,"robots_nofollow":false,"robots_noimageindex":false,"robots_noodp":false,"robots_notranslate":false,"robots_max_snippet":"-1","robots_max_videopreview":"-1","robots_max_imagepreview":"large","priority":null,"frequency":"default","local_seo":null,"seo_analyzer_scan_date":"2026-02-26 00:57:35","breadcrumb_settings":null,"limit_modified_date":false,"reviewed_by":"0","open_ai":null,"ai":{"faqs":[],"keyPoints":[],"titles":[],"descriptions":[],"socialPosts":{"email":[],"linkedin":[],"twitter":[],"facebook":[],"instagram":[]}},"created":"2026-01-18 23:54:59","updated":"2026-03-06 15:45:36"},"aioseo_breadcrumb":"<div class=\"aioseo-breadcrumbs\"><span class=\"aioseo-breadcrumb\">\n\t<a href=\"https:\/\/soymigrante.com\/revista\" title=\"Home\">Home<\/a>\n<\/span><span class=\"aioseo-breadcrumb-separator\">\u00bb<\/span><span class=\"aioseo-breadcrumb\">\n\t<a href=\"https:\/\/soymigrante.com\/revista\/category\/noticias\/\" title=\"Noticias\">Noticias<\/a>\n<\/span><span class=\"aioseo-breadcrumb-separator\">\u00bb<\/span><span class=\"aioseo-breadcrumb\">\n\tCronolog\u00eda sobre atentados delictivos y acciones de autoridades en Guatemala el 17 y 18 de enero\n<\/span><\/div>","aioseo_breadcrumb_json":[{"label":"Home","link":"https:\/\/soymigrante.com\/revista"},{"label":"Noticias","link":"https:\/\/soymigrante.com\/revista\/category\/noticias\/"},{"label":"Cronolog\u00eda sobre atentados delictivos y acciones de autoridades en Guatemala el 17 y 18 de enero","link":"https:\/\/soymigrante.com\/revista\/atentados-pandillas-y-acciones-de-autoridades-en-guatemala-el-17-y-18-de-enero-carceles\/"}],"_links":{"self":[{"href":"https:\/\/soymigrante.com\/revista\/wp-json\/wp\/v2\/posts\/51225","targetHints":{"allow":["GET"]}}],"collection":[{"href":"https:\/\/soymigrante.com\/revista\/wp-json\/wp\/v2\/posts"}],"about":[{"href":"https:\/\/soymigrante.com\/revista\/wp-json\/wp\/v2\/types\/post"}],"author":[{"embeddable":true,"href":"https:\/\/soymigrante.com\/revista\/wp-json\/wp\/v2\/users\/1"}],"replies":[{"embeddable":true,"href":"https:\/\/soymigrante.com\/revista\/wp-json\/wp\/v2\/comments?post=51225"}],"version-history":[{"count":20,"href":"https:\/\/soymigrante.com\/revista\/wp-json\/wp\/v2\/posts\/51225\/revisions"}],"predecessor-version":[{"id":51250,"href":"https:\/\/soymigrante.com\/revista\/wp-json\/wp\/v2\/posts\/51225\/revisions\/51250"}],"wp:featuredmedia":[{"embeddable":true,"href":"https:\/\/soymigrante.com\/revista\/wp-json\/wp\/v2\/media\/51226"}],"wp:attachment":[{"href":"https:\/\/soymigrante.com\/revista\/wp-json\/wp\/v2\/media?parent=51225"}],"wp:term":[{"taxonomy":"category","embeddable":true,"href":"https:\/\/soymigrante.com\/revista\/wp-json\/wp\/v2\/categories?post=51225"},{"taxonomy":"post_tag","embeddable":true,"href":"https:\/\/soymigrante.com\/revista\/wp-json\/wp\/v2\/tags?post=51225"}],"curies":[{"name":"wp","href":"https:\/\/api.w.org\/{rel}","templated":true}]}}