{"id":51209,"date":"2026-01-17T12:41:51","date_gmt":"2026-01-17T18:41:51","guid":{"rendered":"https:\/\/soymigrante.com\/revista\/?p=51209"},"modified":"2026-01-17T12:42:46","modified_gmt":"2026-01-17T18:42:46","slug":"rabinal-achi-baile-drama-prehispanico-maya-guatemala-patrimonio-cultural-humanidad","status":"publish","type":"post","link":"https:\/\/soymigrante.com\/revista\/rabinal-achi-baile-drama-prehispanico-maya-guatemala-patrimonio-cultural-humanidad\/","title":{"rendered":"Este es el di\u00e1logo de dos guerreros rivales al inicio del legendario baile drama prehisp\u00e1nico Rabinal Achi&#8217;"},"content":{"rendered":"\t\t<div data-elementor-type=\"wp-post\" data-elementor-id=\"51209\" class=\"elementor elementor-51209\" data-elementor-post-type=\"post\">\n\t\t\t\t<div data-particle_enable=\"false\" data-particle-mobile-disabled=\"false\" class=\"elementor-element elementor-element-46f9c86 e-flex e-con-boxed e-con e-parent\" data-id=\"46f9c86\" data-element_type=\"container\" data-e-type=\"container\">\n\t\t\t\t\t<div class=\"e-con-inner\">\n\t\t\t\t<div class=\"elementor-element elementor-element-95ad3ca elementor-widget elementor-widget-heading\" data-id=\"95ad3ca\" data-element_type=\"widget\" data-e-type=\"widget\" data-widget_type=\"heading.default\">\n\t\t\t\t\t<h2 class=\"elementor-heading-title elementor-size-default\">Conoce el di\u00e1logo entre el guerrero k'iche, capturado en batalla y el var\u00f3n de Rabinal o Rabinal Achi, con el que inicia este baile drama prehisp\u00e1nico: el \u00fanico que se conserva y que se presenta en Rabinal Baja Verapaz cada 25 de enero.<\/h2>\t\t\t\t<\/div>\n\t\t\t\t\t<\/div>\n\t\t\t\t<\/div>\n\t\t<div data-particle_enable=\"false\" data-particle-mobile-disabled=\"false\" class=\"elementor-element elementor-element-f004ecc e-flex e-con-boxed e-con e-parent\" data-id=\"f004ecc\" data-element_type=\"container\" data-e-type=\"container\">\n\t\t\t\t\t<div class=\"e-con-inner\">\n\t\t\t\t<div class=\"elementor-element elementor-element-d5d9847 elementor-widget elementor-widget-text-editor\" data-id=\"d5d9847\" data-element_type=\"widget\" data-e-type=\"widget\" data-widget_type=\"text-editor.default\">\n\t\t\t\t\t\t\t\t\t<p data-start=\"0\" data-end=\"660\"><a href=\"https:\/\/soymigrante.com\/revista\/rabinal-achi-drama-prehispanico-patrimonio-cultural-de-guatemala\/\">El <strong data-start=\"3\" data-end=\"19\">Rabinal Ach\u00ed<\/strong> es un baile drama\u00a0<strong data-start=\"54\" data-end=\"82\">prehisp\u00e1nico maya<\/strong>, <\/a>considerada uno de los textos dram\u00e1ticos m\u00e1s antiguos de Am\u00e9rica. Su antig\u00fcedad se remonta\u00a0 a los <strong data-start=\"197\" data-end=\"215\">siglos XIII\u2013XV<\/strong>, y pertenece al <a href=\"https:\/\/soymigrante.com\/revista\/etnias-de-guatemala-los-achi\/\">pueblo <strong data-start=\"239\" data-end=\"247\">ach\u00ed<\/strong><\/a>.\u00a0 Sobrevivi\u00f3 gracias a la <strong data-start=\"323\" data-end=\"343\">tradicion oral<\/strong> y fue transcrito y traducido\u00a0 en <strong data-start=\"376\" data-end=\"384\">1856<\/strong> por el sacerdote franc\u00e9s <strong data-start=\"410\" data-end=\"451\">Charles-\u00c9tienne Brasseur de Bourbourg<\/strong>. Desde 2005 es\u00a0<strong data-start=\"595\" data-end=\"645\">Patrimonio Cultural Inmaterial de la Humanidad<\/strong> por la UNESCO. Se presenta cada 25 de enero en Rabinal,<a href=\"https:\/\/soymigrante.com\/revista\/baja-verapaz-tierra-de-trabajo-del-gran-rabinal-achi-y-el-salto-de-chilasco\/\"> Baja Verapaz.<\/a><\/p><p data-start=\"662\" data-end=\"1158\">La obra narra el <strong data-start=\"679\" data-end=\"747\">conflicto entre<a href=\"https:\/\/soymigrante.com\/revista\/etnias-de-guatemala-los-achi\/\"> los linajes de Rabinal<\/a> y de los <a href=\"https:\/\/soymigrante.com\/revista\/el-pueblo-kiche-es-heredero-y-continuador-de-la-tradicion-del-popol-vuh\/\">K\u2019iche\u2019<\/a><\/strong>, centrado en la captura del <strong data-start=\"776\" data-end=\"799\">Var\u00f3n de los K&#8217;iche<\/strong>, un guerrero acusado de invadir territorios sagrados. Desde el inicio, el drama se presenta como un <strong data-start=\"911\" data-end=\"928\">juicio ritual<\/strong>, en el que el prisionero defiende con orgullo sus acciones. No hay s\u00faplica ni arrepentimiento, sino una afirmaci\u00f3n del <strong data-start=\"1118\" data-end=\"1157\">honor, la lealtad y la palabra dada<\/strong>.<\/p><p data-start=\"1160\" data-end=\"1711\" data-is-last-node=\"\" data-is-only-node=\"\">En el\u00a0<strong data-start=\"1163\" data-end=\"1182\">di\u00e1logo inicial<\/strong>\u00a0ambos guerreros\u00a0\u00a0hablan con solemnidad ceremonial, reafirmando la legitimidad de cada bando y el sentido del desenlace.\u00a0 Toda una cosmovisi\u00f3n se revela a trav\u00e9s de estas palabra ancestrales. <br \/><a href=\"https:\/\/soymigrante.com\/revista\/rabinal-achi-drama-prehispanico-patrimonio-cultural-de-guatemala\/\">El Rabinal Achi&#8217;<\/a> deber\u00eda ser una lectura obligada en las secundarias y universidades de Guatemala. Como dato final, el nombre prehisp\u00e1nico de esta danza es Baile del Tun, instrumento ancestral siempre presente.<\/p>\t\t\t\t\t\t\t\t<\/div>\n\t\t\t\t\t<\/div>\n\t\t\t\t<\/div>\n\t\t<div data-particle_enable=\"false\" data-particle-mobile-disabled=\"false\" class=\"elementor-element elementor-element-3cd75f6 e-flex e-con-boxed e-con e-parent\" data-id=\"3cd75f6\" data-element_type=\"container\" data-e-type=\"container\">\n\t\t\t\t\t<div class=\"e-con-inner\">\n\t\t\t\t<div class=\"elementor-element elementor-element-a2159c0 elementor-widget elementor-widget-image\" data-id=\"a2159c0\" data-element_type=\"widget\" data-e-type=\"widget\" data-widget_type=\"image.default\">\n\t\t\t\t\t\t\t\t\t\t\t\t<figure class=\"wp-caption\">\n\t\t\t\t\t\t\t\t\t\t<img fetchpriority=\"high\" decoding=\"async\" width=\"1140\" height=\"760\" src=\"https:\/\/soymigrante.com\/revista\/wp-content\/uploads\/2026\/01\/rabinal-achi-guatemala-cultura-de-guatemala-fotos-inguat-4-1140x760.jpg\" class=\"attachment-large size-large wp-image-51213\" alt=\"La plaza de Rabinal Baja Verapaz se convierte en una corte del reino Achi, en donde el guerrero k&#039;iche es o\u00eddo y sentenciado, pero este nunca pierde su gallard\u00eda y pide ir a despedirse de su familia para luego regresar a enfrentar su destino. El Rabinal Achi&#039; es un relato de honor, pues en efecto el guerrero k&#039;iche va y regresa para ser sacrificado. (Fotograf\u00eda Inguat 2024)\" srcset=\"https:\/\/soymigrante.com\/revista\/wp-content\/uploads\/2026\/01\/rabinal-achi-guatemala-cultura-de-guatemala-fotos-inguat-4-1140x760.jpg 1140w, https:\/\/soymigrante.com\/revista\/wp-content\/uploads\/2026\/01\/rabinal-achi-guatemala-cultura-de-guatemala-fotos-inguat-4-300x200.jpg 300w, https:\/\/soymigrante.com\/revista\/wp-content\/uploads\/2026\/01\/rabinal-achi-guatemala-cultura-de-guatemala-fotos-inguat-4-768x512.jpg 768w, https:\/\/soymigrante.com\/revista\/wp-content\/uploads\/2026\/01\/rabinal-achi-guatemala-cultura-de-guatemala-fotos-inguat-4-750x500.jpg 750w, https:\/\/soymigrante.com\/revista\/wp-content\/uploads\/2026\/01\/rabinal-achi-guatemala-cultura-de-guatemala-fotos-inguat-4.jpg 1280w\" sizes=\"(max-width: 1140px) 100vw, 1140px\" title=\"La plaza de Rabinal Baja Verapaz se convierte en una corte del reino Achi, en donde el guerrero k&#039;iche es o\u00eddo y sentenciado, pero este nunca pierde su gallard\u00eda y pide ir a despedirse de su familia para luego regresar a enfrentar su destino. El Rabinal Achi&#039; es un relato de honor, pues en efecto el guerrero k&#039;iche va y regresa para ser sacrificado. (Fotograf\u00eda Inguat 2024) \u2013 SoyMigrante.com REVISTA\" \/>\t\t\t\t\t\t\t\t\t\t\t<figcaption class=\"widget-image-caption wp-caption-text\">La plaza de Rabinal Baja Verapaz se convierte en una corte del reino Achi, en donde el guerrero k'iche es o\u00eddo y sentenciado, pero este nunca pierde su gallard\u00eda y pide ir a despedirse de su familia para luego regresar a enfrentar su destino. El Rabinal Achi' es un relato de honor, pues en efecto el guerrero k'iche va y regresa para ser sacrificado. (Fotograf\u00eda Inguat 2024)<\/figcaption>\n\t\t\t\t\t\t\t\t\t\t<\/figure>\n\t\t\t\t\t\t\t\t\t<\/div>\n\t\t\t\t\t<\/div>\n\t\t\t\t<\/div>\n\t\t<div data-particle_enable=\"false\" data-particle-mobile-disabled=\"false\" class=\"elementor-element elementor-element-33359fb e-flex e-con-boxed e-con e-parent\" data-id=\"33359fb\" data-element_type=\"container\" data-e-type=\"container\">\n\t\t\t\t\t<div class=\"e-con-inner\">\n\t\t\t\t<div class=\"elementor-element elementor-element-5f577aa elementor-widget elementor-widget-heading\" data-id=\"5f577aa\" data-element_type=\"widget\" data-e-type=\"widget\" data-widget_type=\"heading.default\">\n\t\t\t\t\t<h2 class=\"elementor-heading-title elementor-size-default\">Di\u00e1logo entre el guerrero k'iche y el var\u00f3n de Rabinal<\/h2>\t\t\t\t<\/div>\n\t\t\t\t\t<\/div>\n\t\t\t\t<\/div>\n\t\t<div data-particle_enable=\"false\" data-particle-mobile-disabled=\"false\" class=\"elementor-element elementor-element-43af1f5 e-flex e-con-boxed e-con e-parent\" data-id=\"43af1f5\" data-element_type=\"container\" data-e-type=\"container\">\n\t\t\t\t\t<div class=\"e-con-inner\">\n\t\t\t\t<div class=\"elementor-element elementor-element-c68950f elementor-widget elementor-widget-text-editor\" data-id=\"c68950f\" data-element_type=\"widget\" data-e-type=\"widget\" data-widget_type=\"text-editor.default\">\n\t\t\t\t\t\t\t\t\t<p><i>El Var\u00f3n de Rabinal y su gente danzan en ronda. El Var\u00f3n de los <a href=\"https:\/\/soymigrante.com\/revista\/el-pueblo-kiche-es-heredero-y-continuador-de-la-tradicion-del-popol-vuh\/\">K&#8217;iche<\/a>&#8216; llega de pronto y se pone a bailar en medio del c\u00edrculo moviendo su lanza corta, como si quisiera herir con ella, en la cabeza, al Var\u00f3n de Rabinal. El movimiento de la ronda es cada vez m\u00e1s r\u00e1pido).<\/i><\/p><p><b>El Var\u00f3n <a href=\"https:\/\/soymigrante.com\/revista\/el-pueblo-kiche-es-heredero-y-continuador-de-la-tradicion-del-popol-vuh\/\">K&#8217;iche<\/a>&#8216; (O K&#8217;iche&#8217; Ach\u00ed):<\/b> \u00a1Ac\u00e9rcate, jefe violentador! \u00a1Ser\u00e1 el primero a quien no acabar\u00e9 de cortar la ra\u00edz, el tronco; ese jefe de los Chacach, de los Zaman, el<\/p><p>\u00a1Guerrero de Rabinal! \u00a1El cielo, la tierra, est\u00e9n contigo, el m\u00e1s destacado entre los varones, Var\u00f3n de Rabinal!<\/p><p><b>El Var\u00f3n de Rabinal (o Rabinal Achi&#8217;):<\/b> <i>(Al bailar agita un lazo, con el que se propone sujetar a su enemigo<\/i>). \u00a1Efectivamente! \u00a1Valeroso var\u00f3n, hombre de los Cavek K&#8217;ich\u00e9! Eso dijo tu voz ante el cielo, ante la tierra: \u201cAc\u00e9rcate, jefe violentador \u00bfSer\u00e1 el \u00fanico a quien no acabar\u00e9 por cortar la ra\u00edz, el tronco, ese jefe de los Chacach, de los Zaman&#8221;,\u00a0 \u00bfAs\u00ed dijiste?<\/p><p>S\u00ed, efectivamente, aqu\u00ed est\u00e1 el cielo; s\u00ed, efectivamente, aqu\u00ed est\u00e1 la tierra. Te entregaste al hijo de mi flecha, al hijo de mi escudo, a mi maza yaqui, a mi hacha yaqui, a mi red, a mis ataduras, a mi tierra blanca, a mis yerbas m\u00e1gicas, a mi vigor, a mi valent\u00eda. Sea as\u00ed o no sea as\u00ed, yo te enlazar\u00e9 con mi fuerte cuerda, mi fuerte lazo, ante el cielo, ante la tierra.<\/p><p>\u00a1El cielo, la tierra, est\u00e9n contigo, valiente, var\u00f3n, hombre prisionero y cautivo!<\/p>\t\t\t\t\t\t\t\t<\/div>\n\t\t\t\t\t<\/div>\n\t\t\t\t<\/div>\n\t\t<div data-particle_enable=\"false\" data-particle-mobile-disabled=\"false\" class=\"elementor-element elementor-element-401c331 e-flex e-con-boxed e-con e-parent\" data-id=\"401c331\" data-element_type=\"container\" data-e-type=\"container\">\n\t\t\t\t\t<div class=\"e-con-inner\">\n\t\t\t\t<div class=\"elementor-element elementor-element-5b2ef27 elementor-widget elementor-widget-html\" data-id=\"5b2ef27\" data-element_type=\"widget\" data-e-type=\"widget\" data-widget_type=\"html.default\">\n\t\t\t\t\t<iframe width=\"560\" height=\"415\" src=\"https:\/\/www.youtube.com\/embed\/kvPrgVRfrYQ?si=7q9LLIxNc3GuTtS9\" title=\"YouTube video player\" frameborder=\"0\" allow=\"accelerometer; autoplay; clipboard-write; encrypted-media; gyroscope; picture-in-picture; web-share\" referrerpolicy=\"strict-origin-when-cross-origin\" allowfullscreen><\/iframe>\t\t\t\t<\/div>\n\t\t\t\t\t<\/div>\n\t\t\t\t<\/div>\n\t\t<div data-particle_enable=\"false\" data-particle-mobile-disabled=\"false\" class=\"elementor-element elementor-element-0063e46 e-flex e-con-boxed e-con e-parent\" data-id=\"0063e46\" data-element_type=\"container\" data-e-type=\"container\">\n\t\t\t\t\t<div class=\"e-con-inner\">\n\t\t\t\t<div class=\"elementor-element elementor-element-06c468c elementor-widget elementor-widget-text-editor\" data-id=\"06c468c\" data-element_type=\"widget\" data-e-type=\"widget\" data-widget_type=\"text-editor.default\">\n\t\t\t\t\t\t\t\t\t<p><i>(Lo ha sujetado con el lazo y tira de \u00e9ste, para atraerlo hacia s\u00ed. Cesa la m\u00fasica, y la danza se interrumpe. Hay un prolongado silencio, en el cual ambos varones, fingi\u00e9ndose iracundos, se ven cara a cara. Despu\u00e9s, sin acompa\u00f1amiento musical ni danza, pronuncia el siguiente parlamento el Var\u00f3n de Rabinal y le replica el Var\u00f3n de los <a href=\"https:\/\/soymigrante.com\/revista\/el-pueblo-kiche-es-heredero-y-continuador-de-la-tradicion-del-popol-vuh\/\">K&#8217;iche<\/a>).<\/i><\/p><p><b>El var\u00f3n de Rabinal:<\/b> \u00a1Eh! valiente, var\u00f3n, prisionero, cautivo. Ya enlac\u00e9 al de su cielo, al de su tierra&#8230;. Revela d\u00f3nde est\u00e1n tus monta\u00f1as, d\u00f3nde est\u00e1n tus valles; si naciste en el costado de una monta\u00f1a, en\u00b4el costado de un valle.\u00bfNo ser\u00edas un hijo de las nubes, un hijo de las nublazones?\u00a0 \u00bfNo vendr\u00edas arrojado por las lanzas, por la guerra? Esto es lo que dice mi voz ante el cielo, ante la tierra. \u00a1El cielo, la tierra, est\u00e9n contigo, hombre prisionero, autivo!<\/p><p><b>El Var\u00f3n de los K&#8217;iche:<\/b> \u00a1Ah cielo, ah tierra! \u00bfEs verdad que dijiste eso, que pronunciaste voces absurdas ante el cielo, ante la tierra, ante mis labios y mi cara?: \u00bfQue soy un valiente, un var\u00f3n? Eso dijo tu voz. \u00a1Vamos! \u00bfSer\u00eda un valiente, vamos, ser\u00eda un var\u00f3n y habr\u00eda venido arrojado por la lanza, por la guerra?Por eso no pronunciar\u00e9 abundantes palabras, destacado\u00a0 entre los varones, Var\u00f3n de Rabinal. \u00a1El cielo, la tierra, est\u00e9n contigo!<\/p><p><i>(Y se reanuda el baile. Vuelve a sonar la m\u00fasica).<\/i><\/p>\t\t\t\t\t\t\t\t<\/div>\n\t\t\t\t\t<\/div>\n\t\t\t\t<\/div>\n\t\t<div data-particle_enable=\"false\" data-particle-mobile-disabled=\"false\" class=\"elementor-element elementor-element-f0ad7db e-flex e-con-boxed e-con e-parent\" data-id=\"f0ad7db\" data-element_type=\"container\" data-e-type=\"container\">\n\t\t\t\t\t<div class=\"e-con-inner\">\n\t\t\t\t<div class=\"elementor-element elementor-element-0a0fda8 elementor-widget elementor-widget-image\" data-id=\"0a0fda8\" data-element_type=\"widget\" data-e-type=\"widget\" data-widget_type=\"image.default\">\n\t\t\t\t\t\t\t\t\t\t\t\t<figure class=\"wp-caption\">\n\t\t\t\t\t\t\t\t\t\t<img decoding=\"async\" width=\"1140\" height=\"760\" src=\"https:\/\/soymigrante.com\/revista\/wp-content\/uploads\/2026\/01\/rabinal-achi-guatemala-cultura-de-guatemala-fotos-inguat-1-1140x760.jpg\" class=\"attachment-large size-large wp-image-51217\" alt=\"El nombre prehisp\u00e1nico del baile drama del Rabinal Ach\u00ed es, en realidad &quot;Baile del Tun&quot;. El var\u00f3n de Rabinal aparece en la primera parte de la representaci\u00f3n, pero en la segunda ya no habla, pues en su lugar los di\u00e1logos son entre el guerrero k&#039;iche y el se\u00f1or de los Rabinaleb. (Foto Inguat Rabinal Achi 2024)\" srcset=\"https:\/\/soymigrante.com\/revista\/wp-content\/uploads\/2026\/01\/rabinal-achi-guatemala-cultura-de-guatemala-fotos-inguat-1-1140x760.jpg 1140w, https:\/\/soymigrante.com\/revista\/wp-content\/uploads\/2026\/01\/rabinal-achi-guatemala-cultura-de-guatemala-fotos-inguat-1-300x200.jpg 300w, https:\/\/soymigrante.com\/revista\/wp-content\/uploads\/2026\/01\/rabinal-achi-guatemala-cultura-de-guatemala-fotos-inguat-1-768x512.jpg 768w, https:\/\/soymigrante.com\/revista\/wp-content\/uploads\/2026\/01\/rabinal-achi-guatemala-cultura-de-guatemala-fotos-inguat-1-750x500.jpg 750w, https:\/\/soymigrante.com\/revista\/wp-content\/uploads\/2026\/01\/rabinal-achi-guatemala-cultura-de-guatemala-fotos-inguat-1.jpg 1280w\" sizes=\"(max-width: 1140px) 100vw, 1140px\" title=\"El nombre prehisp\u00e1nico del baile drama del  Rabinal Ach\u00ed es, en realidad &quot;Baile del Tun&quot;. El var\u00f3n de Rabinal aparece en la primera parte de la representaci\u00f3n, pero en la segunda ya no habla, pues en su lugar los di\u00e1logos son entre el guerrero k&#039;iche y el se\u00f1or de los Rabinaleb. (Foto Inguat Rabinal Achi 2024) \u2013 SoyMigrante.com REVISTA\" \/>\t\t\t\t\t\t\t\t\t\t\t<figcaption class=\"widget-image-caption wp-caption-text\">El nombre prehisp\u00e1nico del baile drama del  Rabinal Ach\u00ed es, en realidad \"Baile del Tun\". El var\u00f3n de Rabinal aparece en la primera parte de la representaci\u00f3n, pero en la segunda ya no habla, pues en su lugar los di\u00e1logos son entre el guerrero k'iche y el se\u00f1or de los Rabinaleb. (Foto Inguat Rabinal Achi 2024)<\/figcaption>\n\t\t\t\t\t\t\t\t\t\t<\/figure>\n\t\t\t\t\t\t\t\t\t<\/div>\n\t\t\t\t\t<\/div>\n\t\t\t\t<\/div>\n\t\t<div data-particle_enable=\"false\" data-particle-mobile-disabled=\"false\" class=\"elementor-element elementor-element-dbe4806 e-flex e-con-boxed e-con e-parent\" data-id=\"dbe4806\" data-element_type=\"container\" data-e-type=\"container\">\n\t\t\t\t\t<div class=\"e-con-inner\">\n\t\t\t\t<div class=\"elementor-element elementor-element-e4f032c elementor-widget elementor-widget-text-editor\" data-id=\"e4f032c\" data-element_type=\"widget\" data-e-type=\"widget\" data-widget_type=\"text-editor.default\">\n\t\t\t\t\t\t\t\t\t<p><b>El Var\u00f3n de Rabinal: <\/b>\u00a1Eh! valiente, var\u00f3n, hombre prisionero, cautivo. \u00bfAs\u00ed dijo tu voz ante el cielo, ante la tierra? \u201c\u00a1Vamos! \u00bfSer\u00eda un valiente, \u00a1vamos!, ser\u00eda un var\u00f3n, y dir\u00eda, revelar\u00eda mis monta\u00f1as, mis valles?<\/p><p><b>El Var\u00f3n de los K&#8217;ich\u00e9:<\/b> \u00a1Ah cielo, ah tierra! Tu voz dijo ante el cielo, ante la tierra: \u201cSe podr\u00e1 hacer nacer, salir, las voces, las palabras, que dir\u00e9 contigo, ante el cielo, ante la tierra.\u00a0\u00a0<\/p><p><b>El Var\u00f3n de Rabinal: <\/b>Valiente, var\u00f3n, hombre de los Cavek k&#8217;ich\u00e9, \u00bferes mi auxiliar, eres mi hermano mayor, eres mi hermano menor? \u00a1Magn\u00edfico! \u00a1Y c\u00f3mo podr\u00eda mi esp\u00edritu haber olvidado verte, olvidado mirarte, en los vastos muros, en la vasta fortaleza!\u00a0<\/p>\t\t\t\t\t\t\t\t<\/div>\n\t\t\t\t\t<\/div>\n\t\t\t\t<\/div>\n\t\t<div data-particle_enable=\"false\" data-particle-mobile-disabled=\"false\" class=\"elementor-element elementor-element-14afee1 e-flex e-con-boxed e-con e-parent\" data-id=\"14afee1\" data-element_type=\"container\" data-e-type=\"container\">\n\t\t\t\t\t<div class=\"e-con-inner\">\n\t\t\t\t<div class=\"elementor-element elementor-element-62b564d elementor-widget elementor-widget-html\" data-id=\"62b564d\" data-element_type=\"widget\" data-e-type=\"widget\" data-widget_type=\"html.default\">\n\t\t\t\t\t<iframe data-testid=\"embed-iframe\" style=\"border-radius:12px\" src=\"https:\/\/open.spotify.com\/embed\/track\/6ApjuUW2HQiaP4brUto8A9?utm_source=generator\" width=\"100%\" height=\"352\" frameBorder=\"0\" allowfullscreen=\"\" allow=\"autoplay; clipboard-write; encrypted-media; fullscreen; picture-in-picture\" loading=\"lazy\"><\/iframe>\t\t\t\t<\/div>\n\t\t\t\t\t<\/div>\n\t\t\t\t<\/div>\n\t\t<div data-particle_enable=\"false\" data-particle-mobile-disabled=\"false\" class=\"elementor-element elementor-element-b7f53d1 e-flex e-con-boxed e-con e-parent\" data-id=\"b7f53d1\" data-element_type=\"container\" data-e-type=\"container\">\n\t\t\t\t\t<div class=\"e-con-inner\">\n\t\t\t\t<div class=\"elementor-element elementor-element-8a50297 elementor-widget elementor-widget-image\" data-id=\"8a50297\" data-element_type=\"widget\" data-e-type=\"widget\" data-widget_type=\"image.default\">\n\t\t\t\t\t\t\t\t\t\t\t\t<figure class=\"wp-caption\">\n\t\t\t\t\t\t\t\t\t\t<img decoding=\"async\" width=\"450\" height=\"451\" src=\"https:\/\/soymigrante.com\/revista\/wp-content\/uploads\/2026\/01\/reproduccion-facsimilar-de-la-transcripcion-del-rabinal-achi-en-1856-por-Brasseur-de-Borbourgh.png\" class=\"attachment-large size-large wp-image-51218\" alt=\"Reproduccion facsimilar de la transcripcion del rabinal achi en 1856 por Brasseur de Borbourgh, quien la tradujo al franc\u00e9s, de donde se extendi\u00f3 a otros idiomas como un tesoro prehisp\u00e1nico maya universal.\" srcset=\"https:\/\/soymigrante.com\/revista\/wp-content\/uploads\/2026\/01\/reproduccion-facsimilar-de-la-transcripcion-del-rabinal-achi-en-1856-por-Brasseur-de-Borbourgh.png 450w, https:\/\/soymigrante.com\/revista\/wp-content\/uploads\/2026\/01\/reproduccion-facsimilar-de-la-transcripcion-del-rabinal-achi-en-1856-por-Brasseur-de-Borbourgh-300x300.png 300w, https:\/\/soymigrante.com\/revista\/wp-content\/uploads\/2026\/01\/reproduccion-facsimilar-de-la-transcripcion-del-rabinal-achi-en-1856-por-Brasseur-de-Borbourgh-150x150.png 150w, https:\/\/soymigrante.com\/revista\/wp-content\/uploads\/2026\/01\/reproduccion-facsimilar-de-la-transcripcion-del-rabinal-achi-en-1856-por-Brasseur-de-Borbourgh-75x75.png 75w\" sizes=\"(max-width: 450px) 100vw, 450px\" title=\"Reproduccion facsimilar de la transcripcion del rabinal achi en 1856 por Brasseur de Borbourgh, quien la tradujo al franc\u00e9s, de donde se extendi\u00f3 a otros idiomas como un tesoro prehisp\u00e1nico maya universal. \u2013 SoyMigrante.com REVISTA\" \/>\t\t\t\t\t\t\t\t\t\t\t<figcaption class=\"widget-image-caption wp-caption-text\">Reproduccion facsimilar de la transcripcion del rabinal achi en 1856 por Brasseur de Borbourgh, quien la tradujo al franc\u00e9s, de donde se extendi\u00f3 a otros idiomas como un tesoro prehisp\u00e1nico maya universal.<\/figcaption>\n\t\t\t\t\t\t\t\t\t\t<\/figure>\n\t\t\t\t\t\t\t\t\t<\/div>\n\t\t\t\t\t<\/div>\n\t\t\t\t<\/div>\n\t\t<div data-particle_enable=\"false\" data-particle-mobile-disabled=\"false\" class=\"elementor-element elementor-element-159ca66 e-flex e-con-boxed e-con e-parent\" data-id=\"159ca66\" data-element_type=\"container\" data-e-type=\"container\">\n\t\t\t\t\t<div class=\"e-con-inner\">\n\t\t\t\t<div class=\"elementor-element elementor-element-08768a9 elementor-widget elementor-widget-heading\" data-id=\"08768a9\" data-element_type=\"widget\" data-e-type=\"widget\" data-widget_type=\"heading.default\">\n\t\t\t\t\t<h2 class=\"elementor-heading-title elementor-size-default\">M\u00e1s de la Cultura de Guatemala<\/h2>\t\t\t\t<\/div>\n\t\t\t\t\t<\/div>\n\t\t\t\t<\/div>\n\t\t<div data-particle_enable=\"false\" data-particle-mobile-disabled=\"false\" class=\"elementor-element elementor-element-af25288 e-flex e-con-boxed e-con e-parent\" data-id=\"af25288\" data-element_type=\"container\" data-e-type=\"container\">\n\t\t\t\t\t<div class=\"e-con-inner\">\n\t\t\t\t<div class=\"elementor-element elementor-element-4c9c69b elementor-grid-eael-col-3 elementor-grid-tablet-eael-col-2 elementor-grid-mobile-eael-col-1 elementor-widget elementor-widget-eael-post-grid\" data-id=\"4c9c69b\" data-element_type=\"widget\" data-e-type=\"widget\" data-settings=\"{&quot;eael_post_grid_columns&quot;:&quot;eael-col-3&quot;,&quot;eael_post_grid_columns_tablet&quot;:&quot;eael-col-2&quot;,&quot;eael_post_grid_columns_mobile&quot;:&quot;eael-col-1&quot;}\" data-widget_type=\"eael-post-grid.default\">\n\t\t\t\t\t<div id=\"eael-post-grid-4c9c69b\" class=\"eael-post-grid-container\">\n            <div class=\"eael-post-grid eael-post-appender eael-post-appender-4c9c69b eael-post-grid-style-one\" data-layout-mode=\"masonry\"><article class=\"eael-grid-post  eael-post-grid-column eael-pg-post-19565 category-guate-nuestra\" data-id=\"19565\">\n        <div class=\"eael-grid-post-holder\">\n            <div class=\"eael-grid-post-holder-inner\"><div class=\"eael-entry-media\"><div class=\"eael-entry-overlay fade-in\"><i class=\"far fa-hand-pointer\" aria-hidden=\"true\"><\/i><a href=\"https:\/\/soymigrante.com\/revista\/atoles-ancestrales-chilate-de-rabinal-bebida-ceremonial-que-enlaza-tradicion-y-fe\/\"><\/a><\/div><div class=\"eael-entry-thumbnail eael-image-ratio\">\n                <img loading=\"lazy\" decoding=\"async\" width=\"904\" height=\"904\" src=\"https:\/\/soymigrante.com\/revista\/wp-content\/uploads\/2025\/01\/chilate-rabinal-foto-inguat.webp\" class=\"attachment-large size-large wp-image-20179\" alt=\"Artesan\u00eda y cultura ind\u00edgena en M\u00e9xico, celebrando tradiciones con coloridas textiles, cer\u00e1micas y rituales ancestrales, resaltando la identidad y patrimonio de las comunidades originarias.\" srcset=\"https:\/\/soymigrante.com\/revista\/wp-content\/uploads\/2025\/01\/chilate-rabinal-foto-inguat.webp 904w, https:\/\/soymigrante.com\/revista\/wp-content\/uploads\/2025\/01\/chilate-rabinal-foto-inguat-300x300.jpg 300w, https:\/\/soymigrante.com\/revista\/wp-content\/uploads\/2025\/01\/chilate-rabinal-foto-inguat-150x150.jpg 150w, https:\/\/soymigrante.com\/revista\/wp-content\/uploads\/2025\/01\/chilate-rabinal-foto-inguat-768x768.jpg 768w, https:\/\/soymigrante.com\/revista\/wp-content\/uploads\/2025\/01\/chilate-rabinal-foto-inguat-75x75.webp 75w, https:\/\/soymigrante.com\/revista\/wp-content\/uploads\/2025\/01\/chilate-rabinal-foto-inguat-750x750.webp 750w\" sizes=\"(max-width: 904px) 100vw, 904px\" \/>\n            <\/div>\n        <\/div><div class=\"eael-entry-wrapper\"><header class=\"eael-entry-header\"><h2 class=\"eael-entry-title\"><a class=\"eael-grid-post-link\" href=\"https:\/\/soymigrante.com\/revista\/atoles-ancestrales-chilate-de-rabinal-bebida-ceremonial-que-enlaza-tradicion-y-fe\/\" title=\"Atoles guatemaltecos: Chilate de Rabinal, bebida ceremonial que enlaza tradici\u00f3n y fe\">Atoles guatemaltecos: Chilate de Rabinal, bebida ceremonial que enlaza tradici\u00f3n y fe<\/a><\/h2><\/header><div class=\"eael-entry-content\">\n                        <div class=\"eael-grid-post-excerpt\"><a href=\"https:\/\/soymigrante.com\/revista\/atoles-ancestrales-chilate-de-rabinal-bebida-ceremonial-que-enlaza-tradicion-y-fe\/\" class=\"eael-post-elements-readmore-btn\">CONOCE SU HISTORIA <\/a><\/div>\n                    <\/div><\/div><\/div>\n        <\/div>\n    <\/article><article class=\"eael-grid-post  eael-post-grid-column eael-pg-post-8529 category-pueblos-de-guatemala\" data-id=\"8529\">\n        <div class=\"eael-grid-post-holder\">\n            <div class=\"eael-grid-post-holder-inner\"><div class=\"eael-entry-media\"><div class=\"eael-entry-overlay fade-in\"><i class=\"far fa-hand-pointer\" aria-hidden=\"true\"><\/i><a href=\"https:\/\/soymigrante.com\/revista\/etnias-de-guatemala-los-achi\/\"><\/a><\/div><div class=\"eael-entry-thumbnail eael-image-ratio\">\n                <img loading=\"lazy\" decoding=\"async\" width=\"1024\" height=\"1024\" src=\"https:\/\/soymigrante.com\/revista\/wp-content\/uploads\/2024\/08\/Achi-14-La-Conquista-e1724976866589-1024x1024.webp\" class=\"attachment-large size-large wp-image-8530\" alt=\"La danza de la Conquista de Rabina Baja Verapaz es una de las expresiones tradicionales del pueblo maya Achi\" srcset=\"https:\/\/soymigrante.com\/revista\/wp-content\/uploads\/2024\/08\/Achi-14-La-Conquista-e1724976866589-1024x1024.webp 1024w, https:\/\/soymigrante.com\/revista\/wp-content\/uploads\/2024\/08\/Achi-14-La-Conquista-e1724976866589-300x300.webp 300w, https:\/\/soymigrante.com\/revista\/wp-content\/uploads\/2024\/08\/Achi-14-La-Conquista-e1724976866589-150x150.webp 150w, https:\/\/soymigrante.com\/revista\/wp-content\/uploads\/2024\/08\/Achi-14-La-Conquista-e1724976866589-768x768.webp 768w, https:\/\/soymigrante.com\/revista\/wp-content\/uploads\/2024\/08\/Achi-14-La-Conquista-e1724976866589-75x75.webp 75w, https:\/\/soymigrante.com\/revista\/wp-content\/uploads\/2024\/08\/Achi-14-La-Conquista-e1724976866589-750x750.webp 750w, https:\/\/soymigrante.com\/revista\/wp-content\/uploads\/2024\/08\/Achi-14-La-Conquista-e1724976866589-1140x1140.webp 1140w, https:\/\/soymigrante.com\/revista\/wp-content\/uploads\/2024\/08\/Achi-14-La-Conquista-e1724976866589.webp 1280w\" sizes=\"(max-width: 1024px) 100vw, 1024px\" \/>\n            <\/div>\n        <\/div><div class=\"eael-entry-wrapper\"><header class=\"eael-entry-header\"><h2 class=\"eael-entry-title\"><a class=\"eael-grid-post-link\" href=\"https:\/\/soymigrante.com\/revista\/etnias-de-guatemala-los-achi\/\" title=\"El pueblo Achi&#8217; es descendiente de los se\u00f1ores Rabinaleb\">El pueblo Achi&#8217; es descendiente de los se\u00f1ores Rabinaleb<\/a><\/h2><\/header><div class=\"eael-entry-content\">\n                        <div class=\"eael-grid-post-excerpt\"><a href=\"https:\/\/soymigrante.com\/revista\/etnias-de-guatemala-los-achi\/\" class=\"eael-post-elements-readmore-btn\">CONOCE SU HISTORIA <\/a><\/div>\n                    <\/div><\/div><\/div>\n        <\/div>\n    <\/article><article class=\"eael-grid-post  eael-post-grid-column eael-pg-post-4584 category-guate-nuestra tags-danzas-de-guatemala\" data-id=\"4584\">\n        <div class=\"eael-grid-post-holder\">\n            <div class=\"eael-grid-post-holder-inner\"><div class=\"eael-entry-media\"><div class=\"eael-entry-overlay fade-in\"><i class=\"far fa-hand-pointer\" aria-hidden=\"true\"><\/i><a href=\"https:\/\/soymigrante.com\/revista\/rabinal-achi-drama-prehispanico-patrimonio-cultural-de-guatemala\/\"><\/a><\/div><div class=\"eael-entry-thumbnail eael-image-ratio\">\n                <img loading=\"lazy\" decoding=\"async\" width=\"1024\" height=\"1021\" src=\"https:\/\/soymigrante.com\/revista\/wp-content\/uploads\/2024\/01\/portada-rabinal-e1735340821832-1024x1021.webp\" class=\"attachment-large size-large wp-image-4586\" alt=\"Presentaci\u00f3n Rabinal achi en 2008 Foto: Gustavo Montenegro\" srcset=\"https:\/\/soymigrante.com\/revista\/wp-content\/uploads\/2024\/01\/portada-rabinal-e1735340821832-1024x1021.webp 1024w, https:\/\/soymigrante.com\/revista\/wp-content\/uploads\/2024\/01\/portada-rabinal-e1735340821832-300x300.webp 300w, https:\/\/soymigrante.com\/revista\/wp-content\/uploads\/2024\/01\/portada-rabinal-e1735340821832-150x150.webp 150w, https:\/\/soymigrante.com\/revista\/wp-content\/uploads\/2024\/01\/portada-rabinal-e1735340821832-768x766.webp 768w, https:\/\/soymigrante.com\/revista\/wp-content\/uploads\/2024\/01\/portada-rabinal-e1735340821832-75x75.webp 75w, https:\/\/soymigrante.com\/revista\/wp-content\/uploads\/2024\/01\/portada-rabinal-e1735340821832-750x748.webp 750w, https:\/\/soymigrante.com\/revista\/wp-content\/uploads\/2024\/01\/portada-rabinal-e1735340821832.webp 1070w\" sizes=\"(max-width: 1024px) 100vw, 1024px\" \/>\n            <\/div>\n        <\/div><div class=\"eael-entry-wrapper\"><header class=\"eael-entry-header\"><h2 class=\"eael-entry-title\"><a class=\"eael-grid-post-link\" href=\"https:\/\/soymigrante.com\/revista\/rabinal-achi-drama-prehispanico-patrimonio-cultural-de-guatemala\/\" title=\"Danzas de Guatemala: el Rabinal Ach\u00ed, baile drama prehisp\u00e1nico sobrevive y brilla cada 25 de enero.\">Danzas de Guatemala: el Rabinal Ach\u00ed, baile drama prehisp\u00e1nico sobrevive y brilla cada 25 de enero.<\/a><\/h2><\/header><div class=\"eael-entry-content\">\n                        <div class=\"eael-grid-post-excerpt\"><a href=\"https:\/\/soymigrante.com\/revista\/rabinal-achi-drama-prehispanico-patrimonio-cultural-de-guatemala\/\" class=\"eael-post-elements-readmore-btn\">CONOCE SU HISTORIA <\/a><\/div>\n                    <\/div><\/div><\/div>\n        <\/div>\n    <\/article><\/div>\n            <div class=\"clearfix\"><\/div>\n        <\/div>\t\t\t\t<\/div>\n\t\t\t\t\t<\/div>\n\t\t\t\t<\/div>\n\t\t\t\t<\/div>\n\t\t","protected":false},"excerpt":{"rendered":"<p>Conoce el di\u00e1logo entre el guerrero k&#8217;iche, capturado en batalla y el var\u00f3n de Rabinal o Rabinal Achi, con el que inicia este baile drama prehisp\u00e1nico: el \u00fanico que se conserva y que se presenta en Rabinal Baja Verapaz cada 25 de enero. El Rabinal Ach\u00ed es un baile drama\u00a0prehisp\u00e1nico maya, considerada uno de los [&hellip;]<\/p>\n","protected":false},"author":1,"featured_media":51210,"comment_status":"open","ping_status":"open","sticky":false,"template":"","format":"standard","meta":{"_acf_changed":false,"_eb_attr":"","footnotes":""},"categories":[58],"tags":[],"class_list":["post-51209","post","type-post","status-publish","format-standard","has-post-thumbnail","hentry","category-guate-nuestra"],"acf":[],"aioseo_notices":[],"aioseo_head":"\n\t\t<!-- All in One SEO Pro 4.9.6.2 - aioseo.com -->\n\t<meta name=\"description\" content=\"Rabinal Ach\u00ed o Danza del Tun es una obra prehisp\u00e1nica que vive al resguardo del pueblo Achi,. Se representa durante la fiesta patronal de Rabinal, Baja Verapaz\" \/>\n\t<meta name=\"robots\" content=\"max-snippet:-1, max-image-preview:large, max-video-preview:-1\" \/>\n\t<meta name=\"author\" content=\"SoyMigrante.com REVISTA\"\/>\n\t<link rel=\"canonical\" href=\"https:\/\/soymigrante.com\/revista\/rabinal-achi-drama-prehispanico-patrimonio-cultural-de-guatemala\/\" \/>\n\t<meta name=\"generator\" content=\"All in One SEO Pro (AIOSEO) 4.9.6.2\" \/>\n\n\t\t<link rel=\"preconnect\" href=\"https:\/\/fonts.googleapis.com\" crossorigin>\n<link rel=\"preconnect\" href=\"https:\/\/fonts.gstatic.com\" crossorigin>\n\t\t<meta property=\"og:locale\" content=\"es_ES\" \/>\n\t\t<meta property=\"og:site_name\" content=\"SoyMigrante.com REVISTA \u2013 Nuestra misi\u00f3n es reconocer y dignificar al migrante.\" \/>\n\t\t<meta property=\"og:type\" content=\"article\" \/>\n\t\t<meta property=\"og:title\" content=\"Rabinal Achi tesoro cultural sobrevive a pesar de la adversidad\" \/>\n\t\t<meta property=\"og:description\" content=\"Rabinal Ach\u00ed o Danza del Tun es una obra prehisp\u00e1nica que vive al resguardo del pueblo Achi,. Se representa durante la fiesta patronal de Rabinal, Baja Verapaz\" \/>\n\t\t<meta property=\"og:url\" content=\"https:\/\/soymigrante.com\/revista\/rabinal-achi-drama-prehispanico-patrimonio-cultural-de-guatemala\/\" \/>\n\t\t<meta property=\"og:image\" content=\"https:\/\/soymigrante.com\/revista\/wp-content\/uploads\/2024\/01\/portada-rabinal-e1735340821832.webp\" \/>\n\t\t<meta property=\"og:image:secure_url\" content=\"https:\/\/soymigrante.com\/revista\/wp-content\/uploads\/2024\/01\/portada-rabinal-e1735340821832.webp\" \/>\n\t\t<meta property=\"og:image:width\" content=\"1070\" \/>\n\t\t<meta property=\"og:image:height\" content=\"1067\" \/>\n\t\t<meta property=\"article:published_time\" content=\"2026-01-09T22:43:39+00:00\" \/>\n\t\t<meta property=\"article:modified_time\" content=\"2026-01-09T22:43:46+00:00\" \/>\n\t\t<meta property=\"article:publisher\" content=\"https:\/\/www.facebook.com\/soymigrantecom\" \/>\n\t\t<meta name=\"twitter:card\" content=\"summary_large_image\" \/>\n\t\t<meta name=\"twitter:site\" content=\"@SoyMigrante_com\" \/>\n\t\t<meta name=\"twitter:title\" content=\"Rabinal Achi tesoro cultural sobrevive a pesar de la adversidad\" \/>\n\t\t<meta name=\"twitter:description\" content=\"Rabinal Ach\u00ed o Danza del Tun es una obra prehisp\u00e1nica que vive al resguardo del pueblo Achi,. Se representa durante la fiesta patronal de Rabinal, Baja Verapaz\" \/>\n\t\t<meta name=\"twitter:creator\" content=\"@SoyMigrante_com\" \/>\n\t\t<meta name=\"twitter:image\" content=\"https:\/\/soymigrante.com\/revista\/wp-content\/uploads\/2024\/01\/portada-rabinal-e1735340821832.webp\" \/>\n\t\t<!-- All in One SEO Pro -->\r\n\t\t<title>Rabinal Achi tesoro cultural sobrevive a pesar de la adversidad<\/title>\n\n","aioseo_head_json":{"title":"Rabinal Achi tesoro cultural sobrevive a pesar de la adversidad","description":"Rabinal Ach\u00ed o Danza del Tun es una obra prehisp\u00e1nica que vive al resguardo del pueblo Achi,. Se representa durante la fiesta patronal de Rabinal, Baja Verapaz","canonical_url":"https:\/\/soymigrante.com\/revista\/rabinal-achi-drama-prehispanico-patrimonio-cultural-de-guatemala\/","robots":"max-snippet:-1, max-image-preview:large, max-video-preview:-1","keywords":"","webmasterTools":{"miscellaneous":"&lt;link rel=\"preconnect\" href=\"https:\/\/fonts.googleapis.com\" crossorigin&gt;\n&lt;link rel=\"preconnect\" href=\"https:\/\/fonts.gstatic.com\" crossorigin&gt;"},"schema":null,"og:locale":"es_ES","og:site_name":"SoyMigrante.com REVISTA \u2013 Nuestra misi\u00f3n es reconocer y dignificar al migrante.","og:type":"article","og:title":"Rabinal Achi tesoro cultural sobrevive a pesar de la adversidad","og:description":"Rabinal Ach\u00ed o Danza del Tun es una obra prehisp\u00e1nica que vive al resguardo del pueblo Achi,. Se representa durante la fiesta patronal de Rabinal, Baja Verapaz","og:url":"https:\/\/soymigrante.com\/revista\/rabinal-achi-drama-prehispanico-patrimonio-cultural-de-guatemala\/","og:image":"https:\/\/soymigrante.com\/revista\/wp-content\/uploads\/2024\/01\/portada-rabinal-e1735340821832.webp","og:image:secure_url":"https:\/\/soymigrante.com\/revista\/wp-content\/uploads\/2024\/01\/portada-rabinal-e1735340821832.webp","og:image:width":1070,"og:image:height":1067,"article:published_time":"2026-01-09T22:43:39+00:00","article:modified_time":"2026-01-09T22:43:46+00:00","article:publisher":"https:\/\/www.facebook.com\/soymigrantecom","twitter:card":"summary_large_image","twitter:site":"@SoyMigrante_com","twitter:title":"Rabinal Achi tesoro cultural sobrevive a pesar de la adversidad","twitter:description":"Rabinal Ach\u00ed o Danza del Tun es una obra prehisp\u00e1nica que vive al resguardo del pueblo Achi,. Se representa durante la fiesta patronal de Rabinal, Baja Verapaz","twitter:creator":"@SoyMigrante_com","twitter:image":"https:\/\/soymigrante.com\/revista\/wp-content\/uploads\/2024\/01\/portada-rabinal-e1735340821832.webp"},"aioseo_meta_data":{"post_id":"51209","title":"Este es el di\u00e1logo de guerreros con que inica el Rabinal Achi","description":"El Rabinal Ach\u00ed es una obra de teatro prehisp\u00e1nico maya \u00fanica en el mundo. Se presenta en Rabinal, Baja Verapaz, cada 25 de enero. Y con esta conversaci\u00f3n comienza.","keywords":null,"keyphrases":{"focus":{"keyphrase":"Rabinal Achi","score":74,"analysis":{"keyphraseInTitle":{"score":9,"maxScore":9,"error":0},"keyphraseInDescription":{"score":3,"maxScore":9,"error":1},"keyphraseLength":{"score":9,"maxScore":9,"error":0,"length":2},"keyphraseInURL":{"score":5,"maxScore":5,"error":0},"keyphraseInIntroduction":{"score":3,"maxScore":9,"error":1},"keyphraseInSubHeadings":{"score":3,"maxScore":9,"error":1},"keyphraseInImageAlt":{"score":9,"maxScore":9,"error":0},"keywordDensity":{"type":"best","score":9,"maxScore":9,"error":0}}},"additional":[{"keyphrase":"Dialogo","score":40,"analysis":{"keyphraseInDescription":{"score":3,"maxScore":9,"error":1},"keyphraseLength":{"score":9,"maxScore":9,"error":0,"length":1},"keyphraseInIntroduction":{"score":3,"maxScore":9,"error":1},"keyphraseInImageAlt":{"score":3,"maxScore":9,"error":1},"keywordDensity":{"score":0,"type":"low","maxScore":9,"error":1}}}]},"primary_term":null,"canonical_url":null,"og_title":null,"og_description":null,"og_object_type":"default","og_image_type":"default","og_image_url":null,"og_image_width":null,"og_image_height":null,"og_image_custom_url":null,"og_image_custom_fields":null,"og_video":"","og_custom_url":null,"og_article_section":null,"og_article_tags":null,"twitter_use_og":false,"twitter_card":"default","twitter_image_type":"default","twitter_image_url":null,"twitter_image_custom_url":null,"twitter_image_custom_fields":null,"twitter_title":null,"twitter_description":null,"schema":{"blockGraphs":[],"customGraphs":[],"default":{"data":{"Article":[],"Course":[],"Dataset":[],"FAQPage":[],"Movie":[],"Person":[],"Product":[],"ProductReview":[],"Car":[],"Recipe":[],"Service":[],"SoftwareApplication":[],"WebPage":[]},"graphName":"NewsArticle","isEnabled":true},"graphs":[]},"schema_type":"default","schema_type_options":null,"pillar_content":false,"robots_default":true,"robots_noindex":false,"robots_noarchive":false,"robots_nosnippet":false,"robots_nofollow":false,"robots_noimageindex":false,"robots_noodp":false,"robots_notranslate":false,"robots_max_snippet":"-1","robots_max_videopreview":"-1","robots_max_imagepreview":"large","priority":null,"frequency":"default","local_seo":null,"seo_analyzer_scan_date":"2026-02-25 18:06:11","breadcrumb_settings":null,"limit_modified_date":false,"reviewed_by":"0","open_ai":null,"ai":{"faqs":[],"keyPoints":[],"titles":[],"descriptions":[],"socialPosts":{"email":[],"linkedin":[],"twitter":[],"facebook":[],"instagram":[]}},"created":"2026-01-17 17:28:22","updated":"2026-03-06 15:45:36"},"aioseo_breadcrumb":"<div class=\"aioseo-breadcrumbs\"><span class=\"aioseo-breadcrumb\">\n\t<a href=\"https:\/\/soymigrante.com\/revista\" title=\"Home\">Home<\/a>\n<\/span><span class=\"aioseo-breadcrumb-separator\">\u00bb<\/span><span class=\"aioseo-breadcrumb\">\n\t<a href=\"https:\/\/soymigrante.com\/revista\/category\/guate-nuestra\/\" title=\"Guate Nuestra\">Guate Nuestra<\/a>\n<\/span><span class=\"aioseo-breadcrumb-separator\">\u00bb<\/span><span class=\"aioseo-breadcrumb\">\n\tEste es el di\u00e1logo de dos guerreros rivales al inicio del legendario baile drama prehisp\u00e1nico Rabinal Achi\u2019\n<\/span><\/div>","aioseo_breadcrumb_json":[{"label":"Home","link":"https:\/\/soymigrante.com\/revista"},{"label":"Guate Nuestra","link":"https:\/\/soymigrante.com\/revista\/category\/guate-nuestra\/"},{"label":"Este es el di\u00e1logo de dos guerreros rivales al inicio del legendario baile drama prehisp\u00e1nico Rabinal Achi&#8217;","link":"https:\/\/soymigrante.com\/revista\/rabinal-achi-baile-drama-prehispanico-maya-guatemala-patrimonio-cultural-humanidad\/"}],"_links":{"self":[{"href":"https:\/\/soymigrante.com\/revista\/wp-json\/wp\/v2\/posts\/51209","targetHints":{"allow":["GET"]}}],"collection":[{"href":"https:\/\/soymigrante.com\/revista\/wp-json\/wp\/v2\/posts"}],"about":[{"href":"https:\/\/soymigrante.com\/revista\/wp-json\/wp\/v2\/types\/post"}],"author":[{"embeddable":true,"href":"https:\/\/soymigrante.com\/revista\/wp-json\/wp\/v2\/users\/1"}],"replies":[{"embeddable":true,"href":"https:\/\/soymigrante.com\/revista\/wp-json\/wp\/v2\/comments?post=51209"}],"version-history":[{"count":9,"href":"https:\/\/soymigrante.com\/revista\/wp-json\/wp\/v2\/posts\/51209\/revisions"}],"predecessor-version":[{"id":51224,"href":"https:\/\/soymigrante.com\/revista\/wp-json\/wp\/v2\/posts\/51209\/revisions\/51224"}],"wp:featuredmedia":[{"embeddable":true,"href":"https:\/\/soymigrante.com\/revista\/wp-json\/wp\/v2\/media\/51210"}],"wp:attachment":[{"href":"https:\/\/soymigrante.com\/revista\/wp-json\/wp\/v2\/media?parent=51209"}],"wp:term":[{"taxonomy":"category","embeddable":true,"href":"https:\/\/soymigrante.com\/revista\/wp-json\/wp\/v2\/categories?post=51209"},{"taxonomy":"post_tag","embeddable":true,"href":"https:\/\/soymigrante.com\/revista\/wp-json\/wp\/v2\/tags?post=51209"}],"curies":[{"name":"wp","href":"https:\/\/api.w.org\/{rel}","templated":true}]}}