{"id":51181,"date":"2026-01-16T15:05:06","date_gmt":"2026-01-16T21:05:06","guid":{"rendered":"https:\/\/soymigrante.com\/revista\/?p=51181"},"modified":"2026-01-16T15:33:33","modified_gmt":"2026-01-16T21:33:33","slug":"esau-dieguez-entrenador-boxeo-guatemalteco-omaha-nebraska-historia-sueno-lester","status":"publish","type":"post","link":"https:\/\/soymigrante.com\/revista\/esau-dieguez-entrenador-boxeo-guatemalteco-omaha-nebraska-historia-sueno-lester\/","title":{"rendered":"&#8220;Mi sue\u00f1o es un campe\u00f3n mundial guatemalteco&#8221;: Esa\u00fa Di\u00e9guez, entrenador de boxeo en Omaha, Nebraska"},"content":{"rendered":"\t\t<div data-elementor-type=\"wp-post\" data-elementor-id=\"51181\" class=\"elementor elementor-51181\" data-elementor-post-type=\"post\">\n\t\t\t\t<div data-particle_enable=\"false\" data-particle-mobile-disabled=\"false\" class=\"elementor-element elementor-element-bd9d6d1 e-flex e-con-boxed e-con e-parent\" data-id=\"bd9d6d1\" data-element_type=\"container\" data-e-type=\"container\">\n\t\t\t\t\t<div class=\"e-con-inner\">\n\t\t\t\t<div class=\"elementor-element elementor-element-a0db4cd elementor-widget elementor-widget-heading\" data-id=\"a0db4cd\" data-element_type=\"widget\" data-e-type=\"widget\" data-widget_type=\"heading.default\">\n\t\t\t\t\t<h3 class=\"elementor-heading-title elementor-size-default\">Esa\u00fa Di\u00e9guez ha sido entrenador de Terrence Crawford y del guatemalteco Lester Mart\u00ednez.  Tiene su gimnasio en Omaha, Nebraska pero nunca se olvida de su natal San Miguel Acat\u00e1n o de Barillas, donde creci\u00f3, en Huehuetenango. Esta es su historia.<\/h3>\t\t\t\t<\/div>\n\t\t\t\t<div class=\"elementor-element elementor-element-e6726c8 elementor-widget elementor-widget-html\" data-id=\"e6726c8\" data-element_type=\"widget\" data-e-type=\"widget\" data-widget_type=\"html.default\">\n\t\t\t\t\t<div id=\"buzzsprout-player-18521347\"><\/div><script src=\"https:\/\/www.buzzsprout.com\/2444168\/episodes\/18521347-fabricante-de-campeones-entrenador-de-boxeo-guatemalteco-esau-dieguez.js?container_id=buzzsprout-player-18521347&player=small\" type=\"text\/javascript\" charset=\"utf-8\"><\/script>\t\t\t\t<\/div>\n\t\t\t\t\t<\/div>\n\t\t\t\t<\/div>\n\t\t<div data-particle_enable=\"false\" data-particle-mobile-disabled=\"false\" class=\"elementor-element elementor-element-bc9c163 e-flex e-con-boxed e-con e-parent\" data-id=\"bc9c163\" data-element_type=\"container\" data-e-type=\"container\">\n\t\t\t\t\t<div class=\"e-con-inner\">\n\t\t\t\t<div class=\"elementor-element elementor-element-2ed9cde elementor-widget elementor-widget-text-editor\" data-id=\"2ed9cde\" data-element_type=\"widget\" data-e-type=\"widget\" data-widget_type=\"text-editor.default\">\n\t\t\t\t\t\t\t\t\t<p>A los 20 a\u00f1os lleg\u00f3 Esa\u00fa Di\u00e9guez a Estados Unidos con el sue\u00f1o de ser boxeador profesional y llegar a convertirse en campe\u00f3n. El anhelo no se cumpli\u00f3, pero\u00a0 <a href=\"https:\/\/soymigrante.com\/revista\/como-mantener-serenidad-en-la-adversidad-estrategias-clave\/\">lejos de ser una derrota<\/a>, esto lo condujo a una carrera\u00a0 respetada como entrenador de boxeo de alto nivel en Omaha, Nebraska donde vive desde 1999. &#8220;Queremos alejar a los ni\u00f1os y j\u00f3venes de vicios, que canalicen su energ\u00eda a trav\u00e9s de este deporte&#8221;.<\/p><p>En diciembre reci\u00e9n pasado, por primera vez, desde 1991, Di\u00e9guez pas\u00f3 la Navidad con su familia en Barillas, Huehuetenango. Pero no solo eso, volvi\u00f3 acompa\u00f1ado de su esposa e hijas, no solo para reencontrarse con sus ra\u00edces, sino para involucrarlas en actividades ben\u00e9ficas en hospitales, escuelas y comunidades rurales.\u00a0<\/p><p>\u201cUno de los <a href=\"https:\/\/soymigrante.com\/revista\/migrantes-guatemaltecos-expresan-objetivos-y-suenos-para-este-2025\/\">prop\u00f3sitos <\/a>era devolverle a la gente de lo que Dios me ha dado\u201d, explica Di\u00e9guez, quien ya est\u00e1 de vuelta en su trabajo: fabricar campeones golpe a golpe, con mente s\u00f3lida y coraz\u00f3n poderoso. Y esta es su historia.\u00a0 \u00a0<\/p>\t\t\t\t\t\t\t\t<\/div>\n\t\t\t\t\t<\/div>\n\t\t\t\t<\/div>\n\t\t<div data-particle_enable=\"false\" data-particle-mobile-disabled=\"false\" class=\"elementor-element elementor-element-0546710 e-flex e-con-boxed e-con e-parent\" data-id=\"0546710\" data-element_type=\"container\" data-e-type=\"container\">\n\t\t\t\t\t<div class=\"e-con-inner\">\n\t\t\t\t<div class=\"elementor-element elementor-element-f244e9e elementor-widget elementor-widget-image\" data-id=\"f244e9e\" data-element_type=\"widget\" data-e-type=\"widget\" data-widget_type=\"image.default\">\n\t\t\t\t\t\t\t\t\t\t\t\t<figure class=\"wp-caption\">\n\t\t\t\t\t\t\t\t\t\t<img fetchpriority=\"high\" decoding=\"async\" width=\"842\" height=\"832\" src=\"https:\/\/soymigrante.com\/revista\/wp-content\/uploads\/2026\/01\/esau-dieguez-entrenador-guatemalteco-de-box-en-nebraska-1.png\" class=\"attachment-large size-large wp-image-51193\" alt=\"La pelea de Terrence Crawford contra Canelo Alvarez el 13 de septiembre de 2025 y del guatemalteco Lester Mart\u00ednez, puso al entrenador barillense Esa\u00fa Di\u00e9guez ante lois ojos del mundo. Pero \u00e9l nunca pierde la humildad y exclama: \u00a1Toda la Gloria sea para Dios!\" srcset=\"https:\/\/soymigrante.com\/revista\/wp-content\/uploads\/2026\/01\/esau-dieguez-entrenador-guatemalteco-de-box-en-nebraska-1.png 842w, https:\/\/soymigrante.com\/revista\/wp-content\/uploads\/2026\/01\/esau-dieguez-entrenador-guatemalteco-de-box-en-nebraska-1-300x296.png 300w, https:\/\/soymigrante.com\/revista\/wp-content\/uploads\/2026\/01\/esau-dieguez-entrenador-guatemalteco-de-box-en-nebraska-1-768x759.png 768w, https:\/\/soymigrante.com\/revista\/wp-content\/uploads\/2026\/01\/esau-dieguez-entrenador-guatemalteco-de-box-en-nebraska-1-75x75.png 75w, https:\/\/soymigrante.com\/revista\/wp-content\/uploads\/2026\/01\/esau-dieguez-entrenador-guatemalteco-de-box-en-nebraska-1-750x741.png 750w\" sizes=\"(max-width: 842px) 100vw, 842px\" title=\"La pelea de Terrence Crawford contra Canelo Alvarez el 13 de septiembre de 2025 y del guatemalteco Lester Mart\u00ednez, puso al entrenador barillense Esa\u00fa Di\u00e9guez ante lois ojos del mundo. Pero \u00e9l nunca pierde la humildad y exclama: \u00a1Toda la Gloria sea para Dios! \u2013 SoyMigrante.com REVISTA\" \/>\t\t\t\t\t\t\t\t\t\t\t<figcaption class=\"widget-image-caption wp-caption-text\">La pelea de Terrence Crawford contra Canelo Alvarez el 13 de septiembre de 2025 y del guatemalteco Lester Mart\u00ednez, puso al entrenador barillense Esa\u00fa Di\u00e9guez ante lois ojos del mundo. Pero \u00e9l nunca pierde la humildad y exclama: \u00a1Toda la Gloria sea para Dios!<\/figcaption>\n\t\t\t\t\t\t\t\t\t\t<\/figure>\n\t\t\t\t\t\t\t\t\t<\/div>\n\t\t\t\t\t<\/div>\n\t\t\t\t<\/div>\n\t\t<div data-particle_enable=\"false\" data-particle-mobile-disabled=\"false\" class=\"elementor-element elementor-element-598c016 e-flex e-con-boxed e-con e-parent\" data-id=\"598c016\" data-element_type=\"container\" data-e-type=\"container\">\n\t\t\t\t\t<div class=\"e-con-inner\">\n\t\t\t\t<div class=\"elementor-element elementor-element-14589dc elementor-widget elementor-widget-text-editor\" data-id=\"14589dc\" data-element_type=\"widget\" data-e-type=\"widget\" data-widget_type=\"text-editor.default\">\n\t\t\t\t\t\t\t\t\t<p><span style=\"color: #000000; font-family: Mulish, sans-serif; font-size: 29px; font-weight: bold;\">Boxeando en Los Cuchumatanes<\/span><\/p><p>Esa\u00fa naci\u00f3 en San Miguel Acat\u00e1n, pero creci\u00f3 en Santa Cruz Barillas, <a href=\"https:\/\/soymigrante.com\/revista\/departamentos-de-guatemala-huehuetenango-la-tierra-de-kaibil-balam-tesoro-cultural-y-natural\/\">Huehuetenango<\/a>. \u201cDe San Miguel no me acuerdo mucho, porque\u00a0 fue en Barillas crec\u00ed toda mi infancia y mi adolescencia\u201d.\u00a0 Fue all\u00ed donde el boxeo apareci\u00f3 de forma espont\u00e1nea, sin t\u00e9cnica ni reglas.\u00a0<\/p><p>\u201cMis hermanos\u00a0 se pon\u00edan a pelear. Consiguieron unos guantes, no s\u00e9 de donde, y yo me los pon\u00eda para pelear con los cuates del barrio\u201d, recuerda. Eran combates rudos, sin conocimiento formal, \u201csal\u00edamos con los ojos morados\u201d, cuenta, pero lejos de alejarlo, lo hechic\u00f3: \u201cMe gustaron los trancazos\u2026 y me siguen gustando\u201d, expresa con humor.<\/p><p>En 1991, Di\u00e9guez se traslad\u00f3 a <a href=\"https:\/\/soymigrante.com\/revista\/departamentos-de-guatemala-huehuetenango-la-tierra-de-kaibil-balam-tesoro-cultural-y-natural\/\">Huehuetenango<\/a>, donde comenz\u00f3 a entrenar boxeo. &#8220;Mi primer entrenador fue un maestro de educaci\u00f3n f\u00edsica en Barillas, C\u00e9sar Ochoa; en Huehuetenango 1988 me entren\u00f3 Mike N\u00e1poles, que era hermano de <a href=\"https:\/\/es.wikipedia.org\/wiki\/Mantequilla_N%C3%A1poles\">&#8220;Mantequilla&#8221; N\u00e1poles.<\/a>\u00a0 En 1992 en <a href=\"https:\/\/soymigrante.com\/revista\/quetzaltenango-500-15-datos-que-quiza-ya-sabias-o-tal-vez-no\/\">Xela <\/a>entren\u00e9 con Remigio Chihuil, que en paz descanse. Y ya despu\u00e9s me mov\u00ed para <a href=\"https:\/\/soymigrante.com\/revista\/dia-del-guatemalteco-en-los-angeles-conoce-a-los-homenajeados-2025\/\">Los \u00c1ngeles<\/a>\u00a0(1993).\u00a0<\/p>\t\t\t\t\t\t\t\t<\/div>\n\t\t\t\t\t<\/div>\n\t\t\t\t<\/div>\n\t\t<div data-particle_enable=\"false\" data-particle-mobile-disabled=\"false\" class=\"elementor-element elementor-element-13a4a8f e-flex e-con-boxed e-con e-parent\" data-id=\"13a4a8f\" data-element_type=\"container\" data-e-type=\"container\">\n\t\t\t\t\t<div class=\"e-con-inner\">\n\t\t\t\t<div class=\"elementor-element elementor-element-6074166 elementor-widget elementor-widget-html\" data-id=\"6074166\" data-element_type=\"widget\" data-e-type=\"widget\" data-widget_type=\"html.default\">\n\t\t\t\t\t<iframe src=\"https:\/\/www.facebook.com\/plugins\/video.php?height=476&href=https%3A%2F%2Fwww.facebook.com%2Festella.dieguez%2Fvideos%2F811872955186660%2F&show_text=true&width=267&t=340\" width=\"267\" height=\"591\" style=\"border:none;overflow:hidden\" scrolling=\"no\" frameborder=\"0\" allowfullscreen=\"true\" allow=\"autoplay; clipboard-write; encrypted-media; picture-in-picture; web-share\" allowFullScreen=\"true\"><\/iframe>\t\t\t\t<\/div>\n\t\t\t\t\t<\/div>\n\t\t\t\t<\/div>\n\t\t<div data-particle_enable=\"false\" data-particle-mobile-disabled=\"false\" class=\"elementor-element elementor-element-57adb6a e-flex e-con-boxed e-con e-parent\" data-id=\"57adb6a\" data-element_type=\"container\" data-e-type=\"container\">\n\t\t\t\t\t<div class=\"e-con-inner\">\n\t\t\t\t<div class=\"elementor-element elementor-element-8fce817 elementor-widget elementor-widget-text-editor\" data-id=\"8fce817\" data-element_type=\"widget\" data-e-type=\"widget\" data-widget_type=\"text-editor.default\">\n\t\t\t\t\t\t\t\t\t<p><span style=\"color: #000000; font-family: Mulish, sans-serif; font-size: 29px; font-weight: bold;\">Migrar sin mapa, pero con un objetivo<\/span><\/p><p>Cuando lleg\u00f3 a Estados Unidos, Esa\u00fa no dimensionaba a\u00fan el peso de la vida migrante. \u201cYo no sab\u00eda que hab\u00eda que pagar renta, billes, transporte\u2026 pens\u00e9 que iba a ser como en Guatemala\u201d, confiesa.\u00a0 En Los \u00c1ngeles trabaj\u00f3 en una f\u00e1brica de costura con sus primos, pero su mente estaba en el gimnasio. \u201cCualquier oportunidad que ten\u00eda para escaparme de la f\u00e1brica, yo me iba a entrenar\u201d.<\/p><p>Pronto descubri\u00f3 el lado crudo del boxeo profesional. \u201cEs un deporte, pero tambi\u00e9n es un negocio\u201d, dice, al recordar entrenadores que solo se interesaban en el porcentaje econ\u00f3mico. \u201cNo les importaba contra qui\u00e9n yo iba a pelear\u2026 solo quer\u00edan cobrar\u201d.\u00a0<\/p><p>Aquella <a href=\"https:\/\/soymigrante.com\/revista\/como-mantener-serenidad-en-la-adversidad-estrategias-clave\/\">adversidad <\/a>fue complicada de superar pero al final gener\u00f3 aprendizaje: \u201cGracias a Dios pas\u00e9 por eso, porque ahora cuido a mis peleadores y no permito que pasen por lo que yo pas\u00e9\u201d\u00a0<\/p>\t\t\t\t\t\t\t\t<\/div>\n\t\t\t\t\t<\/div>\n\t\t\t\t<\/div>\n\t\t<div data-particle_enable=\"false\" data-particle-mobile-disabled=\"false\" class=\"elementor-element elementor-element-4ec75fc e-flex e-con-boxed e-con e-parent\" data-id=\"4ec75fc\" data-element_type=\"container\" data-e-type=\"container\">\n\t\t\t\t\t<div class=\"e-con-inner\">\n\t\t\t\t<div class=\"elementor-element elementor-element-39de0bb elementor-widget elementor-widget-image\" data-id=\"39de0bb\" data-element_type=\"widget\" data-e-type=\"widget\" data-widget_type=\"image.default\">\n\t\t\t\t\t\t\t\t\t\t\t\t<figure class=\"wp-caption\">\n\t\t\t\t\t\t\t\t\t\t<img decoding=\"async\" width=\"686\" height=\"1024\" src=\"https:\/\/soymigrante.com\/revista\/wp-content\/uploads\/2026\/01\/ESAU-DIGUEZ-JUNTO-A-LESTER-MARTINEZ-686x1024.jpg\" class=\"attachment-large size-large wp-image-51196\" alt=\"De paisano a paisano: Esa\u00fa Di\u00e9guez ha aportado sus consejos, conocimiento y experiencia al pugilista guatemalteco Lester Mart\u00ednez. &quot;Es un gran talento, trabaja duro y lleva a Guatemala en el coraz\u00f3n&quot;.\" srcset=\"https:\/\/soymigrante.com\/revista\/wp-content\/uploads\/2026\/01\/ESAU-DIGUEZ-JUNTO-A-LESTER-MARTINEZ-686x1024.jpg 686w, https:\/\/soymigrante.com\/revista\/wp-content\/uploads\/2026\/01\/ESAU-DIGUEZ-JUNTO-A-LESTER-MARTINEZ-201x300.jpg 201w, https:\/\/soymigrante.com\/revista\/wp-content\/uploads\/2026\/01\/ESAU-DIGUEZ-JUNTO-A-LESTER-MARTINEZ-768x1146.jpg 768w, https:\/\/soymigrante.com\/revista\/wp-content\/uploads\/2026\/01\/ESAU-DIGUEZ-JUNTO-A-LESTER-MARTINEZ-1029x1536.jpg 1029w, https:\/\/soymigrante.com\/revista\/wp-content\/uploads\/2026\/01\/ESAU-DIGUEZ-JUNTO-A-LESTER-MARTINEZ-750x1120.jpg 750w, https:\/\/soymigrante.com\/revista\/wp-content\/uploads\/2026\/01\/ESAU-DIGUEZ-JUNTO-A-LESTER-MARTINEZ-1140x1702.jpg 1140w, https:\/\/soymigrante.com\/revista\/wp-content\/uploads\/2026\/01\/ESAU-DIGUEZ-JUNTO-A-LESTER-MARTINEZ.jpg 1372w\" sizes=\"(max-width: 686px) 100vw, 686px\" title=\"De paisano a paisano: Esa\u00fa Di\u00e9guez ha aportado sus consejos, conocimiento y experiencia al pugilista guatemalteco Lester Mart\u00ednez. &quot;Es un gran talento, trabaja duro y lleva a Guatemala en el coraz\u00f3n&quot;. \u2013 SoyMigrante.com REVISTA\" \/>\t\t\t\t\t\t\t\t\t\t\t<figcaption class=\"widget-image-caption wp-caption-text\">De paisano a paisano: Esa\u00fa Di\u00e9guez ha aportado sus consejos, conocimiento y experiencia al pugilista guatemalteco Lester Mart\u00ednez. \"Es un gran talento, trabaja duro y lleva a Guatemala en el coraz\u00f3n\". <\/figcaption>\n\t\t\t\t\t\t\t\t\t\t<\/figure>\n\t\t\t\t\t\t\t\t\t<\/div>\n\t\t\t\t\t<\/div>\n\t\t\t\t<\/div>\n\t\t<div data-particle_enable=\"false\" data-particle-mobile-disabled=\"false\" class=\"elementor-element elementor-element-9004291 e-flex e-con-boxed e-con e-parent\" data-id=\"9004291\" data-element_type=\"container\" data-e-type=\"container\">\n\t\t\t\t\t<div class=\"e-con-inner\">\n\t\t\t\t<div class=\"elementor-element elementor-element-806ec7c elementor-widget elementor-widget-text-editor\" data-id=\"806ec7c\" data-element_type=\"widget\" data-e-type=\"widget\" data-widget_type=\"text-editor.default\">\n\t\t\t\t\t\t\t\t\t<p><span style=\"color: #000000; font-family: Mulish, sans-serif; font-size: 29px; font-weight: bold;\">Dejar de pelear para empezar a formar<\/span><\/p><p>En 1999, Esa\u00fa se mud\u00f3 a Omaha, <a href=\"https:\/\/soymigrante.com\/revista\/hermanas-migrantes-guatemaltecas-reciben-premio-por-aportes-en-nebraska\/\">Nebraska<\/a>. Entr\u00f3 a un gimnasio pero vio algo distinto: \u201cHab\u00eda muchos muchachos y muy pocos entrenadores\u201d. Tom\u00f3 una decisi\u00f3n que cambiar\u00eda su vida. \u201cLe dije al entrenador que me ayudara a sacar mi licencia y yo lo iba a ayudar\u201d. Empez\u00f3 como asistente y luego como coach. El objetivo era simple: \u201cAyudar a los ni\u00f1os, sacarlos de los vicios\u201d.\u00a0<\/p><p>Pero su mentalidad competitiva nunca se fue. \u201cDije: voy a ser uno de los mejores entrenadores de la ciudad, luego del Estado\u2026 y ahora gracias a Dios nos hemos codeado con los mejores del mundo\u201d.\u00a0<\/p><p>Cuando Esa\u00fa lleg\u00f3 al gimnasio de <a href=\"https:\/\/es.wikipedia.org\/wiki\/Omaha_(Nebraska)\">Omaha <\/a>en el a\u00f1o 2000, entre los adolescentes estaba un joven llamado Terence Crawford. \u201cTen\u00eda como 14 o 15 a\u00f1os\u2026 cuando yo me hice entrenador, \u00e9l estaba entre los ni\u00f1os que yo ayudaba y con el tiempo, al hacerse profesional, me dijo: Esa\u00fa, quiero que est\u00e9s en mi esquina. Le gustaba la forma en que yo entrenaba\u201d.\u00a0\u00a0<\/p><p>Esa relaci\u00f3n acompa\u00f1\u00f3 a Crawford hasta convertirse en uno de los mejores boxeadores libra por libra del mundo: con Esa\u00fa Di\u00e9guez en su esquina, <a href=\"https:\/\/www.youtube.com\/watch?v=D33ID3DSNEA\">derrot\u00f3 al mism\u00edsimo Canelo Alvarez el 13 de septiembre\u00a0 2025.\u00a0<\/a><\/p>\t\t\t\t\t\t\t\t<\/div>\n\t\t\t\t\t<\/div>\n\t\t\t\t<\/div>\n\t\t<div data-particle_enable=\"false\" data-particle-mobile-disabled=\"false\" class=\"elementor-element elementor-element-6f2aff1 e-flex e-con-boxed e-con e-parent\" data-id=\"6f2aff1\" data-element_type=\"container\" data-e-type=\"container\">\n\t\t\t\t\t<div class=\"e-con-inner\">\n\t\t\t\t<div class=\"elementor-element elementor-element-f360b18 elementor-widget elementor-widget-image\" data-id=\"f360b18\" data-element_type=\"widget\" data-e-type=\"widget\" data-widget_type=\"image.default\">\n\t\t\t\t\t\t\t\t\t\t\t\t<figure class=\"wp-caption\">\n\t\t\t\t\t\t\t\t\t\t<img decoding=\"async\" width=\"720\" height=\"481\" src=\"https:\/\/soymigrante.com\/revista\/wp-content\/uploads\/2026\/01\/esau-dieguez-guatemalteco-terrence-crawford-1.jpg\" class=\"attachment-large size-large wp-image-51198\" alt=\"&quot;20 a\u00f1os no es nada&quot; dice la canci\u00f3n, pero s\u00ed son mucho. En esta fotograf\u00eda aparece Esa\u00fa Di\u00e9guez, de camina roja, junto a varios j\u00f3venes a los que entrenaba en boxeo para mantenerlos libres de riesgos en la calle. Entre ellos est\u00e1 un joven Terrence Crawford, se\u00f1alado con una flecha. Fotograf\u00eda en Omaha, Nebraska. Los pupilos de Di\u00e9guez muestran sus trofeos.\" srcset=\"https:\/\/soymigrante.com\/revista\/wp-content\/uploads\/2026\/01\/esau-dieguez-guatemalteco-terrence-crawford-1.jpg 720w, https:\/\/soymigrante.com\/revista\/wp-content\/uploads\/2026\/01\/esau-dieguez-guatemalteco-terrence-crawford-1-300x200.jpg 300w\" sizes=\"(max-width: 720px) 100vw, 720px\" title=\"&quot;20 a\u00f1os no es nada&quot; dice la canci\u00f3n, pero s\u00ed son mucho. En esta fotograf\u00eda aparece Esa\u00fa Di\u00e9guez, de camina roja, junto a varios j\u00f3venes a los que entrenaba en boxeo para mantenerlos libres de  riesgos en la calle. Entre ellos est\u00e1 un joven Terrence Crawford,  se\u00f1alado con una flecha. Fotograf\u00eda en Omaha, Nebraska. Los pupilos de Di\u00e9guez muestran sus trofeos. \u2013 SoyMigrante.com REVISTA\" \/>\t\t\t\t\t\t\t\t\t\t\t<figcaption class=\"widget-image-caption wp-caption-text\">\"20 a\u00f1os no es nada\" dice la canci\u00f3n, pero s\u00ed son mucho. En esta fotograf\u00eda aparece Esa\u00fa Di\u00e9guez, de camina roja, junto a varios j\u00f3venes a los que entrenaba en boxeo para mantenerlos libres de  riesgos en la calle. Entre ellos est\u00e1 un joven Terrence Crawford,  se\u00f1alado con una flecha. Fotograf\u00eda en Omaha, Nebraska. Los pupilos de Di\u00e9guez muestran sus trofeos.<\/figcaption>\n\t\t\t\t\t\t\t\t\t\t<\/figure>\n\t\t\t\t\t\t\t\t\t<\/div>\n\t\t\t\t\t<\/div>\n\t\t\t\t<\/div>\n\t\t<div data-particle_enable=\"false\" data-particle-mobile-disabled=\"false\" class=\"elementor-element elementor-element-d1141a6 e-flex e-con-boxed e-con e-parent\" data-id=\"d1141a6\" data-element_type=\"container\" data-e-type=\"container\">\n\t\t\t\t\t<div class=\"e-con-inner\">\n\t\t\t\t<div class=\"elementor-element elementor-element-bf1daeb elementor-widget elementor-widget-text-editor\" data-id=\"bf1daeb\" data-element_type=\"widget\" data-e-type=\"widget\" data-widget_type=\"text-editor.default\">\n\t\t\t\t\t\t\t\t\t<p><span style=\"color: #000000; font-family: Mulish, sans-serif; font-size: 29px; font-weight: bold;\">Disciplina antes que romanticismo<\/span><\/p><p>Esa\u00fa nunca promete caminos f\u00e1ciles. A sus peleadores les habla con franqueza. \u201cPrimero hay que decidir qu\u00e9 queremos en la vida, y despu\u00e9s actuar\u201d, repite como principio central. &#8220;En el boxeo nada viene f\u00e1cil, no hay atajos: dieta estricta, dolor, <a href=\"https:\/\/soymigrante.com\/revista\/cual-es-el-gran-valor-del-migrante-asi-lo-expresan-migrantes-guatemaltecos\/\">sacrificio <\/a>y constancia&#8221;.\u00a0<\/p><p>&#8220;Cuando se quejan de lo fuerte de esta vida, les digo: yo no te fui a llamar, vos solito llegaste\u2026 <a href=\"https:\/\/soymigrante.com\/revista\/otras-20-palabras-chapinas-que-solo-un-guatemalteco-reconoce\/\">como decimos los chapines<\/a>: hacele huevos\u201d, explica, combinando dureza y cercan\u00eda. Para Esa\u00fa entrenar duro es una forma de evitar arrepentimientos: \u201cPara que ma\u00f1ana no diga \u2018hubiera hecho aquello o hubiera entrenado m\u00e1s\u2019\u201d.<\/p><p>Al preguntarle sobre c\u00f3mo instruye a los peleadores para manejar las derrotas dice: &#8220;Algunos tienen un esp\u00edritu de triunfo tan fuerte, que con una derrota se quedan en el camino. Hay que saber llevar los golpes de la vida, levantarse y seguir. Y tambi\u00e9n, los triunfos, no deben inflar el ego, ni menos a\u00fan llevar a descuidar tu condici\u00f3n f\u00edsica o mental&#8221;.<\/p><p>\u00a0Esto incluye una rigurosa dieta desde seis meses antes de una pelea. &#8220;No tienen que comer carnes rojas, solo pollito, pavo. Pero he visto casos de boxeadores que fallan una sola vez a la dieta, se les antoja un churrasco, y pierden&#8221;.<\/p><p>Sobre sus m\u00e9todos de correcci\u00f3n dice: &#8220;Yo respeto a todos mis colegas, cada quien tiene su estilo. Pero yo no soy de decir malas palabras. Con buen lenguaje le puedes llamar la atenci\u00f3n a un boxeador que no est\u00e1 cumpliendo la exigencia, que no est\u00e1 entrenando bien. Al final a quien van a golpear es a vos, les digo&#8221;.<\/p>\t\t\t\t\t\t\t\t<\/div>\n\t\t\t\t\t<\/div>\n\t\t\t\t<\/div>\n\t\t<div data-particle_enable=\"false\" data-particle-mobile-disabled=\"false\" class=\"elementor-element elementor-element-0e0ad78 e-flex e-con-boxed e-con e-parent\" data-id=\"0e0ad78\" data-element_type=\"container\" data-e-type=\"container\">\n\t\t\t\t\t<div class=\"e-con-inner\">\n\t\t\t\t<div class=\"elementor-element elementor-element-6fba281 elementor-widget elementor-widget-html\" data-id=\"6fba281\" data-element_type=\"widget\" data-e-type=\"widget\" data-widget_type=\"html.default\">\n\t\t\t\t\t<iframe width=\"560\" height=\"415\" src=\"https:\/\/www.youtube.com\/embed\/RlsvCZtE17I?si=RdZxHy_3TqI5Dxuk\" title=\"YouTube video player\" frameborder=\"0\" allow=\"accelerometer; autoplay; clipboard-write; encrypted-media; gyroscope; picture-in-picture; web-share\" referrerpolicy=\"strict-origin-when-cross-origin\" allowfullscreen><\/iframe>\t\t\t\t<\/div>\n\t\t\t\t\t<\/div>\n\t\t\t\t<\/div>\n\t\t<div data-particle_enable=\"false\" data-particle-mobile-disabled=\"false\" class=\"elementor-element elementor-element-33ab2a7 e-flex e-con-boxed e-con e-parent\" data-id=\"33ab2a7\" data-element_type=\"container\" data-e-type=\"container\">\n\t\t\t\t\t<div class=\"e-con-inner\">\n\t\t\t\t<div class=\"elementor-element elementor-element-9258b3f elementor-widget elementor-widget-text-editor\" data-id=\"9258b3f\" data-element_type=\"widget\" data-e-type=\"widget\" data-widget_type=\"text-editor.default\">\n\t\t\t\t\t\t\t\t\t<p><span style=\"color: #000000; font-family: Mulish, sans-serif; font-size: 29px; font-weight: bold;\">El sue\u00f1o sigue siendo guatemalteco<\/span><\/p><p>Hoy, desde su gimnasio en Omaha, Esa\u00fa Di\u00e9guez mantiene intacta la ilusi\u00f3n que lo acompa\u00f1\u00f3 desde Barillas. \u201cMi sue\u00f1o y gran objetivo del 2026 es tener el primer campe\u00f3n mundial\u201d, afirma. Ese sue\u00f1o hoy se proyecta en <a href=\"https:\/\/es.wikipedia.org\/wiki\/Lester_Mart%C3%ADnez\">Lester Mart\u00ednez, boxeador guatemaltec<\/a>o al que acompa\u00f1a en su preparaci\u00f3n rumbo a una oportunidad mundialista. Lester tiene su equipo, pero desde 2025, junto a Crawford lo han apoyado.\u00a0<\/p><p>Pero su ambici\u00f3n va m\u00e1s all\u00e1 de un cintur\u00f3n. \u201cQuiero dejar un legado, un ejemplo para las generaciones que vienen atr\u00e1s\u201d, dice. Y ese legado no solo se construye en el ring, sino tambi\u00e9n en el hogar, en los viajes de regreso al pueblo, en las manos de sus hijas repartiendo comida y aprendiendo que el \u00e9xito solo tiene sentido cuando se comparte.\u00a0<\/p><p>Esa\u00fa Di\u00e9guez no fue campe\u00f3n mundial con los pu\u00f1os. Pero pelea todos los d\u00edas para que otro lo sea, y mejor a\u00fan si es un compatriota guatemalteco.\u00a0<\/p>\t\t\t\t\t\t\t\t<\/div>\n\t\t\t\t\t<\/div>\n\t\t\t\t<\/div>\n\t\t<div data-particle_enable=\"false\" data-particle-mobile-disabled=\"false\" class=\"elementor-element elementor-element-e297595 e-flex e-con-boxed e-con e-parent\" data-id=\"e297595\" data-element_type=\"container\" data-e-type=\"container\">\n\t\t\t\t\t<div class=\"e-con-inner\">\n\t\t\t\t<div class=\"elementor-element elementor-element-67877b9 elementor-widget elementor-widget-image\" data-id=\"67877b9\" data-element_type=\"widget\" data-e-type=\"widget\" data-widget_type=\"image.default\">\n\t\t\t\t\t\t\t\t\t\t\t\t<figure class=\"wp-caption\">\n\t\t\t\t\t\t\t\t\t\t<img loading=\"lazy\" decoding=\"async\" width=\"768\" height=\"1024\" src=\"https:\/\/soymigrante.com\/revista\/wp-content\/uploads\/2026\/01\/esau-dieguez-boxeador-y-entrenador-guatemalteco-en-omaha-nebraska-768x1024.jpg\" class=\"attachment-large size-large wp-image-51199\" alt=\"Esa\u00fa Di\u00e9guez en el Cerro de la Cruz de Antigua Guatemala, durante su reciente estad\u00eda en Guatemala en diciembre. Su confianza en Dios es su gran secreto, porque en sus manos pone todo su trabajo, esfuerzos y grandes sue\u00f1os.\" srcset=\"https:\/\/soymigrante.com\/revista\/wp-content\/uploads\/2026\/01\/esau-dieguez-boxeador-y-entrenador-guatemalteco-en-omaha-nebraska-768x1024.jpg 768w, https:\/\/soymigrante.com\/revista\/wp-content\/uploads\/2026\/01\/esau-dieguez-boxeador-y-entrenador-guatemalteco-en-omaha-nebraska-225x300.jpg 225w, https:\/\/soymigrante.com\/revista\/wp-content\/uploads\/2026\/01\/esau-dieguez-boxeador-y-entrenador-guatemalteco-en-omaha-nebraska-1152x1536.jpg 1152w, https:\/\/soymigrante.com\/revista\/wp-content\/uploads\/2026\/01\/esau-dieguez-boxeador-y-entrenador-guatemalteco-en-omaha-nebraska-750x1000.jpg 750w, https:\/\/soymigrante.com\/revista\/wp-content\/uploads\/2026\/01\/esau-dieguez-boxeador-y-entrenador-guatemalteco-en-omaha-nebraska-1140x1520.jpg 1140w, https:\/\/soymigrante.com\/revista\/wp-content\/uploads\/2026\/01\/esau-dieguez-boxeador-y-entrenador-guatemalteco-en-omaha-nebraska.jpg 1536w\" sizes=\"(max-width: 768px) 100vw, 768px\" title=\"Esa\u00fa Di\u00e9guez en el Cerro de la Cruz de Antigua Guatemala, durante su reciente estad\u00eda en Guatemala en diciembre. Su confianza en Dios es su gran secreto, porque en sus manos pone todo su trabajo, esfuerzos y grandes sue\u00f1os. \u2013 SoyMigrante.com REVISTA\" \/>\t\t\t\t\t\t\t\t\t\t\t<figcaption class=\"widget-image-caption wp-caption-text\">Esa\u00fa Di\u00e9guez en el Cerro de la Cruz de Antigua Guatemala, durante su reciente estad\u00eda en Guatemala en diciembre. Su confianza en Dios es su gran secreto, porque en sus manos pone todo su trabajo, esfuerzos y grandes sue\u00f1os. <\/figcaption>\n\t\t\t\t\t\t\t\t\t\t<\/figure>\n\t\t\t\t\t\t\t\t\t<\/div>\n\t\t\t\t\t<\/div>\n\t\t\t\t<\/div>\n\t\t<div data-particle_enable=\"false\" data-particle-mobile-disabled=\"false\" class=\"elementor-element elementor-element-543b79b e-flex e-con-boxed e-con e-parent\" data-id=\"543b79b\" data-element_type=\"container\" data-e-type=\"container\">\n\t\t\t\t\t<div class=\"e-con-inner\">\n\t\t\t\t<div class=\"elementor-element elementor-element-f92ed8f elementor-widget elementor-widget-heading\" data-id=\"f92ed8f\" data-element_type=\"widget\" data-e-type=\"widget\" data-widget_type=\"heading.default\">\n\t\t\t\t\t<h2 class=\"elementor-heading-title elementor-size-default\">M\u00e1s historias de esfuerzo y lucha migrante<\/h2>\t\t\t\t<\/div>\n\t\t\t\t\t<\/div>\n\t\t\t\t<\/div>\n\t\t<div data-particle_enable=\"false\" data-particle-mobile-disabled=\"false\" class=\"elementor-element elementor-element-9855151 e-flex e-con-boxed e-con e-parent\" data-id=\"9855151\" data-element_type=\"container\" data-e-type=\"container\">\n\t\t\t\t\t<div class=\"e-con-inner\">\n\t\t\t\t<div class=\"elementor-element elementor-element-9c3acbd elementor-grid-eael-col-3 elementor-grid-tablet-eael-col-2 elementor-grid-mobile-eael-col-1 elementor-widget elementor-widget-eael-post-grid\" data-id=\"9c3acbd\" data-element_type=\"widget\" data-e-type=\"widget\" data-settings=\"{&quot;eael_post_grid_columns&quot;:&quot;eael-col-3&quot;,&quot;eael_post_grid_columns_tablet&quot;:&quot;eael-col-2&quot;,&quot;eael_post_grid_columns_mobile&quot;:&quot;eael-col-1&quot;}\" data-widget_type=\"eael-post-grid.default\">\n\t\t\t\t\t<div id=\"eael-post-grid-9c3acbd\" class=\"eael-post-grid-container\">\n            <div class=\"eael-post-grid eael-post-appender eael-post-appender-9c3acbd eael-post-grid-style-one\" data-layout-mode=\"masonry\"><article class=\"eael-grid-post  eael-post-grid-column eael-pg-post-7408 category-exitos\" data-id=\"7408\">\n        <div class=\"eael-grid-post-holder\">\n            <div class=\"eael-grid-post-holder-inner\"><div class=\"eael-entry-media\"><div class=\"eael-entry-overlay fade-in\"><i class=\"far fa-hand-pointer\" aria-hidden=\"true\"><\/i><a href=\"https:\/\/soymigrante.com\/revista\/guatemalteco-lidera-a-miles-de-trabajadores-de-entrega-a-domicilio-en-ny\/\"><\/a><\/div><div class=\"eael-entry-thumbnail eael-image-ratio\">\n                <img loading=\"lazy\" decoding=\"async\" width=\"333\" height=\"333\" src=\"https:\/\/soymigrante.com\/revista\/wp-content\/uploads\/2024\/07\/gustavo-ajche-2-1.webp\" class=\"attachment-large size-large wp-image-7461\" alt=\"Hombre joven con casco de bicicleta en calle urbana, mostrando actitud positiva y segura, promoviendo la movilidad y el activismo social en comunidades urbanas en Am\u00e9rica Latina.\" srcset=\"https:\/\/soymigrante.com\/revista\/wp-content\/uploads\/2024\/07\/gustavo-ajche-2-1.webp 333w, https:\/\/soymigrante.com\/revista\/wp-content\/uploads\/2024\/07\/gustavo-ajche-2-1-300x300.webp 300w, https:\/\/soymigrante.com\/revista\/wp-content\/uploads\/2024\/07\/gustavo-ajche-2-1-150x150.webp 150w, https:\/\/soymigrante.com\/revista\/wp-content\/uploads\/2024\/07\/gustavo-ajche-2-1-75x75.webp 75w\" sizes=\"(max-width: 333px) 100vw, 333px\" \/>\n            <\/div>\n        <\/div><div class=\"eael-entry-wrapper\"><header class=\"eael-entry-header\"><h2 class=\"eael-entry-title\"><a class=\"eael-grid-post-link\" href=\"https:\/\/soymigrante.com\/revista\/guatemalteco-lidera-a-miles-de-trabajadores-de-entrega-a-domicilio-en-ny\/\" title=\"Guatemalteco Gustavo Ajch\u00e9 lidera a miles de trabajadores de entrega a domicilio en New York\">Guatemalteco Gustavo Ajch\u00e9 lidera a miles de trabajadores de entrega a domicilio en New York<\/a><\/h2><\/header><div class=\"eael-entry-content\">\n                        <div class=\"eael-grid-post-excerpt\"><a href=\"https:\/\/soymigrante.com\/revista\/guatemalteco-lidera-a-miles-de-trabajadores-de-entrega-a-domicilio-en-ny\/\" class=\"eael-post-elements-readmore-btn\">CONOCE SU HISTORIA <\/a><\/div>\n                    <\/div><\/div><\/div>\n        <\/div>\n    <\/article><article class=\"eael-grid-post  eael-post-grid-column eael-pg-post-42218 category-exitos-guatemala\" data-id=\"42218\">\n        <div class=\"eael-grid-post-holder\">\n            <div class=\"eael-grid-post-holder-inner\"><div class=\"eael-entry-media\"><div class=\"eael-entry-overlay fade-in\"><i class=\"far fa-hand-pointer\" aria-hidden=\"true\"><\/i><a href=\"https:\/\/soymigrante.com\/revista\/asi-logro-seguir-tejiendo-en-new-jersey-el-migrante-armando-sosa-de-salcaja\/\"><\/a><\/div><div class=\"eael-entry-thumbnail eael-image-ratio\">\n                <img loading=\"lazy\" decoding=\"async\" width=\"1024\" height=\"1024\" src=\"https:\/\/soymigrante.com\/revista\/wp-content\/uploads\/2025\/08\/migrante-armando-sosa-salcaja-tejedor-new-jersey-1-1024x1024.jpg\" class=\"attachment-large size-large wp-image-42219\" alt=\"Artesano fabricando muebles de madera en taller tradicional, experto en carpinter\u00eda con herramientas manuales y dise\u00f1o artesanal, promoviendo la cultura del mueble en comunidad local.\" srcset=\"https:\/\/soymigrante.com\/revista\/wp-content\/uploads\/2025\/08\/migrante-armando-sosa-salcaja-tejedor-new-jersey-1-1024x1024.jpg 1024w, https:\/\/soymigrante.com\/revista\/wp-content\/uploads\/2025\/08\/migrante-armando-sosa-salcaja-tejedor-new-jersey-1-300x300.jpg 300w, https:\/\/soymigrante.com\/revista\/wp-content\/uploads\/2025\/08\/migrante-armando-sosa-salcaja-tejedor-new-jersey-1-150x150.jpg 150w, https:\/\/soymigrante.com\/revista\/wp-content\/uploads\/2025\/08\/migrante-armando-sosa-salcaja-tejedor-new-jersey-1-768x768.jpg 768w, https:\/\/soymigrante.com\/revista\/wp-content\/uploads\/2025\/08\/migrante-armando-sosa-salcaja-tejedor-new-jersey-1-1536x1536.jpg 1536w, https:\/\/soymigrante.com\/revista\/wp-content\/uploads\/2025\/08\/migrante-armando-sosa-salcaja-tejedor-new-jersey-1-75x75.webp 75w, https:\/\/soymigrante.com\/revista\/wp-content\/uploads\/2025\/08\/migrante-armando-sosa-salcaja-tejedor-new-jersey-1-750x750.webp 750w, https:\/\/soymigrante.com\/revista\/wp-content\/uploads\/2025\/08\/migrante-armando-sosa-salcaja-tejedor-new-jersey-1-1140x1140.webp 1140w, https:\/\/soymigrante.com\/revista\/wp-content\/uploads\/2025\/08\/migrante-armando-sosa-salcaja-tejedor-new-jersey-1.webp 1550w\" sizes=\"(max-width: 1024px) 100vw, 1024px\" \/>\n            <\/div>\n        <\/div><div class=\"eael-entry-wrapper\"><header class=\"eael-entry-header\"><h2 class=\"eael-entry-title\"><a class=\"eael-grid-post-link\" href=\"https:\/\/soymigrante.com\/revista\/asi-logro-seguir-tejiendo-en-new-jersey-el-migrante-armando-sosa-de-salcaja\/\" title=\"As\u00ed logr\u00f3 seguir tejiendo en New Jersey el migrante Armando Sosa originario de Salcaj\u00e1\">As\u00ed logr\u00f3 seguir tejiendo en New Jersey el migrante Armando Sosa originario de Salcaj\u00e1<\/a><\/h2><\/header><div class=\"eael-entry-content\">\n                        <div class=\"eael-grid-post-excerpt\"><a href=\"https:\/\/soymigrante.com\/revista\/asi-logro-seguir-tejiendo-en-new-jersey-el-migrante-armando-sosa-de-salcaja\/\" class=\"eael-post-elements-readmore-btn\">CONOCE SU HISTORIA <\/a><\/div>\n                    <\/div><\/div><\/div>\n        <\/div>\n    <\/article><article class=\"eael-grid-post  eael-post-grid-column eael-pg-post-50965 category-lugar-de-voces\" data-id=\"50965\">\n        <div class=\"eael-grid-post-holder\">\n            <div class=\"eael-grid-post-holder-inner\"><div class=\"eael-entry-media\"><div class=\"eael-entry-overlay fade-in\"><i class=\"far fa-hand-pointer\" aria-hidden=\"true\"><\/i><a href=\"https:\/\/soymigrante.com\/revista\/somos-gente-de-trabajo-familia-y-fe-emotivo-mensaje-de-migrante-guatemalteco-en-minesota\/\"><\/a><\/div><div class=\"eael-entry-thumbnail eael-image-ratio\">\n                <img loading=\"lazy\" decoding=\"async\" width=\"421\" height=\"416\" src=\"https:\/\/soymigrante.com\/revista\/wp-content\/uploads\/2026\/01\/ddfdfdf-19.png\" class=\"attachment-large size-large wp-image-50973\" alt=\"Mensaje de dignidad migrante del emprendedor guatemalteco Wilber de la Rosa\" srcset=\"https:\/\/soymigrante.com\/revista\/wp-content\/uploads\/2026\/01\/ddfdfdf-19.png 421w, https:\/\/soymigrante.com\/revista\/wp-content\/uploads\/2026\/01\/ddfdfdf-19-300x296.png 300w, https:\/\/soymigrante.com\/revista\/wp-content\/uploads\/2026\/01\/ddfdfdf-19-75x75.png 75w\" sizes=\"(max-width: 421px) 100vw, 421px\" \/>\n            <\/div>\n        <\/div><div class=\"eael-entry-wrapper\"><header class=\"eael-entry-header\"><h2 class=\"eael-entry-title\"><a class=\"eael-grid-post-link\" href=\"https:\/\/soymigrante.com\/revista\/somos-gente-de-trabajo-familia-y-fe-emotivo-mensaje-de-migrante-guatemalteco-en-minesota\/\" title=\"&#8220;Somos gente de trabajo, familia y fe&#8221;: emotivo mensaje de migrante guatemalteco en Minesota\">&#8220;Somos gente de trabajo, familia y fe&#8221;: emotivo mensaje de migrante guatemalteco en Minesota<\/a><\/h2><\/header><div class=\"eael-entry-content\">\n                        <div class=\"eael-grid-post-excerpt\"><a href=\"https:\/\/soymigrante.com\/revista\/somos-gente-de-trabajo-familia-y-fe-emotivo-mensaje-de-migrante-guatemalteco-en-minesota\/\" class=\"eael-post-elements-readmore-btn\">CONOCE SU HISTORIA <\/a><\/div>\n                    <\/div><\/div><\/div>\n        <\/div>\n    <\/article><\/div>\n            <div class=\"clearfix\"><\/div>\n        <\/div>\t\t\t\t<\/div>\n\t\t\t\t\t<\/div>\n\t\t\t\t<\/div>\n\t\t\t\t<\/div>\n\t\t","protected":false},"excerpt":{"rendered":"<p>Esa\u00fa Di\u00e9guez ha sido entrenador de Terrence Crawford y del guatemalteco Lester Mart\u00ednez. Tiene su gimnasio en Omaha, Nebraska pero nunca se olvida de su natal San Miguel Acat\u00e1n o de Barillas, donde creci\u00f3, en Huehuetenango. Esta es su historia. A los 20 a\u00f1os lleg\u00f3 Esa\u00fa Di\u00e9guez a Estados Unidos con el sue\u00f1o de ser [&hellip;]<\/p>\n","protected":false},"author":7,"featured_media":51185,"comment_status":"open","ping_status":"open","sticky":false,"template":"","format":"standard","meta":{"_acf_changed":false,"_eb_attr":"","footnotes":""},"categories":[50,274],"tags":[],"class_list":["post-51181","post","type-post","status-publish","format-standard","has-post-thumbnail","hentry","category-exitos","category-guatemala"],"acf":[],"aioseo_notices":[],"aioseo_head":"\n\t\t<!-- All in One SEO Pro 4.9.6.2 - aioseo.com -->\n\t<meta name=\"description\" content=\"&quot;Somos gente de trabajo, de familia y de fe&quot;: escribe emprendedor guatemalteco Wilber de la Rosa en el cual subraya la dignidad de todo migrante.\" \/>\n\t<meta name=\"robots\" content=\"max-snippet:-1, max-image-preview:large, max-video-preview:-1\" \/>\n\t<meta name=\"author\" content=\"SoyMigrante.com REVISTA\"\/>\n\t<link rel=\"canonical\" href=\"https:\/\/soymigrante.com\/revista\/somos-gente-de-trabajo-familia-y-fe-emotivo-mensaje-de-migrante-guatemalteco-en-minesota\/\" \/>\n\t<meta name=\"generator\" content=\"All in One SEO Pro (AIOSEO) 4.9.6.2\" \/>\n\n\t\t<link rel=\"preconnect\" href=\"https:\/\/fonts.googleapis.com\" crossorigin>\n<link rel=\"preconnect\" href=\"https:\/\/fonts.gstatic.com\" crossorigin>\n\t\t<meta property=\"og:locale\" content=\"es_ES\" \/>\n\t\t<meta property=\"og:site_name\" content=\"SoyMigrante.com REVISTA \u2013 Nuestra misi\u00f3n es reconocer y dignificar al migrante.\" \/>\n\t\t<meta property=\"og:type\" content=\"article\" \/>\n\t\t<meta property=\"og:title\" content=\"Impactante mensaje de dignidad lanza guatemalteco en Minesota\" \/>\n\t\t<meta property=\"og:description\" content=\"&quot;Somos gente de trabajo, de familia y de fe&quot;: escribe emprendedor guatemalteco Wilber de la Rosa en el cual subraya la dignidad de todo migrante.\" \/>\n\t\t<meta property=\"og:url\" content=\"https:\/\/soymigrante.com\/revista\/somos-gente-de-trabajo-familia-y-fe-emotivo-mensaje-de-migrante-guatemalteco-en-minesota\/\" \/>\n\t\t<meta property=\"og:image\" content=\"https:\/\/soymigrante.com\/revista\/wp-content\/uploads\/2026\/01\/ddfdfdf-19.png\" \/>\n\t\t<meta property=\"og:image:secure_url\" content=\"https:\/\/soymigrante.com\/revista\/wp-content\/uploads\/2026\/01\/ddfdfdf-19.png\" \/>\n\t\t<meta property=\"og:image:width\" content=\"421\" \/>\n\t\t<meta property=\"og:image:height\" content=\"416\" \/>\n\t\t<meta property=\"article:published_time\" content=\"2026-01-13T20:53:59+00:00\" \/>\n\t\t<meta property=\"article:modified_time\" content=\"2026-01-13T20:55:45+00:00\" \/>\n\t\t<meta property=\"article:publisher\" content=\"https:\/\/www.facebook.com\/soymigrantecom\" \/>\n\t\t<meta name=\"twitter:card\" content=\"summary_large_image\" \/>\n\t\t<meta name=\"twitter:site\" content=\"@SoyMigrante_com\" \/>\n\t\t<meta name=\"twitter:title\" content=\"Impactante mensaje de dignidad lanza guatemalteco en Minesota\" \/>\n\t\t<meta name=\"twitter:description\" content=\"&quot;Somos gente de trabajo, de familia y de fe&quot;: escribe emprendedor guatemalteco Wilber de la Rosa en el cual subraya la dignidad de todo migrante.\" \/>\n\t\t<meta name=\"twitter:creator\" content=\"@SoyMigrante_com\" \/>\n\t\t<meta name=\"twitter:image\" content=\"https:\/\/soymigrante.com\/revista\/wp-content\/uploads\/2026\/01\/ddfdfdf-19.png\" \/>\n\t\t<!-- All in One SEO Pro -->\r\n\t\t<title>Impactante mensaje de dignidad lanza guatemalteco en Minesota<\/title>\n\n","aioseo_head_json":{"title":"Impactante mensaje de dignidad lanza guatemalteco en Minesota","description":"\"Somos gente de trabajo, de familia y de fe\": escribe emprendedor guatemalteco Wilber de la Rosa en el cual subraya la dignidad de todo migrante.","canonical_url":"https:\/\/soymigrante.com\/revista\/somos-gente-de-trabajo-familia-y-fe-emotivo-mensaje-de-migrante-guatemalteco-en-minesota\/","robots":"max-snippet:-1, max-image-preview:large, max-video-preview:-1","keywords":"","webmasterTools":{"miscellaneous":"&lt;link rel=\"preconnect\" href=\"https:\/\/fonts.googleapis.com\" crossorigin&gt;\n&lt;link rel=\"preconnect\" href=\"https:\/\/fonts.gstatic.com\" crossorigin&gt;"},"schema":null,"og:locale":"es_ES","og:site_name":"SoyMigrante.com REVISTA \u2013 Nuestra misi\u00f3n es reconocer y dignificar al migrante.","og:type":"article","og:title":"Impactante mensaje de dignidad lanza guatemalteco en Minesota","og:description":"&quot;Somos gente de trabajo, de familia y de fe&quot;: escribe emprendedor guatemalteco Wilber de la Rosa en el cual subraya la dignidad de todo migrante.","og:url":"https:\/\/soymigrante.com\/revista\/somos-gente-de-trabajo-familia-y-fe-emotivo-mensaje-de-migrante-guatemalteco-en-minesota\/","og:image":"https:\/\/soymigrante.com\/revista\/wp-content\/uploads\/2026\/01\/ddfdfdf-19.png","og:image:secure_url":"https:\/\/soymigrante.com\/revista\/wp-content\/uploads\/2026\/01\/ddfdfdf-19.png","og:image:width":421,"og:image:height":416,"article:published_time":"2026-01-13T20:53:59+00:00","article:modified_time":"2026-01-13T20:55:45+00:00","article:publisher":"https:\/\/www.facebook.com\/soymigrantecom","twitter:card":"summary_large_image","twitter:site":"@SoyMigrante_com","twitter:title":"Impactante mensaje de dignidad lanza guatemalteco en Minesota","twitter:description":"&quot;Somos gente de trabajo, de familia y de fe&quot;: escribe emprendedor guatemalteco Wilber de la Rosa en el cual subraya la dignidad de todo migrante.","twitter:creator":"@SoyMigrante_com","twitter:image":"https:\/\/soymigrante.com\/revista\/wp-content\/uploads\/2026\/01\/ddfdfdf-19.png"},"aioseo_meta_data":{"post_id":"51181","title":"El sue\u00f1o de Esa\u00fa Di\u00e9guez coach guatemalteco de boxeo en Omaha","description":"Esa\u00fa Di\u00e9guez tiene su gimnasio de box en Omaha, Nebraska, donde entrena a j\u00f3venes promesas. Pas\u00f3 la Navidad 2025 en su natal Huehuetenango. Esta es su historia.","keywords":null,"keyphrases":{"focus":{"keyphrase":"Boxeo","score":81,"analysis":{"keyphraseInTitle":{"score":9,"maxScore":9,"error":0},"keyphraseInDescription":{"score":3,"maxScore":9,"error":1},"keyphraseLength":{"score":9,"maxScore":9,"error":0,"length":1},"keyphraseInURL":{"score":5,"maxScore":5,"error":0}}},"additional":[{"keyphrase":"Guatemalteco","score":67,"analysis":{"keyphraseInDescription":{"score":3,"maxScore":9,"error":1},"keyphraseLength":{"score":9,"maxScore":9,"error":0,"length":1}}},{"keyphrase":"omaha","score":100,"analysis":{"keyphraseInDescription":{"score":9,"maxScore":9,"error":0},"keyphraseLength":{"score":9,"maxScore":9,"error":0,"length":1}}}]},"primary_term":null,"canonical_url":null,"og_title":null,"og_description":null,"og_object_type":"default","og_image_type":"default","og_image_url":null,"og_image_width":null,"og_image_height":null,"og_image_custom_url":null,"og_image_custom_fields":null,"og_video":"","og_custom_url":null,"og_article_section":null,"og_article_tags":null,"twitter_use_og":false,"twitter_card":"default","twitter_image_type":"default","twitter_image_url":null,"twitter_image_custom_url":null,"twitter_image_custom_fields":null,"twitter_title":null,"twitter_description":null,"schema":{"blockGraphs":[],"customGraphs":[],"default":{"data":{"Article":[],"Course":[],"Dataset":[],"FAQPage":[],"Movie":[],"Person":[],"Product":[],"ProductReview":[],"Car":[],"Recipe":[],"Service":[],"SoftwareApplication":[],"WebPage":[]},"graphName":"NewsArticle","isEnabled":true},"graphs":[]},"schema_type":"default","schema_type_options":null,"pillar_content":false,"robots_default":true,"robots_noindex":false,"robots_noarchive":false,"robots_nosnippet":false,"robots_nofollow":false,"robots_noimageindex":false,"robots_noodp":false,"robots_notranslate":false,"robots_max_snippet":"-1","robots_max_videopreview":"-1","robots_max_imagepreview":"large","priority":null,"frequency":"default","local_seo":null,"seo_analyzer_scan_date":"2026-02-25 01:02:36","breadcrumb_settings":null,"limit_modified_date":false,"reviewed_by":"0","open_ai":null,"ai":{"faqs":[],"keyPoints":[],"titles":[],"descriptions":[],"socialPosts":{"email":[],"linkedin":[],"twitter":[],"facebook":[],"instagram":[]}},"created":"2026-01-16 17:05:26","updated":"2026-03-06 15:45:36"},"aioseo_breadcrumb":"<div class=\"aioseo-breadcrumbs\"><span class=\"aioseo-breadcrumb\">\n\t<a href=\"https:\/\/soymigrante.com\/revista\" title=\"Home\">Home<\/a>\n<\/span><span class=\"aioseo-breadcrumb-separator\">\u00bb<\/span><span class=\"aioseo-breadcrumb\">\n\t<a href=\"https:\/\/soymigrante.com\/revista\/category\/exitos\/\" title=\"\u00c9xitos\">\u00c9xitos<\/a>\n<\/span><span class=\"aioseo-breadcrumb-separator\">\u00bb<\/span><span class=\"aioseo-breadcrumb\">\n\t<a href=\"https:\/\/soymigrante.com\/revista\/category\/exitos\/guatemala\/\" title=\"Guatemala\">Guatemala<\/a>\n<\/span><span class=\"aioseo-breadcrumb-separator\">\u00bb<\/span><span class=\"aioseo-breadcrumb\">\n\t\u201cMi sue\u00f1o es un campe\u00f3n mundial guatemalteco\u201d: Esa\u00fa Di\u00e9guez, entrenador de boxeo en Omaha, Nebraska\n<\/span><\/div>","aioseo_breadcrumb_json":[{"label":"Home","link":"https:\/\/soymigrante.com\/revista"},{"label":"\u00c9xitos","link":"https:\/\/soymigrante.com\/revista\/category\/exitos\/"},{"label":"Guatemala","link":"https:\/\/soymigrante.com\/revista\/category\/exitos\/guatemala\/"},{"label":"&#8220;Mi sue\u00f1o es un campe\u00f3n mundial guatemalteco&#8221;: Esa\u00fa Di\u00e9guez, entrenador de boxeo en Omaha, Nebraska","link":"https:\/\/soymigrante.com\/revista\/esau-dieguez-entrenador-boxeo-guatemalteco-omaha-nebraska-historia-sueno-lester\/"}],"_links":{"self":[{"href":"https:\/\/soymigrante.com\/revista\/wp-json\/wp\/v2\/posts\/51181","targetHints":{"allow":["GET"]}}],"collection":[{"href":"https:\/\/soymigrante.com\/revista\/wp-json\/wp\/v2\/posts"}],"about":[{"href":"https:\/\/soymigrante.com\/revista\/wp-json\/wp\/v2\/types\/post"}],"author":[{"embeddable":true,"href":"https:\/\/soymigrante.com\/revista\/wp-json\/wp\/v2\/users\/7"}],"replies":[{"embeddable":true,"href":"https:\/\/soymigrante.com\/revista\/wp-json\/wp\/v2\/comments?post=51181"}],"version-history":[{"count":16,"href":"https:\/\/soymigrante.com\/revista\/wp-json\/wp\/v2\/posts\/51181\/revisions"}],"predecessor-version":[{"id":51208,"href":"https:\/\/soymigrante.com\/revista\/wp-json\/wp\/v2\/posts\/51181\/revisions\/51208"}],"wp:featuredmedia":[{"embeddable":true,"href":"https:\/\/soymigrante.com\/revista\/wp-json\/wp\/v2\/media\/51185"}],"wp:attachment":[{"href":"https:\/\/soymigrante.com\/revista\/wp-json\/wp\/v2\/media?parent=51181"}],"wp:term":[{"taxonomy":"category","embeddable":true,"href":"https:\/\/soymigrante.com\/revista\/wp-json\/wp\/v2\/categories?post=51181"},{"taxonomy":"post_tag","embeddable":true,"href":"https:\/\/soymigrante.com\/revista\/wp-json\/wp\/v2\/tags?post=51181"}],"curies":[{"name":"wp","href":"https:\/\/api.w.org\/{rel}","templated":true}]}}