{"id":51164,"date":"2026-01-16T07:23:50","date_gmt":"2026-01-16T13:23:50","guid":{"rendered":"https:\/\/soymigrante.com\/revista\/?p=51164"},"modified":"2026-01-19T15:20:20","modified_gmt":"2026-01-19T21:20:20","slug":"manual-gratuito-de-metas-trata-el-cansancio-como-dato-no-como-falla-ni-fracaso","status":"publish","type":"post","link":"https:\/\/soymigrante.com\/revista\/manual-gratuito-de-metas-trata-el-cansancio-como-dato-no-como-falla-ni-fracaso\/","title":{"rendered":"Manual gratuito de metas: Trat\u00e1 el cansancio como dato, no como falla ni fracaso"},"content":{"rendered":"\t\t<div data-elementor-type=\"wp-post\" data-elementor-id=\"51164\" class=\"elementor elementor-51164\" data-elementor-post-type=\"post\">\n\t\t\t\t<div data-particle_enable=\"false\" data-particle-mobile-disabled=\"false\" class=\"elementor-element elementor-element-899b5ea e-flex e-con-boxed e-con e-parent\" data-id=\"899b5ea\" data-element_type=\"container\" data-e-type=\"container\">\n\t\t\t\t\t<div class=\"e-con-inner\">\n\t\t\t\t<div class=\"elementor-element elementor-element-cb02f82 elementor-widget elementor-widget-heading\" data-id=\"cb02f82\" data-element_type=\"widget\" data-e-type=\"widget\" data-widget_type=\"heading.default\">\n\t\t\t\t\t<h2 class=\"elementor-heading-title elementor-size-default\">Cansarse es normal, incluso cuando lleva a cuestionar si la meta es posible. Pero la soluci\u00f3n no es dejar el objetivo, sino revisar el abordaje. El cansancio es un dato, no un pretexto ni un fracaso. Claves para convertirlo en oportunidad<\/h2>\t\t\t\t<\/div>\n\t\t\t\t\t<\/div>\n\t\t\t\t<\/div>\n\t\t<div data-particle_enable=\"false\" data-particle-mobile-disabled=\"false\" class=\"elementor-element elementor-element-76e9b06 e-flex e-con-boxed e-con e-parent\" data-id=\"76e9b06\" data-element_type=\"container\" data-e-type=\"container\">\n\t\t\t\t\t<div class=\"e-con-inner\">\n\t\t\t\t<div class=\"elementor-element elementor-element-f0d08ca elementor-widget elementor-widget-text-editor\" data-id=\"f0d08ca\" data-element_type=\"widget\" data-e-type=\"widget\" data-widget_type=\"text-editor.default\">\n\t\t\t\t\t\t\t\t\t<p data-start=\"418\" data-end=\"680\">Hay un momento, casi siempre silencioso, en el que el cansancio aparece.\u00a0No llega de golpe ni con dramatismo. Llega despu\u00e9s de varios d\u00edas de intentar cumplir, de sostener horarios, de responder a lo urgente mientras lo importante queda para \u201ccuando se pueda\u201d.<\/p><p data-start=\"682\" data-end=\"906\">En ese punto, muchas personas empiezan a dudar de s\u00ed mismas.<br data-start=\"742\" data-end=\"745\" \/>No del objetivo, sino de su propia capacidad para sostenerlo. Se preguntan si est\u00e1n fallando, si no son lo suficientemente constantes, si deber\u00edan poder con m\u00e1s.<\/p><p data-start=\"908\" data-end=\"988\">Pero el cansancio no est\u00e1 ah\u00ed para descalificarte.\u00a0Est\u00e1 ah\u00ed para decirte algo. Cuando unos monta\u00f1istas llevan ya dos o tres horas caminando y experimentan cansancio, no es porque ya no vayan a seguir hasta la cumbre, sino porque se sientan a tomar agua, respirar, <a href=\"https:\/\/soymigrante.com\/revista\/manual-gratuito-de-metas-valora-y-suma-pequenos-pasos\/\">ver cu\u00e1nto han avanzado, <\/a>para luego seguir.<\/p>\t\t\t\t\t\t\t\t<\/div>\n\t\t\t\t\t<\/div>\n\t\t\t\t<\/div>\n\t\t<div data-particle_enable=\"false\" data-particle-mobile-disabled=\"false\" class=\"elementor-element elementor-element-b1b88f7 e-flex e-con-boxed e-con e-parent\" data-id=\"b1b88f7\" data-element_type=\"container\" data-e-type=\"container\">\n\t\t\t\t\t<div class=\"e-con-inner\">\n\t\t\t\t<div class=\"elementor-element elementor-element-49cfe99 elementor-widget elementor-widget-image\" data-id=\"49cfe99\" data-element_type=\"widget\" data-e-type=\"widget\" data-widget_type=\"image.default\">\n\t\t\t\t\t\t\t\t\t\t\t\t<figure class=\"wp-caption\">\n\t\t\t\t\t\t\t\t\t\t<img fetchpriority=\"high\" decoding=\"async\" width=\"1024\" height=\"683\" src=\"https:\/\/soymigrante.com\/revista\/wp-content\/uploads\/2025\/01\/volcanes-guatemala-3-1024x683.jpg\" class=\"attachment-large size-large wp-image-21396\" alt=\"Caminante en un sendero de monta\u00f1a con mochila y casco, explorando un paisaje rocoso y nebuloso.\" srcset=\"https:\/\/soymigrante.com\/revista\/wp-content\/uploads\/2025\/01\/volcanes-guatemala-3-1024x683.jpg 1024w, https:\/\/soymigrante.com\/revista\/wp-content\/uploads\/2025\/01\/volcanes-guatemala-3-300x200.jpg 300w, https:\/\/soymigrante.com\/revista\/wp-content\/uploads\/2025\/01\/volcanes-guatemala-3-768x512.jpg 768w, https:\/\/soymigrante.com\/revista\/wp-content\/uploads\/2025\/01\/volcanes-guatemala-3-1536x1024.jpg 1536w, https:\/\/soymigrante.com\/revista\/wp-content\/uploads\/2025\/01\/volcanes-guatemala-3-2048x1365.jpg 2048w, https:\/\/soymigrante.com\/revista\/wp-content\/uploads\/2025\/01\/volcanes-guatemala-3-750x500.webp 750w, https:\/\/soymigrante.com\/revista\/wp-content\/uploads\/2025\/01\/volcanes-guatemala-3-1140x760.webp 1140w, https:\/\/soymigrante.com\/revista\/wp-content\/uploads\/2025\/01\/volcanes-guatemala-3-scaled.webp 1920w\" sizes=\"(max-width: 1024px) 100vw, 1024px\" title=\"volcanes guatemala 3 \u2013 SoyMigrante.com REVISTA\" \/>\t\t\t\t\t\t\t\t\t\t\t<figcaption class=\"widget-image-caption wp-caption-text\">Un ascenso a una monta\u00f1a puede ser complicado y llevar varias horas. Y si llega el cansancio, sentarse a respirar no significa que no se continuar\u00e1: solo se recuperan fuerzas y se visualiza mejor el camino<\/figcaption>\n\t\t\t\t\t\t\t\t\t\t<\/figure>\n\t\t\t\t\t\t\t\t\t<\/div>\n\t\t\t\t\t<\/div>\n\t\t\t\t<\/div>\n\t\t<div data-particle_enable=\"false\" data-particle-mobile-disabled=\"false\" class=\"elementor-element elementor-element-fa05b34 e-flex e-con-boxed e-con e-parent\" data-id=\"fa05b34\" data-element_type=\"container\" data-e-type=\"container\">\n\t\t\t\t\t<div class=\"e-con-inner\">\n\t\t\t\t<div class=\"elementor-element elementor-element-6ec5df0 elementor-widget elementor-widget-text-editor\" data-id=\"6ec5df0\" data-element_type=\"widget\" data-e-type=\"widget\" data-widget_type=\"text-editor.default\">\n\t\t\t\t\t\t\t\t\t<p data-start=\"418\" data-end=\"680\"><span style=\"color: #000000; font-family: Mulish, sans-serif; font-size: 29px; font-weight: bold;\">El cansancio brinda informaci\u00f3n<\/span><\/p><p data-start=\"1030\" data-end=\"1083\">El cansancio no es un juicio moral.\u00a0Es informaci\u00f3n. Puede estar diciendo:<\/p><ul><li>que el ritmo es demasiado alto<\/li><li>que el descanso es insuficiente<\/li><li><a href=\"https:\/\/soymigrante.com\/revista\/compromiso-con-el-trabajo-hay-que-saber-ser-realista-y-eficiente\/\">que la estrategia necesita ajustes<\/a><\/li><li>que la vida est\u00e1 pidiendo otra distribuci\u00f3n de energ\u00eda<\/li><li><a href=\"https:\/\/soymigrante.com\/revista\/trato-cordial-con-responsabilidad-la-formula-para-el-liderazgo-efectivo\/\">que puedes trabajar mejor en equipo.<\/a><\/li><\/ul><p data-start=\"1085\" data-end=\"1106\">Ignorar el cansancio no te hace m\u00e1s fuerte (y puede traer consecuencias de salud f\u00edsica o mental)\u00a0Escucharlo puede hacerte m\u00e1s sostenible.<\/p>\t\t\t\t\t\t\t\t<\/div>\n\t\t\t\t\t<\/div>\n\t\t\t\t<\/div>\n\t\t<div data-particle_enable=\"false\" data-particle-mobile-disabled=\"false\" class=\"elementor-element elementor-element-1f3a7a4 e-flex e-con-boxed e-con e-parent\" data-id=\"1f3a7a4\" data-element_type=\"container\" data-e-type=\"container\">\n\t\t\t\t\t<div class=\"e-con-inner\">\n\t\t\t\t<div class=\"elementor-element elementor-element-1ef7ef7 elementor-widget elementor-widget-image\" data-id=\"1ef7ef7\" data-element_type=\"widget\" data-e-type=\"widget\" data-widget_type=\"image.default\">\n\t\t\t\t\t\t\t\t\t\t\t\t<figure class=\"wp-caption\">\n\t\t\t\t\t\t\t\t\t\t<img decoding=\"async\" width=\"1024\" height=\"603\" src=\"https:\/\/soymigrante.com\/revista\/wp-content\/uploads\/2025\/06\/soymigrante-banner-1024x603.png\" class=\"attachment-large size-large wp-image-37174\" alt=\"Andar en bicicleta al atardecer, deportista en ruta rural, actividad al aire libre para promoci\u00f3n de vida saludable y turismo sostenible, con paisaje de monta\u00f1as y naturaleza.\" srcset=\"https:\/\/soymigrante.com\/revista\/wp-content\/uploads\/2025\/06\/soymigrante-banner-1024x603.png 1024w, https:\/\/soymigrante.com\/revista\/wp-content\/uploads\/2025\/06\/soymigrante-banner-300x177.png 300w, https:\/\/soymigrante.com\/revista\/wp-content\/uploads\/2025\/06\/soymigrante-banner-768x452.png 768w, https:\/\/soymigrante.com\/revista\/wp-content\/uploads\/2025\/06\/soymigrante-banner-1536x904.png 1536w, https:\/\/soymigrante.com\/revista\/wp-content\/uploads\/2025\/06\/soymigrante-banner-750x441.png 750w, https:\/\/soymigrante.com\/revista\/wp-content\/uploads\/2025\/06\/soymigrante-banner-1140x671.png 1140w, https:\/\/soymigrante.com\/revista\/wp-content\/uploads\/2025\/06\/soymigrante-banner.webp 1699w\" sizes=\"(max-width: 1024px) 100vw, 1024px\" title=\"soymigrante banner \u2013 SoyMigrante.com REVISTA\" \/>\t\t\t\t\t\t\t\t\t\t\t<figcaption class=\"widget-image-caption wp-caption-text\">El ciclista tiene objetivos de distancia y tiempo a cumplir,  pero siempre llegar\u00e1 un momento para descansar, sin perder de vista el gran objetivo.<\/figcaption>\n\t\t\t\t\t\t\t\t\t\t<\/figure>\n\t\t\t\t\t\t\t\t\t<\/div>\n\t\t\t\t\t<\/div>\n\t\t\t\t<\/div>\n\t\t<div data-particle_enable=\"false\" data-particle-mobile-disabled=\"false\" class=\"elementor-element elementor-element-9c4ad54 e-flex e-con-boxed e-con e-parent\" data-id=\"9c4ad54\" data-element_type=\"container\" data-e-type=\"container\">\n\t\t\t\t\t<div class=\"e-con-inner\">\n\t\t\t\t<div class=\"elementor-element elementor-element-9cb3cfd elementor-widget elementor-widget-text-editor\" data-id=\"9cb3cfd\" data-element_type=\"widget\" data-e-type=\"widget\" data-widget_type=\"text-editor.default\">\n\t\t\t\t\t\t\t\t\t<p data-start=\"418\" data-end=\"680\"><span style=\"color: #000000; font-family: Mulish, sans-serif; font-size: 29px; font-weight: bold;\">Qu\u00e9 hacer cuando el cansancio aparece<\/span><\/p><p data-start=\"1403\" data-end=\"1495\">La respuesta no siempre es \u201cempujar m\u00e1s\u201d.\u00a0A veces es <strong data-start=\"1458\" data-end=\"1478\">cambiar la forma<\/strong>, no el objetivo.<\/p><p data-start=\"1497\" data-end=\"1516\">Opciones concretas:<\/p><ul><li>acortar sesiones<\/li><li>cambiar horarios<\/li><li>alternar tareas exigentes con livianas<\/li><li><a href=\"https:\/\/soymigrante.com\/revista\/manual-gratuito-de-metas-valora-y-suma-pequenos-pasos\/\">revisar y reconocer los avances<\/a><\/li><li><a href=\"https:\/\/soymigrante.com\/revista\/compromiso-con-el-trabajo-hay-que-saber-ser-realista-y-eficiente\/\">cambiar el m\u00e9todo que usas para seguir tus objetivos<\/a><\/li><\/ul><p>El objetivo sigue siendo el mismo. La v\u00eda cambia.<\/p><h3 data-start=\"1699\" data-end=\"1720\">Ejemplos reales<\/h3><ul data-start=\"1721\" data-end=\"2298\"><li data-start=\"1721\" data-end=\"1889\"><p data-start=\"1723\" data-end=\"1889\"><strong data-start=\"1723\" data-end=\"1757\">Quiero mejorar las ventas\u00a0<br \/><\/strong>Pasar muchas horas esperando en tu tienda f\u00edsica quiz\u00e1 no es ya el abordaje.<a href=\"https:\/\/soymigrante.com\/revista\/guia-para-empezar-a-vender-en-soymigrante-com-mercado-potencia-tu-emprendimiento-con-comercio-digital\/\"> Puedes abrir una tienda digital para incrementar tus ventas, por ejemplo en SoyMigrante.com MERCADO<\/a><\/p><\/li><li data-start=\"1891\" data-end=\"2022\"><p data-start=\"1893\" data-end=\"2022\"><strong data-start=\"1893\" data-end=\"1922\">Cuando hay una agenda muy ocupada<\/strong><br data-start=\"1922\" data-end=\"1925\" \/>Cuando el d\u00eda se va en atender a otros, adaptar el avance del proyecto personal momentos breves, bien planificados, protege el proceso.<\/p><\/li><li data-start=\"2024\" data-end=\"2179\"><p data-start=\"2026\" data-end=\"2179\"><strong data-start=\"2026\" data-end=\"2055\">Trabajo f\u00edsico o informal<\/strong><br data-start=\"2055\" data-end=\"2058\" \/>Si el cuerpo est\u00e1 cansado, priorizar tareas mentales cortas (planear, ordenar, pensar) mantiene el avance sin desgaste. O quiz\u00e1 simplemente basta hacer una pausa para el caf\u00e9, cuidar el jard\u00edn o caminar 20 minutos, ayude a retomar.<\/p><\/li><li data-start=\"2181\" data-end=\"2298\"><p data-start=\"2183\" data-end=\"2298\"><strong data-start=\"2183\" data-end=\"2217\">Procesos emocionales exigentes<\/strong><br data-start=\"2217\" data-end=\"2220\" \/>Hay semanas donde sostener el objetivo, a trav\u00e9s de peque\u00f1os avances diarios ya es el logro. Quiz\u00e1 no se cumple todo lo previsto, pero hay diferencias que reconocerse.<\/p><\/li><\/ul>\t\t\t\t\t\t\t\t<\/div>\n\t\t\t\t\t<\/div>\n\t\t\t\t<\/div>\n\t\t<div data-particle_enable=\"false\" data-particle-mobile-disabled=\"false\" class=\"elementor-element elementor-element-64ec28c e-flex e-con-boxed e-con e-parent\" data-id=\"64ec28c\" data-element_type=\"container\" data-e-type=\"container\">\n\t\t\t\t\t<div class=\"e-con-inner\">\n\t\t\t\t<div class=\"elementor-element elementor-element-9377492 elementor-widget elementor-widget-html\" data-id=\"9377492\" data-element_type=\"widget\" data-e-type=\"widget\" data-widget_type=\"html.default\">\n\t\t\t\t\t<iframe width=\"560\" height=\"315\" src=\"https:\/\/www.youtube.com\/embed\/v-0_rUW1VvM?si=DzCHmHC9HBV2P0Sj\" title=\"YouTube video player\" frameborder=\"0\" allow=\"accelerometer; autoplay; clipboard-write; encrypted-media; gyroscope; picture-in-picture; web-share\" referrerpolicy=\"strict-origin-when-cross-origin\" allowfullscreen><\/iframe>\t\t\t\t<\/div>\n\t\t\t\t\t<\/div>\n\t\t\t\t<\/div>\n\t\t<div data-particle_enable=\"false\" data-particle-mobile-disabled=\"false\" class=\"elementor-element elementor-element-6bd2813 e-flex e-con-boxed e-con e-parent\" data-id=\"6bd2813\" data-element_type=\"container\" data-e-type=\"container\">\n\t\t\t\t\t<div class=\"e-con-inner\">\n\t\t\t\t<div class=\"elementor-element elementor-element-5fabca7 elementor-widget elementor-widget-text-editor\" data-id=\"5fabca7\" data-element_type=\"widget\" data-e-type=\"widget\" data-widget_type=\"text-editor.default\">\n\t\t\t\t\t\t\t\t\t<p data-start=\"418\" data-end=\"680\"><span style=\"color: #000000; font-family: Mulish, sans-serif; font-size: 29px; font-weight: bold;\">Se\u00f1ales de alerta \u00fatiles<\/span><\/p><p data-start=\"2336\" data-end=\"2375\">El cansancio se vuelve problema cuando:<\/p><ul><li>se vuelve constante<\/li><li>no mejora con descanso<\/li><li>genera irritaci\u00f3n o bloqueo<\/li><li>se mezcla con culpa<\/li><\/ul><p>Pero a\u00fan ah\u00ed no basta con solo exigirse m\u00e1s. Hace falta <strong data-start=\"2529\" data-end=\"2551\">revisar el sistema y <a href=\"https:\/\/soymigrante.com\/revista\/manual-gratuito-de-metas-valora-y-suma-pequenos-pasos\/\">reconocer los avances como motivaci\u00f3n y valoraci\u00f3n.<\/a><\/strong><\/p><h3 data-start=\"2559\" data-end=\"2583\">Acciones sugeridas<\/h3><p data-start=\"2584\" data-end=\"2609\">Prob\u00e1 este ajuste simple:<\/p><ol><li>Identific\u00e1 cu\u00e1ndo aparece el cansancio.<\/li><li>Anot\u00e1 qu\u00e9 estabas haciendo y cu\u00e1nto dur\u00f3.<\/li><li>Ajust\u00e1 duraci\u00f3n, horario o tipo de tarea.<\/li><li>Prob\u00e1 el cambio por una semana.<\/li><li>Evalu\u00e1 si el avance se volvi\u00f3 m\u00e1s llevadero.<\/li><\/ol><h3 data-start=\"2841\" data-end=\"2863\">Por qu\u00e9 funciona<\/h3><p data-start=\"2864\" data-end=\"2981\">Porque evita el desgaste acumulado.<br data-start=\"2899\" data-end=\"2902\" \/>Porque sostiene procesos largos.<br data-start=\"2934\" data-end=\"2937\" \/>Porque cuida la energ\u00eda, que no es infinita. <br \/>A veces es sentarse, hacer silencio,\u00a0<strong data-start=\"3149\" data-end=\"3179\">escuchar, ajustar y seguir<\/strong>.<\/p>\t\t\t\t\t\t\t\t<\/div>\n\t\t\t\t\t<\/div>\n\t\t\t\t<\/div>\n\t\t<div data-particle_enable=\"false\" data-particle-mobile-disabled=\"false\" class=\"elementor-element elementor-element-2bc20f1 e-flex e-con-boxed e-con e-parent\" data-id=\"2bc20f1\" data-element_type=\"container\" data-e-type=\"container\">\n\t\t\t\t\t<div class=\"e-con-inner\">\n\t\t\t\t<div class=\"elementor-element elementor-element-ae5d8ab elementor-grid-eael-col-3 elementor-grid-tablet-eael-col-2 elementor-grid-mobile-eael-col-1 elementor-widget elementor-widget-eael-post-grid\" data-id=\"ae5d8ab\" data-element_type=\"widget\" data-e-type=\"widget\" data-settings=\"{&quot;eael_post_grid_columns&quot;:&quot;eael-col-3&quot;,&quot;eael_post_grid_columns_tablet&quot;:&quot;eael-col-2&quot;,&quot;eael_post_grid_columns_mobile&quot;:&quot;eael-col-1&quot;}\" data-widget_type=\"eael-post-grid.default\">\n\t\t\t\t\t<div id=\"eael-post-grid-ae5d8ab\" class=\"eael-post-grid-container\">\n            <div class=\"eael-post-grid eael-post-appender eael-post-appender-ae5d8ab eael-post-grid-style-one\" data-layout-mode=\"masonry\"><article class=\"eael-grid-post  eael-post-grid-column eael-pg-post-12390 category-bienestar\" data-id=\"12390\">\n        <div class=\"eael-grid-post-holder\">\n            <div class=\"eael-grid-post-holder-inner\"><div class=\"eael-entry-media\"><div class=\"eael-entry-overlay fade-in\"><i class=\"far fa-hand-pointer\" aria-hidden=\"true\"><\/i><a href=\"https:\/\/soymigrante.com\/revista\/claves-de-transformacion-digital-para-emprendedores\/\"><\/a><\/div><div class=\"eael-entry-thumbnail eael-image-ratio\">\n                <img decoding=\"async\" width=\"684\" height=\"684\" src=\"https:\/\/soymigrante.com\/revista\/wp-content\/uploads\/2024\/11\/transformacion-digital-imagen-envato-2.webp\" class=\"attachment-large size-large wp-image-13004\" alt=\"Asistencia virtual y atenci\u00f3n al cliente en l\u00ednea, comunicaci\u00f3n digital y consultor\u00eda en redes sociales para migrantes y comunidades hispanohablantes.\" srcset=\"https:\/\/soymigrante.com\/revista\/wp-content\/uploads\/2024\/11\/transformacion-digital-imagen-envato-2.webp 684w, https:\/\/soymigrante.com\/revista\/wp-content\/uploads\/2024\/11\/transformacion-digital-imagen-envato-2-300x300.webp 300w, https:\/\/soymigrante.com\/revista\/wp-content\/uploads\/2024\/11\/transformacion-digital-imagen-envato-2-150x150.webp 150w, https:\/\/soymigrante.com\/revista\/wp-content\/uploads\/2024\/11\/transformacion-digital-imagen-envato-2-75x75.webp 75w\" sizes=\"(max-width: 684px) 100vw, 684px\" \/>\n            <\/div>\n        <\/div><div class=\"eael-entry-wrapper\"><header class=\"eael-entry-header\"><h2 class=\"eael-entry-title\"><a class=\"eael-grid-post-link\" href=\"https:\/\/soymigrante.com\/revista\/claves-de-transformacion-digital-para-emprendedores\/\" title=\"\u00bfTienes un emprendimiento? Algunas claves de transformaci\u00f3n digital para crecer\">\u00bfTienes un emprendimiento? Algunas claves de transformaci\u00f3n digital para crecer<\/a><\/h2><\/header><div class=\"eael-entry-content\">\n                        <div class=\"eael-grid-post-excerpt\"><a href=\"https:\/\/soymigrante.com\/revista\/claves-de-transformacion-digital-para-emprendedores\/\" class=\"eael-post-elements-readmore-btn\">CONOCE SU HISTORIA <\/a><\/div>\n                    <\/div><\/div><\/div>\n        <\/div>\n    <\/article><article class=\"eael-grid-post  eael-post-grid-column eael-pg-post-49189 category-guate-nuestra tags-mercado-emprendedores\" data-id=\"49189\">\n        <div class=\"eael-grid-post-holder\">\n            <div class=\"eael-grid-post-holder-inner\"><div class=\"eael-entry-media\"><div class=\"eael-entry-overlay fade-in\"><i class=\"far fa-hand-pointer\" aria-hidden=\"true\"><\/i><a href=\"https:\/\/soymigrante.com\/revista\/guia-para-empezar-a-vender-en-soymigrante-com-mercado-potencia-tu-emprendimiento-con-comercio-digital\/\"><\/a><\/div><div class=\"eael-entry-thumbnail eael-image-ratio\">\n                <img loading=\"lazy\" decoding=\"async\" width=\"421\" height=\"416\" src=\"https:\/\/soymigrante.com\/revista\/wp-content\/uploads\/2025\/12\/soymigrante-mercado-emprendedor-guia-para-empezar-a-vender-tienda-digital.png\" class=\"attachment-large size-large wp-image-49385\" alt=\"soymigrante mercado emprendedor guia para empezar a vender tienda digital\" srcset=\"https:\/\/soymigrante.com\/revista\/wp-content\/uploads\/2025\/12\/soymigrante-mercado-emprendedor-guia-para-empezar-a-vender-tienda-digital.png 421w, https:\/\/soymigrante.com\/revista\/wp-content\/uploads\/2025\/12\/soymigrante-mercado-emprendedor-guia-para-empezar-a-vender-tienda-digital-300x296.png 300w, https:\/\/soymigrante.com\/revista\/wp-content\/uploads\/2025\/12\/soymigrante-mercado-emprendedor-guia-para-empezar-a-vender-tienda-digital-75x75.png 75w\" sizes=\"(max-width: 421px) 100vw, 421px\" \/>\n            <\/div>\n        <\/div><div class=\"eael-entry-wrapper\"><header class=\"eael-entry-header\"><h2 class=\"eael-entry-title\"><a class=\"eael-grid-post-link\" href=\"https:\/\/soymigrante.com\/revista\/guia-para-empezar-a-vender-en-soymigrante-com-mercado-potencia-tu-emprendimiento-con-comercio-digital\/\" title=\"Gu\u00eda para empezar a vender en SoyMigrante.com MERCADO &#8211; Potencia tu emprendimiento con comercio digital\">Gu\u00eda para empezar a vender en SoyMigrante.com MERCADO &#8211; Potencia tu emprendimiento con comercio digital<\/a><\/h2><\/header><div class=\"eael-entry-content\">\n                        <div class=\"eael-grid-post-excerpt\"><a href=\"https:\/\/soymigrante.com\/revista\/guia-para-empezar-a-vender-en-soymigrante-com-mercado-potencia-tu-emprendimiento-con-comercio-digital\/\" class=\"eael-post-elements-readmore-btn\">CONOCE SU HISTORIA <\/a><\/div>\n                    <\/div><\/div><\/div>\n        <\/div>\n    <\/article><article class=\"eael-grid-post  eael-post-grid-column eael-pg-post-50243 category-bienestar-salud-emocional tags-manual-gratuito-de-metas\" data-id=\"50243\">\n        <div class=\"eael-grid-post-holder\">\n            <div class=\"eael-grid-post-holder-inner\"><div class=\"eael-entry-media\"><div class=\"eael-entry-overlay fade-in\"><i class=\"far fa-hand-pointer\" aria-hidden=\"true\"><\/i><a href=\"https:\/\/soymigrante.com\/revista\/manual-gratuito-de-metas-converti-tu-objetivo-en-una-pregunta-diaria\/\"><\/a><\/div><div class=\"eael-entry-thumbnail eael-image-ratio\">\n                <img loading=\"lazy\" decoding=\"async\" width=\"421\" height=\"416\" src=\"https:\/\/soymigrante.com\/revista\/wp-content\/uploads\/2025\/12\/MANUAL-GRATUITO-DE-METAS-1-HACER-PREGUNTAS.png\" class=\"attachment-large size-large wp-image-50258\" alt=\"MANUAL GRATUITO DE METAS 1 HACER PREGUNTAS\" srcset=\"https:\/\/soymigrante.com\/revista\/wp-content\/uploads\/2025\/12\/MANUAL-GRATUITO-DE-METAS-1-HACER-PREGUNTAS.png 421w, https:\/\/soymigrante.com\/revista\/wp-content\/uploads\/2025\/12\/MANUAL-GRATUITO-DE-METAS-1-HACER-PREGUNTAS-300x296.png 300w, https:\/\/soymigrante.com\/revista\/wp-content\/uploads\/2025\/12\/MANUAL-GRATUITO-DE-METAS-1-HACER-PREGUNTAS-75x75.png 75w\" sizes=\"(max-width: 421px) 100vw, 421px\" \/>\n            <\/div>\n        <\/div><div class=\"eael-entry-wrapper\"><header class=\"eael-entry-header\"><h2 class=\"eael-entry-title\"><a class=\"eael-grid-post-link\" href=\"https:\/\/soymigrante.com\/revista\/manual-gratuito-de-metas-converti-tu-objetivo-en-una-pregunta-diaria\/\" title=\"Manual gratuito de Metas:  Convert\u00ed tu objetivo en una pregunta diaria\">Manual gratuito de Metas:  Convert\u00ed tu objetivo en una pregunta diaria<\/a><\/h2><\/header><div class=\"eael-entry-content\">\n                        <div class=\"eael-grid-post-excerpt\"><a href=\"https:\/\/soymigrante.com\/revista\/manual-gratuito-de-metas-converti-tu-objetivo-en-una-pregunta-diaria\/\" class=\"eael-post-elements-readmore-btn\">CONOCE SU HISTORIA <\/a><\/div>\n                    <\/div><\/div><\/div>\n        <\/div>\n    <\/article><\/div>\n            <div class=\"clearfix\"><\/div>\n        <\/div>\t\t\t\t<\/div>\n\t\t\t\t\t<\/div>\n\t\t\t\t<\/div>\n\t\t\t\t<\/div>\n\t\t","protected":false},"excerpt":{"rendered":"<p>Cansarse es normal, incluso cuando lleva a cuestionar si la meta es posible. Pero la soluci\u00f3n no es dejar el objetivo, sino revisar el abordaje. El cansancio es un dato, no un pretexto ni un fracaso. Claves para convertirlo en oportunidad Hay un momento, casi siempre silencioso, en el que el cansancio aparece.\u00a0No llega de [&hellip;]<\/p>\n","protected":false},"author":1,"featured_media":51165,"comment_status":"open","ping_status":"open","sticky":false,"template":"","format":"standard","meta":{"_acf_changed":false,"_eb_attr":"","footnotes":""},"categories":[55,259],"tags":[286],"class_list":["post-51164","post","type-post","status-publish","format-standard","has-post-thumbnail","hentry","category-bienestar","category-salud-emocional","tag-manual-gratuito-de-metas"],"acf":[],"aioseo_notices":[],"aioseo_head":"\n\t\t<!-- All in One SEO Pro 4.9.6.2 - aioseo.com -->\n\t<meta name=\"description\" content=\"Consejo 1 de 7: Nada de planes complicados: solo una pregunta constante, diaria, para alcanzar esa meta importante. \u00bfEn qu\u00e9 momento se te qued\u00f3 pendiente ese plan que s\u00ed era importante?\u00bfHace cu\u00e1nto dec\u00eds \u201ccuando tenga tiempo\u201d, \u201ccuando est\u00e9 m\u00e1s tranquilo\u201d, \u201ccuando se arreglen las cosas\u201d?Y si es un objetivo tan importante \u00bfPor qu\u00e9 seguir posponi\u00e9ndolo?\" \/>\n\t<meta name=\"robots\" content=\"max-snippet:-1, max-image-preview:large, max-video-preview:-1\" \/>\n\t<meta name=\"author\" content=\"SoyMigrante.com REVISTA\"\/>\n\t<link rel=\"canonical\" href=\"https:\/\/soymigrante.com\/revista\/manual-gratuito-de-metas-trata-el-cansancio-como-dato-no-como-falla-ni-fracaso\/\" \/>\n\t<meta name=\"generator\" content=\"All in One SEO Pro (AIOSEO) 4.9.6.2\" \/>\n\n\t\t<link rel=\"preconnect\" href=\"https:\/\/fonts.googleapis.com\" crossorigin>\n<link rel=\"preconnect\" href=\"https:\/\/fonts.gstatic.com\" crossorigin>\n\t\t<meta property=\"og:locale\" content=\"es_ES\" \/>\n\t\t<meta property=\"og:site_name\" content=\"SoyMigrante.com REVISTA \u2013 Nuestra misi\u00f3n es reconocer y dignificar al migrante.\" \/>\n\t\t<meta property=\"og:type\" content=\"article\" \/>\n\t\t<meta property=\"og:title\" content=\"Trat\u00e1 el cansancio como dato, no como falla ni fracaso\" \/>\n\t\t<meta property=\"og:description\" content=\"\u00bfAlguna vez has dicho?: \u00a1Ya me cans\u00e9! \u00a1Estoy agotado y sin avanzar! El cansancio no es indicador de falla, sino oportunidad para cambiar enfoque, m\u00e9todo, tiempos\" \/>\n\t\t<meta property=\"og:url\" content=\"https:\/\/soymigrante.com\/revista\/manual-gratuito-de-metas-trata-el-cansancio-como-dato-no-como-falla-ni-fracaso\/\" \/>\n\t\t<meta property=\"og:image\" content=\"https:\/\/soymigrante.com\/revista\/wp-content\/uploads\/2026\/01\/manual-metas-descanso-.png\" \/>\n\t\t<meta property=\"og:image:secure_url\" content=\"https:\/\/soymigrante.com\/revista\/wp-content\/uploads\/2026\/01\/manual-metas-descanso-.png\" \/>\n\t\t<meta property=\"og:image:width\" content=\"421\" \/>\n\t\t<meta property=\"og:image:height\" content=\"416\" \/>\n\t\t<meta property=\"article:published_time\" content=\"2026-01-16T13:23:50+00:00\" \/>\n\t\t<meta property=\"article:modified_time\" content=\"2026-01-19T21:20:20+00:00\" \/>\n\t\t<meta property=\"article:publisher\" content=\"https:\/\/www.facebook.com\/soymigrantecom\" \/>\n\t\t<meta name=\"twitter:card\" content=\"summary_large_image\" \/>\n\t\t<meta name=\"twitter:site\" content=\"@SoyMigrante_com\" \/>\n\t\t<meta name=\"twitter:title\" content=\"Trat\u00e1 el cansancio como dato, no como falla ni fracaso\" \/>\n\t\t<meta name=\"twitter:description\" content=\"\u00bfAlguna vez has dicho?: \u00a1Ya me cans\u00e9! \u00a1Estoy agotado y sin avanzar! El cansancio no es indicador de falla, sino oportunidad para cambiar enfoque, m\u00e9todo, tiempos\" \/>\n\t\t<meta name=\"twitter:creator\" content=\"@SoyMigrante_com\" \/>\n\t\t<meta name=\"twitter:image\" content=\"https:\/\/soymigrante.com\/revista\/wp-content\/uploads\/2026\/01\/manual-metas-descanso-.png\" \/>\n\t\t<!-- All in One SEO Pro -->\r\n\t\t<title>Trat\u00e1 el cansancio como dato, no como falla ni fracaso<\/title>\n\n","aioseo_head_json":{"title":"Trat\u00e1 el cansancio como dato, no como falla ni fracaso","description":"\u00bfAlguna vez has dicho?: \u00a1Ya me cans\u00e9! \u00a1Estoy agotado y sin avanzar! El cansancio no es indicador de falla, sino oportunidad para cambiar enfoque, m\u00e9todo, tiempos","canonical_url":"https:\/\/soymigrante.com\/revista\/manual-gratuito-de-metas-trata-el-cansancio-como-dato-no-como-falla-ni-fracaso\/","robots":"max-snippet:-1, max-image-preview:large, max-video-preview:-1","keywords":"","webmasterTools":{"miscellaneous":"&lt;link rel=\"preconnect\" href=\"https:\/\/fonts.googleapis.com\" crossorigin&gt;\n&lt;link rel=\"preconnect\" href=\"https:\/\/fonts.gstatic.com\" crossorigin&gt;"},"schema":null,"og:locale":"es_ES","og:site_name":"SoyMigrante.com REVISTA \u2013 Nuestra misi\u00f3n es reconocer y dignificar al migrante.","og:type":"article","og:title":"Trat\u00e1 el cansancio como dato, no como falla ni fracaso","og:description":"\u00bfAlguna vez has dicho?: \u00a1Ya me cans\u00e9! \u00a1Estoy agotado y sin avanzar! El cansancio no es indicador de falla, sino oportunidad para cambiar enfoque, m\u00e9todo, tiempos","og:url":"https:\/\/soymigrante.com\/revista\/manual-gratuito-de-metas-trata-el-cansancio-como-dato-no-como-falla-ni-fracaso\/","og:image":"https:\/\/soymigrante.com\/revista\/wp-content\/uploads\/2026\/01\/manual-metas-descanso-.png","og:image:secure_url":"https:\/\/soymigrante.com\/revista\/wp-content\/uploads\/2026\/01\/manual-metas-descanso-.png","og:image:width":421,"og:image:height":416,"article:published_time":"2026-01-16T13:23:50+00:00","article:modified_time":"2026-01-19T21:20:20+00:00","article:publisher":"https:\/\/www.facebook.com\/soymigrantecom","twitter:card":"summary_large_image","twitter:site":"@SoyMigrante_com","twitter:title":"Trat\u00e1 el cansancio como dato, no como falla ni fracaso","twitter:description":"\u00bfAlguna vez has dicho?: \u00a1Ya me cans\u00e9! \u00a1Estoy agotado y sin avanzar! El cansancio no es indicador de falla, sino oportunidad para cambiar enfoque, m\u00e9todo, tiempos","twitter:creator":"@SoyMigrante_com","twitter:image":"https:\/\/soymigrante.com\/revista\/wp-content\/uploads\/2026\/01\/manual-metas-descanso-.png"},"aioseo_meta_data":{"post_id":"51164","title":"Trat\u00e1 el cansancio como dato, no como falla ni fracaso","description":"\u00bfAlguna vez has dicho?: \u00a1Ya me cans\u00e9! \u00a1Estoy agotado y sin avanzar! El cansancio no es indicador de falla, sino oportunidad para cambiar enfoque, m\u00e9todo, tiempos","keywords":null,"keyphrases":{"focus":{"keyphrase":"Manual","score":51,"analysis":{"keyphraseInTitle":{"score":3,"maxScore":9,"error":1},"keyphraseInDescription":{"score":3,"maxScore":9,"error":1},"keyphraseLength":{"score":9,"maxScore":9,"error":0,"length":1},"keyphraseInURL":{"score":5,"maxScore":5,"error":0},"keyphraseInIntroduction":{"score":3,"maxScore":9,"error":1},"keyphraseInSubHeadings":{"score":3,"maxScore":9,"error":1},"keyphraseInImageAlt":{"score":9,"maxScore":9,"error":0},"keywordDensity":{"score":0,"type":"low","maxScore":9,"error":1}}},"additional":[{"keyphrase":"Metas","score":53,"analysis":{"keyphraseInDescription":{"score":3,"maxScore":9,"error":1},"keyphraseLength":{"score":9,"maxScore":9,"error":0,"length":1},"keyphraseInIntroduction":{"score":3,"maxScore":9,"error":1},"keyphraseInImageAlt":{"score":9,"maxScore":9,"error":0},"keywordDensity":{"score":0,"type":"low","maxScore":9,"error":1}}},{"keyphrase":"Cansancio","score":87,"analysis":{"keyphraseInDescription":{"score":9,"maxScore":9,"error":0},"keyphraseLength":{"score":9,"maxScore":9,"error":0,"length":1},"keyphraseInIntroduction":{"score":9,"maxScore":9,"error":0},"keyphraseInImageAlt":{"score":3,"maxScore":9,"error":1},"keywordDensity":{"type":"best","score":9,"maxScore":9,"error":0}}}]},"primary_term":null,"canonical_url":null,"og_title":null,"og_description":null,"og_object_type":"default","og_image_type":"default","og_image_url":null,"og_image_width":null,"og_image_height":null,"og_image_custom_url":null,"og_image_custom_fields":null,"og_video":"","og_custom_url":null,"og_article_section":null,"og_article_tags":null,"twitter_use_og":false,"twitter_card":"default","twitter_image_type":"default","twitter_image_url":null,"twitter_image_custom_url":null,"twitter_image_custom_fields":null,"twitter_title":null,"twitter_description":null,"schema":{"blockGraphs":[],"customGraphs":[],"default":{"data":{"Article":[],"Course":[],"Dataset":[],"FAQPage":[],"Movie":[],"Person":[],"Product":[],"ProductReview":[],"Car":[],"Recipe":[],"Service":[],"SoftwareApplication":[],"WebPage":[]},"graphName":"NewsArticle","isEnabled":true},"graphs":[]},"schema_type":"default","schema_type_options":null,"pillar_content":false,"robots_default":true,"robots_noindex":false,"robots_noarchive":false,"robots_nosnippet":false,"robots_nofollow":false,"robots_noimageindex":false,"robots_noodp":false,"robots_notranslate":false,"robots_max_snippet":"-1","robots_max_videopreview":"-1","robots_max_imagepreview":"large","priority":null,"frequency":"default","local_seo":null,"seo_analyzer_scan_date":"2026-02-25 00:13:20","breadcrumb_settings":null,"limit_modified_date":false,"reviewed_by":"0","open_ai":null,"ai":{"faqs":[],"keyPoints":[],"titles":[],"descriptions":[],"socialPosts":{"email":[],"linkedin":[],"twitter":[],"facebook":[],"instagram":[]}},"created":"2026-01-16 12:52:01","updated":"2026-03-06 15:45:36"},"aioseo_breadcrumb":"<div class=\"aioseo-breadcrumbs\"><span class=\"aioseo-breadcrumb\">\n\t<a href=\"https:\/\/soymigrante.com\/revista\" title=\"Home\">Home<\/a>\n<\/span><span class=\"aioseo-breadcrumb-separator\">\u00bb<\/span><span class=\"aioseo-breadcrumb\">\n\t<a href=\"https:\/\/soymigrante.com\/revista\/category\/bienestar\/\" title=\"Bienestar\">Bienestar<\/a>\n<\/span><span class=\"aioseo-breadcrumb-separator\">\u00bb<\/span><span class=\"aioseo-breadcrumb\">\n\t<a href=\"https:\/\/soymigrante.com\/revista\/category\/bienestar\/salud-emocional\/\" title=\"Salud Emocional\">Salud Emocional<\/a>\n<\/span><span class=\"aioseo-breadcrumb-separator\">\u00bb<\/span><span class=\"aioseo-breadcrumb\">\n\tManual gratuito de metas: Trat\u00e1 el cansancio como dato, no como falla ni fracaso\n<\/span><\/div>","aioseo_breadcrumb_json":[{"label":"Home","link":"https:\/\/soymigrante.com\/revista"},{"label":"Bienestar","link":"https:\/\/soymigrante.com\/revista\/category\/bienestar\/"},{"label":"Salud Emocional","link":"https:\/\/soymigrante.com\/revista\/category\/bienestar\/salud-emocional\/"},{"label":"Manual gratuito de metas: Trat\u00e1 el cansancio como dato, no como falla ni fracaso","link":"https:\/\/soymigrante.com\/revista\/manual-gratuito-de-metas-trata-el-cansancio-como-dato-no-como-falla-ni-fracaso\/"}],"_links":{"self":[{"href":"https:\/\/soymigrante.com\/revista\/wp-json\/wp\/v2\/posts\/51164","targetHints":{"allow":["GET"]}}],"collection":[{"href":"https:\/\/soymigrante.com\/revista\/wp-json\/wp\/v2\/posts"}],"about":[{"href":"https:\/\/soymigrante.com\/revista\/wp-json\/wp\/v2\/types\/post"}],"author":[{"embeddable":true,"href":"https:\/\/soymigrante.com\/revista\/wp-json\/wp\/v2\/users\/1"}],"replies":[{"embeddable":true,"href":"https:\/\/soymigrante.com\/revista\/wp-json\/wp\/v2\/comments?post=51164"}],"version-history":[{"count":8,"href":"https:\/\/soymigrante.com\/revista\/wp-json\/wp\/v2\/posts\/51164\/revisions"}],"predecessor-version":[{"id":51174,"href":"https:\/\/soymigrante.com\/revista\/wp-json\/wp\/v2\/posts\/51164\/revisions\/51174"}],"wp:featuredmedia":[{"embeddable":true,"href":"https:\/\/soymigrante.com\/revista\/wp-json\/wp\/v2\/media\/51165"}],"wp:attachment":[{"href":"https:\/\/soymigrante.com\/revista\/wp-json\/wp\/v2\/media?parent=51164"}],"wp:term":[{"taxonomy":"category","embeddable":true,"href":"https:\/\/soymigrante.com\/revista\/wp-json\/wp\/v2\/categories?post=51164"},{"taxonomy":"post_tag","embeddable":true,"href":"https:\/\/soymigrante.com\/revista\/wp-json\/wp\/v2\/tags?post=51164"}],"curies":[{"name":"wp","href":"https:\/\/api.w.org\/{rel}","templated":true}]}}