{"id":51150,"date":"2026-01-16T05:47:41","date_gmt":"2026-01-16T11:47:41","guid":{"rendered":"https:\/\/soymigrante.com\/revista\/?p=51150"},"modified":"2026-01-16T05:47:48","modified_gmt":"2026-01-16T11:47:48","slug":"menos-migrantes-menor-crecimiento-instituto-brookings-advierte-impactos-en-consumo-y-pib-en-usa","status":"publish","type":"post","link":"https:\/\/soymigrante.com\/revista\/menos-migrantes-menor-crecimiento-instituto-brookings-advierte-impactos-en-consumo-y-pib-en-usa\/","title":{"rendered":"Menos migrantes, menor crecimiento: Instituto Brookings advierte impactos en consumo y PIB en USA"},"content":{"rendered":"\t\t<div data-elementor-type=\"wp-post\" data-elementor-id=\"51150\" class=\"elementor elementor-51150\" data-elementor-post-type=\"post\">\n\t\t\t\t<div data-particle_enable=\"false\" data-particle-mobile-disabled=\"false\" class=\"elementor-element elementor-element-b4ba803 e-flex e-con-boxed e-con e-parent\" data-id=\"b4ba803\" data-element_type=\"container\" data-e-type=\"container\">\n\t\t\t\t\t<div class=\"e-con-inner\">\n\t\t\t\t<div class=\"elementor-element elementor-element-3c00245 elementor-widget elementor-widget-heading\" data-id=\"3c00245\" data-element_type=\"widget\" data-e-type=\"widget\" data-widget_type=\"heading.default\">\n\t\t\t\t\t<h2 class=\"elementor-heading-title elementor-size-default\">Con cifras de migraci\u00f3n m\u00e1s bajas en 50 a\u00f1os, debido a las pol\u00edticas implementadas por segundo gobierno de Trump, Brookings Institute proyecta efectos en la econom\u00eda: ca\u00edda en consumo y mayores costos.<\/h2>\t\t\t\t<\/div>\n\t\t\t\t\t<\/div>\n\t\t\t\t<\/div>\n\t\t<div data-particle_enable=\"false\" data-particle-mobile-disabled=\"false\" class=\"elementor-element elementor-element-6b91423 e-flex e-con-boxed e-con e-parent\" data-id=\"6b91423\" data-element_type=\"container\" data-e-type=\"container\">\n\t\t\t\t\t<div class=\"e-con-inner\">\n\t\t\t\t<div class=\"elementor-element elementor-element-51eaac8 elementor-widget elementor-widget-text-editor\" data-id=\"51eaac8\" data-element_type=\"widget\" data-e-type=\"widget\" data-widget_type=\"text-editor.default\">\n\t\t\t\t\t\t\t\t\t<p data-start=\"348\" data-end=\"795\">La reducci\u00f3n de la inmigraci\u00f3n neta en Estados Unidos est\u00e1 comenzando a reflejarse con claridad en el desempe\u00f1o econ\u00f3mico del pa\u00eds. <a href=\"https:\/\/www.brookings.edu\/articles\/macroeconomic-implications-of-immigration-flows-in-2025-and-2026-january-2026-update\/\">Un nuevo an\u00e1lisis del <strong data-start=\"502\" data-end=\"527\">Brookings Institution<\/strong><\/a> advierte que los cambios recientes en la pol\u00edtica migratoria han tenido efectos negativos medibles sobre el crecimiento del Producto Interno Bruto (PIB), el<a href=\"https:\/\/soymigrante.com\/revista\/migrantes-indocumentados-aportan-us100-mil-millones-en-impuestos-a-estados-unidos\/\"> consumo de los hogares<\/a> y la evoluci\u00f3n del mercado laboral, con impactos que se extender\u00e1n al menos hasta 2026.<\/p><p data-start=\"797\" data-end=\"1170\">De acuerdo con las estimaciones de Brookings, Estados Unidos habr\u00eda registrado en 2025 <strong data-start=\"884\" data-end=\"938\">migraci\u00f3n neta negativa por primera vez en d\u00e9cadas<\/strong>, con flujos que oscilan entre \u2013295 mil y \u201310 mil personas. El instituto considera probable que esta tendencia contin\u00fae en 2026, en un contexto de alta incertidumbre regulatoria y mayor aplicaci\u00f3n de<a href=\"https:\/\/soymigrante.com\/revista\/temor-a-redadas-en-usa-puede-poner-en-riesgo-a-madres-y-bebes\/\"> pol\u00edticas de control migratorio.<\/a>\u00a0 Brookings Institute <a href=\"https:\/\/www.brookings.edu\/about-us\/our-history\/\">tiene m\u00e1s de 100 a\u00f1os de analizar pol\u00edticas p\u00fablicas con enfoque no partidista.<\/a><\/p>\t\t\t\t\t\t\t\t<\/div>\n\t\t\t\t\t<\/div>\n\t\t\t\t<\/div>\n\t\t<div data-particle_enable=\"false\" data-particle-mobile-disabled=\"false\" class=\"elementor-element elementor-element-100fa9c e-flex e-con-boxed e-con e-parent\" data-id=\"100fa9c\" data-element_type=\"container\" data-e-type=\"container\">\n\t\t\t\t\t<div class=\"e-con-inner\">\n\t\t\t\t<div class=\"elementor-element elementor-element-fe57f8a elementor-widget elementor-widget-image\" data-id=\"fe57f8a\" data-element_type=\"widget\" data-e-type=\"widget\" data-widget_type=\"image.default\">\n\t\t\t\t\t\t\t\t\t\t\t\t<figure class=\"wp-caption\">\n\t\t\t\t\t\t\t\t\t\t<img fetchpriority=\"high\" decoding=\"async\" width=\"350\" height=\"350\" src=\"https:\/\/soymigrante.com\/revista\/wp-content\/uploads\/2026\/01\/chicago-ice-detenciones-migrantes-1.png\" class=\"attachment-large size-large wp-image-51157\" alt=\"Las redadas y otras medidas antimigrantes tendr\u00e1n impactos econ\u00f3micos sobre la producci\u00f3n y el empleo en 2026, se\u00f1ala Brookings.edu\" srcset=\"https:\/\/soymigrante.com\/revista\/wp-content\/uploads\/2026\/01\/chicago-ice-detenciones-migrantes-1.png 350w, https:\/\/soymigrante.com\/revista\/wp-content\/uploads\/2026\/01\/chicago-ice-detenciones-migrantes-1-300x300.png 300w, https:\/\/soymigrante.com\/revista\/wp-content\/uploads\/2026\/01\/chicago-ice-detenciones-migrantes-1-150x150.png 150w, https:\/\/soymigrante.com\/revista\/wp-content\/uploads\/2026\/01\/chicago-ice-detenciones-migrantes-1-75x75.png 75w\" sizes=\"(max-width: 350px) 100vw, 350px\" title=\"Las redadas y otras medidas antimigrantes tendr\u00e1n impactos econ\u00f3micos sobre la producci\u00f3n y el empleo en 2026, se\u00f1ala Brookings.edu \u2013 SoyMigrante.com REVISTA\" \/>\t\t\t\t\t\t\t\t\t\t\t<figcaption class=\"widget-image-caption wp-caption-text\">Las redadas y otras medidas antimigrantes tendr\u00e1n impactos econ\u00f3micos sobre la producci\u00f3n y el empleo en 2026, se\u00f1ala Brookings.edu<\/figcaption>\n\t\t\t\t\t\t\t\t\t\t<\/figure>\n\t\t\t\t\t\t\t\t\t<\/div>\n\t\t\t\t\t<\/div>\n\t\t\t\t<\/div>\n\t\t<div data-particle_enable=\"false\" data-particle-mobile-disabled=\"false\" class=\"elementor-element elementor-element-335df59 e-flex e-con-boxed e-con e-parent\" data-id=\"335df59\" data-element_type=\"container\" data-e-type=\"container\">\n\t\t\t\t\t<div class=\"e-con-inner\">\n\t\t\t\t<div class=\"elementor-element elementor-element-0737a65 elementor-widget elementor-widget-text-editor\" data-id=\"0737a65\" data-element_type=\"widget\" data-e-type=\"widget\" data-widget_type=\"text-editor.default\">\n\t\t\t\t\t\t\t\t\t<p data-start=\"348\" data-end=\"795\"><span style=\"color: #000000; font-family: Mulish, sans-serif; font-size: 29px; font-weight: bold;\">Impacto directo sobre el crecimiento econ\u00f3mico<\/span><\/p><p data-start=\"1224\" data-end=\"1611\">El an\u00e1lisis traduce la menor llegada de inmigrantes en una reducci\u00f3n del crecimiento de la fuerza laboral y, por ende, de la producci\u00f3n total. Solo por la <a href=\"https:\/\/soymigrante.com\/revista\/migrantes-ocupan-trabajos-que-estadounidenses-no-desean-afirma-estudio-del-pew-center\/\">menor contribuci\u00f3n directa de los inmigrantes al empleo<\/a> y la generaci\u00f3n de bienes y servicios, el crecimiento del PIB real se habr\u00eda reducido <strong data-start=\"1521\" data-end=\"1572\">en alrededor de 0.2 puntos porcentuales en 2025<\/strong> y <strong data-start=\"1575\" data-end=\"1610\">0.1 puntos porcentuales en 2026<\/strong>.<\/p><p data-start=\"1613\" data-end=\"1797\">Pero el efecto no se limita a la oferta laboral. <a href=\"https:\/\/www.brookings.edu\/articles\/macroeconomic-implications-of-immigration-flows-in-2025-and-2026-january-2026-update\/\">Brookings <\/a>subraya que la inmigraci\u00f3n tambi\u00e9n impulsa la demanda, y que la contracci\u00f3n del consumo amplifica el impacto econ\u00f3mico total.<\/p><h3 data-start=\"1799\" data-end=\"1840\">Ca\u00edda del consumo y efectos en cadena<\/h3><p data-start=\"1842\" data-end=\"2178\">Seg\u00fan el estudio, el gasto de los consumidores inmigrantes se ve afectado por dos factores clave: hay menos inmigrantes viviendo en Estados Unidos y, adem\u00e1s, quienes permanecen en el pa\u00eds<a href=\"https:\/\/soymigrante.com\/revista\/temor-por-politicas-antimigrantes-disparo-envio-remesas-en-2025-afirma-analisis-del-dialogo-interamericano\/\"> <strong data-start=\"2030\" data-end=\"2078\">reducen su consumo por motivos de precauci\u00f3n<\/strong><\/a>, ante un entorno de mayor vigilancia, incertidumbre legal y temor a exponerse en espacios p\u00fablicos.<\/p><p data-start=\"2180\" data-end=\"2401\">Este freno al consumo toma por sorpresa a muchos negocios, <a href=\"https:\/\/soymigrante.com\/revista\/emprendedor-guatemalteco-impulsa-donacion-de-alimentos-a-familias-migrantes-en-minesota\/\">que responden ajustando costos, reduciendo inversi\u00f3n o incluso despidiendo trabajadores<\/a>, lo que genera <strong data-start=\"2342\" data-end=\"2379\">efectos multiplicadores negativos<\/strong> sobre el crecimiento.<\/p><p data-start=\"2403\" data-end=\"2751\">Brookings estima que estas din\u00e1micas implicaron <strong data-start=\"2451\" data-end=\"2530\">entre 40 mil y 60 mil millones de d\u00f3lares menos en gasto de consumo en 2025<\/strong> respecto a 2024. Para 2026, la reducci\u00f3n adicional se ubicar\u00eda entre <strong data-start=\"2600\" data-end=\"2639\">10 mil y 40 mil millones de d\u00f3lares<\/strong>, cifras que ayudan a explicar la debilidad inesperada de la demanda reportada por algunos sectores comerciales.<\/p>\t\t\t\t\t\t\t\t<\/div>\n\t\t\t\t\t<\/div>\n\t\t\t\t<\/div>\n\t\t<div data-particle_enable=\"false\" data-particle-mobile-disabled=\"false\" class=\"elementor-element elementor-element-73e23e8 e-flex e-con-boxed e-con e-parent\" data-id=\"73e23e8\" data-element_type=\"container\" data-e-type=\"container\">\n\t\t\t\t\t<div class=\"e-con-inner\">\n\t\t\t\t<div class=\"elementor-element elementor-element-3e615cd elementor-grid-eael-col-1 elementor-grid-tablet-eael-col-2 elementor-grid-mobile-eael-col-1 elementor-widget elementor-widget-eael-post-grid\" data-id=\"3e615cd\" data-element_type=\"widget\" data-e-type=\"widget\" data-settings=\"{&quot;eael_post_grid_columns&quot;:&quot;eael-col-1&quot;,&quot;eael_post_grid_columns_tablet&quot;:&quot;eael-col-2&quot;,&quot;eael_post_grid_columns_mobile&quot;:&quot;eael-col-1&quot;}\" data-widget_type=\"eael-post-grid.default\">\n\t\t\t\t\t<div id=\"eael-post-grid-3e615cd\" class=\"eael-post-grid-container\">\n            <div class=\"eael-post-grid eael-post-appender eael-post-appender-3e615cd eael-post-grid-style-one\" data-layout-mode=\"masonry\"><article class=\"eael-grid-post  eael-post-grid-column eael-pg-post-22222 category-estamos-unidos\" data-id=\"22222\">\n        <div class=\"eael-grid-post-holder\">\n            <div class=\"eael-grid-post-holder-inner\"><div class=\"eael-entry-media\"><div class=\"eael-entry-overlay fade-in\"><i class=\"far fa-hand-pointer\" aria-hidden=\"true\"><\/i><a href=\"https:\/\/soymigrante.com\/revista\/migrantes-ocupan-trabajos-que-estadounidenses-no-desean-afirma-estudio-del-pew-center\/\"><\/a><\/div><div class=\"eael-entry-thumbnail eael-image-ratio\">\n                <img decoding=\"async\" width=\"1024\" height=\"1024\" src=\"https:\/\/soymigrante.com\/revista\/wp-content\/uploads\/2025\/01\/trabajo-de-limpieza-usa-copia-1024x1024.jpg\" class=\"attachment-large size-large wp-image-22259\" alt=\"Trabajador de restauraci\u00f3n limpiando en cocina profesional, ambiente de gastronom\u00eda moderna, enfoque en higiene y trabajo en equipo para la excelencia culinaria.\" srcset=\"https:\/\/soymigrante.com\/revista\/wp-content\/uploads\/2025\/01\/trabajo-de-limpieza-usa-copia-1024x1024.jpg 1024w, https:\/\/soymigrante.com\/revista\/wp-content\/uploads\/2025\/01\/trabajo-de-limpieza-usa-copia-300x300.jpg 300w, https:\/\/soymigrante.com\/revista\/wp-content\/uploads\/2025\/01\/trabajo-de-limpieza-usa-copia-150x150.jpg 150w, https:\/\/soymigrante.com\/revista\/wp-content\/uploads\/2025\/01\/trabajo-de-limpieza-usa-copia-768x768.jpg 768w, https:\/\/soymigrante.com\/revista\/wp-content\/uploads\/2025\/01\/trabajo-de-limpieza-usa-copia-1536x1536.jpg 1536w, https:\/\/soymigrante.com\/revista\/wp-content\/uploads\/2025\/01\/trabajo-de-limpieza-usa-copia-2048x2048.jpg 2048w, https:\/\/soymigrante.com\/revista\/wp-content\/uploads\/2025\/01\/trabajo-de-limpieza-usa-copia-75x75.webp 75w, https:\/\/soymigrante.com\/revista\/wp-content\/uploads\/2025\/01\/trabajo-de-limpieza-usa-copia-750x750.webp 750w, https:\/\/soymigrante.com\/revista\/wp-content\/uploads\/2025\/01\/trabajo-de-limpieza-usa-copia-1140x1140.webp 1140w, https:\/\/soymigrante.com\/revista\/wp-content\/uploads\/2025\/01\/trabajo-de-limpieza-usa-copia-scaled.webp 1920w\" sizes=\"(max-width: 1024px) 100vw, 1024px\" \/>\n            <\/div>\n        <\/div><div class=\"eael-entry-wrapper\"><header class=\"eael-entry-header\"><h2 class=\"eael-entry-title\"><a class=\"eael-grid-post-link\" href=\"https:\/\/soymigrante.com\/revista\/migrantes-ocupan-trabajos-que-estadounidenses-no-desean-afirma-estudio-del-pew-center\/\" title=\"Migrantes desempe\u00f1an trabajos que ciudadanos no desean, afirma estudio del Pew Center\">Migrantes desempe\u00f1an trabajos que ciudadanos no desean, afirma estudio del Pew Center<\/a><\/h2><\/header><div class=\"eael-entry-content\">\n                        <div class=\"eael-grid-post-excerpt\"><a href=\"https:\/\/soymigrante.com\/revista\/migrantes-ocupan-trabajos-que-estadounidenses-no-desean-afirma-estudio-del-pew-center\/\" class=\"eael-post-elements-readmore-btn\">CONOCE SU HISTORIA <\/a><\/div>\n                    <\/div><\/div><\/div>\n        <\/div>\n    <\/article><\/div>\n            <div class=\"clearfix\"><\/div>\n        <\/div>\t\t\t\t<\/div>\n\t\t\t\t\t<\/div>\n\t\t\t\t<\/div>\n\t\t<div data-particle_enable=\"false\" data-particle-mobile-disabled=\"false\" class=\"elementor-element elementor-element-f45ca8a e-flex e-con-boxed e-con e-parent\" data-id=\"f45ca8a\" data-element_type=\"container\" data-e-type=\"container\">\n\t\t\t\t\t<div class=\"e-con-inner\">\n\t\t\t\t<div class=\"elementor-element elementor-element-df83a40 elementor-widget elementor-widget-text-editor\" data-id=\"df83a40\" data-element_type=\"widget\" data-e-type=\"widget\" data-widget_type=\"text-editor.default\">\n\t\t\t\t\t\t\t\t\t<p data-start=\"348\" data-end=\"795\"><span style=\"color: #000000; font-family: Mulish, sans-serif; font-size: 29px; font-weight: bold;\">Efecto total sobre el PIB<\/span><\/p><p data-start=\"2784\" data-end=\"3187\">Sumando la menor oferta laboral, la ca\u00edda del consumo y un aumento del ahorro precautorio entre inmigrantes \u2014considerado especialmente en el escenario m\u00e1s restrictivo\u2014, Brookings calcula que el crecimiento del PIB en 2025 se redujo <strong data-start=\"3016\" data-end=\"3057\">entre \u20130.2 y \u20130.3 puntos porcentuales<\/strong>. Para 2026, el impacto ser\u00eda de <strong data-start=\"3090\" data-end=\"3131\">entre \u20130.1 y \u20130.3 puntos porcentuales<\/strong>, dependiendo de la evoluci\u00f3n de la pol\u00edtica migratoria.<\/p><p data-start=\"3189\" data-end=\"3372\">Estas proyecciones asumen que la Reserva Federal <strong data-start=\"3238\" data-end=\"3273\">no relaja la pol\u00edtica monetaria<\/strong> en respuesta a la menor expansi\u00f3n potencial del empleo causada por la reducci\u00f3n de la inmigraci\u00f3n.<\/p><h3 data-start=\"3374\" data-end=\"3410\">Se\u00f1ales enga\u00f1osas<\/h3><p data-start=\"3412\" data-end=\"3881\">El instituto advierte que el crecimiento del empleo podr\u00eda mantenerse <strong data-start=\"3482\" data-end=\"3528\">muy por debajo de los promedios hist\u00f3ricos<\/strong>, con una creaci\u00f3n mensual de puestos de trabajo de apenas 50 mil o menos, e incluso con riesgo de cifras negativas en 2026. En este contexto, Brookings recomienda observar con atenci\u00f3n la tasa de desempleo para distinguir entre una debilidad c\u00edclica \u2014susceptible de respuesta monetaria\u2014 y una restricci\u00f3n estructural derivada de la pol\u00edtica migratoria.<\/p><p data-start=\"3883\" data-end=\"4141\">Algunos sectores econ\u00f3micos, en particular aquellos que dependen del consumo de comunidades inmigrantes, enfrentar\u00e1n una <strong data-start=\"4004\" data-end=\"4029\">debilidad persistente<\/strong> que no responde a un ciclo econ\u00f3mico tradicional, sino a un nuevo equilibrio impuesto por la menor inmigraci\u00f3n.<\/p><h3 data-start=\"4143\" data-end=\"4197\">Inflaci\u00f3n y pol\u00edtica monetaria: un efecto limitado<\/h3><p data-start=\"4199\" data-end=\"4506\">Contrario a algunos temores, Brookings considera que el impacto de la inmigraci\u00f3n sobre la inflaci\u00f3n es probablemente reducido. Esto se debe a que los inmigrantes no solo aumentan la oferta de trabajo, sino tambi\u00e9n la demanda de bienes y servicios, por lo que su ausencia puede contrar ambos lados de la ecuaci\u00f3n.<\/p><p data-start=\"4508\" data-end=\"4769\">En este escenario, el instituto recomienda que cualquier postura monetaria m\u00e1s acomodaticia se adopte <strong data-start=\"4610\" data-end=\"4625\">con cautela<\/strong>, reconociendo que parte de la desaceleraci\u00f3n econ\u00f3mica responde a cambios estructurales y no necesariamente a un deterioro del ciclo econ\u00f3mico.<\/p>\t\t\t\t\t\t\t\t<\/div>\n\t\t\t\t\t<\/div>\n\t\t\t\t<\/div>\n\t\t<div data-particle_enable=\"false\" data-particle-mobile-disabled=\"false\" class=\"elementor-element elementor-element-5955e7d e-flex e-con-boxed e-con e-parent\" data-id=\"5955e7d\" data-element_type=\"container\" data-e-type=\"container\">\n\t\t\t\t\t<div class=\"e-con-inner\">\n\t\t\t\t<div class=\"elementor-element elementor-element-70896e3 elementor-widget elementor-widget-text-editor\" data-id=\"70896e3\" data-element_type=\"widget\" data-e-type=\"widget\" data-widget_type=\"text-editor.default\">\n\t\t\t\t\t\t\t\t\t<p><a href=\"https:\/\/www.brookings.edu\/articles\/macroeconomic-implications-of-immigration-flows-in-2025-and-2026-january-2026-update\/\">El an\u00e1lisis de Brookings Institute completo en ingl\u00e9s est\u00e1 aqui<\/a><\/p>\t\t\t\t\t\t\t\t<\/div>\n\t\t\t\t\t<\/div>\n\t\t\t\t<\/div>\n\t\t<div data-particle_enable=\"false\" data-particle-mobile-disabled=\"false\" class=\"elementor-element elementor-element-841656a e-flex e-con-boxed e-con e-parent\" data-id=\"841656a\" data-element_type=\"container\" data-e-type=\"container\">\n\t\t\t\t\t<div class=\"e-con-inner\">\n\t\t\t\t<div class=\"elementor-element elementor-element-b6fe143 elementor-widget elementor-widget-heading\" data-id=\"b6fe143\" data-element_type=\"widget\" data-e-type=\"widget\" data-widget_type=\"heading.default\">\n\t\t\t\t\t<h2 class=\"elementor-heading-title elementor-size-default\">Tambi\u00e9n te podr\u00eda interesar<\/h2>\t\t\t\t<\/div>\n\t\t\t\t\t<\/div>\n\t\t\t\t<\/div>\n\t\t<div data-particle_enable=\"false\" data-particle-mobile-disabled=\"false\" class=\"elementor-element elementor-element-eeaf2a0 e-flex e-con-boxed e-con e-parent\" data-id=\"eeaf2a0\" data-element_type=\"container\" data-e-type=\"container\">\n\t\t\t\t\t<div class=\"e-con-inner\">\n\t\t\t\t<div class=\"elementor-element elementor-element-424cc89 elementor-grid-eael-col-3 elementor-grid-tablet-eael-col-2 elementor-grid-mobile-eael-col-1 elementor-widget elementor-widget-eael-post-grid\" data-id=\"424cc89\" data-element_type=\"widget\" data-e-type=\"widget\" data-settings=\"{&quot;eael_post_grid_columns&quot;:&quot;eael-col-3&quot;,&quot;eael_post_grid_columns_tablet&quot;:&quot;eael-col-2&quot;,&quot;eael_post_grid_columns_mobile&quot;:&quot;eael-col-1&quot;}\" data-widget_type=\"eael-post-grid.default\">\n\t\t\t\t\t<div id=\"eael-post-grid-424cc89\" class=\"eael-post-grid-container\">\n            <div class=\"eael-post-grid eael-post-appender eael-post-appender-424cc89 eael-post-grid-style-one\" data-layout-mode=\"masonry\"><article class=\"eael-grid-post  eael-post-grid-column eael-pg-post-50639 category-estamos-unidos tags-remesas-migrantes\" data-id=\"50639\">\n        <div class=\"eael-grid-post-holder\">\n            <div class=\"eael-grid-post-holder-inner\"><div class=\"eael-entry-media\"><div class=\"eael-entry-overlay fade-in\"><i class=\"far fa-hand-pointer\" aria-hidden=\"true\"><\/i><a href=\"https:\/\/soymigrante.com\/revista\/temor-por-politicas-antimigrantes-disparo-envio-remesas-en-2025-afirma-analisis-del-dialogo-interamericano\/\"><\/a><\/div><div class=\"eael-entry-thumbnail eael-image-ratio\">\n                <img decoding=\"async\" width=\"1024\" height=\"1024\" src=\"https:\/\/soymigrante.com\/revista\/wp-content\/uploads\/2026\/01\/envio-remesas-2025-dialogo-interamericano.png\" class=\"attachment-large size-large wp-image-50640\" alt=\"envio remesas 2025 dialogo interamericano\" srcset=\"https:\/\/soymigrante.com\/revista\/wp-content\/uploads\/2026\/01\/envio-remesas-2025-dialogo-interamericano.png 1024w, https:\/\/soymigrante.com\/revista\/wp-content\/uploads\/2026\/01\/envio-remesas-2025-dialogo-interamericano-300x300.png 300w, https:\/\/soymigrante.com\/revista\/wp-content\/uploads\/2026\/01\/envio-remesas-2025-dialogo-interamericano-150x150.png 150w, https:\/\/soymigrante.com\/revista\/wp-content\/uploads\/2026\/01\/envio-remesas-2025-dialogo-interamericano-768x768.png 768w, https:\/\/soymigrante.com\/revista\/wp-content\/uploads\/2026\/01\/envio-remesas-2025-dialogo-interamericano-75x75.png 75w, https:\/\/soymigrante.com\/revista\/wp-content\/uploads\/2026\/01\/envio-remesas-2025-dialogo-interamericano-750x750.png 750w\" sizes=\"(max-width: 1024px) 100vw, 1024px\" \/>\n            <\/div>\n        <\/div><div class=\"eael-entry-wrapper\"><header class=\"eael-entry-header\"><h2 class=\"eael-entry-title\"><a class=\"eael-grid-post-link\" href=\"https:\/\/soymigrante.com\/revista\/temor-por-politicas-antimigrantes-disparo-envio-remesas-en-2025-afirma-analisis-del-dialogo-interamericano\/\" title=\"Temor por pol\u00edticas antimigrantes dispar\u00f3 env\u00edo remesas en 2025, afirma an\u00e1lisis del Di\u00e1logo Interamericano\">Temor por pol\u00edticas antimigrantes dispar\u00f3 env\u00edo remesas en 2025, afirma an\u00e1lisis del Di\u00e1logo Interamericano<\/a><\/h2><\/header><div class=\"eael-entry-content\">\n                        <div class=\"eael-grid-post-excerpt\"><a href=\"https:\/\/soymigrante.com\/revista\/temor-por-politicas-antimigrantes-disparo-envio-remesas-en-2025-afirma-analisis-del-dialogo-interamericano\/\" class=\"eael-post-elements-readmore-btn\">CONOCE SU HISTORIA <\/a><\/div>\n                    <\/div><\/div><\/div>\n        <\/div>\n    <\/article><article class=\"eael-grid-post  eael-post-grid-column eael-pg-post-50988 category-noticias\" data-id=\"50988\">\n        <div class=\"eael-grid-post-holder\">\n            <div class=\"eael-grid-post-holder-inner\"><div class=\"eael-entry-media\"><div class=\"eael-entry-overlay fade-in\"><i class=\"far fa-hand-pointer\" aria-hidden=\"true\"><\/i><a href=\"https:\/\/soymigrante.com\/revista\/primer-ano-segundo-periodo-trump-agresivo-giro-politicas-antimigrantes-migration-policy-institute-analisis-2025\/\"><\/a><\/div><div class=\"eael-entry-thumbnail eael-image-ratio\">\n                <img loading=\"lazy\" decoding=\"async\" width=\"538\" height=\"538\" src=\"https:\/\/soymigrante.com\/revista\/wp-content\/uploads\/2026\/01\/redadas-migrantes-primer-ano-trump-4.png\" class=\"attachment-large size-large wp-image-50989\" alt=\"redadas migrantes primer a\u00f1o trump 4\" srcset=\"https:\/\/soymigrante.com\/revista\/wp-content\/uploads\/2026\/01\/redadas-migrantes-primer-ano-trump-4.png 538w, https:\/\/soymigrante.com\/revista\/wp-content\/uploads\/2026\/01\/redadas-migrantes-primer-ano-trump-4-300x300.png 300w, https:\/\/soymigrante.com\/revista\/wp-content\/uploads\/2026\/01\/redadas-migrantes-primer-ano-trump-4-150x150.png 150w, https:\/\/soymigrante.com\/revista\/wp-content\/uploads\/2026\/01\/redadas-migrantes-primer-ano-trump-4-75x75.png 75w\" sizes=\"(max-width: 538px) 100vw, 538px\" \/>\n            <\/div>\n        <\/div><div class=\"eael-entry-wrapper\"><header class=\"eael-entry-header\"><h2 class=\"eael-entry-title\"><a class=\"eael-grid-post-link\" href=\"https:\/\/soymigrante.com\/revista\/primer-ano-segundo-periodo-trump-agresivo-giro-politicas-antimigrantes-migration-policy-institute-analisis-2025\/\" title=\"Agresivo giro en pol\u00edticas antimigrantes en un a\u00f1o del segundo t\u00e9rmino Trump: analiza Migration Policy Institute\">Agresivo giro en pol\u00edticas antimigrantes en un a\u00f1o del segundo t\u00e9rmino Trump: analiza Migration Policy Institute<\/a><\/h2><\/header><div class=\"eael-entry-content\">\n                        <div class=\"eael-grid-post-excerpt\"><a href=\"https:\/\/soymigrante.com\/revista\/primer-ano-segundo-periodo-trump-agresivo-giro-politicas-antimigrantes-migration-policy-institute-analisis-2025\/\" class=\"eael-post-elements-readmore-btn\">CONOCE SU HISTORIA <\/a><\/div>\n                    <\/div><\/div><\/div>\n        <\/div>\n    <\/article><article class=\"eael-grid-post  eael-post-grid-column eael-pg-post-51135 category-lugar-de-voces\" data-id=\"51135\">\n        <div class=\"eael-grid-post-holder\">\n            <div class=\"eael-grid-post-holder-inner\"><div class=\"eael-entry-media\"><div class=\"eael-entry-overlay fade-in\"><i class=\"far fa-hand-pointer\" aria-hidden=\"true\"><\/i><a href=\"https:\/\/soymigrante.com\/revista\/en-minesota-hay-temor-pero-tambien-hay-solidaridad-testimonio-de-migrante-guatemalteco\/\"><\/a><\/div><div class=\"eael-entry-thumbnail eael-image-ratio\">\n                <img loading=\"lazy\" decoding=\"async\" width=\"900\" height=\"900\" src=\"https:\/\/soymigrante.com\/revista\/wp-content\/uploads\/2026\/01\/foto-javier-samayoa.jpg\" class=\"attachment-large size-large wp-image-51146\" alt=\"foto javier samayoa\" srcset=\"https:\/\/soymigrante.com\/revista\/wp-content\/uploads\/2026\/01\/foto-javier-samayoa.jpg 900w, https:\/\/soymigrante.com\/revista\/wp-content\/uploads\/2026\/01\/foto-javier-samayoa-300x300.jpg 300w, https:\/\/soymigrante.com\/revista\/wp-content\/uploads\/2026\/01\/foto-javier-samayoa-150x150.jpg 150w, https:\/\/soymigrante.com\/revista\/wp-content\/uploads\/2026\/01\/foto-javier-samayoa-768x768.jpg 768w, https:\/\/soymigrante.com\/revista\/wp-content\/uploads\/2026\/01\/foto-javier-samayoa-75x75.jpg 75w, https:\/\/soymigrante.com\/revista\/wp-content\/uploads\/2026\/01\/foto-javier-samayoa-750x750.jpg 750w\" sizes=\"(max-width: 900px) 100vw, 900px\" \/>\n            <\/div>\n        <\/div><div class=\"eael-entry-wrapper\"><header class=\"eael-entry-header\"><h2 class=\"eael-entry-title\"><a class=\"eael-grid-post-link\" href=\"https:\/\/soymigrante.com\/revista\/en-minesota-hay-temor-pero-tambien-hay-solidaridad-testimonio-de-migrante-guatemalteco\/\" title=\"En Minesota hay temor pero tambi\u00e9n hay solidaridad: testimonio de migrante guatemalteco\">En Minesota hay temor pero tambi\u00e9n hay solidaridad: testimonio de migrante guatemalteco<\/a><\/h2><\/header><div class=\"eael-entry-content\">\n                        <div class=\"eael-grid-post-excerpt\"><a href=\"https:\/\/soymigrante.com\/revista\/en-minesota-hay-temor-pero-tambien-hay-solidaridad-testimonio-de-migrante-guatemalteco\/\" class=\"eael-post-elements-readmore-btn\">CONOCE SU HISTORIA <\/a><\/div>\n                    <\/div><\/div><\/div>\n        <\/div>\n    <\/article><\/div>\n            <div class=\"clearfix\"><\/div>\n        <\/div>\t\t\t\t<\/div>\n\t\t\t\t\t<\/div>\n\t\t\t\t<\/div>\n\t\t\t\t<\/div>\n\t\t","protected":false},"excerpt":{"rendered":"<p>Con cifras de migraci\u00f3n m\u00e1s bajas en 50 a\u00f1os, debido a las pol\u00edticas implementadas por segundo gobierno de Trump, Brookings Institute proyecta efectos en la econom\u00eda: ca\u00edda en consumo y mayores costos. La reducci\u00f3n de la inmigraci\u00f3n neta en Estados Unidos est\u00e1 comenzando a reflejarse con claridad en el desempe\u00f1o econ\u00f3mico del pa\u00eds. Un nuevo [&hellip;]<\/p>\n","protected":false},"author":1,"featured_media":51151,"comment_status":"open","ping_status":"open","sticky":false,"template":"","format":"standard","meta":{"_acf_changed":false,"_eb_attr":"","footnotes":""},"categories":[280],"tags":[],"class_list":["post-51150","post","type-post","status-publish","format-standard","has-post-thumbnail","hentry","category-noticias"],"acf":[],"aioseo_notices":[],"aioseo_head":"\n\t\t<!-- All in One SEO Pro 4.9.6.2 - aioseo.com -->\n\t<meta name=\"description\" content=\"&quot;El miedo de pronto me paraliz\u00f3. Tengo miedo de salir a la esquina. Solo de salir al parqueo&quot; escribi\u00f3 un amigo a Javier, un guatemalteco migrante en Minesota\" \/>\n\t<meta name=\"robots\" content=\"max-snippet:-1, max-image-preview:large, max-video-preview:-1\" \/>\n\t<meta name=\"author\" content=\"SoyMigrante.com REVISTA\"\/>\n\t<link rel=\"canonical\" href=\"https:\/\/soymigrante.com\/revista\/en-minesota-hay-temor-pero-tambien-hay-solidaridad-testimonio-de-migrante-guatemalteco\/\" \/>\n\t<meta name=\"generator\" content=\"All in One SEO Pro (AIOSEO) 4.9.6.2\" \/>\n\n\t\t<link rel=\"preconnect\" href=\"https:\/\/fonts.googleapis.com\" crossorigin>\n<link rel=\"preconnect\" href=\"https:\/\/fonts.gstatic.com\" crossorigin>\n\t\t<meta property=\"og:locale\" content=\"es_ES\" \/>\n\t\t<meta property=\"og:site_name\" content=\"SoyMigrante.com REVISTA \u2013 Nuestra misi\u00f3n es reconocer y dignificar al migrante.\" \/>\n\t\t<meta property=\"og:type\" content=\"article\" \/>\n\t\t<meta property=\"og:title\" content=\"En Minesota hay temor pero tambi\u00e9n solidaridad&quot;: Testimonio\" \/>\n\t\t<meta property=\"og:description\" content=\"&quot;El miedo de pronto me paraliz\u00f3. Tengo miedo de salir a la esquina. Solo de salir al parqueo&quot; escribi\u00f3 un amigo a Javier, un guatemalteco migrante en Minesota\" \/>\n\t\t<meta property=\"og:url\" content=\"https:\/\/soymigrante.com\/revista\/en-minesota-hay-temor-pero-tambien-hay-solidaridad-testimonio-de-migrante-guatemalteco\/\" \/>\n\t\t<meta property=\"og:image\" content=\"https:\/\/soymigrante.com\/revista\/wp-content\/uploads\/2026\/01\/foto-javier-samayoa.jpg\" \/>\n\t\t<meta property=\"og:image:secure_url\" content=\"https:\/\/soymigrante.com\/revista\/wp-content\/uploads\/2026\/01\/foto-javier-samayoa.jpg\" \/>\n\t\t<meta property=\"og:image:width\" content=\"900\" \/>\n\t\t<meta property=\"og:image:height\" content=\"900\" \/>\n\t\t<meta property=\"article:published_time\" content=\"2026-01-15T23:54:01+00:00\" \/>\n\t\t<meta property=\"article:modified_time\" content=\"2026-01-15T23:54:10+00:00\" \/>\n\t\t<meta property=\"article:publisher\" content=\"https:\/\/www.facebook.com\/soymigrantecom\" \/>\n\t\t<meta name=\"twitter:card\" content=\"summary_large_image\" \/>\n\t\t<meta name=\"twitter:site\" content=\"@SoyMigrante_com\" \/>\n\t\t<meta name=\"twitter:title\" content=\"En Minesota hay temor pero tambi\u00e9n solidaridad&quot;: Testimonio\" \/>\n\t\t<meta name=\"twitter:description\" content=\"&quot;El miedo de pronto me paraliz\u00f3. Tengo miedo de salir a la esquina. Solo de salir al parqueo&quot; escribi\u00f3 un amigo a Javier, un guatemalteco migrante en Minesota\" \/>\n\t\t<meta name=\"twitter:creator\" content=\"@SoyMigrante_com\" \/>\n\t\t<meta name=\"twitter:image\" content=\"https:\/\/soymigrante.com\/revista\/wp-content\/uploads\/2026\/01\/foto-javier-samayoa.jpg\" \/>\n\t\t<!-- All in One SEO Pro -->\r\n\t\t<title>En Minesota hay temor pero tambi\u00e9n solidaridad&quot;: Testimonio<\/title>\n\n","aioseo_head_json":{"title":"En Minesota hay temor pero tambi\u00e9n solidaridad\": Testimonio","description":"\"El miedo de pronto me paraliz\u00f3. Tengo miedo de salir a la esquina. Solo de salir al parqueo\" escribi\u00f3 un amigo a Javier, un guatemalteco migrante en Minesota","canonical_url":"https:\/\/soymigrante.com\/revista\/en-minesota-hay-temor-pero-tambien-hay-solidaridad-testimonio-de-migrante-guatemalteco\/","robots":"max-snippet:-1, max-image-preview:large, max-video-preview:-1","keywords":"","webmasterTools":{"miscellaneous":"&lt;link rel=\"preconnect\" href=\"https:\/\/fonts.googleapis.com\" crossorigin&gt;\n&lt;link rel=\"preconnect\" href=\"https:\/\/fonts.gstatic.com\" crossorigin&gt;"},"schema":null,"og:locale":"es_ES","og:site_name":"SoyMigrante.com REVISTA \u2013 Nuestra misi\u00f3n es reconocer y dignificar al migrante.","og:type":"article","og:title":"En Minesota hay temor pero tambi\u00e9n solidaridad&quot;: Testimonio","og:description":"&quot;El miedo de pronto me paraliz\u00f3. Tengo miedo de salir a la esquina. Solo de salir al parqueo&quot; escribi\u00f3 un amigo a Javier, un guatemalteco migrante en Minesota","og:url":"https:\/\/soymigrante.com\/revista\/en-minesota-hay-temor-pero-tambien-hay-solidaridad-testimonio-de-migrante-guatemalteco\/","og:image":"https:\/\/soymigrante.com\/revista\/wp-content\/uploads\/2026\/01\/foto-javier-samayoa.jpg","og:image:secure_url":"https:\/\/soymigrante.com\/revista\/wp-content\/uploads\/2026\/01\/foto-javier-samayoa.jpg","og:image:width":900,"og:image:height":900,"article:published_time":"2026-01-15T23:54:01+00:00","article:modified_time":"2026-01-15T23:54:10+00:00","article:publisher":"https:\/\/www.facebook.com\/soymigrantecom","twitter:card":"summary_large_image","twitter:site":"@SoyMigrante_com","twitter:title":"En Minesota hay temor pero tambi\u00e9n solidaridad&quot;: Testimonio","twitter:description":"&quot;El miedo de pronto me paraliz\u00f3. Tengo miedo de salir a la esquina. Solo de salir al parqueo&quot; escribi\u00f3 un amigo a Javier, un guatemalteco migrante en Minesota","twitter:creator":"@SoyMigrante_com","twitter:image":"https:\/\/soymigrante.com\/revista\/wp-content\/uploads\/2026\/01\/foto-javier-samayoa.jpg"},"aioseo_meta_data":{"post_id":"51150","title":"Menos migrantes, menos crecimiento de USA, advierte estudio","description":"El mayor descenso migratorio en 50 a\u00f1os, causado por pol\u00edticas antimigrantes de Trump, afectar\u00e1n consumo y PIB, se\u00f1ala an\u00e1lisis de Brookings Institution.","keywords":null,"keyphrases":{"focus":{"keyphrase":"antimigrante","score":46,"analysis":{"keyphraseInTitle":{"score":3,"maxScore":9,"error":1},"keyphraseInDescription":{"score":3,"maxScore":9,"error":1},"keyphraseLength":{"score":9,"maxScore":9,"error":0,"length":1},"keyphraseInURL":{"score":1,"maxScore":5,"error":1},"keyphraseInIntroduction":{"score":3,"maxScore":9,"error":1},"keyphraseInSubHeadings":{"score":3,"maxScore":9,"error":1},"keyphraseInImageAlt":{"score":9,"maxScore":9,"error":0},"keywordDensity":{"score":0,"type":"low","maxScore":9,"error":1}}},"additional":[{"keyphrase":"migracion","score":40,"analysis":{"keyphraseInDescription":{"score":3,"maxScore":9,"error":1},"keyphraseLength":{"score":9,"maxScore":9,"error":0,"length":1},"keyphraseInIntroduction":{"score":3,"maxScore":9,"error":1},"keyphraseInImageAlt":{"score":3,"maxScore":9,"error":1},"keywordDensity":{"score":0,"type":"low","maxScore":9,"error":1}}},{"keyphrase":"migrantes","score":73,"analysis":{"keyphraseInDescription":{"score":3,"maxScore":9,"error":1},"keyphraseLength":{"score":9,"maxScore":9,"error":0,"length":1},"keyphraseInIntroduction":{"score":3,"maxScore":9,"error":1},"keyphraseInImageAlt":{"score":9,"maxScore":9,"error":0},"keywordDensity":{"type":"best","score":9,"maxScore":9,"error":0}}}]},"primary_term":null,"canonical_url":null,"og_title":null,"og_description":null,"og_object_type":"default","og_image_type":"default","og_image_url":null,"og_image_width":null,"og_image_height":null,"og_image_custom_url":null,"og_image_custom_fields":null,"og_video":"","og_custom_url":null,"og_article_section":null,"og_article_tags":null,"twitter_use_og":false,"twitter_card":"default","twitter_image_type":"default","twitter_image_url":null,"twitter_image_custom_url":null,"twitter_image_custom_fields":null,"twitter_title":null,"twitter_description":null,"schema":{"blockGraphs":[],"customGraphs":[],"default":{"data":{"Article":[],"Course":[],"Dataset":[],"FAQPage":[],"Movie":[],"Person":[],"Product":[],"ProductReview":[],"Car":[],"Recipe":[],"Service":[],"SoftwareApplication":[],"WebPage":[]},"graphName":"NewsArticle","isEnabled":true},"graphs":[]},"schema_type":"default","schema_type_options":null,"pillar_content":false,"robots_default":true,"robots_noindex":false,"robots_noarchive":false,"robots_nosnippet":false,"robots_nofollow":false,"robots_noimageindex":false,"robots_noodp":false,"robots_notranslate":false,"robots_max_snippet":"-1","robots_max_videopreview":"-1","robots_max_imagepreview":"large","priority":null,"frequency":"default","local_seo":null,"seo_analyzer_scan_date":"2026-02-24 19:46:33","breadcrumb_settings":null,"limit_modified_date":false,"reviewed_by":"0","open_ai":null,"ai":{"faqs":[],"keyPoints":[],"titles":[],"descriptions":[],"socialPosts":{"email":[],"linkedin":[],"twitter":[],"facebook":[],"instagram":[]}},"created":"2026-01-16 10:58:20","updated":"2026-03-06 15:45:36"},"aioseo_breadcrumb":"<div class=\"aioseo-breadcrumbs\"><span class=\"aioseo-breadcrumb\">\n\t<a href=\"https:\/\/soymigrante.com\/revista\" title=\"Home\">Home<\/a>\n<\/span><span class=\"aioseo-breadcrumb-separator\">\u00bb<\/span><span class=\"aioseo-breadcrumb\">\n\t<a href=\"https:\/\/soymigrante.com\/revista\/category\/noticias\/\" title=\"Noticias\">Noticias<\/a>\n<\/span><span class=\"aioseo-breadcrumb-separator\">\u00bb<\/span><span class=\"aioseo-breadcrumb\">\n\tMenos migrantes, menor crecimiento: Instituto Brookings advierte impactos en consumo y PIB en USA\n<\/span><\/div>","aioseo_breadcrumb_json":[{"label":"Home","link":"https:\/\/soymigrante.com\/revista"},{"label":"Noticias","link":"https:\/\/soymigrante.com\/revista\/category\/noticias\/"},{"label":"Menos migrantes, menor crecimiento: Instituto Brookings advierte impactos en consumo y PIB en USA","link":"https:\/\/soymigrante.com\/revista\/menos-migrantes-menor-crecimiento-instituto-brookings-advierte-impactos-en-consumo-y-pib-en-usa\/"}],"_links":{"self":[{"href":"https:\/\/soymigrante.com\/revista\/wp-json\/wp\/v2\/posts\/51150","targetHints":{"allow":["GET"]}}],"collection":[{"href":"https:\/\/soymigrante.com\/revista\/wp-json\/wp\/v2\/posts"}],"about":[{"href":"https:\/\/soymigrante.com\/revista\/wp-json\/wp\/v2\/types\/post"}],"author":[{"embeddable":true,"href":"https:\/\/soymigrante.com\/revista\/wp-json\/wp\/v2\/users\/1"}],"replies":[{"embeddable":true,"href":"https:\/\/soymigrante.com\/revista\/wp-json\/wp\/v2\/comments?post=51150"}],"version-history":[{"count":8,"href":"https:\/\/soymigrante.com\/revista\/wp-json\/wp\/v2\/posts\/51150\/revisions"}],"predecessor-version":[{"id":51161,"href":"https:\/\/soymigrante.com\/revista\/wp-json\/wp\/v2\/posts\/51150\/revisions\/51161"}],"wp:featuredmedia":[{"embeddable":true,"href":"https:\/\/soymigrante.com\/revista\/wp-json\/wp\/v2\/media\/51151"}],"wp:attachment":[{"href":"https:\/\/soymigrante.com\/revista\/wp-json\/wp\/v2\/media?parent=51150"}],"wp:term":[{"taxonomy":"category","embeddable":true,"href":"https:\/\/soymigrante.com\/revista\/wp-json\/wp\/v2\/categories?post=51150"},{"taxonomy":"post_tag","embeddable":true,"href":"https:\/\/soymigrante.com\/revista\/wp-json\/wp\/v2\/tags?post=51150"}],"curies":[{"name":"wp","href":"https:\/\/api.w.org\/{rel}","templated":true}]}}