{"id":5115,"date":"2026-02-17T12:26:18","date_gmt":"2026-02-17T18:26:18","guid":{"rendered":"https:\/\/soymigrante.com\/revista\/?p=5115"},"modified":"2026-02-17T12:28:17","modified_gmt":"2026-02-17T18:28:17","slug":"guatemala-patrimonio-cuatricentenario-puente-los-esclavos-santa-rosa","status":"publish","type":"post","link":"https:\/\/soymigrante.com\/revista\/guatemala-patrimonio-cuatricentenario-puente-los-esclavos-santa-rosa\/","title":{"rendered":"El legendario Puente Los Esclavos en Santa Rosa desaf\u00eda al tiempo y los elementos desde 1604"},"content":{"rendered":"\t\t<div data-elementor-type=\"wp-post\" data-elementor-id=\"5115\" class=\"elementor elementor-5115\" data-elementor-post-type=\"post\">\n\t\t\t\t\t\t<section data-particle_enable=\"false\" data-particle-mobile-disabled=\"false\" class=\"elementor-section elementor-top-section elementor-element elementor-element-7fa3637 elementor-section-boxed elementor-section-height-default elementor-section-height-default\" data-id=\"7fa3637\" data-element_type=\"section\" data-e-type=\"section\">\n\t\t\t\t\t\t<div class=\"elementor-container elementor-column-gap-default\">\n\t\t\t\t\t<div class=\"elementor-column elementor-col-100 elementor-top-column elementor-element elementor-element-9e544fc\" data-id=\"9e544fc\" data-element_type=\"column\" data-e-type=\"column\">\n\t\t\t<div class=\"elementor-widget-wrap elementor-element-populated\">\n\t\t\t\t\t\t<div class=\"elementor-element elementor-element-b631e12 elementor-widget elementor-widget-heading\" data-id=\"b631e12\" data-element_type=\"widget\" data-e-type=\"widget\" data-widget_type=\"heading.default\">\n\t\t\t\t\t<h3 class=\"elementor-heading-title elementor-size-default\">Todos califican al cuatricentenario Puente de los Esclavos, en Cuilapa, Santa Rosa como \"indestructible\", al punto que origin\u00f3 una leyenda sobre su origen. Aqu\u00ed puedes ver su piedra de fundaci\u00f3n y otros detalles, incluyendo deterioro en su estructura.<\/h3>\t\t\t\t<\/div>\n\t\t\t\t\t<\/div>\n\t\t<\/div>\n\t\t\t\t\t<\/div>\n\t\t<\/section>\n\t\t\t\t<section data-particle_enable=\"false\" data-particle-mobile-disabled=\"false\" class=\"elementor-section elementor-top-section elementor-element elementor-element-00a19ec elementor-section-boxed elementor-section-height-default elementor-section-height-default\" data-id=\"00a19ec\" data-element_type=\"section\" data-e-type=\"section\">\n\t\t\t\t\t\t<div class=\"elementor-container elementor-column-gap-default\">\n\t\t\t\t\t<div class=\"elementor-column elementor-col-100 elementor-top-column elementor-element elementor-element-38369ff\" data-id=\"38369ff\" data-element_type=\"column\" data-e-type=\"column\">\n\t\t\t<div class=\"elementor-widget-wrap elementor-element-populated\">\n\t\t\t\t\t\t<div class=\"elementor-element elementor-element-85bbad0 elementor-widget elementor-widget-image\" data-id=\"85bbad0\" data-element_type=\"widget\" data-e-type=\"widget\" data-widget_type=\"image.default\">\n\t\t\t\t\t\t\t\t\t\t\t\t<figure class=\"wp-caption\">\n\t\t\t\t\t\t\t\t\t\t<img fetchpriority=\"high\" decoding=\"async\" width=\"840\" height=\"452\" src=\"https:\/\/soymigrante.com\/revista\/wp-content\/uploads\/2024\/02\/Captura-de-pantalla-2024-02-29-163857.webp\" class=\"attachment-large size-large wp-image-5120\" alt=\"Al puente de Los Esclavos le han llamado el indestructible, debido a que en sus m\u00e1s de 400 a\u00f1os ha resistido toda clase de crecidas del r\u00edo que lleva su nombre.\" srcset=\"https:\/\/soymigrante.com\/revista\/wp-content\/uploads\/2024\/02\/Captura-de-pantalla-2024-02-29-163857.webp 840w, https:\/\/soymigrante.com\/revista\/wp-content\/uploads\/2024\/02\/Captura-de-pantalla-2024-02-29-163857-300x161.webp 300w, https:\/\/soymigrante.com\/revista\/wp-content\/uploads\/2024\/02\/Captura-de-pantalla-2024-02-29-163857-768x413.webp 768w, https:\/\/soymigrante.com\/revista\/wp-content\/uploads\/2024\/02\/Captura-de-pantalla-2024-02-29-163857-750x404.webp 750w\" sizes=\"(max-width: 840px) 100vw, 840px\" title=\"Al puente de Los Esclavos le han llamado el indestructible, debido a que en sus m\u00e1s de 400 a\u00f1os ha resistido toda clase de crecidas del r\u00edo que lleva su nombre. \u2013 SoyMigrante.com REVISTA\" \/>\t\t\t\t\t\t\t\t\t\t\t<figcaption class=\"widget-image-caption wp-caption-text\">Al puente de Los Esclavos le han llamado el indestructible, debido a que en sus m\u00e1s de 400 a\u00f1os ha resistido toda clase de crecidas del r\u00edo que lleva su nombre.<\/figcaption>\n\t\t\t\t\t\t\t\t\t\t<\/figure>\n\t\t\t\t\t\t\t\t\t<\/div>\n\t\t\t\t\t<\/div>\n\t\t<\/div>\n\t\t\t\t\t<\/div>\n\t\t<\/section>\n\t\t\t\t<section data-particle_enable=\"false\" data-particle-mobile-disabled=\"false\" class=\"elementor-section elementor-top-section elementor-element elementor-element-7221084 elementor-section-boxed elementor-section-height-default elementor-section-height-default\" data-id=\"7221084\" data-element_type=\"section\" data-e-type=\"section\">\n\t\t\t\t\t\t<div class=\"elementor-container elementor-column-gap-default\">\n\t\t\t\t\t<div class=\"elementor-column elementor-col-100 elementor-top-column elementor-element elementor-element-1ee86c5\" data-id=\"1ee86c5\" data-element_type=\"column\" data-e-type=\"column\">\n\t\t\t<div class=\"elementor-widget-wrap elementor-element-populated\">\n\t\t\t\t\t\t<div class=\"elementor-element elementor-element-ec743d4 elementor-widget elementor-widget-heading\" data-id=\"ec743d4\" data-element_type=\"widget\" data-e-type=\"widget\" data-widget_type=\"heading.default\">\n\t\t\t\t\t<h2 class=\"elementor-heading-title elementor-size-default\">1. \u00bfCu\u00e1nto mide? <\/h2>\t\t\t\t<\/div>\n\t\t\t\t\t<\/div>\n\t\t<\/div>\n\t\t\t\t\t<\/div>\n\t\t<\/section>\n\t\t\t\t<section data-particle_enable=\"false\" data-particle-mobile-disabled=\"false\" class=\"elementor-section elementor-top-section elementor-element elementor-element-3420a64 elementor-section-boxed elementor-section-height-default elementor-section-height-default\" data-id=\"3420a64\" data-element_type=\"section\" data-e-type=\"section\">\n\t\t\t\t\t\t<div class=\"elementor-container elementor-column-gap-default\">\n\t\t\t\t\t<div class=\"elementor-column elementor-col-100 elementor-top-column elementor-element elementor-element-613f4c3\" data-id=\"613f4c3\" data-element_type=\"column\" data-e-type=\"column\">\n\t\t\t<div class=\"elementor-widget-wrap elementor-element-populated\">\n\t\t\t\t\t\t<div class=\"elementor-element elementor-element-6a9d2ed elementor-widget elementor-widget-text-editor\" data-id=\"6a9d2ed\" data-element_type=\"widget\" data-e-type=\"widget\" data-widget_type=\"text-editor.default\">\n\t\t\t\t\t\t\t\t\t<p>El puente Los Esclavos mide 75 metros de longitud y 2 metros de ancho. En medidas antiguas son 128 varas de largo, 18 de ancho y pasamanos de dos varas de ancho. Se empez\u00f3 a construir en 1592 y se inaugur\u00f3 en 1604.\u00a0\u00a0<\/p><p>\u00a0Su estructura se sostiene mediante 11 arcos, los cuales tienen contrafuertes en forma de diamante para ayudar a romper el \u00edmpetu de las aguas del r\u00edo Los Esclavos. Est\u00e1 a 73<span style=\"color: var( --e-global-color-text );\">\u00a0mil\u00f3metros\u00a0 de la capital de Guatemala. Su construcci\u00f3n llev\u00f3 12 a\u00f1os y desde su apertura han pasado 433 a\u00f1os.<\/span><\/p><p><span style=\"color: var( --e-global-color-text );\">A continuaci\u00f3n un contraste de su aspecto en \u00e9poca seca y del fuerte caudal del r\u00edo en junio de 2024, debido a las intensas lluvias.\u00a0<\/span><\/p>\t\t\t\t\t\t\t\t<\/div>\n\t\t\t\t\t<\/div>\n\t\t<\/div>\n\t\t\t\t\t<\/div>\n\t\t<\/section>\n\t\t\t\t<section data-particle_enable=\"false\" data-particle-mobile-disabled=\"false\" class=\"elementor-section elementor-top-section elementor-element elementor-element-ce06bc0 elementor-section-boxed elementor-section-height-default elementor-section-height-default\" data-id=\"ce06bc0\" data-element_type=\"section\" data-e-type=\"section\">\n\t\t\t\t\t\t<div class=\"elementor-container elementor-column-gap-default\">\n\t\t\t\t\t<div class=\"elementor-column elementor-col-100 elementor-top-column elementor-element elementor-element-fa9c16f\" data-id=\"fa9c16f\" data-element_type=\"column\" data-e-type=\"column\">\n\t\t\t<div class=\"elementor-widget-wrap elementor-element-populated\">\n\t\t\t\t\t\t<div class=\"elementor-element elementor-element-55a062e elementor-widget elementor-widget-image\" data-id=\"55a062e\" data-element_type=\"widget\" data-e-type=\"widget\" data-widget_type=\"image.default\">\n\t\t\t\t\t\t\t\t\t\t\t\t<figure class=\"wp-caption\">\n\t\t\t\t\t\t\t\t\t\t<img decoding=\"async\" width=\"1024\" height=\"630\" src=\"https:\/\/soymigrante.com\/revista\/wp-content\/uploads\/2024\/02\/Captura-de-pantalla-2024-02-29-162810-1024x630.webp\" class=\"attachment-large size-large wp-image-5122\" alt=\"El puente es considerada la m\u00e1xima obra de ingenier\u00eda civil en la la \u00e9poca colonial guatemalteca, dada su dimensi\u00f3n, solidez y duraci\u00f3n.\" srcset=\"https:\/\/soymigrante.com\/revista\/wp-content\/uploads\/2024\/02\/Captura-de-pantalla-2024-02-29-162810-1024x630.webp 1024w, https:\/\/soymigrante.com\/revista\/wp-content\/uploads\/2024\/02\/Captura-de-pantalla-2024-02-29-162810-768x472.webp 768w, https:\/\/soymigrante.com\/revista\/wp-content\/uploads\/2024\/02\/Captura-de-pantalla-2024-02-29-162810-750x461.webp 750w\" sizes=\"(max-width: 1024px) 100vw, 1024px\" title=\"El puente es considerada la m\u00e1xima obra de ingenier\u00eda civil en la la \u00e9poca colonial guatemalteca, dada su dimensi\u00f3n, solidez y duraci\u00f3n. \u2013 SoyMigrante.com REVISTA\" \/>\t\t\t\t\t\t\t\t\t\t\t<figcaption class=\"widget-image-caption wp-caption-text\">El puente es considerada la m\u00e1xima obra de ingenier\u00eda civil en la la \u00e9poca colonial guatemalteca, dada su dimensi\u00f3n, solidez y duraci\u00f3n.<\/figcaption>\n\t\t\t\t\t\t\t\t\t\t<\/figure>\n\t\t\t\t\t\t\t\t\t<\/div>\n\t\t\t\t\t<\/div>\n\t\t<\/div>\n\t\t\t\t\t<\/div>\n\t\t<\/section>\n\t\t<div data-particle_enable=\"false\" data-particle-mobile-disabled=\"false\" class=\"elementor-element elementor-element-53477a2 e-flex e-con-boxed e-con e-parent\" data-id=\"53477a2\" data-element_type=\"container\" data-e-type=\"container\">\n\t\t\t\t\t<div class=\"e-con-inner\">\n\t\t\t\t<div class=\"elementor-element elementor-element-ac2a853 elementor-widget elementor-widget-image\" data-id=\"ac2a853\" data-element_type=\"widget\" data-e-type=\"widget\" data-widget_type=\"image.default\">\n\t\t\t\t\t\t\t\t\t\t\t\t<figure class=\"wp-caption\">\n\t\t\t\t\t\t\t\t\t\t<img fetchpriority=\"high\" decoding=\"async\" width=\"840\" height=\"452\" src=\"https:\/\/soymigrante.com\/revista\/wp-content\/uploads\/2024\/02\/Captura-de-pantalla-2024-02-29-163857.webp\" class=\"attachment-large size-large wp-image-5120\" alt=\"Al puente de Los Esclavos le han llamado el indestructible, debido a que en sus m\u00e1s de 400 a\u00f1os ha resistido toda clase de crecidas del r\u00edo que lleva su nombre.\" srcset=\"https:\/\/soymigrante.com\/revista\/wp-content\/uploads\/2024\/02\/Captura-de-pantalla-2024-02-29-163857.webp 840w, https:\/\/soymigrante.com\/revista\/wp-content\/uploads\/2024\/02\/Captura-de-pantalla-2024-02-29-163857-300x161.webp 300w, https:\/\/soymigrante.com\/revista\/wp-content\/uploads\/2024\/02\/Captura-de-pantalla-2024-02-29-163857-768x413.webp 768w, https:\/\/soymigrante.com\/revista\/wp-content\/uploads\/2024\/02\/Captura-de-pantalla-2024-02-29-163857-750x404.webp 750w\" sizes=\"(max-width: 840px) 100vw, 840px\" title=\"Al puente de Los Esclavos le han llamado el indestructible, debido a que en sus m\u00e1s de 400 a\u00f1os ha resistido toda clase de crecidas del r\u00edo que lleva su nombre. \u2013 SoyMigrante.com REVISTA\" \/>\t\t\t\t\t\t\t\t\t\t\t<figcaption class=\"widget-image-caption wp-caption-text\">Al puente de Los Esclavos le han llamado el indestructible, debido a que en sus m\u00e1s de 400 a\u00f1os ha resistido toda clase de crecidas del r\u00edo que lleva su nombre.<\/figcaption>\n\t\t\t\t\t\t\t\t\t\t<\/figure>\n\t\t\t\t\t\t\t\t\t<\/div>\n\t\t\t\t\t<\/div>\n\t\t\t\t<\/div>\n\t\t\t\t<section data-particle_enable=\"false\" data-particle-mobile-disabled=\"false\" class=\"elementor-section elementor-top-section elementor-element elementor-element-4923493 elementor-section-boxed elementor-section-height-default elementor-section-height-default\" data-id=\"4923493\" data-element_type=\"section\" data-e-type=\"section\">\n\t\t\t\t\t\t<div class=\"elementor-container elementor-column-gap-default\">\n\t\t\t\t\t<div class=\"elementor-column elementor-col-100 elementor-top-column elementor-element elementor-element-dcba18e\" data-id=\"dcba18e\" data-element_type=\"column\" data-e-type=\"column\">\n\t\t\t<div class=\"elementor-widget-wrap elementor-element-populated\">\n\t\t\t\t\t\t<div class=\"elementor-element elementor-element-3b96db2 elementor-widget elementor-widget-heading\" data-id=\"3b96db2\" data-element_type=\"widget\" data-e-type=\"widget\" data-widget_type=\"heading.default\">\n\t\t\t\t\t<h3 class=\"elementor-heading-title elementor-size-default\">2. \u00bfPor qu\u00e9 tiene el nombre  Los Esclavos de Candelaria?<\/h3>\t\t\t\t<\/div>\n\t\t\t\t\t<\/div>\n\t\t<\/div>\n\t\t\t\t\t<\/div>\n\t\t<\/section>\n\t\t\t\t<section data-particle_enable=\"false\" data-particle-mobile-disabled=\"false\" class=\"elementor-section elementor-top-section elementor-element elementor-element-58c3ab7 elementor-section-boxed elementor-section-height-default elementor-section-height-default\" data-id=\"58c3ab7\" data-element_type=\"section\" data-e-type=\"section\">\n\t\t\t\t\t\t<div class=\"elementor-container elementor-column-gap-default\">\n\t\t\t\t\t<div class=\"elementor-column elementor-col-100 elementor-top-column elementor-element elementor-element-45af0b7\" data-id=\"45af0b7\" data-element_type=\"column\" data-e-type=\"column\">\n\t\t\t<div class=\"elementor-widget-wrap elementor-element-populated\">\n\t\t\t\t\t\t<div class=\"elementor-element elementor-element-3f6e035 elementor-widget elementor-widget-text-editor\" data-id=\"3f6e035\" data-element_type=\"widget\" data-e-type=\"widget\" data-widget_type=\"text-editor.default\">\n\t\t\t\t\t\t\t\t\t<p>La devoci\u00f3n a la Virgen de Candelaria es muy anterior a la existencia del puente. Ya para 1570 se reporta que hab\u00eda un sacerdote en una aldea llamada Candelaria, que hoy es el poblado Los Esclavos, cuyo camino antiguo conecta con la cabecera de Cuilapa, antes Cuajiniquilapa. En ese lugar se veneraba a laVirgen de Candelaria, muy popular entre los conquistadores.<\/p><p>El r\u00edo nace con el nombre de R\u00edo Grande en jurisdicci\u00f3n de Mataquescuintla, Jalapa. Recibe aguas de otros r\u00edos afluentes, entre ellos San Antonio, San Juan, Los Achiotes, Pinula, Las Ca\u00f1as, El Molino, Utapa, Amapa, Panal, Margaritas y Paso Caballos.<\/p><p>El nombre Los Esclavos para el puente y el r\u00edo se originarion en la conquista, puesto que los pobladores originarios, los <a href=\"https:\/\/soymigrante.com\/revista\/pueblo-xinka-esta-vivo-y-presente-en-el-suroriente-guatemalteco\/\">Xincas,<\/a><span style=\"color: var( --e-global-color-text );\">quienes fueron sometidos a esclavitud por los espa\u00f1oles al mando de Pedro de Alvarado cuando este se desplaz\u00f3 hacia Cuscatl\u00e1n.\u00a0<\/span><\/p><p><span style=\"color: var( --e-global-color-text );\">Los <a href=\"https:\/\/soymigrante.com\/revista\/pueblo-xinka-esta-vivo-y-presente-en-el-suroriente-guatemalteco\/\">ind\u00edgenas xincas <\/a>no solo trabajaron el puente en condiciones de esclavitud, sino tambi\u00e9n en labores agr\u00edcolas, oficios, transporte.\u00a0<\/span><span style=\"color: var( --e-global-color-text );\">De all\u00ed que el nombre completo del puente sea Puente de Los Esclavos de Candelaria, seg\u00fan detalla el Sistema de Informaci\u00f3n Cultural de Guatemala.<\/span><\/p>\t\t\t\t\t\t\t\t<\/div>\n\t\t\t\t\t<\/div>\n\t\t<\/div>\n\t\t\t\t\t<\/div>\n\t\t<\/section>\n\t\t\t\t<section data-particle_enable=\"false\" data-particle-mobile-disabled=\"false\" class=\"elementor-section elementor-top-section elementor-element elementor-element-d0b63e5 elementor-section-boxed elementor-section-height-default elementor-section-height-default\" data-id=\"d0b63e5\" data-element_type=\"section\" data-e-type=\"section\">\n\t\t\t\t\t\t<div class=\"elementor-container elementor-column-gap-default\">\n\t\t\t\t\t<div class=\"elementor-column elementor-col-100 elementor-top-column elementor-element elementor-element-b2dfb4f\" data-id=\"b2dfb4f\" data-element_type=\"column\" data-e-type=\"column\">\n\t\t\t<div class=\"elementor-widget-wrap elementor-element-populated\">\n\t\t\t\t\t\t<div class=\"elementor-element elementor-element-f82fcfe elementor-widget elementor-widget-image\" data-id=\"f82fcfe\" data-element_type=\"widget\" data-e-type=\"widget\" data-widget_type=\"image.default\">\n\t\t\t\t\t\t\t\t\t\t\t\t\t\t\t<img decoding=\"async\" width=\"372\" height=\"615\" src=\"https:\/\/soymigrante.com\/revista\/wp-content\/uploads\/2024\/02\/Captura-de-pantalla-2024-02-29-162856.webp\" class=\"attachment-large size-large wp-image-5123\" alt=\"Placa conmemorativa colocada en 1957 en la cual se detallan algunos datos hist\u00f3ricos de esta construcci\u00f3n. Se encuentra en el centro de la estructura.\" srcset=\"https:\/\/soymigrante.com\/revista\/wp-content\/uploads\/2024\/02\/Captura-de-pantalla-2024-02-29-162856.webp 372w, https:\/\/soymigrante.com\/revista\/wp-content\/uploads\/2024\/02\/Captura-de-pantalla-2024-02-29-162856-181x300.webp 181w\" sizes=\"(max-width: 372px) 100vw, 372px\" title=\"Placa conmemorativa colocada en 1957 en la cual se detallan algunos datos hist\u00f3ricos de esta construcci\u00f3n. Se encuentra en el centro de la estructura. \u2013 SoyMigrante.com REVISTA\" \/>\t\t\t\t\t\t\t\t\t\t\t\t\t\t\t<\/div>\n\t\t\t\t\t<\/div>\n\t\t<\/div>\n\t\t\t\t\t<\/div>\n\t\t<\/section>\n\t\t\t\t<section data-particle_enable=\"false\" data-particle-mobile-disabled=\"false\" class=\"elementor-section elementor-top-section elementor-element elementor-element-b10e0a2 elementor-section-boxed elementor-section-height-default elementor-section-height-default\" data-id=\"b10e0a2\" data-element_type=\"section\" data-e-type=\"section\">\n\t\t\t\t\t\t<div class=\"elementor-container elementor-column-gap-default\">\n\t\t\t\t\t<div class=\"elementor-column elementor-col-100 elementor-top-column elementor-element elementor-element-dfe4d82\" data-id=\"dfe4d82\" data-element_type=\"column\" data-e-type=\"column\">\n\t\t\t<div class=\"elementor-widget-wrap elementor-element-populated\">\n\t\t\t\t\t\t<div class=\"elementor-element elementor-element-d4f1fe0 elementor-widget elementor-widget-heading\" data-id=\"d4f1fe0\" data-element_type=\"widget\" data-e-type=\"widget\" data-widget_type=\"heading.default\">\n\t\t\t\t\t<h3 class=\"elementor-heading-title elementor-size-default\">3. \u00bfQui\u00e9n lo construy\u00f3?<\/h3>\t\t\t\t<\/div>\n\t\t\t\t\t<\/div>\n\t\t<\/div>\n\t\t\t\t\t<\/div>\n\t\t<\/section>\n\t\t\t\t<section data-particle_enable=\"false\" data-particle-mobile-disabled=\"false\" class=\"elementor-section elementor-top-section elementor-element elementor-element-0d349c9 elementor-section-boxed elementor-section-height-default elementor-section-height-default\" data-id=\"0d349c9\" data-element_type=\"section\" data-e-type=\"section\">\n\t\t\t\t\t\t<div class=\"elementor-container elementor-column-gap-default\">\n\t\t\t\t\t<div class=\"elementor-column elementor-col-100 elementor-top-column elementor-element elementor-element-52d699b\" data-id=\"52d699b\" data-element_type=\"column\" data-e-type=\"column\">\n\t\t\t<div class=\"elementor-widget-wrap elementor-element-populated\">\n\t\t\t\t\t\t<div class=\"elementor-element elementor-element-abfd78e elementor-widget elementor-widget-text-editor\" data-id=\"abfd78e\" data-element_type=\"widget\" data-e-type=\"widget\" data-widget_type=\"text-editor.default\">\n\t\t\t\t\t\t\t\t\t<p>Esa es una pregunta con ciertos datos y varias interpretaciones. Si bien existen datos de gobernantes y arquitectos,\u00a0 la obra en s\u00ed fue ejecutada por obreros en condici\u00f3n de esclavitud. Ind\u00edgenas xincas y tambien africanos fueron forzados a trabajar en la obra; dadas las duras condiciones, muchos murieron.\u00a0\u00a0<\/p><p>La construcci\u00f3n fue costeada por el Cabildo de Guatemala, dirigido entonces por Pedro May\u00e9n de Rueda.\u00a0<span style=\"color: var( --e-global-color-text );\">\u00a0Seg\u00fan el sistema de informaci\u00f3n cultural de Guatemala, el dise\u00f1o fue de Antonio de Bernasconi (1710-1785), pero otras fuentes indican que quienes dirigieron el proyecto fueron los arquitectos Francisco Tirado y Diego Felipe.<\/span><\/p><p><span style=\"color: var( --e-global-color-text );\">El costo se cubri\u00f3 con\u00a0 un impuesto al vino y con aportes de las ciudades de San Salvador, San Miguel y La Villa de la Trinidad (hoy Sonsonate). Fue abierto al paso de mercanc\u00edas en 1604.<\/span><\/p><p>\u00a0<\/p>\t\t\t\t\t\t\t\t<\/div>\n\t\t\t\t\t<\/div>\n\t\t<\/div>\n\t\t\t\t\t<\/div>\n\t\t<\/section>\n\t\t<div data-particle_enable=\"false\" data-particle-mobile-disabled=\"false\" class=\"elementor-element elementor-element-ce183f3 e-flex e-con-boxed e-con e-parent\" data-id=\"ce183f3\" data-element_type=\"container\" data-e-type=\"container\">\n\t\t\t\t\t<div class=\"e-con-inner\">\n\t\t\t\t<div class=\"elementor-element elementor-element-6fe6bd0 elementor-widget elementor-widget-heading\" data-id=\"6fe6bd0\" data-element_type=\"widget\" data-e-type=\"widget\" data-widget_type=\"heading.default\">\n\t\t\t\t\t<h4 class=\"elementor-heading-title elementor-size-default\">La \"primera piedra\" del puente Los Esclavos<\/h4>\t\t\t\t<\/div>\n\t\t\t\t\t<\/div>\n\t\t\t\t<\/div>\n\t\t\t\t<section data-particle_enable=\"false\" data-particle-mobile-disabled=\"false\" class=\"elementor-section elementor-top-section elementor-element elementor-element-814eb89 elementor-section-boxed elementor-section-height-default elementor-section-height-default\" data-id=\"814eb89\" data-element_type=\"section\" data-e-type=\"section\">\n\t\t\t\t\t\t<div class=\"elementor-container elementor-column-gap-default\">\n\t\t\t\t\t<div class=\"elementor-column elementor-col-100 elementor-top-column elementor-element elementor-element-1dd8c2f\" data-id=\"1dd8c2f\" data-element_type=\"column\" data-e-type=\"column\">\n\t\t\t<div class=\"elementor-widget-wrap elementor-element-populated\">\n\t\t\t\t\t\t<div class=\"elementor-element elementor-element-85ea6a8 elementor-widget elementor-widget-image\" data-id=\"85ea6a8\" data-element_type=\"widget\" data-e-type=\"widget\" data-widget_type=\"image.default\">\n\t\t\t\t\t\t\t\t\t\t\t\t<figure class=\"wp-caption\">\n\t\t\t\t\t\t\t\t\t\t<img loading=\"lazy\" decoding=\"async\" width=\"769\" height=\"534\" src=\"https:\/\/soymigrante.com\/revista\/wp-content\/uploads\/2024\/02\/WhatsApp-Image-2024-02-29-at-4.30.28-PM-1.webp\" class=\"attachment-large size-large wp-image-5121\" alt=\"En una roca de la base de una de las columnas est\u00e1 grabado: Este puente se hizo a costa del Cabildo de Guatemala 1592. Foto Gustavo Montenegro\" srcset=\"https:\/\/soymigrante.com\/revista\/wp-content\/uploads\/2024\/02\/WhatsApp-Image-2024-02-29-at-4.30.28-PM-1.webp 769w, https:\/\/soymigrante.com\/revista\/wp-content\/uploads\/2024\/02\/WhatsApp-Image-2024-02-29-at-4.30.28-PM-1-300x208.webp 300w, https:\/\/soymigrante.com\/revista\/wp-content\/uploads\/2024\/02\/WhatsApp-Image-2024-02-29-at-4.30.28-PM-1-750x521.webp 750w\" sizes=\"(max-width: 769px) 100vw, 769px\" title=\"En una roca de la base de una de las columnas est\u00e1 grabado: Este puente se hizo a costa del Cabildo de Guatemala 1592. Foto Gustavo Montenegro \u2013 SoyMigrante.com REVISTA\" \/>\t\t\t\t\t\t\t\t\t\t\t<figcaption class=\"widget-image-caption wp-caption-text\">En una roca de la base de una de las columnas est\u00e1 grabado: Este puente se hizo a costa del Cabildo de Guatemala 1592. Foto Gustavo Montenegro<\/figcaption>\n\t\t\t\t\t\t\t\t\t\t<\/figure>\n\t\t\t\t\t\t\t\t\t<\/div>\n\t\t\t\t\t<\/div>\n\t\t<\/div>\n\t\t\t\t\t<\/div>\n\t\t<\/section>\n\t\t\t\t<section data-particle_enable=\"false\" data-particle-mobile-disabled=\"false\" class=\"elementor-section elementor-top-section elementor-element elementor-element-35d7885 elementor-section-boxed elementor-section-height-default elementor-section-height-default\" data-id=\"35d7885\" data-element_type=\"section\" data-e-type=\"section\">\n\t\t\t\t\t\t<div class=\"elementor-container elementor-column-gap-default\">\n\t\t\t\t\t<div class=\"elementor-column elementor-col-100 elementor-top-column elementor-element elementor-element-ab47858\" data-id=\"ab47858\" data-element_type=\"column\" data-e-type=\"column\">\n\t\t\t<div class=\"elementor-widget-wrap elementor-element-populated\">\n\t\t\t\t\t\t<div class=\"elementor-element elementor-element-4d890c2 elementor-widget elementor-widget-heading\" data-id=\"4d890c2\" data-element_type=\"widget\" data-e-type=\"widget\" data-widget_type=\"heading.default\">\n\t\t\t\t\t<h3 class=\"elementor-heading-title elementor-size-default\">4. \u00bfCu\u00e1l era el objetivo de construir este puente? <\/h3>\t\t\t\t<\/div>\n\t\t\t\t\t<\/div>\n\t\t<\/div>\n\t\t\t\t\t<\/div>\n\t\t<\/section>\n\t\t\t\t<section data-particle_enable=\"false\" data-particle-mobile-disabled=\"false\" class=\"elementor-section elementor-top-section elementor-element elementor-element-bb15d73 elementor-section-boxed elementor-section-height-default elementor-section-height-default\" data-id=\"bb15d73\" data-element_type=\"section\" data-e-type=\"section\">\n\t\t\t\t\t\t<div class=\"elementor-container elementor-column-gap-default\">\n\t\t\t\t\t<div class=\"elementor-column elementor-col-100 elementor-top-column elementor-element elementor-element-bba859f\" data-id=\"bba859f\" data-element_type=\"column\" data-e-type=\"column\">\n\t\t\t<div class=\"elementor-widget-wrap elementor-element-populated\">\n\t\t\t\t\t\t<div class=\"elementor-element elementor-element-0e480e1 elementor-widget elementor-widget-text-editor\" data-id=\"0e480e1\" data-element_type=\"widget\" data-e-type=\"widget\" data-widget_type=\"text-editor.default\">\n\t\t\t\t\t\t\t\t\t<p>Santiago de los Caballeros de Guatemala, hoy <a href=\"https:\/\/soymigrante.com\/revista\/7-datos-de-antigua-guatemala-que-seguro-ya-sabias-o-quiza-no\/\">Antigua Guatemala<\/a>, era la capital de todo el Reyno de Guatemala, que abarcaba hasta Costa Rica.\u00a0\u00a0<\/p><p><span style=\"color: var( --e-global-color-text );\">El intenso comercio de mercanc\u00edas, sobre todo hacia el puerto de Acajutla, hac\u00eda necesario asegurar el paso. Guatemala como tal no ten\u00eda un puerto propio, pues el de Iztapa, creado por el propio conquistador <a href=\"https:\/\/soymigrante.com\/revista\/nombre-guatemala-cumple-500-anos-escrito-carta-conquistador-pedro-de-alvrado\/\">Pedro de Alvarado<\/a>, nunca prosper\u00f3 realmente.<\/span><\/p><p><span style=\"color: var( --e-global-color-text );\">Las crecidas del r\u00edo Los Esclavos obligaban a detener cargamentos o a efectuar un cruce peligroso.\u00a0<\/span><\/p>\t\t\t\t\t\t\t\t<\/div>\n\t\t\t\t\t<\/div>\n\t\t<\/div>\n\t\t\t\t\t<\/div>\n\t\t<\/section>\n\t\t\t\t<section data-particle_enable=\"false\" data-particle-mobile-disabled=\"false\" class=\"elementor-section elementor-top-section elementor-element elementor-element-b87eb93 elementor-section-boxed elementor-section-height-default elementor-section-height-default\" data-id=\"b87eb93\" data-element_type=\"section\" data-e-type=\"section\">\n\t\t\t\t\t\t<div class=\"elementor-container elementor-column-gap-default\">\n\t\t\t\t\t<div class=\"elementor-column elementor-col-100 elementor-top-column elementor-element elementor-element-4067f8f\" data-id=\"4067f8f\" data-element_type=\"column\" data-e-type=\"column\">\n\t\t\t<div class=\"elementor-widget-wrap elementor-element-populated\">\n\t\t\t\t\t\t<div class=\"elementor-element elementor-element-590d1d0 elementor-widget elementor-widget-image\" data-id=\"590d1d0\" data-element_type=\"widget\" data-e-type=\"widget\" data-widget_type=\"image.default\">\n\t\t\t\t\t\t\t\t\t\t\t\t<figure class=\"wp-caption\">\n\t\t\t\t\t\t\t\t\t\t<img loading=\"lazy\" decoding=\"async\" width=\"1024\" height=\"705\" src=\"https:\/\/soymigrante.com\/revista\/wp-content\/uploads\/2024\/02\/Captura-de-pantalla-2024-02-29-172405-1024x705.webp\" class=\"attachment-large size-large wp-image-5124\" alt=\"Mapa de la Capitan\u00eda General de Guatemala. En c\u00edrculo, el punto donde est\u00e1 el poblado de Los Esclavos. No exist\u00eda la divisi\u00f3n departamental ni municipal actual.\" srcset=\"https:\/\/soymigrante.com\/revista\/wp-content\/uploads\/2024\/02\/Captura-de-pantalla-2024-02-29-172405-1024x705.webp 1024w, https:\/\/soymigrante.com\/revista\/wp-content\/uploads\/2024\/02\/Captura-de-pantalla-2024-02-29-172405-300x207.webp 300w, https:\/\/soymigrante.com\/revista\/wp-content\/uploads\/2024\/02\/Captura-de-pantalla-2024-02-29-172405-768x529.webp 768w, https:\/\/soymigrante.com\/revista\/wp-content\/uploads\/2024\/02\/Captura-de-pantalla-2024-02-29-172405-750x516.webp 750w, https:\/\/soymigrante.com\/revista\/wp-content\/uploads\/2024\/02\/Captura-de-pantalla-2024-02-29-172405.webp 1108w\" sizes=\"(max-width: 1024px) 100vw, 1024px\" title=\"Mapa de la Capitan\u00eda General de Guatemala. En c\u00edrculo, el punto donde est\u00e1 el poblado de Los Esclavos. No exist\u00eda la divisi\u00f3n departamental ni municipal actual. \u2013 SoyMigrante.com REVISTA\" \/>\t\t\t\t\t\t\t\t\t\t\t<figcaption class=\"widget-image-caption wp-caption-text\">Mapa de la Capitan\u00eda General de Guatemala. En c\u00edrculo, el punto donde est\u00e1 el poblado de Los Esclavos. No exist\u00eda la divisi\u00f3n departamental ni municipal actual.<\/figcaption>\n\t\t\t\t\t\t\t\t\t\t<\/figure>\n\t\t\t\t\t\t\t\t\t<\/div>\n\t\t\t\t\t<\/div>\n\t\t<\/div>\n\t\t\t\t\t<\/div>\n\t\t<\/section>\n\t\t\t\t<section data-particle_enable=\"false\" data-particle-mobile-disabled=\"false\" class=\"elementor-section elementor-top-section elementor-element elementor-element-986c73c elementor-section-boxed elementor-section-height-default elementor-section-height-default\" data-id=\"986c73c\" data-element_type=\"section\" data-e-type=\"section\">\n\t\t\t\t\t\t<div class=\"elementor-container elementor-column-gap-default\">\n\t\t\t\t\t<div class=\"elementor-column elementor-col-100 elementor-top-column elementor-element elementor-element-e1a93bc\" data-id=\"e1a93bc\" data-element_type=\"column\" data-e-type=\"column\">\n\t\t\t<div class=\"elementor-widget-wrap elementor-element-populated\">\n\t\t\t\t\t\t<div class=\"elementor-element elementor-element-c57a035 elementor-widget elementor-widget-heading\" data-id=\"c57a035\" data-element_type=\"widget\" data-e-type=\"widget\" data-widget_type=\"heading.default\">\n\t\t\t\t\t<h3 class=\"elementor-heading-title elementor-size-default\">5 \u00bfY c\u00f3mo surgi\u00f3 la leyenda sobre su origen?<\/h3>\t\t\t\t<\/div>\n\t\t\t\t\t<\/div>\n\t\t<\/div>\n\t\t\t\t\t<\/div>\n\t\t<\/section>\n\t\t\t\t<section data-particle_enable=\"false\" data-particle-mobile-disabled=\"false\" class=\"elementor-section elementor-top-section elementor-element elementor-element-90abedc elementor-section-boxed elementor-section-height-default elementor-section-height-default\" data-id=\"90abedc\" data-element_type=\"section\" data-e-type=\"section\">\n\t\t\t\t\t\t<div class=\"elementor-container elementor-column-gap-default\">\n\t\t\t\t\t<div class=\"elementor-column elementor-col-100 elementor-top-column elementor-element elementor-element-1da462b\" data-id=\"1da462b\" data-element_type=\"column\" data-e-type=\"column\">\n\t\t\t<div class=\"elementor-widget-wrap elementor-element-populated\">\n\t\t\t\t\t\t<div class=\"elementor-element elementor-element-f5925ab elementor-widget elementor-widget-text-editor\" data-id=\"f5925ab\" data-element_type=\"widget\" data-e-type=\"widget\" data-widget_type=\"text-editor.default\">\n\t\t\t\t\t\t\t\t\t<p>La leyenda sobre este puente surgi\u00f3 en parte por la larga duraci\u00f3n de los trabajos: 12 a\u00f1os y la obvia dificultad que represent\u00f3 trabajar en un caudaloso r\u00edo. Hoy dif\u00edcilmente se puede apreciar ese caudal debido a la represa hidroel\u00e9ctrica existente.<\/p><p style=\"text-align: justify;\">En todo caso, la historia es de un esclavo que ya no soportaba m\u00e1s el duro trabajo forzoso y entonces habr\u00eda ofrecido su alma al diablo para que ayudara a terminar la obra antes de la salida del sol y as\u00ed acabara su suplicio. El diablo acept\u00f3 y construy\u00f3 r\u00e1pidamente la obra durante toda la noche.\u00a0<\/p><p style=\"text-align: justify;\">Sin embargo, el esclavo encendi\u00f3 un fuego y enga\u00f1\u00f3 al gallo para que cantara antes de tiempo. El diablo pens\u00f3 que hab\u00eda perdido la apuesta y en su c\u00f3lera dio una patada a una de las bases, por lo cual hasta la fecha existe dicho agujero.<\/p>\t\t\t\t\t\t\t\t<\/div>\n\t\t\t\t\t<\/div>\n\t\t<\/div>\n\t\t\t\t\t<\/div>\n\t\t<\/section>\n\t\t\t\t<section data-particle_enable=\"false\" data-particle-mobile-disabled=\"false\" class=\"elementor-section elementor-top-section elementor-element elementor-element-9fe41f0 elementor-section-boxed elementor-section-height-default elementor-section-height-default\" data-id=\"9fe41f0\" data-element_type=\"section\" data-e-type=\"section\">\n\t\t\t\t\t\t<div class=\"elementor-container elementor-column-gap-default\">\n\t\t\t\t\t<div class=\"elementor-column elementor-col-100 elementor-top-column elementor-element elementor-element-2050e00\" data-id=\"2050e00\" data-element_type=\"column\" data-e-type=\"column\">\n\t\t\t<div class=\"elementor-widget-wrap elementor-element-populated\">\n\t\t\t\t\t\t<div class=\"elementor-element elementor-element-43b460c elementor-widget elementor-widget-image\" data-id=\"43b460c\" data-element_type=\"widget\" data-e-type=\"widget\" data-widget_type=\"image.default\">\n\t\t\t\t\t\t\t\t\t\t\t\t<figure class=\"wp-caption\">\n\t\t\t\t\t\t\t\t\t\t<img loading=\"lazy\" decoding=\"async\" width=\"392\" height=\"532\" src=\"https:\/\/soymigrante.com\/revista\/wp-content\/uploads\/2024\/02\/Captura-de-pantalla-2024-02-29-162734.webp\" class=\"attachment-large size-large wp-image-5125\" alt=\"Existen agujeros en las bases del puente, pero dif\u00edcilmente son por una piedra faltante, sino m\u00e1s bien por la erosi\u00f3n del terreno a causa de la lluvia y las correntadas,\" srcset=\"https:\/\/soymigrante.com\/revista\/wp-content\/uploads\/2024\/02\/Captura-de-pantalla-2024-02-29-162734.webp 392w, https:\/\/soymigrante.com\/revista\/wp-content\/uploads\/2024\/02\/Captura-de-pantalla-2024-02-29-162734-221x300.webp 221w\" sizes=\"(max-width: 392px) 100vw, 392px\" title=\"Existen agujeros en las bases del puente, pero dif\u00edcilmente son por una piedra faltante, sino m\u00e1s bien por la erosi\u00f3n del terreno a causa de la lluvia y las correntadas, \u2013 SoyMigrante.com REVISTA\" \/>\t\t\t\t\t\t\t\t\t\t\t<figcaption class=\"widget-image-caption wp-caption-text\">Existen agujeros en las bases del puente, pero dif\u00edcilmente son por una piedra faltante, sino m\u00e1s bien por la erosi\u00f3n del terreno a causa de la lluvia y las correntadas,<\/figcaption>\n\t\t\t\t\t\t\t\t\t\t<\/figure>\n\t\t\t\t\t\t\t\t\t<\/div>\n\t\t\t\t\t<\/div>\n\t\t<\/div>\n\t\t\t\t\t<\/div>\n\t\t<\/section>\n\t\t<div data-particle_enable=\"false\" data-particle-mobile-disabled=\"false\" class=\"elementor-element elementor-element-5936f4c e-flex e-con-boxed e-con e-parent\" data-id=\"5936f4c\" data-element_type=\"container\" data-e-type=\"container\">\n\t\t\t\t\t<div class=\"e-con-inner\">\n\t\t\t\t<div class=\"elementor-element elementor-element-2ba90dd elementor-widget elementor-widget-image\" data-id=\"2ba90dd\" data-element_type=\"widget\" data-e-type=\"widget\" data-widget_type=\"image.default\">\n\t\t\t\t\t\t\t\t\t\t\t\t<figure class=\"wp-caption\">\n\t\t\t\t\t\t\t\t\t\t<img loading=\"lazy\" decoding=\"async\" width=\"683\" height=\"1024\" src=\"https:\/\/soymigrante.com\/revista\/wp-content\/uploads\/2025\/02\/0d3ad028-43b2-4bec-83de-24ff1b325e31-683x1024.png\" class=\"attachment-large size-large wp-image-52601\" alt=\"Ilustraci\u00f3n hecha con IA sobre el supuesto origen legendario del Puente de los Esclavos\" srcset=\"https:\/\/soymigrante.com\/revista\/wp-content\/uploads\/2025\/02\/0d3ad028-43b2-4bec-83de-24ff1b325e31-683x1024.png 683w, https:\/\/soymigrante.com\/revista\/wp-content\/uploads\/2025\/02\/0d3ad028-43b2-4bec-83de-24ff1b325e31-200x300.png 200w, https:\/\/soymigrante.com\/revista\/wp-content\/uploads\/2025\/02\/0d3ad028-43b2-4bec-83de-24ff1b325e31-768x1152.png 768w, https:\/\/soymigrante.com\/revista\/wp-content\/uploads\/2025\/02\/0d3ad028-43b2-4bec-83de-24ff1b325e31-750x1125.png 750w, https:\/\/soymigrante.com\/revista\/wp-content\/uploads\/2025\/02\/0d3ad028-43b2-4bec-83de-24ff1b325e31.png 1024w\" sizes=\"(max-width: 683px) 100vw, 683px\" title=\"Ilustraci\u00f3n hecha con IA sobre el supuesto origen legendario del Puente de los Esclavos \u2013 SoyMigrante.com REVISTA\" \/>\t\t\t\t\t\t\t\t\t\t\t<figcaption class=\"widget-image-caption wp-caption-text\">Ilustraci\u00f3n hecha con IA sobre el supuesto origen legendario del Puente de los Esclavos<\/figcaption>\n\t\t\t\t\t\t\t\t\t\t<\/figure>\n\t\t\t\t\t\t\t\t\t<\/div>\n\t\t\t\t\t<\/div>\n\t\t\t\t<\/div>\n\t\t\t\t<section data-particle_enable=\"false\" data-particle-mobile-disabled=\"false\" class=\"elementor-section elementor-top-section elementor-element elementor-element-bd1288b elementor-section-boxed elementor-section-height-default elementor-section-height-default\" data-id=\"bd1288b\" data-element_type=\"section\" data-e-type=\"section\">\n\t\t\t\t\t\t<div class=\"elementor-container elementor-column-gap-default\">\n\t\t\t\t\t<div class=\"elementor-column elementor-col-100 elementor-top-column elementor-element elementor-element-6763e4c\" data-id=\"6763e4c\" data-element_type=\"column\" data-e-type=\"column\">\n\t\t\t<div class=\"elementor-widget-wrap elementor-element-populated\">\n\t\t\t\t\t\t<div class=\"elementor-element elementor-element-d0b56c9 elementor-widget elementor-widget-heading\" data-id=\"d0b56c9\" data-element_type=\"widget\" data-e-type=\"widget\" data-widget_type=\"heading.default\">\n\t\t\t\t\t<h3 class=\"elementor-heading-title elementor-size-default\">6. \u00bfAlguna vez ha necesitado reparaci\u00f3n? <\/h3>\t\t\t\t<\/div>\n\t\t\t\t\t<\/div>\n\t\t<\/div>\n\t\t\t\t\t<\/div>\n\t\t<\/section>\n\t\t\t\t<section data-particle_enable=\"false\" data-particle-mobile-disabled=\"false\" class=\"elementor-section elementor-top-section elementor-element elementor-element-03ad8e0 elementor-section-boxed elementor-section-height-default elementor-section-height-default\" data-id=\"03ad8e0\" data-element_type=\"section\" data-e-type=\"section\">\n\t\t\t\t\t\t<div class=\"elementor-container elementor-column-gap-default\">\n\t\t\t\t\t<div class=\"elementor-column elementor-col-100 elementor-top-column elementor-element elementor-element-1cf3cd2\" data-id=\"1cf3cd2\" data-element_type=\"column\" data-e-type=\"column\">\n\t\t\t<div class=\"elementor-widget-wrap elementor-element-populated\">\n\t\t\t\t\t\t<div class=\"elementor-element elementor-element-c01eb27 elementor-widget elementor-widget-text-editor\" data-id=\"c01eb27\" data-element_type=\"widget\" data-e-type=\"widget\" data-widget_type=\"text-editor.default\">\n\t\t\t\t\t\t\t\t\t<p>La respuesta es s\u00ed. <br>En 1636, epenas 44 a\u00f1os despu\u00e9s de su apertura, se hizo necesario reparar el puente o m\u00e1s bien completar su estructura, al agregarle un basti\u00f3n central con forma de punta de diamante, a fin de que la corriente de agua se rompiera m\u00e1s f\u00e1cilmente.&nbsp;<\/p>\n<p style=\"text-align: justify;\">En 1681 fue reparado nuevamente por da\u00f1os de una crecida. El costo se pag\u00f3 con un peaje de cuatro reales por cada carga de a\u00f1il y dos reales por cada botija de vino. En 1830 se produjo un reencauce del r\u00edo para frenar el deterioro; en l<a href=\"https:\/\/soymigrante.com\/revista\/en-la-navidad-de-1917-terremotos-azotan-a-guatemala-un-testigo-migrante-relata-lo-que-vivio\/\">os terremotos de 1917 y 1918<\/a> sufri\u00f3 da\u00f1os, por lo que fue reparado a un costo aproximado de 100 mil pesos.<span style=\"color: #222222; font-family: Verdana, BlinkMacSystemFont, -apple-system, segoe ui, Roboto, Oxygen, Ubuntu, Cantarell, open sans, helvetica neue, sans-serif;\"><span style=\"font-size: 15px;\">&nbsp;<\/span><\/span><\/p>\t\t\t\t\t\t\t\t<\/div>\n\t\t\t\t\t<\/div>\n\t\t<\/div>\n\t\t\t\t\t<\/div>\n\t\t<\/section>\n\t\t<div data-particle_enable=\"false\" data-particle-mobile-disabled=\"false\" class=\"elementor-element elementor-element-f5a9409 e-flex e-con-boxed e-con e-parent\" data-id=\"f5a9409\" data-element_type=\"container\" data-e-type=\"container\">\n\t\t\t\t\t<div class=\"e-con-inner\">\n\t\t\t\t<div class=\"elementor-element elementor-element-190973d elementor-widget elementor-widget-video\" data-id=\"190973d\" data-element_type=\"widget\" data-e-type=\"widget\" data-settings=\"{&quot;youtube_url&quot;:&quot;https:\\\/\\\/www.youtube.com\\\/watch?v=Njzxzb-r9KU&quot;,&quot;video_type&quot;:&quot;youtube&quot;,&quot;controls&quot;:&quot;yes&quot;}\" data-widget_type=\"video.default\">\n\t\t\t\t\t\t\t<div class=\"elementor-wrapper elementor-open-inline\">\n\t\t\t<div class=\"elementor-video\"><\/div>\t\t<\/div>\n\t\t\t\t\t\t<\/div>\n\t\t\t\t\t<\/div>\n\t\t\t\t<\/div>\n\t\t\t\t<section data-particle_enable=\"false\" data-particle-mobile-disabled=\"false\" class=\"elementor-section elementor-top-section elementor-element elementor-element-c8f93c2 elementor-section-boxed elementor-section-height-default elementor-section-height-default\" data-id=\"c8f93c2\" data-element_type=\"section\" data-e-type=\"section\">\n\t\t\t\t\t\t<div class=\"elementor-container elementor-column-gap-default\">\n\t\t\t\t\t<div class=\"elementor-column elementor-col-100 elementor-top-column elementor-element elementor-element-a40dd65\" data-id=\"a40dd65\" data-element_type=\"column\" data-e-type=\"column\">\n\t\t\t<div class=\"elementor-widget-wrap elementor-element-populated\">\n\t\t\t\t\t\t<div class=\"elementor-element elementor-element-26e7787 elementor-widget elementor-widget-heading\" data-id=\"26e7787\" data-element_type=\"widget\" data-e-type=\"widget\" data-widget_type=\"heading.default\">\n\t\t\t\t\t<h3 class=\"elementor-heading-title elementor-size-default\">7. \u00bfEn qu\u00e9 estado se encuentra el Puente de los Esclavos? <\/h3>\t\t\t\t<\/div>\n\t\t\t\t\t<\/div>\n\t\t<\/div>\n\t\t\t\t\t<\/div>\n\t\t<\/section>\n\t\t\t\t<section data-particle_enable=\"false\" data-particle-mobile-disabled=\"false\" class=\"elementor-section elementor-top-section elementor-element elementor-element-09f5427 elementor-section-boxed elementor-section-height-default elementor-section-height-default\" data-id=\"09f5427\" data-element_type=\"section\" data-e-type=\"section\">\n\t\t\t\t\t\t<div class=\"elementor-container elementor-column-gap-default\">\n\t\t\t\t\t<div class=\"elementor-column elementor-col-100 elementor-top-column elementor-element elementor-element-a8b83a0\" data-id=\"a8b83a0\" data-element_type=\"column\" data-e-type=\"column\">\n\t\t\t<div class=\"elementor-widget-wrap elementor-element-populated\">\n\t\t\t\t\t\t<div class=\"elementor-element elementor-element-c16aa3c elementor-widget elementor-widget-text-editor\" data-id=\"c16aa3c\" data-element_type=\"widget\" data-e-type=\"widget\" data-widget_type=\"text-editor.default\">\n\t\t\t\t\t\t\t\t\t<p>Para muchos guatemaltecos, sobre todo del oriente del pa\u00eds, el puente de Los Esclavos es una estampa tradicional y memorable. De hecho estuvo en servicio hasta mediados del siglo XX, cuando se construy\u00f3 el puente de metal por donde actualmente pasa la carretera.<\/p><p>Sin embargo, hay fuerte deterioro por socavamientos en la base del puente causados por la fuerza del mismo r\u00edo. As\u00ed tambi\u00e9n en algunos de los contrafuertes, hay p\u00e9rdida de material y rocas. Estos elementos con forma de punta de diamante serv\u00edan para romper las aguas y al faltar, pueden acelerar el deterioro.\u00a0<\/p><p>Se necesita un estudio y una reparaci\u00f3n para prolongar su vida \u00fatil. <a href=\"https:\/\/www.google.com\/search?q=puente+los+esclavos+da%C3%B1os+pdf&amp;sca_esv=77ef094ca66521b4&amp;rlz=1C1VDKB_esGT1034GT1034&amp;sxsrf=AHTn8zp5mDxJUSWj12E9iGnW2jiO5eqqDQ%3A1739835528859&amp;ei=iMizZ4WONMWPwbkP7-iS4Ag&amp;ved=0ahUKEwiF8qi18MuLAxXFRzABHW-0BIwQ4dUDCBA&amp;uact=5&amp;oq=puente+los+esclavos+da%C3%B1os+pdf&amp;gs_lp=Egxnd3Mtd2l6LXNlcnAiHnB1ZW50ZSBsb3MgZXNjbGF2b3MgZGHDsW9zIHBkZjIFECEYoAEyBRAhGKABMgUQIRifBTIFECEYnwUyBRAhGJ8FSOsIUK0EWNwHcAF4AZABAJgBmwGgAZACqgEDMC4yuAEDyAEA-AEBmAIDoAKcAsICChAAGLADGNYEGEeYAwCIBgGQBgiSBwMxLjKgB4II&amp;sclient=gws-wiz-serp\">Ya se han efectuado varias peticiones para ello, pero no hay respuesta.<\/a><\/p>\t\t\t\t\t\t\t\t<\/div>\n\t\t\t\t\t<\/div>\n\t\t<\/div>\n\t\t\t\t\t<\/div>\n\t\t<\/section>\n\t\t\t\t<section data-particle_enable=\"false\" data-particle-mobile-disabled=\"false\" class=\"elementor-section elementor-top-section elementor-element elementor-element-f878684 elementor-section-boxed elementor-section-height-default elementor-section-height-default\" data-id=\"f878684\" data-element_type=\"section\" data-e-type=\"section\">\n\t\t\t\t\t\t<div class=\"elementor-container elementor-column-gap-default\">\n\t\t\t\t\t<div class=\"elementor-column elementor-col-100 elementor-top-column elementor-element elementor-element-3b48964\" data-id=\"3b48964\" data-element_type=\"column\" data-e-type=\"column\">\n\t\t\t<div class=\"elementor-widget-wrap elementor-element-populated\">\n\t\t\t\t\t\t<div class=\"elementor-element elementor-element-629cb6a elementor-widget elementor-widget-image\" data-id=\"629cb6a\" data-element_type=\"widget\" data-e-type=\"widget\" data-widget_type=\"image.default\">\n\t\t\t\t\t\t\t\t\t\t\t\t<figure class=\"wp-caption\">\n\t\t\t\t\t\t\t\t\t\t<img loading=\"lazy\" decoding=\"async\" width=\"667\" height=\"488\" src=\"https:\/\/soymigrante.com\/revista\/wp-content\/uploads\/2024\/02\/Captura-de-pantalla-2024-02-29-162711.webp\" class=\"attachment-large size-large wp-image-5126\" alt=\"P\u00e9rdida de piedras en las puntas rompeaguas pueden representar un riesgo cr\u00f3nico para la estructura, debido a que la resistencia a la corriente es mayor. Otras versiones &quot;m\u00e1gicas&quot; dicen que esa es la piedra que el diablo arranc\u00f3 de una patada en su huida.\" srcset=\"https:\/\/soymigrante.com\/revista\/wp-content\/uploads\/2024\/02\/Captura-de-pantalla-2024-02-29-162711.webp 667w, https:\/\/soymigrante.com\/revista\/wp-content\/uploads\/2024\/02\/Captura-de-pantalla-2024-02-29-162711-300x219.webp 300w\" sizes=\"(max-width: 667px) 100vw, 667px\" title=\"P\u00e9rdida de piedras en las puntas rompeaguas pueden   representar un riesgo cr\u00f3nico para la estructura, debido a que la resistencia a la corriente es mayor. Otras versiones &quot;m\u00e1gicas&quot; dicen que esa es la piedra que el diablo arranc\u00f3 de una patada en su huida. \u2013 SoyMigrante.com REVISTA\" \/>\t\t\t\t\t\t\t\t\t\t\t<figcaption class=\"widget-image-caption wp-caption-text\">P\u00e9rdida de piedras en las puntas rompeaguas pueden   representar un riesgo cr\u00f3nico para la estructura, debido a que la resistencia a la corriente es mayor. Otras versiones \"m\u00e1gicas\" dicen que esa es la piedra que el diablo arranc\u00f3 de una patada en su huida.<\/figcaption>\n\t\t\t\t\t\t\t\t\t\t<\/figure>\n\t\t\t\t\t\t\t\t\t<\/div>\n\t\t\t\t\t<\/div>\n\t\t<\/div>\n\t\t\t\t\t<\/div>\n\t\t<\/section>\n\t\t\t\t<section data-particle_enable=\"false\" data-particle-mobile-disabled=\"false\" class=\"elementor-section elementor-top-section elementor-element elementor-element-2833586 elementor-section-boxed elementor-section-height-default elementor-section-height-default\" data-id=\"2833586\" data-element_type=\"section\" data-e-type=\"section\">\n\t\t\t\t\t\t<div class=\"elementor-container elementor-column-gap-default\">\n\t\t\t\t\t<div class=\"elementor-column elementor-col-100 elementor-top-column elementor-element elementor-element-2db7d8d\" data-id=\"2db7d8d\" data-element_type=\"column\" data-e-type=\"column\">\n\t\t\t<div class=\"elementor-widget-wrap elementor-element-populated\">\n\t\t\t\t\t\t<div class=\"elementor-element elementor-element-ffd9976 elementor-widget elementor-widget-text-editor\" data-id=\"ffd9976\" data-element_type=\"widget\" data-e-type=\"widget\" data-widget_type=\"text-editor.default\">\n\t\t\t\t\t\t\t\t\t<p>En sus arcos hay basura quiz\u00e1 arrastrada por las crecidas o lanzada por personas inescrupulosas.&nbsp; La parte superior del puente es lodosa y el empedrado es irregular. A veces hay grafitis que desmerecen la belleza de la estructura.<\/p>\t\t\t\t\t\t\t\t<\/div>\n\t\t\t\t\t<\/div>\n\t\t<\/div>\n\t\t\t\t\t<\/div>\n\t\t<\/section>\n\t\t<div data-particle_enable=\"false\" data-particle-mobile-disabled=\"false\" class=\"elementor-element elementor-element-14aa784 e-flex e-con-boxed e-con e-parent\" data-id=\"14aa784\" data-element_type=\"container\" data-e-type=\"container\">\n\t\t\t\t\t<div class=\"e-con-inner\">\n\t\t\t\t<div class=\"elementor-element elementor-element-f96d018 elementor-widget elementor-widget-image\" data-id=\"f96d018\" data-element_type=\"widget\" data-e-type=\"widget\" data-widget_type=\"image.default\">\n\t\t\t\t\t\t\t\t\t\t\t\t<figure class=\"wp-caption\">\n\t\t\t\t\t\t\t\t\t\t<img loading=\"lazy\" decoding=\"async\" width=\"1024\" height=\"741\" src=\"https:\/\/soymigrante.com\/revista\/wp-content\/uploads\/2024\/02\/p\u00b4fdkd-1024x741.webp\" class=\"attachment-large size-large wp-image-5130\" alt=\"Puente de Los Esclavos a inicios del siglo XX\" srcset=\"https:\/\/soymigrante.com\/revista\/wp-content\/uploads\/2024\/02\/p\u00b4fdkd-1024x741.webp 1024w, https:\/\/soymigrante.com\/revista\/wp-content\/uploads\/2024\/02\/p\u00b4fdkd-300x217.webp 300w, https:\/\/soymigrante.com\/revista\/wp-content\/uploads\/2024\/02\/p\u00b4fdkd-768x556.webp 768w, https:\/\/soymigrante.com\/revista\/wp-content\/uploads\/2024\/02\/p\u00b4fdkd-120x86.webp 120w, https:\/\/soymigrante.com\/revista\/wp-content\/uploads\/2024\/02\/p\u00b4fdkd-750x543.webp 750w, https:\/\/soymigrante.com\/revista\/wp-content\/uploads\/2024\/02\/p\u00b4fdkd.webp 1036w\" sizes=\"(max-width: 1024px) 100vw, 1024px\" title=\"Puente de Los Esclavos a inicios del siglo XX \u2013 SoyMigrante.com REVISTA\" \/>\t\t\t\t\t\t\t\t\t\t\t<figcaption class=\"widget-image-caption wp-caption-text\">Puente de Los Esclavos a inicios del siglo XX<\/figcaption>\n\t\t\t\t\t\t\t\t\t\t<\/figure>\n\t\t\t\t\t\t\t\t\t<\/div>\n\t\t\t\t\t<\/div>\n\t\t\t\t<\/div>\n\t\t<div data-particle_enable=\"false\" data-particle-mobile-disabled=\"false\" class=\"elementor-element elementor-element-3181fa4 e-flex e-con-boxed e-con e-parent\" data-id=\"3181fa4\" data-element_type=\"container\" data-e-type=\"container\">\n\t\t\t\t\t<div class=\"e-con-inner\">\n\t\t\t\t<div class=\"elementor-element elementor-element-4562981 elementor-widget elementor-widget-heading\" data-id=\"4562981\" data-element_type=\"widget\" data-e-type=\"widget\" data-widget_type=\"heading.default\">\n\t\t\t\t\t<h3 class=\"elementor-heading-title elementor-size-default\">\u00bfPuede ser visitado?<\/h3>\t\t\t\t<\/div>\n\t\t\t\t\t<\/div>\n\t\t\t\t<\/div>\n\t\t<div data-particle_enable=\"false\" data-particle-mobile-disabled=\"false\" class=\"elementor-element elementor-element-7a96f74 e-flex e-con-boxed e-con e-parent\" data-id=\"7a96f74\" data-element_type=\"container\" data-e-type=\"container\">\n\t\t\t\t\t<div class=\"e-con-inner\">\n\t\t\t\t<div class=\"elementor-element elementor-element-0cfae9c elementor-widget elementor-widget-text-editor\" data-id=\"0cfae9c\" data-element_type=\"widget\" data-e-type=\"widget\" data-widget_type=\"text-editor.default\">\n\t\t\t\t\t\t\t\t\t<p>La respuesta es s\u00ed, peroi se debe tomar en cuenta que el \u00e1rea cercana al puente es bastante desolada y la vigilancia de Polic\u00eda Nacional o municipal es escasa. Se han reportado casos de asaltos de turistas en las proximidades.<\/p><p>El paso sobre el puente se encuentra abierto a peatones y ciclistas.\u00a0En todo caso se puede pedir apoyo a la Polic\u00eda Nacional para poder recorrerlo con seguridad. Se localiza en el kil\u00f3metro 73 de la carretera a El Salvador.<\/p>\t\t\t\t\t\t\t\t<\/div>\n\t\t\t\t\t<\/div>\n\t\t\t\t<\/div>\n\t\t<div data-particle_enable=\"false\" data-particle-mobile-disabled=\"false\" class=\"elementor-element elementor-element-cdd1061 e-flex e-con-boxed e-con e-parent\" data-id=\"cdd1061\" data-element_type=\"container\" data-e-type=\"container\">\n\t\t\t\t\t<div class=\"e-con-inner\">\n\t\t\t\t<div class=\"elementor-element elementor-element-1bfcc63 elementor-widget elementor-widget-google_maps\" data-id=\"1bfcc63\" data-element_type=\"widget\" data-e-type=\"widget\" data-widget_type=\"google_maps.default\">\n\t\t\t\t\t\t\t<div class=\"elementor-custom-embed\">\n\t\t\t<iframe loading=\"lazy\"\n\t\t\t\t\tsrc=\"https:\/\/maps.google.com\/maps?q=Puente%20Los%20Esclavos&#038;t=m&#038;z=10&#038;output=embed&#038;iwloc=near\"\n\t\t\t\t\ttitle=\"Puente Los Esclavos\"\n\t\t\t\t\taria-label=\"Puente Los Esclavos\"\n\t\t\t><\/iframe>\n\t\t<\/div>\n\t\t\t\t\t\t<\/div>\n\t\t\t\t\t<\/div>\n\t\t\t\t<\/div>\n\t\t<div data-particle_enable=\"false\" data-particle-mobile-disabled=\"false\" class=\"elementor-element elementor-element-3cbb7dd e-flex e-con-boxed e-con e-parent\" data-id=\"3cbb7dd\" data-element_type=\"container\" data-e-type=\"container\">\n\t\t\t\t\t<div class=\"e-con-inner\">\n\t\t\t\t<div class=\"elementor-element elementor-element-8adc1c7 elementor-widget elementor-widget-heading\" data-id=\"8adc1c7\" data-element_type=\"widget\" data-e-type=\"widget\" data-widget_type=\"heading.default\">\n\t\t\t\t\t<h2 class=\"elementor-heading-title elementor-size-default\">Guatemala tiene joyas fascinantes<\/h2>\t\t\t\t<\/div>\n\t\t\t\t\t<\/div>\n\t\t\t\t<\/div>\n\t\t<div data-particle_enable=\"false\" data-particle-mobile-disabled=\"false\" class=\"elementor-element elementor-element-6eaf552 e-flex e-con-boxed e-con e-parent\" data-id=\"6eaf552\" data-element_type=\"container\" data-e-type=\"container\">\n\t\t\t\t\t<div class=\"e-con-inner\">\n\t\t\t\t<div class=\"elementor-element elementor-element-bd724b4 elementor-grid-eael-col-3 elementor-grid-tablet-eael-col-2 elementor-grid-mobile-eael-col-1 elementor-widget elementor-widget-eael-post-grid\" data-id=\"bd724b4\" data-element_type=\"widget\" data-e-type=\"widget\" data-settings=\"{&quot;eael_post_grid_columns&quot;:&quot;eael-col-3&quot;,&quot;eael_post_grid_columns_tablet&quot;:&quot;eael-col-2&quot;,&quot;eael_post_grid_columns_mobile&quot;:&quot;eael-col-1&quot;}\" data-widget_type=\"eael-post-grid.default\">\n\t\t\t\t\t<div id=\"eael-post-grid-bd724b4\" class=\"eael-post-grid-container\">\n            <div class=\"eael-post-grid eael-post-appender eael-post-appender-bd724b4 eael-post-grid-style-one\" data-layout-mode=\"masonry\"><article class=\"eael-grid-post  eael-post-grid-column eael-pg-post-5538 category-arte-cultura-guate-nuestra tags-joyas-de-antigua-guatemala\" data-id=\"5538\">\n        <div class=\"eael-grid-post-holder\">\n            <div class=\"eael-grid-post-holder-inner\"><div class=\"eael-entry-media\"><div class=\"eael-entry-overlay fade-in\"><i class=\"fas fa-long-arrow-alt-right\" aria-hidden=\"true\"><\/i><a href=\"https:\/\/soymigrante.com\/revista\/antigua-guatemala-arco-de-santa-catalina-tesoro-colonial-patrimonio\/\"><\/a><\/div><div class=\"eael-entry-thumbnail \">\n                <img loading=\"lazy\" decoding=\"async\" width=\"300\" height=\"223\" src=\"https:\/\/soymigrante.com\/revista\/wp-content\/uploads\/2024\/03\/copia-copia-300x223.webp\" class=\"attachment-medium size-medium wp-image-5539\" alt=\"Arco de Santa Catalina cumple 330 a\u00f1os en 2024, se encuentra en Antigua Guatemala, ciudad colonial Patrimonio de la Humanidad.\" srcset=\"https:\/\/soymigrante.com\/revista\/wp-content\/uploads\/2024\/03\/copia-copia-300x223.webp 300w, https:\/\/soymigrante.com\/revista\/wp-content\/uploads\/2024\/03\/copia-copia-1024x760.webp 1024w, https:\/\/soymigrante.com\/revista\/wp-content\/uploads\/2024\/03\/copia-copia-768x570.webp 768w, https:\/\/soymigrante.com\/revista\/wp-content\/uploads\/2024\/03\/copia-copia-750x557.webp 750w, https:\/\/soymigrante.com\/revista\/wp-content\/uploads\/2024\/03\/copia-copia.webp 1048w\" sizes=\"(max-width: 300px) 100vw, 300px\" \/>\n            <\/div>\n        <\/div><div class=\"eael-entry-wrapper\"><header class=\"eael-entry-header\"><h2 class=\"eael-entry-title\"><a class=\"eael-grid-post-link\" href=\"https:\/\/soymigrante.com\/revista\/antigua-guatemala-arco-de-santa-catalina-tesoro-colonial-patrimonio\/\" title=\"Joyas de Antigua Guatemala: \u00bfCu\u00e1ndo se construy\u00f3 el ic\u00f3nico Arco de Santa Catalina y por qu\u00e9?\">Joyas de Antigua Guatemala: \u00bfCu\u00e1ndo se construy\u00f3 el ic\u00f3nico Arco de Santa Catalina y por qu\u00e9?<\/a><\/h2><\/header><\/div><\/div>\n        <\/div>\n    <\/article><article class=\"eael-grid-post  eael-post-grid-column eael-pg-post-5664 category-arte-cultura-guate-nuestra tags-joyas-de-antigua-guatemala\" data-id=\"5664\">\n        <div class=\"eael-grid-post-holder\">\n            <div class=\"eael-grid-post-holder-inner\"><div class=\"eael-entry-media\"><div class=\"eael-entry-overlay fade-in\"><i class=\"fas fa-long-arrow-alt-right\" aria-hidden=\"true\"><\/i><a href=\"https:\/\/soymigrante.com\/revista\/joyas-de-antigua-guatemala-7-datos-de-las-ruinas-de-santa-clara\/\"><\/a><\/div><div class=\"eael-entry-thumbnail \">\n                <img loading=\"lazy\" decoding=\"async\" width=\"300\" height=\"223\" src=\"https:\/\/soymigrante.com\/revista\/wp-content\/uploads\/2024\/03\/Captura-de-pantalla-2024-03-28-144931-300x223.webp\" class=\"attachment-medium size-medium wp-image-5672\" alt=\"\u00c1ngeles flanquean los lados del atrio interior de Santa Clara. N\u00f3tese el estilo de las columnas a los lados, de tipo serliano. Por eso este frontispicio es una de las mejores muestras del barroco guatemalteco.\" srcset=\"https:\/\/soymigrante.com\/revista\/wp-content\/uploads\/2024\/03\/Captura-de-pantalla-2024-03-28-144931-300x223.webp 300w, https:\/\/soymigrante.com\/revista\/wp-content\/uploads\/2024\/03\/Captura-de-pantalla-2024-03-28-144931-768x571.webp 768w, https:\/\/soymigrante.com\/revista\/wp-content\/uploads\/2024\/03\/Captura-de-pantalla-2024-03-28-144931-750x557.webp 750w, https:\/\/soymigrante.com\/revista\/wp-content\/uploads\/2024\/03\/Captura-de-pantalla-2024-03-28-144931.webp 888w\" sizes=\"(max-width: 300px) 100vw, 300px\" \/>\n            <\/div>\n        <\/div><div class=\"eael-entry-wrapper\"><header class=\"eael-entry-header\"><h2 class=\"eael-entry-title\"><a class=\"eael-grid-post-link\" href=\"https:\/\/soymigrante.com\/revista\/joyas-de-antigua-guatemala-7-datos-de-las-ruinas-de-santa-clara\/\" title=\"Joyas de Antigua Guatemala: 7 datos de las ruinas del convento de Santa Clara\">Joyas de Antigua Guatemala: 7 datos de las ruinas del convento de Santa Clara<\/a><\/h2><\/header><\/div><\/div>\n        <\/div>\n    <\/article><article class=\"eael-grid-post  eael-post-grid-column eael-pg-post-1536 category-guate-nuestra\" data-id=\"1536\">\n        <div class=\"eael-grid-post-holder\">\n            <div class=\"eael-grid-post-holder-inner\"><div class=\"eael-entry-media\"><div class=\"eael-entry-overlay fade-in\"><i class=\"fas fa-long-arrow-alt-right\" aria-hidden=\"true\"><\/i><a href=\"https:\/\/soymigrante.com\/revista\/7-datos-que-ya-sabias-o-quiza-no-sobre-el-gran-jaguar-y-tikal\/\"><\/a><\/div><div class=\"eael-entry-thumbnail \">\n                <img loading=\"lazy\" decoding=\"async\" width=\"300\" height=\"139\" src=\"https:\/\/soymigrante.com\/revista\/wp-content\/uploads\/2023\/06\/Captura-de-pantalla-2023-06-21-143338-300x139.webp\" class=\"attachment-medium size-medium wp-image-1538\" alt=\"Tikal: 7 datos que ya sab\u00edas (o quiz\u00e1 no) sobre el Templo I o Gran Jaguar\" srcset=\"https:\/\/soymigrante.com\/revista\/wp-content\/uploads\/2023\/06\/Captura-de-pantalla-2023-06-21-143338-300x139.webp 300w, https:\/\/soymigrante.com\/revista\/wp-content\/uploads\/2023\/06\/Captura-de-pantalla-2023-06-21-143338-1024x475.webp 1024w, https:\/\/soymigrante.com\/revista\/wp-content\/uploads\/2023\/06\/Captura-de-pantalla-2023-06-21-143338-768x356.webp 768w, https:\/\/soymigrante.com\/revista\/wp-content\/uploads\/2023\/06\/Captura-de-pantalla-2023-06-21-143338-750x348.webp 750w, https:\/\/soymigrante.com\/revista\/wp-content\/uploads\/2023\/06\/Captura-de-pantalla-2023-06-21-143338-1140x529.webp 1140w, https:\/\/soymigrante.com\/revista\/wp-content\/uploads\/2023\/06\/Captura-de-pantalla-2023-06-21-143338.webp 1427w\" sizes=\"(max-width: 300px) 100vw, 300px\" \/>\n            <\/div>\n        <\/div><div class=\"eael-entry-wrapper\"><header class=\"eael-entry-header\"><h2 class=\"eael-entry-title\"><a class=\"eael-grid-post-link\" href=\"https:\/\/soymigrante.com\/revista\/7-datos-que-ya-sabias-o-quiza-no-sobre-el-gran-jaguar-y-tikal\/\" title=\"Tikal: 7 datos que ya sab\u00edas (o quiz\u00e1 no) sobre el Templo I o Gran Jaguar\">Tikal: 7 datos que ya sab\u00edas (o quiz\u00e1 no) sobre el Templo I o Gran Jaguar<\/a><\/h2><\/header><\/div><\/div>\n        <\/div>\n    <\/article><\/div>\n            <div class=\"clearfix\"><\/div>\n        <\/div>\t\t\t\t<\/div>\n\t\t\t\t\t<\/div>\n\t\t\t\t<\/div>\n\t\t\t\t<\/div>\n\t\t","protected":false},"excerpt":{"rendered":"<p>Todos califican al cuatricentenario Puente de los Esclavos, en Cuilapa, Santa Rosa como &#8220;indestructible&#8221;, al punto que origin\u00f3 una leyenda sobre su origen. Aqu\u00ed puedes ver su piedra de fundaci\u00f3n y otros detalles, incluyendo deterioro en su estructura. Al puente de Los Esclavos le han llamado el indestructible, debido a que en sus m\u00e1s de [&hellip;]<\/p>\n","protected":false},"author":7,"featured_media":52602,"comment_status":"open","ping_status":"open","sticky":false,"template":"","format":"standard","meta":{"_acf_changed":false,"_eb_attr":"","footnotes":""},"categories":[91,58],"tags":[],"class_list":["post-5115","post","type-post","status-publish","format-standard","has-post-thumbnail","hentry","category-arte-cultura","category-guate-nuestra"],"acf":[],"aioseo_notices":[],"aioseo_head":"\n\t\t<!-- All in One SEO Pro 4.9.6.2 - aioseo.com -->\n\t<meta name=\"description\" content=\"\u00cdcono mundial, Patrimonio Cultural de la Humanidad de la Humanidad desde 1979, Tikal a\u00fan refleja la magnificencia maya prehisp\u00e1nica e inspira recuerdos en muchos migrantes guatemaltecos. El Templo I de Tikal, m\u00e1s conocido como El Gran Jaguar, es uno de los \u00edconos mundiales de Guatemala y de la legendaria ciudad maya, enclavada en el centro\" \/>\n\t<meta name=\"robots\" content=\"max-snippet:-1, max-image-preview:large, max-video-preview:-1\" \/>\n\t<meta name=\"author\" content=\"Gustavo Montenegro\"\/>\n\t<link rel=\"canonical\" href=\"https:\/\/soymigrante.com\/revista\/7-datos-que-ya-sabias-o-quiza-no-sobre-el-gran-jaguar-y-tikal\/\" \/>\n\t<meta name=\"generator\" content=\"All in One SEO Pro (AIOSEO) 4.9.6.2\" \/>\n\n\t\t<link rel=\"preconnect\" href=\"https:\/\/fonts.googleapis.com\" crossorigin>\n<link rel=\"preconnect\" href=\"https:\/\/fonts.gstatic.com\" crossorigin>\n\t\t<meta property=\"og:locale\" content=\"es_ES\" \/>\n\t\t<meta property=\"og:site_name\" content=\"SoyMigrante.com REVISTA \u2013 Nuestra misi\u00f3n es reconocer y dignificar al migrante.\" \/>\n\t\t<meta property=\"og:type\" content=\"article\" \/>\n\t\t<meta property=\"og:title\" content=\"Tikal: 7 datos que ya sab\u00edas (o quiz\u00e1 no) sobre el Templo I o Gran Jaguar\" \/>\n\t\t<meta property=\"og:description\" content=\"\u00cdcono mundial, Patrimonio Cultural de la Humanidad de la Humanidad desde 1979, Tikal a\u00fan refleja la magnificencia maya prehisp\u00e1nica e inspira recuerdos en muchos migrantes guatemaltecos. El Templo I de Tikal, m\u00e1s conocido como El Gran Jaguar, es uno de los \u00edconos mundiales de Guatemala y de la legendaria ciudad maya, enclavada en el centro\" \/>\n\t\t<meta property=\"og:url\" content=\"https:\/\/soymigrante.com\/revista\/7-datos-que-ya-sabias-o-quiza-no-sobre-el-gran-jaguar-y-tikal\/\" \/>\n\t\t<meta property=\"og:image\" content=\"https:\/\/soymigrante.com\/revista\/wp-content\/uploads\/2023\/06\/Captura-de-pantalla-2023-06-21-143338.webp\" \/>\n\t\t<meta property=\"og:image:secure_url\" content=\"https:\/\/soymigrante.com\/revista\/wp-content\/uploads\/2023\/06\/Captura-de-pantalla-2023-06-21-143338.webp\" \/>\n\t\t<meta property=\"og:image:width\" content=\"1427\" \/>\n\t\t<meta property=\"og:image:height\" content=\"662\" \/>\n\t\t<meta property=\"article:published_time\" content=\"2023-06-22T20:28:51+00:00\" \/>\n\t\t<meta property=\"article:modified_time\" content=\"2025-09-15T23:22:23+00:00\" \/>\n\t\t<meta property=\"article:publisher\" content=\"https:\/\/www.facebook.com\/soymigrantecom\" \/>\n\t\t<meta name=\"twitter:card\" content=\"summary_large_image\" \/>\n\t\t<meta name=\"twitter:site\" content=\"@SoyMigrante_com\" \/>\n\t\t<meta name=\"twitter:title\" content=\"Tikal: 7 datos que ya sab\u00edas (o quiz\u00e1 no) sobre el Templo I o Gran Jaguar\" \/>\n\t\t<meta name=\"twitter:description\" content=\"\u00cdcono mundial, Patrimonio Cultural de la Humanidad de la Humanidad desde 1979, Tikal a\u00fan refleja la magnificencia maya prehisp\u00e1nica e inspira recuerdos en muchos migrantes guatemaltecos. El Templo I de Tikal, m\u00e1s conocido como El Gran Jaguar, es uno de los \u00edconos mundiales de Guatemala y de la legendaria ciudad maya, enclavada en el centro\" \/>\n\t\t<meta name=\"twitter:creator\" content=\"@SoyMigrante_com\" \/>\n\t\t<meta name=\"twitter:image\" content=\"https:\/\/soymigrante.com\/revista\/wp-content\/uploads\/2023\/06\/Captura-de-pantalla-2023-06-21-143338.webp\" \/>\n\t\t<!-- All in One SEO Pro -->\r\n\t\t<title>Tikal: 7 datos que ya sab\u00edas (o quiz\u00e1 no) sobre el Templo I o Gran Jaguar<\/title>\n\n","aioseo_head_json":{"title":"Tikal: 7 datos que ya sab\u00edas (o quiz\u00e1 no) sobre el Templo I o Gran Jaguar","description":"\u00cdcono mundial, Patrimonio Cultural de la Humanidad de la Humanidad desde 1979, Tikal a\u00fan refleja la magnificencia maya prehisp\u00e1nica e inspira recuerdos en muchos migrantes guatemaltecos. El Templo I de Tikal, m\u00e1s conocido como El Gran Jaguar, es uno de los \u00edconos mundiales de Guatemala y de la legendaria ciudad maya, enclavada en el centro","canonical_url":"https:\/\/soymigrante.com\/revista\/7-datos-que-ya-sabias-o-quiza-no-sobre-el-gran-jaguar-y-tikal\/","robots":"max-snippet:-1, max-image-preview:large, max-video-preview:-1","keywords":"","webmasterTools":{"miscellaneous":"&lt;link rel=\"preconnect\" href=\"https:\/\/fonts.googleapis.com\" crossorigin&gt;\n&lt;link rel=\"preconnect\" href=\"https:\/\/fonts.gstatic.com\" crossorigin&gt;"},"schema":null,"og:locale":"es_ES","og:site_name":"SoyMigrante.com REVISTA \u2013 Nuestra misi\u00f3n es reconocer y dignificar al migrante.","og:type":"article","og:title":"Tikal: 7 datos que ya sab\u00edas (o quiz\u00e1 no) sobre el Templo I o Gran Jaguar","og:description":"\u00cdcono mundial, Patrimonio Cultural de la Humanidad de la Humanidad desde 1979, Tikal a\u00fan refleja la magnificencia maya prehisp\u00e1nica e inspira recuerdos en muchos migrantes guatemaltecos. El Templo I de Tikal, m\u00e1s conocido como El Gran Jaguar, es uno de los \u00edconos mundiales de Guatemala y de la legendaria ciudad maya, enclavada en el centro","og:url":"https:\/\/soymigrante.com\/revista\/7-datos-que-ya-sabias-o-quiza-no-sobre-el-gran-jaguar-y-tikal\/","og:image":"https:\/\/soymigrante.com\/revista\/wp-content\/uploads\/2023\/06\/Captura-de-pantalla-2023-06-21-143338.webp","og:image:secure_url":"https:\/\/soymigrante.com\/revista\/wp-content\/uploads\/2023\/06\/Captura-de-pantalla-2023-06-21-143338.webp","og:image:width":1427,"og:image:height":662,"article:published_time":"2023-06-22T20:28:51+00:00","article:modified_time":"2025-09-15T23:22:23+00:00","article:publisher":"https:\/\/www.facebook.com\/soymigrantecom","twitter:card":"summary_large_image","twitter:site":"@SoyMigrante_com","twitter:title":"Tikal: 7 datos que ya sab\u00edas (o quiz\u00e1 no) sobre el Templo I o Gran Jaguar","twitter:description":"\u00cdcono mundial, Patrimonio Cultural de la Humanidad de la Humanidad desde 1979, Tikal a\u00fan refleja la magnificencia maya prehisp\u00e1nica e inspira recuerdos en muchos migrantes guatemaltecos. El Templo I de Tikal, m\u00e1s conocido como El Gran Jaguar, es uno de los \u00edconos mundiales de Guatemala y de la legendaria ciudad maya, enclavada en el centro","twitter:creator":"@SoyMigrante_com","twitter:image":"https:\/\/soymigrante.com\/revista\/wp-content\/uploads\/2023\/06\/Captura-de-pantalla-2023-06-21-143338.webp"},"aioseo_meta_data":{"post_id":"5115","title":"\u00bfCu\u00e1ntos a\u00f1os tiene el Puente de Los Esclavos?","description":"La solidez del Puente los Esclavos hace honor a su origen legendario. Fue inaugurado el 17 de febrero de 1592. M\u00edralo muy de cerca aqu\u00ed.","keywords":null,"keyphrases":{"focus":{"keyphrase":"Puente Los Esclavos","score":69,"analysis":{"keyphraseInTitle":{"score":3,"maxScore":9,"error":1},"keyphraseInDescription":{"score":9,"maxScore":9,"error":0},"keyphraseLength":{"score":9,"maxScore":9,"error":0,"length":3},"keyphraseInURL":{"score":5,"maxScore":5,"error":0},"keyphraseInIntroduction":{"score":9,"maxScore":9,"error":0},"keyphraseInSubHeadings":{"score":3,"maxScore":9,"error":1},"keyphraseInImageAlt":{"score":9,"maxScore":9,"error":0},"keywordDensity":{"score":0,"type":"low","maxScore":9,"error":1}}},"additional":[{"keyphrase":"Crecidas","score":53,"analysis":{"keyphraseInDescription":{"score":3,"maxScore":9,"error":1},"keyphraseLength":{"score":9,"maxScore":9,"error":0,"length":1},"keyphraseInIntroduction":{"score":3,"maxScore":9,"error":1},"keyphraseInImageAlt":{"score":9,"maxScore":9,"error":0},"keywordDensity":{"score":0,"type":"low","maxScore":9,"error":1}}},{"keyphrase":"Guatemala","score":73,"analysis":{"keyphraseInDescription":{"score":3,"maxScore":9,"error":1},"keyphraseLength":{"score":9,"maxScore":9,"error":0,"length":1},"keyphraseInIntroduction":{"score":3,"maxScore":9,"error":1},"keyphraseInImageAlt":{"score":9,"maxScore":9,"error":0},"keywordDensity":{"type":"best","score":9,"maxScore":9,"error":0}}}]},"primary_term":null,"canonical_url":null,"og_title":null,"og_description":null,"og_object_type":"default","og_image_type":"default","og_image_url":null,"og_image_width":null,"og_image_height":null,"og_image_custom_url":null,"og_image_custom_fields":null,"og_video":"","og_custom_url":null,"og_article_section":null,"og_article_tags":null,"twitter_use_og":false,"twitter_card":"default","twitter_image_type":"default","twitter_image_url":null,"twitter_image_custom_url":null,"twitter_image_custom_fields":null,"twitter_title":null,"twitter_description":null,"schema":{"blockGraphs":[],"customGraphs":[],"default":{"data":{"Article":[],"Course":[],"Dataset":[],"FAQPage":[],"Movie":[],"Person":[],"Product":[],"ProductReview":[],"Car":[],"Recipe":[],"Service":[],"SoftwareApplication":[],"WebPage":[]},"graphName":"NewsArticle","isEnabled":true},"graphs":[]},"schema_type":"default","schema_type_options":null,"pillar_content":false,"robots_default":true,"robots_noindex":false,"robots_noarchive":false,"robots_nosnippet":false,"robots_nofollow":false,"robots_noimageindex":false,"robots_noodp":false,"robots_notranslate":false,"robots_max_snippet":"-1","robots_max_videopreview":"-1","robots_max_imagepreview":"large","priority":null,"frequency":"default","local_seo":null,"seo_analyzer_scan_date":null,"breadcrumb_settings":null,"limit_modified_date":false,"reviewed_by":"0","open_ai":"{\"title\":{\"suggestions\":[],\"usage\":0},\"description\":{\"suggestions\":[],\"usage\":0}}","ai":{"faqs":[],"keyPoints":[],"titles":[],"descriptions":[],"socialPosts":{"email":[],"linkedin":[],"twitter":[],"facebook":[],"instagram":[]}},"created":"2024-02-29 22:14:43","updated":"2026-03-06 15:45:42"},"aioseo_breadcrumb":"<div class=\"aioseo-breadcrumbs\"><span class=\"aioseo-breadcrumb\">\n\t<a href=\"https:\/\/soymigrante.com\/revista\" title=\"Home\">Home<\/a>\n<\/span><span class=\"aioseo-breadcrumb-separator\">\u00bb<\/span><span class=\"aioseo-breadcrumb\">\n\t<a href=\"https:\/\/soymigrante.com\/revista\/category\/guate-nuestra\/\" title=\"Guate Nuestra\">Guate Nuestra<\/a>\n<\/span><span class=\"aioseo-breadcrumb-separator\">\u00bb<\/span><span class=\"aioseo-breadcrumb\">\n\t<a href=\"https:\/\/soymigrante.com\/revista\/category\/guate-nuestra\/arte-cultura\/\" title=\"Cultura de Guatemala\">Cultura de Guatemala<\/a>\n<\/span><span class=\"aioseo-breadcrumb-separator\">\u00bb<\/span><span class=\"aioseo-breadcrumb\">\n\tEl legendario Puente Los Esclavos en Santa Rosa desaf\u00eda al tiempo y los elementos desde 1604\n<\/span><\/div>","aioseo_breadcrumb_json":[{"label":"Home","link":"https:\/\/soymigrante.com\/revista"},{"label":"Guate Nuestra","link":"https:\/\/soymigrante.com\/revista\/category\/guate-nuestra\/"},{"label":"Cultura de Guatemala","link":"https:\/\/soymigrante.com\/revista\/category\/guate-nuestra\/arte-cultura\/"},{"label":"El legendario Puente Los Esclavos en Santa Rosa desaf\u00eda al tiempo y los elementos desde 1604","link":"https:\/\/soymigrante.com\/revista\/guatemala-patrimonio-cuatricentenario-puente-los-esclavos-santa-rosa\/"}],"_links":{"self":[{"href":"https:\/\/soymigrante.com\/revista\/wp-json\/wp\/v2\/posts\/5115","targetHints":{"allow":["GET"]}}],"collection":[{"href":"https:\/\/soymigrante.com\/revista\/wp-json\/wp\/v2\/posts"}],"about":[{"href":"https:\/\/soymigrante.com\/revista\/wp-json\/wp\/v2\/types\/post"}],"author":[{"embeddable":true,"href":"https:\/\/soymigrante.com\/revista\/wp-json\/wp\/v2\/users\/7"}],"replies":[{"embeddable":true,"href":"https:\/\/soymigrante.com\/revista\/wp-json\/wp\/v2\/comments?post=5115"}],"version-history":[{"count":9,"href":"https:\/\/soymigrante.com\/revista\/wp-json\/wp\/v2\/posts\/5115\/revisions"}],"predecessor-version":[{"id":52610,"href":"https:\/\/soymigrante.com\/revista\/wp-json\/wp\/v2\/posts\/5115\/revisions\/52610"}],"wp:featuredmedia":[{"embeddable":true,"href":"https:\/\/soymigrante.com\/revista\/wp-json\/wp\/v2\/media\/52602"}],"wp:attachment":[{"href":"https:\/\/soymigrante.com\/revista\/wp-json\/wp\/v2\/media?parent=5115"}],"wp:term":[{"taxonomy":"category","embeddable":true,"href":"https:\/\/soymigrante.com\/revista\/wp-json\/wp\/v2\/categories?post=5115"},{"taxonomy":"post_tag","embeddable":true,"href":"https:\/\/soymigrante.com\/revista\/wp-json\/wp\/v2\/tags?post=5115"}],"curies":[{"name":"wp","href":"https:\/\/api.w.org\/{rel}","templated":true}]}}