{"id":51135,"date":"2026-01-15T17:54:01","date_gmt":"2026-01-15T23:54:01","guid":{"rendered":"https:\/\/soymigrante.com\/revista\/?p=51135"},"modified":"2026-01-15T17:54:10","modified_gmt":"2026-01-15T23:54:10","slug":"en-minesota-hay-temor-pero-tambien-hay-solidaridad-testimonio-de-migrante-guatemalteco","status":"publish","type":"post","link":"https:\/\/soymigrante.com\/revista\/en-minesota-hay-temor-pero-tambien-hay-solidaridad-testimonio-de-migrante-guatemalteco\/","title":{"rendered":"En Minesota hay temor pero tambi\u00e9n hay solidaridad: testimonio de migrante guatemalteco"},"content":{"rendered":"\t\t<div data-elementor-type=\"wp-post\" data-elementor-id=\"51135\" class=\"elementor elementor-51135\" data-elementor-post-type=\"post\">\n\t\t\t\t<div data-particle_enable=\"false\" data-particle-mobile-disabled=\"false\" class=\"elementor-element elementor-element-dbc6fd8 e-flex e-con-boxed e-con e-parent\" data-id=\"dbc6fd8\" data-element_type=\"container\" data-e-type=\"container\">\n\t\t\t\t\t<div class=\"e-con-inner\">\n\t\t\t\t<div class=\"elementor-element elementor-element-eab5e7f elementor-widget elementor-widget-heading\" data-id=\"eab5e7f\" data-element_type=\"widget\" data-e-type=\"widget\" data-widget_type=\"heading.default\">\n\t\t\t\t\t<h2 class=\"elementor-heading-title elementor-size-default\">Guatemalteco Javier Samayoa comparte los d\u00edas de zozobra que se viven en Minesota, al atestiguar la angustia de familias que temen o enfrentan la detenci\u00f3n de un familiar. Y a\u00fan as\u00ed, al final de este relato, un signo de esperanza.<\/h2>\t\t\t\t<\/div>\n\t\t\t\t\t<\/div>\n\t\t\t\t<\/div>\n\t\t<div data-particle_enable=\"false\" data-particle-mobile-disabled=\"false\" class=\"elementor-element elementor-element-0e63ed3 e-flex e-con-boxed e-con e-parent\" data-id=\"0e63ed3\" data-element_type=\"container\" data-e-type=\"container\">\n\t\t\t\t\t<div class=\"e-con-inner\">\n\t\t\t\t<div class=\"elementor-element elementor-element-a594309 elementor-widget elementor-widget-text-editor\" data-id=\"a594309\" data-element_type=\"widget\" data-e-type=\"widget\" data-widget_type=\"text-editor.default\">\n\t\t\t\t\t\t\t\t\t<p><b><a href=\"https:\/\/soymigrante.com\/revista\/la-mas-desafiante-migracion-de-javier-samayoa-no-fue-a-minnesota-sino-del-dolor-a-la-fortaleza\/\">Por Javier Samayoa<\/a><\/b><\/p>\t\t\t\t\t\t\t\t<\/div>\n\t\t\t\t\t<\/div>\n\t\t\t\t<\/div>\n\t\t<div data-particle_enable=\"false\" data-particle-mobile-disabled=\"false\" class=\"elementor-element elementor-element-345811c e-flex e-con-boxed e-con e-parent\" data-id=\"345811c\" data-element_type=\"container\" data-e-type=\"container\">\n\t\t\t\t\t<div class=\"e-con-inner\">\n\t\t\t\t<div class=\"elementor-element elementor-element-f3cbcc4 elementor-widget elementor-widget-text-editor\" data-id=\"f3cbcc4\" data-element_type=\"widget\" data-e-type=\"widget\" data-widget_type=\"text-editor.default\">\n\t\t\t\t\t\t\t\t\t<p>Compatriotas guatemaltecos con evidentes signos de estr\u00e9s postraum\u00e1tico est\u00e1n pensando en regresar a su tierra para darle fin a lo que ahora llaman la &#8216;&#8221;pesadilla americana'&#8221;.<\/p><p>Benjamin con la voz temblorosa pero contundente me puso en un mensaje de voz: &#8216;Me regreso a Guatemala. \u00a1Ya no aguanto esta situaci\u00f3n!&#8230; Hoy la <a href=\"https:\/\/soymigrante.com\/revista\/operativos-antimaras-en-usa-se-utilizan-para-detener-migrantes-sin-antecedentes-cuestiona-insight-crime\/\">migra<\/a> nos par\u00f3 y como pudimos mi compa\u00f1ero y yo nos escondimos en la parte de atr\u00e1s de la camioneta. Afortunadamente no decidieron registrarla porque si no nos atrapan&#8221;.<\/p><p>Benjam\u00edn se dedica actualmente a instalar alfombras<a href=\"https:\/\/soymigrante.com\/revista\/mas-de-73-mil-detenidos-por-ice-no-tienen-ningun-record-criminal-senala-analisis-de-datos-oficiales\/\">.Tene casi una d\u00e9cada viviendo en Minnesota<\/a> y es padre de 4 ni\u00f1os entre diez y cero a\u00f1os. Pero ante la crisis de represi\u00f3n y violencia contra los inmigrantes Benjam\u00edn tiene claro que regresar podr\u00eda ser lo mejor para el.<\/p><p>\u00a0<\/p>\t\t\t\t\t\t\t\t<\/div>\n\t\t\t\t\t<\/div>\n\t\t\t\t<\/div>\n\t\t<div data-particle_enable=\"false\" data-particle-mobile-disabled=\"false\" class=\"elementor-element elementor-element-e2691ee e-flex e-con-boxed e-con e-parent\" data-id=\"e2691ee\" data-element_type=\"container\" data-e-type=\"container\">\n\t\t\t\t\t<div class=\"e-con-inner\">\n\t\t\t\t<div class=\"elementor-element elementor-element-67a2a62 elementor-widget elementor-widget-image\" data-id=\"67a2a62\" data-element_type=\"widget\" data-e-type=\"widget\" data-widget_type=\"image.default\">\n\t\t\t\t\t\t\t\t\t\t\t\t<figure class=\"wp-caption\">\n\t\t\t\t\t\t\t\t\t\t<img fetchpriority=\"high\" decoding=\"async\" width=\"461\" height=\"1024\" src=\"https:\/\/soymigrante.com\/revista\/wp-content\/uploads\/2026\/01\/carro-de-un-migrante-hondureno-que-fue-detenido-en-minesota-461x1024.jpg\" class=\"attachment-large size-large wp-image-51139\" alt=\"carro de un migrante hondure\u00f1o que fue detenido en minesota\" srcset=\"https:\/\/soymigrante.com\/revista\/wp-content\/uploads\/2026\/01\/carro-de-un-migrante-hondureno-que-fue-detenido-en-minesota-461x1024.jpg 461w, https:\/\/soymigrante.com\/revista\/wp-content\/uploads\/2026\/01\/carro-de-un-migrante-hondureno-que-fue-detenido-en-minesota-135x300.jpg 135w, https:\/\/soymigrante.com\/revista\/wp-content\/uploads\/2026\/01\/carro-de-un-migrante-hondureno-que-fue-detenido-en-minesota-768x1707.jpg 768w, https:\/\/soymigrante.com\/revista\/wp-content\/uploads\/2026\/01\/carro-de-un-migrante-hondureno-que-fue-detenido-en-minesota-691x1536.jpg 691w, https:\/\/soymigrante.com\/revista\/wp-content\/uploads\/2026\/01\/carro-de-un-migrante-hondureno-que-fue-detenido-en-minesota-750x1667.jpg 750w, https:\/\/soymigrante.com\/revista\/wp-content\/uploads\/2026\/01\/carro-de-un-migrante-hondureno-que-fue-detenido-en-minesota.jpg 900w\" sizes=\"(max-width: 461px) 100vw, 461px\" title=\"carro de un migrante hondure\u00f1o que fue detenido en minesota \u2013 SoyMigrante.com REVISTA\" \/>\t\t\t\t\t\t\t\t\t\t\t<figcaption class=\"widget-image-caption wp-caption-text\">\"Sent\u00ed una gran impotencia al no poder hacer nada por mi amigo. Ah\u00ed qued\u00f3 su carro parqueado a unos pasos de mi ventana\"<\/figcaption>\n\t\t\t\t\t\t\t\t\t\t<\/figure>\n\t\t\t\t\t\t\t\t\t<\/div>\n\t\t\t\t\t<\/div>\n\t\t\t\t<\/div>\n\t\t<div data-particle_enable=\"false\" data-particle-mobile-disabled=\"false\" class=\"elementor-element elementor-element-87fc25d e-flex e-con-boxed e-con e-parent\" data-id=\"87fc25d\" data-element_type=\"container\" data-e-type=\"container\">\n\t\t\t\t\t<div class=\"e-con-inner\">\n\t\t\t\t<div class=\"elementor-element elementor-element-84869ab elementor-widget elementor-widget-text-editor\" data-id=\"84869ab\" data-element_type=\"widget\" data-e-type=\"widget\" data-widget_type=\"text-editor.default\">\n\t\t\t\t\t\t\t\t\t<p>Zedy es otro inmigrante de Zacapa que a pesar de contar con un permiso de trabajo manifiesta que ya no se siente libre y en paz en la naci\u00f3n americana. &#8220;En menos de una hora recib\u00ed tres malas noticias de amigos que hab\u00edan sido detenidos por agentes de ICE. El <a href=\"https:\/\/soymigrante.com\/revista\/temor-a-redadas-en-usa-puede-poner-en-riesgo-a-madres-y-bebes\/\">miedo <\/a>de pronto me paraliz\u00f3. Tengo <a href=\"https:\/\/soymigrante.com\/revista\/el-miedo-en-los-migrantes-puede-modularse-y-transformarse-andre-armas-educador-guatemalteco\/\">miedo <\/a>de salir a la esquina. Solo de salir al parqueo&#8221;, cuenta.<\/p><p>En este momento Zedy abandon\u00f3 su apartamento y se refugia en casa de otro amigo chap\u00edn por el temor a ser arrestado y deportado.<\/p><p>Edgardo, un amigo hondure\u00f1o,\u00a0 me escribi\u00f3 desesperado hoy; &#8220;Javier no puedo salir de mi casa. La migra nos tiene rodeados. Aqu\u00ed estoy con mi esposa y mi beb\u00e9&#8221;. El \u00faltimo mensaje que le puse a Edgardo ya no me respondi\u00f3.<\/p><p>Lo m\u00e1s dramatico que personalmente me toc\u00f3 vivir la semana pasada es que v\u00ed desde la ventana de mi apartamento como los agentes de ICE se llevaron a mi amigo de Acapulco cuando ven\u00eda de trabajar. Apenas la noche anterior hab\u00edamos compartido una llamada consternados por la situaci\u00f3n que vivimos en el Estado. Sin saber que al siguiente d\u00eda le tocar\u00eda a el.<\/p><p>Sent\u00ed una gran impotencia al no poder hacer nada por mi amigo. Ah\u00ed qued\u00f3 su carro parqueado a unos pasos de mi ventana. Ante esa situaci\u00f3n. Yo tambi\u00e9n decid\u00ed moverme de ese lugar a la casa de un amigo.<\/p>\t\t\t\t\t\t\t\t<\/div>\n\t\t\t\t\t<\/div>\n\t\t\t\t<\/div>\n\t\t<div data-particle_enable=\"false\" data-particle-mobile-disabled=\"false\" class=\"elementor-element elementor-element-5788ac6 e-flex e-con-boxed e-con e-parent\" data-id=\"5788ac6\" data-element_type=\"container\" data-e-type=\"container\">\n\t\t\t\t\t<div class=\"e-con-inner\">\n\t\t\t\t<div class=\"elementor-element elementor-element-adde6d2 elementor-widget elementor-widget-image\" data-id=\"adde6d2\" data-element_type=\"widget\" data-e-type=\"widget\" data-widget_type=\"image.default\">\n\t\t\t\t\t\t\t\t\t\t\t\t<figure class=\"wp-caption\">\n\t\t\t\t\t\t\t\t\t\t<img decoding=\"async\" width=\"805\" height=\"1024\" src=\"https:\/\/soymigrante.com\/revista\/wp-content\/uploads\/2026\/01\/615816887_10230359869476132_6030460773578383006_n-805x1024.jpg\" class=\"attachment-large size-large wp-image-51140\" alt=\"Tocaron a la puerta. No abrimos, por temor. Todo qued\u00f3 en silencio. Despu\u00e9s de un rato nos asomamos por la puerta. Hab\u00eda una nota de unos vecinos estadounidenses que nos ofrec\u00edan ayuda por si necesit\u00e1bamos v\u00edveres y no quer\u00edamos salir a la calle. Un signo de esperanza enmedio de tanta confusi\u00f3n.,\" srcset=\"https:\/\/soymigrante.com\/revista\/wp-content\/uploads\/2026\/01\/615816887_10230359869476132_6030460773578383006_n-805x1024.jpg 805w, https:\/\/soymigrante.com\/revista\/wp-content\/uploads\/2026\/01\/615816887_10230359869476132_6030460773578383006_n-236x300.jpg 236w, https:\/\/soymigrante.com\/revista\/wp-content\/uploads\/2026\/01\/615816887_10230359869476132_6030460773578383006_n-768x976.jpg 768w, https:\/\/soymigrante.com\/revista\/wp-content\/uploads\/2026\/01\/615816887_10230359869476132_6030460773578383006_n-750x953.jpg 750w, https:\/\/soymigrante.com\/revista\/wp-content\/uploads\/2026\/01\/615816887_10230359869476132_6030460773578383006_n.jpg 1080w\" sizes=\"(max-width: 805px) 100vw, 805px\" title=\"Tocaron a la puerta. No abrimos, por temor. Todo qued\u00f3 en silencio. Despu\u00e9s de un rato nos asomamos por la puerta. Hab\u00eda una nota de unos vecinos estadounidenses que nos ofrec\u00edan ayuda por si necesit\u00e1bamos v\u00edveres y no quer\u00edamos salir a la calle. Un signo de esperanza enmedio de tanta confusi\u00f3n., \u2013 SoyMigrante.com REVISTA\" \/>\t\t\t\t\t\t\t\t\t\t\t<figcaption class=\"widget-image-caption wp-caption-text\">Tocaron a la puerta. No abrimos, por temor. Todo qued\u00f3 en silencio. Despu\u00e9s de un rato nos asomamos por la puerta. Hab\u00eda una nota de unos vecinos estadounidenses que nos ofrec\u00edan ayuda por si necesit\u00e1bamos v\u00edveres y no quer\u00edamos salir a la calle. Un signo de esperanza enmedio de tanta confusi\u00f3n.,<\/figcaption>\n\t\t\t\t\t\t\t\t\t\t<\/figure>\n\t\t\t\t\t\t\t\t\t<\/div>\n\t\t\t\t\t<\/div>\n\t\t\t\t<\/div>\n\t\t<div data-particle_enable=\"false\" data-particle-mobile-disabled=\"false\" class=\"elementor-element elementor-element-d900b00 e-flex e-con-boxed e-con e-parent\" data-id=\"d900b00\" data-element_type=\"container\" data-e-type=\"container\">\n\t\t\t\t\t<div class=\"e-con-inner\">\n\t\t\t\t<div class=\"elementor-element elementor-element-087aa4b elementor-widget elementor-widget-text-editor\" data-id=\"087aa4b\" data-element_type=\"widget\" data-e-type=\"widget\" data-widget_type=\"text-editor.default\">\n\t\t\t\t\t\t\t\t\t<p>La situaci\u00f3n en <a href=\"https:\/\/soymigrante.com\/revista\/emprendedor-guatemalteco-impulsa-donacion-de-alimentos-a-familias-migrantes-en-minesota\/\">Minnesota <\/a>es ca\u00f3tica. <b>Nos advierten que no salgamos pero la necesidad nos obliga a salir a trabajar ya que se acerca el pago de la renta que no espera a fin de mes.<\/b> En el trabajo no s\u00e9 habla de otro tema que no sea el de los arrestos y deportaciones. Todos tenemos al menos un conocido que ya la deportaron.\u00a0<\/p><p>Hoy, mi amigo y yo que compartimos este nuevo refugio, fuimos sorprendidos cuando tocaron a la puerta. L\u00f3gicamente no salimos sino hasta despu\u00e9s.\u00a0<\/p><p><b>Nuestra sorpresa fue que encontramos una carta de los vecinos ofreci\u00e9ndonos su solidaridad y apoyo.<\/b> Sin lugar a dudas Dios est\u00e1 con nosotros en este momento.\u00a0 Gracias por sus oraciones.<\/p>\t\t\t\t\t\t\t\t<\/div>\n\t\t\t\t\t<\/div>\n\t\t\t\t<\/div>\n\t\t<div data-particle_enable=\"false\" data-particle-mobile-disabled=\"false\" class=\"elementor-element elementor-element-7a95865 e-flex e-con-boxed e-con e-parent\" data-id=\"7a95865\" data-element_type=\"container\" data-e-type=\"container\">\n\t\t\t\t\t<div class=\"e-con-inner\">\n\t\t\t\t<div class=\"elementor-element elementor-element-d2da278 elementor-widget elementor-widget-heading\" data-id=\"d2da278\" data-element_type=\"widget\" data-e-type=\"widget\" data-widget_type=\"heading.default\">\n\t\t\t\t\t<h2 class=\"elementor-heading-title elementor-size-default\">Tambi\u00e9n podr\u00eda interesarte<\/h2>\t\t\t\t<\/div>\n\t\t\t\t\t<\/div>\n\t\t\t\t<\/div>\n\t\t<div data-particle_enable=\"false\" data-particle-mobile-disabled=\"false\" class=\"elementor-element elementor-element-db883db e-flex e-con-boxed e-con e-parent\" data-id=\"db883db\" data-element_type=\"container\" data-e-type=\"container\">\n\t\t\t\t\t<div class=\"e-con-inner\">\n\t\t\t\t<div class=\"elementor-element elementor-element-a89b012 elementor-grid-eael-col-3 elementor-grid-tablet-eael-col-2 elementor-grid-mobile-eael-col-1 elementor-widget elementor-widget-eael-post-grid\" data-id=\"a89b012\" data-element_type=\"widget\" data-e-type=\"widget\" data-settings=\"{&quot;eael_post_grid_columns&quot;:&quot;eael-col-3&quot;,&quot;eael_post_grid_columns_tablet&quot;:&quot;eael-col-2&quot;,&quot;eael_post_grid_columns_mobile&quot;:&quot;eael-col-1&quot;}\" data-widget_type=\"eael-post-grid.default\">\n\t\t\t\t\t<div id=\"eael-post-grid-a89b012\" class=\"eael-post-grid-container\">\n            <div class=\"eael-post-grid eael-post-appender eael-post-appender-a89b012 eael-post-grid-style-one\" data-layout-mode=\"masonry\"><article class=\"eael-grid-post  eael-post-grid-column eael-pg-post-23501 category-recursos-migratorios\" data-id=\"23501\">\n        <div class=\"eael-grid-post-holder\">\n            <div class=\"eael-grid-post-holder-inner\"><div class=\"eael-entry-media\"><div class=\"eael-entry-overlay fade-in\"><i class=\"far fa-hand-pointer\" aria-hidden=\"true\"><\/i><a href=\"https:\/\/soymigrante.com\/revista\/donde-encontrar-ayuda-legal-para-tu-caso-de-migracion-en-usa\/\"><\/a><\/div><div class=\"eael-entry-thumbnail eael-image-ratio\">\n                <img decoding=\"async\" width=\"1024\" height=\"1024\" src=\"https:\/\/soymigrante.com\/revista\/wp-content\/uploads\/2025\/02\/Designer.webp\" class=\"attachment-large size-large wp-image-23669\" alt=\"Asesor\u00eda legal para inmigrantes en Espa\u00f1a, asesoramiento migratorio, expertos en derechos de inmigrantes, atenci\u00f3n personalizada, servicios jur\u00eddicos para migrantes.\" srcset=\"https:\/\/soymigrante.com\/revista\/wp-content\/uploads\/2025\/02\/Designer.webp 1024w, https:\/\/soymigrante.com\/revista\/wp-content\/uploads\/2025\/02\/Designer-300x300.jpeg 300w, https:\/\/soymigrante.com\/revista\/wp-content\/uploads\/2025\/02\/Designer-150x150.jpeg 150w, https:\/\/soymigrante.com\/revista\/wp-content\/uploads\/2025\/02\/Designer-768x768.jpeg 768w, https:\/\/soymigrante.com\/revista\/wp-content\/uploads\/2025\/02\/Designer-75x75.webp 75w, https:\/\/soymigrante.com\/revista\/wp-content\/uploads\/2025\/02\/Designer-750x750.webp 750w\" sizes=\"(max-width: 1024px) 100vw, 1024px\" \/>\n            <\/div>\n        <\/div><div class=\"eael-entry-wrapper\"><header class=\"eael-entry-header\"><h2 class=\"eael-entry-title\"><a class=\"eael-grid-post-link\" href=\"https:\/\/soymigrante.com\/revista\/donde-encontrar-ayuda-legal-para-tu-caso-de-migracion-en-usa\/\" title=\"\u00bfD\u00f3nde consigo un abogado que me brinde ayuda legal para mi caso de migraci\u00f3n en USA?\">\u00bfD\u00f3nde consigo un abogado que me brinde ayuda legal para mi caso de migraci\u00f3n en USA?<\/a><\/h2><\/header><div class=\"eael-entry-content\">\n                        <div class=\"eael-grid-post-excerpt\"><a href=\"https:\/\/soymigrante.com\/revista\/donde-encontrar-ayuda-legal-para-tu-caso-de-migracion-en-usa\/\" class=\"eael-post-elements-readmore-btn\">CONOCE SU HISTORIA <\/a><\/div>\n                    <\/div><\/div><\/div>\n        <\/div>\n    <\/article><article class=\"eael-grid-post  eael-post-grid-column eael-pg-post-6382 category-recursos-migratorios\" data-id=\"6382\">\n        <div class=\"eael-grid-post-holder\">\n            <div class=\"eael-grid-post-holder-inner\"><div class=\"eael-entry-media\"><div class=\"eael-entry-overlay fade-in\"><i class=\"far fa-hand-pointer\" aria-hidden=\"true\"><\/i><a href=\"https:\/\/soymigrante.com\/revista\/derechos-de-los-migrantes-silencio-indocumentados-defensa\/\"><\/a><\/div><div class=\"eael-entry-thumbnail eael-image-ratio\">\n                <img loading=\"lazy\" decoding=\"async\" width=\"1024\" height=\"1024\" src=\"https:\/\/soymigrante.com\/revista\/wp-content\/uploads\/2024\/05\/derechos-migrantes-en-estados-unidos-1024x1024.png\" class=\"attachment-large size-large wp-image-49647\" alt=\"obrero industrial hispano para ilustrar tema de derechos migrantes en estados unidos\" srcset=\"https:\/\/soymigrante.com\/revista\/wp-content\/uploads\/2024\/05\/derechos-migrantes-en-estados-unidos-1024x1024.png 1024w, https:\/\/soymigrante.com\/revista\/wp-content\/uploads\/2024\/05\/derechos-migrantes-en-estados-unidos-300x300.png 300w, https:\/\/soymigrante.com\/revista\/wp-content\/uploads\/2024\/05\/derechos-migrantes-en-estados-unidos-150x150.png 150w, https:\/\/soymigrante.com\/revista\/wp-content\/uploads\/2024\/05\/derechos-migrantes-en-estados-unidos-768x768.png 768w, https:\/\/soymigrante.com\/revista\/wp-content\/uploads\/2024\/05\/derechos-migrantes-en-estados-unidos-75x75.png 75w, https:\/\/soymigrante.com\/revista\/wp-content\/uploads\/2024\/05\/derechos-migrantes-en-estados-unidos-750x750.png 750w, https:\/\/soymigrante.com\/revista\/wp-content\/uploads\/2024\/05\/derechos-migrantes-en-estados-unidos.png 1101w\" sizes=\"(max-width: 1024px) 100vw, 1024px\" \/>\n            <\/div>\n        <\/div><div class=\"eael-entry-wrapper\"><header class=\"eael-entry-header\"><h2 class=\"eael-entry-title\"><a class=\"eael-grid-post-link\" href=\"https:\/\/soymigrante.com\/revista\/derechos-de-los-migrantes-silencio-indocumentados-defensa\/\" title=\"Migrante, tienes derechos en EE.UU., incluyendo el silencio: averigua, conoce y comparte\">Migrante, tienes derechos en EE.UU., incluyendo el silencio: averigua, conoce y comparte<\/a><\/h2><\/header><div class=\"eael-entry-content\">\n                        <div class=\"eael-grid-post-excerpt\"><a href=\"https:\/\/soymigrante.com\/revista\/derechos-de-los-migrantes-silencio-indocumentados-defensa\/\" class=\"eael-post-elements-readmore-btn\">CONOCE SU HISTORIA <\/a><\/div>\n                    <\/div><\/div><\/div>\n        <\/div>\n    <\/article><article class=\"eael-grid-post  eael-post-grid-column eael-pg-post-50965 category-lugar-de-voces\" data-id=\"50965\">\n        <div class=\"eael-grid-post-holder\">\n            <div class=\"eael-grid-post-holder-inner\"><div class=\"eael-entry-media\"><div class=\"eael-entry-overlay fade-in\"><i class=\"far fa-hand-pointer\" aria-hidden=\"true\"><\/i><a href=\"https:\/\/soymigrante.com\/revista\/somos-gente-de-trabajo-familia-y-fe-emotivo-mensaje-de-migrante-guatemalteco-en-minesota\/\"><\/a><\/div><div class=\"eael-entry-thumbnail eael-image-ratio\">\n                <img loading=\"lazy\" decoding=\"async\" width=\"421\" height=\"416\" src=\"https:\/\/soymigrante.com\/revista\/wp-content\/uploads\/2026\/01\/ddfdfdf-19.png\" class=\"attachment-large size-large wp-image-50973\" alt=\"Mensaje de dignidad migrante del emprendedor guatemalteco Wilber de la Rosa\" srcset=\"https:\/\/soymigrante.com\/revista\/wp-content\/uploads\/2026\/01\/ddfdfdf-19.png 421w, https:\/\/soymigrante.com\/revista\/wp-content\/uploads\/2026\/01\/ddfdfdf-19-300x296.png 300w, https:\/\/soymigrante.com\/revista\/wp-content\/uploads\/2026\/01\/ddfdfdf-19-75x75.png 75w\" sizes=\"(max-width: 421px) 100vw, 421px\" \/>\n            <\/div>\n        <\/div><div class=\"eael-entry-wrapper\"><header class=\"eael-entry-header\"><h2 class=\"eael-entry-title\"><a class=\"eael-grid-post-link\" href=\"https:\/\/soymigrante.com\/revista\/somos-gente-de-trabajo-familia-y-fe-emotivo-mensaje-de-migrante-guatemalteco-en-minesota\/\" title=\"&#8220;Somos gente de trabajo, familia y fe&#8221;: emotivo mensaje de migrante guatemalteco en Minesota\">&#8220;Somos gente de trabajo, familia y fe&#8221;: emotivo mensaje de migrante guatemalteco en Minesota<\/a><\/h2><\/header><div class=\"eael-entry-content\">\n                        <div class=\"eael-grid-post-excerpt\"><a href=\"https:\/\/soymigrante.com\/revista\/somos-gente-de-trabajo-familia-y-fe-emotivo-mensaje-de-migrante-guatemalteco-en-minesota\/\" class=\"eael-post-elements-readmore-btn\">CONOCE SU HISTORIA <\/a><\/div>\n                    <\/div><\/div><\/div>\n        <\/div>\n    <\/article><\/div>\n            <div class=\"clearfix\"><\/div>\n        <\/div>\t\t\t\t<\/div>\n\t\t\t\t\t<\/div>\n\t\t\t\t<\/div>\n\t\t\t\t<\/div>\n\t\t","protected":false},"excerpt":{"rendered":"<p>Guatemalteco Javier Samayoa comparte los d\u00edas de zozobra que se viven en Minesota, al atestiguar la angustia de familias que temen o enfrentan la detenci\u00f3n de un familiar. Y a\u00fan as\u00ed, al final de este relato, un signo de esperanza. Por Javier Samayoa Compatriotas guatemaltecos con evidentes signos de estr\u00e9s postraum\u00e1tico est\u00e1n pensando en regresar [&hellip;]<\/p>\n","protected":false},"author":1,"featured_media":51146,"comment_status":"open","ping_status":"open","sticky":false,"template":"","format":"standard","meta":{"_acf_changed":false,"_eb_attr":"","footnotes":""},"categories":[56],"tags":[],"class_list":["post-51135","post","type-post","status-publish","format-standard","has-post-thumbnail","hentry","category-lugar-de-voces"],"acf":[],"aioseo_notices":[],"aioseo_head":"\n\t\t<!-- All in One SEO Pro 4.9.6.2 - aioseo.com -->\n\t<meta name=\"description\" content=\"&quot;Somos gente de trabajo, de familia y de fe&quot;: escribe emprendedor guatemalteco Wilber de la Rosa en el cual subraya la dignidad de todo migrante.\" \/>\n\t<meta name=\"robots\" content=\"max-snippet:-1, max-image-preview:large, max-video-preview:-1\" \/>\n\t<meta name=\"author\" content=\"SoyMigrante.com REVISTA\"\/>\n\t<link rel=\"canonical\" href=\"https:\/\/soymigrante.com\/revista\/somos-gente-de-trabajo-familia-y-fe-emotivo-mensaje-de-migrante-guatemalteco-en-minesota\/\" \/>\n\t<meta name=\"generator\" content=\"All in One SEO Pro (AIOSEO) 4.9.6.2\" \/>\n\n\t\t<link rel=\"preconnect\" href=\"https:\/\/fonts.googleapis.com\" crossorigin>\n<link rel=\"preconnect\" href=\"https:\/\/fonts.gstatic.com\" crossorigin>\n\t\t<meta property=\"og:locale\" content=\"es_ES\" \/>\n\t\t<meta property=\"og:site_name\" content=\"SoyMigrante.com REVISTA \u2013 Nuestra misi\u00f3n es reconocer y dignificar al migrante.\" \/>\n\t\t<meta property=\"og:type\" content=\"article\" \/>\n\t\t<meta property=\"og:title\" content=\"Impactante mensaje de dignidad lanza guatemalteco en Minesota\" \/>\n\t\t<meta property=\"og:description\" content=\"&quot;Somos gente de trabajo, de familia y de fe&quot;: escribe emprendedor guatemalteco Wilber de la Rosa en el cual subraya la dignidad de todo migrante.\" \/>\n\t\t<meta property=\"og:url\" content=\"https:\/\/soymigrante.com\/revista\/somos-gente-de-trabajo-familia-y-fe-emotivo-mensaje-de-migrante-guatemalteco-en-minesota\/\" \/>\n\t\t<meta property=\"og:image\" content=\"https:\/\/soymigrante.com\/revista\/wp-content\/uploads\/2026\/01\/ddfdfdf-19.png\" \/>\n\t\t<meta property=\"og:image:secure_url\" content=\"https:\/\/soymigrante.com\/revista\/wp-content\/uploads\/2026\/01\/ddfdfdf-19.png\" \/>\n\t\t<meta property=\"og:image:width\" content=\"421\" \/>\n\t\t<meta property=\"og:image:height\" content=\"416\" \/>\n\t\t<meta property=\"article:published_time\" content=\"2026-01-13T20:53:59+00:00\" \/>\n\t\t<meta property=\"article:modified_time\" content=\"2026-01-13T20:55:45+00:00\" \/>\n\t\t<meta property=\"article:publisher\" content=\"https:\/\/www.facebook.com\/soymigrantecom\" \/>\n\t\t<meta name=\"twitter:card\" content=\"summary_large_image\" \/>\n\t\t<meta name=\"twitter:site\" content=\"@SoyMigrante_com\" \/>\n\t\t<meta name=\"twitter:title\" content=\"Impactante mensaje de dignidad lanza guatemalteco en Minesota\" \/>\n\t\t<meta name=\"twitter:description\" content=\"&quot;Somos gente de trabajo, de familia y de fe&quot;: escribe emprendedor guatemalteco Wilber de la Rosa en el cual subraya la dignidad de todo migrante.\" \/>\n\t\t<meta name=\"twitter:creator\" content=\"@SoyMigrante_com\" \/>\n\t\t<meta name=\"twitter:image\" content=\"https:\/\/soymigrante.com\/revista\/wp-content\/uploads\/2026\/01\/ddfdfdf-19.png\" \/>\n\t\t<!-- All in One SEO Pro -->\r\n\t\t<title>Impactante mensaje de dignidad lanza guatemalteco en Minesota<\/title>\n\n","aioseo_head_json":{"title":"Impactante mensaje de dignidad lanza guatemalteco en Minesota","description":"\"Somos gente de trabajo, de familia y de fe\": escribe emprendedor guatemalteco Wilber de la Rosa en el cual subraya la dignidad de todo migrante.","canonical_url":"https:\/\/soymigrante.com\/revista\/somos-gente-de-trabajo-familia-y-fe-emotivo-mensaje-de-migrante-guatemalteco-en-minesota\/","robots":"max-snippet:-1, max-image-preview:large, max-video-preview:-1","keywords":"","webmasterTools":{"miscellaneous":"&lt;link rel=\"preconnect\" href=\"https:\/\/fonts.googleapis.com\" crossorigin&gt;\n&lt;link rel=\"preconnect\" href=\"https:\/\/fonts.gstatic.com\" crossorigin&gt;"},"schema":null,"og:locale":"es_ES","og:site_name":"SoyMigrante.com REVISTA \u2013 Nuestra misi\u00f3n es reconocer y dignificar al migrante.","og:type":"article","og:title":"Impactante mensaje de dignidad lanza guatemalteco en Minesota","og:description":"&quot;Somos gente de trabajo, de familia y de fe&quot;: escribe emprendedor guatemalteco Wilber de la Rosa en el cual subraya la dignidad de todo migrante.","og:url":"https:\/\/soymigrante.com\/revista\/somos-gente-de-trabajo-familia-y-fe-emotivo-mensaje-de-migrante-guatemalteco-en-minesota\/","og:image":"https:\/\/soymigrante.com\/revista\/wp-content\/uploads\/2026\/01\/ddfdfdf-19.png","og:image:secure_url":"https:\/\/soymigrante.com\/revista\/wp-content\/uploads\/2026\/01\/ddfdfdf-19.png","og:image:width":421,"og:image:height":416,"article:published_time":"2026-01-13T20:53:59+00:00","article:modified_time":"2026-01-13T20:55:45+00:00","article:publisher":"https:\/\/www.facebook.com\/soymigrantecom","twitter:card":"summary_large_image","twitter:site":"@SoyMigrante_com","twitter:title":"Impactante mensaje de dignidad lanza guatemalteco en Minesota","twitter:description":"&quot;Somos gente de trabajo, de familia y de fe&quot;: escribe emprendedor guatemalteco Wilber de la Rosa en el cual subraya la dignidad de todo migrante.","twitter:creator":"@SoyMigrante_com","twitter:image":"https:\/\/soymigrante.com\/revista\/wp-content\/uploads\/2026\/01\/ddfdfdf-19.png"},"aioseo_meta_data":{"post_id":"51135","title":"En Minesota hay temor pero tambi\u00e9n solidaridad\": Testimonio","description":"\"El miedo de pronto me paraliz\u00f3. Tengo miedo de salir a la esquina. Solo de salir al parqueo\" escribi\u00f3 un amigo a Javier, un guatemalteco migrante en Minesota","keywords":null,"keyphrases":{"focus":{"keyphrase":"Guatemalteco","score":69,"analysis":{"keyphraseInTitle":{"score":3,"maxScore":9,"error":1},"keyphraseInDescription":{"score":9,"maxScore":9,"error":0},"keyphraseLength":{"score":9,"maxScore":9,"error":0,"length":1},"keyphraseInURL":{"score":5,"maxScore":5,"error":0},"keyphraseInIntroduction":{"score":3,"maxScore":9,"error":1},"keyphraseInSubHeadings":{"score":9,"maxScore":9,"error":0},"keyphraseInImageAlt":{"score":9,"maxScore":9,"error":0},"keywordDensity":{"score":0,"type":"low","maxScore":9,"error":1}}},"additional":[{"keyphrase":"Minesota","score":67,"analysis":{"keyphraseInDescription":{"score":9,"maxScore":9,"error":0},"keyphraseLength":{"score":9,"maxScore":9,"error":0,"length":1},"keyphraseInIntroduction":{"score":3,"maxScore":9,"error":1},"keyphraseInImageAlt":{"score":9,"maxScore":9,"error":0},"keywordDensity":{"score":0,"type":"low","maxScore":9,"error":1}}}]},"primary_term":null,"canonical_url":null,"og_title":null,"og_description":null,"og_object_type":"default","og_image_type":"default","og_image_url":null,"og_image_width":null,"og_image_height":null,"og_image_custom_url":null,"og_image_custom_fields":null,"og_video":"","og_custom_url":null,"og_article_section":null,"og_article_tags":null,"twitter_use_og":false,"twitter_card":"default","twitter_image_type":"default","twitter_image_url":null,"twitter_image_custom_url":null,"twitter_image_custom_fields":null,"twitter_title":null,"twitter_description":null,"schema":{"blockGraphs":[],"customGraphs":[],"default":{"data":{"Article":[],"Course":[],"Dataset":[],"FAQPage":[],"Movie":[],"Person":[],"Product":[],"ProductReview":[],"Car":[],"Recipe":[],"Service":[],"SoftwareApplication":[],"WebPage":[]},"graphName":"NewsArticle","isEnabled":true},"graphs":[]},"schema_type":"default","schema_type_options":null,"pillar_content":false,"robots_default":true,"robots_noindex":false,"robots_noarchive":false,"robots_nosnippet":false,"robots_nofollow":false,"robots_noimageindex":false,"robots_noodp":false,"robots_notranslate":false,"robots_max_snippet":"-1","robots_max_videopreview":"-1","robots_max_imagepreview":"large","priority":null,"frequency":"default","local_seo":null,"seo_analyzer_scan_date":"2026-02-24 19:46:33","breadcrumb_settings":null,"limit_modified_date":false,"reviewed_by":"0","open_ai":null,"ai":{"faqs":[],"keyPoints":[],"titles":[],"descriptions":[],"socialPosts":{"email":[],"linkedin":[],"twitter":[],"facebook":[],"instagram":[]}},"created":"2026-01-15 23:24:09","updated":"2026-03-06 15:45:36"},"aioseo_breadcrumb":"<div class=\"aioseo-breadcrumbs\"><span class=\"aioseo-breadcrumb\">\n\t<a href=\"https:\/\/soymigrante.com\/revista\" title=\"Home\">Home<\/a>\n<\/span><span class=\"aioseo-breadcrumb-separator\">\u00bb<\/span><span class=\"aioseo-breadcrumb\">\n\t<a href=\"https:\/\/soymigrante.com\/revista\/category\/estamos-unidos\/\" title=\"Estamos Unidos\">Estamos Unidos<\/a>\n<\/span><span class=\"aioseo-breadcrumb-separator\">\u00bb<\/span><span class=\"aioseo-breadcrumb\">\n\t<a href=\"https:\/\/soymigrante.com\/revista\/category\/estamos-unidos\/lugar-de-voces\/\" title=\"Lugar de Voces\">Lugar de Voces<\/a>\n<\/span><span class=\"aioseo-breadcrumb-separator\">\u00bb<\/span><span class=\"aioseo-breadcrumb\">\n\tEn Minesota hay temor pero tambi\u00e9n hay solidaridad: testimonio de migrante guatemalteco\n<\/span><\/div>","aioseo_breadcrumb_json":[{"label":"Home","link":"https:\/\/soymigrante.com\/revista"},{"label":"Estamos Unidos","link":"https:\/\/soymigrante.com\/revista\/category\/estamos-unidos\/"},{"label":"Lugar de Voces","link":"https:\/\/soymigrante.com\/revista\/category\/estamos-unidos\/lugar-de-voces\/"},{"label":"En Minesota hay temor pero tambi\u00e9n hay solidaridad: testimonio de migrante guatemalteco","link":"https:\/\/soymigrante.com\/revista\/en-minesota-hay-temor-pero-tambien-hay-solidaridad-testimonio-de-migrante-guatemalteco\/"}],"_links":{"self":[{"href":"https:\/\/soymigrante.com\/revista\/wp-json\/wp\/v2\/posts\/51135","targetHints":{"allow":["GET"]}}],"collection":[{"href":"https:\/\/soymigrante.com\/revista\/wp-json\/wp\/v2\/posts"}],"about":[{"href":"https:\/\/soymigrante.com\/revista\/wp-json\/wp\/v2\/types\/post"}],"author":[{"embeddable":true,"href":"https:\/\/soymigrante.com\/revista\/wp-json\/wp\/v2\/users\/1"}],"replies":[{"embeddable":true,"href":"https:\/\/soymigrante.com\/revista\/wp-json\/wp\/v2\/comments?post=51135"}],"version-history":[{"count":7,"href":"https:\/\/soymigrante.com\/revista\/wp-json\/wp\/v2\/posts\/51135\/revisions"}],"predecessor-version":[{"id":51149,"href":"https:\/\/soymigrante.com\/revista\/wp-json\/wp\/v2\/posts\/51135\/revisions\/51149"}],"wp:featuredmedia":[{"embeddable":true,"href":"https:\/\/soymigrante.com\/revista\/wp-json\/wp\/v2\/media\/51146"}],"wp:attachment":[{"href":"https:\/\/soymigrante.com\/revista\/wp-json\/wp\/v2\/media?parent=51135"}],"wp:term":[{"taxonomy":"category","embeddable":true,"href":"https:\/\/soymigrante.com\/revista\/wp-json\/wp\/v2\/categories?post=51135"},{"taxonomy":"post_tag","embeddable":true,"href":"https:\/\/soymigrante.com\/revista\/wp-json\/wp\/v2\/tags?post=51135"}],"curies":[{"name":"wp","href":"https:\/\/api.w.org\/{rel}","templated":true}]}}