{"id":51015,"date":"2026-01-15T03:00:00","date_gmt":"2026-01-15T09:00:00","guid":{"rendered":"https:\/\/soymigrante.com\/revista\/?p=51015"},"modified":"2026-01-15T11:14:03","modified_gmt":"2026-01-15T17:14:03","slug":"migrante-guatemalteco-juan-pablo-morales-estrada-canta-apoya-guatemala-reconocimiento-nueva-york","status":"publish","type":"post","link":"https:\/\/soymigrante.com\/revista\/migrante-guatemalteco-juan-pablo-morales-estrada-canta-apoya-guatemala-reconocimiento-nueva-york\/","title":{"rendered":"Juan Pablo Morales Estrada: un Quetzal en  el Bronx canta, ayuda, sue\u00f1a y suspira por Guatemala"},"content":{"rendered":"\t\t<div data-elementor-type=\"wp-post\" data-elementor-id=\"51015\" class=\"elementor elementor-51015\" data-elementor-post-type=\"post\">\n\t\t\t\t<div data-particle_enable=\"false\" data-particle-mobile-disabled=\"false\" class=\"elementor-element elementor-element-b853b1b e-flex e-con-boxed e-con e-parent\" data-id=\"b853b1b\" data-element_type=\"container\" data-e-type=\"container\">\n\t\t\t\t\t<div class=\"e-con-inner\">\n\t\t\t\t<div class=\"elementor-element elementor-element-b65459b elementor-widget elementor-widget-heading\" data-id=\"b65459b\" data-element_type=\"widget\" data-e-type=\"widget\" data-widget_type=\"heading.default\">\n\t\t\t\t\t<h2 class=\"elementor-heading-title elementor-size-default\">El guatemalteco Juan Pablo Morales  ha sido m\u00fasico y fot\u00f3grafo. Cuid\u00f3 la colecci\u00f3n de insectos de un museo. Trabaj\u00f3 en limpieza, pase\u00f3 perros, fue handyman. Apoya a obreros a trav\u00e9s de programas sociales y por eso recibi\u00f3 un reconocimiento en el primer festejo del D\u00eda de la Herencia Guatemalteca en Nueva York.<\/h2>\t\t\t\t<\/div>\n\t\t\t\t<div class=\"elementor-element elementor-element-cb3ac4b elementor-widget elementor-widget-html\" data-id=\"cb3ac4b\" data-element_type=\"widget\" data-e-type=\"widget\" data-widget_type=\"html.default\">\n\t\t\t\t\t<div id=\"buzzsprout-player-18513961\"><\/div><script src=\"https:\/\/www.buzzsprout.com\/2444168\/episodes\/18513961-un-quetzal-en-el-bronx-juan-pablo-morales-estrada.js?container_id=buzzsprout-player-18513961&player=small\" type=\"text\/javascript\" charset=\"utf-8\"><\/script>\t\t\t\t<\/div>\n\t\t\t\t\t<\/div>\n\t\t\t\t<\/div>\n\t\t<div data-particle_enable=\"false\" data-particle-mobile-disabled=\"false\" class=\"elementor-element elementor-element-2f8ee48 e-flex e-con-boxed e-con e-parent\" data-id=\"2f8ee48\" data-element_type=\"container\" data-e-type=\"container\">\n\t\t\t\t\t<div class=\"e-con-inner\">\n\t\t\t\t<div class=\"elementor-element elementor-element-6958a5d elementor-widget elementor-widget-text-editor\" data-id=\"6958a5d\" data-element_type=\"widget\" data-e-type=\"widget\" data-widget_type=\"text-editor.default\">\n\t\t\t\t\t\t\t\t\t<p data-start=\"408\" data-end=\"902\">Juan Pablo Morales ha sido m\u00fasico, antrop\u00f3logo y bi\u00f3logo, tambi\u00e9n constructor, fot\u00f3grafo, paseador de perros, cuidador de la colecci\u00f3n de insectos del\u00a0<em data-start=\"596\" data-end=\"632\">American Museum of Natural History\u00a0<\/em>\u00a0\u2014en donde siempre disfrut\u00f3 admirar espec\u00edmenes\u00a0 colectados en Cob\u00e1n, Pet\u00e9n y Quich\u00e9\u2014, pero sobre todo ha sido y es guatemalteco. Vive en el barrio del Bronx.<\/p><p data-start=\"408\" data-end=\"902\">Por eso fue uno de los tres guatemaltecos, a quienes la alcald\u00eda de<a href=\"https:\/\/soymigrante.com\/revista\/dia-de-guatemala-en-nueva-york-proclama-alcalde-eric-adams-en-emotivo-acto\/\"> Nueva York reconoci\u00f3 en el primer <\/a>D\u00eda de la Herencia Guatemalteca, declarado el 29 de diciembre, junto a las hermanas Ana Prince y Brenda Castellanos. En noviembre de 2025, Morales Estrada organiz\u00f3 el primer\u00a0<strong data-start=\"1048\" data-end=\"1101\">D\u00eda Internacional del Jaguar Guatemala\u2013Nueva York, <\/strong>para abogar por la conservaci\u00f3n de esta especie.\u00a0 Y esta es fue la conversaci\u00f3n con un Quetzal migrante que lleva en el coraz\u00f3n los bosques, r\u00edos y monta\u00f1as de su patria.<\/p>\t\t\t\t\t\t\t\t<\/div>\n\t\t\t\t\t<\/div>\n\t\t\t\t<\/div>\n\t\t<div data-particle_enable=\"false\" data-particle-mobile-disabled=\"false\" class=\"elementor-element elementor-element-b40ce05 e-flex e-con-boxed e-con e-parent\" data-id=\"b40ce05\" data-element_type=\"container\" data-e-type=\"container\">\n\t\t\t\t\t<div class=\"e-con-inner\">\n\t\t\t\t<div class=\"elementor-element elementor-element-2c596fd elementor-widget elementor-widget-image\" data-id=\"2c596fd\" data-element_type=\"widget\" data-e-type=\"widget\" data-widget_type=\"image.default\">\n\t\t\t\t\t\t\t\t\t\t\t\t<figure class=\"wp-caption\">\n\t\t\t\t\t\t\t\t\t\t<img fetchpriority=\"high\" decoding=\"async\" width=\"739\" height=\"743\" src=\"https:\/\/soymigrante.com\/revista\/wp-content\/uploads\/2026\/01\/Juan-Pablo-Morales-Estrada-migrante-musico-biologo-guatemalteco-en-Nueva-York.png\" class=\"attachment-large size-large wp-image-51091\" alt=\"Juan Pablo Morales ha sido m\u00fasico, bi\u00f3logo, compositor, fot\u00f3grafo, constructor y sobre todo guatemalteco a trav\u00e9s de sus dos estad\u00edas en Estados Unidos. Una que comenz\u00f3 cuando era ni\u00f1o y otra cuando ya de adulto volvi\u00f3 a migrar a Estados Unidos.\" srcset=\"https:\/\/soymigrante.com\/revista\/wp-content\/uploads\/2026\/01\/Juan-Pablo-Morales-Estrada-migrante-musico-biologo-guatemalteco-en-Nueva-York.png 739w, https:\/\/soymigrante.com\/revista\/wp-content\/uploads\/2026\/01\/Juan-Pablo-Morales-Estrada-migrante-musico-biologo-guatemalteco-en-Nueva-York-298x300.png 298w, https:\/\/soymigrante.com\/revista\/wp-content\/uploads\/2026\/01\/Juan-Pablo-Morales-Estrada-migrante-musico-biologo-guatemalteco-en-Nueva-York-150x150.png 150w, https:\/\/soymigrante.com\/revista\/wp-content\/uploads\/2026\/01\/Juan-Pablo-Morales-Estrada-migrante-musico-biologo-guatemalteco-en-Nueva-York-75x75.png 75w\" sizes=\"(max-width: 739px) 100vw, 739px\" title=\"Juan Pablo Morales ha sido m\u00fasico, bi\u00f3logo, compositor, fot\u00f3grafo, constructor y sobre todo guatemalteco a trav\u00e9s de sus dos estad\u00edas en Estados Unidos. Una que comenz\u00f3 cuando era ni\u00f1o y otra cuando ya de adulto volvi\u00f3 a migrar a Estados Unidos. \u2013 SoyMigrante.com REVISTA\" \/>\t\t\t\t\t\t\t\t\t\t\t<figcaption class=\"widget-image-caption wp-caption-text\">Juan Pablo Morales ha sido m\u00fasico, bi\u00f3logo, compositor, fot\u00f3grafo, constructor y sobre todo guatemalteco a trav\u00e9s de sus dos estad\u00edas en Estados Unidos. Una que comenz\u00f3 cuando era ni\u00f1o y otra cuando ya de adulto volvi\u00f3 a migrar a Estados Unidos. Composici\u00f3n fotogr\u00e1fica de la red social de Juan Pablo Morales\n<\/figcaption>\n\t\t\t\t\t\t\t\t\t\t<\/figure>\n\t\t\t\t\t\t\t\t\t<\/div>\n\t\t\t\t\t<\/div>\n\t\t\t\t<\/div>\n\t\t<div data-particle_enable=\"false\" data-particle-mobile-disabled=\"false\" class=\"elementor-element elementor-element-32e80a2 e-flex e-con-boxed e-con e-parent\" data-id=\"32e80a2\" data-element_type=\"container\" data-e-type=\"container\">\n\t\t\t\t\t<div class=\"e-con-inner\">\n\t\t\t\t<div class=\"elementor-element elementor-element-b159a19 elementor-widget elementor-widget-heading\" data-id=\"b159a19\" data-element_type=\"widget\" data-e-type=\"widget\" data-widget_type=\"heading.default\">\n\t\t\t\t\t<h2 class=\"elementor-heading-title elementor-size-default\">Reconocido por su aporte a la ciudad de Nueva York<\/h2>\t\t\t\t<\/div>\n\t\t\t\t\t<\/div>\n\t\t\t\t<\/div>\n\t\t<div data-particle_enable=\"false\" data-particle-mobile-disabled=\"false\" class=\"elementor-element elementor-element-5b2f059 e-flex e-con-boxed e-con e-parent\" data-id=\"5b2f059\" data-element_type=\"container\" data-e-type=\"container\">\n\t\t\t\t\t<div class=\"e-con-inner\">\n\t\t\t\t<div class=\"elementor-element elementor-element-aeda7f0 elementor-widget elementor-widget-text-editor\" data-id=\"aeda7f0\" data-element_type=\"widget\" data-e-type=\"widget\" data-widget_type=\"text-editor.default\">\n\t\t\t\t\t\t\t\t\t<p data-start=\"365\" data-end=\"902\"><strong data-start=\"365\" data-end=\"502\">\u2014\u00bfC\u00f3mo te sentiste al recibir el reconocimiento durante el D\u00eda de la Herencia Guatemalteca en Nueva York, el 29 de diciembre de 2025?<\/strong><br data-start=\"502\" data-end=\"505\" \/>\u2014En lo personal, sorprendido. Fue una gran sorpresa, pero tambi\u00e9n muy contento y muy comprometido. Un premio lo compromete a uno. Pero ese reconocimiento no es para m\u00ed, es para toda la comunidad guatemalteca que ha estado trabajando en Estados Unidos y, sobre todo, en la ciudad de Nueva York. Que yo estuviera ah\u00ed parado era una representaci\u00f3n del excelente trabajo que hacen todos los migrantes <a href=\"https:\/\/soymigrante.com\/revista\/chapines-nos-dicen-pero-de-donde-proviene-esta-expresion\/\">guatemaltecos<\/a>.<\/p><p style=\"font-style: normal; font-variant-ligatures: normal; font-variant-caps: normal; font-weight: 400; font-size: 22px; font-family: Roboto, sans-serif;\" data-start=\"4468\" data-end=\"4783\"><strong data-start=\"4468\" data-end=\"4515\">\u2014\u00bfCu\u00e1ndo empieza tu historia de migraci\u00f3n?\u2026<\/strong><br data-start=\"4515\" data-end=\"4518\" \/>\u2014Yo ten\u00eda seis a\u00f1os cuando viv\u00ed por primera vez el exilio pol\u00edtico. Mi familia fue expulsada de <a href=\"https:\/\/soymigrante.com\/revista\/22-departamentos-de-guatemala-un-corazon-multicultural-compartido\/\">Guatemala <\/a>por la realidad de dictadura en el Conflicto Armado. A mi pap\u00e1 lo amenazaron. Nos sacaron del pa\u00eds que am\u00e1bamos. Vivimos en California y luego regresamos al pa\u00eds, porque el migrante siempre sue\u00f1a con el regreso.<\/p><p data-start=\"904\" data-end=\"1287\"><strong data-start=\"904\" data-end=\"960\">\u2014Sos m\u00fasico, antrop\u00f3logo, bi\u00f3logo. \u00bfC\u00f3mo te defin\u00eds?<\/strong><br data-start=\"960\" data-end=\"963\" \/>\u2014Soy una persona completamente ordinaria, rodeado de gente extraordinaria. Como m\u00fasico, siempre lo he pensado as\u00ed: la gente nos invita a los momentos m\u00e1s importantes de su vida. He formado parte del grupo Ellatu de Guatemala desde hace m\u00e1s de 25 a\u00f1os y tambi\u00e9n participo con otros m\u00fasicos.\u00a0<\/p><p data-start=\"904\" data-end=\"1287\">A veces nos llaman para bautizos, casamientos, velorios, graduaciones, cumplea\u00f1os. Ese es un gran honor, porque m\u00e1s all\u00e1 del oficio, el m\u00fasico acompa\u00f1a la vida.<\/p>\t\t\t\t\t\t\t\t<\/div>\n\t\t\t\t\t<\/div>\n\t\t\t\t<\/div>\n\t\t<div data-particle_enable=\"false\" data-particle-mobile-disabled=\"false\" class=\"elementor-element elementor-element-d44b203 e-flex e-con-boxed e-con e-parent\" data-id=\"d44b203\" data-element_type=\"container\" data-e-type=\"container\">\n\t\t\t\t\t<div class=\"e-con-inner\">\n\t\t\t\t<div class=\"elementor-element elementor-element-bc31bcd elementor-widget elementor-widget-image\" data-id=\"bc31bcd\" data-element_type=\"widget\" data-e-type=\"widget\" data-widget_type=\"image.default\">\n\t\t\t\t\t\t\t\t\t\t\t\t<figure class=\"wp-caption\">\n\t\t\t\t\t\t\t\t\t\t\t<a href=\"https:\/\/youtu.be\/0yi9lAXdbg4?t=632\">\n\t\t\t\t\t\t\t<img decoding=\"async\" width=\"1140\" height=\"589\" src=\"https:\/\/soymigrante.com\/revista\/wp-content\/uploads\/2026\/01\/Juan-Pablo-Morales-estrada-al-agradecer-el-reconocimiento-en-el-primer-dia-de-Guatemala-en-Nueva-York-1140x589.png\" class=\"attachment-large size-large wp-image-51101\" alt=\"Juan Pablo Morales estrada al agradecer el reconocimiento en el primer dia de Guatemala en Nueva York\" srcset=\"https:\/\/soymigrante.com\/revista\/wp-content\/uploads\/2026\/01\/Juan-Pablo-Morales-estrada-al-agradecer-el-reconocimiento-en-el-primer-dia-de-Guatemala-en-Nueva-York-1140x589.png 1140w, https:\/\/soymigrante.com\/revista\/wp-content\/uploads\/2026\/01\/Juan-Pablo-Morales-estrada-al-agradecer-el-reconocimiento-en-el-primer-dia-de-Guatemala-en-Nueva-York-300x155.png 300w, https:\/\/soymigrante.com\/revista\/wp-content\/uploads\/2026\/01\/Juan-Pablo-Morales-estrada-al-agradecer-el-reconocimiento-en-el-primer-dia-de-Guatemala-en-Nueva-York-768x397.png 768w, https:\/\/soymigrante.com\/revista\/wp-content\/uploads\/2026\/01\/Juan-Pablo-Morales-estrada-al-agradecer-el-reconocimiento-en-el-primer-dia-de-Guatemala-en-Nueva-York-750x388.png 750w, https:\/\/soymigrante.com\/revista\/wp-content\/uploads\/2026\/01\/Juan-Pablo-Morales-estrada-al-agradecer-el-reconocimiento-en-el-primer-dia-de-Guatemala-en-Nueva-York.png 1525w\" sizes=\"(max-width: 1140px) 100vw, 1140px\" title=\"Juan Pablo Morales Estrada al agradecer el reconocimiento en el primer dia de Guatemala en Nueva York \u2013 SoyMigrante.com REVISTA\" \/>\t\t\t\t\t\t\t\t<\/a>\n\t\t\t\t\t\t\t\t\t\t\t<figcaption class=\"widget-image-caption wp-caption-text\">Juan Pablo Morales Estrada al agradecer el reconocimiento en el primer dia de Guatemala en Nueva York dijo: \"Es un gran honor como guatemalteco y como neoyorquino. Juntos sacamos esta gran ciudad adelante. Gracias a todos mis hermanos guatemaltecos, todos sigamos adelante\". En la imagen aparece el  ahora exalcalde de Nueva York, Eric Adams, la emprendedora guatemalteca Ana Prince, galardonada; su hermana  Brenda Castellanos, tambi\u00e9n reconocida en esa velada.  PARA VER EN VIDEO LAS PALABRAS DE JUAN PABLO CLIC EN LA IMAGEN\n<\/figcaption>\n\t\t\t\t\t\t\t\t\t\t<\/figure>\n\t\t\t\t\t\t\t\t\t<\/div>\n\t\t\t\t\t<\/div>\n\t\t\t\t<\/div>\n\t\t<div data-particle_enable=\"false\" data-particle-mobile-disabled=\"false\" class=\"elementor-element elementor-element-65fc73e e-flex e-con-boxed e-con e-parent\" data-id=\"65fc73e\" data-element_type=\"container\" data-e-type=\"container\">\n\t\t\t\t\t<div class=\"e-con-inner\">\n\t\t\t\t<div class=\"elementor-element elementor-element-69b7fd8 elementor-widget elementor-widget-text-editor\" data-id=\"69b7fd8\" data-element_type=\"widget\" data-e-type=\"widget\" data-widget_type=\"text-editor.default\">\n\t\t\t\t\t\t\t\t\t<p data-start=\"365\" data-end=\"902\"><span data-start=\"1289\" data-end=\"1353\"><b>\u2014\u00bfCu\u00e1ndo volviste a Estados Unidos?<br \/><\/b><\/span>\u2014Empec\u00e9 a venir en 2009, iba y ven\u00eda. En 2010 me establec\u00ed en Nueva York. Recuerdo que hab\u00eda una conciencia clara de empezar a construir una identidad nueva, sin dejar de ser ciudadano guatemalteco. Y quer\u00eda ser un ciudadano del Bronx.\u00a0<\/p><p data-start=\"1604\" data-end=\"1864\"><strong data-start=\"1604\" data-end=\"1627\">\u2014\u00bfPor qu\u00e9 el Bronx?<\/strong><br data-start=\"1627\" data-end=\"1630\" \/>\u2014Desde que empec\u00e9 a venir me identifiqu\u00e9 mucho con el Bronx, con sus barrios, con la gente latina y con la gente que ya era ciudadana aqu\u00ed proveniente de muchos pa\u00edses de Latinoam\u00e9rica. En ese momento el grupo m\u00e1s fuerte era el gar\u00edfuna, que abarca <a href=\"https:\/\/soymigrante.com\/revista\/22-departamentos-de-guatemala-un-corazon-multicultural-compartido\/\">Guatemala<\/a>, Honduras, Belice. Y ah\u00ed hab\u00eda comunidad, identidad y fuerza.<\/p><p data-start=\"1866\" data-end=\"2251\"><strong data-start=\"1866\" data-end=\"1922\">\u2014\u00bfCu\u00e1l fue tu primer trabajo al establecerte?\u00a0<\/strong><br data-start=\"1922\" data-end=\"1925\" \/>\u2014Yo estudi\u00e9 Antropolog\u00eda. Despues Biolog\u00eda. Me encanta la naturaleza y bueno, trabaj\u00e9 en el Museo de Historia Natural,\u00a0 pero en la parte que el p\u00fablico no ve: en los museos hay una parte de exhibiciones y otra de investigaci\u00f3n.\u00a0<\/p><p data-start=\"1866\" data-end=\"2251\">Y las colecciones son enormes. Una es de millones de insectos de todas partes del mundo. Tuve la suerte de encontrar insectos de Cob\u00e1n, de Quich\u00e9, de Pet\u00e9n, y me encantaba admirarlos, pensar que proven\u00edan de los bosques de Guatemala. Les tomaba fotos y las sub\u00eda a redes. <a href=\"https:\/\/www.facebook.com\/share\/p\/1CZESwSv2j\/\">Todav\u00eda subo fotos de especies interesantes<\/a>. Pero el inicio fue duro.<\/p>\t\t\t\t\t\t\t\t<\/div>\n\t\t\t\t\t<\/div>\n\t\t\t\t<\/div>\n\t\t<div data-particle_enable=\"false\" data-particle-mobile-disabled=\"false\" class=\"elementor-element elementor-element-bfe2bbc e-flex e-con-boxed e-con e-parent\" data-id=\"bfe2bbc\" data-element_type=\"container\" data-e-type=\"container\">\n\t\t\t\t\t<div class=\"e-con-inner\">\n\t\t\t\t<div class=\"elementor-element elementor-element-4b2b77a elementor-widget elementor-widget-html\" data-id=\"4b2b77a\" data-element_type=\"widget\" data-e-type=\"widget\" data-widget_type=\"html.default\">\n\t\t\t\t\t<iframe width=\"560\" height=\"415\" src=\"https:\/\/www.youtube.com\/embed\/zjs-R7g7qb8?si=-MUXmmonmrhSphdH&amp;start=19\" title=\"YouTube video player\" frameborder=\"0\" allow=\"accelerometer; autoplay; clipboard-write; encrypted-media; gyroscope; picture-in-picture; web-share\" referrerpolicy=\"strict-origin-when-cross-origin\" allowfullscreen><\/iframe>\t\t\t\t<\/div>\n\t\t\t\t\t<\/div>\n\t\t\t\t<\/div>\n\t\t<div data-particle_enable=\"false\" data-particle-mobile-disabled=\"false\" class=\"elementor-element elementor-element-521859b e-flex e-con-boxed e-con e-parent\" data-id=\"521859b\" data-element_type=\"container\" data-e-type=\"container\">\n\t\t\t\t\t<div class=\"e-con-inner\">\n\t\t\t\t<div class=\"elementor-element elementor-element-fa76a20 elementor-widget elementor-widget-text-editor\" data-id=\"fa76a20\" data-element_type=\"widget\" data-e-type=\"widget\" data-widget_type=\"text-editor.default\">\n\t\t\t\t\t\t\t\t\t<p data-start=\"365\" data-end=\"902\"><span style=\"font-family: Roboto, sans-serif; font-size: 22px; font-style: normal; font-variant-ligatures: normal; font-variant-caps: normal;\" data-start=\"2583\" data-end=\"2620\"><b>\u2014\u00bfPor qu\u00e9 fue tan duro el inicio?<br><\/b><\/span><span style=\"font-family: Roboto, sans-serif; font-size: 22px; font-style: normal; font-variant-ligatures: normal; font-variant-caps: normal; font-weight: 400;\">\u2014Porque cuando vine, mis ahorros en quetzales se dividieron entre ocho al pasarlos a d\u00f3lares. Vine a una de las ciudades m\u00e1s interesantes, pero m\u00e1s caras de Estados Unidos. Entonces hab\u00eda que ver c\u00f3mo se la rifaba uno.<\/span><\/p>\n<div><strong data-start=\"2253\" data-end=\"2301\">\u2014\u00bfY qu\u00e9 otros trabajos desempe\u00f1aste?<\/strong><\/div>\n<p data-start=\"2253\" data-end=\"2581\">\u2014De todo. Lo del museo era muy interesante, pero no me alcanzaba para vivir. Pero as\u00ed es esta ciudad y as\u00ed es <a href=\"https:\/\/soymigrante.com\/revista\/cual-es-el-gran-valor-del-migrante-asi-lo-expresan-migrantes-guatemaltecos\/\">la vida del migrante.<\/a> Me toc\u00f3 hacer de todo: Cambi\u00e9 pisos, trabaj\u00e9 en limpieza mucho tiempo, me paraba en las esquinas y gasolineras a esperar quien me contratara como handyman. Pint\u00e9 casas, cort\u00e9 pelo, mat\u00e9 ratas, paseaba perros.<\/p>\n<p data-start=\"2583\" data-end=\"2844\"><strong data-start=\"2846\" data-end=\"2908\">\u2014\u00bfAs\u00ed sal\u00edas a la calle con el mont\u00f3n de chuchos? (Le aclaro que <a href=\"https:\/\/soymigrante.com\/revista\/todo-chapin-conoce-estas-palabras-guatemaltecas-cuales-usas\/\">si es chap\u00edn, no eran perros, sino chuchos.<\/a> Juan Pablo se r\u00ede y asiente)<\/strong><\/p>\n<p data-start=\"2846\" data-end=\"3234\">\u2014S\u00ed, pase\u00e9 perros&#8230; o chuchos. Fue uno de los trabajos m\u00e1s felices y de los momentos m\u00e1s alegres de mi vida ac\u00e1.&nbsp; Pero no los paseaba en la calle sino en la monta\u00f1a. Yo ten\u00eda una camioneta, recog\u00eda perros por toda la ciudad y me los llevaba a las monta\u00f1as. Ah\u00ed los soltaba y camin\u00e1bamos. Corr\u00eda con ellos, completamente libres. No ganaba suficiente dinero, pero me hubiera quedado ah\u00ed toda la vida.<\/p>\n<p style=\"font-style: normal; font-variant-ligatures: normal; font-variant-caps: normal; font-weight: 400; font-size: 22px; font-family: Roboto, sans-serif;\" data-start=\"2583\" data-end=\"2844\"><strong data-start=\"2583\" data-end=\"2620\">\u2014\u00bfY nunca se te perdi\u00f3 ning\u00fan &#8220;chucho&#8221;?&nbsp;<\/strong><br data-start=\"2620\" data-end=\"2623\">\u2014Nunca. Bueno, s\u00ed una vez, hab\u00eda una perrita ya con muchos a\u00f1os, que se cansaba y al juntar a todos los chuchos, no estaba. Y empezar a buscarla. \u00bfD\u00f3nde se qued\u00f3? En un tramo del recorrido se hab\u00eda quedado, echadita. Menos mal apareci\u00f3.<\/p>\n<p data-start=\"3236\" data-end=\"3487\"><strong data-start=\"3236\" data-end=\"3284\">\u2014Tambi\u00e9n trabajaste muchos a\u00f1os en limpieza.<\/strong><br data-start=\"3284\" data-end=\"3287\">\u2014Comenc\u00e9 limpiando parqueos y garajes, hasta llegar a ser coordinador de limpieza de un almac\u00e9n Ikea en Brooklyn. Esa tambi\u00e9n es la historia del migrante: empezar abajo y aprender de todo el proceso. Hacerlo bien.<\/p>\t\t\t\t\t\t\t\t<\/div>\n\t\t\t\t\t<\/div>\n\t\t\t\t<\/div>\n\t\t<div data-particle_enable=\"false\" data-particle-mobile-disabled=\"false\" class=\"elementor-element elementor-element-58565f9 e-flex e-con-boxed e-con e-parent\" data-id=\"58565f9\" data-element_type=\"container\" data-e-type=\"container\">\n\t\t\t\t\t<div class=\"e-con-inner\">\n\t\t\t\t<div class=\"elementor-element elementor-element-afc55dc elementor-widget elementor-widget-html\" data-id=\"afc55dc\" data-element_type=\"widget\" data-e-type=\"widget\" data-widget_type=\"html.default\">\n\t\t\t\t\t<iframe src=\"https:\/\/www.facebook.com\/plugins\/video.php?height=476&href=https%3A%2F%2Fwww.facebook.com%2Freel%2F1180058790909821%2F&show_text=true&width=267&t=0\" width=\"267\" height=\"591\" style=\"border:none;overflow:hidden\" scrolling=\"no\" frameborder=\"0\" allowfullscreen=\"true\" allow=\"autoplay; clipboard-write; encrypted-media; picture-in-picture; web-share\" allowFullScreen=\"true\"><\/iframe>\t\t\t\t<\/div>\n\t\t\t\t\t<\/div>\n\t\t\t\t<\/div>\n\t\t<div data-particle_enable=\"false\" data-particle-mobile-disabled=\"false\" class=\"elementor-element elementor-element-978af40 e-flex e-con-boxed e-con e-parent\" data-id=\"978af40\" data-element_type=\"container\" data-e-type=\"container\">\n\t\t\t\t\t<div class=\"e-con-inner\">\n\t\t\t\t<div class=\"elementor-element elementor-element-170394d elementor-widget elementor-widget-text-editor\" data-id=\"170394d\" data-element_type=\"widget\" data-e-type=\"widget\" data-widget_type=\"text-editor.default\">\n\t\t\t\t\t\t\t\t\t<p data-start=\"365\" data-end=\"902\"><span data-start=\"3489\" data-end=\"3524\"><b>\u2014\u00bfA qu\u00e9 te dedic\u00e1s actualmente?<br \/><\/b><\/span>\u2014Ahorita soy el coordinador del programa de jornaleros y jornaleras de Caridades Cat\u00f3licas en la ciudad de Nueva York. Ya llevo nueve a\u00f1os trabajando con migrantes, con mis hermanos y hermanas migrantes.<\/p><p data-start=\"3732\" data-end=\"3972\"><strong data-start=\"3732\" data-end=\"3766\">\u2014\u00bfEn qu\u00e9 consiste ese trabajo?<\/strong><br data-start=\"3766\" data-end=\"3769\" \/>\u2014Es acompa\u00f1ar a los jornaleros, defender su dignidad, ayudarlos a encontrar trabajo, a no ser explotados, a tener informaci\u00f3n, a organizarse. Yo trabajo con personas como yo, que han pasado por lo mismo en busca de oportunidades y de sostener a la familia.<\/p><p data-start=\"3974\" data-end=\"4216\"><strong data-start=\"3974\" data-end=\"4025\">\u2014Desde tu experiencia, \u00bfqu\u00e9 es lo que impulsa al migrante?<\/strong><br data-start=\"4025\" data-end=\"4028\" \/>\u2014El hambre. El hambre del est\u00f3mago y el hambre de lograr m\u00e1s. El hambre de conquistar simb\u00f3licamente y el hambre de llenar la panza de la familia. Esa es la fuerza motora de los migrantes.<\/p><p data-start=\"4218\" data-end=\"4466\"><strong data-start=\"4218\" data-end=\"4281\">\u2014\u00bfQu\u00e9 le dir\u00edas a quienes cuestionan la presencia migrante?<\/strong><br data-start=\"4281\" data-end=\"4284\" \/>\u2014La realidad f\u00edsica, financiera y social justifica completamente nuestra existencia. Nosotros somos los motores. Limpiamos, cuidamos, construimos, educamos, sanamos estas sociedades. Venimos para aportar y aportamos mucho: vida, valores, cultura.<\/p>\t\t\t\t\t\t\t\t<\/div>\n\t\t\t\t\t<\/div>\n\t\t\t\t<\/div>\n\t\t<div data-particle_enable=\"false\" data-particle-mobile-disabled=\"false\" class=\"elementor-element elementor-element-cc34022 e-flex e-con-boxed e-con e-parent\" data-id=\"cc34022\" data-element_type=\"container\" data-e-type=\"container\">\n\t\t\t\t\t<div class=\"e-con-inner\">\n\t\t\t\t<div class=\"elementor-element elementor-element-068578e elementor-widget elementor-widget-image\" data-id=\"068578e\" data-element_type=\"widget\" data-e-type=\"widget\" data-widget_type=\"image.default\">\n\t\t\t\t\t\t\t\t\t\t\t\t<figure class=\"wp-caption\">\n\t\t\t\t\t\t\t\t\t\t<img decoding=\"async\" width=\"1140\" height=\"760\" src=\"https:\/\/soymigrante.com\/revista\/wp-content\/uploads\/2026\/01\/juan-pablo-2023-1140x760.jpg\" class=\"attachment-large size-large wp-image-51102\" alt=\"Durante las semanas del asedio del Ministerio P\u00fablico de Guatemala contra los resultados electorales en 2023, muchos guatemaltecos efectuaron plantones pac\u00edficos frente al Consulado de Guatemala en Nueva York. Y Juan Pablo Morales no pod\u00eda faltar, de una forma muy original.\" srcset=\"https:\/\/soymigrante.com\/revista\/wp-content\/uploads\/2026\/01\/juan-pablo-2023-1140x760.jpg 1140w, https:\/\/soymigrante.com\/revista\/wp-content\/uploads\/2026\/01\/juan-pablo-2023-300x200.jpg 300w, https:\/\/soymigrante.com\/revista\/wp-content\/uploads\/2026\/01\/juan-pablo-2023-768x512.jpg 768w, https:\/\/soymigrante.com\/revista\/wp-content\/uploads\/2026\/01\/juan-pablo-2023-1536x1024.jpg 1536w, https:\/\/soymigrante.com\/revista\/wp-content\/uploads\/2026\/01\/juan-pablo-2023-750x500.jpg 750w, https:\/\/soymigrante.com\/revista\/wp-content\/uploads\/2026\/01\/juan-pablo-2023.jpg 2048w\" sizes=\"(max-width: 1140px) 100vw, 1140px\" title=\"Durante las semanas del asedio del Ministerio P\u00fablico de Guatemala contra los resultados electorales en 2023, muchos guatemaltecos efectuaron plantones pac\u00edficos frente al Consulado de Guatemala en Nueva York. Y Juan Pablo Morales no pod\u00eda faltar, de una forma muy original. \u2013 SoyMigrante.com REVISTA\" \/>\t\t\t\t\t\t\t\t\t\t\t<figcaption class=\"widget-image-caption wp-caption-text\">Durante las semanas del asedio del Ministerio P\u00fablico de Guatemala contra los resultados electorales en 2023, muchos guatemaltecos efectuaron plantones pac\u00edficos frente al Consulado de Guatemala en Nueva York. Y Juan Pablo Morales no pod\u00eda faltar, de una forma muy original.<\/figcaption>\n\t\t\t\t\t\t\t\t\t\t<\/figure>\n\t\t\t\t\t\t\t\t\t<\/div>\n\t\t\t\t\t<\/div>\n\t\t\t\t<\/div>\n\t\t<div data-particle_enable=\"false\" data-particle-mobile-disabled=\"false\" class=\"elementor-element elementor-element-984d5ab e-flex e-con-boxed e-con e-parent\" data-id=\"984d5ab\" data-element_type=\"container\" data-e-type=\"container\">\n\t\t\t\t\t<div class=\"e-con-inner\">\n\t\t\t\t<div class=\"elementor-element elementor-element-af538e2 elementor-widget elementor-widget-text-editor\" data-id=\"af538e2\" data-element_type=\"widget\" data-e-type=\"widget\" data-widget_type=\"text-editor.default\">\n\t\t\t\t\t\t\t\t\t<p data-start=\"365\" data-end=\"902\"><b>\u2014\u00bfC\u00f3mo describ\u00eds tu relaci\u00f3n con Guatemala?<br \/><\/b>\u2014Somos exiliados que seguimos amando nuestro pa\u00eds. Fuimos rechazados por el pa\u00eds, pero lo seguimos amando. Vivimos en una dualidad: amamos el lugar donde estamos como migrantes, pero nunca dejamos de so\u00f1ar con volver a nuestra tierra, a nuestra patria.<\/p><p data-start=\"5033\" data-end=\"5322\"><strong data-start=\"5033\" data-end=\"5106\">\u2014Tengo entendido que a fines de 2025 impulsaste el primer D\u00eda Internacional del Jaguar. \u00bfQu\u00e9 simboliza para vos?<\/strong><br data-start=\"5106\" data-end=\"5109\" \/>\u2014El jaguar es un animal migrante por excelencia. Recorre largos territorios buscando sobrevivir. Representa la fuerza, la estructura y la salud del bosque. Es un esp\u00edritu que lucha por sobrevivir con gallard\u00eda, elegancia y belleza. Representa muchos de los valores que tenemos los guatemaltecos.<\/p><p data-start=\"5324\" data-end=\"5516\"><strong data-start=\"5324\" data-end=\"5360\">\u2014Se vive una \u00e9poca de pol\u00edticas antimigrantes, pero realmente \u00bfse puede detener la migraci\u00f3n?<\/strong><br data-start=\"5360\" data-end=\"5363\" \/>\u2014No. Nada podr\u00e1 jam\u00e1s contra la vida. No nos van a detener a las buenas ni a las malas. Nosotros no venimos a las malas, venimos con un proyecto de vida. A aportar y construir: aqu\u00ed seguimos.<\/p><p data-start=\"5518\" data-end=\"5750\"><strong data-start=\"5518\" data-end=\"5546\">\u2014\u00bfCu\u00e1l es tu gran sue\u00f1o?<\/strong><br data-start=\"5546\" data-end=\"5549\" \/>\u2014Mi sue\u00f1o ut\u00f3pico es vivir en un mundo de justicia, amor y paz. Y mi sue\u00f1o m\u00e1s real es seguir viendo el hermoso trabajo que hacen los guatemaltecos y guatemaltecas, su aporte multicultural aqu\u00ed y en cualquier parte del mundo.<\/p>\t\t\t\t\t\t\t\t<\/div>\n\t\t\t\t\t<\/div>\n\t\t\t\t<\/div>\n\t\t<div data-particle_enable=\"false\" data-particle-mobile-disabled=\"false\" class=\"elementor-element elementor-element-c5b7d25 e-flex e-con-boxed e-con e-parent\" data-id=\"c5b7d25\" data-element_type=\"container\" data-e-type=\"container\">\n\t\t\t\t\t<div class=\"e-con-inner\">\n\t\t\t\t<div class=\"elementor-element elementor-element-4be6240 elementor-grid-eael-col-3 elementor-grid-tablet-eael-col-2 elementor-grid-mobile-eael-col-1 elementor-widget elementor-widget-eael-post-grid\" data-id=\"4be6240\" data-element_type=\"widget\" data-e-type=\"widget\" data-settings=\"{&quot;eael_post_grid_columns&quot;:&quot;eael-col-3&quot;,&quot;eael_post_grid_columns_tablet&quot;:&quot;eael-col-2&quot;,&quot;eael_post_grid_columns_mobile&quot;:&quot;eael-col-1&quot;}\" data-widget_type=\"eael-post-grid.default\">\n\t\t\t\t\t<div id=\"eael-post-grid-4be6240\" class=\"eael-post-grid-container\">\n            <div class=\"eael-post-grid eael-post-appender eael-post-appender-4be6240 eael-post-grid-style-one\" data-layout-mode=\"masonry\"><article class=\"eael-grid-post  eael-post-grid-column eael-pg-post-7557 category-guate-nuestra\" data-id=\"7557\">\n        <div class=\"eael-grid-post-holder\">\n            <div class=\"eael-grid-post-holder-inner\"><div class=\"eael-entry-media\"><div class=\"eael-entry-overlay fade-in\"><i class=\"far fa-hand-pointer\" aria-hidden=\"true\"><\/i><a href=\"https:\/\/soymigrante.com\/revista\/palo-volador-de-cubulco-llega-a-nueva-york-en-fotos-de-santiago-billy\/\"><\/a><\/div><div class=\"eael-entry-thumbnail eael-image-ratio\">\n                <img loading=\"lazy\" decoding=\"async\" width=\"506\" height=\"506\" src=\"https:\/\/soymigrante.com\/revista\/wp-content\/uploads\/2024\/07\/palo-volador-mico.webp\" class=\"attachment-large size-large wp-image-7558\" alt=\"Disfraz tradicional de carnaval con m\u00e1scara y vestimenta cultural en una celebraci\u00f3n folcl\u00f3rica.\" srcset=\"https:\/\/soymigrante.com\/revista\/wp-content\/uploads\/2024\/07\/palo-volador-mico.webp 506w, https:\/\/soymigrante.com\/revista\/wp-content\/uploads\/2024\/07\/palo-volador-mico-300x300.webp 300w, https:\/\/soymigrante.com\/revista\/wp-content\/uploads\/2024\/07\/palo-volador-mico-150x150.webp 150w, https:\/\/soymigrante.com\/revista\/wp-content\/uploads\/2024\/07\/palo-volador-mico-75x75.webp 75w\" sizes=\"(max-width: 506px) 100vw, 506px\" \/>\n            <\/div>\n        <\/div><div class=\"eael-entry-wrapper\"><header class=\"eael-entry-header\"><h2 class=\"eael-entry-title\"><a class=\"eael-grid-post-link\" href=\"https:\/\/soymigrante.com\/revista\/palo-volador-de-cubulco-llega-a-nueva-york-en-fotos-de-santiago-billy\/\" title=\"Palo Volador de Cubulco llega a Nueva York en fotos de Santiago Billy\">Palo Volador de Cubulco llega a Nueva York en fotos de Santiago Billy<\/a><\/h2><\/header><div class=\"eael-entry-content\">\n                        <div class=\"eael-grid-post-excerpt\"><a href=\"https:\/\/soymigrante.com\/revista\/palo-volador-de-cubulco-llega-a-nueva-york-en-fotos-de-santiago-billy\/\" class=\"eael-post-elements-readmore-btn\">CONOCE SU HISTORIA <\/a><\/div>\n                    <\/div><\/div><\/div>\n        <\/div>\n    <\/article><article class=\"eael-grid-post  eael-post-grid-column eael-pg-post-10173 category-exitos\" data-id=\"10173\">\n        <div class=\"eael-grid-post-holder\">\n            <div class=\"eael-grid-post-holder-inner\"><div class=\"eael-entry-media\"><div class=\"eael-entry-overlay fade-in\"><i class=\"far fa-hand-pointer\" aria-hidden=\"true\"><\/i><a href=\"https:\/\/soymigrante.com\/revista\/hermanas-migrantes-brenda-y-ana-triunfan-con-la-fuerza-del-jaguar-en-ny\/\"><\/a><\/div><div class=\"eael-entry-thumbnail eael-image-ratio\">\n                <img loading=\"lazy\" decoding=\"async\" width=\"1024\" height=\"1024\" src=\"https:\/\/soymigrante.com\/revista\/wp-content\/uploads\/2024\/10\/reestaurante-ix-new-york-2-1-1024x1024.webp\" class=\"attachment-large size-large wp-image-10189\" alt=\"Trabajadoras migrantes en un restaurante latino con decoraci\u00f3n colorida y mural de jaguar en el fondo, mostrando la cultura y comunidad migrante en eventos culturales y sociales.\" srcset=\"https:\/\/soymigrante.com\/revista\/wp-content\/uploads\/2024\/10\/reestaurante-ix-new-york-2-1-1024x1024.webp 1024w, https:\/\/soymigrante.com\/revista\/wp-content\/uploads\/2024\/10\/reestaurante-ix-new-york-2-1-300x300.webp 300w, https:\/\/soymigrante.com\/revista\/wp-content\/uploads\/2024\/10\/reestaurante-ix-new-york-2-1-150x150.webp 150w, https:\/\/soymigrante.com\/revista\/wp-content\/uploads\/2024\/10\/reestaurante-ix-new-york-2-1-768x768.jpg 768w, https:\/\/soymigrante.com\/revista\/wp-content\/uploads\/2024\/10\/reestaurante-ix-new-york-2-1-75x75.webp 75w, https:\/\/soymigrante.com\/revista\/wp-content\/uploads\/2024\/10\/reestaurante-ix-new-york-2-1-750x750.webp 750w, https:\/\/soymigrante.com\/revista\/wp-content\/uploads\/2024\/10\/reestaurante-ix-new-york-2-1.webp 1093w\" sizes=\"(max-width: 1024px) 100vw, 1024px\" \/>\n            <\/div>\n        <\/div><div class=\"eael-entry-wrapper\"><header class=\"eael-entry-header\"><h2 class=\"eael-entry-title\"><a class=\"eael-grid-post-link\" href=\"https:\/\/soymigrante.com\/revista\/hermanas-migrantes-brenda-y-ana-triunfan-con-la-fuerza-del-jaguar-en-ny\/\" title=\"Hermanas migrantes Brenda y Ana triunfan con la Fuerza del Jaguar en Nueva York\">Hermanas migrantes Brenda y Ana triunfan con la Fuerza del Jaguar en Nueva York<\/a><\/h2><\/header><div class=\"eael-entry-content\">\n                        <div class=\"eael-grid-post-excerpt\"><a href=\"https:\/\/soymigrante.com\/revista\/hermanas-migrantes-brenda-y-ana-triunfan-con-la-fuerza-del-jaguar-en-ny\/\" class=\"eael-post-elements-readmore-btn\">CONOCE SU HISTORIA <\/a><\/div>\n                    <\/div><\/div><\/div>\n        <\/div>\n    <\/article><article class=\"eael-grid-post  eael-post-grid-column eael-pg-post-50320 category-estamos-unidos\" data-id=\"50320\">\n        <div class=\"eael-grid-post-holder\">\n            <div class=\"eael-grid-post-holder-inner\"><div class=\"eael-entry-media\"><div class=\"eael-entry-overlay fade-in\"><i class=\"far fa-hand-pointer\" aria-hidden=\"true\"><\/i><a href=\"https:\/\/soymigrante.com\/revista\/dia-de-guatemala-en-nueva-york-proclama-alcalde-eric-adams-en-emotivo-acto\/\"><\/a><\/div><div class=\"eael-entry-thumbnail eael-image-ratio\">\n                <img loading=\"lazy\" decoding=\"async\" width=\"1024\" height=\"1024\" src=\"https:\/\/soymigrante.com\/revista\/wp-content\/uploads\/2025\/12\/alcalde-eric-adams-bandera-de-guatemala-1024x1024.jpeg\" class=\"attachment-large size-large wp-image-50324\" alt=\"alcalde eric adams bandera de guatemala\" srcset=\"https:\/\/soymigrante.com\/revista\/wp-content\/uploads\/2025\/12\/alcalde-eric-adams-bandera-de-guatemala-1024x1024.jpeg 1024w, https:\/\/soymigrante.com\/revista\/wp-content\/uploads\/2025\/12\/alcalde-eric-adams-bandera-de-guatemala-300x300.jpeg 300w, https:\/\/soymigrante.com\/revista\/wp-content\/uploads\/2025\/12\/alcalde-eric-adams-bandera-de-guatemala-150x150.jpeg 150w, https:\/\/soymigrante.com\/revista\/wp-content\/uploads\/2025\/12\/alcalde-eric-adams-bandera-de-guatemala-768x768.jpeg 768w, https:\/\/soymigrante.com\/revista\/wp-content\/uploads\/2025\/12\/alcalde-eric-adams-bandera-de-guatemala-1536x1536.jpeg 1536w, https:\/\/soymigrante.com\/revista\/wp-content\/uploads\/2025\/12\/alcalde-eric-adams-bandera-de-guatemala-2048x2048.jpeg 2048w, https:\/\/soymigrante.com\/revista\/wp-content\/uploads\/2025\/12\/alcalde-eric-adams-bandera-de-guatemala-75x75.jpeg 75w, https:\/\/soymigrante.com\/revista\/wp-content\/uploads\/2025\/12\/alcalde-eric-adams-bandera-de-guatemala-750x750.jpeg 750w, https:\/\/soymigrante.com\/revista\/wp-content\/uploads\/2025\/12\/alcalde-eric-adams-bandera-de-guatemala-1140x1140.jpeg 1140w\" sizes=\"(max-width: 1024px) 100vw, 1024px\" \/>\n            <\/div>\n        <\/div><div class=\"eael-entry-wrapper\"><header class=\"eael-entry-header\"><h2 class=\"eael-entry-title\"><a class=\"eael-grid-post-link\" href=\"https:\/\/soymigrante.com\/revista\/dia-de-guatemala-en-nueva-york-proclama-alcalde-eric-adams-en-emotivo-acto\/\" title=\"El D\u00eda de Guatemala en Nueva York es proclamado oficialmente en emotiva ceremonia\">El D\u00eda de Guatemala en Nueva York es proclamado oficialmente en emotiva ceremonia<\/a><\/h2><\/header><div class=\"eael-entry-content\">\n                        <div class=\"eael-grid-post-excerpt\"><a href=\"https:\/\/soymigrante.com\/revista\/dia-de-guatemala-en-nueva-york-proclama-alcalde-eric-adams-en-emotivo-acto\/\" class=\"eael-post-elements-readmore-btn\">CONOCE SU HISTORIA <\/a><\/div>\n                    <\/div><\/div><\/div>\n        <\/div>\n    <\/article><\/div>\n            <div class=\"clearfix\"><\/div>\n        <\/div>\t\t\t\t<\/div>\n\t\t\t\t\t<\/div>\n\t\t\t\t<\/div>\n\t\t\t\t<\/div>\n\t\t","protected":false},"excerpt":{"rendered":"<p>El guatemalteco Juan Pablo Morales ha sido m\u00fasico y fot\u00f3grafo. Cuid\u00f3 la colecci\u00f3n de insectos de un museo. Trabaj\u00f3 en limpieza, pase\u00f3 perros, fue handyman. Apoya a obreros a trav\u00e9s de programas sociales y por eso recibi\u00f3 un reconocimiento en el primer festejo del D\u00eda de la Herencia Guatemalteca en Nueva York. Juan Pablo Morales [&hellip;]<\/p>\n","protected":false},"author":7,"featured_media":51016,"comment_status":"open","ping_status":"open","sticky":false,"template":"","format":"standard","meta":{"_acf_changed":false,"_eb_attr":"","footnotes":""},"categories":[50,274],"tags":[],"class_list":["post-51015","post","type-post","status-publish","format-standard","has-post-thumbnail","hentry","category-exitos","category-guatemala"],"acf":[],"aioseo_notices":[],"aioseo_head":"\n\t\t<!-- All in One SEO Pro 4.9.6.2 - aioseo.com -->\n\t<meta name=\"description\" content=\"Alcalde Eric Adams destaca el valor de la comunidad migrante guatemalteca en Nueva York y proclama el D\u00eda de Guatemala, en emotivo acto\" \/>\n\t<meta name=\"robots\" content=\"max-snippet:-1, max-image-preview:large, max-video-preview:-1\" \/>\n\t<meta name=\"author\" content=\"Gustavo Montenegro\"\/>\n\t<link rel=\"canonical\" href=\"https:\/\/soymigrante.com\/revista\/dia-de-guatemala-en-nueva-york-proclama-alcalde-eric-adams-en-emotivo-acto\/\" \/>\n\t<meta name=\"generator\" content=\"All in One SEO Pro (AIOSEO) 4.9.6.2\" \/>\n\n\t\t<link rel=\"preconnect\" href=\"https:\/\/fonts.googleapis.com\" crossorigin>\n<link rel=\"preconnect\" href=\"https:\/\/fonts.gstatic.com\" crossorigin>\n\t\t<meta property=\"og:locale\" content=\"es_ES\" \/>\n\t\t<meta property=\"og:site_name\" content=\"SoyMigrante.com REVISTA \u2013 Nuestra misi\u00f3n es reconocer y dignificar al migrante.\" \/>\n\t\t<meta property=\"og:type\" content=\"article\" \/>\n\t\t<meta property=\"og:title\" content=\"El D\u00eda de Guatemala en Nueva York es proclamado oficialmente\" \/>\n\t\t<meta property=\"og:description\" content=\"Alcalde Eric Adams destaca el valor de la comunidad migrante guatemalteca en Nueva York y proclama el D\u00eda de Guatemala, en emotivo acto\" \/>\n\t\t<meta property=\"og:url\" content=\"https:\/\/soymigrante.com\/revista\/dia-de-guatemala-en-nueva-york-proclama-alcalde-eric-adams-en-emotivo-acto\/\" \/>\n\t\t<meta property=\"og:image\" content=\"https:\/\/soymigrante.com\/revista\/wp-content\/uploads\/2025\/12\/alcalde-eric-adams-bandera-de-guatemala-scaled.jpeg\" \/>\n\t\t<meta property=\"og:image:secure_url\" content=\"https:\/\/soymigrante.com\/revista\/wp-content\/uploads\/2025\/12\/alcalde-eric-adams-bandera-de-guatemala-scaled.jpeg\" \/>\n\t\t<meta property=\"og:image:width\" content=\"2560\" \/>\n\t\t<meta property=\"og:image:height\" content=\"2560\" \/>\n\t\t<meta property=\"article:published_time\" content=\"2025-12-30T01:07:29+00:00\" \/>\n\t\t<meta property=\"article:modified_time\" content=\"2026-01-06T17:30:22+00:00\" \/>\n\t\t<meta property=\"article:publisher\" content=\"https:\/\/www.facebook.com\/soymigrantecom\" \/>\n\t\t<meta name=\"twitter:card\" content=\"summary_large_image\" \/>\n\t\t<meta name=\"twitter:site\" content=\"@SoyMigrante_com\" \/>\n\t\t<meta name=\"twitter:title\" content=\"El D\u00eda de Guatemala en Nueva York es proclamado oficialmente\" \/>\n\t\t<meta name=\"twitter:description\" content=\"Alcalde Eric Adams destaca el valor de la comunidad migrante guatemalteca en Nueva York y proclama el D\u00eda de Guatemala, en emotivo acto\" \/>\n\t\t<meta name=\"twitter:creator\" content=\"@SoyMigrante_com\" \/>\n\t\t<meta name=\"twitter:image\" content=\"https:\/\/soymigrante.com\/revista\/wp-content\/uploads\/2025\/12\/alcalde-eric-adams-bandera-de-guatemala-scaled.jpeg\" \/>\n\t\t<!-- All in One SEO Pro -->\r\n\t\t<title>El D\u00eda de Guatemala en Nueva York es proclamado oficialmente<\/title>\n\n","aioseo_head_json":{"title":"El D\u00eda de Guatemala en Nueva York es proclamado oficialmente","description":"Alcalde Eric Adams destaca el valor de la comunidad migrante guatemalteca en Nueva York y proclama el D\u00eda de Guatemala, en emotivo acto","canonical_url":"https:\/\/soymigrante.com\/revista\/dia-de-guatemala-en-nueva-york-proclama-alcalde-eric-adams-en-emotivo-acto\/","robots":"max-snippet:-1, max-image-preview:large, max-video-preview:-1","keywords":"","webmasterTools":{"miscellaneous":"&lt;link rel=\"preconnect\" href=\"https:\/\/fonts.googleapis.com\" crossorigin&gt;\n&lt;link rel=\"preconnect\" href=\"https:\/\/fonts.gstatic.com\" crossorigin&gt;"},"schema":null,"og:locale":"es_ES","og:site_name":"SoyMigrante.com REVISTA \u2013 Nuestra misi\u00f3n es reconocer y dignificar al migrante.","og:type":"article","og:title":"El D\u00eda de Guatemala en Nueva York es proclamado oficialmente","og:description":"Alcalde Eric Adams destaca el valor de la comunidad migrante guatemalteca en Nueva York y proclama el D\u00eda de Guatemala, en emotivo acto","og:url":"https:\/\/soymigrante.com\/revista\/dia-de-guatemala-en-nueva-york-proclama-alcalde-eric-adams-en-emotivo-acto\/","og:image":"https:\/\/soymigrante.com\/revista\/wp-content\/uploads\/2025\/12\/alcalde-eric-adams-bandera-de-guatemala-scaled.jpeg","og:image:secure_url":"https:\/\/soymigrante.com\/revista\/wp-content\/uploads\/2025\/12\/alcalde-eric-adams-bandera-de-guatemala-scaled.jpeg","og:image:width":2560,"og:image:height":2560,"article:published_time":"2025-12-30T01:07:29+00:00","article:modified_time":"2026-01-06T17:30:22+00:00","article:publisher":"https:\/\/www.facebook.com\/soymigrantecom","twitter:card":"summary_large_image","twitter:site":"@SoyMigrante_com","twitter:title":"El D\u00eda de Guatemala en Nueva York es proclamado oficialmente","twitter:description":"Alcalde Eric Adams destaca el valor de la comunidad migrante guatemalteca en Nueva York y proclama el D\u00eda de Guatemala, en emotivo acto","twitter:creator":"@SoyMigrante_com","twitter:image":"https:\/\/soymigrante.com\/revista\/wp-content\/uploads\/2025\/12\/alcalde-eric-adams-bandera-de-guatemala-scaled.jpeg"},"aioseo_meta_data":{"post_id":"51015","title":"Juan Pablo Morales, un quetzal guatemalteco en el Bronx","description":"M\u00fasico, activista y bi\u00f3logo guatemalteco Juan Pablo Morales Estrada fue reconocido en el primer D\u00eda de Guatemala de Nueva York en diciembre. Esta es su historia","keywords":null,"keyphrases":{"focus":{"keyphrase":"","score":0,"analysis":{"keyphraseInTitle":{"score":0,"maxScore":9,"error":1}}},"additional":[{"keyphrase":"Guatemala","score":87,"analysis":{"keyphraseInDescription":{"score":9,"maxScore":9,"error":0},"keyphraseLength":{"score":9,"maxScore":9,"error":0,"length":1},"keyphraseInIntroduction":{"score":3,"maxScore":9,"error":1},"keyphraseInImageAlt":{"score":9,"maxScore":9,"error":0},"keywordDensity":{"type":"best","score":9,"maxScore":9,"error":0}}},{"keyphrase":"Quetzal","score":40,"analysis":{"keyphraseInDescription":{"score":3,"maxScore":9,"error":1},"keyphraseLength":{"score":9,"maxScore":9,"error":0,"length":1},"keyphraseInIntroduction":{"score":3,"maxScore":9,"error":1},"keyphraseInImageAlt":{"score":3,"maxScore":9,"error":1},"keywordDensity":{"score":0,"type":"low","maxScore":9,"error":1}}},{"keyphrase":"Migrante","score":73,"analysis":{"keyphraseInDescription":{"score":3,"maxScore":9,"error":1},"keyphraseLength":{"score":9,"maxScore":9,"error":0,"length":1},"keyphraseInIntroduction":{"score":3,"maxScore":9,"error":1},"keyphraseInImageAlt":{"score":9,"maxScore":9,"error":0},"keywordDensity":{"type":"best","score":9,"maxScore":9,"error":0}}},{"keyphrase":"Guatemalteco","score":100,"analysis":{"keyphraseInDescription":{"score":9,"maxScore":9,"error":0},"keyphraseLength":{"score":9,"maxScore":9,"error":0,"length":1},"keyphraseInIntroduction":{"score":9,"maxScore":9,"error":0},"keyphraseInImageAlt":{"score":9,"maxScore":9,"error":0},"keywordDensity":{"type":"best","score":9,"maxScore":9,"error":0}}},{"keyphrase":"guatemalteco","score":100,"analysis":{"keyphraseInDescription":{"score":9,"maxScore":9,"error":0},"keyphraseLength":{"score":9,"maxScore":9,"error":0,"length":1},"keyphraseInIntroduction":{"score":9,"maxScore":9,"error":0},"keyphraseInImageAlt":{"score":9,"maxScore":9,"error":0},"keywordDensity":{"type":"best","score":9,"maxScore":9,"error":0}}}]},"primary_term":null,"canonical_url":null,"og_title":null,"og_description":null,"og_object_type":"default","og_image_type":"default","og_image_url":null,"og_image_width":null,"og_image_height":null,"og_image_custom_url":null,"og_image_custom_fields":null,"og_video":"","og_custom_url":null,"og_article_section":null,"og_article_tags":null,"twitter_use_og":false,"twitter_card":"default","twitter_image_type":"default","twitter_image_url":null,"twitter_image_custom_url":null,"twitter_image_custom_fields":null,"twitter_title":null,"twitter_description":null,"schema":{"blockGraphs":[],"customGraphs":[],"default":{"data":{"Article":[],"Course":[],"Dataset":[],"FAQPage":[],"Movie":[],"Person":[],"Product":[],"ProductReview":[],"Car":[],"Recipe":[],"Service":[],"SoftwareApplication":[],"WebPage":[]},"graphName":"NewsArticle","isEnabled":true},"graphs":[]},"schema_type":"default","schema_type_options":null,"pillar_content":false,"robots_default":true,"robots_noindex":false,"robots_noarchive":false,"robots_nosnippet":false,"robots_nofollow":false,"robots_noimageindex":false,"robots_noodp":false,"robots_notranslate":false,"robots_max_snippet":"-1","robots_max_videopreview":"-1","robots_max_imagepreview":"large","priority":null,"frequency":"default","local_seo":null,"seo_analyzer_scan_date":"2026-02-24 19:46:30","breadcrumb_settings":null,"limit_modified_date":false,"reviewed_by":"0","open_ai":null,"ai":{"faqs":[],"keyPoints":[],"titles":[],"descriptions":[],"socialPosts":{"email":[],"linkedin":[],"twitter":[],"facebook":[],"instagram":[]}},"created":"2026-01-14 17:41:38","updated":"2026-03-06 15:45:35"},"aioseo_breadcrumb":"<div class=\"aioseo-breadcrumbs\"><span class=\"aioseo-breadcrumb\">\n\t<a href=\"https:\/\/soymigrante.com\/revista\" title=\"Home\">Home<\/a>\n<\/span><span class=\"aioseo-breadcrumb-separator\">\u00bb<\/span><span class=\"aioseo-breadcrumb\">\n\t<a href=\"https:\/\/soymigrante.com\/revista\/category\/exitos\/\" title=\"\u00c9xitos\">\u00c9xitos<\/a>\n<\/span><span class=\"aioseo-breadcrumb-separator\">\u00bb<\/span><span class=\"aioseo-breadcrumb\">\n\t<a href=\"https:\/\/soymigrante.com\/revista\/category\/exitos\/guatemala\/\" title=\"Guatemala\">Guatemala<\/a>\n<\/span><span class=\"aioseo-breadcrumb-separator\">\u00bb<\/span><span class=\"aioseo-breadcrumb\">\n\tJuan Pablo Morales Estrada: un Quetzal en  el Bronx canta, ayuda, sue\u00f1a y suspira por Guatemala\n<\/span><\/div>","aioseo_breadcrumb_json":[{"label":"Home","link":"https:\/\/soymigrante.com\/revista"},{"label":"\u00c9xitos","link":"https:\/\/soymigrante.com\/revista\/category\/exitos\/"},{"label":"Guatemala","link":"https:\/\/soymigrante.com\/revista\/category\/exitos\/guatemala\/"},{"label":"Juan Pablo Morales Estrada: un Quetzal en  el Bronx canta, ayuda, sue\u00f1a y suspira por Guatemala","link":"https:\/\/soymigrante.com\/revista\/migrante-guatemalteco-juan-pablo-morales-estrada-canta-apoya-guatemala-reconocimiento-nueva-york\/"}],"_links":{"self":[{"href":"https:\/\/soymigrante.com\/revista\/wp-json\/wp\/v2\/posts\/51015","targetHints":{"allow":["GET"]}}],"collection":[{"href":"https:\/\/soymigrante.com\/revista\/wp-json\/wp\/v2\/posts"}],"about":[{"href":"https:\/\/soymigrante.com\/revista\/wp-json\/wp\/v2\/types\/post"}],"author":[{"embeddable":true,"href":"https:\/\/soymigrante.com\/revista\/wp-json\/wp\/v2\/users\/7"}],"replies":[{"embeddable":true,"href":"https:\/\/soymigrante.com\/revista\/wp-json\/wp\/v2\/comments?post=51015"}],"version-history":[{"count":23,"href":"https:\/\/soymigrante.com\/revista\/wp-json\/wp\/v2\/posts\/51015\/revisions"}],"predecessor-version":[{"id":51134,"href":"https:\/\/soymigrante.com\/revista\/wp-json\/wp\/v2\/posts\/51015\/revisions\/51134"}],"wp:featuredmedia":[{"embeddable":true,"href":"https:\/\/soymigrante.com\/revista\/wp-json\/wp\/v2\/media\/51016"}],"wp:attachment":[{"href":"https:\/\/soymigrante.com\/revista\/wp-json\/wp\/v2\/media?parent=51015"}],"wp:term":[{"taxonomy":"category","embeddable":true,"href":"https:\/\/soymigrante.com\/revista\/wp-json\/wp\/v2\/categories?post=51015"},{"taxonomy":"post_tag","embeddable":true,"href":"https:\/\/soymigrante.com\/revista\/wp-json\/wp\/v2\/tags?post=51015"}],"curies":[{"name":"wp","href":"https:\/\/api.w.org\/{rel}","templated":true}]}}