{"id":51000,"date":"2026-01-14T09:48:12","date_gmt":"2026-01-14T15:48:12","guid":{"rendered":"https:\/\/soymigrante.com\/revista\/?p=51000"},"modified":"2026-01-14T09:48:32","modified_gmt":"2026-01-14T15:48:32","slug":"que-nuevas-exigencias-tendra-la-residencia-legal-o-green-card-por-matrimonio-en-estados-unidos","status":"publish","type":"post","link":"https:\/\/soymigrante.com\/revista\/que-nuevas-exigencias-tendra-la-residencia-legal-o-green-card-por-matrimonio-en-estados-unidos\/","title":{"rendered":"\u00bfQu\u00e9 nuevas exigencias tendr\u00e1 la residencia legal o green card por matrimonio en Estados Unidos?"},"content":{"rendered":"\t\t<div data-elementor-type=\"wp-post\" data-elementor-id=\"51000\" class=\"elementor elementor-51000\" data-elementor-post-type=\"post\">\n\t\t\t\t<div data-particle_enable=\"false\" data-particle-mobile-disabled=\"false\" class=\"elementor-element elementor-element-a8b6d9a e-flex e-con-boxed e-con e-parent\" data-id=\"a8b6d9a\" data-element_type=\"container\" data-e-type=\"container\">\n\t\t\t\t\t<div class=\"e-con-inner\">\n\t\t\t\t<div class=\"elementor-element elementor-element-06b9314 elementor-widget elementor-widget-heading\" data-id=\"06b9314\" data-element_type=\"widget\" data-e-type=\"widget\" data-widget_type=\"heading.default\">\n\t\t\t\t\t<h2 class=\"elementor-heading-title elementor-size-default\">El Servicio de Inmigraci\u00f3n y Ciudadan\u00eda de Estados Unidos (USCIS) anunci\u00f3 para 2026 la vigencia de nuevos requerimientos y condiciones de verificaci\u00f3n para otorgar y mantener residencias permanentes (o Green Card) obtenidas por matrimonio con estadounidenses.<\/h2>\t\t\t\t<\/div>\n\t\t\t\t\t<\/div>\n\t\t\t\t<\/div>\n\t\t<div data-particle_enable=\"false\" data-particle-mobile-disabled=\"false\" class=\"elementor-element elementor-element-9762073 e-flex e-con-boxed e-con e-parent\" data-id=\"9762073\" data-element_type=\"container\" data-e-type=\"container\">\n\t\t\t\t\t<div class=\"e-con-inner\">\n\t\t\t\t<div class=\"elementor-element elementor-element-bc5cfc2 elementor-widget elementor-widget-text-editor\" data-id=\"bc5cfc2\" data-element_type=\"widget\" data-e-type=\"widget\" data-widget_type=\"text-editor.default\">\n\t\t\t\t\t\t\t\t\t<p data-start=\"269\" data-end=\"715\">El Servicio de Ciudadan\u00eda e Inmigraci\u00f3n de Estados Unidos (USCIS) puso en marcha en enero de 2026 un conjunto de nuevas reglas que regulan la obtenci\u00f3n y conservaci\u00f3n de la residencia permanente por matrimonio. La normativa<b> impacta directamente a ciudadanos extranjeros que buscan regularizar su estatus migratorio tras<a href=\"https:\/\/soymigrante.com\/revista\/y-si-quiero-traer-a-mi-prometido-a-para-casarnos-en-eeuu\/\"> casarse con un ciudadano estadounidense <\/a>o con un residente legal permanente<\/b>, en un contexto de mayor escrutinio institucional.<\/p><p data-start=\"717\" data-end=\"943\">De acuerdo con informaci\u00f3n oficial del gobierno federal, <b>el incumplimiento de los nuevos requisitos puede derivar no solo en la p\u00e9rdida de la residencia, <\/b>sino tambi\u00e9n en la apertura de procedimientos de remoci\u00f3n (<a href=\"https:\/\/soymigrante.com\/revista\/se-reduce-22-cifra-de-migrantes-deportados-a-guatemala-en-2025-pero-no-el-dolor-de-la-separacion\/\">deportaci\u00f3n<\/a>).<\/p>\t\t\t\t\t\t\t\t<\/div>\n\t\t\t\t\t<\/div>\n\t\t\t\t<\/div>\n\t\t<div data-particle_enable=\"false\" data-particle-mobile-disabled=\"false\" class=\"elementor-element elementor-element-28a4cbd e-flex e-con-boxed e-con e-parent\" data-id=\"28a4cbd\" data-element_type=\"container\" data-e-type=\"container\">\n\t\t\t\t\t<div class=\"e-con-inner\">\n\t\t\t\t<div class=\"elementor-element elementor-element-239c1fd elementor-widget elementor-widget-image\" data-id=\"239c1fd\" data-element_type=\"widget\" data-e-type=\"widget\" data-widget_type=\"image.default\">\n\t\t\t\t\t\t\t\t\t\t\t\t<figure class=\"wp-caption\">\n\t\t\t\t\t\t\t\t\t\t<img fetchpriority=\"high\" decoding=\"async\" width=\"1140\" height=\"638\" src=\"https:\/\/soymigrante.com\/revista\/wp-content\/uploads\/2026\/01\/exigencias-de-matrimonio-para-ciudadania-estados-unidos-1140x638.jpg\" class=\"attachment-large size-large wp-image-51004\" alt=\"El Servicio de Inmigraci\u00f3n y Ciudadan\u00eda USCIS afirma que con estas medidas se busca evitar el fraude migratorio a trav\u00e9s de matrimonios que no son reales, que se efect\u00faan a cambio de otras conveniencias.\" srcset=\"https:\/\/soymigrante.com\/revista\/wp-content\/uploads\/2026\/01\/exigencias-de-matrimonio-para-ciudadania-estados-unidos-1140x638.jpg 1140w, https:\/\/soymigrante.com\/revista\/wp-content\/uploads\/2026\/01\/exigencias-de-matrimonio-para-ciudadania-estados-unidos-300x168.jpg 300w, https:\/\/soymigrante.com\/revista\/wp-content\/uploads\/2026\/01\/exigencias-de-matrimonio-para-ciudadania-estados-unidos-768x430.jpg 768w, https:\/\/soymigrante.com\/revista\/wp-content\/uploads\/2026\/01\/exigencias-de-matrimonio-para-ciudadania-estados-unidos-1536x860.jpg 1536w, https:\/\/soymigrante.com\/revista\/wp-content\/uploads\/2026\/01\/exigencias-de-matrimonio-para-ciudadania-estados-unidos-750x420.jpg 750w, https:\/\/soymigrante.com\/revista\/wp-content\/uploads\/2026\/01\/exigencias-de-matrimonio-para-ciudadania-estados-unidos.jpg 1600w\" sizes=\"(max-width: 1140px) 100vw, 1140px\" title=\"El Servicio de Inmigraci\u00f3n y Ciudadan\u00eda USCIS afirma que con estas medidas se busca evitar el fraude migratorio a trav\u00e9s de matrimonios que no son reales, que se efect\u00faan a cambio de otras conveniencias. \u2013 SoyMigrante.com REVISTA\" \/>\t\t\t\t\t\t\t\t\t\t\t<figcaption class=\"widget-image-caption wp-caption-text\">El Servicio de Inmigraci\u00f3n y Ciudadan\u00eda USCIS afirma que con estas medidas se busca evitar el fraude migratorio a trav\u00e9s de matrimonios que no son reales, que se efect\u00faan a cambio de otras conveniencias.<\/figcaption>\n\t\t\t\t\t\t\t\t\t\t<\/figure>\n\t\t\t\t\t\t\t\t\t<\/div>\n\t\t\t\t\t<\/div>\n\t\t\t\t<\/div>\n\t\t<div data-particle_enable=\"false\" data-particle-mobile-disabled=\"false\" class=\"elementor-element elementor-element-05459a8 e-flex e-con-boxed e-con e-parent\" data-id=\"05459a8\" data-element_type=\"container\" data-e-type=\"container\">\n\t\t\t\t\t<div class=\"e-con-inner\">\n\t\t\t\t<div class=\"elementor-element elementor-element-801c3e6 elementor-widget elementor-widget-text-editor\" data-id=\"801c3e6\" data-element_type=\"widget\" data-e-type=\"widget\" data-widget_type=\"text-editor.default\">\n\t\t\t\t\t\t\t\t\t<p data-start=\"269\" data-end=\"715\"><span style=\"color: #000000; font-family: Mulish, sans-serif; font-size: 29px; font-weight: bold;\">Residencia condicional inicial durante dos a\u00f1os: el punto de partida<\/span><\/p><p data-start=\"999\" data-end=\"1230\">El USCIS mantiene la figura de la <strong data-start=\"1033\" data-end=\"1070\">residencia permanente condicional<\/strong> para los <a href=\"https:\/\/soymigrante.com\/revista\/yezenia-y-daniel-migrantes-guatemaltecos-festejaron-25-anos-de-amor-en-su-tierra\/\">matrimonios <\/a>con menos de dos a\u00f1os de duraci\u00f3n al momento de la aprobaci\u00f3n. En estos casos, la Green Card se otorga por un per\u00edodo inicial de dos a\u00f1os.<\/p><p data-start=\"1232\" data-end=\"1549\">Para eliminar esa condici\u00f3n y acceder a la residencia permanente definitiva, la pareja debe presentar el <strong data-start=\"1337\" data-end=\"1357\">formulario I-751<\/strong> dentro de los <strong data-start=\"1372\" data-end=\"1406\">90 d\u00edas previos al vencimiento<\/strong> de la tarjeta. La autoridad migratoria advirti\u00f3 que la omisi\u00f3n de este tr\u00e1mite puede implicar la revocaci\u00f3n autom\u00e1tica del estatus migratorio.<\/p><p data-start=\"1551\" data-end=\"1760\">Una de las novedades clave es que, si la solicitud se presenta correctamente, la validez de la residencia condicional se <strong data-start=\"1672\" data-end=\"1724\">extiende de manera autom\u00e1tica hasta por 48 meses<\/strong> mientras el USCIS resuelve el caso.<\/p><h3 data-start=\"1767\" data-end=\"1817\">Se verificar\u00e1 a\u00fan m\u00e1s la autenticidad del matrimonio<\/h3><p data-start=\"1819\" data-end=\"2069\">Seg\u00fan el propio USCIS, las nuevas exigencias buscan \u201cgarantizar la autenticidad de los matrimonios y evitar la manipulaci\u00f3n del sistema\u201d. En ese marco, la agencia estableci\u00f3 que <strong data-start=\"1997\" data-end=\"2068\">la convivencia es la principal prueba de la legitimidad del v\u00ednculo<\/strong>.<\/p><p data-start=\"2071\" data-end=\"2345\">Los casos en los que los <a href=\"https:\/\/soymigrante.com\/revista\/consejos-para-parejas-migrantes-no-discutir-o-tratar-temas-delicados-frente-a-los-hijos\/\">c\u00f3nyuges <\/a>no comparten domicilio son ahora objeto de un examen m\u00e1s riguroso. Si existen razones laborales, acad\u00e9micas o familiares que expliquen la separaci\u00f3n f\u00edsica, estas deber\u00e1n estar <strong data-start=\"2282\" data-end=\"2310\">debidamente documentadas<\/strong> y respaldadas con pruebas s\u00f3lidas.<\/p>\t\t\t\t\t\t\t\t<\/div>\n\t\t\t\t\t<\/div>\n\t\t\t\t<\/div>\n\t\t<div data-particle_enable=\"false\" data-particle-mobile-disabled=\"false\" class=\"elementor-element elementor-element-6570603 e-flex e-con-boxed e-con e-parent\" data-id=\"6570603\" data-element_type=\"container\" data-e-type=\"container\">\n\t\t\t\t\t<div class=\"e-con-inner\">\n\t\t\t\t<div class=\"elementor-element elementor-element-723be4a elementor-widget elementor-widget-image\" data-id=\"723be4a\" data-element_type=\"widget\" data-e-type=\"widget\" data-widget_type=\"image.default\">\n\t\t\t\t\t\t\t\t\t\t\t\t<figure class=\"wp-caption\">\n\t\t\t\t\t\t\t\t\t\t\t<a href=\"https:\/\/egov.uscis.gov\/processing-times\/\">\n\t\t\t\t\t\t\t<img decoding=\"async\" width=\"1140\" height=\"898\" src=\"https:\/\/soymigrante.com\/revista\/wp-content\/uploads\/2026\/01\/tiempos-de-procesamiento-de-tramites-1140x898.png\" class=\"attachment-large size-large wp-image-51005\" alt=\"El Servicio de Inmigraci\u00f3n y Ciudadan\u00eda de Estados Unidos provee c\u00e1lculos estimados del tiempo necesario para diversos tr\u00e1mites, entre ellos, la residencia permanente por matrimonio, la cual en sus primeros dos a\u00f1os es condicional. Para ir al sitio, clic en la imagen.\" srcset=\"https:\/\/soymigrante.com\/revista\/wp-content\/uploads\/2026\/01\/tiempos-de-procesamiento-de-tramites-1140x898.png 1140w, https:\/\/soymigrante.com\/revista\/wp-content\/uploads\/2026\/01\/tiempos-de-procesamiento-de-tramites-300x236.png 300w, https:\/\/soymigrante.com\/revista\/wp-content\/uploads\/2026\/01\/tiempos-de-procesamiento-de-tramites-768x605.png 768w, https:\/\/soymigrante.com\/revista\/wp-content\/uploads\/2026\/01\/tiempos-de-procesamiento-de-tramites-750x591.png 750w, https:\/\/soymigrante.com\/revista\/wp-content\/uploads\/2026\/01\/tiempos-de-procesamiento-de-tramites.png 1230w\" sizes=\"(max-width: 1140px) 100vw, 1140px\" title=\"El Servicio de Inmigraci\u00f3n y Ciudadan\u00eda de Estados Unidos provee c\u00e1lculos estimados del tiempo necesario para diversos tr\u00e1mites, entre ellos, la residencia permanente por matrimonio, la cual en sus primeros dos a\u00f1os es condicional. Para ir al sitio, clic en la imagen. \u2013 SoyMigrante.com REVISTA\" \/>\t\t\t\t\t\t\t\t<\/a>\n\t\t\t\t\t\t\t\t\t\t\t<figcaption class=\"widget-image-caption wp-caption-text\">El Servicio de Inmigraci\u00f3n y Ciudadan\u00eda de Estados Unidos provee c\u00e1lculos estimados del tiempo necesario para diversos tr\u00e1mites, entre ellos, la residencia permanente por matrimonio, la cual en sus primeros dos a\u00f1os es condicional. Para ir al sitio, clic en la imagen.<\/figcaption>\n\t\t\t\t\t\t\t\t\t\t<\/figure>\n\t\t\t\t\t\t\t\t\t<\/div>\n\t\t\t\t\t<\/div>\n\t\t\t\t<\/div>\n\t\t<div data-particle_enable=\"false\" data-particle-mobile-disabled=\"false\" class=\"elementor-element elementor-element-f838806 e-flex e-con-boxed e-con e-parent\" data-id=\"f838806\" data-element_type=\"container\" data-e-type=\"container\">\n\t\t\t\t\t<div class=\"e-con-inner\">\n\t\t\t\t<div class=\"elementor-element elementor-element-aa7844f elementor-widget elementor-widget-text-editor\" data-id=\"aa7844f\" data-element_type=\"widget\" data-e-type=\"widget\" data-widget_type=\"text-editor.default\">\n\t\t\t\t\t\t\t\t\t<p data-start=\"269\" data-end=\"715\"><span style=\"color: #000000; font-family: Mulish, sans-serif; font-size: 29px; font-weight: bold;\">Documentos para probar matrimonio genuino: la convivencia es clave pero&#8230;<\/span><\/p><p data-start=\"2392\" data-end=\"2529\">Para acreditar que el <a href=\"https:\/\/soymigrante.com\/revista\/esposos-migrantes-luchan-por-un-sueno-en-nueva-york\/\">matrimonio <\/a>es genuino, el USCIS solicita una combinaci\u00f3n de documentos que reflejen una vida en com\u00fan, entre ellos:<\/p><ul><li>Contratos de arrendamiento o hipotecas a nombre de ambos c\u00f3nyuges<\/li><li>Cuentas bancarias conjuntas<\/li><li>P\u00f3lizas de seguro compartidas<\/li><li>Fotograf\u00edas recientes que evidencien convivencia<\/li><li>Declaraciones juradas de familiares y amigos<\/li><li>Correspondencia y facturas a nombre de ambos<\/li><\/ul><p data-start=\"2819\" data-end=\"2977\">La agencia permite presentar documentaci\u00f3n alternativa cuando no es posible la convivencia continua, siempre que la explicaci\u00f3n sea consistente y verificable.<\/p><h3 data-start=\"2984\" data-end=\"3037\">Se\u00f1ales de alerta y riesgo de p\u00e9rdida del estatus<\/h3><p data-start=\"3039\" data-end=\"3293\">El USCIS identifica varios factores que pueden generar sospechas durante la evaluaci\u00f3n de las solicitudes. Entre ellos figuran. En s\u00ed no son un impedimento, pero s\u00ed un factor de mayor verificaci\u00f3n.<\/p><ul><li><b><span data-start=\"3166\" data-end=\"3204\">Diferencias significativas de edad<\/span><\/b><\/li><li><b>Barreras idiom\u00e1ticas<\/b><\/li><li><b>Contrastes culturales marcados <\/b><\/li><li><b>Falta de vivienda compartida.<\/b><\/li><li><b>Matrimonios celebrados mientras uno de los c\u00f3nyuges enfrenta un proceso de deportaci\u00f3n<\/b> reciben un escrutinio especial.<\/li><\/ul><p>Seg\u00fan los lineamientos institucionales, \u201ccualquier intento de matrimonio o uni\u00f3n durante un proceso de remoci\u00f3n ser\u00e1 revisado con rigor\u201d.<\/p>\t\t\t\t\t\t\t\t<\/div>\n\t\t\t\t\t<\/div>\n\t\t\t\t<\/div>\n\t\t<div data-particle_enable=\"false\" data-particle-mobile-disabled=\"false\" class=\"elementor-element elementor-element-45bf0fe e-flex e-con-boxed e-con e-parent\" data-id=\"45bf0fe\" data-element_type=\"container\" data-e-type=\"container\">\n\t\t\t\t\t<div class=\"e-con-inner\">\n\t\t\t\t<div class=\"elementor-element elementor-element-88591b3 elementor-widget elementor-widget-text-editor\" data-id=\"88591b3\" data-element_type=\"widget\" data-e-type=\"widget\" data-widget_type=\"text-editor.default\">\n\t\t\t\t\t\t\t\t\t<p data-start=\"269\" data-end=\"715\"><span style=\"color: #000000; font-family: Mulish, sans-serif; font-size: 29px; font-weight: bold;\">Siempre revisar plazos, formularios y tarifas actualizadas<\/span><\/p><p data-start=\"3620\" data-end=\"3979\">Adem\u00e1s de los cambios sustantivos, el USCIS introdujo ajustes administrativos. El <a href=\"http:\/\/i\"><strong data-start=\"3702\" data-end=\"3722\">formulario I-485<\/strong>, utilizado para el ajuste de estatus, solo es aceptado en su versi\u00f3n m\u00e1s reciente desde febrero de 2025<\/a>. A esto se suma la actualizaci\u00f3n de <strong data-start=\"3863\" data-end=\"3886\">tarifas migratorias<\/strong>, incluida la Green Card por matrimonio, mediante una regla final publicada en enero de 2024.\u00a0<\/p><p data-start=\"3620\" data-end=\"3979\">El costo de una Green Card por matrimonio en EE. UU. (Ajuste de Estatus) es de aproximadamente US$2,000 a US$3,000, incluyendo el <a href=\"https:\/\/www.uscis.gov\/i-130\">Formulario I-130<\/a> (US$675 en papel o US$625 en l\u00ednea) y el <a href=\"http:\/\/i\">Formulario I-485<\/a> (US$1,440)<\/p><p data-start=\"3981\" data-end=\"4145\">La agencia recomienda a los solicitantes <b>verificar peri\u00f3dicamente su portal oficial para confirmar formularios vigentes,<\/b> costos actualizados y direcciones de env\u00edo. As\u00ed tambien, es recomendable contar con la asesor\u00edad de un abogado migratorio.<\/p><h3 data-start=\"4152\" data-end=\"4201\">Consecuencias del incumplimiento o del fraude<\/h3><p data-start=\"4203\" data-end=\"4546\">El organismo migratorio es claro: no respetar los plazos, presentar formularios desactualizados o aportar informaci\u00f3n incompleta puede provocar la <strong data-start=\"4350\" data-end=\"4395\">p\u00e9rdida autom\u00e1tica del estatus migratorio<\/strong>. En casos de fraude o de omisi\u00f3n deliberada de informaci\u00f3n relevante, el USCIS advierte que puede negar los beneficios y ordenar la remoci\u00f3n del pa\u00eds.<\/p>\t\t\t\t\t\t\t\t<\/div>\n\t\t\t\t\t<\/div>\n\t\t\t\t<\/div>\n\t\t<div data-particle_enable=\"false\" data-particle-mobile-disabled=\"false\" class=\"elementor-element elementor-element-d2232de e-flex e-con-boxed e-con e-parent\" data-id=\"d2232de\" data-element_type=\"container\" data-e-type=\"container\">\n\t\t\t\t\t<div class=\"e-con-inner\">\n\t\t\t\t<div class=\"elementor-element elementor-element-e2551b2 elementor-widget elementor-widget-heading\" data-id=\"e2551b2\" data-element_type=\"widget\" data-e-type=\"widget\" data-widget_type=\"heading.default\">\n\t\t\t\t\t<h2 class=\"elementor-heading-title elementor-size-default\">Otros temas que podr\u00edan interesarte<\/h2>\t\t\t\t<\/div>\n\t\t\t\t\t<\/div>\n\t\t\t\t<\/div>\n\t\t<div data-particle_enable=\"false\" data-particle-mobile-disabled=\"false\" class=\"elementor-element elementor-element-6268d34 e-flex e-con-boxed e-con e-parent\" data-id=\"6268d34\" data-element_type=\"container\" data-e-type=\"container\">\n\t\t\t\t\t<div class=\"e-con-inner\">\n\t\t\t\t<div class=\"elementor-element elementor-element-ab4abff elementor-grid-eael-col-3 elementor-grid-tablet-eael-col-2 elementor-grid-mobile-eael-col-1 elementor-widget elementor-widget-eael-post-grid\" data-id=\"ab4abff\" data-element_type=\"widget\" data-e-type=\"widget\" data-settings=\"{&quot;eael_post_grid_columns&quot;:&quot;eael-col-3&quot;,&quot;eael_post_grid_columns_tablet&quot;:&quot;eael-col-2&quot;,&quot;eael_post_grid_columns_mobile&quot;:&quot;eael-col-1&quot;}\" data-widget_type=\"eael-post-grid.default\">\n\t\t\t\t\t<div id=\"eael-post-grid-ab4abff\" class=\"eael-post-grid-container\">\n            <div class=\"eael-post-grid eael-post-appender eael-post-appender-ab4abff eael-post-grid-style-one\" data-layout-mode=\"masonry\"><article class=\"eael-grid-post  eael-post-grid-column eael-pg-post-23045 category-estamos-unidos\" data-id=\"23045\">\n        <div class=\"eael-grid-post-holder\">\n            <div class=\"eael-grid-post-holder-inner\"><div class=\"eael-entry-media\"><div class=\"eael-entry-overlay fade-in\"><i class=\"far fa-hand-pointer\" aria-hidden=\"true\"><\/i><a href=\"https:\/\/soymigrante.com\/revista\/abogada-orienta-a-guatemaltecos-sobre-derechos-y-politicas-migratorias-de-ee-uu\/\"><\/a><\/div><div class=\"eael-entry-thumbnail eael-image-ratio\">\n                <img decoding=\"async\" width=\"1024\" height=\"1024\" src=\"https:\/\/soymigrante.com\/revista\/wp-content\/uploads\/2025\/01\/TRABADOR-MIGRANTE-1024x1024.jpg\" class=\"attachment-large size-large wp-image-23065\" alt=\"Joven migrante con sombrero observando el atardecer en un campo, simbolizando la esperanza y la lucha de los migrantes en sus comunidades.\" srcset=\"https:\/\/soymigrante.com\/revista\/wp-content\/uploads\/2025\/01\/TRABADOR-MIGRANTE-1024x1024.jpg 1024w, https:\/\/soymigrante.com\/revista\/wp-content\/uploads\/2025\/01\/TRABADOR-MIGRANTE-300x300.jpg 300w, https:\/\/soymigrante.com\/revista\/wp-content\/uploads\/2025\/01\/TRABADOR-MIGRANTE-150x150.jpg 150w, https:\/\/soymigrante.com\/revista\/wp-content\/uploads\/2025\/01\/TRABADOR-MIGRANTE-768x768.jpg 768w, https:\/\/soymigrante.com\/revista\/wp-content\/uploads\/2025\/01\/TRABADOR-MIGRANTE-1536x1536.jpg 1536w, https:\/\/soymigrante.com\/revista\/wp-content\/uploads\/2025\/01\/TRABADOR-MIGRANTE-2048x2048.jpg 2048w, https:\/\/soymigrante.com\/revista\/wp-content\/uploads\/2025\/01\/TRABADOR-MIGRANTE-75x75.webp 75w, https:\/\/soymigrante.com\/revista\/wp-content\/uploads\/2025\/01\/TRABADOR-MIGRANTE-750x750.webp 750w, https:\/\/soymigrante.com\/revista\/wp-content\/uploads\/2025\/01\/TRABADOR-MIGRANTE-1140x1140.webp 1140w, https:\/\/soymigrante.com\/revista\/wp-content\/uploads\/2025\/01\/TRABADOR-MIGRANTE-scaled.webp 1920w\" sizes=\"(max-width: 1024px) 100vw, 1024px\" \/>\n            <\/div>\n        <\/div><div class=\"eael-entry-wrapper\"><header class=\"eael-entry-header\"><h2 class=\"eael-entry-title\"><a class=\"eael-grid-post-link\" href=\"https:\/\/soymigrante.com\/revista\/abogada-orienta-a-guatemaltecos-sobre-derechos-y-politicas-migratorias-de-ee-uu\/\" title=\"Abogada orienta a guatemaltecos sobre derechos y pol\u00edticas migratorias de EE.UU.\">Abogada orienta a guatemaltecos sobre derechos y pol\u00edticas migratorias de EE.UU.<\/a><\/h2><\/header><div class=\"eael-entry-content\">\n                        <div class=\"eael-grid-post-excerpt\"><a href=\"https:\/\/soymigrante.com\/revista\/abogada-orienta-a-guatemaltecos-sobre-derechos-y-politicas-migratorias-de-ee-uu\/\" class=\"eael-post-elements-readmore-btn\">CONOCE SU HISTORIA <\/a><\/div>\n                    <\/div><\/div><\/div>\n        <\/div>\n    <\/article><article class=\"eael-grid-post  eael-post-grid-column eael-pg-post-6838 category-recursos-migratorios\" data-id=\"6838\">\n        <div class=\"eael-grid-post-holder\">\n            <div class=\"eael-grid-post-holder-inner\"><div class=\"eael-entry-media\"><div class=\"eael-entry-overlay fade-in\"><i class=\"far fa-hand-pointer\" aria-hidden=\"true\"><\/i><a href=\"https:\/\/soymigrante.com\/revista\/como-saber-si-soy-elegible-para-una-residencia-permanente-en-usa\/\"><\/a><\/div><div class=\"eael-entry-thumbnail eael-image-ratio\">\n                <img loading=\"lazy\" decoding=\"async\" width=\"1024\" height=\"768\" src=\"https:\/\/soymigrante.com\/revista\/wp-content\/uploads\/2024\/06\/WhatsApp-Image-2024-06-05-at-21748-PM-1024x768.webp\" class=\"attachment-large size-large wp-image-6839\" alt=\"Manos sobre el coraz\u00f3n en acto c\u00edvico con banderas de EE.UU. y participaci\u00f3n de diversas comunidades migrantes en evento oficial.\" srcset=\"https:\/\/soymigrante.com\/revista\/wp-content\/uploads\/2024\/06\/WhatsApp-Image-2024-06-05-at-21748-PM-1024x768.webp 1024w, https:\/\/soymigrante.com\/revista\/wp-content\/uploads\/2024\/06\/WhatsApp-Image-2024-06-05-at-21748-PM-300x225.webp 300w, https:\/\/soymigrante.com\/revista\/wp-content\/uploads\/2024\/06\/WhatsApp-Image-2024-06-05-at-21748-PM-768x576.webp 768w, https:\/\/soymigrante.com\/revista\/wp-content\/uploads\/2024\/06\/WhatsApp-Image-2024-06-05-at-21748-PM-1536x1152.webp 1536w, https:\/\/soymigrante.com\/revista\/wp-content\/uploads\/2024\/06\/WhatsApp-Image-2024-06-05-at-21748-PM-750x563.webp 750w, https:\/\/soymigrante.com\/revista\/wp-content\/uploads\/2024\/06\/WhatsApp-Image-2024-06-05-at-21748-PM-1140x855.webp 1140w, https:\/\/soymigrante.com\/revista\/wp-content\/uploads\/2024\/06\/WhatsApp-Image-2024-06-05-at-21748-PM.webp 1600w\" sizes=\"(max-width: 1024px) 100vw, 1024px\" \/>\n            <\/div>\n        <\/div><div class=\"eael-entry-wrapper\"><header class=\"eael-entry-header\"><h2 class=\"eael-entry-title\"><a class=\"eael-grid-post-link\" href=\"https:\/\/soymigrante.com\/revista\/como-saber-si-soy-elegible-para-una-residencia-permanente-en-usa\/\" title=\"\u00bfC\u00f3mo saber si soy elegible para una Residencia Permanente en USA?\">\u00bfC\u00f3mo saber si soy elegible para una Residencia Permanente en USA?<\/a><\/h2><\/header><div class=\"eael-entry-content\">\n                        <div class=\"eael-grid-post-excerpt\"><a href=\"https:\/\/soymigrante.com\/revista\/como-saber-si-soy-elegible-para-una-residencia-permanente-en-usa\/\" class=\"eael-post-elements-readmore-btn\">CONOCE SU HISTORIA <\/a><\/div>\n                    <\/div><\/div><\/div>\n        <\/div>\n    <\/article><article class=\"eael-grid-post  eael-post-grid-column eael-pg-post-35931 category-lugar-de-voces\" data-id=\"35931\">\n        <div class=\"eael-grid-post-holder\">\n            <div class=\"eael-grid-post-holder-inner\"><div class=\"eael-entry-media\"><div class=\"eael-entry-overlay fade-in\"><i class=\"far fa-hand-pointer\" aria-hidden=\"true\"><\/i><a href=\"https:\/\/soymigrante.com\/revista\/migrante-guatemalteco-cesar-reyes-sin-antecedentes-deportado-video-explico-nino\/\"><\/a><\/div><div class=\"eael-entry-thumbnail eael-image-ratio\">\n                <img loading=\"lazy\" decoding=\"async\" width=\"464\" height=\"464\" src=\"https:\/\/soymigrante.com\/revista\/wp-content\/uploads\/2025\/06\/cesar-reyes-migrante-deportado.webp\" class=\"attachment-large size-large wp-image-35932\" alt=\"Joven hablando en video, expresi\u00f3n facial seria y ambiente informal, posible contenido de opini\u00f3n o testimonio en idioma espa\u00f1ol.\" srcset=\"https:\/\/soymigrante.com\/revista\/wp-content\/uploads\/2025\/06\/cesar-reyes-migrante-deportado.webp 464w, https:\/\/soymigrante.com\/revista\/wp-content\/uploads\/2025\/06\/cesar-reyes-migrante-deportado-300x300.png 300w, https:\/\/soymigrante.com\/revista\/wp-content\/uploads\/2025\/06\/cesar-reyes-migrante-deportado-150x150.png 150w, https:\/\/soymigrante.com\/revista\/wp-content\/uploads\/2025\/06\/cesar-reyes-migrante-deportado-75x75.webp 75w\" sizes=\"(max-width: 464px) 100vw, 464px\" \/>\n            <\/div>\n        <\/div><div class=\"eael-entry-wrapper\"><header class=\"eael-entry-header\"><h2 class=\"eael-entry-title\"><a class=\"eael-grid-post-link\" href=\"https:\/\/soymigrante.com\/revista\/migrante-guatemalteco-cesar-reyes-sin-antecedentes-deportado-video-explico-nino\/\" title=\"\u201c\u00bfC\u00f3mo se lo explico a mi ni\u00f1o de 3 a\u00f1os?\u201d: migrante guatemalteco C\u00e9sar Reyes, sin antecedentes, deportado.\">\u201c\u00bfC\u00f3mo se lo explico a mi ni\u00f1o de 3 a\u00f1os?\u201d: migrante guatemalteco C\u00e9sar Reyes, sin antecedentes, deportado.<\/a><\/h2><\/header><div class=\"eael-entry-content\">\n                        <div class=\"eael-grid-post-excerpt\"><a href=\"https:\/\/soymigrante.com\/revista\/migrante-guatemalteco-cesar-reyes-sin-antecedentes-deportado-video-explico-nino\/\" class=\"eael-post-elements-readmore-btn\">CONOCE SU HISTORIA <\/a><\/div>\n                    <\/div><\/div><\/div>\n        <\/div>\n    <\/article><\/div>\n            <div class=\"clearfix\"><\/div>\n        <\/div>\t\t\t\t<\/div>\n\t\t\t\t\t<\/div>\n\t\t\t\t<\/div>\n\t\t\t\t<\/div>\n\t\t","protected":false},"excerpt":{"rendered":"<p>El Servicio de Inmigraci\u00f3n y Ciudadan\u00eda de Estados Unidos (USCIS) anunci\u00f3 para 2026 la vigencia de nuevos requerimientos y condiciones de verificaci\u00f3n para otorgar y mantener residencias permanentes (o Green Card) obtenidas por matrimonio con estadounidenses. El Servicio de Ciudadan\u00eda e Inmigraci\u00f3n de Estados Unidos (USCIS) puso en marcha en enero de 2026 un conjunto [&hellip;]<\/p>\n","protected":false},"author":1,"featured_media":51001,"comment_status":"open","ping_status":"open","sticky":false,"template":"","format":"standard","meta":{"_acf_changed":false,"_eb_attr":"","footnotes":""},"categories":[59],"tags":[],"class_list":["post-51000","post","type-post","status-publish","format-standard","has-post-thumbnail","hentry","category-recursos-migratorios"],"acf":[],"aioseo_notices":[],"aioseo_head":"\n\t\t<!-- All in One SEO Pro 4.9.6.2 - aioseo.com -->\n\t<meta name=\"description\" content=\"\u00bfC\u00f3mo se lo explico a mi ni\u00f1o de 3 a\u00f1os?: migrante guatemalteco C\u00e9sar Reyes sobre su deportaci\u00f3n s\u00fabita tras cita migratoria en Oklahoma. Fue separado de su esposa e hijo.\" \/>\n\t<meta name=\"robots\" content=\"max-snippet:-1, max-image-preview:large, max-video-preview:-1\" \/>\n\t<meta name=\"author\" content=\"SoyMigrante.com REVISTA\"\/>\n\t<link rel=\"canonical\" href=\"https:\/\/soymigrante.com\/revista\/migrante-guatemalteco-cesar-reyes-sin-antecedentes-deportado-video-explico-nino\/\" \/>\n\t<meta name=\"generator\" content=\"All in One SEO Pro (AIOSEO) 4.9.6.2\" \/>\n\n\t\t<link rel=\"preconnect\" href=\"https:\/\/fonts.googleapis.com\" crossorigin>\n<link rel=\"preconnect\" href=\"https:\/\/fonts.gstatic.com\" crossorigin>\n\t\t<meta property=\"og:locale\" content=\"es_ES\" \/>\n\t\t<meta property=\"og:site_name\" content=\"SoyMigrante.com REVISTA \u2013 Nuestra misi\u00f3n es reconocer y dignificar al migrante.\" \/>\n\t\t<meta property=\"og:type\" content=\"article\" \/>\n\t\t<meta property=\"og:title\" content=\"Migrante guatemalteco sin antecedentes relata deportaci\u00f3n s\u00fabita\" \/>\n\t\t<meta property=\"og:description\" content=\"\u00bfC\u00f3mo se lo explico a mi ni\u00f1o de 3 a\u00f1os?: migrante guatemalteco C\u00e9sar Reyes sobre su deportaci\u00f3n s\u00fabita tras cita migratoria en Oklahoma. Fue separado de su esposa e hijo.\" \/>\n\t\t<meta property=\"og:url\" content=\"https:\/\/soymigrante.com\/revista\/migrante-guatemalteco-cesar-reyes-sin-antecedentes-deportado-video-explico-nino\/\" \/>\n\t\t<meta property=\"og:image\" content=\"https:\/\/soymigrante.com\/revista\/wp-content\/uploads\/2025\/06\/cesar-reyes-migrante-deportado.webp\" \/>\n\t\t<meta property=\"og:image:secure_url\" content=\"https:\/\/soymigrante.com\/revista\/wp-content\/uploads\/2025\/06\/cesar-reyes-migrante-deportado.webp\" \/>\n\t\t<meta property=\"og:image:width\" content=\"464\" \/>\n\t\t<meta property=\"og:image:height\" content=\"464\" \/>\n\t\t<meta property=\"article:published_time\" content=\"2025-06-10T00:01:30+00:00\" \/>\n\t\t<meta property=\"article:modified_time\" content=\"2025-06-10T00:16:46+00:00\" \/>\n\t\t<meta property=\"article:publisher\" content=\"https:\/\/www.facebook.com\/soymigrantecom\" \/>\n\t\t<meta name=\"twitter:card\" content=\"summary_large_image\" \/>\n\t\t<meta name=\"twitter:site\" content=\"@SoyMigrante_com\" \/>\n\t\t<meta name=\"twitter:title\" content=\"Migrante guatemalteco sin antecedentes relata deportaci\u00f3n s\u00fabita\" \/>\n\t\t<meta name=\"twitter:description\" content=\"\u00bfC\u00f3mo se lo explico a mi ni\u00f1o de 3 a\u00f1os?: migrante guatemalteco C\u00e9sar Reyes sobre su deportaci\u00f3n s\u00fabita tras cita migratoria en Oklahoma. Fue separado de su esposa e hijo.\" \/>\n\t\t<meta name=\"twitter:creator\" content=\"@SoyMigrante_com\" \/>\n\t\t<meta name=\"twitter:image\" content=\"https:\/\/soymigrante.com\/revista\/wp-content\/uploads\/2025\/06\/cesar-reyes-migrante-deportado.webp\" \/>\n\t\t<!-- All in One SEO Pro -->\r\n\t\t<title>Migrante guatemalteco sin antecedentes relata deportaci\u00f3n s\u00fabita<\/title>\n\n","aioseo_head_json":{"title":"Migrante guatemalteco sin antecedentes relata deportaci\u00f3n s\u00fabita","description":"\u00bfC\u00f3mo se lo explico a mi ni\u00f1o de 3 a\u00f1os?: migrante guatemalteco C\u00e9sar Reyes sobre su deportaci\u00f3n s\u00fabita tras cita migratoria en Oklahoma. Fue separado de su esposa e hijo.","canonical_url":"https:\/\/soymigrante.com\/revista\/migrante-guatemalteco-cesar-reyes-sin-antecedentes-deportado-video-explico-nino\/","robots":"max-snippet:-1, max-image-preview:large, max-video-preview:-1","keywords":"","webmasterTools":{"miscellaneous":"&lt;link rel=\"preconnect\" href=\"https:\/\/fonts.googleapis.com\" crossorigin&gt;\n&lt;link rel=\"preconnect\" href=\"https:\/\/fonts.gstatic.com\" crossorigin&gt;"},"schema":null,"og:locale":"es_ES","og:site_name":"SoyMigrante.com REVISTA \u2013 Nuestra misi\u00f3n es reconocer y dignificar al migrante.","og:type":"article","og:title":"Migrante guatemalteco sin antecedentes relata deportaci\u00f3n s\u00fabita","og:description":"\u00bfC\u00f3mo se lo explico a mi ni\u00f1o de 3 a\u00f1os?: migrante guatemalteco C\u00e9sar Reyes sobre su deportaci\u00f3n s\u00fabita tras cita migratoria en Oklahoma. Fue separado de su esposa e hijo.","og:url":"https:\/\/soymigrante.com\/revista\/migrante-guatemalteco-cesar-reyes-sin-antecedentes-deportado-video-explico-nino\/","og:image":"https:\/\/soymigrante.com\/revista\/wp-content\/uploads\/2025\/06\/cesar-reyes-migrante-deportado.webp","og:image:secure_url":"https:\/\/soymigrante.com\/revista\/wp-content\/uploads\/2025\/06\/cesar-reyes-migrante-deportado.webp","og:image:width":464,"og:image:height":464,"article:published_time":"2025-06-10T00:01:30+00:00","article:modified_time":"2025-06-10T00:16:46+00:00","article:publisher":"https:\/\/www.facebook.com\/soymigrantecom","twitter:card":"summary_large_image","twitter:site":"@SoyMigrante_com","twitter:title":"Migrante guatemalteco sin antecedentes relata deportaci\u00f3n s\u00fabita","twitter:description":"\u00bfC\u00f3mo se lo explico a mi ni\u00f1o de 3 a\u00f1os?: migrante guatemalteco C\u00e9sar Reyes sobre su deportaci\u00f3n s\u00fabita tras cita migratoria en Oklahoma. Fue separado de su esposa e hijo.","twitter:creator":"@SoyMigrante_com","twitter:image":"https:\/\/soymigrante.com\/revista\/wp-content\/uploads\/2025\/06\/cesar-reyes-migrante-deportado.webp"},"aioseo_meta_data":{"post_id":"51000","title":"Nuevos requisitos para residencia por matrimonio en USA en 2026","description":"La residencia por matrimonio con un ciudadano o ciudadana de Estados Unidos tendr\u00e1 mayores verificaciones y exigencias en 2026. Estos son esos requisitos.","keywords":null,"keyphrases":{"focus":{"keyphrase":"Residencia","score":100,"analysis":{"keyphraseInTitle":{"score":9,"maxScore":9,"error":0},"keyphraseInDescription":{"score":9,"maxScore":9,"error":0},"keyphraseLength":{"score":9,"maxScore":9,"error":0,"length":1},"keyphraseInURL":{"score":5,"maxScore":5,"error":0}}},"additional":[{"keyphrase":"Matrimonio","score":100,"analysis":{"keyphraseInDescription":{"score":9,"maxScore":9,"error":0},"keyphraseLength":{"score":9,"maxScore":9,"error":0,"length":1}}}]},"primary_term":null,"canonical_url":null,"og_title":null,"og_description":null,"og_object_type":"default","og_image_type":"default","og_image_url":null,"og_image_width":null,"og_image_height":null,"og_image_custom_url":null,"og_image_custom_fields":null,"og_video":"","og_custom_url":null,"og_article_section":null,"og_article_tags":null,"twitter_use_og":false,"twitter_card":"default","twitter_image_type":"default","twitter_image_url":null,"twitter_image_custom_url":null,"twitter_image_custom_fields":null,"twitter_title":null,"twitter_description":null,"schema":{"blockGraphs":[],"customGraphs":[],"default":{"data":{"Article":[],"Course":[],"Dataset":[],"FAQPage":[],"Movie":[],"Person":[],"Product":[],"ProductReview":[],"Car":[],"Recipe":[],"Service":[],"SoftwareApplication":[],"WebPage":[]},"graphName":"NewsArticle","isEnabled":true},"graphs":[]},"schema_type":"default","schema_type_options":null,"pillar_content":false,"robots_default":true,"robots_noindex":false,"robots_noarchive":false,"robots_nosnippet":false,"robots_nofollow":false,"robots_noimageindex":false,"robots_noodp":false,"robots_notranslate":false,"robots_max_snippet":"-1","robots_max_videopreview":"-1","robots_max_imagepreview":"large","priority":null,"frequency":"default","local_seo":null,"seo_analyzer_scan_date":"2026-02-24 18:42:59","breadcrumb_settings":null,"limit_modified_date":false,"reviewed_by":"0","open_ai":null,"ai":{"faqs":[],"keyPoints":[],"titles":[],"descriptions":[],"socialPosts":{"email":[],"linkedin":[],"twitter":[],"facebook":[],"instagram":[]}},"created":"2026-01-14 15:14:31","updated":"2026-02-24 18:42:59"},"aioseo_breadcrumb":"<div class=\"aioseo-breadcrumbs\"><span class=\"aioseo-breadcrumb\">\n\t<a href=\"https:\/\/soymigrante.com\/revista\" title=\"Home\">Home<\/a>\n<\/span><span class=\"aioseo-breadcrumb-separator\">\u00bb<\/span><span class=\"aioseo-breadcrumb\">\n\t<a href=\"https:\/\/soymigrante.com\/revista\/category\/recursos-migratorios\/\" title=\"Recursos Migratorios\">Recursos Migratorios<\/a>\n<\/span><span class=\"aioseo-breadcrumb-separator\">\u00bb<\/span><span class=\"aioseo-breadcrumb\">\n\t\u00bfQu\u00e9 nuevas exigencias tendr\u00e1 la residencia legal o green card por matrimonio en Estados Unidos?\n<\/span><\/div>","aioseo_breadcrumb_json":[{"label":"Home","link":"https:\/\/soymigrante.com\/revista"},{"label":"Recursos Migratorios","link":"https:\/\/soymigrante.com\/revista\/category\/recursos-migratorios\/"},{"label":"\u00bfQu\u00e9 nuevas exigencias tendr\u00e1 la residencia legal o green card por matrimonio en Estados Unidos?","link":"https:\/\/soymigrante.com\/revista\/que-nuevas-exigencias-tendra-la-residencia-legal-o-green-card-por-matrimonio-en-estados-unidos\/"}],"_links":{"self":[{"href":"https:\/\/soymigrante.com\/revista\/wp-json\/wp\/v2\/posts\/51000","targetHints":{"allow":["GET"]}}],"collection":[{"href":"https:\/\/soymigrante.com\/revista\/wp-json\/wp\/v2\/posts"}],"about":[{"href":"https:\/\/soymigrante.com\/revista\/wp-json\/wp\/v2\/types\/post"}],"author":[{"embeddable":true,"href":"https:\/\/soymigrante.com\/revista\/wp-json\/wp\/v2\/users\/1"}],"replies":[{"embeddable":true,"href":"https:\/\/soymigrante.com\/revista\/wp-json\/wp\/v2\/comments?post=51000"}],"version-history":[{"count":10,"href":"https:\/\/soymigrante.com\/revista\/wp-json\/wp\/v2\/posts\/51000\/revisions"}],"predecessor-version":[{"id":51014,"href":"https:\/\/soymigrante.com\/revista\/wp-json\/wp\/v2\/posts\/51000\/revisions\/51014"}],"wp:featuredmedia":[{"embeddable":true,"href":"https:\/\/soymigrante.com\/revista\/wp-json\/wp\/v2\/media\/51001"}],"wp:attachment":[{"href":"https:\/\/soymigrante.com\/revista\/wp-json\/wp\/v2\/media?parent=51000"}],"wp:term":[{"taxonomy":"category","embeddable":true,"href":"https:\/\/soymigrante.com\/revista\/wp-json\/wp\/v2\/categories?post=51000"},{"taxonomy":"post_tag","embeddable":true,"href":"https:\/\/soymigrante.com\/revista\/wp-json\/wp\/v2\/tags?post=51000"}],"curies":[{"name":"wp","href":"https:\/\/api.w.org\/{rel}","templated":true}]}}