{"id":50988,"date":"2026-01-14T06:24:46","date_gmt":"2026-01-14T12:24:46","guid":{"rendered":"https:\/\/soymigrante.com\/revista\/?p=50988"},"modified":"2026-01-14T06:24:56","modified_gmt":"2026-01-14T12:24:56","slug":"primer-ano-segundo-periodo-trump-agresivo-giro-politicas-antimigrantes-migration-policy-institute-analisis-2025","status":"publish","type":"post","link":"https:\/\/soymigrante.com\/revista\/primer-ano-segundo-periodo-trump-agresivo-giro-politicas-antimigrantes-migration-policy-institute-analisis-2025\/","title":{"rendered":"Agresivo giro en pol\u00edticas antimigrantes en un a\u00f1o del segundo t\u00e9rmino Trump: analiza Migration Policy Institute"},"content":{"rendered":"\t\t<div data-elementor-type=\"wp-post\" data-elementor-id=\"50988\" class=\"elementor elementor-50988\" data-elementor-post-type=\"post\">\n\t\t\t\t<div data-particle_enable=\"false\" data-particle-mobile-disabled=\"false\" class=\"elementor-element elementor-element-a4a8729 e-flex e-con-boxed e-con e-parent\" data-id=\"a4a8729\" data-element_type=\"container\" data-e-type=\"container\">\n\t\t\t\t\t<div class=\"e-con-inner\">\n\t\t\t\t<div class=\"elementor-element elementor-element-6058d65 elementor-widget elementor-widget-heading\" data-id=\"6058d65\" data-element_type=\"widget\" data-e-type=\"widget\" data-widget_type=\"heading.default\">\n\t\t\t\t\t<h2 class=\"elementor-heading-title elementor-size-default\">Multiplicaci\u00f3n de acciones antimigrantes en el primer primer a\u00f1o del segundo gobierno de Donald Trump describe an\u00e1lisis de Migration Policy Institute.<\/h2>\t\t\t\t<\/div>\n\t\t\t\t\t<\/div>\n\t\t\t\t<\/div>\n\t\t<div data-particle_enable=\"false\" data-particle-mobile-disabled=\"false\" class=\"elementor-element elementor-element-603ed16 e-flex e-con-boxed e-con e-parent\" data-id=\"603ed16\" data-element_type=\"container\" data-e-type=\"container\">\n\t\t\t\t\t<div class=\"e-con-inner\">\n\t\t\t\t<div class=\"elementor-element elementor-element-858cb01 elementor-widget elementor-widget-text-editor\" data-id=\"858cb01\" data-element_type=\"widget\" data-e-type=\"widget\" data-widget_type=\"text-editor.default\">\n\t\t\t\t\t\t\t\t\t<p><span style=\"color: #7a7a7a;\">La inmigraci\u00f3n volvi\u00f3 a ocupar un lugar central en la agenda de Donald Trump durante el primer a\u00f1o de su segundo mandato. De acuerdo con el informe <\/span><em style=\"color: #7a7a7a;\" data-start=\"517\" data-end=\"591\">Unleashing Power in New Ways: Immigration in the First Year of Trump 2.0 (Poder desatado en nuevas formas: Migraci\u00f3n en el primer a\u00f1o de Trump 2.0)&nbsp;<\/em><span style=\"color: #7a7a7a;\">del Migration Policy Institute (MPI), la administraci\u00f3n impuls\u00f3 \u201c<a href=\"https:\/\/soymigrante.com\/revista\/operativos-antimaras-en-usa-se-utilizan-para-detener-migrantes-sin-antecedentes-cuestiona-insight-crime\/\">cambios radicales<\/a> en la pol\u00edtica migratoria, sin precedentes en su amplitud y alcance\u201d, con efectos que se proyectar\u00e1n durante a\u00f1os en la sociedad, la econom\u00eda y la posici\u00f3n global de Estados Unidos.<\/span><\/p>\n<p data-start=\"859\" data-end=\"1147\">El an\u00e1lisis se\u00f1ala que, aunque algunos esfuerzos no han alcanzado los ambiciosos objetivos de la Casa Blanca, el giro ha sido \u201cvertiginoso en su alcance y velocidad\u201d, apoyado por una mayor\u00eda republicana en el Congreso. En la sociedad el gobierno mantiene apoyos, pero tambi\u00e9n hay sectores como la <a href=\"https:\/\/soymigrante.com\/revista\/contundente-mensaje-en-defensa-de-los-migrantes-emiten-los-obispos-catolicos-de-estados-unidos\/\">Iglesia Cat\u00f3lica que han llamado a evitar la separaci\u00f3n de familias o el uso de fuerza excesivo.<\/a><\/p>\n<p data-start=\"859\" data-end=\"1147\">El an\u00e1lisis completo, en ingl\u00e9s, puede ser le\u00eddo <a href=\"https:\/\/www.migrationpolicy.org\/article\/trump-2-immigration-1st-year?eType=EmailBlastContent&amp;eId=7722a5d2-72e5-44ae-bb07-c6b48bc5ce73\">aqu\u00ed.<\/a> Fue elaborado por Muzaffar Chishti, Kathleen Bush-Joseph y&nbsp; Colleen Putzel-Kava.<font color=\"#333333\" face=\"Neuton, Georgia\"><span style=\"font-size: 18px;\">&nbsp;<\/span><\/font><\/p>\n<h3 data-start=\"1154\" data-end=\"1207\">1. Inmigraci\u00f3n como eje pol\u00edtico del segundo mandato<\/h3>\n<p data-start=\"1209\" data-end=\"1604\">Seg\u00fan el MPI, Trump regres\u00f3 al poder tras haber hecho campa\u00f1a y ganado la reelecci\u00f3n con la inmigraci\u00f3n como tema central. Desde los primeros d\u00edas, la administraci\u00f3n <a href=\"https:\/\/soymigrante.com\/revista\/operativos-antimaras-en-usa-se-utilizan-para-detener-migrantes-sin-antecedentes-cuestiona-insight-crime\/\">promovi\u00f3 pol\u00edticas<\/a> que han hecho a Estados Unidos \u201cm\u00e1s hostil hacia los migrantes no autorizados\u201d y que han alterado el trato del gobierno hacia \u201clos inmigrantes de todos los estatus legales y las comunidades en las que viven\u201d.<\/p>\n<p data-start=\"1606\" data-end=\"1824\">El instituto advierte que el impacto no se limita a la aplicaci\u00f3n de la ley, sino que alcanza \u201ca las personas, las familias, los lugares de trabajo, las perspectivas econ\u00f3micas generales del pa\u00eds y su posici\u00f3n global\u201d.<\/p>\t\t\t\t\t\t\t\t<\/div>\n\t\t\t\t\t<\/div>\n\t\t\t\t<\/div>\n\t\t<div data-particle_enable=\"false\" data-particle-mobile-disabled=\"false\" class=\"elementor-element elementor-element-3108d5d e-flex e-con-boxed e-con e-parent\" data-id=\"3108d5d\" data-element_type=\"container\" data-e-type=\"container\">\n\t\t\t\t\t<div class=\"e-con-inner\">\n\t\t\t\t<div class=\"elementor-element elementor-element-e76756c elementor-widget elementor-widget-image\" data-id=\"e76756c\" data-element_type=\"widget\" data-e-type=\"widget\" data-widget_type=\"image.default\">\n\t\t\t\t\t\t\t\t\t\t\t\t<figure class=\"wp-caption\">\n\t\t\t\t\t\t\t\t\t\t<img fetchpriority=\"high\" decoding=\"async\" width=\"820\" height=\"865\" src=\"https:\/\/soymigrante.com\/revista\/wp-content\/uploads\/2026\/01\/redadas-migrantes-primer-ano-trump-1.png\" class=\"attachment-large size-large wp-image-50994\" alt=\"El aumento de agentes federales migratorios y de operativos, sobre todo en ciudades de gobiernos dem\u00f3cratas es uno de los indicadores del giro en la pol\u00edtica migratoria en el segundo t\u00e9rmino de Donald Trump. (Captura de pantalla de video de un operativo en Oregon)\" srcset=\"https:\/\/soymigrante.com\/revista\/wp-content\/uploads\/2026\/01\/redadas-migrantes-primer-ano-trump-1.png 820w, https:\/\/soymigrante.com\/revista\/wp-content\/uploads\/2026\/01\/redadas-migrantes-primer-ano-trump-1-284x300.png 284w, https:\/\/soymigrante.com\/revista\/wp-content\/uploads\/2026\/01\/redadas-migrantes-primer-ano-trump-1-768x810.png 768w, https:\/\/soymigrante.com\/revista\/wp-content\/uploads\/2026\/01\/redadas-migrantes-primer-ano-trump-1-750x791.png 750w\" sizes=\"(max-width: 820px) 100vw, 820px\" title=\"El aumento de agentes federales migratorios y de operativos, sobre todo en ciudades de gobiernos dem\u00f3cratas es uno de los indicadores del giro en la pol\u00edtica migratoria en el segundo t\u00e9rmino de Donald Trump. (Captura de pantalla de video de un operativo en Oregon) \u2013 SoyMigrante.com REVISTA\" \/>\t\t\t\t\t\t\t\t\t\t\t<figcaption class=\"widget-image-caption wp-caption-text\">El aumento de agentes federales migratorios y de operativos, sobre todo en ciudades de gobiernos dem\u00f3cratas es uno de los indicadores del giro en la pol\u00edtica migratoria en el segundo t\u00e9rmino de Donald Trump. (Captura de pantalla de video de un operativo en Oregon)<\/figcaption>\n\t\t\t\t\t\t\t\t\t\t<\/figure>\n\t\t\t\t\t\t\t\t\t<\/div>\n\t\t\t\t\t<\/div>\n\t\t\t\t<\/div>\n\t\t<div data-particle_enable=\"false\" data-particle-mobile-disabled=\"false\" class=\"elementor-element elementor-element-8273496 e-flex e-con-boxed e-con e-parent\" data-id=\"8273496\" data-element_type=\"container\" data-e-type=\"container\">\n\t\t\t\t\t<div class=\"e-con-inner\">\n\t\t\t\t<div class=\"elementor-element elementor-element-e73bf73 elementor-widget elementor-widget-text-editor\" data-id=\"e73bf73\" data-element_type=\"widget\" data-e-type=\"widget\" data-widget_type=\"text-editor.default\">\n\t\t\t\t\t\t\t\t\t<p><span style=\"color: #000000; font-family: Mulish, sans-serif; font-size: 29px; font-weight: bold;\">2. Reestructuraci\u00f3n del aparato estatal y disuasi\u00f3n migratoria<\/span><\/p><p data-start=\"1896\" data-end=\"2284\">El informe documenta una \u201crestructuraci\u00f3n dr\u00e1stica de la maquinaria gubernamental\u201d para combatir la inmigraci\u00f3n irregular. Entre los objetivos centrales figuran disuadir las llegadas no autorizadas a la frontera, debilitar la situaci\u00f3n de inmigrantes con residencia legal y \u201cimponer obst\u00e1culos a la entrada legal de grandes franjas de viajeros internacionales y aspirantes a inmigrantes\u201d.<\/p><p data-start=\"2286\" data-end=\"2514\">El MPI se\u00f1ala que estas decisiones podr\u00edan \u201csentar las bases para una reducci\u00f3n de la inmigraci\u00f3n familiar, humanitaria y laboral\u201d en los pr\u00f3ximos a\u00f1os, con implicaciones de largo plazo para la demograf\u00eda y la econom\u00eda del pa\u00eds.<\/p><h3 data-start=\"2521\" data-end=\"2588\">3. Deportaci\u00f3n masiva y militarizaci\u00f3n de la aplicaci\u00f3n migratoria<\/h3><p data-start=\"2590\" data-end=\"2933\">Para avanzar en la meta de deportaciones a gran escala, la Casa Blanca, bajo la influencia del asesor Stephen Miller, recurri\u00f3 a \u201cestatutos viejos\u201d, involucr\u00f3 a fuerzas del orden estatales y locales y a agencias federales sin historial en la aplicaci\u00f3n de leyes migratorias, adem\u00e1s de presionar a gobiernos extranjeros para aceptar deportados.<\/p><p data-start=\"2935\" data-end=\"3446\">Uno de los aspectos m\u00e1s visibles ha sido la \u201cmilitarizaci\u00f3n de la aplicaci\u00f3n de la ley migratoria\u201d. El MPI describe escenas de \u201ctropas y agentes federales enmascarados recorriendo las calles\u201d, uso de \u201cgases lacrim\u00f3genos\u201d y episodios de sometimiento \u201cviolento, e incluso mortal\u201d. Estas im\u00e1genes, se\u00f1ala el informe, han atra\u00eddo atenci\u00f3n internacional y han modificado la vida cotidiana, al punto de que algunos ciudadanos estadounidenses \u201cse sienten obligados a llevar consigo una identificaci\u00f3n en todo momento\u201d.<\/p><h3 data-start=\"3453\" data-end=\"3514\">4. Gobierno por decretos y uso intensivo de \u00f3rdenes ejecutivas presidenciales.<\/h3><p data-start=\"3516\" data-end=\"3861\">El documento destaca que el gobierno se ha apoyado principalmente en acciones ejecutivas. Hasta el 7 de enero, Trump hab\u00eda firmado \u201c38 \u00f3rdenes ejecutivas relacionadas con la inmigraci\u00f3n\u201d, cerca del 17 % del total de \u00f3rdenes emitidas durante su primer a\u00f1o de mandato, una cifra que supera las firmadas durante todo su primer periodo presidencial.<\/p><p data-start=\"3863\" data-end=\"4120\">Adem\u00e1s, el MPI estima que la administraci\u00f3n adopt\u00f3 \u201cm\u00e1s de 500 medidas en materia de inmigraci\u00f3n\u201d en solo un a\u00f1o, superando las 472 registradas durante los cuatro a\u00f1os del primer mandato, mediante proclamaciones presidenciales y directrices administrativas.<\/p>\t\t\t\t\t\t\t\t<\/div>\n\t\t\t\t\t<\/div>\n\t\t\t\t<\/div>\n\t\t<div data-particle_enable=\"false\" data-particle-mobile-disabled=\"false\" class=\"elementor-element elementor-element-bd33aff e-flex e-con-boxed e-con e-parent\" data-id=\"bd33aff\" data-element_type=\"container\" data-e-type=\"container\">\n\t\t\t\t\t<div class=\"e-con-inner\">\n\t\t\t\t<div class=\"elementor-element elementor-element-0b36109 elementor-grid-eael-col-1 elementor-grid-tablet-eael-col-2 elementor-grid-mobile-eael-col-1 elementor-widget elementor-widget-eael-post-grid\" data-id=\"0b36109\" data-element_type=\"widget\" data-e-type=\"widget\" data-settings=\"{&quot;eael_post_grid_columns&quot;:&quot;eael-col-1&quot;,&quot;eael_post_grid_columns_tablet&quot;:&quot;eael-col-2&quot;,&quot;eael_post_grid_columns_mobile&quot;:&quot;eael-col-1&quot;}\" data-widget_type=\"eael-post-grid.default\">\n\t\t\t\t\t<div id=\"eael-post-grid-0b36109\" class=\"eael-post-grid-container\">\n            <div class=\"eael-post-grid eael-post-appender eael-post-appender-0b36109 eael-post-grid-style-one\" data-layout-mode=\"masonry\"><article class=\"eael-grid-post  eael-post-grid-column eael-pg-post-48623 category-noticias\" data-id=\"48623\">\n        <div class=\"eael-grid-post-holder\">\n            <div class=\"eael-grid-post-holder-inner\"><div class=\"eael-entry-media\"><div class=\"eael-entry-overlay fade-in\"><i class=\"far fa-hand-pointer\" aria-hidden=\"true\"><\/i><a href=\"https:\/\/soymigrante.com\/revista\/contundente-mensaje-en-defensa-de-los-migrantes-emiten-los-obispos-catolicos-de-estados-unidos\/\"><\/a><\/div><div class=\"eael-entry-thumbnail eael-image-ratio\">\n                <img decoding=\"async\" width=\"1024\" height=\"1024\" src=\"https:\/\/soymigrante.com\/revista\/wp-content\/uploads\/2025\/11\/obispos-usa-cuadrado-1024x1024.jpg\" class=\"attachment-large size-large wp-image-48624\" alt=\"Conferencia general de obispos de Estados Unidos en Baltimore noviembre de 2025\" srcset=\"https:\/\/soymigrante.com\/revista\/wp-content\/uploads\/2025\/11\/obispos-usa-cuadrado-1024x1024.jpg 1024w, https:\/\/soymigrante.com\/revista\/wp-content\/uploads\/2025\/11\/obispos-usa-cuadrado-300x300.jpg 300w, https:\/\/soymigrante.com\/revista\/wp-content\/uploads\/2025\/11\/obispos-usa-cuadrado-150x150.jpg 150w, https:\/\/soymigrante.com\/revista\/wp-content\/uploads\/2025\/11\/obispos-usa-cuadrado-768x768.jpg 768w, https:\/\/soymigrante.com\/revista\/wp-content\/uploads\/2025\/11\/obispos-usa-cuadrado-75x75.jpg 75w, https:\/\/soymigrante.com\/revista\/wp-content\/uploads\/2025\/11\/obispos-usa-cuadrado-750x750.jpg 750w, https:\/\/soymigrante.com\/revista\/wp-content\/uploads\/2025\/11\/obispos-usa-cuadrado-1140x1140.jpg 1140w, https:\/\/soymigrante.com\/revista\/wp-content\/uploads\/2025\/11\/obispos-usa-cuadrado.jpg 1365w\" sizes=\"(max-width: 1024px) 100vw, 1024px\" \/>\n            <\/div>\n        <\/div><div class=\"eael-entry-wrapper\"><header class=\"eael-entry-header\"><h2 class=\"eael-entry-title\"><a class=\"eael-grid-post-link\" href=\"https:\/\/soymigrante.com\/revista\/contundente-mensaje-en-defensa-de-los-migrantes-emiten-los-obispos-catolicos-de-estados-unidos\/\" title=\"Contundente mensaje en defensa de los migrantes emiten los obispos cat\u00f3licos de Estados Unidos\">Contundente mensaje en defensa de los migrantes emiten los obispos cat\u00f3licos de Estados Unidos<\/a><\/h2><\/header><div class=\"eael-entry-content\">\n                        <div class=\"eael-grid-post-excerpt\"><a href=\"https:\/\/soymigrante.com\/revista\/contundente-mensaje-en-defensa-de-los-migrantes-emiten-los-obispos-catolicos-de-estados-unidos\/\" class=\"eael-post-elements-readmore-btn\">CONOCE SU HISTORIA <\/a><\/div>\n                    <\/div><\/div><\/div>\n        <\/div>\n    <\/article><\/div>\n            <div class=\"clearfix\"><\/div>\n        <\/div>\t\t\t\t<\/div>\n\t\t\t\t\t<\/div>\n\t\t\t\t<\/div>\n\t\t<div data-particle_enable=\"false\" data-particle-mobile-disabled=\"false\" class=\"elementor-element elementor-element-d2af6a7 e-flex e-con-boxed e-con e-parent\" data-id=\"d2af6a7\" data-element_type=\"container\" data-e-type=\"container\">\n\t\t\t\t\t<div class=\"e-con-inner\">\n\t\t\t\t<div class=\"elementor-element elementor-element-1dce1ee elementor-widget elementor-widget-text-editor\" data-id=\"1dce1ee\" data-element_type=\"widget\" data-e-type=\"widget\" data-widget_type=\"text-editor.default\">\n\t\t\t\t\t\t\t\t\t<p><span style=\"color: #000000; font-family: Mulish, sans-serif; font-size: 29px; font-weight: bold;\">5. Congreso republicano y Corte Suprema: respaldo pol\u00edtico con algunos l\u00edmites<\/span><\/p><p data-start=\"4196\" data-end=\"4501\">A diferencia de su primer gobierno, Trump ha contado con un Congreso y una Corte Suprema \u201cmucho m\u00e1s comprensivos\u201d. En julio, el Congreso, de mayor\u00eda republicana, asign\u00f3 al Departamento de Seguridad Nacional \u201c170 mil millones de d\u00f3lares\u201d para ampliar el sistema de detenci\u00f3n y deportaci\u00f3n, ya considerado \u201cel m\u00e1s grande del mundo\u201d.<\/p><p data-start=\"4503\" data-end=\"4875\">La Corte Suprema aval\u00f3 varias medidas de alto perfil, como la revocaci\u00f3n del Estatus de Protecci\u00f3n Temporal (TPS) para \u201cunos 600,000 venezolanos\u201d, aunque tambi\u00e9n <a href=\"https:\/\/soymigrante.com\/revista\/juez-federal-ordena-liberar-a-mas-de-600-migrantes-detenidos-en-chicago\/\">impuso l\u00edmites al impedir deportaciones<\/a> sin debido proceso y bloquear el despliegue de la Guardia Nacional en tareas migratorias. Otros temas, como la ciudadan\u00eda por nacimiento, siguen pendientes de resoluci\u00f3n.<\/p><h3 data-start=\"4882\" data-end=\"4937\">6. Frontera cerrada y ofensiva en el interior del pa\u00eds<\/h3><p data-start=\"4939\" data-end=\"5293\">Tras el endurecimiento del acceso al asilo, las llegadas no autorizadas a la frontera entre Estados Unidos y M\u00e9xico \u201cse desplomaron a los niveles m\u00e1s bajos desde la d\u00e9cada de 1970\u201d. Este descenso permiti\u00f3 a la administraci\u00f3n concentrarse en los inmigrantes que ya viven en el pa\u00eds, una poblaci\u00f3n estimada por el MPI en \u201c13.7 millones\u201d a mediados de 2023.<\/p><p data-start=\"5295\" data-end=\"5703\">Desde la toma de posesi\u00f3n, los arrestos del ICE \u201cse han m\u00e1s que cuadruplicado\u201d y la detenci\u00f3n diaria promedio \u201cse ha duplicado\u201d. El Departamento de Seguridad Nacional inform\u00f3 que \u201c622,000 no ciudadanos\u201d hab\u00edan sido deportados, una cifra elevada pero inferior a las \u201c778,000 repatriaciones\u201d del \u00faltimo a\u00f1o completo de la administraci\u00f3n Biden y muy por debajo de la meta de un mill\u00f3n anual prometida por Trump.<\/p><p data-start=\"5705\" data-end=\"5916\">El MPI subraya la falta de transparencia en los datos y se\u00f1ala que el gobierno no ha respaldado con cifras verificables la afirmaci\u00f3n de que \u201c1.9 millones\u201d de personas se autodeportaron durante el mismo periodo.<\/p><h3 data-start=\"5923\" data-end=\"5990\">\u00a0<\/h3>\t\t\t\t\t\t\t\t<\/div>\n\t\t\t\t\t<\/div>\n\t\t\t\t<\/div>\n\t\t<div data-particle_enable=\"false\" data-particle-mobile-disabled=\"false\" class=\"elementor-element elementor-element-74bb5ae e-flex e-con-boxed e-con e-parent\" data-id=\"74bb5ae\" data-element_type=\"container\" data-e-type=\"container\">\n\t\t\t\t\t<div class=\"e-con-inner\">\n\t\t\t\t<div class=\"elementor-element elementor-element-7f06b37 elementor-grid-eael-col-1 elementor-grid-tablet-eael-col-2 elementor-grid-mobile-eael-col-1 elementor-widget elementor-widget-eael-post-grid\" data-id=\"7f06b37\" data-element_type=\"widget\" data-e-type=\"widget\" data-settings=\"{&quot;eael_post_grid_columns&quot;:&quot;eael-col-1&quot;,&quot;eael_post_grid_columns_tablet&quot;:&quot;eael-col-2&quot;,&quot;eael_post_grid_columns_mobile&quot;:&quot;eael-col-1&quot;}\" data-widget_type=\"eael-post-grid.default\">\n\t\t\t\t\t<div id=\"eael-post-grid-7f06b37\" class=\"eael-post-grid-container\">\n            <div class=\"eael-post-grid eael-post-appender eael-post-appender-7f06b37 eael-post-grid-style-one\" data-layout-mode=\"masonry\"><article class=\"eael-grid-post  eael-post-grid-column eael-pg-post-35931 category-lugar-de-voces\" data-id=\"35931\">\n        <div class=\"eael-grid-post-holder\">\n            <div class=\"eael-grid-post-holder-inner\"><div class=\"eael-entry-media\"><div class=\"eael-entry-overlay fade-in\"><i class=\"far fa-hand-pointer\" aria-hidden=\"true\"><\/i><a href=\"https:\/\/soymigrante.com\/revista\/migrante-guatemalteco-cesar-reyes-sin-antecedentes-deportado-video-explico-nino\/\"><\/a><\/div><div class=\"eael-entry-thumbnail eael-image-ratio\">\n                <img decoding=\"async\" width=\"464\" height=\"464\" src=\"https:\/\/soymigrante.com\/revista\/wp-content\/uploads\/2025\/06\/cesar-reyes-migrante-deportado.webp\" class=\"attachment-large size-large wp-image-35932\" alt=\"Joven hablando en video, expresi\u00f3n facial seria y ambiente informal, posible contenido de opini\u00f3n o testimonio en idioma espa\u00f1ol.\" srcset=\"https:\/\/soymigrante.com\/revista\/wp-content\/uploads\/2025\/06\/cesar-reyes-migrante-deportado.webp 464w, https:\/\/soymigrante.com\/revista\/wp-content\/uploads\/2025\/06\/cesar-reyes-migrante-deportado-300x300.png 300w, https:\/\/soymigrante.com\/revista\/wp-content\/uploads\/2025\/06\/cesar-reyes-migrante-deportado-150x150.png 150w, https:\/\/soymigrante.com\/revista\/wp-content\/uploads\/2025\/06\/cesar-reyes-migrante-deportado-75x75.webp 75w\" sizes=\"(max-width: 464px) 100vw, 464px\" \/>\n            <\/div>\n        <\/div><div class=\"eael-entry-wrapper\"><header class=\"eael-entry-header\"><h2 class=\"eael-entry-title\"><a class=\"eael-grid-post-link\" href=\"https:\/\/soymigrante.com\/revista\/migrante-guatemalteco-cesar-reyes-sin-antecedentes-deportado-video-explico-nino\/\" title=\"\u201c\u00bfC\u00f3mo se lo explico a mi ni\u00f1o de 3 a\u00f1os?\u201d: migrante guatemalteco C\u00e9sar Reyes, sin antecedentes, deportado.\">\u201c\u00bfC\u00f3mo se lo explico a mi ni\u00f1o de 3 a\u00f1os?\u201d: migrante guatemalteco C\u00e9sar Reyes, sin antecedentes, deportado.<\/a><\/h2><\/header><div class=\"eael-entry-content\">\n                        <div class=\"eael-grid-post-excerpt\"><a href=\"https:\/\/soymigrante.com\/revista\/migrante-guatemalteco-cesar-reyes-sin-antecedentes-deportado-video-explico-nino\/\" class=\"eael-post-elements-readmore-btn\">CONOCE SU HISTORIA <\/a><\/div>\n                    <\/div><\/div><\/div>\n        <\/div>\n    <\/article><\/div>\n            <div class=\"clearfix\"><\/div>\n        <\/div>\t\t\t\t<\/div>\n\t\t\t\t\t<\/div>\n\t\t\t\t<\/div>\n\t\t<div data-particle_enable=\"false\" data-particle-mobile-disabled=\"false\" class=\"elementor-element elementor-element-0a58bfc e-flex e-con-boxed e-con e-parent\" data-id=\"0a58bfc\" data-element_type=\"container\" data-e-type=\"container\">\n\t\t\t\t\t<div class=\"e-con-inner\">\n\t\t\t\t<div class=\"elementor-element elementor-element-4ec7b1f elementor-widget elementor-widget-text-editor\" data-id=\"4ec7b1f\" data-element_type=\"widget\" data-e-type=\"widget\" data-widget_type=\"text-editor.default\">\n\t\t\t\t\t\t\t\t\t<p><span style=\"color: #000000; font-family: Mulish, sans-serif; font-size: 29px; font-weight: bold;\">7. Endurecimiento de exigencias contra la inmigraci\u00f3n legal y efectos econ\u00f3micos<\/span><\/p><p data-start=\"5992\" data-end=\"6312\">La pol\u00edtica restrictiva tambi\u00e9n ha alcanzado a inmigrantes con estatus legal y a quienes buscan ingresar de forma regular. El gobierno elimin\u00f3 protecciones temporales a \u201cm\u00e1s de 1.5 millones\u201d de personas en libertad condicional humanitaria, casi paraliz\u00f3 el reasentamiento de refugiados y restringi\u00f3 severamente el asilo.<\/p><p data-start=\"6314\" data-end=\"6609\">El MPI documenta adem\u00e1s obst\u00e1culos crecientes para la residencia permanente, visas temporales y ciudadan\u00eda, as\u00ed como la vigilancia de estudiantes y acad\u00e9micos internacionales por sus opiniones pol\u00edticas, revisiones exhaustivas de redes sociales e incrementos significativos en tarifas y fianzas.<\/p><p data-start=\"6611\" data-end=\"6893\">Seg\u00fan el informe, una inmigraci\u00f3n legal m\u00e1s lenta \u201cprobablemente afecte a los mercados laborales, las econom\u00edas locales y las perspectivas econ\u00f3micas generales\u201d, con se\u00f1ales de impacto negativo ya detectadas por la Oficina de Presupuesto del Congreso.<\/p>\t\t\t\t\t\t\t\t<\/div>\n\t\t\t\t\t<\/div>\n\t\t\t\t<\/div>\n\t\t<div data-particle_enable=\"false\" data-particle-mobile-disabled=\"false\" class=\"elementor-element elementor-element-944ad17 e-flex e-con-boxed e-con e-parent\" data-id=\"944ad17\" data-element_type=\"container\" data-e-type=\"container\">\n\t\t\t\t\t<div class=\"e-con-inner\">\n\t\t\t\t<div class=\"elementor-element elementor-element-58c8d5e elementor-widget elementor-widget-text-editor\" data-id=\"58c8d5e\" data-element_type=\"widget\" data-e-type=\"widget\" data-widget_type=\"text-editor.default\">\n\t\t\t\t\t\t\t\t\t<p><a href=\"https:\/\/www.migrationpolicy.org\/article\/trump-2-immigration-1st-year?eType=EmailBlastContent&amp;eId=7722a5d2-72e5-44ae-bb07-c6b48bc5ce73\">Migration Policy Institute es un centro de an\u00e1lisis e investigaci\u00f3n, no partidista, que se dedica a observar el fen\u00f3meno migratorio y los abordajes gubernamentales. Fue fundado en 2001. Si deseas ver el an\u00e1lisis completo, publicado en ingl\u00e9s, ir a este link<\/a><\/p>\t\t\t\t\t\t\t\t<\/div>\n\t\t\t\t\t<\/div>\n\t\t\t\t<\/div>\n\t\t<div data-particle_enable=\"false\" data-particle-mobile-disabled=\"false\" class=\"elementor-element elementor-element-6c26eba e-flex e-con-boxed e-con e-parent\" data-id=\"6c26eba\" data-element_type=\"container\" data-e-type=\"container\">\n\t\t\t\t\t<div class=\"e-con-inner\">\n\t\t\t\t<div class=\"elementor-element elementor-element-aa062ce elementor-widget elementor-widget-heading\" data-id=\"aa062ce\" data-element_type=\"widget\" data-e-type=\"widget\" data-widget_type=\"heading.default\">\n\t\t\t\t\t<h2 class=\"elementor-heading-title elementor-size-default\">Tambi\u00e9n podr\u00eda interesarte<\/h2>\t\t\t\t<\/div>\n\t\t\t\t\t<\/div>\n\t\t\t\t<\/div>\n\t\t<div data-particle_enable=\"false\" data-particle-mobile-disabled=\"false\" class=\"elementor-element elementor-element-4fff0a6 e-flex e-con-boxed e-con e-parent\" data-id=\"4fff0a6\" data-element_type=\"container\" data-e-type=\"container\">\n\t\t\t\t\t<div class=\"e-con-inner\">\n\t\t\t\t<div class=\"elementor-element elementor-element-bb93bd7 elementor-grid-eael-col-3 elementor-grid-tablet-eael-col-2 elementor-grid-mobile-eael-col-1 elementor-widget elementor-widget-eael-post-grid\" data-id=\"bb93bd7\" data-element_type=\"widget\" data-e-type=\"widget\" data-settings=\"{&quot;eael_post_grid_columns&quot;:&quot;eael-col-3&quot;,&quot;eael_post_grid_columns_tablet&quot;:&quot;eael-col-2&quot;,&quot;eael_post_grid_columns_mobile&quot;:&quot;eael-col-1&quot;}\" data-widget_type=\"eael-post-grid.default\">\n\t\t\t\t\t<div id=\"eael-post-grid-bb93bd7\" class=\"eael-post-grid-container\">\n            <div class=\"eael-post-grid eael-post-appender eael-post-appender-bb93bd7 eael-post-grid-style-one\" data-layout-mode=\"masonry\"><article class=\"eael-grid-post  eael-post-grid-column eael-pg-post-46871 category-noticias\" data-id=\"46871\">\n        <div class=\"eael-grid-post-holder\">\n            <div class=\"eael-grid-post-holder-inner\"><div class=\"eael-entry-media\"><div class=\"eael-entry-overlay fade-in\"><i class=\"far fa-hand-pointer\" aria-hidden=\"true\"><\/i><a href=\"https:\/\/soymigrante.com\/revista\/temor-a-redadas-en-usa-puede-poner-en-riesgo-a-madres-y-bebes\/\"><\/a><\/div><div class=\"eael-entry-thumbnail eael-image-ratio\">\n                <img loading=\"lazy\" decoding=\"async\" width=\"1024\" height=\"1024\" src=\"https:\/\/soymigrante.com\/revista\/wp-content\/uploads\/2025\/10\/tired-pregnant-woman-after-sports-exercise-aaspor-2025-03-16-12-23-00-utc-1024x1024.jpg\" class=\"attachment-large size-large wp-image-46891\" alt=\"mujer latina esperando bebe\" srcset=\"https:\/\/soymigrante.com\/revista\/wp-content\/uploads\/2025\/10\/tired-pregnant-woman-after-sports-exercise-aaspor-2025-03-16-12-23-00-utc-1024x1024.jpg 1024w, https:\/\/soymigrante.com\/revista\/wp-content\/uploads\/2025\/10\/tired-pregnant-woman-after-sports-exercise-aaspor-2025-03-16-12-23-00-utc-300x300.jpg 300w, https:\/\/soymigrante.com\/revista\/wp-content\/uploads\/2025\/10\/tired-pregnant-woman-after-sports-exercise-aaspor-2025-03-16-12-23-00-utc-150x150.jpg 150w, https:\/\/soymigrante.com\/revista\/wp-content\/uploads\/2025\/10\/tired-pregnant-woman-after-sports-exercise-aaspor-2025-03-16-12-23-00-utc-768x768.jpg 768w, https:\/\/soymigrante.com\/revista\/wp-content\/uploads\/2025\/10\/tired-pregnant-woman-after-sports-exercise-aaspor-2025-03-16-12-23-00-utc-75x75.jpg 75w, https:\/\/soymigrante.com\/revista\/wp-content\/uploads\/2025\/10\/tired-pregnant-woman-after-sports-exercise-aaspor-2025-03-16-12-23-00-utc-750x750.jpg 750w, https:\/\/soymigrante.com\/revista\/wp-content\/uploads\/2025\/10\/tired-pregnant-woman-after-sports-exercise-aaspor-2025-03-16-12-23-00-utc-1140x1140.jpg 1140w, https:\/\/soymigrante.com\/revista\/wp-content\/uploads\/2025\/10\/tired-pregnant-woman-after-sports-exercise-aaspor-2025-03-16-12-23-00-utc.jpg 1518w\" sizes=\"(max-width: 1024px) 100vw, 1024px\" \/>\n            <\/div>\n        <\/div><div class=\"eael-entry-wrapper\"><header class=\"eael-entry-header\"><h2 class=\"eael-entry-title\"><a class=\"eael-grid-post-link\" href=\"https:\/\/soymigrante.com\/revista\/temor-a-redadas-en-usa-puede-poner-en-riesgo-a-madres-y-bebes\/\" title=\"Temor a redadas en USA puede poner en riesgo a madres y beb\u00e9s\">Temor a redadas en USA puede poner en riesgo a madres y beb\u00e9s<\/a><\/h2><\/header><div class=\"eael-entry-content\">\n                        <div class=\"eael-grid-post-excerpt\"><a href=\"https:\/\/soymigrante.com\/revista\/temor-a-redadas-en-usa-puede-poner-en-riesgo-a-madres-y-bebes\/\" class=\"eael-post-elements-readmore-btn\">CONOCE SU HISTORIA <\/a><\/div>\n                    <\/div><\/div><\/div>\n        <\/div>\n    <\/article><article class=\"eael-grid-post  eael-post-grid-column eael-pg-post-48433 category-exitos-guatemala\" data-id=\"48433\">\n        <div class=\"eael-grid-post-holder\">\n            <div class=\"eael-grid-post-holder-inner\"><div class=\"eael-entry-media\"><div class=\"eael-entry-overlay fade-in\"><i class=\"far fa-hand-pointer\" aria-hidden=\"true\"><\/i><a href=\"https:\/\/soymigrante.com\/revista\/defiendo-a-mi-gente-cynthia-m-fernandez-abogada-migratoria-de-raiz-guatemalteca\/\"><\/a><\/div><div class=\"eael-entry-thumbnail eael-image-ratio\">\n                <img loading=\"lazy\" decoding=\"async\" width=\"822\" height=\"822\" src=\"https:\/\/soymigrante.com\/revista\/wp-content\/uploads\/2025\/11\/abogada-cinthia-mazariegos-guatemalteca-en-chicago-reu-law-firm-11.jpg\" class=\"attachment-large size-large wp-image-48434\" alt=\"abogada cinthia mazariegos guatemalteca en chicago reu law firm 11\" srcset=\"https:\/\/soymigrante.com\/revista\/wp-content\/uploads\/2025\/11\/abogada-cinthia-mazariegos-guatemalteca-en-chicago-reu-law-firm-11.jpg 822w, https:\/\/soymigrante.com\/revista\/wp-content\/uploads\/2025\/11\/abogada-cinthia-mazariegos-guatemalteca-en-chicago-reu-law-firm-11-300x300.jpg 300w, https:\/\/soymigrante.com\/revista\/wp-content\/uploads\/2025\/11\/abogada-cinthia-mazariegos-guatemalteca-en-chicago-reu-law-firm-11-150x150.jpg 150w, https:\/\/soymigrante.com\/revista\/wp-content\/uploads\/2025\/11\/abogada-cinthia-mazariegos-guatemalteca-en-chicago-reu-law-firm-11-768x768.jpg 768w, https:\/\/soymigrante.com\/revista\/wp-content\/uploads\/2025\/11\/abogada-cinthia-mazariegos-guatemalteca-en-chicago-reu-law-firm-11-75x75.jpg 75w, https:\/\/soymigrante.com\/revista\/wp-content\/uploads\/2025\/11\/abogada-cinthia-mazariegos-guatemalteca-en-chicago-reu-law-firm-11-750x750.jpg 750w\" sizes=\"(max-width: 822px) 100vw, 822px\" \/>\n            <\/div>\n        <\/div><div class=\"eael-entry-wrapper\"><header class=\"eael-entry-header\"><h2 class=\"eael-entry-title\"><a class=\"eael-grid-post-link\" href=\"https:\/\/soymigrante.com\/revista\/defiendo-a-mi-gente-cynthia-m-fernandez-abogada-migratoria-de-raiz-guatemalteca\/\" title=\"&#8220;Defiendo a mi gente&#8221;: Cynthia M. Fern\u00e1ndez, abogada migratoria en Chicago, de padres guatemaltecos.\">&#8220;Defiendo a mi gente&#8221;: Cynthia M. Fern\u00e1ndez, abogada migratoria en Chicago, de padres guatemaltecos.<\/a><\/h2><\/header><div class=\"eael-entry-content\">\n                        <div class=\"eael-grid-post-excerpt\"><a href=\"https:\/\/soymigrante.com\/revista\/defiendo-a-mi-gente-cynthia-m-fernandez-abogada-migratoria-de-raiz-guatemalteca\/\" class=\"eael-post-elements-readmore-btn\">CONOCE SU HISTORIA <\/a><\/div>\n                    <\/div><\/div><\/div>\n        <\/div>\n    <\/article><article class=\"eael-grid-post  eael-post-grid-column eael-pg-post-6382 category-recursos-migratorios\" data-id=\"6382\">\n        <div class=\"eael-grid-post-holder\">\n            <div class=\"eael-grid-post-holder-inner\"><div class=\"eael-entry-media\"><div class=\"eael-entry-overlay fade-in\"><i class=\"far fa-hand-pointer\" aria-hidden=\"true\"><\/i><a href=\"https:\/\/soymigrante.com\/revista\/derechos-de-los-migrantes-silencio-indocumentados-defensa\/\"><\/a><\/div><div class=\"eael-entry-thumbnail eael-image-ratio\">\n                <img loading=\"lazy\" decoding=\"async\" width=\"1024\" height=\"1024\" src=\"https:\/\/soymigrante.com\/revista\/wp-content\/uploads\/2024\/05\/derechos-migrantes-en-estados-unidos-1024x1024.png\" class=\"attachment-large size-large wp-image-49647\" alt=\"obrero industrial hispano para ilustrar tema de derechos migrantes en estados unidos\" srcset=\"https:\/\/soymigrante.com\/revista\/wp-content\/uploads\/2024\/05\/derechos-migrantes-en-estados-unidos-1024x1024.png 1024w, https:\/\/soymigrante.com\/revista\/wp-content\/uploads\/2024\/05\/derechos-migrantes-en-estados-unidos-300x300.png 300w, https:\/\/soymigrante.com\/revista\/wp-content\/uploads\/2024\/05\/derechos-migrantes-en-estados-unidos-150x150.png 150w, https:\/\/soymigrante.com\/revista\/wp-content\/uploads\/2024\/05\/derechos-migrantes-en-estados-unidos-768x768.png 768w, https:\/\/soymigrante.com\/revista\/wp-content\/uploads\/2024\/05\/derechos-migrantes-en-estados-unidos-75x75.png 75w, https:\/\/soymigrante.com\/revista\/wp-content\/uploads\/2024\/05\/derechos-migrantes-en-estados-unidos-750x750.png 750w, https:\/\/soymigrante.com\/revista\/wp-content\/uploads\/2024\/05\/derechos-migrantes-en-estados-unidos.png 1101w\" sizes=\"(max-width: 1024px) 100vw, 1024px\" \/>\n            <\/div>\n        <\/div><div class=\"eael-entry-wrapper\"><header class=\"eael-entry-header\"><h2 class=\"eael-entry-title\"><a class=\"eael-grid-post-link\" href=\"https:\/\/soymigrante.com\/revista\/derechos-de-los-migrantes-silencio-indocumentados-defensa\/\" title=\"Migrante, tienes derechos en EE.UU., incluyendo el silencio: averigua, conoce y comparte\">Migrante, tienes derechos en EE.UU., incluyendo el silencio: averigua, conoce y comparte<\/a><\/h2><\/header><div class=\"eael-entry-content\">\n                        <div class=\"eael-grid-post-excerpt\"><a href=\"https:\/\/soymigrante.com\/revista\/derechos-de-los-migrantes-silencio-indocumentados-defensa\/\" class=\"eael-post-elements-readmore-btn\">CONOCE SU HISTORIA <\/a><\/div>\n                    <\/div><\/div><\/div>\n        <\/div>\n    <\/article><\/div>\n            <div class=\"clearfix\"><\/div>\n        <\/div>\t\t\t\t<\/div>\n\t\t\t\t\t<\/div>\n\t\t\t\t<\/div>\n\t\t\t\t<\/div>\n\t\t","protected":false},"excerpt":{"rendered":"<p>Multiplicaci\u00f3n de acciones antimigrantes en el primer primer a\u00f1o del segundo gobierno de Donald Trump describe an\u00e1lisis de Migration Policy Institute. La inmigraci\u00f3n volvi\u00f3 a ocupar un lugar central en la agenda de Donald Trump durante el primer a\u00f1o de su segundo mandato. De acuerdo con el informe Unleashing Power in New Ways: Immigration in [&hellip;]<\/p>\n","protected":false},"author":1,"featured_media":50989,"comment_status":"open","ping_status":"open","sticky":false,"template":"","format":"standard","meta":{"_acf_changed":false,"_eb_attr":"","footnotes":""},"categories":[280],"tags":[],"class_list":["post-50988","post","type-post","status-publish","format-standard","has-post-thumbnail","hentry","category-noticias"],"acf":[],"aioseo_notices":[],"aioseo_head":"\n\t\t<!-- All in One SEO Pro 4.9.6.2 - aioseo.com -->\n\t<meta name=\"description\" content=\"El Centro de Recursos Legales para migrantes, por sus siglas en ingl\u00e9s ILRC, ofrece recomendaciones para migrantes en Estados Unidos, incluso si no tienen un estatus regular. Tarjeta roja y silencio son dos recursos que pueden ser \u00fatiles. El incremento de pol\u00edticas antimigrantes en varios Estados de EE.UU. genera temores entre migrantes guatemaltecos y de\" \/>\n\t<meta name=\"robots\" content=\"max-snippet:-1, max-image-preview:large, max-video-preview:-1\" \/>\n\t<meta name=\"author\" content=\"SoyMigrante.com REVISTA\"\/>\n\t<link rel=\"canonical\" href=\"https:\/\/soymigrante.com\/revista\/primer-ano-segundo-periodo-trump-agresivo-giro-politicas-antimigrantes-migration-policy-institute-analisis-2025\/\" \/>\n\t<meta name=\"generator\" content=\"All in One SEO Pro (AIOSEO) 4.9.6.2\" \/>\n\n\t\t<link rel=\"preconnect\" href=\"https:\/\/fonts.googleapis.com\" crossorigin>\n<link rel=\"preconnect\" href=\"https:\/\/fonts.gstatic.com\" crossorigin>\n\t\t<meta property=\"og:locale\" content=\"es_ES\" \/>\n\t\t<meta property=\"og:site_name\" content=\"SoyMigrante.com REVISTA \u2013 Nuestra misi\u00f3n es reconocer y dignificar al migrante.\" \/>\n\t\t<meta property=\"og:type\" content=\"article\" \/>\n\t\t<meta property=\"og:title\" content=\"Giro antimigrante a un a\u00f1o del retorno de Trump, se\u00f1ala MPI\" \/>\n\t\t<meta property=\"og:description\" content=\"Redadas agresivas, cambios de leyes, restricciones y presiones a ciudades santuario son algunas medidas descritas en an\u00e1lisis de Migration Policy Institute\" \/>\n\t\t<meta property=\"og:url\" content=\"https:\/\/soymigrante.com\/revista\/primer-ano-segundo-periodo-trump-agresivo-giro-politicas-antimigrantes-migration-policy-institute-analisis-2025\/\" \/>\n\t\t<meta property=\"og:image\" content=\"https:\/\/soymigrante.com\/revista\/wp-content\/uploads\/2026\/01\/redadas-migrantes-primer-ano-trump-4.png\" \/>\n\t\t<meta property=\"og:image:secure_url\" content=\"https:\/\/soymigrante.com\/revista\/wp-content\/uploads\/2026\/01\/redadas-migrantes-primer-ano-trump-4.png\" \/>\n\t\t<meta property=\"og:image:width\" content=\"538\" \/>\n\t\t<meta property=\"og:image:height\" content=\"538\" \/>\n\t\t<meta property=\"article:published_time\" content=\"2026-01-14T12:24:46+00:00\" \/>\n\t\t<meta property=\"article:modified_time\" content=\"2026-01-14T12:24:56+00:00\" \/>\n\t\t<meta property=\"article:publisher\" content=\"https:\/\/www.facebook.com\/soymigrantecom\" \/>\n\t\t<meta name=\"twitter:card\" content=\"summary_large_image\" \/>\n\t\t<meta name=\"twitter:site\" content=\"@SoyMigrante_com\" \/>\n\t\t<meta name=\"twitter:title\" content=\"Giro antimigrante a un a\u00f1o del retorno de Trump, se\u00f1ala MPI\" \/>\n\t\t<meta name=\"twitter:description\" content=\"Redadas agresivas, cambios de leyes, restricciones y presiones a ciudades santuario son algunas medidas descritas en an\u00e1lisis de Migration Policy Institute\" \/>\n\t\t<meta name=\"twitter:creator\" content=\"@SoyMigrante_com\" \/>\n\t\t<meta name=\"twitter:image\" content=\"https:\/\/soymigrante.com\/revista\/wp-content\/uploads\/2026\/01\/redadas-migrantes-primer-ano-trump-4.png\" \/>\n\t\t<!-- All in One SEO Pro -->\r\n\t\t<title>Giro antimigrante a un a\u00f1o del retorno de Trump, se\u00f1ala MPI<\/title>\n\n","aioseo_head_json":{"title":"Giro antimigrante a un a\u00f1o del retorno de Trump, se\u00f1ala MPI","description":"Redadas agresivas, cambios de leyes, restricciones y presiones a ciudades santuario son algunas medidas descritas en an\u00e1lisis de Migration Policy Institute","canonical_url":"https:\/\/soymigrante.com\/revista\/primer-ano-segundo-periodo-trump-agresivo-giro-politicas-antimigrantes-migration-policy-institute-analisis-2025\/","robots":"max-snippet:-1, max-image-preview:large, max-video-preview:-1","keywords":"","webmasterTools":{"miscellaneous":"&lt;link rel=\"preconnect\" href=\"https:\/\/fonts.googleapis.com\" crossorigin&gt;\n&lt;link rel=\"preconnect\" href=\"https:\/\/fonts.gstatic.com\" crossorigin&gt;"},"schema":null,"og:locale":"es_ES","og:site_name":"SoyMigrante.com REVISTA \u2013 Nuestra misi\u00f3n es reconocer y dignificar al migrante.","og:type":"article","og:title":"Giro antimigrante a un a\u00f1o del retorno de Trump, se\u00f1ala MPI","og:description":"Redadas agresivas, cambios de leyes, restricciones y presiones a ciudades santuario son algunas medidas descritas en an\u00e1lisis de Migration Policy Institute","og:url":"https:\/\/soymigrante.com\/revista\/primer-ano-segundo-periodo-trump-agresivo-giro-politicas-antimigrantes-migration-policy-institute-analisis-2025\/","og:image":"https:\/\/soymigrante.com\/revista\/wp-content\/uploads\/2026\/01\/redadas-migrantes-primer-ano-trump-4.png","og:image:secure_url":"https:\/\/soymigrante.com\/revista\/wp-content\/uploads\/2026\/01\/redadas-migrantes-primer-ano-trump-4.png","og:image:width":538,"og:image:height":538,"article:published_time":"2026-01-14T12:24:46+00:00","article:modified_time":"2026-01-14T12:24:56+00:00","article:publisher":"https:\/\/www.facebook.com\/soymigrantecom","twitter:card":"summary_large_image","twitter:site":"@SoyMigrante_com","twitter:title":"Giro antimigrante a un a\u00f1o del retorno de Trump, se\u00f1ala MPI","twitter:description":"Redadas agresivas, cambios de leyes, restricciones y presiones a ciudades santuario son algunas medidas descritas en an\u00e1lisis de Migration Policy Institute","twitter:creator":"@SoyMigrante_com","twitter:image":"https:\/\/soymigrante.com\/revista\/wp-content\/uploads\/2026\/01\/redadas-migrantes-primer-ano-trump-4.png"},"aioseo_meta_data":{"post_id":"50988","title":"Giro antimigrante a un a\u00f1o del retorno de Trump, se\u00f1ala MPI","description":"Redadas agresivas, cambios de leyes, restricciones y presiones a ciudades santuario son algunas medidas descritas en an\u00e1lisis de Migration Policy Institute","keywords":null,"keyphrases":{"focus":{"keyphrase":"antimigrante","score":51,"analysis":{"keyphraseInTitle":{"score":9,"maxScore":9,"error":0},"keyphraseInDescription":{"score":3,"maxScore":9,"error":1},"keyphraseLength":{"score":9,"maxScore":9,"error":0,"length":1},"keyphraseInURL":{"score":5,"maxScore":5,"error":0},"keyphraseInIntroduction":{"score":3,"maxScore":9,"error":1},"keyphraseInSubHeadings":{"score":3,"maxScore":9,"error":1},"keyphraseInImageAlt":{"score":3,"maxScore":9,"error":1},"keywordDensity":{"score":0,"type":"low","maxScore":9,"error":1}}},"additional":[{"keyphrase":"redadas","score":53,"analysis":{"keyphraseInDescription":{"score":9,"maxScore":9,"error":0},"keyphraseLength":{"score":9,"maxScore":9,"error":0,"length":1},"keyphraseInIntroduction":{"score":3,"maxScore":9,"error":1},"keyphraseInImageAlt":{"score":3,"maxScore":9,"error":1},"keywordDensity":{"score":0,"type":"low","maxScore":9,"error":1}}}]},"primary_term":null,"canonical_url":null,"og_title":null,"og_description":null,"og_object_type":"default","og_image_type":"default","og_image_url":null,"og_image_width":null,"og_image_height":null,"og_image_custom_url":null,"og_image_custom_fields":null,"og_video":"","og_custom_url":null,"og_article_section":null,"og_article_tags":null,"twitter_use_og":false,"twitter_card":"default","twitter_image_type":"default","twitter_image_url":null,"twitter_image_custom_url":null,"twitter_image_custom_fields":null,"twitter_title":null,"twitter_description":null,"schema":{"blockGraphs":[],"customGraphs":[],"default":{"data":{"Article":[],"Course":[],"Dataset":[],"FAQPage":[],"Movie":[],"Person":[],"Product":[],"ProductReview":[],"Car":[],"Recipe":[],"Service":[],"SoftwareApplication":[],"WebPage":[]},"graphName":"NewsArticle","isEnabled":true},"graphs":[]},"schema_type":"default","schema_type_options":null,"pillar_content":false,"robots_default":true,"robots_noindex":false,"robots_noarchive":false,"robots_nosnippet":false,"robots_nofollow":false,"robots_noimageindex":false,"robots_noodp":false,"robots_notranslate":false,"robots_max_snippet":"-1","robots_max_videopreview":"-1","robots_max_imagepreview":"large","priority":null,"frequency":"default","local_seo":null,"seo_analyzer_scan_date":"2026-02-24 17:12:28","breadcrumb_settings":null,"limit_modified_date":false,"reviewed_by":"0","open_ai":null,"ai":{"faqs":[],"keyPoints":[],"titles":[],"descriptions":[],"socialPosts":{"email":[],"linkedin":[],"twitter":[],"facebook":[],"instagram":[]}},"created":"2026-01-14 11:35:44","updated":"2026-02-24 17:12:28"},"aioseo_breadcrumb":"<div class=\"aioseo-breadcrumbs\"><span class=\"aioseo-breadcrumb\">\n\t<a href=\"https:\/\/soymigrante.com\/revista\" title=\"Home\">Home<\/a>\n<\/span><span class=\"aioseo-breadcrumb-separator\">\u00bb<\/span><span class=\"aioseo-breadcrumb\">\n\t<a href=\"https:\/\/soymigrante.com\/revista\/category\/noticias\/\" title=\"Noticias\">Noticias<\/a>\n<\/span><span class=\"aioseo-breadcrumb-separator\">\u00bb<\/span><span class=\"aioseo-breadcrumb\">\n\tAgresivo giro en pol\u00edticas antimigrantes en un a\u00f1o del segundo t\u00e9rmino Trump: analiza Migration Policy Institute\n<\/span><\/div>","aioseo_breadcrumb_json":[{"label":"Home","link":"https:\/\/soymigrante.com\/revista"},{"label":"Noticias","link":"https:\/\/soymigrante.com\/revista\/category\/noticias\/"},{"label":"Agresivo giro en pol\u00edticas antimigrantes en un a\u00f1o del segundo t\u00e9rmino Trump: analiza Migration Policy Institute","link":"https:\/\/soymigrante.com\/revista\/primer-ano-segundo-periodo-trump-agresivo-giro-politicas-antimigrantes-migration-policy-institute-analisis-2025\/"}],"_links":{"self":[{"href":"https:\/\/soymigrante.com\/revista\/wp-json\/wp\/v2\/posts\/50988","targetHints":{"allow":["GET"]}}],"collection":[{"href":"https:\/\/soymigrante.com\/revista\/wp-json\/wp\/v2\/posts"}],"about":[{"href":"https:\/\/soymigrante.com\/revista\/wp-json\/wp\/v2\/types\/post"}],"author":[{"embeddable":true,"href":"https:\/\/soymigrante.com\/revista\/wp-json\/wp\/v2\/users\/1"}],"replies":[{"embeddable":true,"href":"https:\/\/soymigrante.com\/revista\/wp-json\/wp\/v2\/comments?post=50988"}],"version-history":[{"count":6,"href":"https:\/\/soymigrante.com\/revista\/wp-json\/wp\/v2\/posts\/50988\/revisions"}],"predecessor-version":[{"id":50998,"href":"https:\/\/soymigrante.com\/revista\/wp-json\/wp\/v2\/posts\/50988\/revisions\/50998"}],"wp:featuredmedia":[{"embeddable":true,"href":"https:\/\/soymigrante.com\/revista\/wp-json\/wp\/v2\/media\/50989"}],"wp:attachment":[{"href":"https:\/\/soymigrante.com\/revista\/wp-json\/wp\/v2\/media?parent=50988"}],"wp:term":[{"taxonomy":"category","embeddable":true,"href":"https:\/\/soymigrante.com\/revista\/wp-json\/wp\/v2\/categories?post=50988"},{"taxonomy":"post_tag","embeddable":true,"href":"https:\/\/soymigrante.com\/revista\/wp-json\/wp\/v2\/tags?post=50988"}],"curies":[{"name":"wp","href":"https:\/\/api.w.org\/{rel}","templated":true}]}}