{"id":50922,"date":"2026-01-12T13:05:22","date_gmt":"2026-01-12T19:05:22","guid":{"rendered":"https:\/\/soymigrante.com\/revista\/?p=50922"},"modified":"2026-01-12T13:05:31","modified_gmt":"2026-01-12T19:05:31","slug":"profesor-guatemalteco-cesar-fetzer-nominado-en-top-50-de-certamen-mundial-de-docentes","status":"publish","type":"post","link":"https:\/\/soymigrante.com\/revista\/profesor-guatemalteco-cesar-fetzer-nominado-en-top-50-de-certamen-mundial-de-docentes\/","title":{"rendered":"Profesor guatemalteco C\u00e9sar Fetzer nominado en Top 50 de certamen mundial de docentes"},"content":{"rendered":"\t\t<div data-elementor-type=\"wp-post\" data-elementor-id=\"50922\" class=\"elementor elementor-50922\" data-elementor-post-type=\"post\">\n\t\t\t\t<div data-particle_enable=\"false\" data-particle-mobile-disabled=\"false\" class=\"elementor-element elementor-element-0750229 e-flex e-con-boxed e-con e-parent\" data-id=\"0750229\" data-element_type=\"container\" data-e-type=\"container\">\n\t\t\t\t\t<div class=\"e-con-inner\">\n\t\t\t\t<div class=\"elementor-element elementor-element-3608f68 elementor-widget elementor-widget-heading\" data-id=\"3608f68\" data-element_type=\"widget\" data-e-type=\"widget\" data-widget_type=\"heading.default\">\n\t\t\t\t\t<h2 class=\"elementor-heading-title elementor-size-default\">En febrero pr\u00f3ximo se conocer\u00e1 en Dubai, al ganador del certamen Global Teacher Prize, en el cual participa el profesor guatemalteco y cobanero C\u00e9sar Fetzer por sus innovadores m\u00e9todos de est\u00edmulo a la lectura comprensiva. <\/h2>\t\t\t\t<\/div>\n\t\t\t\t\t<\/div>\n\t\t\t\t<\/div>\n\t\t<div data-particle_enable=\"false\" data-particle-mobile-disabled=\"false\" class=\"elementor-element elementor-element-6565bf8 e-flex e-con-boxed e-con e-parent\" data-id=\"6565bf8\" data-element_type=\"container\" data-e-type=\"container\">\n\t\t\t\t\t<div class=\"e-con-inner\">\n\t\t\t\t<div class=\"elementor-element elementor-element-cab1c71 elementor-widget elementor-widget-text-editor\" data-id=\"cab1c71\" data-element_type=\"widget\" data-e-type=\"widget\" data-widget_type=\"text-editor.default\">\n\t\t\t\t\t\t\t\t\t<p data-start=\"227\" data-end=\"717\">El profesor <strong data-start=\"239\" data-end=\"269\">C\u00e9sar Guillermo Fetzer Paz<\/strong>, originario de <strong data-start=\"285\" data-end=\"308\">Cob\u00e1n, <a href=\"https:\/\/soymigrante.com\/revista\/departamentos-de-guatemala-alta-verapaz-mosaico-cultural-y-natural\/\">Alta Verapaz<\/a><\/strong>, fue seleccionado entre los <strong data-start=\"337\" data-end=\"370\">50 docentes finalistas, de todo el mundo,<\/strong>\u00a0en el prestigioso <strong data-start=\"389\" data-end=\"413\">Global Teacher Prize<\/strong>, uno de los reconocimientos internacionales m\u00e1s importantes en el \u00e1mbito educativo, debido a sus innovadores abordajes de <a href=\"https:\/\/soymigrante.com\/revista\/aun-no-sabes-que-regalar-siete-libros-guatemaltecos-repletos-de-inspiracion\/\">lectura<\/a> comprensiva para motivar un mejor aprendizaje.<\/p><p data-start=\"227\" data-end=\"717\">La gala de premiaci\u00f3n se celebrar\u00e1 en <strong data-start=\"536\" data-end=\"564\">febrero pr\u00f3ximo en Dub\u00e1i<\/strong>, Emiratos \u00c1rabes Unidos, donde Fetzer representar\u00e1 a Guatemala como <strong data-start=\"633\" data-end=\"655\">\u00fanico guatemalteco<\/strong> y <strong data-start=\"658\" data-end=\"701\">uno de cuatro docentes latinoamericanos<\/strong> en competencia.<\/p><p data-start=\"719\" data-end=\"1313\">\u201c<strong data-start=\"720\" data-end=\"850\">Es un orgullo representar a Guatemala en un certamen de este nivel, soy el \u00fanico guatemalteco y uno de cuatro latinoamericanos<\/strong>\u201d, expres\u00f3 el educador, quien ha transformado la ense\u00f1anza agropecuaria mediante uso de tecnolog\u00eda inmersiva, pro tambien a trav\u00e9s del fomento de la mejora <a href=\"https:\/\/soymigrante.com\/revista\/leer-en-papel-y-escribir-a-mano-sigue-siendo-una-herramienta-educativa-actual\/\">lectoescritora<\/a>.<\/p>\t\t\t\t\t\t\t\t<\/div>\n\t\t\t\t\t<\/div>\n\t\t\t\t<\/div>\n\t\t<div data-particle_enable=\"false\" data-particle-mobile-disabled=\"false\" class=\"elementor-element elementor-element-c473650 e-flex e-con-boxed e-con e-parent\" data-id=\"c473650\" data-element_type=\"container\" data-e-type=\"container\">\n\t\t\t\t\t<div class=\"e-con-inner\">\n\t\t\t\t<div class=\"elementor-element elementor-element-648f077 elementor-widget elementor-widget-image\" data-id=\"648f077\" data-element_type=\"widget\" data-e-type=\"widget\" data-widget_type=\"image.default\">\n\t\t\t\t\t\t\t\t\t\t\t\t<figure class=\"wp-caption\">\n\t\t\t\t\t\t\t\t\t\t<img fetchpriority=\"high\" decoding=\"async\" width=\"1140\" height=\"710\" src=\"https:\/\/soymigrante.com\/revista\/wp-content\/uploads\/2026\/01\/cesar-fetzer-profesor-guatemalteco-1140x710.jpg\" class=\"attachment-large size-large wp-image-50926\" alt=\"C\u00e9sar Guillermo Fetzer Paz es docente de comunicaci\u00f3n y lenguaje, es psic\u00f3logo egresado del Centro Universitario del Norte, en Cob\u00e1n, Alta Verapaz y as\u00ed figura en el Top 50 de docentes participantes del Global Teacher Prize.\" srcset=\"https:\/\/soymigrante.com\/revista\/wp-content\/uploads\/2026\/01\/cesar-fetzer-profesor-guatemalteco-1140x710.jpg 1140w, https:\/\/soymigrante.com\/revista\/wp-content\/uploads\/2026\/01\/cesar-fetzer-profesor-guatemalteco-300x187.jpg 300w, https:\/\/soymigrante.com\/revista\/wp-content\/uploads\/2026\/01\/cesar-fetzer-profesor-guatemalteco-768x478.jpg 768w, https:\/\/soymigrante.com\/revista\/wp-content\/uploads\/2026\/01\/cesar-fetzer-profesor-guatemalteco-750x467.jpg 750w, https:\/\/soymigrante.com\/revista\/wp-content\/uploads\/2026\/01\/cesar-fetzer-profesor-guatemalteco.jpg 1347w\" sizes=\"(max-width: 1140px) 100vw, 1140px\" title=\"C\u00e9sar Guillermo Fetzer Paz es docente de comunicaci\u00f3n y lenguaje, es psic\u00f3logo egresado del Centro Universitario del Norte, en Cob\u00e1n, Alta Verapaz y as\u00ed figura en el Top 50 de docentes participantes del Global Teacher Prize. \u2013 SoyMigrante.com REVISTA\" \/>\t\t\t\t\t\t\t\t\t\t\t<figcaption class=\"widget-image-caption wp-caption-text\">C\u00e9sar Guillermo Fetzer Paz es docente de comunicaci\u00f3n y lenguaje, es psic\u00f3logo egresado del Centro Universitario del Norte, en Cob\u00e1n, Alta Verapaz y as\u00ed figura en el Top 50 de docentes participantes del Global Teacher Prize.<\/figcaption>\n\t\t\t\t\t\t\t\t\t\t<\/figure>\n\t\t\t\t\t\t\t\t\t<\/div>\n\t\t\t\t\t<\/div>\n\t\t\t\t<\/div>\n\t\t<div data-particle_enable=\"false\" data-particle-mobile-disabled=\"false\" class=\"elementor-element elementor-element-f8d0a61 e-flex e-con-boxed e-con e-parent\" data-id=\"f8d0a61\" data-element_type=\"container\" data-e-type=\"container\">\n\t\t\t\t\t<div class=\"e-con-inner\">\n\t\t\t\t<div class=\"elementor-element elementor-element-aa0e5b8 elementor-widget elementor-widget-text-editor\" data-id=\"aa0e5b8\" data-element_type=\"widget\" data-e-type=\"widget\" data-widget_type=\"text-editor.default\">\n\t\t\t\t\t\t\t\t\t<p data-start=\"227\" data-end=\"717\">Fetzer sostiene que el aprendizaje cobra mayor sentido cuando el estudiante asume un rol activo: \u201c<strong data-start=\"1088\" data-end=\"1311\">Cuando el estudiante tiene un rol protag\u00f3nico, con responsabilidad directa, el <a href=\"https:\/\/soymigrante.com\/revista\/migrante-idioma-ingles-aprendizaje-claves-reto-oportunidad\/\">aprendizaje<\/a> es m\u00e1s constructivo, m\u00e1s significativo y los empodera; por eso utilizo el aprendizaje basado en retos a trav\u00e9s del agrometaverso<\/strong>\u201d.<\/p><p data-start=\"1315\" data-end=\"1851\">Desde la <strong data-start=\"1324\" data-end=\"1372\">Escuela de Formaci\u00f3n Agr\u00edcola (EFA) de Cob\u00e1n<\/strong>, ubicada en una regi\u00f3n altamente vulnerable al cambio clim\u00e1tico, Fetzer cre\u00f3 el <strong data-start=\"1453\" data-end=\"1470\"><a href=\"https:\/\/gobernacionaltaverapaz.gob.gt\/?p=23455\">Agrometaverso<\/a><\/strong>, un modelo educativo que combina <strong data-start=\"1504\" data-end=\"1587\">realidad virtual, simulaciones con inteligencia artificial y entornos digitales<\/strong>.\u00a0<\/p><p data-start=\"1315\" data-end=\"1851\">A trav\u00e9s de esta herramienta, los estudiantes realizan <strong data-start=\"1644\" data-end=\"1683\"><a href=\"https:\/\/www.youtube.com\/watch?v=8Guw-tB4BDY\">agrotours virtuales<\/a> de sus cultivos<\/strong>, exploran experiencias internacionales y operan maquinaria agr\u00edcola avanzada en espacios simulados, fortaleciendo competencias alineadas con la agricultura del futuro.<\/p>\t\t\t\t\t\t\t\t<\/div>\n\t\t\t\t\t<\/div>\n\t\t\t\t<\/div>\n\t\t<div data-particle_enable=\"false\" data-particle-mobile-disabled=\"false\" class=\"elementor-element elementor-element-ab3dacf e-flex e-con-boxed e-con e-parent\" data-id=\"ab3dacf\" data-element_type=\"container\" data-e-type=\"container\">\n\t\t\t\t\t<div class=\"e-con-inner\">\n\t\t\t\t<div class=\"elementor-element elementor-element-ad276ea elementor-widget elementor-widget-html\" data-id=\"ad276ea\" data-element_type=\"widget\" data-e-type=\"widget\" data-widget_type=\"html.default\">\n\t\t\t\t\t<iframe width=\"560\" height=\"415\" src=\"https:\/\/www.youtube.com\/embed\/1YJzwoCTvVE?si=q8imnK8Z6sGo1UWw\" title=\"YouTube video player\" frameborder=\"0\" allow=\"accelerometer; autoplay; clipboard-write; encrypted-media; gyroscope; picture-in-picture; web-share\" referrerpolicy=\"strict-origin-when-cross-origin\" allowfullscreen><\/iframe>\t\t\t\t<\/div>\n\t\t\t\t\t<\/div>\n\t\t\t\t<\/div>\n\t\t<div data-particle_enable=\"false\" data-particle-mobile-disabled=\"false\" class=\"elementor-element elementor-element-7c3a8da e-flex e-con-boxed e-con e-parent\" data-id=\"7c3a8da\" data-element_type=\"container\" data-e-type=\"container\">\n\t\t\t\t\t<div class=\"e-con-inner\">\n\t\t\t\t<div class=\"elementor-element elementor-element-ef6e140 elementor-widget elementor-widget-text-editor\" data-id=\"ef6e140\" data-element_type=\"widget\" data-e-type=\"widget\" data-widget_type=\"text-editor.default\">\n\t\t\t\t\t\t\t\t\t<p data-start=\"227\" data-end=\"717\">El jurado del Global Teacher Prize describi\u00f3 a Fetzer como un <strong data-start=\"2492\" data-end=\"2521\">educador transformacional<\/strong>, cuyo trabajo integra educaci\u00f3n agr\u00edcola, tecnolog\u00eda y acompa\u00f1amiento psicosocial. Inspirado por su mam\u00e1, \u2014maestra rural\u2014 fund\u00f3 la <strong data-start=\"2653\" data-end=\"2679\">Fundaci\u00f3n Hercilia Paz<\/strong>, desde la cual brinda servicios psicol\u00f3gicos gratuitos, programas de bienestar docente, asesor\u00eda legal y talleres de desarrollo personal a <strong data-start=\"2819\" data-end=\"2851\">m\u00e1s de mil maestros cada a\u00f1o<\/strong>. Adem\u00e1s, como sobreviviente de acoso escolar, cre\u00f3 el programa nacional <strong data-start=\"2924\" data-end=\"2937\">\u201cMe Too\u2026\u201d<\/strong>, que ofrece apoyo psicol\u00f3gico y legal a v\u00edctimas de<a href=\"https:\/\/soymigrante.com\/revista\/como-detectar-y-prevenir-acoso-escolar-bullying-contra-ninos-migrantes\/\"> acoso escolar<\/a> y promueve brigadas de prevenci\u00f3n en todo el pa\u00eds.<\/p><p data-start=\"3039\" data-end=\"3652\">Fetzer tambi\u00e9n ha tenido un rol clave en la <strong data-start=\"3083\" data-end=\"3155\">reforma del curr\u00edculo nacional de las escuelas de formaci\u00f3n agr\u00edcola<\/strong>, el primero en actualizarse en cuatro d\u00e9cadas, incorporando alfabetizaci\u00f3n ambiental, habilidades socioemocionales, competencias en agricultura 4.0 y metodolog\u00edas inmersivas replicables a nivel nacional.\u00a0<\/p><p data-start=\"3039\" data-end=\"3652\">En el \u00e1mbito de la lectura, impulsa el <strong data-start=\"3399\" data-end=\"3438\">Pent\u00e1gono de la Comprensi\u00f3n Lectora<\/strong>, un modelo que elev\u00f3 significativamente los niveles de comprensi\u00f3n de sus estudiantes y llev\u00f3 a su <strong data-start=\"3538\" data-end=\"3562\">Club de Agrolectores<\/strong> a obtener el primer lugar en la Feria Internacional del Libro de Guatemala (FILGUA) 2024.<\/p>\t\t\t\t\t\t\t\t<\/div>\n\t\t\t\t\t<\/div>\n\t\t\t\t<\/div>\n\t\t<div data-particle_enable=\"false\" data-particle-mobile-disabled=\"false\" class=\"elementor-element elementor-element-d522dda e-flex e-con-boxed e-con e-parent\" data-id=\"d522dda\" data-element_type=\"container\" data-e-type=\"container\">\n\t\t\t\t\t<div class=\"e-con-inner\">\n\t\t\t\t<div class=\"elementor-element elementor-element-0dbef6c elementor-widget elementor-widget-html\" data-id=\"0dbef6c\" data-element_type=\"widget\" data-e-type=\"widget\" data-widget_type=\"html.default\">\n\t\t\t\t\t<iframe width=\"560\" height=\"415\" src=\"https:\/\/www.youtube.com\/embed\/Pq6Hlu550kU?si=samEkM5350MqaX_y\" title=\"YouTube video player\" frameborder=\"0\" allow=\"accelerometer; autoplay; clipboard-write; encrypted-media; gyroscope; picture-in-picture; web-share\" referrerpolicy=\"strict-origin-when-cross-origin\" allowfullscreen><\/iframe>\t\t\t\t<\/div>\n\t\t\t\t\t<\/div>\n\t\t\t\t<\/div>\n\t\t<div data-particle_enable=\"false\" data-particle-mobile-disabled=\"false\" class=\"elementor-element elementor-element-1f33377 e-flex e-con-boxed e-con e-parent\" data-id=\"1f33377\" data-element_type=\"container\" data-e-type=\"container\">\n\t\t\t\t\t<div class=\"e-con-inner\">\n\t\t\t\t<div class=\"elementor-element elementor-element-3134e42 elementor-widget elementor-widget-text-editor\" data-id=\"3134e42\" data-element_type=\"widget\" data-e-type=\"widget\" data-widget_type=\"text-editor.default\">\n\t\t\t\t\t\t\t\t\t<p data-start=\"227\" data-end=\"717\">\u201c<strong data-start=\"3655\" data-end=\"3745\">Guatemala necesita reforzar m\u00e1s el valor de la lectura como herramienta de aprendizaje<\/strong>\u201d, subray\u00f3 el docente, quien considera que el fortalecimiento lector es clave para la innovaci\u00f3n, la ciudadan\u00eda cr\u00edtica y el desarrollo rural sostenible.<\/p><p data-start=\"3900\" data-end=\"4415\">Autoridades nacionales, entre ellas el Ministerio de Agricultura, la Gobernaci\u00f3n de Alta Verapaz y diputados al Congreso, han reconocido p\u00fablicamente su aporte a la educaci\u00f3n rural y al uso de la tecnolog\u00eda con enfoque comunitario.\u00a0<\/p><p data-start=\"3900\" data-end=\"4415\">De obtener el galard\u00f3n, que tiene un premio de US$1 mill\u00f3n en\u00a0 fondos para proyectos, Fetzer planea crear el <strong data-start=\"4179\" data-end=\"4230\">primer Centro de Bienestar Docente de Guatemala<\/strong>, ampliar programas contra el acoso escolar y de fomento a la lectura, impulsar becas agro-tecnol\u00f3gicas internacionales y equipar escuelas rurales con <strong data-start=\"4381\" data-end=\"4414\">laboratorios agroindustriales<\/strong>.<\/p>\t\t\t\t\t\t\t\t<\/div>\n\t\t\t\t\t<\/div>\n\t\t\t\t<\/div>\n\t\t<div data-particle_enable=\"false\" data-particle-mobile-disabled=\"false\" class=\"elementor-element elementor-element-7a78c47 e-flex e-con-boxed e-con e-parent\" data-id=\"7a78c47\" data-element_type=\"container\" data-e-type=\"container\">\n\t\t\t\t\t<div class=\"e-con-inner\">\n\t\t\t\t<div class=\"elementor-element elementor-element-7d1d33e elementor-widget elementor-widget-image\" data-id=\"7d1d33e\" data-element_type=\"widget\" data-e-type=\"widget\" data-widget_type=\"image.default\">\n\t\t\t\t\t\t\t\t\t\t\t\t<figure class=\"wp-caption\">\n\t\t\t\t\t\t\t\t\t\t<img decoding=\"async\" width=\"1024\" height=\"1024\" src=\"https:\/\/soymigrante.com\/revista\/wp-content\/uploads\/2026\/01\/cesar-fetzer-3-1024x1024.jpg\" class=\"attachment-large size-large wp-image-50927\" alt=\"El psic\u00f3logo y docente C\u00e9sar Fetzer ha recibido varios reconocimientos por sus innovadoras t\u00e9cnicas de ense\u00f1anza y abordajes pr\u00e1cticos para motivar la lectura comprensiva. La participaci\u00f3n en el Global Teacher Prize le motiva a seguir planteando nuevas alternativas de ense\u00f1anza participativa.\" srcset=\"https:\/\/soymigrante.com\/revista\/wp-content\/uploads\/2026\/01\/cesar-fetzer-3-1024x1024.jpg 1024w, https:\/\/soymigrante.com\/revista\/wp-content\/uploads\/2026\/01\/cesar-fetzer-3-300x300.jpg 300w, https:\/\/soymigrante.com\/revista\/wp-content\/uploads\/2026\/01\/cesar-fetzer-3-150x150.jpg 150w, https:\/\/soymigrante.com\/revista\/wp-content\/uploads\/2026\/01\/cesar-fetzer-3-768x768.jpg 768w, https:\/\/soymigrante.com\/revista\/wp-content\/uploads\/2026\/01\/cesar-fetzer-3-75x75.jpg 75w, https:\/\/soymigrante.com\/revista\/wp-content\/uploads\/2026\/01\/cesar-fetzer-3-750x750.jpg 750w, https:\/\/soymigrante.com\/revista\/wp-content\/uploads\/2026\/01\/cesar-fetzer-3.jpg 1068w\" sizes=\"(max-width: 1024px) 100vw, 1024px\" title=\"El psic\u00f3logo y docente C\u00e9sar Fetzer ha recibido varios reconocimientos por sus innovadoras t\u00e9cnicas de ense\u00f1anza y abordajes pr\u00e1cticos para motivar la lectura comprensiva. La participaci\u00f3n en el Global Teacher Prize le motiva a seguir planteando nuevas alternativas de ense\u00f1anza participativa. \u2013 SoyMigrante.com REVISTA\" \/>\t\t\t\t\t\t\t\t\t\t\t<figcaption class=\"widget-image-caption wp-caption-text\">El psic\u00f3logo y docente C\u00e9sar Fetzer ha recibido varios reconocimientos por sus innovadoras t\u00e9cnicas de ense\u00f1anza y abordajes pr\u00e1cticos para motivar la lectura comprensiva. La participaci\u00f3n en el Global Teacher Prize le motiva a seguir planteando nuevas alternativas de ense\u00f1anza participativa.<\/figcaption>\n\t\t\t\t\t\t\t\t\t\t<\/figure>\n\t\t\t\t\t\t\t\t\t<\/div>\n\t\t\t\t\t<\/div>\n\t\t\t\t<\/div>\n\t\t<div data-particle_enable=\"false\" data-particle-mobile-disabled=\"false\" class=\"elementor-element elementor-element-8100518 e-flex e-con-boxed e-con e-parent\" data-id=\"8100518\" data-element_type=\"container\" data-e-type=\"container\">\n\t\t\t\t\t<div class=\"e-con-inner\">\n\t\t\t\t<div class=\"elementor-element elementor-element-f94d1eb elementor-widget elementor-widget-heading\" data-id=\"f94d1eb\" data-element_type=\"widget\" data-e-type=\"widget\" data-widget_type=\"heading.default\">\n\t\t\t\t\t<h2 class=\"elementor-heading-title elementor-size-default\">M\u00e1s talento guatemalteco sin barreras<\/h2>\t\t\t\t<\/div>\n\t\t\t\t\t<\/div>\n\t\t\t\t<\/div>\n\t\t<div data-particle_enable=\"false\" data-particle-mobile-disabled=\"false\" class=\"elementor-element elementor-element-b7c6abe e-flex e-con-boxed e-con e-parent\" data-id=\"b7c6abe\" data-element_type=\"container\" data-e-type=\"container\">\n\t\t\t\t\t<div class=\"e-con-inner\">\n\t\t\t\t<div class=\"elementor-element elementor-element-fe7b38d elementor-grid-eael-col-3 elementor-grid-tablet-eael-col-2 elementor-grid-mobile-eael-col-1 elementor-widget elementor-widget-eael-post-grid\" data-id=\"fe7b38d\" data-element_type=\"widget\" data-e-type=\"widget\" data-settings=\"{&quot;eael_post_grid_columns&quot;:&quot;eael-col-3&quot;,&quot;eael_post_grid_columns_tablet&quot;:&quot;eael-col-2&quot;,&quot;eael_post_grid_columns_mobile&quot;:&quot;eael-col-1&quot;}\" data-widget_type=\"eael-post-grid.default\">\n\t\t\t\t\t<div id=\"eael-post-grid-fe7b38d\" class=\"eael-post-grid-container\">\n            <div class=\"eael-post-grid eael-post-appender eael-post-appender-fe7b38d eael-post-grid-style-one\" data-layout-mode=\"masonry\"><article class=\"eael-grid-post  eael-post-grid-column eael-pg-post-43829 category-arte-cultura-guate-nuestra\" data-id=\"43829\">\n        <div class=\"eael-grid-post-holder\">\n            <div class=\"eael-grid-post-holder-inner\"><div class=\"eael-entry-media\"><div class=\"eael-entry-overlay fade-in\"><i class=\"far fa-hand-pointer\" aria-hidden=\"true\"><\/i><a href=\"https:\/\/soymigrante.com\/revista\/juan-sisay-arte-guatemalteco-maya-tzutujil-atitlan\/\"><\/a><\/div><div class=\"eael-entry-thumbnail eael-image-ratio\">\n                <img decoding=\"async\" width=\"485\" height=\"485\" src=\"https:\/\/soymigrante.com\/revista\/wp-content\/uploads\/2025\/09\/Juan-Sisay1-e1757021856514.jpeg\" class=\"attachment-large size-large wp-image-43830\" alt=\"Juan Sisay: el artista guatemalteco que retrat\u00f3 la identidad tz&#039;utuj&#039;il desde dentro. El artista fue asesinado en abril de 1989 despu\u00e9s de haber pintado acerca de una masacre cometida en Santiago Atitl\u00e1n durante el conflicto armado interno. (Retrato por Miguel Ch\u00e1vez)\" srcset=\"https:\/\/soymigrante.com\/revista\/wp-content\/uploads\/2025\/09\/Juan-Sisay1-e1757021856514.jpeg 485w, https:\/\/soymigrante.com\/revista\/wp-content\/uploads\/2025\/09\/Juan-Sisay1-e1757021856514-300x300.jpeg 300w, https:\/\/soymigrante.com\/revista\/wp-content\/uploads\/2025\/09\/Juan-Sisay1-e1757021856514-150x150.jpeg 150w, https:\/\/soymigrante.com\/revista\/wp-content\/uploads\/2025\/09\/Juan-Sisay1-e1757021856514-75x75.jpeg 75w\" sizes=\"(max-width: 485px) 100vw, 485px\" \/>\n            <\/div>\n        <\/div><div class=\"eael-entry-wrapper\"><header class=\"eael-entry-header\"><h2 class=\"eael-entry-title\"><a class=\"eael-grid-post-link\" href=\"https:\/\/soymigrante.com\/revista\/juan-sisay-arte-guatemalteco-maya-tzutujil-atitlan\/\" title=\"Mira arte guatemalteco: Pintor tz&#8217;utuj&#8217;il Juan Sisay origin\u00f3 la pintura popular de Atitl\u00e1n\">Mira arte guatemalteco: Pintor tz&#8217;utuj&#8217;il Juan Sisay origin\u00f3 la pintura popular de Atitl\u00e1n<\/a><\/h2><\/header><div class=\"eael-entry-content\">\n                        <div class=\"eael-grid-post-excerpt\"><a href=\"https:\/\/soymigrante.com\/revista\/juan-sisay-arte-guatemalteco-maya-tzutujil-atitlan\/\" class=\"eael-post-elements-readmore-btn\">CONOCE SU HISTORIA <\/a><\/div>\n                    <\/div><\/div><\/div>\n        <\/div>\n    <\/article><article class=\"eael-grid-post  eael-post-grid-column eael-pg-post-2368 category-exitos\" data-id=\"2368\">\n        <div class=\"eael-grid-post-holder\">\n            <div class=\"eael-grid-post-holder-inner\"><div class=\"eael-entry-media\"><div class=\"eael-entry-overlay fade-in\"><i class=\"far fa-hand-pointer\" aria-hidden=\"true\"><\/i><a href=\"https:\/\/soymigrante.com\/revista\/elizabeth-coti-maestra-espanol-texas-guatemala\/\"><\/a><\/div><div class=\"eael-entry-thumbnail eael-image-ratio\">\n                <img loading=\"lazy\" decoding=\"async\" width=\"1024\" height=\"731\" src=\"https:\/\/soymigrante.com\/revista\/wp-content\/uploads\/2023\/08\/705345_4157588903679_1136987468_o-e1693334157790-1024x731.webp\" class=\"attachment-large size-large wp-image-2369\" alt=\"El cari\u00f1o de sus padres H\u00e9ctor y Guadalupe ense\u00f1\u00f3 a Elizabeth a valorar la multiculturalidad guatemalteca.\" srcset=\"https:\/\/soymigrante.com\/revista\/wp-content\/uploads\/2023\/08\/705345_4157588903679_1136987468_o-e1693334157790-1024x731.webp 1024w, https:\/\/soymigrante.com\/revista\/wp-content\/uploads\/2023\/08\/705345_4157588903679_1136987468_o-e1693334157790-300x214.webp 300w, https:\/\/soymigrante.com\/revista\/wp-content\/uploads\/2023\/08\/705345_4157588903679_1136987468_o-e1693334157790-768x548.webp 768w, https:\/\/soymigrante.com\/revista\/wp-content\/uploads\/2023\/08\/705345_4157588903679_1136987468_o-e1693334157790-1536x1096.webp 1536w, https:\/\/soymigrante.com\/revista\/wp-content\/uploads\/2023\/08\/705345_4157588903679_1136987468_o-e1693334157790-120x86.webp 120w, https:\/\/soymigrante.com\/revista\/wp-content\/uploads\/2023\/08\/705345_4157588903679_1136987468_o-e1693334157790-350x250.webp 350w, https:\/\/soymigrante.com\/revista\/wp-content\/uploads\/2023\/08\/705345_4157588903679_1136987468_o-e1693334157790-750x535.webp 750w, https:\/\/soymigrante.com\/revista\/wp-content\/uploads\/2023\/08\/705345_4157588903679_1136987468_o-e1693334157790-1140x814.webp 1140w, https:\/\/soymigrante.com\/revista\/wp-content\/uploads\/2023\/08\/705345_4157588903679_1136987468_o-e1693334157790.webp 1774w\" sizes=\"(max-width: 1024px) 100vw, 1024px\" \/>\n            <\/div>\n        <\/div><div class=\"eael-entry-wrapper\"><header class=\"eael-entry-header\"><h2 class=\"eael-entry-title\"><a class=\"eael-grid-post-link\" href=\"https:\/\/soymigrante.com\/revista\/elizabeth-coti-maestra-espanol-texas-guatemala\/\" title=\"Elizabeth Cot\u00ed: La maestra texana con ra\u00edces guatemaltecas que ense\u00f1a espa\u00f1ol\">Elizabeth Cot\u00ed: La maestra texana con ra\u00edces guatemaltecas que ense\u00f1a espa\u00f1ol<\/a><\/h2><\/header><div class=\"eael-entry-content\">\n                        <div class=\"eael-grid-post-excerpt\"><a href=\"https:\/\/soymigrante.com\/revista\/elizabeth-coti-maestra-espanol-texas-guatemala\/\" class=\"eael-post-elements-readmore-btn\">CONOCE SU HISTORIA <\/a><\/div>\n                    <\/div><\/div><\/div>\n        <\/div>\n    <\/article><article class=\"eael-grid-post  eael-post-grid-column eael-pg-post-48828 category-exitos-guatemala\" data-id=\"48828\">\n        <div class=\"eael-grid-post-holder\">\n            <div class=\"eael-grid-post-holder-inner\"><div class=\"eael-entry-media\"><div class=\"eael-entry-overlay fade-in\"><i class=\"far fa-hand-pointer\" aria-hidden=\"true\"><\/i><a href=\"https:\/\/soymigrante.com\/revista\/la-ruta-wilmar-mejia-podcaster-y-maestro-en-dallas-siempre-vuelve-a-guatemala\/\"><\/a><\/div><div class=\"eael-entry-thumbnail eael-image-ratio\">\n                <img loading=\"lazy\" decoding=\"async\" width=\"1024\" height=\"1024\" src=\"https:\/\/soymigrante.com\/revista\/wp-content\/uploads\/2025\/11\/wilmar-mejia-dallas-texas-migrante-guatemalteco-11-1024x1024.jpg\" class=\"attachment-large size-large wp-image-48829\" alt=\"wilmar mejia dallas texas migrante guatemalteco 11\" srcset=\"https:\/\/soymigrante.com\/revista\/wp-content\/uploads\/2025\/11\/wilmar-mejia-dallas-texas-migrante-guatemalteco-11-1024x1024.jpg 1024w, https:\/\/soymigrante.com\/revista\/wp-content\/uploads\/2025\/11\/wilmar-mejia-dallas-texas-migrante-guatemalteco-11-300x300.jpg 300w, https:\/\/soymigrante.com\/revista\/wp-content\/uploads\/2025\/11\/wilmar-mejia-dallas-texas-migrante-guatemalteco-11-150x150.jpg 150w, https:\/\/soymigrante.com\/revista\/wp-content\/uploads\/2025\/11\/wilmar-mejia-dallas-texas-migrante-guatemalteco-11-768x768.jpg 768w, https:\/\/soymigrante.com\/revista\/wp-content\/uploads\/2025\/11\/wilmar-mejia-dallas-texas-migrante-guatemalteco-11-75x75.jpg 75w, https:\/\/soymigrante.com\/revista\/wp-content\/uploads\/2025\/11\/wilmar-mejia-dallas-texas-migrante-guatemalteco-11-750x750.jpg 750w, https:\/\/soymigrante.com\/revista\/wp-content\/uploads\/2025\/11\/wilmar-mejia-dallas-texas-migrante-guatemalteco-11-1140x1140.jpg 1140w, https:\/\/soymigrante.com\/revista\/wp-content\/uploads\/2025\/11\/wilmar-mejia-dallas-texas-migrante-guatemalteco-11.jpg 1429w\" sizes=\"(max-width: 1024px) 100vw, 1024px\" \/>\n            <\/div>\n        <\/div><div class=\"eael-entry-wrapper\"><header class=\"eael-entry-header\"><h2 class=\"eael-entry-title\"><a class=\"eael-grid-post-link\" href=\"https:\/\/soymigrante.com\/revista\/la-ruta-wilmar-mejia-podcaster-y-maestro-en-dallas-siempre-vuelve-a-guatemala\/\" title=\"El camino de Wilmar Mej\u00eda, podcaster y maestro en Dallas, siempre regresa a Guatemala\">El camino de Wilmar Mej\u00eda, podcaster y maestro en Dallas, siempre regresa a Guatemala<\/a><\/h2><\/header><div class=\"eael-entry-content\">\n                        <div class=\"eael-grid-post-excerpt\"><a href=\"https:\/\/soymigrante.com\/revista\/la-ruta-wilmar-mejia-podcaster-y-maestro-en-dallas-siempre-vuelve-a-guatemala\/\" class=\"eael-post-elements-readmore-btn\">CONOCE SU HISTORIA <\/a><\/div>\n                    <\/div><\/div><\/div>\n        <\/div>\n    <\/article><\/div>\n            <div class=\"clearfix\"><\/div>\n        <\/div>\t\t\t\t<\/div>\n\t\t\t\t\t<\/div>\n\t\t\t\t<\/div>\n\t\t\t\t<\/div>\n\t\t","protected":false},"excerpt":{"rendered":"<p>En febrero pr\u00f3ximo se conocer\u00e1 en Dubai, al ganador del certamen Global Teacher Prize, en el cual participa el profesor guatemalteco y cobanero C\u00e9sar Fetzer por sus innovadores m\u00e9todos de est\u00edmulo a la lectura comprensiva. El profesor C\u00e9sar Guillermo Fetzer Paz, originario de Cob\u00e1n, Alta Verapaz, fue seleccionado entre los 50 docentes finalistas, de todo [&hellip;]<\/p>\n","protected":false},"author":1,"featured_media":50923,"comment_status":"open","ping_status":"open","sticky":false,"template":"","format":"standard","meta":{"_acf_changed":false,"_eb_attr":"","footnotes":""},"categories":[280],"tags":[],"class_list":["post-50922","post","type-post","status-publish","format-standard","has-post-thumbnail","hentry","category-noticias"],"acf":[],"aioseo_notices":[],"aioseo_head":"\n\t\t<!-- All in One SEO Pro 4.9.6.2 - aioseo.com -->\n\t<meta name=\"description\" content=\"Wilmar Mej\u00eda ha construido en Dallas, Texas un sue\u00f1o junto a su esposa e hijos, cuyo vuelo siempre pasa por Guatemala, donde inici\u00f3 su vocaci\u00f3n comunicadora.\" \/>\n\t<meta name=\"robots\" content=\"max-snippet:-1, max-image-preview:large, max-video-preview:-1\" \/>\n\t<meta name=\"author\" content=\"Gustavo Montenegro\"\/>\n\t<link rel=\"canonical\" href=\"https:\/\/soymigrante.com\/revista\/la-ruta-wilmar-mejia-podcaster-y-maestro-en-dallas-siempre-vuelve-a-guatemala\/\" \/>\n\t<meta name=\"generator\" content=\"All in One SEO Pro (AIOSEO) 4.9.6.2\" \/>\n\n\t\t<link rel=\"preconnect\" href=\"https:\/\/fonts.googleapis.com\" crossorigin>\n<link rel=\"preconnect\" href=\"https:\/\/fonts.gstatic.com\" crossorigin>\n\t\t<meta property=\"og:locale\" content=\"es_ES\" \/>\n\t\t<meta property=\"og:site_name\" content=\"SoyMigrante.com REVISTA \u2013 Nuestra misi\u00f3n es reconocer y dignificar al migrante.\" \/>\n\t\t<meta property=\"og:type\" content=\"article\" \/>\n\t\t<meta property=\"og:title\" content=\"El camino de Wilmar: de Guatemala a Texas y viceversa\" \/>\n\t\t<meta property=\"og:description\" content=\"Wilmar Mej\u00eda ha construido en Dallas, Texas un sue\u00f1o junto a su esposa e hijos, cuyo vuelo siempre pasa por Guatemala, donde inici\u00f3 su vocaci\u00f3n comunicadora.\" \/>\n\t\t<meta property=\"og:url\" content=\"https:\/\/soymigrante.com\/revista\/la-ruta-wilmar-mejia-podcaster-y-maestro-en-dallas-siempre-vuelve-a-guatemala\/\" \/>\n\t\t<meta property=\"og:image\" content=\"https:\/\/soymigrante.com\/revista\/wp-content\/uploads\/2025\/11\/wilmar-mejia-dallas-texas-migrante-guatemalteco-11.jpg\" \/>\n\t\t<meta property=\"og:image:secure_url\" content=\"https:\/\/soymigrante.com\/revista\/wp-content\/uploads\/2025\/11\/wilmar-mejia-dallas-texas-migrante-guatemalteco-11.jpg\" \/>\n\t\t<meta property=\"og:image:width\" content=\"1429\" \/>\n\t\t<meta property=\"og:image:height\" content=\"1429\" \/>\n\t\t<meta property=\"article:published_time\" content=\"2025-11-20T17:21:39+00:00\" \/>\n\t\t<meta property=\"article:modified_time\" content=\"2025-11-20T17:33:27+00:00\" \/>\n\t\t<meta property=\"article:publisher\" content=\"https:\/\/www.facebook.com\/soymigrantecom\" \/>\n\t\t<meta name=\"twitter:card\" content=\"summary_large_image\" \/>\n\t\t<meta name=\"twitter:site\" content=\"@SoyMigrante_com\" \/>\n\t\t<meta name=\"twitter:title\" content=\"El camino de Wilmar: de Guatemala a Texas y viceversa\" \/>\n\t\t<meta name=\"twitter:description\" content=\"Wilmar Mej\u00eda ha construido en Dallas, Texas un sue\u00f1o junto a su esposa e hijos, cuyo vuelo siempre pasa por Guatemala, donde inici\u00f3 su vocaci\u00f3n comunicadora.\" \/>\n\t\t<meta name=\"twitter:creator\" content=\"@SoyMigrante_com\" \/>\n\t\t<meta name=\"twitter:image\" content=\"https:\/\/soymigrante.com\/revista\/wp-content\/uploads\/2025\/11\/wilmar-mejia-dallas-texas-migrante-guatemalteco-11.jpg\" \/>\n\t\t<!-- All in One SEO Pro -->\r\n\t\t<title>El camino de Wilmar: de Guatemala a Texas y viceversa<\/title>\n\n","aioseo_head_json":{"title":"El camino de Wilmar: de Guatemala a Texas y viceversa","description":"Wilmar Mej\u00eda ha construido en Dallas, Texas un sue\u00f1o junto a su esposa e hijos, cuyo vuelo siempre pasa por Guatemala, donde inici\u00f3 su vocaci\u00f3n comunicadora.","canonical_url":"https:\/\/soymigrante.com\/revista\/la-ruta-wilmar-mejia-podcaster-y-maestro-en-dallas-siempre-vuelve-a-guatemala\/","robots":"max-snippet:-1, max-image-preview:large, max-video-preview:-1","keywords":"","webmasterTools":{"miscellaneous":"&lt;link rel=\"preconnect\" href=\"https:\/\/fonts.googleapis.com\" crossorigin&gt;\n&lt;link rel=\"preconnect\" href=\"https:\/\/fonts.gstatic.com\" crossorigin&gt;"},"schema":null,"og:locale":"es_ES","og:site_name":"SoyMigrante.com REVISTA \u2013 Nuestra misi\u00f3n es reconocer y dignificar al migrante.","og:type":"article","og:title":"El camino de Wilmar: de Guatemala a Texas y viceversa","og:description":"Wilmar Mej\u00eda ha construido en Dallas, Texas un sue\u00f1o junto a su esposa e hijos, cuyo vuelo siempre pasa por Guatemala, donde inici\u00f3 su vocaci\u00f3n comunicadora.","og:url":"https:\/\/soymigrante.com\/revista\/la-ruta-wilmar-mejia-podcaster-y-maestro-en-dallas-siempre-vuelve-a-guatemala\/","og:image":"https:\/\/soymigrante.com\/revista\/wp-content\/uploads\/2025\/11\/wilmar-mejia-dallas-texas-migrante-guatemalteco-11.jpg","og:image:secure_url":"https:\/\/soymigrante.com\/revista\/wp-content\/uploads\/2025\/11\/wilmar-mejia-dallas-texas-migrante-guatemalteco-11.jpg","og:image:width":1429,"og:image:height":1429,"article:published_time":"2025-11-20T17:21:39+00:00","article:modified_time":"2025-11-20T17:33:27+00:00","article:publisher":"https:\/\/www.facebook.com\/soymigrantecom","twitter:card":"summary_large_image","twitter:site":"@SoyMigrante_com","twitter:title":"El camino de Wilmar: de Guatemala a Texas y viceversa","twitter:description":"Wilmar Mej\u00eda ha construido en Dallas, Texas un sue\u00f1o junto a su esposa e hijos, cuyo vuelo siempre pasa por Guatemala, donde inici\u00f3 su vocaci\u00f3n comunicadora.","twitter:creator":"@SoyMigrante_com","twitter:image":"https:\/\/soymigrante.com\/revista\/wp-content\/uploads\/2025\/11\/wilmar-mejia-dallas-texas-migrante-guatemalteco-11.jpg"},"aioseo_meta_data":{"post_id":"50922","title":"Profesor guatemalteco en Top 50 de certamen mundial de docentes","description":"C\u00e9sar Fetzer impulsa la lectura con t\u00e9cnicas innovadoras en Alta Verapaz. Es el primer guatemalteco finalista en certamen mundial Global Teacher Prize.","keywords":null,"keyphrases":{"focus":{"keyphrase":"Guatemalteco","score":91,"analysis":{"keyphraseInTitle":{"score":9,"maxScore":9,"error":0},"keyphraseInDescription":{"score":9,"maxScore":9,"error":0},"keyphraseLength":{"score":9,"maxScore":9,"error":0,"length":1},"keyphraseInURL":{"score":5,"maxScore":5,"error":0},"keyphraseInIntroduction":{"score":3,"maxScore":9,"error":1},"keyphraseInSubHeadings":{"score":9,"maxScore":9,"error":0},"keyphraseInImageAlt":{"score":9,"maxScore":9,"error":0},"keywordDensity":{"type":"best","score":9,"maxScore":9,"error":0}}},"additional":[{"keyphrase":"Mundial","score":53,"analysis":{"keyphraseInDescription":{"score":9,"maxScore":9,"error":0},"keyphraseLength":{"score":9,"maxScore":9,"error":0,"length":1},"keyphraseInIntroduction":{"score":3,"maxScore":9,"error":1},"keyphraseInImageAlt":{"score":3,"maxScore":9,"error":1},"keywordDensity":{"score":0,"type":"low","maxScore":9,"error":1}}},{"keyphrase":"Profesor","score":53,"analysis":{"keyphraseInDescription":{"score":3,"maxScore":9,"error":1},"keyphraseLength":{"score":9,"maxScore":9,"error":0,"length":1},"keyphraseInIntroduction":{"score":9,"maxScore":9,"error":0},"keyphraseInImageAlt":{"score":3,"maxScore":9,"error":1},"keywordDensity":{"score":0,"type":"low","maxScore":9,"error":1}}}]},"primary_term":null,"canonical_url":null,"og_title":null,"og_description":null,"og_object_type":"default","og_image_type":"default","og_image_url":null,"og_image_width":null,"og_image_height":null,"og_image_custom_url":null,"og_image_custom_fields":null,"og_video":"","og_custom_url":null,"og_article_section":null,"og_article_tags":null,"twitter_use_og":false,"twitter_card":"default","twitter_image_type":"default","twitter_image_url":null,"twitter_image_custom_url":null,"twitter_image_custom_fields":null,"twitter_title":null,"twitter_description":null,"schema":{"blockGraphs":[],"customGraphs":[],"default":{"data":{"Article":[],"Course":[],"Dataset":[],"FAQPage":[],"Movie":[],"Person":[],"Product":[],"ProductReview":[],"Car":[],"Recipe":[],"Service":[],"SoftwareApplication":[],"WebPage":[]},"graphName":"NewsArticle","isEnabled":true},"graphs":[]},"schema_type":"default","schema_type_options":null,"pillar_content":false,"robots_default":true,"robots_noindex":false,"robots_noarchive":false,"robots_nosnippet":false,"robots_nofollow":false,"robots_noimageindex":false,"robots_noodp":false,"robots_notranslate":false,"robots_max_snippet":"-1","robots_max_videopreview":"-1","robots_max_imagepreview":"large","priority":null,"frequency":"default","local_seo":null,"seo_analyzer_scan_date":"2026-02-24 15:28:38","breadcrumb_settings":null,"limit_modified_date":false,"reviewed_by":"0","open_ai":null,"ai":{"faqs":[],"keyPoints":[],"titles":[],"descriptions":[],"socialPosts":{"email":[],"linkedin":[],"twitter":[],"facebook":[],"instagram":[]}},"created":"2026-01-12 18:38:44","updated":"2026-02-24 15:28:38"},"aioseo_breadcrumb":"<div class=\"aioseo-breadcrumbs\"><span class=\"aioseo-breadcrumb\">\n\t<a href=\"https:\/\/soymigrante.com\/revista\" title=\"Home\">Home<\/a>\n<\/span><span class=\"aioseo-breadcrumb-separator\">\u00bb<\/span><span class=\"aioseo-breadcrumb\">\n\t<a href=\"https:\/\/soymigrante.com\/revista\/category\/noticias\/\" title=\"Noticias\">Noticias<\/a>\n<\/span><span class=\"aioseo-breadcrumb-separator\">\u00bb<\/span><span class=\"aioseo-breadcrumb\">\n\tProfesor guatemalteco C\u00e9sar Fetzer nominado en Top 50 de certamen mundial de docentes\n<\/span><\/div>","aioseo_breadcrumb_json":[{"label":"Home","link":"https:\/\/soymigrante.com\/revista"},{"label":"Noticias","link":"https:\/\/soymigrante.com\/revista\/category\/noticias\/"},{"label":"Profesor guatemalteco C\u00e9sar Fetzer nominado en Top 50 de certamen mundial de docentes","link":"https:\/\/soymigrante.com\/revista\/profesor-guatemalteco-cesar-fetzer-nominado-en-top-50-de-certamen-mundial-de-docentes\/"}],"_links":{"self":[{"href":"https:\/\/soymigrante.com\/revista\/wp-json\/wp\/v2\/posts\/50922","targetHints":{"allow":["GET"]}}],"collection":[{"href":"https:\/\/soymigrante.com\/revista\/wp-json\/wp\/v2\/posts"}],"about":[{"href":"https:\/\/soymigrante.com\/revista\/wp-json\/wp\/v2\/types\/post"}],"author":[{"embeddable":true,"href":"https:\/\/soymigrante.com\/revista\/wp-json\/wp\/v2\/users\/1"}],"replies":[{"embeddable":true,"href":"https:\/\/soymigrante.com\/revista\/wp-json\/wp\/v2\/comments?post=50922"}],"version-history":[{"count":5,"href":"https:\/\/soymigrante.com\/revista\/wp-json\/wp\/v2\/posts\/50922\/revisions"}],"predecessor-version":[{"id":50932,"href":"https:\/\/soymigrante.com\/revista\/wp-json\/wp\/v2\/posts\/50922\/revisions\/50932"}],"wp:featuredmedia":[{"embeddable":true,"href":"https:\/\/soymigrante.com\/revista\/wp-json\/wp\/v2\/media\/50923"}],"wp:attachment":[{"href":"https:\/\/soymigrante.com\/revista\/wp-json\/wp\/v2\/media?parent=50922"}],"wp:term":[{"taxonomy":"category","embeddable":true,"href":"https:\/\/soymigrante.com\/revista\/wp-json\/wp\/v2\/categories?post=50922"},{"taxonomy":"post_tag","embeddable":true,"href":"https:\/\/soymigrante.com\/revista\/wp-json\/wp\/v2\/tags?post=50922"}],"curies":[{"name":"wp","href":"https:\/\/api.w.org\/{rel}","templated":true}]}}