{"id":50889,"date":"2026-01-12T05:52:57","date_gmt":"2026-01-12T11:52:57","guid":{"rendered":"https:\/\/soymigrante.com\/revista\/?p=50889"},"modified":"2026-01-12T15:36:26","modified_gmt":"2026-01-12T21:36:26","slug":"cristo-de-esquipulas-mojado-los-angeles-recibe-veneracion-migrantes-aunque-no-hubo-procesion-2025","status":"publish","type":"post","link":"https:\/\/soymigrante.com\/revista\/cristo-de-esquipulas-mojado-los-angeles-recibe-veneracion-migrantes-aunque-no-hubo-procesion-2025\/","title":{"rendered":"Cristo Mojado no sali\u00f3 en procesi\u00f3n pero el fervor de fieles migrantes nunca falta: en im\u00e1genes"},"content":{"rendered":"\t\t<div data-elementor-type=\"wp-post\" data-elementor-id=\"50889\" class=\"elementor elementor-50889\" data-elementor-post-type=\"post\">\n\t\t\t\t<div data-particle_enable=\"false\" data-particle-mobile-disabled=\"false\" class=\"elementor-element elementor-element-09ad05d e-flex e-con-boxed e-con e-parent\" data-id=\"09ad05d\" data-element_type=\"container\" data-e-type=\"container\">\n\t\t\t\t\t<div class=\"e-con-inner\">\n\t\t\t\t<div class=\"elementor-element elementor-element-3cd75e0 elementor-widget elementor-widget-heading\" data-id=\"3cd75e0\" data-element_type=\"widget\" data-e-type=\"widget\" data-widget_type=\"heading.default\">\n\t\t\t\t\t<h2 class=\"elementor-heading-title elementor-size-default\">A causa de la situaci\u00f3n migratoria este a\u00f1o se suspendi\u00f3 la procesi\u00f3n del Cristo de Esquipulas de Santa Cecilia en Los Angeles, tambi\u00e9n llamado Cristo Mojado o de Los Migrantes. Pero hay novena, misas y un altar especial de veneraci\u00f3n.<\/h2>\t\t\t\t<\/div>\n\t\t\t\t\t<\/div>\n\t\t\t\t<\/div>\n\t\t<div data-particle_enable=\"false\" data-particle-mobile-disabled=\"false\" class=\"elementor-element elementor-element-39c9ae2 e-flex e-con-boxed e-con e-parent\" data-id=\"39c9ae2\" data-element_type=\"container\" data-e-type=\"container\">\n\t\t\t\t\t<div class=\"e-con-inner\">\n\t\t\t\t<div class=\"elementor-element elementor-element-1770c3e elementor-widget elementor-widget-text-editor\" data-id=\"1770c3e\" data-element_type=\"widget\" data-e-type=\"widget\" data-widget_type=\"text-editor.default\">\n\t\t\t\t\t\t\t\t\t<p>El 15 de enero, D\u00eda del Santo Cristo de Esquipulas habr\u00e1 canto de Las Ma\u00f1anitas en el templo Santa Cecilia, de Los Angeles, en honor <a href=\"https:\/\/soymigrante.com\/revista\/cristo-mojado-de-esquipulas-los-angeles\/\">al Cristo de los Migrantes o Cristo Mojado.<\/a> Pero desde ya est\u00e1 a la veneraci\u00f3n en un altar elaborado por integrantes de la Fraternidad. D\u00edas atr\u00e1s avisaron que no habr\u00eda procesi\u00f3n, para evitar cualquier inconveniente relacionado con los operativos migratorios. Sin embargo, las puertas del templo est\u00e1n abiertas a todos los fieles devotos.\u00a0<\/p><p>Esta r\u00e9plica del <a href=\"https:\/\/soymigrante.com\/revista\/cristo-esquipulas-veneracion-migrantes-basilica-estados-unidos-guatemala\/\">Santo Cristo venerado en la Bas\u00edlica de Esquipulas<\/a> desde hace m\u00e1s de 400 a\u00f1os, motiva esperanza en las comunidades migrantes desde que lleg\u00f3.<\/p>\t\t\t\t\t\t\t\t<\/div>\n\t\t\t\t\t<\/div>\n\t\t\t\t<\/div>\n\t\t<div data-particle_enable=\"false\" data-particle-mobile-disabled=\"false\" class=\"elementor-element elementor-element-9d31c64 e-flex e-con-boxed e-con e-parent\" data-id=\"9d31c64\" data-element_type=\"container\" data-e-type=\"container\">\n\t\t\t\t\t<div class=\"e-con-inner\">\n\t\t\t\t<div class=\"elementor-element elementor-element-1c687e7 elementor-widget elementor-widget-image\" data-id=\"1c687e7\" data-element_type=\"widget\" data-e-type=\"widget\" data-widget_type=\"image.default\">\n\t\t\t\t\t\t\t\t\t\t\t\t<figure class=\"wp-caption\">\n\t\t\t\t\t\t\t\t\t\t<img fetchpriority=\"high\" decoding=\"async\" width=\"975\" height=\"650\" src=\"https:\/\/soymigrante.com\/revista\/wp-content\/uploads\/2026\/01\/cristo-mojado-esquipulas-los-angeles-migrante-devocion-migrantes-5.jpg\" class=\"attachment-large size-large wp-image-50894\" alt=\"Miembros de la Fraternidad del Cristo de Esquipulas de los Migrantes, de la parroquia Santa Cecilia, elaboraron un hermoso altar para la puesta en veneraci\u00f3n de la imagen en la semana de su fiesta titular. (Foto Fraternidad de Esquipulas de Santa Cecilia)\" srcset=\"https:\/\/soymigrante.com\/revista\/wp-content\/uploads\/2026\/01\/cristo-mojado-esquipulas-los-angeles-migrante-devocion-migrantes-5.jpg 975w, https:\/\/soymigrante.com\/revista\/wp-content\/uploads\/2026\/01\/cristo-mojado-esquipulas-los-angeles-migrante-devocion-migrantes-5-300x200.jpg 300w, https:\/\/soymigrante.com\/revista\/wp-content\/uploads\/2026\/01\/cristo-mojado-esquipulas-los-angeles-migrante-devocion-migrantes-5-768x512.jpg 768w, https:\/\/soymigrante.com\/revista\/wp-content\/uploads\/2026\/01\/cristo-mojado-esquipulas-los-angeles-migrante-devocion-migrantes-5-750x500.jpg 750w\" sizes=\"(max-width: 975px) 100vw, 975px\" title=\"Miembros de la Fraternidad del Cristo de Esquipulas de los Migrantes, de la parroquia Santa Cecilia, elaboraron un hermoso altar para la puesta en veneraci\u00f3n de la imagen en la semana de su fiesta titular. (Foto Fraternidad de Esquipulas de Santa Cecilia) \u2013 SoyMigrante.com REVISTA\" \/>\t\t\t\t\t\t\t\t\t\t\t<figcaption class=\"widget-image-caption wp-caption-text\">Miembros de la Fraternidad del Cristo de Esquipulas de los Migrantes, de la parroquia Santa Cecilia, elaboraron un hermoso altar para la puesta en veneraci\u00f3n de la imagen en la semana de su fiesta titular. (Foto Fraternidad de Esquipulas de Santa Cecilia)<\/figcaption>\n\t\t\t\t\t\t\t\t\t\t<\/figure>\n\t\t\t\t\t\t\t\t\t<\/div>\n\t\t\t\t\t<\/div>\n\t\t\t\t<\/div>\n\t\t<div data-particle_enable=\"false\" data-particle-mobile-disabled=\"false\" class=\"elementor-element elementor-element-9ca870d e-flex e-con-boxed e-con e-parent\" data-id=\"9ca870d\" data-element_type=\"container\" data-e-type=\"container\">\n\t\t\t\t\t<div class=\"e-con-inner\">\n\t\t\t\t<div class=\"elementor-element elementor-element-097d655 elementor-widget elementor-widget-text-editor\" data-id=\"097d655\" data-element_type=\"widget\" data-e-type=\"widget\" data-widget_type=\"text-editor.default\">\n\t\t\t\t\t\t\t\t\t<p><a href=\"https:\/\/soymigrante.com\/revista\/cristo-mojado-de-esquipulas-los-angeles\/\">El Cristo de Esquipulas de Santa Cecilia, lleg\u00f3 a esta parroquia en 2002<\/a>&nbsp;y desde entonces constituye un s\u00edmbolo de fe y esperanza para todas las comunidades migrantes de Los Angeles. A lo largo del a\u00f1o acuden familias a orar ante \u00e9l, pero en su fiesta, el 15 de enero, se espera que sea una afluencia mucho mayor.<\/p>\n<p>&#8220;Este a\u00f1o se cancel\u00f3 la procesi\u00f3n debido a la situaci\u00f3n migratoria que estamos pasando&#8221;, indic\u00f3 la Fraternidad de Esquipulas de Los Angeles, que compar\u00f3 esta decisi\u00f3n con los tiempos de pandemia, en cuanto a que la distancia no debe ni puede frenar la fe ni las oraciones.&nbsp;&nbsp;<\/p>\n<p><a href=\"https:\/\/soymigrante.com\/revista\/migrante-guatemalteco-diacono-felix-rac-cristo-esquipulas-los-angeles-fe-devocion\/\">El di\u00e1cono F\u00e9lix Rac, guatemalteco,<\/a> record\u00f3 durante la celebraci\u00f3n lit\u00fargica del 9 de enero, que el <a href=\"https:\/\/soymigrante.com\/revista\/cristo-esquipulas-veneracion-migrantes-basilica-estados-unidos-guatemala\/\">Cristo de Esquipulas<\/a> refleja el amor incondicional de Dios para todos. Ese d\u00eda se produjo el traslado de la imagen hasta el altar mayor, donde se encuentra en veneraci\u00f3n.<\/p>\t\t\t\t\t\t\t\t<\/div>\n\t\t\t\t\t<\/div>\n\t\t\t\t<\/div>\n\t\t<div data-particle_enable=\"false\" data-particle-mobile-disabled=\"false\" class=\"elementor-element elementor-element-0e8abe3 e-flex e-con-boxed e-con e-parent\" data-id=\"0e8abe3\" data-element_type=\"container\" data-e-type=\"container\">\n\t\t\t\t\t<div class=\"e-con-inner\">\n\t\t\t\t<div class=\"elementor-element elementor-element-32e5466 elementor-widget elementor-widget-image\" data-id=\"32e5466\" data-element_type=\"widget\" data-e-type=\"widget\" data-widget_type=\"image.default\">\n\t\t\t\t\t\t\t\t\t\t\t\t<figure class=\"wp-caption\">\n\t\t\t\t\t\t\t\t\t\t<img decoding=\"async\" width=\"1140\" height=\"792\" src=\"https:\/\/soymigrante.com\/revista\/wp-content\/uploads\/2026\/01\/cristo-de-esquipulas-mojado-migrantes-los-angeles-1-1140x792.png\" class=\"attachment-large size-large wp-image-50895\" alt=\"As\u00ed comenz\u00f3 el solemne acto de traslado de la imagen del Cristo de los Migrantes, desde su altar en el templo hacia el altar mayor, con motivo de su fiesta, este 15 de enero.\" srcset=\"https:\/\/soymigrante.com\/revista\/wp-content\/uploads\/2026\/01\/cristo-de-esquipulas-mojado-migrantes-los-angeles-1-1140x792.png 1140w, https:\/\/soymigrante.com\/revista\/wp-content\/uploads\/2026\/01\/cristo-de-esquipulas-mojado-migrantes-los-angeles-1-300x208.png 300w, https:\/\/soymigrante.com\/revista\/wp-content\/uploads\/2026\/01\/cristo-de-esquipulas-mojado-migrantes-los-angeles-1-768x533.png 768w, https:\/\/soymigrante.com\/revista\/wp-content\/uploads\/2026\/01\/cristo-de-esquipulas-mojado-migrantes-los-angeles-1-750x521.png 750w, https:\/\/soymigrante.com\/revista\/wp-content\/uploads\/2026\/01\/cristo-de-esquipulas-mojado-migrantes-los-angeles-1.png 1230w\" sizes=\"(max-width: 1140px) 100vw, 1140px\" title=\"As\u00ed comenz\u00f3 el solemne acto de traslado de la imagen del Cristo de los Migrantes, desde su altar en el templo hacia el altar mayor, con motivo de su fiesta, este 15 de enero. \u2013 SoyMigrante.com REVISTA\" \/>\t\t\t\t\t\t\t\t\t\t\t<figcaption class=\"widget-image-caption wp-caption-text\">As\u00ed comenz\u00f3 el solemne acto de traslado de la imagen del Cristo de los Migrantes, desde su altar en el templo hacia el altar mayor, con motivo de su fiesta, este 15 de enero. <\/figcaption>\n\t\t\t\t\t\t\t\t\t\t<\/figure>\n\t\t\t\t\t\t\t\t\t<\/div>\n\t\t\t\t\t<\/div>\n\t\t\t\t<\/div>\n\t\t<div data-particle_enable=\"false\" data-particle-mobile-disabled=\"false\" class=\"elementor-element elementor-element-53f0b89 e-flex e-con-boxed e-con e-parent\" data-id=\"53f0b89\" data-element_type=\"container\" data-e-type=\"container\">\n\t\t\t\t\t<div class=\"e-con-inner\">\n\t\t\t\t<div class=\"elementor-element elementor-element-e1f8e90 elementor-widget elementor-widget-image\" data-id=\"e1f8e90\" data-element_type=\"widget\" data-e-type=\"widget\" data-widget_type=\"image.default\">\n\t\t\t\t\t\t\t\t\t\t\t\t<figure class=\"wp-caption\">\n\t\t\t\t\t\t\t\t\t\t<img decoding=\"async\" width=\"975\" height=\"650\" src=\"https:\/\/soymigrante.com\/revista\/wp-content\/uploads\/2026\/01\/cristo-de-los-migrantes-los-angeles.jpg\" class=\"attachment-large size-large wp-image-50896\" alt=\"El templo de Santa Cecilia estaba lleno el 9 de enero para la ceremonia de traslado, que sigui\u00f3 al rezo de la novena y la celebraci\u00f3n lit\u00fargica.\" srcset=\"https:\/\/soymigrante.com\/revista\/wp-content\/uploads\/2026\/01\/cristo-de-los-migrantes-los-angeles.jpg 975w, https:\/\/soymigrante.com\/revista\/wp-content\/uploads\/2026\/01\/cristo-de-los-migrantes-los-angeles-300x200.jpg 300w, https:\/\/soymigrante.com\/revista\/wp-content\/uploads\/2026\/01\/cristo-de-los-migrantes-los-angeles-768x512.jpg 768w, https:\/\/soymigrante.com\/revista\/wp-content\/uploads\/2026\/01\/cristo-de-los-migrantes-los-angeles-750x500.jpg 750w\" sizes=\"(max-width: 975px) 100vw, 975px\" title=\"El templo de Santa Cecilia estaba lleno el 9 de enero para la ceremonia de traslado, que sigui\u00f3 al rezo de la novena y la celebraci\u00f3n lit\u00fargica. \u2013 SoyMigrante.com REVISTA\" \/>\t\t\t\t\t\t\t\t\t\t\t<figcaption class=\"widget-image-caption wp-caption-text\">El templo de Santa Cecilia estaba lleno el 9 de enero para la ceremonia de traslado, que sigui\u00f3 al rezo de la novena y la celebraci\u00f3n lit\u00fargica.<\/figcaption>\n\t\t\t\t\t\t\t\t\t\t<\/figure>\n\t\t\t\t\t\t\t\t\t<\/div>\n\t\t\t\t\t<\/div>\n\t\t\t\t<\/div>\n\t\t<div data-particle_enable=\"false\" data-particle-mobile-disabled=\"false\" class=\"elementor-element elementor-element-f2bfea2 e-flex e-con-boxed e-con e-parent\" data-id=\"f2bfea2\" data-element_type=\"container\" data-e-type=\"container\">\n\t\t\t\t\t<div class=\"e-con-inner\">\n\t\t\t\t<div class=\"elementor-element elementor-element-fffb68a elementor-widget elementor-widget-image\" data-id=\"fffb68a\" data-element_type=\"widget\" data-e-type=\"widget\" data-widget_type=\"image.default\">\n\t\t\t\t\t\t\t\t\t\t\t\t<figure class=\"wp-caption\">\n\t\t\t\t\t\t\t\t\t\t<img loading=\"lazy\" decoding=\"async\" width=\"1140\" height=\"650\" src=\"https:\/\/soymigrante.com\/revista\/wp-content\/uploads\/2026\/01\/cristo-de-esquipulas-mojado-migrantes-los-angeles-4-1140x650.png\" class=\"attachment-large size-large wp-image-50897\" alt=\"Con gran devoci\u00f3n fue trasladada la imagen del Cristo de Esquipulas desde la nave lateral hasta el altar mayor. Plegarias por familia, salud y tambi\u00e9n por la situaci\u00f3n migratoria actual se escucharon el el templo Santa Cecilia.\" srcset=\"https:\/\/soymigrante.com\/revista\/wp-content\/uploads\/2026\/01\/cristo-de-esquipulas-mojado-migrantes-los-angeles-4-1140x650.png 1140w, https:\/\/soymigrante.com\/revista\/wp-content\/uploads\/2026\/01\/cristo-de-esquipulas-mojado-migrantes-los-angeles-4-300x171.png 300w, https:\/\/soymigrante.com\/revista\/wp-content\/uploads\/2026\/01\/cristo-de-esquipulas-mojado-migrantes-los-angeles-4-768x438.png 768w, https:\/\/soymigrante.com\/revista\/wp-content\/uploads\/2026\/01\/cristo-de-esquipulas-mojado-migrantes-los-angeles-4-1536x876.png 1536w, https:\/\/soymigrante.com\/revista\/wp-content\/uploads\/2026\/01\/cristo-de-esquipulas-mojado-migrantes-los-angeles-4-750x427.png 750w, https:\/\/soymigrante.com\/revista\/wp-content\/uploads\/2026\/01\/cristo-de-esquipulas-mojado-migrantes-los-angeles-4.png 1593w\" sizes=\"(max-width: 1140px) 100vw, 1140px\" title=\"Con gran devoci\u00f3n fue trasladada la imagen del Cristo de Esquipulas desde la nave lateral  hasta el altar mayor. Plegarias por familia, salud y tambi\u00e9n por la situaci\u00f3n migratoria actual se escucharon el el templo Santa Cecilia. \u2013 SoyMigrante.com REVISTA\" \/>\t\t\t\t\t\t\t\t\t\t\t<figcaption class=\"widget-image-caption wp-caption-text\">Con gran devoci\u00f3n fue trasladada la imagen del Cristo de Esquipulas desde la nave lateral  hasta el altar mayor. Plegarias por familia, salud y tambi\u00e9n por la situaci\u00f3n migratoria actual se escucharon el el templo Santa Cecilia.<\/figcaption>\n\t\t\t\t\t\t\t\t\t\t<\/figure>\n\t\t\t\t\t\t\t\t\t<\/div>\n\t\t\t\t\t<\/div>\n\t\t\t\t<\/div>\n\t\t<div data-particle_enable=\"false\" data-particle-mobile-disabled=\"false\" class=\"elementor-element elementor-element-7e6b4d2 e-flex e-con-boxed e-con e-parent\" data-id=\"7e6b4d2\" data-element_type=\"container\" data-e-type=\"container\">\n\t\t\t\t\t<div class=\"e-con-inner\">\n\t\t\t\t<div class=\"elementor-element elementor-element-d137155 elementor-widget elementor-widget-heading\" data-id=\"d137155\" data-element_type=\"widget\" data-e-type=\"widget\" data-widget_type=\"heading.default\">\n\t\t\t\t\t<h4 class=\"elementor-heading-title elementor-size-default\">El rezo de la novena al Cristo de Esquipulas, del 7 al 15 de enero, a las 7 de la noche, en Santa Cecilia. El 15 de enero el templo estar\u00e1 abierto desde las 6 de la ma\u00f1ana a todos los fieles.<\/h4>\t\t\t\t<\/div>\n\t\t\t\t\t<\/div>\n\t\t\t\t<\/div>\n\t\t<div data-particle_enable=\"false\" data-particle-mobile-disabled=\"false\" class=\"elementor-element elementor-element-189cec6 e-flex e-con-boxed e-con e-parent\" data-id=\"189cec6\" data-element_type=\"container\" data-e-type=\"container\">\n\t\t\t\t\t<div class=\"e-con-inner\">\n\t\t\t\t<div class=\"elementor-element elementor-element-fd2692a elementor-widget elementor-widget-image\" data-id=\"fd2692a\" data-element_type=\"widget\" data-e-type=\"widget\" data-widget_type=\"image.default\">\n\t\t\t\t\t\t\t\t\t\t\t\t<figure class=\"wp-caption\">\n\t\t\t\t\t\t\t\t\t\t<img loading=\"lazy\" decoding=\"async\" width=\"975\" height=\"650\" src=\"https:\/\/soymigrante.com\/revista\/wp-content\/uploads\/2026\/01\/cristo-mojado-esquipulas-los-angeles-migrante-devocion-migrantes-2.jpg\" class=\"attachment-large size-large wp-image-50898\" alt=\"Integrantes de la Fraternidad de Esquipulas en Santa Cecilia prepararon desde d\u00edas atr\u00e1s los elementos para el impresionante altar de veneraci\u00f3n, como una ofrenda de amor y devoci\u00f3n al Santo Cristo.\" srcset=\"https:\/\/soymigrante.com\/revista\/wp-content\/uploads\/2026\/01\/cristo-mojado-esquipulas-los-angeles-migrante-devocion-migrantes-2.jpg 975w, https:\/\/soymigrante.com\/revista\/wp-content\/uploads\/2026\/01\/cristo-mojado-esquipulas-los-angeles-migrante-devocion-migrantes-2-300x200.jpg 300w, https:\/\/soymigrante.com\/revista\/wp-content\/uploads\/2026\/01\/cristo-mojado-esquipulas-los-angeles-migrante-devocion-migrantes-2-768x512.jpg 768w, https:\/\/soymigrante.com\/revista\/wp-content\/uploads\/2026\/01\/cristo-mojado-esquipulas-los-angeles-migrante-devocion-migrantes-2-750x500.jpg 750w\" sizes=\"(max-width: 975px) 100vw, 975px\" title=\"Integrantes de la Fraternidad de Esquipulas en Santa Cecilia prepararon desde d\u00edas atr\u00e1s los elementos para el impresionante altar de veneraci\u00f3n, como una ofrenda de amor y devoci\u00f3n al Santo Cristo. \u2013 SoyMigrante.com REVISTA\" \/>\t\t\t\t\t\t\t\t\t\t\t<figcaption class=\"widget-image-caption wp-caption-text\">Integrantes de la Fraternidad de Esquipulas en Santa Cecilia prepararon desde d\u00edas atr\u00e1s los elementos para el impresionante altar de veneraci\u00f3n, como una ofrenda de amor y devoci\u00f3n al Santo Cristo.<\/figcaption>\n\t\t\t\t\t\t\t\t\t\t<\/figure>\n\t\t\t\t\t\t\t\t\t<\/div>\n\t\t\t\t\t<\/div>\n\t\t\t\t<\/div>\n\t\t<div data-particle_enable=\"false\" data-particle-mobile-disabled=\"false\" class=\"elementor-element elementor-element-69b172d e-flex e-con-boxed e-con e-parent\" data-id=\"69b172d\" data-element_type=\"container\" data-e-type=\"container\">\n\t\t\t\t\t<div class=\"e-con-inner\">\n\t\t\t\t<div class=\"elementor-element elementor-element-59a7894 elementor-widget elementor-widget-image\" data-id=\"59a7894\" data-element_type=\"widget\" data-e-type=\"widget\" data-widget_type=\"image.default\">\n\t\t\t\t\t\t\t\t\t\t\t\t<figure class=\"wp-caption\">\n\t\t\t\t\t\t\t\t\t\t<img loading=\"lazy\" decoding=\"async\" width=\"975\" height=\"650\" src=\"https:\/\/soymigrante.com\/revista\/wp-content\/uploads\/2026\/01\/cristo-mojado-esquipulas-los-angeles-migrante-devocion-migrantes-3.jpg\" class=\"attachment-large size-large wp-image-50899\" alt=\"En cada detalle hay mucho cari\u00f1o, devoci\u00f3n y plegarias por todos los migrantes guatemaltecos y centroamericanos que acudir\u00edan a venerarlo por su fiesta el 15 de enero, pero que tambi\u00e9n llegan a lo largo de todo el a\u00f1o a orar ante la venerada imagen del Cristo &quot;Mojado&quot;.\" srcset=\"https:\/\/soymigrante.com\/revista\/wp-content\/uploads\/2026\/01\/cristo-mojado-esquipulas-los-angeles-migrante-devocion-migrantes-3.jpg 975w, https:\/\/soymigrante.com\/revista\/wp-content\/uploads\/2026\/01\/cristo-mojado-esquipulas-los-angeles-migrante-devocion-migrantes-3-300x200.jpg 300w, https:\/\/soymigrante.com\/revista\/wp-content\/uploads\/2026\/01\/cristo-mojado-esquipulas-los-angeles-migrante-devocion-migrantes-3-768x512.jpg 768w, https:\/\/soymigrante.com\/revista\/wp-content\/uploads\/2026\/01\/cristo-mojado-esquipulas-los-angeles-migrante-devocion-migrantes-3-750x500.jpg 750w\" sizes=\"(max-width: 975px) 100vw, 975px\" title=\"En cada detalle hay mucho cari\u00f1o, devoci\u00f3n y plegarias por todos los migrantes guatemaltecos y centroamericanos que acudir\u00edan a venerarlo por su fiesta el 15 de enero, pero que tambi\u00e9n llegan a lo largo de todo el a\u00f1o a orar ante la venerada imagen del Cristo &quot;Mojado&quot;. \u2013 SoyMigrante.com REVISTA\" \/>\t\t\t\t\t\t\t\t\t\t\t<figcaption class=\"widget-image-caption wp-caption-text\">En cada detalle hay mucho cari\u00f1o, devoci\u00f3n y plegarias por todos los migrantes guatemaltecos y centroamericanos que acudir\u00edan a venerarlo por su fiesta el 15 de enero, pero que tambi\u00e9n llegan a lo largo de todo el a\u00f1o a orar ante la venerada imagen del Cristo \"Mojado\".<\/figcaption>\n\t\t\t\t\t\t\t\t\t\t<\/figure>\n\t\t\t\t\t\t\t\t\t<\/div>\n\t\t\t\t\t<\/div>\n\t\t\t\t<\/div>\n\t\t<div data-particle_enable=\"false\" data-particle-mobile-disabled=\"false\" class=\"elementor-element elementor-element-fa9c34d e-flex e-con-boxed e-con e-parent\" data-id=\"fa9c34d\" data-element_type=\"container\" data-e-type=\"container\">\n\t\t\t\t\t<div class=\"e-con-inner\">\n\t\t\t\t<div class=\"elementor-element elementor-element-d6ee41a elementor-widget elementor-widget-image\" data-id=\"d6ee41a\" data-element_type=\"widget\" data-e-type=\"widget\" data-widget_type=\"image.default\">\n\t\t\t\t\t\t\t\t\t\t\t\t<figure class=\"wp-caption\">\n\t\t\t\t\t\t\t\t\t\t<img loading=\"lazy\" decoding=\"async\" width=\"1140\" height=\"762\" src=\"https:\/\/soymigrante.com\/revista\/wp-content\/uploads\/2026\/01\/cristo-de-esquipulas-mojado-migrantes-los-angeles-2-1140x762.png\" class=\"attachment-large size-large wp-image-50900\" alt=\"Uno de los m\u00e1s emotivos momentos se vivi\u00f3 el 9 de enero, cuando el Cristo de Esquipulas de los Migrantes o Cristo Mojado fue colocado en el altar mayor del templo Santa Cecilia, en Los Angeles.\" srcset=\"https:\/\/soymigrante.com\/revista\/wp-content\/uploads\/2026\/01\/cristo-de-esquipulas-mojado-migrantes-los-angeles-2-1140x762.png 1140w, https:\/\/soymigrante.com\/revista\/wp-content\/uploads\/2026\/01\/cristo-de-esquipulas-mojado-migrantes-los-angeles-2-300x200.png 300w, https:\/\/soymigrante.com\/revista\/wp-content\/uploads\/2026\/01\/cristo-de-esquipulas-mojado-migrantes-los-angeles-2-768x513.png 768w, https:\/\/soymigrante.com\/revista\/wp-content\/uploads\/2026\/01\/cristo-de-esquipulas-mojado-migrantes-los-angeles-2-750x501.png 750w, https:\/\/soymigrante.com\/revista\/wp-content\/uploads\/2026\/01\/cristo-de-esquipulas-mojado-migrantes-los-angeles-2.png 1308w\" sizes=\"(max-width: 1140px) 100vw, 1140px\" title=\"Uno de los m\u00e1s emotivos momentos se vivi\u00f3 el 9 de enero, cuando el Cristo de Esquipulas de los Migrantes o Cristo Mojado fue colocado en el altar mayor del templo Santa Cecilia, en Los Angeles. \u2013 SoyMigrante.com REVISTA\" \/>\t\t\t\t\t\t\t\t\t\t\t<figcaption class=\"widget-image-caption wp-caption-text\">Uno de los m\u00e1s emotivos momentos se vivi\u00f3 el 9 de enero, cuando el Cristo de Esquipulas de los Migrantes o Cristo Mojado fue colocado en el altar mayor del templo Santa Cecilia, en Los Angeles.<\/figcaption>\n\t\t\t\t\t\t\t\t\t\t<\/figure>\n\t\t\t\t\t\t\t\t\t<\/div>\n\t\t\t\t\t<\/div>\n\t\t\t\t<\/div>\n\t\t<div data-particle_enable=\"false\" data-particle-mobile-disabled=\"false\" class=\"elementor-element elementor-element-e52083b e-flex e-con-boxed e-con e-parent\" data-id=\"e52083b\" data-element_type=\"container\" data-e-type=\"container\">\n\t\t\t\t\t<div class=\"e-con-inner\">\n\t\t\t\t<div class=\"elementor-element elementor-element-b4849e3 elementor-widget elementor-widget-image\" data-id=\"b4849e3\" data-element_type=\"widget\" data-e-type=\"widget\" data-widget_type=\"image.default\">\n\t\t\t\t\t\t\t\t\t\t\t\t<figure class=\"wp-caption\">\n\t\t\t\t\t\t\t\t\t\t<img loading=\"lazy\" decoding=\"async\" width=\"975\" height=\"650\" src=\"https:\/\/soymigrante.com\/revista\/wp-content\/uploads\/2026\/01\/cristo-mojado-esquipulas-de-los-angeles-migrante-devocion-3.jpg\" class=\"attachment-large size-large wp-image-50901\" alt=\"Aunque no hubo procesi\u00f3n, debido a la situaci\u00f3n migratoria actual, la fe sigue fuerte y la devoci\u00f3n al Santo Cristo de Esquipulas se refuerza a\u00fan m\u00e1s mediante oraciones por salud, trabajo, familia, amigos y protecci\u00f3n.\" srcset=\"https:\/\/soymigrante.com\/revista\/wp-content\/uploads\/2026\/01\/cristo-mojado-esquipulas-de-los-angeles-migrante-devocion-3.jpg 975w, https:\/\/soymigrante.com\/revista\/wp-content\/uploads\/2026\/01\/cristo-mojado-esquipulas-de-los-angeles-migrante-devocion-3-300x200.jpg 300w, https:\/\/soymigrante.com\/revista\/wp-content\/uploads\/2026\/01\/cristo-mojado-esquipulas-de-los-angeles-migrante-devocion-3-768x512.jpg 768w, https:\/\/soymigrante.com\/revista\/wp-content\/uploads\/2026\/01\/cristo-mojado-esquipulas-de-los-angeles-migrante-devocion-3-750x500.jpg 750w\" sizes=\"(max-width: 975px) 100vw, 975px\" title=\"Aunque no hubo procesi\u00f3n, debido a la situaci\u00f3n migratoria actual, la fe sigue fuerte y la devoci\u00f3n al Santo Cristo de Esquipulas se refuerza a\u00fan m\u00e1s mediante oraciones por salud, trabajo, familia, amigos y protecci\u00f3n. \u2013 SoyMigrante.com REVISTA\" \/>\t\t\t\t\t\t\t\t\t\t\t<figcaption class=\"widget-image-caption wp-caption-text\">Aunque no hubo procesi\u00f3n, debido a la situaci\u00f3n migratoria actual, la fe sigue fuerte y la devoci\u00f3n al Santo Cristo de Esquipulas se refuerza a\u00fan m\u00e1s mediante oraciones por salud, trabajo, familia, amigos y protecci\u00f3n. <\/figcaption>\n\t\t\t\t\t\t\t\t\t\t<\/figure>\n\t\t\t\t\t\t\t\t\t<\/div>\n\t\t\t\t\t<\/div>\n\t\t\t\t<\/div>\n\t\t<div data-particle_enable=\"false\" data-particle-mobile-disabled=\"false\" class=\"elementor-element elementor-element-48341b6 e-flex e-con-boxed e-con e-parent\" data-id=\"48341b6\" data-element_type=\"container\" data-e-type=\"container\">\n\t\t\t\t\t<div class=\"e-con-inner\">\n\t\t\t\t<div class=\"elementor-element elementor-element-c36738c elementor-widget elementor-widget-heading\" data-id=\"c36738c\" data-element_type=\"widget\" data-e-type=\"widget\" data-widget_type=\"heading.default\">\n\t\t\t\t\t<h2 class=\"elementor-heading-title elementor-size-default\">Quiz\u00e1 te interesen estos art\u00edculos<\/h2>\t\t\t\t<\/div>\n\t\t\t\t\t<\/div>\n\t\t\t\t<\/div>\n\t\t<div data-particle_enable=\"false\" data-particle-mobile-disabled=\"false\" class=\"elementor-element elementor-element-421fcb7 e-flex e-con-boxed e-con e-parent\" data-id=\"421fcb7\" data-element_type=\"container\" data-e-type=\"container\">\n\t\t\t\t\t<div class=\"e-con-inner\">\n\t\t\t\t<div class=\"elementor-element elementor-element-f135324 elementor-grid-eael-col-3 elementor-grid-tablet-eael-col-2 elementor-grid-mobile-eael-col-1 elementor-widget elementor-widget-eael-post-grid\" data-id=\"f135324\" data-element_type=\"widget\" data-e-type=\"widget\" data-settings=\"{&quot;eael_post_grid_columns&quot;:&quot;eael-col-3&quot;,&quot;eael_post_grid_columns_tablet&quot;:&quot;eael-col-2&quot;,&quot;eael_post_grid_columns_mobile&quot;:&quot;eael-col-1&quot;}\" data-widget_type=\"eael-post-grid.default\">\n\t\t\t\t\t<div id=\"eael-post-grid-f135324\" class=\"eael-post-grid-container\">\n            <div class=\"eael-post-grid eael-post-appender eael-post-appender-f135324 eael-post-grid-style-one\" data-layout-mode=\"masonry\"><article class=\"eael-grid-post  eael-post-grid-column eael-pg-post-4383 category-estamos-unidos\" data-id=\"4383\">\n        <div class=\"eael-grid-post-holder\">\n            <div class=\"eael-grid-post-holder-inner\"><div class=\"eael-entry-media\"><div class=\"eael-entry-overlay fade-in\"><i class=\"far fa-hand-pointer\" aria-hidden=\"true\"><\/i><a href=\"https:\/\/soymigrante.com\/revista\/parroquias-estados-unidos-festejan-dia-del-cristo-de-esquipulas\/\"><\/a><\/div><div class=\"eael-entry-thumbnail eael-image-ratio\">\n                <img loading=\"lazy\" decoding=\"async\" width=\"720\" height=\"720\" src=\"https:\/\/soymigrante.com\/revista\/wp-content\/uploads\/2025\/01\/santo-cristo-esquipulas-en-hawthorne-California.webp\" class=\"attachment-large size-large wp-image-20377\" alt=\"Cristo crucificado en exhibici\u00f3n en un museo con visitantes, representaci\u00f3n religiosa, arte sacro, cultura mexicana, historia religiosa, turismo espiritual, celebrar tradiciones, patrimonio cultural, arte religioso, comunidad cat\u00f3lica.\" srcset=\"https:\/\/soymigrante.com\/revista\/wp-content\/uploads\/2025\/01\/santo-cristo-esquipulas-en-hawthorne-California.webp 720w, https:\/\/soymigrante.com\/revista\/wp-content\/uploads\/2025\/01\/santo-cristo-esquipulas-en-hawthorne-California-300x300.jpg 300w, https:\/\/soymigrante.com\/revista\/wp-content\/uploads\/2025\/01\/santo-cristo-esquipulas-en-hawthorne-California-150x150.jpg 150w, https:\/\/soymigrante.com\/revista\/wp-content\/uploads\/2025\/01\/santo-cristo-esquipulas-en-hawthorne-California-75x75.webp 75w\" sizes=\"(max-width: 720px) 100vw, 720px\" \/>\n            <\/div>\n        <\/div><div class=\"eael-entry-wrapper\"><header class=\"eael-entry-header\"><h2 class=\"eael-entry-title\"><a class=\"eael-grid-post-link\" href=\"https:\/\/soymigrante.com\/revista\/parroquias-estados-unidos-festejan-dia-del-cristo-de-esquipulas\/\" title=\"\u00bfEn qu\u00e9 iglesias de USA se venera al Cristo de Esquipulas? Listado y ubicaci\u00f3n\">\u00bfEn qu\u00e9 iglesias de USA se venera al Cristo de Esquipulas? Listado y ubicaci\u00f3n<\/a><\/h2><\/header><div class=\"eael-entry-content\">\n                        <div class=\"eael-grid-post-excerpt\"><a href=\"https:\/\/soymigrante.com\/revista\/parroquias-estados-unidos-festejan-dia-del-cristo-de-esquipulas\/\" class=\"eael-post-elements-readmore-btn\">CONOCE SU HISTORIA <\/a><\/div>\n                    <\/div><\/div><\/div>\n        <\/div>\n    <\/article><article class=\"eael-grid-post  eael-post-grid-column eael-pg-post-19227 category-estamos-unidos\" data-id=\"19227\">\n        <div class=\"eael-grid-post-holder\">\n            <div class=\"eael-grid-post-holder-inner\"><div class=\"eael-entry-media\"><div class=\"eael-entry-overlay fade-in\"><i class=\"far fa-hand-pointer\" aria-hidden=\"true\"><\/i><a href=\"https:\/\/soymigrante.com\/revista\/cristo-mojado-de-esquipulas-los-angeles\/\"><\/a><\/div><div class=\"eael-entry-thumbnail eael-image-ratio\">\n                <img loading=\"lazy\" decoding=\"async\" width=\"586\" height=\"586\" src=\"https:\/\/soymigrante.com\/revista\/wp-content\/uploads\/2025\/01\/cristo-mojado-los-angeles-12.webp\" class=\"attachment-large size-large wp-image-19228\" alt=\"Procesi\u00f3n de Semana Santa en una iglesia hist\u00f3rica con fieles participando y portando pasos religiosos en la ciudad.\" srcset=\"https:\/\/soymigrante.com\/revista\/wp-content\/uploads\/2025\/01\/cristo-mojado-los-angeles-12.webp 586w, https:\/\/soymigrante.com\/revista\/wp-content\/uploads\/2025\/01\/cristo-mojado-los-angeles-12-300x300.jpg 300w, https:\/\/soymigrante.com\/revista\/wp-content\/uploads\/2025\/01\/cristo-mojado-los-angeles-12-150x150.jpg 150w, https:\/\/soymigrante.com\/revista\/wp-content\/uploads\/2025\/01\/cristo-mojado-los-angeles-12-75x75.webp 75w\" sizes=\"(max-width: 586px) 100vw, 586px\" \/>\n            <\/div>\n        <\/div><div class=\"eael-entry-wrapper\"><header class=\"eael-entry-header\"><h2 class=\"eael-entry-title\"><a class=\"eael-grid-post-link\" href=\"https:\/\/soymigrante.com\/revista\/cristo-mojado-de-esquipulas-los-angeles\/\" title=\"Cristo Mojado de Esquipulas es venerado en Los Angeles y cruz\u00f3 la frontera en 2003\">Cristo Mojado de Esquipulas es venerado en Los Angeles y cruz\u00f3 la frontera en 2003<\/a><\/h2><\/header><div class=\"eael-entry-content\">\n                        <div class=\"eael-grid-post-excerpt\"><a href=\"https:\/\/soymigrante.com\/revista\/cristo-mojado-de-esquipulas-los-angeles\/\" class=\"eael-post-elements-readmore-btn\">CONOCE SU HISTORIA <\/a><\/div>\n                    <\/div><\/div><\/div>\n        <\/div>\n    <\/article><article class=\"eael-grid-post  eael-post-grid-column eael-pg-post-50583 category-exitos-guatemala\" data-id=\"50583\">\n        <div class=\"eael-grid-post-holder\">\n            <div class=\"eael-grid-post-holder-inner\"><div class=\"eael-entry-media\"><div class=\"eael-entry-overlay fade-in\"><i class=\"far fa-hand-pointer\" aria-hidden=\"true\"><\/i><a href=\"https:\/\/soymigrante.com\/revista\/migrante-guatemalteco-diacono-felix-rac-cristo-esquipulas-los-angeles-fe-devocion\/\"><\/a><\/div><div class=\"eael-entry-thumbnail eael-image-ratio\">\n                <img loading=\"lazy\" decoding=\"async\" width=\"421\" height=\"416\" src=\"https:\/\/soymigrante.com\/revista\/wp-content\/uploads\/2026\/01\/felix-rac-migrante-guatemalteco.png\" class=\"attachment-large size-large wp-image-50584\" alt=\"felix rac migrante guatemalteco\" srcset=\"https:\/\/soymigrante.com\/revista\/wp-content\/uploads\/2026\/01\/felix-rac-migrante-guatemalteco.png 421w, https:\/\/soymigrante.com\/revista\/wp-content\/uploads\/2026\/01\/felix-rac-migrante-guatemalteco-300x296.png 300w, https:\/\/soymigrante.com\/revista\/wp-content\/uploads\/2026\/01\/felix-rac-migrante-guatemalteco-75x75.png 75w\" sizes=\"(max-width: 421px) 100vw, 421px\" \/>\n            <\/div>\n        <\/div><div class=\"eael-entry-wrapper\"><header class=\"eael-entry-header\"><h2 class=\"eael-entry-title\"><a class=\"eael-grid-post-link\" href=\"https:\/\/soymigrante.com\/revista\/migrante-guatemalteco-diacono-felix-rac-cristo-esquipulas-los-angeles-fe-devocion\/\" title=\"Carpintero, migrante y di\u00e1cono guatemalteco F\u00e9lix Rac impulsa devoci\u00f3n al Cristo de Esquipulas en Los Angeles\">Carpintero, migrante y di\u00e1cono guatemalteco F\u00e9lix Rac impulsa devoci\u00f3n al Cristo de Esquipulas en Los Angeles<\/a><\/h2><\/header><div class=\"eael-entry-content\">\n                        <div class=\"eael-grid-post-excerpt\"><a href=\"https:\/\/soymigrante.com\/revista\/migrante-guatemalteco-diacono-felix-rac-cristo-esquipulas-los-angeles-fe-devocion\/\" class=\"eael-post-elements-readmore-btn\">CONOCE SU HISTORIA <\/a><\/div>\n                    <\/div><\/div><\/div>\n        <\/div>\n    <\/article><\/div>\n            <div class=\"clearfix\"><\/div>\n        <\/div>\t\t\t\t<\/div>\n\t\t\t\t\t<\/div>\n\t\t\t\t<\/div>\n\t\t\t\t<\/div>\n\t\t","protected":false},"excerpt":{"rendered":"<p>A causa de la situaci\u00f3n migratoria este a\u00f1o se suspendi\u00f3 la procesi\u00f3n del Cristo de Esquipulas de Santa Cecilia en Los Angeles, tambi\u00e9n llamado Cristo Mojado o de Los Migrantes. Pero hay novena, misas y un altar especial de veneraci\u00f3n. El 15 de enero, D\u00eda del Santo Cristo de Esquipulas habr\u00e1 canto de Las Ma\u00f1anitas [&hellip;]<\/p>\n","protected":false},"author":1,"featured_media":50890,"comment_status":"open","ping_status":"open","sticky":false,"template":"","format":"standard","meta":{"_acf_changed":false,"_eb_attr":"","footnotes":""},"categories":[54],"tags":[],"class_list":["post-50889","post","type-post","status-publish","format-standard","has-post-thumbnail","hentry","category-estamos-unidos"],"acf":[],"aioseo_notices":[],"aioseo_head":"\n\t\t<!-- All in One SEO Pro 4.9.6.2 - aioseo.com -->\n\t<meta name=\"description\" content=\"El guatemalteco F\u00e9lix Rac promueve devoci\u00f3n al Cristo de Esquipulas y como di\u00e1cono fomenta la fe de comunidades migrantes de Los Angeles, donde vive desde 1985.\" \/>\n\t<meta name=\"robots\" content=\"max-snippet:-1, max-image-preview:large, max-video-preview:-1\" \/>\n\t<meta name=\"author\" content=\"Gustavo Montenegro\"\/>\n\t<link rel=\"canonical\" href=\"https:\/\/soymigrante.com\/revista\/migrante-guatemalteco-diacono-felix-rac-cristo-esquipulas-los-angeles-fe-devocion\/\" \/>\n\t<meta name=\"generator\" content=\"All in One SEO Pro (AIOSEO) 4.9.6.2\" \/>\n\n\t\t<link rel=\"preconnect\" href=\"https:\/\/fonts.googleapis.com\" crossorigin>\n<link rel=\"preconnect\" href=\"https:\/\/fonts.gstatic.com\" crossorigin>\n\t\t<meta property=\"og:locale\" content=\"es_ES\" \/>\n\t\t<meta property=\"og:site_name\" content=\"SoyMigrante.com REVISTA \u2013 Nuestra misi\u00f3n es reconocer y dignificar al migrante.\" \/>\n\t\t<meta property=\"og:type\" content=\"article\" \/>\n\t\t<meta property=\"og:title\" content=\"Di\u00e1cono guatemalteco F\u00e9lix Rac impulsa la fe en Los Angeles\" \/>\n\t\t<meta property=\"og:description\" content=\"El guatemalteco F\u00e9lix Rac promueve devoci\u00f3n al Cristo de Esquipulas y como di\u00e1cono fomenta la fe de comunidades migrantes de Los Angeles, donde vive desde 1985.\" \/>\n\t\t<meta property=\"og:url\" content=\"https:\/\/soymigrante.com\/revista\/migrante-guatemalteco-diacono-felix-rac-cristo-esquipulas-los-angeles-fe-devocion\/\" \/>\n\t\t<meta property=\"og:image\" content=\"https:\/\/soymigrante.com\/revista\/wp-content\/uploads\/2026\/01\/felix-rac-migrante-guatemalteco.png\" \/>\n\t\t<meta property=\"og:image:secure_url\" content=\"https:\/\/soymigrante.com\/revista\/wp-content\/uploads\/2026\/01\/felix-rac-migrante-guatemalteco.png\" \/>\n\t\t<meta property=\"og:image:width\" content=\"421\" \/>\n\t\t<meta property=\"og:image:height\" content=\"416\" \/>\n\t\t<meta property=\"article:published_time\" content=\"2026-01-05T18:37:40+00:00\" \/>\n\t\t<meta property=\"article:modified_time\" content=\"2026-01-05T18:37:49+00:00\" \/>\n\t\t<meta property=\"article:publisher\" content=\"https:\/\/www.facebook.com\/soymigrantecom\" \/>\n\t\t<meta name=\"twitter:card\" content=\"summary_large_image\" \/>\n\t\t<meta name=\"twitter:site\" content=\"@SoyMigrante_com\" \/>\n\t\t<meta name=\"twitter:title\" content=\"Di\u00e1cono guatemalteco F\u00e9lix Rac impulsa la fe en Los Angeles\" \/>\n\t\t<meta name=\"twitter:description\" content=\"El guatemalteco F\u00e9lix Rac promueve devoci\u00f3n al Cristo de Esquipulas y como di\u00e1cono fomenta la fe de comunidades migrantes de Los Angeles, donde vive desde 1985.\" \/>\n\t\t<meta name=\"twitter:creator\" content=\"@SoyMigrante_com\" \/>\n\t\t<meta name=\"twitter:image\" content=\"https:\/\/soymigrante.com\/revista\/wp-content\/uploads\/2026\/01\/felix-rac-migrante-guatemalteco.png\" \/>\n\t\t<!-- All in One SEO Pro -->\r\n\t\t<title>Di\u00e1cono guatemalteco F\u00e9lix Rac impulsa la fe en Los Angeles<\/title>\n\n","aioseo_head_json":{"title":"Di\u00e1cono guatemalteco F\u00e9lix Rac impulsa la fe en Los Angeles","description":"El guatemalteco F\u00e9lix Rac promueve devoci\u00f3n al Cristo de Esquipulas y como di\u00e1cono fomenta la fe de comunidades migrantes de Los Angeles, donde vive desde 1985.","canonical_url":"https:\/\/soymigrante.com\/revista\/migrante-guatemalteco-diacono-felix-rac-cristo-esquipulas-los-angeles-fe-devocion\/","robots":"max-snippet:-1, max-image-preview:large, max-video-preview:-1","keywords":"","webmasterTools":{"miscellaneous":"&lt;link rel=\"preconnect\" href=\"https:\/\/fonts.googleapis.com\" crossorigin&gt;\n&lt;link rel=\"preconnect\" href=\"https:\/\/fonts.gstatic.com\" crossorigin&gt;"},"schema":null,"og:locale":"es_ES","og:site_name":"SoyMigrante.com REVISTA \u2013 Nuestra misi\u00f3n es reconocer y dignificar al migrante.","og:type":"article","og:title":"Di\u00e1cono guatemalteco F\u00e9lix Rac impulsa la fe en Los Angeles","og:description":"El guatemalteco F\u00e9lix Rac promueve devoci\u00f3n al Cristo de Esquipulas y como di\u00e1cono fomenta la fe de comunidades migrantes de Los Angeles, donde vive desde 1985.","og:url":"https:\/\/soymigrante.com\/revista\/migrante-guatemalteco-diacono-felix-rac-cristo-esquipulas-los-angeles-fe-devocion\/","og:image":"https:\/\/soymigrante.com\/revista\/wp-content\/uploads\/2026\/01\/felix-rac-migrante-guatemalteco.png","og:image:secure_url":"https:\/\/soymigrante.com\/revista\/wp-content\/uploads\/2026\/01\/felix-rac-migrante-guatemalteco.png","og:image:width":421,"og:image:height":416,"article:published_time":"2026-01-05T18:37:40+00:00","article:modified_time":"2026-01-05T18:37:49+00:00","article:publisher":"https:\/\/www.facebook.com\/soymigrantecom","twitter:card":"summary_large_image","twitter:site":"@SoyMigrante_com","twitter:title":"Di\u00e1cono guatemalteco F\u00e9lix Rac impulsa la fe en Los Angeles","twitter:description":"El guatemalteco F\u00e9lix Rac promueve devoci\u00f3n al Cristo de Esquipulas y como di\u00e1cono fomenta la fe de comunidades migrantes de Los Angeles, donde vive desde 1985.","twitter:creator":"@SoyMigrante_com","twitter:image":"https:\/\/soymigrante.com\/revista\/wp-content\/uploads\/2026\/01\/felix-rac-migrante-guatemalteco.png"},"aioseo_meta_data":{"post_id":"50889","title":"Fieles veneran a Cristo Mojado de Los Angeles","description":"Guatemaltecos y centroamericanos visitan al Cristo Migrante de Esquipulas en Los Angeles. Procesi\u00f3n se suspendi\u00f3 pero no la fe ni las plegarias. Im\u00e1genes.","keywords":null,"keyphrases":{"focus":{"keyphrase":"Cristo","score":78,"analysis":{"keyphraseInTitle":{"score":9,"maxScore":9,"error":0},"keyphraseInDescription":{"score":9,"maxScore":9,"error":0},"keyphraseLength":{"score":9,"maxScore":9,"error":0,"length":1},"keyphraseInURL":{"score":5,"maxScore":5,"error":0},"keyphraseInIntroduction":{"score":9,"maxScore":9,"error":0},"keyphraseInSubHeadings":{"score":3,"maxScore":9,"error":1},"keyphraseInImageAlt":{"score":9,"maxScore":9,"error":0},"keywordDensity":{"type":"high","score":0,"maxScore":9,"error":1}}},"additional":[{"keyphrase":"Esquipulas","score":100,"analysis":{"keyphraseInDescription":{"score":9,"maxScore":9,"error":0},"keyphraseLength":{"score":9,"maxScore":9,"error":0,"length":1},"keyphraseInIntroduction":{"score":9,"maxScore":9,"error":0},"keyphraseInImageAlt":{"score":9,"maxScore":9,"error":0},"keywordDensity":{"type":"best","score":9,"maxScore":9,"error":0}}},{"keyphrase":"Migrante","score":87,"analysis":{"keyphraseInDescription":{"score":9,"maxScore":9,"error":0},"keyphraseLength":{"score":9,"maxScore":9,"error":0,"length":1},"keyphraseInIntroduction":{"score":3,"maxScore":9,"error":1},"keyphraseInImageAlt":{"score":9,"maxScore":9,"error":0},"keywordDensity":{"type":"best","score":9,"maxScore":9,"error":0}}},{"keyphrase":"Migrantes","score":87,"analysis":{"keyphraseInDescription":{"score":3,"maxScore":9,"error":1},"keyphraseLength":{"score":9,"maxScore":9,"error":0,"length":1},"keyphraseInIntroduction":{"score":9,"maxScore":9,"error":0},"keyphraseInImageAlt":{"score":9,"maxScore":9,"error":0},"keywordDensity":{"type":"best","score":9,"maxScore":9,"error":0}}},{"keyphrase":"Guatemaltecos","score":67,"analysis":{"keyphraseInDescription":{"score":9,"maxScore":9,"error":0},"keyphraseLength":{"score":9,"maxScore":9,"error":0,"length":1},"keyphraseInIntroduction":{"score":3,"maxScore":9,"error":1},"keyphraseInImageAlt":{"score":9,"maxScore":9,"error":0},"keywordDensity":{"score":0,"type":"low","maxScore":9,"error":1}}}]},"primary_term":null,"canonical_url":null,"og_title":null,"og_description":null,"og_object_type":"default","og_image_type":"default","og_image_url":null,"og_image_width":null,"og_image_height":null,"og_image_custom_url":null,"og_image_custom_fields":null,"og_video":"","og_custom_url":null,"og_article_section":null,"og_article_tags":null,"twitter_use_og":false,"twitter_card":"default","twitter_image_type":"default","twitter_image_url":null,"twitter_image_custom_url":null,"twitter_image_custom_fields":null,"twitter_title":null,"twitter_description":null,"schema":{"blockGraphs":[],"customGraphs":[],"default":{"data":{"Article":[],"Course":[],"Dataset":[],"FAQPage":[],"Movie":[],"Person":[],"Product":[],"ProductReview":[],"Car":[],"Recipe":[],"Service":[],"SoftwareApplication":[],"WebPage":[]},"graphName":"NewsArticle","isEnabled":true},"graphs":[]},"schema_type":"default","schema_type_options":null,"pillar_content":false,"robots_default":true,"robots_noindex":false,"robots_noarchive":false,"robots_nosnippet":false,"robots_nofollow":false,"robots_noimageindex":false,"robots_noodp":false,"robots_notranslate":false,"robots_max_snippet":"-1","robots_max_videopreview":"-1","robots_max_imagepreview":"large","priority":null,"frequency":"default","local_seo":null,"seo_analyzer_scan_date":"2026-02-24 15:28:18","breadcrumb_settings":null,"limit_modified_date":false,"reviewed_by":"0","open_ai":null,"ai":{"faqs":[],"keyPoints":[],"titles":[],"descriptions":[],"socialPosts":{"email":[],"linkedin":[],"twitter":[],"facebook":[],"instagram":[]}},"created":"2026-01-12 10:22:09","updated":"2026-02-24 15:28:18"},"aioseo_breadcrumb":"<div class=\"aioseo-breadcrumbs\"><span class=\"aioseo-breadcrumb\">\n\t<a href=\"https:\/\/soymigrante.com\/revista\" title=\"Home\">Home<\/a>\n<\/span><span class=\"aioseo-breadcrumb-separator\">\u00bb<\/span><span class=\"aioseo-breadcrumb\">\n\t<a href=\"https:\/\/soymigrante.com\/revista\/category\/estamos-unidos\/\" title=\"Estamos Unidos\">Estamos Unidos<\/a>\n<\/span><span class=\"aioseo-breadcrumb-separator\">\u00bb<\/span><span class=\"aioseo-breadcrumb\">\n\tCristo Mojado no sali\u00f3 en procesi\u00f3n pero el fervor de fieles migrantes nunca falta: en im\u00e1genes\n<\/span><\/div>","aioseo_breadcrumb_json":[{"label":"Home","link":"https:\/\/soymigrante.com\/revista"},{"label":"Estamos Unidos","link":"https:\/\/soymigrante.com\/revista\/category\/estamos-unidos\/"},{"label":"Cristo Mojado no sali\u00f3 en procesi\u00f3n pero el fervor de fieles migrantes nunca falta: en im\u00e1genes","link":"https:\/\/soymigrante.com\/revista\/cristo-de-esquipulas-mojado-los-angeles-recibe-veneracion-migrantes-aunque-no-hubo-procesion-2025\/"}],"_links":{"self":[{"href":"https:\/\/soymigrante.com\/revista\/wp-json\/wp\/v2\/posts\/50889","targetHints":{"allow":["GET"]}}],"collection":[{"href":"https:\/\/soymigrante.com\/revista\/wp-json\/wp\/v2\/posts"}],"about":[{"href":"https:\/\/soymigrante.com\/revista\/wp-json\/wp\/v2\/types\/post"}],"author":[{"embeddable":true,"href":"https:\/\/soymigrante.com\/revista\/wp-json\/wp\/v2\/users\/1"}],"replies":[{"embeddable":true,"href":"https:\/\/soymigrante.com\/revista\/wp-json\/wp\/v2\/comments?post=50889"}],"version-history":[{"count":9,"href":"https:\/\/soymigrante.com\/revista\/wp-json\/wp\/v2\/posts\/50889\/revisions"}],"predecessor-version":[{"id":50937,"href":"https:\/\/soymigrante.com\/revista\/wp-json\/wp\/v2\/posts\/50889\/revisions\/50937"}],"wp:featuredmedia":[{"embeddable":true,"href":"https:\/\/soymigrante.com\/revista\/wp-json\/wp\/v2\/media\/50890"}],"wp:attachment":[{"href":"https:\/\/soymigrante.com\/revista\/wp-json\/wp\/v2\/media?parent=50889"}],"wp:term":[{"taxonomy":"category","embeddable":true,"href":"https:\/\/soymigrante.com\/revista\/wp-json\/wp\/v2\/categories?post=50889"},{"taxonomy":"post_tag","embeddable":true,"href":"https:\/\/soymigrante.com\/revista\/wp-json\/wp\/v2\/tags?post=50889"}],"curies":[{"name":"wp","href":"https:\/\/api.w.org\/{rel}","templated":true}]}}