{"id":5082,"date":"2024-02-28T13:28:11","date_gmt":"2024-02-28T19:28:11","guid":{"rendered":"https:\/\/soymigrante.com\/revista\/?p=5082"},"modified":"2024-04-30T05:42:36","modified_gmt":"2024-04-30T11:42:36","slug":"guatemala-testimonio-mision-medica-limayre-gramajo-hija-migrantes","status":"publish","type":"post","link":"https:\/\/soymigrante.com\/revista\/guatemala-testimonio-mision-medica-limayre-gramajo-hija-migrantes\/","title":{"rendered":"&#8220;Recibimos m\u00e1s de lo que dimos&#8221;: testimonio de una misi\u00f3n m\u00e9dica en Guatemala"},"content":{"rendered":"\t\t<div data-elementor-type=\"wp-post\" data-elementor-id=\"5082\" class=\"elementor elementor-5082\" data-elementor-post-type=\"post\">\n\t\t\t\t\t\t<section data-particle_enable=\"false\" data-particle-mobile-disabled=\"false\" class=\"elementor-section elementor-top-section elementor-element elementor-element-64abb3e elementor-section-boxed elementor-section-height-default elementor-section-height-default\" data-id=\"64abb3e\" data-element_type=\"section\" data-e-type=\"section\">\n\t\t\t\t\t\t<div class=\"elementor-container elementor-column-gap-default\">\n\t\t\t\t\t<div class=\"elementor-column elementor-col-100 elementor-top-column elementor-element elementor-element-538ee5b\" data-id=\"538ee5b\" data-element_type=\"column\" data-e-type=\"column\">\n\t\t\t<div class=\"elementor-widget-wrap elementor-element-populated\">\n\t\t\t\t\t\t<div class=\"elementor-element elementor-element-19160e1 elementor-widget elementor-widget-heading\" data-id=\"19160e1\" data-element_type=\"widget\" data-e-type=\"widget\" data-widget_type=\"heading.default\">\n\t\t\t\t\t<h1 class=\"elementor-heading-title elementor-size-default\">Me sorprend\u00ed al ver lo dif\u00edcil que es para muchas comunidades del occidente de Guatemala poder acceder a cuidado m\u00e9dico. Llegamos a puestos de salud donde, s\u00ed, ah\u00ed est\u00e1n las instalaciones, pero no hay suficientes recursos para atender a la gente.<\/h1>\t\t\t\t<\/div>\n\t\t\t\t\t<\/div>\n\t\t<\/div>\n\t\t\t\t\t<\/div>\n\t\t<\/section>\n\t\t\t\t<section data-particle_enable=\"false\" data-particle-mobile-disabled=\"false\" class=\"elementor-section elementor-top-section elementor-element elementor-element-76c8ac9 elementor-section-boxed elementor-section-height-default elementor-section-height-default\" data-id=\"76c8ac9\" data-element_type=\"section\" data-e-type=\"section\">\n\t\t\t\t\t\t<div class=\"elementor-container elementor-column-gap-default\">\n\t\t\t\t\t<div class=\"elementor-column elementor-col-100 elementor-top-column elementor-element elementor-element-a1fd989\" data-id=\"a1fd989\" data-element_type=\"column\" data-e-type=\"column\">\n\t\t\t<div class=\"elementor-widget-wrap elementor-element-populated\">\n\t\t\t\t\t\t<div class=\"elementor-element elementor-element-ee33a2d elementor-widget elementor-widget-text-editor\" data-id=\"ee33a2d\" data-element_type=\"widget\" data-e-type=\"widget\" data-widget_type=\"text-editor.default\">\n\t\t\t\t\t\t\t\t\t<p><span style=\"color: var( --e-global-color-primary ); font-family: var( --e-global-typography-primary-font-family ), Sans-serif; font-size: 1em; font-style: normal; font-variant-ligatures: normal; font-variant-caps: normal; font-weight: var( --e-global-typography-primary-font-weight );\">Por Limayre Gramajo<\/span><\/p>\t\t\t\t\t\t\t\t<\/div>\n\t\t\t\t\t<\/div>\n\t\t<\/div>\n\t\t\t\t\t<\/div>\n\t\t<\/section>\n\t\t\t\t<section data-particle_enable=\"false\" data-particle-mobile-disabled=\"false\" class=\"elementor-section elementor-top-section elementor-element elementor-element-0b7de52 elementor-section-boxed elementor-section-height-default elementor-section-height-default\" data-id=\"0b7de52\" data-element_type=\"section\" data-e-type=\"section\">\n\t\t\t\t\t\t<div class=\"elementor-container elementor-column-gap-default\">\n\t\t\t\t\t<div class=\"elementor-column elementor-col-100 elementor-top-column elementor-element elementor-element-31ed6cc\" data-id=\"31ed6cc\" data-element_type=\"column\" data-e-type=\"column\">\n\t\t\t<div class=\"elementor-widget-wrap elementor-element-populated\">\n\t\t\t\t\t\t<div class=\"elementor-element elementor-element-b1f9081 elementor-widget elementor-widget-text-editor\" data-id=\"b1f9081\" data-element_type=\"widget\" data-e-type=\"widget\" data-widget_type=\"text-editor.default\">\n\t\t\t\t\t\t\t\t\t<p>Una misi\u00f3n de m\u00e9dicos voluntarios del Centro M\u00e9dico de la Universidad de Oklahoma efectu\u00f3 jornadas de salud en aldeas de Quetzaltenango y Totonicap\u00e1n, entre el 8 y el 19 de febrero. La m\u00e9dica Limayre Gramajo, egresada de dicho centro e hija de migrantes guatemaltecos, particip\u00f3 en esa actividad. Este es el testimonio de su experiencia.<\/p>\t\t\t\t\t\t\t\t<\/div>\n\t\t\t\t\t<\/div>\n\t\t<\/div>\n\t\t\t\t\t<\/div>\n\t\t<\/section>\n\t\t\t\t<section data-particle_enable=\"false\" data-particle-mobile-disabled=\"false\" class=\"elementor-section elementor-top-section elementor-element elementor-element-804b7be elementor-section-boxed elementor-section-height-default elementor-section-height-default\" data-id=\"804b7be\" data-element_type=\"section\" data-e-type=\"section\">\n\t\t\t\t\t\t<div class=\"elementor-container elementor-column-gap-default\">\n\t\t\t\t\t<div class=\"elementor-column elementor-col-100 elementor-top-column elementor-element elementor-element-4b4ec94\" data-id=\"4b4ec94\" data-element_type=\"column\" data-e-type=\"column\">\n\t\t\t<div class=\"elementor-widget-wrap elementor-element-populated\">\n\t\t\t\t\t\t<div class=\"elementor-element elementor-element-83c09c9 elementor-widget elementor-widget-image\" data-id=\"83c09c9\" data-element_type=\"widget\" data-e-type=\"widget\" data-widget_type=\"image.default\">\n\t\t\t\t\t\t\t\t\t\t\t\t<figure class=\"wp-caption\">\n\t\t\t\t\t\t\t\t\t\t<img fetchpriority=\"high\" decoding=\"async\" width=\"768\" height=\"644\" src=\"https:\/\/soymigrante.com\/revista\/wp-content\/uploads\/2024\/02\/Mision-medica-en-Quetzaltenango-10-1024x859.webp\" class=\"attachment-large size-large wp-image-5102\" alt=\"Aqu\u00ed estamos con una mam\u00e1 ind\u00edgena embarazada que vi\u00f3 por primera vez a su beb\u00e9 en un ultrasonido. Fue un momento de mucha emoci\u00f3n para ella y tambi\u00e9n para nosotros al ver su reacci\u00f3n. Hasta entonces no hab\u00eda tenido acceso a recibir atenci\u00f3n m\u00e9dica.\" srcset=\"https:\/\/soymigrante.com\/revista\/wp-content\/uploads\/2024\/02\/Mision-medica-en-Quetzaltenango-10-1024x859.webp 1024w, https:\/\/soymigrante.com\/revista\/wp-content\/uploads\/2024\/02\/Mision-medica-en-Quetzaltenango-10-300x252.webp 300w, https:\/\/soymigrante.com\/revista\/wp-content\/uploads\/2024\/02\/Mision-medica-en-Quetzaltenango-10-768x644.webp 768w, https:\/\/soymigrante.com\/revista\/wp-content\/uploads\/2024\/02\/Mision-medica-en-Quetzaltenango-10-750x629.webp 750w, https:\/\/soymigrante.com\/revista\/wp-content\/uploads\/2024\/02\/Mision-medica-en-Quetzaltenango-10-1140x956.webp 1140w, https:\/\/soymigrante.com\/revista\/wp-content\/uploads\/2024\/02\/Mision-medica-en-Quetzaltenango-10.webp 1177w\" sizes=\"(max-width: 768px) 100vw, 768px\" title=\"Aqu\u00ed estamos con una mam\u00e1 ind\u00edgena embarazada que vi\u00f3 por primera vez a su beb\u00e9 en un ultrasonido. Fue un momento de mucha emoci\u00f3n para ella y tambi\u00e9n para nosotros al ver su reacci\u00f3n. Hasta entonces no hab\u00eda tenido acceso a recibir atenci\u00f3n m\u00e9dica. \u2013 SoyMigrante.com REVISTA\" \/>\t\t\t\t\t\t\t\t\t\t\t<figcaption class=\"widget-image-caption wp-caption-text\">Aqu\u00ed estamos con una mam\u00e1 ind\u00edgena embarazada que vi\u00f3 por primera vez a su beb\u00e9 en un ultrasonido. Fue un momento de mucha emoci\u00f3n para ella y tambi\u00e9n para nosotros al ver su reacci\u00f3n. Hasta entonces no hab\u00eda tenido acceso a recibir atenci\u00f3n m\u00e9dica.<\/figcaption>\n\t\t\t\t\t\t\t\t\t\t<\/figure>\n\t\t\t\t\t\t\t\t\t<\/div>\n\t\t\t\t\t<\/div>\n\t\t<\/div>\n\t\t\t\t\t<\/div>\n\t\t<\/section>\n\t\t\t\t<section data-particle_enable=\"false\" data-particle-mobile-disabled=\"false\" class=\"elementor-section elementor-top-section elementor-element elementor-element-05d6e5f elementor-section-boxed elementor-section-height-default elementor-section-height-default\" data-id=\"05d6e5f\" data-element_type=\"section\" data-e-type=\"section\">\n\t\t\t\t\t\t<div class=\"elementor-container elementor-column-gap-default\">\n\t\t\t\t\t<div class=\"elementor-column elementor-col-100 elementor-top-column elementor-element elementor-element-3c9fc55\" data-id=\"3c9fc55\" data-element_type=\"column\" data-e-type=\"column\">\n\t\t\t<div class=\"elementor-widget-wrap elementor-element-populated\">\n\t\t\t\t\t\t<div class=\"elementor-element elementor-element-b28bd8a elementor-widget elementor-widget-heading\" data-id=\"b28bd8a\" data-element_type=\"widget\" data-e-type=\"widget\" data-widget_type=\"heading.default\">\n\t\t\t\t\t<h2 class=\"elementor-heading-title elementor-size-default\">Nos sorprendi\u00f3 la enorme necesidad <\/h2>\t\t\t\t<\/div>\n\t\t\t\t\t<\/div>\n\t\t<\/div>\n\t\t\t\t\t<\/div>\n\t\t<\/section>\n\t\t\t\t<section data-particle_enable=\"false\" data-particle-mobile-disabled=\"false\" class=\"elementor-section elementor-top-section elementor-element elementor-element-ac42632 elementor-section-boxed elementor-section-height-default elementor-section-height-default\" data-id=\"ac42632\" data-element_type=\"section\" data-e-type=\"section\">\n\t\t\t\t\t\t<div class=\"elementor-container elementor-column-gap-default\">\n\t\t\t\t\t<div class=\"elementor-column elementor-col-100 elementor-top-column elementor-element elementor-element-b65d5ee\" data-id=\"b65d5ee\" data-element_type=\"column\" data-e-type=\"column\">\n\t\t\t<div class=\"elementor-widget-wrap elementor-element-populated\">\n\t\t\t\t\t\t<div class=\"elementor-element elementor-element-6ef9fd3 elementor-widget elementor-widget-text-editor\" data-id=\"6ef9fd3\" data-element_type=\"widget\" data-e-type=\"widget\" data-widget_type=\"text-editor.default\">\n\t\t\t\t\t\t\t\t\t<p><i>Nos sorprendimos al ver todos los d\u00edas que ya hab\u00eda fila de personas esperando. Erala primera vez en un a\u00f1o o dos a\u00f1os que estas comunidades ten\u00edan a alguien que pod\u00eda atender sus necesidades de salud. Vimos bastante era gente con dolores tipo artritis, tambi\u00e9n mucho reflujo, gastritis.\u00a0<\/i><\/p><p><i>Yo tuve el privilegio de poder efectuar ex\u00e1menes de papanicolau a muchas mujeres en las diferentes comunidades. Lamentablemente tambi\u00e9n tuvimos que tener esas conversaciones dif\u00edciles con algunos pacientes a quienes tuvimos que recomendar que fueran a un hospital general, porque era era necesario hacerles estudios adicionales, para los cuales no ten\u00edamos el equipo. Ten\u00edamos la preocupaci\u00f3n de una patolog\u00eda maligna o cancerosa que deb\u00eda ser confirmada. Tambi\u00e9n vimos mucho caso de alergia e infecci\u00f3n respiratoria.<\/i><\/p><p><i>En una aldea nos encontramos con un caso de varicela,\u00a0 que no estaba detectado ni controlado. Hab\u00eda por lo menos\u00a0<span style=\"color: var( --e-global-color-text );\">una docena de pacientes que ten\u00edan varicela. Para nosotros y para m\u00ed personalmente\u00a0 fue muy impactante, porque\u00a0 porque la varicela es algo que ya no com\u00fanmente vemos en Estados Unidos, debido a que se administra la vacunaci\u00f3n.\u00a0 Pero ver aqu\u00ed esos brotes, ver a la gente con mucha comez\u00f3n y sin ningun tratamiendo, nos sorprendi\u00f3. Era algo que solamente hab\u00eda le\u00eddo en libros m\u00e9dicos pero no hab\u00eda visto casos hasta entonces.<\/span><\/i><\/p>\t\t\t\t\t\t\t\t<\/div>\n\t\t\t\t\t<\/div>\n\t\t<\/div>\n\t\t\t\t\t<\/div>\n\t\t<\/section>\n\t\t\t\t<section data-particle_enable=\"false\" data-particle-mobile-disabled=\"false\" class=\"elementor-section elementor-top-section elementor-element elementor-element-c9acb44 elementor-section-boxed elementor-section-height-default elementor-section-height-default\" data-id=\"c9acb44\" data-element_type=\"section\" data-e-type=\"section\">\n\t\t\t\t\t\t<div class=\"elementor-container elementor-column-gap-default\">\n\t\t\t\t\t<div class=\"elementor-column elementor-col-100 elementor-top-column elementor-element elementor-element-ddf260d\" data-id=\"ddf260d\" data-element_type=\"column\" data-e-type=\"column\">\n\t\t\t<div class=\"elementor-widget-wrap elementor-element-populated\">\n\t\t\t\t\t\t<div class=\"elementor-element elementor-element-30a25cc elementor-widget elementor-widget-image\" data-id=\"30a25cc\" data-element_type=\"widget\" data-e-type=\"widget\" data-widget_type=\"image.default\">\n\t\t\t\t\t\t\t\t\t\t\t\t<figure class=\"wp-caption\">\n\t\t\t\t\t\t\t\t\t\t<img decoding=\"async\" width=\"768\" height=\"446\" src=\"https:\/\/soymigrante.com\/revista\/wp-content\/uploads\/2024\/02\/Mision-medica-en-Quetzaltenango-1-1024x595.webp\" class=\"attachment-large size-large wp-image-5101\" alt=\"A diario y desde muy temprano hab\u00eda muchas personas haciendo fila para consulta m\u00e9dica. Para muchas era la primera vez que ten\u00edan atenci\u00f3n de salud en uno o dos a\u00f1os.\" srcset=\"https:\/\/soymigrante.com\/revista\/wp-content\/uploads\/2024\/02\/Mision-medica-en-Quetzaltenango-1-1024x595.webp 1024w, https:\/\/soymigrante.com\/revista\/wp-content\/uploads\/2024\/02\/Mision-medica-en-Quetzaltenango-1-300x174.webp 300w, https:\/\/soymigrante.com\/revista\/wp-content\/uploads\/2024\/02\/Mision-medica-en-Quetzaltenango-1-768x446.webp 768w, https:\/\/soymigrante.com\/revista\/wp-content\/uploads\/2024\/02\/Mision-medica-en-Quetzaltenango-1-1536x892.webp 1536w, https:\/\/soymigrante.com\/revista\/wp-content\/uploads\/2024\/02\/Mision-medica-en-Quetzaltenango-1-750x436.webp 750w, https:\/\/soymigrante.com\/revista\/wp-content\/uploads\/2024\/02\/Mision-medica-en-Quetzaltenango-1-1140x662.webp 1140w, https:\/\/soymigrante.com\/revista\/wp-content\/uploads\/2024\/02\/Mision-medica-en-Quetzaltenango-1.webp 1920w\" sizes=\"(max-width: 768px) 100vw, 768px\" title=\"A diario y desde muy temprano hab\u00eda muchas personas haciendo fila para consulta m\u00e9dica. Para muchas era la primera vez que ten\u00edan atenci\u00f3n de salud en uno o dos a\u00f1os. \u2013 SoyMigrante.com REVISTA\" \/>\t\t\t\t\t\t\t\t\t\t\t<figcaption class=\"widget-image-caption wp-caption-text\">A diario y desde muy temprano hab\u00eda muchas personas haciendo fila para consulta m\u00e9dica. Para muchas era la primera vez que ten\u00edan atenci\u00f3n de salud en uno o dos a\u00f1os.<\/figcaption>\n\t\t\t\t\t\t\t\t\t\t<\/figure>\n\t\t\t\t\t\t\t\t\t<\/div>\n\t\t\t\t\t<\/div>\n\t\t<\/div>\n\t\t\t\t\t<\/div>\n\t\t<\/section>\n\t\t\t\t<section data-particle_enable=\"false\" data-particle-mobile-disabled=\"false\" class=\"elementor-section elementor-top-section elementor-element elementor-element-645d2ca elementor-section-boxed elementor-section-height-default elementor-section-height-default\" data-id=\"645d2ca\" data-element_type=\"section\" data-e-type=\"section\">\n\t\t\t\t\t\t<div class=\"elementor-container elementor-column-gap-default\">\n\t\t\t\t\t<div class=\"elementor-column elementor-col-100 elementor-top-column elementor-element elementor-element-d7d47bf\" data-id=\"d7d47bf\" data-element_type=\"column\" data-e-type=\"column\">\n\t\t\t<div class=\"elementor-widget-wrap elementor-element-populated\">\n\t\t\t\t\t\t<div class=\"elementor-element elementor-element-515acb9 elementor-widget elementor-widget-heading\" data-id=\"515acb9\" data-element_type=\"widget\" data-e-type=\"widget\" data-widget_type=\"heading.default\">\n\t\t\t\t\t<h2 class=\"elementor-heading-title elementor-size-default\">Recibimos m\u00e1s de lo que dimos<\/h2>\t\t\t\t<\/div>\n\t\t\t\t\t<\/div>\n\t\t<\/div>\n\t\t\t\t\t<\/div>\n\t\t<\/section>\n\t\t\t\t<section data-particle_enable=\"false\" data-particle-mobile-disabled=\"false\" class=\"elementor-section elementor-top-section elementor-element elementor-element-1af06f1 elementor-section-boxed elementor-section-height-default elementor-section-height-default\" data-id=\"1af06f1\" data-element_type=\"section\" data-e-type=\"section\">\n\t\t\t\t\t\t<div class=\"elementor-container elementor-column-gap-default\">\n\t\t\t\t\t<div class=\"elementor-column elementor-col-100 elementor-top-column elementor-element elementor-element-a2fdc6a\" data-id=\"a2fdc6a\" data-element_type=\"column\" data-e-type=\"column\">\n\t\t\t<div class=\"elementor-widget-wrap elementor-element-populated\">\n\t\t\t\t\t\t<div class=\"elementor-element elementor-element-1b78d9a elementor-widget elementor-widget-text-editor\" data-id=\"1b78d9a\" data-element_type=\"widget\" data-e-type=\"widget\" data-widget_type=\"text-editor.default\">\n\t\t\t\t\t\t\t\t\t<p>Y<i>o aprend\u00ed mucho, sobre todo porque tambi\u00e9n tengo que caminar mi d\u00eda a d\u00eda siendo mucho m\u00e1s agradecida. Al conversar entre nosotros los compa\u00f1eros de la misi\u00f3n, compart\u00edamos\u00a0 lo sorprendidos de ver\u00a0 la falta de acceso a ayuda m\u00e9dica. Algunas personas les llevaba horas llegar desde sus comunidades. Habl\u00e9 con una paciente que caminaba cuatro horas para llegar a Xela.\u00a0<\/i><\/p><p><i>El equipo en su totalidad pudo atender a m\u00e1s de 650 pacientes. Se registraron mucho m\u00e1s, dir\u00eda que llegaron m\u00e1s de 800 personas pero\u00a0 por raz\u00f3n de espera algunos pacientes se fueron. No pudieron esperar porque ten\u00edan que irse a recoger a sus hijos o trabajar, lo cual lamentamos. Nosotros nos mov\u00edamos lo m\u00e1s r\u00e1pido que pudimos pero le dabamos a cada caso su tiempo. Hubo un d\u00eda que vimos a 116 pacientes, fue el d\u00eda en que m\u00e1s personas recicimos.<\/i><\/p><p><i>Al conversar con familiares y amigos ya de regreso en Oklahoma, les digo que tuvimos una campa\u00f1a de impacto positivo. Dimos lo m\u00e1s que pudimos y todo mundo se fue creo agradecido de poder ser parte de algo mayor, porque con el cari\u00f1o de la gente y toda esa vivencia recibimos m\u00e1s de lo que dimos.<\/i><\/p>\t\t\t\t\t\t\t\t<\/div>\n\t\t\t\t\t<\/div>\n\t\t<\/div>\n\t\t\t\t\t<\/div>\n\t\t<\/section>\n\t\t\t\t<section data-particle_enable=\"false\" data-particle-mobile-disabled=\"false\" class=\"elementor-section elementor-top-section elementor-element elementor-element-0dd8ca0 elementor-section-boxed elementor-section-height-default elementor-section-height-default\" data-id=\"0dd8ca0\" data-element_type=\"section\" data-e-type=\"section\">\n\t\t\t\t\t\t<div class=\"elementor-container elementor-column-gap-default\">\n\t\t\t\t\t<div class=\"elementor-column elementor-col-100 elementor-top-column elementor-element elementor-element-2043dae\" data-id=\"2043dae\" data-element_type=\"column\" data-e-type=\"column\">\n\t\t\t<div class=\"elementor-widget-wrap elementor-element-populated\">\n\t\t\t\t\t\t<div class=\"elementor-element elementor-element-c53acce elementor-widget elementor-widget-image\" data-id=\"c53acce\" data-element_type=\"widget\" data-e-type=\"widget\" data-widget_type=\"image.default\">\n\t\t\t\t\t\t\t\t\t\t\t\t<figure class=\"wp-caption\">\n\t\t\t\t\t\t\t\t\t\t<img decoding=\"async\" width=\"768\" height=\"467\" src=\"https:\/\/soymigrante.com\/revista\/wp-content\/uploads\/2024\/02\/Mision-medica-en-Quetzaltenango-8-1024x622.webp\" class=\"attachment-large size-large wp-image-5103\" alt=\"El equipo completo de la misi\u00f3n m\u00e9dica de la Universidad de Oklahoma y colaboradores locales. Se visitaron diez comunidades, en Quetzaltenango y Totonicap\u00e1n.\" srcset=\"https:\/\/soymigrante.com\/revista\/wp-content\/uploads\/2024\/02\/Mision-medica-en-Quetzaltenango-8-1024x622.webp 1024w, https:\/\/soymigrante.com\/revista\/wp-content\/uploads\/2024\/02\/Mision-medica-en-Quetzaltenango-8-300x182.webp 300w, https:\/\/soymigrante.com\/revista\/wp-content\/uploads\/2024\/02\/Mision-medica-en-Quetzaltenango-8-768x466.webp 768w, https:\/\/soymigrante.com\/revista\/wp-content\/uploads\/2024\/02\/Mision-medica-en-Quetzaltenango-8-1536x933.webp 1536w, https:\/\/soymigrante.com\/revista\/wp-content\/uploads\/2024\/02\/Mision-medica-en-Quetzaltenango-8-750x455.webp 750w, https:\/\/soymigrante.com\/revista\/wp-content\/uploads\/2024\/02\/Mision-medica-en-Quetzaltenango-8-1140x692.webp 1140w, https:\/\/soymigrante.com\/revista\/wp-content\/uploads\/2024\/02\/Mision-medica-en-Quetzaltenango-8.webp 1920w\" sizes=\"(max-width: 768px) 100vw, 768px\" title=\"El equipo completo de la misi\u00f3n m\u00e9dica de la Universidad de Oklahoma y colaboradores locales. Se visitaron diez comunidades,  en Quetzaltenango y Totonicap\u00e1n. \u2013 SoyMigrante.com REVISTA\" \/>\t\t\t\t\t\t\t\t\t\t\t<figcaption class=\"widget-image-caption wp-caption-text\">El equipo completo de la misi\u00f3n m\u00e9dica de la Universidad de Oklahoma y colaboradores locales. Se visitaron diez comunidades,  en Quetzaltenango y Totonicap\u00e1n.<\/figcaption>\n\t\t\t\t\t\t\t\t\t\t<\/figure>\n\t\t\t\t\t\t\t\t\t<\/div>\n\t\t\t\t\t<\/div>\n\t\t<\/div>\n\t\t\t\t\t<\/div>\n\t\t<\/section>\n\t\t\t\t<section data-particle_enable=\"false\" data-particle-mobile-disabled=\"false\" class=\"elementor-section elementor-top-section elementor-element elementor-element-cc3126c elementor-section-boxed elementor-section-height-default elementor-section-height-default\" data-id=\"cc3126c\" data-element_type=\"section\" data-e-type=\"section\">\n\t\t\t\t\t\t<div class=\"elementor-container elementor-column-gap-default\">\n\t\t\t\t\t<div class=\"elementor-column elementor-col-100 elementor-top-column elementor-element elementor-element-66b0a30\" data-id=\"66b0a30\" data-element_type=\"column\" data-e-type=\"column\">\n\t\t\t<div class=\"elementor-widget-wrap elementor-element-populated\">\n\t\t\t\t\t\t<div class=\"elementor-element elementor-element-fd15260 elementor-widget elementor-widget-heading\" data-id=\"fd15260\" data-element_type=\"widget\" data-e-type=\"widget\" data-widget_type=\"heading.default\">\n\t\t\t\t\t<h2 class=\"elementor-heading-title elementor-size-default\">Un gran objetivo a largo plazo<\/h2>\t\t\t\t<\/div>\n\t\t\t\t\t<\/div>\n\t\t<\/div>\n\t\t\t\t\t<\/div>\n\t\t<\/section>\n\t\t\t\t<section data-particle_enable=\"false\" data-particle-mobile-disabled=\"false\" class=\"elementor-section elementor-top-section elementor-element elementor-element-9d3be92 elementor-section-boxed elementor-section-height-default elementor-section-height-default\" data-id=\"9d3be92\" data-element_type=\"section\" data-e-type=\"section\">\n\t\t\t\t\t\t<div class=\"elementor-container elementor-column-gap-default\">\n\t\t\t\t\t<div class=\"elementor-column elementor-col-100 elementor-top-column elementor-element elementor-element-1567129\" data-id=\"1567129\" data-element_type=\"column\" data-e-type=\"column\">\n\t\t\t<div class=\"elementor-widget-wrap elementor-element-populated\">\n\t\t\t\t\t\t<div class=\"elementor-element elementor-element-ad00cab elementor-widget elementor-widget-text-editor\" data-id=\"ad00cab\" data-element_type=\"widget\" data-e-type=\"widget\" data-widget_type=\"text-editor.default\">\n\t\t\t\t\t\t\t\t\t<p>\u00a0E<i>sta campa\u00f1a me motiva a seguir esta trayectoria aqu\u00ed en Estados Unidos pues el porcentaje de doctores\u00a0 de descendencia hispana es menos del 8% y guatemaltecos, menos a\u00fan. Entonces tambi\u00e9n hay necesidad de atenci\u00f3n m\u00e9dica biling\u00fce.\u00a0<\/i><\/p><p><span style=\"color: var( --e-global-color-text );\"><i>Pero algo que yo siempre he so\u00f1ado es poder regresar a nuestro pa\u00eds natal y poder compartir un poco de mi conocimiento, de mis recursos,\u00a0 para crear un sistema en el cual comunidades que no tienen mucho acceso a ayuda m\u00e9dica puedan obtenerla.\u00a0<\/i><\/span><\/p><p><span style=\"color: var( --e-global-color-text );\"><i>Ser\u00eda un sue\u00f1o establecer m\u00e1s cl\u00ednicas para que no sea una campa\u00f1a m\u00e9dica que llega una o dos veces al a\u00f1o, sino una atenci\u00f3n permanente. Entonces esta misi\u00f3n lo he ha hecho ees encender m\u00e1s ese objetivo de lograr esto, no s\u00e9, en 10 o 15 a\u00f1os\u00a0 y es ahora mi meta de largo plazo.<\/i><\/span><\/p>\t\t\t\t\t\t\t\t<\/div>\n\t\t\t\t\t<\/div>\n\t\t<\/div>\n\t\t\t\t\t<\/div>\n\t\t<\/section>\n\t\t\t\t<section data-particle_enable=\"false\" data-particle-mobile-disabled=\"false\" class=\"elementor-section elementor-top-section elementor-element elementor-element-9b2a70a elementor-section-boxed elementor-section-height-default elementor-section-height-default\" data-id=\"9b2a70a\" data-element_type=\"section\" data-e-type=\"section\">\n\t\t\t\t\t\t<div class=\"elementor-container elementor-column-gap-default\">\n\t\t\t\t\t<div class=\"elementor-column elementor-col-100 elementor-top-column elementor-element elementor-element-29079c3\" data-id=\"29079c3\" data-element_type=\"column\" data-e-type=\"column\">\n\t\t\t<div class=\"elementor-widget-wrap elementor-element-populated\">\n\t\t\t\t\t\t<div class=\"elementor-element elementor-element-6c5f6da elementor-widget__width-initial elementor-widget elementor-widget-html\" data-id=\"6c5f6da\" data-element_type=\"widget\" data-e-type=\"widget\" data-widget_type=\"html.default\">\n\t\t\t\t\t<iframe src=\"https:\/\/www.facebook.com\/plugins\/post.php?href=https%3A%2F%2Fwww.facebook.com%2Fabroad.volunteer%2Fposts%2Fpfbid02Bf1GbX8J5ZHAYJPXaTjtC3WkDfXuRPQZHEZQ11qjBbkDqCRt4sz8ZnjN8N1atMndl&show_text=true&width=500\" width=\"500\" height=\"773\" style=\"border:none;overflow:hidden\" scrolling=\"no\" frameborder=\"0\" allowfullscreen=\"true\" allow=\"autoplay; clipboard-write; encrypted-media; picture-in-picture; web-share\"><\/iframe>\t\t\t\t<\/div>\n\t\t\t\t\t<\/div>\n\t\t<\/div>\n\t\t\t\t\t<\/div>\n\t\t<\/section>\n\t\t\t\t<section data-particle_enable=\"false\" data-particle-mobile-disabled=\"false\" class=\"elementor-section elementor-top-section elementor-element elementor-element-4ff73ca elementor-section-boxed elementor-section-height-default elementor-section-height-default\" data-id=\"4ff73ca\" data-element_type=\"section\" data-e-type=\"section\">\n\t\t\t\t\t\t<div class=\"elementor-container elementor-column-gap-default\">\n\t\t\t\t\t<div class=\"elementor-column elementor-col-100 elementor-top-column elementor-element elementor-element-48fe73e\" data-id=\"48fe73e\" data-element_type=\"column\" data-e-type=\"column\">\n\t\t\t<div class=\"elementor-widget-wrap elementor-element-populated\">\n\t\t\t\t\t\t<div class=\"elementor-element elementor-element-8dd4cd5 elementor-widget elementor-widget-heading\" data-id=\"8dd4cd5\" data-element_type=\"widget\" data-e-type=\"widget\" data-widget_type=\"heading.default\">\n\t\t\t\t\t<h2 class=\"elementor-heading-title elementor-size-default\">Apoyo de m\u00e1s personas ayud\u00f3 a la misi\u00f3n<\/h2>\t\t\t\t<\/div>\n\t\t\t\t\t<\/div>\n\t\t<\/div>\n\t\t\t\t\t<\/div>\n\t\t<\/section>\n\t\t\t\t<section data-particle_enable=\"false\" data-particle-mobile-disabled=\"false\" class=\"elementor-section elementor-top-section elementor-element elementor-element-b23b045 elementor-section-boxed elementor-section-height-default elementor-section-height-default\" data-id=\"b23b045\" data-element_type=\"section\" data-e-type=\"section\">\n\t\t\t\t\t\t<div class=\"elementor-container elementor-column-gap-default\">\n\t\t\t\t\t<div class=\"elementor-column elementor-col-100 elementor-top-column elementor-element elementor-element-0428530\" data-id=\"0428530\" data-element_type=\"column\" data-e-type=\"column\">\n\t\t\t<div class=\"elementor-widget-wrap elementor-element-populated\">\n\t\t\t\t\t\t<div class=\"elementor-element elementor-element-e743654 elementor-widget elementor-widget-text-editor\" data-id=\"e743654\" data-element_type=\"widget\" data-e-type=\"widget\" data-widget_type=\"text-editor.default\">\n\t\t\t\t\t\t\t\t\t<p>Esta misi\u00f3n de servicio tambi\u00e9n fue posible gracias a todas las personas que me ayudaron f<i>inancieramiente y tambi\u00e9n con donaciones. Hay migrantes guatemaltecos, vecinos de Oklahoma. Estoy haciendo una carta de informe para todas esas personas que me ayudaron y se las enviar\u00e9 para que se den cuenta de todo lo que nosotros pudimos hacer en estas dos semanas con su ayuda. Esto les deber\u00eda dar alegr\u00eda al ver el impacto positivo de su donaci\u00f3n, porque ellos formaron parte del esfuerzo.<\/i><\/p><p><i>Tambi\u00e9n fue posible por el apoyo de la familia. Yo tengo dos hijos aqu\u00ed en Estados Unidos y mis padres, mi hermana y mi pareja me ayudaron cuid\u00e1ndolos mientras yo estaba en Guatemala. Los ni\u00f1os est\u00e1n muy felices que yo haya regresado y el m\u00e1s peque\u00f1o se alegra cuando le cuento que atendimos a ni\u00f1os guatemaltecos.<\/i><\/p><p>\u00a0<\/p><div>\u00a0<\/div>\t\t\t\t\t\t\t\t<\/div>\n\t\t\t\t\t<\/div>\n\t\t<\/div>\n\t\t\t\t\t<\/div>\n\t\t<\/section>\n\t\t\t\t<section data-particle_enable=\"false\" data-particle-mobile-disabled=\"false\" class=\"elementor-section elementor-top-section elementor-element elementor-element-8b7c7a5 elementor-section-boxed elementor-section-height-default elementor-section-height-default\" data-id=\"8b7c7a5\" data-element_type=\"section\" data-e-type=\"section\">\n\t\t\t\t\t\t<div class=\"elementor-container elementor-column-gap-default\">\n\t\t\t\t\t<div class=\"elementor-column elementor-col-100 elementor-top-column elementor-element elementor-element-7cd7a84\" data-id=\"7cd7a84\" data-element_type=\"column\" data-e-type=\"column\">\n\t\t\t<div class=\"elementor-widget-wrap elementor-element-populated\">\n\t\t\t\t\t\t<div class=\"elementor-element elementor-element-ab77c0b elementor-widget elementor-widget-image\" data-id=\"ab77c0b\" data-element_type=\"widget\" data-e-type=\"widget\" data-widget_type=\"image.default\">\n\t\t\t\t\t\t\t\t\t\t\t\t<figure class=\"wp-caption\">\n\t\t\t\t\t\t\t\t\t\t<img loading=\"lazy\" decoding=\"async\" width=\"768\" height=\"1024\" src=\"https:\/\/soymigrante.com\/revista\/wp-content\/uploads\/2024\/02\/Mision-medica-en-Quetzaltenango-11-768x1024.webp\" class=\"attachment-large size-large wp-image-5104\" alt=\"Se atendi\u00f3 con calidad, respeto y cari\u00f1o a todas las personas que llegaron a las jornadas. Muchas ten\u00edan a\u00f1os sin recibir un control m\u00e9dico; otras personas caminaron por horas para llegar a los lugares donde se hizo la jornada.\" srcset=\"https:\/\/soymigrante.com\/revista\/wp-content\/uploads\/2024\/02\/Mision-medica-en-Quetzaltenango-11-768x1024.webp 768w, https:\/\/soymigrante.com\/revista\/wp-content\/uploads\/2024\/02\/Mision-medica-en-Quetzaltenango-11-225x300.webp 225w, https:\/\/soymigrante.com\/revista\/wp-content\/uploads\/2024\/02\/Mision-medica-en-Quetzaltenango-11-1152x1536.webp 1152w, https:\/\/soymigrante.com\/revista\/wp-content\/uploads\/2024\/02\/Mision-medica-en-Quetzaltenango-11-scaled.webp 1440w\" sizes=\"(max-width: 768px) 100vw, 768px\" title=\"Se atendi\u00f3 con calidad, respeto y cari\u00f1o a todas las personas que llegaron a las jornadas. Muchas ten\u00edan a\u00f1os sin recibir un control m\u00e9dico; otras personas caminaron por horas para llegar a los lugares donde se hizo la jornada. \u2013 SoyMigrante.com REVISTA\" \/>\t\t\t\t\t\t\t\t\t\t\t<figcaption class=\"widget-image-caption wp-caption-text\">Se atendi\u00f3 con calidad, respeto y cari\u00f1o a todas las personas que llegaron a las jornadas. Muchas ten\u00edan a\u00f1os sin recibir un control m\u00e9dico; otras personas caminaron por horas para llegar a los lugares donde se hizo la jornada.<\/figcaption>\n\t\t\t\t\t\t\t\t\t\t<\/figure>\n\t\t\t\t\t\t\t\t\t<\/div>\n\t\t\t\t\t<\/div>\n\t\t<\/div>\n\t\t\t\t\t<\/div>\n\t\t<\/section>\n\t\t\t\t<section data-particle_enable=\"false\" data-particle-mobile-disabled=\"false\" class=\"elementor-section elementor-top-section elementor-element elementor-element-b628491 elementor-section-boxed elementor-section-height-default elementor-section-height-default\" data-id=\"b628491\" data-element_type=\"section\" data-e-type=\"section\">\n\t\t\t\t\t\t<div class=\"elementor-container elementor-column-gap-default\">\n\t\t\t\t\t<div class=\"elementor-column elementor-col-100 elementor-top-column elementor-element elementor-element-05a2ea5\" data-id=\"05a2ea5\" data-element_type=\"column\" data-e-type=\"column\">\n\t\t\t<div class=\"elementor-widget-wrap elementor-element-populated\">\n\t\t\t\t\t\t<div class=\"elementor-element elementor-element-7377ee7 elementor-grid-eael-col-2 elementor-grid-tablet-eael-col-2 elementor-grid-mobile-eael-col-1 elementor-widget elementor-widget-eael-post-grid\" data-id=\"7377ee7\" data-element_type=\"widget\" data-e-type=\"widget\" data-settings=\"{&quot;eael_post_grid_columns&quot;:&quot;eael-col-2&quot;,&quot;eael_post_grid_columns_tablet&quot;:&quot;eael-col-2&quot;,&quot;eael_post_grid_columns_mobile&quot;:&quot;eael-col-1&quot;}\" data-widget_type=\"eael-post-grid.default\">\n\t\t\t\t\t<div id=\"eael-post-grid-7377ee7\" class=\"eael-post-grid-container\">\n            <div class=\"eael-post-grid eael-post-appender eael-post-appender-7377ee7 eael-post-grid-style-one\" data-layout-mode=\"masonry\"><article class=\"eael-grid-post  eael-post-grid-column eael-pg-post-4528 category-exitos\" data-id=\"4528\">\n        <div class=\"eael-grid-post-holder\">\n            <div class=\"eael-grid-post-holder-inner\"><div class=\"eael-entry-media\"><div class=\"eael-entry-overlay fade-in\"><i class=\"fas fa-long-arrow-alt-right\" aria-hidden=\"true\"><\/i><a href=\"https:\/\/soymigrante.com\/revista\/migrantes-guatemaltecos-jairo-y-sara-historia-de-amor-familiar-valores-solidaridad\/\"><\/a><\/div><div class=\"eael-entry-thumbnail \">\n                <img loading=\"lazy\" decoding=\"async\" width=\"300\" height=\"284\" src=\"https:\/\/soymigrante.com\/revista\/wp-content\/uploads\/2024\/01\/fam-2-300x284.webp\" class=\"attachment-medium size-medium wp-image-4538\" alt=\"\" srcset=\"https:\/\/soymigrante.com\/revista\/wp-content\/uploads\/2024\/01\/fam-2-300x284.webp 300w, https:\/\/soymigrante.com\/revista\/wp-content\/uploads\/2024\/01\/fam-2-768x727.webp 768w, https:\/\/soymigrante.com\/revista\/wp-content\/uploads\/2024\/01\/fam-2-750x710.webp 750w, https:\/\/soymigrante.com\/revista\/wp-content\/uploads\/2024\/01\/fam-2.webp 956w\" sizes=\"(max-width: 300px) 100vw, 300px\" \/>\n            <\/div>\n        <\/div><div class=\"eael-entry-wrapper\"><header class=\"eael-entry-header\"><h2 class=\"eael-entry-title\"><a class=\"eael-grid-post-link\" href=\"https:\/\/soymigrante.com\/revista\/migrantes-guatemaltecos-jairo-y-sara-historia-de-amor-familiar-valores-solidaridad\/\" title=\"Jairo y Sara: historia de amor, trabajo y talento migrante que vuelve a su Xela natal\">Jairo y Sara: historia de amor, trabajo y talento migrante que vuelve a su Xela natal<\/a><\/h2><\/header><div class=\"eael-entry-content\">\n                        <div class=\"eael-grid-post-excerpt\"><p>La guatemalteca Limayre Gramajo participar\u00e1 en misi\u00f3n de m\u00e9dicos estadounidenses...<\/p><\/div>\n                    <\/div><\/div><\/div>\n        <\/div>\n    <\/article><article class=\"eael-grid-post  eael-post-grid-column eael-pg-post-4451 category-exitos\" data-id=\"4451\">\n        <div class=\"eael-grid-post-holder\">\n            <div class=\"eael-grid-post-holder-inner\"><div class=\"eael-entry-media\"><div class=\"eael-entry-overlay fade-in\"><i class=\"fas fa-long-arrow-alt-right\" aria-hidden=\"true\"><\/i><a href=\"https:\/\/soymigrante.com\/revista\/hija-migrantes-guatemaltecos-limayre-gramajo-medicina-mision-quetzaltenango\/\"><\/a><\/div><div class=\"eael-entry-thumbnail \">\n                <img loading=\"lazy\" decoding=\"async\" width=\"300\" height=\"225\" src=\"https:\/\/soymigrante.com\/revista\/wp-content\/uploads\/2024\/01\/limayre-otra-e1705507360409-300x225.webp\" class=\"attachment-medium size-medium wp-image-4460\" alt=\"\" srcset=\"https:\/\/soymigrante.com\/revista\/wp-content\/uploads\/2024\/01\/limayre-otra-e1705507360409-300x225.webp 300w, https:\/\/soymigrante.com\/revista\/wp-content\/uploads\/2024\/01\/limayre-otra-e1705507360409-768x576.webp 768w, https:\/\/soymigrante.com\/revista\/wp-content\/uploads\/2024\/01\/limayre-otra-e1705507360409-750x563.webp 750w, https:\/\/soymigrante.com\/revista\/wp-content\/uploads\/2024\/01\/limayre-otra-e1705507360409.webp 814w\" sizes=\"(max-width: 300px) 100vw, 300px\" \/>\n            <\/div>\n        <\/div><div class=\"eael-entry-wrapper\"><header class=\"eael-entry-header\"><h2 class=\"eael-entry-title\"><a class=\"eael-grid-post-link\" href=\"https:\/\/soymigrante.com\/revista\/hija-migrantes-guatemaltecos-limayre-gramajo-medicina-mision-quetzaltenango\/\" title=\"Limayre Gramajo, de familia migrante, participa con misi\u00f3n m\u00e9dica de EE.UU. en\">Limayre Gramajo, de familia migrante, participa con misi\u00f3n m\u00e9dica de EE.UU. en<\/a><\/h2><\/header><div class=\"eael-entry-content\">\n                        <div class=\"eael-grid-post-excerpt\"><p>Mejorar la salud a la comunidad migrante hispana es una...<\/p><\/div>\n                    <\/div><\/div><\/div>\n        <\/div>\n    <\/article><\/div>\n            <div class=\"clearfix\"><\/div>\n        <\/div>\t\t\t\t<\/div>\n\t\t\t\t\t<\/div>\n\t\t<\/div>\n\t\t\t\t\t<\/div>\n\t\t<\/section>\n\t\t\t\t<\/div>\n\t\t","protected":false},"excerpt":{"rendered":"<p>Me sorprend\u00ed al ver lo dif\u00edcil que es para muchas comunidades del occidente de Guatemala poder acceder a cuidado m\u00e9dico. Llegamos a puestos de salud donde, s\u00ed, ah\u00ed est\u00e1n las instalaciones, pero no hay suficientes recursos para atender a la gente. Por Limayre Gramajo Una misi\u00f3n de m\u00e9dicos voluntarios del Centro M\u00e9dico de la Universidad [&hellip;]<\/p>\n","protected":false},"author":1,"featured_media":5098,"comment_status":"open","ping_status":"open","sticky":false,"template":"","format":"standard","meta":{"_acf_changed":false,"_eb_attr":"","footnotes":""},"categories":[56],"tags":[],"class_list":["post-5082","post","type-post","status-publish","format-standard","has-post-thumbnail","hentry","category-lugar-de-voces"],"acf":[],"aioseo_notices":[],"aioseo_head":"\n\t\t<!-- All in One SEO Pro 4.9.6.2 - aioseo.com -->\n\t<meta name=\"description\" content=\"Mejorar la salud a la comunidad migrante hispana es una meta de Limayre Gramajo, quien participar\u00e1 en misi\u00f3n m\u00e9dica voluntaria de EE.UU. que estar\u00e1 en Guatemala del 7 al 19 de febrero pr\u00f3ximos. Sus padres son migrantes originarios de Sibilia y Palestina de los Altos. En el segundo a\u00f1o de secundaria naci\u00f3 el gran sue\u00f1o\" \/>\n\t<meta name=\"robots\" content=\"max-snippet:-1, max-image-preview:large, max-video-preview:-1\" \/>\n\t<meta name=\"author\" content=\"SoyMigrante.com REVISTA\"\/>\n\t<link rel=\"canonical\" href=\"https:\/\/soymigrante.com\/revista\/guatemala-testimonio-mision-medica-limayre-gramajo-hija-migrantes\/\" \/>\n\t<meta name=\"generator\" content=\"All in One SEO Pro (AIOSEO) 4.9.6.2\" \/>\n\n\t\t<link rel=\"preconnect\" href=\"https:\/\/fonts.googleapis.com\" crossorigin>\n<link rel=\"preconnect\" href=\"https:\/\/fonts.gstatic.com\" crossorigin>\n\t\t<meta property=\"og:locale\" content=\"es_ES\" \/>\n\t\t<meta property=\"og:site_name\" content=\"SoyMigrante.com REVISTA \u2013 Nuestra misi\u00f3n es reconocer y dignificar al migrante.\" \/>\n\t\t<meta property=\"og:type\" content=\"article\" \/>\n\t\t<meta property=\"og:title\" content=\"\u201cRecibimos m\u00e1s de lo que dimos\u201d: testimonio de una misi\u00f3n m\u00e9dica en Guatemala\" \/>\n\t\t<meta property=\"og:description\" content=\"Me sorprend\u00ed al ver lo dif\u00edcil que es para muchas comunidades del occidente de Guatemala poder acceder a cuidado m\u00e9dico. Llegamos a puestos de salud donde, s\u00ed, ah\u00ed est\u00e1n las instalaciones, pero no hay suficientes recursos para atender a la gente. Por Limayre Gramajo Una misi\u00f3n de m\u00e9dicos voluntarios del Centro M\u00e9dico de la Universidad\" \/>\n\t\t<meta property=\"og:url\" content=\"https:\/\/soymigrante.com\/revista\/guatemala-testimonio-mision-medica-limayre-gramajo-hija-migrantes\/\" \/>\n\t\t<meta property=\"og:image\" content=\"https:\/\/soymigrante.com\/revista\/wp-content\/uploads\/2024\/02\/Mision-medica-en-Quetzaltenango-111.webp\" \/>\n\t\t<meta property=\"og:image:secure_url\" content=\"https:\/\/soymigrante.com\/revista\/wp-content\/uploads\/2024\/02\/Mision-medica-en-Quetzaltenango-111.webp\" \/>\n\t\t<meta property=\"og:image:width\" content=\"1920\" \/>\n\t\t<meta property=\"og:image:height\" content=\"1638\" \/>\n\t\t<meta property=\"article:published_time\" content=\"2024-02-28T19:28:11+00:00\" \/>\n\t\t<meta property=\"article:modified_time\" content=\"2024-04-30T11:42:36+00:00\" \/>\n\t\t<meta property=\"article:publisher\" content=\"https:\/\/www.facebook.com\/soymigrantecom\" \/>\n\t\t<meta name=\"twitter:card\" content=\"summary_large_image\" \/>\n\t\t<meta name=\"twitter:site\" content=\"@SoyMigrante_com\" \/>\n\t\t<meta name=\"twitter:title\" content=\"\u201cRecibimos m\u00e1s de lo que dimos\u201d: testimonio de una misi\u00f3n m\u00e9dica en Guatemala\" \/>\n\t\t<meta name=\"twitter:description\" content=\"Me sorprend\u00ed al ver lo dif\u00edcil que es para muchas comunidades del occidente de Guatemala poder acceder a cuidado m\u00e9dico. Llegamos a puestos de salud donde, s\u00ed, ah\u00ed est\u00e1n las instalaciones, pero no hay suficientes recursos para atender a la gente. Por Limayre Gramajo Una misi\u00f3n de m\u00e9dicos voluntarios del Centro M\u00e9dico de la Universidad\" \/>\n\t\t<meta name=\"twitter:creator\" content=\"@SoyMigrante_com\" \/>\n\t\t<meta name=\"twitter:image\" content=\"https:\/\/soymigrante.com\/revista\/wp-content\/uploads\/2024\/02\/Mision-medica-en-Quetzaltenango-111.webp\" \/>\n\t\t<!-- All in One SEO Pro -->\r\n\t\t<title>\u201cRecibimos m\u00e1s de lo que dimos\u201d: testimonio de una misi\u00f3n m\u00e9dica en Guatemala<\/title>\n\n","aioseo_head_json":{"title":"\u201cRecibimos m\u00e1s de lo que dimos\u201d: testimonio de una misi\u00f3n m\u00e9dica en Guatemala","description":"Me sorprend\u00ed al ver lo dif\u00edcil que es para muchas comunidades del occidente de Guatemala poder acceder a cuidado m\u00e9dico. Llegamos a puestos de salud donde, s\u00ed, ah\u00ed est\u00e1n las instalaciones, pero no hay suficientes recursos para atender a la gente. Por Limayre Gramajo Una misi\u00f3n de m\u00e9dicos voluntarios del Centro M\u00e9dico de la Universidad","canonical_url":"https:\/\/soymigrante.com\/revista\/guatemala-testimonio-mision-medica-limayre-gramajo-hija-migrantes\/","robots":"max-snippet:-1, max-image-preview:large, max-video-preview:-1","keywords":"","webmasterTools":{"miscellaneous":"&lt;link rel=\"preconnect\" href=\"https:\/\/fonts.googleapis.com\" crossorigin&gt;\n&lt;link rel=\"preconnect\" href=\"https:\/\/fonts.gstatic.com\" crossorigin&gt;"},"schema":null,"og:locale":"es_ES","og:site_name":"SoyMigrante.com REVISTA \u2013 Nuestra misi\u00f3n es reconocer y dignificar al migrante.","og:type":"article","og:title":"\u201cRecibimos m\u00e1s de lo que dimos\u201d: testimonio de una misi\u00f3n m\u00e9dica en Guatemala","og:description":"Me sorprend\u00ed al ver lo dif\u00edcil que es para muchas comunidades del occidente de Guatemala poder acceder a cuidado m\u00e9dico. Llegamos a puestos de salud donde, s\u00ed, ah\u00ed est\u00e1n las instalaciones, pero no hay suficientes recursos para atender a la gente. Por Limayre Gramajo Una misi\u00f3n de m\u00e9dicos voluntarios del Centro M\u00e9dico de la Universidad","og:url":"https:\/\/soymigrante.com\/revista\/guatemala-testimonio-mision-medica-limayre-gramajo-hija-migrantes\/","og:image":"https:\/\/soymigrante.com\/revista\/wp-content\/uploads\/2024\/02\/Mision-medica-en-Quetzaltenango-111.webp","og:image:secure_url":"https:\/\/soymigrante.com\/revista\/wp-content\/uploads\/2024\/02\/Mision-medica-en-Quetzaltenango-111.webp","og:image:width":1920,"og:image:height":1638,"article:published_time":"2024-02-28T19:28:11+00:00","article:modified_time":"2024-04-30T11:42:36+00:00","article:publisher":"https:\/\/www.facebook.com\/soymigrantecom","twitter:card":"summary_large_image","twitter:site":"@SoyMigrante_com","twitter:title":"\u201cRecibimos m\u00e1s de lo que dimos\u201d: testimonio de una misi\u00f3n m\u00e9dica en Guatemala","twitter:description":"Me sorprend\u00ed al ver lo dif\u00edcil que es para muchas comunidades del occidente de Guatemala poder acceder a cuidado m\u00e9dico. Llegamos a puestos de salud donde, s\u00ed, ah\u00ed est\u00e1n las instalaciones, pero no hay suficientes recursos para atender a la gente. Por Limayre Gramajo Una misi\u00f3n de m\u00e9dicos voluntarios del Centro M\u00e9dico de la Universidad","twitter:creator":"@SoyMigrante_com","twitter:image":"https:\/\/soymigrante.com\/revista\/wp-content\/uploads\/2024\/02\/Mision-medica-en-Quetzaltenango-111.webp"},"aioseo_meta_data":{"post_id":"5082","title":null,"description":null,"keywords":[],"keyphrases":{"focus":{"keyphrase":"Guatemala","score":60,"analysis":{"keyphraseInTitle":{"score":9,"maxScore":9,"error":0},"keyphraseInDescription":{"score":9,"maxScore":9,"error":0},"keyphraseLength":{"score":9,"maxScore":9,"error":0,"length":1},"keyphraseInURL":{"score":5,"maxScore":5,"error":0},"keyphraseInIntroduction":{"score":3,"maxScore":9,"error":1},"keyphraseInSubHeadings":{"score":3,"maxScore":9,"error":1},"keyphraseInImageAlt":{"score":3,"maxScore":9,"error":1},"keywordDensity":{"score":0,"type":"low","maxScore":9,"error":1}}},"additional":[]},"primary_term":null,"canonical_url":null,"og_title":null,"og_description":null,"og_object_type":"default","og_image_type":"default","og_image_url":null,"og_image_width":null,"og_image_height":null,"og_image_custom_url":null,"og_image_custom_fields":null,"og_video":"","og_custom_url":null,"og_article_section":null,"og_article_tags":[],"twitter_use_og":false,"twitter_card":"default","twitter_image_type":"default","twitter_image_url":null,"twitter_image_custom_url":null,"twitter_image_custom_fields":null,"twitter_title":null,"twitter_description":null,"schema":{"blockGraphs":[],"customGraphs":[],"default":{"data":{"Article":[],"Course":[],"Dataset":[],"FAQPage":[],"Movie":[],"Person":[],"Product":[],"ProductReview":[],"Car":[],"Recipe":[],"Service":[],"SoftwareApplication":[],"WebPage":[]},"graphName":"BlogPosting","isEnabled":true},"graphs":[]},"schema_type":"default","schema_type_options":null,"pillar_content":false,"robots_default":true,"robots_noindex":false,"robots_noarchive":false,"robots_nosnippet":false,"robots_nofollow":false,"robots_noimageindex":false,"robots_noodp":false,"robots_notranslate":false,"robots_max_snippet":"-1","robots_max_videopreview":"-1","robots_max_imagepreview":"large","priority":null,"frequency":"default","local_seo":null,"seo_analyzer_scan_date":"2025-10-08 21:13:55","breadcrumb_settings":null,"limit_modified_date":false,"reviewed_by":null,"open_ai":null,"ai":null,"created":"2024-02-28 16:48:27","updated":"2026-02-04 10:54:55"},"aioseo_breadcrumb":"<div class=\"aioseo-breadcrumbs\"><span class=\"aioseo-breadcrumb\">\n\t<a href=\"https:\/\/soymigrante.com\/revista\" title=\"Home\">Home<\/a>\n<\/span><span class=\"aioseo-breadcrumb-separator\">\u00bb<\/span><span class=\"aioseo-breadcrumb\">\n\t<a href=\"https:\/\/soymigrante.com\/revista\/category\/estamos-unidos\/\" title=\"Estamos Unidos\">Estamos Unidos<\/a>\n<\/span><span class=\"aioseo-breadcrumb-separator\">\u00bb<\/span><span class=\"aioseo-breadcrumb\">\n\t<a href=\"https:\/\/soymigrante.com\/revista\/category\/estamos-unidos\/lugar-de-voces\/\" title=\"Lugar de Voces\">Lugar de Voces<\/a>\n<\/span><span class=\"aioseo-breadcrumb-separator\">\u00bb<\/span><span class=\"aioseo-breadcrumb\">\n\t\u201cRecibimos m\u00e1s de lo que dimos\u201d: testimonio de una misi\u00f3n m\u00e9dica en Guatemala\n<\/span><\/div>","aioseo_breadcrumb_json":[{"label":"Home","link":"https:\/\/soymigrante.com\/revista"},{"label":"Estamos Unidos","link":"https:\/\/soymigrante.com\/revista\/category\/estamos-unidos\/"},{"label":"Lugar de Voces","link":"https:\/\/soymigrante.com\/revista\/category\/estamos-unidos\/lugar-de-voces\/"},{"label":"&#8220;Recibimos m\u00e1s de lo que dimos&#8221;: testimonio de una misi\u00f3n m\u00e9dica en Guatemala","link":"https:\/\/soymigrante.com\/revista\/guatemala-testimonio-mision-medica-limayre-gramajo-hija-migrantes\/"}],"_links":{"self":[{"href":"https:\/\/soymigrante.com\/revista\/wp-json\/wp\/v2\/posts\/5082","targetHints":{"allow":["GET"]}}],"collection":[{"href":"https:\/\/soymigrante.com\/revista\/wp-json\/wp\/v2\/posts"}],"about":[{"href":"https:\/\/soymigrante.com\/revista\/wp-json\/wp\/v2\/types\/post"}],"author":[{"embeddable":true,"href":"https:\/\/soymigrante.com\/revista\/wp-json\/wp\/v2\/users\/1"}],"replies":[{"embeddable":true,"href":"https:\/\/soymigrante.com\/revista\/wp-json\/wp\/v2\/comments?post=5082"}],"version-history":[{"count":0,"href":"https:\/\/soymigrante.com\/revista\/wp-json\/wp\/v2\/posts\/5082\/revisions"}],"wp:featuredmedia":[{"embeddable":true,"href":"https:\/\/soymigrante.com\/revista\/wp-json\/wp\/v2\/media\/5098"}],"wp:attachment":[{"href":"https:\/\/soymigrante.com\/revista\/wp-json\/wp\/v2\/media?parent=5082"}],"wp:term":[{"taxonomy":"category","embeddable":true,"href":"https:\/\/soymigrante.com\/revista\/wp-json\/wp\/v2\/categories?post=5082"},{"taxonomy":"post_tag","embeddable":true,"href":"https:\/\/soymigrante.com\/revista\/wp-json\/wp\/v2\/tags?post=5082"}],"curies":[{"name":"wp","href":"https:\/\/api.w.org\/{rel}","templated":true}]}}